{"id":16272,"date":"2023-12-11T08:17:03","date_gmt":"2023-12-11T07:17:03","guid":{"rendered":"http:\/\/somos.vicencianos.org\/blog\/2010\/04\/03\/meditaciones-del-cenaculo-misionero-el-entierro-de-jesus-el-santo-entierro\/"},"modified":"2023-08-02T19:18:24","modified_gmt":"2023-08-02T17:18:24","slug":"meditaciones-del-cenaculo-misionero-el-entierro-de-jesus-el-santo-entierro","status":"publish","type":"post","link":"https:\/\/vincentians.com\/es\/meditaciones-del-cenaculo-misionero-el-entierro-de-jesus-el-santo-entierro\/","title":{"rendered":"Meditaciones del Cen\u00e1culo Misionero: El entierro de Jes\u00fas (El santo entierro)"},"content":{"rendered":"<p><em>S\u00e1bado Santo<\/em><\/p>\n<p><em>Art\u00edculo en \u00abTHE HOLY GHOST\u00bb Magazine (Revista El Esp\u00edritu Santo), ABR 1926, MF 916-17.<\/em><\/p>\n<p>Contempla la cruz; el cuerpo que est\u00e1 en ella es el cuerpo de Jesucristo. \u00c9l muri\u00f3 real y verdaderamente. No fue una muerte aparente ni es una muerte imaginada. El cuerpo en la cruz es verdaderamente un cuerpo muerto. Esos brazos, pies y manos est\u00e1n muertos. Fue un cuerpo muerto el que pusieron en la tumba. En verdad sabemos mucho de lo que pas\u00f3 en la crucifixi\u00f3n. Jes\u00fas ten\u00eda un alma humana y ten\u00eda un cuerpo humano; y sabemos que su alma fue al limbo. Sabemos que (a\u00fan entonces) su alma humana estaba unida hipost\u00e1ticamente al Verbo Eterno. El alma en el limbo pertenec\u00eda a la Segunda Persona de la Sant\u00edsima Trinidad.<\/p>\n<p>Su pobre cuerpo, ent\u00edendalo bien, estaba en el sepulcro. Estaba tan quieto, tan lleno de rasgu\u00f1os, tan magullado, tan mutilado, tan lleno de cortaduras en los sitios en donde aquellos hombres crueles hirieron su carne. Sus sagradas manos y pies y costado estaban llagados. Su cabeza sagrada coronada de espinas era una masa de heridas. Isa\u00edas dice: \u00abDesde la planta de los pies hasta la cabeza no hay nada sano.\u00bb (Is 1,6)<\/p>\n<p>Sus pies estaban llenos de cortaduras causadas por las piedras del camino. \u00a1Con toda seguridad, ese pobre cuerpo estaba muerto! no estaba sufriendo nada. Ahora no hay l\u00e1grimas en sus mejillas, ni salivazos en su rostro, ahora no hay sangre en su cuerpo. Manos amorosas, manos suaves, manos devotas lo han limpiado y lo han colocado en la tumba. Pero a\u00fan as\u00ed tan herido como est\u00e1, tan quieto y tan sin vida como este cuerpo est\u00e1, aun as\u00ed es adorable porque la divinidad a\u00fan est\u00e1 unida a ese cuerpo, pues ese es el cuerpo de Jesucristo. Su alma est\u00e1 en el limbo. Su cuerpo est\u00e1 en el sepulcro.<\/p>\n<p>Piensa en la recepci\u00f3n que le dieron en el limbo las almas de los siervos de Dios que esperaban la consumaci\u00f3n de la promesa hecha a Ad\u00e1n. All\u00ed est\u00e1 Jos\u00e9, su padre adoptivo, los patriarcas, a\u00fan el buen ladr\u00f3n que hab\u00eda muerto hacia algunas horas. La corte de \u00e1ngeles, abriendo los portales cerrados hac\u00eda tanto tiempo, exclamaban con exaltado j\u00fabilo. Del interior viene una exclamaci\u00f3n de esperanza: \u00ab\u00bfQui\u00e9n es Rey de Gloria?\u00bb Y de afuera viene la contestaci\u00f3n: \u00abEl Se\u00f1or que es fuerte y todopoderoso, el Se\u00f1or valiente en las batallas.\u00bb<\/p>\n<p>Una vez m\u00e1s repiten este reto lleno de alborozo: \u00abOh puertas, levanten sus dinteles, que se eleven las puertas eternas para que pase el rey de la gloria.\u00bb Y una vez m\u00e1s con m\u00e1s alborozo los \u00e1ngeles de los prisioneros exclaman: \u00ab\u00bfQui\u00e9n es el rey de la gloria?\u00bb Y para que todos puedan o\u00edr la grandiosa contestaci\u00f3n: \u00abEl Se\u00f1or, el fuerte, el poderoso, el Se\u00f1or valiente en el combate, el Se\u00f1or, Dios de los ej\u00e9rcitos, \u00c9l es el \u00fanico Rey de la gloria.\u00bb (Sal 7,10) Jesucristo, el Hijo Eterno de Dios e Hijo de la Virgen Madre, a cuyo nombre se doblan todas las rodillas, en el cielo y en la tierra y debajo de la tierra, \u00a1\u00c9l es el Rey de la Gloria!<\/p>\n<p>\u00a1Piensen en las aclamaciones de gozo!; \u00a1Piensen en las oraciones, en la adoraci\u00f3n! \u00bfC\u00f3mo lo recibieron?, lo mismo que ustedes lo hubieran ido a recibir. \u00bfQu\u00e9 le dijeron?, \u00bfQu\u00e9 le hubieras dicho t\u00fa? Acompa\u00f1aron otra vez a la tumba, una guardia de honor alegre y gloriosa. El gran acontecimiento estaba apunto de suceder.<\/p>\n<p style=\"text-align: right\"><em>Tom\u00e1s Agust\u00edn Judge C.M., fundador del Cen\u00e1culo Misionero<\/em><\/p>\n","protected":false},"excerpt":{"rendered":"<p>S\u00e1bado Santo Art\u00edculo en \u00abTHE HOLY GHOST\u00bb Magazine (Revista El Esp\u00edritu Santo), ABR 1926, MF 916-17. Contempla la cruz; el cuerpo que est\u00e1 en ella es el cuerpo de Jesucristo. \u00c9l muri\u00f3 real y verdaderamente. &#8230; <a href=\"https:\/\/vincentians.com\/es\/meditaciones-del-cenaculo-misionero-el-entierro-de-jesus-el-santo-entierro\/\" class=\"more-link\">Read More<\/a><\/p>\n","protected":false},"author":4,"featured_media":404122,"comment_status":"open","ping_status":"open","sticky":false,"template":"","format":"standard","meta":{"rs_blank_template":"","rs_page_bg_color":"","slide_template_v7":"","_jetpack_newsletter_access":"","_jetpack_dont_email_post_to_subs":false,"_jetpack_newsletter_tier_id":0,"_jetpack_memberships_contains_paywalled_content":false,"_jetpack_feature_clip_id":0,"_jetpack_memberships_contains_paid_content":false,"footnotes":"","jetpack_publicize_message":"","jetpack_publicize_feature_enabled":true,"jetpack_social_post_already_shared":true,"jetpack_social_options":{"image_generator_settings":{"template":"highway","default_image_id":0,"font":"","enabled":false},"version":2},"jetpack_post_was_ever_published":false},"categories":[338],"tags":[],"class_list":["post-16272","post","type-post","status-publish","format-standard","has-post-thumbnail","hentry","category-cenaculo-misionero"],"yoast_head":"<!-- This site is optimized with the Yoast SEO plugin v27.9 - https:\/\/yoast.com\/product\/yoast-seo-wordpress\/ -->\n<title>Meditaciones del Cen\u00e1culo Misionero: El entierro de Jes\u00fas (El santo entierro) - Somos Vicencianos<\/title>\n<meta name=\"robots\" content=\"index, follow, max-snippet:-1, max-image-preview:large, max-video-preview:-1\" \/>\n<link rel=\"canonical\" href=\"https:\/\/vincentians.com\/es\/meditaciones-del-cenaculo-misionero-el-entierro-de-jesus-el-santo-entierro\/\" \/>\n<meta property=\"og:locale\" content=\"es_ES\" \/>\n<meta property=\"og:type\" content=\"article\" \/>\n<meta property=\"og:title\" content=\"Meditaciones del Cen\u00e1culo Misionero: El entierro de Jes\u00fas (El santo entierro) - Somos Vicencianos\" \/>\n<meta property=\"og:description\" content=\"S\u00e1bado Santo Art\u00edculo en \u00abTHE HOLY GHOST\u00bb Magazine (Revista El Esp\u00edritu Santo), ABR 1926, MF 916-17. Contempla la cruz; el cuerpo que est\u00e1 en ella es el cuerpo de Jesucristo. \u00c9l muri\u00f3 real y verdaderamente. ... Read More\" \/>\n<meta property=\"og:url\" content=\"https:\/\/vincentians.com\/es\/meditaciones-del-cenaculo-misionero-el-entierro-de-jesus-el-santo-entierro\/\" \/>\n<meta property=\"og:site_name\" content=\"Somos Vicencianos\" \/>\n<meta property=\"article:publisher\" content=\"https:\/\/www.facebook.com\/WeAreVincentians\/\" \/>\n<meta property=\"article:author\" content=\"https:\/\/www.facebook.com\/JavierChento\" \/>\n<meta property=\"article:published_time\" content=\"2023-12-11T07:17:03+00:00\" \/>\n<meta property=\"og:image\" content=\"https:\/\/i0.wp.com\/vincentians.com\/es\/wp-content\/uploads\/sites\/11\/2013\/04\/formacion_permanente-1.jpg?fit=303%2C303&ssl=1\" \/>\n\t<meta property=\"og:image:width\" content=\"303\" \/>\n\t<meta property=\"og:image:height\" content=\"303\" \/>\n\t<meta property=\"og:image:type\" content=\"image\/jpeg\" \/>\n<meta name=\"author\" content=\"Francisco Javier Fern\u00e1ndez Chento\" \/>\n<meta name=\"twitter:card\" content=\"summary_large_image\" \/>\n<meta name=\"twitter:creator\" content=\"@https:\/\/twitter.com\/javierchento\" \/>\n<meta name=\"twitter:site\" content=\"@WeVincentians\" \/>\n<meta name=\"twitter:label1\" content=\"Escrito por\" \/>\n\t<meta name=\"twitter:data1\" content=\"Francisco Javier Fern\u00e1ndez Chento\" \/>\n\t<meta name=\"twitter:label2\" content=\"Tiempo de lectura\" \/>\n\t<meta name=\"twitter:data2\" content=\"3 minutos\" \/>\n<script type=\"application\/ld+json\" class=\"yoast-schema-graph\">{\"@context\":\"https:\\\/\\\/schema.org\",\"@graph\":[{\"@type\":\"Article\",\"@id\":\"https:\\\/\\\/vincentians.com\\\/es\\\/meditaciones-del-cenaculo-misionero-el-entierro-de-jesus-el-santo-entierro\\\/#article\",\"isPartOf\":{\"@id\":\"https:\\\/\\\/vincentians.com\\\/es\\\/meditaciones-del-cenaculo-misionero-el-entierro-de-jesus-el-santo-entierro\\\/\"},\"author\":{\"name\":\"Francisco Javier Fern\u00e1ndez Chento\",\"@id\":\"http:\\\/\\\/vincentians.com\\\/es\\\/#\\\/schema\\\/person\\\/9623ef4d9aa3b2dfb8c061f1499288f2\"},\"headline\":\"Meditaciones del Cen\u00e1culo Misionero: El entierro de Jes\u00fas (El santo entierro)\",\"datePublished\":\"2023-12-11T07:17:03+00:00\",\"mainEntityOfPage\":{\"@id\":\"https:\\\/\\\/vincentians.com\\\/es\\\/meditaciones-del-cenaculo-misionero-el-entierro-de-jesus-el-santo-entierro\\\/\"},\"wordCount\":642,\"commentCount\":0,\"publisher\":{\"@id\":\"http:\\\/\\\/vincentians.com\\\/es\\\/#organization\"},\"image\":{\"@id\":\"https:\\\/\\\/vincentians.com\\\/es\\\/meditaciones-del-cenaculo-misionero-el-entierro-de-jesus-el-santo-entierro\\\/#primaryimage\"},\"thumbnailUrl\":\"https:\\\/\\\/i0.wp.com\\\/vincentians.com\\\/es\\\/wp-content\\\/uploads\\\/sites\\\/11\\\/2013\\\/04\\\/formacion_permanente-1.jpg?fit=303%2C303&ssl=1\",\"articleSection\":[\"Cen\u00e1culo Misionero\"],\"inLanguage\":\"es\",\"potentialAction\":[{\"@type\":\"CommentAction\",\"name\":\"Comment\",\"target\":[\"https:\\\/\\\/vincentians.com\\\/es\\\/meditaciones-del-cenaculo-misionero-el-entierro-de-jesus-el-santo-entierro\\\/#respond\"]}]},{\"@type\":\"WebPage\",\"@id\":\"https:\\\/\\\/vincentians.com\\\/es\\\/meditaciones-del-cenaculo-misionero-el-entierro-de-jesus-el-santo-entierro\\\/\",\"url\":\"https:\\\/\\\/vincentians.com\\\/es\\\/meditaciones-del-cenaculo-misionero-el-entierro-de-jesus-el-santo-entierro\\\/\",\"name\":\"Meditaciones del Cen\u00e1culo Misionero: El entierro de Jes\u00fas (El santo entierro) - Somos Vicencianos\",\"isPartOf\":{\"@id\":\"http:\\\/\\\/vincentians.com\\\/es\\\/#website\"},\"primaryImageOfPage\":{\"@id\":\"https:\\\/\\\/vincentians.com\\\/es\\\/meditaciones-del-cenaculo-misionero-el-entierro-de-jesus-el-santo-entierro\\\/#primaryimage\"},\"image\":{\"@id\":\"https:\\\/\\\/vincentians.com\\\/es\\\/meditaciones-del-cenaculo-misionero-el-entierro-de-jesus-el-santo-entierro\\\/#primaryimage\"},\"thumbnailUrl\":\"https:\\\/\\\/i0.wp.com\\\/vincentians.com\\\/es\\\/wp-content\\\/uploads\\\/sites\\\/11\\\/2013\\\/04\\\/formacion_permanente-1.jpg?fit=303%2C303&ssl=1\",\"datePublished\":\"2023-12-11T07:17:03+00:00\",\"breadcrumb\":{\"@id\":\"https:\\\/\\\/vincentians.com\\\/es\\\/meditaciones-del-cenaculo-misionero-el-entierro-de-jesus-el-santo-entierro\\\/#breadcrumb\"},\"inLanguage\":\"es\",\"potentialAction\":[{\"@type\":\"ReadAction\",\"target\":[\"https:\\\/\\\/vincentians.com\\\/es\\\/meditaciones-del-cenaculo-misionero-el-entierro-de-jesus-el-santo-entierro\\\/\"]}]},{\"@type\":\"ImageObject\",\"inLanguage\":\"es\",\"@id\":\"https:\\\/\\\/vincentians.com\\\/es\\\/meditaciones-del-cenaculo-misionero-el-entierro-de-jesus-el-santo-entierro\\\/#primaryimage\",\"url\":\"https:\\\/\\\/i0.wp.com\\\/vincentians.com\\\/es\\\/wp-content\\\/uploads\\\/sites\\\/11\\\/2013\\\/04\\\/formacion_permanente-1.jpg?fit=303%2C303&ssl=1\",\"contentUrl\":\"https:\\\/\\\/i0.wp.com\\\/vincentians.com\\\/es\\\/wp-content\\\/uploads\\\/sites\\\/11\\\/2013\\\/04\\\/formacion_permanente-1.jpg?fit=303%2C303&ssl=1\",\"width\":303,\"height\":303},{\"@type\":\"BreadcrumbList\",\"@id\":\"https:\\\/\\\/vincentians.com\\\/es\\\/meditaciones-del-cenaculo-misionero-el-entierro-de-jesus-el-santo-entierro\\\/#breadcrumb\",\"itemListElement\":[{\"@type\":\"ListItem\",\"position\":1,\"name\":\"Portada\",\"item\":\"http:\\\/\\\/vincentians.com\\\/es\\\/\"},{\"@type\":\"ListItem\",\"position\":2,\"name\":\"Meditaciones del Cen\u00e1culo Misionero: El entierro de Jes\u00fas (El santo entierro)\"}]},{\"@type\":\"WebSite\",\"@id\":\"http:\\\/\\\/vincentians.com\\\/es\\\/#website\",\"url\":\"http:\\\/\\\/vincentians.com\\\/es\\\/\",\"name\":\"Somos Vicencianos\",\"description\":\"Know more to serve more\",\"publisher\":{\"@id\":\"http:\\\/\\\/vincentians.com\\\/es\\\/#organization\"},\"potentialAction\":[{\"@type\":\"SearchAction\",\"target\":{\"@type\":\"EntryPoint\",\"urlTemplate\":\"http:\\\/\\\/vincentians.com\\\/es\\\/?s={search_term_string}\"},\"query-input\":{\"@type\":\"PropertyValueSpecification\",\"valueRequired\":true,\"valueName\":\"search_term_string\"}}],\"inLanguage\":\"es\"},{\"@type\":\"Organization\",\"@id\":\"http:\\\/\\\/vincentians.com\\\/es\\\/#organization\",\"name\":\"The Vincentian Network\",\"url\":\"http:\\\/\\\/vincentians.com\\\/es\\\/\",\"logo\":{\"@type\":\"ImageObject\",\"inLanguage\":\"es\",\"@id\":\"http:\\\/\\\/vincentians.com\\\/es\\\/#\\\/schema\\\/logo\\\/image\\\/\",\"url\":\"https:\\\/\\\/i1.wp.com\\\/vincentians.com\\\/es\\\/wp-content\\\/uploads\\\/sites\\\/11\\\/2016\\\/06\\\/Vincentian-Network-logo-big.png?fit=778%2C778\",\"contentUrl\":\"https:\\\/\\\/i1.wp.com\\\/vincentians.com\\\/es\\\/wp-content\\\/uploads\\\/sites\\\/11\\\/2016\\\/06\\\/Vincentian-Network-logo-big.png?fit=778%2C778\",\"width\":778,\"height\":778,\"caption\":\"The Vincentian Network\"},\"image\":{\"@id\":\"http:\\\/\\\/vincentians.com\\\/es\\\/#\\\/schema\\\/logo\\\/image\\\/\"},\"sameAs\":[\"https:\\\/\\\/www.facebook.com\\\/WeAreVincentians\\\/\",\"https:\\\/\\\/x.com\\\/WeVincentians\"]},{\"@type\":\"Person\",\"@id\":\"http:\\\/\\\/vincentians.com\\\/es\\\/#\\\/schema\\\/person\\\/9623ef4d9aa3b2dfb8c061f1499288f2\",\"name\":\"Francisco Javier Fern\u00e1ndez Chento\",\"image\":{\"@type\":\"ImageObject\",\"inLanguage\":\"es\",\"@id\":\"https:\\\/\\\/secure.gravatar.com\\\/avatar\\\/497d5cde87b4c3d097d0315953521681ba2cd523ee66e5077c3711f7021e65de?s=96&d=mm&r=g\",\"url\":\"https:\\\/\\\/secure.gravatar.com\\\/avatar\\\/497d5cde87b4c3d097d0315953521681ba2cd523ee66e5077c3711f7021e65de?s=96&d=mm&r=g\",\"contentUrl\":\"https:\\\/\\\/secure.gravatar.com\\\/avatar\\\/497d5cde87b4c3d097d0315953521681ba2cd523ee66e5077c3711f7021e65de?s=96&d=mm&r=g\",\"caption\":\"Francisco Javier Fern\u00e1ndez Chento\"},\"description\":\"Director General y cofundador de La Red de Formaci\u00f3n Vicenciana. Javier es laico vicenciano, afiliado a la Congregaci\u00f3n de la Misi\u00f3n y miembro del Equipo de Misiones Populares de la provincia can\u00f3nica de Zaragoza (Espa\u00f1a) de la Congregaci\u00f3n de la Misi\u00f3n. Graduado en la Universidad Oberta de Catalunya con cuatro grados (Asistente de direcci\u00f3n, Gesti\u00f3n Administrativa, Recursos Humanos y Contabilidad Avanzada). Bil\u00edng\u00fce Espa\u00f1ol\\\/Ingl\u00e9s. gestiona y mantiene varias p\u00e1ginas web cristianas y vicencianas, incluida including La Red de Formaci\u00f3n Vicenciana, de la que es cofundador. Actualmente es responsable del \u00e1rea de Espa\u00f1ol de .famvin, la Red de Noticias de la Familia Vicenciana. Tambi\u00e9n es m\u00fasico cat\u00f3lico y ha editado varios discos. Es Director General y cofundador de Trovador, una reconocida compa\u00f1\u00eda discogr\u00e1fica critiana de Espa\u00f1a. Trabaja en las Tecnolog\u00edas de la Informaci\u00f3n, ofreciendo servicios de alojamiento, dise\u00f1o y mantenimiento Web, as\u00ed como asesoramiento, formaci\u00f3n y soluciones inform\u00e1ticas, gesti\u00f3n documental y digitalizaci\u00f3n de textos, edici\u00f3n y maquetaci\u00f3n de libros, revistas, flyers, etc.\",\"sameAs\":[\"http:\\\/\\\/chento.org\",\"https:\\\/\\\/www.facebook.com\\\/JavierChento\",\"https:\\\/\\\/x.com\\\/https:\\\/\\\/twitter.com\\\/javierchento\"],\"url\":\"https:\\\/\\\/vincentians.com\\\/es\\\/author\\\/chento\\\/\"}]}<\/script>\n<!-- \/ Yoast SEO plugin. -->","yoast_head_json":{"title":"Meditaciones del Cen\u00e1culo Misionero: El entierro de Jes\u00fas (El santo entierro) - Somos Vicencianos","robots":{"index":"index","follow":"follow","max-snippet":"max-snippet:-1","max-image-preview":"max-image-preview:large","max-video-preview":"max-video-preview:-1"},"canonical":"https:\/\/vincentians.com\/es\/meditaciones-del-cenaculo-misionero-el-entierro-de-jesus-el-santo-entierro\/","og_locale":"es_ES","og_type":"article","og_title":"Meditaciones del Cen\u00e1culo Misionero: El entierro de Jes\u00fas (El santo entierro) - Somos Vicencianos","og_description":"S\u00e1bado Santo Art\u00edculo en \u00abTHE HOLY GHOST\u00bb Magazine (Revista El Esp\u00edritu Santo), ABR 1926, MF 916-17. Contempla la cruz; el cuerpo que est\u00e1 en ella es el cuerpo de Jesucristo. \u00c9l muri\u00f3 real y verdaderamente. ... Read More","og_url":"https:\/\/vincentians.com\/es\/meditaciones-del-cenaculo-misionero-el-entierro-de-jesus-el-santo-entierro\/","og_site_name":"Somos Vicencianos","article_publisher":"https:\/\/www.facebook.com\/WeAreVincentians\/","article_author":"https:\/\/www.facebook.com\/JavierChento","article_published_time":"2023-12-11T07:17:03+00:00","og_image":[{"width":303,"height":303,"url":"https:\/\/i0.wp.com\/vincentians.com\/es\/wp-content\/uploads\/sites\/11\/2013\/04\/formacion_permanente-1.jpg?fit=303%2C303&ssl=1","type":"image\/jpeg"}],"author":"Francisco Javier Fern\u00e1ndez Chento","twitter_card":"summary_large_image","twitter_creator":"@https:\/\/twitter.com\/javierchento","twitter_site":"@WeVincentians","twitter_misc":{"Escrito por":"Francisco Javier Fern\u00e1ndez Chento","Tiempo de lectura":"3 minutos"},"schema":{"@context":"https:\/\/schema.org","@graph":[{"@type":"Article","@id":"https:\/\/vincentians.com\/es\/meditaciones-del-cenaculo-misionero-el-entierro-de-jesus-el-santo-entierro\/#article","isPartOf":{"@id":"https:\/\/vincentians.com\/es\/meditaciones-del-cenaculo-misionero-el-entierro-de-jesus-el-santo-entierro\/"},"author":{"name":"Francisco Javier Fern\u00e1ndez Chento","@id":"http:\/\/vincentians.com\/es\/#\/schema\/person\/9623ef4d9aa3b2dfb8c061f1499288f2"},"headline":"Meditaciones del Cen\u00e1culo Misionero: El entierro de Jes\u00fas (El santo entierro)","datePublished":"2023-12-11T07:17:03+00:00","mainEntityOfPage":{"@id":"https:\/\/vincentians.com\/es\/meditaciones-del-cenaculo-misionero-el-entierro-de-jesus-el-santo-entierro\/"},"wordCount":642,"commentCount":0,"publisher":{"@id":"http:\/\/vincentians.com\/es\/#organization"},"image":{"@id":"https:\/\/vincentians.com\/es\/meditaciones-del-cenaculo-misionero-el-entierro-de-jesus-el-santo-entierro\/#primaryimage"},"thumbnailUrl":"https:\/\/i0.wp.com\/vincentians.com\/es\/wp-content\/uploads\/sites\/11\/2013\/04\/formacion_permanente-1.jpg?fit=303%2C303&ssl=1","articleSection":["Cen\u00e1culo Misionero"],"inLanguage":"es","potentialAction":[{"@type":"CommentAction","name":"Comment","target":["https:\/\/vincentians.com\/es\/meditaciones-del-cenaculo-misionero-el-entierro-de-jesus-el-santo-entierro\/#respond"]}]},{"@type":"WebPage","@id":"https:\/\/vincentians.com\/es\/meditaciones-del-cenaculo-misionero-el-entierro-de-jesus-el-santo-entierro\/","url":"https:\/\/vincentians.com\/es\/meditaciones-del-cenaculo-misionero-el-entierro-de-jesus-el-santo-entierro\/","name":"Meditaciones del Cen\u00e1culo Misionero: El entierro de Jes\u00fas (El santo entierro) - Somos Vicencianos","isPartOf":{"@id":"http:\/\/vincentians.com\/es\/#website"},"primaryImageOfPage":{"@id":"https:\/\/vincentians.com\/es\/meditaciones-del-cenaculo-misionero-el-entierro-de-jesus-el-santo-entierro\/#primaryimage"},"image":{"@id":"https:\/\/vincentians.com\/es\/meditaciones-del-cenaculo-misionero-el-entierro-de-jesus-el-santo-entierro\/#primaryimage"},"thumbnailUrl":"https:\/\/i0.wp.com\/vincentians.com\/es\/wp-content\/uploads\/sites\/11\/2013\/04\/formacion_permanente-1.jpg?fit=303%2C303&ssl=1","datePublished":"2023-12-11T07:17:03+00:00","breadcrumb":{"@id":"https:\/\/vincentians.com\/es\/meditaciones-del-cenaculo-misionero-el-entierro-de-jesus-el-santo-entierro\/#breadcrumb"},"inLanguage":"es","potentialAction":[{"@type":"ReadAction","target":["https:\/\/vincentians.com\/es\/meditaciones-del-cenaculo-misionero-el-entierro-de-jesus-el-santo-entierro\/"]}]},{"@type":"ImageObject","inLanguage":"es","@id":"https:\/\/vincentians.com\/es\/meditaciones-del-cenaculo-misionero-el-entierro-de-jesus-el-santo-entierro\/#primaryimage","url":"https:\/\/i0.wp.com\/vincentians.com\/es\/wp-content\/uploads\/sites\/11\/2013\/04\/formacion_permanente-1.jpg?fit=303%2C303&ssl=1","contentUrl":"https:\/\/i0.wp.com\/vincentians.com\/es\/wp-content\/uploads\/sites\/11\/2013\/04\/formacion_permanente-1.jpg?fit=303%2C303&ssl=1","width":303,"height":303},{"@type":"BreadcrumbList","@id":"https:\/\/vincentians.com\/es\/meditaciones-del-cenaculo-misionero-el-entierro-de-jesus-el-santo-entierro\/#breadcrumb","itemListElement":[{"@type":"ListItem","position":1,"name":"Portada","item":"http:\/\/vincentians.com\/es\/"},{"@type":"ListItem","position":2,"name":"Meditaciones del Cen\u00e1culo Misionero: El entierro de Jes\u00fas (El santo entierro)"}]},{"@type":"WebSite","@id":"http:\/\/vincentians.com\/es\/#website","url":"http:\/\/vincentians.com\/es\/","name":"Somos Vicencianos","description":"Know more to serve more","publisher":{"@id":"http:\/\/vincentians.com\/es\/#organization"},"potentialAction":[{"@type":"SearchAction","target":{"@type":"EntryPoint","urlTemplate":"http:\/\/vincentians.com\/es\/?s={search_term_string}"},"query-input":{"@type":"PropertyValueSpecification","valueRequired":true,"valueName":"search_term_string"}}],"inLanguage":"es"},{"@type":"Organization","@id":"http:\/\/vincentians.com\/es\/#organization","name":"The Vincentian Network","url":"http:\/\/vincentians.com\/es\/","logo":{"@type":"ImageObject","inLanguage":"es","@id":"http:\/\/vincentians.com\/es\/#\/schema\/logo\/image\/","url":"https:\/\/i1.wp.com\/vincentians.com\/es\/wp-content\/uploads\/sites\/11\/2016\/06\/Vincentian-Network-logo-big.png?fit=778%2C778","contentUrl":"https:\/\/i1.wp.com\/vincentians.com\/es\/wp-content\/uploads\/sites\/11\/2016\/06\/Vincentian-Network-logo-big.png?fit=778%2C778","width":778,"height":778,"caption":"The Vincentian Network"},"image":{"@id":"http:\/\/vincentians.com\/es\/#\/schema\/logo\/image\/"},"sameAs":["https:\/\/www.facebook.com\/WeAreVincentians\/","https:\/\/x.com\/WeVincentians"]},{"@type":"Person","@id":"http:\/\/vincentians.com\/es\/#\/schema\/person\/9623ef4d9aa3b2dfb8c061f1499288f2","name":"Francisco Javier Fern\u00e1ndez Chento","image":{"@type":"ImageObject","inLanguage":"es","@id":"https:\/\/secure.gravatar.com\/avatar\/497d5cde87b4c3d097d0315953521681ba2cd523ee66e5077c3711f7021e65de?s=96&d=mm&r=g","url":"https:\/\/secure.gravatar.com\/avatar\/497d5cde87b4c3d097d0315953521681ba2cd523ee66e5077c3711f7021e65de?s=96&d=mm&r=g","contentUrl":"https:\/\/secure.gravatar.com\/avatar\/497d5cde87b4c3d097d0315953521681ba2cd523ee66e5077c3711f7021e65de?s=96&d=mm&r=g","caption":"Francisco Javier Fern\u00e1ndez Chento"},"description":"Director General y cofundador de La Red de Formaci\u00f3n Vicenciana. Javier es laico vicenciano, afiliado a la Congregaci\u00f3n de la Misi\u00f3n y miembro del Equipo de Misiones Populares de la provincia can\u00f3nica de Zaragoza (Espa\u00f1a) de la Congregaci\u00f3n de la Misi\u00f3n. Graduado en la Universidad Oberta de Catalunya con cuatro grados (Asistente de direcci\u00f3n, Gesti\u00f3n Administrativa, Recursos Humanos y Contabilidad Avanzada). Bil\u00edng\u00fce Espa\u00f1ol\/Ingl\u00e9s. gestiona y mantiene varias p\u00e1ginas web cristianas y vicencianas, incluida including La Red de Formaci\u00f3n Vicenciana, de la que es cofundador. Actualmente es responsable del \u00e1rea de Espa\u00f1ol de .famvin, la Red de Noticias de la Familia Vicenciana. Tambi\u00e9n es m\u00fasico cat\u00f3lico y ha editado varios discos. Es Director General y cofundador de Trovador, una reconocida compa\u00f1\u00eda discogr\u00e1fica critiana de Espa\u00f1a. Trabaja en las Tecnolog\u00edas de la Informaci\u00f3n, ofreciendo servicios de alojamiento, dise\u00f1o y mantenimiento Web, as\u00ed como asesoramiento, formaci\u00f3n y soluciones inform\u00e1ticas, gesti\u00f3n documental y digitalizaci\u00f3n de textos, edici\u00f3n y maquetaci\u00f3n de libros, revistas, flyers, etc.","sameAs":["http:\/\/chento.org","https:\/\/www.facebook.com\/JavierChento","https:\/\/x.com\/https:\/\/twitter.com\/javierchento"],"url":"https:\/\/vincentians.com\/es\/author\/chento\/"}]}},"jetpack_publicize_connections":[],"jetpack_featured_media_url":"https:\/\/i0.wp.com\/vincentians.com\/es\/wp-content\/uploads\/sites\/11\/2013\/04\/formacion_permanente-1.jpg?fit=303%2C303&ssl=1","jetpack_sharing_enabled":true,"jetpack_shortlink":"https:\/\/wp.me\/p7ETMF-4es","jetpack-related-posts":[{"id":114953,"url":"https:\/\/vincentians.com\/es\/como-rezar-el-rosario\/","url_meta":{"origin":16272,"position":0},"title":"C\u00f3mo rezar el Rosario","author":"Francisco Javier Fern\u00e1ndez Chento","date":"14\/02\/2019","format":false,"excerpt":"Modo de rezarlo Hacer el signo de la cruz y rezar el s\u00edmbolo de los ap\u00f3stoles o el acto de contrici\u00f3n. Rezar el Padrenuestro. Rezar 3 Avemar\u00edas y Gloria. Anunciar el primer misterio. Rezar el Padrenuestro. Rezar 10 Avemar\u00edas, Gloria y Jaculatoria. Anunciar el segundo misterio. Rezar el Padrenuestro. Rezar\u2026","rel":"","context":"En \u00abOraci\u00f3n\u00bb","block_context":{"text":"Oraci\u00f3n","link":"https:\/\/vincentians.com\/es\/category\/espiritualidad\/oracion\/"},"img":{"alt_text":"","src":"https:\/\/i0.wp.com\/vincentians.com\/es\/wp-content\/uploads\/sites\/11\/2016\/09\/ojos-jesucristo.jpg?fit=1200%2C630&ssl=1&resize=350%2C200","width":350,"height":200,"srcset":"https:\/\/i0.wp.com\/vincentians.com\/es\/wp-content\/uploads\/sites\/11\/2016\/09\/ojos-jesucristo.jpg?fit=1200%2C630&ssl=1&resize=350%2C200 1x, https:\/\/i0.wp.com\/vincentians.com\/es\/wp-content\/uploads\/sites\/11\/2016\/09\/ojos-jesucristo.jpg?fit=1200%2C630&ssl=1&resize=525%2C300 1.5x, https:\/\/i0.wp.com\/vincentians.com\/es\/wp-content\/uploads\/sites\/11\/2016\/09\/ojos-jesucristo.jpg?fit=1200%2C630&ssl=1&resize=700%2C400 2x, https:\/\/i0.wp.com\/vincentians.com\/es\/wp-content\/uploads\/sites\/11\/2016\/09\/ojos-jesucristo.jpg?fit=1200%2C630&ssl=1&resize=1050%2C600 3x"},"classes":[]},{"id":387828,"url":"https:\/\/vincentians.com\/es\/si-alguien-quiere-venir-en-pos-de-mi\/","url_meta":{"origin":16272,"position":1},"title":"Si alguien quiere venir en pos de m\u00ed\u2026","author":"Mitxel Olabu\u00e9naga","date":"23\/09\/2016","format":false,"excerpt":"La llamada de Jes\u00fas a seguirle implica muchas y radica\u00adles renuncias: negaci\u00f3n de .s\u00ed mismo, ruptura total con la ideolog\u00eda del mundo, desprendimiento efectivo de la familia, aceptaci\u00f3n ge\u00adnerosa de la cruz de cada d\u00eda. El Se\u00f1or nos invita a participar en su vida y muerte, para ser con \u00e9l\u2026","rel":"","context":"En \u00abFormaci\u00f3n Vicenciana sin categorizar\u00bb","block_context":{"text":"Formaci\u00f3n Vicenciana sin categorizar","link":"https:\/\/vincentians.com\/es\/category\/formacion-vicenciana\/formacion-vicenciana-sin-categorizar\/"},"img":{"alt_text":"asd","src":"https:\/\/i0.wp.com\/vicencianos.org\/wp-content\/uploads\/2016\/07\/asd-6-300x215.jpg?resize=350%2C200","width":350,"height":200},"classes":[]},{"id":116043,"url":"https:\/\/vincentians.com\/es\/bergson-y-el-padre-pouget-v\/","url_meta":{"origin":16272,"position":2},"title":"Bergson y el Padre Pouget (V)","author":"Francisco Javier Fern\u00e1ndez Chento","date":"02\/11\/2018","format":false,"excerpt":"Hacia El, en efecto, se encaminaba, se\u00f1or al servicio de un Se\u00f1or mayor. E iba hacia El sin ser \u00e9se su obje\u00adtivo, sin hab\u00e9rselo propuesto, sin saber incluso que a El se dirig\u00eda, sin saber que ya le hab\u00eda encontrado. Este libro, me dijo habl\u00e1ndome de La evoluci\u00f3n crea\u00addora, \"este\u2026","rel":"","context":"En \u00abFormaci\u00f3n Vicenciana\u00bb","block_context":{"text":"Formaci\u00f3n Vicenciana","link":"https:\/\/vincentians.com\/es\/category\/formacion-vicenciana\/"},"img":{"alt_text":"","src":"https:\/\/i0.wp.com\/vincentians.com\/es\/wp-content\/uploads\/sites\/11\/2016\/09\/identidad.jpg?fit=1200%2C630&ssl=1&resize=350%2C200","width":350,"height":200,"srcset":"https:\/\/i0.wp.com\/vincentians.com\/es\/wp-content\/uploads\/sites\/11\/2016\/09\/identidad.jpg?fit=1200%2C630&ssl=1&resize=350%2C200 1x, https:\/\/i0.wp.com\/vincentians.com\/es\/wp-content\/uploads\/sites\/11\/2016\/09\/identidad.jpg?fit=1200%2C630&ssl=1&resize=525%2C300 1.5x, https:\/\/i0.wp.com\/vincentians.com\/es\/wp-content\/uploads\/sites\/11\/2016\/09\/identidad.jpg?fit=1200%2C630&ssl=1&resize=700%2C400 2x, https:\/\/i0.wp.com\/vincentians.com\/es\/wp-content\/uploads\/sites\/11\/2016\/09\/identidad.jpg?fit=1200%2C630&ssl=1&resize=1050%2C600 3x"},"classes":[]},{"id":387816,"url":"https:\/\/vincentians.com\/es\/espiritu-de-jesus-espiritu-de-la-familia-vicenciana\/","url_meta":{"origin":16272,"position":3},"title":"Esp\u00edritu de Jes\u00fas, esp\u00edritu de la Familia Vicenciana","author":"Mitxel Olabu\u00e9naga","date":"14\/09\/2016","format":false,"excerpt":"El Esp\u00edritu de Jes\u00fas es el Esp\u00ed\u00adritu Santo, Se\u00f1or y dador de vida, trasmitido a los cristianos por la participaci\u00f3n en la misi\u00f3n sacerdotal de Jesucristo. Pero se en\u00adtiende tambi\u00e9n por esp\u00edritu de Jes\u00fas un talante o estilo de vida que le distingue de los maestros de la Ley. Jes\u00fas\u2026","rel":"","context":"En \u00abFormaci\u00f3n Vicenciana sin categorizar\u00bb","block_context":{"text":"Formaci\u00f3n Vicenciana sin categorizar","link":"https:\/\/vincentians.com\/es\/category\/formacion-vicenciana\/formacion-vicenciana-sin-categorizar\/"},"img":{"alt_text":"","src":"https:\/\/i0.wp.com\/vincentians.com\/es\/wp-content\/uploads\/sites\/11\/2016\/09\/espiritu-de-jesus.jpg?fit=1200%2C630&ssl=1&resize=350%2C200","width":350,"height":200,"srcset":"https:\/\/i0.wp.com\/vincentians.com\/es\/wp-content\/uploads\/sites\/11\/2016\/09\/espiritu-de-jesus.jpg?fit=1200%2C630&ssl=1&resize=350%2C200 1x, https:\/\/i0.wp.com\/vincentians.com\/es\/wp-content\/uploads\/sites\/11\/2016\/09\/espiritu-de-jesus.jpg?fit=1200%2C630&ssl=1&resize=525%2C300 1.5x, https:\/\/i0.wp.com\/vincentians.com\/es\/wp-content\/uploads\/sites\/11\/2016\/09\/espiritu-de-jesus.jpg?fit=1200%2C630&ssl=1&resize=700%2C400 2x, https:\/\/i0.wp.com\/vincentians.com\/es\/wp-content\/uploads\/sites\/11\/2016\/09\/espiritu-de-jesus.jpg?fit=1200%2C630&ssl=1&resize=1050%2C600 3x"},"classes":[]},{"id":102617,"url":"https:\/\/vincentians.com\/es\/honrar-a-cristo-redentor\/","url_meta":{"origin":16272,"position":4},"title":"Honrar a Cristo Redentor","author":"Francisco Javier Fern\u00e1ndez Chento","date":"13\/06\/2018","format":false,"excerpt":"Luisa de Marillac prolonga su oraci\u00f3n al Verbo Encar\u00adnado con la meditaci\u00f3n del Misterio de la Redenci\u00f3n, en el que Cristo, m\u00e1s especialmente todav\u00eda, se hace Amor y Don: \"...la Encarnaci\u00f3n del Hijo de Dios, seg\u00fan sus divi\u00adnos designios, por toda la eternidad (era) para la Re\u00addenci\u00f3n del g\u00e9nero humano.\"\u2026","rel":"","context":"En \u00abEspiritualidad vicenciana\u00bb","block_context":{"text":"Espiritualidad vicenciana","link":"https:\/\/vincentians.com\/es\/category\/espiritualidad\/espiritualidad-vicenciana\/"},"img":{"alt_text":"","src":"https:\/\/i0.wp.com\/vincentians.com\/es\/wp-content\/uploads\/sites\/11\/2016\/08\/jesus-ora.jpg?fit=1200%2C630&ssl=1&resize=350%2C200","width":350,"height":200,"srcset":"https:\/\/i0.wp.com\/vincentians.com\/es\/wp-content\/uploads\/sites\/11\/2016\/08\/jesus-ora.jpg?fit=1200%2C630&ssl=1&resize=350%2C200 1x, https:\/\/i0.wp.com\/vincentians.com\/es\/wp-content\/uploads\/sites\/11\/2016\/08\/jesus-ora.jpg?fit=1200%2C630&ssl=1&resize=525%2C300 1.5x, https:\/\/i0.wp.com\/vincentians.com\/es\/wp-content\/uploads\/sites\/11\/2016\/08\/jesus-ora.jpg?fit=1200%2C630&ssl=1&resize=700%2C400 2x, https:\/\/i0.wp.com\/vincentians.com\/es\/wp-content\/uploads\/sites\/11\/2016\/08\/jesus-ora.jpg?fit=1200%2C630&ssl=1&resize=1050%2C600 3x"},"classes":[]},{"id":141790,"url":"https:\/\/vincentians.com\/es\/los-bendecidos-de-la-comunidad\/","url_meta":{"origin":16272,"position":5},"title":"Los \u00abbendecidos de la comunidad\u00bb","author":"Francisco Javier Fern\u00e1ndez Chento","date":"19\/03\/2015","format":false,"excerpt":"\u00abAhora me alegro de sufrir por vosotros, pues voy com\u00adpletando en mi carne mor\u00adtal lo que falta a las pena\u00adlidades del Mes\u00edas por su cuerpo, que es la Iglesia\u00bb. (Col 1,24). \u00abLos Misioneros enfermos, los delicados de salud y los ancianos nos ser\u00e1n entra\u00f1a\u00adblemente queridos y estima\u00adremos su presencia como\u2026","rel":"","context":"En \u00abEspiritualidad vicenciana\u00bb","block_context":{"text":"Espiritualidad vicenciana","link":"https:\/\/vincentians.com\/es\/category\/espiritualidad\/espiritualidad-vicenciana\/"},"img":{"alt_text":"asd","src":"https:\/\/i0.wp.com\/vicencianos.org\/wp-content\/2015\/03\/asd8.jpg?resize=350%2C200","width":350,"height":200},"classes":[]}],"_links":{"self":[{"href":"https:\/\/vincentians.com\/es\/wp-json\/wp\/v2\/posts\/16272","targetHints":{"allow":["GET"]}}],"collection":[{"href":"https:\/\/vincentians.com\/es\/wp-json\/wp\/v2\/posts"}],"about":[{"href":"https:\/\/vincentians.com\/es\/wp-json\/wp\/v2\/types\/post"}],"author":[{"embeddable":true,"href":"https:\/\/vincentians.com\/es\/wp-json\/wp\/v2\/users\/4"}],"replies":[{"embeddable":true,"href":"https:\/\/vincentians.com\/es\/wp-json\/wp\/v2\/comments?post=16272"}],"version-history":[{"count":1,"href":"https:\/\/vincentians.com\/es\/wp-json\/wp\/v2\/posts\/16272\/revisions"}],"predecessor-version":[{"id":404907,"href":"https:\/\/vincentians.com\/es\/wp-json\/wp\/v2\/posts\/16272\/revisions\/404907"}],"wp:featuredmedia":[{"embeddable":true,"href":"https:\/\/vincentians.com\/es\/wp-json\/wp\/v2\/media\/404122"}],"wp:attachment":[{"href":"https:\/\/vincentians.com\/es\/wp-json\/wp\/v2\/media?parent=16272"}],"wp:term":[{"taxonomy":"category","embeddable":true,"href":"https:\/\/vincentians.com\/es\/wp-json\/wp\/v2\/categories?post=16272"},{"taxonomy":"post_tag","embeddable":true,"href":"https:\/\/vincentians.com\/es\/wp-json\/wp\/v2\/tags?post=16272"}],"curies":[{"name":"wp","href":"https:\/\/api.w.org\/{rel}","templated":true}]}}