{"id":16241,"date":"2023-02-05T08:05:20","date_gmt":"2023-02-05T07:05:20","guid":{"rendered":"http:\/\/somos.vicencianos.org\/blog\/2010\/04\/03\/al-rescate-de-quienes-lo-necesitan\/"},"modified":"2022-12-29T12:22:55","modified_gmt":"2022-12-29T11:22:55","slug":"al-rescate-de-quienes-lo-necesitan","status":"publish","type":"post","link":"https:\/\/vincentians.com\/es\/al-rescate-de-quienes-lo-necesitan\/","title":{"rendered":"Al rescate de quienes lo necesitan"},"content":{"rendered":"<p>Es una ma\u00f1ana de domingo y no se ven pasar autos por la calle, s\u00f3lo de vez en cuando un taxi hace una peque\u00f1a ronda buscando pasajeros. Las aceras est\u00e1n vac\u00edas; sin embargo alg\u00fan que otro rostro se asoma t\u00edmidamente por la rendija de una ventana, celosamente resguardada con verjas de hierro. Aunque el sol comienza a calentar y lo des\u00e9rtico del lugar hace que el silencio pueda escucharse, debajo de las cajas de cartones desarmadas el fr\u00edo se mantiene. En ellas yacen ni\u00f1os, j\u00f3venes y adultos que viven y duermen en la Zona Roja de la capital, San Jos\u00e9, Costa Rica.<\/p>\n<p>\u00ab<em>Hey, ah\u00ed vienen los hermanos<\/em>\u00ab, grita de pronto un hombre adulto, quien ya ha salido de su refugio para brindar la bienvenida. Un apret\u00f3n de manos y un fuerte abrazo son los gestos que intercambian cuando ven llegar a sus visitantes. Y es que todos los domingos desde una nueva ma\u00f1ana este grupo de j\u00f3venes procedentes de la casa de formaci\u00f3n de los <strong>Misioneros Trinitarios<\/strong>, se dedican a compartir con aquellas personas que, por lo general, son presas f\u00e1ciles de la droga, licor o prostituci\u00f3n.<\/p>\n<p>\u00ab<em>La idea originalmente empez\u00f3 hace m\u00e1s de un a\u00f1o con una misa de acci\u00f3n de gracias para Semana Santa, con el prop\u00f3sito de mostrar el V\u00eda Crucis a quienes tienen pocas opciones de tener un acercamiento con la Iglesia<\/em>\u00ab, explic\u00f3 el religioso Edgar Solano. Poco a poco el proyecto se fue consolidando y hoy en d\u00eda todos los domingos a medio d\u00eda se efect\u00faa la misa dominical en las instalaciones del Oratorio Don Bosco. \u00ab<em>Por lo general, son personas tachadas y relegadas por la sociedad, a\u00fan cuando lo que necesitan es una mano amiga que les ayude a salir de donde est\u00e1n<\/em>\u00ab.<\/p>\n<p>El Hermano Edgar reconoce que al principio las personas llegan a la misa s\u00f3lo en busca del emparedado y el fresco, pero conforme pasa el tiempo solicitan ayuda para recuperarse de su vicio. Para ello, los voluntarios hacen contactos con instituciones de rehabilitaci\u00f3n tanto p\u00fablicas como privadas para alojar a quienes est\u00e1n anuentes a aceptar la ayuda. Hasta el momento han recluido voluntariamente 45 personas; no obstante, el \u00edndice de deserci\u00f3n es grande y en la actualidad quedan en los centros 15 personas que desean recibir tratamiento para superarse en la vida y tener un trabajo que les d\u00e9 el sustento diario. La idea es que el proyecto sea un veh\u00edculo que pueda conducirlos a los lugares id\u00f3neos para sobrellevar su problema, cualquiera que \u00e9ste fuera.<\/p>\n<p>Con este prop\u00f3sito el mismo Oratorio ha designado una trabajadora social dispuesta a tomar los datos de aquellos que asisten a la misa. Con ello se tiene un control sobre las necesidades y el tipo de servicio que se les puede brindar. Para el Hermano Edgar, la misi\u00f3n de la Iglesia Cat\u00f3lica es dedicarse a rescatar a las ovejas perdidas y aunque ese norte se ha dejado de lado durante mucho tiempo, no es sino hasta este momento que se pretende reactivar y extender a otras comunidades. Adem\u00e1s del refrigerio se les ayuda en algunas ocasiones con la ropa y el aseo personal, como el corte de pelo que muchos solicitan cuando ven a los visitantes dominicales.<\/p>\n<p style=\"text-align: right\"><em>Del peri\u00f3dico La Naci\u00f3n, Costa Rica<br \/>\nTomado de la p\u00e1gina Web de Misioneros Trinitarios de Costa Rica<\/em><\/p>\n","protected":false},"excerpt":{"rendered":"<p>Es una ma\u00f1ana de domingo y no se ven pasar autos por la calle, s\u00f3lo de vez en cuando un taxi hace una peque\u00f1a ronda buscando pasajeros. Las aceras est\u00e1n vac\u00edas; sin embargo alg\u00fan que &#8230; <a href=\"https:\/\/vincentians.com\/es\/al-rescate-de-quienes-lo-necesitan\/\" class=\"more-link\">Read More<\/a><\/p>\n","protected":false},"author":4,"featured_media":404141,"comment_status":"open","ping_status":"open","sticky":false,"template":"","format":"standard","meta":{"rs_blank_template":"","rs_page_bg_color":"","slide_template_v7":"","_jetpack_newsletter_access":"","_jetpack_dont_email_post_to_subs":false,"_jetpack_newsletter_tier_id":0,"_jetpack_memberships_contains_paywalled_content":false,"_jetpack_feature_clip_id":0,"_jetpack_memberships_contains_paid_content":false,"footnotes":"","jetpack_publicize_message":"","jetpack_publicize_feature_enabled":true,"jetpack_social_post_already_shared":true,"jetpack_social_options":{"image_generator_settings":{"template":"highway","default_image_id":0,"font":"","enabled":false},"version":2},"jetpack_post_was_ever_published":false},"categories":[338],"tags":[],"class_list":["post-16241","post","type-post","status-publish","format-standard","has-post-thumbnail","hentry","category-cenaculo-misionero"],"yoast_head":"<!-- This site is optimized with the Yoast SEO plugin v27.9 - https:\/\/yoast.com\/product\/yoast-seo-wordpress\/ -->\n<title>Al rescate de quienes lo necesitan - Somos Vicencianos<\/title>\n<meta name=\"robots\" content=\"index, follow, max-snippet:-1, max-image-preview:large, max-video-preview:-1\" \/>\n<link rel=\"canonical\" href=\"http:\/\/vincentians.com\/es\/al-rescate-de-quienes-lo-necesitan\/\" \/>\n<meta property=\"og:locale\" content=\"es_ES\" \/>\n<meta property=\"og:type\" content=\"article\" \/>\n<meta property=\"og:title\" content=\"Al rescate de quienes lo necesitan - Somos Vicencianos\" \/>\n<meta property=\"og:description\" content=\"Es una ma\u00f1ana de domingo y no se ven pasar autos por la calle, s\u00f3lo de vez en cuando un taxi hace una peque\u00f1a ronda buscando pasajeros. Las aceras est\u00e1n vac\u00edas; sin embargo alg\u00fan que ... Read More\" \/>\n<meta property=\"og:url\" content=\"http:\/\/vincentians.com\/es\/al-rescate-de-quienes-lo-necesitan\/\" \/>\n<meta property=\"og:site_name\" content=\"Somos Vicencianos\" \/>\n<meta property=\"article:publisher\" content=\"https:\/\/www.facebook.com\/WeAreVincentians\/\" \/>\n<meta property=\"article:author\" content=\"https:\/\/www.facebook.com\/JavierChento\" \/>\n<meta property=\"article:published_time\" content=\"2023-02-05T07:05:20+00:00\" \/>\n<meta property=\"og:image\" content=\"https:\/\/i0.wp.com\/vincentians.com\/es\/wp-content\/uploads\/sites\/11\/2013\/04\/msoF811D.jpg?fit=612%2C490\" \/>\n\t<meta property=\"og:image:width\" content=\"612\" \/>\n\t<meta property=\"og:image:height\" content=\"490\" \/>\n\t<meta property=\"og:image:type\" content=\"image\/jpeg\" \/>\n<meta name=\"author\" content=\"Francisco Javier Fern\u00e1ndez Chento\" \/>\n<meta name=\"twitter:card\" content=\"summary_large_image\" \/>\n<meta name=\"twitter:creator\" content=\"@https:\/\/twitter.com\/javierchento\" \/>\n<meta name=\"twitter:site\" content=\"@WeVincentians\" \/>\n<meta name=\"twitter:label1\" content=\"Escrito por\" \/>\n\t<meta name=\"twitter:data1\" content=\"Francisco Javier Fern\u00e1ndez Chento\" \/>\n\t<meta name=\"twitter:label2\" content=\"Tiempo de lectura\" \/>\n\t<meta name=\"twitter:data2\" content=\"3 minutos\" \/>\n<script type=\"application\/ld+json\" class=\"yoast-schema-graph\">{\"@context\":\"https:\\\/\\\/schema.org\",\"@graph\":[{\"@type\":\"Article\",\"@id\":\"http:\\\/\\\/vincentians.com\\\/es\\\/al-rescate-de-quienes-lo-necesitan\\\/#article\",\"isPartOf\":{\"@id\":\"http:\\\/\\\/vincentians.com\\\/es\\\/al-rescate-de-quienes-lo-necesitan\\\/\"},\"author\":{\"name\":\"Francisco Javier Fern\u00e1ndez Chento\",\"@id\":\"http:\\\/\\\/vincentians.com\\\/es\\\/#\\\/schema\\\/person\\\/9623ef4d9aa3b2dfb8c061f1499288f2\"},\"headline\":\"Al rescate de quienes lo necesitan\",\"datePublished\":\"2023-02-05T07:05:20+00:00\",\"mainEntityOfPage\":{\"@id\":\"http:\\\/\\\/vincentians.com\\\/es\\\/al-rescate-de-quienes-lo-necesitan\\\/\"},\"wordCount\":594,\"commentCount\":0,\"publisher\":{\"@id\":\"http:\\\/\\\/vincentians.com\\\/es\\\/#organization\"},\"image\":{\"@id\":\"http:\\\/\\\/vincentians.com\\\/es\\\/al-rescate-de-quienes-lo-necesitan\\\/#primaryimage\"},\"thumbnailUrl\":\"https:\\\/\\\/i0.wp.com\\\/vincentians.com\\\/es\\\/wp-content\\\/uploads\\\/sites\\\/11\\\/2013\\\/04\\\/msoF811D.jpg?fit=612%2C490&ssl=1\",\"articleSection\":[\"Cen\u00e1culo Misionero\"],\"inLanguage\":\"es\",\"potentialAction\":[{\"@type\":\"CommentAction\",\"name\":\"Comment\",\"target\":[\"http:\\\/\\\/vincentians.com\\\/es\\\/al-rescate-de-quienes-lo-necesitan\\\/#respond\"]}]},{\"@type\":\"WebPage\",\"@id\":\"http:\\\/\\\/vincentians.com\\\/es\\\/al-rescate-de-quienes-lo-necesitan\\\/\",\"url\":\"http:\\\/\\\/vincentians.com\\\/es\\\/al-rescate-de-quienes-lo-necesitan\\\/\",\"name\":\"Al rescate de quienes lo necesitan - Somos Vicencianos\",\"isPartOf\":{\"@id\":\"http:\\\/\\\/vincentians.com\\\/es\\\/#website\"},\"primaryImageOfPage\":{\"@id\":\"http:\\\/\\\/vincentians.com\\\/es\\\/al-rescate-de-quienes-lo-necesitan\\\/#primaryimage\"},\"image\":{\"@id\":\"http:\\\/\\\/vincentians.com\\\/es\\\/al-rescate-de-quienes-lo-necesitan\\\/#primaryimage\"},\"thumbnailUrl\":\"https:\\\/\\\/i0.wp.com\\\/vincentians.com\\\/es\\\/wp-content\\\/uploads\\\/sites\\\/11\\\/2013\\\/04\\\/msoF811D.jpg?fit=612%2C490&ssl=1\",\"datePublished\":\"2023-02-05T07:05:20+00:00\",\"breadcrumb\":{\"@id\":\"http:\\\/\\\/vincentians.com\\\/es\\\/al-rescate-de-quienes-lo-necesitan\\\/#breadcrumb\"},\"inLanguage\":\"es\",\"potentialAction\":[{\"@type\":\"ReadAction\",\"target\":[\"http:\\\/\\\/vincentians.com\\\/es\\\/al-rescate-de-quienes-lo-necesitan\\\/\"]}]},{\"@type\":\"ImageObject\",\"inLanguage\":\"es\",\"@id\":\"http:\\\/\\\/vincentians.com\\\/es\\\/al-rescate-de-quienes-lo-necesitan\\\/#primaryimage\",\"url\":\"https:\\\/\\\/i0.wp.com\\\/vincentians.com\\\/es\\\/wp-content\\\/uploads\\\/sites\\\/11\\\/2013\\\/04\\\/msoF811D.jpg?fit=612%2C490&ssl=1\",\"contentUrl\":\"https:\\\/\\\/i0.wp.com\\\/vincentians.com\\\/es\\\/wp-content\\\/uploads\\\/sites\\\/11\\\/2013\\\/04\\\/msoF811D.jpg?fit=612%2C490&ssl=1\",\"width\":612,\"height\":490},{\"@type\":\"BreadcrumbList\",\"@id\":\"http:\\\/\\\/vincentians.com\\\/es\\\/al-rescate-de-quienes-lo-necesitan\\\/#breadcrumb\",\"itemListElement\":[{\"@type\":\"ListItem\",\"position\":1,\"name\":\"Portada\",\"item\":\"http:\\\/\\\/vincentians.com\\\/es\\\/\"},{\"@type\":\"ListItem\",\"position\":2,\"name\":\"Al rescate de quienes lo necesitan\"}]},{\"@type\":\"WebSite\",\"@id\":\"http:\\\/\\\/vincentians.com\\\/es\\\/#website\",\"url\":\"http:\\\/\\\/vincentians.com\\\/es\\\/\",\"name\":\"Somos Vicencianos\",\"description\":\"Know more to serve more\",\"publisher\":{\"@id\":\"http:\\\/\\\/vincentians.com\\\/es\\\/#organization\"},\"potentialAction\":[{\"@type\":\"SearchAction\",\"target\":{\"@type\":\"EntryPoint\",\"urlTemplate\":\"http:\\\/\\\/vincentians.com\\\/es\\\/?s={search_term_string}\"},\"query-input\":{\"@type\":\"PropertyValueSpecification\",\"valueRequired\":true,\"valueName\":\"search_term_string\"}}],\"inLanguage\":\"es\"},{\"@type\":\"Organization\",\"@id\":\"http:\\\/\\\/vincentians.com\\\/es\\\/#organization\",\"name\":\"The Vincentian Network\",\"url\":\"http:\\\/\\\/vincentians.com\\\/es\\\/\",\"logo\":{\"@type\":\"ImageObject\",\"inLanguage\":\"es\",\"@id\":\"http:\\\/\\\/vincentians.com\\\/es\\\/#\\\/schema\\\/logo\\\/image\\\/\",\"url\":\"https:\\\/\\\/i1.wp.com\\\/vincentians.com\\\/es\\\/wp-content\\\/uploads\\\/sites\\\/11\\\/2016\\\/06\\\/Vincentian-Network-logo-big.png?fit=778%2C778\",\"contentUrl\":\"https:\\\/\\\/i1.wp.com\\\/vincentians.com\\\/es\\\/wp-content\\\/uploads\\\/sites\\\/11\\\/2016\\\/06\\\/Vincentian-Network-logo-big.png?fit=778%2C778\",\"width\":778,\"height\":778,\"caption\":\"The Vincentian Network\"},\"image\":{\"@id\":\"http:\\\/\\\/vincentians.com\\\/es\\\/#\\\/schema\\\/logo\\\/image\\\/\"},\"sameAs\":[\"https:\\\/\\\/www.facebook.com\\\/WeAreVincentians\\\/\",\"https:\\\/\\\/x.com\\\/WeVincentians\"]},{\"@type\":\"Person\",\"@id\":\"http:\\\/\\\/vincentians.com\\\/es\\\/#\\\/schema\\\/person\\\/9623ef4d9aa3b2dfb8c061f1499288f2\",\"name\":\"Francisco Javier Fern\u00e1ndez Chento\",\"image\":{\"@type\":\"ImageObject\",\"inLanguage\":\"es\",\"@id\":\"https:\\\/\\\/secure.gravatar.com\\\/avatar\\\/497d5cde87b4c3d097d0315953521681ba2cd523ee66e5077c3711f7021e65de?s=96&d=mm&r=g\",\"url\":\"https:\\\/\\\/secure.gravatar.com\\\/avatar\\\/497d5cde87b4c3d097d0315953521681ba2cd523ee66e5077c3711f7021e65de?s=96&d=mm&r=g\",\"contentUrl\":\"https:\\\/\\\/secure.gravatar.com\\\/avatar\\\/497d5cde87b4c3d097d0315953521681ba2cd523ee66e5077c3711f7021e65de?s=96&d=mm&r=g\",\"caption\":\"Francisco Javier Fern\u00e1ndez Chento\"},\"description\":\"Director General y cofundador de La Red de Formaci\u00f3n Vicenciana. Javier es laico vicenciano, afiliado a la Congregaci\u00f3n de la Misi\u00f3n y miembro del Equipo de Misiones Populares de la provincia can\u00f3nica de Zaragoza (Espa\u00f1a) de la Congregaci\u00f3n de la Misi\u00f3n. Graduado en la Universidad Oberta de Catalunya con cuatro grados (Asistente de direcci\u00f3n, Gesti\u00f3n Administrativa, Recursos Humanos y Contabilidad Avanzada). Bil\u00edng\u00fce Espa\u00f1ol\\\/Ingl\u00e9s. gestiona y mantiene varias p\u00e1ginas web cristianas y vicencianas, incluida including La Red de Formaci\u00f3n Vicenciana, de la que es cofundador. Actualmente es responsable del \u00e1rea de Espa\u00f1ol de .famvin, la Red de Noticias de la Familia Vicenciana. Tambi\u00e9n es m\u00fasico cat\u00f3lico y ha editado varios discos. Es Director General y cofundador de Trovador, una reconocida compa\u00f1\u00eda discogr\u00e1fica critiana de Espa\u00f1a. Trabaja en las Tecnolog\u00edas de la Informaci\u00f3n, ofreciendo servicios de alojamiento, dise\u00f1o y mantenimiento Web, as\u00ed como asesoramiento, formaci\u00f3n y soluciones inform\u00e1ticas, gesti\u00f3n documental y digitalizaci\u00f3n de textos, edici\u00f3n y maquetaci\u00f3n de libros, revistas, flyers, etc.\",\"sameAs\":[\"http:\\\/\\\/chento.org\",\"https:\\\/\\\/www.facebook.com\\\/JavierChento\",\"https:\\\/\\\/x.com\\\/https:\\\/\\\/twitter.com\\\/javierchento\"],\"url\":\"https:\\\/\\\/vincentians.com\\\/es\\\/author\\\/chento\\\/\"}]}<\/script>\n<!-- \/ Yoast SEO plugin. -->","yoast_head_json":{"title":"Al rescate de quienes lo necesitan - Somos Vicencianos","robots":{"index":"index","follow":"follow","max-snippet":"max-snippet:-1","max-image-preview":"max-image-preview:large","max-video-preview":"max-video-preview:-1"},"canonical":"http:\/\/vincentians.com\/es\/al-rescate-de-quienes-lo-necesitan\/","og_locale":"es_ES","og_type":"article","og_title":"Al rescate de quienes lo necesitan - Somos Vicencianos","og_description":"Es una ma\u00f1ana de domingo y no se ven pasar autos por la calle, s\u00f3lo de vez en cuando un taxi hace una peque\u00f1a ronda buscando pasajeros. Las aceras est\u00e1n vac\u00edas; sin embargo alg\u00fan que ... Read More","og_url":"http:\/\/vincentians.com\/es\/al-rescate-de-quienes-lo-necesitan\/","og_site_name":"Somos Vicencianos","article_publisher":"https:\/\/www.facebook.com\/WeAreVincentians\/","article_author":"https:\/\/www.facebook.com\/JavierChento","article_published_time":"2023-02-05T07:05:20+00:00","og_image":[{"width":612,"height":490,"url":"https:\/\/i0.wp.com\/vincentians.com\/es\/wp-content\/uploads\/sites\/11\/2013\/04\/msoF811D.jpg?fit=612%2C490","type":"image\/jpeg"}],"author":"Francisco Javier Fern\u00e1ndez Chento","twitter_card":"summary_large_image","twitter_creator":"@https:\/\/twitter.com\/javierchento","twitter_site":"@WeVincentians","twitter_misc":{"Escrito por":"Francisco Javier Fern\u00e1ndez Chento","Tiempo de lectura":"3 minutos"},"schema":{"@context":"https:\/\/schema.org","@graph":[{"@type":"Article","@id":"http:\/\/vincentians.com\/es\/al-rescate-de-quienes-lo-necesitan\/#article","isPartOf":{"@id":"http:\/\/vincentians.com\/es\/al-rescate-de-quienes-lo-necesitan\/"},"author":{"name":"Francisco Javier Fern\u00e1ndez Chento","@id":"http:\/\/vincentians.com\/es\/#\/schema\/person\/9623ef4d9aa3b2dfb8c061f1499288f2"},"headline":"Al rescate de quienes lo necesitan","datePublished":"2023-02-05T07:05:20+00:00","mainEntityOfPage":{"@id":"http:\/\/vincentians.com\/es\/al-rescate-de-quienes-lo-necesitan\/"},"wordCount":594,"commentCount":0,"publisher":{"@id":"http:\/\/vincentians.com\/es\/#organization"},"image":{"@id":"http:\/\/vincentians.com\/es\/al-rescate-de-quienes-lo-necesitan\/#primaryimage"},"thumbnailUrl":"https:\/\/i0.wp.com\/vincentians.com\/es\/wp-content\/uploads\/sites\/11\/2013\/04\/msoF811D.jpg?fit=612%2C490&ssl=1","articleSection":["Cen\u00e1culo Misionero"],"inLanguage":"es","potentialAction":[{"@type":"CommentAction","name":"Comment","target":["http:\/\/vincentians.com\/es\/al-rescate-de-quienes-lo-necesitan\/#respond"]}]},{"@type":"WebPage","@id":"http:\/\/vincentians.com\/es\/al-rescate-de-quienes-lo-necesitan\/","url":"http:\/\/vincentians.com\/es\/al-rescate-de-quienes-lo-necesitan\/","name":"Al rescate de quienes lo necesitan - Somos Vicencianos","isPartOf":{"@id":"http:\/\/vincentians.com\/es\/#website"},"primaryImageOfPage":{"@id":"http:\/\/vincentians.com\/es\/al-rescate-de-quienes-lo-necesitan\/#primaryimage"},"image":{"@id":"http:\/\/vincentians.com\/es\/al-rescate-de-quienes-lo-necesitan\/#primaryimage"},"thumbnailUrl":"https:\/\/i0.wp.com\/vincentians.com\/es\/wp-content\/uploads\/sites\/11\/2013\/04\/msoF811D.jpg?fit=612%2C490&ssl=1","datePublished":"2023-02-05T07:05:20+00:00","breadcrumb":{"@id":"http:\/\/vincentians.com\/es\/al-rescate-de-quienes-lo-necesitan\/#breadcrumb"},"inLanguage":"es","potentialAction":[{"@type":"ReadAction","target":["http:\/\/vincentians.com\/es\/al-rescate-de-quienes-lo-necesitan\/"]}]},{"@type":"ImageObject","inLanguage":"es","@id":"http:\/\/vincentians.com\/es\/al-rescate-de-quienes-lo-necesitan\/#primaryimage","url":"https:\/\/i0.wp.com\/vincentians.com\/es\/wp-content\/uploads\/sites\/11\/2013\/04\/msoF811D.jpg?fit=612%2C490&ssl=1","contentUrl":"https:\/\/i0.wp.com\/vincentians.com\/es\/wp-content\/uploads\/sites\/11\/2013\/04\/msoF811D.jpg?fit=612%2C490&ssl=1","width":612,"height":490},{"@type":"BreadcrumbList","@id":"http:\/\/vincentians.com\/es\/al-rescate-de-quienes-lo-necesitan\/#breadcrumb","itemListElement":[{"@type":"ListItem","position":1,"name":"Portada","item":"http:\/\/vincentians.com\/es\/"},{"@type":"ListItem","position":2,"name":"Al rescate de quienes lo necesitan"}]},{"@type":"WebSite","@id":"http:\/\/vincentians.com\/es\/#website","url":"http:\/\/vincentians.com\/es\/","name":"Somos Vicencianos","description":"Know more to serve more","publisher":{"@id":"http:\/\/vincentians.com\/es\/#organization"},"potentialAction":[{"@type":"SearchAction","target":{"@type":"EntryPoint","urlTemplate":"http:\/\/vincentians.com\/es\/?s={search_term_string}"},"query-input":{"@type":"PropertyValueSpecification","valueRequired":true,"valueName":"search_term_string"}}],"inLanguage":"es"},{"@type":"Organization","@id":"http:\/\/vincentians.com\/es\/#organization","name":"The Vincentian Network","url":"http:\/\/vincentians.com\/es\/","logo":{"@type":"ImageObject","inLanguage":"es","@id":"http:\/\/vincentians.com\/es\/#\/schema\/logo\/image\/","url":"https:\/\/i1.wp.com\/vincentians.com\/es\/wp-content\/uploads\/sites\/11\/2016\/06\/Vincentian-Network-logo-big.png?fit=778%2C778","contentUrl":"https:\/\/i1.wp.com\/vincentians.com\/es\/wp-content\/uploads\/sites\/11\/2016\/06\/Vincentian-Network-logo-big.png?fit=778%2C778","width":778,"height":778,"caption":"The Vincentian Network"},"image":{"@id":"http:\/\/vincentians.com\/es\/#\/schema\/logo\/image\/"},"sameAs":["https:\/\/www.facebook.com\/WeAreVincentians\/","https:\/\/x.com\/WeVincentians"]},{"@type":"Person","@id":"http:\/\/vincentians.com\/es\/#\/schema\/person\/9623ef4d9aa3b2dfb8c061f1499288f2","name":"Francisco Javier Fern\u00e1ndez Chento","image":{"@type":"ImageObject","inLanguage":"es","@id":"https:\/\/secure.gravatar.com\/avatar\/497d5cde87b4c3d097d0315953521681ba2cd523ee66e5077c3711f7021e65de?s=96&d=mm&r=g","url":"https:\/\/secure.gravatar.com\/avatar\/497d5cde87b4c3d097d0315953521681ba2cd523ee66e5077c3711f7021e65de?s=96&d=mm&r=g","contentUrl":"https:\/\/secure.gravatar.com\/avatar\/497d5cde87b4c3d097d0315953521681ba2cd523ee66e5077c3711f7021e65de?s=96&d=mm&r=g","caption":"Francisco Javier Fern\u00e1ndez Chento"},"description":"Director General y cofundador de La Red de Formaci\u00f3n Vicenciana. Javier es laico vicenciano, afiliado a la Congregaci\u00f3n de la Misi\u00f3n y miembro del Equipo de Misiones Populares de la provincia can\u00f3nica de Zaragoza (Espa\u00f1a) de la Congregaci\u00f3n de la Misi\u00f3n. Graduado en la Universidad Oberta de Catalunya con cuatro grados (Asistente de direcci\u00f3n, Gesti\u00f3n Administrativa, Recursos Humanos y Contabilidad Avanzada). Bil\u00edng\u00fce Espa\u00f1ol\/Ingl\u00e9s. gestiona y mantiene varias p\u00e1ginas web cristianas y vicencianas, incluida including La Red de Formaci\u00f3n Vicenciana, de la que es cofundador. Actualmente es responsable del \u00e1rea de Espa\u00f1ol de .famvin, la Red de Noticias de la Familia Vicenciana. Tambi\u00e9n es m\u00fasico cat\u00f3lico y ha editado varios discos. Es Director General y cofundador de Trovador, una reconocida compa\u00f1\u00eda discogr\u00e1fica critiana de Espa\u00f1a. Trabaja en las Tecnolog\u00edas de la Informaci\u00f3n, ofreciendo servicios de alojamiento, dise\u00f1o y mantenimiento Web, as\u00ed como asesoramiento, formaci\u00f3n y soluciones inform\u00e1ticas, gesti\u00f3n documental y digitalizaci\u00f3n de textos, edici\u00f3n y maquetaci\u00f3n de libros, revistas, flyers, etc.","sameAs":["http:\/\/chento.org","https:\/\/www.facebook.com\/JavierChento","https:\/\/x.com\/https:\/\/twitter.com\/javierchento"],"url":"https:\/\/vincentians.com\/es\/author\/chento\/"}]}},"jetpack_publicize_connections":[],"jetpack_featured_media_url":"https:\/\/i0.wp.com\/vincentians.com\/es\/wp-content\/uploads\/sites\/11\/2013\/04\/msoF811D.jpg?fit=612%2C490&ssl=1","jetpack_sharing_enabled":true,"jetpack_shortlink":"https:\/\/wp.me\/p7ETMF-4dX","jetpack-related-posts":[{"id":156,"url":"https:\/\/vincentians.com\/es\/conceptos-clave-en-misiones-populares-11-importancia-de-todos\/","url_meta":{"origin":16241,"position":0},"title":"Conceptos clave en misiones populares 11: Importancia de todos","author":"Francisco Javier Fern\u00e1ndez Chento","date":"11\/01\/2015","format":false,"excerpt":"- \u00bfPara qui\u00e9n es la Misi\u00f3n? \u00bfA qu\u00e9 tipo de personas se dirige? - A todas. Como el Sembrador de la par\u00e1bola, nosotros debemos poner a prueba todos los terrenos; tenemos que arriesgar el Mensaje hasta en aquellos lugares que menos receptivos parecen. El mensaje sembrado en el camino, en\u2026","rel":"","context":"En \u00abMisiones populares\u00bb","block_context":{"text":"Misiones populares","link":"https:\/\/vincentians.com\/es\/category\/servicios-y-ministerios\/misiones-populares-misiones\/"},"img":{"alt_text":"","src":"","width":0,"height":0},"classes":[]},{"id":118536,"url":"https:\/\/vincentians.com\/es\/vicente-de-paul-carta-1089-luisa-de-marillac-a-san-vicente\/","url_meta":{"origin":16241,"position":1},"title":"Vicente de Pa\u00fal, Carta 1089: Luisa De Marillac A San Vicente","author":"Francisco Javier Fern\u00e1ndez Chento","date":"12\/03\/2013","format":false,"excerpt":"[Junio 1648] Padre: El padre Lamberto le hablar\u00e1 de la gravedad de nuestra querida hermana Luisa, de Santiago Le ruego muy humildemente que le haga comprender lo que es la bendici\u00f3n que nos ha concedido el Santo Padre y la forma de aplicarla, para que nuestra pobre hermana pueda disfrutar\u2026","rel":"","context":"En \u00abEscritos de Vicente de Pa\u00fal\u00bb","block_context":{"text":"Escritos de Vicente de Pa\u00fal","link":"https:\/\/vincentians.com\/es\/category\/escritos\/escritos-de-vicente-de-paul\/"},"img":{"alt_text":"","src":"https:\/\/i0.wp.com\/vincentians.com\/es\/wp-content\/uploads\/sites\/11\/2016\/07\/escritos-vicente-de-paul.jpg?fit=1200%2C630&ssl=1&resize=350%2C200","width":350,"height":200,"srcset":"https:\/\/i0.wp.com\/vincentians.com\/es\/wp-content\/uploads\/sites\/11\/2016\/07\/escritos-vicente-de-paul.jpg?fit=1200%2C630&ssl=1&resize=350%2C200 1x, https:\/\/i0.wp.com\/vincentians.com\/es\/wp-content\/uploads\/sites\/11\/2016\/07\/escritos-vicente-de-paul.jpg?fit=1200%2C630&ssl=1&resize=525%2C300 1.5x, https:\/\/i0.wp.com\/vincentians.com\/es\/wp-content\/uploads\/sites\/11\/2016\/07\/escritos-vicente-de-paul.jpg?fit=1200%2C630&ssl=1&resize=700%2C400 2x, https:\/\/i0.wp.com\/vincentians.com\/es\/wp-content\/uploads\/sites\/11\/2016\/07\/escritos-vicente-de-paul.jpg?fit=1200%2C630&ssl=1&resize=1050%2C600 3x"},"classes":[]},{"id":131336,"url":"https:\/\/vincentians.com\/es\/de-la-religion-de-san-pedro\/","url_meta":{"origin":16241,"position":2},"title":"\u00abDe la religi\u00f3n de san Pedro\u00bb","author":"Francisco Javier Fern\u00e1ndez Chento","date":"24\/05\/2015","format":false,"excerpt":"\"Fue \u00e9l quien dio a unos como ap\u00f3stoles, otros como profetas, a otros como evangelistas, a otros como pastores y maestros con el fin de equipar a los consagrados para la tarea del servicio, para constituir el cuerpo del Mes\u00edas\". (Ef 4,11-12). \"La Congregaci\u00f3n de la Misi\u00f3n, seg\u00fan una tradici\u00f3n\u2026","rel":"","context":"En \u00abEspiritualidad vicenciana\u00bb","block_context":{"text":"Espiritualidad vicenciana","link":"https:\/\/vincentians.com\/es\/category\/espiritualidad\/espiritualidad-vicenciana\/"},"img":{"alt_text":"logocm","src":"https:\/\/i0.wp.com\/vicencianos.org\/wp-content\/2011\/04\/logocm-237x300.jpg?resize=350%2C200","width":350,"height":200},"classes":[]},{"id":25083,"url":"https:\/\/vincentians.com\/es\/como-se-reza-la-liturgia-de-las-horas\/","url_meta":{"origin":16241,"position":3},"title":"\u00bfC\u00f3mo se reza la Liturgia de las Horas?","author":"Francisco Javier Fern\u00e1ndez Chento","date":"11\/10\/2018","format":false,"excerpt":"Es una pregunta que se repite una y otra vez, en todos aquellos que desear\u00edan comprometerse m\u00e1s a fondo en la oraci\u00f3n de la Iglesia, pero que al mismo tiempo se sienten confundidos y como rechazados por una serie de textos y de conceptos que a simple vista parece que\u2026","rel":"","context":"En \u00abFormaci\u00f3n Cristiana\u00bb","block_context":{"text":"Formaci\u00f3n Cristiana","link":"https:\/\/vincentians.com\/es\/category\/formacion-cristiana\/"},"img":{"alt_text":"","src":"https:\/\/i0.wp.com\/vincentians.com\/es\/wp-content\/uploads\/sites\/11\/2016\/09\/sencillos-como-palomas.jpg?fit=1200%2C630&ssl=1&resize=350%2C200","width":350,"height":200,"srcset":"https:\/\/i0.wp.com\/vincentians.com\/es\/wp-content\/uploads\/sites\/11\/2016\/09\/sencillos-como-palomas.jpg?fit=1200%2C630&ssl=1&resize=350%2C200 1x, https:\/\/i0.wp.com\/vincentians.com\/es\/wp-content\/uploads\/sites\/11\/2016\/09\/sencillos-como-palomas.jpg?fit=1200%2C630&ssl=1&resize=525%2C300 1.5x, https:\/\/i0.wp.com\/vincentians.com\/es\/wp-content\/uploads\/sites\/11\/2016\/09\/sencillos-como-palomas.jpg?fit=1200%2C630&ssl=1&resize=700%2C400 2x, https:\/\/i0.wp.com\/vincentians.com\/es\/wp-content\/uploads\/sites\/11\/2016\/09\/sencillos-como-palomas.jpg?fit=1200%2C630&ssl=1&resize=1050%2C600 3x"},"classes":[]},{"id":5189,"url":"https:\/\/vincentians.com\/es\/vicente-de-paul-carta-0204-a-luisa-de-marillac-en-liancourt\/","url_meta":{"origin":16241,"position":4},"title":"Vicente de Pa\u00fal, Carta 0204: A Luisa De Marillac, en Liancourt","author":"Francisco Javier Fern\u00e1ndez Chento","date":"22\/11\/2008","format":false,"excerpt":"[1635] Bendito sea Dios, se\u00f1orita, por la bendici\u00f3n que le ha concedido en Beauvais y en Bulles, y por la que ruego a su bondad siga concediendo donde est\u00e9 usted. Me parece bien la propuesta del establecimiento de la Caridad; pero tengo miedo de que la casa lo arruine todo.\u2026","rel":"","context":"En \u00abEscritos de Vicente de Pa\u00fal\u00bb","block_context":{"text":"Escritos de Vicente de Pa\u00fal","link":"https:\/\/vincentians.com\/es\/category\/escritos\/escritos-de-vicente-de-paul\/"},"img":{"alt_text":"","src":"https:\/\/i0.wp.com\/vincentians.com\/es\/wp-content\/uploads\/sites\/11\/2016\/07\/escritos-vicente-de-paul.jpg?fit=1200%2C630&ssl=1&resize=350%2C200","width":350,"height":200,"srcset":"https:\/\/i0.wp.com\/vincentians.com\/es\/wp-content\/uploads\/sites\/11\/2016\/07\/escritos-vicente-de-paul.jpg?fit=1200%2C630&ssl=1&resize=350%2C200 1x, https:\/\/i0.wp.com\/vincentians.com\/es\/wp-content\/uploads\/sites\/11\/2016\/07\/escritos-vicente-de-paul.jpg?fit=1200%2C630&ssl=1&resize=525%2C300 1.5x, https:\/\/i0.wp.com\/vincentians.com\/es\/wp-content\/uploads\/sites\/11\/2016\/07\/escritos-vicente-de-paul.jpg?fit=1200%2C630&ssl=1&resize=700%2C400 2x, https:\/\/i0.wp.com\/vincentians.com\/es\/wp-content\/uploads\/sites\/11\/2016\/07\/escritos-vicente-de-paul.jpg?fit=1200%2C630&ssl=1&resize=1050%2C600 3x"},"classes":[]},{"id":6512,"url":"https:\/\/vincentians.com\/es\/luisa-de-marillac-pensamiento-023-retiro\/","url_meta":{"origin":16241,"position":5},"title":"Luisa de Marillac, Pensamiento 023: Retiro","author":"Francisco Javier Fern\u00e1ndez Chento","date":"23\/01\/2009","format":false,"excerpt":"2. Ver carta de San Vicente en SVP, I, 181, Sig. I. 234.(hacia 1633) 2 S\u00e1bado por la ma\u00f1ana 74. El \u00fanico medio que tengo para hallar misericordia en la hora de la muerte, es que en ese instante se encuentre en mi alma la huella de Jesucristo, lo cual\u2026","rel":"","context":"En \u00abEscritos de Luisa de Marillac\u00bb","block_context":{"text":"Escritos de Luisa de Marillac","link":"https:\/\/vincentians.com\/es\/category\/escritos\/escritos-de-luisa-de-marillac\/"},"img":{"alt_text":"","src":"https:\/\/i0.wp.com\/vincentians.com\/es\/wp-content\/uploads\/sites\/11\/2016\/07\/escritos-luisa-de-marillac.jpg?fit=1200%2C630&ssl=1&resize=350%2C200","width":350,"height":200,"srcset":"https:\/\/i0.wp.com\/vincentians.com\/es\/wp-content\/uploads\/sites\/11\/2016\/07\/escritos-luisa-de-marillac.jpg?fit=1200%2C630&ssl=1&resize=350%2C200 1x, https:\/\/i0.wp.com\/vincentians.com\/es\/wp-content\/uploads\/sites\/11\/2016\/07\/escritos-luisa-de-marillac.jpg?fit=1200%2C630&ssl=1&resize=525%2C300 1.5x, https:\/\/i0.wp.com\/vincentians.com\/es\/wp-content\/uploads\/sites\/11\/2016\/07\/escritos-luisa-de-marillac.jpg?fit=1200%2C630&ssl=1&resize=700%2C400 2x, https:\/\/i0.wp.com\/vincentians.com\/es\/wp-content\/uploads\/sites\/11\/2016\/07\/escritos-luisa-de-marillac.jpg?fit=1200%2C630&ssl=1&resize=1050%2C600 3x"},"classes":[]}],"_links":{"self":[{"href":"https:\/\/vincentians.com\/es\/wp-json\/wp\/v2\/posts\/16241","targetHints":{"allow":["GET"]}}],"collection":[{"href":"https:\/\/vincentians.com\/es\/wp-json\/wp\/v2\/posts"}],"about":[{"href":"https:\/\/vincentians.com\/es\/wp-json\/wp\/v2\/types\/post"}],"author":[{"embeddable":true,"href":"https:\/\/vincentians.com\/es\/wp-json\/wp\/v2\/users\/4"}],"replies":[{"embeddable":true,"href":"https:\/\/vincentians.com\/es\/wp-json\/wp\/v2\/comments?post=16241"}],"version-history":[{"count":1,"href":"https:\/\/vincentians.com\/es\/wp-json\/wp\/v2\/posts\/16241\/revisions"}],"predecessor-version":[{"id":404505,"href":"https:\/\/vincentians.com\/es\/wp-json\/wp\/v2\/posts\/16241\/revisions\/404505"}],"wp:featuredmedia":[{"embeddable":true,"href":"https:\/\/vincentians.com\/es\/wp-json\/wp\/v2\/media\/404141"}],"wp:attachment":[{"href":"https:\/\/vincentians.com\/es\/wp-json\/wp\/v2\/media?parent=16241"}],"wp:term":[{"taxonomy":"category","embeddable":true,"href":"https:\/\/vincentians.com\/es\/wp-json\/wp\/v2\/categories?post=16241"},{"taxonomy":"post_tag","embeddable":true,"href":"https:\/\/vincentians.com\/es\/wp-json\/wp\/v2\/tags?post=16241"}],"curies":[{"name":"wp","href":"https:\/\/api.w.org\/{rel}","templated":true}]}}