{"id":16240,"date":"2023-11-23T08:05:01","date_gmt":"2023-11-23T07:05:01","guid":{"rendered":"http:\/\/somos.vicencianos.org\/blog\/2010\/04\/02\/familia-misionera-del-cenaculo\/"},"modified":"2023-08-02T18:19:46","modified_gmt":"2023-08-02T16:19:46","slug":"familia-misionera-del-cenaculo","status":"publish","type":"post","link":"https:\/\/vincentians.com\/es\/familia-misionera-del-cenaculo\/","title":{"rendered":"Familia misionera del Cen\u00e1culo"},"content":{"rendered":"<p><strong>Sacerdote o Hermano Misionero<\/strong><\/p>\n<p>Los encontrar\u00e1s movi\u00e9ndose de misi\u00f3n en misi\u00f3n, encar\u00e1ndose a lo desconocido, llevando esperanza a los necesitados, entre los pobres, los abandonados, los menospreciados, entre los inmigrantes hispanos en los Estados Unidos, los marginados en las ciudades grandes y en las \u00e1reas rurales de Am\u00e9rica Central y M\u00e9xico y en las monta\u00f1as de Puerto Rico y Costa Rica. Son estos los <strong>Sacerdotes y Hermanos Misioneros Trinitarios<\/strong>. Hombres desprendidos que escucharon la llamada de Cristo: \u00ab<em>Si alguno quiere ser grande entre ustedes, deber\u00e1 ser siervo de los dem\u00e1s<\/em>\u00ab.<\/p>\n<p><strong>Hermana Misionera<\/strong><\/p>\n<p>Las <strong>Siervas Misioneras de la Beat\u00edsima Trinidad<\/strong>, como respuesta a las necesidades de la Iglesia y de nuestros tiempos sirven a personas de muchas razas, religiones y culturas. Geogr\u00e1ficamente sus misiones se extienden desde el norte de los Estados Unidos al este a Puerto Rico hasta el sur de M\u00e9xico, desde las \u00e1reas rurales hasta el interior de las ciudades, dondequiera que se oye el lamento de los pobres. Su ministerio es tan variado como variados los pueblos a quienes sirven: servicio social, ministerio pastoral, educaci\u00f3n, retiros y ministerios en los campus universitarios. Al servir a Cristo abandonado, su reto constante y su meta es lograr que todo cat\u00f3lico sea un Ap\u00f3stol.<\/p>\n<p><strong>Instituto Secular<\/strong><\/p>\n<p>Una persona que desea buscar la perfecci\u00f3n cristiana por medio de la profesi\u00f3n privada de votos de Pobreza, Castidad y Obediencia, puede hacerlo sin unirse a una comunidad religiosa. Permaneciendo en la vida secular y reteniendo vestido secular, oficio y condici\u00f3n de vida, los miembros del <strong>Instituto Misionero de la Sant\u00edsima Trinidad<\/strong> no s\u00f3lo permanecen en la sociedad en que vive, sino que forman parte vital de ella, con la misi\u00f3n de llevar a Cristo al mundo que los rodea.<\/p>\n<p><strong>Misionero Laico<\/strong><\/p>\n<p>No tienes que abandonar tu familia, tu hogar o tu trabajo para ser un misionero. Los miembros del <strong>Apostolado del Cen\u00e1culo Misionero<\/strong> son laicos que viven una vida apost\u00f3lica y hacen labor misionera en su vida diaria. Son instrumentos para llevar el amor de Dios a los pobres y a todos los que no experimentan el amor de Cristo. Forman peque\u00f1as comunidades de misioneros laicos del Cen\u00e1culo que oran juntos, y se animan mutuamente en su labor misionera. Algunos son solteros, parejas casadas y otros. Todos est\u00e1n dedicados a compartir la Buena nueva por dondequiera que se encuentren<\/p>\n<p><strong>Servicio Voluntario En Una Misi\u00f3n<\/strong><\/p>\n<p>Si eres hombre o mujer, casado o soltero, graduado de universidad o de Escuela Superior, podr\u00edas ser un instrumento para hacer llegar el amor de Dios a otros. No importa la edad que tengas ahora, es suficiente tu deseo de servir a los pobres como voluntario del Cen\u00e1culo Misionero. Ten en cuenta que puedes experimentar el servicio misionero por un determinado tiempo: un mes, un a\u00f1o, o lo que t\u00fa decidas en comunicaci\u00f3n con el Esp\u00edritu Santo. As\u00ed tus talentos se multiplicar\u00e1n en las labores parroquiales generales, ense\u00f1anza religiosa, programas de salud y de servicios sociales. Podr\u00edas trabajar entre los abandonados, impedidos, ni\u00f1os, ancianos y otros que necesitan de ti. Tu servicio como voluntario podr\u00eda ser en gratitud o sacrificio, una celebraci\u00f3n de la vida en servicio de los dem\u00e1s.<\/p>\n<p style=\"text-align: right\"><em>Tomado de la p\u00e1gina Web de Misioneros Trinitarios de Costa Rica<\/em><\/p>\n","protected":false},"excerpt":{"rendered":"<p>Sacerdote o Hermano Misionero Los encontrar\u00e1s movi\u00e9ndose de misi\u00f3n en misi\u00f3n, encar\u00e1ndose a lo desconocido, llevando esperanza a los necesitados, entre los pobres, los abandonados, los menospreciados, entre los inmigrantes hispanos en los Estados Unidos, &#8230; <a href=\"https:\/\/vincentians.com\/es\/familia-misionera-del-cenaculo\/\" class=\"more-link\">Read More<\/a><\/p>\n","protected":false},"author":4,"featured_media":404077,"comment_status":"open","ping_status":"open","sticky":false,"template":"","format":"standard","meta":{"jetpack_post_was_ever_published":false,"_jetpack_newsletter_access":"","_jetpack_dont_email_post_to_subs":false,"_jetpack_newsletter_tier_id":0,"_jetpack_memberships_contains_paywalled_content":false,"_jetpack_memberships_contains_paid_content":false,"footnotes":"","jetpack_publicize_message":"","jetpack_publicize_feature_enabled":true,"jetpack_social_post_already_shared":true,"jetpack_social_options":{"image_generator_settings":{"template":"highway","default_image_id":0,"font":"","enabled":false},"version":2}},"categories":[338],"tags":[172],"class_list":["post-16240","post","type-post","status-publish","format-standard","has-post-thumbnail","hentry","category-cenaculo-misionero","tag-pobreza"],"yoast_head":"<!-- This site is optimized with the Yoast SEO plugin v26.3 - https:\/\/yoast.com\/wordpress\/plugins\/seo\/ -->\n<title>Familia misionera del Cen\u00e1culo - Somos Vicencianos<\/title>\n<meta name=\"robots\" content=\"index, follow, max-snippet:-1, max-image-preview:large, max-video-preview:-1\" \/>\n<link rel=\"canonical\" href=\"https:\/\/vincentians.com\/es\/familia-misionera-del-cenaculo\/\" \/>\n<meta property=\"og:locale\" content=\"es_ES\" \/>\n<meta property=\"og:type\" content=\"article\" \/>\n<meta property=\"og:title\" content=\"Familia misionera del Cen\u00e1culo - Somos Vicencianos\" \/>\n<meta property=\"og:description\" content=\"Sacerdote o Hermano Misionero Los encontrar\u00e1s movi\u00e9ndose de misi\u00f3n en misi\u00f3n, encar\u00e1ndose a lo desconocido, llevando esperanza a los necesitados, entre los pobres, los abandonados, los menospreciados, entre los inmigrantes hispanos en los Estados Unidos, ... Read More\" \/>\n<meta property=\"og:url\" content=\"https:\/\/vincentians.com\/es\/familia-misionera-del-cenaculo\/\" \/>\n<meta property=\"og:site_name\" content=\"Somos Vicencianos\" \/>\n<meta property=\"article:publisher\" content=\"https:\/\/www.facebook.com\/WeAreVincentians\/\" \/>\n<meta property=\"article:author\" content=\"https:\/\/www.facebook.com\/JavierChento\" \/>\n<meta property=\"article:published_time\" content=\"2023-11-23T07:05:01+00:00\" \/>\n<meta property=\"og:image\" content=\"https:\/\/i0.wp.com\/vincentians.com\/es\/wp-content\/uploads\/sites\/11\/2013\/04\/formacion_permanente.jpg?fit=303%2C303&ssl=1\" \/>\n\t<meta property=\"og:image:width\" content=\"303\" \/>\n\t<meta property=\"og:image:height\" content=\"303\" \/>\n\t<meta property=\"og:image:type\" content=\"image\/jpeg\" \/>\n<meta name=\"author\" content=\"Francisco Javier Fern\u00e1ndez Chento\" \/>\n<meta name=\"twitter:card\" content=\"summary_large_image\" \/>\n<meta name=\"twitter:creator\" content=\"@https:\/\/twitter.com\/javierchento\" \/>\n<meta name=\"twitter:site\" content=\"@WeVincentians\" \/>\n<meta name=\"twitter:label1\" content=\"Escrito por\" \/>\n\t<meta name=\"twitter:data1\" content=\"Francisco Javier Fern\u00e1ndez Chento\" \/>\n\t<meta name=\"twitter:label2\" content=\"Tiempo de lectura\" \/>\n\t<meta name=\"twitter:data2\" content=\"3 minutos\" \/>\n<script type=\"application\/ld+json\" class=\"yoast-schema-graph\">{\"@context\":\"https:\/\/schema.org\",\"@graph\":[{\"@type\":\"Article\",\"@id\":\"https:\/\/vincentians.com\/es\/familia-misionera-del-cenaculo\/#article\",\"isPartOf\":{\"@id\":\"https:\/\/vincentians.com\/es\/familia-misionera-del-cenaculo\/\"},\"author\":{\"name\":\"Francisco Javier Fern\u00e1ndez Chento\",\"@id\":\"https:\/\/vincentians.com\/es\/#\/schema\/person\/9623ef4d9aa3b2dfb8c061f1499288f2\"},\"headline\":\"Familia misionera del Cen\u00e1culo\",\"datePublished\":\"2023-11-23T07:05:01+00:00\",\"mainEntityOfPage\":{\"@id\":\"https:\/\/vincentians.com\/es\/familia-misionera-del-cenaculo\/\"},\"wordCount\":577,\"commentCount\":1,\"publisher\":{\"@id\":\"https:\/\/vincentians.com\/es\/#organization\"},\"image\":{\"@id\":\"https:\/\/vincentians.com\/es\/familia-misionera-del-cenaculo\/#primaryimage\"},\"thumbnailUrl\":\"https:\/\/i0.wp.com\/vincentians.com\/es\/wp-content\/uploads\/sites\/11\/2013\/04\/formacion_permanente.jpg?fit=303%2C303&ssl=1\",\"keywords\":[\"Pobreza\"],\"articleSection\":[\"Cen\u00e1culo Misionero\"],\"inLanguage\":\"es\",\"potentialAction\":[{\"@type\":\"CommentAction\",\"name\":\"Comment\",\"target\":[\"https:\/\/vincentians.com\/es\/familia-misionera-del-cenaculo\/#respond\"]}]},{\"@type\":\"WebPage\",\"@id\":\"https:\/\/vincentians.com\/es\/familia-misionera-del-cenaculo\/\",\"url\":\"https:\/\/vincentians.com\/es\/familia-misionera-del-cenaculo\/\",\"name\":\"Familia misionera del Cen\u00e1culo - Somos Vicencianos\",\"isPartOf\":{\"@id\":\"https:\/\/vincentians.com\/es\/#website\"},\"primaryImageOfPage\":{\"@id\":\"https:\/\/vincentians.com\/es\/familia-misionera-del-cenaculo\/#primaryimage\"},\"image\":{\"@id\":\"https:\/\/vincentians.com\/es\/familia-misionera-del-cenaculo\/#primaryimage\"},\"thumbnailUrl\":\"https:\/\/i0.wp.com\/vincentians.com\/es\/wp-content\/uploads\/sites\/11\/2013\/04\/formacion_permanente.jpg?fit=303%2C303&ssl=1\",\"datePublished\":\"2023-11-23T07:05:01+00:00\",\"breadcrumb\":{\"@id\":\"https:\/\/vincentians.com\/es\/familia-misionera-del-cenaculo\/#breadcrumb\"},\"inLanguage\":\"es\",\"potentialAction\":[{\"@type\":\"ReadAction\",\"target\":[\"https:\/\/vincentians.com\/es\/familia-misionera-del-cenaculo\/\"]}]},{\"@type\":\"ImageObject\",\"inLanguage\":\"es\",\"@id\":\"https:\/\/vincentians.com\/es\/familia-misionera-del-cenaculo\/#primaryimage\",\"url\":\"https:\/\/i0.wp.com\/vincentians.com\/es\/wp-content\/uploads\/sites\/11\/2013\/04\/formacion_permanente.jpg?fit=303%2C303&ssl=1\",\"contentUrl\":\"https:\/\/i0.wp.com\/vincentians.com\/es\/wp-content\/uploads\/sites\/11\/2013\/04\/formacion_permanente.jpg?fit=303%2C303&ssl=1\",\"width\":303,\"height\":303},{\"@type\":\"BreadcrumbList\",\"@id\":\"https:\/\/vincentians.com\/es\/familia-misionera-del-cenaculo\/#breadcrumb\",\"itemListElement\":[{\"@type\":\"ListItem\",\"position\":1,\"name\":\"Portada\",\"item\":\"https:\/\/vincentians.com\/es\/\"},{\"@type\":\"ListItem\",\"position\":2,\"name\":\"Familia misionera del Cen\u00e1culo\"}]},{\"@type\":\"WebSite\",\"@id\":\"https:\/\/vincentians.com\/es\/#website\",\"url\":\"https:\/\/vincentians.com\/es\/\",\"name\":\"Somos Vicencianos\",\"description\":\"Know more to serve more\",\"publisher\":{\"@id\":\"https:\/\/vincentians.com\/es\/#organization\"},\"potentialAction\":[{\"@type\":\"SearchAction\",\"target\":{\"@type\":\"EntryPoint\",\"urlTemplate\":\"https:\/\/vincentians.com\/es\/?s={search_term_string}\"},\"query-input\":{\"@type\":\"PropertyValueSpecification\",\"valueRequired\":true,\"valueName\":\"search_term_string\"}}],\"inLanguage\":\"es\"},{\"@type\":\"Organization\",\"@id\":\"https:\/\/vincentians.com\/es\/#organization\",\"name\":\"The Vincentian Network\",\"url\":\"https:\/\/vincentians.com\/es\/\",\"logo\":{\"@type\":\"ImageObject\",\"inLanguage\":\"es\",\"@id\":\"https:\/\/vincentians.com\/es\/#\/schema\/logo\/image\/\",\"url\":\"https:\/\/i1.wp.com\/vincentians.com\/es\/wp-content\/uploads\/sites\/11\/2016\/06\/Vincentian-Network-logo-big.png?fit=778%2C778\",\"contentUrl\":\"https:\/\/i1.wp.com\/vincentians.com\/es\/wp-content\/uploads\/sites\/11\/2016\/06\/Vincentian-Network-logo-big.png?fit=778%2C778\",\"width\":778,\"height\":778,\"caption\":\"The Vincentian Network\"},\"image\":{\"@id\":\"https:\/\/vincentians.com\/es\/#\/schema\/logo\/image\/\"},\"sameAs\":[\"https:\/\/www.facebook.com\/WeAreVincentians\/\",\"https:\/\/x.com\/WeVincentians\"]},{\"@type\":\"Person\",\"@id\":\"https:\/\/vincentians.com\/es\/#\/schema\/person\/9623ef4d9aa3b2dfb8c061f1499288f2\",\"name\":\"Francisco Javier Fern\u00e1ndez Chento\",\"image\":{\"@type\":\"ImageObject\",\"inLanguage\":\"es\",\"@id\":\"https:\/\/vincentians.com\/es\/#\/schema\/person\/image\/\",\"url\":\"https:\/\/secure.gravatar.com\/avatar\/497d5cde87b4c3d097d0315953521681ba2cd523ee66e5077c3711f7021e65de?s=96&d=mm&r=g\",\"contentUrl\":\"https:\/\/secure.gravatar.com\/avatar\/497d5cde87b4c3d097d0315953521681ba2cd523ee66e5077c3711f7021e65de?s=96&d=mm&r=g\",\"caption\":\"Francisco Javier Fern\u00e1ndez Chento\"},\"description\":\"Director General y cofundador de La Red de Formaci\u00f3n Vicenciana. Javier es laico vicenciano, afiliado a la Congregaci\u00f3n de la Misi\u00f3n y miembro del Equipo de Misiones Populares de la provincia can\u00f3nica de Zaragoza (Espa\u00f1a) de la Congregaci\u00f3n de la Misi\u00f3n. Graduado en la Universidad Oberta de Catalunya con cuatro grados (Asistente de direcci\u00f3n, Gesti\u00f3n Administrativa, Recursos Humanos y Contabilidad Avanzada). Bil\u00edng\u00fce Espa\u00f1ol\/Ingl\u00e9s. gestiona y mantiene varias p\u00e1ginas web cristianas y vicencianas, incluida including La Red de Formaci\u00f3n Vicenciana, de la que es cofundador. Actualmente es responsable del \u00e1rea de Espa\u00f1ol de .famvin, la Red de Noticias de la Familia Vicenciana. Tambi\u00e9n es m\u00fasico cat\u00f3lico y ha editado varios discos. Es Director General y cofundador de Trovador, una reconocida compa\u00f1\u00eda discogr\u00e1fica critiana de Espa\u00f1a. Trabaja en las Tecnolog\u00edas de la Informaci\u00f3n, ofreciendo servicios de alojamiento, dise\u00f1o y mantenimiento Web, as\u00ed como asesoramiento, formaci\u00f3n y soluciones inform\u00e1ticas, gesti\u00f3n documental y digitalizaci\u00f3n de textos, edici\u00f3n y maquetaci\u00f3n de libros, revistas, flyers, etc.\",\"sameAs\":[\"http:\/\/chento.org\",\"https:\/\/www.facebook.com\/JavierChento\",\"https:\/\/x.com\/https:\/\/twitter.com\/javierchento\"],\"url\":\"https:\/\/vincentians.com\/es\/author\/chento\/\"}]}<\/script>\n<!-- \/ Yoast SEO plugin. -->","yoast_head_json":{"title":"Familia misionera del Cen\u00e1culo - Somos Vicencianos","robots":{"index":"index","follow":"follow","max-snippet":"max-snippet:-1","max-image-preview":"max-image-preview:large","max-video-preview":"max-video-preview:-1"},"canonical":"https:\/\/vincentians.com\/es\/familia-misionera-del-cenaculo\/","og_locale":"es_ES","og_type":"article","og_title":"Familia misionera del Cen\u00e1culo - Somos Vicencianos","og_description":"Sacerdote o Hermano Misionero Los encontrar\u00e1s movi\u00e9ndose de misi\u00f3n en misi\u00f3n, encar\u00e1ndose a lo desconocido, llevando esperanza a los necesitados, entre los pobres, los abandonados, los menospreciados, entre los inmigrantes hispanos en los Estados Unidos, ... Read More","og_url":"https:\/\/vincentians.com\/es\/familia-misionera-del-cenaculo\/","og_site_name":"Somos Vicencianos","article_publisher":"https:\/\/www.facebook.com\/WeAreVincentians\/","article_author":"https:\/\/www.facebook.com\/JavierChento","article_published_time":"2023-11-23T07:05:01+00:00","og_image":[{"width":303,"height":303,"url":"https:\/\/i0.wp.com\/vincentians.com\/es\/wp-content\/uploads\/sites\/11\/2013\/04\/formacion_permanente.jpg?fit=303%2C303&ssl=1","type":"image\/jpeg"}],"author":"Francisco Javier Fern\u00e1ndez Chento","twitter_card":"summary_large_image","twitter_creator":"@https:\/\/twitter.com\/javierchento","twitter_site":"@WeVincentians","twitter_misc":{"Escrito por":"Francisco Javier Fern\u00e1ndez Chento","Tiempo de lectura":"3 minutos"},"schema":{"@context":"https:\/\/schema.org","@graph":[{"@type":"Article","@id":"https:\/\/vincentians.com\/es\/familia-misionera-del-cenaculo\/#article","isPartOf":{"@id":"https:\/\/vincentians.com\/es\/familia-misionera-del-cenaculo\/"},"author":{"name":"Francisco Javier Fern\u00e1ndez Chento","@id":"https:\/\/vincentians.com\/es\/#\/schema\/person\/9623ef4d9aa3b2dfb8c061f1499288f2"},"headline":"Familia misionera del Cen\u00e1culo","datePublished":"2023-11-23T07:05:01+00:00","mainEntityOfPage":{"@id":"https:\/\/vincentians.com\/es\/familia-misionera-del-cenaculo\/"},"wordCount":577,"commentCount":1,"publisher":{"@id":"https:\/\/vincentians.com\/es\/#organization"},"image":{"@id":"https:\/\/vincentians.com\/es\/familia-misionera-del-cenaculo\/#primaryimage"},"thumbnailUrl":"https:\/\/i0.wp.com\/vincentians.com\/es\/wp-content\/uploads\/sites\/11\/2013\/04\/formacion_permanente.jpg?fit=303%2C303&ssl=1","keywords":["Pobreza"],"articleSection":["Cen\u00e1culo Misionero"],"inLanguage":"es","potentialAction":[{"@type":"CommentAction","name":"Comment","target":["https:\/\/vincentians.com\/es\/familia-misionera-del-cenaculo\/#respond"]}]},{"@type":"WebPage","@id":"https:\/\/vincentians.com\/es\/familia-misionera-del-cenaculo\/","url":"https:\/\/vincentians.com\/es\/familia-misionera-del-cenaculo\/","name":"Familia misionera del Cen\u00e1culo - Somos Vicencianos","isPartOf":{"@id":"https:\/\/vincentians.com\/es\/#website"},"primaryImageOfPage":{"@id":"https:\/\/vincentians.com\/es\/familia-misionera-del-cenaculo\/#primaryimage"},"image":{"@id":"https:\/\/vincentians.com\/es\/familia-misionera-del-cenaculo\/#primaryimage"},"thumbnailUrl":"https:\/\/i0.wp.com\/vincentians.com\/es\/wp-content\/uploads\/sites\/11\/2013\/04\/formacion_permanente.jpg?fit=303%2C303&ssl=1","datePublished":"2023-11-23T07:05:01+00:00","breadcrumb":{"@id":"https:\/\/vincentians.com\/es\/familia-misionera-del-cenaculo\/#breadcrumb"},"inLanguage":"es","potentialAction":[{"@type":"ReadAction","target":["https:\/\/vincentians.com\/es\/familia-misionera-del-cenaculo\/"]}]},{"@type":"ImageObject","inLanguage":"es","@id":"https:\/\/vincentians.com\/es\/familia-misionera-del-cenaculo\/#primaryimage","url":"https:\/\/i0.wp.com\/vincentians.com\/es\/wp-content\/uploads\/sites\/11\/2013\/04\/formacion_permanente.jpg?fit=303%2C303&ssl=1","contentUrl":"https:\/\/i0.wp.com\/vincentians.com\/es\/wp-content\/uploads\/sites\/11\/2013\/04\/formacion_permanente.jpg?fit=303%2C303&ssl=1","width":303,"height":303},{"@type":"BreadcrumbList","@id":"https:\/\/vincentians.com\/es\/familia-misionera-del-cenaculo\/#breadcrumb","itemListElement":[{"@type":"ListItem","position":1,"name":"Portada","item":"https:\/\/vincentians.com\/es\/"},{"@type":"ListItem","position":2,"name":"Familia misionera del Cen\u00e1culo"}]},{"@type":"WebSite","@id":"https:\/\/vincentians.com\/es\/#website","url":"https:\/\/vincentians.com\/es\/","name":"Somos Vicencianos","description":"Know more to serve more","publisher":{"@id":"https:\/\/vincentians.com\/es\/#organization"},"potentialAction":[{"@type":"SearchAction","target":{"@type":"EntryPoint","urlTemplate":"https:\/\/vincentians.com\/es\/?s={search_term_string}"},"query-input":{"@type":"PropertyValueSpecification","valueRequired":true,"valueName":"search_term_string"}}],"inLanguage":"es"},{"@type":"Organization","@id":"https:\/\/vincentians.com\/es\/#organization","name":"The Vincentian Network","url":"https:\/\/vincentians.com\/es\/","logo":{"@type":"ImageObject","inLanguage":"es","@id":"https:\/\/vincentians.com\/es\/#\/schema\/logo\/image\/","url":"https:\/\/i1.wp.com\/vincentians.com\/es\/wp-content\/uploads\/sites\/11\/2016\/06\/Vincentian-Network-logo-big.png?fit=778%2C778","contentUrl":"https:\/\/i1.wp.com\/vincentians.com\/es\/wp-content\/uploads\/sites\/11\/2016\/06\/Vincentian-Network-logo-big.png?fit=778%2C778","width":778,"height":778,"caption":"The Vincentian Network"},"image":{"@id":"https:\/\/vincentians.com\/es\/#\/schema\/logo\/image\/"},"sameAs":["https:\/\/www.facebook.com\/WeAreVincentians\/","https:\/\/x.com\/WeVincentians"]},{"@type":"Person","@id":"https:\/\/vincentians.com\/es\/#\/schema\/person\/9623ef4d9aa3b2dfb8c061f1499288f2","name":"Francisco Javier Fern\u00e1ndez Chento","image":{"@type":"ImageObject","inLanguage":"es","@id":"https:\/\/vincentians.com\/es\/#\/schema\/person\/image\/","url":"https:\/\/secure.gravatar.com\/avatar\/497d5cde87b4c3d097d0315953521681ba2cd523ee66e5077c3711f7021e65de?s=96&d=mm&r=g","contentUrl":"https:\/\/secure.gravatar.com\/avatar\/497d5cde87b4c3d097d0315953521681ba2cd523ee66e5077c3711f7021e65de?s=96&d=mm&r=g","caption":"Francisco Javier Fern\u00e1ndez Chento"},"description":"Director General y cofundador de La Red de Formaci\u00f3n Vicenciana. Javier es laico vicenciano, afiliado a la Congregaci\u00f3n de la Misi\u00f3n y miembro del Equipo de Misiones Populares de la provincia can\u00f3nica de Zaragoza (Espa\u00f1a) de la Congregaci\u00f3n de la Misi\u00f3n. Graduado en la Universidad Oberta de Catalunya con cuatro grados (Asistente de direcci\u00f3n, Gesti\u00f3n Administrativa, Recursos Humanos y Contabilidad Avanzada). Bil\u00edng\u00fce Espa\u00f1ol\/Ingl\u00e9s. gestiona y mantiene varias p\u00e1ginas web cristianas y vicencianas, incluida including La Red de Formaci\u00f3n Vicenciana, de la que es cofundador. Actualmente es responsable del \u00e1rea de Espa\u00f1ol de .famvin, la Red de Noticias de la Familia Vicenciana. Tambi\u00e9n es m\u00fasico cat\u00f3lico y ha editado varios discos. Es Director General y cofundador de Trovador, una reconocida compa\u00f1\u00eda discogr\u00e1fica critiana de Espa\u00f1a. Trabaja en las Tecnolog\u00edas de la Informaci\u00f3n, ofreciendo servicios de alojamiento, dise\u00f1o y mantenimiento Web, as\u00ed como asesoramiento, formaci\u00f3n y soluciones inform\u00e1ticas, gesti\u00f3n documental y digitalizaci\u00f3n de textos, edici\u00f3n y maquetaci\u00f3n de libros, revistas, flyers, etc.","sameAs":["http:\/\/chento.org","https:\/\/www.facebook.com\/JavierChento","https:\/\/x.com\/https:\/\/twitter.com\/javierchento"],"url":"https:\/\/vincentians.com\/es\/author\/chento\/"}]}},"jetpack_publicize_connections":[],"jetpack_featured_media_url":"https:\/\/i0.wp.com\/vincentians.com\/es\/wp-content\/uploads\/sites\/11\/2013\/04\/formacion_permanente.jpg?fit=303%2C303&ssl=1","jetpack_sharing_enabled":true,"jetpack_shortlink":"https:\/\/wp.me\/p7ETMF-4dW","jetpack-related-posts":[{"id":16231,"url":"https:\/\/vincentians.com\/es\/tomas-agustin-judge-c-m-fundador-del-cenaculo-misionero\/","url_meta":{"origin":16240,"position":0},"title":"Tom\u00e1s Agust\u00edn Judge C.M., fundador del Cen\u00e1culo Misionero","author":"Francisco Javier Fern\u00e1ndez Chento","date":"29\/11\/2023","format":false,"excerpt":"Tom\u00e1s Agust\u00edn Judge naci\u00f3 el 22 de agosto de 1868, en la ciudad de Boston. Massachusetts, EE.UU. Hijo de padres inmigrantes irlandeses, era el m\u00e1s joven de 5 hermanos, 2 hombres y, 3 mujeres. Su padre era pintor, muri\u00f3 cuando \u00e9l ten\u00eda 19 a\u00f1os. La muerte del se\u00f1or Judge fue\u2026","rel":"","context":"En \u00abCen\u00e1culo Misionero\u00bb","block_context":{"text":"Cen\u00e1culo Misionero","link":"https:\/\/vincentians.com\/es\/category\/la-familia-vicenciana\/ramas\/cenaculo-misionero\/"},"img":{"alt_text":"","src":"https:\/\/i0.wp.com\/vincentians.com\/es\/wp-content\/uploads\/sites\/11\/2013\/04\/formacion_permanente-1.jpg?fit=303%2C303&ssl=1&resize=350%2C200","width":350,"height":200},"classes":[]},{"id":16236,"url":"https:\/\/vincentians.com\/es\/breve-historia-de-los-misioneros-trinitarios\/","url_meta":{"origin":16240,"position":1},"title":"Breve Historia de los Misioneros Trinitarios","author":"Francisco Javier Fern\u00e1ndez Chento","date":"13\/02\/2023","format":false,"excerpt":"Los Misioneros Trinitarios es una congregaci\u00f3n religiosa de sacerdotes y hermanos religiosos, fundada en 1929 por el Padre Tom\u00e1s Agust\u00edn Judge, C.M. En nuestros esfuerzos apost\u00f3licos, trabajamos entre los pobres de las Am\u00e9ricas. Damos \u00e9nfasis al desarrollo de los ministerios de los laicos de manera que puedan servir en la\u2026","rel":"","context":"En \u00abCen\u00e1culo Misionero\u00bb","block_context":{"text":"Cen\u00e1culo Misionero","link":"https:\/\/vincentians.com\/es\/category\/la-familia-vicenciana\/ramas\/cenaculo-misionero\/"},"img":{"alt_text":"","src":"https:\/\/i0.wp.com\/vincentians.com\/es\/wp-content\/uploads\/sites\/11\/2013\/04\/Entorno-de-San-Vicente-7-Berceau.jpg?fit=640%2C432&ssl=1&resize=350%2C200","width":350,"height":200,"srcset":"https:\/\/i0.wp.com\/vincentians.com\/es\/wp-content\/uploads\/sites\/11\/2013\/04\/Entorno-de-San-Vicente-7-Berceau.jpg?fit=640%2C432&ssl=1&resize=350%2C200 1x, https:\/\/i0.wp.com\/vincentians.com\/es\/wp-content\/uploads\/sites\/11\/2013\/04\/Entorno-de-San-Vicente-7-Berceau.jpg?fit=640%2C432&ssl=1&resize=525%2C300 1.5x"},"classes":[]},{"id":16269,"url":"https:\/\/vincentians.com\/es\/meditaciones-del-cenaculo-misionero-reparacion\/","url_meta":{"origin":16240,"position":2},"title":"Meditaciones del Cen\u00e1culo Misionero: Reparaci\u00f3n","author":"Francisco Javier Fern\u00e1ndez Chento","date":"01\/12\/2023","format":false,"excerpt":"Mi\u00e9rcoles, Semana Santa Carta Conferencia a los Siervos Misioneros, 1 JUL. 1922, MF 9500. \u00a1Qu\u00e9 vocaci\u00f3n y qu\u00e9 vida la de un misionero! No podemos nunca alabar y dar gracias a Dios lo suficiente por tal gracia. Tal parece que esto se hace m\u00e1s evidente a nosotros en d\u00edas como\u2026","rel":"","context":"En \u00abCen\u00e1culo Misionero\u00bb","block_context":{"text":"Cen\u00e1culo Misionero","link":"https:\/\/vincentians.com\/es\/category\/la-familia-vicenciana\/ramas\/cenaculo-misionero\/"},"img":{"alt_text":"","src":"https:\/\/i0.wp.com\/vincentians.com\/es\/wp-content\/uploads\/sites\/11\/2013\/04\/formacion_permanente-1.jpg?fit=303%2C303&ssl=1&resize=350%2C200","width":350,"height":200},"classes":[]},{"id":16273,"url":"https:\/\/vincentians.com\/es\/meditaciones-del-cenaculo-misionero-el-espiritu-de-nuestros-votos\/","url_meta":{"origin":16240,"position":3},"title":"Meditaciones del Cen\u00e1culo Misionero: El Esp\u00edritu De Nuestros Votos","author":"Francisco Javier Fern\u00e1ndez Chento","date":"07\/12\/2023","format":false,"excerpt":"Viernes Santo Carta a los Siervos Misioneros, 22 MAR. 1923, MF 5329. \u00a1La Pobreza, la Obediencia y la Castidad! \u00a1Qu\u00e9 gloriosas cuentas del rosario son, uniendo nuestros corazones al Sagrado Coraz\u00f3n de Jes\u00fas! Encontramos a nuestro amado Se\u00f1or tal como la Iglesia lo present\u00f3 el domingo pasado, en medio de\u2026","rel":"","context":"En \u00abCen\u00e1culo Misionero\u00bb","block_context":{"text":"Cen\u00e1culo Misionero","link":"https:\/\/vincentians.com\/es\/category\/la-familia-vicenciana\/ramas\/cenaculo-misionero\/"},"img":{"alt_text":"","src":"https:\/\/i0.wp.com\/vincentians.com\/es\/wp-content\/uploads\/sites\/11\/2013\/04\/formacion_permanente-1.jpg?fit=303%2C303&ssl=1&resize=350%2C200","width":350,"height":200},"classes":[]},{"id":39739,"url":"https:\/\/vincentians.com\/es\/papel-de-la-hermana-en-el-equipo-misionero\/","url_meta":{"origin":16240,"position":4},"title":"Papel de la Hermana en el Equipo Misionero","author":"Francisco Javier Fern\u00e1ndez Chento","date":"02\/04\/2017","format":false,"excerpt":"Experiencia y Reflexi\u00f3n sobre la Misi\u00f3n En la historia de la Iglesia, el dinamismo misionero ha sido siempre un signo de vitalidad; la fe se confirma cuando se da. Juntos, sacerdotes, Hermanas, laicos, somos enviados a nuestros hermanos para acompa\u00f1arles en la b\u00fasqueda del sentido de su vida, en sus\u2026","rel":"","context":"En \u00abHijas de la Caridad\u00bb","block_context":{"text":"Hijas de la Caridad","link":"https:\/\/vincentians.com\/es\/category\/la-familia-vicenciana\/ramas\/hijas-de-la-caridad\/"},"img":{"alt_text":"","src":"https:\/\/i0.wp.com\/vincentians.com\/es\/wp-content\/uploads\/sites\/11\/2011\/11\/HIjas-Caridad.jpg?fit=1200%2C600&ssl=1&resize=350%2C200","width":350,"height":200,"srcset":"https:\/\/i0.wp.com\/vincentians.com\/es\/wp-content\/uploads\/sites\/11\/2011\/11\/HIjas-Caridad.jpg?fit=1200%2C600&ssl=1&resize=350%2C200 1x, https:\/\/i0.wp.com\/vincentians.com\/es\/wp-content\/uploads\/sites\/11\/2011\/11\/HIjas-Caridad.jpg?fit=1200%2C600&ssl=1&resize=525%2C300 1.5x, https:\/\/i0.wp.com\/vincentians.com\/es\/wp-content\/uploads\/sites\/11\/2011\/11\/HIjas-Caridad.jpg?fit=1200%2C600&ssl=1&resize=700%2C400 2x, https:\/\/i0.wp.com\/vincentians.com\/es\/wp-content\/uploads\/sites\/11\/2011\/11\/HIjas-Caridad.jpg?fit=1200%2C600&ssl=1&resize=1050%2C600 3x"},"classes":[]},{"id":16274,"url":"https:\/\/vincentians.com\/es\/meditaciones-del-cenaculo-misionero-compadeciendonos-de-nuestro-senor-en-sus-sufrimientos\/","url_meta":{"origin":16240,"position":5},"title":"Meditaciones del Cen\u00e1culo Misionero: Compadeci\u00e9ndonos de Nuestro Se\u00f1or en sus sufrimientos","author":"Francisco Javier Fern\u00e1ndez Chento","date":"26\/11\/2012","format":false,"excerpt":"Lunes, Semana Santa Carta Conferencia a los Primeros Miembros del Cen\u00e1culo, 5 AGO. 1914, MF 296-97. Estamos empezando la semana de semanas, la Semana Santa, y sin duda alguna ning\u00fan tema de meditaci\u00f3n puede ser m\u00e1s provechoso que la consideraci\u00f3n de los temas sagrados que conmemoramos durante estos d\u00edas. La\u2026","rel":"","context":"En \u00abCen\u00e1culo Misionero\u00bb","block_context":{"text":"Cen\u00e1culo Misionero","link":"https:\/\/vincentians.com\/es\/category\/la-familia-vicenciana\/ramas\/cenaculo-misionero\/"},"img":{"alt_text":"dibujo-diaconado","src":"https:\/\/i0.wp.com\/vicencianos.org\/wp-content\/2013\/11\/dibujo-diaconado.jpg?resize=350%2C200","width":350,"height":200},"classes":[]}],"_links":{"self":[{"href":"https:\/\/vincentians.com\/es\/wp-json\/wp\/v2\/posts\/16240","targetHints":{"allow":["GET"]}}],"collection":[{"href":"https:\/\/vincentians.com\/es\/wp-json\/wp\/v2\/posts"}],"about":[{"href":"https:\/\/vincentians.com\/es\/wp-json\/wp\/v2\/types\/post"}],"author":[{"embeddable":true,"href":"https:\/\/vincentians.com\/es\/wp-json\/wp\/v2\/users\/4"}],"replies":[{"embeddable":true,"href":"https:\/\/vincentians.com\/es\/wp-json\/wp\/v2\/comments?post=16240"}],"version-history":[{"count":1,"href":"https:\/\/vincentians.com\/es\/wp-json\/wp\/v2\/posts\/16240\/revisions"}],"predecessor-version":[{"id":404897,"href":"https:\/\/vincentians.com\/es\/wp-json\/wp\/v2\/posts\/16240\/revisions\/404897"}],"wp:featuredmedia":[{"embeddable":true,"href":"https:\/\/vincentians.com\/es\/wp-json\/wp\/v2\/media\/404077"}],"wp:attachment":[{"href":"https:\/\/vincentians.com\/es\/wp-json\/wp\/v2\/media?parent=16240"}],"wp:term":[{"taxonomy":"category","embeddable":true,"href":"https:\/\/vincentians.com\/es\/wp-json\/wp\/v2\/categories?post=16240"},{"taxonomy":"post_tag","embeddable":true,"href":"https:\/\/vincentians.com\/es\/wp-json\/wp\/v2\/tags?post=16240"}],"curies":[{"name":"wp","href":"https:\/\/api.w.org\/{rel}","templated":true}]}}