{"id":16210,"date":"2015-01-01T02:36:07","date_gmt":"2015-01-01T01:36:07","guid":{"rendered":"http:\/\/somos.vicencianos.org\/blog\/2010\/04\/08\/san-vicente-de-paul-maynard-libro-1-capitulo-8\/"},"modified":"2016-07-26T17:21:56","modified_gmt":"2016-07-26T15:21:56","slug":"san-vicente-de-paul-su-vida-su-tiempo-sus-obras-su-influencia-libro-1-capitulo-8","status":"publish","type":"post","link":"https:\/\/vincentians.com\/es\/san-vicente-de-paul-su-vida-su-tiempo-sus-obras-su-influencia-libro-1-capitulo-8\/","title":{"rendered":"San Vicente de Pa\u00fal. Su vida, su tiempo; sus obras, su influencia. Libro 1, cap\u00edtulo 8"},"content":{"rendered":"<h2><strong>Cap\u00edtulo octavo: Regreso a la casa de Gondi.<\/strong><\/h2>\n<h3><strong>I. Nueva llamada de la familia de Gondi. Regresemos a Ch\u00e2tillon.<\/strong><\/h3>\n<p>Vicente estaba all\u00ed entregado a los trabajos bendecidos de Dios que hemos contado, cuando la Sra. de Gondi, a pesar del escaso \u00e9xito de sus intentos precedentes, resolvi\u00f3 intentar un \u00faltimo esfuerzo para traerle cerca de ella. Ella consigui\u00f3 tambi\u00e9n cartas del general de las galeras, del cardenal de Retz, obispo de Par\u00eds, del P. de B\u00e9rulle; mand\u00f3 escribir a sus hijos y escribi\u00f3 ella misma. Pero esta vez, escogi\u00f3, para llev\u00e1rselo todo a Vicente, a un mensajero que pudiera el comentario poderoso de la prudencia y de la amistad. Era el mismo Du Fresne que hab\u00eda introducido a Vicente ante la reina Margarita, y al que Vicente, por su parte, hab\u00eda dado como secretario a la casa de Gondi.<\/p>\n<p>Atacado a la vez por este doble asalto de la palabra escrita y de la palabra viva, Vicente se conmovi\u00f3. Para resistir al primero, busc\u00f3 refugio y fuerza al pie del altar. All\u00ed, seg\u00fan su costumbre, ley\u00f3 sus cartas, y se volvi\u00f3 tranquilo y firme a afrontar a Du Fresne. Se las hab\u00eda con un enemigo terrible, ya que Du Fresne era hombre de esp\u00edritu, y su fe, la tierna y respetuosa amistad que le un\u00eda con el santo sacerdote, proteg\u00edan m\u00e1s all\u00e1 de toda sospecha su celo ardiente por los intereses por la casa de Gondi. As\u00ed que esto devolvi\u00f3 a Vicente a sus primeras agitaciones e incertidumbres por las razones y las s\u00faplicas de Du Fresne, y comenz\u00f3 a preguntarse si de verdad Dios le quer\u00eda por m\u00e1s tiempo en Ch\u00e2tillon, si no encontrar\u00eda en la casa de Gondi m\u00e1s ocasiones y medios de trabajar por su gloria. Du Fresne, al verle conmovido, le apremi\u00f3 con mayor intensidad para destruir sus \u00faltimas resistencias. Pero, sin salida, y adem\u00e1s queri\u00e9ndose tranquilizar, le dijo: \u00abComo San Pablo, exclam\u00e1is: \u2018Se\u00f1or, \u00bfqu\u00e9 quer\u00e9is que haga?\u2019 Pues bien, como a san Pablo, se os responde: \u00a1\u00bbId a Anan\u00edas!\u00bb<\/p>\n<p>Anan\u00edas, aqu\u00ed,\u00a0 era el P. Bence, superior del Oratorio de Lyon, y el primer instrumento, recordamos, del que Dios se hab\u00eda servido para llevar al santo sacerdote a Ch\u00e2tillon. Vicente consinti\u00f3 en ir a verle y, en compa\u00f1\u00eda de Du Feesne, se dirigi\u00f3 a Lyon. El P. Bence lo escuch\u00f3 todo y, tanto para llegar a una decisi\u00f3n m\u00e1s segura como para aligerar su responsabilidad comparti\u00e9ndola con los dem\u00e1s, concluy\u00f3 diciendo a Vicente: \u00abVolved a Par\u00eds, y all\u00ed, si a\u00fan queda alguna dificultad, se despejar\u00e1 ante los consejos de amigos sabios que os dar\u00e1n a conocer con toda certeza la voluntad de Dios.\u00bb<\/p>\n<p>Vicente prometi\u00f3 obedecer, y al punto, sin compromiso alguno, escribi\u00f3 a la vez al general de las galeras, por entonces en Marsella, y a la Sra. de Gondi para anunciarles su pr\u00f3ximo viaje. Poco despu\u00e9s se volv\u00eda a Ch\u00e2tillon para concluir su misi\u00f3n santa, y Du Fresne, portador de la carta destinada a la Generala, reemprend\u00eda la ruta de Par\u00eds.<\/p>\n<p>D\u00edas despu\u00e9s, el 15 de octubre, recib\u00eda en Ch\u00e2tillon la respuesta siguiente del general de las galeras: \u00abHe recibido hace dos d\u00edas la que me escribisteis de Lyon, por la que veo la resoluci\u00f3n\u00a0 que hab\u00e9is tomado de hacer un viaje a Par\u00eds para finales de noviembre, por lo que me alegro en gran manera, esperando veros para entonces, y que conceder\u00e9is a mis s\u00faplicas y a los consejos de todos vuestros buenos amigos el bien que deseo de vos. No os dir\u00e9 m\u00e1s, puesto que hab\u00e9is visto la carta que escrib\u00ed a mi mujer. Os ruego tan s\u00f3lo que consider\u00e9is que parece que Dios quiere que, por medio de vos, el padre y los hijos sean gente de bien.\u00bb M\u00e1s llena de gozo y de s\u00faplica debi\u00f3 ser la respuesta de la se\u00f1ora de Gondi.<\/p>\n<p>Los d\u00edas transcurrieron pronto y, llegado el t\u00e9rmino fatal, Vicente debi\u00f3 subir al p\u00falpito para anunciar la cruel separaci\u00f3n a sus queridos parroquianos y darles su adi\u00f3s. \u00abCuando la Providencia me trajo a Ch\u00e2tillon, les dijo, yo esperaba no tener que dejaros nunca, Pero como parece que ha ordenado otra cosa, respetemos, vosotros y yo, y sigamos sus santas decisiones. Hall\u00e1ndome lejos o cerca, vosotros estar\u00e9is siempre presentes en mis oraciones; por vuestra parte, no os olvid\u00e9is nunca de este miserable pecador.\u00bb<\/p>\n<p>Estas palabras fueron acogidas con sollozos y l\u00e1grimas, y el dolor de algunos estall\u00f3 en gritos desgarradores. Nosotros lo perdemos todo, exclamaban, perdemos al hombre de Dios, perdemos a nuestro padre. \u2013S\u00ed, respond\u00edan los herejes con un sentimiento muy distinto en el delirio de su alegr\u00eda, vosotros perd\u00e9is vuestro apoyo y a la mejor piedra de vuestra religi\u00f3n.\u00bb<\/p>\n<p>Lo que le costaba sobre todo a Vicente era abandonar a sus pobres, el objeto privilegiado de su ternura. Pobre \u00e9l mismo, y pobre por ellos, no ten\u00eda para dejarles m\u00e1s que una d\u00e9bil herencia. Al menos, les distribuy\u00f3 sus peque\u00f1as provisiones, sus pobres ropas. Todav\u00eda sintieron pena en aprovecharse de ellas, pues todos estos miserables despojos, que el afecto y la universal reputaci\u00f3n de santidad del pastor transformaban en objetos preciosos y en reliquias, les fueron disputadas por los m\u00e1s ricos. Un hombre pobre, llamado Julien Caron, tuvo que sostener un combate en regla contra la multitud para guardarse un viejo sombrero.<\/p>\n<h3><strong>II. Salida de Ch\u00e2tillon y entrada en la casa de Gondi<\/strong>.<\/h3>\n<p>Por fin lleg\u00f3 el d\u00eda de la partida, d\u00eda de duelo, en que el cielo brumoso y triste parec\u00eda asociarse al dolor general. toda la parroquia se reuni\u00f3 en la despedida del santo sacerdote. en el tumulto y desesperaci\u00f3n de todos, se hubiera dicho una ciudad tomada por asalto. \u00abMisericordia, misericordia!, exclamaban. \u2013Hijos, respond\u00eda san Vicente todo en l\u00e1grimas, os encomiendo a la gracia de Dios. \u2013\u00a1Vuestra bendici\u00f3n!\u00bb respond\u00eda la multitud. Y todos cayeron de rodillas, y Vicente los bendijo por \u00faltima vez.<\/p>\n<p>Su \u00fanico consuelo era dejar a sus queridos parroquianos bajo las direcci\u00f3n de aquel mismo Louis Girard que se hab\u00eda asociado a \u00e9l al entrar en Ch\u00e2tillon, y a quien los can\u00f3nigos condes de Lyon hab\u00edan elegido como sucesor. Se tranquilizaba ante el pensamiento de que su reba\u00f1o, guardado por este digno pastor, no ser\u00eda entregado a los lobos de los que \u00e9l los hab\u00eda arrancado.<span id='easy-footnote-1-16210' class='easy-footnote-margin-adjust'><\/span><span class='easy-footnote'><a href='https:\/\/vincentians.com\/es\/san-vicente-de-paul-su-vida-su-tiempo-sus-obras-su-influencia-libro-1-capitulo-8\/#easy-footnote-bottom-1-16210' title='San\u00a0 Vicente no present\u00f3 sin embargo su dimisi\u00f3n pura y simple de su parroquia hasta el \u00faltimo de enero de 1618, mediante acta pasada ante Thomas Gallot, notario de Par\u00eds; y L. Girard no fue nombrado hasta el 10 de julio del mismo a\u00f1o. Pero, en el intervalo, \u00e9ste continu\u00f3 dirigiendo la parroquia de Ch\u00e2tillon. \u2013Vicente dej\u00f3 a Girard los libros que \u00e9l hab\u00eda llevado de Par\u00eds. En 1633 o 1636, Girard se los dio a la biblioteca de los capuchinos de Ch\u00e2tillon, donde se quedaron hasta la \u00e9poca de la Revoluci\u00f3n. Entonces fueron dispersados y de todos los recuerdos de Vicente, no de ha podido volver a encontrar m\u00e1s que el reglamento aut\u00f3grafo de la Caridad. \u2013En nuestros d\u00edas, Ch\u00e2tillon ha erigido una estatua a su m\u00e1s ilustre y santo pastor.'><sup>1<\/sup><\/a><\/span>\n<p>Los pesares y la veneraci\u00f3n de los parroquianos de Ch\u00e2tillon no fueron algo ef\u00edmero. Cerca de medio siglo m\u00e1s tarde, unos cuatro a\u00f1os despu\u00e9s de la muerte del siervo de Dios, Charles Demia, sacerdote y doctor en derecho, fue encargado de recoger las declaraciones de los m\u00e1s antiguos y principales habitantes de la ciudad que hab\u00edan visto y conocido a Vicente de Pa\u00fal. A la vista de un proceso de canonizaci\u00f3n ya probable,\u00a0 quer\u00edan adelantarse a la muerte y arrancarle preciosos testimonios. Se establecieron dos procesos verbales, de los que hemos sacado cuanto precede. El segundo, obra propia de Demia, y la m\u00e1s extensa, se termina as\u00ed: \u00abFinalmente los abajo firmantes dicen que ser\u00eda imposible se\u00f1alar todo lo que se realiz\u00f3 en tan poco tiempo (\u00a1cinco meses!) por el Sr. Vicente, y que a ellos les costar\u00eda creerlo, si no lo hubieran visto y o\u00eddo. Conservan de \u00e9l una estima tan alta que no hablan de \u00e9l m\u00e1s que como de un santo. Publican en voz alta que no han tenido, ni tendr\u00e1n\u00a0 nunca un p\u00e1rroco parecido, y que los ha dejado bien pronto para ellos. Creen que lo qua ha hecho en Ch\u00e2tillon ser\u00eda suficiente para canonizarle, y no dudan de que si se ha portado en todas partes como lo ha hecho en este lugar, lo ser\u00e1 un d\u00eda.\u00bb -\u00a1Voz del pueblo, voz de Dios!<\/p>\n<p>El d\u00eda mismo de su llegada a Par\u00eds, 23 de diciembre de 1617, Vicente tuvo una conferencia con el P. de B\u00e9rulle y algunas otras personas esclarecidas, y al d\u00eda siguiente, v\u00edspera de Navidad, entraba en la casa de Gondi. in\u00fatil expresar la alegr\u00eda de toda esta piadosa familia, y sobre todo de la Generala, que le recuperaba con una felicidad igual al dolor de haberle perdido. Volv\u00eda a tomar posesi\u00f3n de su \u00e1ngel guardi\u00e1n y, a fin de no tener que pasar por nuevas alarmas, le hizo prometer que no la abandonar\u00eda y la ayudar\u00eda hasta la muerte. Con el presentimiento de su fin pr\u00f3ximo, la piadosa mujer no tem\u00eda apropiarse por demasiado tiempo de un sacerdote destinado a Francia y a toda la Iglesia; y Vicente, por su parte, iluminado sin duda por la misma luz, crey\u00f3 que el tiempo pedido por la Generala le era necesario a \u00e9l mismo para echar los cimientos de todas sus obras con los recursos que hallar\u00eda en la casa de Gondi.<\/p>\n<h3><strong>III. Misiones de Villepreux y de Montmirail<\/strong>. \u2013Conversiones de protestantes.<\/h3>\n<p>Este tiempo, por otro lado, \u00a1qu\u00e9 maravilloso uso supo hacer en provecho de todos y en particular de los pobres pueblos del campo, entonces tan abandonados! No teniendo sino una inspecci\u00f3n general sobre la educaci\u00f3n de los hijos de Gondi, pudo seguir con toda libertad el atractivo que le arrastraba hacia este humilde ministerio. Logr\u00f3 comunicar su celo a personajes situados arriba y de verdadero m\u00e9rito. Cocqueret, doctor de la casa de Navarra, Berger y Gonti\u00e8re, consejeros cl\u00e9rigos en el Parlamento de Par\u00eds, y vatios sacerdotes m\u00e1s distinguidos, se juntaron a \u00e9l y se pusieron bajo sus \u00f3rdenes. Desde el comienzo del a\u00f1o 1618, es decir algunos d\u00edas tan s\u00f3lo de su llegada a la familia de Gondi, Vicente organiz\u00f3 misiones en Villepreux, poblaci\u00f3n situada a cinco leguas de Par\u00eds, en los pueblos vecinos y en todas las tierras de la casa, donde acompa\u00f1aba de ordinario a la Generala. Ese mismo a\u00f1o y los siguientes, con la ayuda de sus compa\u00f1eros, dio todav\u00eda numerosas misiones en las cercan\u00edas de Par\u00eds, en las di\u00f3cesis de Beauvais, de Soissons, de Sens y de Chartres. Por todas partes, eran los mismos trabajos, las mismas bendiciones, los mismos socorros dirigidos tanto al cuerpo como al alma. As\u00ed Vicente estableci\u00f3 en Villepreux la segunda Caridad del reino, cuyo reglamento parecido al de Ch\u00e2tillon fue aprobado el 23 de febrero de 1618 por el cardenal obispo de Par\u00eds.<\/p>\n<p>Aparte de los sacerdotes que hemos nombrado, Vicente encontraba tambi\u00e9n en otra parte, en sus misiones, rivalidad de celo: era en casa de la se\u00f1ora de Gondi. a ejemplo de las santas mujeres que secundaban a los ap\u00f3stoles, esta mujer admirable, arrastrada por el ejemplo de su director e inflamada de ardor por la salvaci\u00f3n de almas que cre\u00eda confiadas a ella, ya que habitaban sus tierras, preparaba los caminos a los nuevos ap\u00f3stoles con sus limosnas y sus favores, y volv\u00eda tras sus huellas para acabar su obra. a pesar de la debilidad de su salud y sus continuas enfermedades, iba de choza en choza, visitando a los enfermos, consolando a los afligidos, acabando los procesos, calmando las disensiones; instru\u00eda a los ignorantes, dispon\u00eda a los pecadores a los sacramentos; en una palabra, de todos los colaboradores de Vicente, ninguno realizaba mejor el ideal del misionero. \u00a1Qu\u00e9 elocuente predicaci\u00f3n, en efecto, como la vista de esta mujer noble y rica, echando mano de su oro y de su poder solamente para ganar almas a Dios!<\/p>\n<p>La misi\u00f3n de Montmirail se se\u00f1al\u00f3 por la conversi\u00f3n de tres herejes de la vecindad. Para ahorrar tiempo al santo sacerdote, la se\u00f1ora de Gondi les hizo venir y aposentar en su propio castillo, donde \u00e9l entro en conversaci\u00f3n con ellos. Siguiendo el m\u00e9todo que sigui\u00f3 siempre y que aconsej\u00f3 m\u00e1s tarde a sus Misioneros, se content\u00f3 con exponerles los dogmas de la Iglesia en toda su sencillez, soslayando a la vez las disputas de la escuela y las calumnias del protestantismo; escuch\u00f3 todas sus objeciones y se las resolvi\u00f3 con aquella caridad y precisi\u00f3n que eran el car\u00e1cter de su raro buen sentido. Al cabo de una semana y despu\u00e9s de las conferencias de dos horas diarias, dos se rindieron e hicieron abjuraci\u00f3n p\u00fablica de su error y profesi\u00f3n de fe cat\u00f3lica.<\/p>\n<p>El tercero fue m\u00e1s dif\u00edcil de vencer. Era uno de esos esp\u00edritus presuntuosos en relaci\u00f3n con su mediocridad, que ten\u00eda la suficiente inteligencia para construir objeciones y no para ver la respuesta, viendo la sombra y nunca la luz; uno de esos hombres de costumbres disolutas y, por ello, grandes charlatanes de moral severa, grandes enemigos de la moral relajada, buscaba en la condena de la mala doctrina o de la mala vida de algunos cat\u00f3licos la excusa y la justificaci\u00f3n de sus propios vicios. Cada d\u00eda llegaba a la conferencia con un arsenal de armas nuevas. \u00abMe hab\u00e9is afirmado, se\u00f1or, dijo un d\u00eda a Vicente, que la Iglesia de Roma est\u00e1 dirigida por el Esp\u00edritu Santo. \u00bfY c\u00f3mo lo voy a poder creer yo, viendo, por un lado, a los cat\u00f3licos del campo abandonados\u00a0 Pastores viciosos e ignorantes, sin estar instruidos en sus deberes, sin que la mayor parte sepan siquiera lo que es la religi\u00f3n cristiana; y, por el otro, las ciudades llenas de sacerdotes y monjes que no hacen nada? Tal vez en Par\u00eds se encontrar\u00edan diez mil que dejan\u00a0 sin embargo a esta pobre gente en su ignorancia espantosa por la que se pierden. \u00a1Y querr\u00edais persuadirme que eso est\u00e1 dirigido por el Esp\u00edritu Santo! No lo creer\u00e9 nunca.\u00bb<\/p>\n<p>Estas palabras le llegaron al coraz\u00f3n. Ah, se dijo, qu\u00e9 terrible juicio dictar\u00e1 Dios contra los malos sacerdotes. C\u00f3mo vengar\u00e1, en t\u00e9rminos de la Escritura, la sangre y la p\u00e9rdida de las ovejas en la indolencia de los pastores.\u00bb Y \u00e9l se reafirm\u00f3 en el pensamiento de dedicar su vida a la salvaci\u00f3n del pueblo del campo. Entretanto y despu\u00e9s de recogerse un momento, respondi\u00f3 al hereje: \u00abSin querer devolver la objeci\u00f3n contra vos, ni aprobar a los sacerdotes negligentes, os dir\u00e9 que, por ignorancia, exager\u00e1is el mal. Hay en muchas parroquias buenos p\u00e1rrocos y buenos vicarios. En cuanto a los sacerdotes y a los religiosos de las ciudades, muchos van a predicar y a catequizar al campo; otros se entregan a rezar a Dios y a cantar sus alabanzas de d\u00eda y de noche; otros \u00fatilmente al p\u00fablico con los libros que escriben sirven, por la doctrina que ense\u00f1an y por los sacramentos que administran, si hay algunos in\u00fatiles y que no desempe\u00f1an como deben sus obligaciones, se trata de hombres aislados expuestos a fallar, y que no constituyen la Iglesia. Cuando se dice que la Iglesia est\u00e1 conducida por el Esp\u00edritu Santo, eso se entiende en general cuando est\u00e1 reunida en los concilios; y tambi\u00e9n en particular, cuando los fieles siguen las luces de la fe y las reglas de la justicia cristiana. Los que se alejan de esto resisten al Esp\u00edritu Santo; y, si bien son miembros de la Iglesia, ellos son no obstante de aquellos de quienes habla san Pablo, que viven seg\u00fan la carne y que morir\u00e1n.\u00bb<\/p>\n<p>Por perentoria que fuese esta respuesta, no satisfizo al protestante, quien persisti\u00f3 en hacer de la ignorancia de os pueblos y del escaso celo de los sacerdotes un argumento contra la Iglesia romana. Necesitaba una respuesta efectiva y viva, y Vicente pens\u00f3 desde entonces en prepar\u00e1rsela. Redoblo el celo, puso en movimiento a todos aquellos de sus amigos que ten\u00edan m\u00e1s talento para la predicaci\u00f3n, y los comprometi\u00f3 a recorrer con \u00e9l las poblaciones y pueblos para reanimar la fe y la caridad de las gentes. Al a\u00f1o siguiente, 1620, volvi\u00f3 a Montmirail con algunos sacerdotes y algunos religiosos, entre los cuales estaba F\u00e9ron, entonces bachiller en teolog\u00eda, m\u00e1s tarde doctor de Sorbona y arcediano de Chartres, y Duchesne, ya doctor de la misma facultad y arcediano de Beauvais. Todos trabajaron en Montmirail y se extendieron por las parroquias vecinas, donde hicieron un bien inmenso. Era un concurso de todas las poblaciones y una alabanza universal de tantos trabajos y de tantos \u00e9xitos. El rumor lleg\u00f3 a los o\u00eddos del hereje empe\u00f1ado en que todos se hab\u00edan olvidado, menos Vicente. Vino a Montmirail, atra\u00eddo por la curiosidad, y sin duda por las oraciones de santo sacerdote. asisti\u00f3 a las predicaciones, a los catecismos, a todos los ejercicios espirituales, primero con prevenci\u00f3n, luego con un atractivo al que se resist\u00eda vanamente. Al fin, a la vista de tanto celo por instruir a los ignorantes, de tanta caridad por aliviar a los desdichados, a la vista sobre todo de los cambios maravillosos operados en los m\u00e1s humildes y los m\u00e1s culpables, se sinti\u00f3 vencido, y yendo a ver a Vicente: \u00abEs ahora, le dijo, cuando veo que el Esp\u00edritu Santo lleva a la Iglesia romana, porque ella se ocupa de la instrucci\u00f3n y de la salvaci\u00f3n de los pobres campesinos; y estoy preparado para entrar en ella cuando teng\u00e1is a bien recibirme.\u00bb -\u00bfNo os quedan ya dificultades ni dudas?\u00bb le pregunt\u00f3 el santo sacerdote. \u2013\u00bbNo, yo creo lo que me hab\u00e9is dicho, y estiy dispuesto a renunciar en p\u00fablico a todos mis errores.\u00bb<\/p>\n<p>Mientras tanto, siempre prudente y reservado en su celo, Vicente quiso asegurarse m\u00e1s de la fe y de las disposiciones de su pros\u00e9lito. Le interrog\u00f3 pues sobre los art\u00edculos controvertidos entre los protestantes y los cat\u00f3licos, y en particular sobre los puntos contra los cuales \u00e9l hab\u00eda presentado objeciones. Satisfecho con sus repuestas, le asign\u00f3 el domingo siguiente y la iglesia de Marchais, cerca de Montmirail, donde trabajaban entonces los misioneros, como d\u00eda y lugar de su abjuraci\u00f3n. El pros\u00e9lito fue fiel a la cita. La asamblea era numerosa, porque el pueblo, advertido de la ceremonia, hab\u00eda acudido de todas partes. en medio de la atenci\u00f3n y de la alegr\u00eda general, Vicente subi\u00f3 al p\u00falpito y, despu\u00e9s de una predicaci\u00f3n llena de acciones de gracias, llam\u00f3 a este hombre por su nombre, y le pregunt\u00f3 p\u00fablicamente: \u00bfPersever\u00e1is en el prop\u00f3sito de abjurar vuestros errores y entrar en el reba\u00f1o de la Iglesia? \u2013S\u00ed, persevero, respondi\u00f3 \u00e9ste; sin embargo, a\u00fan ,e queda una dificultad que acaba de formarse en mi esp\u00edritu.\u00bb Y, se\u00f1alando con el dedo una imagen de piedra bastante mal trazada que representaba a la santa Virgen:<span id='easy-footnote-2-16210' class='easy-footnote-margin-adjust'><\/span><span class='easy-footnote'><a href='https:\/\/vincentians.com\/es\/san-vicente-de-paul-su-vida-su-tiempo-sus-obras-su-influencia-libro-1-capitulo-8\/#easy-footnote-bottom-2-16210' title='Largo tiempo conservada en Marchais, en recuero de esta escena, la estatua fue rota durante la Revoluc\u00f3n; pero la ciudad recogi\u00f3 sus fragmentos, y los Lazaristas tienen hoy la cabeza.'><sup>2<\/sup><\/a><\/span> \u00abNo podr\u00eda creer, dijo, que hubiera en esto ninguna virtud.\u00bb Ante estas palabras la asamblea se agit\u00f3, y Vicente sorprendido de una objeci\u00f3n tan vulgar, y que \u00e9l hab\u00eda esclarecido sin duda tanto, en las explicaciones precedentes, a pesar de todo,\u00a0 con toda calma y con su bondad ordinaria, le replic\u00f3: \u00abLa Iglesia no ense\u00f1a que haya ninguna virtud en las im\u00e1genes materiales, si no es cuando Dios quiere comunic\u00e1rsela, como lo puede hacer y como lo ha hizo en otro tiempo con la vara de Mois\u00e9s, que hac\u00eda tantos milagros. Por lo dem\u00e1s, a\u00f1adi\u00f3, esto es elemental en nuestra fe, y hasta un ni\u00f1o os lo podr\u00eda explicar.\u00bb Y enseguida llamando a uno de los m\u00e1s instruidos: \u00abHijo, le dijo, \u00bfqu\u00e9 debemos creer en cuanto a las santas im\u00e1genes? \u2013Es bueno tenerlas, respondi\u00f3 el ni\u00f1o, y\u00a0 rendirles el honor que les es debido, pero porque ellas nos representan a Nuestro Se\u00f1or Jesucristo, a su gloriosa Madre y los dem\u00e1s santos del para\u00edso quienes, habiendo triunfado del mundo, nos exhortan con estas figuras mudas a seguirlos en su fe y en sus buenas obras.\u00bb Vicente elogi\u00f3 la respuesta, la coment\u00f3 y volvi\u00e9ndose al hereje: \u00abConfesad, le dijo, que no hay nada s\u00f3lido en vuestra dificultad, y que no deb\u00eda ser propuesta por un hombre tan bien instruido sobre este punto de la creencia cat\u00f3lica. \u2013Lo confieso, dijo el hereje, y ya nada me detiene, estoy listo.\u00bb Pero Vicente, siempre prudente y long\u00e1nimo, crey\u00f3 deber remitirle a otro d\u00eda para dejar a sus repugnancias, si le quedaba alguna, el tiempo de fermentar, y a su resoluci\u00f3n, si era sincera, el tiempo de reafirmarse. En el d\u00eda se\u00f1alado, el hereje se present\u00f3, abjur\u00f3 frente a toda la parroquia, haciendo de la verdadera fe una profesi\u00f3n en la que persever\u00f3 hasta la muerte.<\/p>\n<p>A partir de aquel d\u00eda, la Misi\u00f3n estaba fundada en el alma del santo sacerdote. esta conversi\u00f3n le hizo comprender mejor la necesidad de una compa\u00f1\u00eda especialmente dedicada al servicio de los habitantes del campo, y a menudo se lo recordaba a sus sacerdotes para fortalecerlos en su vocaci\u00f3n. \u00abOh, se\u00f1ores, les dec\u00eda entonces, qu\u00e9 dicha la nuestra Misioneros, verificar la direcci\u00f3n del Esp\u00edritu Santo en su Iglesia, trabajando, como nosotros lo hacemos, en la instrucci\u00f3n y santificaci\u00f3n de los pobres.\u00bb<\/p>\n","protected":false},"excerpt":{"rendered":"<p>Cap\u00edtulo octavo: Regreso a la casa de Gondi. I. Nueva llamada de la familia de Gondi. Regresemos a Ch\u00e2tillon. Vicente estaba all\u00ed entregado a los trabajos bendecidos de Dios que hemos contado, cuando la Sra. &#8230; <a href=\"https:\/\/vincentians.com\/es\/san-vicente-de-paul-su-vida-su-tiempo-sus-obras-su-influencia-libro-1-capitulo-8\/\" class=\"more-link\">Read More<\/a><\/p>\n","protected":false},"author":4,"featured_media":103451,"comment_status":"open","ping_status":"open","sticky":false,"template":"","format":"standard","meta":{"jetpack_post_was_ever_published":false,"_jetpack_newsletter_access":"","_jetpack_dont_email_post_to_subs":false,"_jetpack_newsletter_tier_id":0,"_jetpack_memberships_contains_paywalled_content":false,"_jetpack_memberships_contains_paid_content":false,"footnotes":"","jetpack_publicize_message":"","jetpack_publicize_feature_enabled":true,"jetpack_social_post_already_shared":true,"jetpack_social_options":{"image_generator_settings":{"template":"highway","default_image_id":0,"font":"","enabled":false},"version":2}},"categories":[5],"tags":[130,173,121,191,119,131,179,120,135],"class_list":["post-16210","post","type-post","status-publish","format-standard","has-post-thumbnail","hentry","category-vicente-de-paul","tag-beauvais","tag-chatillon-les-dombes","tag-du-fresne","tag-gallot","tag-gondi","tag-montmirail","tag-reina-margarita","tag-senora-de-gondi","tag-villepreux"],"yoast_head":"<!-- This site is optimized with the Yoast SEO plugin v26.3 - https:\/\/yoast.com\/wordpress\/plugins\/seo\/ -->\n<title>San Vicente de Pa\u00fal. Su vida, su tiempo; sus obras, su influencia. Libro 1, cap\u00edtulo 8 - Somos Vicencianos<\/title>\n<meta name=\"robots\" content=\"index, follow, max-snippet:-1, max-image-preview:large, max-video-preview:-1\" \/>\n<link rel=\"canonical\" href=\"https:\/\/vincentians.com\/es\/san-vicente-de-paul-su-vida-su-tiempo-sus-obras-su-influencia-libro-1-capitulo-8\/\" \/>\n<meta property=\"og:locale\" content=\"es_ES\" \/>\n<meta property=\"og:type\" content=\"article\" \/>\n<meta property=\"og:title\" content=\"San Vicente de Pa\u00fal. Su vida, su tiempo; sus obras, su influencia. Libro 1, cap\u00edtulo 8 - Somos Vicencianos\" \/>\n<meta property=\"og:description\" content=\"Cap\u00edtulo octavo: Regreso a la casa de Gondi. I. Nueva llamada de la familia de Gondi. Regresemos a Ch\u00e2tillon. Vicente estaba all\u00ed entregado a los trabajos bendecidos de Dios que hemos contado, cuando la Sra. ... Read More\" \/>\n<meta property=\"og:url\" content=\"https:\/\/vincentians.com\/es\/san-vicente-de-paul-su-vida-su-tiempo-sus-obras-su-influencia-libro-1-capitulo-8\/\" \/>\n<meta property=\"og:site_name\" content=\"Somos Vicencianos\" \/>\n<meta property=\"article:publisher\" content=\"https:\/\/www.facebook.com\/WeAreVincentians\/\" \/>\n<meta property=\"article:author\" content=\"https:\/\/www.facebook.com\/JavierChento\" \/>\n<meta property=\"article:published_time\" content=\"2015-01-01T01:36:07+00:00\" \/>\n<meta property=\"article:modified_time\" content=\"2016-07-26T15:21:56+00:00\" \/>\n<meta name=\"author\" content=\"Francisco Javier Fern\u00e1ndez Chento\" \/>\n<meta name=\"twitter:card\" content=\"summary_large_image\" \/>\n<meta name=\"twitter:creator\" content=\"@https:\/\/twitter.com\/javierchento\" \/>\n<meta name=\"twitter:site\" content=\"@WeVincentians\" \/>\n<meta name=\"twitter:label1\" content=\"Escrito por\" \/>\n\t<meta name=\"twitter:data1\" content=\"Francisco Javier Fern\u00e1ndez Chento\" \/>\n\t<meta name=\"twitter:label2\" content=\"Tiempo de lectura\" \/>\n\t<meta name=\"twitter:data2\" content=\"19 minutos\" \/>\n<script type=\"application\/ld+json\" class=\"yoast-schema-graph\">{\"@context\":\"https:\/\/schema.org\",\"@graph\":[{\"@type\":\"Article\",\"@id\":\"https:\/\/vincentians.com\/es\/san-vicente-de-paul-su-vida-su-tiempo-sus-obras-su-influencia-libro-1-capitulo-8\/#article\",\"isPartOf\":{\"@id\":\"https:\/\/vincentians.com\/es\/san-vicente-de-paul-su-vida-su-tiempo-sus-obras-su-influencia-libro-1-capitulo-8\/\"},\"author\":{\"name\":\"Francisco Javier Fern\u00e1ndez Chento\",\"@id\":\"http:\/\/vincentians.com\/es\/#\/schema\/person\/9623ef4d9aa3b2dfb8c061f1499288f2\"},\"headline\":\"San Vicente de Pa\u00fal. Su vida, su tiempo; sus obras, su influencia. Libro 1, cap\u00edtulo 8\",\"datePublished\":\"2015-01-01T01:36:07+00:00\",\"dateModified\":\"2016-07-26T15:21:56+00:00\",\"mainEntityOfPage\":{\"@id\":\"https:\/\/vincentians.com\/es\/san-vicente-de-paul-su-vida-su-tiempo-sus-obras-su-influencia-libro-1-capitulo-8\/\"},\"wordCount\":3857,\"commentCount\":0,\"publisher\":{\"@id\":\"http:\/\/vincentians.com\/es\/#organization\"},\"image\":{\"@id\":\"https:\/\/vincentians.com\/es\/san-vicente-de-paul-su-vida-su-tiempo-sus-obras-su-influencia-libro-1-capitulo-8\/#primaryimage\"},\"thumbnailUrl\":\"\",\"keywords\":[\"Beauvais\",\"Chatillon\",\"Du Fresne\",\"Gallot\",\"Gondi\",\"Montmirail\",\"Reina Margarita\",\"Se\u00f1ora de Gondi\",\"Villepreux\"],\"articleSection\":[\"Vicente de Pa\u00fal\"],\"inLanguage\":\"es\",\"potentialAction\":[{\"@type\":\"CommentAction\",\"name\":\"Comment\",\"target\":[\"https:\/\/vincentians.com\/es\/san-vicente-de-paul-su-vida-su-tiempo-sus-obras-su-influencia-libro-1-capitulo-8\/#respond\"]}]},{\"@type\":\"WebPage\",\"@id\":\"https:\/\/vincentians.com\/es\/san-vicente-de-paul-su-vida-su-tiempo-sus-obras-su-influencia-libro-1-capitulo-8\/\",\"url\":\"https:\/\/vincentians.com\/es\/san-vicente-de-paul-su-vida-su-tiempo-sus-obras-su-influencia-libro-1-capitulo-8\/\",\"name\":\"San Vicente de Pa\u00fal. Su vida, su tiempo; sus obras, su influencia. Libro 1, cap\u00edtulo 8 - Somos Vicencianos\",\"isPartOf\":{\"@id\":\"http:\/\/vincentians.com\/es\/#website\"},\"primaryImageOfPage\":{\"@id\":\"https:\/\/vincentians.com\/es\/san-vicente-de-paul-su-vida-su-tiempo-sus-obras-su-influencia-libro-1-capitulo-8\/#primaryimage\"},\"image\":{\"@id\":\"https:\/\/vincentians.com\/es\/san-vicente-de-paul-su-vida-su-tiempo-sus-obras-su-influencia-libro-1-capitulo-8\/#primaryimage\"},\"thumbnailUrl\":\"\",\"datePublished\":\"2015-01-01T01:36:07+00:00\",\"dateModified\":\"2016-07-26T15:21:56+00:00\",\"breadcrumb\":{\"@id\":\"https:\/\/vincentians.com\/es\/san-vicente-de-paul-su-vida-su-tiempo-sus-obras-su-influencia-libro-1-capitulo-8\/#breadcrumb\"},\"inLanguage\":\"es\",\"potentialAction\":[{\"@type\":\"ReadAction\",\"target\":[\"https:\/\/vincentians.com\/es\/san-vicente-de-paul-su-vida-su-tiempo-sus-obras-su-influencia-libro-1-capitulo-8\/\"]}]},{\"@type\":\"ImageObject\",\"inLanguage\":\"es\",\"@id\":\"https:\/\/vincentians.com\/es\/san-vicente-de-paul-su-vida-su-tiempo-sus-obras-su-influencia-libro-1-capitulo-8\/#primaryimage\",\"url\":\"\",\"contentUrl\":\"\"},{\"@type\":\"BreadcrumbList\",\"@id\":\"https:\/\/vincentians.com\/es\/san-vicente-de-paul-su-vida-su-tiempo-sus-obras-su-influencia-libro-1-capitulo-8\/#breadcrumb\",\"itemListElement\":[{\"@type\":\"ListItem\",\"position\":1,\"name\":\"Portada\",\"item\":\"http:\/\/vincentians.com\/es\/\"},{\"@type\":\"ListItem\",\"position\":2,\"name\":\"San Vicente de Pa\u00fal. Su vida, su tiempo; sus obras, su influencia. Libro 1, cap\u00edtulo 8\"}]},{\"@type\":\"WebSite\",\"@id\":\"http:\/\/vincentians.com\/es\/#website\",\"url\":\"http:\/\/vincentians.com\/es\/\",\"name\":\"Somos Vicencianos\",\"description\":\"Know more to serve more\",\"publisher\":{\"@id\":\"http:\/\/vincentians.com\/es\/#organization\"},\"potentialAction\":[{\"@type\":\"SearchAction\",\"target\":{\"@type\":\"EntryPoint\",\"urlTemplate\":\"http:\/\/vincentians.com\/es\/?s={search_term_string}\"},\"query-input\":{\"@type\":\"PropertyValueSpecification\",\"valueRequired\":true,\"valueName\":\"search_term_string\"}}],\"inLanguage\":\"es\"},{\"@type\":\"Organization\",\"@id\":\"http:\/\/vincentians.com\/es\/#organization\",\"name\":\"The Vincentian Network\",\"url\":\"http:\/\/vincentians.com\/es\/\",\"logo\":{\"@type\":\"ImageObject\",\"inLanguage\":\"es\",\"@id\":\"http:\/\/vincentians.com\/es\/#\/schema\/logo\/image\/\",\"url\":\"https:\/\/i1.wp.com\/vincentians.com\/es\/wp-content\/uploads\/sites\/11\/2016\/06\/Vincentian-Network-logo-big.png?fit=778%2C778\",\"contentUrl\":\"https:\/\/i1.wp.com\/vincentians.com\/es\/wp-content\/uploads\/sites\/11\/2016\/06\/Vincentian-Network-logo-big.png?fit=778%2C778\",\"width\":778,\"height\":778,\"caption\":\"The Vincentian Network\"},\"image\":{\"@id\":\"http:\/\/vincentians.com\/es\/#\/schema\/logo\/image\/\"},\"sameAs\":[\"https:\/\/www.facebook.com\/WeAreVincentians\/\",\"https:\/\/x.com\/WeVincentians\"]},{\"@type\":\"Person\",\"@id\":\"http:\/\/vincentians.com\/es\/#\/schema\/person\/9623ef4d9aa3b2dfb8c061f1499288f2\",\"name\":\"Francisco Javier Fern\u00e1ndez Chento\",\"image\":{\"@type\":\"ImageObject\",\"inLanguage\":\"es\",\"@id\":\"http:\/\/vincentians.com\/es\/#\/schema\/person\/image\/\",\"url\":\"https:\/\/secure.gravatar.com\/avatar\/497d5cde87b4c3d097d0315953521681ba2cd523ee66e5077c3711f7021e65de?s=96&d=mm&r=g\",\"contentUrl\":\"https:\/\/secure.gravatar.com\/avatar\/497d5cde87b4c3d097d0315953521681ba2cd523ee66e5077c3711f7021e65de?s=96&d=mm&r=g\",\"caption\":\"Francisco Javier Fern\u00e1ndez Chento\"},\"description\":\"Director General y cofundador de La Red de Formaci\u00f3n Vicenciana. Javier es laico vicenciano, afiliado a la Congregaci\u00f3n de la Misi\u00f3n y miembro del Equipo de Misiones Populares de la provincia can\u00f3nica de Zaragoza (Espa\u00f1a) de la Congregaci\u00f3n de la Misi\u00f3n. Graduado en la Universidad Oberta de Catalunya con cuatro grados (Asistente de direcci\u00f3n, Gesti\u00f3n Administrativa, Recursos Humanos y Contabilidad Avanzada). Bil\u00edng\u00fce Espa\u00f1ol\/Ingl\u00e9s. gestiona y mantiene varias p\u00e1ginas web cristianas y vicencianas, incluida including La Red de Formaci\u00f3n Vicenciana, de la que es cofundador. Actualmente es responsable del \u00e1rea de Espa\u00f1ol de .famvin, la Red de Noticias de la Familia Vicenciana. Tambi\u00e9n es m\u00fasico cat\u00f3lico y ha editado varios discos. Es Director General y cofundador de Trovador, una reconocida compa\u00f1\u00eda discogr\u00e1fica critiana de Espa\u00f1a. Trabaja en las Tecnolog\u00edas de la Informaci\u00f3n, ofreciendo servicios de alojamiento, dise\u00f1o y mantenimiento Web, as\u00ed como asesoramiento, formaci\u00f3n y soluciones inform\u00e1ticas, gesti\u00f3n documental y digitalizaci\u00f3n de textos, edici\u00f3n y maquetaci\u00f3n de libros, revistas, flyers, etc.\",\"sameAs\":[\"http:\/\/chento.org\",\"https:\/\/www.facebook.com\/JavierChento\",\"https:\/\/x.com\/https:\/\/twitter.com\/javierchento\"],\"url\":\"https:\/\/vincentians.com\/es\/author\/chento\/\"}]}<\/script>\n<!-- \/ Yoast SEO plugin. -->","yoast_head_json":{"title":"San Vicente de Pa\u00fal. Su vida, su tiempo; sus obras, su influencia. Libro 1, cap\u00edtulo 8 - Somos Vicencianos","robots":{"index":"index","follow":"follow","max-snippet":"max-snippet:-1","max-image-preview":"max-image-preview:large","max-video-preview":"max-video-preview:-1"},"canonical":"https:\/\/vincentians.com\/es\/san-vicente-de-paul-su-vida-su-tiempo-sus-obras-su-influencia-libro-1-capitulo-8\/","og_locale":"es_ES","og_type":"article","og_title":"San Vicente de Pa\u00fal. Su vida, su tiempo; sus obras, su influencia. Libro 1, cap\u00edtulo 8 - Somos Vicencianos","og_description":"Cap\u00edtulo octavo: Regreso a la casa de Gondi. I. Nueva llamada de la familia de Gondi. Regresemos a Ch\u00e2tillon. Vicente estaba all\u00ed entregado a los trabajos bendecidos de Dios que hemos contado, cuando la Sra. ... Read More","og_url":"https:\/\/vincentians.com\/es\/san-vicente-de-paul-su-vida-su-tiempo-sus-obras-su-influencia-libro-1-capitulo-8\/","og_site_name":"Somos Vicencianos","article_publisher":"https:\/\/www.facebook.com\/WeAreVincentians\/","article_author":"https:\/\/www.facebook.com\/JavierChento","article_published_time":"2015-01-01T01:36:07+00:00","article_modified_time":"2016-07-26T15:21:56+00:00","author":"Francisco Javier Fern\u00e1ndez Chento","twitter_card":"summary_large_image","twitter_creator":"@https:\/\/twitter.com\/javierchento","twitter_site":"@WeVincentians","twitter_misc":{"Escrito por":"Francisco Javier Fern\u00e1ndez Chento","Tiempo de lectura":"19 minutos"},"schema":{"@context":"https:\/\/schema.org","@graph":[{"@type":"Article","@id":"https:\/\/vincentians.com\/es\/san-vicente-de-paul-su-vida-su-tiempo-sus-obras-su-influencia-libro-1-capitulo-8\/#article","isPartOf":{"@id":"https:\/\/vincentians.com\/es\/san-vicente-de-paul-su-vida-su-tiempo-sus-obras-su-influencia-libro-1-capitulo-8\/"},"author":{"name":"Francisco Javier Fern\u00e1ndez Chento","@id":"http:\/\/vincentians.com\/es\/#\/schema\/person\/9623ef4d9aa3b2dfb8c061f1499288f2"},"headline":"San Vicente de Pa\u00fal. Su vida, su tiempo; sus obras, su influencia. Libro 1, cap\u00edtulo 8","datePublished":"2015-01-01T01:36:07+00:00","dateModified":"2016-07-26T15:21:56+00:00","mainEntityOfPage":{"@id":"https:\/\/vincentians.com\/es\/san-vicente-de-paul-su-vida-su-tiempo-sus-obras-su-influencia-libro-1-capitulo-8\/"},"wordCount":3857,"commentCount":0,"publisher":{"@id":"http:\/\/vincentians.com\/es\/#organization"},"image":{"@id":"https:\/\/vincentians.com\/es\/san-vicente-de-paul-su-vida-su-tiempo-sus-obras-su-influencia-libro-1-capitulo-8\/#primaryimage"},"thumbnailUrl":"","keywords":["Beauvais","Chatillon","Du Fresne","Gallot","Gondi","Montmirail","Reina Margarita","Se\u00f1ora de Gondi","Villepreux"],"articleSection":["Vicente de Pa\u00fal"],"inLanguage":"es","potentialAction":[{"@type":"CommentAction","name":"Comment","target":["https:\/\/vincentians.com\/es\/san-vicente-de-paul-su-vida-su-tiempo-sus-obras-su-influencia-libro-1-capitulo-8\/#respond"]}]},{"@type":"WebPage","@id":"https:\/\/vincentians.com\/es\/san-vicente-de-paul-su-vida-su-tiempo-sus-obras-su-influencia-libro-1-capitulo-8\/","url":"https:\/\/vincentians.com\/es\/san-vicente-de-paul-su-vida-su-tiempo-sus-obras-su-influencia-libro-1-capitulo-8\/","name":"San Vicente de Pa\u00fal. Su vida, su tiempo; sus obras, su influencia. Libro 1, cap\u00edtulo 8 - Somos Vicencianos","isPartOf":{"@id":"http:\/\/vincentians.com\/es\/#website"},"primaryImageOfPage":{"@id":"https:\/\/vincentians.com\/es\/san-vicente-de-paul-su-vida-su-tiempo-sus-obras-su-influencia-libro-1-capitulo-8\/#primaryimage"},"image":{"@id":"https:\/\/vincentians.com\/es\/san-vicente-de-paul-su-vida-su-tiempo-sus-obras-su-influencia-libro-1-capitulo-8\/#primaryimage"},"thumbnailUrl":"","datePublished":"2015-01-01T01:36:07+00:00","dateModified":"2016-07-26T15:21:56+00:00","breadcrumb":{"@id":"https:\/\/vincentians.com\/es\/san-vicente-de-paul-su-vida-su-tiempo-sus-obras-su-influencia-libro-1-capitulo-8\/#breadcrumb"},"inLanguage":"es","potentialAction":[{"@type":"ReadAction","target":["https:\/\/vincentians.com\/es\/san-vicente-de-paul-su-vida-su-tiempo-sus-obras-su-influencia-libro-1-capitulo-8\/"]}]},{"@type":"ImageObject","inLanguage":"es","@id":"https:\/\/vincentians.com\/es\/san-vicente-de-paul-su-vida-su-tiempo-sus-obras-su-influencia-libro-1-capitulo-8\/#primaryimage","url":"","contentUrl":""},{"@type":"BreadcrumbList","@id":"https:\/\/vincentians.com\/es\/san-vicente-de-paul-su-vida-su-tiempo-sus-obras-su-influencia-libro-1-capitulo-8\/#breadcrumb","itemListElement":[{"@type":"ListItem","position":1,"name":"Portada","item":"http:\/\/vincentians.com\/es\/"},{"@type":"ListItem","position":2,"name":"San Vicente de Pa\u00fal. Su vida, su tiempo; sus obras, su influencia. Libro 1, cap\u00edtulo 8"}]},{"@type":"WebSite","@id":"http:\/\/vincentians.com\/es\/#website","url":"http:\/\/vincentians.com\/es\/","name":"Somos Vicencianos","description":"Know more to serve more","publisher":{"@id":"http:\/\/vincentians.com\/es\/#organization"},"potentialAction":[{"@type":"SearchAction","target":{"@type":"EntryPoint","urlTemplate":"http:\/\/vincentians.com\/es\/?s={search_term_string}"},"query-input":{"@type":"PropertyValueSpecification","valueRequired":true,"valueName":"search_term_string"}}],"inLanguage":"es"},{"@type":"Organization","@id":"http:\/\/vincentians.com\/es\/#organization","name":"The Vincentian Network","url":"http:\/\/vincentians.com\/es\/","logo":{"@type":"ImageObject","inLanguage":"es","@id":"http:\/\/vincentians.com\/es\/#\/schema\/logo\/image\/","url":"https:\/\/i1.wp.com\/vincentians.com\/es\/wp-content\/uploads\/sites\/11\/2016\/06\/Vincentian-Network-logo-big.png?fit=778%2C778","contentUrl":"https:\/\/i1.wp.com\/vincentians.com\/es\/wp-content\/uploads\/sites\/11\/2016\/06\/Vincentian-Network-logo-big.png?fit=778%2C778","width":778,"height":778,"caption":"The Vincentian Network"},"image":{"@id":"http:\/\/vincentians.com\/es\/#\/schema\/logo\/image\/"},"sameAs":["https:\/\/www.facebook.com\/WeAreVincentians\/","https:\/\/x.com\/WeVincentians"]},{"@type":"Person","@id":"http:\/\/vincentians.com\/es\/#\/schema\/person\/9623ef4d9aa3b2dfb8c061f1499288f2","name":"Francisco Javier Fern\u00e1ndez Chento","image":{"@type":"ImageObject","inLanguage":"es","@id":"http:\/\/vincentians.com\/es\/#\/schema\/person\/image\/","url":"https:\/\/secure.gravatar.com\/avatar\/497d5cde87b4c3d097d0315953521681ba2cd523ee66e5077c3711f7021e65de?s=96&d=mm&r=g","contentUrl":"https:\/\/secure.gravatar.com\/avatar\/497d5cde87b4c3d097d0315953521681ba2cd523ee66e5077c3711f7021e65de?s=96&d=mm&r=g","caption":"Francisco Javier Fern\u00e1ndez Chento"},"description":"Director General y cofundador de La Red de Formaci\u00f3n Vicenciana. Javier es laico vicenciano, afiliado a la Congregaci\u00f3n de la Misi\u00f3n y miembro del Equipo de Misiones Populares de la provincia can\u00f3nica de Zaragoza (Espa\u00f1a) de la Congregaci\u00f3n de la Misi\u00f3n. Graduado en la Universidad Oberta de Catalunya con cuatro grados (Asistente de direcci\u00f3n, Gesti\u00f3n Administrativa, Recursos Humanos y Contabilidad Avanzada). Bil\u00edng\u00fce Espa\u00f1ol\/Ingl\u00e9s. gestiona y mantiene varias p\u00e1ginas web cristianas y vicencianas, incluida including La Red de Formaci\u00f3n Vicenciana, de la que es cofundador. Actualmente es responsable del \u00e1rea de Espa\u00f1ol de .famvin, la Red de Noticias de la Familia Vicenciana. Tambi\u00e9n es m\u00fasico cat\u00f3lico y ha editado varios discos. Es Director General y cofundador de Trovador, una reconocida compa\u00f1\u00eda discogr\u00e1fica critiana de Espa\u00f1a. Trabaja en las Tecnolog\u00edas de la Informaci\u00f3n, ofreciendo servicios de alojamiento, dise\u00f1o y mantenimiento Web, as\u00ed como asesoramiento, formaci\u00f3n y soluciones inform\u00e1ticas, gesti\u00f3n documental y digitalizaci\u00f3n de textos, edici\u00f3n y maquetaci\u00f3n de libros, revistas, flyers, etc.","sameAs":["http:\/\/chento.org","https:\/\/www.facebook.com\/JavierChento","https:\/\/x.com\/https:\/\/twitter.com\/javierchento"],"url":"https:\/\/vincentians.com\/es\/author\/chento\/"}]}},"jetpack_publicize_connections":[],"jetpack_featured_media_url":"","jetpack_sharing_enabled":true,"jetpack_shortlink":"https:\/\/wp.me\/p7ETMF-4ds","jetpack-related-posts":[{"id":121663,"url":"https:\/\/vincentians.com\/es\/san-vicente-de-paul-y-los-gondi-capitulo-06\/","url_meta":{"origin":16210,"position":0},"title":"San Vicente de Pa\u00fal y los Gondi: Cap\u00edtulo 06","author":"Francisco Javier Fern\u00e1ndez Chento","date":"09\/07\/2024","format":false,"excerpt":"Cap\u00edtulo VI Vicente de Pa\u00fal en Ch\u00e2tillon-lez-Dombes. - Primera fundaci\u00f3n de una asociaci\u00f3n de sirvientas para los pobres. - Vuelta de Vicente a la casa de los Gondi. - Misiones en sus dominios. - Vicente de Pa\u00fal capell\u00e1n real de las galeras. Al llegar a Ch\u00e2tillon-lez-Dombes, Vicente de Pa\u00fal encontr\u00f3\u2026","rel":"","context":"En \u00abVicente de Pa\u00fal\u00bb","block_context":{"text":"Vicente de Pa\u00fal","link":"https:\/\/vincentians.com\/es\/category\/la-familia-vicenciana\/fundadores\/vicente-de-paul\/"},"img":{"alt_text":"","src":"https:\/\/i0.wp.com\/vincentians.com\/es\/wp-content\/uploads\/sites\/11\/2023\/08\/aaaf.jpg?fit=1200%2C827&ssl=1&resize=350%2C200","width":350,"height":200,"srcset":"https:\/\/i0.wp.com\/vincentians.com\/es\/wp-content\/uploads\/sites\/11\/2023\/08\/aaaf.jpg?fit=1200%2C827&ssl=1&resize=350%2C200 1x, https:\/\/i0.wp.com\/vincentians.com\/es\/wp-content\/uploads\/sites\/11\/2023\/08\/aaaf.jpg?fit=1200%2C827&ssl=1&resize=525%2C300 1.5x, https:\/\/i0.wp.com\/vincentians.com\/es\/wp-content\/uploads\/sites\/11\/2023\/08\/aaaf.jpg?fit=1200%2C827&ssl=1&resize=700%2C400 2x, https:\/\/i0.wp.com\/vincentians.com\/es\/wp-content\/uploads\/sites\/11\/2023\/08\/aaaf.jpg?fit=1200%2C827&ssl=1&resize=1050%2C600 3x"},"classes":[]},{"id":121638,"url":"https:\/\/vincentians.com\/es\/san-vicente-de-paul-y-los-gondi-capitulo-05\/","url_meta":{"origin":16210,"position":1},"title":"San Vicente de Pa\u00fal y los Gondi: Cap\u00edtulo 05","author":"Francisco Javier Fern\u00e1ndez Chento","date":"07\/07\/2024","format":false,"excerpt":"Cap\u00edtulo V Vicente de Pa\u00fal y la Sra. de Gondi en el castillo de Folleville. - Nacimiento de la obra de las Misiones. - Salida de Vicente de la casa de Gondi. - Vicente, p\u00e1rroco de Chatillon-lez-Dombes. A comienzos del a\u00f1o de 1617, la familia de Gondi se hallaba reunida\u2026","rel":"","context":"En \u00abVicente de Pa\u00fal\u00bb","block_context":{"text":"Vicente de Pa\u00fal","link":"https:\/\/vincentians.com\/es\/category\/la-familia-vicenciana\/fundadores\/vicente-de-paul\/"},"img":{"alt_text":"","src":"https:\/\/i0.wp.com\/vincentians.com\/es\/wp-content\/uploads\/sites\/11\/2023\/08\/aaaf.jpg?fit=1200%2C827&ssl=1&resize=350%2C200","width":350,"height":200,"srcset":"https:\/\/i0.wp.com\/vincentians.com\/es\/wp-content\/uploads\/sites\/11\/2023\/08\/aaaf.jpg?fit=1200%2C827&ssl=1&resize=350%2C200 1x, https:\/\/i0.wp.com\/vincentians.com\/es\/wp-content\/uploads\/sites\/11\/2023\/08\/aaaf.jpg?fit=1200%2C827&ssl=1&resize=525%2C300 1.5x, https:\/\/i0.wp.com\/vincentians.com\/es\/wp-content\/uploads\/sites\/11\/2023\/08\/aaaf.jpg?fit=1200%2C827&ssl=1&resize=700%2C400 2x, https:\/\/i0.wp.com\/vincentians.com\/es\/wp-content\/uploads\/sites\/11\/2023\/08\/aaaf.jpg?fit=1200%2C827&ssl=1&resize=1050%2C600 3x"},"classes":[]},{"id":1002,"url":"https:\/\/vincentians.com\/es\/vicente-de-paul-carta-0010-a-carlos-du-fresne-secretario-de-felipe-manuel-de-gondi\/","url_meta":{"origin":16210,"position":2},"title":"Vicente de Pa\u00fal, Carta 0010: A Carlos du Fresne, secretario de Felipe-Manuel de Gondi","author":"Francisco Javier Fern\u00e1ndez Chento","date":"01\/11\/2008","format":false,"excerpt":"[Octubre 1617] San Vicente informa a su amigo que espera hacer un viaje a Par\u00eds dentro de dos meses; all\u00ed, seg\u00fan las luces que Dios le d\u00e9, tomar\u00e1 una decisi\u00f3n definitiva, o de regresar a Ch\u00e2tillon-les-Dombes o de volver a la familia de Gondi.","rel":"","context":"En \u00abEscritos de Vicente de Pa\u00fal\u00bb","block_context":{"text":"Escritos de Vicente de Pa\u00fal","link":"https:\/\/vincentians.com\/es\/category\/escritos\/escritos-de-vicente-de-paul\/"},"img":{"alt_text":"","src":"https:\/\/i0.wp.com\/vincentians.com\/es\/wp-content\/uploads\/sites\/11\/2016\/07\/escritos-vicente-de-paul.jpg?fit=1200%2C630&ssl=1&resize=350%2C200","width":350,"height":200,"srcset":"https:\/\/i0.wp.com\/vincentians.com\/es\/wp-content\/uploads\/sites\/11\/2016\/07\/escritos-vicente-de-paul.jpg?fit=1200%2C630&ssl=1&resize=350%2C200 1x, https:\/\/i0.wp.com\/vincentians.com\/es\/wp-content\/uploads\/sites\/11\/2016\/07\/escritos-vicente-de-paul.jpg?fit=1200%2C630&ssl=1&resize=525%2C300 1.5x, https:\/\/i0.wp.com\/vincentians.com\/es\/wp-content\/uploads\/sites\/11\/2016\/07\/escritos-vicente-de-paul.jpg?fit=1200%2C630&ssl=1&resize=700%2C400 2x, https:\/\/i0.wp.com\/vincentians.com\/es\/wp-content\/uploads\/sites\/11\/2016\/07\/escritos-vicente-de-paul.jpg?fit=1200%2C630&ssl=1&resize=1050%2C600 3x"},"classes":[]},{"id":387854,"url":"https:\/\/vincentians.com\/es\/san-vicente-amigo-de-los-pobres-anos-de-busqueda-1613-1617\/","url_meta":{"origin":16210,"position":3},"title":"San Vicente: Amigo de los pobres: a\u00f1os de b\u00fasqueda (1613-1617)","author":"Mitxel Olabu\u00e9naga","date":"12\/10\/2016","format":false,"excerpt":"El se\u00f1or Vicente abandona Clichy El pueblo de Clichy guard\u00f3 siempre un grato recuerdo del mejor de sus p\u00e1rrocos. Pero, cuando m\u00e1s entusiasmado estaba \u00e9ste en sus proyectos, le lleg\u00f3 una carta de Berulle: Deb\u00eda cam\u00adbiar sus actividades. El director espiritual le ped\u00eda que volviera a Par\u00eds. Argumenta\u00adba que ser\u00eda\u2026","rel":"","context":"En \u00abFormaci\u00f3n Vicenciana\u00bb","block_context":{"text":"Formaci\u00f3n Vicenciana","link":"https:\/\/vincentians.com\/es\/category\/formacion-vicenciana\/"},"img":{"alt_text":"","src":"https:\/\/i0.wp.com\/vincentians.com\/es\/wp-content\/uploads\/sites\/11\/2016\/07\/st-vincent-de-paul.jpg?fit=1200%2C630&ssl=1&resize=350%2C200","width":350,"height":200,"srcset":"https:\/\/i0.wp.com\/vincentians.com\/es\/wp-content\/uploads\/sites\/11\/2016\/07\/st-vincent-de-paul.jpg?fit=1200%2C630&ssl=1&resize=350%2C200 1x, https:\/\/i0.wp.com\/vincentians.com\/es\/wp-content\/uploads\/sites\/11\/2016\/07\/st-vincent-de-paul.jpg?fit=1200%2C630&ssl=1&resize=525%2C300 1.5x, https:\/\/i0.wp.com\/vincentians.com\/es\/wp-content\/uploads\/sites\/11\/2016\/07\/st-vincent-de-paul.jpg?fit=1200%2C630&ssl=1&resize=700%2C400 2x, https:\/\/i0.wp.com\/vincentians.com\/es\/wp-content\/uploads\/sites\/11\/2016\/07\/st-vincent-de-paul.jpg?fit=1200%2C630&ssl=1&resize=1050%2C600 3x"},"classes":[]},{"id":131902,"url":"https:\/\/vincentians.com\/es\/el-senor-vicente-relee-su-vida-viii\/","url_meta":{"origin":16210,"position":4},"title":"El se\u00f1or Vicente relee su vida (VIII)","author":"Francisco Javier Fern\u00e1ndez Chento","date":"15\/12\/2014","format":false,"excerpt":"Ch\u00e2tillon En los mismos inicios de 1617, yo quer\u00eda darme plenamente a la evangelizaci\u00f3n, ahora bien era dif\u00edcil de llevar al mismo tiempo el cargo de preceptor, de capell\u00e1n personal de la Se\u00f1ora de Gondi y el de pastor. El Padre de B\u00e9rulle me propon\u00eda este curato de Buenens y\u2026","rel":"","context":"En \u00abVicente de Pa\u00fal\u00bb","block_context":{"text":"Vicente de Pa\u00fal","link":"https:\/\/vincentians.com\/es\/category\/la-familia-vicenciana\/fundadores\/vicente-de-paul\/"},"img":{"alt_text":"corazon","src":"https:\/\/i0.wp.com\/vicencianos.org\/wp-content\/2014\/12\/corazon-289x300.jpg?resize=350%2C200","width":350,"height":200},"classes":[]},{"id":131357,"url":"https:\/\/vincentians.com\/es\/el-senor-vicente-evolucion-de-un-santo-viii\/","url_meta":{"origin":16210,"position":5},"title":"El se\u00f1or Vicente, evoluci\u00f3n de un santo (VIII)","author":"Francisco Javier Fern\u00e1ndez Chento","date":"02\/10\/2014","format":false,"excerpt":"8. LA C\u00c1NDIDA EVA 1.El se\u00f1or Vicente, p\u00e1rroco de Clichy.- 2.La Hermandad del Rosario.- 3.Restauraci\u00f3n de la iglesia.- 4.Adios a la parroquia.- 5.En la casa de los Gondi.- 6.La familia.- 7.Beneficio.- 8.Las tierra de los Gondi.- 9.Maestro y maestra.- 10.\"El se\u00f1or Vicente\".- 11.Los ni\u00f1os.- 12.El preceptor.- 13.Conducata del capell\u00e1n; proyecto\u2026","rel":"","context":"En \u00abVicente de Pa\u00fal\u00bb","block_context":{"text":"Vicente de Pa\u00fal","link":"https:\/\/vincentians.com\/es\/category\/la-familia-vicenciana\/fundadores\/vicente-de-paul\/"},"img":{"alt_text":"coraz\u00f3n","src":"https:\/\/i0.wp.com\/vicencianos.org\/wp-content\/2014\/03\/coraz%C3%B3n.jpg?resize=350%2C200","width":350,"height":200},"classes":[]}],"_links":{"self":[{"href":"https:\/\/vincentians.com\/es\/wp-json\/wp\/v2\/posts\/16210","targetHints":{"allow":["GET"]}}],"collection":[{"href":"https:\/\/vincentians.com\/es\/wp-json\/wp\/v2\/posts"}],"about":[{"href":"https:\/\/vincentians.com\/es\/wp-json\/wp\/v2\/types\/post"}],"author":[{"embeddable":true,"href":"https:\/\/vincentians.com\/es\/wp-json\/wp\/v2\/users\/4"}],"replies":[{"embeddable":true,"href":"https:\/\/vincentians.com\/es\/wp-json\/wp\/v2\/comments?post=16210"}],"version-history":[{"count":0,"href":"https:\/\/vincentians.com\/es\/wp-json\/wp\/v2\/posts\/16210\/revisions"}],"wp:featuredmedia":[{"embeddable":true,"href":"https:\/\/vincentians.com\/es\/wp-json\/"}],"wp:attachment":[{"href":"https:\/\/vincentians.com\/es\/wp-json\/wp\/v2\/media?parent=16210"}],"wp:term":[{"taxonomy":"category","embeddable":true,"href":"https:\/\/vincentians.com\/es\/wp-json\/wp\/v2\/categories?post=16210"},{"taxonomy":"post_tag","embeddable":true,"href":"https:\/\/vincentians.com\/es\/wp-json\/wp\/v2\/tags?post=16210"}],"curies":[{"name":"wp","href":"https:\/\/api.w.org\/{rel}","templated":true}]}}