{"id":153773,"date":"2010-12-11T07:17:11","date_gmt":"2010-12-11T06:17:11","guid":{"rendered":"http:\/\/somos.vicencianos.org\/comentarios\/2010\/12\/11\/ciclo-a-domingo-3%c2%ba-de-adviento-reflexion-de-pedro-guillen-goni-c-m\/"},"modified":"2016-07-24T10:22:20","modified_gmt":"2016-07-24T08:22:20","slug":"ciclo-a-domingo-3%c2%ba-de-adviento-reflexion-de-pedro-guillen-goni-c-m","status":"publish","type":"post","link":"https:\/\/vincentians.com\/es\/ciclo-a-domingo-3%c2%ba-de-adviento-reflexion-de-pedro-guillen-goni-c-m\/","title":{"rendered":"Ciclo A, Domingo 3\u00ba de Adviento (reflexi\u00f3n de Pedro Guill\u00e9n Go\u00f1i, C.M.)"},"content":{"rendered":"<p><img data-recalc-dims=\"1\" loading=\"lazy\" decoding=\"async\" class=\"alignright size-full wp-image-72\" title=\"pedro_guillen\" src=\"https:\/\/i0.wp.com\/vicencianos.org\/comentarios\/files\/2010\/12\/pedro_guillen.jpg?resize=184%2C225\" alt=\"\" width=\"184\" height=\"225\" \/>En  el evangelio de este domingo (Mt. 11, 2-11) sigue adquiriendo  protagonismo Juan  Bautista. En el 2\u00ba domingo se presentaba como el  precursor, llamado por Dios  para anunciar los caminos del Se\u00f1or  invitando a la conversi\u00f3n, a la transformaci\u00f3n  de vida que implicara un  cambio interior en las personas.<\/p>\n<p>El escenario donde se desenvuelve Juan  Bautista es hoy un  poco diferente. \u00c9l, desde la c\u00e1rcel donde se encuentra por  anunciar la  venida del Se\u00f1or con valent\u00eda, descubre que el Se\u00f1or ya est\u00e1  haciendo  signos que demuestran su venida y se siente feliz porque su  predicaci\u00f3n  no ha sido en vano. El anuncio de Juan se est\u00e1 cumpliendo con la   llegada de Jes\u00fas; el cambio de las personas es real y exige la defensa  de la  vida, la justicia y la dignidad. Juan y Jes\u00fas tienen una  preocupaci\u00f3n por la  vida de las personas y un compromiso para la  transformaci\u00f3n de la sociedad. Los  disc\u00edpulos de Juan constatan que el  Se\u00f1or viene a anunciar la instauraci\u00f3n del  Reino de Dios, a mantener  viva la esperanza y a construir una sociedad donde  sea posible la  fraternidad y el desarrollo integral del hombre.<\/p>\n<p>Tanto Jes\u00fas como Juan Bautista, desde la  autoridad que les  avala al ser testigos y profetas, insisten en tres aspectos  esenciales  para llegar a una conversi\u00f3n profunda\u00a0 y estructural: <strong>Caridad <\/strong>que implica compartir lo que se tiene y esp\u00edritu de  solidaridad, colaboraci\u00f3n y servicio, sobre todo, con los m\u00e1s necesitados; <strong>Justicia <\/strong>que exige esfuerzo por la  igualdad, no aprovecharse de los dem\u00e1s y aspirar a unas relaciones cada vez m\u00e1s  fraternas; <strong>Paz <\/strong>que en la mente del  profeta nos lleva al respeto entre todos, a la superaci\u00f3n de todas violencia,  odio, discriminaci\u00f3n.<\/p>\n<p>El Se\u00f1or insistir\u00e1 tambi\u00e9n en la  conversi\u00f3n a la <strong>santidad <\/strong>que,  aunque  aparentemente\u00a0 no influye en el cambio  estructural, sin  embargo, en la medida en que cada persona busca la perfecci\u00f3n  desde la  \u00f3ptica del evangelio, toda la sociedad se beneficia de ese esfuerzo   personal por lograr un mundo mejor e identificarse m\u00e1s plenamente con la  misi\u00f3n  de la instauraci\u00f3n de su Reino.<\/p>\n<p>Hoy tambi\u00e9n vemos signos de esperanza  mesi\u00e1nica como los que  sintieron los disc\u00edpulos del Se\u00f1or: La bondad silenciosa  y eficaz de  tantos corazones que abnegadamente invierten su vida por los dem\u00e1s;  los  innumerables gestos de amor y solidaridad. Todo ello nos demuestra que  la  semilla de la palabra prof\u00e9tica es una realidad en el mundo de hoy y  que  deberemos mantenerla y fortalecerla.<\/p>\n","protected":false},"excerpt":{"rendered":"<p>En el evangelio de este domingo (Mt. 11, 2-11) sigue adquiriendo protagonismo Juan Bautista. En el 2\u00ba domingo se presentaba como el precursor, llamado por Dios para anunciar los caminos del Se\u00f1or invitando a la &#8230; <a href=\"https:\/\/vincentians.com\/es\/ciclo-a-domingo-3%c2%ba-de-adviento-reflexion-de-pedro-guillen-goni-c-m\/\" class=\"more-link\">Read More<\/a><\/p>\n","protected":false},"author":4,"featured_media":388408,"comment_status":"open","ping_status":"open","sticky":false,"template":"","format":"standard","meta":{"jetpack_post_was_ever_published":false,"_jetpack_newsletter_access":"","_jetpack_dont_email_post_to_subs":false,"_jetpack_newsletter_tier_id":0,"_jetpack_memberships_contains_paywalled_content":false,"_jetpack_memberships_contains_paid_content":false,"footnotes":"","jetpack_publicize_message":"","jetpack_publicize_feature_enabled":true,"jetpack_social_post_already_shared":true,"jetpack_social_options":{"image_generator_settings":{"template":"highway","default_image_id":0,"font":"","enabled":false},"version":2}},"categories":[95],"tags":[],"class_list":["post-153773","post","type-post","status-publish","format-standard","has-post-thumbnail","hentry","category-homilias-y-reflexiones-ano-a"],"yoast_head":"<!-- This site is optimized with the Yoast SEO plugin v26.3 - https:\/\/yoast.com\/wordpress\/plugins\/seo\/ -->\n<title>Ciclo A, Domingo 3\u00ba de Adviento (reflexi\u00f3n de Pedro Guill\u00e9n Go\u00f1i, C.M.) - Somos Vicencianos<\/title>\n<meta name=\"robots\" content=\"index, follow, max-snippet:-1, max-image-preview:large, max-video-preview:-1\" \/>\n<link rel=\"canonical\" href=\"https:\/\/vincentians.com\/es\/ciclo-a-domingo-3\u00ba-de-adviento-reflexion-de-pedro-guillen-goni-c-m\/\" \/>\n<meta property=\"og:locale\" content=\"es_ES\" \/>\n<meta property=\"og:type\" content=\"article\" \/>\n<meta property=\"og:title\" content=\"Ciclo A, Domingo 3\u00ba de Adviento (reflexi\u00f3n de Pedro Guill\u00e9n Go\u00f1i, C.M.) - Somos Vicencianos\" \/>\n<meta property=\"og:description\" content=\"En el evangelio de este domingo (Mt. 11, 2-11) sigue adquiriendo protagonismo Juan Bautista. En el 2\u00ba domingo se presentaba como el precursor, llamado por Dios para anunciar los caminos del Se\u00f1or invitando a la ... Read More\" \/>\n<meta property=\"og:url\" content=\"https:\/\/vincentians.com\/es\/ciclo-a-domingo-3\u00ba-de-adviento-reflexion-de-pedro-guillen-goni-c-m\/\" \/>\n<meta property=\"og:site_name\" content=\"Somos Vicencianos\" \/>\n<meta property=\"article:publisher\" content=\"https:\/\/www.facebook.com\/WeAreVincentians\/\" \/>\n<meta property=\"article:author\" content=\"https:\/\/www.facebook.com\/JavierChento\" \/>\n<meta property=\"article:published_time\" content=\"2010-12-11T06:17:11+00:00\" \/>\n<meta property=\"article:modified_time\" content=\"2016-07-24T08:22:20+00:00\" \/>\n<meta property=\"og:image\" content=\"https:\/\/i0.wp.com\/vincentians.com\/es\/wp-content\/uploads\/sites\/11\/2016\/07\/reflexiones-palabra-de-dios.jpg?fit=1200%2C630&ssl=1\" \/>\n\t<meta property=\"og:image:width\" content=\"1200\" \/>\n\t<meta property=\"og:image:height\" content=\"630\" \/>\n\t<meta property=\"og:image:type\" content=\"image\/jpeg\" \/>\n<meta name=\"author\" content=\"Francisco Javier Fern\u00e1ndez Chento\" \/>\n<meta name=\"twitter:card\" content=\"summary_large_image\" \/>\n<meta name=\"twitter:creator\" content=\"@https:\/\/twitter.com\/javierchento\" \/>\n<meta name=\"twitter:site\" content=\"@WeVincentians\" \/>\n<meta name=\"twitter:label1\" content=\"Escrito por\" \/>\n\t<meta name=\"twitter:data1\" content=\"Francisco Javier Fern\u00e1ndez Chento\" \/>\n\t<meta name=\"twitter:label2\" content=\"Tiempo de lectura\" \/>\n\t<meta name=\"twitter:data2\" content=\"2 minutos\" \/>\n<script type=\"application\/ld+json\" class=\"yoast-schema-graph\">{\"@context\":\"https:\/\/schema.org\",\"@graph\":[{\"@type\":\"Article\",\"@id\":\"https:\/\/vincentians.com\/es\/ciclo-a-domingo-3%c2%ba-de-adviento-reflexion-de-pedro-guillen-goni-c-m\/#article\",\"isPartOf\":{\"@id\":\"https:\/\/vincentians.com\/es\/ciclo-a-domingo-3%c2%ba-de-adviento-reflexion-de-pedro-guillen-goni-c-m\/\"},\"author\":{\"name\":\"Francisco Javier Fern\u00e1ndez Chento\",\"@id\":\"http:\/\/vincentians.com\/es\/#\/schema\/person\/9623ef4d9aa3b2dfb8c061f1499288f2\"},\"headline\":\"Ciclo A, Domingo 3\u00ba de Adviento (reflexi\u00f3n de Pedro Guill\u00e9n Go\u00f1i, C.M.)\",\"datePublished\":\"2010-12-11T06:17:11+00:00\",\"dateModified\":\"2016-07-24T08:22:20+00:00\",\"mainEntityOfPage\":{\"@id\":\"https:\/\/vincentians.com\/es\/ciclo-a-domingo-3%c2%ba-de-adviento-reflexion-de-pedro-guillen-goni-c-m\/\"},\"wordCount\":458,\"commentCount\":0,\"publisher\":{\"@id\":\"http:\/\/vincentians.com\/es\/#organization\"},\"image\":{\"@id\":\"https:\/\/vincentians.com\/es\/ciclo-a-domingo-3%c2%ba-de-adviento-reflexion-de-pedro-guillen-goni-c-m\/#primaryimage\"},\"thumbnailUrl\":\"https:\/\/i0.wp.com\/vincentians.com\/es\/wp-content\/uploads\/sites\/11\/2016\/07\/reflexiones-palabra-de-dios.jpg?fit=1200%2C630&ssl=1\",\"articleSection\":[\"Homil\u00edas y reflexiones, A\u00f1o A\"],\"inLanguage\":\"es\",\"potentialAction\":[{\"@type\":\"CommentAction\",\"name\":\"Comment\",\"target\":[\"https:\/\/vincentians.com\/es\/ciclo-a-domingo-3%c2%ba-de-adviento-reflexion-de-pedro-guillen-goni-c-m\/#respond\"]}]},{\"@type\":\"WebPage\",\"@id\":\"https:\/\/vincentians.com\/es\/ciclo-a-domingo-3%c2%ba-de-adviento-reflexion-de-pedro-guillen-goni-c-m\/\",\"url\":\"https:\/\/vincentians.com\/es\/ciclo-a-domingo-3%c2%ba-de-adviento-reflexion-de-pedro-guillen-goni-c-m\/\",\"name\":\"Ciclo A, Domingo 3\u00ba de Adviento (reflexi\u00f3n de Pedro Guill\u00e9n Go\u00f1i, C.M.) - Somos Vicencianos\",\"isPartOf\":{\"@id\":\"http:\/\/vincentians.com\/es\/#website\"},\"primaryImageOfPage\":{\"@id\":\"https:\/\/vincentians.com\/es\/ciclo-a-domingo-3%c2%ba-de-adviento-reflexion-de-pedro-guillen-goni-c-m\/#primaryimage\"},\"image\":{\"@id\":\"https:\/\/vincentians.com\/es\/ciclo-a-domingo-3%c2%ba-de-adviento-reflexion-de-pedro-guillen-goni-c-m\/#primaryimage\"},\"thumbnailUrl\":\"https:\/\/i0.wp.com\/vincentians.com\/es\/wp-content\/uploads\/sites\/11\/2016\/07\/reflexiones-palabra-de-dios.jpg?fit=1200%2C630&ssl=1\",\"datePublished\":\"2010-12-11T06:17:11+00:00\",\"dateModified\":\"2016-07-24T08:22:20+00:00\",\"breadcrumb\":{\"@id\":\"https:\/\/vincentians.com\/es\/ciclo-a-domingo-3%c2%ba-de-adviento-reflexion-de-pedro-guillen-goni-c-m\/#breadcrumb\"},\"inLanguage\":\"es\",\"potentialAction\":[{\"@type\":\"ReadAction\",\"target\":[\"https:\/\/vincentians.com\/es\/ciclo-a-domingo-3%c2%ba-de-adviento-reflexion-de-pedro-guillen-goni-c-m\/\"]}]},{\"@type\":\"ImageObject\",\"inLanguage\":\"es\",\"@id\":\"https:\/\/vincentians.com\/es\/ciclo-a-domingo-3%c2%ba-de-adviento-reflexion-de-pedro-guillen-goni-c-m\/#primaryimage\",\"url\":\"https:\/\/i0.wp.com\/vincentians.com\/es\/wp-content\/uploads\/sites\/11\/2016\/07\/reflexiones-palabra-de-dios.jpg?fit=1200%2C630&ssl=1\",\"contentUrl\":\"https:\/\/i0.wp.com\/vincentians.com\/es\/wp-content\/uploads\/sites\/11\/2016\/07\/reflexiones-palabra-de-dios.jpg?fit=1200%2C630&ssl=1\",\"width\":1200,\"height\":630},{\"@type\":\"BreadcrumbList\",\"@id\":\"https:\/\/vincentians.com\/es\/ciclo-a-domingo-3%c2%ba-de-adviento-reflexion-de-pedro-guillen-goni-c-m\/#breadcrumb\",\"itemListElement\":[{\"@type\":\"ListItem\",\"position\":1,\"name\":\"Portada\",\"item\":\"http:\/\/vincentians.com\/es\/\"},{\"@type\":\"ListItem\",\"position\":2,\"name\":\"Ciclo A, Domingo 3\u00ba de Adviento (reflexi\u00f3n de Pedro Guill\u00e9n Go\u00f1i, C.M.)\"}]},{\"@type\":\"WebSite\",\"@id\":\"http:\/\/vincentians.com\/es\/#website\",\"url\":\"http:\/\/vincentians.com\/es\/\",\"name\":\"Somos Vicencianos\",\"description\":\"Know more to serve more\",\"publisher\":{\"@id\":\"http:\/\/vincentians.com\/es\/#organization\"},\"potentialAction\":[{\"@type\":\"SearchAction\",\"target\":{\"@type\":\"EntryPoint\",\"urlTemplate\":\"http:\/\/vincentians.com\/es\/?s={search_term_string}\"},\"query-input\":{\"@type\":\"PropertyValueSpecification\",\"valueRequired\":true,\"valueName\":\"search_term_string\"}}],\"inLanguage\":\"es\"},{\"@type\":\"Organization\",\"@id\":\"http:\/\/vincentians.com\/es\/#organization\",\"name\":\"The Vincentian Network\",\"url\":\"http:\/\/vincentians.com\/es\/\",\"logo\":{\"@type\":\"ImageObject\",\"inLanguage\":\"es\",\"@id\":\"http:\/\/vincentians.com\/es\/#\/schema\/logo\/image\/\",\"url\":\"https:\/\/i1.wp.com\/vincentians.com\/es\/wp-content\/uploads\/sites\/11\/2016\/06\/Vincentian-Network-logo-big.png?fit=778%2C778\",\"contentUrl\":\"https:\/\/i1.wp.com\/vincentians.com\/es\/wp-content\/uploads\/sites\/11\/2016\/06\/Vincentian-Network-logo-big.png?fit=778%2C778\",\"width\":778,\"height\":778,\"caption\":\"The Vincentian Network\"},\"image\":{\"@id\":\"http:\/\/vincentians.com\/es\/#\/schema\/logo\/image\/\"},\"sameAs\":[\"https:\/\/www.facebook.com\/WeAreVincentians\/\",\"https:\/\/x.com\/WeVincentians\"]},{\"@type\":\"Person\",\"@id\":\"http:\/\/vincentians.com\/es\/#\/schema\/person\/9623ef4d9aa3b2dfb8c061f1499288f2\",\"name\":\"Francisco Javier Fern\u00e1ndez Chento\",\"image\":{\"@type\":\"ImageObject\",\"inLanguage\":\"es\",\"@id\":\"http:\/\/vincentians.com\/es\/#\/schema\/person\/image\/\",\"url\":\"https:\/\/secure.gravatar.com\/avatar\/497d5cde87b4c3d097d0315953521681ba2cd523ee66e5077c3711f7021e65de?s=96&d=mm&r=g\",\"contentUrl\":\"https:\/\/secure.gravatar.com\/avatar\/497d5cde87b4c3d097d0315953521681ba2cd523ee66e5077c3711f7021e65de?s=96&d=mm&r=g\",\"caption\":\"Francisco Javier Fern\u00e1ndez Chento\"},\"description\":\"Director General y cofundador de La Red de Formaci\u00f3n Vicenciana. Javier es laico vicenciano, afiliado a la Congregaci\u00f3n de la Misi\u00f3n y miembro del Equipo de Misiones Populares de la provincia can\u00f3nica de Zaragoza (Espa\u00f1a) de la Congregaci\u00f3n de la Misi\u00f3n. Graduado en la Universidad Oberta de Catalunya con cuatro grados (Asistente de direcci\u00f3n, Gesti\u00f3n Administrativa, Recursos Humanos y Contabilidad Avanzada). Bil\u00edng\u00fce Espa\u00f1ol\/Ingl\u00e9s. gestiona y mantiene varias p\u00e1ginas web cristianas y vicencianas, incluida including La Red de Formaci\u00f3n Vicenciana, de la que es cofundador. Actualmente es responsable del \u00e1rea de Espa\u00f1ol de .famvin, la Red de Noticias de la Familia Vicenciana. Tambi\u00e9n es m\u00fasico cat\u00f3lico y ha editado varios discos. Es Director General y cofundador de Trovador, una reconocida compa\u00f1\u00eda discogr\u00e1fica critiana de Espa\u00f1a. Trabaja en las Tecnolog\u00edas de la Informaci\u00f3n, ofreciendo servicios de alojamiento, dise\u00f1o y mantenimiento Web, as\u00ed como asesoramiento, formaci\u00f3n y soluciones inform\u00e1ticas, gesti\u00f3n documental y digitalizaci\u00f3n de textos, edici\u00f3n y maquetaci\u00f3n de libros, revistas, flyers, etc.\",\"sameAs\":[\"http:\/\/chento.org\",\"https:\/\/www.facebook.com\/JavierChento\",\"https:\/\/x.com\/https:\/\/twitter.com\/javierchento\"],\"url\":\"https:\/\/vincentians.com\/es\/author\/chento\/\"}]}<\/script>\n<!-- \/ Yoast SEO plugin. -->","yoast_head_json":{"title":"Ciclo A, Domingo 3\u00ba de Adviento (reflexi\u00f3n de Pedro Guill\u00e9n Go\u00f1i, C.M.) - Somos Vicencianos","robots":{"index":"index","follow":"follow","max-snippet":"max-snippet:-1","max-image-preview":"max-image-preview:large","max-video-preview":"max-video-preview:-1"},"canonical":"https:\/\/vincentians.com\/es\/ciclo-a-domingo-3\u00ba-de-adviento-reflexion-de-pedro-guillen-goni-c-m\/","og_locale":"es_ES","og_type":"article","og_title":"Ciclo A, Domingo 3\u00ba de Adviento (reflexi\u00f3n de Pedro Guill\u00e9n Go\u00f1i, C.M.) - Somos Vicencianos","og_description":"En el evangelio de este domingo (Mt. 11, 2-11) sigue adquiriendo protagonismo Juan Bautista. En el 2\u00ba domingo se presentaba como el precursor, llamado por Dios para anunciar los caminos del Se\u00f1or invitando a la ... Read More","og_url":"https:\/\/vincentians.com\/es\/ciclo-a-domingo-3\u00ba-de-adviento-reflexion-de-pedro-guillen-goni-c-m\/","og_site_name":"Somos Vicencianos","article_publisher":"https:\/\/www.facebook.com\/WeAreVincentians\/","article_author":"https:\/\/www.facebook.com\/JavierChento","article_published_time":"2010-12-11T06:17:11+00:00","article_modified_time":"2016-07-24T08:22:20+00:00","og_image":[{"width":1200,"height":630,"url":"https:\/\/i0.wp.com\/vincentians.com\/es\/wp-content\/uploads\/sites\/11\/2016\/07\/reflexiones-palabra-de-dios.jpg?fit=1200%2C630&ssl=1","type":"image\/jpeg"}],"author":"Francisco Javier Fern\u00e1ndez Chento","twitter_card":"summary_large_image","twitter_creator":"@https:\/\/twitter.com\/javierchento","twitter_site":"@WeVincentians","twitter_misc":{"Escrito por":"Francisco Javier Fern\u00e1ndez Chento","Tiempo de lectura":"2 minutos"},"schema":{"@context":"https:\/\/schema.org","@graph":[{"@type":"Article","@id":"https:\/\/vincentians.com\/es\/ciclo-a-domingo-3%c2%ba-de-adviento-reflexion-de-pedro-guillen-goni-c-m\/#article","isPartOf":{"@id":"https:\/\/vincentians.com\/es\/ciclo-a-domingo-3%c2%ba-de-adviento-reflexion-de-pedro-guillen-goni-c-m\/"},"author":{"name":"Francisco Javier Fern\u00e1ndez Chento","@id":"http:\/\/vincentians.com\/es\/#\/schema\/person\/9623ef4d9aa3b2dfb8c061f1499288f2"},"headline":"Ciclo A, Domingo 3\u00ba de Adviento (reflexi\u00f3n de Pedro Guill\u00e9n Go\u00f1i, C.M.)","datePublished":"2010-12-11T06:17:11+00:00","dateModified":"2016-07-24T08:22:20+00:00","mainEntityOfPage":{"@id":"https:\/\/vincentians.com\/es\/ciclo-a-domingo-3%c2%ba-de-adviento-reflexion-de-pedro-guillen-goni-c-m\/"},"wordCount":458,"commentCount":0,"publisher":{"@id":"http:\/\/vincentians.com\/es\/#organization"},"image":{"@id":"https:\/\/vincentians.com\/es\/ciclo-a-domingo-3%c2%ba-de-adviento-reflexion-de-pedro-guillen-goni-c-m\/#primaryimage"},"thumbnailUrl":"https:\/\/i0.wp.com\/vincentians.com\/es\/wp-content\/uploads\/sites\/11\/2016\/07\/reflexiones-palabra-de-dios.jpg?fit=1200%2C630&ssl=1","articleSection":["Homil\u00edas y reflexiones, A\u00f1o A"],"inLanguage":"es","potentialAction":[{"@type":"CommentAction","name":"Comment","target":["https:\/\/vincentians.com\/es\/ciclo-a-domingo-3%c2%ba-de-adviento-reflexion-de-pedro-guillen-goni-c-m\/#respond"]}]},{"@type":"WebPage","@id":"https:\/\/vincentians.com\/es\/ciclo-a-domingo-3%c2%ba-de-adviento-reflexion-de-pedro-guillen-goni-c-m\/","url":"https:\/\/vincentians.com\/es\/ciclo-a-domingo-3%c2%ba-de-adviento-reflexion-de-pedro-guillen-goni-c-m\/","name":"Ciclo A, Domingo 3\u00ba de Adviento (reflexi\u00f3n de Pedro Guill\u00e9n Go\u00f1i, C.M.) - Somos Vicencianos","isPartOf":{"@id":"http:\/\/vincentians.com\/es\/#website"},"primaryImageOfPage":{"@id":"https:\/\/vincentians.com\/es\/ciclo-a-domingo-3%c2%ba-de-adviento-reflexion-de-pedro-guillen-goni-c-m\/#primaryimage"},"image":{"@id":"https:\/\/vincentians.com\/es\/ciclo-a-domingo-3%c2%ba-de-adviento-reflexion-de-pedro-guillen-goni-c-m\/#primaryimage"},"thumbnailUrl":"https:\/\/i0.wp.com\/vincentians.com\/es\/wp-content\/uploads\/sites\/11\/2016\/07\/reflexiones-palabra-de-dios.jpg?fit=1200%2C630&ssl=1","datePublished":"2010-12-11T06:17:11+00:00","dateModified":"2016-07-24T08:22:20+00:00","breadcrumb":{"@id":"https:\/\/vincentians.com\/es\/ciclo-a-domingo-3%c2%ba-de-adviento-reflexion-de-pedro-guillen-goni-c-m\/#breadcrumb"},"inLanguage":"es","potentialAction":[{"@type":"ReadAction","target":["https:\/\/vincentians.com\/es\/ciclo-a-domingo-3%c2%ba-de-adviento-reflexion-de-pedro-guillen-goni-c-m\/"]}]},{"@type":"ImageObject","inLanguage":"es","@id":"https:\/\/vincentians.com\/es\/ciclo-a-domingo-3%c2%ba-de-adviento-reflexion-de-pedro-guillen-goni-c-m\/#primaryimage","url":"https:\/\/i0.wp.com\/vincentians.com\/es\/wp-content\/uploads\/sites\/11\/2016\/07\/reflexiones-palabra-de-dios.jpg?fit=1200%2C630&ssl=1","contentUrl":"https:\/\/i0.wp.com\/vincentians.com\/es\/wp-content\/uploads\/sites\/11\/2016\/07\/reflexiones-palabra-de-dios.jpg?fit=1200%2C630&ssl=1","width":1200,"height":630},{"@type":"BreadcrumbList","@id":"https:\/\/vincentians.com\/es\/ciclo-a-domingo-3%c2%ba-de-adviento-reflexion-de-pedro-guillen-goni-c-m\/#breadcrumb","itemListElement":[{"@type":"ListItem","position":1,"name":"Portada","item":"http:\/\/vincentians.com\/es\/"},{"@type":"ListItem","position":2,"name":"Ciclo A, Domingo 3\u00ba de Adviento (reflexi\u00f3n de Pedro Guill\u00e9n Go\u00f1i, C.M.)"}]},{"@type":"WebSite","@id":"http:\/\/vincentians.com\/es\/#website","url":"http:\/\/vincentians.com\/es\/","name":"Somos Vicencianos","description":"Know more to serve more","publisher":{"@id":"http:\/\/vincentians.com\/es\/#organization"},"potentialAction":[{"@type":"SearchAction","target":{"@type":"EntryPoint","urlTemplate":"http:\/\/vincentians.com\/es\/?s={search_term_string}"},"query-input":{"@type":"PropertyValueSpecification","valueRequired":true,"valueName":"search_term_string"}}],"inLanguage":"es"},{"@type":"Organization","@id":"http:\/\/vincentians.com\/es\/#organization","name":"The Vincentian Network","url":"http:\/\/vincentians.com\/es\/","logo":{"@type":"ImageObject","inLanguage":"es","@id":"http:\/\/vincentians.com\/es\/#\/schema\/logo\/image\/","url":"https:\/\/i1.wp.com\/vincentians.com\/es\/wp-content\/uploads\/sites\/11\/2016\/06\/Vincentian-Network-logo-big.png?fit=778%2C778","contentUrl":"https:\/\/i1.wp.com\/vincentians.com\/es\/wp-content\/uploads\/sites\/11\/2016\/06\/Vincentian-Network-logo-big.png?fit=778%2C778","width":778,"height":778,"caption":"The Vincentian Network"},"image":{"@id":"http:\/\/vincentians.com\/es\/#\/schema\/logo\/image\/"},"sameAs":["https:\/\/www.facebook.com\/WeAreVincentians\/","https:\/\/x.com\/WeVincentians"]},{"@type":"Person","@id":"http:\/\/vincentians.com\/es\/#\/schema\/person\/9623ef4d9aa3b2dfb8c061f1499288f2","name":"Francisco Javier Fern\u00e1ndez Chento","image":{"@type":"ImageObject","inLanguage":"es","@id":"http:\/\/vincentians.com\/es\/#\/schema\/person\/image\/","url":"https:\/\/secure.gravatar.com\/avatar\/497d5cde87b4c3d097d0315953521681ba2cd523ee66e5077c3711f7021e65de?s=96&d=mm&r=g","contentUrl":"https:\/\/secure.gravatar.com\/avatar\/497d5cde87b4c3d097d0315953521681ba2cd523ee66e5077c3711f7021e65de?s=96&d=mm&r=g","caption":"Francisco Javier Fern\u00e1ndez Chento"},"description":"Director General y cofundador de La Red de Formaci\u00f3n Vicenciana. Javier es laico vicenciano, afiliado a la Congregaci\u00f3n de la Misi\u00f3n y miembro del Equipo de Misiones Populares de la provincia can\u00f3nica de Zaragoza (Espa\u00f1a) de la Congregaci\u00f3n de la Misi\u00f3n. Graduado en la Universidad Oberta de Catalunya con cuatro grados (Asistente de direcci\u00f3n, Gesti\u00f3n Administrativa, Recursos Humanos y Contabilidad Avanzada). Bil\u00edng\u00fce Espa\u00f1ol\/Ingl\u00e9s. gestiona y mantiene varias p\u00e1ginas web cristianas y vicencianas, incluida including La Red de Formaci\u00f3n Vicenciana, de la que es cofundador. Actualmente es responsable del \u00e1rea de Espa\u00f1ol de .famvin, la Red de Noticias de la Familia Vicenciana. Tambi\u00e9n es m\u00fasico cat\u00f3lico y ha editado varios discos. Es Director General y cofundador de Trovador, una reconocida compa\u00f1\u00eda discogr\u00e1fica critiana de Espa\u00f1a. Trabaja en las Tecnolog\u00edas de la Informaci\u00f3n, ofreciendo servicios de alojamiento, dise\u00f1o y mantenimiento Web, as\u00ed como asesoramiento, formaci\u00f3n y soluciones inform\u00e1ticas, gesti\u00f3n documental y digitalizaci\u00f3n de textos, edici\u00f3n y maquetaci\u00f3n de libros, revistas, flyers, etc.","sameAs":["http:\/\/chento.org","https:\/\/www.facebook.com\/JavierChento","https:\/\/x.com\/https:\/\/twitter.com\/javierchento"],"url":"https:\/\/vincentians.com\/es\/author\/chento\/"}]}},"jetpack_publicize_connections":[],"jetpack_featured_media_url":"https:\/\/i0.wp.com\/vincentians.com\/es\/wp-content\/uploads\/sites\/11\/2016\/07\/reflexiones-palabra-de-dios.jpg?fit=1200%2C630&ssl=1","jetpack_sharing_enabled":true,"jetpack_shortlink":"https:\/\/wp.me\/p7ETMF-E0d","jetpack-related-posts":[{"id":135928,"url":"https:\/\/vincentians.com\/es\/2o-domingo-de-t-o-reflexion-de-jose-roman-flecha\/","url_meta":{"origin":153773,"position":0},"title":"2\u00ba Domingo de T.O. (reflexi\u00f3n de Jos\u00e9 Rom\u00e1n Flecha)","author":"Francisco Javier Fern\u00e1ndez Chento","date":"13\/01\/2015","format":false,"excerpt":"LA LLAMADA Y EL ANUNCIO Domingo 2\u00ba del Tiempo Ordinario. B. 18 de enero de 2015 \u201cAqu\u00ed estoy. Vengo porque me has llamado\u201d. Hasta tres veces repite el ni\u00f1o Samuel estas palabras que se recogen en la primera lectura de la misa de hoy (1Sam 3,3-10.19). La escena se sit\u00faa\u2026","rel":"","context":"En \u00abHomil\u00edas y reflexiones, A\u00f1o B\u00bb","block_context":{"text":"Homil\u00edas y reflexiones, A\u00f1o B","link":"https:\/\/vincentians.com\/es\/category\/homilias-y-reflexiones-a-la-palabra-de-dios\/homilias-y-reflexiones-ano-b\/"},"img":{"alt_text":"","src":"https:\/\/i0.wp.com\/vincentians.com\/es\/wp-content\/uploads\/sites\/11\/2016\/07\/reflexiones-palabra-de-dios.jpg?fit=1200%2C630&ssl=1&resize=350%2C200","width":350,"height":200,"srcset":"https:\/\/i0.wp.com\/vincentians.com\/es\/wp-content\/uploads\/sites\/11\/2016\/07\/reflexiones-palabra-de-dios.jpg?fit=1200%2C630&ssl=1&resize=350%2C200 1x, https:\/\/i0.wp.com\/vincentians.com\/es\/wp-content\/uploads\/sites\/11\/2016\/07\/reflexiones-palabra-de-dios.jpg?fit=1200%2C630&ssl=1&resize=525%2C300 1.5x, https:\/\/i0.wp.com\/vincentians.com\/es\/wp-content\/uploads\/sites\/11\/2016\/07\/reflexiones-palabra-de-dios.jpg?fit=1200%2C630&ssl=1&resize=700%2C400 2x, https:\/\/i0.wp.com\/vincentians.com\/es\/wp-content\/uploads\/sites\/11\/2016\/07\/reflexiones-palabra-de-dios.jpg?fit=1200%2C630&ssl=1&resize=1050%2C600 3x"},"classes":[]},{"id":132529,"url":"https:\/\/vincentians.com\/es\/domingo-3o-de-adviento-reflexion-de-antonio-elduayen-c-m\/","url_meta":{"origin":153773,"position":1},"title":"Domingo 3\u00ba de Adviento (reflexi\u00f3n de Antonio Elduayen, C.M.)","author":"Francisco Javier Fern\u00e1ndez Chento","date":"11\/12\/2014","format":false,"excerpt":"Queridos amigos y amigas, El evangelista Juan es, con Marcos, el otro hagi\u00f3grafo para quien el Jes\u00fas de la Navidad es m\u00e1s importante que la Navidad de Jes\u00fas. En efecto, sin hablar de la Navidad o Nacimiento de Jes\u00fas, su evangelio (Jn 1,6-8. 19-28) lo presenta ya hecho un hombre\u2026","rel":"","context":"En \u00abHomil\u00edas y reflexiones, A\u00f1o B\u00bb","block_context":{"text":"Homil\u00edas y reflexiones, A\u00f1o B","link":"https:\/\/vincentians.com\/es\/category\/homilias-y-reflexiones-a-la-palabra-de-dios\/homilias-y-reflexiones-ano-b\/"},"img":{"alt_text":"","src":"https:\/\/i0.wp.com\/vincentians.com\/es\/wp-content\/uploads\/sites\/11\/2016\/07\/reflexiones-palabra-de-dios.jpg?fit=1200%2C630&ssl=1&resize=350%2C200","width":350,"height":200,"srcset":"https:\/\/i0.wp.com\/vincentians.com\/es\/wp-content\/uploads\/sites\/11\/2016\/07\/reflexiones-palabra-de-dios.jpg?fit=1200%2C630&ssl=1&resize=350%2C200 1x, https:\/\/i0.wp.com\/vincentians.com\/es\/wp-content\/uploads\/sites\/11\/2016\/07\/reflexiones-palabra-de-dios.jpg?fit=1200%2C630&ssl=1&resize=525%2C300 1.5x, https:\/\/i0.wp.com\/vincentians.com\/es\/wp-content\/uploads\/sites\/11\/2016\/07\/reflexiones-palabra-de-dios.jpg?fit=1200%2C630&ssl=1&resize=700%2C400 2x, https:\/\/i0.wp.com\/vincentians.com\/es\/wp-content\/uploads\/sites\/11\/2016\/07\/reflexiones-palabra-de-dios.jpg?fit=1200%2C630&ssl=1&resize=1050%2C600 3x"},"classes":[]},{"id":132360,"url":"https:\/\/vincentians.com\/es\/ciclo-b-domingo-3%c2%ba-de-adviento-reflexion-de-jose-roman-flecha\/","url_meta":{"origin":153773,"position":2},"title":"Ciclo B, Domingo 3\u00ba de Adviento (reflexi\u00f3n de Jos\u00e9 Rom\u00e1n Flecha)","author":"Francisco Javier Fern\u00e1ndez Chento","date":"05\/12\/2011","format":false,"excerpt":"MENSAJE DEL PRECURSOR Domingo 3\u00ba de Adviento.B 11 de diciembre de 2011 Los profetas son enviados por Dios para nuestra salvaci\u00f3n. Es verdad que demasiadas veces tienen que denunciar el mal y el pecado. Pero son llamados para ser pregoneros de esperanza: anuncian un mundo de paz y de armon\u00eda\u2026","rel":"","context":"En \u00abHomil\u00edas y reflexiones, A\u00f1o B\u00bb","block_context":{"text":"Homil\u00edas y reflexiones, A\u00f1o B","link":"https:\/\/vincentians.com\/es\/category\/homilias-y-reflexiones-a-la-palabra-de-dios\/homilias-y-reflexiones-ano-b\/"},"img":{"alt_text":"","src":"https:\/\/i0.wp.com\/vincentians.com\/es\/wp-content\/uploads\/sites\/11\/2016\/07\/reflexiones-palabra-de-dios.jpg?fit=1200%2C630&ssl=1&resize=350%2C200","width":350,"height":200,"srcset":"https:\/\/i0.wp.com\/vincentians.com\/es\/wp-content\/uploads\/sites\/11\/2016\/07\/reflexiones-palabra-de-dios.jpg?fit=1200%2C630&ssl=1&resize=350%2C200 1x, https:\/\/i0.wp.com\/vincentians.com\/es\/wp-content\/uploads\/sites\/11\/2016\/07\/reflexiones-palabra-de-dios.jpg?fit=1200%2C630&ssl=1&resize=525%2C300 1.5x, https:\/\/i0.wp.com\/vincentians.com\/es\/wp-content\/uploads\/sites\/11\/2016\/07\/reflexiones-palabra-de-dios.jpg?fit=1200%2C630&ssl=1&resize=700%2C400 2x, https:\/\/i0.wp.com\/vincentians.com\/es\/wp-content\/uploads\/sites\/11\/2016\/07\/reflexiones-palabra-de-dios.jpg?fit=1200%2C630&ssl=1&resize=1050%2C600 3x"},"classes":[]},{"id":132362,"url":"https:\/\/vincentians.com\/es\/ciclo-b-domingo-3%c2%ba-de-adviento-reflexion-de-antonio-elduayen-c-m\/","url_meta":{"origin":153773,"position":3},"title":"Ciclo B, Domingo 3\u00ba de Adviento (reflexi\u00f3n de Antonio Elduayen, C.M.)","author":"Francisco Javier Fern\u00e1ndez Chento","date":"10\/12\/2011","format":false,"excerpt":"Queridos amigos: El evangelista Juan es, con Marcos, el otro hagi\u00f3grafo para quien el Jes\u00fas de la Navidad es m\u00e1s importante que la Navidad de Jes\u00fas. En efecto, dando por supuesta la Navidad o Nacimiento de Jes\u00fas, su evangelio lo presenta ya grande y rondando la Betania, al otro lado\u2026","rel":"","context":"En \u00abHomil\u00edas y reflexiones, A\u00f1o B\u00bb","block_context":{"text":"Homil\u00edas y reflexiones, A\u00f1o B","link":"https:\/\/vincentians.com\/es\/category\/homilias-y-reflexiones-a-la-palabra-de-dios\/homilias-y-reflexiones-ano-b\/"},"img":{"alt_text":"","src":"https:\/\/i0.wp.com\/vincentians.com\/es\/wp-content\/uploads\/sites\/11\/2016\/07\/reflexiones-palabra-de-dios.jpg?fit=1200%2C630&ssl=1&resize=350%2C200","width":350,"height":200,"srcset":"https:\/\/i0.wp.com\/vincentians.com\/es\/wp-content\/uploads\/sites\/11\/2016\/07\/reflexiones-palabra-de-dios.jpg?fit=1200%2C630&ssl=1&resize=350%2C200 1x, https:\/\/i0.wp.com\/vincentians.com\/es\/wp-content\/uploads\/sites\/11\/2016\/07\/reflexiones-palabra-de-dios.jpg?fit=1200%2C630&ssl=1&resize=525%2C300 1.5x, https:\/\/i0.wp.com\/vincentians.com\/es\/wp-content\/uploads\/sites\/11\/2016\/07\/reflexiones-palabra-de-dios.jpg?fit=1200%2C630&ssl=1&resize=700%2C400 2x, https:\/\/i0.wp.com\/vincentians.com\/es\/wp-content\/uploads\/sites\/11\/2016\/07\/reflexiones-palabra-de-dios.jpg?fit=1200%2C630&ssl=1&resize=1050%2C600 3x"},"classes":[]},{"id":132359,"url":"https:\/\/vincentians.com\/es\/domingo-2o-de-adviento-reflexion-de-jose-cervantes-gabarron-3\/","url_meta":{"origin":153773,"position":4},"title":"Domingo 2\u00ba de Adviento (reflexi\u00f3n de Jos\u00e9 Cervantes Gabarr\u00f3n)","author":"Francisco Javier Fern\u00e1ndez Chento","date":"04\/12\/2011","format":false,"excerpt":"La palabra de la esperanza Con la presentaci\u00f3n de Isa\u00edas y de Juan Bautista este domingo de Adviento proclama la esperanza mesi\u00e1nica cristiana haciendo una llamada a la conversi\u00f3n y transmitiendo un impulso espiritual orientado a apresurar el d\u00eda de un cielo nuevo y una tierra nueva en los que\u2026","rel":"","context":"En \u00abHomil\u00edas y reflexiones, A\u00f1o B\u00bb","block_context":{"text":"Homil\u00edas y reflexiones, A\u00f1o B","link":"https:\/\/vincentians.com\/es\/category\/homilias-y-reflexiones-a-la-palabra-de-dios\/homilias-y-reflexiones-ano-b\/"},"img":{"alt_text":"","src":"https:\/\/i0.wp.com\/vincentians.com\/es\/wp-content\/uploads\/sites\/11\/2016\/07\/reflexiones-palabra-de-dios.jpg?fit=1200%2C630&ssl=1&resize=350%2C200","width":350,"height":200,"srcset":"https:\/\/i0.wp.com\/vincentians.com\/es\/wp-content\/uploads\/sites\/11\/2016\/07\/reflexiones-palabra-de-dios.jpg?fit=1200%2C630&ssl=1&resize=350%2C200 1x, https:\/\/i0.wp.com\/vincentians.com\/es\/wp-content\/uploads\/sites\/11\/2016\/07\/reflexiones-palabra-de-dios.jpg?fit=1200%2C630&ssl=1&resize=525%2C300 1.5x, https:\/\/i0.wp.com\/vincentians.com\/es\/wp-content\/uploads\/sites\/11\/2016\/07\/reflexiones-palabra-de-dios.jpg?fit=1200%2C630&ssl=1&resize=700%2C400 2x, https:\/\/i0.wp.com\/vincentians.com\/es\/wp-content\/uploads\/sites\/11\/2016\/07\/reflexiones-palabra-de-dios.jpg?fit=1200%2C630&ssl=1&resize=1050%2C600 3x"},"classes":[]},{"id":132610,"url":"https:\/\/vincentians.com\/es\/domingo-2o-de-adviento-reflexion-de-jose-cervantes-gabarron-2\/","url_meta":{"origin":153773,"position":5},"title":"Domingo 3\u00ba de Adviento (reflexi\u00f3n de Jos\u00e9 Cervantes Gabarr\u00f3n)","author":"Francisco Javier Fern\u00e1ndez Chento","date":"12\/12\/2014","format":false,"excerpt":"La alegr\u00eda del Evangelio de Jesucristo \"La alegr\u00eda del Evangelio\u00a0llena el coraz\u00f3n y la vida entera de los que se encuentran con Jes\u00fas. Quienes se dejan salvar por \u00c9l son liberados del pecado, de la tristeza, del vac\u00edo interior, del aislamiento.\u00a0Con Jesucristo siempre nace y renace la alegr\u00eda\" (EG 1).\u2026","rel":"","context":"En \u00abHomil\u00edas y reflexiones, A\u00f1o B\u00bb","block_context":{"text":"Homil\u00edas y reflexiones, A\u00f1o B","link":"https:\/\/vincentians.com\/es\/category\/homilias-y-reflexiones-a-la-palabra-de-dios\/homilias-y-reflexiones-ano-b\/"},"img":{"alt_text":"","src":"https:\/\/i0.wp.com\/vincentians.com\/es\/wp-content\/uploads\/sites\/11\/2016\/07\/reflexiones-palabra-de-dios.jpg?fit=1200%2C630&ssl=1&resize=350%2C200","width":350,"height":200,"srcset":"https:\/\/i0.wp.com\/vincentians.com\/es\/wp-content\/uploads\/sites\/11\/2016\/07\/reflexiones-palabra-de-dios.jpg?fit=1200%2C630&ssl=1&resize=350%2C200 1x, https:\/\/i0.wp.com\/vincentians.com\/es\/wp-content\/uploads\/sites\/11\/2016\/07\/reflexiones-palabra-de-dios.jpg?fit=1200%2C630&ssl=1&resize=525%2C300 1.5x, https:\/\/i0.wp.com\/vincentians.com\/es\/wp-content\/uploads\/sites\/11\/2016\/07\/reflexiones-palabra-de-dios.jpg?fit=1200%2C630&ssl=1&resize=700%2C400 2x, https:\/\/i0.wp.com\/vincentians.com\/es\/wp-content\/uploads\/sites\/11\/2016\/07\/reflexiones-palabra-de-dios.jpg?fit=1200%2C630&ssl=1&resize=1050%2C600 3x"},"classes":[]}],"_links":{"self":[{"href":"https:\/\/vincentians.com\/es\/wp-json\/wp\/v2\/posts\/153773","targetHints":{"allow":["GET"]}}],"collection":[{"href":"https:\/\/vincentians.com\/es\/wp-json\/wp\/v2\/posts"}],"about":[{"href":"https:\/\/vincentians.com\/es\/wp-json\/wp\/v2\/types\/post"}],"author":[{"embeddable":true,"href":"https:\/\/vincentians.com\/es\/wp-json\/wp\/v2\/users\/4"}],"replies":[{"embeddable":true,"href":"https:\/\/vincentians.com\/es\/wp-json\/wp\/v2\/comments?post=153773"}],"version-history":[{"count":0,"href":"https:\/\/vincentians.com\/es\/wp-json\/wp\/v2\/posts\/153773\/revisions"}],"wp:featuredmedia":[{"embeddable":true,"href":"https:\/\/vincentians.com\/es\/wp-json\/wp\/v2\/media\/388408"}],"wp:attachment":[{"href":"https:\/\/vincentians.com\/es\/wp-json\/wp\/v2\/media?parent=153773"}],"wp:term":[{"taxonomy":"category","embeddable":true,"href":"https:\/\/vincentians.com\/es\/wp-json\/wp\/v2\/categories?post=153773"},{"taxonomy":"post_tag","embeddable":true,"href":"https:\/\/vincentians.com\/es\/wp-json\/wp\/v2\/tags?post=153773"}],"curies":[{"name":"wp","href":"https:\/\/api.w.org\/{rel}","templated":true}]}}