{"id":14697,"date":"2023-01-05T08:43:59","date_gmt":"2023-01-05T07:43:59","guid":{"rendered":"http:\/\/somos.vicencianos.org\/blog\/2010\/03\/29\/ser-un-miembro-profetico-de-la-familia-vicenciana\/"},"modified":"2022-12-29T12:20:33","modified_gmt":"2022-12-29T11:20:33","slug":"ser-un-miembro-profetico-de-la-familia-vicenciana","status":"publish","type":"post","link":"https:\/\/vincentians.com\/es\/ser-un-miembro-profetico-de-la-familia-vicenciana\/","title":{"rendered":"Ser un miembro prof\u00e9tico de la Familia Vicenciana"},"content":{"rendered":"<h3><strong>Objetivo:<\/strong><\/h3>\n<p><strong>Comprender que decir la verdad puede invertir los valores del mundo <\/strong><\/p>\n<h3><strong>Canto:<\/strong><strong> (Facultativo) <\/strong><\/h3>\n<h3><strong>Oraci\u00f3n por el Cambio Sist\u00e9mico <\/strong><\/h3>\n<p>Te alabamos y te damos gracias, Oh Dios, Creador del Universo. T\u00fa has hecho todas las cosas bien, y nos has dado la tierra para cultivarla. Conc\u00e9denos sepamos utilizar con agradecimiento los bienes que has creado y compartirlos generosamente con todos los necesitados.<\/p>\n<p>Danos creatividad en nuestra ayuda al pobre para hacer frente a sus necesidades b\u00e1sicas. Abre nuestras mentes y corazones para que podamos estar a su lado y ayudarles a cambiar las estructuras injustas que les mantienen en la pobreza.<\/p>\n<p>Perm\u00edtenos ser para ellos hermanos y hermanas, amigos que caminan con ellos en su lucha por los derechos humanos fundamentales. Te lo pedimos por Jesucristo nuestro Se\u00f1or. AMEN<\/p>\n<h3><strong>Lectura de la Palabra de Dios: Lucas 4:16-24<\/strong><\/h3>\n<h3><strong>Introducci\u00f3n: <\/strong><\/h3>\n<p>San Vicente amaba la verdad. En realidad, \u00e9l fundament\u00f3 toda su vida sobre ella. Llam\u00f3 \u00absencillez\u00bb a esta pasi\u00f3n por la verdad. La sencillez es la virtud que yo m\u00e1s amo, nos dice: \u00abYo la llamo mi Evangelio.\u00bb<\/p>\n<p>Para San Vicente, Jes\u00fas es la misma sencillez. Dice la verdad. Dice las cosas tal como son.<\/p>\n<p>No tiene miedo de hablar claro y, en el Evangelio de Lucas, empieza su ministerio de este modo. Citando el Antiguo Testamento, anuncia la Buena Noticia a los pobres, Jes\u00fas anunci\u00f3 el modelo de su ministerio. Muchas veces en los Evangelios desaf\u00eda a las autoridades civiles y a las autoridades de la Iglesia, invit\u00e1ndoles a reflexionar sobre la verdad. (Lucas 12:1ss).<\/p>\n<p>Hoy, como en tiempo de San Vicente, la sencillez significa autenticidad, transparencia. Contin\u00faa siendo muy atractiva a los hombres y mujeres del mundo moderno a los que somos llamados a servir. Esto significa:<\/p>\n<ul>\n<li>Decir la verdad ( una disciplina dif\u00edcil, especialmente cuando nuestro propio inter\u00e9s est\u00e1 en juego o cuando la verdad es embarazosa)<\/li>\n<li>Dar testimonio de la verdad (o de la autenticidad personal que hace que la vida de una persona est\u00e9 de acuerdo con sus palabras)<\/li>\n<li>Esforzarse por la pureza de intenci\u00f3n<\/li>\n<li>Practicar la verdad a trav\u00e9s de obras de justicia y caridad<\/li>\n<li>Vivir modestamente y compartiendo lo que tenemos<\/li>\n<li>Usar un lenguaje claro y transparente, especialmente en la ense\u00f1anza y en la predicaci\u00f3n<\/li>\n<\/ul>\n<p>Digo hoy a todos los miembros de nuestra familia: Tengan pasi\u00f3n por la verdad. Sean sinceros. (Robert Maloney, \u00abVivir la espiritualidad de Vicente de Pa\u00fal hoy,\u00bb una conferencia pronunciada en Irlanda en marzo del 2000).<\/p>\n<p>Profec\u00eda significa ofrecer a las personas una visi\u00f3n nueva. Con frecuencia es molesto.<\/p>\n<p>Vicente conmocion\u00f3 a la Iglesia. Puso en primer plano a los pobres y nosotros a su servicio, evangeliz\u00e1ndoles y dej\u00e1ndose evangelizar por ellos. Una atenci\u00f3n constante a buscar una sociedad justa necesita solidaridad, la cual est\u00e1 en el centro de los valores vicentinos. Verdaderamente podemos hacer muy poco sin influir y comprometer a los dem\u00e1s. Debemos no s\u00f3lo comprender a Vicente y a Luisa en su contexto, sino tambi\u00e9n actualizar sus ense\u00f1anzas para nuestra \u00e9poca. (Robert Maloney, <em>The Way of Vincent de Paul<\/em>).<\/p>\n<h3><strong>Reflexi\u00f3n Personal<\/strong>, <strong>compartiendo y escuchando <\/strong><\/h3>\n<ul>\n<li>\u00bfDe qu\u00e9 manera practicamos la verdad en nuestro servicio?<\/li>\n<li>Nuestro servicio, \u00bfes coherente con lo que decimos?<\/li>\n<li>\u00bfDe qu\u00e9 forma nos afecta todo esto como vicentinos?<\/li>\n<\/ul>\n<h3><strong>Reflexionen juntos sobre su propio servicio <\/strong><\/h3>\n<h3><strong>El cambio sist\u00e9mico implica: <\/strong><\/h3>\n<ul>\n<li>Decir la verdad y ser testigo de ella<\/li>\n<li>Llamar a un nuevo orden mundial<\/li>\n<\/ul>\n<h3><strong>Sabidur\u00eda Familiar <\/strong><\/h3>\n<p><em>\u00abSan Vicente presenta tambi\u00e9n un mundo alternativo y nos pide que entremos en \u00e9l. Es un mundo donde los pobres son los se\u00f1ores y donde nosotros somos los siervos\u2026 Es un mundo donde los \u00faltimos son los primeros y los primeros los \u00faltimos. Es un mundo donde los valores est\u00e1n invertidos. Santa Luisa tuvo una bella manera de presentarlo: el pobre el es primero en la Iglesia. Es el pr\u00edncipe y el due\u00f1o, como \u00abencarnaci\u00f3n del Cristo pobre. Debemos pues servirles con respeto, cualesquiera que sean su car\u00e1cter, sus defectos. Y debemos amarle.\u00bb (<\/em>J. Calvet<em>, Louise de Marillac par elle m\u00eame) <\/em><\/p>\n<p><em>\u00abDios me ha dado un aprecio tan grande de la sencillez, que la llamo mi Evangelio. Siento una especial devoci\u00f3n y consuelo al decir las cosas como son.\u00bb (San Vicente) <\/em><\/p>\n<p><em>\u00abOtra m\u00e1xima del mundo es la de no abrir f\u00e1cilmente el coraz\u00f3n. Las almas buenas, por el contrario, exponen con sencillez sus pensamientos, no hablan en contra de sus propios sentimientos. Pero la m\u00e1xima del mundo es proceder con enga\u00f1o y disimulo\u2026 Las buenas personas, por el contrario, proceden con rectitud y sin dar rodeos. As\u00ed ten\u00e9is que obrar\u00bb (San Vicente) <\/em><\/p>\n<h3><strong>Modelo de estrategias <\/strong><\/h3>\n<ul>\n<li>Tener una actitud prof\u00e9tica: anunciar, denunciar, y, trabajando en red con los dem\u00e1s, comprometerse en acciones que hacen presi\u00f3n para provocar el cambio.<\/li>\n<li>Construyan modelos de estructuras e institucionales, donde las comunidades pueden identificar sus recursos y necesidades, donde tomen decisiones prudentes y compartan la informaci\u00f3n y las estrategias eficaces en el seno de la comunidad y entre las diversas comunidades.<\/li>\n<\/ul>\n<p><strong>Comparta las ideas o acciones que se sienta llamado a emprender. <\/strong><\/p>\n<p><strong>Estas estrategias, \u00bfforman parte de nuestra manera de actuar? <\/strong><\/p>\n<h3><strong>Oraci\u00f3n de la Familia Vicenciana<\/strong><\/h3>\n<blockquote>\n<p style=\"text-align: center\">Se\u00f1or Jes\u00fas, tu que quisiste hacerte pobre<br \/>\nhaz que tengamos ojos y coraz\u00f3n para los pobres;<br \/>\ny que te reconozcamos a Ti en ellos;<br \/>\nen su sed, en su hambre, en su soledad, y en su desventura.<br \/>\nSuscita en nuestra Familia Vicentina<br \/>\nla unidad, la sencillez, la humildad,<br \/>\ny el fuego de la caridad<br \/>\nque abras\u00f3 a San Vicente de Pa\u00fal.<br \/>\nDanos fortaleza para que fieles a la pr\u00e1ctica de estas virtudes,<br \/>\npodamos contemplarte y servirte en la persona de los pobres,<br \/>\ny un d\u00eda unirnos a Ti y a ellos en tu Reino. AMEN.<\/p>\n<\/blockquote>\n","protected":false},"excerpt":{"rendered":"<p>Objetivo: Comprender que decir la verdad puede invertir los valores del mundo Canto: (Facultativo) Oraci\u00f3n por el Cambio Sist\u00e9mico Te alabamos y te damos gracias, Oh Dios, Creador del Universo. T\u00fa has hecho todas las &#8230; <a href=\"https:\/\/vincentians.com\/es\/ser-un-miembro-profetico-de-la-familia-vicenciana\/\" class=\"more-link\">Read More<\/a><\/p>\n","protected":false},"author":4,"featured_media":404131,"comment_status":"open","ping_status":"open","sticky":false,"template":"","format":"standard","meta":{"jetpack_post_was_ever_published":false,"_jetpack_newsletter_access":"","_jetpack_dont_email_post_to_subs":false,"_jetpack_newsletter_tier_id":0,"_jetpack_memberships_contains_paywalled_content":false,"_jetpack_memberships_contains_paid_content":false,"footnotes":"","jetpack_publicize_message":"","jetpack_publicize_feature_enabled":true,"jetpack_social_post_already_shared":true,"jetpack_social_options":{"image_generator_settings":{"template":"highway","default_image_id":0,"font":"","enabled":false},"version":2}},"categories":[102],"tags":[228,172],"class_list":["post-14697","post","type-post","status-publish","format-standard","has-post-thumbnail","hentry","category-cambio-sistemico","tag-calvet","tag-pobreza"],"yoast_head":"<!-- This site is optimized with the Yoast SEO plugin v26.3 - https:\/\/yoast.com\/wordpress\/plugins\/seo\/ -->\n<title>Ser un miembro prof\u00e9tico de la Familia Vicenciana - Somos Vicencianos<\/title>\n<meta name=\"robots\" content=\"index, follow, max-snippet:-1, max-image-preview:large, max-video-preview:-1\" \/>\n<link rel=\"canonical\" href=\"https:\/\/vincentians.com\/es\/ser-un-miembro-profetico-de-la-familia-vicenciana\/\" \/>\n<meta property=\"og:locale\" content=\"es_ES\" \/>\n<meta property=\"og:type\" content=\"article\" \/>\n<meta property=\"og:title\" content=\"Ser un miembro prof\u00e9tico de la Familia Vicenciana - Somos Vicencianos\" \/>\n<meta property=\"og:description\" content=\"Objetivo: Comprender que decir la verdad puede invertir los valores del mundo Canto: (Facultativo) Oraci\u00f3n por el Cambio Sist\u00e9mico Te alabamos y te damos gracias, Oh Dios, Creador del Universo. T\u00fa has hecho todas las ... Read More\" \/>\n<meta property=\"og:url\" content=\"https:\/\/vincentians.com\/es\/ser-un-miembro-profetico-de-la-familia-vicenciana\/\" \/>\n<meta property=\"og:site_name\" content=\"Somos Vicencianos\" \/>\n<meta property=\"article:publisher\" content=\"https:\/\/www.facebook.com\/WeAreVincentians\/\" \/>\n<meta property=\"article:author\" content=\"https:\/\/www.facebook.com\/JavierChento\" \/>\n<meta property=\"article:published_time\" content=\"2023-01-05T07:43:59+00:00\" \/>\n<meta property=\"og:image\" content=\"https:\/\/i0.wp.com\/vincentians.com\/es\/wp-content\/uploads\/sites\/11\/2013\/04\/4.jpg?fit=2428%2C1620&ssl=1\" \/>\n\t<meta property=\"og:image:width\" content=\"2428\" \/>\n\t<meta property=\"og:image:height\" content=\"1620\" \/>\n\t<meta property=\"og:image:type\" content=\"image\/jpeg\" \/>\n<meta name=\"author\" content=\"Francisco Javier Fern\u00e1ndez Chento\" \/>\n<meta name=\"twitter:card\" content=\"summary_large_image\" \/>\n<meta name=\"twitter:creator\" content=\"@https:\/\/twitter.com\/javierchento\" \/>\n<meta name=\"twitter:site\" content=\"@WeVincentians\" \/>\n<meta name=\"twitter:label1\" content=\"Escrito por\" \/>\n\t<meta name=\"twitter:data1\" content=\"Francisco Javier Fern\u00e1ndez Chento\" \/>\n\t<meta name=\"twitter:label2\" content=\"Tiempo de lectura\" \/>\n\t<meta name=\"twitter:data2\" content=\"5 minutos\" \/>\n<script type=\"application\/ld+json\" class=\"yoast-schema-graph\">{\"@context\":\"https:\/\/schema.org\",\"@graph\":[{\"@type\":\"Article\",\"@id\":\"https:\/\/vincentians.com\/es\/ser-un-miembro-profetico-de-la-familia-vicenciana\/#article\",\"isPartOf\":{\"@id\":\"https:\/\/vincentians.com\/es\/ser-un-miembro-profetico-de-la-familia-vicenciana\/\"},\"author\":{\"name\":\"Francisco Javier Fern\u00e1ndez Chento\",\"@id\":\"http:\/\/vincentians.com\/es\/#\/schema\/person\/9623ef4d9aa3b2dfb8c061f1499288f2\"},\"headline\":\"Ser un miembro prof\u00e9tico de la Familia Vicenciana\",\"datePublished\":\"2023-01-05T07:43:59+00:00\",\"mainEntityOfPage\":{\"@id\":\"https:\/\/vincentians.com\/es\/ser-un-miembro-profetico-de-la-familia-vicenciana\/\"},\"wordCount\":1001,\"commentCount\":0,\"publisher\":{\"@id\":\"http:\/\/vincentians.com\/es\/#organization\"},\"image\":{\"@id\":\"https:\/\/vincentians.com\/es\/ser-un-miembro-profetico-de-la-familia-vicenciana\/#primaryimage\"},\"thumbnailUrl\":\"https:\/\/i0.wp.com\/vincentians.com\/es\/wp-content\/uploads\/sites\/11\/2013\/04\/4.jpg?fit=2428%2C1620&ssl=1\",\"keywords\":[\"Calvet\",\"Pobreza\"],\"articleSection\":[\"Cambio sist\u00e9mico\"],\"inLanguage\":\"es\",\"potentialAction\":[{\"@type\":\"CommentAction\",\"name\":\"Comment\",\"target\":[\"https:\/\/vincentians.com\/es\/ser-un-miembro-profetico-de-la-familia-vicenciana\/#respond\"]}]},{\"@type\":\"WebPage\",\"@id\":\"https:\/\/vincentians.com\/es\/ser-un-miembro-profetico-de-la-familia-vicenciana\/\",\"url\":\"https:\/\/vincentians.com\/es\/ser-un-miembro-profetico-de-la-familia-vicenciana\/\",\"name\":\"Ser un miembro prof\u00e9tico de la Familia Vicenciana - Somos Vicencianos\",\"isPartOf\":{\"@id\":\"http:\/\/vincentians.com\/es\/#website\"},\"primaryImageOfPage\":{\"@id\":\"https:\/\/vincentians.com\/es\/ser-un-miembro-profetico-de-la-familia-vicenciana\/#primaryimage\"},\"image\":{\"@id\":\"https:\/\/vincentians.com\/es\/ser-un-miembro-profetico-de-la-familia-vicenciana\/#primaryimage\"},\"thumbnailUrl\":\"https:\/\/i0.wp.com\/vincentians.com\/es\/wp-content\/uploads\/sites\/11\/2013\/04\/4.jpg?fit=2428%2C1620&ssl=1\",\"datePublished\":\"2023-01-05T07:43:59+00:00\",\"breadcrumb\":{\"@id\":\"https:\/\/vincentians.com\/es\/ser-un-miembro-profetico-de-la-familia-vicenciana\/#breadcrumb\"},\"inLanguage\":\"es\",\"potentialAction\":[{\"@type\":\"ReadAction\",\"target\":[\"https:\/\/vincentians.com\/es\/ser-un-miembro-profetico-de-la-familia-vicenciana\/\"]}]},{\"@type\":\"ImageObject\",\"inLanguage\":\"es\",\"@id\":\"https:\/\/vincentians.com\/es\/ser-un-miembro-profetico-de-la-familia-vicenciana\/#primaryimage\",\"url\":\"https:\/\/i0.wp.com\/vincentians.com\/es\/wp-content\/uploads\/sites\/11\/2013\/04\/4.jpg?fit=2428%2C1620&ssl=1\",\"contentUrl\":\"https:\/\/i0.wp.com\/vincentians.com\/es\/wp-content\/uploads\/sites\/11\/2013\/04\/4.jpg?fit=2428%2C1620&ssl=1\",\"width\":2428,\"height\":1620},{\"@type\":\"BreadcrumbList\",\"@id\":\"https:\/\/vincentians.com\/es\/ser-un-miembro-profetico-de-la-familia-vicenciana\/#breadcrumb\",\"itemListElement\":[{\"@type\":\"ListItem\",\"position\":1,\"name\":\"Portada\",\"item\":\"http:\/\/vincentians.com\/es\/\"},{\"@type\":\"ListItem\",\"position\":2,\"name\":\"Ser un miembro prof\u00e9tico de la Familia Vicenciana\"}]},{\"@type\":\"WebSite\",\"@id\":\"http:\/\/vincentians.com\/es\/#website\",\"url\":\"http:\/\/vincentians.com\/es\/\",\"name\":\"Somos Vicencianos\",\"description\":\"Know more to serve more\",\"publisher\":{\"@id\":\"http:\/\/vincentians.com\/es\/#organization\"},\"potentialAction\":[{\"@type\":\"SearchAction\",\"target\":{\"@type\":\"EntryPoint\",\"urlTemplate\":\"http:\/\/vincentians.com\/es\/?s={search_term_string}\"},\"query-input\":{\"@type\":\"PropertyValueSpecification\",\"valueRequired\":true,\"valueName\":\"search_term_string\"}}],\"inLanguage\":\"es\"},{\"@type\":\"Organization\",\"@id\":\"http:\/\/vincentians.com\/es\/#organization\",\"name\":\"The Vincentian Network\",\"url\":\"http:\/\/vincentians.com\/es\/\",\"logo\":{\"@type\":\"ImageObject\",\"inLanguage\":\"es\",\"@id\":\"http:\/\/vincentians.com\/es\/#\/schema\/logo\/image\/\",\"url\":\"https:\/\/i1.wp.com\/vincentians.com\/es\/wp-content\/uploads\/sites\/11\/2016\/06\/Vincentian-Network-logo-big.png?fit=778%2C778\",\"contentUrl\":\"https:\/\/i1.wp.com\/vincentians.com\/es\/wp-content\/uploads\/sites\/11\/2016\/06\/Vincentian-Network-logo-big.png?fit=778%2C778\",\"width\":778,\"height\":778,\"caption\":\"The Vincentian Network\"},\"image\":{\"@id\":\"http:\/\/vincentians.com\/es\/#\/schema\/logo\/image\/\"},\"sameAs\":[\"https:\/\/www.facebook.com\/WeAreVincentians\/\",\"https:\/\/x.com\/WeVincentians\"]},{\"@type\":\"Person\",\"@id\":\"http:\/\/vincentians.com\/es\/#\/schema\/person\/9623ef4d9aa3b2dfb8c061f1499288f2\",\"name\":\"Francisco Javier Fern\u00e1ndez Chento\",\"image\":{\"@type\":\"ImageObject\",\"inLanguage\":\"es\",\"@id\":\"http:\/\/vincentians.com\/es\/#\/schema\/person\/image\/\",\"url\":\"https:\/\/secure.gravatar.com\/avatar\/497d5cde87b4c3d097d0315953521681ba2cd523ee66e5077c3711f7021e65de?s=96&d=mm&r=g\",\"contentUrl\":\"https:\/\/secure.gravatar.com\/avatar\/497d5cde87b4c3d097d0315953521681ba2cd523ee66e5077c3711f7021e65de?s=96&d=mm&r=g\",\"caption\":\"Francisco Javier Fern\u00e1ndez Chento\"},\"description\":\"Director General y cofundador de La Red de Formaci\u00f3n Vicenciana. Javier es laico vicenciano, afiliado a la Congregaci\u00f3n de la Misi\u00f3n y miembro del Equipo de Misiones Populares de la provincia can\u00f3nica de Zaragoza (Espa\u00f1a) de la Congregaci\u00f3n de la Misi\u00f3n. Graduado en la Universidad Oberta de Catalunya con cuatro grados (Asistente de direcci\u00f3n, Gesti\u00f3n Administrativa, Recursos Humanos y Contabilidad Avanzada). Bil\u00edng\u00fce Espa\u00f1ol\/Ingl\u00e9s. gestiona y mantiene varias p\u00e1ginas web cristianas y vicencianas, incluida including La Red de Formaci\u00f3n Vicenciana, de la que es cofundador. Actualmente es responsable del \u00e1rea de Espa\u00f1ol de .famvin, la Red de Noticias de la Familia Vicenciana. Tambi\u00e9n es m\u00fasico cat\u00f3lico y ha editado varios discos. Es Director General y cofundador de Trovador, una reconocida compa\u00f1\u00eda discogr\u00e1fica critiana de Espa\u00f1a. Trabaja en las Tecnolog\u00edas de la Informaci\u00f3n, ofreciendo servicios de alojamiento, dise\u00f1o y mantenimiento Web, as\u00ed como asesoramiento, formaci\u00f3n y soluciones inform\u00e1ticas, gesti\u00f3n documental y digitalizaci\u00f3n de textos, edici\u00f3n y maquetaci\u00f3n de libros, revistas, flyers, etc.\",\"sameAs\":[\"http:\/\/chento.org\",\"https:\/\/www.facebook.com\/JavierChento\",\"https:\/\/x.com\/https:\/\/twitter.com\/javierchento\"],\"url\":\"https:\/\/vincentians.com\/es\/author\/chento\/\"}]}<\/script>\n<!-- \/ Yoast SEO plugin. -->","yoast_head_json":{"title":"Ser un miembro prof\u00e9tico de la Familia Vicenciana - Somos Vicencianos","robots":{"index":"index","follow":"follow","max-snippet":"max-snippet:-1","max-image-preview":"max-image-preview:large","max-video-preview":"max-video-preview:-1"},"canonical":"https:\/\/vincentians.com\/es\/ser-un-miembro-profetico-de-la-familia-vicenciana\/","og_locale":"es_ES","og_type":"article","og_title":"Ser un miembro prof\u00e9tico de la Familia Vicenciana - Somos Vicencianos","og_description":"Objetivo: Comprender que decir la verdad puede invertir los valores del mundo Canto: (Facultativo) Oraci\u00f3n por el Cambio Sist\u00e9mico Te alabamos y te damos gracias, Oh Dios, Creador del Universo. T\u00fa has hecho todas las ... Read More","og_url":"https:\/\/vincentians.com\/es\/ser-un-miembro-profetico-de-la-familia-vicenciana\/","og_site_name":"Somos Vicencianos","article_publisher":"https:\/\/www.facebook.com\/WeAreVincentians\/","article_author":"https:\/\/www.facebook.com\/JavierChento","article_published_time":"2023-01-05T07:43:59+00:00","og_image":[{"width":2428,"height":1620,"url":"https:\/\/i0.wp.com\/vincentians.com\/es\/wp-content\/uploads\/sites\/11\/2013\/04\/4.jpg?fit=2428%2C1620&ssl=1","type":"image\/jpeg"}],"author":"Francisco Javier Fern\u00e1ndez Chento","twitter_card":"summary_large_image","twitter_creator":"@https:\/\/twitter.com\/javierchento","twitter_site":"@WeVincentians","twitter_misc":{"Escrito por":"Francisco Javier Fern\u00e1ndez Chento","Tiempo de lectura":"5 minutos"},"schema":{"@context":"https:\/\/schema.org","@graph":[{"@type":"Article","@id":"https:\/\/vincentians.com\/es\/ser-un-miembro-profetico-de-la-familia-vicenciana\/#article","isPartOf":{"@id":"https:\/\/vincentians.com\/es\/ser-un-miembro-profetico-de-la-familia-vicenciana\/"},"author":{"name":"Francisco Javier Fern\u00e1ndez Chento","@id":"http:\/\/vincentians.com\/es\/#\/schema\/person\/9623ef4d9aa3b2dfb8c061f1499288f2"},"headline":"Ser un miembro prof\u00e9tico de la Familia Vicenciana","datePublished":"2023-01-05T07:43:59+00:00","mainEntityOfPage":{"@id":"https:\/\/vincentians.com\/es\/ser-un-miembro-profetico-de-la-familia-vicenciana\/"},"wordCount":1001,"commentCount":0,"publisher":{"@id":"http:\/\/vincentians.com\/es\/#organization"},"image":{"@id":"https:\/\/vincentians.com\/es\/ser-un-miembro-profetico-de-la-familia-vicenciana\/#primaryimage"},"thumbnailUrl":"https:\/\/i0.wp.com\/vincentians.com\/es\/wp-content\/uploads\/sites\/11\/2013\/04\/4.jpg?fit=2428%2C1620&ssl=1","keywords":["Calvet","Pobreza"],"articleSection":["Cambio sist\u00e9mico"],"inLanguage":"es","potentialAction":[{"@type":"CommentAction","name":"Comment","target":["https:\/\/vincentians.com\/es\/ser-un-miembro-profetico-de-la-familia-vicenciana\/#respond"]}]},{"@type":"WebPage","@id":"https:\/\/vincentians.com\/es\/ser-un-miembro-profetico-de-la-familia-vicenciana\/","url":"https:\/\/vincentians.com\/es\/ser-un-miembro-profetico-de-la-familia-vicenciana\/","name":"Ser un miembro prof\u00e9tico de la Familia Vicenciana - Somos Vicencianos","isPartOf":{"@id":"http:\/\/vincentians.com\/es\/#website"},"primaryImageOfPage":{"@id":"https:\/\/vincentians.com\/es\/ser-un-miembro-profetico-de-la-familia-vicenciana\/#primaryimage"},"image":{"@id":"https:\/\/vincentians.com\/es\/ser-un-miembro-profetico-de-la-familia-vicenciana\/#primaryimage"},"thumbnailUrl":"https:\/\/i0.wp.com\/vincentians.com\/es\/wp-content\/uploads\/sites\/11\/2013\/04\/4.jpg?fit=2428%2C1620&ssl=1","datePublished":"2023-01-05T07:43:59+00:00","breadcrumb":{"@id":"https:\/\/vincentians.com\/es\/ser-un-miembro-profetico-de-la-familia-vicenciana\/#breadcrumb"},"inLanguage":"es","potentialAction":[{"@type":"ReadAction","target":["https:\/\/vincentians.com\/es\/ser-un-miembro-profetico-de-la-familia-vicenciana\/"]}]},{"@type":"ImageObject","inLanguage":"es","@id":"https:\/\/vincentians.com\/es\/ser-un-miembro-profetico-de-la-familia-vicenciana\/#primaryimage","url":"https:\/\/i0.wp.com\/vincentians.com\/es\/wp-content\/uploads\/sites\/11\/2013\/04\/4.jpg?fit=2428%2C1620&ssl=1","contentUrl":"https:\/\/i0.wp.com\/vincentians.com\/es\/wp-content\/uploads\/sites\/11\/2013\/04\/4.jpg?fit=2428%2C1620&ssl=1","width":2428,"height":1620},{"@type":"BreadcrumbList","@id":"https:\/\/vincentians.com\/es\/ser-un-miembro-profetico-de-la-familia-vicenciana\/#breadcrumb","itemListElement":[{"@type":"ListItem","position":1,"name":"Portada","item":"http:\/\/vincentians.com\/es\/"},{"@type":"ListItem","position":2,"name":"Ser un miembro prof\u00e9tico de la Familia Vicenciana"}]},{"@type":"WebSite","@id":"http:\/\/vincentians.com\/es\/#website","url":"http:\/\/vincentians.com\/es\/","name":"Somos Vicencianos","description":"Know more to serve more","publisher":{"@id":"http:\/\/vincentians.com\/es\/#organization"},"potentialAction":[{"@type":"SearchAction","target":{"@type":"EntryPoint","urlTemplate":"http:\/\/vincentians.com\/es\/?s={search_term_string}"},"query-input":{"@type":"PropertyValueSpecification","valueRequired":true,"valueName":"search_term_string"}}],"inLanguage":"es"},{"@type":"Organization","@id":"http:\/\/vincentians.com\/es\/#organization","name":"The Vincentian Network","url":"http:\/\/vincentians.com\/es\/","logo":{"@type":"ImageObject","inLanguage":"es","@id":"http:\/\/vincentians.com\/es\/#\/schema\/logo\/image\/","url":"https:\/\/i1.wp.com\/vincentians.com\/es\/wp-content\/uploads\/sites\/11\/2016\/06\/Vincentian-Network-logo-big.png?fit=778%2C778","contentUrl":"https:\/\/i1.wp.com\/vincentians.com\/es\/wp-content\/uploads\/sites\/11\/2016\/06\/Vincentian-Network-logo-big.png?fit=778%2C778","width":778,"height":778,"caption":"The Vincentian Network"},"image":{"@id":"http:\/\/vincentians.com\/es\/#\/schema\/logo\/image\/"},"sameAs":["https:\/\/www.facebook.com\/WeAreVincentians\/","https:\/\/x.com\/WeVincentians"]},{"@type":"Person","@id":"http:\/\/vincentians.com\/es\/#\/schema\/person\/9623ef4d9aa3b2dfb8c061f1499288f2","name":"Francisco Javier Fern\u00e1ndez Chento","image":{"@type":"ImageObject","inLanguage":"es","@id":"http:\/\/vincentians.com\/es\/#\/schema\/person\/image\/","url":"https:\/\/secure.gravatar.com\/avatar\/497d5cde87b4c3d097d0315953521681ba2cd523ee66e5077c3711f7021e65de?s=96&d=mm&r=g","contentUrl":"https:\/\/secure.gravatar.com\/avatar\/497d5cde87b4c3d097d0315953521681ba2cd523ee66e5077c3711f7021e65de?s=96&d=mm&r=g","caption":"Francisco Javier Fern\u00e1ndez Chento"},"description":"Director General y cofundador de La Red de Formaci\u00f3n Vicenciana. Javier es laico vicenciano, afiliado a la Congregaci\u00f3n de la Misi\u00f3n y miembro del Equipo de Misiones Populares de la provincia can\u00f3nica de Zaragoza (Espa\u00f1a) de la Congregaci\u00f3n de la Misi\u00f3n. Graduado en la Universidad Oberta de Catalunya con cuatro grados (Asistente de direcci\u00f3n, Gesti\u00f3n Administrativa, Recursos Humanos y Contabilidad Avanzada). Bil\u00edng\u00fce Espa\u00f1ol\/Ingl\u00e9s. gestiona y mantiene varias p\u00e1ginas web cristianas y vicencianas, incluida including La Red de Formaci\u00f3n Vicenciana, de la que es cofundador. Actualmente es responsable del \u00e1rea de Espa\u00f1ol de .famvin, la Red de Noticias de la Familia Vicenciana. Tambi\u00e9n es m\u00fasico cat\u00f3lico y ha editado varios discos. Es Director General y cofundador de Trovador, una reconocida compa\u00f1\u00eda discogr\u00e1fica critiana de Espa\u00f1a. Trabaja en las Tecnolog\u00edas de la Informaci\u00f3n, ofreciendo servicios de alojamiento, dise\u00f1o y mantenimiento Web, as\u00ed como asesoramiento, formaci\u00f3n y soluciones inform\u00e1ticas, gesti\u00f3n documental y digitalizaci\u00f3n de textos, edici\u00f3n y maquetaci\u00f3n de libros, revistas, flyers, etc.","sameAs":["http:\/\/chento.org","https:\/\/www.facebook.com\/JavierChento","https:\/\/x.com\/https:\/\/twitter.com\/javierchento"],"url":"https:\/\/vincentians.com\/es\/author\/chento\/"}]}},"jetpack_publicize_connections":[],"jetpack_featured_media_url":"https:\/\/i0.wp.com\/vincentians.com\/es\/wp-content\/uploads\/sites\/11\/2013\/04\/4.jpg?fit=2428%2C1620&ssl=1","jetpack_sharing_enabled":true,"jetpack_shortlink":"https:\/\/wp.me\/p7ETMF-3P3","jetpack-related-posts":[{"id":140312,"url":"https:\/\/vincentians.com\/es\/espiritualidad-y-cambio-sistemico\/","url_meta":{"origin":14697,"position":0},"title":"Espiritualidad y cambio sist\u00e9mico","author":"Francisco Javier Fern\u00e1ndez Chento","date":"21\/02\/2015","format":false,"excerpt":"1.- M\u00e1s que una relaci\u00f3n, quisiera proponerles una breve meditaci\u00f3n... El objetivo de esta meditaci\u00f3n es redescubrir la dimensi\u00f3n espiritual contenida en la metodolog\u00eda del cambio sist\u00e9mico, que no es una estrategia de trabajo, sino una dimen\u00adsi\u00f3n espiritual, un acto de fe, que est\u00e1 en la base, si queremos vivirla\u2026","rel":"","context":"En \u00abCambio sist\u00e9mico\u00bb","block_context":{"text":"Cambio sist\u00e9mico","link":"https:\/\/vincentians.com\/es\/category\/formacion-vicenciana\/cambio-sistemico\/"},"img":{"alt_text":"manzanas_union","src":"https:\/\/i0.wp.com\/vicencianos.org\/wp-content\/2015\/02\/manzanas_union-244x300.jpg?resize=350%2C200","width":350,"height":200},"classes":[]},{"id":126467,"url":"https:\/\/vincentians.com\/es\/aic-contra-las-pobrezas-actuar-juntos-i\/","url_meta":{"origin":14697,"position":1},"title":"AIC, Contra las pobrezas: \u00a1Actuar juntos! El cambio sist\u00e9mico (I)","author":"Francisco Javier Fern\u00e1ndez Chento","date":"03\/01\/2024","format":false,"excerpt":"Introducci\u00f3n Un objetivo com\u00fan: AIC, Contra las pobrezas, Actuar juntos! La AIC es una asociaci\u00f3n din\u00e1mica, que es parte y est\u00e1 compuesta por m\u00faltiples sistemas, que interact\u00faan constantemente, para lograr un objetivo com\u00fan: \"Contra las pobrezas, Actuar juntos\" La situaci\u00f3n actual del mundo, en la que la pobreza aumenta de\u2026","rel":"","context":"En \u00abCambio sist\u00e9mico\u00bb","block_context":{"text":"Cambio sist\u00e9mico","link":"https:\/\/vincentians.com\/es\/category\/formacion-vicenciana\/cambio-sistemico\/"},"img":{"alt_text":"","src":"https:\/\/i0.wp.com\/vincentians.com\/es\/wp-content\/uploads\/sites\/11\/2023\/08\/aa.jpeg?fit=1152%2C648&ssl=1&resize=350%2C200","width":350,"height":200,"srcset":"https:\/\/i0.wp.com\/vincentians.com\/es\/wp-content\/uploads\/sites\/11\/2023\/08\/aa.jpeg?fit=1152%2C648&ssl=1&resize=350%2C200 1x, https:\/\/i0.wp.com\/vincentians.com\/es\/wp-content\/uploads\/sites\/11\/2023\/08\/aa.jpeg?fit=1152%2C648&ssl=1&resize=525%2C300 1.5x, https:\/\/i0.wp.com\/vincentians.com\/es\/wp-content\/uploads\/sites\/11\/2023\/08\/aa.jpeg?fit=1152%2C648&ssl=1&resize=700%2C400 2x, https:\/\/i0.wp.com\/vincentians.com\/es\/wp-content\/uploads\/sites\/11\/2023\/08\/aa.jpeg?fit=1152%2C648&ssl=1&resize=1050%2C600 3x"},"classes":[]},{"id":124900,"url":"https:\/\/vincentians.com\/es\/reunion-comision-cambio-sistemico\/","url_meta":{"origin":14697,"position":2},"title":"Reuni\u00f3n comisi\u00f3n cambio sist\u00e9mico","author":"Francisco Javier Fern\u00e1ndez Chento","date":"02\/11\/2013","format":false,"excerpt":"En esta reuni\u00f3n participan los siguientes miembros \u00a0de esta Comisi\u00f3n son: P. Robert Maloney, CM, Giuseppe Turati, CM, Jim Claffey, SSVP, Miza\u00e9l Donizetti Poggioli, CM, Joe Foley, CM, \u00a0Kerry Anthony, DePaul International, Patricia de Navas, AIC, Sor Teresa Mueda, HC. Y colaborando en el servicio de traducci\u00f3n el P. Shijo\u2026","rel":"","context":"En \u00abCambio sist\u00e9mico\u00bb","block_context":{"text":"Cambio sist\u00e9mico","link":"https:\/\/vincentians.com\/es\/category\/formacion-vicenciana\/cambio-sistemico\/"},"img":{"alt_text":"cambio","src":"https:\/\/i0.wp.com\/vicencianos.org\/wp-content\/2013\/11\/cambio.jpg?resize=350%2C200","width":350,"height":200},"classes":[]},{"id":35851,"url":"https:\/\/vincentians.com\/es\/oracion-para-el-cambio-sistemico\/","url_meta":{"origin":14697,"position":3},"title":"Oraci\u00f3n para el Cambio Sist\u00e9mico","author":"Francisco Javier Fern\u00e1ndez Chento","date":"16\/07\/2020","format":false,"excerpt":"Te alabamos y te damos gracias, Oh Dios, Creador del Universo. Has hecho todas las cosas buenas, y nos has dado la tierra para cultivarla. Conc\u00e9denos que sepamos usar siempre agradecidamente las cosas creadas, y compartirlas generosamente con todos los necesitados. Danos creatividad en ayudar al pobre a hacer frente\u2026","rel":"","context":"En \u00abCambio sist\u00e9mico\u00bb","block_context":{"text":"Cambio sist\u00e9mico","link":"https:\/\/vincentians.com\/es\/category\/formacion-vicenciana\/cambio-sistemico\/"},"img":{"alt_text":"","src":"https:\/\/i0.wp.com\/vincentians.com\/es\/wp-content\/uploads\/sites\/11\/2015\/04\/tres-descubrimientos-de-Vicente-de-Paul.jpg?fit=1200%2C630&ssl=1&resize=350%2C200","width":350,"height":200,"srcset":"https:\/\/i0.wp.com\/vincentians.com\/es\/wp-content\/uploads\/sites\/11\/2015\/04\/tres-descubrimientos-de-Vicente-de-Paul.jpg?fit=1200%2C630&ssl=1&resize=350%2C200 1x, https:\/\/i0.wp.com\/vincentians.com\/es\/wp-content\/uploads\/sites\/11\/2015\/04\/tres-descubrimientos-de-Vicente-de-Paul.jpg?fit=1200%2C630&ssl=1&resize=525%2C300 1.5x, https:\/\/i0.wp.com\/vincentians.com\/es\/wp-content\/uploads\/sites\/11\/2015\/04\/tres-descubrimientos-de-Vicente-de-Paul.jpg?fit=1200%2C630&ssl=1&resize=700%2C400 2x, https:\/\/i0.wp.com\/vincentians.com\/es\/wp-content\/uploads\/sites\/11\/2015\/04\/tres-descubrimientos-de-Vicente-de-Paul.jpg?fit=1200%2C630&ssl=1&resize=1050%2C600 3x"},"classes":[]},{"id":141977,"url":"https:\/\/vincentians.com\/es\/comunidades-de-bienes\/","url_meta":{"origin":14697,"position":4},"title":"Comunidades de bienes","author":"Francisco Javier Fern\u00e1ndez Chento","date":"29\/03\/2015","format":false,"excerpt":"\u00abEn el grupo de los creyen\u00adtes todos pensaban y sent\u00edan lo mismo: pose\u00edan todo en com\u00fan y nadie consideraba suyo nada de lo que ten\u00eda. Los ap\u00f3stoles daban testimo\u00adnio de la Resurrecci\u00f3n del Se\u00f1or con mucha eficacia; todos ellos eran bien mira\u00addos porque entre ellos nin\u00adguno pasaba necesidad, ya que\u2026","rel":"","context":"En \u00abEspiritualidad vicenciana\u00bb","block_context":{"text":"Espiritualidad vicenciana","link":"https:\/\/vincentians.com\/es\/category\/espiritualidad\/espiritualidad-vicenciana\/"},"img":{"alt_text":"asd","src":"https:\/\/i0.wp.com\/vicencianos.org\/wp-content\/2015\/03\/asd16-300x210.jpg?resize=350%2C200","width":350,"height":200},"classes":[]},{"id":14694,"url":"https:\/\/vincentians.com\/es\/compromiso-politico-vicenciano\/","url_meta":{"origin":14697,"position":5},"title":"Compromiso Pol\u00edtico Vicenciano","author":"Francisco Javier Fern\u00e1ndez Chento","date":"15\/02\/2023","format":false,"excerpt":"Objetivo: Comprender la importancia de abordar las causas de la pobreza Canto: (Facultativo) Oraci\u00f3n por el Cambio Sist\u00e9mico Te alabamos y te damos gracias, Oh Dios, Creador del Universo. T\u00fa has hecho todas las cosas bien, y nos has dado la tierra para cultivarla. Conc\u00e9denos sepamos utilizar con agradecimiento los\u2026","rel":"","context":"En \u00abCambio sist\u00e9mico\u00bb","block_context":{"text":"Cambio sist\u00e9mico","link":"https:\/\/vincentians.com\/es\/category\/formacion-vicenciana\/cambio-sistemico\/"},"img":{"alt_text":"","src":"https:\/\/i0.wp.com\/vincentians.com\/es\/wp-content\/uploads\/sites\/11\/2013\/05\/Cuba-Iglesia-de-La-Milagrosa-La-Habana.png?fit=1200%2C919&ssl=1&resize=350%2C200","width":350,"height":200,"srcset":"https:\/\/i0.wp.com\/vincentians.com\/es\/wp-content\/uploads\/sites\/11\/2013\/05\/Cuba-Iglesia-de-La-Milagrosa-La-Habana.png?fit=1200%2C919&ssl=1&resize=350%2C200 1x, https:\/\/i0.wp.com\/vincentians.com\/es\/wp-content\/uploads\/sites\/11\/2013\/05\/Cuba-Iglesia-de-La-Milagrosa-La-Habana.png?fit=1200%2C919&ssl=1&resize=525%2C300 1.5x, https:\/\/i0.wp.com\/vincentians.com\/es\/wp-content\/uploads\/sites\/11\/2013\/05\/Cuba-Iglesia-de-La-Milagrosa-La-Habana.png?fit=1200%2C919&ssl=1&resize=700%2C400 2x, https:\/\/i0.wp.com\/vincentians.com\/es\/wp-content\/uploads\/sites\/11\/2013\/05\/Cuba-Iglesia-de-La-Milagrosa-La-Habana.png?fit=1200%2C919&ssl=1&resize=1050%2C600 3x"},"classes":[]}],"_links":{"self":[{"href":"https:\/\/vincentians.com\/es\/wp-json\/wp\/v2\/posts\/14697","targetHints":{"allow":["GET"]}}],"collection":[{"href":"https:\/\/vincentians.com\/es\/wp-json\/wp\/v2\/posts"}],"about":[{"href":"https:\/\/vincentians.com\/es\/wp-json\/wp\/v2\/types\/post"}],"author":[{"embeddable":true,"href":"https:\/\/vincentians.com\/es\/wp-json\/wp\/v2\/users\/4"}],"replies":[{"embeddable":true,"href":"https:\/\/vincentians.com\/es\/wp-json\/wp\/v2\/comments?post=14697"}],"version-history":[{"count":1,"href":"https:\/\/vincentians.com\/es\/wp-json\/wp\/v2\/posts\/14697\/revisions"}],"predecessor-version":[{"id":404503,"href":"https:\/\/vincentians.com\/es\/wp-json\/wp\/v2\/posts\/14697\/revisions\/404503"}],"wp:featuredmedia":[{"embeddable":true,"href":"https:\/\/vincentians.com\/es\/wp-json\/wp\/v2\/media\/404131"}],"wp:attachment":[{"href":"https:\/\/vincentians.com\/es\/wp-json\/wp\/v2\/media?parent=14697"}],"wp:term":[{"taxonomy":"category","embeddable":true,"href":"https:\/\/vincentians.com\/es\/wp-json\/wp\/v2\/categories?post=14697"},{"taxonomy":"post_tag","embeddable":true,"href":"https:\/\/vincentians.com\/es\/wp-json\/wp\/v2\/tags?post=14697"}],"curies":[{"name":"wp","href":"https:\/\/api.w.org\/{rel}","templated":true}]}}