{"id":14694,"date":"2023-02-15T08:38:53","date_gmt":"2023-02-15T07:38:53","guid":{"rendered":"http:\/\/somos.vicencianos.org\/blog\/2010\/03\/28\/compromiso-politico-vicenciano\/"},"modified":"2022-12-29T12:25:03","modified_gmt":"2022-12-29T11:25:03","slug":"compromiso-politico-vicenciano","status":"publish","type":"post","link":"https:\/\/vincentians.com\/es\/compromiso-politico-vicenciano\/","title":{"rendered":"Compromiso Pol\u00edtico Vicenciano"},"content":{"rendered":"<h3><strong>Objetivo: <\/strong><\/h3>\n<p><strong><em>Comprender la importancia de abordar las causas de la pobreza <\/em><\/strong><\/p>\n<h3><strong>Canto: <\/strong><strong>(Facultativo) <\/strong><\/h3>\n<h3><strong>Oraci\u00f3n por el Cambio Sist\u00e9mico <\/strong><\/h3>\n<p>Te alabamos y te damos gracias, Oh Dios, Creador del Universo.<\/p>\n<p>T\u00fa has hecho todas las cosas bien, y nos has dado la tierra para cultivarla.<\/p>\n<p>Conc\u00e9denos sepamos utilizar con agradecimiento los bienes que has creado y compartirlos generosamente con todos los necesitados.<\/p>\n<p>Danos creatividad en nuestra ayuda al pobre para hacer frente a sus necesidades b\u00e1sicas.<\/p>\n<p>Abre nuestras mentes y corazones para que podamos estar a su lado y ayudarles a cambiar las estructuras injustas que les mantienen en la pobreza.<\/p>\n<p>Perm\u00edtenos ser para ellos hermanos y hermanas, amigos que caminan con ellos en su lucha por los derechos humanos fundamentales.<\/p>\n<p>Te lo pedimos por Jesucristo nuestro Se\u00f1or. AMEN<\/p>\n<h3><strong>Lectura de la Escritura: Lucas 11,37-46 <\/strong><\/h3>\n<h3><strong>Introducci\u00f3n: <\/strong><\/h3>\n<p>En el texto de este Evangelio, Jes\u00fas ataca duramente a las autoridades de su tiempo a causa del abuso de poder, de su preocupaci\u00f3n por el protocolo y de sus acciones f\u00fatiles imponiendo cargas insoportables a las personas. El papel de la autoridad es priorizar el bienestar de todos. Nuestras vidas como cristianos no pueden estar separadas de la pol\u00edtica. El amor por los dem\u00e1s no ser\u00e1 eficaz si no tenemos la preocupaci\u00f3n de intervenir sobre las causas des las situaciones en las que ellos se encuentran.<\/p>\n<p>Vicente tuvo que intervenir varias veces en problemas de tipo pol\u00edtico, con el fin de aliviar los sufrimientos de los pobres. Lleg\u00f3 a ser un personaje p\u00fablico que gozaba de una gran influencia. Durante su vida estuvo en contacto con reyes, reinas, ministros, autoridades p\u00fablicas, nobles, miembros de la jerarqu\u00eda eclesi\u00e1stica, as\u00ed como con personalidades nacionales e internacionales. Invit\u00f3 a los poderosos a venir en ayuda de los pobres. Sab\u00eda que las decisiones tomadas por los grandes ten\u00edan un impacto en la vida de los pobres. Se aprovech\u00f3 de las circunstancias, lo que le vali\u00f3 formar parte del Consejo de Conciencia de la Reina Ana de Austria, madre de Luis XIV.<\/p>\n<p>Impresionado por la miseria de la que era testigo, decidi\u00f3 intervenir junto a de los responsables porque, como hoy, las decisiones pol\u00edticas son causa de hambre, de guerras y de calamidades. En su tiempo, mucha pobreza en Francia fue debida a las pol\u00edticas ambiciosas de sus primeros ministros: el Cardenal Richelieu y el Cardenal Mazarino. Vicente nunca tuvo miedo de hablar a los poderosos<\/p>\n<p>Durante la Fronda, Paris estuvo asediada durante seis meses por el ej\u00e9rcito real, que esperaba que el hambre provocara la rendici\u00f3n. San Vicente, testigo de tanta desesperaci\u00f3n, decidi\u00f3 ACTUAR pol\u00edticamente con el fin de evitar esta cat\u00e1strofe humanitaria. Trat\u00f3 de convencer a la Reina Ana de renunciar a un sitio tan cruel y de despedir al Cardenal Mazarino. En esta acci\u00f3n, arriesg\u00f3 su propia vida, ya que podr\u00eda haber sido considerado un traidor y por lo tanto le podr\u00edan haber ejecutado.<\/p>\n<p>En muchas ocasiones, frente a la terrible situaci\u00f3n de presos reducidos a la esclavitud por las autoridades de Argel, trat\u00f3 de actuar. Lanz\u00f3 un llamamiento en vistas a su liberaci\u00f3n a un almirante franc\u00e9s. En otra ocasi\u00f3n, fue a casa de un alto funcionario del Estado con el fin de que los Misioneros de la Congregaci\u00f3n fuesen nombrados capellanes de los c\u00f3nsules franceses en T\u00fanez y Argel, con el fin de ayudar mejor a los presos. San Vicente trabaj\u00f3 de modo que las autoridades de su tiempo comprendieran que deb\u00edan sostener el trabajo caritativo. Trat\u00f3 de mentalizar a los pol\u00edticos de su obligaci\u00f3n moral hacia los pobres, de esta manera pudo financiar y administrar hospitales con fondos p\u00fablicos.<\/p>\n<p>Siguiendo los pasos de San Vicente, el cristiano, el vicentino debe satisfacer las diferentes necesidades de los pobres, nuestros hermanos en Jesucristo y, al mismo tiempo, a la luz del los principios del Evangelio, debe intentar reformar las estructuras sociales que son injustas, con el fin de no perpetuar o esconder las causas de la pobreza.\u00a0 Esto significa que debemos tener un \u00abcoraz\u00f3n caritativo as\u00ed como una conciencia social\u00bb. (P. Corera, C.M.) Finalmente, podemos decir que San Vicente de Pa\u00fal no era un pol\u00edtico, sino un Santo con todas las cualidades de un hombre de Estado.<\/p>\n<p>Por su parte, Santa Luisa invita a las primeras Hermanas a dirigirse a las autoridades para darles a conocer y defender las necesidades de los pobres cuando ello fuese necesario. Las Hermanas no deber\u00edan temer e invitar a los que toman las decisiones a reflexionar sobre las consecuencias que sus actos tienen sobre la vida de los pobres. En una ocasi\u00f3n, B\u00e1rbara Angiboust, una joven campesina, fue a la Reina Ana de Austria. (Un camino de santidad, p. 134 \u2013<em> ver la cita m\u00e1s adelante) <\/em><\/p>\n<h3><strong>Reflexi\u00f3n Personal, compartiendo y escuchando <\/strong><\/h3>\n<p>Cuando miramos sus acciones, vemos que San Vicente:<\/p>\n<ul>\n<li>atac\u00f3 las causas que de la pobreza<\/li>\n<li>jam\u00e1s tom\u00f3 posici\u00f3n en rivalidades pol\u00edticas; pero eso no significa que no intervino.<\/li>\n<li>Cuando la justicia, la caridad y la compasi\u00f3n por el sufrimiento de los pobres lo exig\u00edan, \u00absu vocaci\u00f3n personal de evangelizaci\u00f3n de los pobres, y no otra cosa, le oblig\u00f3 a intervenir en asuntos de car\u00e1cter pol\u00edtico\u00bb (P. Corera, C.M.)<\/li>\n<li>Practic\u00f3 la caridad cristiana siendo muy consciente de las injusticias sociales.<\/li>\n<\/ul>\n<p>\u00bfPuede pensar en una situaci\u00f3n similar en la que usted ha actuado pol\u00edticamente en beneficio de los pobres?<\/p>\n<p>\u00bfDe qu\u00e9 forma esta situaci\u00f3n le afecta como vicentino?<\/p>\n<h3><strong>Reflexionen juntos sobre su propio servicio <\/strong><\/h3>\n<h3><strong>El Cambio Sist\u00e9mico implica: <\/strong><\/h3>\n<ul>\n<li>Usar procesos pol\u00edticos para defender a los pobres.<\/li>\n<li>Conocer los temas de actualidad y concientizar a las personas.<\/li>\n<\/ul>\n<h3><strong>Sabidur\u00eda Familiar <\/strong><\/h3>\n<p><em>\u00abEl problema hoy es saber si la sociedad se lanzar\u00e1 a la b\u00fasqueda siempre creciente del placer y del provecho, o m\u00e1s bien cada uno se dedicar\u00e1 al bien com\u00fan&#8230; Muchas personas poseen demasiado y quieren todav\u00eda m\u00e1s. Otros no tienen lo suficiente, o no tienen nada en absoluto, y quieren tomar por la fuerza lo que no les es dado. Una guerra amenaza entre estos dos grupos: de un lado, la potencia de la riqueza, del otro, la fuerza de la desesperaci\u00f3n. Debemos por lo menos lograr reducir el impacto del choque entre estos dos grupos, si no podemos detenerlo\u00bb (Federico Ozanam). <\/em><\/p>\n<p><em>\u00abSeg\u00fan tengo entendido, querida Hermana, gozan ustedes la dicha de tener ah\u00ed, en Fontainebleau, a nuestra bondadosa Reina; si su Majestad quiere hablarle, no ponga ninguna dificultad, aunque el respeto que debe a su persona le inspire temor de acercarse a ella. Su virtud y caridad infunden confianza a los m\u00e1s peque\u00f1os para exponerle sus necesidades; no dejen ustedes de hacerlo tambi\u00e9n, con toda verdad, con las de los pobres.\u00bb (Luisa a Sor B\u00e1rbara Angiboust, hacia el a\u00f1o 1648, Carta 432). <\/em><\/p>\n<h3><strong>Modelo de estrategias <\/strong><\/h3>\n<ul>\n<li>Promover la corresponsabilidad y el trabajo en red, sensibilizando a la sociedad a todos los niveles: local, nacional e internacional\u2026 con el fin de cambiar las condiciones injustas que afectan a la vida de los pobres.<\/li>\n<li>Luchar por transformar las situaciones injustas y por tener un impacto positivo, a trav\u00e9s de la acci\u00f3n pol\u00edtica, sobre el orden p\u00fablico y las leyes.<\/li>\n<\/ul>\n<p><strong>Comparta cualquiera otra idea o acci\u00f3n que usted se sienta desafiado a emprender. <\/strong><\/p>\n<p><strong>\u00bfForman parte estas estrategias de nuestras formas ordinarias de actuar? <\/strong><\/p>\n<h3><strong>Oraci\u00f3n de la Familia Vicenciana<\/strong><\/h3>\n<blockquote>\n<p style=\"text-align: center\">Se\u00f1or Jes\u00fas, tu que quisiste hacerte pobre<br \/>\nhaz que tengamos ojos y coraz\u00f3n para los pobres;<br \/>\ny que te reconozcamos a Ti en ellos;<br \/>\nen su sed, en su hambre, en su soledad, y en su desventura.<br \/>\nSuscita en nuestra Familia Vicentina<br \/>\nla unidad, la sencillez, la humildad,<br \/>\ny el fuego de la caridad<br \/>\nque abras\u00f3 a San Vicente de Pa\u00fal.<br \/>\nDanos fortaleza para que fieles a la pr\u00e1ctica de estas virtudes,<br \/>\npodamos contemplarte y servirte en la persona de los pobres,<br \/>\ny un d\u00eda unirnos a Ti y a ellos en tu Reino. AMEN.<\/p>\n<\/blockquote>\n","protected":false},"excerpt":{"rendered":"<p>Objetivo: Comprender la importancia de abordar las causas de la pobreza Canto: (Facultativo) Oraci\u00f3n por el Cambio Sist\u00e9mico Te alabamos y te damos gracias, Oh Dios, Creador del Universo. T\u00fa has hecho todas las cosas &#8230; <a href=\"https:\/\/vincentians.com\/es\/compromiso-politico-vicenciano\/\" class=\"more-link\">Read More<\/a><\/p>\n","protected":false},"author":4,"featured_media":404164,"comment_status":"open","ping_status":"open","sticky":false,"template":"","format":"standard","meta":{"jetpack_post_was_ever_published":false,"_jetpack_newsletter_access":"","_jetpack_dont_email_post_to_subs":false,"_jetpack_newsletter_tier_id":0,"_jetpack_memberships_contains_paywalled_content":false,"_jetpack_memberships_contains_paid_content":false,"footnotes":"","jetpack_publicize_message":"","jetpack_publicize_feature_enabled":true,"jetpack_social_post_already_shared":true,"jetpack_social_options":{"image_generator_settings":{"template":"highway","default_image_id":0,"font":"","enabled":false},"version":2}},"categories":[102],"tags":[168,172,116],"class_list":["post-14694","post","type-post","status-publish","format-standard","has-post-thumbnail","hentry","category-cambio-sistemico","tag-argel","tag-pobreza","tag-tunez"],"yoast_head":"<!-- This site is optimized with the Yoast SEO plugin v26.3 - https:\/\/yoast.com\/wordpress\/plugins\/seo\/ -->\n<title>Compromiso Pol\u00edtico Vicenciano - Somos Vicencianos<\/title>\n<meta name=\"robots\" content=\"index, follow, max-snippet:-1, max-image-preview:large, max-video-preview:-1\" \/>\n<link rel=\"canonical\" href=\"https:\/\/vincentians.com\/es\/compromiso-politico-vicenciano\/\" \/>\n<meta property=\"og:locale\" content=\"es_ES\" \/>\n<meta property=\"og:type\" content=\"article\" \/>\n<meta property=\"og:title\" content=\"Compromiso Pol\u00edtico Vicenciano - Somos Vicencianos\" \/>\n<meta property=\"og:description\" content=\"Objetivo: Comprender la importancia de abordar las causas de la pobreza Canto: (Facultativo) Oraci\u00f3n por el Cambio Sist\u00e9mico Te alabamos y te damos gracias, Oh Dios, Creador del Universo. T\u00fa has hecho todas las cosas ... Read More\" \/>\n<meta property=\"og:url\" content=\"https:\/\/vincentians.com\/es\/compromiso-politico-vicenciano\/\" \/>\n<meta property=\"og:site_name\" content=\"Somos Vicencianos\" \/>\n<meta property=\"article:publisher\" content=\"https:\/\/www.facebook.com\/WeAreVincentians\/\" \/>\n<meta property=\"article:author\" content=\"https:\/\/www.facebook.com\/JavierChento\" \/>\n<meta property=\"article:published_time\" content=\"2023-02-15T07:38:53+00:00\" \/>\n<meta property=\"og:image\" content=\"https:\/\/i0.wp.com\/vincentians.com\/es\/wp-content\/uploads\/sites\/11\/2013\/05\/Cuba-Iglesia-de-La-Milagrosa-La-Habana.png?fit=1218%2C933&ssl=1\" \/>\n\t<meta property=\"og:image:width\" content=\"1218\" \/>\n\t<meta property=\"og:image:height\" content=\"933\" \/>\n\t<meta property=\"og:image:type\" content=\"image\/png\" \/>\n<meta name=\"author\" content=\"Francisco Javier Fern\u00e1ndez Chento\" \/>\n<meta name=\"twitter:card\" content=\"summary_large_image\" \/>\n<meta name=\"twitter:creator\" content=\"@https:\/\/twitter.com\/javierchento\" \/>\n<meta name=\"twitter:site\" content=\"@WeVincentians\" \/>\n<meta name=\"twitter:label1\" content=\"Escrito por\" \/>\n\t<meta name=\"twitter:data1\" content=\"Francisco Javier Fern\u00e1ndez Chento\" \/>\n\t<meta name=\"twitter:label2\" content=\"Tiempo de lectura\" \/>\n\t<meta name=\"twitter:data2\" content=\"6 minutos\" \/>\n<script type=\"application\/ld+json\" class=\"yoast-schema-graph\">{\"@context\":\"https:\/\/schema.org\",\"@graph\":[{\"@type\":\"Article\",\"@id\":\"https:\/\/vincentians.com\/es\/compromiso-politico-vicenciano\/#article\",\"isPartOf\":{\"@id\":\"https:\/\/vincentians.com\/es\/compromiso-politico-vicenciano\/\"},\"author\":{\"name\":\"Francisco Javier Fern\u00e1ndez Chento\",\"@id\":\"http:\/\/vincentians.com\/es\/#\/schema\/person\/9623ef4d9aa3b2dfb8c061f1499288f2\"},\"headline\":\"Compromiso Pol\u00edtico Vicenciano\",\"datePublished\":\"2023-02-15T07:38:53+00:00\",\"mainEntityOfPage\":{\"@id\":\"https:\/\/vincentians.com\/es\/compromiso-politico-vicenciano\/\"},\"wordCount\":1379,\"commentCount\":0,\"publisher\":{\"@id\":\"http:\/\/vincentians.com\/es\/#organization\"},\"image\":{\"@id\":\"https:\/\/vincentians.com\/es\/compromiso-politico-vicenciano\/#primaryimage\"},\"thumbnailUrl\":\"https:\/\/i0.wp.com\/vincentians.com\/es\/wp-content\/uploads\/sites\/11\/2013\/05\/Cuba-Iglesia-de-La-Milagrosa-La-Habana.png?fit=1218%2C933&ssl=1\",\"keywords\":[\"Argel\",\"Pobreza\",\"T\u00fanez\"],\"articleSection\":[\"Cambio sist\u00e9mico\"],\"inLanguage\":\"es\",\"potentialAction\":[{\"@type\":\"CommentAction\",\"name\":\"Comment\",\"target\":[\"https:\/\/vincentians.com\/es\/compromiso-politico-vicenciano\/#respond\"]}]},{\"@type\":\"WebPage\",\"@id\":\"https:\/\/vincentians.com\/es\/compromiso-politico-vicenciano\/\",\"url\":\"https:\/\/vincentians.com\/es\/compromiso-politico-vicenciano\/\",\"name\":\"Compromiso Pol\u00edtico Vicenciano - Somos Vicencianos\",\"isPartOf\":{\"@id\":\"http:\/\/vincentians.com\/es\/#website\"},\"primaryImageOfPage\":{\"@id\":\"https:\/\/vincentians.com\/es\/compromiso-politico-vicenciano\/#primaryimage\"},\"image\":{\"@id\":\"https:\/\/vincentians.com\/es\/compromiso-politico-vicenciano\/#primaryimage\"},\"thumbnailUrl\":\"https:\/\/i0.wp.com\/vincentians.com\/es\/wp-content\/uploads\/sites\/11\/2013\/05\/Cuba-Iglesia-de-La-Milagrosa-La-Habana.png?fit=1218%2C933&ssl=1\",\"datePublished\":\"2023-02-15T07:38:53+00:00\",\"breadcrumb\":{\"@id\":\"https:\/\/vincentians.com\/es\/compromiso-politico-vicenciano\/#breadcrumb\"},\"inLanguage\":\"es\",\"potentialAction\":[{\"@type\":\"ReadAction\",\"target\":[\"https:\/\/vincentians.com\/es\/compromiso-politico-vicenciano\/\"]}]},{\"@type\":\"ImageObject\",\"inLanguage\":\"es\",\"@id\":\"https:\/\/vincentians.com\/es\/compromiso-politico-vicenciano\/#primaryimage\",\"url\":\"https:\/\/i0.wp.com\/vincentians.com\/es\/wp-content\/uploads\/sites\/11\/2013\/05\/Cuba-Iglesia-de-La-Milagrosa-La-Habana.png?fit=1218%2C933&ssl=1\",\"contentUrl\":\"https:\/\/i0.wp.com\/vincentians.com\/es\/wp-content\/uploads\/sites\/11\/2013\/05\/Cuba-Iglesia-de-La-Milagrosa-La-Habana.png?fit=1218%2C933&ssl=1\",\"width\":1218,\"height\":933},{\"@type\":\"BreadcrumbList\",\"@id\":\"https:\/\/vincentians.com\/es\/compromiso-politico-vicenciano\/#breadcrumb\",\"itemListElement\":[{\"@type\":\"ListItem\",\"position\":1,\"name\":\"Portada\",\"item\":\"http:\/\/vincentians.com\/es\/\"},{\"@type\":\"ListItem\",\"position\":2,\"name\":\"Compromiso Pol\u00edtico Vicenciano\"}]},{\"@type\":\"WebSite\",\"@id\":\"http:\/\/vincentians.com\/es\/#website\",\"url\":\"http:\/\/vincentians.com\/es\/\",\"name\":\"Somos Vicencianos\",\"description\":\"Know more to serve more\",\"publisher\":{\"@id\":\"http:\/\/vincentians.com\/es\/#organization\"},\"potentialAction\":[{\"@type\":\"SearchAction\",\"target\":{\"@type\":\"EntryPoint\",\"urlTemplate\":\"http:\/\/vincentians.com\/es\/?s={search_term_string}\"},\"query-input\":{\"@type\":\"PropertyValueSpecification\",\"valueRequired\":true,\"valueName\":\"search_term_string\"}}],\"inLanguage\":\"es\"},{\"@type\":\"Organization\",\"@id\":\"http:\/\/vincentians.com\/es\/#organization\",\"name\":\"The Vincentian Network\",\"url\":\"http:\/\/vincentians.com\/es\/\",\"logo\":{\"@type\":\"ImageObject\",\"inLanguage\":\"es\",\"@id\":\"http:\/\/vincentians.com\/es\/#\/schema\/logo\/image\/\",\"url\":\"https:\/\/i1.wp.com\/vincentians.com\/es\/wp-content\/uploads\/sites\/11\/2016\/06\/Vincentian-Network-logo-big.png?fit=778%2C778\",\"contentUrl\":\"https:\/\/i1.wp.com\/vincentians.com\/es\/wp-content\/uploads\/sites\/11\/2016\/06\/Vincentian-Network-logo-big.png?fit=778%2C778\",\"width\":778,\"height\":778,\"caption\":\"The Vincentian Network\"},\"image\":{\"@id\":\"http:\/\/vincentians.com\/es\/#\/schema\/logo\/image\/\"},\"sameAs\":[\"https:\/\/www.facebook.com\/WeAreVincentians\/\",\"https:\/\/x.com\/WeVincentians\"]},{\"@type\":\"Person\",\"@id\":\"http:\/\/vincentians.com\/es\/#\/schema\/person\/9623ef4d9aa3b2dfb8c061f1499288f2\",\"name\":\"Francisco Javier Fern\u00e1ndez Chento\",\"image\":{\"@type\":\"ImageObject\",\"inLanguage\":\"es\",\"@id\":\"http:\/\/vincentians.com\/es\/#\/schema\/person\/image\/\",\"url\":\"https:\/\/secure.gravatar.com\/avatar\/497d5cde87b4c3d097d0315953521681ba2cd523ee66e5077c3711f7021e65de?s=96&d=mm&r=g\",\"contentUrl\":\"https:\/\/secure.gravatar.com\/avatar\/497d5cde87b4c3d097d0315953521681ba2cd523ee66e5077c3711f7021e65de?s=96&d=mm&r=g\",\"caption\":\"Francisco Javier Fern\u00e1ndez Chento\"},\"description\":\"Director General y cofundador de La Red de Formaci\u00f3n Vicenciana. Javier es laico vicenciano, afiliado a la Congregaci\u00f3n de la Misi\u00f3n y miembro del Equipo de Misiones Populares de la provincia can\u00f3nica de Zaragoza (Espa\u00f1a) de la Congregaci\u00f3n de la Misi\u00f3n. Graduado en la Universidad Oberta de Catalunya con cuatro grados (Asistente de direcci\u00f3n, Gesti\u00f3n Administrativa, Recursos Humanos y Contabilidad Avanzada). Bil\u00edng\u00fce Espa\u00f1ol\/Ingl\u00e9s. gestiona y mantiene varias p\u00e1ginas web cristianas y vicencianas, incluida including La Red de Formaci\u00f3n Vicenciana, de la que es cofundador. Actualmente es responsable del \u00e1rea de Espa\u00f1ol de .famvin, la Red de Noticias de la Familia Vicenciana. Tambi\u00e9n es m\u00fasico cat\u00f3lico y ha editado varios discos. Es Director General y cofundador de Trovador, una reconocida compa\u00f1\u00eda discogr\u00e1fica critiana de Espa\u00f1a. Trabaja en las Tecnolog\u00edas de la Informaci\u00f3n, ofreciendo servicios de alojamiento, dise\u00f1o y mantenimiento Web, as\u00ed como asesoramiento, formaci\u00f3n y soluciones inform\u00e1ticas, gesti\u00f3n documental y digitalizaci\u00f3n de textos, edici\u00f3n y maquetaci\u00f3n de libros, revistas, flyers, etc.\",\"sameAs\":[\"http:\/\/chento.org\",\"https:\/\/www.facebook.com\/JavierChento\",\"https:\/\/x.com\/https:\/\/twitter.com\/javierchento\"],\"url\":\"https:\/\/vincentians.com\/es\/author\/chento\/\"}]}<\/script>\n<!-- \/ Yoast SEO plugin. -->","yoast_head_json":{"title":"Compromiso Pol\u00edtico Vicenciano - Somos Vicencianos","robots":{"index":"index","follow":"follow","max-snippet":"max-snippet:-1","max-image-preview":"max-image-preview:large","max-video-preview":"max-video-preview:-1"},"canonical":"https:\/\/vincentians.com\/es\/compromiso-politico-vicenciano\/","og_locale":"es_ES","og_type":"article","og_title":"Compromiso Pol\u00edtico Vicenciano - Somos Vicencianos","og_description":"Objetivo: Comprender la importancia de abordar las causas de la pobreza Canto: (Facultativo) Oraci\u00f3n por el Cambio Sist\u00e9mico Te alabamos y te damos gracias, Oh Dios, Creador del Universo. T\u00fa has hecho todas las cosas ... Read More","og_url":"https:\/\/vincentians.com\/es\/compromiso-politico-vicenciano\/","og_site_name":"Somos Vicencianos","article_publisher":"https:\/\/www.facebook.com\/WeAreVincentians\/","article_author":"https:\/\/www.facebook.com\/JavierChento","article_published_time":"2023-02-15T07:38:53+00:00","og_image":[{"width":1218,"height":933,"url":"https:\/\/i0.wp.com\/vincentians.com\/es\/wp-content\/uploads\/sites\/11\/2013\/05\/Cuba-Iglesia-de-La-Milagrosa-La-Habana.png?fit=1218%2C933&ssl=1","type":"image\/png"}],"author":"Francisco Javier Fern\u00e1ndez Chento","twitter_card":"summary_large_image","twitter_creator":"@https:\/\/twitter.com\/javierchento","twitter_site":"@WeVincentians","twitter_misc":{"Escrito por":"Francisco Javier Fern\u00e1ndez Chento","Tiempo de lectura":"6 minutos"},"schema":{"@context":"https:\/\/schema.org","@graph":[{"@type":"Article","@id":"https:\/\/vincentians.com\/es\/compromiso-politico-vicenciano\/#article","isPartOf":{"@id":"https:\/\/vincentians.com\/es\/compromiso-politico-vicenciano\/"},"author":{"name":"Francisco Javier Fern\u00e1ndez Chento","@id":"http:\/\/vincentians.com\/es\/#\/schema\/person\/9623ef4d9aa3b2dfb8c061f1499288f2"},"headline":"Compromiso Pol\u00edtico Vicenciano","datePublished":"2023-02-15T07:38:53+00:00","mainEntityOfPage":{"@id":"https:\/\/vincentians.com\/es\/compromiso-politico-vicenciano\/"},"wordCount":1379,"commentCount":0,"publisher":{"@id":"http:\/\/vincentians.com\/es\/#organization"},"image":{"@id":"https:\/\/vincentians.com\/es\/compromiso-politico-vicenciano\/#primaryimage"},"thumbnailUrl":"https:\/\/i0.wp.com\/vincentians.com\/es\/wp-content\/uploads\/sites\/11\/2013\/05\/Cuba-Iglesia-de-La-Milagrosa-La-Habana.png?fit=1218%2C933&ssl=1","keywords":["Argel","Pobreza","T\u00fanez"],"articleSection":["Cambio sist\u00e9mico"],"inLanguage":"es","potentialAction":[{"@type":"CommentAction","name":"Comment","target":["https:\/\/vincentians.com\/es\/compromiso-politico-vicenciano\/#respond"]}]},{"@type":"WebPage","@id":"https:\/\/vincentians.com\/es\/compromiso-politico-vicenciano\/","url":"https:\/\/vincentians.com\/es\/compromiso-politico-vicenciano\/","name":"Compromiso Pol\u00edtico Vicenciano - Somos Vicencianos","isPartOf":{"@id":"http:\/\/vincentians.com\/es\/#website"},"primaryImageOfPage":{"@id":"https:\/\/vincentians.com\/es\/compromiso-politico-vicenciano\/#primaryimage"},"image":{"@id":"https:\/\/vincentians.com\/es\/compromiso-politico-vicenciano\/#primaryimage"},"thumbnailUrl":"https:\/\/i0.wp.com\/vincentians.com\/es\/wp-content\/uploads\/sites\/11\/2013\/05\/Cuba-Iglesia-de-La-Milagrosa-La-Habana.png?fit=1218%2C933&ssl=1","datePublished":"2023-02-15T07:38:53+00:00","breadcrumb":{"@id":"https:\/\/vincentians.com\/es\/compromiso-politico-vicenciano\/#breadcrumb"},"inLanguage":"es","potentialAction":[{"@type":"ReadAction","target":["https:\/\/vincentians.com\/es\/compromiso-politico-vicenciano\/"]}]},{"@type":"ImageObject","inLanguage":"es","@id":"https:\/\/vincentians.com\/es\/compromiso-politico-vicenciano\/#primaryimage","url":"https:\/\/i0.wp.com\/vincentians.com\/es\/wp-content\/uploads\/sites\/11\/2013\/05\/Cuba-Iglesia-de-La-Milagrosa-La-Habana.png?fit=1218%2C933&ssl=1","contentUrl":"https:\/\/i0.wp.com\/vincentians.com\/es\/wp-content\/uploads\/sites\/11\/2013\/05\/Cuba-Iglesia-de-La-Milagrosa-La-Habana.png?fit=1218%2C933&ssl=1","width":1218,"height":933},{"@type":"BreadcrumbList","@id":"https:\/\/vincentians.com\/es\/compromiso-politico-vicenciano\/#breadcrumb","itemListElement":[{"@type":"ListItem","position":1,"name":"Portada","item":"http:\/\/vincentians.com\/es\/"},{"@type":"ListItem","position":2,"name":"Compromiso Pol\u00edtico Vicenciano"}]},{"@type":"WebSite","@id":"http:\/\/vincentians.com\/es\/#website","url":"http:\/\/vincentians.com\/es\/","name":"Somos Vicencianos","description":"Know more to serve more","publisher":{"@id":"http:\/\/vincentians.com\/es\/#organization"},"potentialAction":[{"@type":"SearchAction","target":{"@type":"EntryPoint","urlTemplate":"http:\/\/vincentians.com\/es\/?s={search_term_string}"},"query-input":{"@type":"PropertyValueSpecification","valueRequired":true,"valueName":"search_term_string"}}],"inLanguage":"es"},{"@type":"Organization","@id":"http:\/\/vincentians.com\/es\/#organization","name":"The Vincentian Network","url":"http:\/\/vincentians.com\/es\/","logo":{"@type":"ImageObject","inLanguage":"es","@id":"http:\/\/vincentians.com\/es\/#\/schema\/logo\/image\/","url":"https:\/\/i1.wp.com\/vincentians.com\/es\/wp-content\/uploads\/sites\/11\/2016\/06\/Vincentian-Network-logo-big.png?fit=778%2C778","contentUrl":"https:\/\/i1.wp.com\/vincentians.com\/es\/wp-content\/uploads\/sites\/11\/2016\/06\/Vincentian-Network-logo-big.png?fit=778%2C778","width":778,"height":778,"caption":"The Vincentian Network"},"image":{"@id":"http:\/\/vincentians.com\/es\/#\/schema\/logo\/image\/"},"sameAs":["https:\/\/www.facebook.com\/WeAreVincentians\/","https:\/\/x.com\/WeVincentians"]},{"@type":"Person","@id":"http:\/\/vincentians.com\/es\/#\/schema\/person\/9623ef4d9aa3b2dfb8c061f1499288f2","name":"Francisco Javier Fern\u00e1ndez Chento","image":{"@type":"ImageObject","inLanguage":"es","@id":"http:\/\/vincentians.com\/es\/#\/schema\/person\/image\/","url":"https:\/\/secure.gravatar.com\/avatar\/497d5cde87b4c3d097d0315953521681ba2cd523ee66e5077c3711f7021e65de?s=96&d=mm&r=g","contentUrl":"https:\/\/secure.gravatar.com\/avatar\/497d5cde87b4c3d097d0315953521681ba2cd523ee66e5077c3711f7021e65de?s=96&d=mm&r=g","caption":"Francisco Javier Fern\u00e1ndez Chento"},"description":"Director General y cofundador de La Red de Formaci\u00f3n Vicenciana. Javier es laico vicenciano, afiliado a la Congregaci\u00f3n de la Misi\u00f3n y miembro del Equipo de Misiones Populares de la provincia can\u00f3nica de Zaragoza (Espa\u00f1a) de la Congregaci\u00f3n de la Misi\u00f3n. Graduado en la Universidad Oberta de Catalunya con cuatro grados (Asistente de direcci\u00f3n, Gesti\u00f3n Administrativa, Recursos Humanos y Contabilidad Avanzada). Bil\u00edng\u00fce Espa\u00f1ol\/Ingl\u00e9s. gestiona y mantiene varias p\u00e1ginas web cristianas y vicencianas, incluida including La Red de Formaci\u00f3n Vicenciana, de la que es cofundador. Actualmente es responsable del \u00e1rea de Espa\u00f1ol de .famvin, la Red de Noticias de la Familia Vicenciana. Tambi\u00e9n es m\u00fasico cat\u00f3lico y ha editado varios discos. Es Director General y cofundador de Trovador, una reconocida compa\u00f1\u00eda discogr\u00e1fica critiana de Espa\u00f1a. Trabaja en las Tecnolog\u00edas de la Informaci\u00f3n, ofreciendo servicios de alojamiento, dise\u00f1o y mantenimiento Web, as\u00ed como asesoramiento, formaci\u00f3n y soluciones inform\u00e1ticas, gesti\u00f3n documental y digitalizaci\u00f3n de textos, edici\u00f3n y maquetaci\u00f3n de libros, revistas, flyers, etc.","sameAs":["http:\/\/chento.org","https:\/\/www.facebook.com\/JavierChento","https:\/\/x.com\/https:\/\/twitter.com\/javierchento"],"url":"https:\/\/vincentians.com\/es\/author\/chento\/"}]}},"jetpack_publicize_connections":[],"jetpack_featured_media_url":"https:\/\/i0.wp.com\/vincentians.com\/es\/wp-content\/uploads\/sites\/11\/2013\/05\/Cuba-Iglesia-de-La-Milagrosa-La-Habana.png?fit=1218%2C933&ssl=1","jetpack_sharing_enabled":true,"jetpack_shortlink":"https:\/\/wp.me\/p7ETMF-3P0","jetpack-related-posts":[{"id":126467,"url":"https:\/\/vincentians.com\/es\/aic-contra-las-pobrezas-actuar-juntos-i\/","url_meta":{"origin":14694,"position":0},"title":"AIC, Contra las pobrezas: \u00a1Actuar juntos! El cambio sist\u00e9mico (I)","author":"Francisco Javier Fern\u00e1ndez Chento","date":"03\/01\/2024","format":false,"excerpt":"Introducci\u00f3n Un objetivo com\u00fan: AIC, Contra las pobrezas, Actuar juntos! La AIC es una asociaci\u00f3n din\u00e1mica, que es parte y est\u00e1 compuesta por m\u00faltiples sistemas, que interact\u00faan constantemente, para lograr un objetivo com\u00fan: \"Contra las pobrezas, Actuar juntos\" La situaci\u00f3n actual del mundo, en la que la pobreza aumenta de\u2026","rel":"","context":"En \u00abCambio sist\u00e9mico\u00bb","block_context":{"text":"Cambio sist\u00e9mico","link":"https:\/\/vincentians.com\/es\/category\/formacion-vicenciana\/cambio-sistemico\/"},"img":{"alt_text":"","src":"https:\/\/i0.wp.com\/vincentians.com\/es\/wp-content\/uploads\/sites\/11\/2023\/08\/aa.jpeg?fit=1152%2C648&ssl=1&resize=350%2C200","width":350,"height":200,"srcset":"https:\/\/i0.wp.com\/vincentians.com\/es\/wp-content\/uploads\/sites\/11\/2023\/08\/aa.jpeg?fit=1152%2C648&ssl=1&resize=350%2C200 1x, https:\/\/i0.wp.com\/vincentians.com\/es\/wp-content\/uploads\/sites\/11\/2023\/08\/aa.jpeg?fit=1152%2C648&ssl=1&resize=525%2C300 1.5x, https:\/\/i0.wp.com\/vincentians.com\/es\/wp-content\/uploads\/sites\/11\/2023\/08\/aa.jpeg?fit=1152%2C648&ssl=1&resize=700%2C400 2x, https:\/\/i0.wp.com\/vincentians.com\/es\/wp-content\/uploads\/sites\/11\/2023\/08\/aa.jpeg?fit=1152%2C648&ssl=1&resize=1050%2C600 3x"},"classes":[]},{"id":140312,"url":"https:\/\/vincentians.com\/es\/espiritualidad-y-cambio-sistemico\/","url_meta":{"origin":14694,"position":1},"title":"Espiritualidad y cambio sist\u00e9mico","author":"Francisco Javier Fern\u00e1ndez Chento","date":"21\/02\/2015","format":false,"excerpt":"1.- M\u00e1s que una relaci\u00f3n, quisiera proponerles una breve meditaci\u00f3n... El objetivo de esta meditaci\u00f3n es redescubrir la dimensi\u00f3n espiritual contenida en la metodolog\u00eda del cambio sist\u00e9mico, que no es una estrategia de trabajo, sino una dimen\u00adsi\u00f3n espiritual, un acto de fe, que est\u00e1 en la base, si queremos vivirla\u2026","rel":"","context":"En \u00abCambio sist\u00e9mico\u00bb","block_context":{"text":"Cambio sist\u00e9mico","link":"https:\/\/vincentians.com\/es\/category\/formacion-vicenciana\/cambio-sistemico\/"},"img":{"alt_text":"manzanas_union","src":"https:\/\/i0.wp.com\/vicencianos.org\/wp-content\/2015\/02\/manzanas_union-244x300.jpg?resize=350%2C200","width":350,"height":200},"classes":[]},{"id":141977,"url":"https:\/\/vincentians.com\/es\/comunidades-de-bienes\/","url_meta":{"origin":14694,"position":2},"title":"Comunidades de bienes","author":"Francisco Javier Fern\u00e1ndez Chento","date":"29\/03\/2015","format":false,"excerpt":"\u00abEn el grupo de los creyen\u00adtes todos pensaban y sent\u00edan lo mismo: pose\u00edan todo en com\u00fan y nadie consideraba suyo nada de lo que ten\u00eda. Los ap\u00f3stoles daban testimo\u00adnio de la Resurrecci\u00f3n del Se\u00f1or con mucha eficacia; todos ellos eran bien mira\u00addos porque entre ellos nin\u00adguno pasaba necesidad, ya que\u2026","rel":"","context":"En \u00abEspiritualidad vicenciana\u00bb","block_context":{"text":"Espiritualidad vicenciana","link":"https:\/\/vincentians.com\/es\/category\/espiritualidad\/espiritualidad-vicenciana\/"},"img":{"alt_text":"asd","src":"https:\/\/i0.wp.com\/vicencianos.org\/wp-content\/2015\/03\/asd16-300x210.jpg?resize=350%2C200","width":350,"height":200},"classes":[]},{"id":124900,"url":"https:\/\/vincentians.com\/es\/reunion-comision-cambio-sistemico\/","url_meta":{"origin":14694,"position":3},"title":"Reuni\u00f3n comisi\u00f3n cambio sist\u00e9mico","author":"Francisco Javier Fern\u00e1ndez Chento","date":"02\/11\/2013","format":false,"excerpt":"En esta reuni\u00f3n participan los siguientes miembros \u00a0de esta Comisi\u00f3n son: P. Robert Maloney, CM, Giuseppe Turati, CM, Jim Claffey, SSVP, Miza\u00e9l Donizetti Poggioli, CM, Joe Foley, CM, \u00a0Kerry Anthony, DePaul International, Patricia de Navas, AIC, Sor Teresa Mueda, HC. Y colaborando en el servicio de traducci\u00f3n el P. Shijo\u2026","rel":"","context":"En \u00abCambio sist\u00e9mico\u00bb","block_context":{"text":"Cambio sist\u00e9mico","link":"https:\/\/vincentians.com\/es\/category\/formacion-vicenciana\/cambio-sistemico\/"},"img":{"alt_text":"cambio","src":"https:\/\/i0.wp.com\/vicencianos.org\/wp-content\/2013\/11\/cambio.jpg?resize=350%2C200","width":350,"height":200},"classes":[]},{"id":142206,"url":"https:\/\/vincentians.com\/es\/generosos-con-los-pobres-y-companeros\/","url_meta":{"origin":14694,"position":4},"title":"Generosos con los pobres y compa\u00f1eros","author":"Francisco Javier Fern\u00e1ndez Chento","date":"04\/04\/2015","format":false,"excerpt":"No os olvid\u00e9is de distribuir vuestros bienes y de hacer eI bien, que tales sacrificios son los que agradan a Dios\u00bb. IIII, 13,16). \u00abConforme al Estatuto Fun\u00addamental del voto de pobre\u00adza en la Congregaci\u00f3n, emplearemos los bienes propios, con permiso del Superior, en obras de caridad y en favor de\u2026","rel":"","context":"En \u00abEspiritualidad vicenciana\u00bb","block_context":{"text":"Espiritualidad vicenciana","link":"https:\/\/vincentians.com\/es\/category\/espiritualidad\/espiritualidad-vicenciana\/"},"img":{"alt_text":"asd","src":"https:\/\/i0.wp.com\/vicencianos.org\/wp-content\/2015\/03\/asd20.jpg?resize=350%2C200","width":350,"height":200},"classes":[]},{"id":126473,"url":"https:\/\/vincentians.com\/es\/aic-contra-las-pobrezas-actuar-juntos-iii\/","url_meta":{"origin":14694,"position":5},"title":"AIC, Contra las pobrezas: \u00a1Actuar juntos! El cambio sist\u00e9mico (III)","author":"Francisco Javier Fern\u00e1ndez Chento","date":"07\/01\/2024","format":false,"excerpt":"III. Proyectos \" sist\u00e9micos \" a. A nivel individual: Mar\u00eda Es imprescindible tener en cuenta a la persona humana y respetar sus necesidades, sus aspiraciones y sus valores. Un profundo respeto y el deseo de buscar la promoci\u00f3n y el empoderamiento de las mujeres, llevaron a las participantes en la\u2026","rel":"","context":"En \u00abCambio sist\u00e9mico\u00bb","block_context":{"text":"Cambio sist\u00e9mico","link":"https:\/\/vincentians.com\/es\/category\/formacion-vicenciana\/cambio-sistemico\/"},"img":{"alt_text":"","src":"https:\/\/i0.wp.com\/vincentians.com\/es\/wp-content\/uploads\/sites\/11\/2023\/08\/aa.jpeg?fit=1152%2C648&ssl=1&resize=350%2C200","width":350,"height":200,"srcset":"https:\/\/i0.wp.com\/vincentians.com\/es\/wp-content\/uploads\/sites\/11\/2023\/08\/aa.jpeg?fit=1152%2C648&ssl=1&resize=350%2C200 1x, https:\/\/i0.wp.com\/vincentians.com\/es\/wp-content\/uploads\/sites\/11\/2023\/08\/aa.jpeg?fit=1152%2C648&ssl=1&resize=525%2C300 1.5x, https:\/\/i0.wp.com\/vincentians.com\/es\/wp-content\/uploads\/sites\/11\/2023\/08\/aa.jpeg?fit=1152%2C648&ssl=1&resize=700%2C400 2x, https:\/\/i0.wp.com\/vincentians.com\/es\/wp-content\/uploads\/sites\/11\/2023\/08\/aa.jpeg?fit=1152%2C648&ssl=1&resize=1050%2C600 3x"},"classes":[]}],"_links":{"self":[{"href":"https:\/\/vincentians.com\/es\/wp-json\/wp\/v2\/posts\/14694","targetHints":{"allow":["GET"]}}],"collection":[{"href":"https:\/\/vincentians.com\/es\/wp-json\/wp\/v2\/posts"}],"about":[{"href":"https:\/\/vincentians.com\/es\/wp-json\/wp\/v2\/types\/post"}],"author":[{"embeddable":true,"href":"https:\/\/vincentians.com\/es\/wp-json\/wp\/v2\/users\/4"}],"replies":[{"embeddable":true,"href":"https:\/\/vincentians.com\/es\/wp-json\/wp\/v2\/comments?post=14694"}],"version-history":[{"count":1,"href":"https:\/\/vincentians.com\/es\/wp-json\/wp\/v2\/posts\/14694\/revisions"}],"predecessor-version":[{"id":404507,"href":"https:\/\/vincentians.com\/es\/wp-json\/wp\/v2\/posts\/14694\/revisions\/404507"}],"wp:featuredmedia":[{"embeddable":true,"href":"https:\/\/vincentians.com\/es\/wp-json\/wp\/v2\/media\/404164"}],"wp:attachment":[{"href":"https:\/\/vincentians.com\/es\/wp-json\/wp\/v2\/media?parent=14694"}],"wp:term":[{"taxonomy":"category","embeddable":true,"href":"https:\/\/vincentians.com\/es\/wp-json\/wp\/v2\/categories?post=14694"},{"taxonomy":"post_tag","embeddable":true,"href":"https:\/\/vincentians.com\/es\/wp-json\/wp\/v2\/tags?post=14694"}],"curies":[{"name":"wp","href":"https:\/\/api.w.org\/{rel}","templated":true}]}}