{"id":145196,"date":"2015-05-18T04:43:34","date_gmt":"2015-05-18T02:43:34","guid":{"rendered":"http:\/\/somos.vicencianos.org\/?p=145196"},"modified":"2015-05-18T04:43:34","modified_gmt":"2015-05-18T02:43:34","slug":"la-mision-de-la-sociedad-de-san-vicente-de-paul","status":"publish","type":"post","link":"https:\/\/vincentians.com\/es\/la-mision-de-la-sociedad-de-san-vicente-de-paul\/","title":{"rendered":"La Misi\u00f3n de la Sociedad de San Vicente de Pa\u00fal"},"content":{"rendered":"<p><a href=\"https:\/\/i0.wp.com\/vicencianos.org\/wp-content\/2013\/12\/ssvp.jpg\"><img data-recalc-dims=\"1\" loading=\"lazy\" decoding=\"async\" class=\"alignright size-medium wp-image-133533\" src=\"https:\/\/i0.wp.com\/vicencianos.org\/wp-content\/2013\/12\/ssvp-300x281.jpg?resize=300%2C281\" alt=\"ssvp\" width=\"300\" height=\"281\" \/><\/a>De acuerdo al concepto de Misi\u00f3n de cualquier instituci\u00f3n, \u00e9sta se puede definir como el motivo, pro\u00adp\u00f3sito, fin o raz\u00f3n de ser de la exis\u00adtencia de una organizaci\u00f3n.<\/p>\n<p>A este respecto, es importante conocer que el Consejo General In\u00adternacional de la Sociedad de San Vicente de Pa\u00fal, con el objetivo de unificar los criterios de todos los vicentinos y Conferencias que confor\u00adman la Instituci\u00f3n a nivel global (en 149 pa\u00edses en todo el mundo) ha for\u00admulado la \u201cMisi\u00f3n de la Sociedad de San Vicente de Pa\u00fal\u201d que tiene en su redactado cuatro puntos fundamen\u00adtales:<\/p>\n<ul>\n<li>\u201cDesarrollar nuestra espiritualidad\u201d<\/li>\n<li>\u201cBuscar y encontrar a las personas y familias que est\u00e1n olvidadas, que sufren y est\u00e1n desfavorecidas\u201d<\/li>\n<li>\u201cOfrecer, a cualquiera que se encuentra en situaci\u00f3n de necesidad, la ayuda adecuada\u201d<\/li>\n<li>Realizar nuestro servicio a estas personas \u201ca trav\u00e9s de un contacto personal\u201d<\/li>\n<\/ul>\n<p>Pero estos cuatro pilares, seg\u00fan reza la definici\u00f3n de la Misi\u00f3n que realiza el Consejo General Internacional SSVP, tienen como inspiraci\u00f3n y piedra angu\u00adlar \u201cel Amor de Cristo\u201d que es para todos los cristianos el modelo en el que reflejarse y la figura que da sentido a nuestra propia existencia, tanto individual como institucional. Seguir su ejemplo, es llegar a la santificaci\u00f3n, entendiendo esta como \u201cla uni\u00f3n con Cristo en amor\u201d (art. 2.2 Regla SSVP), Misi\u00f3n compar\u00adtida con la Iglesia Universal y cada uno de las personas bautizadas.<\/p>\n<p>Profundizando en la Misi\u00f3n Institucional y desgranando sus principales ele\u00admentos enraizados en Cristo, llegamos a la conclusi\u00f3n de que es fundamental observarla para tener clara la pertenencia a la Sociedad de San Vicente de Pa\u00fal y ser consciente de la exigencia y responsabilidad que traslada, en su seno, la participaci\u00f3n como consocio.<\/p>\n<p>En el conocimiento, interiorizaci\u00f3n y observancia de la Misi\u00f3n de la SSVP est\u00e1n las claves en las que centrar los esfuerzos individuales e Institucionales. Personalmente, uno mismo debe sentir ese compromiso que libremente le une a una instituci\u00f3n que defiende esta Misi\u00f3n para, en Comunidad, en Confe\u00adrencia, seguir viviendo el camino hacia esa meta y s\u00f3lo as\u00ed invitar, de una forma inequ\u00edvoca, a otros muchos a partici\u00adpar de la vida de la Sociedad de San Vicente de Pa\u00fal. Si la Misi\u00f3n no est\u00e1 clara, si entendemos a la Sociedad de San Vicente de Pa\u00fal como una simple ONG solidaria o como una mera plataforma de acciones voluntariosas, estamos parcializando su mensaje y dejando fuera, precisamente, la esencia de la Entidad, desvirtuando el motivo para el que fue fundada.<\/p>\n<h2><strong>1.- Desarrollar nuestra espiritualidad<\/strong><\/h2>\n<p>Desde la creaci\u00f3n de la primera Conferencia, se busca ayudar a las personas m\u00e1s vulnerables pero cultivando, a su vez, un camino espiritual que nos lleve a ser mejores, siguiendo a Cristo y sus ense\u00f1anzas para, de este modo, practicar la verdadera caridad cristiana, que quiere en pri\u00admer lugar la justicia para completar a \u00e9sta con el Amor.<\/p>\n<p>La espiritualidad en Las Conferencias est\u00e1, obviamente, centrada en Cristo, como modelo universal para todos los cristianos, pero tambi\u00e9n tenemos dos grandes referentes que imprimen el especial carisma de la Instituci\u00f3n y de los consocios que la conforman: San Vicente de Pa\u00fal, como Santo de la Caridad y promotor de la ayuda social organi\u00adzada y el Beato Federico Ozanam, como seglar consciente, y visionario, del papel del laico en la Iglesia y de su servicio a las personas m\u00e1s vulnerables, aprendiendo de ambos la \u201cvisi\u00f3n de Cristo en el pobre y del pobre en Cristo\u201d (Art. 2.5 Regla SSVP).<\/p>\n<p>Sobre este tema, versar\u00e1 ampliamente la pr\u00f3xima re\u00adflexi\u00f3n \u201cel carisma vicentino, una determinada opci\u00f3n de vida\u201d.<\/p>\n<h2><strong>2.- \u201cBuscar y encontrar a las personas y familias que est\u00e1n olvidadas, que su\u00adfren y est\u00e1n desfavorecidas\u201d<\/strong><\/h2>\n<p>Otro rasgo de la Misi\u00f3n de Las Conferencias es su especial deferencia por las personas que viven las situaciones de pobreza, marginaci\u00f3n y riesgo social. Pero el matiz que define a Las Conferencias es la actitud con la que lleva a cabo esta tarea, una actitud de \u201cb\u00fasqueda\u201d, no de apoltronamiento, y una actitud de empe\u00f1o en esta tarea, de buscar y encontrar, de facilitar ese encuentro y ser el cord\u00f3n umbilical de esos focos de pobreza ya definidos por el Papa Francisco como \u201cpobrezas de la periferia\u201d, que nadie ve y de las que nadie se acuerda.<\/p>\n<p>La Misi\u00f3n de la Sociedad de San Vicente de Pa\u00fal \u201cda prioridad a los m\u00e1s pobres de los pobres y a aquellos que son especialmente rechazados por la sociedad\u201d (art. 1.6 Regla SSVP), \u201cadoptando las iniciativas necesarias para encontrarse con la pobreza\u201d (art. 1.5 Regla SSVP), adap\u00adt\u00e1ndose a los cambios del mundo, esforz\u00e1ndose constan\u00adtemente en renovarse con respecto a las condiciones de los tiempos y los nuevos tipos de pobreza que puedan identificarse o preverse (ver art. 1.6 Regla SSVP).<\/p>\n<p>Por lo tanto, la pertenencia a la Sociedad de San Vicen\u00adte de Pa\u00fal implica una actitud proactiva ante la pobreza, una actitud de b\u00fasqueda de las personas que sufren y un inter\u00e9s real por \u201cidentificar las estructuras injustas\u201d (art. 7.1 Regla SSVP) que puedan causar estas diferencias socia\u00adles, este menoscabo en el trato al pr\u00f3jimo que est\u00e1 siendo desplazado y excluido.<\/p>\n<h2><strong>3.- \u201cOfrecer, a cualquiera que se encuentra en situaci\u00f3n de necesidad, la ayuda adecuada\u201d<\/strong><\/h2>\n<p>Estrechamente ligado al punto anterior, a la b\u00fasqueda y al encuentro de las personas que sufren la pobreza, est\u00e1 la necesidad de que dicha ayuda sea efectiva, adecuada a la necesidad de cada persona. Ya lo dec\u00eda san Vicente de Pa\u00fal en su conocida frase \u201cla ayuda ha de ser afecti\u00adva y efectiva\u201d, uniendo al amor que debemos procurar en nuestro servicio, la promoci\u00f3n social que facilite la mejora de la autoestima y de las habilidades que cada persona tie\u00adne dentro, procurando evitar caer en el inmovilismo y en la rutina en el servicio a los dem\u00e1s, de tal forma que no seamos capaces de romper la cadena de la miseria, la repetici\u00f3n constante de la misma situaci\u00f3n, alienando al ser humano hasta ser parte de un proceso o de un n\u00famero en nuestras estad\u00edsticas, dej\u00e1ndole de ver como ese pr\u00f3jimo que tiene sus necesidades particulares y su plan de vida personal en los que hay que incidir como \u00fanicos y verdaderamente valiosos para su regeneraci\u00f3n.<\/p>\n<p>Esa \u201cayuda adecuada\u201d, efectiva, que busca la Sociedad de San Vicente de Pa\u00fal se basa en el \u201ccambio sist\u00e9mico\u201d, en la necesidad de interiorizar en noso\u00adtros y en la Instituci\u00f3n el valor de poner al ser humano en el centro, de procurar ayuda al pr\u00f3jimo contando con \u00e9l mismo, con sus habilidades y virtudes, con sus debilidades y con sus sue\u00f1os, haci\u00e9ndole part\u00edcipe y responsable de su ca\u00admino hacia el desarrollo de su propia vida, ayud\u00e1ndole a tomar decisiones y a reafirmarle como ser humano, hecho a imagen y semejanza de Dios.<\/p>\n<p>Las personas que pertenecen a la Sociedad de San Vicente de Pa\u00fal, busca\u00adr\u00e1n la verdadera promoci\u00f3n del ser humano y su ruptura con la pobreza y sus causas, basando su servicio en un trabajo individualizado y centrado en el pr\u00f3\u00adjimo, siendo conscientes de la grandeza que toda persona lleva dentro de s\u00ed.<\/p>\n<h2><strong>4.- Realizar nuestro servicio a estas personas \u201ca trav\u00e9s de un contacto personal\u201d<\/strong><\/h2>\n<p>Pero si queremos ayudar a las personas en dificultad, si de verdad sentimos la pertenencia a una Instituci\u00f3n que tiene como uno de sus objetivos principales la ayuda a los m\u00e1s vulnerables, no podremos cumplir con esta Misi\u00f3n sin darnos a nosotros mismos.<\/p>\n<p>El contacto personal con las personas a las que ayu\u00addamos es condici\u00f3n indispensable para que se cumpla la Misi\u00f3n de Las Conferencias. No podemos delegar nuestro servicio a otros, en todo caso podemos dejar que otros colaboren y aporten sus habilidades en la gran labor que tenemos entre manos y que se nos ha encomendado. Pero siempre con nuestra presencia, con el sello propio que debe dar a cada actividad y proyecto de Las Conferencias la presencia y el servicio de sus consocios.<\/p>\n<p>Para derramar sobre las personas a las que ayudamos el carisma vicentino propio de la Instituci\u00f3n, tendr\u00e1n que ser vicentinos los que est\u00e9n en la primera l\u00ednea de acci\u00f3n de su obra. \u201cNo es suficiente hacer el bien, hay que hacerlo bien\u201d dec\u00eda el Santo de la Caridad, san Vicente de Pa\u00fal, exigiendo no s\u00f3lo bue\u00adnas obras sino haci\u00e9ndonos reflexionar sobre el origen de esa ayuda, desde d\u00f3nde se realiza esta tarea hacia los dem\u00e1s, cu\u00e1l es el pilar que sostiene las obras que realizamos, sobre qu\u00e9 bases se soporta la Misi\u00f3n que deseamos cul\u00adminar.<\/p>\n<p>Por otro lado, el contacto personal habla de la cercan\u00eda en el trato, de la capacidad de empat\u00eda con la persona que sufre, de la \u201casistencia que honra\u201d como dec\u00eda Federico Ozanam, que \u201ctoma al hombre en su parte superior y se ocupa, en primer lugar, del alma\u201d, \u201cde todo lo que le puede hacer libre y grande\u201d; la que observa la reciprocidad \u201cpuesto que todo hombre que da una palabra, un parecer, un consuelo hoy, puede tener necesidad de eso mismo ma\u00f1ana\u201d (Ozanam \u2013 art\u00edculo \u201cLa asistencia que humilla y la que honra\u201d \u2013 L\u00b4Ere Nouvelle 1848). Y es aqu\u00ed el punto en donde surge una de las caracter\u00edsticas m\u00e1s especiales de la Misi\u00f3n de un consocio de la Sociedad de San Vicente de Pa\u00fal en referencia al \u201ccontacto personal\u201d, al darse uno mismo: la verdadera amistad con las personas a las que procura ayuda y que define perfectamente Concepci\u00f3n Arenal \u2013 \u201cHay un camino seguro para llegar a todo coraz\u00f3n que padece, y ese camino es el amor\u201d \u2013 (El Visitador del Pobre).<\/p>\n<p>En definitiva, la Sociedad de San Vicente de Pa\u00fal pide entonces a sus consocios, en su pertenencia a la misma y observando su Misi\u00f3n, que de\u00adsarrollen su fe en Comunidad, en Conferencia, y que en su expresi\u00f3n de amor al pr\u00f3jimo tengan especial deferencia por las personas m\u00e1s vulnera\u00adbles, realizando su servicio desde un compromiso personal que les lleve a la verdadera amistad y al encuentro con cada persona como individuo \u00fanico e hijo de Dios.<\/p>\n","protected":false},"excerpt":{"rendered":"<p>De acuerdo al concepto de Misi\u00f3n de cualquier instituci\u00f3n, \u00e9sta se puede definir como el motivo, pro\u00adp\u00f3sito, fin o raz\u00f3n de ser de la exis\u00adtencia de una organizaci\u00f3n. A este respecto, es importante conocer que &#8230; <a href=\"https:\/\/vincentians.com\/es\/la-mision-de-la-sociedad-de-san-vicente-de-paul\/\" class=\"more-link\">Read More<\/a><\/p>\n","protected":false},"author":4,"featured_media":133533,"comment_status":"open","ping_status":"closed","sticky":false,"template":"","format":"standard","meta":{"jetpack_post_was_ever_published":false,"_jetpack_newsletter_access":"","_jetpack_dont_email_post_to_subs":false,"_jetpack_newsletter_tier_id":0,"_jetpack_memberships_contains_paywalled_content":false,"_jetpack_memberships_contains_paid_content":false,"footnotes":"","jetpack_publicize_message":"","jetpack_publicize_feature_enabled":true,"jetpack_social_post_already_shared":true,"jetpack_social_options":{"image_generator_settings":{"template":"highway","default_image_id":0,"font":"","enabled":false},"version":2}},"categories":[250],"tags":[172],"class_list":["post-145196","post","type-post","status-publish","format-standard","has-post-thumbnail","hentry","category-sociedad-de-san-vicente-de-paul","tag-pobreza"],"yoast_head":"<!-- This site is optimized with the Yoast SEO plugin v26.3 - https:\/\/yoast.com\/wordpress\/plugins\/seo\/ -->\n<title>La Misi\u00f3n de la Sociedad de San Vicente de Pa\u00fal - Somos Vicencianos<\/title>\n<meta name=\"robots\" content=\"index, follow, max-snippet:-1, max-image-preview:large, max-video-preview:-1\" \/>\n<link rel=\"canonical\" href=\"https:\/\/vincentians.com\/es\/la-mision-de-la-sociedad-de-san-vicente-de-paul\/\" \/>\n<meta property=\"og:locale\" content=\"es_ES\" \/>\n<meta property=\"og:type\" content=\"article\" \/>\n<meta property=\"og:title\" content=\"La Misi\u00f3n de la Sociedad de San Vicente de Pa\u00fal - Somos Vicencianos\" \/>\n<meta property=\"og:description\" content=\"De acuerdo al concepto de Misi\u00f3n de cualquier instituci\u00f3n, \u00e9sta se puede definir como el motivo, pro\u00adp\u00f3sito, fin o raz\u00f3n de ser de la exis\u00adtencia de una organizaci\u00f3n. A este respecto, es importante conocer que ... Read More\" \/>\n<meta property=\"og:url\" content=\"https:\/\/vincentians.com\/es\/la-mision-de-la-sociedad-de-san-vicente-de-paul\/\" \/>\n<meta property=\"og:site_name\" content=\"Somos Vicencianos\" \/>\n<meta property=\"article:publisher\" content=\"https:\/\/www.facebook.com\/WeAreVincentians\/\" \/>\n<meta property=\"article:author\" content=\"https:\/\/www.facebook.com\/JavierChento\" \/>\n<meta property=\"article:published_time\" content=\"2015-05-18T02:43:34+00:00\" \/>\n<meta name=\"author\" content=\"Francisco Javier Fern\u00e1ndez Chento\" \/>\n<meta name=\"twitter:card\" content=\"summary_large_image\" \/>\n<meta name=\"twitter:creator\" content=\"@https:\/\/twitter.com\/javierchento\" \/>\n<meta name=\"twitter:site\" content=\"@WeVincentians\" \/>\n<meta name=\"twitter:label1\" content=\"Escrito por\" \/>\n\t<meta name=\"twitter:data1\" content=\"Francisco Javier Fern\u00e1ndez Chento\" \/>\n\t<meta name=\"twitter:label2\" content=\"Tiempo de lectura\" \/>\n\t<meta name=\"twitter:data2\" content=\"9 minutos\" \/>\n<script type=\"application\/ld+json\" class=\"yoast-schema-graph\">{\"@context\":\"https:\/\/schema.org\",\"@graph\":[{\"@type\":\"Article\",\"@id\":\"https:\/\/vincentians.com\/es\/la-mision-de-la-sociedad-de-san-vicente-de-paul\/#article\",\"isPartOf\":{\"@id\":\"https:\/\/vincentians.com\/es\/la-mision-de-la-sociedad-de-san-vicente-de-paul\/\"},\"author\":{\"name\":\"Francisco Javier Fern\u00e1ndez Chento\",\"@id\":\"http:\/\/vincentians.com\/es\/#\/schema\/person\/9623ef4d9aa3b2dfb8c061f1499288f2\"},\"headline\":\"La Misi\u00f3n de la Sociedad de San Vicente de Pa\u00fal\",\"datePublished\":\"2015-05-18T02:43:34+00:00\",\"mainEntityOfPage\":{\"@id\":\"https:\/\/vincentians.com\/es\/la-mision-de-la-sociedad-de-san-vicente-de-paul\/\"},\"wordCount\":1800,\"commentCount\":0,\"publisher\":{\"@id\":\"http:\/\/vincentians.com\/es\/#organization\"},\"image\":{\"@id\":\"https:\/\/vincentians.com\/es\/la-mision-de-la-sociedad-de-san-vicente-de-paul\/#primaryimage\"},\"thumbnailUrl\":\"\",\"keywords\":[\"Pobreza\"],\"articleSection\":[\"Sociedad de San Vicente de Pa\u00fal\"],\"inLanguage\":\"es\",\"potentialAction\":[{\"@type\":\"CommentAction\",\"name\":\"Comment\",\"target\":[\"https:\/\/vincentians.com\/es\/la-mision-de-la-sociedad-de-san-vicente-de-paul\/#respond\"]}]},{\"@type\":\"WebPage\",\"@id\":\"https:\/\/vincentians.com\/es\/la-mision-de-la-sociedad-de-san-vicente-de-paul\/\",\"url\":\"https:\/\/vincentians.com\/es\/la-mision-de-la-sociedad-de-san-vicente-de-paul\/\",\"name\":\"La Misi\u00f3n de la Sociedad de San Vicente de Pa\u00fal - Somos Vicencianos\",\"isPartOf\":{\"@id\":\"http:\/\/vincentians.com\/es\/#website\"},\"primaryImageOfPage\":{\"@id\":\"https:\/\/vincentians.com\/es\/la-mision-de-la-sociedad-de-san-vicente-de-paul\/#primaryimage\"},\"image\":{\"@id\":\"https:\/\/vincentians.com\/es\/la-mision-de-la-sociedad-de-san-vicente-de-paul\/#primaryimage\"},\"thumbnailUrl\":\"\",\"datePublished\":\"2015-05-18T02:43:34+00:00\",\"breadcrumb\":{\"@id\":\"https:\/\/vincentians.com\/es\/la-mision-de-la-sociedad-de-san-vicente-de-paul\/#breadcrumb\"},\"inLanguage\":\"es\",\"potentialAction\":[{\"@type\":\"ReadAction\",\"target\":[\"https:\/\/vincentians.com\/es\/la-mision-de-la-sociedad-de-san-vicente-de-paul\/\"]}]},{\"@type\":\"ImageObject\",\"inLanguage\":\"es\",\"@id\":\"https:\/\/vincentians.com\/es\/la-mision-de-la-sociedad-de-san-vicente-de-paul\/#primaryimage\",\"url\":\"\",\"contentUrl\":\"\"},{\"@type\":\"BreadcrumbList\",\"@id\":\"https:\/\/vincentians.com\/es\/la-mision-de-la-sociedad-de-san-vicente-de-paul\/#breadcrumb\",\"itemListElement\":[{\"@type\":\"ListItem\",\"position\":1,\"name\":\"Portada\",\"item\":\"http:\/\/vincentians.com\/es\/\"},{\"@type\":\"ListItem\",\"position\":2,\"name\":\"La Misi\u00f3n de la Sociedad de San Vicente de Pa\u00fal\"}]},{\"@type\":\"WebSite\",\"@id\":\"http:\/\/vincentians.com\/es\/#website\",\"url\":\"http:\/\/vincentians.com\/es\/\",\"name\":\"Somos Vicencianos\",\"description\":\"Know more to serve more\",\"publisher\":{\"@id\":\"http:\/\/vincentians.com\/es\/#organization\"},\"potentialAction\":[{\"@type\":\"SearchAction\",\"target\":{\"@type\":\"EntryPoint\",\"urlTemplate\":\"http:\/\/vincentians.com\/es\/?s={search_term_string}\"},\"query-input\":{\"@type\":\"PropertyValueSpecification\",\"valueRequired\":true,\"valueName\":\"search_term_string\"}}],\"inLanguage\":\"es\"},{\"@type\":\"Organization\",\"@id\":\"http:\/\/vincentians.com\/es\/#organization\",\"name\":\"The Vincentian Network\",\"url\":\"http:\/\/vincentians.com\/es\/\",\"logo\":{\"@type\":\"ImageObject\",\"inLanguage\":\"es\",\"@id\":\"http:\/\/vincentians.com\/es\/#\/schema\/logo\/image\/\",\"url\":\"https:\/\/i1.wp.com\/vincentians.com\/es\/wp-content\/uploads\/sites\/11\/2016\/06\/Vincentian-Network-logo-big.png?fit=778%2C778\",\"contentUrl\":\"https:\/\/i1.wp.com\/vincentians.com\/es\/wp-content\/uploads\/sites\/11\/2016\/06\/Vincentian-Network-logo-big.png?fit=778%2C778\",\"width\":778,\"height\":778,\"caption\":\"The Vincentian Network\"},\"image\":{\"@id\":\"http:\/\/vincentians.com\/es\/#\/schema\/logo\/image\/\"},\"sameAs\":[\"https:\/\/www.facebook.com\/WeAreVincentians\/\",\"https:\/\/x.com\/WeVincentians\"]},{\"@type\":\"Person\",\"@id\":\"http:\/\/vincentians.com\/es\/#\/schema\/person\/9623ef4d9aa3b2dfb8c061f1499288f2\",\"name\":\"Francisco Javier Fern\u00e1ndez Chento\",\"image\":{\"@type\":\"ImageObject\",\"inLanguage\":\"es\",\"@id\":\"http:\/\/vincentians.com\/es\/#\/schema\/person\/image\/\",\"url\":\"https:\/\/secure.gravatar.com\/avatar\/497d5cde87b4c3d097d0315953521681ba2cd523ee66e5077c3711f7021e65de?s=96&d=mm&r=g\",\"contentUrl\":\"https:\/\/secure.gravatar.com\/avatar\/497d5cde87b4c3d097d0315953521681ba2cd523ee66e5077c3711f7021e65de?s=96&d=mm&r=g\",\"caption\":\"Francisco Javier Fern\u00e1ndez Chento\"},\"description\":\"Director General y cofundador de La Red de Formaci\u00f3n Vicenciana. Javier es laico vicenciano, afiliado a la Congregaci\u00f3n de la Misi\u00f3n y miembro del Equipo de Misiones Populares de la provincia can\u00f3nica de Zaragoza (Espa\u00f1a) de la Congregaci\u00f3n de la Misi\u00f3n. Graduado en la Universidad Oberta de Catalunya con cuatro grados (Asistente de direcci\u00f3n, Gesti\u00f3n Administrativa, Recursos Humanos y Contabilidad Avanzada). Bil\u00edng\u00fce Espa\u00f1ol\/Ingl\u00e9s. gestiona y mantiene varias p\u00e1ginas web cristianas y vicencianas, incluida including La Red de Formaci\u00f3n Vicenciana, de la que es cofundador. Actualmente es responsable del \u00e1rea de Espa\u00f1ol de .famvin, la Red de Noticias de la Familia Vicenciana. Tambi\u00e9n es m\u00fasico cat\u00f3lico y ha editado varios discos. Es Director General y cofundador de Trovador, una reconocida compa\u00f1\u00eda discogr\u00e1fica critiana de Espa\u00f1a. Trabaja en las Tecnolog\u00edas de la Informaci\u00f3n, ofreciendo servicios de alojamiento, dise\u00f1o y mantenimiento Web, as\u00ed como asesoramiento, formaci\u00f3n y soluciones inform\u00e1ticas, gesti\u00f3n documental y digitalizaci\u00f3n de textos, edici\u00f3n y maquetaci\u00f3n de libros, revistas, flyers, etc.\",\"sameAs\":[\"http:\/\/chento.org\",\"https:\/\/www.facebook.com\/JavierChento\",\"https:\/\/x.com\/https:\/\/twitter.com\/javierchento\"],\"url\":\"https:\/\/vincentians.com\/es\/author\/chento\/\"}]}<\/script>\n<!-- \/ Yoast SEO plugin. -->","yoast_head_json":{"title":"La Misi\u00f3n de la Sociedad de San Vicente de Pa\u00fal - Somos Vicencianos","robots":{"index":"index","follow":"follow","max-snippet":"max-snippet:-1","max-image-preview":"max-image-preview:large","max-video-preview":"max-video-preview:-1"},"canonical":"https:\/\/vincentians.com\/es\/la-mision-de-la-sociedad-de-san-vicente-de-paul\/","og_locale":"es_ES","og_type":"article","og_title":"La Misi\u00f3n de la Sociedad de San Vicente de Pa\u00fal - Somos Vicencianos","og_description":"De acuerdo al concepto de Misi\u00f3n de cualquier instituci\u00f3n, \u00e9sta se puede definir como el motivo, pro\u00adp\u00f3sito, fin o raz\u00f3n de ser de la exis\u00adtencia de una organizaci\u00f3n. A este respecto, es importante conocer que ... Read More","og_url":"https:\/\/vincentians.com\/es\/la-mision-de-la-sociedad-de-san-vicente-de-paul\/","og_site_name":"Somos Vicencianos","article_publisher":"https:\/\/www.facebook.com\/WeAreVincentians\/","article_author":"https:\/\/www.facebook.com\/JavierChento","article_published_time":"2015-05-18T02:43:34+00:00","author":"Francisco Javier Fern\u00e1ndez Chento","twitter_card":"summary_large_image","twitter_creator":"@https:\/\/twitter.com\/javierchento","twitter_site":"@WeVincentians","twitter_misc":{"Escrito por":"Francisco Javier Fern\u00e1ndez Chento","Tiempo de lectura":"9 minutos"},"schema":{"@context":"https:\/\/schema.org","@graph":[{"@type":"Article","@id":"https:\/\/vincentians.com\/es\/la-mision-de-la-sociedad-de-san-vicente-de-paul\/#article","isPartOf":{"@id":"https:\/\/vincentians.com\/es\/la-mision-de-la-sociedad-de-san-vicente-de-paul\/"},"author":{"name":"Francisco Javier Fern\u00e1ndez Chento","@id":"http:\/\/vincentians.com\/es\/#\/schema\/person\/9623ef4d9aa3b2dfb8c061f1499288f2"},"headline":"La Misi\u00f3n de la Sociedad de San Vicente de Pa\u00fal","datePublished":"2015-05-18T02:43:34+00:00","mainEntityOfPage":{"@id":"https:\/\/vincentians.com\/es\/la-mision-de-la-sociedad-de-san-vicente-de-paul\/"},"wordCount":1800,"commentCount":0,"publisher":{"@id":"http:\/\/vincentians.com\/es\/#organization"},"image":{"@id":"https:\/\/vincentians.com\/es\/la-mision-de-la-sociedad-de-san-vicente-de-paul\/#primaryimage"},"thumbnailUrl":"","keywords":["Pobreza"],"articleSection":["Sociedad de San Vicente de Pa\u00fal"],"inLanguage":"es","potentialAction":[{"@type":"CommentAction","name":"Comment","target":["https:\/\/vincentians.com\/es\/la-mision-de-la-sociedad-de-san-vicente-de-paul\/#respond"]}]},{"@type":"WebPage","@id":"https:\/\/vincentians.com\/es\/la-mision-de-la-sociedad-de-san-vicente-de-paul\/","url":"https:\/\/vincentians.com\/es\/la-mision-de-la-sociedad-de-san-vicente-de-paul\/","name":"La Misi\u00f3n de la Sociedad de San Vicente de Pa\u00fal - Somos Vicencianos","isPartOf":{"@id":"http:\/\/vincentians.com\/es\/#website"},"primaryImageOfPage":{"@id":"https:\/\/vincentians.com\/es\/la-mision-de-la-sociedad-de-san-vicente-de-paul\/#primaryimage"},"image":{"@id":"https:\/\/vincentians.com\/es\/la-mision-de-la-sociedad-de-san-vicente-de-paul\/#primaryimage"},"thumbnailUrl":"","datePublished":"2015-05-18T02:43:34+00:00","breadcrumb":{"@id":"https:\/\/vincentians.com\/es\/la-mision-de-la-sociedad-de-san-vicente-de-paul\/#breadcrumb"},"inLanguage":"es","potentialAction":[{"@type":"ReadAction","target":["https:\/\/vincentians.com\/es\/la-mision-de-la-sociedad-de-san-vicente-de-paul\/"]}]},{"@type":"ImageObject","inLanguage":"es","@id":"https:\/\/vincentians.com\/es\/la-mision-de-la-sociedad-de-san-vicente-de-paul\/#primaryimage","url":"","contentUrl":""},{"@type":"BreadcrumbList","@id":"https:\/\/vincentians.com\/es\/la-mision-de-la-sociedad-de-san-vicente-de-paul\/#breadcrumb","itemListElement":[{"@type":"ListItem","position":1,"name":"Portada","item":"http:\/\/vincentians.com\/es\/"},{"@type":"ListItem","position":2,"name":"La Misi\u00f3n de la Sociedad de San Vicente de Pa\u00fal"}]},{"@type":"WebSite","@id":"http:\/\/vincentians.com\/es\/#website","url":"http:\/\/vincentians.com\/es\/","name":"Somos Vicencianos","description":"Know more to serve more","publisher":{"@id":"http:\/\/vincentians.com\/es\/#organization"},"potentialAction":[{"@type":"SearchAction","target":{"@type":"EntryPoint","urlTemplate":"http:\/\/vincentians.com\/es\/?s={search_term_string}"},"query-input":{"@type":"PropertyValueSpecification","valueRequired":true,"valueName":"search_term_string"}}],"inLanguage":"es"},{"@type":"Organization","@id":"http:\/\/vincentians.com\/es\/#organization","name":"The Vincentian Network","url":"http:\/\/vincentians.com\/es\/","logo":{"@type":"ImageObject","inLanguage":"es","@id":"http:\/\/vincentians.com\/es\/#\/schema\/logo\/image\/","url":"https:\/\/i1.wp.com\/vincentians.com\/es\/wp-content\/uploads\/sites\/11\/2016\/06\/Vincentian-Network-logo-big.png?fit=778%2C778","contentUrl":"https:\/\/i1.wp.com\/vincentians.com\/es\/wp-content\/uploads\/sites\/11\/2016\/06\/Vincentian-Network-logo-big.png?fit=778%2C778","width":778,"height":778,"caption":"The Vincentian Network"},"image":{"@id":"http:\/\/vincentians.com\/es\/#\/schema\/logo\/image\/"},"sameAs":["https:\/\/www.facebook.com\/WeAreVincentians\/","https:\/\/x.com\/WeVincentians"]},{"@type":"Person","@id":"http:\/\/vincentians.com\/es\/#\/schema\/person\/9623ef4d9aa3b2dfb8c061f1499288f2","name":"Francisco Javier Fern\u00e1ndez Chento","image":{"@type":"ImageObject","inLanguage":"es","@id":"http:\/\/vincentians.com\/es\/#\/schema\/person\/image\/","url":"https:\/\/secure.gravatar.com\/avatar\/497d5cde87b4c3d097d0315953521681ba2cd523ee66e5077c3711f7021e65de?s=96&d=mm&r=g","contentUrl":"https:\/\/secure.gravatar.com\/avatar\/497d5cde87b4c3d097d0315953521681ba2cd523ee66e5077c3711f7021e65de?s=96&d=mm&r=g","caption":"Francisco Javier Fern\u00e1ndez Chento"},"description":"Director General y cofundador de La Red de Formaci\u00f3n Vicenciana. Javier es laico vicenciano, afiliado a la Congregaci\u00f3n de la Misi\u00f3n y miembro del Equipo de Misiones Populares de la provincia can\u00f3nica de Zaragoza (Espa\u00f1a) de la Congregaci\u00f3n de la Misi\u00f3n. Graduado en la Universidad Oberta de Catalunya con cuatro grados (Asistente de direcci\u00f3n, Gesti\u00f3n Administrativa, Recursos Humanos y Contabilidad Avanzada). Bil\u00edng\u00fce Espa\u00f1ol\/Ingl\u00e9s. gestiona y mantiene varias p\u00e1ginas web cristianas y vicencianas, incluida including La Red de Formaci\u00f3n Vicenciana, de la que es cofundador. Actualmente es responsable del \u00e1rea de Espa\u00f1ol de .famvin, la Red de Noticias de la Familia Vicenciana. Tambi\u00e9n es m\u00fasico cat\u00f3lico y ha editado varios discos. Es Director General y cofundador de Trovador, una reconocida compa\u00f1\u00eda discogr\u00e1fica critiana de Espa\u00f1a. Trabaja en las Tecnolog\u00edas de la Informaci\u00f3n, ofreciendo servicios de alojamiento, dise\u00f1o y mantenimiento Web, as\u00ed como asesoramiento, formaci\u00f3n y soluciones inform\u00e1ticas, gesti\u00f3n documental y digitalizaci\u00f3n de textos, edici\u00f3n y maquetaci\u00f3n de libros, revistas, flyers, etc.","sameAs":["http:\/\/chento.org","https:\/\/www.facebook.com\/JavierChento","https:\/\/x.com\/https:\/\/twitter.com\/javierchento"],"url":"https:\/\/vincentians.com\/es\/author\/chento\/"}]}},"jetpack_publicize_connections":[],"jetpack_featured_media_url":"","jetpack_sharing_enabled":true,"jetpack_shortlink":"https:\/\/wp.me\/p7ETMF-BLS","jetpack-related-posts":[{"id":14548,"url":"https:\/\/vincentians.com\/es\/caridad-y-mision-en-la-experiencia-de-la-sociedad-de-san-vicente-de-paul-audio\/","url_meta":{"origin":145196,"position":0},"title":"Caridad y Misi\u00f3n en la experiencia de la Sociedad de San Vicente de Pa\u00fal (audio)","author":"Francisco Javier Fern\u00e1ndez Chento","date":"11\/09\/2023","format":false,"excerpt":"Presentan el panel: Mar\u00eda del Carmen Buitr\u00f3n Gerner, presidenta de SSVP Espa\u00f1a y Mar\u00eda Luisa T\u00e9llez, directora del Centro de Estudios y Formaci\u00f3n Ozanam. Presentan el pasado, presente y futuro de la Sociedad de San Vicente de Pa\u00fal. La Sociedad de San Vicente de Pa\u00fal es una asociaci\u00f3n cat\u00f3lica, internacional,\u2026","rel":"","context":"En \u00abFormaci\u00f3n Vicenciana\u00bb","block_context":{"text":"Formaci\u00f3n Vicenciana","link":"https:\/\/vincentians.com\/es\/category\/formacion-vicenciana\/"},"img":{"alt_text":"","src":"https:\/\/i0.wp.com\/vincentians.com\/es\/wp-content\/uploads\/sites\/11\/2013\/04\/f-8-scaled.jpg?fit=1200%2C570&ssl=1&resize=350%2C200","width":350,"height":200,"srcset":"https:\/\/i0.wp.com\/vincentians.com\/es\/wp-content\/uploads\/sites\/11\/2013\/04\/f-8-scaled.jpg?fit=1200%2C570&ssl=1&resize=350%2C200 1x, https:\/\/i0.wp.com\/vincentians.com\/es\/wp-content\/uploads\/sites\/11\/2013\/04\/f-8-scaled.jpg?fit=1200%2C570&ssl=1&resize=525%2C300 1.5x, https:\/\/i0.wp.com\/vincentians.com\/es\/wp-content\/uploads\/sites\/11\/2013\/04\/f-8-scaled.jpg?fit=1200%2C570&ssl=1&resize=700%2C400 2x, https:\/\/i0.wp.com\/vincentians.com\/es\/wp-content\/uploads\/sites\/11\/2013\/04\/f-8-scaled.jpg?fit=1200%2C570&ssl=1&resize=1050%2C600 3x"},"classes":[]},{"id":130435,"url":"https:\/\/vincentians.com\/es\/las-viejas-caridades-vicencianas-y-las-modernas-conferencias-de-san-vicente-de-paul\/","url_meta":{"origin":145196,"position":1},"title":"Las viejas \u00abCaridades\u00bb y las modernas \u00abConferencias\u00bb","author":"Francisco Javier Fern\u00e1ndez Chento","date":"08\/05\/2014","format":false,"excerpt":"La cuna de las \"Caridades\" No muy lejos de Li\u00f3n, en las rientes y f\u00e9rtiles m\u00e1rgenes del Chalaronne, hay una peque\u00f1a poblaci\u00f3n, denominada Chatini les-Dombes, que en el a\u00f1o de gracia de 1617 acaba de adquirir en su nuevo y joven p\u00e1rroco, un gran tesoro. Tiene 36 a\u00f1os escasos. Llamase\u2026","rel":"","context":"En \u00abHistoria de la Sociedad de san Vicente de Pa\u00fal\u00bb","block_context":{"text":"Historia de la Sociedad de san Vicente de Pa\u00fal","link":"https:\/\/vincentians.com\/es\/category\/historia-de-la-familia-vicenciana\/historia-de-la-sociedad-de-san-vicente-de-paul\/"},"img":{"alt_text":"Retrato de Federico Ozanam en 1852, copia en miniatura del retrato hecho por Janmot Louis (1814-1892), hecha probablemente por el propio pintor.","src":"https:\/\/i0.wp.com\/vicencianos.org\/wp-content\/2014\/01\/Frederic_Ozanam.jpg?resize=350%2C200","width":350,"height":200},"classes":[]},{"id":119357,"url":"https:\/\/vincentians.com\/es\/vicente-de-paul-carta-1115-la-senora-de-villeneuve-a-san-vicente\/","url_meta":{"origin":145196,"position":2},"title":"Vicente de Pa\u00fal, Carta 1115: La Se\u00f1ora De Villeneuve A San Vicente","author":"Francisco Javier Fern\u00e1ndez Chento","date":"11\/04\/2013","format":false,"excerpt":"\u00a1Viva Jes\u00fas Crucificado! Reverendo Padre: Su reverencia sabe muy bien que, conociendo sus grandes y necesarias ocupaciones no recurro a usted m\u00e1s que en caso extremo para aliviarme o aconsejarme en mis negocios que conciernen a la gloria de Dios en esta casa; pero est\u00e1 tan bien todo, que es\u2026","rel":"","context":"En \u00abEscritos de Vicente de Pa\u00fal\u00bb","block_context":{"text":"Escritos de Vicente de Pa\u00fal","link":"https:\/\/vincentians.com\/es\/category\/escritos\/escritos-de-vicente-de-paul\/"},"img":{"alt_text":"","src":"https:\/\/i0.wp.com\/vincentians.com\/es\/wp-content\/uploads\/sites\/11\/2016\/07\/escritos-vicente-de-paul.jpg?fit=1200%2C630&ssl=1&resize=350%2C200","width":350,"height":200,"srcset":"https:\/\/i0.wp.com\/vincentians.com\/es\/wp-content\/uploads\/sites\/11\/2016\/07\/escritos-vicente-de-paul.jpg?fit=1200%2C630&ssl=1&resize=350%2C200 1x, https:\/\/i0.wp.com\/vincentians.com\/es\/wp-content\/uploads\/sites\/11\/2016\/07\/escritos-vicente-de-paul.jpg?fit=1200%2C630&ssl=1&resize=525%2C300 1.5x, https:\/\/i0.wp.com\/vincentians.com\/es\/wp-content\/uploads\/sites\/11\/2016\/07\/escritos-vicente-de-paul.jpg?fit=1200%2C630&ssl=1&resize=700%2C400 2x, https:\/\/i0.wp.com\/vincentians.com\/es\/wp-content\/uploads\/sites\/11\/2016\/07\/escritos-vicente-de-paul.jpg?fit=1200%2C630&ssl=1&resize=1050%2C600 3x"},"classes":[]},{"id":117480,"url":"https:\/\/vincentians.com\/es\/vicente-de-paul-carta-1059-la-senora-de-villeneuve-a-san-vicente\/","url_meta":{"origin":145196,"position":3},"title":"Vicente de Pa\u00fal, Carta 1059: La Se\u00f1ora De Villeneuve A San Vicente","author":"Francisco Javier Fern\u00e1ndez Chento","date":"22\/01\/2013","format":false,"excerpt":"\u00a1Viva Jes\u00fas Crucificado! Reverendo Padre: \u00bfHa resuelto ante Dios dejar perecer a su obra por la indignidad de la que se encarga de ella? Si Dios se lo inspira y lo compromete en esto, quiero alegrarme con usted. Desde que su bondad me hizo la gracia de comenzarla, hice esta\u2026","rel":"","context":"En \u00abEscritos de Vicente de Pa\u00fal\u00bb","block_context":{"text":"Escritos de Vicente de Pa\u00fal","link":"https:\/\/vincentians.com\/es\/category\/escritos\/escritos-de-vicente-de-paul\/"},"img":{"alt_text":"","src":"https:\/\/i0.wp.com\/vincentians.com\/es\/wp-content\/uploads\/sites\/11\/2016\/07\/escritos-vicente-de-paul.jpg?fit=1200%2C630&ssl=1&resize=350%2C200","width":350,"height":200,"srcset":"https:\/\/i0.wp.com\/vincentians.com\/es\/wp-content\/uploads\/sites\/11\/2016\/07\/escritos-vicente-de-paul.jpg?fit=1200%2C630&ssl=1&resize=350%2C200 1x, https:\/\/i0.wp.com\/vincentians.com\/es\/wp-content\/uploads\/sites\/11\/2016\/07\/escritos-vicente-de-paul.jpg?fit=1200%2C630&ssl=1&resize=525%2C300 1.5x, https:\/\/i0.wp.com\/vincentians.com\/es\/wp-content\/uploads\/sites\/11\/2016\/07\/escritos-vicente-de-paul.jpg?fit=1200%2C630&ssl=1&resize=700%2C400 2x, https:\/\/i0.wp.com\/vincentians.com\/es\/wp-content\/uploads\/sites\/11\/2016\/07\/escritos-vicente-de-paul.jpg?fit=1200%2C630&ssl=1&resize=1050%2C600 3x"},"classes":[]},{"id":131217,"url":"https:\/\/vincentians.com\/es\/las-conferencias-de-san-vicente-de-paul-cumplen-un-siglo-de-existencia-en-espana-1849-1949\/","url_meta":{"origin":145196,"position":4},"title":"Las Conferencias de San Vicente de Pa\u00fal cumplen un siglo de existencia en Espa\u00f1a 1849-1949","author":"Francisco Javier Fern\u00e1ndez Chento","date":"30\/08\/2014","format":false,"excerpt":"El d\u00eda 11 de noviembre se cumplieron los c\u00eden a\u00f1os del establecimiento de las \"Conferencias de San Vicente de Pa\u00fal\" en Espa\u00f1a. Con este motivo, en la Bas\u00edlica de Santa Mar\u00eda de los Reyes, en Barcelona, celebr\u00f3se una solemne Misa de Comuni\u00f3n general, en la que ofici\u00f3 el Prelado de\u2026","rel":"","context":"En \u00abHistoria de la Sociedad de san Vicente de Pa\u00fal\u00bb","block_context":{"text":"Historia de la Sociedad de san Vicente de Pa\u00fal","link":"https:\/\/vincentians.com\/es\/category\/historia-de-la-familia-vicenciana\/historia-de-la-sociedad-de-san-vicente-de-paul\/"},"img":{"alt_text":"","src":"https:\/\/i0.wp.com\/vincentians.com\/es\/wp-content\/uploads\/sites\/11\/2016\/07\/escritos-vicente-de-paul.jpg?fit=1200%2C630&ssl=1&resize=350%2C200","width":350,"height":200,"srcset":"https:\/\/i0.wp.com\/vincentians.com\/es\/wp-content\/uploads\/sites\/11\/2016\/07\/escritos-vicente-de-paul.jpg?fit=1200%2C630&ssl=1&resize=350%2C200 1x, https:\/\/i0.wp.com\/vincentians.com\/es\/wp-content\/uploads\/sites\/11\/2016\/07\/escritos-vicente-de-paul.jpg?fit=1200%2C630&ssl=1&resize=525%2C300 1.5x, https:\/\/i0.wp.com\/vincentians.com\/es\/wp-content\/uploads\/sites\/11\/2016\/07\/escritos-vicente-de-paul.jpg?fit=1200%2C630&ssl=1&resize=700%2C400 2x, https:\/\/i0.wp.com\/vincentians.com\/es\/wp-content\/uploads\/sites\/11\/2016\/07\/escritos-vicente-de-paul.jpg?fit=1200%2C630&ssl=1&resize=1050%2C600 3x"},"classes":[]},{"id":136100,"url":"https:\/\/vincentians.com\/es\/actualidad-del-carisma-vicenciano-en-nuestro-tiempo\/","url_meta":{"origin":145196,"position":5},"title":"Actualidad del carisma vicenciano en nuestro tiempo","author":"Francisco Javier Fern\u00e1ndez Chento","date":"17\/01\/2015","format":false,"excerpt":"Introducci\u00f3n Pr\u00f3ximos a la fiesta de la Fundaci\u00f3n de la Congregaci\u00f3n de la Misi\u00f3n o Misioneros Pa\u00fales, que tuvo lugar el d\u00eda 25 de Enero de 1617, d\u00eda de la Conversi\u00f3n de San Pablo; teniendo en cuenta que estamos celebrando en la Iglesia el a\u00f1o dedicado a la vida consagrada,\u2026","rel":"","context":"En \u00abFormaci\u00f3n Vicenciana\u00bb","block_context":{"text":"Formaci\u00f3n Vicenciana","link":"https:\/\/vincentians.com\/es\/category\/formacion-vicenciana\/"},"img":{"alt_text":"sataluisaysanvicente","src":"https:\/\/i0.wp.com\/vicencianos.org\/wp-content\/2015\/01\/sataluisaysanvicente-300x169.jpg?resize=350%2C200","width":350,"height":200},"classes":[]}],"_links":{"self":[{"href":"https:\/\/vincentians.com\/es\/wp-json\/wp\/v2\/posts\/145196","targetHints":{"allow":["GET"]}}],"collection":[{"href":"https:\/\/vincentians.com\/es\/wp-json\/wp\/v2\/posts"}],"about":[{"href":"https:\/\/vincentians.com\/es\/wp-json\/wp\/v2\/types\/post"}],"author":[{"embeddable":true,"href":"https:\/\/vincentians.com\/es\/wp-json\/wp\/v2\/users\/4"}],"replies":[{"embeddable":true,"href":"https:\/\/vincentians.com\/es\/wp-json\/wp\/v2\/comments?post=145196"}],"version-history":[{"count":0,"href":"https:\/\/vincentians.com\/es\/wp-json\/wp\/v2\/posts\/145196\/revisions"}],"wp:featuredmedia":[{"embeddable":true,"href":"https:\/\/vincentians.com\/es\/wp-json\/"}],"wp:attachment":[{"href":"https:\/\/vincentians.com\/es\/wp-json\/wp\/v2\/media?parent=145196"}],"wp:term":[{"taxonomy":"category","embeddable":true,"href":"https:\/\/vincentians.com\/es\/wp-json\/wp\/v2\/categories?post=145196"},{"taxonomy":"post_tag","embeddable":true,"href":"https:\/\/vincentians.com\/es\/wp-json\/wp\/v2\/tags?post=145196"}],"curies":[{"name":"wp","href":"https:\/\/api.w.org\/{rel}","templated":true}]}}