{"id":14515,"date":"2015-02-02T09:30:46","date_gmt":"2015-02-02T08:30:46","guid":{"rendered":"http:\/\/somos.vicencianos.org\/blog\/?p=14515"},"modified":"2015-02-02T09:30:46","modified_gmt":"2015-02-02T08:30:46","slug":"la-familia-vicenciana-en-el-mundo-una-familia-misionera-situacion-y-retos","status":"publish","type":"post","link":"https:\/\/vincentians.com\/es\/la-familia-vicenciana-en-el-mundo-una-familia-misionera-situacion-y-retos\/","title":{"rendered":"La Familia Vicenciana en el mundo, una familia misionera: situaci\u00f3n y retos"},"content":{"rendered":"<h2><strong>1. La Familia Vicenciana en el mundo de hoy: algunas situaciones y experiencias<\/strong><\/h2>\n<p>En el a\u00f1o 2006 estuve muy ocupado, visitando a varios pa\u00edses donde est\u00e1 la Familia Vicenciana. Al empezar esta conferencia quiero compartir con ustedes la experiencia, la felicidad, y sobre todo la inspiraci\u00f3n que tom\u00e9 de estos viajes.<\/p>\n<h3><strong><a href=\"https:\/\/i0.wp.com\/vicencianos.org\/vicencianos\/files\/2012\/05\/fv-001.jpg\"><img data-recalc-dims=\"1\" loading=\"lazy\" decoding=\"async\" class=\"alignright size-medium wp-image-14517\" src=\"https:\/\/i0.wp.com\/vicencianos.org\/vicencianos\/files\/2012\/05\/fv-001-300x226.jpg?resize=300%2C226\" alt=\"\" width=\"300\" height=\"226\" \/><\/a>Brasil (Marzo 2006)<\/strong><\/h3>\n<p>En Fortaleza, al norte del pa\u00eds, la Familia Vicenciana estableci\u00f3 en 2001 la \u00abCasa San Juan Gabriel Perboyre\u00bb para los pobres transe\u00fantes que vienen a la ciudad por motivos m\u00e9dicos y tambi\u00e9n por buscar empleo. Colaboran en este proyecto las varias ramas de la FV.<\/p>\n<p>En Curitiba, la FV se re\u00fane cada mes para un encuentro de formaci\u00f3n. El tema sugerido por la FV Internacional se desarrolla bien en los meses del a\u00f1o.<\/p>\n<p>En todo el pa\u00eds, se ve claramente la organizaci\u00f3n estupenda de la FV, a nivel nacional, regional, y local. Con la reuni\u00f3n anual de la FV, se promueven la formaci\u00f3n de l\u00edderes y la coordinaci\u00f3n de proyectos.<\/p>\n<h3><strong>Nigeria (Abril 2006):<\/strong><\/h3>\n<p>La FV es relativamente nueva. Los mayores son los de la SSVP. La AIC est\u00e1 para establecer. Estuve en el encuentro de la FV en la di\u00f3cesis de Warri (que es cerca de Port Harcourt donde ocurri\u00f3 la \u00faltima noticia de reh\u00e9n).<\/p>\n<p>La JMV es recientemente fundada, pero ya tiene m\u00e1s de 70 miembros. En su primer encuentro en la ciudad de Ikot Ekpene, estuvieron grupos de Lagos, la capital de Nigeria, Enugu, Calabar y Warri.<\/p>\n<p>Los j\u00f3venes trataban de asuntos diversos, como por ejemplo, la relaci\u00f3n entre la JMV y las comunidades cristianas de base, y las maneras c\u00f3mo establecer proyectos de micro-cr\u00e9dito. Pero de lo que se preocupaban mucho era de c\u00f3mo ser protagonistas del desarrollo del pa\u00eds y c\u00f3mo combatir los abusos del gobierno y de los militares.<\/p>\n<p>Ayud\u00e1ndoles en su formaci\u00f3n est\u00e1n los padres vicentinos y las Hijas de la Caridad.<\/p>\n<h3><strong>Camboya (Mayo 2006)<\/strong><\/h3>\n<p>Los miembros de la SSVP que son estudiantes j\u00f3venes trabajan con las Hijas, el Se\u00f1or Obispo de Phnom Penh, y algunos padres de otra congregaci\u00f3n. Por medio del soporte que viene de la SSVP de Singapore y de Hongkong, establecieron una escuela para ni\u00f1os, algunos ayudan a los pobres que sobreviven rebuscando en las basuras de la capital.<\/p>\n<p>Algunos de estos j\u00f3venes viajan m\u00e1s de una hora en sus bicicletas para ense\u00f1ar catequesis a los ni\u00f1os.<\/p>\n<h3><strong><a href=\"https:\/\/i0.wp.com\/vicencianos.org\/vicencianos\/files\/2012\/05\/fv-003.jpg\"><img data-recalc-dims=\"1\" loading=\"lazy\" decoding=\"async\" class=\"alignright size-medium wp-image-14518\" src=\"https:\/\/i0.wp.com\/vicencianos.org\/vicencianos\/files\/2012\/05\/fv-003-300x224.jpg?resize=300%2C224\" alt=\"\" width=\"300\" height=\"224\" \/><\/a>Irlanda (Junio 2006)<\/strong><\/h3>\n<p>Las Hijas de la Caridad, los miembros de la SSVP, y algunos Padres colaboran en un centro que se llama, Vincentian Partnership for Justice (Asociaci\u00f3n\/Alianza Vicenciana para la Justicia). Este centro, bajo la direcci\u00f3n de una Hija, se preocupa de empoderar a los pobres en asuntos pol\u00edticos, les ayudan en poner en frente de la legislaci\u00f3n los intereses de los pobres, haciendo encuestas entre estos de cosas que les pertenecen, etc. Usando los enlaces con algunos miembros del parlamento, la FV en este centro asegura que las leyes establecidas tengan en cuenta la situaci\u00f3n de los pobres.<\/p>\n<h3><strong>Ucrania (Septiembre 2006)<\/strong><\/h3>\n<p>En dos lugares, colaboran los Padres, las Hijas, las de AIC, y otros grupos de la FV. En Storozynice, por ejemplo, tienen un comedor en el cual algunas de la AIC preparan la comida para los abuelos que no pueden salir de su casa , las Hijas y Voluntarias ofrecen ense\u00f1anza a los ni\u00f1os, etc. En un caso, lograron de construir un puente para una aldea, y con la ayuda de algunas de AIC Europa proporcionaron zapatos a los estudiantes pobres.<\/p>\n<p>En Kharkhiv, con la asistencia de De Paul Trust (una fundaci\u00f3n vicenciana de Londres), establecieron un comedor ambulante para la gente en la calle, muchos de ellos j\u00f3venes, y escuela de p\u00e1rvulos. Con ellos trabaja una vez a la semana una hermana de otra congregaci\u00f3n.<\/p>\n<p>Estos son cinc o pa\u00edses que he tenido la fortuna de visitar el a\u00f1o pasado, 2006. Estoy seguro que en muchas otras naciones y continentes, trabajan y sirven los miembros de nuestra familia. Ciertamente, aqu\u00ed en Espa\u00f1a, donde las Hijas de la Caridad ya se reconocieron recientemente por sus obras sociales por medio del Premio Pr\u00edncipe de Asturias, y tambi\u00e9n en las diversas partes de Am\u00e9rica Latina donde la FV ya est\u00e1 bien organizada.<\/p>\n<p>Ahora, podemos reflexionar un poco sobre estos acontecimientos. Por mi parte, quiero preguntar, \u00bfqu\u00e9 cosa nos revelan estos datos sobre nuestra Familia, y qu\u00e9 significaci\u00f3n tienen estos?<\/p>\n<h2><strong>2. Datos significativos sobre la Familia vicenciana<\/strong><\/h2>\n<h3><em>2.1 La FV es verdaderamente misionera, pues vive y est\u00e1 en todo el mundo: es <\/em><em>numerosa; incluye toda clase de personas<\/em><\/h3>\n<p>En primer lugar, no tenemos nada que temer. En muchas partes del mundo, hay gente que verdaderamente cree en el carisma vicenciano y tiene en su coraz\u00f3n la misi\u00f3n de Cristo que San Vicente mismo tom\u00f3. Se ve en las cifras que nuestra Familia va aumentando poco a poco. Consideren los datos:<\/p>\n<p style=\"padding-left: 30px\">Pa\u00edses: 140+<\/p>\n<p style=\"padding-left: 30px\">Continentes: Europa, \u00c1frica, Am\u00e9rica del Norte, Am\u00e9rica Latina, Australia y Asia<\/p>\n<p>Adem\u00e1s, la FV es numerosa: los grupos\/asociaciones\/institutos son 305 (2006), con mas de un mill\u00f3n de miembros. Por ejemplo, entre las ramas que se<\/p>\n<p>re\u00fanen cada a\u00f1o, las cifras siguientes presentan una mirada muy agradable:<\/p>\n<ul>\n<li>AIC (1617): 250,000+<\/li>\n<li>CM (1625): 3,400+<\/li>\n<li>HHCC (1633):21,000+<\/li>\n<li>SSVP (1833): 1,000,000+<\/li>\n<li>RSV (1845): 236<\/li>\n<li>JMV (1847): 123,000+<\/li>\n<li>AMM (1909): 1,000,000+<\/li>\n<li>MISEVI (1999): 30+<\/li>\n<\/ul>\n<p>Al mismo tiempo, podemos decir que la FV incluye toda clase de personas: varones y mujeres, j\u00f3venes y adultos, religiosos (consagrados) y laicos, cat\u00f3licos y no-cat\u00f3licos, etc. Es decir, se representan los varios sectores de la iglesia y de la sociedad en nuestra Familia. El carisma de S. Vicente no es una cosa ajena a las experiencias de nuestros contempor\u00e1neos. Y lo reciben muchos como una verdadera familia.<\/p>\n<p>Adem\u00e1s de inspirarnos y darnos confianza en el futuro de la FV, estos datos tambi\u00e9n implican el potencial enorme que tiene la FV para el trabajo con los pobres, potencial que hace nada menos que favorecer a los pobres.<\/p>\n<h3><em>2.2 Est\u00e1 animada del carisma de S. Vicente de Pa\u00fal<\/em><\/h3>\n<p><a href=\"https:\/\/i0.wp.com\/vicencianos.org\/vicencianos\/files\/2012\/05\/fv-005.jpg\"><img data-recalc-dims=\"1\" loading=\"lazy\" decoding=\"async\" class=\"alignright size-medium wp-image-14519\" src=\"https:\/\/i0.wp.com\/vicencianos.org\/vicencianos\/files\/2012\/05\/fv-005-217x300.jpg?resize=217%2C300\" alt=\"\" width=\"217\" height=\"300\" \/><\/a>La segunda cosa que los datos nos presentan es que todas estas asociaciones est\u00e1n animadas del carisma de San Vicente de Pa\u00fal, un carisma misionero. Nuestra misi\u00f3n es llevar el evangelio a todos, especialmente a los pobres. Como ya sabemos, el carisma vicenciano se manifiesta principalmente en tres maneras:<\/p>\n<ul>\n<li>Amor y servicio a los pobres: \u00abnuestra herencia\u00bb desde SV. \u00abDios nos llama a servir y quiere que lo hagamos unidos.\u00bb<\/li>\n<li>Espiritualidad vicentina, estilo de vida, en el cual se vive la sencillez y la humildad como actitudes fundamentales de vida y servicio para con el pobre.<\/li>\n<li>Metodolog\u00eda pastoral: proyectos directos, concretos, creativos e inventivos.<\/li>\n<\/ul>\n<p>Este carisma se encarna en varias situaciones, en nuevos lugares. En verdad, podemos decir que nuestro carisma es universal. Tiene una pertenencia concreta en la vida de los pobres y al mismo tiempo la cualidad de sobrepasar las limitaciones de una situaci\u00f3n concreta y particular. Cada vez m\u00e1s en estas visitas, me siento feliz de pertenecer a nuestra Familia.<\/p>\n<p>Asimismo, podemos afirmar que el carisma vicenciano nos hace como una familia verdaderamente misionera. No nos preocupamos de nosotros mismos, ni de nuestros intereses, sino de ellos de los m\u00e1s vulnerables, m\u00e1s oprimidos, m\u00e1s necesitados. Participamos en la misi\u00f3n que Jesucristo mismo recibi\u00f3 de su Padre eterno. Los proyectos mencionados tienen por finalidad el llevar a cabo esta misma misi\u00f3n.<\/p>\n<h3><em>2.3 Existe una red de colaboraci\u00f3n y coordinaci\u00f3n entre varios grupos en la Familia y<\/em> <em>con otros grupos en la iglesia y la sociedad en general, con los cuales compartimos <\/em><em>nuestra misi\u00f3n.<\/em><\/h3>\n<p>Colaboraci\u00f3n a varios niveles: local, nacional, regional, internacional, y de cada rama. As\u00ed tambi\u00e9n en los grupos coordinadores de la FV. El ejemplo de Brasil en este caso nos inspira.<\/p>\n<p>La colaboraci\u00f3n existe en proyectos concretos para con los pobres: proyectos tradicionales y no-tradicionales. S\u00f3lo mencionamos dos proyectos internacionales que ahora algunas ramas de la FV est\u00e1n soportando: DREAM (SIDA), y \u00abThink Tank\u00bb Cambio Sist\u00e9mico. En unos pocos meses nos van a hablar m\u00e1s de estos dos proyectos de los cuales se trat\u00f3 en el encuentro que tuvimos en febrero, de los responsables internacionales de algunas ramas de la FV.<\/p>\n<p style=\"text-align: center\"><a href=\"https:\/\/i0.wp.com\/vicencianos.org\/vicencianos\/files\/2012\/05\/fv-002.jpg\"><img data-recalc-dims=\"1\" loading=\"lazy\" decoding=\"async\" class=\"size-large wp-image-14520 alignnone\" src=\"https:\/\/i0.wp.com\/vicencianos.org\/vicencianos\/files\/2012\/05\/fv-002-1024x527.jpg?resize=506%2C260\" alt=\"\" width=\"506\" height=\"260\" \/><\/a><\/p>\n<p>En muchas partes del mundo, hay sesiones de formaci\u00f3n para todos, laicos y religiosos, j\u00f3venes y adultos. El encuentro de Venezuela en octubre pasado, programado por CLAPVI y JMV, es un ejemplo particular de estas sesiones.<\/p>\n<p>Esta conciencia de colabora ci\u00f3n se basa, muy claramente, en la convicci\u00f3n de que no estamos solos; otras ramas en nuestra familia nos pueden ayudar. M\u00e1s a\u00fan, existen otros grupos que quieren y trabajan para los pobres: grupos dentro de la Iglesia &#8211; muchas congregaciones religiosas, institutos de vida apost\u00f3lica, asociaciones laicales, etc.; tambi\u00e9n grupos civiles, nacionales e internacionales, Organizaciones No Gubernamentales (ONGs), etc. La Organizaci\u00f3n de Naciones Unidas (ONU), por ejemplo, no solamente tiene varios organismos para los asuntos econ\u00f3micos y sociales, sino tambi\u00e9n el primer objetivo de desarrollo del Milenio la erradicaci\u00f3n de la pobreza extrema y hambre.<\/p>\n<p>Con estos grupos y asociaciones debemos colaborar, y as\u00ed aseguramos el mejor \u00e9xito de nuestros proyectos. Es importante subrayar el hecho de que los pobres son los que re\u00fanen grupos que en principio no tienen que ver unos con otros.<\/p>\n<h2><strong>3. Retos y desaf\u00edos para la Familia Vicenciana en el mundo de hoy<\/strong><\/h2>\n<h3>3.1 La Globalizaci\u00f3n y los pobres<\/h3>\n<p>No podemos negar que hoy d\u00eda vivimos en un mundo globalizado, en el cual estamos m\u00e1s y m\u00e1s cerca unos de otros. Como ya he dicho en Valencia, la imagen que persiste en este mundo de globalizaci\u00f3n es de una aldea global donde se encuentra todos los medios tecnol\u00f3gicos, el Internet o la Web, y donde, algunos dicen, no existe nada que el hombre globalizado no puede alcanzar y\/o superar. Como un fen\u00f3meno contempor\u00e1neo, la globalizaci\u00f3n ha producido un cierto n\u00famero de consecuencias, entre ellas, el sentido de una humanidad com\u00fan, la cercan\u00eda de las naciones, la pronta b\u00fasqueda de informaci\u00f3n, pero tambi\u00e9n la prioridad del mercado y sus valores, y la presi\u00f3n sobre instituciones fundamentales.<\/p>\n<p>Al frente de esta realidad, muchas veces los pobres son los que se desplazan y sus intereses los que se sacrifican a favor de los m\u00e1s potentes y de las naciones m\u00e1s desarrolladas. A mi parecer, hay varios retos que nos enfrentan como Familia Vicenciana.<\/p>\n<ul>\n<li>Tener siempre la situaci\u00f3n de los pobres como punto de vista en nuestros proyectos para con ellos. Esto no es f\u00e1cil especialmente si uno se confronta con presiones muy fuertes, multinacionales y burocr\u00e1ticas.<\/li>\n<li>La globalizaci\u00f3n ocasiona tambi\u00e9n otras formas de pobreza. Como Familia de San Vicente, nos apremia a buscar las causas verdaderas de esta pobreza. No basta continuar con nuestros servicios caritativos, sin despreciar estos, mas a\u00fan debemos estar prontos a analizar la situaci\u00f3n y tener la voz prof\u00e9tica de denunciar, si es necesario, las injusticias y opresiones bajo las cuales viven los pobres. Una pregunta que destaca: \u00bfcon todos los sucesos de globalizaci\u00f3n, por qu\u00e9 el nivel de pobreza mundial crece sin parar?<\/li>\n<li>Al desear embarcar lo grande y lo internacional, muchas veces la globalizaci\u00f3n no nos permite retener valores y expresiones propiamente culturales. Los v\u00ednculos sociales sufren como las relaciones familiares de modo que cu\u00e1nto m\u00e1s nos acercamos hacia otros de diferente cultura, tanto m\u00e1s nos alejamos de nuestra propia identidad cultural. El desaf\u00edo aqu\u00ed es el tratar de conservar lo bueno en la cultura de los pobres, al mismo tiempo rechazar toda clase de presi\u00f3n y amenaza pol\u00edtica.<\/li>\n<\/ul>\n<h3>3.2 Tendencia secularizante, filantrop\u00eda y la espiritualidad vicenciana<\/h3>\n<p>Vivimos en un mundo globalizado, s\u00ed, pero tambi\u00e9n, muchos a\u00f1aden, un mundo cada vez m\u00e1s secularizado o secularizante, que aparece m\u00e1s autosuficiente e independiente de la historia, valores de una human idad universal, y un mundo para el cual no hace falta un Dios. Pero, a pesar de esto, existe todav\u00eda en muchos el sentido de religiosidad, quiz\u00e1s expresada en una manera no-tradicional. Se expresa, por ejemplo, en la b\u00fasqueda del significado de la vida y de integraci\u00f3n personal. A mi modo de ver muchos quieren creer en un Dios, cualquiera que sea. Y este deseo es lo que debemos reconocer porque con esto nos ligamos a la humanidad entera.<\/p>\n<p>Al mismo tiempo, es verdad que el ego\u00edsmo reina en muchas partes de nuestra vida. Pero no cabe negar tambi\u00e9n el deseo en muchos de ayudar a los necesitados y a los pobres. Esta filantrop\u00eda ya se ve no solamente en personas particulares. Se ve tambi\u00e9n en fundaciones que favorecen el desarrollo de partes del mundo tercero. Para m\u00ed, es importante reconocer esta actitud, porque est\u00e1 en la base tambi\u00e9n de nuestro carisma.<\/p>\n<p>Sin embargo, es important\u00edsimo colocar bien el punto que distingue nuestro carisma y la filantrop\u00eda puramente humana. Para nosotros en la Familia de San Vicente, acercamos a los pobres no solamente para llevarles el evangelio de Jesucristo, sino tambi\u00e9n para descubrir en la vida y experiencia de los pobres la voluntad de Dios, el benepl\u00e1cito y providencia del Creador de todos nosotros. S\u00ed, nos sentimos mucho m\u00e1s satisfacci\u00f3n si hacemos algo para aliviar la situaci\u00f3n de pobreza y necesidad. Pero, para m\u00ed lo que dice San Vicente siempre es v\u00e1lido en nuestra relaci\u00f3n con los pobres, que son \u00abnuestros maestros.\u00bb No es por nada que Dios mismo escogi\u00f3 esta clase de vida cuando quer\u00eda, en Jesucristo, hacerse conocer muy profundamente en la experiencia humana.<\/p>\n<p>Siguiendo este punto, podemos pues expresar los siguientes retos:<\/p>\n<ul>\n<li>Reconocer la buena voluntad, la filantrop\u00eda, la religiosidad en nuestro mundo, y no solamente en los que pertenecen a nuestra iglesia, nuestra sociedad, nuestra cultura.<\/li>\n<li>Profundizar en nosotros el entendimiento de nuestro carisma, nuestra espiritualidad vicenciana, su base evang\u00e9lica y cristol\u00f3gica, y lo espec\u00edficamente vicenciano en la interpretaci\u00f3n de la misi\u00f3n cristiana hacia los pobres.<\/li>\n<li>Hacer conocer y compartir nuestro carisma con los que colaboran con nosotros o con los cuales colaboramos.<\/li>\n<\/ul>\n<h3>3.3 Individualismo y Colaboraci\u00f3n<\/h3>\n<p>Ciertamente, es mucho m\u00e1s f\u00e1cil trabajar solo o como una rama que trabajar en conjunto con otras ramas u otros grupos y asociaciones. Para muchos, este modo de trabajar evita muchos problemas estructurales, burocracia, y p\u00e9rdida de tiempo y recursos. En un mundo que valora m\u00e1s al individualismo, esto se puede entender muy bien.<\/p>\n<p>Sin embargo, si uno estudia bien lo que hizo San Vicente en su tiempo, no podemos negar el valor de colaboraci\u00f3n. Desde el inicio, es una estrategia vicentina: colaboraci\u00f3n entre los misioneros y los laicos, colaboraci\u00f3n entre los ricos y los pobres, entre los poderosos y los indigentes.<\/p>\n<p>La colaboraci\u00f3n seg\u00fan San Vicente est\u00e1 fundamentada en una visi\u00f3n de la Iglesia que considera todos, sacerdotes y laicos, como pueblo de Dios. Una eclesiolog\u00eda de comuni\u00f3n. Todos est\u00e1n llamados a continuar la misma misi\u00f3n de Jesucristo: la evangelizaci\u00f3n de los pobres.<\/p>\n<p>La Familia Vicentina sirve a los pobres de una manera organizada, en comunidad o equipo y en contacto directo con ellos. Uno de los deseos del P. General es la formaci\u00f3n mas intense de grupos coordinadores a nivel nacional de la FV.<\/p>\n<p>La colaboraci\u00f3n, tambi\u00e9n, es una exigencia de nuestro mundo y tiempo. La ONU considera la colaboraci\u00f3n como uno de los objetivos del nuevo milenio: el fomentar una asociaci\u00f3n mundial para el desarrollo.<\/p>\n<p>Los retos para la FV, en este punto, me parece son los siguientes:<\/p>\n<ul>\n<li>Fomentar este sentido de colaboraci\u00f3n y profundizar el fundamento de esta estrategia pastoral vicentina.<\/li>\n<li>Crear estructuras para la colaboraci\u00f3n, sea en proyectos para los pobres, sea en cursos de formaci\u00f3n, sea en encuentros regulares, sea en actividades de celebraciones y liturgias. Todas estas ayudan y promueven el carisma vicenciano para que tenga ra\u00edces profundas y para que crezca en otras partes del mundo.<\/li>\n<li>Especialmente, colaborar en buscar nuevos miembros para nuestra familia, trabajar con los j\u00f3venes y compartir con ellos nuestro carisma.<\/li>\n<\/ul>\n<h3><span style=\"text-decoration: underline\"><a href=\"https:\/\/i0.wp.com\/vicencianos.org\/vicencianos\/files\/2012\/05\/fv-004.jpg\"><img data-recalc-dims=\"1\" loading=\"lazy\" decoding=\"async\" class=\"alignright size-medium wp-image-14521\" src=\"https:\/\/i0.wp.com\/vicencianos.org\/vicencianos\/files\/2012\/05\/fv-004-202x300.jpg?resize=202%2C300\" alt=\"\" width=\"202\" height=\"300\" \/><\/a><\/span>3.4 Medios de informaci\u00f3n \/ comunicaci\u00f3n y animaci\u00f3n<\/h3>\n<p>Vivimos en un mundo de comunicaci\u00f3n r\u00e1pida y efectiva. En este tiempo tenemos muchos recursos . Pero el m\u00e1s fuerte de estos recursos es la posibilidad de comunicar con otros muy r\u00e1pidamente e incluso muy efectivamente. Uno puede pensar qu\u00e9 hubiera hecho San Vicente si tuviera estos recursos de comunicaci\u00f3n tan pronta e instant\u00e1nea!<\/p>\n<p>La red de comunicaci\u00f3n favorece nuestra solidaridad, formaci\u00f3n y servicio a los m\u00e1s vulnerables. Al mismo tiempo, la comunicaci\u00f3n nos hace dar cuenta de las nuevas situaciones de pobreza en nuestro tiempo.<\/p>\n<p>En este contexto, los desaf\u00edos son evidentes:<\/p>\n<ul>\n<li>Utilizar los medios de comunicaci\u00f3n para conocer a otras ramas de la FV. Asimismo para difundir, compartir nuestras experiencias con los pobres. De este modo nos animamos unos a otros y damos testimonio de la relevancia de nuestro carisma.<\/li>\n<li>Utilizar estos medios para colaborar mucho m\u00e1s, informar a otros sobre programas posibles, compartir programas de formaci\u00f3n, etc.<\/li>\n<li>Sobre todo, utilizar estos medios para que no se olviden las agendas de los pobres.<\/li>\n<\/ul>\n<h2><strong>Conclusi\u00f3n<\/strong><\/h2>\n<p>Al concluir esta conferencia, me parece que no hay nada m\u00e1s que nos puede inspirar que las palabras mismas de San Vicente. Estas nos recuerdan lo esencial en nuestro carisma. Nos dirige estas palabras como una Familia.<\/p>\n<p>\u00abDios ama a los pobres, y por consiguiente ama a quienes aman a los pobres&#8230; Pues bien, esta (familia) procura dedicarse con afecto a servir a los pobres, que son los preferidos de Dios&#8230; As\u00ed, pues, hermanos m\u00edos, vayamos y ocup\u00e9monos con un amor nuevo en el servicio de los pobres, y busquemos incluso a los m\u00e1s pobres y abandonados; reconozcamos delante de Dios que son ellos nuestros se\u00f1ores y nuestros amos.\u00bb (Enero, 1657, SV, XI, 273)<em>.<\/em><\/p>\n","protected":false},"excerpt":{"rendered":"<p>1. La Familia Vicenciana en el mundo de hoy: algunas situaciones y experiencias En el a\u00f1o 2006 estuve muy ocupado, visitando a varios pa\u00edses donde est\u00e1 la Familia Vicenciana. Al empezar esta conferencia quiero compartir &#8230; <a href=\"https:\/\/vincentians.com\/es\/la-familia-vicenciana-en-el-mundo-una-familia-misionera-situacion-y-retos\/\" class=\"more-link\">Read More<\/a><\/p>\n","protected":false},"author":4,"featured_media":83967,"comment_status":"open","ping_status":"open","sticky":false,"template":"","format":"standard","meta":{"jetpack_post_was_ever_published":false,"_jetpack_newsletter_access":"","_jetpack_dont_email_post_to_subs":false,"_jetpack_newsletter_tier_id":0,"_jetpack_memberships_contains_paywalled_content":false,"_jetpack_memberships_contains_paid_content":false,"footnotes":"","jetpack_publicize_message":"","jetpack_publicize_feature_enabled":true,"jetpack_social_post_already_shared":true,"jetpack_social_options":{"image_generator_settings":{"template":"highway","default_image_id":0,"font":"","enabled":false},"version":2}},"categories":[242],"tags":[196,172],"class_list":["post-14515","post","type-post","status-publish","format-standard","has-post-thumbnail","hentry","category-familia-vicenciana-sin-categorizar","tag-perboyre","tag-pobreza"],"yoast_head":"<!-- This site is optimized with the Yoast SEO plugin v26.3 - https:\/\/yoast.com\/wordpress\/plugins\/seo\/ -->\n<title>La Familia Vicenciana en el mundo, una familia misionera: situaci\u00f3n y retos - Somos Vicencianos<\/title>\n<meta name=\"robots\" content=\"index, follow, max-snippet:-1, max-image-preview:large, max-video-preview:-1\" \/>\n<link rel=\"canonical\" href=\"https:\/\/vincentians.com\/es\/la-familia-vicenciana-en-el-mundo-una-familia-misionera-situacion-y-retos\/\" \/>\n<meta property=\"og:locale\" content=\"es_ES\" \/>\n<meta property=\"og:type\" content=\"article\" \/>\n<meta property=\"og:title\" content=\"La Familia Vicenciana en el mundo, una familia misionera: situaci\u00f3n y retos - Somos Vicencianos\" \/>\n<meta property=\"og:description\" content=\"1. La Familia Vicenciana en el mundo de hoy: algunas situaciones y experiencias En el a\u00f1o 2006 estuve muy ocupado, visitando a varios pa\u00edses donde est\u00e1 la Familia Vicenciana. Al empezar esta conferencia quiero compartir ... Read More\" \/>\n<meta property=\"og:url\" content=\"https:\/\/vincentians.com\/es\/la-familia-vicenciana-en-el-mundo-una-familia-misionera-situacion-y-retos\/\" \/>\n<meta property=\"og:site_name\" content=\"Somos Vicencianos\" \/>\n<meta property=\"article:publisher\" content=\"https:\/\/www.facebook.com\/WeAreVincentians\/\" \/>\n<meta property=\"article:author\" content=\"https:\/\/www.facebook.com\/JavierChento\" \/>\n<meta property=\"article:published_time\" content=\"2015-02-02T08:30:46+00:00\" \/>\n<meta name=\"author\" content=\"Francisco Javier Fern\u00e1ndez Chento\" \/>\n<meta name=\"twitter:card\" content=\"summary_large_image\" \/>\n<meta name=\"twitter:creator\" content=\"@https:\/\/twitter.com\/javierchento\" \/>\n<meta name=\"twitter:site\" content=\"@WeVincentians\" \/>\n<meta name=\"twitter:label1\" content=\"Escrito por\" \/>\n\t<meta name=\"twitter:data1\" content=\"Francisco Javier Fern\u00e1ndez Chento\" \/>\n\t<meta name=\"twitter:label2\" content=\"Tiempo de lectura\" \/>\n\t<meta name=\"twitter:data2\" content=\"15 minutos\" \/>\n<script type=\"application\/ld+json\" class=\"yoast-schema-graph\">{\"@context\":\"https:\/\/schema.org\",\"@graph\":[{\"@type\":\"Article\",\"@id\":\"https:\/\/vincentians.com\/es\/la-familia-vicenciana-en-el-mundo-una-familia-misionera-situacion-y-retos\/#article\",\"isPartOf\":{\"@id\":\"https:\/\/vincentians.com\/es\/la-familia-vicenciana-en-el-mundo-una-familia-misionera-situacion-y-retos\/\"},\"author\":{\"name\":\"Francisco Javier Fern\u00e1ndez Chento\",\"@id\":\"http:\/\/vincentians.com\/es\/#\/schema\/person\/9623ef4d9aa3b2dfb8c061f1499288f2\"},\"headline\":\"La Familia Vicenciana en el mundo, una familia misionera: situaci\u00f3n y retos\",\"datePublished\":\"2015-02-02T08:30:46+00:00\",\"mainEntityOfPage\":{\"@id\":\"https:\/\/vincentians.com\/es\/la-familia-vicenciana-en-el-mundo-una-familia-misionera-situacion-y-retos\/\"},\"wordCount\":3088,\"commentCount\":1,\"publisher\":{\"@id\":\"http:\/\/vincentians.com\/es\/#organization\"},\"image\":{\"@id\":\"https:\/\/vincentians.com\/es\/la-familia-vicenciana-en-el-mundo-una-familia-misionera-situacion-y-retos\/#primaryimage\"},\"thumbnailUrl\":\"\",\"keywords\":[\"Perboyre\",\"Pobreza\"],\"articleSection\":[\"Familia Vicenciana sin categorizar\"],\"inLanguage\":\"es\",\"potentialAction\":[{\"@type\":\"CommentAction\",\"name\":\"Comment\",\"target\":[\"https:\/\/vincentians.com\/es\/la-familia-vicenciana-en-el-mundo-una-familia-misionera-situacion-y-retos\/#respond\"]}]},{\"@type\":\"WebPage\",\"@id\":\"https:\/\/vincentians.com\/es\/la-familia-vicenciana-en-el-mundo-una-familia-misionera-situacion-y-retos\/\",\"url\":\"https:\/\/vincentians.com\/es\/la-familia-vicenciana-en-el-mundo-una-familia-misionera-situacion-y-retos\/\",\"name\":\"La Familia Vicenciana en el mundo, una familia misionera: situaci\u00f3n y retos - Somos Vicencianos\",\"isPartOf\":{\"@id\":\"http:\/\/vincentians.com\/es\/#website\"},\"primaryImageOfPage\":{\"@id\":\"https:\/\/vincentians.com\/es\/la-familia-vicenciana-en-el-mundo-una-familia-misionera-situacion-y-retos\/#primaryimage\"},\"image\":{\"@id\":\"https:\/\/vincentians.com\/es\/la-familia-vicenciana-en-el-mundo-una-familia-misionera-situacion-y-retos\/#primaryimage\"},\"thumbnailUrl\":\"\",\"datePublished\":\"2015-02-02T08:30:46+00:00\",\"breadcrumb\":{\"@id\":\"https:\/\/vincentians.com\/es\/la-familia-vicenciana-en-el-mundo-una-familia-misionera-situacion-y-retos\/#breadcrumb\"},\"inLanguage\":\"es\",\"potentialAction\":[{\"@type\":\"ReadAction\",\"target\":[\"https:\/\/vincentians.com\/es\/la-familia-vicenciana-en-el-mundo-una-familia-misionera-situacion-y-retos\/\"]}]},{\"@type\":\"ImageObject\",\"inLanguage\":\"es\",\"@id\":\"https:\/\/vincentians.com\/es\/la-familia-vicenciana-en-el-mundo-una-familia-misionera-situacion-y-retos\/#primaryimage\",\"url\":\"\",\"contentUrl\":\"\"},{\"@type\":\"BreadcrumbList\",\"@id\":\"https:\/\/vincentians.com\/es\/la-familia-vicenciana-en-el-mundo-una-familia-misionera-situacion-y-retos\/#breadcrumb\",\"itemListElement\":[{\"@type\":\"ListItem\",\"position\":1,\"name\":\"Portada\",\"item\":\"http:\/\/vincentians.com\/es\/\"},{\"@type\":\"ListItem\",\"position\":2,\"name\":\"La Familia Vicenciana en el mundo, una familia misionera: situaci\u00f3n y retos\"}]},{\"@type\":\"WebSite\",\"@id\":\"http:\/\/vincentians.com\/es\/#website\",\"url\":\"http:\/\/vincentians.com\/es\/\",\"name\":\"Somos Vicencianos\",\"description\":\"Know more to serve more\",\"publisher\":{\"@id\":\"http:\/\/vincentians.com\/es\/#organization\"},\"potentialAction\":[{\"@type\":\"SearchAction\",\"target\":{\"@type\":\"EntryPoint\",\"urlTemplate\":\"http:\/\/vincentians.com\/es\/?s={search_term_string}\"},\"query-input\":{\"@type\":\"PropertyValueSpecification\",\"valueRequired\":true,\"valueName\":\"search_term_string\"}}],\"inLanguage\":\"es\"},{\"@type\":\"Organization\",\"@id\":\"http:\/\/vincentians.com\/es\/#organization\",\"name\":\"The Vincentian Network\",\"url\":\"http:\/\/vincentians.com\/es\/\",\"logo\":{\"@type\":\"ImageObject\",\"inLanguage\":\"es\",\"@id\":\"http:\/\/vincentians.com\/es\/#\/schema\/logo\/image\/\",\"url\":\"https:\/\/i1.wp.com\/vincentians.com\/es\/wp-content\/uploads\/sites\/11\/2016\/06\/Vincentian-Network-logo-big.png?fit=778%2C778\",\"contentUrl\":\"https:\/\/i1.wp.com\/vincentians.com\/es\/wp-content\/uploads\/sites\/11\/2016\/06\/Vincentian-Network-logo-big.png?fit=778%2C778\",\"width\":778,\"height\":778,\"caption\":\"The Vincentian Network\"},\"image\":{\"@id\":\"http:\/\/vincentians.com\/es\/#\/schema\/logo\/image\/\"},\"sameAs\":[\"https:\/\/www.facebook.com\/WeAreVincentians\/\",\"https:\/\/x.com\/WeVincentians\"]},{\"@type\":\"Person\",\"@id\":\"http:\/\/vincentians.com\/es\/#\/schema\/person\/9623ef4d9aa3b2dfb8c061f1499288f2\",\"name\":\"Francisco Javier Fern\u00e1ndez Chento\",\"image\":{\"@type\":\"ImageObject\",\"inLanguage\":\"es\",\"@id\":\"http:\/\/vincentians.com\/es\/#\/schema\/person\/image\/\",\"url\":\"https:\/\/secure.gravatar.com\/avatar\/497d5cde87b4c3d097d0315953521681ba2cd523ee66e5077c3711f7021e65de?s=96&d=mm&r=g\",\"contentUrl\":\"https:\/\/secure.gravatar.com\/avatar\/497d5cde87b4c3d097d0315953521681ba2cd523ee66e5077c3711f7021e65de?s=96&d=mm&r=g\",\"caption\":\"Francisco Javier Fern\u00e1ndez Chento\"},\"description\":\"Director General y cofundador de La Red de Formaci\u00f3n Vicenciana. Javier es laico vicenciano, afiliado a la Congregaci\u00f3n de la Misi\u00f3n y miembro del Equipo de Misiones Populares de la provincia can\u00f3nica de Zaragoza (Espa\u00f1a) de la Congregaci\u00f3n de la Misi\u00f3n. Graduado en la Universidad Oberta de Catalunya con cuatro grados (Asistente de direcci\u00f3n, Gesti\u00f3n Administrativa, Recursos Humanos y Contabilidad Avanzada). Bil\u00edng\u00fce Espa\u00f1ol\/Ingl\u00e9s. gestiona y mantiene varias p\u00e1ginas web cristianas y vicencianas, incluida including La Red de Formaci\u00f3n Vicenciana, de la que es cofundador. Actualmente es responsable del \u00e1rea de Espa\u00f1ol de .famvin, la Red de Noticias de la Familia Vicenciana. Tambi\u00e9n es m\u00fasico cat\u00f3lico y ha editado varios discos. Es Director General y cofundador de Trovador, una reconocida compa\u00f1\u00eda discogr\u00e1fica critiana de Espa\u00f1a. Trabaja en las Tecnolog\u00edas de la Informaci\u00f3n, ofreciendo servicios de alojamiento, dise\u00f1o y mantenimiento Web, as\u00ed como asesoramiento, formaci\u00f3n y soluciones inform\u00e1ticas, gesti\u00f3n documental y digitalizaci\u00f3n de textos, edici\u00f3n y maquetaci\u00f3n de libros, revistas, flyers, etc.\",\"sameAs\":[\"http:\/\/chento.org\",\"https:\/\/www.facebook.com\/JavierChento\",\"https:\/\/x.com\/https:\/\/twitter.com\/javierchento\"],\"url\":\"https:\/\/vincentians.com\/es\/author\/chento\/\"}]}<\/script>\n<!-- \/ Yoast SEO plugin. -->","yoast_head_json":{"title":"La Familia Vicenciana en el mundo, una familia misionera: situaci\u00f3n y retos - Somos Vicencianos","robots":{"index":"index","follow":"follow","max-snippet":"max-snippet:-1","max-image-preview":"max-image-preview:large","max-video-preview":"max-video-preview:-1"},"canonical":"https:\/\/vincentians.com\/es\/la-familia-vicenciana-en-el-mundo-una-familia-misionera-situacion-y-retos\/","og_locale":"es_ES","og_type":"article","og_title":"La Familia Vicenciana en el mundo, una familia misionera: situaci\u00f3n y retos - Somos Vicencianos","og_description":"1. La Familia Vicenciana en el mundo de hoy: algunas situaciones y experiencias En el a\u00f1o 2006 estuve muy ocupado, visitando a varios pa\u00edses donde est\u00e1 la Familia Vicenciana. Al empezar esta conferencia quiero compartir ... Read More","og_url":"https:\/\/vincentians.com\/es\/la-familia-vicenciana-en-el-mundo-una-familia-misionera-situacion-y-retos\/","og_site_name":"Somos Vicencianos","article_publisher":"https:\/\/www.facebook.com\/WeAreVincentians\/","article_author":"https:\/\/www.facebook.com\/JavierChento","article_published_time":"2015-02-02T08:30:46+00:00","author":"Francisco Javier Fern\u00e1ndez Chento","twitter_card":"summary_large_image","twitter_creator":"@https:\/\/twitter.com\/javierchento","twitter_site":"@WeVincentians","twitter_misc":{"Escrito por":"Francisco Javier Fern\u00e1ndez Chento","Tiempo de lectura":"15 minutos"},"schema":{"@context":"https:\/\/schema.org","@graph":[{"@type":"Article","@id":"https:\/\/vincentians.com\/es\/la-familia-vicenciana-en-el-mundo-una-familia-misionera-situacion-y-retos\/#article","isPartOf":{"@id":"https:\/\/vincentians.com\/es\/la-familia-vicenciana-en-el-mundo-una-familia-misionera-situacion-y-retos\/"},"author":{"name":"Francisco Javier Fern\u00e1ndez Chento","@id":"http:\/\/vincentians.com\/es\/#\/schema\/person\/9623ef4d9aa3b2dfb8c061f1499288f2"},"headline":"La Familia Vicenciana en el mundo, una familia misionera: situaci\u00f3n y retos","datePublished":"2015-02-02T08:30:46+00:00","mainEntityOfPage":{"@id":"https:\/\/vincentians.com\/es\/la-familia-vicenciana-en-el-mundo-una-familia-misionera-situacion-y-retos\/"},"wordCount":3088,"commentCount":1,"publisher":{"@id":"http:\/\/vincentians.com\/es\/#organization"},"image":{"@id":"https:\/\/vincentians.com\/es\/la-familia-vicenciana-en-el-mundo-una-familia-misionera-situacion-y-retos\/#primaryimage"},"thumbnailUrl":"","keywords":["Perboyre","Pobreza"],"articleSection":["Familia Vicenciana sin categorizar"],"inLanguage":"es","potentialAction":[{"@type":"CommentAction","name":"Comment","target":["https:\/\/vincentians.com\/es\/la-familia-vicenciana-en-el-mundo-una-familia-misionera-situacion-y-retos\/#respond"]}]},{"@type":"WebPage","@id":"https:\/\/vincentians.com\/es\/la-familia-vicenciana-en-el-mundo-una-familia-misionera-situacion-y-retos\/","url":"https:\/\/vincentians.com\/es\/la-familia-vicenciana-en-el-mundo-una-familia-misionera-situacion-y-retos\/","name":"La Familia Vicenciana en el mundo, una familia misionera: situaci\u00f3n y retos - Somos Vicencianos","isPartOf":{"@id":"http:\/\/vincentians.com\/es\/#website"},"primaryImageOfPage":{"@id":"https:\/\/vincentians.com\/es\/la-familia-vicenciana-en-el-mundo-una-familia-misionera-situacion-y-retos\/#primaryimage"},"image":{"@id":"https:\/\/vincentians.com\/es\/la-familia-vicenciana-en-el-mundo-una-familia-misionera-situacion-y-retos\/#primaryimage"},"thumbnailUrl":"","datePublished":"2015-02-02T08:30:46+00:00","breadcrumb":{"@id":"https:\/\/vincentians.com\/es\/la-familia-vicenciana-en-el-mundo-una-familia-misionera-situacion-y-retos\/#breadcrumb"},"inLanguage":"es","potentialAction":[{"@type":"ReadAction","target":["https:\/\/vincentians.com\/es\/la-familia-vicenciana-en-el-mundo-una-familia-misionera-situacion-y-retos\/"]}]},{"@type":"ImageObject","inLanguage":"es","@id":"https:\/\/vincentians.com\/es\/la-familia-vicenciana-en-el-mundo-una-familia-misionera-situacion-y-retos\/#primaryimage","url":"","contentUrl":""},{"@type":"BreadcrumbList","@id":"https:\/\/vincentians.com\/es\/la-familia-vicenciana-en-el-mundo-una-familia-misionera-situacion-y-retos\/#breadcrumb","itemListElement":[{"@type":"ListItem","position":1,"name":"Portada","item":"http:\/\/vincentians.com\/es\/"},{"@type":"ListItem","position":2,"name":"La Familia Vicenciana en el mundo, una familia misionera: situaci\u00f3n y retos"}]},{"@type":"WebSite","@id":"http:\/\/vincentians.com\/es\/#website","url":"http:\/\/vincentians.com\/es\/","name":"Somos Vicencianos","description":"Know more to serve more","publisher":{"@id":"http:\/\/vincentians.com\/es\/#organization"},"potentialAction":[{"@type":"SearchAction","target":{"@type":"EntryPoint","urlTemplate":"http:\/\/vincentians.com\/es\/?s={search_term_string}"},"query-input":{"@type":"PropertyValueSpecification","valueRequired":true,"valueName":"search_term_string"}}],"inLanguage":"es"},{"@type":"Organization","@id":"http:\/\/vincentians.com\/es\/#organization","name":"The Vincentian Network","url":"http:\/\/vincentians.com\/es\/","logo":{"@type":"ImageObject","inLanguage":"es","@id":"http:\/\/vincentians.com\/es\/#\/schema\/logo\/image\/","url":"https:\/\/i1.wp.com\/vincentians.com\/es\/wp-content\/uploads\/sites\/11\/2016\/06\/Vincentian-Network-logo-big.png?fit=778%2C778","contentUrl":"https:\/\/i1.wp.com\/vincentians.com\/es\/wp-content\/uploads\/sites\/11\/2016\/06\/Vincentian-Network-logo-big.png?fit=778%2C778","width":778,"height":778,"caption":"The Vincentian Network"},"image":{"@id":"http:\/\/vincentians.com\/es\/#\/schema\/logo\/image\/"},"sameAs":["https:\/\/www.facebook.com\/WeAreVincentians\/","https:\/\/x.com\/WeVincentians"]},{"@type":"Person","@id":"http:\/\/vincentians.com\/es\/#\/schema\/person\/9623ef4d9aa3b2dfb8c061f1499288f2","name":"Francisco Javier Fern\u00e1ndez Chento","image":{"@type":"ImageObject","inLanguage":"es","@id":"http:\/\/vincentians.com\/es\/#\/schema\/person\/image\/","url":"https:\/\/secure.gravatar.com\/avatar\/497d5cde87b4c3d097d0315953521681ba2cd523ee66e5077c3711f7021e65de?s=96&d=mm&r=g","contentUrl":"https:\/\/secure.gravatar.com\/avatar\/497d5cde87b4c3d097d0315953521681ba2cd523ee66e5077c3711f7021e65de?s=96&d=mm&r=g","caption":"Francisco Javier Fern\u00e1ndez Chento"},"description":"Director General y cofundador de La Red de Formaci\u00f3n Vicenciana. Javier es laico vicenciano, afiliado a la Congregaci\u00f3n de la Misi\u00f3n y miembro del Equipo de Misiones Populares de la provincia can\u00f3nica de Zaragoza (Espa\u00f1a) de la Congregaci\u00f3n de la Misi\u00f3n. Graduado en la Universidad Oberta de Catalunya con cuatro grados (Asistente de direcci\u00f3n, Gesti\u00f3n Administrativa, Recursos Humanos y Contabilidad Avanzada). Bil\u00edng\u00fce Espa\u00f1ol\/Ingl\u00e9s. gestiona y mantiene varias p\u00e1ginas web cristianas y vicencianas, incluida including La Red de Formaci\u00f3n Vicenciana, de la que es cofundador. Actualmente es responsable del \u00e1rea de Espa\u00f1ol de .famvin, la Red de Noticias de la Familia Vicenciana. Tambi\u00e9n es m\u00fasico cat\u00f3lico y ha editado varios discos. Es Director General y cofundador de Trovador, una reconocida compa\u00f1\u00eda discogr\u00e1fica critiana de Espa\u00f1a. Trabaja en las Tecnolog\u00edas de la Informaci\u00f3n, ofreciendo servicios de alojamiento, dise\u00f1o y mantenimiento Web, as\u00ed como asesoramiento, formaci\u00f3n y soluciones inform\u00e1ticas, gesti\u00f3n documental y digitalizaci\u00f3n de textos, edici\u00f3n y maquetaci\u00f3n de libros, revistas, flyers, etc.","sameAs":["http:\/\/chento.org","https:\/\/www.facebook.com\/JavierChento","https:\/\/x.com\/https:\/\/twitter.com\/javierchento"],"url":"https:\/\/vincentians.com\/es\/author\/chento\/"}]}},"jetpack_publicize_connections":[],"jetpack_featured_media_url":"","jetpack_sharing_enabled":true,"jetpack_shortlink":"https:\/\/wp.me\/p7ETMF-3M7","jetpack-related-posts":[{"id":24242,"url":"https:\/\/vincentians.com\/es\/modos-de-vivir-el-carisma-de-san-vicente-y-santa-luisa-en-las-distintas-ramas-de-la-familia-vicenciana\/","url_meta":{"origin":14515,"position":0},"title":"Modos de vivir el carisma de San Vicente y Santa Luisa en las distintas ramas de la Familia Vicenciana","author":"Francisco Javier Fern\u00e1ndez Chento","date":"27\/10\/2022","format":false,"excerpt":"A modo de Introducci\u00f3n Un carisma est\u00e1 vivo y es relevante cuando se acepta y adopta por muchas personas a trav\u00e9s del tiempo. A los 350 a\u00f1os de la muerte de S. Vicente de Pa\u00fal y S. Luisa de Marillac, el \"carisma Vicenciano\" ha demostrado ser este tipo de carisma\u2026","rel":"","context":"En \u00abEspiritualidad vicenciana\u00bb","block_context":{"text":"Espiritualidad vicenciana","link":"https:\/\/vincentians.com\/es\/category\/espiritualidad\/espiritualidad-vicenciana\/"},"img":{"alt_text":"","src":"https:\/\/i0.wp.com\/vincentians.com\/es\/wp-content\/uploads\/sites\/11\/2016\/09\/conversion.jpg?fit=1200%2C630&ssl=1&resize=350%2C200","width":350,"height":200,"srcset":"https:\/\/i0.wp.com\/vincentians.com\/es\/wp-content\/uploads\/sites\/11\/2016\/09\/conversion.jpg?fit=1200%2C630&ssl=1&resize=350%2C200 1x, https:\/\/i0.wp.com\/vincentians.com\/es\/wp-content\/uploads\/sites\/11\/2016\/09\/conversion.jpg?fit=1200%2C630&ssl=1&resize=525%2C300 1.5x, https:\/\/i0.wp.com\/vincentians.com\/es\/wp-content\/uploads\/sites\/11\/2016\/09\/conversion.jpg?fit=1200%2C630&ssl=1&resize=700%2C400 2x, https:\/\/i0.wp.com\/vincentians.com\/es\/wp-content\/uploads\/sites\/11\/2016\/09\/conversion.jpg?fit=1200%2C630&ssl=1&resize=1050%2C600 3x"},"classes":[]},{"id":14523,"url":"https:\/\/vincentians.com\/es\/la-mision-compartida-en-la-familia-vicenciana\/","url_meta":{"origin":14515,"position":1},"title":"La misi\u00f3n compartida en la Familia Vicenciana","author":"Francisco Javier Fern\u00e1ndez Chento","date":"27\/03\/2015","format":false,"excerpt":"Introducci\u00f3n En esta conferencia, soy consciente de que puedo repetir las cosas ya tratadas anteriormente. Les pido disculpas. S\u00f3lo quiero dar \u00e9nfasis aqu\u00ed a algunas ideas que me parecen importantes al hablar precisamente c\u00f3mo se comparte la misi\u00f3n en nuestra familia vicenciana. Tratar\u00e9 hacer esto en tres pasos: La misi\u00f3n\u2026","rel":"","context":"En \u00abFamilia Vicenciana sin categorizar\u00bb","block_context":{"text":"Familia Vicenciana sin categorizar","link":"https:\/\/vincentians.com\/es\/category\/la-familia-vicenciana\/familia-vicenciana-sin-categorizar\/"},"img":{"alt_text":"","src":"https:\/\/i0.wp.com\/vicencianos.org\/wp-content\/2012\/05\/fv-004-202x300.jpg?resize=350%2C200","width":350,"height":200},"classes":[]},{"id":402250,"url":"https:\/\/vincentians.com\/es\/declaracion-de-la-familia-vicenciana-en-solidaridad-con-el-pueblo-de-venezuela\/","url_meta":{"origin":14515,"position":2},"title":"Declaraci\u00f3n de la Familia Vicenciana en Solidaridad con el Pueblo de Venezuela","author":"Francisco Javier Fern\u00e1ndez Chento","date":"02\/04\/2019","format":false,"excerpt":"A todos los miembros de la Familia Vicenciana (FV) en el mundo, y especialmente a nuestros hermanos y hermanas en Venezuela, expresamos nuestra preocupaci\u00f3n y nuestra solidaridad ante la dram\u00e1tica situaci\u00f3n que los venezolanos experimentan en estos momentos en su pa\u00eds. \u00a0 Somos conscientes de la dolorosa situaci\u00f3n de injusticia\u2026","rel":"","context":"En \u00abLa Familia Vicenciana\u00bb","block_context":{"text":"La Familia Vicenciana","link":"https:\/\/vincentians.com\/es\/category\/la-familia-vicenciana\/"},"img":{"alt_text":"","src":"https:\/\/i0.wp.com\/vincentians.com\/es\/wp-content\/uploads\/sites\/11\/2019\/04\/VF-venezuela-statement.jpg?fit=1200%2C630&ssl=1&resize=350%2C200","width":350,"height":200,"srcset":"https:\/\/i0.wp.com\/vincentians.com\/es\/wp-content\/uploads\/sites\/11\/2019\/04\/VF-venezuela-statement.jpg?fit=1200%2C630&ssl=1&resize=350%2C200 1x, https:\/\/i0.wp.com\/vincentians.com\/es\/wp-content\/uploads\/sites\/11\/2019\/04\/VF-venezuela-statement.jpg?fit=1200%2C630&ssl=1&resize=525%2C300 1.5x, https:\/\/i0.wp.com\/vincentians.com\/es\/wp-content\/uploads\/sites\/11\/2019\/04\/VF-venezuela-statement.jpg?fit=1200%2C630&ssl=1&resize=700%2C400 2x, https:\/\/i0.wp.com\/vincentians.com\/es\/wp-content\/uploads\/sites\/11\/2019\/04\/VF-venezuela-statement.jpg?fit=1200%2C630&ssl=1&resize=1050%2C600 3x"},"classes":[]},{"id":37816,"url":"https:\/\/vincentians.com\/es\/el-asesor-y-la-mision-apostolica-de-los-laicos-vicencianos\/","url_meta":{"origin":14515,"position":3},"title":"El asesor y la misi\u00f3n apost\u00f3lica de los laicos vicencianos","author":"Francisco Javier Fern\u00e1ndez Chento","date":"02\/02\/2015","format":false,"excerpt":"En el momento actual, principios del siglo XXI, los muchos miles de grupos locales de las diversas ramas de la Familia Vicenciana, los varios cientos de agrupaciones diocesanas y nacionales, as\u00ed como las instituciones internacionales como tales, suelen tener un asesor o asesora que recibe diferentes nombres en las diversas\u2026","rel":"","context":"En \u00abFormaci\u00f3n Vicenciana\u00bb","block_context":{"text":"Formaci\u00f3n Vicenciana","link":"https:\/\/vincentians.com\/es\/category\/formacion-vicenciana\/"},"img":{"alt_text":"","src":"https:\/\/i0.wp.com\/vicencianos.org\/wp-content\/2011\/05\/asesor-248x300.jpg?resize=350%2C200","width":350,"height":200},"classes":[]},{"id":18033,"url":"https:\/\/vincentians.com\/es\/la-jmv-en-el-tercer-milenio-una-aventura-de-jovenes-y-para-jovenes\/","url_meta":{"origin":14515,"position":4},"title":"La JMV en el Tercer Milenio: una aventura de j\u00f3venes y para j\u00f3venes","author":"Francisco Javier Fern\u00e1ndez Chento","date":"07\/03\/2023","format":false,"excerpt":"La JMV, un deseo divino transformado en realidad cotidiana\u2026 Una aventura de j\u00f3venes\u2026. Una evoluci\u00f3n\u2026 Fue en 1830, en la Rue du Bac, donde toda una historia, un camino comenz\u00f3... (las apariciones de la Virgen) Una mirada del cielo... (Jes\u00fas y Mar\u00eda) Una escucha en la tierra... (Catalina) Una meditaci\u00f3n\u2026","rel":"","context":"En \u00abJuventudes Marianas Vicencianas\u00bb","block_context":{"text":"Juventudes Marianas Vicencianas","link":"https:\/\/vincentians.com\/es\/category\/la-familia-vicenciana\/ramas\/juventudes-marianas-vicencianas\/"},"img":{"alt_text":"","src":"https:\/\/i0.wp.com\/vincentians.com\/es\/wp-content\/uploads\/sites\/11\/2013\/04\/msoF811D.jpg?fit=612%2C490&ssl=1&resize=350%2C200","width":350,"height":200,"srcset":"https:\/\/i0.wp.com\/vincentians.com\/es\/wp-content\/uploads\/sites\/11\/2013\/04\/msoF811D.jpg?fit=612%2C490&ssl=1&resize=350%2C200 1x, https:\/\/i0.wp.com\/vincentians.com\/es\/wp-content\/uploads\/sites\/11\/2013\/04\/msoF811D.jpg?fit=612%2C490&ssl=1&resize=525%2C300 1.5x"},"classes":[]},{"id":26282,"url":"https:\/\/vincentians.com\/es\/algunas-cualidades-de-un-buen-formador\/","url_meta":{"origin":14515,"position":5},"title":"Algunas cualidades de un buen formador","author":"Francisco Javier Fern\u00e1ndez Chento","date":"18\/06\/2016","format":false,"excerpt":"I. El contexto cambiante y algunas llamadas interpelantes en la actualidad Desde tiempos de San Vicente ha habido muchos cambios, pero la llamada para ayudar en la formaci\u00f3n es hoy tan persistente como lo fue en su tiempo. Es m\u00e1s, a\u00fan es mayor hoy d\u00eda. En los \u00faltimos a\u00f1os, \u00e9sta\u2026","rel":"","context":"En \u00abFormaci\u00f3n Vicenciana\u00bb","block_context":{"text":"Formaci\u00f3n Vicenciana","link":"https:\/\/vincentians.com\/es\/category\/formacion-vicenciana\/"},"img":{"alt_text":"asd","src":"https:\/\/i0.wp.com\/vicencianos.org\/wp-content\/uploads\/2013\/01\/asd-4-300x225.jpg?resize=350%2C200","width":350,"height":200},"classes":[]}],"_links":{"self":[{"href":"https:\/\/vincentians.com\/es\/wp-json\/wp\/v2\/posts\/14515","targetHints":{"allow":["GET"]}}],"collection":[{"href":"https:\/\/vincentians.com\/es\/wp-json\/wp\/v2\/posts"}],"about":[{"href":"https:\/\/vincentians.com\/es\/wp-json\/wp\/v2\/types\/post"}],"author":[{"embeddable":true,"href":"https:\/\/vincentians.com\/es\/wp-json\/wp\/v2\/users\/4"}],"replies":[{"embeddable":true,"href":"https:\/\/vincentians.com\/es\/wp-json\/wp\/v2\/comments?post=14515"}],"version-history":[{"count":0,"href":"https:\/\/vincentians.com\/es\/wp-json\/wp\/v2\/posts\/14515\/revisions"}],"wp:featuredmedia":[{"embeddable":true,"href":"https:\/\/vincentians.com\/es\/wp-json\/"}],"wp:attachment":[{"href":"https:\/\/vincentians.com\/es\/wp-json\/wp\/v2\/media?parent=14515"}],"wp:term":[{"taxonomy":"category","embeddable":true,"href":"https:\/\/vincentians.com\/es\/wp-json\/wp\/v2\/categories?post=14515"},{"taxonomy":"post_tag","embeddable":true,"href":"https:\/\/vincentians.com\/es\/wp-json\/wp\/v2\/tags?post=14515"}],"curies":[{"name":"wp","href":"https:\/\/api.w.org\/{rel}","templated":true}]}}