{"id":14433,"date":"2017-06-16T08:22:24","date_gmt":"2017-06-16T06:22:24","guid":{"rendered":"http:\/\/somos.vicencianos.org\/blog\/2010\/03\/29\/el-acontecimiento-lugar-de-inspiracion-y-de-accion-2\/"},"modified":"2017-04-14T11:22:56","modified_gmt":"2017-04-14T09:22:56","slug":"acontecimiento-lugar-inspiracion-accion","status":"publish","type":"post","link":"https:\/\/vincentians.com\/es\/acontecimiento-lugar-inspiracion-accion\/","title":{"rendered":"El acontecimiento: lugar de inspiraci\u00f3n y de acci\u00f3n"},"content":{"rendered":"<p style=\"padding-left: 30px\"><em><img data-recalc-dims=\"1\" loading=\"lazy\" decoding=\"async\" data-attachment-id=\"399698\" data-permalink=\"https:\/\/vincentians.com\/es\/instumentos-de-tu-paz\/instrumento-de-tu-paz\/\" data-orig-file=\"https:\/\/i0.wp.com\/vincentians.com\/es\/wp-content\/uploads\/sites\/11\/2016\/08\/instrumento-de-tu-paz.jpg?fit=1200%2C630&amp;ssl=1\" data-orig-size=\"1200,630\" data-comments-opened=\"1\" data-image-meta=\"{&quot;aperture&quot;:&quot;0&quot;,&quot;credit&quot;:&quot;&quot;,&quot;camera&quot;:&quot;&quot;,&quot;caption&quot;:&quot;&quot;,&quot;created_timestamp&quot;:&quot;0&quot;,&quot;copyright&quot;:&quot;&quot;,&quot;focal_length&quot;:&quot;0&quot;,&quot;iso&quot;:&quot;0&quot;,&quot;shutter_speed&quot;:&quot;0&quot;,&quot;title&quot;:&quot;&quot;,&quot;orientation&quot;:&quot;1&quot;}\" data-image-title=\"instrumento de tu paz\" data-image-description=\"\" data-image-caption=\"\" data-medium-file=\"https:\/\/i0.wp.com\/vincentians.com\/es\/wp-content\/uploads\/sites\/11\/2016\/08\/instrumento-de-tu-paz.jpg?fit=300%2C158&amp;ssl=1\" data-large-file=\"https:\/\/i0.wp.com\/vincentians.com\/es\/wp-content\/uploads\/sites\/11\/2016\/08\/instrumento-de-tu-paz.jpg?fit=846%2C444&amp;ssl=1\" class=\"alignnone size-medium wp-image-399698 alignleft\" src=\"https:\/\/i0.wp.com\/vincentians.com\/es\/wp-content\/uploads\/sites\/11\/2016\/08\/instrumento-de-tu-paz.jpg?resize=300%2C158\" alt=\"\" width=\"300\" height=\"158\" srcset=\"https:\/\/i0.wp.com\/vincentians.com\/es\/wp-content\/uploads\/sites\/11\/2016\/08\/instrumento-de-tu-paz.jpg?resize=300%2C158&amp;ssl=1 300w, https:\/\/i0.wp.com\/vincentians.com\/es\/wp-content\/uploads\/sites\/11\/2016\/08\/instrumento-de-tu-paz.jpg?resize=768%2C403&amp;ssl=1 768w, https:\/\/i0.wp.com\/vincentians.com\/es\/wp-content\/uploads\/sites\/11\/2016\/08\/instrumento-de-tu-paz.jpg?resize=1024%2C538&amp;ssl=1 1024w, https:\/\/i0.wp.com\/vincentians.com\/es\/wp-content\/uploads\/sites\/11\/2016\/08\/instrumento-de-tu-paz.jpg?resize=100%2C53&amp;ssl=1 100w, https:\/\/i0.wp.com\/vincentians.com\/es\/wp-content\/uploads\/sites\/11\/2016\/08\/instrumento-de-tu-paz.jpg?resize=846%2C444&amp;ssl=1 846w, https:\/\/i0.wp.com\/vincentians.com\/es\/wp-content\/uploads\/sites\/11\/2016\/08\/instrumento-de-tu-paz.jpg?resize=1004%2C527&amp;ssl=1 1004w, https:\/\/i0.wp.com\/vincentians.com\/es\/wp-content\/uploads\/sites\/11\/2016\/08\/instrumento-de-tu-paz.jpg?w=1200&amp;ssl=1 1200w\" sizes=\"auto, (max-width: 300px) 100vw, 300px\" \/>Nuestro misionero de Berber\u00eda y los que est\u00e1n en Madagascar, \u00bfqu\u00e9 no han emprendido? \u00bfqu\u00e9 no han ejecutado? \u00bfqu\u00e9 es lo que no han hecho? \u00bfqu\u00e9 es lo que no han sufrido? Un hombre solo se atreve con una galera donde hay a veces doscientos forzados: instrucciones, confesiones generales a los sanos, a los enfermos, d\u00eda y noche, durante quince d\u00edas; y al final los re\u00fane, va personalmente a comprar para ellos carne de vaca; es un banquete para ellos; \u00a1un hombre solo hace todo esto! Otras veces se va a las fincas donde hay esclavos y busca a los due\u00f1os para rogarles que le permitan trabajar en la instrucci\u00f3n de sus pobres esclavos; emplea con ellos su tiempo y les da a conocer a Dios, los prepara para recibir los sacramentos, y al final los re\u00fane y les da un peque\u00f1o banquete \u2026 En Madagascar, dijo tambi\u00e9n el padre Vicente, los misioneros predican, confiesan, catequizan continuamente desde las cuatro de la ma\u00f1ana hasta las diez, y luego desde las dos de la tarde hasta la noche; el resto del tiempo lo dedican al oficio y a visitar a los enfermos. \u00a1Esos s\u00ed que son obreros! \u00a1Esos s\u00ed que son buenos misioneros! \u2026 Si nada podemos por nosotros mismos, lo podemos todo con Dios. S\u00ed, la Misi\u00f3n lo puede todo, porque tenemos en nosotros el germen de la omnipotencia de Jesucristo<\/em> (SVP, XI, 122-123).<\/p>\n<p>Si hay una evidencia que habite a Vicente de Pa\u00fal, es por cierto la de que Dios nos habla. Y nos habla por su palabra y por los acontecimientos. Revela siempre algo vigorizador y simb\u00f3lico a quienes desean recibir su mensaje. Hoy mismo, en seguimiento de \u00e9l, somos invitados a vivir como centinelas siempre vigilantes para captar \u00ablos signos de los tiempos\u00bb. Es una referencia evang\u00e9lica y conciliar que nos pone en estado de alerta.<\/p>\n<p>San Vicente alz\u00f3 sobre los acontecimientos su itinerario espiritual y su pensamiento profundo. Ellos jalonaron su vida, as\u00ed como la vida de su Congregaci\u00f3n, en la que acabamos de ver una manera de transici\u00f3n, del ardor de ciertos misioneros al entusiasmo colectivo.<\/p>\n<p>Volvamos a verle en Par\u00eds el a\u00f1o 1608. Falsamente acusado de robo, atraviesa la experiencia de la injusticia: este acontecimiento le burila. Cuando es p\u00e1rroco de Clichy, en 1611, el acontecimiento le toca la fibra pastoral. Cuando hacia 1613 arrostra su noche oscura, el acontecimiento le reconstruye. Cuando acude a la cabecera de un moribundo, en 1617, para o\u00edr su confesi\u00f3n postrera, el acontecimiento sacude sus opciones pastorales, cosa que tambi\u00e9n hace Ch\u00e2tillon.<\/p>\n<p>Mir\u00e9mosle a\u00fan recibir el donativo de los Gondi para poner en pie su nueva Congregaci\u00f3n: el acontecimiento le fortifica en su empresa; conversa por azar en un carruaje con el obispo de Beauvais, Monse\u00f1or Pottier, y es la primera respuesta a los candidatos en v\u00edas de ordenarse: el acontecimiento le saca de los senderos andados. Conoce a una joven arist\u00f3crata, Luisa de Marillac, reci\u00e9n liberada de sus dudas y en busca de un equilibrio: acontecimiento de importancia para el porvenir de las Hijas de la Caridad. Cuando un d\u00eda Margarita Naseau, movida por una fuerte inspiraci\u00f3n del cielo (SVP,XI, 89), se presenta para servir a los pobres, el acontecimiento es fulgurante y abre el camino a las primeras Hermanas: <em>\u00a1Cu\u00e1ntas gracias ten\u00e9is que darle a Dios por haber recibido de \u00e9l la inspiraci\u00f3n y los medios para atender a estas grandes necesidades!<\/em> (SVP, X, 949). Todav\u00eda podr\u00edan explicarse las dem\u00e1s obras de san Vicente: los mendigos, los presos, los galeotes, los esclavos, los refugiados, los enfermos, los alienados, los hu\u00e9rfanos, los siniestrados, los exiliados. Este hombre es un centinela: todo le pilla en estado de alerta.<\/p>\n<p>No es, empero, simplemente pragm\u00e1tico y concreto a causa de su origen campesino y gasc\u00f3n. Vive con intensidad en el plano interior, y sus experiencias espirituales le conducen a considerar el acontecimiento como portador de un mensaje, y sobre todo, como presencia activa de Jesucristo. Descifra \u00e9l mismo este o aquel acontecimiento. De los dos mayores \u2013 fundar la Congregaci\u00f3n de la Misi\u00f3n y las Hijas de la Caridad, afirma: <em>Ha sido Dios y no yo<\/em>, (IX, 202) y le vemos extasiarse ante el divino prodigio: <em>\u00a1Ay, hermanos m\u00edos! \u00bfQui\u00e9n hubiera pensado entonces que Dios deseaba hacer, por medio de la compa\u00f1\u00eda de la Misi\u00f3n, el bien que por la gracias de Dios vemos que ha hecho? \u00a1Ay! \u00bfQui\u00e9n podr\u00eda saber entonces que Dios querr\u00eda servirse de ella para ir a buscar hasta en los caser\u00edos, hasta el fondo de Berber\u00eda, a esos pobres cristianos esclavos, para sacarles, si no de un infierno, al menos de un purgatorio? \u00bfY qui\u00e9n podr\u00eda saber que nos iba a utilizar en tantos otros lugares, como vemos que est\u00e1 haciendo?<\/em> (SVP, XI, 96) \u00a1Ah\u00ed act\u00faa Dios y eso basta!<\/p>\n<p>Se ven bien as\u00ed aparecer las dos consecuencias: el acontecimiento es a la vez lugar de emergencia de la revelaci\u00f3n divina y lugar de la acci\u00f3n humana; ah\u00ed est\u00e1 Dios siempre actuando y alzando al hombre y a aquellos que est\u00e1n a su cargo; Vicente le\u00eda, escribe Jean Morin , el acontecimiento no menos que el evangelio, y tanto como el evangelio, alimentaba su fe el acontecimiento. Y L. Deplanque observa asimismo: Dios est\u00e1 constantemente activo. Est\u00e1 presente en los mil recovecos y circunstancias que Vicente afronta. Est\u00e1 tambi\u00e9n presente en la vida que fluye, a cuyas leyes adapta su acci\u00f3n.<\/p>\n<p>Por lo que a \u00e9l mismo hace, Vicente da a cuanto le sobreviene una importancia mayor o menor: otro podr\u00eda ser ciego, \u00e9l ve la mano de Dios y saca las consecuencias. As\u00ed cuando perdi\u00f3 el pleito en torno a la granja de Orsigny. Representaba un capital de envergadura con destino a los pobres. Fallecidos los<\/p>\n<p>donantes, interpusieron reclamaci\u00f3n los herederos, que ganaron la causa. He aqu\u00ed c\u00f3mo reacciona Vicente, caldeado a\u00fan, ante el auditoria de los suyos: <em>T\u00fa mismo, Se\u00f1or, has pronunciado la sentencia; si as\u00ed lo quieres, ser\u00e1 irrevocable; y para no retrasar su ejecuci\u00f3n, hacemos desde ahora un sacrificio de estos bienes a tu divina Majestad <\/em>(SVP, XI, 364s). Y m\u00e1s adelante: <em>\u00a1Ojal\u00e1 recompense Dios esta p\u00e9rdida temporal con un aumento de confianza en su providencia, de abandono en sus manos, de un mayor desapego de las cosas de la tierra y de renuncia a nosotros mismos! \u00a1Oh Dios m\u00edo <\/em>\u2026 (SVP, XI, 366).<\/p>\n<p>Esta apelaci\u00f3n a la Providencia es habitual en Vicente de Pa\u00fal. Sabe que es bueno vivir a su ritmo, ir a \u00absu paso\u00bb, dar impresi\u00f3n de lentitud, \u00abno pisarle el tal\u00f3n\u00bb, vivir disponibles y confiados. Otra cosa no es m\u00e1s ebullici\u00f3n de la superficie.<\/p>\n<p style=\"text-align: right\"><em>Misioneros Pa\u00fales de la Provincia de Salamanca<\/em><\/p>\n","protected":false},"excerpt":{"rendered":"<p>Nuestro misionero de Berber\u00eda y los que est\u00e1n en Madagascar, \u00bfqu\u00e9 no han emprendido? \u00bfqu\u00e9 no han ejecutado? \u00bfqu\u00e9 es lo que no han hecho? \u00bfqu\u00e9 es lo que no han sufrido? Un hombre solo &#8230; <a href=\"https:\/\/vincentians.com\/es\/acontecimiento-lugar-inspiracion-accion\/\" class=\"more-link\">Read More<\/a><\/p>\n","protected":false},"author":4,"featured_media":399698,"comment_status":"open","ping_status":"open","sticky":false,"template":"","format":"standard","meta":{"jetpack_post_was_ever_published":false,"_jetpack_newsletter_access":"","_jetpack_dont_email_post_to_subs":false,"_jetpack_newsletter_tier_id":0,"_jetpack_memberships_contains_paywalled_content":false,"_jetpack_memberships_contains_paid_content":false,"footnotes":"","jetpack_publicize_message":"","jetpack_publicize_feature_enabled":true,"jetpack_social_post_already_shared":true,"jetpack_social_options":{"image_generator_settings":{"template":"highway","default_image_id":0,"font":"","enabled":false},"version":2}},"categories":[226],"tags":[130,148,119],"class_list":["post-14433","post","type-post","status-publish","format-standard","has-post-thumbnail","hentry","category-espiritualidad-vicenciana","tag-beauvais","tag-clichy","tag-gondi"],"yoast_head":"<!-- This site is optimized with the Yoast SEO plugin v26.3 - https:\/\/yoast.com\/wordpress\/plugins\/seo\/ -->\n<title>El acontecimiento: lugar de inspiraci\u00f3n y de acci\u00f3n - Somos Vicencianos<\/title>\n<meta name=\"robots\" content=\"index, follow, max-snippet:-1, max-image-preview:large, max-video-preview:-1\" \/>\n<link rel=\"canonical\" href=\"https:\/\/vincentians.com\/es\/acontecimiento-lugar-inspiracion-accion\/\" \/>\n<meta property=\"og:locale\" content=\"es_ES\" \/>\n<meta property=\"og:type\" content=\"article\" \/>\n<meta property=\"og:title\" content=\"El acontecimiento: lugar de inspiraci\u00f3n y de acci\u00f3n - Somos Vicencianos\" \/>\n<meta property=\"og:description\" content=\"Nuestro misionero de Berber\u00eda y los que est\u00e1n en Madagascar, \u00bfqu\u00e9 no han emprendido? \u00bfqu\u00e9 no han ejecutado? \u00bfqu\u00e9 es lo que no han hecho? \u00bfqu\u00e9 es lo que no han sufrido? Un hombre solo ... Read More\" \/>\n<meta property=\"og:url\" content=\"https:\/\/vincentians.com\/es\/acontecimiento-lugar-inspiracion-accion\/\" \/>\n<meta property=\"og:site_name\" content=\"Somos Vicencianos\" \/>\n<meta property=\"article:publisher\" content=\"https:\/\/www.facebook.com\/WeAreVincentians\/\" \/>\n<meta property=\"article:author\" content=\"https:\/\/www.facebook.com\/JavierChento\" \/>\n<meta property=\"article:published_time\" content=\"2017-06-16T06:22:24+00:00\" \/>\n<meta property=\"og:image\" content=\"https:\/\/i0.wp.com\/vincentians.com\/es\/wp-content\/uploads\/sites\/11\/2016\/08\/instrumento-de-tu-paz.jpg?fit=1200%2C630&ssl=1\" \/>\n\t<meta property=\"og:image:width\" content=\"1200\" \/>\n\t<meta property=\"og:image:height\" content=\"630\" \/>\n\t<meta property=\"og:image:type\" content=\"image\/jpeg\" \/>\n<meta name=\"author\" content=\"Francisco Javier Fern\u00e1ndez Chento\" \/>\n<meta name=\"twitter:card\" content=\"summary_large_image\" \/>\n<meta name=\"twitter:creator\" content=\"@https:\/\/twitter.com\/javierchento\" \/>\n<meta name=\"twitter:site\" content=\"@WeVincentians\" \/>\n<meta name=\"twitter:label1\" content=\"Escrito por\" \/>\n\t<meta name=\"twitter:data1\" content=\"Francisco Javier Fern\u00e1ndez Chento\" \/>\n\t<meta name=\"twitter:label2\" content=\"Tiempo de lectura\" \/>\n\t<meta name=\"twitter:data2\" content=\"6 minutos\" \/>\n<script type=\"application\/ld+json\" class=\"yoast-schema-graph\">{\"@context\":\"https:\/\/schema.org\",\"@graph\":[{\"@type\":\"Article\",\"@id\":\"https:\/\/vincentians.com\/es\/acontecimiento-lugar-inspiracion-accion\/#article\",\"isPartOf\":{\"@id\":\"https:\/\/vincentians.com\/es\/acontecimiento-lugar-inspiracion-accion\/\"},\"author\":{\"name\":\"Francisco Javier Fern\u00e1ndez Chento\",\"@id\":\"http:\/\/vincentians.com\/es\/#\/schema\/person\/9623ef4d9aa3b2dfb8c061f1499288f2\"},\"headline\":\"El acontecimiento: lugar de inspiraci\u00f3n y de acci\u00f3n\",\"datePublished\":\"2017-06-16T06:22:24+00:00\",\"mainEntityOfPage\":{\"@id\":\"https:\/\/vincentians.com\/es\/acontecimiento-lugar-inspiracion-accion\/\"},\"wordCount\":1179,\"commentCount\":0,\"publisher\":{\"@id\":\"http:\/\/vincentians.com\/es\/#organization\"},\"image\":{\"@id\":\"https:\/\/vincentians.com\/es\/acontecimiento-lugar-inspiracion-accion\/#primaryimage\"},\"thumbnailUrl\":\"https:\/\/i0.wp.com\/vincentians.com\/es\/wp-content\/uploads\/sites\/11\/2016\/08\/instrumento-de-tu-paz.jpg?fit=1200%2C630&ssl=1\",\"keywords\":[\"Beauvais\",\"Clichy\",\"Gondi\"],\"articleSection\":[\"Espiritualidad vicenciana\"],\"inLanguage\":\"es\",\"potentialAction\":[{\"@type\":\"CommentAction\",\"name\":\"Comment\",\"target\":[\"https:\/\/vincentians.com\/es\/acontecimiento-lugar-inspiracion-accion\/#respond\"]}]},{\"@type\":\"WebPage\",\"@id\":\"https:\/\/vincentians.com\/es\/acontecimiento-lugar-inspiracion-accion\/\",\"url\":\"https:\/\/vincentians.com\/es\/acontecimiento-lugar-inspiracion-accion\/\",\"name\":\"El acontecimiento: lugar de inspiraci\u00f3n y de acci\u00f3n - Somos Vicencianos\",\"isPartOf\":{\"@id\":\"http:\/\/vincentians.com\/es\/#website\"},\"primaryImageOfPage\":{\"@id\":\"https:\/\/vincentians.com\/es\/acontecimiento-lugar-inspiracion-accion\/#primaryimage\"},\"image\":{\"@id\":\"https:\/\/vincentians.com\/es\/acontecimiento-lugar-inspiracion-accion\/#primaryimage\"},\"thumbnailUrl\":\"https:\/\/i0.wp.com\/vincentians.com\/es\/wp-content\/uploads\/sites\/11\/2016\/08\/instrumento-de-tu-paz.jpg?fit=1200%2C630&ssl=1\",\"datePublished\":\"2017-06-16T06:22:24+00:00\",\"breadcrumb\":{\"@id\":\"https:\/\/vincentians.com\/es\/acontecimiento-lugar-inspiracion-accion\/#breadcrumb\"},\"inLanguage\":\"es\",\"potentialAction\":[{\"@type\":\"ReadAction\",\"target\":[\"https:\/\/vincentians.com\/es\/acontecimiento-lugar-inspiracion-accion\/\"]}]},{\"@type\":\"ImageObject\",\"inLanguage\":\"es\",\"@id\":\"https:\/\/vincentians.com\/es\/acontecimiento-lugar-inspiracion-accion\/#primaryimage\",\"url\":\"https:\/\/i0.wp.com\/vincentians.com\/es\/wp-content\/uploads\/sites\/11\/2016\/08\/instrumento-de-tu-paz.jpg?fit=1200%2C630&ssl=1\",\"contentUrl\":\"https:\/\/i0.wp.com\/vincentians.com\/es\/wp-content\/uploads\/sites\/11\/2016\/08\/instrumento-de-tu-paz.jpg?fit=1200%2C630&ssl=1\",\"width\":1200,\"height\":630},{\"@type\":\"BreadcrumbList\",\"@id\":\"https:\/\/vincentians.com\/es\/acontecimiento-lugar-inspiracion-accion\/#breadcrumb\",\"itemListElement\":[{\"@type\":\"ListItem\",\"position\":1,\"name\":\"Portada\",\"item\":\"http:\/\/vincentians.com\/es\/\"},{\"@type\":\"ListItem\",\"position\":2,\"name\":\"El acontecimiento: lugar de inspiraci\u00f3n y de acci\u00f3n\"}]},{\"@type\":\"WebSite\",\"@id\":\"http:\/\/vincentians.com\/es\/#website\",\"url\":\"http:\/\/vincentians.com\/es\/\",\"name\":\"Somos Vicencianos\",\"description\":\"Know more to serve more\",\"publisher\":{\"@id\":\"http:\/\/vincentians.com\/es\/#organization\"},\"potentialAction\":[{\"@type\":\"SearchAction\",\"target\":{\"@type\":\"EntryPoint\",\"urlTemplate\":\"http:\/\/vincentians.com\/es\/?s={search_term_string}\"},\"query-input\":{\"@type\":\"PropertyValueSpecification\",\"valueRequired\":true,\"valueName\":\"search_term_string\"}}],\"inLanguage\":\"es\"},{\"@type\":\"Organization\",\"@id\":\"http:\/\/vincentians.com\/es\/#organization\",\"name\":\"The Vincentian Network\",\"url\":\"http:\/\/vincentians.com\/es\/\",\"logo\":{\"@type\":\"ImageObject\",\"inLanguage\":\"es\",\"@id\":\"http:\/\/vincentians.com\/es\/#\/schema\/logo\/image\/\",\"url\":\"https:\/\/i1.wp.com\/vincentians.com\/es\/wp-content\/uploads\/sites\/11\/2016\/06\/Vincentian-Network-logo-big.png?fit=778%2C778\",\"contentUrl\":\"https:\/\/i1.wp.com\/vincentians.com\/es\/wp-content\/uploads\/sites\/11\/2016\/06\/Vincentian-Network-logo-big.png?fit=778%2C778\",\"width\":778,\"height\":778,\"caption\":\"The Vincentian Network\"},\"image\":{\"@id\":\"http:\/\/vincentians.com\/es\/#\/schema\/logo\/image\/\"},\"sameAs\":[\"https:\/\/www.facebook.com\/WeAreVincentians\/\",\"https:\/\/x.com\/WeVincentians\"]},{\"@type\":\"Person\",\"@id\":\"http:\/\/vincentians.com\/es\/#\/schema\/person\/9623ef4d9aa3b2dfb8c061f1499288f2\",\"name\":\"Francisco Javier Fern\u00e1ndez Chento\",\"image\":{\"@type\":\"ImageObject\",\"inLanguage\":\"es\",\"@id\":\"http:\/\/vincentians.com\/es\/#\/schema\/person\/image\/\",\"url\":\"https:\/\/secure.gravatar.com\/avatar\/497d5cde87b4c3d097d0315953521681ba2cd523ee66e5077c3711f7021e65de?s=96&d=mm&r=g\",\"contentUrl\":\"https:\/\/secure.gravatar.com\/avatar\/497d5cde87b4c3d097d0315953521681ba2cd523ee66e5077c3711f7021e65de?s=96&d=mm&r=g\",\"caption\":\"Francisco Javier Fern\u00e1ndez Chento\"},\"description\":\"Director General y cofundador de La Red de Formaci\u00f3n Vicenciana. Javier es laico vicenciano, afiliado a la Congregaci\u00f3n de la Misi\u00f3n y miembro del Equipo de Misiones Populares de la provincia can\u00f3nica de Zaragoza (Espa\u00f1a) de la Congregaci\u00f3n de la Misi\u00f3n. Graduado en la Universidad Oberta de Catalunya con cuatro grados (Asistente de direcci\u00f3n, Gesti\u00f3n Administrativa, Recursos Humanos y Contabilidad Avanzada). Bil\u00edng\u00fce Espa\u00f1ol\/Ingl\u00e9s. gestiona y mantiene varias p\u00e1ginas web cristianas y vicencianas, incluida including La Red de Formaci\u00f3n Vicenciana, de la que es cofundador. Actualmente es responsable del \u00e1rea de Espa\u00f1ol de .famvin, la Red de Noticias de la Familia Vicenciana. Tambi\u00e9n es m\u00fasico cat\u00f3lico y ha editado varios discos. Es Director General y cofundador de Trovador, una reconocida compa\u00f1\u00eda discogr\u00e1fica critiana de Espa\u00f1a. Trabaja en las Tecnolog\u00edas de la Informaci\u00f3n, ofreciendo servicios de alojamiento, dise\u00f1o y mantenimiento Web, as\u00ed como asesoramiento, formaci\u00f3n y soluciones inform\u00e1ticas, gesti\u00f3n documental y digitalizaci\u00f3n de textos, edici\u00f3n y maquetaci\u00f3n de libros, revistas, flyers, etc.\",\"sameAs\":[\"http:\/\/chento.org\",\"https:\/\/www.facebook.com\/JavierChento\",\"https:\/\/x.com\/https:\/\/twitter.com\/javierchento\"],\"url\":\"https:\/\/vincentians.com\/es\/author\/chento\/\"}]}<\/script>\n<!-- \/ Yoast SEO plugin. -->","yoast_head_json":{"title":"El acontecimiento: lugar de inspiraci\u00f3n y de acci\u00f3n - Somos Vicencianos","robots":{"index":"index","follow":"follow","max-snippet":"max-snippet:-1","max-image-preview":"max-image-preview:large","max-video-preview":"max-video-preview:-1"},"canonical":"https:\/\/vincentians.com\/es\/acontecimiento-lugar-inspiracion-accion\/","og_locale":"es_ES","og_type":"article","og_title":"El acontecimiento: lugar de inspiraci\u00f3n y de acci\u00f3n - Somos Vicencianos","og_description":"Nuestro misionero de Berber\u00eda y los que est\u00e1n en Madagascar, \u00bfqu\u00e9 no han emprendido? \u00bfqu\u00e9 no han ejecutado? \u00bfqu\u00e9 es lo que no han hecho? \u00bfqu\u00e9 es lo que no han sufrido? Un hombre solo ... Read More","og_url":"https:\/\/vincentians.com\/es\/acontecimiento-lugar-inspiracion-accion\/","og_site_name":"Somos Vicencianos","article_publisher":"https:\/\/www.facebook.com\/WeAreVincentians\/","article_author":"https:\/\/www.facebook.com\/JavierChento","article_published_time":"2017-06-16T06:22:24+00:00","og_image":[{"width":1200,"height":630,"url":"https:\/\/i0.wp.com\/vincentians.com\/es\/wp-content\/uploads\/sites\/11\/2016\/08\/instrumento-de-tu-paz.jpg?fit=1200%2C630&ssl=1","type":"image\/jpeg"}],"author":"Francisco Javier Fern\u00e1ndez Chento","twitter_card":"summary_large_image","twitter_creator":"@https:\/\/twitter.com\/javierchento","twitter_site":"@WeVincentians","twitter_misc":{"Escrito por":"Francisco Javier Fern\u00e1ndez Chento","Tiempo de lectura":"6 minutos"},"schema":{"@context":"https:\/\/schema.org","@graph":[{"@type":"Article","@id":"https:\/\/vincentians.com\/es\/acontecimiento-lugar-inspiracion-accion\/#article","isPartOf":{"@id":"https:\/\/vincentians.com\/es\/acontecimiento-lugar-inspiracion-accion\/"},"author":{"name":"Francisco Javier Fern\u00e1ndez Chento","@id":"http:\/\/vincentians.com\/es\/#\/schema\/person\/9623ef4d9aa3b2dfb8c061f1499288f2"},"headline":"El acontecimiento: lugar de inspiraci\u00f3n y de acci\u00f3n","datePublished":"2017-06-16T06:22:24+00:00","mainEntityOfPage":{"@id":"https:\/\/vincentians.com\/es\/acontecimiento-lugar-inspiracion-accion\/"},"wordCount":1179,"commentCount":0,"publisher":{"@id":"http:\/\/vincentians.com\/es\/#organization"},"image":{"@id":"https:\/\/vincentians.com\/es\/acontecimiento-lugar-inspiracion-accion\/#primaryimage"},"thumbnailUrl":"https:\/\/i0.wp.com\/vincentians.com\/es\/wp-content\/uploads\/sites\/11\/2016\/08\/instrumento-de-tu-paz.jpg?fit=1200%2C630&ssl=1","keywords":["Beauvais","Clichy","Gondi"],"articleSection":["Espiritualidad vicenciana"],"inLanguage":"es","potentialAction":[{"@type":"CommentAction","name":"Comment","target":["https:\/\/vincentians.com\/es\/acontecimiento-lugar-inspiracion-accion\/#respond"]}]},{"@type":"WebPage","@id":"https:\/\/vincentians.com\/es\/acontecimiento-lugar-inspiracion-accion\/","url":"https:\/\/vincentians.com\/es\/acontecimiento-lugar-inspiracion-accion\/","name":"El acontecimiento: lugar de inspiraci\u00f3n y de acci\u00f3n - Somos Vicencianos","isPartOf":{"@id":"http:\/\/vincentians.com\/es\/#website"},"primaryImageOfPage":{"@id":"https:\/\/vincentians.com\/es\/acontecimiento-lugar-inspiracion-accion\/#primaryimage"},"image":{"@id":"https:\/\/vincentians.com\/es\/acontecimiento-lugar-inspiracion-accion\/#primaryimage"},"thumbnailUrl":"https:\/\/i0.wp.com\/vincentians.com\/es\/wp-content\/uploads\/sites\/11\/2016\/08\/instrumento-de-tu-paz.jpg?fit=1200%2C630&ssl=1","datePublished":"2017-06-16T06:22:24+00:00","breadcrumb":{"@id":"https:\/\/vincentians.com\/es\/acontecimiento-lugar-inspiracion-accion\/#breadcrumb"},"inLanguage":"es","potentialAction":[{"@type":"ReadAction","target":["https:\/\/vincentians.com\/es\/acontecimiento-lugar-inspiracion-accion\/"]}]},{"@type":"ImageObject","inLanguage":"es","@id":"https:\/\/vincentians.com\/es\/acontecimiento-lugar-inspiracion-accion\/#primaryimage","url":"https:\/\/i0.wp.com\/vincentians.com\/es\/wp-content\/uploads\/sites\/11\/2016\/08\/instrumento-de-tu-paz.jpg?fit=1200%2C630&ssl=1","contentUrl":"https:\/\/i0.wp.com\/vincentians.com\/es\/wp-content\/uploads\/sites\/11\/2016\/08\/instrumento-de-tu-paz.jpg?fit=1200%2C630&ssl=1","width":1200,"height":630},{"@type":"BreadcrumbList","@id":"https:\/\/vincentians.com\/es\/acontecimiento-lugar-inspiracion-accion\/#breadcrumb","itemListElement":[{"@type":"ListItem","position":1,"name":"Portada","item":"http:\/\/vincentians.com\/es\/"},{"@type":"ListItem","position":2,"name":"El acontecimiento: lugar de inspiraci\u00f3n y de acci\u00f3n"}]},{"@type":"WebSite","@id":"http:\/\/vincentians.com\/es\/#website","url":"http:\/\/vincentians.com\/es\/","name":"Somos Vicencianos","description":"Know more to serve more","publisher":{"@id":"http:\/\/vincentians.com\/es\/#organization"},"potentialAction":[{"@type":"SearchAction","target":{"@type":"EntryPoint","urlTemplate":"http:\/\/vincentians.com\/es\/?s={search_term_string}"},"query-input":{"@type":"PropertyValueSpecification","valueRequired":true,"valueName":"search_term_string"}}],"inLanguage":"es"},{"@type":"Organization","@id":"http:\/\/vincentians.com\/es\/#organization","name":"The Vincentian Network","url":"http:\/\/vincentians.com\/es\/","logo":{"@type":"ImageObject","inLanguage":"es","@id":"http:\/\/vincentians.com\/es\/#\/schema\/logo\/image\/","url":"https:\/\/i1.wp.com\/vincentians.com\/es\/wp-content\/uploads\/sites\/11\/2016\/06\/Vincentian-Network-logo-big.png?fit=778%2C778","contentUrl":"https:\/\/i1.wp.com\/vincentians.com\/es\/wp-content\/uploads\/sites\/11\/2016\/06\/Vincentian-Network-logo-big.png?fit=778%2C778","width":778,"height":778,"caption":"The Vincentian Network"},"image":{"@id":"http:\/\/vincentians.com\/es\/#\/schema\/logo\/image\/"},"sameAs":["https:\/\/www.facebook.com\/WeAreVincentians\/","https:\/\/x.com\/WeVincentians"]},{"@type":"Person","@id":"http:\/\/vincentians.com\/es\/#\/schema\/person\/9623ef4d9aa3b2dfb8c061f1499288f2","name":"Francisco Javier Fern\u00e1ndez Chento","image":{"@type":"ImageObject","inLanguage":"es","@id":"http:\/\/vincentians.com\/es\/#\/schema\/person\/image\/","url":"https:\/\/secure.gravatar.com\/avatar\/497d5cde87b4c3d097d0315953521681ba2cd523ee66e5077c3711f7021e65de?s=96&d=mm&r=g","contentUrl":"https:\/\/secure.gravatar.com\/avatar\/497d5cde87b4c3d097d0315953521681ba2cd523ee66e5077c3711f7021e65de?s=96&d=mm&r=g","caption":"Francisco Javier Fern\u00e1ndez Chento"},"description":"Director General y cofundador de La Red de Formaci\u00f3n Vicenciana. Javier es laico vicenciano, afiliado a la Congregaci\u00f3n de la Misi\u00f3n y miembro del Equipo de Misiones Populares de la provincia can\u00f3nica de Zaragoza (Espa\u00f1a) de la Congregaci\u00f3n de la Misi\u00f3n. Graduado en la Universidad Oberta de Catalunya con cuatro grados (Asistente de direcci\u00f3n, Gesti\u00f3n Administrativa, Recursos Humanos y Contabilidad Avanzada). Bil\u00edng\u00fce Espa\u00f1ol\/Ingl\u00e9s. gestiona y mantiene varias p\u00e1ginas web cristianas y vicencianas, incluida including La Red de Formaci\u00f3n Vicenciana, de la que es cofundador. Actualmente es responsable del \u00e1rea de Espa\u00f1ol de .famvin, la Red de Noticias de la Familia Vicenciana. Tambi\u00e9n es m\u00fasico cat\u00f3lico y ha editado varios discos. Es Director General y cofundador de Trovador, una reconocida compa\u00f1\u00eda discogr\u00e1fica critiana de Espa\u00f1a. Trabaja en las Tecnolog\u00edas de la Informaci\u00f3n, ofreciendo servicios de alojamiento, dise\u00f1o y mantenimiento Web, as\u00ed como asesoramiento, formaci\u00f3n y soluciones inform\u00e1ticas, gesti\u00f3n documental y digitalizaci\u00f3n de textos, edici\u00f3n y maquetaci\u00f3n de libros, revistas, flyers, etc.","sameAs":["http:\/\/chento.org","https:\/\/www.facebook.com\/JavierChento","https:\/\/x.com\/https:\/\/twitter.com\/javierchento"],"url":"https:\/\/vincentians.com\/es\/author\/chento\/"}]}},"jetpack_publicize_connections":[],"jetpack_featured_media_url":"https:\/\/i0.wp.com\/vincentians.com\/es\/wp-content\/uploads\/sites\/11\/2016\/08\/instrumento-de-tu-paz.jpg?fit=1200%2C630&ssl=1","jetpack_sharing_enabled":true,"jetpack_shortlink":"https:\/\/wp.me\/p7ETMF-3KN","jetpack-related-posts":[{"id":12219,"url":"https:\/\/vincentians.com\/es\/vicente-de-paul-conferencia-048-repeticion-de-la-oracion-del-24-de-julio-de-1655\/","url_meta":{"origin":14433,"position":0},"title":"Vicente de Pa\u00fal, Conferencia 048: Repetici\u00f3n De La Oraci\u00f3n Del 24 De Julio De 1655","author":"Francisco Javier Fern\u00e1ndez Chento","date":"18\/07\/2009","format":false,"excerpt":"Miseria general provocada por las guerras. Trabajar con abnegaci\u00f3n, celo y entrega. Ejemplo que dan los misioneros de Berber\u00eda y de Madagascar. Indulgencia plenaria concedida por el papa a todos los misioneros en la hora de la muerte. Renuevo la recomendaci\u00f3n que hice, y que nunca se har\u00e1 bastante, de\u2026","rel":"","context":"En \u00abEscritos de Vicente de Pa\u00fal\u00bb","block_context":{"text":"Escritos de Vicente de Pa\u00fal","link":"https:\/\/vincentians.com\/es\/category\/escritos\/escritos-de-vicente-de-paul\/"},"img":{"alt_text":"","src":"https:\/\/i0.wp.com\/vincentians.com\/es\/wp-content\/uploads\/sites\/11\/2016\/07\/escritos-vicente-de-paul.jpg?fit=1200%2C630&ssl=1&resize=350%2C200","width":350,"height":200,"srcset":"https:\/\/i0.wp.com\/vincentians.com\/es\/wp-content\/uploads\/sites\/11\/2016\/07\/escritos-vicente-de-paul.jpg?fit=1200%2C630&ssl=1&resize=350%2C200 1x, https:\/\/i0.wp.com\/vincentians.com\/es\/wp-content\/uploads\/sites\/11\/2016\/07\/escritos-vicente-de-paul.jpg?fit=1200%2C630&ssl=1&resize=525%2C300 1.5x, https:\/\/i0.wp.com\/vincentians.com\/es\/wp-content\/uploads\/sites\/11\/2016\/07\/escritos-vicente-de-paul.jpg?fit=1200%2C630&ssl=1&resize=700%2C400 2x, https:\/\/i0.wp.com\/vincentians.com\/es\/wp-content\/uploads\/sites\/11\/2016\/07\/escritos-vicente-de-paul.jpg?fit=1200%2C630&ssl=1&resize=1050%2C600 3x"},"classes":[]},{"id":47487,"url":"https:\/\/vincentians.com\/es\/san-vicente-de-paul-y-la-mision-ad-gentes\/","url_meta":{"origin":14433,"position":1},"title":"San Vicente de Pa\u00fal y la Misi\u00f3n \u00abad Gentes\u00bb","author":"Francisco Javier Fern\u00e1ndez Chento","date":"01\/08\/2011","format":false,"excerpt":"I.- Introducci\u00f3n A lo largo de la Edad Media la cristiandad casi hab\u00eda alcanzado los l\u00edmites del mundo antiguo: la mar oc\u00e9ano, los hielos boreales, la estepa t\u00e1rtara, pero hacia el este y el sur se hab\u00eda topado con la muralla del Islam. Al alba del siglo XVI, ante los\u2026","rel":"","context":"En \u00abFormaci\u00f3n Vicenciana\u00bb","block_context":{"text":"Formaci\u00f3n Vicenciana","link":"https:\/\/vincentians.com\/es\/category\/formacion-vicenciana\/"},"img":{"alt_text":"","src":"https:\/\/i0.wp.com\/vicencianos.org\/wp-content\/2011\/07\/San-Vicente-29-300x291.jpg?resize=350%2C200","width":350,"height":200},"classes":[]},{"id":49596,"url":"https:\/\/vincentians.com\/es\/palabras-de-san-vicente-acerca-de-las-misiones\/","url_meta":{"origin":14433,"position":2},"title":"Palabras de San Vicente acerca de las Misiones","author":"Francisco Javier Fern\u00e1ndez Chento","date":"16\/05\/2015","format":false,"excerpt":"1. SV XII, 26-27 \/ ES XI, 342-343 A prop\u00f3sito de lo que acaba de decirse del don de lenguas, creo que ser\u00e1 conveniente que le pidamos hoy a Dios la gracia de aprender bien las lenguas extranjeras, para los que sean enviados a pa\u00edses lejanos; pues, desde que quiso\u2026","rel":"","context":"En \u00abEspiritualidad vicenciana\u00bb","block_context":{"text":"Espiritualidad vicenciana","link":"https:\/\/vincentians.com\/es\/category\/espiritualidad\/espiritualidad-vicenciana\/"},"img":{"alt_text":"","src":"https:\/\/i0.wp.com\/vicencianos.org\/wp-content\/2011\/07\/cuadro_vicente-227x300.jpg?resize=350%2C200","width":350,"height":200},"classes":[]},{"id":22999,"url":"https:\/\/vincentians.com\/es\/tal-dia-como-hoy-22-de-noviembre\/","url_meta":{"origin":14433,"position":3},"title":"Tal d\u00eda como hoy: 22 de noviembre","author":"Francisco Javier Fern\u00e1ndez Chento","date":"22\/11\/2016","format":false,"excerpt":"1645. Llega a T\u00fanez el P. Juli\u00e1n Gu\u00e9rin, primer sacerdote de la Misi\u00f3n enviado por Vicente de Pa\u00fal para socorrer espiritualmente a los esclavos cristianos de Berber\u00eda. Le acompa\u00f1a el hermano Francisco Francillon. 1659. Vicente de Pa\u00fal escribe una carta al mariscal de la Meilleraye y otra al P. Nicol\u00e1s\u2026","rel":"","context":"En \u00abEfem\u00e9rides Vicencianas\u00bb","block_context":{"text":"Efem\u00e9rides Vicencianas","link":"https:\/\/vincentians.com\/es\/category\/historia-de-la-familia-vicenciana\/efemerides-vicencianas\/"},"img":{"alt_text":"","src":"https:\/\/i0.wp.com\/vincentians.com\/es\/wp-content\/uploads\/sites\/11\/2016\/07\/ephemerides-fb.jpg?fit=1200%2C630&ssl=1&resize=350%2C200","width":350,"height":200,"srcset":"https:\/\/i0.wp.com\/vincentians.com\/es\/wp-content\/uploads\/sites\/11\/2016\/07\/ephemerides-fb.jpg?fit=1200%2C630&ssl=1&resize=350%2C200 1x, https:\/\/i0.wp.com\/vincentians.com\/es\/wp-content\/uploads\/sites\/11\/2016\/07\/ephemerides-fb.jpg?fit=1200%2C630&ssl=1&resize=525%2C300 1.5x, https:\/\/i0.wp.com\/vincentians.com\/es\/wp-content\/uploads\/sites\/11\/2016\/07\/ephemerides-fb.jpg?fit=1200%2C630&ssl=1&resize=700%2C400 2x, https:\/\/i0.wp.com\/vincentians.com\/es\/wp-content\/uploads\/sites\/11\/2016\/07\/ephemerides-fb.jpg?fit=1200%2C630&ssl=1&resize=1050%2C600 3x"},"classes":[]},{"id":131909,"url":"https:\/\/vincentians.com\/es\/el-senor-vicente-relee-su-vida-xi\/","url_meta":{"origin":14433,"position":4},"title":"El se\u00f1or Vicente relee su vida (XI)","author":"Francisco Javier Fern\u00e1ndez Chento","date":"21\/12\/2014","format":false,"excerpt":"Y las Damas continuaron su asistencia. Hombres de oraci\u00f3n En medio de tantas ocupaciones, he puesto todo el inter\u00e9s en seguir fiel al estudio, especialmente en teolog\u00eda. Hubo en particular que hacer frente a las teor\u00edas de Ba\u00efus despu\u00e9s de Jansenio y Arnaud . En efecto, en 1637 yo hab\u00eda\u2026","rel":"","context":"En \u00abVicente de Pa\u00fal\u00bb","block_context":{"text":"Vicente de Pa\u00fal","link":"https:\/\/vincentians.com\/es\/category\/la-familia-vicenciana\/fundadores\/vicente-de-paul\/"},"img":{"alt_text":"corazon","src":"https:\/\/i0.wp.com\/vicencianos.org\/wp-content\/2014\/12\/corazon-289x300.jpg?resize=350%2C200","width":350,"height":200},"classes":[]},{"id":129362,"url":"https:\/\/vincentians.com\/es\/vicente-de-paul-carta-1233-carlos-nacquart-sacerdote-de-la-mision-a-san-vicente\/","url_meta":{"origin":14433,"position":5},"title":"Vicente de Pa\u00fal, Carta 1233: Carlos Nacquart, Sacerdote de la Misi\u00f3n, a San Vicente","author":"Francisco Javier Fern\u00e1ndez Chento","date":"16\/02\/2014","format":false,"excerpt":"Se\u00f1or y mi muy honorable padre. Le pido su bendici\u00f3n. Ya que el largo trecho de mar que nos separa me impide darle cuenta oralmente de mi misi\u00f3n, he recurrido a la presente para presentarle y por medio de usted a la sagrada Congregaci\u00f3n de Propaganda Fide, la relaci\u00f3n que\u2026","rel":"","context":"En \u00abEscritos de Vicente de Pa\u00fal\u00bb","block_context":{"text":"Escritos de Vicente de Pa\u00fal","link":"https:\/\/vincentians.com\/es\/category\/escritos\/escritos-de-vicente-de-paul\/"},"img":{"alt_text":"","src":"https:\/\/i0.wp.com\/vincentians.com\/es\/wp-content\/uploads\/sites\/11\/2016\/07\/escritos-vicente-de-paul.jpg?fit=1200%2C630&ssl=1&resize=350%2C200","width":350,"height":200,"srcset":"https:\/\/i0.wp.com\/vincentians.com\/es\/wp-content\/uploads\/sites\/11\/2016\/07\/escritos-vicente-de-paul.jpg?fit=1200%2C630&ssl=1&resize=350%2C200 1x, https:\/\/i0.wp.com\/vincentians.com\/es\/wp-content\/uploads\/sites\/11\/2016\/07\/escritos-vicente-de-paul.jpg?fit=1200%2C630&ssl=1&resize=525%2C300 1.5x, https:\/\/i0.wp.com\/vincentians.com\/es\/wp-content\/uploads\/sites\/11\/2016\/07\/escritos-vicente-de-paul.jpg?fit=1200%2C630&ssl=1&resize=700%2C400 2x, https:\/\/i0.wp.com\/vincentians.com\/es\/wp-content\/uploads\/sites\/11\/2016\/07\/escritos-vicente-de-paul.jpg?fit=1200%2C630&ssl=1&resize=1050%2C600 3x"},"classes":[]}],"_links":{"self":[{"href":"https:\/\/vincentians.com\/es\/wp-json\/wp\/v2\/posts\/14433","targetHints":{"allow":["GET"]}}],"collection":[{"href":"https:\/\/vincentians.com\/es\/wp-json\/wp\/v2\/posts"}],"about":[{"href":"https:\/\/vincentians.com\/es\/wp-json\/wp\/v2\/types\/post"}],"author":[{"embeddable":true,"href":"https:\/\/vincentians.com\/es\/wp-json\/wp\/v2\/users\/4"}],"replies":[{"embeddable":true,"href":"https:\/\/vincentians.com\/es\/wp-json\/wp\/v2\/comments?post=14433"}],"version-history":[{"count":1,"href":"https:\/\/vincentians.com\/es\/wp-json\/wp\/v2\/posts\/14433\/revisions"}],"predecessor-version":[{"id":400709,"href":"https:\/\/vincentians.com\/es\/wp-json\/wp\/v2\/posts\/14433\/revisions\/400709"}],"wp:featuredmedia":[{"embeddable":true,"href":"https:\/\/vincentians.com\/es\/wp-json\/wp\/v2\/media\/399698"}],"wp:attachment":[{"href":"https:\/\/vincentians.com\/es\/wp-json\/wp\/v2\/media?parent=14433"}],"wp:term":[{"taxonomy":"category","embeddable":true,"href":"https:\/\/vincentians.com\/es\/wp-json\/wp\/v2\/categories?post=14433"},{"taxonomy":"post_tag","embeddable":true,"href":"https:\/\/vincentians.com\/es\/wp-json\/wp\/v2\/tags?post=14433"}],"curies":[{"name":"wp","href":"https:\/\/api.w.org\/{rel}","templated":true}]}}