{"id":143160,"date":"2015-04-16T03:36:54","date_gmt":"2015-04-16T01:36:54","guid":{"rendered":"http:\/\/somos.vicencianos.org\/?p=143160"},"modified":"2016-07-26T19:17:50","modified_gmt":"2016-07-26T17:17:50","slug":"san-vicente-estudiante-y-docente-o-la-escuela-hoy-segun-san-vicente","status":"publish","type":"post","link":"https:\/\/vincentians.com\/es\/san-vicente-estudiante-y-docente-o-la-escuela-hoy-segun-san-vicente\/","title":{"rendered":"San Vicente, estudiante y docente o la escuela hoy seg\u00fan san Vicente"},"content":{"rendered":"<h2><strong>Introducci\u00f3n<\/strong><\/h2>\n<p><a href=\"https:\/\/i0.wp.com\/vicencianos.org\/wp-content\/2012\/12\/vicentepaul.jpg\"><img data-recalc-dims=\"1\" loading=\"lazy\" decoding=\"async\" class=\"alignright size-medium wp-image-117096\" src=\"https:\/\/i0.wp.com\/vicencianos.org\/wp-content\/2012\/12\/vicentepaul-235x300.jpg?resize=235%2C300\" alt=\"vicentepaul\" width=\"235\" height=\"300\" \/><\/a>Es evidente que desde los comienzos del siglo XVII en Francia los tiempos han cambiado y especialmente en lo que se refiere a la escuela y a la ense\u00f1anza.<\/p>\n<p>Se estima que en los primeros a\u00f1os del siglo XVII, los \u00be de la poblaci\u00f3n masculina y las 9\/10 de la poblaci\u00f3n femenina eran totalmente analfabetos. Los muchachos se ocupaban, siguiendo las estaciones del a\u00f1o, de las tareas del campo; las chicas estaban encargadas de hacer la limpieza de la casa. Por eso, ni unos ni otros ten\u00edan necesidad de frecuentar la escuela.<\/p>\n<p>El norte de Francia estaba menos desfavorecido que el sur y, en general, las ciudades iban por delante del campo. Pero, durante el siglo XVII, se inicia una extraordinaria corriente gracias a los se\u00f1ores y sobre todo, a los obispos, multiplic\u00e1ndose las escuelas de los pueblos. Sin embargo, los resultados fueron lentos y bastante relativos debido al nivel modesto de los maestros de escuela por una parte y por otra, a la irregularidad de la frecuencia escolar. Sin embargo, cuando se comparan los registros de comienzo y finales de siglo, se constata un aumento muy importante en el n\u00famero de los que sab\u00edan firmar con su nombre.<\/p>\n<p>Notemos por \u00faltimo, que es la Iglesia la que lanza el movimiento y, san Vicente, lo veremos, participa muy activamente en el mismo. El fin de la Iglesia era, manifiestamente la evangelizaci\u00f3n. No podr\u00edamos reproch\u00e1rselo. Ante la amenaza y la progresi\u00f3n del protestantismo, la Iglesia estim\u00f3 que conven\u00eda aumentar el n\u00famero de cristianos que supiesen leer, comprender y retener el catecismo que el Concilio de Trento acababa de actualizar. Se abrieron escuelas en los pueblos; se organizaron medios como la ense\u00f1anza de la lectura y escritura con miras al catecismo. Esta visi\u00f3n catequ\u00e9tica, se encontr\u00f3 en los proyectos y consejos que san Vicente dio para las escuelitas, a las Hijas de la Caridad que estaban a su cargo.<\/p>\n<p>A grandes rasgos esta era la situaci\u00f3n escolar en tiempo de san Vicente, en Francia. Convendr\u00eda que a lo largo de nuestro estudio record\u00e1ramos algunas observaciones, porque san Vicente, con toda naturalidad concibi\u00f3 y realiz\u00f3 la ense\u00f1anza teniendo en cuenta su tiempo. En relaci\u00f3n con sus contempor\u00e1neos, fue incluso uno de los que m\u00e1s se implic\u00f3 en su tiempo, por temperamento y por espiritualidad.<\/p>\n<p>Vicente de Pa\u00fal no era un te\u00f3rico de sal\u00f3n. En efecto, era muy inteligente e incluso muy culto para su \u00e9poca; pero ante todo, era un hombre pr\u00e1ctico, comprometido, un hombre para el que las mejores doctrinas y las mejores ideas no ten\u00edan valor m\u00e1s que en la medida que se pod\u00edan traducir concretamente sobre el terreno. Me permito creer que desde este punto de vista, el Se\u00f1or Vicente podr\u00eda todav\u00eda ser muy \u00fatil a nuestra Educaci\u00f3n Nacional.<\/p>\n<p>No me resisto al encanto de leer de nuevo con ustedes este conocido pasaje que siempre ofrezco al comienzo de los encuentros, porque me parece que es una de las grandes claves del conocimiento y del estudio de san Vicente. Este pasaje me parece que ilustra bien, todo lo que acabo de decir sobre el temperamento y la espiritualidad de san Vicente en materia de ense\u00f1anza como en cualquier otra materia.<\/p>\n<p>\u201c<em>Amemos a Dios, hermanos m\u00edos, amemos a Dios, pero que sea a costa de nuestros brazos, que sea con el sudor de nuestra frente. Pues muchas veces los actos de amor de Dios, de complacencia, de benevolencia, y otros semejantes afectos y pr\u00e1cticas interiores de un coraz\u00f3n amante, aunque muy buenos y deseables, resultan sin embargo muy sospechosos, cuando no se llega a la pr\u00e1ctica del amor efectivo: \u00abMi Padre es glorificado, dice nuestro Se\u00f1or, en que deis mucho fruto\u00bb. Hemos de tener mucho cuidado en esto; porque hay muchos que, preocupados de tener un aspecto externo de compostura y el interior lleno de grandes sentimientos de Dios, se detienen en esto; y cuando se llega a los hechos y se presentan ocasiones de obrar, se quedan cortos. Se muestran satisfechos de su imaginaci\u00f3n calenturienta, contentos con los dulces coloquios que tienen con Dios en la oraci\u00f3n, hablan casi como los \u00e1ngeles; pero luego, cuando se trata de trabajar por Dios, de sufrir, de mortificarse, de instruir a los pobres, de ir a buscar a la oveja descarriada, de desear que les falte alguna cosa, de aceptar las enfermedades o cualquier cosa desagradable, \u00a1ay!, todo se viene abajo y les fallan los \u00e1nimos. No, no nos enga\u00f1emos: Totum opus nostrum in operatione consistit.<\/em><\/p>\n<p><em>Y esto es tan cierto que el santo Ap\u00f3stol nos declara que solamente nuestras obras son las que nos acompa\u00f1an a la otra vida. Pensemos, pues, en esto; sobre todo, teniendo en cuenta que en este siglo hay muchos que parecen virtuosos, y que lo son efectivamente, pero que se inclinan a una vida tranquila y muelle, antes que a una devoci\u00f3n esforzada y s\u00f3lida. La Iglesia es como una gran mies que requiere obreros, pero obreros que trabajen. No hay nada tan conforme con el evangelio como reunir, por un lado, luz y fuerzas para el alma en la oraci\u00f3n, en la lectura y en el retiro y, por otro lado, ir luego a hacer part\u00edcipes a los hombres de este alimento espiritual. Esto es hacer lo que hizo nuestro Se\u00f1or y, despu\u00e9s de \u00e9l, sus ap\u00f3stoles; es juntar el oficio de Marta con el de Mar\u00eda; es imitar a la paloma, que digiere a medias la comida que toma, y luego pone lo dem\u00e1s en el pico de sus peque\u00f1os para alimentarlos. Esto es lo que hemos de hacer nosotros y la forma con que hemos de demostrar a Dios con obras que lo amamos. <\/em>(SV XI-4, 733-734).<\/p>\n<p>No esperemos encontrar en san Vicente, en sus palabras o en sus escritos, cualquier doctrina sobre la escuela o la ense\u00f1anza. Sin embargo, en su experiencia, en sus consignas pr\u00e1cticas, en sus reacciones a los problemas y a la situaci\u00f3n de los ni\u00f1os, es posible encontrar grandes l\u00edneas y algunos principios que todav\u00eda hoy conservan todo su valor y que precisan bien el esp\u00edritu particular que debe animarnos en la funci\u00f3n de la ense\u00f1anza.<\/p>\n<p>Si lo prefieren, esta tarde hablaremos sobre todo de la experiencia personal de Vicente de Pa\u00fal en materia de ense\u00f1anza y algunas conclusiones a las que ha llegado. Ma\u00f1ana, abordaremos de manera m\u00e1s precisa el tema de la ense\u00f1anza en la vocaci\u00f3n de la Hija de la Caridad.<\/p>\n<h2><strong> 1. La experiencia del se\u00f1or Vicente<\/strong><\/h2>\n<p>Esta primera parte de mi conferencia es particularmente importante. En efecto, Vicente de Pa\u00fal fue un hombre de experiencia. Tal vez sea el rasgo de su car\u00e1cter que sobresale con mayor claridad a lo largo de su vida. Tuvo el don de estudiar, de reflexionar y explotar a fondo lo que hab\u00eda vivido: el acontecimiento de Gannes-Folleville, el de Ch\u00e2tillon y tambi\u00e9n los encuentros, como los de San Francisco de Sales, Luisa de Marillac, Margarita Naseau o tambi\u00e9n la visita a una c\u00e1rcel o un hospital. Tambi\u00e9n en sus conferencias o en sus cartas, nos sorprende con frecuencia un se\u00f1or Vicente reflexionando sobre un acontecimiento y sacando lecciones para su acci\u00f3n.<\/p>\n<p>En lo que se refiere a la ense\u00f1anza, parece evidente que el Se\u00f1or Vicente se sirvi\u00f3 mucho y sobre todo de su propia experiencia.<\/p>\n<p>Recordemos. Vicente naci\u00f3 el 24 de abril de 1581, en el pueblo de Pouy, en una peque\u00f1a granja. Desde su m\u00e1s tierna edad, se ocup\u00f3 de las tareas del campo. Seg\u00fan su propio testimonio, se especializ\u00f3 en guardar el ganado. Para \u00e9l, no fue problema la escuela, m\u00e1s que para sus tres hermanos y sus 2 hermanas: eran demasiado pobres en la familia. Durante sus catorce primeros a\u00f1os, el joven Vicente tuvo tiempo de experimentar la dura e ingrata vida de las pobres gentes del campo y de reflexionar sobre ella.<\/p>\n<p>Pronto en su mente de ni\u00f1o, nace y crece una cierta ambici\u00f3n. Conocen ustedes todos estos recuerdos de infancia, que el se\u00f1or Vicente evocaba cuando ten\u00eda 78 a\u00f1os: <em>\u00abRecordaba hace unos momentos que, cuando era un muchacho, cuando mi padre me llevaba con \u00e9l a la ciudad, como estaba mal trajeado y era un poco cojo, me daba verg\u00fcenza ir con \u00e9l y reconocerlo como padre \u00ab<\/em> (SV XI-4, 693) El padre de Vicente muri\u00f3 en el a\u00f1o 1598 y esta confidencia la hizo en diciembre de 1659. Remordimiento conmovedor y reacci\u00f3n significativa. Vicente era muy inteligente (lo probar\u00e1 ampliamente); tal vez pens\u00f3 entonces que podr\u00eda hacer otra cosa m\u00e1s que cuidar las vacas, los corderos y los cerditos a orillas del Adour.<\/p>\n<p>El padre de Vicente termina por aceptar el ingreso de su hijo en el colegio de Dax, en 1595. Para ello, hizo muchos sacrificios materiales, confiando en que Vicente alcanzara r\u00e1pidamente una buena posici\u00f3n, que le permitiese ayudar pronto a su familia.<\/p>\n<p>As\u00ed, Vicente comienza sus estudios a los 14 a\u00f1os y no pierde el tiempo. Dos a\u00f1os m\u00e1s tarde, en 1597, frecuentaba ya la universidad de Toulouse. Ciertamente, el nivel de estudios de entonces no ten\u00eda nada que ver con el de hoy, sobre todo en los estudios eclesi\u00e1sticos. Pero es innegable que Vicente fue un alumno dotado y trabajador. Si se orient\u00f3 hacia los estudios eclesi\u00e1sticos es sin duda, al menos en parte, porque en la \u00e9poca eran pr\u00e1cticamente la <em>\u201c\u00fanica salida para los muchachos pobres y el \u00fanico medio de adquirir la instrucci\u00f3n sin estar demasiado a cargo de los padres\u201d. <\/em><\/p>\n<p>Vicente debi\u00f3 interrumpir durante un cierto tiempo sus estudios universitarios para tomar la direcci\u00f3n de una peque\u00f1a instituci\u00f3n, en Buzet, a 30 kil\u00f3metros de Toulouse, donde instruy\u00f3 a algunos j\u00f3venes internos.<\/p>\n<p>Entre tanto, es ordenado sacerdote, el 23 de septiembre de 1600, en Ch\u00e2teau-l\u2019Ev\u00eaque, cuando s\u00f3lo ten\u00eda 19 a\u00f1os y medio. En 1604, dej\u00f3 la Universidad con el t\u00edtulo de bachiller en teolog\u00eda lo que le daba derecho a ense\u00f1ar en la universidad.<\/p>\n<p>As\u00ed, Vicente de Pa\u00fal, hizo, para su tiempo y en relaci\u00f3n con la mayor\u00eda de los sacerdotes de su \u00e9poca, muy buenos estudios. El per\u00edodo siguiente le ense\u00f1\u00f3 ampliamente, c\u00f3mo este equipaje intelectual acumulado durante los nueve a\u00f1os de estudios pod\u00eda servirle eficazmente en la promoci\u00f3n del pobre, que \u00e9l mismo era.<\/p>\n<p>Esta experiencia, Vicente no la olvid\u00f3 nunca, lo que en gran parte explica la importancia que siempre dio a la instrucci\u00f3n y a la ense\u00f1anza en el servicio de los pobres.<\/p>\n<p>Es significativo, por ejemplo, que, en la carta a su madre del 17 de febrero de 1610 (\u00fanica carta a su madre que hemos conservado), escrita cuando era capell\u00e1n en la corte de Margarita de Valois, Vicente de Pa\u00fal precisara: <em>\u00abMe gustar\u00eda tambi\u00e9n que mi hermano hiciese estudiar a alguno de mis sobrinos\u00bb<\/em> (SV, I 89). Efectivamente, uno de los sobrinos de Vicente comenz\u00f3 los estudios y lleg\u00f3 a ser sacerdotes: Francisco de Pa\u00fal fue sacerdote prebendado de Capbreton; muri\u00f3 el 8 de junio de 1678.<\/p>\n<p>Vicente record\u00f3 siempre esta experiencia de una promoci\u00f3n gracias a la instrucci\u00f3n. Su visi\u00f3n en materia de caridad efectiva no consist\u00eda solo en socorrer o asistir sino en dar a los pobres los medios para ser aut\u00f3nomos. Esta \u00faltima expresi\u00f3n se repite con frecuencia en la pluma y en los labios de Vicente de Pa\u00fal y constituye sin duda uno de los grandes principios de su acci\u00f3n. Sin embargo, por experiencia, Vicente se dio cuenta de que la instrucci\u00f3n era un medio muy eficaz para dar a los pobres la posibilidad de bastarse a ellos mismos. De ah\u00ed la importancia que da desde los comienzos a la ense\u00f1anza en el servicio de los pobres, importancia que constantemente recordar\u00e1 hasta el final de su vida.<\/p>\n<p>Acabamos de evocar la experiencia de estudiante de Vicente de Pa\u00fal, la experiencia de una promoci\u00f3n social debida, en gran parte, a los estudios. Veamos ahora su experiencia de docente.<\/p>\n<p>Desgraciadamente no tenemos demasiadas informaciones y documentos sobre esta experiencia. Pero no es in\u00fatil subrayar que la primera actividad profesional de Vicente de Pa\u00fal fue una actividad como docente. Ya, en el Colegio de Dax, cuando no ten\u00eda m\u00e1s que 15 o 16 a\u00f1os, realiz\u00f3 la funci\u00f3n de profesor con los hijos peque\u00f1os del Se\u00f1or de Comet. M\u00e1s tarde, en Buzet, se ocup\u00f3 de una peque\u00f1a pensi\u00f3n donde ense\u00f1\u00f3; por \u00faltimo, fue preceptor en casa de los Gondi.<\/p>\n<p>Antes del famoso a\u00f1o 1617, a\u00f1o de Gannes-Folleville y de Ch\u00e2tillon, Vicente se encuentra, en situaci\u00f3n y en funci\u00f3n de docente durante unos diez a\u00f1os. Me parece que no se ha insistido suficientemente en este punto, sin embargo es muy importante en la experiencia de san Vicente. Sin exagerar, creo que podemos decir que, cronol\u00f3gicamente, fue sobre todo un profesor y sin ninguna duda un profesor dotado.<\/p>\n<p>Si tuvi\u00e9semos tiempo, podr\u00edamos desarrollar extensamente la pedagog\u00eda del Se\u00f1or Vicente; pedagog\u00eda en materia de catequesis o de predicaci\u00f3n, pedagog\u00eda en sus conferencias a los misioneros y sobre todo, en sus conferencia a las Hijas de la Caridad.<\/p>\n<p>En todos estos terrenos, encontramos con seguridad el fruto de la experiencia del Vicente docente. En lo que se refiere a las Hijas de la Caridad, un estudio de los tomos IX y X de Coste ser\u00eda muy interesante e iluminador. Se sabe que hay importantes excepciones, sin embargo entre las primeras Hijas de la Caridad que fueron pobres campesinas un cierto n\u00famero no sab\u00eda ni leer ni escribir. El Se\u00f1or Vicente busc\u00f3 pacientemente el mejor m\u00e9todo para asegurar su instrucci\u00f3n y su formaci\u00f3n. Le gustaba mucho la forma dialogada en su ense\u00f1anza. Pero se dio cuenta de que las m\u00e1s cultas hablaban m\u00e1s a menudo y durante m\u00e1s tiempo que las dem\u00e1s. Entonces comenz\u00f3 con el m\u00e9todo de las preguntas-respuestas, poniendo a veces de relieve el valor, tal vez un poco banal pero formulado por alguna Hermana menos capacitada. Ten\u00eda el arte de conseguir que su auditorio se sintiese c\u00f3modo y con confianza. Sab\u00eda explicar con sencillez, volver sobre un tema ya estudiado, como una especie de revisi\u00f3n. Ten\u00eda el arte de ilustrar su curso y la preocupaci\u00f3n por conservar siempre su ense\u00f1anza en relaci\u00f3n con la vida. Viv\u00eda intensamente sus momentos de conversaci\u00f3n hasta el punto de olvidar la hora o de no poder dominar su emoci\u00f3n; y rele\u00eda atentamente las notas que hab\u00edan tomado. En resumen, Vicente de Pa\u00fal profesor, se revela como un pedagogo dotado, apasionado y experimentado. Se podr\u00eda hacer una buena tesis sobre este tema.<\/p>\n<p>Abordemos algunas conclusiones.<\/p>\n<p>Vicente de Pa\u00fal fue estudiante durante unos cuantos a\u00f1os y nunca olvid\u00f3 todo lo que esto le hab\u00eda aportado. Durante muchos a\u00f1os, fue profesor y pr\u00e1cticamente de una manera o de otra, lo fue toda su vida. Esta doble experiencia, Vicente la explot\u00f3 met\u00f3dicamente para un mejor servicio de los pobres.<\/p>\n<p>1. En primer lugar, y por m\u00e1s que se haya podido decir, el Se\u00f1or Vicente tuvo una actitud positiva con relaci\u00f3n a los estudios. Se le ha representado a veces como una especie de cura de Ars antes de tiempo, con medios limitados pero de una extraordinaria santidad. Esta manera de ver respond\u00eda a una cierta tendencia de la espiritualidad del siglo XIX y comienzos del XX. Para subrayar mejor la acci\u00f3n de la gracia y acentuar el lado maravilloso de la santidad, se minimizaba la importancia de las realidades y de los medios naturales.<\/p>\n<p>Vicente de Pa\u00fal, ustedes lo saben, realiz\u00f3 excelentes estudios para su tiempo y probablemente hab\u00eda adquirido una apreciable cultura general. A veces \u00e9l mismo se describe como un \u201cpobre escolar de cuarto\u201d; era esto, solo un poco de humildad sazonada con mucha malicia gascona.<\/p>\n<p>Hablando a sus comunidades, les recuerda frecuentemente la necesidad de la humildad del cuerpo, pero tambi\u00e9n insiste mucho en la competencia pues ve\u00eda que era una exigencia resultante del respeto y de la justicia debida a los pobres: <em>\u00abAunque todos los sacerdotes est\u00e9n obligados a ser sabios, nosotros estamos especialmente obligados a ello, en virtud de los ejercicios y ocupaciones que nos ha dado la divina providencia.\u00bb<\/em> (SV XI-3, 50). Y a\u00f1ade: <em>\u201cSe necesita la ciencia, hermanos m\u00edos, \u00a1y ay de los que no emplean bien el tiempo! Pero tengamos miedo, hermanos m\u00edos, tengamos miedo y hasta temblemos y temblemos mil veces m\u00e1s de lo que podr\u00eda deciros; porque los que tienen talento tienen mucho que temer: la ciencia hincha, el amor en cambio edifica (<\/em>1 Cor 8, 1) <em>y los que no lo tienen, todav\u00eda es peor, si no se humillan\u201d <\/em>(SV XI-3, 50)<\/p>\n<p>El Se\u00f1or Vicente no aceptaba el estudio en sus Comunidades como un medio para aparentar y hacerse valer, y criticaba \u201cpor deseos de parecer, apacent\u00e1ndonos de humo, querremos estar por encima de los dem\u00e1s, ser tenidos por sutiles\u201d. Para \u00e9l, el estudio, en sus Comunidades, deb\u00eda ser un medio para mejorar la evangelizaci\u00f3n y para servir mejor a los pobres. \u00a1Nunca fue enemigo de los estudios, al contrario! Pero en lo que concern\u00eda a los sacerdotes de la Misi\u00f3n y a las Hijas de la Caridad, no quer\u00eda estudios que no estuviesen orientados a la evangelizaci\u00f3n y al servicio de los pobres. Espero tener ocasi\u00f3n de volver sobre el tema. De momento, a\u00f1ado algunas palabras sobre la acci\u00f3n capital iniciada por san Vicente para la instrucci\u00f3n y la formaci\u00f3n del clero para la obra de los seminarios y para una especie de formaci\u00f3n permanente, que concibi\u00f3 y realiz\u00f3 con el nombre de \u201cConferencias de los martes\u201d, reuniones semanales durante las cuales, los sacerdotes intercambiaban \u201csobre su experiencia pastoral, profundizaban alg\u00fan punto de teolog\u00eda y hac\u00edan ejercicios pr\u00e1cticos de predicaci\u00f3n y catequesis\u201d. Lejos de haber tenido una especie de obscurantismo, Vicente de Pa\u00fal, por el contrario, trabaj\u00f3 activamente por realzar el nivel intelectual de la Iglesia de su tiempo.<\/p>\n<p>2. De sus experiencias de estudiante y de docente, Vicente de Pa\u00fal lleg\u00f3 a la conclusi\u00f3n de que la ense\u00f1anza era una de las formas m\u00e1s eficaces del servicio de los pobres. Cierto, para \u00e9l como para el conjunto de la Iglesia de su tiempo, la instrucci\u00f3n e incluso simplemente la alfabetizaci\u00f3n (porque sobre todo se trataba de eso) eran medios para una mejor evangelizaci\u00f3n y una catequizaci\u00f3n m\u00e1s duradera. Pero parece que san Vicente, como se le dir\u00eda hoy, percibiera a la perfecci\u00f3n que para los pobres, la instrucci\u00f3n era un medio de promoci\u00f3n y de autonom\u00eda social, un medio de liberaci\u00f3n. Es verdad que no se encuentra ninguno de esos t\u00e9rminos en el lenguaje vicenciano \u00a1y con raz\u00f3n! Pero encontramos el equivalente detr\u00e1s de las palabras o expresiones como las que ya hemos visto: \u201c<em>que no estuviesen a cargo de nadie<\/em>, <em>que se bastasen por ellos mismos y ganasen su vida\u201d <\/em><\/p>\n<p>En todos los reglamentos de las Cofrad\u00edas de la Caridad que encontramos en el volumen X de Coste (p\u00e1ginas569-570), estas expresiones salen constantemente de una manera o de otra. Y el Se\u00f1or Vicente precisar\u00e1 que s\u00f3lo los ni\u00f1os, los impedidos y los ancianos deben recibir todos sus medios de vida; por el contrario dec\u00eda, los que pueden ganarse una parte de su vida no recibir\u00e1n de la Cofrad\u00eda m\u00e1s que el suplemento que les falte. Saben ustedes que en el momento de la distribuci\u00f3n de las ayudas nacionales en Lorena o en Picard\u00eda despu\u00e9s de los destrozos de las guerras, el Se\u00f1or Vicente pidi\u00f3 que una vez estuviesen repartidas la ayudas de urgencia, se distribuyese a los campesinos arruinados herramientas y semillas. Siempre con el mismo objetivo: permitir a los pobres que se valgan por ellos mismos lo m\u00e1s pronto posible. Fue este un principio fundamental de la caridad vicenciana y es en esta perspectiva en la que Vicente de Pa\u00fal sit\u00faa la funci\u00f3n de docente y el papel de la escuela. Seg\u00fan san Vicente, esta deb\u00eda ofrecer al ni\u00f1o pobre los medios y las oportunidades para ganarse la vida, los medios para dejar las filas de los asistidos. Por eso Vicente de Pa\u00fal organiz\u00f3 en los pueblos verdaderas escuelitas profesionales; all\u00ed se aprend\u00eda a leer y a escribir, pero sobre todo se aprend\u00eda un oficio. A este tipo de escuela la llamaba \u201cla manufactura\u201d<\/p>\n<p>En el reglamento de una caridad mixta leemos lo siguiente: <em>\u00abA los ni\u00f1os, a los inv\u00e1lidos y a los decr\u00e9pitos se les dar\u00e1 todas las semanas lo necesario para vivir; a los que ganen una parte de su sustento, la compa\u00f1\u00eda les dar\u00e1 el resto; en cuanto a los muchachos, se les pondr\u00e1 en alg\u00fan oficio, como de tejedor, que no cuesta m\u00e1s que tres o cuatro escudos por cada aprendiz, o bien se levantar\u00e1 un taller de alguna obra f\u00e1cil, como un telar\u2026Se reunir\u00e1 a todos los muchachos en una casa alquilada indicada para ello, donde se les har\u00e1 vivir y trabajar bajo la direcci\u00f3n de un eclesi\u00e1stico y el gobierno de un maestro obrero\u2026 Los pobres aprendices, con sus padres y madres, se obligar\u00e1n de palabra, bajo juramento, a ense\u00f1ar gratis su oficio a los ni\u00f1os pobres de la ciudad que vengan despu\u00e9s de ellos, cuando los oficiales de la Caridad se lo ordenen, con la carga de que dichos aprendices a quienes ellos ense\u00f1en ser\u00e1n alimentados por la compa\u00f1\u00eda\u00bb <\/em>(SV X, 649- 650).<\/p>\n<p>Todo esto puede parecer hoy bastante rudimentario; pero en el siglo XVII, este tipo de obra era relativamente in\u00e9dita. En cualquier caso, este ejemplo de las manufacturas manifiesta cual era la preocupaci\u00f3n de san Vicente en materia de ense\u00f1anza, a saber: preparar concretamente para la vida, dar a los ni\u00f1os pobres el m\u00e1ximo de oportunidades y medios para vivir por ellos mismos, sin temer a los azares y a la humillaci\u00f3n de las ayudas y la limosna. Incluso si san Vicente no emple\u00f3 estos t\u00e9rminos, yo creo que se trataba de lo que hoy llamamos la preocupaci\u00f3n por la promoci\u00f3n social de los pobres. Habr\u00eda que evocar aun, en el mismo sentido todo lo que el Se\u00f1or Vicente inici\u00f3, con las Primeras Hijas de la Caridad, para la promoci\u00f3n de la mujer. En su tiempo, nueve de diez mujeres y j\u00f3venes, en Francia, eran analfabetas.\u00a0\u00a0 Les crueles r\u00e9plicas de los personajes como las \u201cMujeres sabias\u201d o las \u201cPreciosas rid\u00edculas\u201d son demasiado conocidas\u2026En este dominio tambi\u00e9n, san Vicente tuvo una acci\u00f3n determinante.<\/p>\n<p>De momento, retengamos que, de sus experiencias como estudiante y docente, Vicente de Pa\u00fal lleg\u00f3 a la convicci\u00f3n de que la docencia era uno de los grandes y m\u00e1s eficaces medios para servir concretamente al pobre. As\u00ed, no es sorprendente que en todas sus fundaciones, Cofrad\u00edas, Congregaci\u00f3n de la Misi\u00f3n, Compa\u00f1\u00eda de las Hijas de la Caridad, haya dado tanta importancia a la funci\u00f3n del docente.<\/p>\n<p>3. \u00daltima conclusi\u00f3n de la doble experiencia de Vicente de Pa\u00fal: la instrucci\u00f3n y la educaci\u00f3n son medios eficaces para la evangelizaci\u00f3n y la salvaci\u00f3n de los pobres. Las dos aseguran la promoci\u00f3n humana y social, con miras a la evangelizaci\u00f3n y a la salvaci\u00f3n. Esta era la visi\u00f3n y un poco el c\u00e1lculo de la Iglesia despu\u00e9s del Concilio de Trento: la escuela deb\u00eda dar al pobre pueblo los medios para alimentar y defender la fe cristiana, gracias a la lectura y al estudio del catecismo y del evangelio.<\/p>\n<p>Despu\u00e9s de 1617, a\u00f1o de su conversi\u00f3n, Vicente se hace profundamente misionero y todos sus proyectos y realizaciones fueron en adelante misioneras. Ciertamente y mucho m\u00e1s que la mayor\u00eda de sus contempor\u00e1neos, concede una gran importancia a lo que llamamos la \u201cpromoci\u00f3n\u201d, pero es evidente que para \u00e9l, el fin de la escuela y de la ense\u00f1anza, fue la evangelizaci\u00f3n. Seg\u00fan su propia f\u00f3rmula, la evangelizaci\u00f3n consist\u00eda en \u201cdar a conocer a Dios a los pobres, anunciarles a Jesucristo y decirles que el reino de los cielos est\u00e1 cerca y que es para los pobres\u201d. Esta preocupaci\u00f3n dominante de la evangelizaci\u00f3n en y por la ense\u00f1anza se encuentra pr\u00e1cticamente en todos los textos vicencianos relativos a la funci\u00f3n docente.<\/p>\n<p>Para san Vicente, esta funci\u00f3n ten\u00eda todo su valor y no ten\u00eda valor m\u00e1s que en la medida en que:<\/p>\n<ul>\n<li>era claramente obra de evangelizaci\u00f3n<\/li>\n<li>se dirig\u00eda a los pobres.<\/li>\n<\/ul>\n<p>Estas dos condiciones una vez reunidas, ni un sacerdote de la Misi\u00f3n ni una Hija de la Caridad pod\u00edan pensar ni decir que, en la ense\u00f1anza, se sent\u00edan m\u00e1s o menos al margen de su vocaci\u00f3n.<\/p>\n<p>Reunidas estas dos condiciones, san Vicente estaba convencido (y lo afirma con frecuencia) que la escuela y la ense\u00f1anza constitu\u00edan un medio eficaz y privilegiado para el servicio de los pobres.<\/p>\n<p>Acabamos de evocar la experiencia de Vicente de Pa\u00fal estudiante y docente. Hemos visto c\u00f3mo esta doble experiencia fue determinante para \u00e9l mismo y para los pobres.<\/p>\n","protected":false},"excerpt":{"rendered":"<p>Introducci\u00f3n Es evidente que desde los comienzos del siglo XVII en Francia los tiempos han cambiado y especialmente en lo que se refiere a la escuela y a la ense\u00f1anza. Se estima que en los &#8230; <a href=\"https:\/\/vincentians.com\/es\/san-vicente-estudiante-y-docente-o-la-escuela-hoy-segun-san-vicente\/\" class=\"more-link\">Read More<\/a><\/p>\n","protected":false},"author":4,"featured_media":117096,"comment_status":"open","ping_status":"closed","sticky":false,"template":"","format":"standard","meta":{"jetpack_post_was_ever_published":false,"_jetpack_newsletter_access":"","_jetpack_dont_email_post_to_subs":false,"_jetpack_newsletter_tier_id":0,"_jetpack_memberships_contains_paywalled_content":false,"_jetpack_memberships_contains_paid_content":false,"footnotes":"","jetpack_publicize_message":"","jetpack_publicize_feature_enabled":true,"jetpack_social_post_already_shared":true,"jetpack_social_options":{"image_generator_settings":{"template":"highway","default_image_id":0,"font":"","enabled":false},"version":2}},"categories":[28],"tags":[173,175,145,119,117,115],"class_list":["post-143160","post","type-post","status-publish","format-standard","has-post-thumbnail","hentry","category-formacion-vicenciana","tag-chatillon-les-dombes","tag-folleville","tag-gannes","tag-gondi","tag-pouy","tag-senor-de-comet"],"yoast_head":"<!-- This site is optimized with the Yoast SEO plugin v26.3 - https:\/\/yoast.com\/wordpress\/plugins\/seo\/ -->\n<title>San Vicente, estudiante y docente o la escuela hoy seg\u00fan san Vicente - Somos Vicencianos<\/title>\n<meta name=\"robots\" content=\"index, follow, max-snippet:-1, max-image-preview:large, max-video-preview:-1\" \/>\n<link rel=\"canonical\" href=\"https:\/\/vincentians.com\/es\/san-vicente-estudiante-y-docente-o-la-escuela-hoy-segun-san-vicente\/\" \/>\n<meta property=\"og:locale\" content=\"es_ES\" \/>\n<meta property=\"og:type\" content=\"article\" \/>\n<meta property=\"og:title\" content=\"San Vicente, estudiante y docente o la escuela hoy seg\u00fan san Vicente - Somos Vicencianos\" \/>\n<meta property=\"og:description\" content=\"Introducci\u00f3n Es evidente que desde los comienzos del siglo XVII en Francia los tiempos han cambiado y especialmente en lo que se refiere a la escuela y a la ense\u00f1anza. Se estima que en los ... Read More\" \/>\n<meta property=\"og:url\" content=\"https:\/\/vincentians.com\/es\/san-vicente-estudiante-y-docente-o-la-escuela-hoy-segun-san-vicente\/\" \/>\n<meta property=\"og:site_name\" content=\"Somos Vicencianos\" \/>\n<meta property=\"article:publisher\" content=\"https:\/\/www.facebook.com\/WeAreVincentians\/\" \/>\n<meta property=\"article:author\" content=\"https:\/\/www.facebook.com\/JavierChento\" \/>\n<meta property=\"article:published_time\" content=\"2015-04-16T01:36:54+00:00\" \/>\n<meta property=\"article:modified_time\" content=\"2016-07-26T17:17:50+00:00\" \/>\n<meta name=\"author\" content=\"Francisco Javier Fern\u00e1ndez Chento\" \/>\n<meta name=\"twitter:card\" content=\"summary_large_image\" \/>\n<meta name=\"twitter:creator\" content=\"@https:\/\/twitter.com\/javierchento\" \/>\n<meta name=\"twitter:site\" content=\"@WeVincentians\" \/>\n<meta name=\"twitter:label1\" content=\"Escrito por\" \/>\n\t<meta name=\"twitter:data1\" content=\"Francisco Javier Fern\u00e1ndez Chento\" \/>\n\t<meta name=\"twitter:label2\" content=\"Tiempo de lectura\" \/>\n\t<meta name=\"twitter:data2\" content=\"22 minutos\" \/>\n<script type=\"application\/ld+json\" class=\"yoast-schema-graph\">{\"@context\":\"https:\/\/schema.org\",\"@graph\":[{\"@type\":\"Article\",\"@id\":\"https:\/\/vincentians.com\/es\/san-vicente-estudiante-y-docente-o-la-escuela-hoy-segun-san-vicente\/#article\",\"isPartOf\":{\"@id\":\"https:\/\/vincentians.com\/es\/san-vicente-estudiante-y-docente-o-la-escuela-hoy-segun-san-vicente\/\"},\"author\":{\"name\":\"Francisco Javier Fern\u00e1ndez Chento\",\"@id\":\"http:\/\/vincentians.com\/es\/#\/schema\/person\/9623ef4d9aa3b2dfb8c061f1499288f2\"},\"headline\":\"San Vicente, estudiante y docente o la escuela hoy seg\u00fan san Vicente\",\"datePublished\":\"2015-04-16T01:36:54+00:00\",\"dateModified\":\"2016-07-26T17:17:50+00:00\",\"mainEntityOfPage\":{\"@id\":\"https:\/\/vincentians.com\/es\/san-vicente-estudiante-y-docente-o-la-escuela-hoy-segun-san-vicente\/\"},\"wordCount\":4422,\"commentCount\":0,\"publisher\":{\"@id\":\"http:\/\/vincentians.com\/es\/#organization\"},\"image\":{\"@id\":\"https:\/\/vincentians.com\/es\/san-vicente-estudiante-y-docente-o-la-escuela-hoy-segun-san-vicente\/#primaryimage\"},\"thumbnailUrl\":\"\",\"keywords\":[\"Chatillon\",\"Folleville\",\"Gannes\",\"Gondi\",\"Pouy\",\"Se\u00f1or de Comet\"],\"articleSection\":[\"Formaci\u00f3n Vicenciana\"],\"inLanguage\":\"es\",\"potentialAction\":[{\"@type\":\"CommentAction\",\"name\":\"Comment\",\"target\":[\"https:\/\/vincentians.com\/es\/san-vicente-estudiante-y-docente-o-la-escuela-hoy-segun-san-vicente\/#respond\"]}]},{\"@type\":\"WebPage\",\"@id\":\"https:\/\/vincentians.com\/es\/san-vicente-estudiante-y-docente-o-la-escuela-hoy-segun-san-vicente\/\",\"url\":\"https:\/\/vincentians.com\/es\/san-vicente-estudiante-y-docente-o-la-escuela-hoy-segun-san-vicente\/\",\"name\":\"San Vicente, estudiante y docente o la escuela hoy seg\u00fan san Vicente - Somos Vicencianos\",\"isPartOf\":{\"@id\":\"http:\/\/vincentians.com\/es\/#website\"},\"primaryImageOfPage\":{\"@id\":\"https:\/\/vincentians.com\/es\/san-vicente-estudiante-y-docente-o-la-escuela-hoy-segun-san-vicente\/#primaryimage\"},\"image\":{\"@id\":\"https:\/\/vincentians.com\/es\/san-vicente-estudiante-y-docente-o-la-escuela-hoy-segun-san-vicente\/#primaryimage\"},\"thumbnailUrl\":\"\",\"datePublished\":\"2015-04-16T01:36:54+00:00\",\"dateModified\":\"2016-07-26T17:17:50+00:00\",\"breadcrumb\":{\"@id\":\"https:\/\/vincentians.com\/es\/san-vicente-estudiante-y-docente-o-la-escuela-hoy-segun-san-vicente\/#breadcrumb\"},\"inLanguage\":\"es\",\"potentialAction\":[{\"@type\":\"ReadAction\",\"target\":[\"https:\/\/vincentians.com\/es\/san-vicente-estudiante-y-docente-o-la-escuela-hoy-segun-san-vicente\/\"]}]},{\"@type\":\"ImageObject\",\"inLanguage\":\"es\",\"@id\":\"https:\/\/vincentians.com\/es\/san-vicente-estudiante-y-docente-o-la-escuela-hoy-segun-san-vicente\/#primaryimage\",\"url\":\"\",\"contentUrl\":\"\"},{\"@type\":\"BreadcrumbList\",\"@id\":\"https:\/\/vincentians.com\/es\/san-vicente-estudiante-y-docente-o-la-escuela-hoy-segun-san-vicente\/#breadcrumb\",\"itemListElement\":[{\"@type\":\"ListItem\",\"position\":1,\"name\":\"Portada\",\"item\":\"http:\/\/vincentians.com\/es\/\"},{\"@type\":\"ListItem\",\"position\":2,\"name\":\"San Vicente, estudiante y docente o la escuela hoy seg\u00fan san Vicente\"}]},{\"@type\":\"WebSite\",\"@id\":\"http:\/\/vincentians.com\/es\/#website\",\"url\":\"http:\/\/vincentians.com\/es\/\",\"name\":\"Somos Vicencianos\",\"description\":\"Know more to serve more\",\"publisher\":{\"@id\":\"http:\/\/vincentians.com\/es\/#organization\"},\"potentialAction\":[{\"@type\":\"SearchAction\",\"target\":{\"@type\":\"EntryPoint\",\"urlTemplate\":\"http:\/\/vincentians.com\/es\/?s={search_term_string}\"},\"query-input\":{\"@type\":\"PropertyValueSpecification\",\"valueRequired\":true,\"valueName\":\"search_term_string\"}}],\"inLanguage\":\"es\"},{\"@type\":\"Organization\",\"@id\":\"http:\/\/vincentians.com\/es\/#organization\",\"name\":\"The Vincentian Network\",\"url\":\"http:\/\/vincentians.com\/es\/\",\"logo\":{\"@type\":\"ImageObject\",\"inLanguage\":\"es\",\"@id\":\"http:\/\/vincentians.com\/es\/#\/schema\/logo\/image\/\",\"url\":\"https:\/\/i1.wp.com\/vincentians.com\/es\/wp-content\/uploads\/sites\/11\/2016\/06\/Vincentian-Network-logo-big.png?fit=778%2C778\",\"contentUrl\":\"https:\/\/i1.wp.com\/vincentians.com\/es\/wp-content\/uploads\/sites\/11\/2016\/06\/Vincentian-Network-logo-big.png?fit=778%2C778\",\"width\":778,\"height\":778,\"caption\":\"The Vincentian Network\"},\"image\":{\"@id\":\"http:\/\/vincentians.com\/es\/#\/schema\/logo\/image\/\"},\"sameAs\":[\"https:\/\/www.facebook.com\/WeAreVincentians\/\",\"https:\/\/x.com\/WeVincentians\"]},{\"@type\":\"Person\",\"@id\":\"http:\/\/vincentians.com\/es\/#\/schema\/person\/9623ef4d9aa3b2dfb8c061f1499288f2\",\"name\":\"Francisco Javier Fern\u00e1ndez Chento\",\"image\":{\"@type\":\"ImageObject\",\"inLanguage\":\"es\",\"@id\":\"http:\/\/vincentians.com\/es\/#\/schema\/person\/image\/\",\"url\":\"https:\/\/secure.gravatar.com\/avatar\/497d5cde87b4c3d097d0315953521681ba2cd523ee66e5077c3711f7021e65de?s=96&d=mm&r=g\",\"contentUrl\":\"https:\/\/secure.gravatar.com\/avatar\/497d5cde87b4c3d097d0315953521681ba2cd523ee66e5077c3711f7021e65de?s=96&d=mm&r=g\",\"caption\":\"Francisco Javier Fern\u00e1ndez Chento\"},\"description\":\"Director General y cofundador de La Red de Formaci\u00f3n Vicenciana. Javier es laico vicenciano, afiliado a la Congregaci\u00f3n de la Misi\u00f3n y miembro del Equipo de Misiones Populares de la provincia can\u00f3nica de Zaragoza (Espa\u00f1a) de la Congregaci\u00f3n de la Misi\u00f3n. Graduado en la Universidad Oberta de Catalunya con cuatro grados (Asistente de direcci\u00f3n, Gesti\u00f3n Administrativa, Recursos Humanos y Contabilidad Avanzada). Bil\u00edng\u00fce Espa\u00f1ol\/Ingl\u00e9s. gestiona y mantiene varias p\u00e1ginas web cristianas y vicencianas, incluida including La Red de Formaci\u00f3n Vicenciana, de la que es cofundador. Actualmente es responsable del \u00e1rea de Espa\u00f1ol de .famvin, la Red de Noticias de la Familia Vicenciana. Tambi\u00e9n es m\u00fasico cat\u00f3lico y ha editado varios discos. Es Director General y cofundador de Trovador, una reconocida compa\u00f1\u00eda discogr\u00e1fica critiana de Espa\u00f1a. Trabaja en las Tecnolog\u00edas de la Informaci\u00f3n, ofreciendo servicios de alojamiento, dise\u00f1o y mantenimiento Web, as\u00ed como asesoramiento, formaci\u00f3n y soluciones inform\u00e1ticas, gesti\u00f3n documental y digitalizaci\u00f3n de textos, edici\u00f3n y maquetaci\u00f3n de libros, revistas, flyers, etc.\",\"sameAs\":[\"http:\/\/chento.org\",\"https:\/\/www.facebook.com\/JavierChento\",\"https:\/\/x.com\/https:\/\/twitter.com\/javierchento\"],\"url\":\"https:\/\/vincentians.com\/es\/author\/chento\/\"}]}<\/script>\n<!-- \/ Yoast SEO plugin. -->","yoast_head_json":{"title":"San Vicente, estudiante y docente o la escuela hoy seg\u00fan san Vicente - Somos Vicencianos","robots":{"index":"index","follow":"follow","max-snippet":"max-snippet:-1","max-image-preview":"max-image-preview:large","max-video-preview":"max-video-preview:-1"},"canonical":"https:\/\/vincentians.com\/es\/san-vicente-estudiante-y-docente-o-la-escuela-hoy-segun-san-vicente\/","og_locale":"es_ES","og_type":"article","og_title":"San Vicente, estudiante y docente o la escuela hoy seg\u00fan san Vicente - Somos Vicencianos","og_description":"Introducci\u00f3n Es evidente que desde los comienzos del siglo XVII en Francia los tiempos han cambiado y especialmente en lo que se refiere a la escuela y a la ense\u00f1anza. Se estima que en los ... Read More","og_url":"https:\/\/vincentians.com\/es\/san-vicente-estudiante-y-docente-o-la-escuela-hoy-segun-san-vicente\/","og_site_name":"Somos Vicencianos","article_publisher":"https:\/\/www.facebook.com\/WeAreVincentians\/","article_author":"https:\/\/www.facebook.com\/JavierChento","article_published_time":"2015-04-16T01:36:54+00:00","article_modified_time":"2016-07-26T17:17:50+00:00","author":"Francisco Javier Fern\u00e1ndez Chento","twitter_card":"summary_large_image","twitter_creator":"@https:\/\/twitter.com\/javierchento","twitter_site":"@WeVincentians","twitter_misc":{"Escrito por":"Francisco Javier Fern\u00e1ndez Chento","Tiempo de lectura":"22 minutos"},"schema":{"@context":"https:\/\/schema.org","@graph":[{"@type":"Article","@id":"https:\/\/vincentians.com\/es\/san-vicente-estudiante-y-docente-o-la-escuela-hoy-segun-san-vicente\/#article","isPartOf":{"@id":"https:\/\/vincentians.com\/es\/san-vicente-estudiante-y-docente-o-la-escuela-hoy-segun-san-vicente\/"},"author":{"name":"Francisco Javier Fern\u00e1ndez Chento","@id":"http:\/\/vincentians.com\/es\/#\/schema\/person\/9623ef4d9aa3b2dfb8c061f1499288f2"},"headline":"San Vicente, estudiante y docente o la escuela hoy seg\u00fan san Vicente","datePublished":"2015-04-16T01:36:54+00:00","dateModified":"2016-07-26T17:17:50+00:00","mainEntityOfPage":{"@id":"https:\/\/vincentians.com\/es\/san-vicente-estudiante-y-docente-o-la-escuela-hoy-segun-san-vicente\/"},"wordCount":4422,"commentCount":0,"publisher":{"@id":"http:\/\/vincentians.com\/es\/#organization"},"image":{"@id":"https:\/\/vincentians.com\/es\/san-vicente-estudiante-y-docente-o-la-escuela-hoy-segun-san-vicente\/#primaryimage"},"thumbnailUrl":"","keywords":["Chatillon","Folleville","Gannes","Gondi","Pouy","Se\u00f1or de Comet"],"articleSection":["Formaci\u00f3n Vicenciana"],"inLanguage":"es","potentialAction":[{"@type":"CommentAction","name":"Comment","target":["https:\/\/vincentians.com\/es\/san-vicente-estudiante-y-docente-o-la-escuela-hoy-segun-san-vicente\/#respond"]}]},{"@type":"WebPage","@id":"https:\/\/vincentians.com\/es\/san-vicente-estudiante-y-docente-o-la-escuela-hoy-segun-san-vicente\/","url":"https:\/\/vincentians.com\/es\/san-vicente-estudiante-y-docente-o-la-escuela-hoy-segun-san-vicente\/","name":"San Vicente, estudiante y docente o la escuela hoy seg\u00fan san Vicente - Somos Vicencianos","isPartOf":{"@id":"http:\/\/vincentians.com\/es\/#website"},"primaryImageOfPage":{"@id":"https:\/\/vincentians.com\/es\/san-vicente-estudiante-y-docente-o-la-escuela-hoy-segun-san-vicente\/#primaryimage"},"image":{"@id":"https:\/\/vincentians.com\/es\/san-vicente-estudiante-y-docente-o-la-escuela-hoy-segun-san-vicente\/#primaryimage"},"thumbnailUrl":"","datePublished":"2015-04-16T01:36:54+00:00","dateModified":"2016-07-26T17:17:50+00:00","breadcrumb":{"@id":"https:\/\/vincentians.com\/es\/san-vicente-estudiante-y-docente-o-la-escuela-hoy-segun-san-vicente\/#breadcrumb"},"inLanguage":"es","potentialAction":[{"@type":"ReadAction","target":["https:\/\/vincentians.com\/es\/san-vicente-estudiante-y-docente-o-la-escuela-hoy-segun-san-vicente\/"]}]},{"@type":"ImageObject","inLanguage":"es","@id":"https:\/\/vincentians.com\/es\/san-vicente-estudiante-y-docente-o-la-escuela-hoy-segun-san-vicente\/#primaryimage","url":"","contentUrl":""},{"@type":"BreadcrumbList","@id":"https:\/\/vincentians.com\/es\/san-vicente-estudiante-y-docente-o-la-escuela-hoy-segun-san-vicente\/#breadcrumb","itemListElement":[{"@type":"ListItem","position":1,"name":"Portada","item":"http:\/\/vincentians.com\/es\/"},{"@type":"ListItem","position":2,"name":"San Vicente, estudiante y docente o la escuela hoy seg\u00fan san Vicente"}]},{"@type":"WebSite","@id":"http:\/\/vincentians.com\/es\/#website","url":"http:\/\/vincentians.com\/es\/","name":"Somos Vicencianos","description":"Know more to serve more","publisher":{"@id":"http:\/\/vincentians.com\/es\/#organization"},"potentialAction":[{"@type":"SearchAction","target":{"@type":"EntryPoint","urlTemplate":"http:\/\/vincentians.com\/es\/?s={search_term_string}"},"query-input":{"@type":"PropertyValueSpecification","valueRequired":true,"valueName":"search_term_string"}}],"inLanguage":"es"},{"@type":"Organization","@id":"http:\/\/vincentians.com\/es\/#organization","name":"The Vincentian Network","url":"http:\/\/vincentians.com\/es\/","logo":{"@type":"ImageObject","inLanguage":"es","@id":"http:\/\/vincentians.com\/es\/#\/schema\/logo\/image\/","url":"https:\/\/i1.wp.com\/vincentians.com\/es\/wp-content\/uploads\/sites\/11\/2016\/06\/Vincentian-Network-logo-big.png?fit=778%2C778","contentUrl":"https:\/\/i1.wp.com\/vincentians.com\/es\/wp-content\/uploads\/sites\/11\/2016\/06\/Vincentian-Network-logo-big.png?fit=778%2C778","width":778,"height":778,"caption":"The Vincentian Network"},"image":{"@id":"http:\/\/vincentians.com\/es\/#\/schema\/logo\/image\/"},"sameAs":["https:\/\/www.facebook.com\/WeAreVincentians\/","https:\/\/x.com\/WeVincentians"]},{"@type":"Person","@id":"http:\/\/vincentians.com\/es\/#\/schema\/person\/9623ef4d9aa3b2dfb8c061f1499288f2","name":"Francisco Javier Fern\u00e1ndez Chento","image":{"@type":"ImageObject","inLanguage":"es","@id":"http:\/\/vincentians.com\/es\/#\/schema\/person\/image\/","url":"https:\/\/secure.gravatar.com\/avatar\/497d5cde87b4c3d097d0315953521681ba2cd523ee66e5077c3711f7021e65de?s=96&d=mm&r=g","contentUrl":"https:\/\/secure.gravatar.com\/avatar\/497d5cde87b4c3d097d0315953521681ba2cd523ee66e5077c3711f7021e65de?s=96&d=mm&r=g","caption":"Francisco Javier Fern\u00e1ndez Chento"},"description":"Director General y cofundador de La Red de Formaci\u00f3n Vicenciana. Javier es laico vicenciano, afiliado a la Congregaci\u00f3n de la Misi\u00f3n y miembro del Equipo de Misiones Populares de la provincia can\u00f3nica de Zaragoza (Espa\u00f1a) de la Congregaci\u00f3n de la Misi\u00f3n. Graduado en la Universidad Oberta de Catalunya con cuatro grados (Asistente de direcci\u00f3n, Gesti\u00f3n Administrativa, Recursos Humanos y Contabilidad Avanzada). Bil\u00edng\u00fce Espa\u00f1ol\/Ingl\u00e9s. gestiona y mantiene varias p\u00e1ginas web cristianas y vicencianas, incluida including La Red de Formaci\u00f3n Vicenciana, de la que es cofundador. Actualmente es responsable del \u00e1rea de Espa\u00f1ol de .famvin, la Red de Noticias de la Familia Vicenciana. Tambi\u00e9n es m\u00fasico cat\u00f3lico y ha editado varios discos. Es Director General y cofundador de Trovador, una reconocida compa\u00f1\u00eda discogr\u00e1fica critiana de Espa\u00f1a. Trabaja en las Tecnolog\u00edas de la Informaci\u00f3n, ofreciendo servicios de alojamiento, dise\u00f1o y mantenimiento Web, as\u00ed como asesoramiento, formaci\u00f3n y soluciones inform\u00e1ticas, gesti\u00f3n documental y digitalizaci\u00f3n de textos, edici\u00f3n y maquetaci\u00f3n de libros, revistas, flyers, etc.","sameAs":["http:\/\/chento.org","https:\/\/www.facebook.com\/JavierChento","https:\/\/x.com\/https:\/\/twitter.com\/javierchento"],"url":"https:\/\/vincentians.com\/es\/author\/chento\/"}]}},"jetpack_publicize_connections":[],"jetpack_featured_media_url":"","jetpack_sharing_enabled":true,"jetpack_shortlink":"https:\/\/wp.me\/p7ETMF-Bf2","jetpack-related-posts":[{"id":149456,"url":"https:\/\/vincentians.com\/es\/las-corrientes-espirituales-del-siglo-xvii-frances\/","url_meta":{"origin":143160,"position":0},"title":"Las corrientes espirituales del siglo XVII franc\u00e9s","author":"Francisco Javier Fern\u00e1ndez Chento","date":"24\/05\/2015","format":false,"excerpt":"I- El contexto espiritual general: de San Agust\u00edn a la Ilustraci\u00f3n Introducci\u00f3n Se trata de presentar el mundo espiritual en el que Juan Bautista De La Salle ha vivido, aclarar sus actitudes y sus opciones, con el fin de comprender mejor lo que nos dice, en particular lo que se\u2026","rel":"","context":"En \u00abEn tiempos de Vicente de Pa\u00fal\u00bb","block_context":{"text":"En tiempos de Vicente de Pa\u00fal","link":"https:\/\/vincentians.com\/es\/category\/historia-de-la-familia-vicenciana\/en-tiempos-de-vicente-de-paul\/"},"img":{"alt_text":"clero_siglo_xvii","src":"https:\/\/i0.wp.com\/vicencianos.org\/wp-content\/2012\/02\/clero_siglo_xvii-300x280.jpg?resize=350%2C200","width":350,"height":200},"classes":[]},{"id":387338,"url":"https:\/\/vincentians.com\/es\/resena-biografica-de-santa-luisa-de-marillac\/","url_meta":{"origin":143160,"position":1},"title":"Rese\u00f1a biogr\u00e1fica de Santa Luisa de Marillac","author":"Francisco Javier Fern\u00e1ndez Chento","date":"09\/05\/2025","format":false,"excerpt":"Una preocupaci\u00f3n y un cambio Luisa de Marillac vivi\u00f3 en Par\u00eds en los a\u00f1os de Enrique IV, Luis XIII y Luis XIV, reyes de Francia en el siglo XVII, mientras en Espa\u00f1a reinaban Felipe III y Felipe IV. Presenci\u00f3, por lo mismo, la Guerra de los Treinta A\u00f1os entre Francia\u2026","rel":"","context":"En \u00abLuisa de Marillac\u00bb","block_context":{"text":"Luisa de Marillac","link":"https:\/\/vincentians.com\/es\/category\/la-familia-vicenciana\/fundadores\/luisa-de-marillac\/"},"img":{"alt_text":"","src":"https:\/\/i0.wp.com\/vincentians.com\/es\/wp-content\/uploads\/sites\/11\/2013\/04\/n-1.jpg?fit=823%2C564&ssl=1&resize=350%2C200","width":350,"height":200,"srcset":"https:\/\/i0.wp.com\/vincentians.com\/es\/wp-content\/uploads\/sites\/11\/2013\/04\/n-1.jpg?fit=823%2C564&ssl=1&resize=350%2C200 1x, https:\/\/i0.wp.com\/vincentians.com\/es\/wp-content\/uploads\/sites\/11\/2013\/04\/n-1.jpg?fit=823%2C564&ssl=1&resize=525%2C300 1.5x, https:\/\/i0.wp.com\/vincentians.com\/es\/wp-content\/uploads\/sites\/11\/2013\/04\/n-1.jpg?fit=823%2C564&ssl=1&resize=700%2C400 2x"},"classes":[]},{"id":149455,"url":"https:\/\/vincentians.com\/es\/corrientes-espirituales-en-francia-del-siglo-xvii\/","url_meta":{"origin":143160,"position":2},"title":"Corrientes Espirituales en Francia del Siglo XVII","author":"Francisco Javier Fern\u00e1ndez Chento","date":"24\/05\/2015","format":false,"excerpt":"En la Francia del siglo XVII las corrientes espirituales reaccionan a las posturas filos\u00f3ficas y espirituales del Renacimiento, las cuales tienden a exaltar a la persona humana. Entre los principales expositores y que influyeron en el pensamiento de San Vicente de Pa\u00fal, se encuentra tres grandes maestros espirituales de la\u2026","rel":"","context":"En \u00abEn tiempos de Vicente de Pa\u00fal\u00bb","block_context":{"text":"En tiempos de Vicente de Pa\u00fal","link":"https:\/\/vincentians.com\/es\/category\/historia-de-la-familia-vicenciana\/en-tiempos-de-vicente-de-paul\/"},"img":{"alt_text":"Francisco_de_Zurbaran","src":"https:\/\/i0.wp.com\/vicencianos.org\/wp-content\/2015\/05\/Francisco_de_Zurbaran-300x242.jpg?resize=350%2C200","width":350,"height":200},"classes":[]},{"id":387342,"url":"https:\/\/vincentians.com\/es\/resena-historica-de-francia-en-el-siglo-xvii\/","url_meta":{"origin":143160,"position":3},"title":"Rese\u00f1a hist\u00f3rica de Francia en el siglo XVII","author":"Francisco Javier Fern\u00e1ndez Chento","date":"24\/05\/2015","format":false,"excerpt":"Este siglo empieza a ser gobernado por Enrique IV llamado el grande que gobierna de 1594 al 1610 resuelve en parte el conflicto armado que se ven\u00eda suscitando desde el siglo anterior, llamada la guerra de los 30 a\u00f1os, por lo que se mira a \u00e9ste rey como el sin\u00f3nimo\u2026","rel":"","context":"En \u00abEn tiempos de Vicente de Pa\u00fal\u00bb","block_context":{"text":"En tiempos de Vicente de Pa\u00fal","link":"https:\/\/vincentians.com\/es\/category\/historia-de-la-familia-vicenciana\/en-tiempos-de-vicente-de-paul\/"},"img":{"alt_text":"francia siglo xvii","src":"https:\/\/i0.wp.com\/vicencianos.org\/wp-content\/2015\/05\/francia-siglo-xvii-300x209.jpg?resize=350%2C200","width":350,"height":200},"classes":[]},{"id":131340,"url":"https:\/\/vincentians.com\/es\/el-senor-vicente-evolucion-de-un-santo-i\/","url_meta":{"origin":143160,"position":4},"title":"El se\u00f1or Vicente, evoluci\u00f3n de un santo (I)","author":"Francisco Javier Fern\u00e1ndez Chento","date":"18\/09\/2014","format":false,"excerpt":"1. INTRODUCCI\u00d3N 1-Bibliograf\u00eda; Abelly, etc \u2013 2. Publicaciones e Pierre Coste.- 3.La evoluci\u00f3n del alma de San Vicente es un problema psicol\u00f3gico.- 4. El tiempo de San Vicente de Pa\u00fal.- 5. Pol\u00edtica: historia pasada.- 6. La Fronda.- 7. Civilizaci\u00f3n; miseria durante la Fronda.- 8- Reino y nobleza.- 9. Una gran\u2026","rel":"","context":"En \u00abVicente de Pa\u00fal\u00bb","block_context":{"text":"Vicente de Pa\u00fal","link":"https:\/\/vincentians.com\/es\/category\/la-familia-vicenciana\/fundadores\/vicente-de-paul\/"},"img":{"alt_text":"coraz\u00f3n","src":"https:\/\/i0.wp.com\/vicencianos.org\/wp-content\/2014\/03\/coraz%C3%B3n.jpg?resize=350%2C200","width":350,"height":200},"classes":[]},{"id":124906,"url":"https:\/\/vincentians.com\/es\/luisa-de-marillac-encuentro-con-los-pobres\/","url_meta":{"origin":143160,"position":5},"title":"Luisa de Marillac: encuentro con los pobres","author":"Francisco Javier Fern\u00e1ndez Chento","date":"15\/03\/2015","format":false,"excerpt":"Preparaci\u00f3n para el encuentro De 1625 a 1629, Luisa fue descubriendo su vocaci\u00f3n. Su vida espiritual continuaba la que llev\u00f3 de casada, con un fondo cercano a la llamada Escuela Abstracta que le inculca\u00adron sus primeros directores. Con el nuevo director, hizo un proyecto de vida sin romper su devoci\u00f3n\u2026","rel":"","context":"En \u00abLuisa de Marillac\u00bb","block_context":{"text":"Luisa de Marillac","link":"https:\/\/vincentians.com\/es\/category\/la-familia-vicenciana\/fundadores\/luisa-de-marillac\/"},"img":{"alt_text":"St_Louise_de_Marillac_teaching","src":"https:\/\/i0.wp.com\/vicencianos.org\/wp-content\/2013\/11\/St_Louise_de_Marillac_teaching-294x300.jpg?resize=350%2C200","width":350,"height":200},"classes":[]}],"_links":{"self":[{"href":"https:\/\/vincentians.com\/es\/wp-json\/wp\/v2\/posts\/143160","targetHints":{"allow":["GET"]}}],"collection":[{"href":"https:\/\/vincentians.com\/es\/wp-json\/wp\/v2\/posts"}],"about":[{"href":"https:\/\/vincentians.com\/es\/wp-json\/wp\/v2\/types\/post"}],"author":[{"embeddable":true,"href":"https:\/\/vincentians.com\/es\/wp-json\/wp\/v2\/users\/4"}],"replies":[{"embeddable":true,"href":"https:\/\/vincentians.com\/es\/wp-json\/wp\/v2\/comments?post=143160"}],"version-history":[{"count":0,"href":"https:\/\/vincentians.com\/es\/wp-json\/wp\/v2\/posts\/143160\/revisions"}],"wp:featuredmedia":[{"embeddable":true,"href":"https:\/\/vincentians.com\/es\/wp-json\/"}],"wp:attachment":[{"href":"https:\/\/vincentians.com\/es\/wp-json\/wp\/v2\/media?parent=143160"}],"wp:term":[{"taxonomy":"category","embeddable":true,"href":"https:\/\/vincentians.com\/es\/wp-json\/wp\/v2\/categories?post=143160"},{"taxonomy":"post_tag","embeddable":true,"href":"https:\/\/vincentians.com\/es\/wp-json\/wp\/v2\/tags?post=143160"}],"curies":[{"name":"wp","href":"https:\/\/api.w.org\/{rel}","templated":true}]}}