{"id":14293,"date":"2013-10-28T09:25:14","date_gmt":"2013-10-28T08:25:14","guid":{"rendered":"http:\/\/somos.vicencianos.org\/blog\/2010\/03\/18\/misiones-vicencianas\/"},"modified":"2016-07-26T20:14:51","modified_gmt":"2016-07-26T18:14:51","slug":"misiones-vicencianas","status":"publish","type":"post","link":"https:\/\/vincentians.com\/es\/misiones-vicencianas\/","title":{"rendered":"Misiones vicencianas"},"content":{"rendered":"<p>Entrevista realizada por Jos\u00e9 Manuel Vidal, en Religi\u00f3n Digital, sobre la realidad de las misiones viencianas en el mundo.<\/p>\n<p>El P. Pepe Mazuela, C.M. y Pilar Hurtado de Saracho, H.C., director y subdirectora de COVIDE, respectivamente, cuentan en esta entrevista la labor de apoyo en la misi\u00f3n y evangelizaci\u00f3n de la Familia Vicenciana espa\u00f1ola en m\u00e1s de treinta pa\u00edses del mundo.<\/p>\n<div class=\"x-resp-embed x-is-video x-is-youtube\"><iframe loading=\"lazy\" title=\"Misiones Vicencianas (Religi\u00f3n Digital)\" width=\"846\" height=\"635\" src=\"https:\/\/www.youtube.com\/embed\/WhbLUKl-mus?feature=oembed\" frameborder=\"0\" allow=\"accelerometer; autoplay; clipboard-write; encrypted-media; gyroscope; picture-in-picture; web-share\" referrerpolicy=\"strict-origin-when-cross-origin\" allowfullscreen><\/iframe><\/div>\n","protected":false},"excerpt":{"rendered":"<p>Entrevista realizada por Jos\u00e9 Manuel Vidal, en Religi\u00f3n Digital, sobre la realidad de las misiones viencianas en el mundo. El P. Pepe Mazuela, C.M. y Pilar Hurtado de Saracho, H.C., director y subdirectora de COVIDE, &#8230; <a href=\"https:\/\/vincentians.com\/es\/misiones-vicencianas\/\" class=\"more-link\">Read More<\/a><\/p>\n","protected":false},"author":4,"featured_media":51013,"comment_status":"open","ping_status":"open","sticky":false,"template":"","format":"standard","meta":{"jetpack_post_was_ever_published":false,"_jetpack_newsletter_access":"","_jetpack_dont_email_post_to_subs":false,"_jetpack_newsletter_tier_id":0,"_jetpack_memberships_contains_paywalled_content":false,"_jetpack_memberships_contains_paid_content":false,"footnotes":"","jetpack_publicize_message":"","jetpack_publicize_feature_enabled":true,"jetpack_social_post_already_shared":true,"jetpack_social_options":{"image_generator_settings":{"template":"highway","default_image_id":0,"font":"","enabled":false},"version":2}},"categories":[201],"tags":[],"class_list":["post-14293","post","type-post","status-publish","format-standard","has-post-thumbnail","hentry","category-misiones-ad-gentes"],"yoast_head":"<!-- This site is optimized with the Yoast SEO plugin v26.3 - https:\/\/yoast.com\/wordpress\/plugins\/seo\/ -->\n<title>Misiones vicencianas - Somos Vicencianos<\/title>\n<meta name=\"robots\" content=\"index, follow, max-snippet:-1, max-image-preview:large, max-video-preview:-1\" \/>\n<link rel=\"canonical\" href=\"https:\/\/vincentians.com\/es\/misiones-vicencianas\/\" \/>\n<meta property=\"og:locale\" content=\"es_ES\" \/>\n<meta property=\"og:type\" content=\"article\" \/>\n<meta property=\"og:title\" content=\"Misiones vicencianas - Somos Vicencianos\" \/>\n<meta property=\"og:description\" content=\"Entrevista realizada por Jos\u00e9 Manuel Vidal, en Religi\u00f3n Digital, sobre la realidad de las misiones viencianas en el mundo. El P. Pepe Mazuela, C.M. y Pilar Hurtado de Saracho, H.C., director y subdirectora de COVIDE, ... Read More\" \/>\n<meta property=\"og:url\" content=\"https:\/\/vincentians.com\/es\/misiones-vicencianas\/\" \/>\n<meta property=\"og:site_name\" content=\"Somos Vicencianos\" \/>\n<meta property=\"article:publisher\" content=\"https:\/\/www.facebook.com\/WeAreVincentians\/\" \/>\n<meta property=\"article:author\" content=\"https:\/\/www.facebook.com\/JavierChento\" \/>\n<meta property=\"article:published_time\" content=\"2013-10-28T08:25:14+00:00\" \/>\n<meta property=\"article:modified_time\" content=\"2016-07-26T18:14:51+00:00\" \/>\n<meta name=\"author\" content=\"Francisco Javier Fern\u00e1ndez Chento\" \/>\n<meta name=\"twitter:card\" content=\"summary_large_image\" \/>\n<meta name=\"twitter:creator\" content=\"@https:\/\/twitter.com\/javierchento\" \/>\n<meta name=\"twitter:site\" content=\"@WeVincentians\" \/>\n<meta name=\"twitter:label1\" content=\"Escrito por\" \/>\n\t<meta name=\"twitter:data1\" content=\"Francisco Javier Fern\u00e1ndez Chento\" \/>\n<script type=\"application\/ld+json\" class=\"yoast-schema-graph\">{\"@context\":\"https:\/\/schema.org\",\"@graph\":[{\"@type\":\"Article\",\"@id\":\"https:\/\/vincentians.com\/es\/misiones-vicencianas\/#article\",\"isPartOf\":{\"@id\":\"https:\/\/vincentians.com\/es\/misiones-vicencianas\/\"},\"author\":{\"name\":\"Francisco Javier Fern\u00e1ndez Chento\",\"@id\":\"http:\/\/vincentians.com\/es\/#\/schema\/person\/9623ef4d9aa3b2dfb8c061f1499288f2\"},\"headline\":\"Misiones vicencianas\",\"datePublished\":\"2013-10-28T08:25:14+00:00\",\"dateModified\":\"2016-07-26T18:14:51+00:00\",\"mainEntityOfPage\":{\"@id\":\"https:\/\/vincentians.com\/es\/misiones-vicencianas\/\"},\"wordCount\":78,\"commentCount\":0,\"publisher\":{\"@id\":\"http:\/\/vincentians.com\/es\/#organization\"},\"image\":{\"@id\":\"https:\/\/vincentians.com\/es\/misiones-vicencianas\/#primaryimage\"},\"thumbnailUrl\":\"\",\"articleSection\":[\"Misiones \u00abAd gentes\u00bb\"],\"inLanguage\":\"es\",\"potentialAction\":[{\"@type\":\"CommentAction\",\"name\":\"Comment\",\"target\":[\"https:\/\/vincentians.com\/es\/misiones-vicencianas\/#respond\"]}]},{\"@type\":\"WebPage\",\"@id\":\"https:\/\/vincentians.com\/es\/misiones-vicencianas\/\",\"url\":\"https:\/\/vincentians.com\/es\/misiones-vicencianas\/\",\"name\":\"Misiones vicencianas - Somos Vicencianos\",\"isPartOf\":{\"@id\":\"http:\/\/vincentians.com\/es\/#website\"},\"primaryImageOfPage\":{\"@id\":\"https:\/\/vincentians.com\/es\/misiones-vicencianas\/#primaryimage\"},\"image\":{\"@id\":\"https:\/\/vincentians.com\/es\/misiones-vicencianas\/#primaryimage\"},\"thumbnailUrl\":\"\",\"datePublished\":\"2013-10-28T08:25:14+00:00\",\"dateModified\":\"2016-07-26T18:14:51+00:00\",\"breadcrumb\":{\"@id\":\"https:\/\/vincentians.com\/es\/misiones-vicencianas\/#breadcrumb\"},\"inLanguage\":\"es\",\"potentialAction\":[{\"@type\":\"ReadAction\",\"target\":[\"https:\/\/vincentians.com\/es\/misiones-vicencianas\/\"]}]},{\"@type\":\"ImageObject\",\"inLanguage\":\"es\",\"@id\":\"https:\/\/vincentians.com\/es\/misiones-vicencianas\/#primaryimage\",\"url\":\"\",\"contentUrl\":\"\"},{\"@type\":\"BreadcrumbList\",\"@id\":\"https:\/\/vincentians.com\/es\/misiones-vicencianas\/#breadcrumb\",\"itemListElement\":[{\"@type\":\"ListItem\",\"position\":1,\"name\":\"Portada\",\"item\":\"http:\/\/vincentians.com\/es\/\"},{\"@type\":\"ListItem\",\"position\":2,\"name\":\"Misiones vicencianas\"}]},{\"@type\":\"WebSite\",\"@id\":\"http:\/\/vincentians.com\/es\/#website\",\"url\":\"http:\/\/vincentians.com\/es\/\",\"name\":\"Somos Vicencianos\",\"description\":\"Know more to serve more\",\"publisher\":{\"@id\":\"http:\/\/vincentians.com\/es\/#organization\"},\"potentialAction\":[{\"@type\":\"SearchAction\",\"target\":{\"@type\":\"EntryPoint\",\"urlTemplate\":\"http:\/\/vincentians.com\/es\/?s={search_term_string}\"},\"query-input\":{\"@type\":\"PropertyValueSpecification\",\"valueRequired\":true,\"valueName\":\"search_term_string\"}}],\"inLanguage\":\"es\"},{\"@type\":\"Organization\",\"@id\":\"http:\/\/vincentians.com\/es\/#organization\",\"name\":\"The Vincentian Network\",\"url\":\"http:\/\/vincentians.com\/es\/\",\"logo\":{\"@type\":\"ImageObject\",\"inLanguage\":\"es\",\"@id\":\"http:\/\/vincentians.com\/es\/#\/schema\/logo\/image\/\",\"url\":\"https:\/\/i1.wp.com\/vincentians.com\/es\/wp-content\/uploads\/sites\/11\/2016\/06\/Vincentian-Network-logo-big.png?fit=778%2C778\",\"contentUrl\":\"https:\/\/i1.wp.com\/vincentians.com\/es\/wp-content\/uploads\/sites\/11\/2016\/06\/Vincentian-Network-logo-big.png?fit=778%2C778\",\"width\":778,\"height\":778,\"caption\":\"The Vincentian Network\"},\"image\":{\"@id\":\"http:\/\/vincentians.com\/es\/#\/schema\/logo\/image\/\"},\"sameAs\":[\"https:\/\/www.facebook.com\/WeAreVincentians\/\",\"https:\/\/x.com\/WeVincentians\"]},{\"@type\":\"Person\",\"@id\":\"http:\/\/vincentians.com\/es\/#\/schema\/person\/9623ef4d9aa3b2dfb8c061f1499288f2\",\"name\":\"Francisco Javier Fern\u00e1ndez Chento\",\"image\":{\"@type\":\"ImageObject\",\"inLanguage\":\"es\",\"@id\":\"http:\/\/vincentians.com\/es\/#\/schema\/person\/image\/\",\"url\":\"https:\/\/secure.gravatar.com\/avatar\/497d5cde87b4c3d097d0315953521681ba2cd523ee66e5077c3711f7021e65de?s=96&d=mm&r=g\",\"contentUrl\":\"https:\/\/secure.gravatar.com\/avatar\/497d5cde87b4c3d097d0315953521681ba2cd523ee66e5077c3711f7021e65de?s=96&d=mm&r=g\",\"caption\":\"Francisco Javier Fern\u00e1ndez Chento\"},\"description\":\"Director General y cofundador de La Red de Formaci\u00f3n Vicenciana. Javier es laico vicenciano, afiliado a la Congregaci\u00f3n de la Misi\u00f3n y miembro del Equipo de Misiones Populares de la provincia can\u00f3nica de Zaragoza (Espa\u00f1a) de la Congregaci\u00f3n de la Misi\u00f3n. Graduado en la Universidad Oberta de Catalunya con cuatro grados (Asistente de direcci\u00f3n, Gesti\u00f3n Administrativa, Recursos Humanos y Contabilidad Avanzada). Bil\u00edng\u00fce Espa\u00f1ol\/Ingl\u00e9s. gestiona y mantiene varias p\u00e1ginas web cristianas y vicencianas, incluida including La Red de Formaci\u00f3n Vicenciana, de la que es cofundador. Actualmente es responsable del \u00e1rea de Espa\u00f1ol de .famvin, la Red de Noticias de la Familia Vicenciana. Tambi\u00e9n es m\u00fasico cat\u00f3lico y ha editado varios discos. Es Director General y cofundador de Trovador, una reconocida compa\u00f1\u00eda discogr\u00e1fica critiana de Espa\u00f1a. Trabaja en las Tecnolog\u00edas de la Informaci\u00f3n, ofreciendo servicios de alojamiento, dise\u00f1o y mantenimiento Web, as\u00ed como asesoramiento, formaci\u00f3n y soluciones inform\u00e1ticas, gesti\u00f3n documental y digitalizaci\u00f3n de textos, edici\u00f3n y maquetaci\u00f3n de libros, revistas, flyers, etc.\",\"sameAs\":[\"http:\/\/chento.org\",\"https:\/\/www.facebook.com\/JavierChento\",\"https:\/\/x.com\/https:\/\/twitter.com\/javierchento\"],\"url\":\"https:\/\/vincentians.com\/es\/author\/chento\/\"}]}<\/script>\n<!-- \/ Yoast SEO plugin. -->","yoast_head_json":{"title":"Misiones vicencianas - Somos Vicencianos","robots":{"index":"index","follow":"follow","max-snippet":"max-snippet:-1","max-image-preview":"max-image-preview:large","max-video-preview":"max-video-preview:-1"},"canonical":"https:\/\/vincentians.com\/es\/misiones-vicencianas\/","og_locale":"es_ES","og_type":"article","og_title":"Misiones vicencianas - Somos Vicencianos","og_description":"Entrevista realizada por Jos\u00e9 Manuel Vidal, en Religi\u00f3n Digital, sobre la realidad de las misiones viencianas en el mundo. El P. Pepe Mazuela, C.M. y Pilar Hurtado de Saracho, H.C., director y subdirectora de COVIDE, ... Read More","og_url":"https:\/\/vincentians.com\/es\/misiones-vicencianas\/","og_site_name":"Somos Vicencianos","article_publisher":"https:\/\/www.facebook.com\/WeAreVincentians\/","article_author":"https:\/\/www.facebook.com\/JavierChento","article_published_time":"2013-10-28T08:25:14+00:00","article_modified_time":"2016-07-26T18:14:51+00:00","author":"Francisco Javier Fern\u00e1ndez Chento","twitter_card":"summary_large_image","twitter_creator":"@https:\/\/twitter.com\/javierchento","twitter_site":"@WeVincentians","twitter_misc":{"Escrito por":"Francisco Javier Fern\u00e1ndez Chento"},"schema":{"@context":"https:\/\/schema.org","@graph":[{"@type":"Article","@id":"https:\/\/vincentians.com\/es\/misiones-vicencianas\/#article","isPartOf":{"@id":"https:\/\/vincentians.com\/es\/misiones-vicencianas\/"},"author":{"name":"Francisco Javier Fern\u00e1ndez Chento","@id":"http:\/\/vincentians.com\/es\/#\/schema\/person\/9623ef4d9aa3b2dfb8c061f1499288f2"},"headline":"Misiones vicencianas","datePublished":"2013-10-28T08:25:14+00:00","dateModified":"2016-07-26T18:14:51+00:00","mainEntityOfPage":{"@id":"https:\/\/vincentians.com\/es\/misiones-vicencianas\/"},"wordCount":78,"commentCount":0,"publisher":{"@id":"http:\/\/vincentians.com\/es\/#organization"},"image":{"@id":"https:\/\/vincentians.com\/es\/misiones-vicencianas\/#primaryimage"},"thumbnailUrl":"","articleSection":["Misiones \u00abAd gentes\u00bb"],"inLanguage":"es","potentialAction":[{"@type":"CommentAction","name":"Comment","target":["https:\/\/vincentians.com\/es\/misiones-vicencianas\/#respond"]}]},{"@type":"WebPage","@id":"https:\/\/vincentians.com\/es\/misiones-vicencianas\/","url":"https:\/\/vincentians.com\/es\/misiones-vicencianas\/","name":"Misiones vicencianas - Somos Vicencianos","isPartOf":{"@id":"http:\/\/vincentians.com\/es\/#website"},"primaryImageOfPage":{"@id":"https:\/\/vincentians.com\/es\/misiones-vicencianas\/#primaryimage"},"image":{"@id":"https:\/\/vincentians.com\/es\/misiones-vicencianas\/#primaryimage"},"thumbnailUrl":"","datePublished":"2013-10-28T08:25:14+00:00","dateModified":"2016-07-26T18:14:51+00:00","breadcrumb":{"@id":"https:\/\/vincentians.com\/es\/misiones-vicencianas\/#breadcrumb"},"inLanguage":"es","potentialAction":[{"@type":"ReadAction","target":["https:\/\/vincentians.com\/es\/misiones-vicencianas\/"]}]},{"@type":"ImageObject","inLanguage":"es","@id":"https:\/\/vincentians.com\/es\/misiones-vicencianas\/#primaryimage","url":"","contentUrl":""},{"@type":"BreadcrumbList","@id":"https:\/\/vincentians.com\/es\/misiones-vicencianas\/#breadcrumb","itemListElement":[{"@type":"ListItem","position":1,"name":"Portada","item":"http:\/\/vincentians.com\/es\/"},{"@type":"ListItem","position":2,"name":"Misiones vicencianas"}]},{"@type":"WebSite","@id":"http:\/\/vincentians.com\/es\/#website","url":"http:\/\/vincentians.com\/es\/","name":"Somos Vicencianos","description":"Know more to serve more","publisher":{"@id":"http:\/\/vincentians.com\/es\/#organization"},"potentialAction":[{"@type":"SearchAction","target":{"@type":"EntryPoint","urlTemplate":"http:\/\/vincentians.com\/es\/?s={search_term_string}"},"query-input":{"@type":"PropertyValueSpecification","valueRequired":true,"valueName":"search_term_string"}}],"inLanguage":"es"},{"@type":"Organization","@id":"http:\/\/vincentians.com\/es\/#organization","name":"The Vincentian Network","url":"http:\/\/vincentians.com\/es\/","logo":{"@type":"ImageObject","inLanguage":"es","@id":"http:\/\/vincentians.com\/es\/#\/schema\/logo\/image\/","url":"https:\/\/i1.wp.com\/vincentians.com\/es\/wp-content\/uploads\/sites\/11\/2016\/06\/Vincentian-Network-logo-big.png?fit=778%2C778","contentUrl":"https:\/\/i1.wp.com\/vincentians.com\/es\/wp-content\/uploads\/sites\/11\/2016\/06\/Vincentian-Network-logo-big.png?fit=778%2C778","width":778,"height":778,"caption":"The Vincentian Network"},"image":{"@id":"http:\/\/vincentians.com\/es\/#\/schema\/logo\/image\/"},"sameAs":["https:\/\/www.facebook.com\/WeAreVincentians\/","https:\/\/x.com\/WeVincentians"]},{"@type":"Person","@id":"http:\/\/vincentians.com\/es\/#\/schema\/person\/9623ef4d9aa3b2dfb8c061f1499288f2","name":"Francisco Javier Fern\u00e1ndez Chento","image":{"@type":"ImageObject","inLanguage":"es","@id":"http:\/\/vincentians.com\/es\/#\/schema\/person\/image\/","url":"https:\/\/secure.gravatar.com\/avatar\/497d5cde87b4c3d097d0315953521681ba2cd523ee66e5077c3711f7021e65de?s=96&d=mm&r=g","contentUrl":"https:\/\/secure.gravatar.com\/avatar\/497d5cde87b4c3d097d0315953521681ba2cd523ee66e5077c3711f7021e65de?s=96&d=mm&r=g","caption":"Francisco Javier Fern\u00e1ndez Chento"},"description":"Director General y cofundador de La Red de Formaci\u00f3n Vicenciana. Javier es laico vicenciano, afiliado a la Congregaci\u00f3n de la Misi\u00f3n y miembro del Equipo de Misiones Populares de la provincia can\u00f3nica de Zaragoza (Espa\u00f1a) de la Congregaci\u00f3n de la Misi\u00f3n. Graduado en la Universidad Oberta de Catalunya con cuatro grados (Asistente de direcci\u00f3n, Gesti\u00f3n Administrativa, Recursos Humanos y Contabilidad Avanzada). Bil\u00edng\u00fce Espa\u00f1ol\/Ingl\u00e9s. gestiona y mantiene varias p\u00e1ginas web cristianas y vicencianas, incluida including La Red de Formaci\u00f3n Vicenciana, de la que es cofundador. Actualmente es responsable del \u00e1rea de Espa\u00f1ol de .famvin, la Red de Noticias de la Familia Vicenciana. Tambi\u00e9n es m\u00fasico cat\u00f3lico y ha editado varios discos. Es Director General y cofundador de Trovador, una reconocida compa\u00f1\u00eda discogr\u00e1fica critiana de Espa\u00f1a. Trabaja en las Tecnolog\u00edas de la Informaci\u00f3n, ofreciendo servicios de alojamiento, dise\u00f1o y mantenimiento Web, as\u00ed como asesoramiento, formaci\u00f3n y soluciones inform\u00e1ticas, gesti\u00f3n documental y digitalizaci\u00f3n de textos, edici\u00f3n y maquetaci\u00f3n de libros, revistas, flyers, etc.","sameAs":["http:\/\/chento.org","https:\/\/www.facebook.com\/JavierChento","https:\/\/x.com\/https:\/\/twitter.com\/javierchento"],"url":"https:\/\/vincentians.com\/es\/author\/chento\/"}]}},"jetpack_publicize_connections":[],"jetpack_featured_media_url":"","jetpack_sharing_enabled":true,"jetpack_shortlink":"https:\/\/wp.me\/p7ETMF-3Ix","jetpack-related-posts":[{"id":117943,"url":"https:\/\/vincentians.com\/es\/entrevista-a-asuncion-gascon\/","url_meta":{"origin":14293,"position":0},"title":"Entrevista a Asunci\u00f3n Gasc\u00f3n, misionera seglar","author":"Francisco Javier Fern\u00e1ndez Chento","date":"28\/02\/2013","format":false,"excerpt":"Asun es laica y desde hace casi 30 a\u00f1os dedica su vida al trabajo misionero, fundamentalmente en las Misiones Populares Vicencianas en Espa\u00f1a (en el Equipo de Misiones Populares de los Pa\u00fales de Zaragoza). Tambi\u00e9n ha realizado esta labor en otros pa\u00edses. Esta entrevista fue emitida por el programa \"Vidas\u2026","rel":"","context":"En \u00abMisiones \u00abAd gentes\u00bb\u00bb","block_context":{"text":"Misiones \u00abAd gentes\u00bb","link":"https:\/\/vincentians.com\/es\/category\/servicios-y-ministerios\/misiones-ad-gentes\/"},"img":{"alt_text":"","src":"https:\/\/i0.wp.com\/img.youtube.com\/vi\/dpagf2j9EK8\/0.jpg?resize=350%2C200","width":350,"height":200},"classes":[]},{"id":387335,"url":"https:\/\/vincentians.com\/es\/la-mision-vicenciana-una-primera-aproximacion\/","url_meta":{"origin":14293,"position":1},"title":"La Misi\u00f3n Vicenciana: una primera aproximaci\u00f3n","author":"Francisco Javier Fern\u00e1ndez Chento","date":"22\/12\/2014","format":false,"excerpt":"1. Lugar de la Misi\u00f3n Vicenciana La Misi\u00f3n vicenciana surge en un momento determinado de la historia en el que se est\u00e1n viviendo unas circunstancias sociales (reg\u00edmenes absolutistas) y eclesiales (iglesia de cristiandad) que la condicionan. Hoy las circunstancias han cambiado. De ah\u00ed que no sea in\u00fatil preguntarse: \u00bfTiene hoy\u2026","rel":"","context":"En \u00abMisiones populares\u00bb","block_context":{"text":"Misiones populares","link":"https:\/\/vincentians.com\/es\/category\/servicios-y-ministerios\/misiones-populares-misiones\/"},"img":{"alt_text":"Minolta DSC","src":"https:\/\/i0.wp.com\/vicencianos.org\/wp-content\/2014\/12\/Honduras-300x225.jpg?resize=350%2C200","width":350,"height":200},"classes":[]},{"id":140029,"url":"https:\/\/vincentians.com\/es\/aportes-vicencianos-a-la-nueva-evangelizacion-2\/","url_meta":{"origin":14293,"position":2},"title":"Aportes vicencianos a la Nueva Evangelizaci\u00f3n","author":"Francisco Javier Fern\u00e1ndez Chento","date":"19\/02\/2015","format":false,"excerpt":"Convocados por el Superior General, P. Gregory G. Gay, los misioneros de la Congregaci\u00f3n de la Misi\u00f3n celebrar\u00e1n su 42\u00aa Asamblea General, del 27 de junio al 15 de julio de 2016. El lema de la Asamblea se centra en la entra\u00f1a evangelizadora de nuestro ser y quehacer: \u201cDej\u00e9monos renovar\u2026","rel":"","context":"En \u00abEspiritualidad vicenciana\u00bb","block_context":{"text":"Espiritualidad vicenciana","link":"https:\/\/vincentians.com\/es\/category\/espiritualidad\/espiritualidad-vicenciana\/"},"img":{"alt_text":"OLYMPUS DIGITAL CAMERA","src":"https:\/\/i0.wp.com\/vicencianos.org\/wp-content\/2015\/02\/nueva-evangelizacion1-300x225.jpg?resize=350%2C200","width":350,"height":200},"classes":[]},{"id":132906,"url":"https:\/\/vincentians.com\/es\/entrevista-testimonio-de-un-misionero-paul-isaac-una-vida-para-dar\/","url_meta":{"origin":14293,"position":3},"title":"Entrevista-testimonio de un misionero pa\u00fal: Isaac, una vida para dar","author":"Francisco Javier Fern\u00e1ndez Chento","date":"19\/12\/2014","format":false,"excerpt":"Isaac Demets Reyes, C.M., ha sido ordenado sacerdote de la Iglesia, en la Congregaci\u00f3n de la Misi\u00f3n (Misioneros Pa\u00fales), el s\u00e1bado, d\u00eda 13 de diciembre de 2014, en la Parroquia Ntra. Sra. De Monteolivete (Valencia). Antes de celebrar su primera misa el d\u00eda 14, domingo, nos regala este testimonio vocacional\u2026","rel":"","context":"En \u00abTestigos vicencianos\u00bb","block_context":{"text":"Testigos vicencianos","link":"https:\/\/vincentians.com\/es\/category\/la-familia-vicenciana\/testigos-vicencianos\/"},"img":{"alt_text":"isaac demets","src":"https:\/\/i0.wp.com\/vicencianos.org\/wp-content\/2014\/12\/isaac-demets-300x266.jpg?resize=350%2C200","width":350,"height":200},"classes":[]},{"id":128402,"url":"https:\/\/vincentians.com\/es\/aportes-vicencianos-a-la-nueva-evangelizacion\/","url_meta":{"origin":14293,"position":4},"title":"Aportes vicencianos a la nueva evangelizaci\u00f3n","author":"Francisco Javier Fern\u00e1ndez Chento","date":"15\/06\/2024","format":false,"excerpt":"Introducci\u00f3n Desde hace bastante tiempo, estamos oyendo, en la Congregaci\u00f3n de la Misi\u00f3n y en muchos c\u00edrculos de la Familia Vicenciana, dos cuestiones referentes al \"ser\" y al \"quehacer\" vicencianos. Por un lado, todos estamos plenamente de acuerdo en que el carisma, el \"ser\", la identidad, el sello caracter\u00edstico de\u2026","rel":"","context":"En \u00abFormaci\u00f3n Vicenciana\u00bb","block_context":{"text":"Formaci\u00f3n Vicenciana","link":"https:\/\/vincentians.com\/es\/category\/formacion-vicenciana\/"},"img":{"alt_text":"","src":"https:\/\/i0.wp.com\/vincentians.com\/es\/wp-content\/uploads\/sites\/11\/2016\/09\/enviados-evangelizar-pobres.jpg?fit=1200%2C630&ssl=1&resize=350%2C200","width":350,"height":200,"srcset":"https:\/\/i0.wp.com\/vincentians.com\/es\/wp-content\/uploads\/sites\/11\/2016\/09\/enviados-evangelizar-pobres.jpg?fit=1200%2C630&ssl=1&resize=350%2C200 1x, https:\/\/i0.wp.com\/vincentians.com\/es\/wp-content\/uploads\/sites\/11\/2016\/09\/enviados-evangelizar-pobres.jpg?fit=1200%2C630&ssl=1&resize=525%2C300 1.5x, https:\/\/i0.wp.com\/vincentians.com\/es\/wp-content\/uploads\/sites\/11\/2016\/09\/enviados-evangelizar-pobres.jpg?fit=1200%2C630&ssl=1&resize=700%2C400 2x, https:\/\/i0.wp.com\/vincentians.com\/es\/wp-content\/uploads\/sites\/11\/2016\/09\/enviados-evangelizar-pobres.jpg?fit=1200%2C630&ssl=1&resize=1050%2C600 3x"},"classes":[]},{"id":127199,"url":"https:\/\/vincentians.com\/es\/misioneros-vicencianos-con-dios-entre-los-mas-pobres\/","url_meta":{"origin":14293,"position":5},"title":"Misioneros Vicencianos: con Dios entre los m\u00e1s pobres","author":"Francisco Javier Fern\u00e1ndez Chento","date":"15\/01\/2024","format":false,"excerpt":"Bajo la denominaci\u00f3n de Misioneros Vicencianos se hace referencia en este art\u00edculo al carisma misionero de los Padres Pa\u00fales, Hijas de la Caridad y Misioneros Seglares Vicencianos. Una galer\u00eda de hombres y mujeres de talla excepcional que se encuentran all\u00ed donde m\u00e1s se les necesita \u2013entre los perseguidos, hu\u00e9rfanos, hambrientos,\u2026","rel":"","context":"En \u00abMisiones \u00abAd gentes\u00bb\u00bb","block_context":{"text":"Misiones \u00abAd gentes\u00bb","link":"https:\/\/vincentians.com\/es\/category\/servicios-y-ministerios\/misiones-ad-gentes\/"},"img":{"alt_text":"","src":"https:\/\/i0.wp.com\/vincentians.com\/es\/wp-content\/uploads\/sites\/11\/2016\/09\/enviados-evangelizar-pobres.jpg?fit=1200%2C630&ssl=1&resize=350%2C200","width":350,"height":200,"srcset":"https:\/\/i0.wp.com\/vincentians.com\/es\/wp-content\/uploads\/sites\/11\/2016\/09\/enviados-evangelizar-pobres.jpg?fit=1200%2C630&ssl=1&resize=350%2C200 1x, https:\/\/i0.wp.com\/vincentians.com\/es\/wp-content\/uploads\/sites\/11\/2016\/09\/enviados-evangelizar-pobres.jpg?fit=1200%2C630&ssl=1&resize=525%2C300 1.5x, https:\/\/i0.wp.com\/vincentians.com\/es\/wp-content\/uploads\/sites\/11\/2016\/09\/enviados-evangelizar-pobres.jpg?fit=1200%2C630&ssl=1&resize=700%2C400 2x, https:\/\/i0.wp.com\/vincentians.com\/es\/wp-content\/uploads\/sites\/11\/2016\/09\/enviados-evangelizar-pobres.jpg?fit=1200%2C630&ssl=1&resize=1050%2C600 3x"},"classes":[]}],"_links":{"self":[{"href":"https:\/\/vincentians.com\/es\/wp-json\/wp\/v2\/posts\/14293","targetHints":{"allow":["GET"]}}],"collection":[{"href":"https:\/\/vincentians.com\/es\/wp-json\/wp\/v2\/posts"}],"about":[{"href":"https:\/\/vincentians.com\/es\/wp-json\/wp\/v2\/types\/post"}],"author":[{"embeddable":true,"href":"https:\/\/vincentians.com\/es\/wp-json\/wp\/v2\/users\/4"}],"replies":[{"embeddable":true,"href":"https:\/\/vincentians.com\/es\/wp-json\/wp\/v2\/comments?post=14293"}],"version-history":[{"count":0,"href":"https:\/\/vincentians.com\/es\/wp-json\/wp\/v2\/posts\/14293\/revisions"}],"wp:featuredmedia":[{"embeddable":true,"href":"https:\/\/vincentians.com\/es\/wp-json\/"}],"wp:attachment":[{"href":"https:\/\/vincentians.com\/es\/wp-json\/wp\/v2\/media?parent=14293"}],"wp:term":[{"taxonomy":"category","embeddable":true,"href":"https:\/\/vincentians.com\/es\/wp-json\/wp\/v2\/categories?post=14293"},{"taxonomy":"post_tag","embeddable":true,"href":"https:\/\/vincentians.com\/es\/wp-json\/wp\/v2\/tags?post=14293"}],"curies":[{"name":"wp","href":"https:\/\/api.w.org\/{rel}","templated":true}]}}