{"id":142915,"date":"2015-04-10T02:49:46","date_gmt":"2015-04-10T00:49:46","guid":{"rendered":"http:\/\/somos.vicencianos.org\/?p=142915"},"modified":"2016-07-24T10:27:10","modified_gmt":"2016-07-24T08:27:10","slug":"2o-domingo-de-pascua-reflexion-de-pedro-guillen-goni-c-m-4","status":"publish","type":"post","link":"https:\/\/vincentians.com\/es\/2o-domingo-de-pascua-reflexion-de-pedro-guillen-goni-c-m-4\/","title":{"rendered":"2\u00ba Domingo de Pascua (reflexi\u00f3n de Pedro Guill\u00e9n Go\u00f1i, C.M.)"},"content":{"rendered":"<p><img data-recalc-dims=\"1\" loading=\"lazy\" decoding=\"async\" class=\"alignright size-full wp-image-72\" title=\"pedro_guillen\" src=\"https:\/\/i0.wp.com\/vicencianos.org\/wp-content\/2010\/12\/pedro_guillen.jpg?resize=184%2C225\" alt=\"\" width=\"184\" height=\"225\" \/>El evangelio que nos presenta la liturgia de este segundo domingo de Pascua contiene toda una pedagog\u00eda de encuentro entre el Se\u00f1or resucitado y sus disc\u00edpulos.<\/p>\n<p>A destacar, en primer lugar, el saludo de presentaci\u00f3n por parte del Se\u00f1or: \u201cPaz a vosotros\u201d, deseo que en cada Eucarist\u00eda recordamos y prometemos a los que est\u00e1n a nuestro lado. Es m\u00e1s que una mera f\u00f3rmula repetida, tal vez, por la rutina. Es un don que queremos tener y ofrecer para alcanzar serenidad de cuerpo y esp\u00edritu para afrontar con madurez los acontecimientos de la vida. El Se\u00f1or comprendi\u00f3 que sus disc\u00edpulos, sumergidos todav\u00eda en la confusi\u00f3n, miedo y hasta cierta decepci\u00f3n en los momentos inmediatamente posteriores a su muerte, sent\u00edan necesidad de un cierto control mental, de apaciguar los \u00e1nimos, de llenarse de la fuerza del Esp\u00edritu para afrontar con lucidez su propio presente y los acontecimientos del futuro. Por eso el Se\u00f1or les inunda con su gracia para que sean capaces de afrontar con serenidad y valent\u00eda los acontecimientos primeros que se suceden a partir de la experiencia de su propia resurrecci\u00f3n.<\/p>\n<p>Es obvio que la resurrecci\u00f3n nos orienta a la esperanza pero, a partir del di\u00e1logo que el Se\u00f1or sostiene con Tom\u00e1s en su segunda aparici\u00f3n que nos describe el evangelio de hoy, el punto de mira debe estar dirigido tambi\u00e9n a la fe. No les fue f\u00e1cil aceptar y creer a los disc\u00edpulos al Se\u00f1or resucitado despu\u00e9s de la experiencia dura que vivieron durante su pasi\u00f3n: aquel que hab\u00edan imaginado como al Mes\u00edas de gloria muere entre tormentos en la cruz. Por eso no es de extra\u00f1ar la reacci\u00f3n e Tom\u00e1s pero cuando Jes\u00fas le hace ver que est\u00e1 vivo, que no es una alucinaci\u00f3n del resto de los disc\u00edpulos cambia totalmente y su duda se transforma en la seguridad de estar en el camino de Dios. Y a partir de este momento todos se sienten contagiados por la Luz del Se\u00f1or que ilumina su adhesi\u00f3n a \u00c9l, se sienten unidos en una misma comuni\u00f3n para realizar en el mundo el Proyecto del Reino y, animados por la fuerza y el gozo del Esp\u00edritu se convierten en testigos y misioneros de la resurrecci\u00f3n. Que lecci\u00f3n tan maravillosa para que cada uno de nosotros asimilemos este ejemplo y la presencia del Se\u00f1or resucitado transforme tambi\u00e9n nuestras vidas hacia ese mismo proceso de amor y fe al Se\u00f1or.<\/p>\n<p>En este d\u00eda celebra la Iglesia tambi\u00e9n la advocaci\u00f3n al \u201cSe\u00f1or de la Misericordia\u201d. Buen momento para sentir el gozo del perd\u00f3n, la bondad y la acogida del Se\u00f1or. Cristo, marcado por la compasi\u00f3n y la ternura, nos da ejemplo de perd\u00f3n que es el cimiento del amor cercano y universal.<\/p>\n","protected":false},"excerpt":{"rendered":"<p>El evangelio que nos presenta la liturgia de este segundo domingo de Pascua contiene toda una pedagog\u00eda de encuentro entre el Se\u00f1or resucitado y sus disc\u00edpulos. A destacar, en primer lugar, el saludo de presentaci\u00f3n &#8230; <a href=\"https:\/\/vincentians.com\/es\/2o-domingo-de-pascua-reflexion-de-pedro-guillen-goni-c-m-4\/\" class=\"more-link\">Read More<\/a><\/p>\n","protected":false},"author":4,"featured_media":388408,"comment_status":"open","ping_status":"open","sticky":false,"template":"","format":"standard","meta":{"rs_blank_template":"","rs_page_bg_color":"","slide_template_v7":"","_jetpack_newsletter_access":"","_jetpack_dont_email_post_to_subs":false,"_jetpack_newsletter_tier_id":0,"_jetpack_memberships_contains_paywalled_content":false,"_jetpack_feature_clip_id":0,"_jetpack_memberships_contains_paid_content":false,"footnotes":"","jetpack_publicize_message":"","jetpack_publicize_feature_enabled":true,"jetpack_social_post_already_shared":true,"jetpack_social_options":{"image_generator_settings":{"template":"highway","default_image_id":0,"font":"","enabled":false},"version":2},"jetpack_post_was_ever_published":false},"categories":[93],"tags":[],"class_list":["post-142915","post","type-post","status-publish","format-standard","has-post-thumbnail","hentry","category-homilias-y-reflexiones-ano-b"],"yoast_head":"<!-- This site is optimized with the Yoast SEO plugin v27.9 - https:\/\/yoast.com\/product\/yoast-seo-wordpress\/ -->\n<title>2\u00ba Domingo de Pascua (reflexi\u00f3n de Pedro Guill\u00e9n Go\u00f1i, C.M.) - Somos Vicencianos<\/title>\n<meta name=\"robots\" content=\"index, follow, max-snippet:-1, max-image-preview:large, max-video-preview:-1\" \/>\n<link rel=\"canonical\" href=\"http:\/\/vincentians.com\/es\/2o-domingo-de-pascua-reflexion-de-pedro-guillen-goni-c-m-4\/\" \/>\n<meta property=\"og:locale\" content=\"es_ES\" \/>\n<meta property=\"og:type\" content=\"article\" \/>\n<meta property=\"og:title\" content=\"2\u00ba Domingo de Pascua (reflexi\u00f3n de Pedro Guill\u00e9n Go\u00f1i, C.M.) - Somos Vicencianos\" \/>\n<meta property=\"og:description\" content=\"El evangelio que nos presenta la liturgia de este segundo domingo de Pascua contiene toda una pedagog\u00eda de encuentro entre el Se\u00f1or resucitado y sus disc\u00edpulos. A destacar, en primer lugar, el saludo de presentaci\u00f3n ... Read More\" \/>\n<meta property=\"og:url\" content=\"http:\/\/vincentians.com\/es\/2o-domingo-de-pascua-reflexion-de-pedro-guillen-goni-c-m-4\/\" \/>\n<meta property=\"og:site_name\" content=\"Somos Vicencianos\" \/>\n<meta property=\"article:publisher\" content=\"https:\/\/www.facebook.com\/WeAreVincentians\/\" \/>\n<meta property=\"article:author\" content=\"https:\/\/www.facebook.com\/JavierChento\" \/>\n<meta property=\"article:published_time\" content=\"2015-04-10T00:49:46+00:00\" \/>\n<meta property=\"article:modified_time\" content=\"2016-07-24T08:27:10+00:00\" \/>\n<meta property=\"og:image\" content=\"https:\/\/i0.wp.com\/vincentians.com\/es\/wp-content\/uploads\/sites\/11\/2016\/07\/reflexiones-palabra-de-dios.jpg?fit=1200%2C630\" \/>\n\t<meta property=\"og:image:width\" content=\"1200\" \/>\n\t<meta property=\"og:image:height\" content=\"630\" \/>\n\t<meta property=\"og:image:type\" content=\"image\/jpeg\" \/>\n<meta name=\"author\" content=\"Francisco Javier Fern\u00e1ndez Chento\" \/>\n<meta name=\"twitter:card\" content=\"summary_large_image\" \/>\n<meta name=\"twitter:creator\" content=\"@https:\/\/twitter.com\/javierchento\" \/>\n<meta name=\"twitter:site\" content=\"@WeVincentians\" \/>\n<meta name=\"twitter:label1\" content=\"Escrito por\" \/>\n\t<meta name=\"twitter:data1\" content=\"Francisco Javier Fern\u00e1ndez Chento\" \/>\n\t<meta name=\"twitter:label2\" content=\"Tiempo de lectura\" \/>\n\t<meta name=\"twitter:data2\" content=\"3 minutos\" \/>\n<script type=\"application\/ld+json\" class=\"yoast-schema-graph\">{\"@context\":\"https:\\\/\\\/schema.org\",\"@graph\":[{\"@type\":\"Article\",\"@id\":\"http:\\\/\\\/vincentians.com\\\/es\\\/2o-domingo-de-pascua-reflexion-de-pedro-guillen-goni-c-m-4\\\/#article\",\"isPartOf\":{\"@id\":\"http:\\\/\\\/vincentians.com\\\/es\\\/2o-domingo-de-pascua-reflexion-de-pedro-guillen-goni-c-m-4\\\/\"},\"author\":{\"name\":\"Francisco Javier Fern\u00e1ndez Chento\",\"@id\":\"http:\\\/\\\/vincentians.com\\\/es\\\/#\\\/schema\\\/person\\\/9623ef4d9aa3b2dfb8c061f1499288f2\"},\"headline\":\"2\u00ba Domingo de Pascua (reflexi\u00f3n de Pedro Guill\u00e9n Go\u00f1i, C.M.)\",\"datePublished\":\"2015-04-10T00:49:46+00:00\",\"dateModified\":\"2016-07-24T08:27:10+00:00\",\"mainEntityOfPage\":{\"@id\":\"http:\\\/\\\/vincentians.com\\\/es\\\/2o-domingo-de-pascua-reflexion-de-pedro-guillen-goni-c-m-4\\\/\"},\"wordCount\":517,\"commentCount\":0,\"publisher\":{\"@id\":\"http:\\\/\\\/vincentians.com\\\/es\\\/#organization\"},\"image\":{\"@id\":\"http:\\\/\\\/vincentians.com\\\/es\\\/2o-domingo-de-pascua-reflexion-de-pedro-guillen-goni-c-m-4\\\/#primaryimage\"},\"thumbnailUrl\":\"https:\\\/\\\/i0.wp.com\\\/vincentians.com\\\/es\\\/wp-content\\\/uploads\\\/sites\\\/11\\\/2016\\\/07\\\/reflexiones-palabra-de-dios.jpg?fit=1200%2C630&ssl=1\",\"articleSection\":[\"Homil\u00edas y reflexiones, A\u00f1o B\"],\"inLanguage\":\"es\",\"potentialAction\":[{\"@type\":\"CommentAction\",\"name\":\"Comment\",\"target\":[\"http:\\\/\\\/vincentians.com\\\/es\\\/2o-domingo-de-pascua-reflexion-de-pedro-guillen-goni-c-m-4\\\/#respond\"]}]},{\"@type\":\"WebPage\",\"@id\":\"http:\\\/\\\/vincentians.com\\\/es\\\/2o-domingo-de-pascua-reflexion-de-pedro-guillen-goni-c-m-4\\\/\",\"url\":\"http:\\\/\\\/vincentians.com\\\/es\\\/2o-domingo-de-pascua-reflexion-de-pedro-guillen-goni-c-m-4\\\/\",\"name\":\"2\u00ba Domingo de Pascua (reflexi\u00f3n de Pedro Guill\u00e9n Go\u00f1i, C.M.) - Somos Vicencianos\",\"isPartOf\":{\"@id\":\"http:\\\/\\\/vincentians.com\\\/es\\\/#website\"},\"primaryImageOfPage\":{\"@id\":\"http:\\\/\\\/vincentians.com\\\/es\\\/2o-domingo-de-pascua-reflexion-de-pedro-guillen-goni-c-m-4\\\/#primaryimage\"},\"image\":{\"@id\":\"http:\\\/\\\/vincentians.com\\\/es\\\/2o-domingo-de-pascua-reflexion-de-pedro-guillen-goni-c-m-4\\\/#primaryimage\"},\"thumbnailUrl\":\"https:\\\/\\\/i0.wp.com\\\/vincentians.com\\\/es\\\/wp-content\\\/uploads\\\/sites\\\/11\\\/2016\\\/07\\\/reflexiones-palabra-de-dios.jpg?fit=1200%2C630&ssl=1\",\"datePublished\":\"2015-04-10T00:49:46+00:00\",\"dateModified\":\"2016-07-24T08:27:10+00:00\",\"breadcrumb\":{\"@id\":\"http:\\\/\\\/vincentians.com\\\/es\\\/2o-domingo-de-pascua-reflexion-de-pedro-guillen-goni-c-m-4\\\/#breadcrumb\"},\"inLanguage\":\"es\",\"potentialAction\":[{\"@type\":\"ReadAction\",\"target\":[\"http:\\\/\\\/vincentians.com\\\/es\\\/2o-domingo-de-pascua-reflexion-de-pedro-guillen-goni-c-m-4\\\/\"]}]},{\"@type\":\"ImageObject\",\"inLanguage\":\"es\",\"@id\":\"http:\\\/\\\/vincentians.com\\\/es\\\/2o-domingo-de-pascua-reflexion-de-pedro-guillen-goni-c-m-4\\\/#primaryimage\",\"url\":\"https:\\\/\\\/i0.wp.com\\\/vincentians.com\\\/es\\\/wp-content\\\/uploads\\\/sites\\\/11\\\/2016\\\/07\\\/reflexiones-palabra-de-dios.jpg?fit=1200%2C630&ssl=1\",\"contentUrl\":\"https:\\\/\\\/i0.wp.com\\\/vincentians.com\\\/es\\\/wp-content\\\/uploads\\\/sites\\\/11\\\/2016\\\/07\\\/reflexiones-palabra-de-dios.jpg?fit=1200%2C630&ssl=1\",\"width\":1200,\"height\":630},{\"@type\":\"BreadcrumbList\",\"@id\":\"http:\\\/\\\/vincentians.com\\\/es\\\/2o-domingo-de-pascua-reflexion-de-pedro-guillen-goni-c-m-4\\\/#breadcrumb\",\"itemListElement\":[{\"@type\":\"ListItem\",\"position\":1,\"name\":\"Portada\",\"item\":\"http:\\\/\\\/vincentians.com\\\/es\\\/\"},{\"@type\":\"ListItem\",\"position\":2,\"name\":\"2\u00ba Domingo de Pascua (reflexi\u00f3n de Pedro Guill\u00e9n Go\u00f1i, C.M.)\"}]},{\"@type\":\"WebSite\",\"@id\":\"http:\\\/\\\/vincentians.com\\\/es\\\/#website\",\"url\":\"http:\\\/\\\/vincentians.com\\\/es\\\/\",\"name\":\"Somos Vicencianos\",\"description\":\"Know more to serve more\",\"publisher\":{\"@id\":\"http:\\\/\\\/vincentians.com\\\/es\\\/#organization\"},\"potentialAction\":[{\"@type\":\"SearchAction\",\"target\":{\"@type\":\"EntryPoint\",\"urlTemplate\":\"http:\\\/\\\/vincentians.com\\\/es\\\/?s={search_term_string}\"},\"query-input\":{\"@type\":\"PropertyValueSpecification\",\"valueRequired\":true,\"valueName\":\"search_term_string\"}}],\"inLanguage\":\"es\"},{\"@type\":\"Organization\",\"@id\":\"http:\\\/\\\/vincentians.com\\\/es\\\/#organization\",\"name\":\"The Vincentian Network\",\"url\":\"http:\\\/\\\/vincentians.com\\\/es\\\/\",\"logo\":{\"@type\":\"ImageObject\",\"inLanguage\":\"es\",\"@id\":\"http:\\\/\\\/vincentians.com\\\/es\\\/#\\\/schema\\\/logo\\\/image\\\/\",\"url\":\"https:\\\/\\\/i1.wp.com\\\/vincentians.com\\\/es\\\/wp-content\\\/uploads\\\/sites\\\/11\\\/2016\\\/06\\\/Vincentian-Network-logo-big.png?fit=778%2C778\",\"contentUrl\":\"https:\\\/\\\/i1.wp.com\\\/vincentians.com\\\/es\\\/wp-content\\\/uploads\\\/sites\\\/11\\\/2016\\\/06\\\/Vincentian-Network-logo-big.png?fit=778%2C778\",\"width\":778,\"height\":778,\"caption\":\"The Vincentian Network\"},\"image\":{\"@id\":\"http:\\\/\\\/vincentians.com\\\/es\\\/#\\\/schema\\\/logo\\\/image\\\/\"},\"sameAs\":[\"https:\\\/\\\/www.facebook.com\\\/WeAreVincentians\\\/\",\"https:\\\/\\\/x.com\\\/WeVincentians\"]},{\"@type\":\"Person\",\"@id\":\"http:\\\/\\\/vincentians.com\\\/es\\\/#\\\/schema\\\/person\\\/9623ef4d9aa3b2dfb8c061f1499288f2\",\"name\":\"Francisco Javier Fern\u00e1ndez Chento\",\"image\":{\"@type\":\"ImageObject\",\"inLanguage\":\"es\",\"@id\":\"https:\\\/\\\/secure.gravatar.com\\\/avatar\\\/497d5cde87b4c3d097d0315953521681ba2cd523ee66e5077c3711f7021e65de?s=96&d=mm&r=g\",\"url\":\"https:\\\/\\\/secure.gravatar.com\\\/avatar\\\/497d5cde87b4c3d097d0315953521681ba2cd523ee66e5077c3711f7021e65de?s=96&d=mm&r=g\",\"contentUrl\":\"https:\\\/\\\/secure.gravatar.com\\\/avatar\\\/497d5cde87b4c3d097d0315953521681ba2cd523ee66e5077c3711f7021e65de?s=96&d=mm&r=g\",\"caption\":\"Francisco Javier Fern\u00e1ndez Chento\"},\"description\":\"Director General y cofundador de La Red de Formaci\u00f3n Vicenciana. Javier es laico vicenciano, afiliado a la Congregaci\u00f3n de la Misi\u00f3n y miembro del Equipo de Misiones Populares de la provincia can\u00f3nica de Zaragoza (Espa\u00f1a) de la Congregaci\u00f3n de la Misi\u00f3n. Graduado en la Universidad Oberta de Catalunya con cuatro grados (Asistente de direcci\u00f3n, Gesti\u00f3n Administrativa, Recursos Humanos y Contabilidad Avanzada). Bil\u00edng\u00fce Espa\u00f1ol\\\/Ingl\u00e9s. gestiona y mantiene varias p\u00e1ginas web cristianas y vicencianas, incluida including La Red de Formaci\u00f3n Vicenciana, de la que es cofundador. Actualmente es responsable del \u00e1rea de Espa\u00f1ol de .famvin, la Red de Noticias de la Familia Vicenciana. Tambi\u00e9n es m\u00fasico cat\u00f3lico y ha editado varios discos. Es Director General y cofundador de Trovador, una reconocida compa\u00f1\u00eda discogr\u00e1fica critiana de Espa\u00f1a. Trabaja en las Tecnolog\u00edas de la Informaci\u00f3n, ofreciendo servicios de alojamiento, dise\u00f1o y mantenimiento Web, as\u00ed como asesoramiento, formaci\u00f3n y soluciones inform\u00e1ticas, gesti\u00f3n documental y digitalizaci\u00f3n de textos, edici\u00f3n y maquetaci\u00f3n de libros, revistas, flyers, etc.\",\"sameAs\":[\"http:\\\/\\\/chento.org\",\"https:\\\/\\\/www.facebook.com\\\/JavierChento\",\"https:\\\/\\\/x.com\\\/https:\\\/\\\/twitter.com\\\/javierchento\"],\"url\":\"https:\\\/\\\/vincentians.com\\\/es\\\/author\\\/chento\\\/\"}]}<\/script>\n<!-- \/ Yoast SEO plugin. -->","yoast_head_json":{"title":"2\u00ba Domingo de Pascua (reflexi\u00f3n de Pedro Guill\u00e9n Go\u00f1i, C.M.) - Somos Vicencianos","robots":{"index":"index","follow":"follow","max-snippet":"max-snippet:-1","max-image-preview":"max-image-preview:large","max-video-preview":"max-video-preview:-1"},"canonical":"http:\/\/vincentians.com\/es\/2o-domingo-de-pascua-reflexion-de-pedro-guillen-goni-c-m-4\/","og_locale":"es_ES","og_type":"article","og_title":"2\u00ba Domingo de Pascua (reflexi\u00f3n de Pedro Guill\u00e9n Go\u00f1i, C.M.) - Somos Vicencianos","og_description":"El evangelio que nos presenta la liturgia de este segundo domingo de Pascua contiene toda una pedagog\u00eda de encuentro entre el Se\u00f1or resucitado y sus disc\u00edpulos. A destacar, en primer lugar, el saludo de presentaci\u00f3n ... Read More","og_url":"http:\/\/vincentians.com\/es\/2o-domingo-de-pascua-reflexion-de-pedro-guillen-goni-c-m-4\/","og_site_name":"Somos Vicencianos","article_publisher":"https:\/\/www.facebook.com\/WeAreVincentians\/","article_author":"https:\/\/www.facebook.com\/JavierChento","article_published_time":"2015-04-10T00:49:46+00:00","article_modified_time":"2016-07-24T08:27:10+00:00","og_image":[{"width":1200,"height":630,"url":"https:\/\/i0.wp.com\/vincentians.com\/es\/wp-content\/uploads\/sites\/11\/2016\/07\/reflexiones-palabra-de-dios.jpg?fit=1200%2C630","type":"image\/jpeg"}],"author":"Francisco Javier Fern\u00e1ndez Chento","twitter_card":"summary_large_image","twitter_creator":"@https:\/\/twitter.com\/javierchento","twitter_site":"@WeVincentians","twitter_misc":{"Escrito por":"Francisco Javier Fern\u00e1ndez Chento","Tiempo de lectura":"3 minutos"},"schema":{"@context":"https:\/\/schema.org","@graph":[{"@type":"Article","@id":"http:\/\/vincentians.com\/es\/2o-domingo-de-pascua-reflexion-de-pedro-guillen-goni-c-m-4\/#article","isPartOf":{"@id":"http:\/\/vincentians.com\/es\/2o-domingo-de-pascua-reflexion-de-pedro-guillen-goni-c-m-4\/"},"author":{"name":"Francisco Javier Fern\u00e1ndez Chento","@id":"http:\/\/vincentians.com\/es\/#\/schema\/person\/9623ef4d9aa3b2dfb8c061f1499288f2"},"headline":"2\u00ba Domingo de Pascua (reflexi\u00f3n de Pedro Guill\u00e9n Go\u00f1i, C.M.)","datePublished":"2015-04-10T00:49:46+00:00","dateModified":"2016-07-24T08:27:10+00:00","mainEntityOfPage":{"@id":"http:\/\/vincentians.com\/es\/2o-domingo-de-pascua-reflexion-de-pedro-guillen-goni-c-m-4\/"},"wordCount":517,"commentCount":0,"publisher":{"@id":"http:\/\/vincentians.com\/es\/#organization"},"image":{"@id":"http:\/\/vincentians.com\/es\/2o-domingo-de-pascua-reflexion-de-pedro-guillen-goni-c-m-4\/#primaryimage"},"thumbnailUrl":"https:\/\/i0.wp.com\/vincentians.com\/es\/wp-content\/uploads\/sites\/11\/2016\/07\/reflexiones-palabra-de-dios.jpg?fit=1200%2C630&ssl=1","articleSection":["Homil\u00edas y reflexiones, A\u00f1o B"],"inLanguage":"es","potentialAction":[{"@type":"CommentAction","name":"Comment","target":["http:\/\/vincentians.com\/es\/2o-domingo-de-pascua-reflexion-de-pedro-guillen-goni-c-m-4\/#respond"]}]},{"@type":"WebPage","@id":"http:\/\/vincentians.com\/es\/2o-domingo-de-pascua-reflexion-de-pedro-guillen-goni-c-m-4\/","url":"http:\/\/vincentians.com\/es\/2o-domingo-de-pascua-reflexion-de-pedro-guillen-goni-c-m-4\/","name":"2\u00ba Domingo de Pascua (reflexi\u00f3n de Pedro Guill\u00e9n Go\u00f1i, C.M.) - Somos Vicencianos","isPartOf":{"@id":"http:\/\/vincentians.com\/es\/#website"},"primaryImageOfPage":{"@id":"http:\/\/vincentians.com\/es\/2o-domingo-de-pascua-reflexion-de-pedro-guillen-goni-c-m-4\/#primaryimage"},"image":{"@id":"http:\/\/vincentians.com\/es\/2o-domingo-de-pascua-reflexion-de-pedro-guillen-goni-c-m-4\/#primaryimage"},"thumbnailUrl":"https:\/\/i0.wp.com\/vincentians.com\/es\/wp-content\/uploads\/sites\/11\/2016\/07\/reflexiones-palabra-de-dios.jpg?fit=1200%2C630&ssl=1","datePublished":"2015-04-10T00:49:46+00:00","dateModified":"2016-07-24T08:27:10+00:00","breadcrumb":{"@id":"http:\/\/vincentians.com\/es\/2o-domingo-de-pascua-reflexion-de-pedro-guillen-goni-c-m-4\/#breadcrumb"},"inLanguage":"es","potentialAction":[{"@type":"ReadAction","target":["http:\/\/vincentians.com\/es\/2o-domingo-de-pascua-reflexion-de-pedro-guillen-goni-c-m-4\/"]}]},{"@type":"ImageObject","inLanguage":"es","@id":"http:\/\/vincentians.com\/es\/2o-domingo-de-pascua-reflexion-de-pedro-guillen-goni-c-m-4\/#primaryimage","url":"https:\/\/i0.wp.com\/vincentians.com\/es\/wp-content\/uploads\/sites\/11\/2016\/07\/reflexiones-palabra-de-dios.jpg?fit=1200%2C630&ssl=1","contentUrl":"https:\/\/i0.wp.com\/vincentians.com\/es\/wp-content\/uploads\/sites\/11\/2016\/07\/reflexiones-palabra-de-dios.jpg?fit=1200%2C630&ssl=1","width":1200,"height":630},{"@type":"BreadcrumbList","@id":"http:\/\/vincentians.com\/es\/2o-domingo-de-pascua-reflexion-de-pedro-guillen-goni-c-m-4\/#breadcrumb","itemListElement":[{"@type":"ListItem","position":1,"name":"Portada","item":"http:\/\/vincentians.com\/es\/"},{"@type":"ListItem","position":2,"name":"2\u00ba Domingo de Pascua (reflexi\u00f3n de Pedro Guill\u00e9n Go\u00f1i, C.M.)"}]},{"@type":"WebSite","@id":"http:\/\/vincentians.com\/es\/#website","url":"http:\/\/vincentians.com\/es\/","name":"Somos Vicencianos","description":"Know more to serve more","publisher":{"@id":"http:\/\/vincentians.com\/es\/#organization"},"potentialAction":[{"@type":"SearchAction","target":{"@type":"EntryPoint","urlTemplate":"http:\/\/vincentians.com\/es\/?s={search_term_string}"},"query-input":{"@type":"PropertyValueSpecification","valueRequired":true,"valueName":"search_term_string"}}],"inLanguage":"es"},{"@type":"Organization","@id":"http:\/\/vincentians.com\/es\/#organization","name":"The Vincentian Network","url":"http:\/\/vincentians.com\/es\/","logo":{"@type":"ImageObject","inLanguage":"es","@id":"http:\/\/vincentians.com\/es\/#\/schema\/logo\/image\/","url":"https:\/\/i1.wp.com\/vincentians.com\/es\/wp-content\/uploads\/sites\/11\/2016\/06\/Vincentian-Network-logo-big.png?fit=778%2C778","contentUrl":"https:\/\/i1.wp.com\/vincentians.com\/es\/wp-content\/uploads\/sites\/11\/2016\/06\/Vincentian-Network-logo-big.png?fit=778%2C778","width":778,"height":778,"caption":"The Vincentian Network"},"image":{"@id":"http:\/\/vincentians.com\/es\/#\/schema\/logo\/image\/"},"sameAs":["https:\/\/www.facebook.com\/WeAreVincentians\/","https:\/\/x.com\/WeVincentians"]},{"@type":"Person","@id":"http:\/\/vincentians.com\/es\/#\/schema\/person\/9623ef4d9aa3b2dfb8c061f1499288f2","name":"Francisco Javier Fern\u00e1ndez Chento","image":{"@type":"ImageObject","inLanguage":"es","@id":"https:\/\/secure.gravatar.com\/avatar\/497d5cde87b4c3d097d0315953521681ba2cd523ee66e5077c3711f7021e65de?s=96&d=mm&r=g","url":"https:\/\/secure.gravatar.com\/avatar\/497d5cde87b4c3d097d0315953521681ba2cd523ee66e5077c3711f7021e65de?s=96&d=mm&r=g","contentUrl":"https:\/\/secure.gravatar.com\/avatar\/497d5cde87b4c3d097d0315953521681ba2cd523ee66e5077c3711f7021e65de?s=96&d=mm&r=g","caption":"Francisco Javier Fern\u00e1ndez Chento"},"description":"Director General y cofundador de La Red de Formaci\u00f3n Vicenciana. Javier es laico vicenciano, afiliado a la Congregaci\u00f3n de la Misi\u00f3n y miembro del Equipo de Misiones Populares de la provincia can\u00f3nica de Zaragoza (Espa\u00f1a) de la Congregaci\u00f3n de la Misi\u00f3n. Graduado en la Universidad Oberta de Catalunya con cuatro grados (Asistente de direcci\u00f3n, Gesti\u00f3n Administrativa, Recursos Humanos y Contabilidad Avanzada). Bil\u00edng\u00fce Espa\u00f1ol\/Ingl\u00e9s. gestiona y mantiene varias p\u00e1ginas web cristianas y vicencianas, incluida including La Red de Formaci\u00f3n Vicenciana, de la que es cofundador. Actualmente es responsable del \u00e1rea de Espa\u00f1ol de .famvin, la Red de Noticias de la Familia Vicenciana. Tambi\u00e9n es m\u00fasico cat\u00f3lico y ha editado varios discos. Es Director General y cofundador de Trovador, una reconocida compa\u00f1\u00eda discogr\u00e1fica critiana de Espa\u00f1a. Trabaja en las Tecnolog\u00edas de la Informaci\u00f3n, ofreciendo servicios de alojamiento, dise\u00f1o y mantenimiento Web, as\u00ed como asesoramiento, formaci\u00f3n y soluciones inform\u00e1ticas, gesti\u00f3n documental y digitalizaci\u00f3n de textos, edici\u00f3n y maquetaci\u00f3n de libros, revistas, flyers, etc.","sameAs":["http:\/\/chento.org","https:\/\/www.facebook.com\/JavierChento","https:\/\/x.com\/https:\/\/twitter.com\/javierchento"],"url":"https:\/\/vincentians.com\/es\/author\/chento\/"}]}},"jetpack_publicize_connections":[],"jetpack_featured_media_url":"https:\/\/i0.wp.com\/vincentians.com\/es\/wp-content\/uploads\/sites\/11\/2016\/07\/reflexiones-palabra-de-dios.jpg?fit=1200%2C630&ssl=1","jetpack_sharing_enabled":true,"jetpack_shortlink":"https:\/\/wp.me\/p7ETMF-Bb5","jetpack-related-posts":[{"id":120615,"url":"https:\/\/vincentians.com\/es\/una-vida-espiritual-cristiana-sin-rebajas-como-huir-de-las-medianias\/","url_meta":{"origin":142915,"position":0},"title":"Una vida espiritual cristiana sin rebajas. C\u00f3mo huir de las median\u00edas","author":"Francisco Javier Fern\u00e1ndez Chento","date":"24\/03\/2015","format":false,"excerpt":"I. La plegaria por la consumaci\u00f3n 1. La palabra Maran\u00e1 Tha El comienzo de nuestra reflexi\u00f3n toma como punto de partida el grito lit\u00fargico, proveniente de la primera hora y recogido por el Ap\u00f3stol Pablo, en su literalidad: Marana tha (1Cor 16,22). Este texto aparece en Pablo en el contexto\u2026","rel":"","context":"En \u00abEspiritualidad vicenciana\u00bb","block_context":{"text":"Espiritualidad vicenciana","link":"https:\/\/vincentians.com\/es\/category\/espiritualidad\/espiritualidad-vicenciana\/"},"img":{"alt_text":"sigo_a_jesus","src":"https:\/\/i0.wp.com\/vicencianos.org\/wp-content\/2013\/05\/sigo_a_jesus-300x242.jpg?resize=350%2C200","width":350,"height":200},"classes":[]},{"id":35529,"url":"https:\/\/vincentians.com\/es\/cuando-se-celebro-la-ultima-cena\/","url_meta":{"origin":142915,"position":1},"title":"\u00bfCu\u00e1ndo se celebr\u00f3 la \u00daltima Cena?","author":"Francisco Javier Fern\u00e1ndez Chento","date":"10\/06\/2014","format":false,"excerpt":"La postura de san Juan El jueves santo, todos los cat\u00f3licos del mundo celebran la \u00faltima vena de Jes\u00fas, durante la cual instituy\u00f3 la eucarist\u00eda, lav\u00f3 los pies a sus disc\u00edpulos, y nos dej\u00f3 el mandamiento del amor al pr\u00f3jimo. Al d\u00eda siguiente, a las 3 de la tarde, mor\u00eda\u2026","rel":"","context":"En \u00abFormaci\u00f3n Cristiana\u00bb","block_context":{"text":"Formaci\u00f3n Cristiana","link":"https:\/\/vincentians.com\/es\/category\/formacion-cristiana\/"},"img":{"alt_text":"","src":"https:\/\/i0.wp.com\/vicencianos.org\/wp-content\/2011\/04\/la_ultima_cena-300x189.jpg?resize=350%2C200","width":350,"height":200},"classes":[]},{"id":140961,"url":"https:\/\/vincentians.com\/es\/en-comunidad-como-jesus-con-sus-discipulos\/","url_meta":{"origin":142915,"position":2},"title":"En comunidad como Jes\u00fas con sus disc\u00edpulos","author":"Francisco Javier Fern\u00e1ndez Chento","date":"27\/02\/2015","format":false,"excerpt":"\u00abPor aquel entonces se fue \u00ada la monta\u00f1a a orar y se pas\u00f3 \u00adla noche orando a Dios. Cuando se hizo de d\u00eda llam\u00f3 a sus disc\u00edpulos, escogi\u00f3 a doce de ellos y los nombr\u00f3 ap\u00f3stoles\u00bb. (Lc 6,12-13). \u00abSeguimos a Cristo que convoca a los ap\u00f3stoles y disc\u00edpulos y que\u2026","rel":"","context":"En \u00abEspiritualidad vicenciana\u00bb","block_context":{"text":"Espiritualidad vicenciana","link":"https:\/\/vincentians.com\/es\/category\/espiritualidad\/espiritualidad-vicenciana\/"},"img":{"alt_text":"asd","src":"https:\/\/i0.wp.com\/vicencianos.org\/wp-content\/2015\/02\/asd3-300x195.jpg?resize=350%2C200","width":350,"height":200},"classes":[]},{"id":119405,"url":"https:\/\/vincentians.com\/es\/el-lavatorio-de-los-pies-a-los-discipulos\/","url_meta":{"origin":142915,"position":3},"title":"El lavatorio de los pies a los disc\u00edpulos","author":"Francisco Javier Fern\u00e1ndez Chento","date":"19\/11\/2021","format":false,"excerpt":"I - La dignidad del trabajo Introducci\u00f3n Durante la \u00faltima cena, en el Evangelio de Juan, Jes\u00fas sabiendo que ser\u00e1 esta su \u00faltima noche con sus disc\u00edpulos, quiere que le recuerden de una manera especial. Durante tres a\u00f1os los ha acompa\u00f1ado y se da cuenta de su fragilidad en la\u2026","rel":"","context":"En \u00abFormaci\u00f3n Cristiana\u00bb","block_context":{"text":"Formaci\u00f3n Cristiana","link":"https:\/\/vincentians.com\/es\/category\/formacion-cristiana\/"},"img":{"alt_text":"","src":"https:\/\/i0.wp.com\/vincentians.com\/es\/wp-content\/uploads\/sites\/11\/2016\/09\/sencillos-como-palomas.jpg?fit=1200%2C630&ssl=1&resize=350%2C200","width":350,"height":200,"srcset":"https:\/\/i0.wp.com\/vincentians.com\/es\/wp-content\/uploads\/sites\/11\/2016\/09\/sencillos-como-palomas.jpg?fit=1200%2C630&ssl=1&resize=350%2C200 1x, https:\/\/i0.wp.com\/vincentians.com\/es\/wp-content\/uploads\/sites\/11\/2016\/09\/sencillos-como-palomas.jpg?fit=1200%2C630&ssl=1&resize=525%2C300 1.5x, https:\/\/i0.wp.com\/vincentians.com\/es\/wp-content\/uploads\/sites\/11\/2016\/09\/sencillos-como-palomas.jpg?fit=1200%2C630&ssl=1&resize=700%2C400 2x, https:\/\/i0.wp.com\/vincentians.com\/es\/wp-content\/uploads\/sites\/11\/2016\/09\/sencillos-como-palomas.jpg?fit=1200%2C630&ssl=1&resize=1050%2C600 3x"},"classes":[]},{"id":155869,"url":"https:\/\/vincentians.com\/es\/vicente-de-paul-carta-1321-a-guillermo-cornaire-sacerdote-de-la-mision-en-le-mans\/","url_meta":{"origin":142915,"position":4},"title":"Vicente de Pa\u00fal, Carta 1321: A Guillermo Cornaire, Sacerdote De La Misi\u00f3n En Le Mans","author":"Francisco Javier Fern\u00e1ndez Chento","date":"07\/06\/2015","format":false,"excerpt":"20 de septiembre de 1650 Doy gracias a Dios por la mansedumbre de esp\u00edritu con que ha recibido usted la prohibici\u00f3n de los se\u00f1ores administradores y por el buen uso que hace de las contradicciones que le sobrevienen. No tengo ninguna duda de que es el esp\u00edritu maligno, enemigo de\u2026","rel":"","context":"En \u00abEscritos de Vicente de Pa\u00fal\u00bb","block_context":{"text":"Escritos de Vicente de Pa\u00fal","link":"https:\/\/vincentians.com\/es\/category\/escritos\/escritos-de-vicente-de-paul\/"},"img":{"alt_text":"","src":"https:\/\/i0.wp.com\/vincentians.com\/es\/wp-content\/uploads\/sites\/11\/2016\/07\/escritos-vicente-de-paul.jpg?fit=1200%2C630&ssl=1&resize=350%2C200","width":350,"height":200,"srcset":"https:\/\/i0.wp.com\/vincentians.com\/es\/wp-content\/uploads\/sites\/11\/2016\/07\/escritos-vicente-de-paul.jpg?fit=1200%2C630&ssl=1&resize=350%2C200 1x, https:\/\/i0.wp.com\/vincentians.com\/es\/wp-content\/uploads\/sites\/11\/2016\/07\/escritos-vicente-de-paul.jpg?fit=1200%2C630&ssl=1&resize=525%2C300 1.5x, https:\/\/i0.wp.com\/vincentians.com\/es\/wp-content\/uploads\/sites\/11\/2016\/07\/escritos-vicente-de-paul.jpg?fit=1200%2C630&ssl=1&resize=700%2C400 2x, https:\/\/i0.wp.com\/vincentians.com\/es\/wp-content\/uploads\/sites\/11\/2016\/07\/escritos-vicente-de-paul.jpg?fit=1200%2C630&ssl=1&resize=1050%2C600 3x"},"classes":[]},{"id":25129,"url":"https:\/\/vincentians.com\/es\/resucitados-con-cristo\/","url_meta":{"origin":142915,"position":5},"title":"Resucitados con Cristo","author":"Francisco Javier Fern\u00e1ndez Chento","date":"21\/07\/2020","format":false,"excerpt":"\"Ya que hab\u00e9is resucitado con Cristo, buscad los bienes de all\u00e1 arriba, donde est\u00e1 Cristo, sentado a la derecha de Dios; aspirad a los bienes de arriba, no a los de la tierra. Porque hab\u00e9is muerto; y vuestra vida est\u00e1 con Cristo escondida en Dios\" (Col. 3, 1-3). Cada a\u00f1o\u2026","rel":"","context":"En \u00abFormaci\u00f3n Vicenciana\u00bb","block_context":{"text":"Formaci\u00f3n Vicenciana","link":"https:\/\/vincentians.com\/es\/category\/formacion-vicenciana\/"},"img":{"alt_text":"","src":"https:\/\/i0.wp.com\/vincentians.com\/es\/wp-content\/uploads\/sites\/11\/2016\/09\/espiritu-de-jesus.jpg?fit=1200%2C630&ssl=1&resize=350%2C200","width":350,"height":200,"srcset":"https:\/\/i0.wp.com\/vincentians.com\/es\/wp-content\/uploads\/sites\/11\/2016\/09\/espiritu-de-jesus.jpg?fit=1200%2C630&ssl=1&resize=350%2C200 1x, https:\/\/i0.wp.com\/vincentians.com\/es\/wp-content\/uploads\/sites\/11\/2016\/09\/espiritu-de-jesus.jpg?fit=1200%2C630&ssl=1&resize=525%2C300 1.5x, https:\/\/i0.wp.com\/vincentians.com\/es\/wp-content\/uploads\/sites\/11\/2016\/09\/espiritu-de-jesus.jpg?fit=1200%2C630&ssl=1&resize=700%2C400 2x, https:\/\/i0.wp.com\/vincentians.com\/es\/wp-content\/uploads\/sites\/11\/2016\/09\/espiritu-de-jesus.jpg?fit=1200%2C630&ssl=1&resize=1050%2C600 3x"},"classes":[]}],"_links":{"self":[{"href":"https:\/\/vincentians.com\/es\/wp-json\/wp\/v2\/posts\/142915","targetHints":{"allow":["GET"]}}],"collection":[{"href":"https:\/\/vincentians.com\/es\/wp-json\/wp\/v2\/posts"}],"about":[{"href":"https:\/\/vincentians.com\/es\/wp-json\/wp\/v2\/types\/post"}],"author":[{"embeddable":true,"href":"https:\/\/vincentians.com\/es\/wp-json\/wp\/v2\/users\/4"}],"replies":[{"embeddable":true,"href":"https:\/\/vincentians.com\/es\/wp-json\/wp\/v2\/comments?post=142915"}],"version-history":[{"count":0,"href":"https:\/\/vincentians.com\/es\/wp-json\/wp\/v2\/posts\/142915\/revisions"}],"wp:featuredmedia":[{"embeddable":true,"href":"https:\/\/vincentians.com\/es\/wp-json\/wp\/v2\/media\/388408"}],"wp:attachment":[{"href":"https:\/\/vincentians.com\/es\/wp-json\/wp\/v2\/media?parent=142915"}],"wp:term":[{"taxonomy":"category","embeddable":true,"href":"https:\/\/vincentians.com\/es\/wp-json\/wp\/v2\/categories?post=142915"},{"taxonomy":"post_tag","embeddable":true,"href":"https:\/\/vincentians.com\/es\/wp-json\/wp\/v2\/tags?post=142915"}],"curies":[{"name":"wp","href":"https:\/\/api.w.org\/{rel}","templated":true}]}}