{"id":14286,"date":"2013-10-31T08:06:00","date_gmt":"2013-10-31T07:06:00","guid":{"rendered":"http:\/\/somos.vicencianos.org\/blog\/?p=14286"},"modified":"2016-07-27T12:10:23","modified_gmt":"2016-07-27T10:10:23","slug":"antonio-portail-octava-y-ultima-parte","status":"publish","type":"post","link":"https:\/\/vincentians.com\/es\/antonio-portail-octava-y-ultima-parte\/","title":{"rendered":"Antonio Portail (Octava y \u00faltima Parte)"},"content":{"rendered":"<h2>VIII (1649-1660)<\/h2>\n<blockquote><p>Regreso del Sr. Portail a Par\u00eds \u2013 Humildad del Sr. Portail y de la Srta. Le Gras.-Asamblea de 1651 y trabajos \u2013El Sr. Portail encargado de la ejecuci\u00f3n de ciertas decisiones.-Carta del Sr. Portail a mi hermana Angibou \u2013Visita algunas casas de hermanas.-Carta de la Srta Le Gras al Sr. Portail \u2013Aprobaci\u00f3n de los votos en 1655.-El Sr. Portail los renueva el 25 de enero de 1656 con toda la comunidad.-Carta de la Srta. Le Gras al Sr. Portail \u2013Ca\u00edda que tiene san Vicente.-Correspondencia del Sr. Portail con las Hijas de la Caridad. \u2013Cae enfermo.-Su muerte, Carta de san Vicente que anuncia su muerte.<\/p><\/blockquote>\n<div id=\"attachment_24213\" style=\"width: 266px\" class=\"wp-caption alignright\"><a href=\"https:\/\/i0.wp.com\/vicencianos.org\/wp-content\/2010\/12\/portail.jpg\"><img data-recalc-dims=\"1\" loading=\"lazy\" decoding=\"async\" aria-describedby=\"caption-attachment-24213\" class=\"size-medium wp-image-24213\" title=\"Antonio Portail, C.M.\" alt=\"Antonio Portail, C.M.\" src=\"https:\/\/i0.wp.com\/vicencianos.org\/wp-content\/2010\/12\/portail-256x300.jpg?resize=256%2C300\" width=\"256\" height=\"300\" \/><\/a><p id=\"caption-attachment-24213\" class=\"wp-caption-text\">Antonio Portail, C.M.<\/p><\/div>\n<p>El Sr. Portail de regreso en Par\u00eds volvi\u00f3 a sus antiguas ocupaciones. Continu\u00f3 siendo el consejo de san Vicente, y las Hijas de la Caridad recobraron con fruto y consuelo a su antiguo director.<\/p>\n<p>Hemos visto al Sr. Portail en acci\u00f3n en las misiones que le han sido confiadas. Hemos visto c\u00f3mo alababa san Vicente la prudencia de su direcci\u00f3n, y la bendici\u00f3n que Dios le otorgaba en todo. Hemos o\u00eddo al Sr. Portal en persona en sus distintas correspondencias, y el lector ha podido convencerse que este virtuoso misionero, tan humilde como celoso, continuaba siendo, como san Vicente le hab\u00eda calificado en otro tiempo, el espejo de la Compa\u00f1\u00eda.<\/p>\n<p>Los santos no han estado siempre de acuerdo, pero la caridad no ha cesado de unirlos. La Srta. Le Gras no aprobando una medida del Sr. Portail le escribi\u00f3 la carta siguiente:<\/p>\n<p><em> \u00abSe\u00f1or,<\/em><\/p>\n<p><em> Me siento muy obligada por querer darme alguna prueba de cordialidad y benevolencia. Visto el conocimiento que ten\u00e9is de mis miserias, os suplico, Se\u00f1or, que ello lleve a vuestra caridad a conseguirme misericordia, es verdad que ya hemos visto ese librito, que estimar\u00e9 tanto por las razones que me dais, por lo que os doy muchas gracias.<\/em><\/p>\n<p><em> Permitidme, Se\u00f1or, que os explique estas palabras de mi carta que os han llevado a hacerme conocer vuestras intenciones, diciendo que pod\u00eda haber tales encuentros en los que yo no podr\u00eda obedeceros o en la imposibilidad de hacerlo. Se trata, Se\u00f1or, que a veces cuando nuestras hermanas me dicen que vuestra caridad les ha pedido hacer el retiro o cambiar de lugar (aunque esta manera de comunic\u00e1rmelo sea un poco extraordinaria) sucede que resulta imposible por no haber nadie para ocupar su lugar \u00fatilmente, y no s\u00f3lo eso, sino no habiendo nadie. Se necesitar\u00eda una conferencia de una hora para daros varios ejemplos que os hicieran conocer que yo preferir\u00e9 siempre vuestros consejos a todas mis razones, si os las pudiera dar, o vos tuvierais el tiempo de escucharme, lo cual no ha sucedido todav\u00eda, y creo que no lo hab\u00e9is juzgado oportuno.<\/em><\/p>\n<p><em> \u00abEspero que nuestro Se\u00f1or suplir\u00e1 mis defectos, ya que en verdad s\u00f3lo deseo su gloria y el cumplimiento de su sant\u00edsima voluntad, no para justificarme ante nuestras hermanas, ni ninguna otra, sino en vuestra caridad por el respeto que os debo y las obligaciones muy grandes que toda la Compa\u00f1\u00eda os debe y yo en particular que soy desde lo m\u00e1s \u00edntimo de mi coraz\u00f3n en el amor de Nuestro Se\u00f1or.<\/em><\/p>\n<p><em> Se\u00f1or, vuestra muy humilde y muy obediente servidora. <\/em>\u00abL. DE MARILLAC\u00bb<\/p>\n<p>Esta es la respuesta llena de prudencia y de humildad que le dirige el Sr. Portail.<\/p>\n<p><em> \u00abSe\u00f1orita,<\/em><\/p>\n<p><em>Esta es la \u00faltima palabra que no he podido retener a pesar de mi resoluci\u00f3n de silencio sobre este punto. No es para dar razones de nuevo, sino al contrario para suplicaros humildemente que recib\u00e1is que nosotros no pens\u00e1bamos ya en todo eso, ya que ser\u00eda siempre volver a empezar, y habr\u00eda peligro de que al final la caridad mutua y rec\u00edproca, pues creo con toda seguridad que lo es por la gracia de Nuestro Se\u00f1or, se podr\u00eda alterar; y basta con haberos dicho mis peque\u00f1os sentimientos que la providencia me ha obligado a declararos para descargarla de mi conciencia. Por eso no he visto conveniente remitiros vuestra primera carta y no respondo a la \u00faltima si no es para deciros ingenuamente que hab\u00e9is podido muy bien juzgar que el mal que digo incurable no es otro que el que las hermanas est\u00e1 a falta de auxilio r\u00e1pido, y no vos, Se\u00f1orita, pues os aseguro que pondr\u00eda la mano en el fuego para firma que no hay siquiera pecado venial en vuestra conducta, ya que est\u00e1 conforme a la santa voluntad de Dios seg\u00fan el sentimiento que me hab\u00e9is declarado de palabra y por escrito y por efecto: sab\u00e9is, Se\u00f1orita, que la santidad no es incomparable [78] con los sentimientos contrario. Dos santos predicaron antiguamente uno contra el otro con ardor y con todo ello no dejaban de ser santos ; con mayor raz\u00f3n vuestra santidad de vida no dejar\u00e1 de subsistir con todas las oposiciones que ten\u00e9is a los sentimientos de un malvado como yo. Que si me ha faltado el respeto y discreci\u00f3n al expresaros mis pensamientos os pido humildemente perd\u00f3n, aunque me parece que lo he hecho seg\u00fan el testimonio de Dios y para su mayor gloria; por ello ser\u00e1 mejor dejarlo como est\u00e1 y a Dios que haga ese milagro que es de curar un mal incurable, rog\u00e1ndole no obstante que nos d\u00e9 la gracia a los dos y hacer buen uso de esta cruz que permite enviarnos para ejercitarnos y purificarnos m\u00e1s y m\u00e1s, esperando que todo resulte en su gloria y nuestro mayor bien y tal vez que su infinita bondad inspire al Sr. Vicente alg\u00fan medio eficaz para acabar con nuestra dificultad. Dios le conceda esa gracia. No dejar\u00e9 no obstante de obrar siempre en relaci\u00f3n con vos con la misma cordialidad y respeto que he tenido siempre con vuestra querida persona, como si nada nuevo hubiera pasado; y me parece que despu\u00e9s de esta peque\u00f1a apertura de coraz\u00f3n que acabamos de hacer vos y yo, Se\u00f1orita, tendremos medio de vivir en adelante con m\u00e1s tranquilidad y uni\u00f3n que antes, al menos en cuanto a m\u00ed, por haber hecho en este caso lo que he podido y debido. Debo seguir contento, , aunque me quede todav\u00eda por llevar la misma cruz, pues el para\u00edso no se promete m\u00e1s que a los que la han llevado como es debido y deber\u00edamos decir con san Pablo Absit mihi gloriari nisi in cruce Domini Nostri Jesu-Christ en cuyo amor y en el de su santa madre, soy,<\/em><\/p>\n<p><em>Se\u00f1orita, vuestro muy humilde y muy obediente servidor. <\/em>PORTAIL.\u00bb<\/p>\n<p>Citamos estas cartas porque nos ponen en situaci\u00f3n de juzgar sobre el car\u00e1cter de estos personajes, tan dignos en todos los respectos de nuestra estima y de nuestra admiraci\u00f3n.<\/p>\n<p>El Sr. Portail, humilde y franco, daba a la Srta. Le Gras un consejo que cre\u00eda \u00fatil, mientras le testimoniaba una estima y un respeto que respiraban veneraci\u00f3n.<\/p>\n<p>A primeros de julio de 1651, san Vicente convoc\u00f3 en Par\u00eds una reuni\u00f3n de los principales superiores de la congregaci\u00f3n a fin de completar los reglamentos que apenas quedaron esbozados en la asamblea de 1642.<\/p>\n<p>En ella se hallaban cuatro de los principales compa\u00f1eros de san Vicente: los Srs. Antoine Portail y Jean d`Horgny; Antoine Lucas, superior de la casa del Mans y Jean B\u00e9cu.<\/p>\n<p>Los Srs. Ren\u00e9 Alm\u00e9ras, superior de la casa de Roma; \u00c9tienne Blatiron, superior de la casa de G\u00e9nova; Lambert aux Couteaux, superior de la casa de Richelieu, Gilbert Cuissot, superior de la casa de Cahors; Louis Thibaut, superior de la casa de Saint-M\u00e9en; Fran\u00e7ois Grimal, superior de la casa de Agen; Jean-Baptiste Legros, superior del peque\u00f1o San L\u00e1zaro; Pierre Duchesne; Pierre Duchesne; Jean-Baptiste Gilles.<\/p>\n<p>Esta asamblea se ocup\u00f3 del 1\u00ba de julio al 11 de agosto, bajo la presidencia de san Vicente en estudiar todas las cuestiones que se refer\u00edan al gobierno de la Compa\u00f1\u00eda.<\/p>\n<p>Luego, en una reuni\u00f3n particular, se propusieron varias cuestiones a san Vicente en relaci\u00f3n con el buen orden y la disciplina. San Vicente las respondi\u00f3 con su sabidur\u00eda ordinaria y encarg\u00f3 en especial al Sr. Portail de la ejecuci\u00f3n de varias de las decisiones tomadas. Como venimos viendo el Sr. Portail continuaba siendo un auxiliar muy \u00fatil para san Vicente, al mismo tiempo entregaba todos sus d\u00edas a la formaci\u00f3n y a la direcci\u00f3n de las hijas de la Caridad. Las que se encontraban lejos no experimentaban menos que las que se hallaban presentes el beneficio de sus sabios consejos.<\/p>\n<p>Esto escrib\u00eda a la hermana Barbe Angibou en Berney, el 31 de mayo de 1655:<\/p>\n<p><em>\u00abMi muy estimada hermana,,<\/em><\/p>\n<p><em> La gracia de Nuestro Se\u00f1or est\u00e9 siempre con usted<\/em><\/p>\n<p><em> Alabo a Dios por todo lo que me escribe en especial por el gran deseo que tiene de la frecuente comuni\u00f3n; pero habiendo hablado al Sr. Vicente, \u00e9l me ha dicho que es mejor seguir el tren de la comunidad que comulgar con m\u00e1s frecuencia que las dem\u00e1s, si no es alguna vez por una consideraci\u00f3n especial. Ahora bien, la pr\u00e1ctica de la casa es acercarse a la comuni\u00f3n, todos los domingos y fiestas mandadas, excepto cuando hay dos o tres fiestas seguidas, en cuyo caso se comulga un d\u00eda de cada dos. Y si se tiene deseos de comulgar dos d\u00edas seguidos, se pide el permiso, que se da ordinariamente, pero con la condici\u00f3n que se comportar\u00e1 tan bien el primer d\u00eda que no se necesite confesarse al d\u00eda siguiente; y este es el permiso que le doy ahora una vez por todas y a vuestra hermana tambi\u00e9n. Adem\u00e1s, tiene permiso ya de comulgar el d\u00eda de su vocaci\u00f3n, de su bautismo, de su patrona santa Barbe, de su santo del mes y de algunos otros santos cuyas fiestas no est\u00e1n mandadas, como son las de la presentaci\u00f3n de la sant\u00edsima Virgen, de san Francisco, de san Jos\u00e9, del nombre de Jes\u00fas, el 14 de enero, y otros que puede usted saber. Por otra parte, le est\u00e1 permitido comulgar todos los Jueves de los advientos y cuaresmas; y le permito comulgar una vez al mes por la paz a\u00f1adiendo las mortificaciones corporales que se acostumbran en la casa. Ya tiene muchas comuniones en un a\u00f1o, pero esto no es todo; ser\u00eda mejor no hacer tantas y hacerlas mejor, y hacer ver despu\u00e9s una enmienda, como yo quiero creer que lo hace, y parece ser que es m\u00e1s virtuosa que nunca y que da un buen ejemplo ya que tantas j\u00f3venes se presentan para entrar en la caridad. Alabado sea Dios y por siempre, y le pido que la perfeccione cada vez m\u00e1s; y por lo que se refiere a estas j\u00f3venes postulantes, trate de probarlas bien, y no cederles nada; y, si despu\u00e9s de ello perseveran en su deseo, d\u00edgales, por favor, que ser\u00e1n las bienvenidas, pero con la condici\u00f3n ordinaria, si ellas no son halladas propias despu\u00e9s de probarlas algunas semanas en la casa, ellas ven bien volverse a sus gastos, y por tanto que se lo piensen antes de marcharse. Y por lo dem\u00e1s me ha sido un consuelo el saber que en sus penas y dificultades interiores sigue el consejo que yo le hab\u00eda dado de ponerse al pie de la cruz, ya que si lo hace con el esp\u00edritu debido, no dejar\u00e1 de recibir un gran alivio en todas sus miserias tal vez m\u00e1s que si recurrierais a vuestro director. Contin\u00fae pues, mi querida hermana, su santa pr\u00e1ctica; y aunque no pueda postrarse al pie del crucifijo, tome el que lleva en las manos, mir\u00e1ndolo devotamente, bes\u00e1ndolo, y cloc\u00e1ndolo sobre su pecho, protestando interiormente que lo ama, lo adora, lo quiere imitar en sus virtudes en especial en su paciencia, y que le pide la gracia con estas se\u00f1ales exteriores, y eso principalmente cuando las pasiones, las tentaciones y las tribulaciones la asaltan. Y, con esto es cuanto le puedo decir por ahora, sino que le pido a Dios que le d\u00e9 su santa bendici\u00f3n, y que soy en el amor de Nuestro Se\u00f1or vuestro muy humilde y muy obediente servidor. <\/em>PORTAIL.\u00bb<\/p>\n<p>Pero no se contentaba con escribir a las hermanas para animarlas, iba tambi\u00e9n a visitarlas como lo hab\u00eda hecho algunos a\u00f1os antes, por las casas de la Compa\u00f1\u00eda.<\/p>\n<p>Hab\u00eda ido a visitar algunas casas situadas en el Este de Francia, cuando cay\u00f3 enfermo, como nos lo dice la carta siguiente que le dirigi\u00f3 la Srta. Le Gras el 26 de setiembre de 1655.<\/p>\n<p><em> \u00abSe\u00f1or,<\/em><\/p>\n<p><em> El estado de vuestra indisposici\u00f3n que hemos conocido, aunque sin confirmar, me causa pena y suspenso sobre lo que debemos pedir a Dios la perfecta salud o una salud l\u00e1nguida; la primera prolongar\u00eda vuestro regreso, pero tambi\u00e9n nuestras hermanas de Sedan, de Brienne, er Monmirail y de Nanteuil lo agradecer\u00edan, mientras que todas las de Par\u00eds, lo sentir\u00edan tanto, Se\u00f1or, que de alg\u00fan modo, con tal de que vuestro regreso sea en perfecta salud, nuestros intereses nos parecen iguales considerando doblemente las necesidades de nuestras hermanas alejadas que es lo que nos obliga a pedir a Dios por vos y por nosotras lo que sea un poco m\u00e1s conforme a su santa y absoluta voluntad , y pediros por su amor que os conserve en vuestros trabajos para hacer m\u00e1s tiempo su santa y adorable voluntad en la tierra.<\/em><\/p>\n<p><em> \u00abSi la Providencia quiere que todos nuestras hermanas tengan la bendici\u00f3n de veros en este viaje, os suplico, Se\u00f1or, que os acord\u00e9is de la carta que la hermana Jeanne Christine a quien os se\u00f1al\u00e9 en vuestra partida, quien [84] testimoniaba alg\u00fan descontento. Creo que siente pena por no tener en ese lugar el aplauso que siempre ha tenido en ostras partes, y tambi\u00e9n que ella entraba en el lugar que una que fue muy echada de menos. Hemos hecho alg\u00fan gasto por los enfermos y otra cosa que dec\u00eda deber remitirnos el dinero como por raz\u00f3n; pero su costumbre siempre ha sido de no preocuparse y pienso que es por la virtud de desprendimiento con excepci\u00f3n de su acomodaci\u00f3n; ya sab\u00e9is la estima que hemos tenido de esto..<\/em><\/p>\n<p><em> \u00abEn cuanto a Brienne, como se pueden decir las dos noticias sin saber qu\u00e9 cosa es el afecto al bien de la Compa\u00f1\u00eda, temo que por respeto y sencillez, se permiten no tener acierto para sacar de la Sra. De Brienne lo que les ha prometido a ellas, o que ellas no le hayan explicado que nosotros no debemos suministrarles ropas del resto del resto de su alimentaci\u00f3n, no habiendo dejado dicha se\u00f1ora de sacar de ellas conocimiento de su peque\u00f1o gasto. Tenemos tambi\u00e9n a las dos hermanas de Brienne que no han aportado nada para ropa y regreso, si no se quedaran, no es que yo dude de la primera, pero la \u00faltima me resulta un poco sospechosa. En cuanto a Montmirail,, nuestras hermanas con cuentan con vuestra visita; sab\u00e9is las necesidades de una y de otra; adem\u00e1s no s\u00e9 si sor Louise tiene toda la mansedumbre que necesita la hermana Catherine, y si la hermana Carherine se retira un poco de la inclinaci\u00f3n a frecuentar a la gente, y del placer demasiado grande de cantar con las personas del siglo; eso constituye un peligro.<\/em><\/p>\n<p><em> \u00abCreo, Se\u00f1or, que ser\u00e1 necesario que avis\u00e9is a la hermana P\u00e9tronille del respeto y estima para con la hermana Jeanne, y a la hermana Jeanne que se modere en sus devociones y se comunique en sus quehaceres con la hermana P\u00e9tronille, a quien ser\u00e1 conveniente recomendar que no se familiarice con ning\u00fan eclesi\u00e1stico, no m\u00e1s que con el resto de la gente; este defecto ha causado mucho da\u00f1o a las otras. Pido a Nuestro Se\u00f1or que nos d\u00e9 a todas las disposiciones que necesitamos para hacer buen uso de todos los esfuerzos que vuestra caridad realiza a favor de lo general y particular de la Compa\u00f1\u00eda de lo que s\u00f3lo Dios puede ser vuestra recompensa, y yo en su santo amor, Se\u00f1or, Vuestra muy humilde y muy obediente servidora. <\/em>L. DE MARILLAC<\/p>\n<p><em>\u00abP. S. Todas las hermanas os saludan con respeto y sumisi\u00f3n, y yo con ellas; nos encomendamos a vuestros sacrificios de lo que esperamos parte en la bendici\u00f3n y en vuestras oraciones, nuestras obligaciones os estar\u00e1n aseguradas por las nuestras aunque muy insignificantes e indignas de ser presentadas a Dios\u00bb.<\/em><\/p>\n<p>Al final del a\u00f1o 1655, san Vicente hab\u00eda conseguido de la Santa Sede la aprobaci\u00f3n de las constituciones y de los votos a pesar de las dificultades incesantes contra los votos simples. Y el Santo Padre, al dar esta aprobaci\u00f3n, decid\u00eda que los misioneros pertenec\u00edan al clero secular.<\/p>\n<p>As\u00ed es como san Vicente anuncia esta noticia al Sr. Mart\u00edn superior de nuestra casa de Tur\u00edn, el 3l de diciembre de 1655.<\/p>\n<p><em> \u00ab\u2026 Algunos d\u00edas despu\u00e9s de vuestra partida, recibimos el breve por el que la Santa Sede confirma y reafirma a nuestra peque\u00f1a Compa\u00f1\u00eda, y enseguida, habiendo reunido a la comunidad de aqu\u00ed, con excepci\u00f3n del seminario, ella realiz\u00f3 un acto de aceptaci\u00f3n aut\u00e9ntico, que todos firmaron, del mismo breve; y luego reconoci\u00f3 ante un notario haber firmado a fin de que la posteridad que se ha hecho jur\u00eddicamente y en la mejor forma que se puede. Querr\u00eda poder expresar con qu\u00e9 sentimiento de alegr\u00eda y de gratitud se ha hecho, pero me alargar\u00eda demasiado. Los del colegio y del seminario de San Carlos han hecho lo mismo, y hemos enviado al Sr. Berthe para las otras casas a fin de que hagan otro tanto y hagan los votos seg\u00fan dicho breve, como lo hemos hecho aqu\u00ed. Ha pasado al Mans, a Richelieu, a Saint-M\u00e9en, y en todos los lugares se han conformado a nosotros en esta acci\u00f3n. Yo os enviar\u00e9 el modelo de esos actos para ajustaros a ellos cuando los celebr\u00e9is. El Sr. Berthe no va expresamente a por este asunto; su principal misi\u00f3n es continuar las visitas comenzadas por el difunto Sr. Le Gros; creo haberos comunicado que este querido difunto que visitando el seminario de Mantauban all\u00ed fue \u00e9l mismo visitado por una enfermedad que lo ha llevado al Cielo\u2026\u00bb<\/em><\/p>\n<p>El 25 de enero de 1656 fue un d\u00eda de fiesta en San L\u00e1zaro. Toda la comunidad, como dice san Vicente con reserva del seminario, reunida ese d\u00eda de la fiesta de la conversi\u00f3n de san Pablo, aniversario de fundaci\u00f3n de la compa\u00f1\u00eda renov\u00f3 los votos seg\u00fan la f\u00f3rmula recientemente enviada y aprobada por el Soberano Pont\u00edfice Alejandro VII. Fue a partir de este momento cuando en un registro preciosamente conservado, todos los miembros de la Compa\u00f1\u00eda escribieron de su propia mano la f\u00f3rmula desde entonces en uso, por la cual se compromet\u00edan a la observancia de los santos votos.<\/p>\n<p>Al comienzo del registro se halla reproducida la bula de Alejandro VII: <em>Ex commissa Nobis <\/em>(v\u00e9ase Acta apostolica, p. 76) reconocida y verificadas por los notarios y guardanotas del Rey, en el Ch\u00e2telet de Par\u00eds \u2013con el fin de que obtuviera su efecto legal, -por debajo apoyada con el sello y contrafirma por el secretario de la nunciatura, el certificado del nuncio apost\u00f3lico en Francia, Mons. Nicolas Guidi, arzobispo de Atenas, declaran la copia conforme al original. Luego, vienen, escritos por la mano del Se\u00f1or Portail, tres documentos.<\/p>\n<p>El primero que reproducimos es el proceso verbal de la renovaci\u00f3n de los votos; el segundo era la firma misma de los votos, el tercero la explicaci\u00f3n del voto de pobreza.<\/p>\n<p>Vienen luego las firmas.<\/p>\n<p><em>Sacerdotes<\/em>: Vicente de PA\u00daL. \u2013Antoine PORTAIL. \u2013Jen B\u00c9CU. \u2013Jean D&#8217;ORGNY. \u2013Ren\u00e9 ALM\u00c9RAS. -\u00c9tienne BOURDET . \u2013Claude AMIROT. \u2013Antoine MAILLARD. \u2013Guillaume CORNUEL. \u2013Gabriel DELESPINAY. \u2013Jean WATEBLED. \u2013Mathurin GENTIL \u2013Nicolas DELABRI\u00c8RE. \u2013Jean GIQUEL. \u2013Antoine DURAND. \u2013Jacques EVEILLARD. \u2013Nicolas TALLEC. \u2013Jacques DESPR\u00c9AUX. \u2013Ren\u00e9 SIMON. \u2013Martin LEVASSEUR. .<\/p>\n<p><em>Cl\u00e9rigos<\/em>: Daniel BAUDOIN. \u2013Antoine PARISI. \u2013Jean LAGRIVE. \u2013Antoine FROMONT. \u2013Pierre CORNUEL.<\/p>\n<p><em>Hermanos<\/em> <em>Coadjutores<\/em>: Alexandre V\u00c9RONNE. \u2013Mathieu REGNARD. \u2013Jean BESSON. \u2013 Paschal DELANOF. \u2013Fran\u00e7ois CERISY. \u2013NIcolas COTTESME. \u2013Louis ROBINEAU. \u2013Jean MEUSNIER. \u2013Philippe LABEILLE. -Dominique CHRESTIEN. \u2013Bertrand DUCOURNAU. -Jean DUBOURDIEU. \u2013Jacques LORFAY. \u2013Jean PROUST. \u2013\u00c9tienne ESTIENNE. \u2013Pierre LABEILLE \u2013Nicolas CHEZDEVILLE. \u2013Antoine FRENOY. \u2013Jean LASNYER. \u2013Jean ROLLIN. \u2013Nicolas CAUPMENT. \u2013Jean MEUSNIER (el joven).<\/p>\n<p>Con mucha suerte reproducimos esta lista de los primeros misioneros, a continuaci\u00f3n de los cuales est\u00e1n inscritos todos los de, a partir de 1656, hasta nuestros d\u00edas hicieron los votos en la peque\u00f1a Compa\u00f1\u00eda.<\/p>\n<p>Aparte de esto, el a\u00f1o se pas\u00f3 sin incidente notable en relaci\u00f3n con el Sr. Portail.<\/p>\n<p>En el transcurso del a\u00f1o siguiente, la Srta. Le Gras le escribe con ocasi\u00f3n de una fundaci\u00f3n nueva y para la cual le pide su parecer.<\/p>\n<p><em>\u00ab11 de mayo de 1657<\/em><\/p>\n<p><em> \u00abSe\u00f1or,<\/em><\/p>\n<p><em> \u00abMe temo que va a ser demasiado apremiaros si os digo que nuestras hermanas deben partir el lunes por la ma\u00f1ana con la Sra. Duquesa de Vantadour y que me parece muy necesario que lleven consigo una copia de los principales art\u00edculos de las fundaciones en especial en cuanto a lo que se refiere a la dependencia total en lo espiritual, la continuaci\u00f3n de la forma y color de los h\u00e1bitos, que no les estar\u00e1n asociadas personas por encima ni debajo de ellas en cuanto al servicio de los pobres. Y como no se trata de un hospital establecido, ser\u00e1 necesario, si el Sr. Vicente lo juzga oportuno, que haya un art\u00edculo que diga: que es necesario que su despensa est\u00e9 separada de la de los pobres.<\/em><\/p>\n<p><em> \u00abAl haceros estas observaciones, no entiendo, Se\u00f1or, excluir nada de lo que juzgu\u00e9is a prop\u00f3sito introducir.<\/em><\/p>\n<p><em> \u00abNuestras queridas hermanas se prometen el honor de veros antes de partir. Me encomiendo a vuestras santas [88] oraciones, quedando en el amor de Nuestro Se\u00f1or, Se\u00f1or, vuestra muy humilde y muy obediente servidora. <\/em>\u00abL. DE MARILLAC.<\/p>\n<p><em> \u00abNo s\u00e9 si ser\u00e1 necesario poner un art\u00edculo que diga que nuestros aserradores deben establecerse con el consentimiento del Mons. el obispo\u00bb<\/em><\/p>\n<p>Como la Srta. Le Gras no ten\u00eda sino que felicitarse por los consejos del Sr. Portail, escrib\u00eda a algunas hermanas el 4 de julio de 1657 que fueran muy exactas en seguir las prescripciones de su sabio director.<\/p>\n<p>Pero, a principios de enero de 1657, san Vicente tuvo una ca\u00edda bastante grave; la Srta. Le Gras escribi\u00f3 con esta ocasi\u00f3n al Sr. Portail.<\/p>\n<p><em>\u00ab13 de enero de 1658.<\/em><\/p>\n<p><em> \u00abSe\u00f1or,<\/em><\/p>\n<p><em> \u00abDespu\u00e9s de alabar a Dios con vos, aunque indigna de la gracia que me ha hecho de preservarnos al Sr. nuestro muy honorable padre de un peligro muy inminente, me tomo la libertad de suplicaros que pong\u00e1is remedio a los defectos que me parecen en la carroza, que es, seg\u00fan me parece, que las puertecillas son demasiado bajas de apoyo y que todo el cuerpo de la carroza est\u00e1 demasiado alto para \u00e9l pues aunque lo haga m\u00e1s suave sin embargo le da un balanceo que a veces, vi\u00e9ndome en el caso, he temido que me arrojasen a la portezuela; tambi\u00e9n he cre\u00eddo que deber\u00eda haber unos copos a los dos lados de las portezuelas, bien que no sea ya la moda.<\/em><\/p>\n<p><em> \u00abCreo que la hermana Rosa espera todav\u00eda hablaros, si vuestra caridad pudiera ma\u00f1ana; yo os la enviar\u00eda a la hora que dig\u00e1is, y tambi\u00e9n creo tal vez que una prohibici\u00f3n de no regresar sin haber comulgado, si as\u00ed lo cre\u00e9is, ella podr\u00eda ponerse a descansar. <\/em><\/p>\n<p><em> \u00abPermitidme que me recomend\u00e9is en vuestros santos sacrificios y oraciones que me diga en el amor de nuestro Se\u00f1or, Se\u00f1or, vuestra muy humilde hermana y obediente servidora<\/em>\u00ab. L. DE MARILLAC.<\/p>\n<p>El Sr. Portail continu\u00f3 apoyando y formando a las hijas de la Caridad por medio de su correspondencia. Citaremos a\u00fan dos cartas que son un modelo de c\u00f3mo aconsejar.<\/p>\n<p><em>\u00abPar\u00eds, 14 de junio de 1659<\/em><\/p>\n<p><em> \u00abMi muy querida hermana,<\/em><\/p>\n<p><em> \u00abRecib\u00ed ayer vuestra carta, que me ha afligido algo en un principio, dici\u00e9ndome la aflicci\u00f3n de esp\u00edritu en que est\u00e1is, pero inmediatamente he sentido consuelo cuando he considerado que este dolor no proviene m\u00e1s que de un temor de ofender a Dios, y que no os preocup\u00e1is por sufrir, mientras que su divina Majestad no sea ofendida. \u00c9sa es una buena y santa disposici\u00f3n a haceros llevar alegremente vuestra cruz y para merecer que ella os lleve un d\u00eda al cielo; y si dec\u00eds que no dej\u00e1is de cometer faltas respondo que esas faltas son ligeras y sirven para impediros caer en las grandes. Adem\u00e1s, si vuestras penas son las mismas que ten\u00edais aqu\u00ed, os digo que no es nada y que deb\u00e9is menospreciarlas y serviros de otros remedios que ya os he indicado anteriormente.<\/em><\/p>\n<p><em> \u00abPero estas penas siguen aumentando, dec\u00eds. Es signo sin duda de que Dios aumenta su amor hacia vos y os da gracias m\u00e1s grandes para aprovechar vuestro sufrimientos. Vos querr\u00edais tener al esp\u00edritu contento; os aseguro que no tendr\u00e9is nunca un verdadero contento en vuestra alma sino en una verdadera conformidad con la voluntad de Dios en todo. Y su divina voluntad es que est\u00e9is ah\u00ed en la oficina que ten\u00e9is y ah\u00ed sufr\u00e1is las penas que lleva consigo, y por todo el tiempo que a \u00e9l le plazca [90]. Y por lo tanto, deb\u00e9is decir en lo m\u00e1s fuerte de vuestros dolores: Dios m\u00edo, que se cumpla vuestra voluntad, ; y, con san Agust\u00edn : Partid, cortad y no me ahorr\u00e9is nada, con tal de que me perdon\u00e9is en la eternidad. Si hubierais elegido por vuestra propia voluntad ir aqu\u00ed donde est\u00e1is y solicitado el oficio en que os ejercit\u00e1is, tendr\u00edais raz\u00f3n en creer que esa no es la voluntad de Dios; pero ya que no ha sido as\u00ed sino por orden de vuestros superiores y directores que os conocen mejor que vos misma, y por quienes Dios da a conocer su santa voluntad respecto a las personas que est\u00e1n bajo si direcci\u00f3n, deb\u00e9is tranquilizaros que obedeci\u00e9ndoles a ellos obedec\u00e9is a Dios, y por consiguiente no hag\u00e1is problemas de vuestros sinsabores, sino para pedir a su bondad infinita que os aumente la paciencia aument\u00e1ndoos los sufrimientos. Y si estos peque\u00f1os consejos no bastan para llevaros el consuelo que dese\u00e1is, esperadle de Dios mismo, que no deja nunca de socorrer a los que recurren a y conf\u00edan en \u00e9l. Y luego tendr\u00e9is el primer d\u00eda a uno de nuestros sacerdotes que os ir\u00e1 a visitar: el Sr. Vicente as\u00ed me lo ha hecho esperar. \u00c1nimo pues, mi muy querida hermana, y consolaos con esta esperanza. Mientras tanto, sed fiel en abrir vuestro coraz\u00f3n a vuestro director y seguid sus consejos como si vinieran de la boca misma de Nuestro Se\u00f1or y ver\u00e9is que recib\u00eds con ello un gran alivio, por mi parte yo tratar\u00e9 de contribuir en los santos sacrificios que ofrecer\u00e9 a la divina majestad para que ella sea vuestro gu\u00eda, vuestro consuelo, vuestra fuerza, vuestro valor y un d\u00eda vuestra recompensa en el cielo, despu\u00e9s de haber combatido dignamente y sufrido por su amor.<\/em><\/p>\n<p><em> \u00abMe encomiendo tambi\u00e9n a sus oraciones y a las de nuestras hermana, a quienes saludo con respeto y les deseo a todas y principalmente a vos, mi querida hermana, la bendici\u00f3n de Nuestro Se\u00f1or Jesucristo en cuyo amor y en el de su santa madre, soy vuestro humilde servidor. <\/em>PORTAIL\u00bb<\/p>\n<p>Aqu\u00ed est\u00e1 la segunda carta que no edificar\u00e1 menos que la primera.<\/p>\n<p>CARTA DEL S. PORTAIL A LA HERMANA MATHURINE GU\u00c9RIN<\/p>\n<p><em>\u00ab22 de setiembre de 1659.<\/em><\/p>\n<p><em> \u00abHe recibido la vuestra querida, que me ha consolado mucho, no solamente porque me cuenta las bendiciones que el Se\u00f1or derrama en vuestros empleos sino tambi\u00e9n por veros perseguida por hacer el bien , ya que como sab\u00e9is, Nuestro Se\u00f1or declara bienaventurados a quienes sufren persecuci\u00f3n por la justicia; creo que vosotras sois todas de este sentimiento, y por ello no es necesario que os diga nada m\u00e1s obre este punto, adem\u00e1s de que la carta que el Sr. Vicente os escribe servir\u00e1 de satisfacci\u00f3n para todo lo dem\u00e1s que podr\u00edais desear; me contentar\u00e9 pues con responder a las dos preguntas que me hac\u00e9is, habl\u00e1ndoos seg\u00fan lo recibido de nuestro se\u00f1or. .<\/em><\/p>\n<p><em> \u00abEn primer lugar, en lo que se refiere al catecismo, que la hermana lo haga de la manera acostumbrada y todo el tiempo que Mons. de Laon y el Sr. p\u00e1rroco se lo permitan, teniendo cuidado solamente de no decir nada, que pueda `por poco que sea dar motivo a nadie de sorpresa, as\u00ed como humillarse mucho porque Dios se sirve de los instrumentos m\u00e1s d\u00e9biles e insignificantes para confundir a los m\u00e1s fuertes.<\/em><\/p>\n<p><em> \u00abEn segundo lugar, que el permiso que el Sr. obispo ha dado a la hermana para blanquear los corporales no puede extenderse a otras cosas, de manera que se necesita un permiso especial a vos; sin embargo le pod\u00e9is ayudar a enjabonar y almidonar, despu\u00e9s de lavarlos en tres aguas por la misma hermana. <\/em><\/p>\n<p><em> \u00abEn tercer lugar, que pod\u00e9is dar estampas, rosarios, Agnus Dei, y dem\u00e1s parecidos peque\u00f1os muebles de devoci\u00f3n, e incluso libritos espirituales, mientras que se haga con sobriedad y aprovechamiento. Pod\u00e9is tambi\u00e9n dar medallas que hab\u00e9is recibido; pero os aconsejo que de dos a\u00f1os a esta parte el papa ha declarado que ser\u00e1n nulas y sin indulgencias para las personas quienes se las entreguen otros que Su Santidad. Sin embargo vos misma las pod\u00e9is ganar con las medallas que hab\u00e9is recibido antes de dicha declaraci\u00f3n; no se pueden prestar estas medallas, ni hacer ganar las indulgencias a los enfermos. Por eso hemos escrito a Roma, para tener para todas nuestras hermanas con poder de hacer ganar las indulgencias a los enfermos a quienes hayan instruido y dispuesto para ello.<\/em><\/p>\n<p><em> \u00abNo s\u00e9 si respondo a todas vuestras dificultades, pues no puedo recuperar vuestra carta para saberlo, adem\u00e1s de que la hora del mensajero se echa encima; en otra ocasi\u00f3n, si hace falta, os diremos m\u00e1s cosas, me encomiendo a vuestras oraciones, y soy en el amor de Nuestro Se\u00f1or, etc. \u2026\u00bb<\/em><\/p>\n<p>Desde el comienzo del a\u00f1o 1660, el Sr. Portail se vio cansado y debi\u00f3 suspender sus visitas regulares con las hermanas. Fue para la Se\u00f1orita Le Gras una preocupaci\u00f3n penosa, pensar perder a un director tan sabio, y tal vez pronto al santo fundador de la familia espiritual. Pero, tras el primer movimiento de la naturaleza, despertaba su fe en la Providencia y se manten\u00eda tranquila por la suerte de su querida familia.<\/p>\n<p>Mientras que la Se\u00f1orita Le Gras se inquietaba por la suerte del Sr. Portail, ella misma cay\u00f3 enferma.<\/p>\n<p>Sus temores estaban bien fundados; el Sr. Portail fue arrebatado al afecto de las dos familias el 14 de febrero.<\/p>\n<p>As\u00ed se expresa Collet<\/p>\n<p><em>\u00abSan Vicente perdi\u00f3 a Antonio Portail, sacerdote de un verdadero m\u00e9rito[93], de una humildad profunda, de una caridad ejemplar y que se hab\u00eda unido a nuestro santo desde el tiempo en que resid\u00eda en la casa de los Gondi, es decir por cuarenta a\u00f1os. Hab\u00eda prestado a la Congregaci\u00f3n servicios esenciales, era su secretario y primer asistente, director de las hijas de la Caridad, lleno del esp\u00edritu de su buen padre, y apto para aliviarle en una infinidad de ocasiones, en las que un hombre de confianza es un gran recurso. Una enfermedad de nueve d\u00edas se lo llev\u00f3; y esto precisamente en el momento en que la Srta. Le Gras estaba en las \u00faltimas\u00bb.<\/em><\/p>\n<p>San Vicente anunci\u00f3 con fecha del 5 de marzo la muerte de su primer compa\u00f1ero al Sr Desdames, misionero en Varsovia:<\/p>\n<p><em>\u00abSe\u00f1or,<\/em><\/p>\n<p><em> \u00abha querido Dios privarnos del bueno del Sr. Portail. Falleci\u00f3 el s\u00e1bado 14 de febrero que era el noveno de su enfermedad que comenz\u00f3 por una especie de letargo que se cambi\u00f3 en fiebre continua y en otros accidentes. Tuvo despu\u00e9s el esp\u00edritu y la palabra bastante libres; siempre hab\u00eda temido la muerte, pero al verla acercarse la vio con paz y resignaci\u00f3n, y me dijo muchas veces que yo le visit\u00e9 que no le quedaba ninguna impresi\u00f3n de su miedo pasado. Acab\u00f3 como hab\u00eda vivido en el buen uso de los sufrimientos, la pr\u00e1ctica de las virtudes, el deseo de honrar a Dios y de consumar los d\u00edas como Nuestro Se\u00f1or en el cumplimiento de su voluntad. \u00c9l fue uno de los primeros que han trabajado en las misiones y ha contribuido en los dem\u00e1s oficios de la Compa\u00f1\u00eda, a la que ha rendido notables servicios, en todas las clases, de manera que ella habr\u00eda perdido mucho en si persona si Dios no dispusiera de todas las cosas para lo mejor, y no nos hiciera encontrar nuestro bien donde nosotros esperamos recibir da\u00f1os. Hay motivos de esperar que este su servidor nos ser\u00e1 m\u00e1s \u00fatil en el Cielo de lo que lo hubiera sido en la tierra&#8230;\u00bb<\/em><\/p>\n<p><em> Os ruego, Se\u00f1or, que le tribut\u00e9is vuestros respetos acostumbrados.\u00bb<\/em><\/p>\n<p>No a\u00f1adiremos nada a estas palabras que son el m\u00e1s completo elogio del Sr. Portail. Muri\u00f3 a la edad de setenta a\u00f1os, despu\u00e9s de trabajar cuarenta y cinco a\u00f1os en la Compa\u00f1\u00eda.<\/p>\n","protected":false},"excerpt":{"rendered":"<p>VIII (1649-1660) Regreso del Sr. Portail a Par\u00eds \u2013 Humildad del Sr. Portail y de la Srta. Le Gras.-Asamblea de 1651 y trabajos \u2013El Sr. Portail encargado de la ejecuci\u00f3n de ciertas decisiones.-Carta del Sr. &#8230; <a href=\"https:\/\/vincentians.com\/es\/antonio-portail-octava-y-ultima-parte\/\" class=\"more-link\">Read More<\/a><\/p>\n","protected":false},"author":5,"featured_media":391249,"comment_status":"open","ping_status":"open","sticky":false,"template":"","format":"standard","meta":{"jetpack_post_was_ever_published":false,"_jetpack_newsletter_access":"","_jetpack_dont_email_post_to_subs":false,"_jetpack_newsletter_tier_id":0,"_jetpack_memberships_contains_paywalled_content":false,"_jetpack_memberships_contains_paid_content":false,"footnotes":"","jetpack_publicize_message":"","jetpack_publicize_feature_enabled":true,"jetpack_social_post_already_shared":true,"jetpack_social_options":{"image_generator_settings":{"template":"highway","default_image_id":0,"font":"","enabled":false},"version":2}},"categories":[19],"tags":[230,156,142,161,119,144,131,172,127,166,143],"class_list":["post-14286","post","type-post","status-publish","format-standard","has-post-thumbnail","hentry","category-biografias-de-misioneros-paules","tag-almeras","tag-blatiron","tag-collet","tag-etienne","tag-gondi","tag-lambert","tag-montmirail","tag-pobreza","tag-portail","tag-robineau","tag-san-lazaro"],"yoast_head":"<!-- This site is optimized with the Yoast SEO plugin v26.3 - https:\/\/yoast.com\/wordpress\/plugins\/seo\/ -->\n<title>Antonio Portail (Octava y \u00faltima Parte) - Somos Vicencianos<\/title>\n<meta name=\"robots\" content=\"index, follow, max-snippet:-1, max-image-preview:large, max-video-preview:-1\" \/>\n<link rel=\"canonical\" href=\"https:\/\/vincentians.com\/es\/antonio-portail-octava-y-ultima-parte\/\" \/>\n<meta property=\"og:locale\" content=\"es_ES\" \/>\n<meta property=\"og:type\" content=\"article\" \/>\n<meta property=\"og:title\" content=\"Antonio Portail (Octava y \u00faltima Parte) - Somos Vicencianos\" \/>\n<meta property=\"og:description\" content=\"VIII (1649-1660) Regreso del Sr. Portail a Par\u00eds \u2013 Humildad del Sr. Portail y de la Srta. Le Gras.-Asamblea de 1651 y trabajos \u2013El Sr. Portail encargado de la ejecuci\u00f3n de ciertas decisiones.-Carta del Sr. ... Read More\" \/>\n<meta property=\"og:url\" content=\"https:\/\/vincentians.com\/es\/antonio-portail-octava-y-ultima-parte\/\" \/>\n<meta property=\"og:site_name\" content=\"Somos Vicencianos\" \/>\n<meta property=\"article:publisher\" content=\"https:\/\/www.facebook.com\/WeAreVincentians\/\" \/>\n<meta property=\"article:published_time\" content=\"2013-10-31T07:06:00+00:00\" \/>\n<meta property=\"article:modified_time\" content=\"2016-07-27T10:10:23+00:00\" \/>\n<meta property=\"og:image\" content=\"https:\/\/i0.wp.com\/vincentians.com\/es\/wp-content\/uploads\/sites\/11\/2016\/07\/bio-cm.jpg?fit=1200%2C630&ssl=1\" \/>\n\t<meta property=\"og:image:width\" content=\"1200\" \/>\n\t<meta property=\"og:image:height\" content=\"630\" \/>\n\t<meta property=\"og:image:type\" content=\"image\/jpeg\" \/>\n<meta name=\"author\" content=\"Mitxel Olabu\u00e9naga\" \/>\n<meta name=\"twitter:card\" content=\"summary_large_image\" \/>\n<meta name=\"twitter:creator\" content=\"@WeVincentians\" \/>\n<meta name=\"twitter:site\" content=\"@WeVincentians\" \/>\n<meta name=\"twitter:label1\" content=\"Escrito por\" \/>\n\t<meta name=\"twitter:data1\" content=\"Mitxel Olabu\u00e9naga\" \/>\n\t<meta name=\"twitter:label2\" content=\"Tiempo de lectura\" \/>\n\t<meta name=\"twitter:data2\" content=\"29 minutos\" \/>\n<script type=\"application\/ld+json\" class=\"yoast-schema-graph\">{\"@context\":\"https:\/\/schema.org\",\"@graph\":[{\"@type\":\"Article\",\"@id\":\"https:\/\/vincentians.com\/es\/antonio-portail-octava-y-ultima-parte\/#article\",\"isPartOf\":{\"@id\":\"https:\/\/vincentians.com\/es\/antonio-portail-octava-y-ultima-parte\/\"},\"author\":{\"name\":\"Mitxel Olabu\u00e9naga\",\"@id\":\"https:\/\/vincentians.com\/es\/#\/schema\/person\/7c2670b4445a7ca9d164ea6acdb31859\"},\"headline\":\"Antonio Portail (Octava y \u00faltima Parte)\",\"datePublished\":\"2013-10-31T07:06:00+00:00\",\"dateModified\":\"2016-07-27T10:10:23+00:00\",\"mainEntityOfPage\":{\"@id\":\"https:\/\/vincentians.com\/es\/antonio-portail-octava-y-ultima-parte\/\"},\"wordCount\":5804,\"commentCount\":0,\"publisher\":{\"@id\":\"https:\/\/vincentians.com\/es\/#organization\"},\"image\":{\"@id\":\"https:\/\/vincentians.com\/es\/antonio-portail-octava-y-ultima-parte\/#primaryimage\"},\"thumbnailUrl\":\"https:\/\/i0.wp.com\/vincentians.com\/es\/wp-content\/uploads\/sites\/11\/2016\/07\/bio-cm.jpg?fit=1200%2C630&ssl=1\",\"keywords\":[\"Almer\u00e1s\",\"Blatiron\",\"Collet\",\"Etienne\",\"Gondi\",\"Lambert\",\"Montmirail\",\"Pobreza\",\"Portail\",\"Robineau\",\"San L\u00e1zaro\"],\"articleSection\":[\"Biograf\u00edas de Misioneros Pa\u00fales\"],\"inLanguage\":\"es\",\"potentialAction\":[{\"@type\":\"CommentAction\",\"name\":\"Comment\",\"target\":[\"https:\/\/vincentians.com\/es\/antonio-portail-octava-y-ultima-parte\/#respond\"]}]},{\"@type\":\"WebPage\",\"@id\":\"https:\/\/vincentians.com\/es\/antonio-portail-octava-y-ultima-parte\/\",\"url\":\"https:\/\/vincentians.com\/es\/antonio-portail-octava-y-ultima-parte\/\",\"name\":\"Antonio Portail (Octava y \u00faltima Parte) - Somos Vicencianos\",\"isPartOf\":{\"@id\":\"https:\/\/vincentians.com\/es\/#website\"},\"primaryImageOfPage\":{\"@id\":\"https:\/\/vincentians.com\/es\/antonio-portail-octava-y-ultima-parte\/#primaryimage\"},\"image\":{\"@id\":\"https:\/\/vincentians.com\/es\/antonio-portail-octava-y-ultima-parte\/#primaryimage\"},\"thumbnailUrl\":\"https:\/\/i0.wp.com\/vincentians.com\/es\/wp-content\/uploads\/sites\/11\/2016\/07\/bio-cm.jpg?fit=1200%2C630&ssl=1\",\"datePublished\":\"2013-10-31T07:06:00+00:00\",\"dateModified\":\"2016-07-27T10:10:23+00:00\",\"breadcrumb\":{\"@id\":\"https:\/\/vincentians.com\/es\/antonio-portail-octava-y-ultima-parte\/#breadcrumb\"},\"inLanguage\":\"es\",\"potentialAction\":[{\"@type\":\"ReadAction\",\"target\":[\"https:\/\/vincentians.com\/es\/antonio-portail-octava-y-ultima-parte\/\"]}]},{\"@type\":\"ImageObject\",\"inLanguage\":\"es\",\"@id\":\"https:\/\/vincentians.com\/es\/antonio-portail-octava-y-ultima-parte\/#primaryimage\",\"url\":\"https:\/\/i0.wp.com\/vincentians.com\/es\/wp-content\/uploads\/sites\/11\/2016\/07\/bio-cm.jpg?fit=1200%2C630&ssl=1\",\"contentUrl\":\"https:\/\/i0.wp.com\/vincentians.com\/es\/wp-content\/uploads\/sites\/11\/2016\/07\/bio-cm.jpg?fit=1200%2C630&ssl=1\",\"width\":1200,\"height\":630},{\"@type\":\"BreadcrumbList\",\"@id\":\"https:\/\/vincentians.com\/es\/antonio-portail-octava-y-ultima-parte\/#breadcrumb\",\"itemListElement\":[{\"@type\":\"ListItem\",\"position\":1,\"name\":\"Portada\",\"item\":\"https:\/\/vincentians.com\/es\/\"},{\"@type\":\"ListItem\",\"position\":2,\"name\":\"Antonio Portail (Octava y \u00faltima Parte)\"}]},{\"@type\":\"WebSite\",\"@id\":\"https:\/\/vincentians.com\/es\/#website\",\"url\":\"https:\/\/vincentians.com\/es\/\",\"name\":\"Somos Vicencianos\",\"description\":\"Know more to serve more\",\"publisher\":{\"@id\":\"https:\/\/vincentians.com\/es\/#organization\"},\"potentialAction\":[{\"@type\":\"SearchAction\",\"target\":{\"@type\":\"EntryPoint\",\"urlTemplate\":\"https:\/\/vincentians.com\/es\/?s={search_term_string}\"},\"query-input\":{\"@type\":\"PropertyValueSpecification\",\"valueRequired\":true,\"valueName\":\"search_term_string\"}}],\"inLanguage\":\"es\"},{\"@type\":\"Organization\",\"@id\":\"https:\/\/vincentians.com\/es\/#organization\",\"name\":\"The Vincentian Network\",\"url\":\"https:\/\/vincentians.com\/es\/\",\"logo\":{\"@type\":\"ImageObject\",\"inLanguage\":\"es\",\"@id\":\"https:\/\/vincentians.com\/es\/#\/schema\/logo\/image\/\",\"url\":\"https:\/\/i1.wp.com\/vincentians.com\/es\/wp-content\/uploads\/sites\/11\/2016\/06\/Vincentian-Network-logo-big.png?fit=778%2C778\",\"contentUrl\":\"https:\/\/i1.wp.com\/vincentians.com\/es\/wp-content\/uploads\/sites\/11\/2016\/06\/Vincentian-Network-logo-big.png?fit=778%2C778\",\"width\":778,\"height\":778,\"caption\":\"The Vincentian Network\"},\"image\":{\"@id\":\"https:\/\/vincentians.com\/es\/#\/schema\/logo\/image\/\"},\"sameAs\":[\"https:\/\/www.facebook.com\/WeAreVincentians\/\",\"https:\/\/x.com\/WeVincentians\"]},{\"@type\":\"Person\",\"@id\":\"https:\/\/vincentians.com\/es\/#\/schema\/person\/7c2670b4445a7ca9d164ea6acdb31859\",\"name\":\"Mitxel Olabu\u00e9naga\",\"image\":{\"@type\":\"ImageObject\",\"inLanguage\":\"es\",\"@id\":\"https:\/\/vincentians.com\/es\/#\/schema\/person\/image\/\",\"url\":\"https:\/\/secure.gravatar.com\/avatar\/34137ec2e2b8939cbbed975731e71f3f4f1defc7266ded337a5ce0f925426877?s=96&d=mm&r=g\",\"contentUrl\":\"https:\/\/secure.gravatar.com\/avatar\/34137ec2e2b8939cbbed975731e71f3f4f1defc7266ded337a5ce0f925426877?s=96&d=mm&r=g\",\"caption\":\"Mitxel Olabu\u00e9naga\"},\"url\":\"https:\/\/vincentians.com\/es\/author\/mitxel\/\"}]}<\/script>\n<!-- \/ Yoast SEO plugin. -->","yoast_head_json":{"title":"Antonio Portail (Octava y \u00faltima Parte) - Somos Vicencianos","robots":{"index":"index","follow":"follow","max-snippet":"max-snippet:-1","max-image-preview":"max-image-preview:large","max-video-preview":"max-video-preview:-1"},"canonical":"https:\/\/vincentians.com\/es\/antonio-portail-octava-y-ultima-parte\/","og_locale":"es_ES","og_type":"article","og_title":"Antonio Portail (Octava y \u00faltima Parte) - Somos Vicencianos","og_description":"VIII (1649-1660) Regreso del Sr. Portail a Par\u00eds \u2013 Humildad del Sr. Portail y de la Srta. Le Gras.-Asamblea de 1651 y trabajos \u2013El Sr. Portail encargado de la ejecuci\u00f3n de ciertas decisiones.-Carta del Sr. ... Read More","og_url":"https:\/\/vincentians.com\/es\/antonio-portail-octava-y-ultima-parte\/","og_site_name":"Somos Vicencianos","article_publisher":"https:\/\/www.facebook.com\/WeAreVincentians\/","article_published_time":"2013-10-31T07:06:00+00:00","article_modified_time":"2016-07-27T10:10:23+00:00","og_image":[{"width":1200,"height":630,"url":"https:\/\/i0.wp.com\/vincentians.com\/es\/wp-content\/uploads\/sites\/11\/2016\/07\/bio-cm.jpg?fit=1200%2C630&ssl=1","type":"image\/jpeg"}],"author":"Mitxel Olabu\u00e9naga","twitter_card":"summary_large_image","twitter_creator":"@WeVincentians","twitter_site":"@WeVincentians","twitter_misc":{"Escrito por":"Mitxel Olabu\u00e9naga","Tiempo de lectura":"29 minutos"},"schema":{"@context":"https:\/\/schema.org","@graph":[{"@type":"Article","@id":"https:\/\/vincentians.com\/es\/antonio-portail-octava-y-ultima-parte\/#article","isPartOf":{"@id":"https:\/\/vincentians.com\/es\/antonio-portail-octava-y-ultima-parte\/"},"author":{"name":"Mitxel Olabu\u00e9naga","@id":"https:\/\/vincentians.com\/es\/#\/schema\/person\/7c2670b4445a7ca9d164ea6acdb31859"},"headline":"Antonio Portail (Octava y \u00faltima Parte)","datePublished":"2013-10-31T07:06:00+00:00","dateModified":"2016-07-27T10:10:23+00:00","mainEntityOfPage":{"@id":"https:\/\/vincentians.com\/es\/antonio-portail-octava-y-ultima-parte\/"},"wordCount":5804,"commentCount":0,"publisher":{"@id":"https:\/\/vincentians.com\/es\/#organization"},"image":{"@id":"https:\/\/vincentians.com\/es\/antonio-portail-octava-y-ultima-parte\/#primaryimage"},"thumbnailUrl":"https:\/\/i0.wp.com\/vincentians.com\/es\/wp-content\/uploads\/sites\/11\/2016\/07\/bio-cm.jpg?fit=1200%2C630&ssl=1","keywords":["Almer\u00e1s","Blatiron","Collet","Etienne","Gondi","Lambert","Montmirail","Pobreza","Portail","Robineau","San L\u00e1zaro"],"articleSection":["Biograf\u00edas de Misioneros Pa\u00fales"],"inLanguage":"es","potentialAction":[{"@type":"CommentAction","name":"Comment","target":["https:\/\/vincentians.com\/es\/antonio-portail-octava-y-ultima-parte\/#respond"]}]},{"@type":"WebPage","@id":"https:\/\/vincentians.com\/es\/antonio-portail-octava-y-ultima-parte\/","url":"https:\/\/vincentians.com\/es\/antonio-portail-octava-y-ultima-parte\/","name":"Antonio Portail (Octava y \u00faltima Parte) - Somos Vicencianos","isPartOf":{"@id":"https:\/\/vincentians.com\/es\/#website"},"primaryImageOfPage":{"@id":"https:\/\/vincentians.com\/es\/antonio-portail-octava-y-ultima-parte\/#primaryimage"},"image":{"@id":"https:\/\/vincentians.com\/es\/antonio-portail-octava-y-ultima-parte\/#primaryimage"},"thumbnailUrl":"https:\/\/i0.wp.com\/vincentians.com\/es\/wp-content\/uploads\/sites\/11\/2016\/07\/bio-cm.jpg?fit=1200%2C630&ssl=1","datePublished":"2013-10-31T07:06:00+00:00","dateModified":"2016-07-27T10:10:23+00:00","breadcrumb":{"@id":"https:\/\/vincentians.com\/es\/antonio-portail-octava-y-ultima-parte\/#breadcrumb"},"inLanguage":"es","potentialAction":[{"@type":"ReadAction","target":["https:\/\/vincentians.com\/es\/antonio-portail-octava-y-ultima-parte\/"]}]},{"@type":"ImageObject","inLanguage":"es","@id":"https:\/\/vincentians.com\/es\/antonio-portail-octava-y-ultima-parte\/#primaryimage","url":"https:\/\/i0.wp.com\/vincentians.com\/es\/wp-content\/uploads\/sites\/11\/2016\/07\/bio-cm.jpg?fit=1200%2C630&ssl=1","contentUrl":"https:\/\/i0.wp.com\/vincentians.com\/es\/wp-content\/uploads\/sites\/11\/2016\/07\/bio-cm.jpg?fit=1200%2C630&ssl=1","width":1200,"height":630},{"@type":"BreadcrumbList","@id":"https:\/\/vincentians.com\/es\/antonio-portail-octava-y-ultima-parte\/#breadcrumb","itemListElement":[{"@type":"ListItem","position":1,"name":"Portada","item":"https:\/\/vincentians.com\/es\/"},{"@type":"ListItem","position":2,"name":"Antonio Portail (Octava y \u00faltima Parte)"}]},{"@type":"WebSite","@id":"https:\/\/vincentians.com\/es\/#website","url":"https:\/\/vincentians.com\/es\/","name":"Somos Vicencianos","description":"Know more to serve more","publisher":{"@id":"https:\/\/vincentians.com\/es\/#organization"},"potentialAction":[{"@type":"SearchAction","target":{"@type":"EntryPoint","urlTemplate":"https:\/\/vincentians.com\/es\/?s={search_term_string}"},"query-input":{"@type":"PropertyValueSpecification","valueRequired":true,"valueName":"search_term_string"}}],"inLanguage":"es"},{"@type":"Organization","@id":"https:\/\/vincentians.com\/es\/#organization","name":"The Vincentian Network","url":"https:\/\/vincentians.com\/es\/","logo":{"@type":"ImageObject","inLanguage":"es","@id":"https:\/\/vincentians.com\/es\/#\/schema\/logo\/image\/","url":"https:\/\/i1.wp.com\/vincentians.com\/es\/wp-content\/uploads\/sites\/11\/2016\/06\/Vincentian-Network-logo-big.png?fit=778%2C778","contentUrl":"https:\/\/i1.wp.com\/vincentians.com\/es\/wp-content\/uploads\/sites\/11\/2016\/06\/Vincentian-Network-logo-big.png?fit=778%2C778","width":778,"height":778,"caption":"The Vincentian Network"},"image":{"@id":"https:\/\/vincentians.com\/es\/#\/schema\/logo\/image\/"},"sameAs":["https:\/\/www.facebook.com\/WeAreVincentians\/","https:\/\/x.com\/WeVincentians"]},{"@type":"Person","@id":"https:\/\/vincentians.com\/es\/#\/schema\/person\/7c2670b4445a7ca9d164ea6acdb31859","name":"Mitxel Olabu\u00e9naga","image":{"@type":"ImageObject","inLanguage":"es","@id":"https:\/\/vincentians.com\/es\/#\/schema\/person\/image\/","url":"https:\/\/secure.gravatar.com\/avatar\/34137ec2e2b8939cbbed975731e71f3f4f1defc7266ded337a5ce0f925426877?s=96&d=mm&r=g","contentUrl":"https:\/\/secure.gravatar.com\/avatar\/34137ec2e2b8939cbbed975731e71f3f4f1defc7266ded337a5ce0f925426877?s=96&d=mm&r=g","caption":"Mitxel Olabu\u00e9naga"},"url":"https:\/\/vincentians.com\/es\/author\/mitxel\/"}]}},"jetpack_publicize_connections":[],"jetpack_featured_media_url":"https:\/\/i0.wp.com\/vincentians.com\/es\/wp-content\/uploads\/sites\/11\/2016\/07\/bio-cm.jpg?fit=1200%2C630&ssl=1","jetpack_sharing_enabled":true,"jetpack_shortlink":"https:\/\/wp.me\/p7ETMF-3Iq","jetpack-related-posts":[{"id":130100,"url":"https:\/\/vincentians.com\/es\/los-siete-primeros-companeros-de-san-vicente\/","url_meta":{"origin":14286,"position":0},"title":"Los siete primeros compa\u00f1eros de San Vicente","author":"Francisco Javier Fern\u00e1ndez Chento","date":"23\/03\/2014","format":false,"excerpt":"\"Se puede decir\u2014escrib\u00eda Abelly\u2014que fueron como los siete Sacerdotes dirigidos por Josu\u00e9, etc., y que en virtud de su celo y virtudes, atrajeron otros muchos a esta santa milicia.\" He aqu\u00ed algunos detalles biogr\u00e1ficos de cada uno de \u00e9stos: Antonio Portail.\u2014Naci\u00f3 en Belcaire, Di\u00f3cesis de Arles, en la Provenza, el\u2026","rel":"","context":"En \u00abEn tiempos de Vicente de Pa\u00fal\u00bb","block_context":{"text":"En tiempos de Vicente de Pa\u00fal","link":"https:\/\/vincentians.com\/es\/category\/historia-de-la-familia-vicenciana\/en-tiempos-de-vicente-de-paul\/"},"img":{"alt_text":"coraz\u00f3n","src":"https:\/\/i0.wp.com\/vicencianos.org\/wp-content\/2014\/03\/coraz%C3%B3n.jpg?resize=350%2C200","width":350,"height":200},"classes":[]},{"id":115917,"url":"https:\/\/vincentians.com\/es\/obrero-de-la-primera-hora-padre-portail-en-mosaico-vi\/","url_meta":{"origin":14286,"position":1},"title":"Obrero de la primera hora: Padre Portail en mosaico (VI)","author":"Francisco Javier Fern\u00e1ndez Chento","date":"28\/05\/2021","format":false,"excerpt":"6. Renacimiento para la Vida La salud del Padre Portail oscilaba bastante (cf. SV I,526; V,588; VI,191). Todav\u00eda en 1640, San Vicente da noticias de un problema que le afectaba a la vista (cf. SV I,288). Con el pasar de los a\u00f1os, los achaques aumentan, no s\u00f3lo para Portail, como\u2026","rel":"","context":"En \u00abEn tiempos de Vicente de Pa\u00fal\u00bb","block_context":{"text":"En tiempos de Vicente de Pa\u00fal","link":"https:\/\/vincentians.com\/es\/category\/historia-de-la-familia-vicenciana\/en-tiempos-de-vicente-de-paul\/"},"img":{"alt_text":"","src":"https:\/\/i0.wp.com\/vincentians.com\/es\/wp-content\/uploads\/sites\/11\/2016\/09\/enviados-evangelizar-pobres.jpg?fit=1200%2C630&ssl=1&resize=350%2C200","width":350,"height":200,"srcset":"https:\/\/i0.wp.com\/vincentians.com\/es\/wp-content\/uploads\/sites\/11\/2016\/09\/enviados-evangelizar-pobres.jpg?fit=1200%2C630&ssl=1&resize=350%2C200 1x, https:\/\/i0.wp.com\/vincentians.com\/es\/wp-content\/uploads\/sites\/11\/2016\/09\/enviados-evangelizar-pobres.jpg?fit=1200%2C630&ssl=1&resize=525%2C300 1.5x, https:\/\/i0.wp.com\/vincentians.com\/es\/wp-content\/uploads\/sites\/11\/2016\/09\/enviados-evangelizar-pobres.jpg?fit=1200%2C630&ssl=1&resize=700%2C400 2x, https:\/\/i0.wp.com\/vincentians.com\/es\/wp-content\/uploads\/sites\/11\/2016\/09\/enviados-evangelizar-pobres.jpg?fit=1200%2C630&ssl=1&resize=1050%2C600 3x"},"classes":[]},{"id":13523,"url":"https:\/\/vincentians.com\/es\/antonio-portail-quinta-parte\/","url_meta":{"origin":14286,"position":2},"title":"Antonio Portail (Quinta Parte)","author":"Mitxel Olabu\u00e9naga","date":"28\/10\/2013","format":false,"excerpt":"V. (junio-agosto 1646) Visita a Saint-M\u00e9en \u2013Dificultades de la casa \u2013Visita a Richelieu \u2013Carras de san Vicente al Sr. Portail \u2013Carta de del Srta. Le Gras al Sr. Portail \u2013Viaje a Saintes \u2013Carta de san Vicente al Sr. Portail. De Angers, el Sr. Portail se hab\u00eda dirigido a Saint-M\u00e9en; nunca\u2026","rel":"","context":"En \u00abBiograf\u00edas de Misioneros Pa\u00fales\u00bb","block_context":{"text":"Biograf\u00edas de Misioneros Pa\u00fales","link":"https:\/\/vincentians.com\/es\/category\/la-familia-vicenciana\/biografias-vicencianas\/biografias-de-misioneros-paules\/"},"img":{"alt_text":"","src":"https:\/\/i0.wp.com\/vincentians.com\/es\/wp-content\/uploads\/sites\/11\/2016\/07\/bio-cm.jpg?fit=1200%2C630&ssl=1&resize=350%2C200","width":350,"height":200,"srcset":"https:\/\/i0.wp.com\/vincentians.com\/es\/wp-content\/uploads\/sites\/11\/2016\/07\/bio-cm.jpg?fit=1200%2C630&ssl=1&resize=350%2C200 1x, https:\/\/i0.wp.com\/vincentians.com\/es\/wp-content\/uploads\/sites\/11\/2016\/07\/bio-cm.jpg?fit=1200%2C630&ssl=1&resize=525%2C300 1.5x, https:\/\/i0.wp.com\/vincentians.com\/es\/wp-content\/uploads\/sites\/11\/2016\/07\/bio-cm.jpg?fit=1200%2C630&ssl=1&resize=700%2C400 2x, https:\/\/i0.wp.com\/vincentians.com\/es\/wp-content\/uploads\/sites\/11\/2016\/07\/bio-cm.jpg?fit=1200%2C630&ssl=1&resize=1050%2C600 3x"},"classes":[]},{"id":13524,"url":"https:\/\/vincentians.com\/es\/antonio-portail-sexta-parte\/","url_meta":{"origin":14286,"position":3},"title":"Antonio Portail (Sexta Parte)","author":"Mitxel Olabu\u00e9naga","date":"29\/10\/2013","format":false,"excerpt":"VI. (1646-1648). Viaje del Sr. Portail a la Rose \u2013Carta de san Vicente que le invita a ir a Cahors \u2013Regreso a la Rosa \u2013Nueva visita a Cahors \u2013Carta de san Vicente que le env\u00eda a Roma \u2013Partida \u2013Estancia en Marsella \u2013Llegada a Roma .comienza la visita \u2013Suspende la visita\u2026","rel":"","context":"En \u00abBiograf\u00edas de Misioneros Pa\u00fales\u00bb","block_context":{"text":"Biograf\u00edas de Misioneros Pa\u00fales","link":"https:\/\/vincentians.com\/es\/category\/la-familia-vicenciana\/biografias-vicencianas\/biografias-de-misioneros-paules\/"},"img":{"alt_text":"","src":"https:\/\/i0.wp.com\/vincentians.com\/es\/wp-content\/uploads\/sites\/11\/2016\/07\/bio-cm.jpg?fit=1200%2C630&ssl=1&resize=350%2C200","width":350,"height":200,"srcset":"https:\/\/i0.wp.com\/vincentians.com\/es\/wp-content\/uploads\/sites\/11\/2016\/07\/bio-cm.jpg?fit=1200%2C630&ssl=1&resize=350%2C200 1x, https:\/\/i0.wp.com\/vincentians.com\/es\/wp-content\/uploads\/sites\/11\/2016\/07\/bio-cm.jpg?fit=1200%2C630&ssl=1&resize=525%2C300 1.5x, https:\/\/i0.wp.com\/vincentians.com\/es\/wp-content\/uploads\/sites\/11\/2016\/07\/bio-cm.jpg?fit=1200%2C630&ssl=1&resize=700%2C400 2x, https:\/\/i0.wp.com\/vincentians.com\/es\/wp-content\/uploads\/sites\/11\/2016\/07\/bio-cm.jpg?fit=1200%2C630&ssl=1&resize=1050%2C600 3x"},"classes":[]},{"id":101771,"url":"https:\/\/vincentians.com\/es\/orando-con-luisa-de-marillac\/","url_meta":{"origin":14286,"position":4},"title":"Orando con Luisa de Marillac","author":"Francisco Javier Fern\u00e1ndez Chento","date":"07\/04\/2015","format":false,"excerpt":"Las primeras Hijas de la Caridad quedaron impresiona\u00addos por la actitud orante de Luisa de Marillac. En las conferencias celebradas sobre las virtudes de la Srta. Le Gras, varias Hermanas pusieron de relieve su pro\u00adfunda uni\u00f3n con Dios: \"Siempre ten\u00eda su esp\u00edritu ocupado en Dios.\" \"Ten\u00eda mucha vida Interior y\u2026","rel":"","context":"En \u00abEspiritualidad vicenciana\u00bb","block_context":{"text":"Espiritualidad vicenciana","link":"https:\/\/vincentians.com\/es\/category\/espiritualidad\/espiritualidad-vicenciana\/"},"img":{"alt_text":"","src":"https:\/\/i0.wp.com\/vicencianos.org\/wp-content\/2011\/09\/rostros_luisa_09-225x300.jpg?resize=350%2C200","width":350,"height":200},"classes":[]},{"id":13522,"url":"https:\/\/vincentians.com\/es\/antonio-portail-cuarta-parte\/","url_meta":{"origin":14286,"position":5},"title":"Antonio Portail (Cuarta Parte)","author":"Mitxel Olabu\u00e9naga","date":"09\/09\/2023","format":false,"excerpt":"IV. (1636-junio 1646). Regreso del P. Portail a Par\u00eds \u2013Desarrollo de las obras.- \u00a0Primera asamblea general \u2013El Sr. Portail nombrado asistente del superior general y admonitor.-Progresos de la Congregaci\u00f3n.- El Sr. Portail enviado como visitador.- Regla sobre las visitas dada por san Vicente \u2013Visita al Mans. -Llegada de las Hijas\u2026","rel":"","context":"En \u00abBiograf\u00edas de Misioneros Pa\u00fales\u00bb","block_context":{"text":"Biograf\u00edas de Misioneros Pa\u00fales","link":"https:\/\/vincentians.com\/es\/category\/la-familia-vicenciana\/biografias-vicencianas\/biografias-de-misioneros-paules\/"},"img":{"alt_text":"","src":"https:\/\/i0.wp.com\/vincentians.com\/es\/wp-content\/uploads\/sites\/11\/2016\/07\/bio-cm.jpg?fit=1200%2C630&ssl=1&resize=350%2C200","width":350,"height":200,"srcset":"https:\/\/i0.wp.com\/vincentians.com\/es\/wp-content\/uploads\/sites\/11\/2016\/07\/bio-cm.jpg?fit=1200%2C630&ssl=1&resize=350%2C200 1x, https:\/\/i0.wp.com\/vincentians.com\/es\/wp-content\/uploads\/sites\/11\/2016\/07\/bio-cm.jpg?fit=1200%2C630&ssl=1&resize=525%2C300 1.5x, https:\/\/i0.wp.com\/vincentians.com\/es\/wp-content\/uploads\/sites\/11\/2016\/07\/bio-cm.jpg?fit=1200%2C630&ssl=1&resize=700%2C400 2x, https:\/\/i0.wp.com\/vincentians.com\/es\/wp-content\/uploads\/sites\/11\/2016\/07\/bio-cm.jpg?fit=1200%2C630&ssl=1&resize=1050%2C600 3x"},"classes":[]}],"_links":{"self":[{"href":"https:\/\/vincentians.com\/es\/wp-json\/wp\/v2\/posts\/14286","targetHints":{"allow":["GET"]}}],"collection":[{"href":"https:\/\/vincentians.com\/es\/wp-json\/wp\/v2\/posts"}],"about":[{"href":"https:\/\/vincentians.com\/es\/wp-json\/wp\/v2\/types\/post"}],"author":[{"embeddable":true,"href":"https:\/\/vincentians.com\/es\/wp-json\/wp\/v2\/users\/5"}],"replies":[{"embeddable":true,"href":"https:\/\/vincentians.com\/es\/wp-json\/wp\/v2\/comments?post=14286"}],"version-history":[{"count":0,"href":"https:\/\/vincentians.com\/es\/wp-json\/wp\/v2\/posts\/14286\/revisions"}],"wp:featuredmedia":[{"embeddable":true,"href":"https:\/\/vincentians.com\/es\/wp-json\/wp\/v2\/media\/391249"}],"wp:attachment":[{"href":"https:\/\/vincentians.com\/es\/wp-json\/wp\/v2\/media?parent=14286"}],"wp:term":[{"taxonomy":"category","embeddable":true,"href":"https:\/\/vincentians.com\/es\/wp-json\/wp\/v2\/categories?post=14286"},{"taxonomy":"post_tag","embeddable":true,"href":"https:\/\/vincentians.com\/es\/wp-json\/wp\/v2\/tags?post=14286"}],"curies":[{"name":"wp","href":"https:\/\/api.w.org\/{rel}","templated":true}]}}