{"id":13683,"date":"2015-06-05T04:49:08","date_gmt":"2015-06-05T02:49:08","guid":{"rendered":"http:\/\/somos.vicencianos.org\/blog\/?p=13683"},"modified":"2016-07-26T17:27:09","modified_gmt":"2016-07-26T15:27:09","slug":"santa-luisa-hoy","status":"publish","type":"post","link":"https:\/\/vincentians.com\/es\/santa-luisa-hoy\/","title":{"rendered":"Santa Luisa hoy"},"content":{"rendered":"<p><a href=\"https:\/\/i0.wp.com\/vicencianos.org\/vicencianos\/files\/2010\/01\/Hijas-de-la-Caridad-18-Luisa.jpg\"><img data-recalc-dims=\"1\" loading=\"lazy\" decoding=\"async\" class=\"alignright size-medium wp-image-10853\" src=\"https:\/\/i0.wp.com\/vicencianos.org\/vicencianos\/files\/2010\/01\/Hijas-de-la-Caridad-18-Luisa-241x300.jpg?resize=241%2C300\" alt=\"\" width=\"241\" height=\"300\" \/><\/a>Santa Luisa, nacida en el siglo XVI en Francia, fue un proyecto de amor de Dios para los pobres, para cada uno de nosotros. Dios siempre sorprende. <strong><em>\u00abSanta Luisa estuvo cercana al sufrimiento, pas\u00f3<\/em><\/strong> <strong><em>\u00e9pocas muy dif\u00edciles <\/em><\/strong><strong><em>pero no se repliega ante el sufrimiento se adapta a cada situaci\u00f3n, pues Dios le ayuda y en \u00c9l encuentra <\/em><\/strong><strong><em>su motivaci\u00f3n <\/em><\/strong><strong><em>para vivir\u00bb.<\/em><\/strong> Estos sufrimientos la iban preparando para tener una sensibilidad extraordinaria para estar junto a los pobres. \u00bfPor qu\u00e9? Dios fue importante a lo largo de la vida de Santa Luisa, guiada por la Luz de Pentecost\u00e9s obtiene una seguridad que cambia su vida para siempre, a pesar de dificultades, est\u00e1 dispuesta a cumplir la voluntad de Dios, ser\u00e1 este el motivo de su vivir. Como educadora y catequista su labor fue muy importante. Si hubo grandes obras en la Compa\u00f1\u00eda fue porque Santa Luisa intervino en ellas nos dir\u00e1 Calvet. Adquiri\u00f3 una gran formaci\u00f3n que supo transmitir a los que le rodearon. Cultiv\u00f3 su formaci\u00f3n a lo largo de su vida, se refleja en las cartas y en una Conferencia de San Vicente a las Hermanas poco antes de su muerte, dedicando parte de su tiempo a su formaci\u00f3n personal. Esto hace que tenga especial inter\u00e9s en que las Hermanas se formen, podr\u00edamos decir hoy d\u00eda que los catequistas nos formemos para testimoniar el Evangelio a todos los que no lo conocen o est\u00e1n en proceso catequ\u00e9tico. Los catequistas form\u00e1ndonos en la Palabra de Dios evangelizaremos ante la sociedad, cumpliremos la Voluntad de Dios. Algunas de las actitudes de Luisa de Marillac que son v\u00e1lidas para nuestra \u00e9poca:<\/p>\n<ul>\n<li><em>Piensa en <\/em><em>cada persona, condiciones en que vive <\/em><em>y elige a la persona indicada en <\/em><em>cada caso, le hace visitas <\/em><em>peri\u00f3dicas, para saber como se <\/em><em>encuentran las personas;<\/em><\/li>\n<li><em>Tiene detalles de <\/em><em>much\u00edsima ternura, teniendo en <\/em><em>cuenta la edad y necesidades de <\/em><em>todos los que pasan por su lado;<\/em><\/li>\n<li><em>Higiene siempre;<\/em><\/li>\n<li><em>Alimentaci\u00f3n a sus horas;<\/em><\/li>\n<li><em>Igualdad de trato para no suscitar celos;<\/em><\/li>\n<li><em>Estimularles al bien y <\/em><em>hasta buscarles colocaci\u00f3n a los <\/em><em>mayores.<\/em><\/li>\n<\/ul>\n<p>Santa Luisa fue una mujer de grandes convicciones: Se sabe elegida por Dios para una misi\u00f3n y nunca le defraud\u00f3. Siempre hizo la voluntad de Dios, se dej\u00f3 guiar por el Esp\u00edritu Santo. Empe\u00f1ada en la formaci\u00f3n, no solo a grandes rasgos sino a trav\u00e9s de muchos peque\u00f1os detalles, cuida esa sensibilidad y trata de inculcarla a las Hermanas para que su servicio a los pobres sea m\u00e1s delicado. Cuando se trataba de los derechos de los ni\u00f1os insiste a tiempo y a destiempo contra los deseos de las Damas de la Caridad. \u00bfNo es actual trabajar por los derechos humanos y en especial por los derechos de los ni\u00f1os? Estableci\u00f3 principios y normas b\u00e1sicas en el campo sanitario, educativo, social. Tuvo en cuenta las condiciones laborales, actividades y motivaci\u00f3n de las mismas y la importancia de una formaci\u00f3n espec\u00edfica. La formaci\u00f3n permanente y la entrega incondicional sin esperar resultados, dando testimonio donde nos encontremos nos har\u00e1n crecer y aumentar el conocimiento de Dios y la experiencia de su amor. Hoy nos podr\u00edamos preguntar&#8230; \u00bfCu\u00e1l es el proyecto de Dios sobre m\u00ed? \u00bfC\u00f3mo cuido mi formaci\u00f3n? \u00bfQu\u00e9 cauces de generosidad y servicio gratuito ofrezco?<\/p>\n","protected":false},"excerpt":{"rendered":"<p>Santa Luisa, nacida en el siglo XVI en Francia, fue un proyecto de amor de Dios para los pobres, para cada uno de nosotros. Dios siempre sorprende. \u00abSanta Luisa estuvo cercana al sufrimiento, pas\u00f3 \u00e9pocas &#8230; <a href=\"https:\/\/vincentians.com\/es\/santa-luisa-hoy\/\" class=\"more-link\">Read More<\/a><\/p>\n","protected":false},"author":4,"featured_media":141998,"comment_status":"open","ping_status":"open","sticky":false,"template":"","format":"standard","meta":{"jetpack_post_was_ever_published":false,"_jetpack_newsletter_access":"","_jetpack_dont_email_post_to_subs":false,"_jetpack_newsletter_tier_id":0,"_jetpack_memberships_contains_paywalled_content":false,"_jetpack_memberships_contains_paid_content":false,"footnotes":"","jetpack_publicize_message":"","jetpack_publicize_feature_enabled":true,"jetpack_social_post_already_shared":true,"jetpack_social_options":{"image_generator_settings":{"template":"highway","default_image_id":0,"font":"","enabled":false},"version":2}},"categories":[18],"tags":[228],"class_list":["post-13683","post","type-post","status-publish","format-standard","has-post-thumbnail","hentry","category-luisa-de-marillac","tag-calvet"],"yoast_head":"<!-- This site is optimized with the Yoast SEO plugin v26.3 - https:\/\/yoast.com\/wordpress\/plugins\/seo\/ -->\n<title>Santa Luisa hoy - Somos Vicencianos<\/title>\n<meta name=\"robots\" content=\"index, follow, max-snippet:-1, max-image-preview:large, max-video-preview:-1\" \/>\n<link rel=\"canonical\" href=\"https:\/\/vincentians.com\/es\/santa-luisa-hoy\/\" \/>\n<meta property=\"og:locale\" content=\"es_ES\" \/>\n<meta property=\"og:type\" content=\"article\" \/>\n<meta property=\"og:title\" content=\"Santa Luisa hoy - Somos Vicencianos\" \/>\n<meta property=\"og:description\" content=\"Santa Luisa, nacida en el siglo XVI en Francia, fue un proyecto de amor de Dios para los pobres, para cada uno de nosotros. Dios siempre sorprende. \u00abSanta Luisa estuvo cercana al sufrimiento, pas\u00f3 \u00e9pocas ... Read More\" \/>\n<meta property=\"og:url\" content=\"https:\/\/vincentians.com\/es\/santa-luisa-hoy\/\" \/>\n<meta property=\"og:site_name\" content=\"Somos Vicencianos\" \/>\n<meta property=\"article:publisher\" content=\"https:\/\/www.facebook.com\/WeAreVincentians\/\" \/>\n<meta property=\"article:author\" content=\"https:\/\/www.facebook.com\/JavierChento\" \/>\n<meta property=\"article:published_time\" content=\"2015-06-05T02:49:08+00:00\" \/>\n<meta property=\"article:modified_time\" content=\"2016-07-26T15:27:09+00:00\" \/>\n<meta name=\"author\" content=\"Francisco Javier Fern\u00e1ndez Chento\" \/>\n<meta name=\"twitter:card\" content=\"summary_large_image\" \/>\n<meta name=\"twitter:creator\" content=\"@https:\/\/twitter.com\/javierchento\" \/>\n<meta name=\"twitter:site\" content=\"@WeVincentians\" \/>\n<meta name=\"twitter:label1\" content=\"Escrito por\" \/>\n\t<meta name=\"twitter:data1\" content=\"Francisco Javier Fern\u00e1ndez Chento\" \/>\n\t<meta name=\"twitter:label2\" content=\"Tiempo de lectura\" \/>\n\t<meta name=\"twitter:data2\" content=\"3 minutos\" \/>\n<script type=\"application\/ld+json\" class=\"yoast-schema-graph\">{\"@context\":\"https:\/\/schema.org\",\"@graph\":[{\"@type\":\"Article\",\"@id\":\"https:\/\/vincentians.com\/es\/santa-luisa-hoy\/#article\",\"isPartOf\":{\"@id\":\"https:\/\/vincentians.com\/es\/santa-luisa-hoy\/\"},\"author\":{\"name\":\"Francisco Javier Fern\u00e1ndez Chento\",\"@id\":\"http:\/\/vincentians.com\/es\/#\/schema\/person\/9623ef4d9aa3b2dfb8c061f1499288f2\"},\"headline\":\"Santa Luisa hoy\",\"datePublished\":\"2015-06-05T02:49:08+00:00\",\"dateModified\":\"2016-07-26T15:27:09+00:00\",\"mainEntityOfPage\":{\"@id\":\"https:\/\/vincentians.com\/es\/santa-luisa-hoy\/\"},\"wordCount\":575,\"commentCount\":0,\"publisher\":{\"@id\":\"http:\/\/vincentians.com\/es\/#organization\"},\"image\":{\"@id\":\"https:\/\/vincentians.com\/es\/santa-luisa-hoy\/#primaryimage\"},\"thumbnailUrl\":\"\",\"keywords\":[\"Calvet\"],\"articleSection\":[\"Luisa de Marillac\"],\"inLanguage\":\"es\",\"potentialAction\":[{\"@type\":\"CommentAction\",\"name\":\"Comment\",\"target\":[\"https:\/\/vincentians.com\/es\/santa-luisa-hoy\/#respond\"]}]},{\"@type\":\"WebPage\",\"@id\":\"https:\/\/vincentians.com\/es\/santa-luisa-hoy\/\",\"url\":\"https:\/\/vincentians.com\/es\/santa-luisa-hoy\/\",\"name\":\"Santa Luisa hoy - Somos Vicencianos\",\"isPartOf\":{\"@id\":\"http:\/\/vincentians.com\/es\/#website\"},\"primaryImageOfPage\":{\"@id\":\"https:\/\/vincentians.com\/es\/santa-luisa-hoy\/#primaryimage\"},\"image\":{\"@id\":\"https:\/\/vincentians.com\/es\/santa-luisa-hoy\/#primaryimage\"},\"thumbnailUrl\":\"\",\"datePublished\":\"2015-06-05T02:49:08+00:00\",\"dateModified\":\"2016-07-26T15:27:09+00:00\",\"breadcrumb\":{\"@id\":\"https:\/\/vincentians.com\/es\/santa-luisa-hoy\/#breadcrumb\"},\"inLanguage\":\"es\",\"potentialAction\":[{\"@type\":\"ReadAction\",\"target\":[\"https:\/\/vincentians.com\/es\/santa-luisa-hoy\/\"]}]},{\"@type\":\"ImageObject\",\"inLanguage\":\"es\",\"@id\":\"https:\/\/vincentians.com\/es\/santa-luisa-hoy\/#primaryimage\",\"url\":\"\",\"contentUrl\":\"\"},{\"@type\":\"BreadcrumbList\",\"@id\":\"https:\/\/vincentians.com\/es\/santa-luisa-hoy\/#breadcrumb\",\"itemListElement\":[{\"@type\":\"ListItem\",\"position\":1,\"name\":\"Portada\",\"item\":\"http:\/\/vincentians.com\/es\/\"},{\"@type\":\"ListItem\",\"position\":2,\"name\":\"Santa Luisa hoy\"}]},{\"@type\":\"WebSite\",\"@id\":\"http:\/\/vincentians.com\/es\/#website\",\"url\":\"http:\/\/vincentians.com\/es\/\",\"name\":\"Somos Vicencianos\",\"description\":\"Know more to serve more\",\"publisher\":{\"@id\":\"http:\/\/vincentians.com\/es\/#organization\"},\"potentialAction\":[{\"@type\":\"SearchAction\",\"target\":{\"@type\":\"EntryPoint\",\"urlTemplate\":\"http:\/\/vincentians.com\/es\/?s={search_term_string}\"},\"query-input\":{\"@type\":\"PropertyValueSpecification\",\"valueRequired\":true,\"valueName\":\"search_term_string\"}}],\"inLanguage\":\"es\"},{\"@type\":\"Organization\",\"@id\":\"http:\/\/vincentians.com\/es\/#organization\",\"name\":\"The Vincentian Network\",\"url\":\"http:\/\/vincentians.com\/es\/\",\"logo\":{\"@type\":\"ImageObject\",\"inLanguage\":\"es\",\"@id\":\"http:\/\/vincentians.com\/es\/#\/schema\/logo\/image\/\",\"url\":\"https:\/\/i1.wp.com\/vincentians.com\/es\/wp-content\/uploads\/sites\/11\/2016\/06\/Vincentian-Network-logo-big.png?fit=778%2C778\",\"contentUrl\":\"https:\/\/i1.wp.com\/vincentians.com\/es\/wp-content\/uploads\/sites\/11\/2016\/06\/Vincentian-Network-logo-big.png?fit=778%2C778\",\"width\":778,\"height\":778,\"caption\":\"The Vincentian Network\"},\"image\":{\"@id\":\"http:\/\/vincentians.com\/es\/#\/schema\/logo\/image\/\"},\"sameAs\":[\"https:\/\/www.facebook.com\/WeAreVincentians\/\",\"https:\/\/x.com\/WeVincentians\"]},{\"@type\":\"Person\",\"@id\":\"http:\/\/vincentians.com\/es\/#\/schema\/person\/9623ef4d9aa3b2dfb8c061f1499288f2\",\"name\":\"Francisco Javier Fern\u00e1ndez Chento\",\"image\":{\"@type\":\"ImageObject\",\"inLanguage\":\"es\",\"@id\":\"http:\/\/vincentians.com\/es\/#\/schema\/person\/image\/\",\"url\":\"https:\/\/secure.gravatar.com\/avatar\/497d5cde87b4c3d097d0315953521681ba2cd523ee66e5077c3711f7021e65de?s=96&d=mm&r=g\",\"contentUrl\":\"https:\/\/secure.gravatar.com\/avatar\/497d5cde87b4c3d097d0315953521681ba2cd523ee66e5077c3711f7021e65de?s=96&d=mm&r=g\",\"caption\":\"Francisco Javier Fern\u00e1ndez Chento\"},\"description\":\"Director General y cofundador de La Red de Formaci\u00f3n Vicenciana. Javier es laico vicenciano, afiliado a la Congregaci\u00f3n de la Misi\u00f3n y miembro del Equipo de Misiones Populares de la provincia can\u00f3nica de Zaragoza (Espa\u00f1a) de la Congregaci\u00f3n de la Misi\u00f3n. Graduado en la Universidad Oberta de Catalunya con cuatro grados (Asistente de direcci\u00f3n, Gesti\u00f3n Administrativa, Recursos Humanos y Contabilidad Avanzada). Bil\u00edng\u00fce Espa\u00f1ol\/Ingl\u00e9s. gestiona y mantiene varias p\u00e1ginas web cristianas y vicencianas, incluida including La Red de Formaci\u00f3n Vicenciana, de la que es cofundador. Actualmente es responsable del \u00e1rea de Espa\u00f1ol de .famvin, la Red de Noticias de la Familia Vicenciana. Tambi\u00e9n es m\u00fasico cat\u00f3lico y ha editado varios discos. Es Director General y cofundador de Trovador, una reconocida compa\u00f1\u00eda discogr\u00e1fica critiana de Espa\u00f1a. Trabaja en las Tecnolog\u00edas de la Informaci\u00f3n, ofreciendo servicios de alojamiento, dise\u00f1o y mantenimiento Web, as\u00ed como asesoramiento, formaci\u00f3n y soluciones inform\u00e1ticas, gesti\u00f3n documental y digitalizaci\u00f3n de textos, edici\u00f3n y maquetaci\u00f3n de libros, revistas, flyers, etc.\",\"sameAs\":[\"http:\/\/chento.org\",\"https:\/\/www.facebook.com\/JavierChento\",\"https:\/\/x.com\/https:\/\/twitter.com\/javierchento\"],\"url\":\"https:\/\/vincentians.com\/es\/author\/chento\/\"}]}<\/script>\n<!-- \/ Yoast SEO plugin. -->","yoast_head_json":{"title":"Santa Luisa hoy - Somos Vicencianos","robots":{"index":"index","follow":"follow","max-snippet":"max-snippet:-1","max-image-preview":"max-image-preview:large","max-video-preview":"max-video-preview:-1"},"canonical":"https:\/\/vincentians.com\/es\/santa-luisa-hoy\/","og_locale":"es_ES","og_type":"article","og_title":"Santa Luisa hoy - Somos Vicencianos","og_description":"Santa Luisa, nacida en el siglo XVI en Francia, fue un proyecto de amor de Dios para los pobres, para cada uno de nosotros. Dios siempre sorprende. \u00abSanta Luisa estuvo cercana al sufrimiento, pas\u00f3 \u00e9pocas ... Read More","og_url":"https:\/\/vincentians.com\/es\/santa-luisa-hoy\/","og_site_name":"Somos Vicencianos","article_publisher":"https:\/\/www.facebook.com\/WeAreVincentians\/","article_author":"https:\/\/www.facebook.com\/JavierChento","article_published_time":"2015-06-05T02:49:08+00:00","article_modified_time":"2016-07-26T15:27:09+00:00","author":"Francisco Javier Fern\u00e1ndez Chento","twitter_card":"summary_large_image","twitter_creator":"@https:\/\/twitter.com\/javierchento","twitter_site":"@WeVincentians","twitter_misc":{"Escrito por":"Francisco Javier Fern\u00e1ndez Chento","Tiempo de lectura":"3 minutos"},"schema":{"@context":"https:\/\/schema.org","@graph":[{"@type":"Article","@id":"https:\/\/vincentians.com\/es\/santa-luisa-hoy\/#article","isPartOf":{"@id":"https:\/\/vincentians.com\/es\/santa-luisa-hoy\/"},"author":{"name":"Francisco Javier Fern\u00e1ndez Chento","@id":"http:\/\/vincentians.com\/es\/#\/schema\/person\/9623ef4d9aa3b2dfb8c061f1499288f2"},"headline":"Santa Luisa hoy","datePublished":"2015-06-05T02:49:08+00:00","dateModified":"2016-07-26T15:27:09+00:00","mainEntityOfPage":{"@id":"https:\/\/vincentians.com\/es\/santa-luisa-hoy\/"},"wordCount":575,"commentCount":0,"publisher":{"@id":"http:\/\/vincentians.com\/es\/#organization"},"image":{"@id":"https:\/\/vincentians.com\/es\/santa-luisa-hoy\/#primaryimage"},"thumbnailUrl":"","keywords":["Calvet"],"articleSection":["Luisa de Marillac"],"inLanguage":"es","potentialAction":[{"@type":"CommentAction","name":"Comment","target":["https:\/\/vincentians.com\/es\/santa-luisa-hoy\/#respond"]}]},{"@type":"WebPage","@id":"https:\/\/vincentians.com\/es\/santa-luisa-hoy\/","url":"https:\/\/vincentians.com\/es\/santa-luisa-hoy\/","name":"Santa Luisa hoy - Somos Vicencianos","isPartOf":{"@id":"http:\/\/vincentians.com\/es\/#website"},"primaryImageOfPage":{"@id":"https:\/\/vincentians.com\/es\/santa-luisa-hoy\/#primaryimage"},"image":{"@id":"https:\/\/vincentians.com\/es\/santa-luisa-hoy\/#primaryimage"},"thumbnailUrl":"","datePublished":"2015-06-05T02:49:08+00:00","dateModified":"2016-07-26T15:27:09+00:00","breadcrumb":{"@id":"https:\/\/vincentians.com\/es\/santa-luisa-hoy\/#breadcrumb"},"inLanguage":"es","potentialAction":[{"@type":"ReadAction","target":["https:\/\/vincentians.com\/es\/santa-luisa-hoy\/"]}]},{"@type":"ImageObject","inLanguage":"es","@id":"https:\/\/vincentians.com\/es\/santa-luisa-hoy\/#primaryimage","url":"","contentUrl":""},{"@type":"BreadcrumbList","@id":"https:\/\/vincentians.com\/es\/santa-luisa-hoy\/#breadcrumb","itemListElement":[{"@type":"ListItem","position":1,"name":"Portada","item":"http:\/\/vincentians.com\/es\/"},{"@type":"ListItem","position":2,"name":"Santa Luisa hoy"}]},{"@type":"WebSite","@id":"http:\/\/vincentians.com\/es\/#website","url":"http:\/\/vincentians.com\/es\/","name":"Somos Vicencianos","description":"Know more to serve more","publisher":{"@id":"http:\/\/vincentians.com\/es\/#organization"},"potentialAction":[{"@type":"SearchAction","target":{"@type":"EntryPoint","urlTemplate":"http:\/\/vincentians.com\/es\/?s={search_term_string}"},"query-input":{"@type":"PropertyValueSpecification","valueRequired":true,"valueName":"search_term_string"}}],"inLanguage":"es"},{"@type":"Organization","@id":"http:\/\/vincentians.com\/es\/#organization","name":"The Vincentian Network","url":"http:\/\/vincentians.com\/es\/","logo":{"@type":"ImageObject","inLanguage":"es","@id":"http:\/\/vincentians.com\/es\/#\/schema\/logo\/image\/","url":"https:\/\/i1.wp.com\/vincentians.com\/es\/wp-content\/uploads\/sites\/11\/2016\/06\/Vincentian-Network-logo-big.png?fit=778%2C778","contentUrl":"https:\/\/i1.wp.com\/vincentians.com\/es\/wp-content\/uploads\/sites\/11\/2016\/06\/Vincentian-Network-logo-big.png?fit=778%2C778","width":778,"height":778,"caption":"The Vincentian Network"},"image":{"@id":"http:\/\/vincentians.com\/es\/#\/schema\/logo\/image\/"},"sameAs":["https:\/\/www.facebook.com\/WeAreVincentians\/","https:\/\/x.com\/WeVincentians"]},{"@type":"Person","@id":"http:\/\/vincentians.com\/es\/#\/schema\/person\/9623ef4d9aa3b2dfb8c061f1499288f2","name":"Francisco Javier Fern\u00e1ndez Chento","image":{"@type":"ImageObject","inLanguage":"es","@id":"http:\/\/vincentians.com\/es\/#\/schema\/person\/image\/","url":"https:\/\/secure.gravatar.com\/avatar\/497d5cde87b4c3d097d0315953521681ba2cd523ee66e5077c3711f7021e65de?s=96&d=mm&r=g","contentUrl":"https:\/\/secure.gravatar.com\/avatar\/497d5cde87b4c3d097d0315953521681ba2cd523ee66e5077c3711f7021e65de?s=96&d=mm&r=g","caption":"Francisco Javier Fern\u00e1ndez Chento"},"description":"Director General y cofundador de La Red de Formaci\u00f3n Vicenciana. Javier es laico vicenciano, afiliado a la Congregaci\u00f3n de la Misi\u00f3n y miembro del Equipo de Misiones Populares de la provincia can\u00f3nica de Zaragoza (Espa\u00f1a) de la Congregaci\u00f3n de la Misi\u00f3n. Graduado en la Universidad Oberta de Catalunya con cuatro grados (Asistente de direcci\u00f3n, Gesti\u00f3n Administrativa, Recursos Humanos y Contabilidad Avanzada). Bil\u00edng\u00fce Espa\u00f1ol\/Ingl\u00e9s. gestiona y mantiene varias p\u00e1ginas web cristianas y vicencianas, incluida including La Red de Formaci\u00f3n Vicenciana, de la que es cofundador. Actualmente es responsable del \u00e1rea de Espa\u00f1ol de .famvin, la Red de Noticias de la Familia Vicenciana. Tambi\u00e9n es m\u00fasico cat\u00f3lico y ha editado varios discos. Es Director General y cofundador de Trovador, una reconocida compa\u00f1\u00eda discogr\u00e1fica critiana de Espa\u00f1a. Trabaja en las Tecnolog\u00edas de la Informaci\u00f3n, ofreciendo servicios de alojamiento, dise\u00f1o y mantenimiento Web, as\u00ed como asesoramiento, formaci\u00f3n y soluciones inform\u00e1ticas, gesti\u00f3n documental y digitalizaci\u00f3n de textos, edici\u00f3n y maquetaci\u00f3n de libros, revistas, flyers, etc.","sameAs":["http:\/\/chento.org","https:\/\/www.facebook.com\/JavierChento","https:\/\/x.com\/https:\/\/twitter.com\/javierchento"],"url":"https:\/\/vincentians.com\/es\/author\/chento\/"}]}},"jetpack_publicize_connections":[],"jetpack_featured_media_url":"","jetpack_sharing_enabled":true,"jetpack_shortlink":"https:\/\/wp.me\/p7ETMF-3yH","jetpack-related-posts":[{"id":102617,"url":"https:\/\/vincentians.com\/es\/honrar-a-cristo-redentor\/","url_meta":{"origin":13683,"position":0},"title":"Honrar a Cristo Redentor","author":"Francisco Javier Fern\u00e1ndez Chento","date":"13\/06\/2018","format":false,"excerpt":"Luisa de Marillac prolonga su oraci\u00f3n al Verbo Encar\u00adnado con la meditaci\u00f3n del Misterio de la Redenci\u00f3n, en el que Cristo, m\u00e1s especialmente todav\u00eda, se hace Amor y Don: \"...la Encarnaci\u00f3n del Hijo de Dios, seg\u00fan sus divi\u00adnos designios, por toda la eternidad (era) para la Re\u00addenci\u00f3n del g\u00e9nero humano.\"\u2026","rel":"","context":"En \u00abEspiritualidad vicenciana\u00bb","block_context":{"text":"Espiritualidad vicenciana","link":"https:\/\/vincentians.com\/es\/category\/espiritualidad\/espiritualidad-vicenciana\/"},"img":{"alt_text":"","src":"https:\/\/i0.wp.com\/vincentians.com\/es\/wp-content\/uploads\/sites\/11\/2016\/08\/jesus-ora.jpg?fit=1200%2C630&ssl=1&resize=350%2C200","width":350,"height":200,"srcset":"https:\/\/i0.wp.com\/vincentians.com\/es\/wp-content\/uploads\/sites\/11\/2016\/08\/jesus-ora.jpg?fit=1200%2C630&ssl=1&resize=350%2C200 1x, https:\/\/i0.wp.com\/vincentians.com\/es\/wp-content\/uploads\/sites\/11\/2016\/08\/jesus-ora.jpg?fit=1200%2C630&ssl=1&resize=525%2C300 1.5x, https:\/\/i0.wp.com\/vincentians.com\/es\/wp-content\/uploads\/sites\/11\/2016\/08\/jesus-ora.jpg?fit=1200%2C630&ssl=1&resize=700%2C400 2x, https:\/\/i0.wp.com\/vincentians.com\/es\/wp-content\/uploads\/sites\/11\/2016\/08\/jesus-ora.jpg?fit=1200%2C630&ssl=1&resize=1050%2C600 3x"},"classes":[]},{"id":143413,"url":"https:\/\/vincentians.com\/es\/el-camino-de-fe-de-santa-luisa\/","url_meta":{"origin":13683,"position":1},"title":"El camino de fe de santa Luisa","author":"Francisco Javier Fern\u00e1ndez Chento","date":"19\/04\/2015","format":false,"excerpt":"Hablaremos del largo camino que santa Luisa recorrido durante m\u00e1s de 60 a\u00f1os, donde vemos que su fe fue cuestionada por la vida que ella tuvo, por los acontecimientos que vivi\u00f3, una vida llena de dudas, inquietudes pero tambi\u00e9n de alegr\u00edas y preocupaciones. Entraremos en la intimidad de Luisa, esta\u2026","rel":"","context":"En \u00abLuisa de Marillac\u00bb","block_context":{"text":"Luisa de Marillac","link":"https:\/\/vincentians.com\/es\/category\/la-familia-vicenciana\/fundadores\/luisa-de-marillac\/"},"img":{"alt_text":"St-Louise-de-Marillac","src":"https:\/\/i0.wp.com\/vicencianos.org\/wp-content\/2012\/08\/St-Louise-de-Marillac-300x202.png?resize=350%2C200","width":350,"height":200},"classes":[]},{"id":125776,"url":"https:\/\/vincentians.com\/es\/la-cruz-en-la-espiritualidad-vicenciana\/","url_meta":{"origin":13683,"position":2},"title":"La cruz en la espiritualidad vicenciana","author":"Francisco Javier Fern\u00e1ndez Chento","date":"09\/02\/2015","format":false,"excerpt":"Posiblemente, no exista libro alguno de espiritualidad que haya sido m\u00e1s ampliamente difundido que la \"Imitaci\u00f3n de Cristo\". A lo largo de los siglos, millones de sacerdotes, de hermanos, de hermanas, de seglares \u2014hombres y mujeres\u2014, lo han le\u00eddo y meditado. San Vicente y santa Luisa lo recomendaron con frecuencia\u2026","rel":"","context":"En \u00abEspiritualidad vicenciana\u00bb","block_context":{"text":"Espiritualidad vicenciana","link":"https:\/\/vincentians.com\/es\/category\/espiritualidad\/espiritualidad-vicenciana\/"},"img":{"alt_text":"La_Cruz","src":"https:\/\/i0.wp.com\/vicencianos.org\/wp-content\/2013\/12\/La_Cruz-300x264.jpg?resize=350%2C200","width":350,"height":200},"classes":[]},{"id":119624,"url":"https:\/\/vincentians.com\/es\/mirada-de-fe-del-itinerario-espiritual-de-luisa-de-marillac\/","url_meta":{"origin":13683,"position":3},"title":"Mirada de fe del itinerario espiritual de Luisa de Marillac","author":"Francisco Javier Fern\u00e1ndez Chento","date":"12\/04\/2013","format":false,"excerpt":"Introducci\u00f3n La mirada de fe es un hecho humano fundamental que nos orienta hacia Dios y nos invita a vivir de su Esp\u00edritu. La presencia de los Santos es un recuerdo continuo de las cosas del cielo. La Iglesia nos ense\u00f1a que los santos son inseparables de la plenitud de\u2026","rel":"","context":"En \u00abEspiritualidad vicenciana\u00bb","block_context":{"text":"Espiritualidad vicenciana","link":"https:\/\/vincentians.com\/es\/category\/espiritualidad\/espiritualidad-vicenciana\/"},"img":{"alt_text":"Luisa de Marillac","src":"https:\/\/i0.wp.com\/vicencianos.org\/wp-content\/2011\/02\/luisa_marillac-181x300.jpg?resize=350%2C200","width":350,"height":200},"classes":[]},{"id":129151,"url":"https:\/\/vincentians.com\/es\/vida-contemplativa\/","url_meta":{"origin":13683,"position":4},"title":"Vida contemplativa","author":"Francisco Javier Fern\u00e1ndez Chento","date":"02\/03\/2014","format":false,"excerpt":"Aunque parezca extra\u00f1o, la exorbitante actividad de Luisa no destruy\u00f3 su experiencia de Dios, al contrario, la complet\u00f3. Luisa aparece en la historia de la espiritualidad como una de las mujeres m\u00e1s contemplativas; tan contemplativa como San Pablo, Santa Teresa o San Vicente de Pa\u00fal y tan activa como ellos.\u2026","rel":"","context":"En \u00abFormaci\u00f3n Vicenciana\u00bb","block_context":{"text":"Formaci\u00f3n Vicenciana","link":"https:\/\/vincentians.com\/es\/category\/formacion-vicenciana\/"},"img":{"alt_text":"cartel","src":"https:\/\/i0.wp.com\/vicencianos.org\/wp-content\/2014\/01\/cartel.jpg?resize=350%2C200","width":350,"height":200},"classes":[]},{"id":130257,"url":"https:\/\/vincentians.com\/es\/un-perfil-heroico-santa-luisa-de-marillac-05\/","url_meta":{"origin":13683,"position":5},"title":"Un perfil heroico: santa Luisa de Marillac (05)","author":"Francisco Javier Fern\u00e1ndez Chento","date":"27\/02\/2015","format":false,"excerpt":"PARA que sepas d\u00f3nde est\u00e1 la vida y la luz de tus ojos, y la paz. (Baruc, III.) \"...se me asegur\u00f3 que deb\u00eda reposar en la idea de que Dios me dar\u00eda un director que me hiciera ver clara la situaci\u00f3n de mi alma; sin embargo, me parec\u00eda que este\u2026","rel":"","context":"En \u00abLuisa de Marillac\u00bb","block_context":{"text":"Luisa de Marillac","link":"https:\/\/vincentians.com\/es\/category\/la-familia-vicenciana\/fundadores\/luisa-de-marillac\/"},"img":{"alt_text":"OLYMPUS DIGITAL CAMERA","src":"https:\/\/i0.wp.com\/vicencianos.org\/wp-content\/2014\/04\/louise-marillac-300x248.jpg?resize=350%2C200","width":350,"height":200},"classes":[]}],"_links":{"self":[{"href":"https:\/\/vincentians.com\/es\/wp-json\/wp\/v2\/posts\/13683","targetHints":{"allow":["GET"]}}],"collection":[{"href":"https:\/\/vincentians.com\/es\/wp-json\/wp\/v2\/posts"}],"about":[{"href":"https:\/\/vincentians.com\/es\/wp-json\/wp\/v2\/types\/post"}],"author":[{"embeddable":true,"href":"https:\/\/vincentians.com\/es\/wp-json\/wp\/v2\/users\/4"}],"replies":[{"embeddable":true,"href":"https:\/\/vincentians.com\/es\/wp-json\/wp\/v2\/comments?post=13683"}],"version-history":[{"count":0,"href":"https:\/\/vincentians.com\/es\/wp-json\/wp\/v2\/posts\/13683\/revisions"}],"wp:featuredmedia":[{"embeddable":true,"href":"https:\/\/vincentians.com\/es\/wp-json\/"}],"wp:attachment":[{"href":"https:\/\/vincentians.com\/es\/wp-json\/wp\/v2\/media?parent=13683"}],"wp:term":[{"taxonomy":"category","embeddable":true,"href":"https:\/\/vincentians.com\/es\/wp-json\/wp\/v2\/categories?post=13683"},{"taxonomy":"post_tag","embeddable":true,"href":"https:\/\/vincentians.com\/es\/wp-json\/wp\/v2\/tags?post=13683"}],"curies":[{"name":"wp","href":"https:\/\/api.w.org\/{rel}","templated":true}]}}