{"id":136571,"date":"2015-01-24T19:08:11","date_gmt":"2015-01-24T18:08:11","guid":{"rendered":"http:\/\/somos.vicencianos.org\/?p=136571"},"modified":"2015-01-24T19:08:11","modified_gmt":"2015-01-24T18:08:11","slug":"el-laico-gallego-luis-de-trelles-hacia-los-altares-ssdp","status":"publish","type":"post","link":"https:\/\/vincentians.com\/es\/el-laico-gallego-luis-de-trelles-hacia-los-altares-ssdp\/","title":{"rendered":"El laico gallego Luis de Trelles, hacia los altares (SSdP)"},"content":{"rendered":"<p style=\"text-align: justify\"><a href=\"http:\/\/vicencianos.org\/blog\/el-laico-gallego-luis-de-trelles-hacia-los-altares-ssdp\/asd-2\/\" rel=\"attachment wp-att-136572\"><img data-recalc-dims=\"1\" loading=\"lazy\" decoding=\"async\" class=\"alignleft size-full wp-image-136572\" src=\"https:\/\/i0.wp.com\/vicencianos.org\/wp-content\/2015\/01\/asd1.jpg?resize=256%2C318\" alt=\"asd\" width=\"256\" height=\"318\" \/><\/a>Luis de Trelles y Noguerol naci\u00f3 en Viveiro (Lugo) en 1819. Abogado, periodista y diputado, su intensa fe cat\u00f3lica le impuls\u00f3 a fundar la Adoraci\u00f3n Nocturna Espa\u00f1ola y las Conferencias de San Vicente de Paul en Santiago. El papa Francisco autoriz\u00f3 ayer la promulgaci\u00f3n de decretos relativos a los procesos de beatificaci\u00f3n o canonizaci\u00f3n de varias personas, entre las que se encuentra el ilustre gallego que, en cuanto se publique el decreto, ser\u00e1 considerado \u00abVenerable\u00bb.<\/p>\n<p style=\"text-align: justify\">Seg\u00fan el Vatican Information Service, se trata del decreto de un milagro realizado por la intercesi\u00f3n de una religiosa italiana, tres decretos de martirio (dos de ellos relativos a grupos de religiosos espa\u00f1oles asesinados por la fe en los a\u00f1os 30) y siete decretos de virtudes heroicas, entre los que se encuentra el correspondiente a Luis de Trelles.<\/p>\n<p style=\"text-align: justify\">Trelles y Noguerol comenz\u00f3 la carrera de Leyes en la Universidad de Santiago de Compostela con solo 14 a\u00f1os y a los 19 a\u00f1os fue nombrado profesor de Derecho Civil. M\u00e1s tarde, ejerci\u00f3 durante dos a\u00f1os la abogac\u00eda en su pueblo natal.<\/p>\n<p style=\"text-align: justify\">Despu\u00e9s se traslad\u00f3 a A Coru\u00f1a, donde vivi\u00f3 durante diez a\u00f1os, y ejerci\u00f3 de abogado de pobres, ya que a\u00fan no exist\u00eda el turno de oficio. Asimismo, form\u00f3 parte de la Junta de Gobierno del Colegio de Abogados de A Coru\u00f1a, y fue fiscal del Juzgado de Artiller\u00eda e Ingenieros. Igualmente, trabaj\u00f3 para el Ministerio de Hacienda y el Colegio de Notarios. En 1852 decidi\u00f3 trasladarse a Madrid, donde desarroll\u00f3 su faceta como pol\u00edtico.<\/p>\n<p style=\"text-align: justify\">Acci\u00f3n caritativa<\/p>\n<p style=\"text-align: justify\">Al no hallar acomodo en los diversos grupos pol\u00edtico-sociales de su \u00e9poca, evolucion\u00f3 hacia su postura final: la pura acci\u00f3n caritativa (individual y colectiva) en defensa de los marginados y la oraci\u00f3n constante ante el Sacramento para desagravio y defensa del \u00fanico baluarte que le quedaba: la Iglesia de Cristo.<\/p>\n<p style=\"text-align: justify\"><strong>En 1858, Luis de Trelles fund\u00f3 en Viveiro, junto a varias otras personas, las Conferencias de San Vicente de Pa\u00fal<\/strong>. M\u00e1s tarde, en 1862, con motivo de un viaje a Par\u00eds, conoci\u00f3 la Adoraci\u00f3n Nocturna, fundada en dicha ciudad por Hermann Cohen y alentada por el sacerdote De la Bouillerie. All\u00ed ador\u00f3 por primera vez de noche a Jes\u00fas Sacramentado y sinti\u00f3 que deb\u00eda ofrecer a la sociedad espa\u00f1ola lo que a\u00f1os m\u00e1s tarde ser\u00eda la Adoraci\u00f3n Nocturna.<\/p>\n<p style=\"text-align: justify\">En 1863 se cas\u00f3 con Adelaida Cuadrado y Retana. Cuando el carlismo fue derrotado, Trelles comprendi\u00f3 que para defender la unidad cat\u00f3lica de Espa\u00f1a y la Iglesia no serv\u00eda la pol\u00edtica, y que solo la oraci\u00f3n puede salvar a la Iglesia.<\/p>\n<p style=\"text-align: justify\">Luis de Trelles tambi\u00e9n se distingui\u00f3 en la III Guerra Carlista, creando una comisi\u00f3n para los canjes de prisioneros y fue nombrado Comisario General de Canjes (1873-76), consiguiendo librar de la muerte o del cautiverio a m\u00e1s de 20.000 prisioneros. Con ello se adelant\u00f3 al Derecho Humanitario Internacional en m\u00e1s de 50 a\u00f1os.<\/p>\n<p style=\"text-align: justify\">Desde la fundaci\u00f3n de la Adoraci\u00f3n Nocturna, Trelles se dedic\u00f3 totalmente hasta su muerte a promover y organizar la obra, abriendo de m\u00e1s de medio centenar de centros por todo el pa\u00eds. Muri\u00f3 en Zamora el 1 de julio de 1891 y sus restos descansan desde 1991 en la catedral. (RD\/Agencias)<\/p>\n","protected":false},"excerpt":{"rendered":"<p>Luis de Trelles y Noguerol naci\u00f3 en Viveiro (Lugo) en 1819. Abogado, periodista y diputado, su intensa fe cat\u00f3lica le impuls\u00f3 a fundar la Adoraci\u00f3n Nocturna Espa\u00f1ola y las Conferencias de San Vicente de Paul &#8230; <a href=\"https:\/\/vincentians.com\/es\/el-laico-gallego-luis-de-trelles-hacia-los-altares-ssdp\/\" class=\"more-link\">Read More<\/a><\/p>\n","protected":false},"author":4,"featured_media":136572,"comment_status":"open","ping_status":"open","sticky":false,"template":"","format":"standard","meta":{"jetpack_post_was_ever_published":false,"_jetpack_newsletter_access":"","_jetpack_dont_email_post_to_subs":false,"_jetpack_newsletter_tier_id":0,"_jetpack_memberships_contains_paywalled_content":false,"_jetpack_memberships_contains_paid_content":false,"footnotes":"","jetpack_publicize_message":"","jetpack_publicize_feature_enabled":true,"jetpack_social_post_already_shared":true,"jetpack_social_options":{"image_generator_settings":{"template":"highway","default_image_id":0,"font":"","enabled":false},"version":2}},"categories":[250],"tags":[],"class_list":["post-136571","post","type-post","status-publish","format-standard","has-post-thumbnail","hentry","category-sociedad-de-san-vicente-de-paul"],"yoast_head":"<!-- This site is optimized with the Yoast SEO plugin v26.3 - https:\/\/yoast.com\/wordpress\/plugins\/seo\/ -->\n<title>El laico gallego Luis de Trelles, hacia los altares (SSdP) - Somos Vicencianos<\/title>\n<meta name=\"robots\" content=\"index, follow, max-snippet:-1, max-image-preview:large, max-video-preview:-1\" \/>\n<link rel=\"canonical\" href=\"https:\/\/vincentians.com\/es\/el-laico-gallego-luis-de-trelles-hacia-los-altares-ssdp\/\" \/>\n<meta property=\"og:locale\" content=\"es_ES\" \/>\n<meta property=\"og:type\" content=\"article\" \/>\n<meta property=\"og:title\" content=\"El laico gallego Luis de Trelles, hacia los altares (SSdP) - Somos Vicencianos\" \/>\n<meta property=\"og:description\" content=\"Luis de Trelles y Noguerol naci\u00f3 en Viveiro (Lugo) en 1819. Abogado, periodista y diputado, su intensa fe cat\u00f3lica le impuls\u00f3 a fundar la Adoraci\u00f3n Nocturna Espa\u00f1ola y las Conferencias de San Vicente de Paul ... Read More\" \/>\n<meta property=\"og:url\" content=\"https:\/\/vincentians.com\/es\/el-laico-gallego-luis-de-trelles-hacia-los-altares-ssdp\/\" \/>\n<meta property=\"og:site_name\" content=\"Somos Vicencianos\" \/>\n<meta property=\"article:publisher\" content=\"https:\/\/www.facebook.com\/WeAreVincentians\/\" \/>\n<meta property=\"article:author\" content=\"https:\/\/www.facebook.com\/JavierChento\" \/>\n<meta property=\"article:published_time\" content=\"2015-01-24T18:08:11+00:00\" \/>\n<meta name=\"author\" content=\"Francisco Javier Fern\u00e1ndez Chento\" \/>\n<meta name=\"twitter:card\" content=\"summary_large_image\" \/>\n<meta name=\"twitter:creator\" content=\"@https:\/\/twitter.com\/javierchento\" \/>\n<meta name=\"twitter:site\" content=\"@WeVincentians\" \/>\n<meta name=\"twitter:label1\" content=\"Escrito por\" \/>\n\t<meta name=\"twitter:data1\" content=\"Francisco Javier Fern\u00e1ndez Chento\" \/>\n\t<meta name=\"twitter:label2\" content=\"Tiempo de lectura\" \/>\n\t<meta name=\"twitter:data2\" content=\"3 minutos\" \/>\n<script type=\"application\/ld+json\" class=\"yoast-schema-graph\">{\"@context\":\"https:\/\/schema.org\",\"@graph\":[{\"@type\":\"Article\",\"@id\":\"https:\/\/vincentians.com\/es\/el-laico-gallego-luis-de-trelles-hacia-los-altares-ssdp\/#article\",\"isPartOf\":{\"@id\":\"https:\/\/vincentians.com\/es\/el-laico-gallego-luis-de-trelles-hacia-los-altares-ssdp\/\"},\"author\":{\"name\":\"Francisco Javier Fern\u00e1ndez Chento\",\"@id\":\"http:\/\/vincentians.com\/es\/#\/schema\/person\/9623ef4d9aa3b2dfb8c061f1499288f2\"},\"headline\":\"El laico gallego Luis de Trelles, hacia los altares (SSdP)\",\"datePublished\":\"2015-01-24T18:08:11+00:00\",\"mainEntityOfPage\":{\"@id\":\"https:\/\/vincentians.com\/es\/el-laico-gallego-luis-de-trelles-hacia-los-altares-ssdp\/\"},\"wordCount\":574,\"commentCount\":0,\"publisher\":{\"@id\":\"http:\/\/vincentians.com\/es\/#organization\"},\"image\":{\"@id\":\"https:\/\/vincentians.com\/es\/el-laico-gallego-luis-de-trelles-hacia-los-altares-ssdp\/#primaryimage\"},\"thumbnailUrl\":\"\",\"articleSection\":[\"Sociedad de San Vicente de Pa\u00fal\"],\"inLanguage\":\"es\",\"potentialAction\":[{\"@type\":\"CommentAction\",\"name\":\"Comment\",\"target\":[\"https:\/\/vincentians.com\/es\/el-laico-gallego-luis-de-trelles-hacia-los-altares-ssdp\/#respond\"]}]},{\"@type\":\"WebPage\",\"@id\":\"https:\/\/vincentians.com\/es\/el-laico-gallego-luis-de-trelles-hacia-los-altares-ssdp\/\",\"url\":\"https:\/\/vincentians.com\/es\/el-laico-gallego-luis-de-trelles-hacia-los-altares-ssdp\/\",\"name\":\"El laico gallego Luis de Trelles, hacia los altares (SSdP) - Somos Vicencianos\",\"isPartOf\":{\"@id\":\"http:\/\/vincentians.com\/es\/#website\"},\"primaryImageOfPage\":{\"@id\":\"https:\/\/vincentians.com\/es\/el-laico-gallego-luis-de-trelles-hacia-los-altares-ssdp\/#primaryimage\"},\"image\":{\"@id\":\"https:\/\/vincentians.com\/es\/el-laico-gallego-luis-de-trelles-hacia-los-altares-ssdp\/#primaryimage\"},\"thumbnailUrl\":\"\",\"datePublished\":\"2015-01-24T18:08:11+00:00\",\"breadcrumb\":{\"@id\":\"https:\/\/vincentians.com\/es\/el-laico-gallego-luis-de-trelles-hacia-los-altares-ssdp\/#breadcrumb\"},\"inLanguage\":\"es\",\"potentialAction\":[{\"@type\":\"ReadAction\",\"target\":[\"https:\/\/vincentians.com\/es\/el-laico-gallego-luis-de-trelles-hacia-los-altares-ssdp\/\"]}]},{\"@type\":\"ImageObject\",\"inLanguage\":\"es\",\"@id\":\"https:\/\/vincentians.com\/es\/el-laico-gallego-luis-de-trelles-hacia-los-altares-ssdp\/#primaryimage\",\"url\":\"\",\"contentUrl\":\"\"},{\"@type\":\"BreadcrumbList\",\"@id\":\"https:\/\/vincentians.com\/es\/el-laico-gallego-luis-de-trelles-hacia-los-altares-ssdp\/#breadcrumb\",\"itemListElement\":[{\"@type\":\"ListItem\",\"position\":1,\"name\":\"Portada\",\"item\":\"http:\/\/vincentians.com\/es\/\"},{\"@type\":\"ListItem\",\"position\":2,\"name\":\"El laico gallego Luis de Trelles, hacia los altares (SSdP)\"}]},{\"@type\":\"WebSite\",\"@id\":\"http:\/\/vincentians.com\/es\/#website\",\"url\":\"http:\/\/vincentians.com\/es\/\",\"name\":\"Somos Vicencianos\",\"description\":\"Know more to serve more\",\"publisher\":{\"@id\":\"http:\/\/vincentians.com\/es\/#organization\"},\"potentialAction\":[{\"@type\":\"SearchAction\",\"target\":{\"@type\":\"EntryPoint\",\"urlTemplate\":\"http:\/\/vincentians.com\/es\/?s={search_term_string}\"},\"query-input\":{\"@type\":\"PropertyValueSpecification\",\"valueRequired\":true,\"valueName\":\"search_term_string\"}}],\"inLanguage\":\"es\"},{\"@type\":\"Organization\",\"@id\":\"http:\/\/vincentians.com\/es\/#organization\",\"name\":\"The Vincentian Network\",\"url\":\"http:\/\/vincentians.com\/es\/\",\"logo\":{\"@type\":\"ImageObject\",\"inLanguage\":\"es\",\"@id\":\"http:\/\/vincentians.com\/es\/#\/schema\/logo\/image\/\",\"url\":\"https:\/\/i1.wp.com\/vincentians.com\/es\/wp-content\/uploads\/sites\/11\/2016\/06\/Vincentian-Network-logo-big.png?fit=778%2C778\",\"contentUrl\":\"https:\/\/i1.wp.com\/vincentians.com\/es\/wp-content\/uploads\/sites\/11\/2016\/06\/Vincentian-Network-logo-big.png?fit=778%2C778\",\"width\":778,\"height\":778,\"caption\":\"The Vincentian Network\"},\"image\":{\"@id\":\"http:\/\/vincentians.com\/es\/#\/schema\/logo\/image\/\"},\"sameAs\":[\"https:\/\/www.facebook.com\/WeAreVincentians\/\",\"https:\/\/x.com\/WeVincentians\"]},{\"@type\":\"Person\",\"@id\":\"http:\/\/vincentians.com\/es\/#\/schema\/person\/9623ef4d9aa3b2dfb8c061f1499288f2\",\"name\":\"Francisco Javier Fern\u00e1ndez Chento\",\"image\":{\"@type\":\"ImageObject\",\"inLanguage\":\"es\",\"@id\":\"http:\/\/vincentians.com\/es\/#\/schema\/person\/image\/\",\"url\":\"https:\/\/secure.gravatar.com\/avatar\/497d5cde87b4c3d097d0315953521681ba2cd523ee66e5077c3711f7021e65de?s=96&d=mm&r=g\",\"contentUrl\":\"https:\/\/secure.gravatar.com\/avatar\/497d5cde87b4c3d097d0315953521681ba2cd523ee66e5077c3711f7021e65de?s=96&d=mm&r=g\",\"caption\":\"Francisco Javier Fern\u00e1ndez Chento\"},\"description\":\"Director General y cofundador de La Red de Formaci\u00f3n Vicenciana. Javier es laico vicenciano, afiliado a la Congregaci\u00f3n de la Misi\u00f3n y miembro del Equipo de Misiones Populares de la provincia can\u00f3nica de Zaragoza (Espa\u00f1a) de la Congregaci\u00f3n de la Misi\u00f3n. Graduado en la Universidad Oberta de Catalunya con cuatro grados (Asistente de direcci\u00f3n, Gesti\u00f3n Administrativa, Recursos Humanos y Contabilidad Avanzada). Bil\u00edng\u00fce Espa\u00f1ol\/Ingl\u00e9s. gestiona y mantiene varias p\u00e1ginas web cristianas y vicencianas, incluida including La Red de Formaci\u00f3n Vicenciana, de la que es cofundador. Actualmente es responsable del \u00e1rea de Espa\u00f1ol de .famvin, la Red de Noticias de la Familia Vicenciana. Tambi\u00e9n es m\u00fasico cat\u00f3lico y ha editado varios discos. Es Director General y cofundador de Trovador, una reconocida compa\u00f1\u00eda discogr\u00e1fica critiana de Espa\u00f1a. Trabaja en las Tecnolog\u00edas de la Informaci\u00f3n, ofreciendo servicios de alojamiento, dise\u00f1o y mantenimiento Web, as\u00ed como asesoramiento, formaci\u00f3n y soluciones inform\u00e1ticas, gesti\u00f3n documental y digitalizaci\u00f3n de textos, edici\u00f3n y maquetaci\u00f3n de libros, revistas, flyers, etc.\",\"sameAs\":[\"http:\/\/chento.org\",\"https:\/\/www.facebook.com\/JavierChento\",\"https:\/\/x.com\/https:\/\/twitter.com\/javierchento\"],\"url\":\"https:\/\/vincentians.com\/es\/author\/chento\/\"}]}<\/script>\n<!-- \/ Yoast SEO plugin. -->","yoast_head_json":{"title":"El laico gallego Luis de Trelles, hacia los altares (SSdP) - Somos Vicencianos","robots":{"index":"index","follow":"follow","max-snippet":"max-snippet:-1","max-image-preview":"max-image-preview:large","max-video-preview":"max-video-preview:-1"},"canonical":"https:\/\/vincentians.com\/es\/el-laico-gallego-luis-de-trelles-hacia-los-altares-ssdp\/","og_locale":"es_ES","og_type":"article","og_title":"El laico gallego Luis de Trelles, hacia los altares (SSdP) - Somos Vicencianos","og_description":"Luis de Trelles y Noguerol naci\u00f3 en Viveiro (Lugo) en 1819. Abogado, periodista y diputado, su intensa fe cat\u00f3lica le impuls\u00f3 a fundar la Adoraci\u00f3n Nocturna Espa\u00f1ola y las Conferencias de San Vicente de Paul ... Read More","og_url":"https:\/\/vincentians.com\/es\/el-laico-gallego-luis-de-trelles-hacia-los-altares-ssdp\/","og_site_name":"Somos Vicencianos","article_publisher":"https:\/\/www.facebook.com\/WeAreVincentians\/","article_author":"https:\/\/www.facebook.com\/JavierChento","article_published_time":"2015-01-24T18:08:11+00:00","author":"Francisco Javier Fern\u00e1ndez Chento","twitter_card":"summary_large_image","twitter_creator":"@https:\/\/twitter.com\/javierchento","twitter_site":"@WeVincentians","twitter_misc":{"Escrito por":"Francisco Javier Fern\u00e1ndez Chento","Tiempo de lectura":"3 minutos"},"schema":{"@context":"https:\/\/schema.org","@graph":[{"@type":"Article","@id":"https:\/\/vincentians.com\/es\/el-laico-gallego-luis-de-trelles-hacia-los-altares-ssdp\/#article","isPartOf":{"@id":"https:\/\/vincentians.com\/es\/el-laico-gallego-luis-de-trelles-hacia-los-altares-ssdp\/"},"author":{"name":"Francisco Javier Fern\u00e1ndez Chento","@id":"http:\/\/vincentians.com\/es\/#\/schema\/person\/9623ef4d9aa3b2dfb8c061f1499288f2"},"headline":"El laico gallego Luis de Trelles, hacia los altares (SSdP)","datePublished":"2015-01-24T18:08:11+00:00","mainEntityOfPage":{"@id":"https:\/\/vincentians.com\/es\/el-laico-gallego-luis-de-trelles-hacia-los-altares-ssdp\/"},"wordCount":574,"commentCount":0,"publisher":{"@id":"http:\/\/vincentians.com\/es\/#organization"},"image":{"@id":"https:\/\/vincentians.com\/es\/el-laico-gallego-luis-de-trelles-hacia-los-altares-ssdp\/#primaryimage"},"thumbnailUrl":"","articleSection":["Sociedad de San Vicente de Pa\u00fal"],"inLanguage":"es","potentialAction":[{"@type":"CommentAction","name":"Comment","target":["https:\/\/vincentians.com\/es\/el-laico-gallego-luis-de-trelles-hacia-los-altares-ssdp\/#respond"]}]},{"@type":"WebPage","@id":"https:\/\/vincentians.com\/es\/el-laico-gallego-luis-de-trelles-hacia-los-altares-ssdp\/","url":"https:\/\/vincentians.com\/es\/el-laico-gallego-luis-de-trelles-hacia-los-altares-ssdp\/","name":"El laico gallego Luis de Trelles, hacia los altares (SSdP) - Somos Vicencianos","isPartOf":{"@id":"http:\/\/vincentians.com\/es\/#website"},"primaryImageOfPage":{"@id":"https:\/\/vincentians.com\/es\/el-laico-gallego-luis-de-trelles-hacia-los-altares-ssdp\/#primaryimage"},"image":{"@id":"https:\/\/vincentians.com\/es\/el-laico-gallego-luis-de-trelles-hacia-los-altares-ssdp\/#primaryimage"},"thumbnailUrl":"","datePublished":"2015-01-24T18:08:11+00:00","breadcrumb":{"@id":"https:\/\/vincentians.com\/es\/el-laico-gallego-luis-de-trelles-hacia-los-altares-ssdp\/#breadcrumb"},"inLanguage":"es","potentialAction":[{"@type":"ReadAction","target":["https:\/\/vincentians.com\/es\/el-laico-gallego-luis-de-trelles-hacia-los-altares-ssdp\/"]}]},{"@type":"ImageObject","inLanguage":"es","@id":"https:\/\/vincentians.com\/es\/el-laico-gallego-luis-de-trelles-hacia-los-altares-ssdp\/#primaryimage","url":"","contentUrl":""},{"@type":"BreadcrumbList","@id":"https:\/\/vincentians.com\/es\/el-laico-gallego-luis-de-trelles-hacia-los-altares-ssdp\/#breadcrumb","itemListElement":[{"@type":"ListItem","position":1,"name":"Portada","item":"http:\/\/vincentians.com\/es\/"},{"@type":"ListItem","position":2,"name":"El laico gallego Luis de Trelles, hacia los altares (SSdP)"}]},{"@type":"WebSite","@id":"http:\/\/vincentians.com\/es\/#website","url":"http:\/\/vincentians.com\/es\/","name":"Somos Vicencianos","description":"Know more to serve more","publisher":{"@id":"http:\/\/vincentians.com\/es\/#organization"},"potentialAction":[{"@type":"SearchAction","target":{"@type":"EntryPoint","urlTemplate":"http:\/\/vincentians.com\/es\/?s={search_term_string}"},"query-input":{"@type":"PropertyValueSpecification","valueRequired":true,"valueName":"search_term_string"}}],"inLanguage":"es"},{"@type":"Organization","@id":"http:\/\/vincentians.com\/es\/#organization","name":"The Vincentian Network","url":"http:\/\/vincentians.com\/es\/","logo":{"@type":"ImageObject","inLanguage":"es","@id":"http:\/\/vincentians.com\/es\/#\/schema\/logo\/image\/","url":"https:\/\/i1.wp.com\/vincentians.com\/es\/wp-content\/uploads\/sites\/11\/2016\/06\/Vincentian-Network-logo-big.png?fit=778%2C778","contentUrl":"https:\/\/i1.wp.com\/vincentians.com\/es\/wp-content\/uploads\/sites\/11\/2016\/06\/Vincentian-Network-logo-big.png?fit=778%2C778","width":778,"height":778,"caption":"The Vincentian Network"},"image":{"@id":"http:\/\/vincentians.com\/es\/#\/schema\/logo\/image\/"},"sameAs":["https:\/\/www.facebook.com\/WeAreVincentians\/","https:\/\/x.com\/WeVincentians"]},{"@type":"Person","@id":"http:\/\/vincentians.com\/es\/#\/schema\/person\/9623ef4d9aa3b2dfb8c061f1499288f2","name":"Francisco Javier Fern\u00e1ndez Chento","image":{"@type":"ImageObject","inLanguage":"es","@id":"http:\/\/vincentians.com\/es\/#\/schema\/person\/image\/","url":"https:\/\/secure.gravatar.com\/avatar\/497d5cde87b4c3d097d0315953521681ba2cd523ee66e5077c3711f7021e65de?s=96&d=mm&r=g","contentUrl":"https:\/\/secure.gravatar.com\/avatar\/497d5cde87b4c3d097d0315953521681ba2cd523ee66e5077c3711f7021e65de?s=96&d=mm&r=g","caption":"Francisco Javier Fern\u00e1ndez Chento"},"description":"Director General y cofundador de La Red de Formaci\u00f3n Vicenciana. Javier es laico vicenciano, afiliado a la Congregaci\u00f3n de la Misi\u00f3n y miembro del Equipo de Misiones Populares de la provincia can\u00f3nica de Zaragoza (Espa\u00f1a) de la Congregaci\u00f3n de la Misi\u00f3n. Graduado en la Universidad Oberta de Catalunya con cuatro grados (Asistente de direcci\u00f3n, Gesti\u00f3n Administrativa, Recursos Humanos y Contabilidad Avanzada). Bil\u00edng\u00fce Espa\u00f1ol\/Ingl\u00e9s. gestiona y mantiene varias p\u00e1ginas web cristianas y vicencianas, incluida including La Red de Formaci\u00f3n Vicenciana, de la que es cofundador. Actualmente es responsable del \u00e1rea de Espa\u00f1ol de .famvin, la Red de Noticias de la Familia Vicenciana. Tambi\u00e9n es m\u00fasico cat\u00f3lico y ha editado varios discos. Es Director General y cofundador de Trovador, una reconocida compa\u00f1\u00eda discogr\u00e1fica critiana de Espa\u00f1a. Trabaja en las Tecnolog\u00edas de la Informaci\u00f3n, ofreciendo servicios de alojamiento, dise\u00f1o y mantenimiento Web, as\u00ed como asesoramiento, formaci\u00f3n y soluciones inform\u00e1ticas, gesti\u00f3n documental y digitalizaci\u00f3n de textos, edici\u00f3n y maquetaci\u00f3n de libros, revistas, flyers, etc.","sameAs":["http:\/\/chento.org","https:\/\/www.facebook.com\/JavierChento","https:\/\/x.com\/https:\/\/twitter.com\/javierchento"],"url":"https:\/\/vincentians.com\/es\/author\/chento\/"}]}},"jetpack_publicize_connections":[],"jetpack_featured_media_url":"","jetpack_sharing_enabled":true,"jetpack_shortlink":"https:\/\/wp.me\/p7ETMF-zwL","jetpack-related-posts":[{"id":121436,"url":"https:\/\/vincentians.com\/es\/san-vicente-de-paul-nacio-en-francia-viii-quinta-dificultad\/","url_meta":{"origin":136571,"position":0},"title":"San Vicente de Pa\u00fal naci\u00f3 en Francia. VIII. Quinta dificultad","author":"Francisco Javier Fern\u00e1ndez Chento","date":"03\/05\/2015","format":false,"excerpt":"Quinta dificultad Las personas que figuran en el relato, y las circunstan\u00adcias que las rodean dan a sus palabras un car\u00e1cter de seriedad y verosimilitud tales, que inclinan el \u00e1nimo a suponer est\u00e1n en posesi\u00f3n de la verdad. \u00bfQu\u00e9 otra casa sino la verdad pod\u00eda mantener tan vivo convencimiento en\u2026","rel":"","context":"En \u00abVicente de Pa\u00fal\u00bb","block_context":{"text":"Vicente de Pa\u00fal","link":"https:\/\/vincentians.com\/es\/category\/la-familia-vicenciana\/fundadores\/vicente-de-paul\/"},"img":{"alt_text":"","src":"","width":0,"height":0},"classes":[]},{"id":116624,"url":"https:\/\/vincentians.com\/es\/vicente-de-paul-carta-1030-alano-de-solminihac-obispo-de-cahors-a-san-vicente\/","url_meta":{"origin":136571,"position":1},"title":"Vicente de Pa\u00fal, Carta 1030: Alano de Solminihac, Obispo de Cahors, a San Vicente","author":"Francisco Javier Fern\u00e1ndez Chento","date":"21\/12\/2012","format":false,"excerpt":"Mercu\u00e8s, 21 septiembre 1647. Padre: Ayer le puse unas letras por medio del padre Lamberto, que ha visitado nuestro seminario con mucho fruto. El le contar\u00e1 detalles. Acabo de recibir la que usted se tom\u00f3 la molestia de escribirme, del 7 del corriente. Me alegro mucho de que se acepte\u2026","rel":"","context":"En \u00abEscritos de Vicente de Pa\u00fal\u00bb","block_context":{"text":"Escritos de Vicente de Pa\u00fal","link":"https:\/\/vincentians.com\/es\/category\/escritos\/escritos-de-vicente-de-paul\/"},"img":{"alt_text":"","src":"https:\/\/i0.wp.com\/vincentians.com\/es\/wp-content\/uploads\/sites\/11\/2016\/07\/escritos-vicente-de-paul.jpg?fit=1200%2C630&ssl=1&resize=350%2C200","width":350,"height":200,"srcset":"https:\/\/i0.wp.com\/vincentians.com\/es\/wp-content\/uploads\/sites\/11\/2016\/07\/escritos-vicente-de-paul.jpg?fit=1200%2C630&ssl=1&resize=350%2C200 1x, https:\/\/i0.wp.com\/vincentians.com\/es\/wp-content\/uploads\/sites\/11\/2016\/07\/escritos-vicente-de-paul.jpg?fit=1200%2C630&ssl=1&resize=525%2C300 1.5x, https:\/\/i0.wp.com\/vincentians.com\/es\/wp-content\/uploads\/sites\/11\/2016\/07\/escritos-vicente-de-paul.jpg?fit=1200%2C630&ssl=1&resize=700%2C400 2x, https:\/\/i0.wp.com\/vincentians.com\/es\/wp-content\/uploads\/sites\/11\/2016\/07\/escritos-vicente-de-paul.jpg?fit=1200%2C630&ssl=1&resize=1050%2C600 3x"},"classes":[]},{"id":118075,"url":"https:\/\/vincentians.com\/es\/anotaciones-al-decreto-conciliar-perfectae-caritatis-iii\/","url_meta":{"origin":136571,"position":2},"title":"Anotaciones al decreto conciliar \u00abPerfectae Caritatis\u00bb (III)","author":"Francisco Javier Fern\u00e1ndez Chento","date":"17\/09\/2021","format":false,"excerpt":"VIII.\u2014Verdadera renovaci\u00f3n en Cristo por la Caridad La vida religiosa est\u00e1 unida al misterio de Cristo y de su Iglesia. El seguimiento, la imitaci\u00f3n de Cristo, mejor a\u00fan, la \"continuidad de Cris\u00adto\", en t\u00e9rminos de San Vicente, es la \"norma \u00faltima\" de la vida re\u00adligiosa, seg\u00fan el decreto conciliar. Seguir\u2026","rel":"","context":"En \u00abFormaci\u00f3n Cristiana\u00bb","block_context":{"text":"Formaci\u00f3n Cristiana","link":"https:\/\/vincentians.com\/es\/category\/formacion-cristiana\/"},"img":{"alt_text":"","src":"https:\/\/i0.wp.com\/vincentians.com\/es\/wp-content\/uploads\/sites\/11\/2016\/09\/identidad.jpg?fit=1200%2C630&ssl=1&resize=350%2C200","width":350,"height":200,"srcset":"https:\/\/i0.wp.com\/vincentians.com\/es\/wp-content\/uploads\/sites\/11\/2016\/09\/identidad.jpg?fit=1200%2C630&ssl=1&resize=350%2C200 1x, https:\/\/i0.wp.com\/vincentians.com\/es\/wp-content\/uploads\/sites\/11\/2016\/09\/identidad.jpg?fit=1200%2C630&ssl=1&resize=525%2C300 1.5x, https:\/\/i0.wp.com\/vincentians.com\/es\/wp-content\/uploads\/sites\/11\/2016\/09\/identidad.jpg?fit=1200%2C630&ssl=1&resize=700%2C400 2x, https:\/\/i0.wp.com\/vincentians.com\/es\/wp-content\/uploads\/sites\/11\/2016\/09\/identidad.jpg?fit=1200%2C630&ssl=1&resize=1050%2C600 3x"},"classes":[]},{"id":121434,"url":"https:\/\/vincentians.com\/es\/san-vicente-de-paul-nacio-en-francia-v-segunda-dificultad\/","url_meta":{"origin":136571,"position":3},"title":"San Vicente de Pa\u00fal naci\u00f3 en Francia. V. Segunda dificultad","author":"Francisco Javier Fern\u00e1ndez Chento","date":"30\/04\/2015","format":false,"excerpt":"Segunda dificultad En el cap\u00edtulo titulado la vocaci\u00f3n, contin\u00faa el traduc\u00adtor: Arturo Loth afirma que el Santo naci\u00f3 en Pouy, el 24 de Abril de 1576. Afirmaci\u00f3n tan categ\u00f3rica parece que ha de tener por base el \u00fanico documento irrefragable: la partida de bautismo; pero \u00e9sta no existe en los\u2026","rel":"","context":"En \u00abVicente de Pa\u00fal\u00bb","block_context":{"text":"Vicente de Pa\u00fal","link":"https:\/\/vincentians.com\/es\/category\/la-familia-vicenciana\/fundadores\/vicente-de-paul\/"},"img":{"alt_text":"","src":"","width":0,"height":0},"classes":[]},{"id":114851,"url":"https:\/\/vincentians.com\/es\/vicente-de-paul-carta-1017-a-alano-de-solminihac-obispo-de-cahors\/","url_meta":{"origin":136571,"position":4},"title":"Vicente de Pa\u00fal, Carta 1017: A Alano De Solminihac, Obispo De Cahors","author":"Francisco Javier Fern\u00e1ndez Chento","date":"28\/11\/2012","format":false,"excerpt":"30 julio 1647. Monse\u00f1or: Son portadores de la presente sus dos buenos religiosos de Chancelade que se vuelven con el decreto. Se han portado maravillosamente en el manejo de este asunto y han edificado a todos con los que han tratado. Hay una cl\u00e1usula en el decreto que le da\u2026","rel":"","context":"En \u00abEscritos de Vicente de Pa\u00fal\u00bb","block_context":{"text":"Escritos de Vicente de Pa\u00fal","link":"https:\/\/vincentians.com\/es\/category\/escritos\/escritos-de-vicente-de-paul\/"},"img":{"alt_text":"","src":"https:\/\/i0.wp.com\/vincentians.com\/es\/wp-content\/uploads\/sites\/11\/2016\/07\/escritos-vicente-de-paul.jpg?fit=1200%2C630&ssl=1&resize=350%2C200","width":350,"height":200,"srcset":"https:\/\/i0.wp.com\/vincentians.com\/es\/wp-content\/uploads\/sites\/11\/2016\/07\/escritos-vicente-de-paul.jpg?fit=1200%2C630&ssl=1&resize=350%2C200 1x, https:\/\/i0.wp.com\/vincentians.com\/es\/wp-content\/uploads\/sites\/11\/2016\/07\/escritos-vicente-de-paul.jpg?fit=1200%2C630&ssl=1&resize=525%2C300 1.5x, https:\/\/i0.wp.com\/vincentians.com\/es\/wp-content\/uploads\/sites\/11\/2016\/07\/escritos-vicente-de-paul.jpg?fit=1200%2C630&ssl=1&resize=700%2C400 2x, https:\/\/i0.wp.com\/vincentians.com\/es\/wp-content\/uploads\/sites\/11\/2016\/07\/escritos-vicente-de-paul.jpg?fit=1200%2C630&ssl=1&resize=1050%2C600 3x"},"classes":[]},{"id":119382,"url":"https:\/\/vincentians.com\/es\/vicente-de-paul-carta-1133-tomas-turchi-a-san-vicente\/","url_meta":{"origin":136571,"position":5},"title":"Vicente de Pa\u00fal, Carta 1133: Tomas Turchi A San Vicente","author":"Francisco Javier Fern\u00e1ndez Chento","date":"29\/04\/2013","format":false,"excerpt":"Roma, 21 diciembre 1648. Reverend\u00edsimo padre Vicente: Me siento muy agradecido a su celo por el bien de los asuntos de mi Orden y por el cuidado que ha puesto en situar a los padres mayores de la provincia de Toulouse en el camino de su deber, del que les\u2026","rel":"","context":"En \u00abEscritos de Vicente de Pa\u00fal\u00bb","block_context":{"text":"Escritos de Vicente de Pa\u00fal","link":"https:\/\/vincentians.com\/es\/category\/escritos\/escritos-de-vicente-de-paul\/"},"img":{"alt_text":"","src":"https:\/\/i0.wp.com\/vincentians.com\/es\/wp-content\/uploads\/sites\/11\/2016\/07\/escritos-vicente-de-paul.jpg?fit=1200%2C630&ssl=1&resize=350%2C200","width":350,"height":200,"srcset":"https:\/\/i0.wp.com\/vincentians.com\/es\/wp-content\/uploads\/sites\/11\/2016\/07\/escritos-vicente-de-paul.jpg?fit=1200%2C630&ssl=1&resize=350%2C200 1x, https:\/\/i0.wp.com\/vincentians.com\/es\/wp-content\/uploads\/sites\/11\/2016\/07\/escritos-vicente-de-paul.jpg?fit=1200%2C630&ssl=1&resize=525%2C300 1.5x, https:\/\/i0.wp.com\/vincentians.com\/es\/wp-content\/uploads\/sites\/11\/2016\/07\/escritos-vicente-de-paul.jpg?fit=1200%2C630&ssl=1&resize=700%2C400 2x, https:\/\/i0.wp.com\/vincentians.com\/es\/wp-content\/uploads\/sites\/11\/2016\/07\/escritos-vicente-de-paul.jpg?fit=1200%2C630&ssl=1&resize=1050%2C600 3x"},"classes":[]}],"_links":{"self":[{"href":"https:\/\/vincentians.com\/es\/wp-json\/wp\/v2\/posts\/136571","targetHints":{"allow":["GET"]}}],"collection":[{"href":"https:\/\/vincentians.com\/es\/wp-json\/wp\/v2\/posts"}],"about":[{"href":"https:\/\/vincentians.com\/es\/wp-json\/wp\/v2\/types\/post"}],"author":[{"embeddable":true,"href":"https:\/\/vincentians.com\/es\/wp-json\/wp\/v2\/users\/4"}],"replies":[{"embeddable":true,"href":"https:\/\/vincentians.com\/es\/wp-json\/wp\/v2\/comments?post=136571"}],"version-history":[{"count":0,"href":"https:\/\/vincentians.com\/es\/wp-json\/wp\/v2\/posts\/136571\/revisions"}],"wp:featuredmedia":[{"embeddable":true,"href":"https:\/\/vincentians.com\/es\/wp-json\/"}],"wp:attachment":[{"href":"https:\/\/vincentians.com\/es\/wp-json\/wp\/v2\/media?parent=136571"}],"wp:term":[{"taxonomy":"category","embeddable":true,"href":"https:\/\/vincentians.com\/es\/wp-json\/wp\/v2\/categories?post=136571"},{"taxonomy":"post_tag","embeddable":true,"href":"https:\/\/vincentians.com\/es\/wp-json\/wp\/v2\/tags?post=136571"}],"curies":[{"name":"wp","href":"https:\/\/api.w.org\/{rel}","templated":true}]}}