{"id":136391,"date":"2015-01-23T07:17:23","date_gmt":"2015-01-23T06:17:23","guid":{"rendered":"http:\/\/somos.vicencianos.org\/?p=136391"},"modified":"2015-01-23T07:17:23","modified_gmt":"2015-01-23T06:17:23","slug":"doctor-martin-salia-el-heroe-discreto","status":"publish","type":"post","link":"https:\/\/vincentians.com\/es\/doctor-martin-salia-el-heroe-discreto\/","title":{"rendered":"Doctor Martin Salia, el h\u00e9roe discreto"},"content":{"rendered":"<p><a href=\"https:\/\/i0.wp.com\/vicencianos.org\/wp-content\/2015\/01\/martin-salia.jpg\"><img data-recalc-dims=\"1\" loading=\"lazy\" decoding=\"async\" class=\"aligncenter size-large wp-image-136497\" src=\"https:\/\/i0.wp.com\/vicencianos.org\/wp-content\/2015\/01\/martin-salia-1024x683.jpg?resize=846%2C564\" alt=\"martin-salia\" width=\"846\" height=\"564\" \/><\/a><\/p>\n<p>Hay historias que te conmueven, que te llenan de sentimiento como ser humano, que te tocan la fibra y te renuevan la confianza en la humanidad. Suelen ser gestos heroicos de personas an\u00f3nimas, como reza el t\u00edtulo de la novela de Vargas Llosa, \u201cEl h\u00e9roe discreto\u201d. Gestos que te llenan de orgullo y te dan la medida de todo lo bueno que puede dar el hombre, trascendiendo de su materialidad hacia un estado espiritual que le acerca a Dios, que imita a Jesucristo en su entrega y amor a los dem\u00e1s.<\/p>\n<p>El domingo 30 de noviembre muri\u00f3 uno de estos \u00abh\u00e9roes discretos\u00bb, una de estas personas que no han saltado a la luz p\u00fablica pero que buscaron la Verdad toda su vida y que en su \u00faltimo aliento llevaron la palabra de Dios a trav\u00e9s de su ejemplo. Un ser humano que cre\u00eda en el ser humano a trav\u00e9s de Cristo y que muri\u00f3 por \u00e9l, en plena juventud.<\/p>\n<p>Esta es la historia del Doctor Martin Salia, que se cuenta a trav\u00e9s de un sencillo comunicado de sus consocios en Sierra Leona y de un peque\u00f1o esbozo de una vida que se siente llena de compromiso y de servicio. Un ejemplo para todos los vicentinos del mundo y un regalo para la humanidad.<\/p>\n<blockquote><p><strong><em>Queridos Amigos Vicentinos,<\/em><\/strong><\/p>\n<p>El pasado domingo 30 de noviembre de 2014, mi conferencia de San Martin acompa\u00f1\u00f3 a la familia del difunto Dr. Martin Salia, el s\u00e9ptimo m\u00e9dico que ha fallecido de \u00e9bola, en una misa conmemorativa. El difunto Doctor Martin entr\u00f3 en la Sociedad de San Vicente de Pa\u00fal en 1998 cuando estaba en la Facultad de Medicina y Ciencias de la Salud. Era un vicentino muy activo hasta despu\u00e9s de graduarse cuando fue destinado a uno de los barrios m\u00e1s marginales de Bonthe. All\u00ed trabaj\u00f3 desinteresadamente, lleno de celo y compasi\u00f3n en su trabajo. Era un m\u00e9dico que a veces realizaba operaciones quir\u00fargicas sin preocuparse por el dinero, \u00e9l dec\u00eda siempre \u201cla vida es lo primero\u201d.<\/p>\n<p>A pesar de su apretada agenda de trabajo hasta su muerte, nunca dej\u00f3 la Iglesia Cat\u00f3lica. Seguiremos rezando para que su alma descanse en paz.<\/p>\n<p>Muchas gracias por vuestro apoyo.<\/p>\n<p>Rosamond Sannoh, Sierra Leona<\/p><\/blockquote>\n<h3><strong>Rese\u00f1a sobre el difunto, Dr. Martin Maada Salia<\/strong><\/h3>\n<p>El Dr. Martin Salia naci\u00f3 el 6 de septiembre de 1970 en el Hospital gubernamental de Kenema (Sierra Leona). Hizo sus estudios secundarios en la escuela de Yengema finaliz\u00e1ndolos con un sobresaliente.<\/p>\n<p>Era expresidente del sindicato de estudiantes en la Facultad de Medicina y Ciencias de la Salud (COMAHS). All\u00ed se gradu\u00f3 como m\u00e9dico generalista. M\u00e1s tarde se especializ\u00f3 como cirujano general en el Hospital Banso, en Camer\u00fan, y all\u00ed fue nombrado Jefe del servicio de cirug\u00eda en el Hospital Banso, Camer\u00fan. De vuelta en Sierra Leona, trabaj\u00f3 en el Hospital Connaught como cirujano especialista consultor, y como Director m\u00e9dico en el Hospital de la Iglesia Metodista Unida, Centro Urbano, Kissy.<\/p>\n<p>Era ex-jefe y consultor especialista en el Servicio de Accidentes y Urgencias del Hospital Connaught, ex-vicepresidente del Servicio M\u00e9dico de Sierra Leona (SLAMO), y tambi\u00e9n Coordinador de la Escuela de Enfermeras Mattru. El Doctor Salia muri\u00f3 s\u00fabitamente en el servicio activo a su naci\u00f3n. \u00c9l se ha ido, pero no se le olvidar\u00e1. Su contribuci\u00f3n, incluso en esos pocos a\u00f1os, ha dejado una importante huella en nuestro tiempo.<\/p>\n<p>Le sobreviven su esposa, Isatu, sus hijos Maada y Hinwa, y varios parientes. Que su alma descanse en paz.<\/p>\n","protected":false},"excerpt":{"rendered":"<p>Hay historias que te conmueven, que te llenan de sentimiento como ser humano, que te tocan la fibra y te renuevan la confianza en la humanidad. Suelen ser gestos heroicos de personas an\u00f3nimas, como reza &#8230; <a href=\"https:\/\/vincentians.com\/es\/doctor-martin-salia-el-heroe-discreto\/\" class=\"more-link\">Read More<\/a><\/p>\n","protected":false},"author":4,"featured_media":136497,"comment_status":"open","ping_status":"open","sticky":false,"template":"","format":"standard","meta":{"rs_blank_template":"","rs_page_bg_color":"","slide_template_v7":"","_jetpack_newsletter_access":"","_jetpack_dont_email_post_to_subs":false,"_jetpack_newsletter_tier_id":0,"_jetpack_memberships_contains_paywalled_content":false,"_jetpack_feature_clip_id":0,"_jetpack_memberships_contains_paid_content":false,"footnotes":"","jetpack_publicize_message":"","jetpack_publicize_feature_enabled":true,"jetpack_social_post_already_shared":true,"jetpack_social_options":{"image_generator_settings":{"template":"highway","default_image_id":0,"font":"","enabled":false},"version":2},"jetpack_post_was_ever_published":false},"categories":[210],"tags":[],"class_list":["post-136391","post","type-post","status-publish","format-standard","has-post-thumbnail","hentry","category-testigos-vicencianos"],"yoast_head":"<!-- This site is optimized with the Yoast SEO plugin v27.9 - https:\/\/yoast.com\/product\/yoast-seo-wordpress\/ -->\n<title>Doctor Martin Salia, el h\u00e9roe discreto - Somos Vicencianos<\/title>\n<meta name=\"robots\" content=\"index, follow, max-snippet:-1, max-image-preview:large, max-video-preview:-1\" \/>\n<link rel=\"canonical\" href=\"https:\/\/vincentians.com\/es\/doctor-martin-salia-el-heroe-discreto\/\" \/>\n<meta property=\"og:locale\" content=\"es_ES\" \/>\n<meta property=\"og:type\" content=\"article\" \/>\n<meta property=\"og:title\" content=\"Doctor Martin Salia, el h\u00e9roe discreto - Somos Vicencianos\" \/>\n<meta property=\"og:description\" content=\"Hay historias que te conmueven, que te llenan de sentimiento como ser humano, que te tocan la fibra y te renuevan la confianza en la humanidad. Suelen ser gestos heroicos de personas an\u00f3nimas, como reza ... Read More\" \/>\n<meta property=\"og:url\" content=\"https:\/\/vincentians.com\/es\/doctor-martin-salia-el-heroe-discreto\/\" \/>\n<meta property=\"og:site_name\" content=\"Somos Vicencianos\" \/>\n<meta property=\"article:publisher\" content=\"https:\/\/www.facebook.com\/WeAreVincentians\/\" \/>\n<meta property=\"article:author\" content=\"https:\/\/www.facebook.com\/JavierChento\" \/>\n<meta property=\"article:published_time\" content=\"2015-01-23T06:17:23+00:00\" \/>\n<meta name=\"author\" content=\"Francisco Javier Fern\u00e1ndez Chento\" \/>\n<meta name=\"twitter:card\" content=\"summary_large_image\" \/>\n<meta name=\"twitter:creator\" content=\"@https:\/\/twitter.com\/javierchento\" \/>\n<meta name=\"twitter:site\" content=\"@WeVincentians\" \/>\n<meta name=\"twitter:label1\" content=\"Escrito por\" \/>\n\t<meta name=\"twitter:data1\" content=\"Francisco Javier Fern\u00e1ndez Chento\" \/>\n\t<meta name=\"twitter:label2\" content=\"Tiempo de lectura\" \/>\n\t<meta name=\"twitter:data2\" content=\"3 minutos\" \/>\n<script type=\"application\/ld+json\" class=\"yoast-schema-graph\">{\"@context\":\"https:\\\/\\\/schema.org\",\"@graph\":[{\"@type\":\"Article\",\"@id\":\"https:\\\/\\\/vincentians.com\\\/es\\\/doctor-martin-salia-el-heroe-discreto\\\/#article\",\"isPartOf\":{\"@id\":\"https:\\\/\\\/vincentians.com\\\/es\\\/doctor-martin-salia-el-heroe-discreto\\\/\"},\"author\":{\"name\":\"Francisco Javier Fern\u00e1ndez Chento\",\"@id\":\"https:\\\/\\\/vincentians.com\\\/es\\\/#\\\/schema\\\/person\\\/9623ef4d9aa3b2dfb8c061f1499288f2\"},\"headline\":\"Doctor Martin Salia, el h\u00e9roe discreto\",\"datePublished\":\"2015-01-23T06:17:23+00:00\",\"mainEntityOfPage\":{\"@id\":\"https:\\\/\\\/vincentians.com\\\/es\\\/doctor-martin-salia-el-heroe-discreto\\\/\"},\"wordCount\":607,\"commentCount\":0,\"publisher\":{\"@id\":\"https:\\\/\\\/vincentians.com\\\/es\\\/#organization\"},\"image\":{\"@id\":\"https:\\\/\\\/vincentians.com\\\/es\\\/doctor-martin-salia-el-heroe-discreto\\\/#primaryimage\"},\"thumbnailUrl\":\"\",\"articleSection\":[\"Testigos vicencianos\"],\"inLanguage\":\"es\",\"potentialAction\":[{\"@type\":\"CommentAction\",\"name\":\"Comment\",\"target\":[\"https:\\\/\\\/vincentians.com\\\/es\\\/doctor-martin-salia-el-heroe-discreto\\\/#respond\"]}]},{\"@type\":\"WebPage\",\"@id\":\"https:\\\/\\\/vincentians.com\\\/es\\\/doctor-martin-salia-el-heroe-discreto\\\/\",\"url\":\"https:\\\/\\\/vincentians.com\\\/es\\\/doctor-martin-salia-el-heroe-discreto\\\/\",\"name\":\"Doctor Martin Salia, el h\u00e9roe discreto - Somos Vicencianos\",\"isPartOf\":{\"@id\":\"https:\\\/\\\/vincentians.com\\\/es\\\/#website\"},\"primaryImageOfPage\":{\"@id\":\"https:\\\/\\\/vincentians.com\\\/es\\\/doctor-martin-salia-el-heroe-discreto\\\/#primaryimage\"},\"image\":{\"@id\":\"https:\\\/\\\/vincentians.com\\\/es\\\/doctor-martin-salia-el-heroe-discreto\\\/#primaryimage\"},\"thumbnailUrl\":\"\",\"datePublished\":\"2015-01-23T06:17:23+00:00\",\"breadcrumb\":{\"@id\":\"https:\\\/\\\/vincentians.com\\\/es\\\/doctor-martin-salia-el-heroe-discreto\\\/#breadcrumb\"},\"inLanguage\":\"es\",\"potentialAction\":[{\"@type\":\"ReadAction\",\"target\":[\"https:\\\/\\\/vincentians.com\\\/es\\\/doctor-martin-salia-el-heroe-discreto\\\/\"]}]},{\"@type\":\"ImageObject\",\"inLanguage\":\"es\",\"@id\":\"https:\\\/\\\/vincentians.com\\\/es\\\/doctor-martin-salia-el-heroe-discreto\\\/#primaryimage\",\"url\":\"\",\"contentUrl\":\"\"},{\"@type\":\"BreadcrumbList\",\"@id\":\"https:\\\/\\\/vincentians.com\\\/es\\\/doctor-martin-salia-el-heroe-discreto\\\/#breadcrumb\",\"itemListElement\":[{\"@type\":\"ListItem\",\"position\":1,\"name\":\"Portada\",\"item\":\"https:\\\/\\\/vincentians.com\\\/es\\\/\"},{\"@type\":\"ListItem\",\"position\":2,\"name\":\"Doctor Martin Salia, el h\u00e9roe discreto\"}]},{\"@type\":\"WebSite\",\"@id\":\"https:\\\/\\\/vincentians.com\\\/es\\\/#website\",\"url\":\"https:\\\/\\\/vincentians.com\\\/es\\\/\",\"name\":\"Somos Vicencianos\",\"description\":\"Know more to serve more\",\"publisher\":{\"@id\":\"https:\\\/\\\/vincentians.com\\\/es\\\/#organization\"},\"potentialAction\":[{\"@type\":\"SearchAction\",\"target\":{\"@type\":\"EntryPoint\",\"urlTemplate\":\"https:\\\/\\\/vincentians.com\\\/es\\\/?s={search_term_string}\"},\"query-input\":{\"@type\":\"PropertyValueSpecification\",\"valueRequired\":true,\"valueName\":\"search_term_string\"}}],\"inLanguage\":\"es\"},{\"@type\":\"Organization\",\"@id\":\"https:\\\/\\\/vincentians.com\\\/es\\\/#organization\",\"name\":\"The Vincentian Network\",\"url\":\"https:\\\/\\\/vincentians.com\\\/es\\\/\",\"logo\":{\"@type\":\"ImageObject\",\"inLanguage\":\"es\",\"@id\":\"https:\\\/\\\/vincentians.com\\\/es\\\/#\\\/schema\\\/logo\\\/image\\\/\",\"url\":\"https:\\\/\\\/i1.wp.com\\\/vincentians.com\\\/es\\\/wp-content\\\/uploads\\\/sites\\\/11\\\/2016\\\/06\\\/Vincentian-Network-logo-big.png?fit=778%2C778\",\"contentUrl\":\"https:\\\/\\\/i1.wp.com\\\/vincentians.com\\\/es\\\/wp-content\\\/uploads\\\/sites\\\/11\\\/2016\\\/06\\\/Vincentian-Network-logo-big.png?fit=778%2C778\",\"width\":778,\"height\":778,\"caption\":\"The Vincentian Network\"},\"image\":{\"@id\":\"https:\\\/\\\/vincentians.com\\\/es\\\/#\\\/schema\\\/logo\\\/image\\\/\"},\"sameAs\":[\"https:\\\/\\\/www.facebook.com\\\/WeAreVincentians\\\/\",\"https:\\\/\\\/x.com\\\/WeVincentians\"]},{\"@type\":\"Person\",\"@id\":\"https:\\\/\\\/vincentians.com\\\/es\\\/#\\\/schema\\\/person\\\/9623ef4d9aa3b2dfb8c061f1499288f2\",\"name\":\"Francisco Javier Fern\u00e1ndez Chento\",\"image\":{\"@type\":\"ImageObject\",\"inLanguage\":\"es\",\"@id\":\"https:\\\/\\\/secure.gravatar.com\\\/avatar\\\/497d5cde87b4c3d097d0315953521681ba2cd523ee66e5077c3711f7021e65de?s=96&d=mm&r=g\",\"url\":\"https:\\\/\\\/secure.gravatar.com\\\/avatar\\\/497d5cde87b4c3d097d0315953521681ba2cd523ee66e5077c3711f7021e65de?s=96&d=mm&r=g\",\"contentUrl\":\"https:\\\/\\\/secure.gravatar.com\\\/avatar\\\/497d5cde87b4c3d097d0315953521681ba2cd523ee66e5077c3711f7021e65de?s=96&d=mm&r=g\",\"caption\":\"Francisco Javier Fern\u00e1ndez Chento\"},\"description\":\"Director General y cofundador de La Red de Formaci\u00f3n Vicenciana. Javier es laico vicenciano, afiliado a la Congregaci\u00f3n de la Misi\u00f3n y miembro del Equipo de Misiones Populares de la provincia can\u00f3nica de Zaragoza (Espa\u00f1a) de la Congregaci\u00f3n de la Misi\u00f3n. Graduado en la Universidad Oberta de Catalunya con cuatro grados (Asistente de direcci\u00f3n, Gesti\u00f3n Administrativa, Recursos Humanos y Contabilidad Avanzada). Bil\u00edng\u00fce Espa\u00f1ol\\\/Ingl\u00e9s. gestiona y mantiene varias p\u00e1ginas web cristianas y vicencianas, incluida including La Red de Formaci\u00f3n Vicenciana, de la que es cofundador. Actualmente es responsable del \u00e1rea de Espa\u00f1ol de .famvin, la Red de Noticias de la Familia Vicenciana. Tambi\u00e9n es m\u00fasico cat\u00f3lico y ha editado varios discos. Es Director General y cofundador de Trovador, una reconocida compa\u00f1\u00eda discogr\u00e1fica critiana de Espa\u00f1a. Trabaja en las Tecnolog\u00edas de la Informaci\u00f3n, ofreciendo servicios de alojamiento, dise\u00f1o y mantenimiento Web, as\u00ed como asesoramiento, formaci\u00f3n y soluciones inform\u00e1ticas, gesti\u00f3n documental y digitalizaci\u00f3n de textos, edici\u00f3n y maquetaci\u00f3n de libros, revistas, flyers, etc.\",\"sameAs\":[\"http:\\\/\\\/chento.org\",\"https:\\\/\\\/www.facebook.com\\\/JavierChento\",\"https:\\\/\\\/x.com\\\/https:\\\/\\\/twitter.com\\\/javierchento\"],\"url\":\"https:\\\/\\\/vincentians.com\\\/es\\\/author\\\/chento\\\/\"}]}<\/script>\n<!-- \/ Yoast SEO plugin. -->","yoast_head_json":{"title":"Doctor Martin Salia, el h\u00e9roe discreto - Somos Vicencianos","robots":{"index":"index","follow":"follow","max-snippet":"max-snippet:-1","max-image-preview":"max-image-preview:large","max-video-preview":"max-video-preview:-1"},"canonical":"https:\/\/vincentians.com\/es\/doctor-martin-salia-el-heroe-discreto\/","og_locale":"es_ES","og_type":"article","og_title":"Doctor Martin Salia, el h\u00e9roe discreto - Somos Vicencianos","og_description":"Hay historias que te conmueven, que te llenan de sentimiento como ser humano, que te tocan la fibra y te renuevan la confianza en la humanidad. Suelen ser gestos heroicos de personas an\u00f3nimas, como reza ... Read More","og_url":"https:\/\/vincentians.com\/es\/doctor-martin-salia-el-heroe-discreto\/","og_site_name":"Somos Vicencianos","article_publisher":"https:\/\/www.facebook.com\/WeAreVincentians\/","article_author":"https:\/\/www.facebook.com\/JavierChento","article_published_time":"2015-01-23T06:17:23+00:00","author":"Francisco Javier Fern\u00e1ndez Chento","twitter_card":"summary_large_image","twitter_creator":"@https:\/\/twitter.com\/javierchento","twitter_site":"@WeVincentians","twitter_misc":{"Escrito por":"Francisco Javier Fern\u00e1ndez Chento","Tiempo de lectura":"3 minutos"},"schema":{"@context":"https:\/\/schema.org","@graph":[{"@type":"Article","@id":"https:\/\/vincentians.com\/es\/doctor-martin-salia-el-heroe-discreto\/#article","isPartOf":{"@id":"https:\/\/vincentians.com\/es\/doctor-martin-salia-el-heroe-discreto\/"},"author":{"name":"Francisco Javier Fern\u00e1ndez Chento","@id":"https:\/\/vincentians.com\/es\/#\/schema\/person\/9623ef4d9aa3b2dfb8c061f1499288f2"},"headline":"Doctor Martin Salia, el h\u00e9roe discreto","datePublished":"2015-01-23T06:17:23+00:00","mainEntityOfPage":{"@id":"https:\/\/vincentians.com\/es\/doctor-martin-salia-el-heroe-discreto\/"},"wordCount":607,"commentCount":0,"publisher":{"@id":"https:\/\/vincentians.com\/es\/#organization"},"image":{"@id":"https:\/\/vincentians.com\/es\/doctor-martin-salia-el-heroe-discreto\/#primaryimage"},"thumbnailUrl":"","articleSection":["Testigos vicencianos"],"inLanguage":"es","potentialAction":[{"@type":"CommentAction","name":"Comment","target":["https:\/\/vincentians.com\/es\/doctor-martin-salia-el-heroe-discreto\/#respond"]}]},{"@type":"WebPage","@id":"https:\/\/vincentians.com\/es\/doctor-martin-salia-el-heroe-discreto\/","url":"https:\/\/vincentians.com\/es\/doctor-martin-salia-el-heroe-discreto\/","name":"Doctor Martin Salia, el h\u00e9roe discreto - Somos Vicencianos","isPartOf":{"@id":"https:\/\/vincentians.com\/es\/#website"},"primaryImageOfPage":{"@id":"https:\/\/vincentians.com\/es\/doctor-martin-salia-el-heroe-discreto\/#primaryimage"},"image":{"@id":"https:\/\/vincentians.com\/es\/doctor-martin-salia-el-heroe-discreto\/#primaryimage"},"thumbnailUrl":"","datePublished":"2015-01-23T06:17:23+00:00","breadcrumb":{"@id":"https:\/\/vincentians.com\/es\/doctor-martin-salia-el-heroe-discreto\/#breadcrumb"},"inLanguage":"es","potentialAction":[{"@type":"ReadAction","target":["https:\/\/vincentians.com\/es\/doctor-martin-salia-el-heroe-discreto\/"]}]},{"@type":"ImageObject","inLanguage":"es","@id":"https:\/\/vincentians.com\/es\/doctor-martin-salia-el-heroe-discreto\/#primaryimage","url":"","contentUrl":""},{"@type":"BreadcrumbList","@id":"https:\/\/vincentians.com\/es\/doctor-martin-salia-el-heroe-discreto\/#breadcrumb","itemListElement":[{"@type":"ListItem","position":1,"name":"Portada","item":"https:\/\/vincentians.com\/es\/"},{"@type":"ListItem","position":2,"name":"Doctor Martin Salia, el h\u00e9roe discreto"}]},{"@type":"WebSite","@id":"https:\/\/vincentians.com\/es\/#website","url":"https:\/\/vincentians.com\/es\/","name":"Somos Vicencianos","description":"Know more to serve more","publisher":{"@id":"https:\/\/vincentians.com\/es\/#organization"},"potentialAction":[{"@type":"SearchAction","target":{"@type":"EntryPoint","urlTemplate":"https:\/\/vincentians.com\/es\/?s={search_term_string}"},"query-input":{"@type":"PropertyValueSpecification","valueRequired":true,"valueName":"search_term_string"}}],"inLanguage":"es"},{"@type":"Organization","@id":"https:\/\/vincentians.com\/es\/#organization","name":"The Vincentian Network","url":"https:\/\/vincentians.com\/es\/","logo":{"@type":"ImageObject","inLanguage":"es","@id":"https:\/\/vincentians.com\/es\/#\/schema\/logo\/image\/","url":"https:\/\/i1.wp.com\/vincentians.com\/es\/wp-content\/uploads\/sites\/11\/2016\/06\/Vincentian-Network-logo-big.png?fit=778%2C778","contentUrl":"https:\/\/i1.wp.com\/vincentians.com\/es\/wp-content\/uploads\/sites\/11\/2016\/06\/Vincentian-Network-logo-big.png?fit=778%2C778","width":778,"height":778,"caption":"The Vincentian Network"},"image":{"@id":"https:\/\/vincentians.com\/es\/#\/schema\/logo\/image\/"},"sameAs":["https:\/\/www.facebook.com\/WeAreVincentians\/","https:\/\/x.com\/WeVincentians"]},{"@type":"Person","@id":"https:\/\/vincentians.com\/es\/#\/schema\/person\/9623ef4d9aa3b2dfb8c061f1499288f2","name":"Francisco Javier Fern\u00e1ndez Chento","image":{"@type":"ImageObject","inLanguage":"es","@id":"https:\/\/secure.gravatar.com\/avatar\/497d5cde87b4c3d097d0315953521681ba2cd523ee66e5077c3711f7021e65de?s=96&d=mm&r=g","url":"https:\/\/secure.gravatar.com\/avatar\/497d5cde87b4c3d097d0315953521681ba2cd523ee66e5077c3711f7021e65de?s=96&d=mm&r=g","contentUrl":"https:\/\/secure.gravatar.com\/avatar\/497d5cde87b4c3d097d0315953521681ba2cd523ee66e5077c3711f7021e65de?s=96&d=mm&r=g","caption":"Francisco Javier Fern\u00e1ndez Chento"},"description":"Director General y cofundador de La Red de Formaci\u00f3n Vicenciana. Javier es laico vicenciano, afiliado a la Congregaci\u00f3n de la Misi\u00f3n y miembro del Equipo de Misiones Populares de la provincia can\u00f3nica de Zaragoza (Espa\u00f1a) de la Congregaci\u00f3n de la Misi\u00f3n. Graduado en la Universidad Oberta de Catalunya con cuatro grados (Asistente de direcci\u00f3n, Gesti\u00f3n Administrativa, Recursos Humanos y Contabilidad Avanzada). Bil\u00edng\u00fce Espa\u00f1ol\/Ingl\u00e9s. gestiona y mantiene varias p\u00e1ginas web cristianas y vicencianas, incluida including La Red de Formaci\u00f3n Vicenciana, de la que es cofundador. Actualmente es responsable del \u00e1rea de Espa\u00f1ol de .famvin, la Red de Noticias de la Familia Vicenciana. Tambi\u00e9n es m\u00fasico cat\u00f3lico y ha editado varios discos. Es Director General y cofundador de Trovador, una reconocida compa\u00f1\u00eda discogr\u00e1fica critiana de Espa\u00f1a. Trabaja en las Tecnolog\u00edas de la Informaci\u00f3n, ofreciendo servicios de alojamiento, dise\u00f1o y mantenimiento Web, as\u00ed como asesoramiento, formaci\u00f3n y soluciones inform\u00e1ticas, gesti\u00f3n documental y digitalizaci\u00f3n de textos, edici\u00f3n y maquetaci\u00f3n de libros, revistas, flyers, etc.","sameAs":["http:\/\/chento.org","https:\/\/www.facebook.com\/JavierChento","https:\/\/x.com\/https:\/\/twitter.com\/javierchento"],"url":"https:\/\/vincentians.com\/es\/author\/chento\/"}]}},"jetpack_publicize_connections":[],"jetpack_featured_media_url":"","jetpack_sharing_enabled":true,"jetpack_shortlink":"https:\/\/wp.me\/p7ETMF-ztR","jetpack-related-posts":[{"id":144779,"url":"https:\/\/vincentians.com\/es\/en-la-escuela-de-maria-inmaculada-sierva-y-madre\/","url_meta":{"origin":136391,"position":0},"title":"En la escuela de Mar\u00eda Inmaculada, Sierva y Madre","author":"Francisco Javier Fern\u00e1ndez Chento","date":"10\/05\/2015","format":false,"excerpt":"Introducci\u00f3n Una de las 7 \u00faltimas palabras de Jes\u00fas en la Cruz que forman parte de su testamento espiritual, es: \u201cAh\u00ed tienes a tu madre\u201d, una palabra extraordinaria que Jes\u00fas dice al disc\u00edpulo amado, es decir a la Iglesia. Jes\u00fas conf\u00eda la Iglesia a su madre y su madre a\u2026","rel":"","context":"En \u00abVirgen Mar\u00eda\u00bb","block_context":{"text":"Virgen Mar\u00eda","link":"https:\/\/vincentians.com\/es\/category\/espiritualidad\/virgen-maria\/"},"img":{"alt_text":"our-mother-mary-inmaculate","src":"https:\/\/i0.wp.com\/vicencianos.org\/wp-content\/2015\/05\/our-mother-mary-inmaculate-300x216.jpg?resize=350%2C200","width":350,"height":200},"classes":[]},{"id":189396,"url":"https:\/\/vincentians.com\/es\/enciclica-laudato-si-07-y-final\/","url_meta":{"origin":136391,"position":1},"title":"Enc\u00edclica \u00abLaudato Si\u00bb 07 y final","author":"Francisco Javier Fern\u00e1ndez Chento","date":"26\/06\/2015","format":false,"excerpt":"Cap\u00edtulo sexto: Educaci\u00f3n y Espiritualidad ecol\u00f3gica 202. Muchas cosas tienen que reorientar su rumbo, pero ante todo la humanidad necesita cambiar. Hace falta la conciencia de un origen com\u00fan, de una pertenencia mutua y de un futuro compartido por todos. Esta conciencia b\u00e1sica permitir\u00eda el desarrollo de nuevas convicciones, actitudes\u2026","rel":"","context":"En \u00abDocumentos Pontificios\u00bb","block_context":{"text":"Documentos Pontificios","link":"https:\/\/vincentians.com\/es\/category\/formacion-cristiana\/documentos-pontificios\/"},"img":{"alt_text":"laudato si","src":"https:\/\/i0.wp.com\/vicencianos.org\/wp-content\/2015\/06\/laudato-si1-1024x773.jpg?resize=350%2C200","width":350,"height":200,"srcset":"https:\/\/i0.wp.com\/vicencianos.org\/wp-content\/2015\/06\/laudato-si1-1024x773.jpg?resize=350%2C200 1x, https:\/\/i0.wp.com\/vicencianos.org\/wp-content\/2015\/06\/laudato-si1-1024x773.jpg?resize=525%2C300 1.5x, https:\/\/i0.wp.com\/vicencianos.org\/wp-content\/2015\/06\/laudato-si1-1024x773.jpg?resize=700%2C400 2x"},"classes":[]},{"id":120721,"url":"https:\/\/vincentians.com\/es\/el-amor-centro-de-la-vida-cristiana\/","url_meta":{"origin":136391,"position":2},"title":"El amor, centro de la vida cristiana","author":"Francisco Javier Fern\u00e1ndez Chento","date":"01\/10\/2022","format":false,"excerpt":"Introducci\u00f3n El t\u00edtulo de la siguiente comunicaci\u00f3n es: \"El amor centro de la vida cristiana\", en la Enc\u00edclica \"Deus Charitas est\", de Bene\u00addicto XVI. Decir que es el centro, es decir que no puede despla\u00adzarse de donde est\u00e1 y que influye en todo lo que la persona pien\u00adsa, dice y\u2026","rel":"","context":"En \u00abFormaci\u00f3n Cristiana\u00bb","block_context":{"text":"Formaci\u00f3n Cristiana","link":"https:\/\/vincentians.com\/es\/category\/formacion-cristiana\/"},"img":{"alt_text":"","src":"https:\/\/i0.wp.com\/vincentians.com\/es\/wp-content\/uploads\/sites\/11\/2013\/05\/d.jpg?fit=1200%2C799&ssl=1&resize=350%2C200","width":350,"height":200,"srcset":"https:\/\/i0.wp.com\/vincentians.com\/es\/wp-content\/uploads\/sites\/11\/2013\/05\/d.jpg?fit=1200%2C799&ssl=1&resize=350%2C200 1x, https:\/\/i0.wp.com\/vincentians.com\/es\/wp-content\/uploads\/sites\/11\/2013\/05\/d.jpg?fit=1200%2C799&ssl=1&resize=525%2C300 1.5x, https:\/\/i0.wp.com\/vincentians.com\/es\/wp-content\/uploads\/sites\/11\/2013\/05\/d.jpg?fit=1200%2C799&ssl=1&resize=700%2C400 2x, https:\/\/i0.wp.com\/vincentians.com\/es\/wp-content\/uploads\/sites\/11\/2013\/05\/d.jpg?fit=1200%2C799&ssl=1&resize=1050%2C600 3x"},"classes":[]},{"id":119429,"url":"https:\/\/vincentians.com\/es\/cantar-el-magnificat-con-maria\/","url_meta":{"origin":136391,"position":3},"title":"Cantar el Magn\u00edficat con Mar\u00eda","author":"Francisco Javier Fern\u00e1ndez Chento","date":"09\/04\/2013","format":false,"excerpt":"Introducci\u00f3n \"El Magn\u00edficat es un c\u00e1ntico de la Escritura que canta un poema de vida y de acci\u00f3n. Es c\u00e1ntico, oraci\u00f3n, adoraci\u00f3n, exultaci\u00f3n y entusiasmo, acci\u00f3n de gracias, canto de victoria, la de Dios en Jesucristo. Grito de la fe, est\u00e1 impregnado de teolog\u00eda, es meditaci\u00f3n inagotable, es oraci\u00f3n\u2026 En\u2026","rel":"","context":"En \u00abFormaci\u00f3n Cristiana\u00bb","block_context":{"text":"Formaci\u00f3n Cristiana","link":"https:\/\/vincentians.com\/es\/category\/formacion-cristiana\/"},"img":{"alt_text":"Magnificat","src":"https:\/\/i0.wp.com\/vicencianos.org\/wp-content\/2013\/04\/Magnificat-244x300.jpg?resize=350%2C200","width":350,"height":200},"classes":[]},{"id":34966,"url":"https:\/\/vincentians.com\/es\/introduccion-a-la-vida-devota-tercera-parte-capitulo-20\/","url_meta":{"origin":136391,"position":4},"title":"Introducci\u00f3n a la vida devota. Tercera parte, cap\u00edtulo 20","author":"Francisco Javier Fern\u00e1ndez Chento","date":"06\/06\/2011","format":false,"excerpt":"CAP\u00cdTULO XX DE LA DIFERENCIA ENTRE LA AMISTAD VERDADERA Y LAS AMISTADES FALSAS He aqu\u00ed, pues, la gran advertencia, Filotea. La miel de Heraelea, que es tan venenosa, es parecida a la otra ' que es tan saludable: es un gran peligro tomar la una por la otra, o tomarlas\u2026","rel":"","context":"En \u00abEscritos de Francisco de Sales\u00bb","block_context":{"text":"Escritos de Francisco de Sales","link":"https:\/\/vincentians.com\/es\/category\/escritos\/escritos-de-francisco-de-sales\/"},"img":{"alt_text":"","src":"https:\/\/i0.wp.com\/vincentians.com\/es\/wp-content\/uploads\/sites\/11\/2016\/08\/escritos-francisco-de-sales.jpg?fit=1200%2C630&ssl=1&resize=350%2C200","width":350,"height":200,"srcset":"https:\/\/i0.wp.com\/vincentians.com\/es\/wp-content\/uploads\/sites\/11\/2016\/08\/escritos-francisco-de-sales.jpg?fit=1200%2C630&ssl=1&resize=350%2C200 1x, https:\/\/i0.wp.com\/vincentians.com\/es\/wp-content\/uploads\/sites\/11\/2016\/08\/escritos-francisco-de-sales.jpg?fit=1200%2C630&ssl=1&resize=525%2C300 1.5x, https:\/\/i0.wp.com\/vincentians.com\/es\/wp-content\/uploads\/sites\/11\/2016\/08\/escritos-francisco-de-sales.jpg?fit=1200%2C630&ssl=1&resize=700%2C400 2x, https:\/\/i0.wp.com\/vincentians.com\/es\/wp-content\/uploads\/sites\/11\/2016\/08\/escritos-francisco-de-sales.jpg?fit=1200%2C630&ssl=1&resize=1050%2C600 3x"},"classes":[]},{"id":130261,"url":"https:\/\/vincentians.com\/es\/un-perfil-heroico-santa-luisa-de-marillac-07\/","url_meta":{"origin":136391,"position":5},"title":"Un perfil heroico: santa Luisa de Marillac (07)","author":"Francisco Javier Fern\u00e1ndez Chento","date":"01\/03\/2015","format":false,"excerpt":"BIENAVENTURADO aquel que piensa en el necesitado y en el pobre: el Se\u00f1or le librar\u00e1 en el d\u00eda aciago. (Salmo XL.) DURANTE el ejercicio de su curato en Chatillon-les-Dombes San Vicente de Pa\u00fal, celoso del bien de sus feligreses, tuvo noticia de la miseria en que se hallaba una familia\u2026","rel":"","context":"En \u00abLuisa de Marillac\u00bb","block_context":{"text":"Luisa de Marillac","link":"https:\/\/vincentians.com\/es\/category\/la-familia-vicenciana\/fundadores\/luisa-de-marillac\/"},"img":{"alt_text":"OLYMPUS DIGITAL CAMERA","src":"https:\/\/i0.wp.com\/vicencianos.org\/wp-content\/2014\/04\/louise-marillac-300x248.jpg?resize=350%2C200","width":350,"height":200},"classes":[]}],"_links":{"self":[{"href":"https:\/\/vincentians.com\/es\/wp-json\/wp\/v2\/posts\/136391","targetHints":{"allow":["GET"]}}],"collection":[{"href":"https:\/\/vincentians.com\/es\/wp-json\/wp\/v2\/posts"}],"about":[{"href":"https:\/\/vincentians.com\/es\/wp-json\/wp\/v2\/types\/post"}],"author":[{"embeddable":true,"href":"https:\/\/vincentians.com\/es\/wp-json\/wp\/v2\/users\/4"}],"replies":[{"embeddable":true,"href":"https:\/\/vincentians.com\/es\/wp-json\/wp\/v2\/comments?post=136391"}],"version-history":[{"count":0,"href":"https:\/\/vincentians.com\/es\/wp-json\/wp\/v2\/posts\/136391\/revisions"}],"wp:attachment":[{"href":"https:\/\/vincentians.com\/es\/wp-json\/wp\/v2\/media?parent=136391"}],"wp:term":[{"taxonomy":"category","embeddable":true,"href":"https:\/\/vincentians.com\/es\/wp-json\/wp\/v2\/categories?post=136391"},{"taxonomy":"post_tag","embeddable":true,"href":"https:\/\/vincentians.com\/es\/wp-json\/wp\/v2\/tags?post=136391"}],"curies":[{"name":"wp","href":"https:\/\/api.w.org\/{rel}","templated":true}]}}