{"id":135826,"date":"2010-12-11T07:22:06","date_gmt":"2010-12-11T06:22:06","guid":{"rendered":"http:\/\/somos.vicencianos.org\/comentarios\/2010\/12\/11\/ciclo-a-domingo-3%c2%ba-de-adviento-reflexion-de-julio-cesar-villalobos-c-m\/"},"modified":"2016-07-24T10:22:20","modified_gmt":"2016-07-24T08:22:20","slug":"ciclo-a-domingo-3%c2%ba-de-adviento-reflexion-de-julio-cesar-villalobos-c-m","status":"publish","type":"post","link":"https:\/\/vincentians.com\/es\/ciclo-a-domingo-3%c2%ba-de-adviento-reflexion-de-julio-cesar-villalobos-c-m\/","title":{"rendered":"Ciclo A, Domingo 3\u00ba de Adviento (reflexi\u00f3n de Julio C\u00e9sar Villalobos, C.M.)"},"content":{"rendered":"<p>Una vez, cuenta una historia, un sacerdote  organiz\u00f3  una misi\u00f3n en su parroquia. La misi\u00f3n consist\u00eda en llevar a cada casa   un peque\u00f1o papel que en un lado dec\u00eda: \u201cHno(a) DIOS TE AMA\u201d y en el otro  lado  del papel figuraba los servicios que ofrec\u00eda dicha parroquia. Era  de noche, y  faltaban pocos d\u00edas para que llegue navidad. Empez\u00f3 a  llover. El sacerdote  suspendi\u00f3 moment\u00e1neamente la misi\u00f3n. Un ni\u00f1o de 12  a\u00f1os se qued\u00f3 preocupado,  sent\u00eda en su coraz\u00f3n salir, a pesar del  clima en contra. Despu\u00e9s de tantos  intentos y teniendo el permiso de  sus padres, el ni\u00f1o sali\u00f3. Tocaba cada  puerta, su alegr\u00eda fue muy  grande porque todos le abr\u00edan la puerta. Le quedaba  solo un papel; para  esto el resto de misioneros se animaron a salir. Visitando  la \u00faltima  casa, el ni\u00f1o se cansaba de tocar la puerta y nadie abr\u00eda. Cuando  hizo  el adem\u00e1n de retirarse triste, de pronto sinti\u00f3 en su coraz\u00f3n tocar por   \u201c\u00faltima vez esa puerta\u201d. Una Sra baj\u00f3 furiosa del 2do piso de su casa a  querer  violentar a la persona \u201cque le hab\u00eda quitado su paz\u201d. El ni\u00f1o  le qued\u00f3 mirando  por unos segundos tiernamente, y luego le dijo: \u201cSra  Dios le ama\u201d.<\/p>\n<p>Al d\u00eda siguiente en la misa por la noche   que le tocaba celebrar al p\u00e1rroco de ese pueblo. Anim\u00f3 a sus fieles para  que  compartan que hab\u00eda sucedido en ellos al tener la visita de los  misioneros. Y  esta se\u00f1ora se levant\u00f3 y tomando la palabra dijo: \u201cYo me  dispon\u00eda a colocar una  soga fuerte en el viga de madera del 2do piso de  mi casa y me lo estaba  colocando en mi cuello porque quer\u00eda  suicidarme, y este ni\u00f1o que ven aqu\u00ed en la  1ra fila de esta banca, s\u00f3lo  me mir\u00f3 y fue suficiente. Dios me salv\u00f3 la vida.<\/p>\n<p>Quiz\u00e1s nos podemos identificar con esta   historia, pero \u00bfsabes?, hay un pedido que Isa\u00edas hace para esta semana  de  adviento: \u201cFortalezcan las manos d\u00e9biles, robustezcan las rodillas   vacilantes\u2026no teman\u201d (35,1-10). La llegada del Mes\u00edas comporta gozo,  esperanza,  alegr\u00eda, ganas de vivir, por eso es que termina esta 1ra  lectura diciendo:  \u201cpena y aflicci\u00f3n se alejar\u00e1n\u201d.<\/p>\n<p>Nada ni nadie nos tiene que apartar del   Amor de nuestro buen Dios (cf.Rom.8, 35). La llegada del Mes\u00edas,  tambi\u00e9n,  provoca salud: \u201clos ciegos ven, los cojos andan; los leprosos  quedan limpios\u2026a  los pobres se le anuncia el evangelio\u201d (Mt.11,2-11).  Este tiempo de adviento,  que sigue siendo un tiempo fuerte de gracia y  de conversi\u00f3n, no est\u00e1 lejos de  tener un matiz misionero: anunciar a  Jes\u00fas, es siempre la tarea de la Iglesia. \u00a0Y el mismo anuncio  kerigm\u00e1tico, har\u00e1 que mucha  gente vuelva su mirada al coraz\u00f3n de Dios y  de la Iglesia.<\/p>\n<p>No hay ni habr\u00e1 motivo para la tristeza.   Prohibido estar tristes. Escribe el coro de un villancico navide\u00f1o:  \u201cDios est\u00e1  contigo, porque se hizo hombre; Dios es un amigo, Dios es  uno m\u00e1s. Alegra esa  cara y canta conmigo: Feliz nochebuena, feliz  navidad\u201d.<\/p>\n","protected":false},"excerpt":{"rendered":"<p>Una vez, cuenta una historia, un sacerdote organiz\u00f3 una misi\u00f3n en su parroquia. La misi\u00f3n consist\u00eda en llevar a cada casa un peque\u00f1o papel que en un lado dec\u00eda: \u201cHno(a) DIOS TE AMA\u201d y en &#8230; <a href=\"https:\/\/vincentians.com\/es\/ciclo-a-domingo-3%c2%ba-de-adviento-reflexion-de-julio-cesar-villalobos-c-m\/\" class=\"more-link\">Read More<\/a><\/p>\n","protected":false},"author":4,"featured_media":5,"comment_status":"open","ping_status":"open","sticky":false,"template":"","format":"standard","meta":{"jetpack_post_was_ever_published":false,"_jetpack_newsletter_access":"","_jetpack_dont_email_post_to_subs":false,"_jetpack_newsletter_tier_id":0,"_jetpack_memberships_contains_paywalled_content":false,"_jetpack_memberships_contains_paid_content":false,"footnotes":"","jetpack_publicize_message":"","jetpack_publicize_feature_enabled":true,"jetpack_social_post_already_shared":true,"jetpack_social_options":{"image_generator_settings":{"template":"highway","default_image_id":0,"font":"","enabled":false},"version":2}},"categories":[95],"tags":[],"class_list":["post-135826","post","type-post","status-publish","format-standard","has-post-thumbnail","hentry","category-homilias-y-reflexiones-ano-a"],"yoast_head":"<!-- This site is optimized with the Yoast SEO plugin v26.3 - https:\/\/yoast.com\/wordpress\/plugins\/seo\/ -->\n<title>Ciclo A, Domingo 3\u00ba de Adviento (reflexi\u00f3n de Julio C\u00e9sar Villalobos, C.M.) - Somos Vicencianos<\/title>\n<meta name=\"robots\" content=\"index, follow, max-snippet:-1, max-image-preview:large, max-video-preview:-1\" \/>\n<link rel=\"canonical\" href=\"https:\/\/vincentians.com\/es\/ciclo-a-domingo-3\u00ba-de-adviento-reflexion-de-julio-cesar-villalobos-c-m\/\" \/>\n<meta property=\"og:locale\" content=\"es_ES\" \/>\n<meta property=\"og:type\" content=\"article\" \/>\n<meta property=\"og:title\" content=\"Ciclo A, Domingo 3\u00ba de Adviento (reflexi\u00f3n de Julio C\u00e9sar Villalobos, C.M.) - Somos Vicencianos\" \/>\n<meta property=\"og:description\" content=\"Una vez, cuenta una historia, un sacerdote organiz\u00f3 una misi\u00f3n en su parroquia. La misi\u00f3n consist\u00eda en llevar a cada casa un peque\u00f1o papel que en un lado dec\u00eda: \u201cHno(a) DIOS TE AMA\u201d y en ... Read More\" \/>\n<meta property=\"og:url\" content=\"https:\/\/vincentians.com\/es\/ciclo-a-domingo-3\u00ba-de-adviento-reflexion-de-julio-cesar-villalobos-c-m\/\" \/>\n<meta property=\"og:site_name\" content=\"Somos Vicencianos\" \/>\n<meta property=\"article:publisher\" content=\"https:\/\/www.facebook.com\/WeAreVincentians\/\" \/>\n<meta property=\"article:author\" content=\"https:\/\/www.facebook.com\/JavierChento\" \/>\n<meta property=\"article:published_time\" content=\"2010-12-11T06:22:06+00:00\" \/>\n<meta property=\"article:modified_time\" content=\"2016-07-24T08:22:20+00:00\" \/>\n<meta property=\"og:image\" content=\"https:\/\/i0.wp.com\/vincentians.com\/es\/wp-content\/uploads\/sites\/11\/2016\/06\/president-signature.png?fit=236%2C64&ssl=1\" \/>\n\t<meta property=\"og:image:width\" content=\"236\" \/>\n\t<meta property=\"og:image:height\" content=\"64\" \/>\n\t<meta property=\"og:image:type\" content=\"image\/png\" \/>\n<meta name=\"author\" content=\"Francisco Javier Fern\u00e1ndez Chento\" \/>\n<meta name=\"twitter:card\" content=\"summary_large_image\" \/>\n<meta name=\"twitter:creator\" content=\"@https:\/\/twitter.com\/javierchento\" \/>\n<meta name=\"twitter:site\" content=\"@WeVincentians\" \/>\n<meta name=\"twitter:label1\" content=\"Escrito por\" \/>\n\t<meta name=\"twitter:data1\" content=\"Francisco Javier Fern\u00e1ndez Chento\" \/>\n\t<meta name=\"twitter:label2\" content=\"Tiempo de lectura\" \/>\n\t<meta name=\"twitter:data2\" content=\"3 minutos\" \/>\n<script type=\"application\/ld+json\" class=\"yoast-schema-graph\">{\"@context\":\"https:\/\/schema.org\",\"@graph\":[{\"@type\":\"Article\",\"@id\":\"https:\/\/vincentians.com\/es\/ciclo-a-domingo-3%c2%ba-de-adviento-reflexion-de-julio-cesar-villalobos-c-m\/#article\",\"isPartOf\":{\"@id\":\"https:\/\/vincentians.com\/es\/ciclo-a-domingo-3%c2%ba-de-adviento-reflexion-de-julio-cesar-villalobos-c-m\/\"},\"author\":{\"name\":\"Francisco Javier Fern\u00e1ndez Chento\",\"@id\":\"http:\/\/vincentians.com\/es\/#\/schema\/person\/9623ef4d9aa3b2dfb8c061f1499288f2\"},\"headline\":\"Ciclo A, Domingo 3\u00ba de Adviento (reflexi\u00f3n de Julio C\u00e9sar Villalobos, C.M.)\",\"datePublished\":\"2010-12-11T06:22:06+00:00\",\"dateModified\":\"2016-07-24T08:22:20+00:00\",\"mainEntityOfPage\":{\"@id\":\"https:\/\/vincentians.com\/es\/ciclo-a-domingo-3%c2%ba-de-adviento-reflexion-de-julio-cesar-villalobos-c-m\/\"},\"wordCount\":557,\"commentCount\":0,\"publisher\":{\"@id\":\"http:\/\/vincentians.com\/es\/#organization\"},\"image\":{\"@id\":\"https:\/\/vincentians.com\/es\/ciclo-a-domingo-3%c2%ba-de-adviento-reflexion-de-julio-cesar-villalobos-c-m\/#primaryimage\"},\"thumbnailUrl\":\"https:\/\/i0.wp.com\/vincentians.com\/es\/wp-content\/uploads\/sites\/11\/2016\/06\/president-signature.png?fit=236%2C64&ssl=1\",\"articleSection\":[\"Homil\u00edas y reflexiones, A\u00f1o A\"],\"inLanguage\":\"es\",\"potentialAction\":[{\"@type\":\"CommentAction\",\"name\":\"Comment\",\"target\":[\"https:\/\/vincentians.com\/es\/ciclo-a-domingo-3%c2%ba-de-adviento-reflexion-de-julio-cesar-villalobos-c-m\/#respond\"]}]},{\"@type\":\"WebPage\",\"@id\":\"https:\/\/vincentians.com\/es\/ciclo-a-domingo-3%c2%ba-de-adviento-reflexion-de-julio-cesar-villalobos-c-m\/\",\"url\":\"https:\/\/vincentians.com\/es\/ciclo-a-domingo-3%c2%ba-de-adviento-reflexion-de-julio-cesar-villalobos-c-m\/\",\"name\":\"Ciclo A, Domingo 3\u00ba de Adviento (reflexi\u00f3n de Julio C\u00e9sar Villalobos, C.M.) - Somos Vicencianos\",\"isPartOf\":{\"@id\":\"http:\/\/vincentians.com\/es\/#website\"},\"primaryImageOfPage\":{\"@id\":\"https:\/\/vincentians.com\/es\/ciclo-a-domingo-3%c2%ba-de-adviento-reflexion-de-julio-cesar-villalobos-c-m\/#primaryimage\"},\"image\":{\"@id\":\"https:\/\/vincentians.com\/es\/ciclo-a-domingo-3%c2%ba-de-adviento-reflexion-de-julio-cesar-villalobos-c-m\/#primaryimage\"},\"thumbnailUrl\":\"https:\/\/i0.wp.com\/vincentians.com\/es\/wp-content\/uploads\/sites\/11\/2016\/06\/president-signature.png?fit=236%2C64&ssl=1\",\"datePublished\":\"2010-12-11T06:22:06+00:00\",\"dateModified\":\"2016-07-24T08:22:20+00:00\",\"breadcrumb\":{\"@id\":\"https:\/\/vincentians.com\/es\/ciclo-a-domingo-3%c2%ba-de-adviento-reflexion-de-julio-cesar-villalobos-c-m\/#breadcrumb\"},\"inLanguage\":\"es\",\"potentialAction\":[{\"@type\":\"ReadAction\",\"target\":[\"https:\/\/vincentians.com\/es\/ciclo-a-domingo-3%c2%ba-de-adviento-reflexion-de-julio-cesar-villalobos-c-m\/\"]}]},{\"@type\":\"ImageObject\",\"inLanguage\":\"es\",\"@id\":\"https:\/\/vincentians.com\/es\/ciclo-a-domingo-3%c2%ba-de-adviento-reflexion-de-julio-cesar-villalobos-c-m\/#primaryimage\",\"url\":\"https:\/\/i0.wp.com\/vincentians.com\/es\/wp-content\/uploads\/sites\/11\/2016\/06\/president-signature.png?fit=236%2C64&ssl=1\",\"contentUrl\":\"https:\/\/i0.wp.com\/vincentians.com\/es\/wp-content\/uploads\/sites\/11\/2016\/06\/president-signature.png?fit=236%2C64&ssl=1\",\"width\":236,\"height\":64},{\"@type\":\"BreadcrumbList\",\"@id\":\"https:\/\/vincentians.com\/es\/ciclo-a-domingo-3%c2%ba-de-adviento-reflexion-de-julio-cesar-villalobos-c-m\/#breadcrumb\",\"itemListElement\":[{\"@type\":\"ListItem\",\"position\":1,\"name\":\"Portada\",\"item\":\"http:\/\/vincentians.com\/es\/\"},{\"@type\":\"ListItem\",\"position\":2,\"name\":\"Ciclo A, Domingo 3\u00ba de Adviento (reflexi\u00f3n de Julio C\u00e9sar Villalobos, C.M.)\"}]},{\"@type\":\"WebSite\",\"@id\":\"http:\/\/vincentians.com\/es\/#website\",\"url\":\"http:\/\/vincentians.com\/es\/\",\"name\":\"Somos Vicencianos\",\"description\":\"Know more to serve more\",\"publisher\":{\"@id\":\"http:\/\/vincentians.com\/es\/#organization\"},\"potentialAction\":[{\"@type\":\"SearchAction\",\"target\":{\"@type\":\"EntryPoint\",\"urlTemplate\":\"http:\/\/vincentians.com\/es\/?s={search_term_string}\"},\"query-input\":{\"@type\":\"PropertyValueSpecification\",\"valueRequired\":true,\"valueName\":\"search_term_string\"}}],\"inLanguage\":\"es\"},{\"@type\":\"Organization\",\"@id\":\"http:\/\/vincentians.com\/es\/#organization\",\"name\":\"The Vincentian Network\",\"url\":\"http:\/\/vincentians.com\/es\/\",\"logo\":{\"@type\":\"ImageObject\",\"inLanguage\":\"es\",\"@id\":\"http:\/\/vincentians.com\/es\/#\/schema\/logo\/image\/\",\"url\":\"https:\/\/i1.wp.com\/vincentians.com\/es\/wp-content\/uploads\/sites\/11\/2016\/06\/Vincentian-Network-logo-big.png?fit=778%2C778\",\"contentUrl\":\"https:\/\/i1.wp.com\/vincentians.com\/es\/wp-content\/uploads\/sites\/11\/2016\/06\/Vincentian-Network-logo-big.png?fit=778%2C778\",\"width\":778,\"height\":778,\"caption\":\"The Vincentian Network\"},\"image\":{\"@id\":\"http:\/\/vincentians.com\/es\/#\/schema\/logo\/image\/\"},\"sameAs\":[\"https:\/\/www.facebook.com\/WeAreVincentians\/\",\"https:\/\/x.com\/WeVincentians\"]},{\"@type\":\"Person\",\"@id\":\"http:\/\/vincentians.com\/es\/#\/schema\/person\/9623ef4d9aa3b2dfb8c061f1499288f2\",\"name\":\"Francisco Javier Fern\u00e1ndez Chento\",\"image\":{\"@type\":\"ImageObject\",\"inLanguage\":\"es\",\"@id\":\"http:\/\/vincentians.com\/es\/#\/schema\/person\/image\/\",\"url\":\"https:\/\/secure.gravatar.com\/avatar\/497d5cde87b4c3d097d0315953521681ba2cd523ee66e5077c3711f7021e65de?s=96&d=mm&r=g\",\"contentUrl\":\"https:\/\/secure.gravatar.com\/avatar\/497d5cde87b4c3d097d0315953521681ba2cd523ee66e5077c3711f7021e65de?s=96&d=mm&r=g\",\"caption\":\"Francisco Javier Fern\u00e1ndez Chento\"},\"description\":\"Director General y cofundador de La Red de Formaci\u00f3n Vicenciana. Javier es laico vicenciano, afiliado a la Congregaci\u00f3n de la Misi\u00f3n y miembro del Equipo de Misiones Populares de la provincia can\u00f3nica de Zaragoza (Espa\u00f1a) de la Congregaci\u00f3n de la Misi\u00f3n. Graduado en la Universidad Oberta de Catalunya con cuatro grados (Asistente de direcci\u00f3n, Gesti\u00f3n Administrativa, Recursos Humanos y Contabilidad Avanzada). Bil\u00edng\u00fce Espa\u00f1ol\/Ingl\u00e9s. gestiona y mantiene varias p\u00e1ginas web cristianas y vicencianas, incluida including La Red de Formaci\u00f3n Vicenciana, de la que es cofundador. Actualmente es responsable del \u00e1rea de Espa\u00f1ol de .famvin, la Red de Noticias de la Familia Vicenciana. Tambi\u00e9n es m\u00fasico cat\u00f3lico y ha editado varios discos. Es Director General y cofundador de Trovador, una reconocida compa\u00f1\u00eda discogr\u00e1fica critiana de Espa\u00f1a. Trabaja en las Tecnolog\u00edas de la Informaci\u00f3n, ofreciendo servicios de alojamiento, dise\u00f1o y mantenimiento Web, as\u00ed como asesoramiento, formaci\u00f3n y soluciones inform\u00e1ticas, gesti\u00f3n documental y digitalizaci\u00f3n de textos, edici\u00f3n y maquetaci\u00f3n de libros, revistas, flyers, etc.\",\"sameAs\":[\"http:\/\/chento.org\",\"https:\/\/www.facebook.com\/JavierChento\",\"https:\/\/x.com\/https:\/\/twitter.com\/javierchento\"],\"url\":\"https:\/\/vincentians.com\/es\/author\/chento\/\"}]}<\/script>\n<!-- \/ Yoast SEO plugin. -->","yoast_head_json":{"title":"Ciclo A, Domingo 3\u00ba de Adviento (reflexi\u00f3n de Julio C\u00e9sar Villalobos, C.M.) - Somos Vicencianos","robots":{"index":"index","follow":"follow","max-snippet":"max-snippet:-1","max-image-preview":"max-image-preview:large","max-video-preview":"max-video-preview:-1"},"canonical":"https:\/\/vincentians.com\/es\/ciclo-a-domingo-3\u00ba-de-adviento-reflexion-de-julio-cesar-villalobos-c-m\/","og_locale":"es_ES","og_type":"article","og_title":"Ciclo A, Domingo 3\u00ba de Adviento (reflexi\u00f3n de Julio C\u00e9sar Villalobos, C.M.) - Somos Vicencianos","og_description":"Una vez, cuenta una historia, un sacerdote organiz\u00f3 una misi\u00f3n en su parroquia. La misi\u00f3n consist\u00eda en llevar a cada casa un peque\u00f1o papel que en un lado dec\u00eda: \u201cHno(a) DIOS TE AMA\u201d y en ... Read More","og_url":"https:\/\/vincentians.com\/es\/ciclo-a-domingo-3\u00ba-de-adviento-reflexion-de-julio-cesar-villalobos-c-m\/","og_site_name":"Somos Vicencianos","article_publisher":"https:\/\/www.facebook.com\/WeAreVincentians\/","article_author":"https:\/\/www.facebook.com\/JavierChento","article_published_time":"2010-12-11T06:22:06+00:00","article_modified_time":"2016-07-24T08:22:20+00:00","og_image":[{"width":236,"height":64,"url":"https:\/\/i0.wp.com\/vincentians.com\/es\/wp-content\/uploads\/sites\/11\/2016\/06\/president-signature.png?fit=236%2C64&ssl=1","type":"image\/png"}],"author":"Francisco Javier Fern\u00e1ndez Chento","twitter_card":"summary_large_image","twitter_creator":"@https:\/\/twitter.com\/javierchento","twitter_site":"@WeVincentians","twitter_misc":{"Escrito por":"Francisco Javier Fern\u00e1ndez Chento","Tiempo de lectura":"3 minutos"},"schema":{"@context":"https:\/\/schema.org","@graph":[{"@type":"Article","@id":"https:\/\/vincentians.com\/es\/ciclo-a-domingo-3%c2%ba-de-adviento-reflexion-de-julio-cesar-villalobos-c-m\/#article","isPartOf":{"@id":"https:\/\/vincentians.com\/es\/ciclo-a-domingo-3%c2%ba-de-adviento-reflexion-de-julio-cesar-villalobos-c-m\/"},"author":{"name":"Francisco Javier Fern\u00e1ndez Chento","@id":"http:\/\/vincentians.com\/es\/#\/schema\/person\/9623ef4d9aa3b2dfb8c061f1499288f2"},"headline":"Ciclo A, Domingo 3\u00ba de Adviento (reflexi\u00f3n de Julio C\u00e9sar Villalobos, C.M.)","datePublished":"2010-12-11T06:22:06+00:00","dateModified":"2016-07-24T08:22:20+00:00","mainEntityOfPage":{"@id":"https:\/\/vincentians.com\/es\/ciclo-a-domingo-3%c2%ba-de-adviento-reflexion-de-julio-cesar-villalobos-c-m\/"},"wordCount":557,"commentCount":0,"publisher":{"@id":"http:\/\/vincentians.com\/es\/#organization"},"image":{"@id":"https:\/\/vincentians.com\/es\/ciclo-a-domingo-3%c2%ba-de-adviento-reflexion-de-julio-cesar-villalobos-c-m\/#primaryimage"},"thumbnailUrl":"https:\/\/i0.wp.com\/vincentians.com\/es\/wp-content\/uploads\/sites\/11\/2016\/06\/president-signature.png?fit=236%2C64&ssl=1","articleSection":["Homil\u00edas y reflexiones, A\u00f1o A"],"inLanguage":"es","potentialAction":[{"@type":"CommentAction","name":"Comment","target":["https:\/\/vincentians.com\/es\/ciclo-a-domingo-3%c2%ba-de-adviento-reflexion-de-julio-cesar-villalobos-c-m\/#respond"]}]},{"@type":"WebPage","@id":"https:\/\/vincentians.com\/es\/ciclo-a-domingo-3%c2%ba-de-adviento-reflexion-de-julio-cesar-villalobos-c-m\/","url":"https:\/\/vincentians.com\/es\/ciclo-a-domingo-3%c2%ba-de-adviento-reflexion-de-julio-cesar-villalobos-c-m\/","name":"Ciclo A, Domingo 3\u00ba de Adviento (reflexi\u00f3n de Julio C\u00e9sar Villalobos, C.M.) - Somos Vicencianos","isPartOf":{"@id":"http:\/\/vincentians.com\/es\/#website"},"primaryImageOfPage":{"@id":"https:\/\/vincentians.com\/es\/ciclo-a-domingo-3%c2%ba-de-adviento-reflexion-de-julio-cesar-villalobos-c-m\/#primaryimage"},"image":{"@id":"https:\/\/vincentians.com\/es\/ciclo-a-domingo-3%c2%ba-de-adviento-reflexion-de-julio-cesar-villalobos-c-m\/#primaryimage"},"thumbnailUrl":"https:\/\/i0.wp.com\/vincentians.com\/es\/wp-content\/uploads\/sites\/11\/2016\/06\/president-signature.png?fit=236%2C64&ssl=1","datePublished":"2010-12-11T06:22:06+00:00","dateModified":"2016-07-24T08:22:20+00:00","breadcrumb":{"@id":"https:\/\/vincentians.com\/es\/ciclo-a-domingo-3%c2%ba-de-adviento-reflexion-de-julio-cesar-villalobos-c-m\/#breadcrumb"},"inLanguage":"es","potentialAction":[{"@type":"ReadAction","target":["https:\/\/vincentians.com\/es\/ciclo-a-domingo-3%c2%ba-de-adviento-reflexion-de-julio-cesar-villalobos-c-m\/"]}]},{"@type":"ImageObject","inLanguage":"es","@id":"https:\/\/vincentians.com\/es\/ciclo-a-domingo-3%c2%ba-de-adviento-reflexion-de-julio-cesar-villalobos-c-m\/#primaryimage","url":"https:\/\/i0.wp.com\/vincentians.com\/es\/wp-content\/uploads\/sites\/11\/2016\/06\/president-signature.png?fit=236%2C64&ssl=1","contentUrl":"https:\/\/i0.wp.com\/vincentians.com\/es\/wp-content\/uploads\/sites\/11\/2016\/06\/president-signature.png?fit=236%2C64&ssl=1","width":236,"height":64},{"@type":"BreadcrumbList","@id":"https:\/\/vincentians.com\/es\/ciclo-a-domingo-3%c2%ba-de-adviento-reflexion-de-julio-cesar-villalobos-c-m\/#breadcrumb","itemListElement":[{"@type":"ListItem","position":1,"name":"Portada","item":"http:\/\/vincentians.com\/es\/"},{"@type":"ListItem","position":2,"name":"Ciclo A, Domingo 3\u00ba de Adviento (reflexi\u00f3n de Julio C\u00e9sar Villalobos, C.M.)"}]},{"@type":"WebSite","@id":"http:\/\/vincentians.com\/es\/#website","url":"http:\/\/vincentians.com\/es\/","name":"Somos Vicencianos","description":"Know more to serve more","publisher":{"@id":"http:\/\/vincentians.com\/es\/#organization"},"potentialAction":[{"@type":"SearchAction","target":{"@type":"EntryPoint","urlTemplate":"http:\/\/vincentians.com\/es\/?s={search_term_string}"},"query-input":{"@type":"PropertyValueSpecification","valueRequired":true,"valueName":"search_term_string"}}],"inLanguage":"es"},{"@type":"Organization","@id":"http:\/\/vincentians.com\/es\/#organization","name":"The Vincentian Network","url":"http:\/\/vincentians.com\/es\/","logo":{"@type":"ImageObject","inLanguage":"es","@id":"http:\/\/vincentians.com\/es\/#\/schema\/logo\/image\/","url":"https:\/\/i1.wp.com\/vincentians.com\/es\/wp-content\/uploads\/sites\/11\/2016\/06\/Vincentian-Network-logo-big.png?fit=778%2C778","contentUrl":"https:\/\/i1.wp.com\/vincentians.com\/es\/wp-content\/uploads\/sites\/11\/2016\/06\/Vincentian-Network-logo-big.png?fit=778%2C778","width":778,"height":778,"caption":"The Vincentian Network"},"image":{"@id":"http:\/\/vincentians.com\/es\/#\/schema\/logo\/image\/"},"sameAs":["https:\/\/www.facebook.com\/WeAreVincentians\/","https:\/\/x.com\/WeVincentians"]},{"@type":"Person","@id":"http:\/\/vincentians.com\/es\/#\/schema\/person\/9623ef4d9aa3b2dfb8c061f1499288f2","name":"Francisco Javier Fern\u00e1ndez Chento","image":{"@type":"ImageObject","inLanguage":"es","@id":"http:\/\/vincentians.com\/es\/#\/schema\/person\/image\/","url":"https:\/\/secure.gravatar.com\/avatar\/497d5cde87b4c3d097d0315953521681ba2cd523ee66e5077c3711f7021e65de?s=96&d=mm&r=g","contentUrl":"https:\/\/secure.gravatar.com\/avatar\/497d5cde87b4c3d097d0315953521681ba2cd523ee66e5077c3711f7021e65de?s=96&d=mm&r=g","caption":"Francisco Javier Fern\u00e1ndez Chento"},"description":"Director General y cofundador de La Red de Formaci\u00f3n Vicenciana. Javier es laico vicenciano, afiliado a la Congregaci\u00f3n de la Misi\u00f3n y miembro del Equipo de Misiones Populares de la provincia can\u00f3nica de Zaragoza (Espa\u00f1a) de la Congregaci\u00f3n de la Misi\u00f3n. Graduado en la Universidad Oberta de Catalunya con cuatro grados (Asistente de direcci\u00f3n, Gesti\u00f3n Administrativa, Recursos Humanos y Contabilidad Avanzada). Bil\u00edng\u00fce Espa\u00f1ol\/Ingl\u00e9s. gestiona y mantiene varias p\u00e1ginas web cristianas y vicencianas, incluida including La Red de Formaci\u00f3n Vicenciana, de la que es cofundador. Actualmente es responsable del \u00e1rea de Espa\u00f1ol de .famvin, la Red de Noticias de la Familia Vicenciana. Tambi\u00e9n es m\u00fasico cat\u00f3lico y ha editado varios discos. Es Director General y cofundador de Trovador, una reconocida compa\u00f1\u00eda discogr\u00e1fica critiana de Espa\u00f1a. Trabaja en las Tecnolog\u00edas de la Informaci\u00f3n, ofreciendo servicios de alojamiento, dise\u00f1o y mantenimiento Web, as\u00ed como asesoramiento, formaci\u00f3n y soluciones inform\u00e1ticas, gesti\u00f3n documental y digitalizaci\u00f3n de textos, edici\u00f3n y maquetaci\u00f3n de libros, revistas, flyers, etc.","sameAs":["http:\/\/chento.org","https:\/\/www.facebook.com\/JavierChento","https:\/\/x.com\/https:\/\/twitter.com\/javierchento"],"url":"https:\/\/vincentians.com\/es\/author\/chento\/"}]}},"jetpack_publicize_connections":[],"jetpack_featured_media_url":"https:\/\/i0.wp.com\/vincentians.com\/es\/wp-content\/uploads\/sites\/11\/2016\/06\/president-signature.png?fit=236%2C64&ssl=1","jetpack_sharing_enabled":true,"jetpack_shortlink":"https:\/\/wp.me\/p7ETMF-zkK","jetpack-related-posts":[{"id":124426,"url":"https:\/\/vincentians.com\/es\/historia-de-los-paules-en-cuba-capitulo-x-b\/","url_meta":{"origin":135826,"position":0},"title":"Historia de los PA\u00daLES en Cuba (Cap\u00edtulo X B)","author":"Mitxel Olabu\u00e9naga","date":"17\/04\/2023","format":false,"excerpt":"2. \"La Obra de las Misiones\" en las Parroquias de San Luis, Baracoa y Guant\u00e1namo. Labor misionera en la leproser\u00eda de San Luis de Jagua. San Luis Otro lugar del oriente cubano donde prosperaron las misiones de la Congregaci\u00f3n de la Misi\u00f3n, fue en el pueblo de San Lu\u00eds. Los\u2026","rel":"","context":"En \u00abHistoria de la Congregaci\u00f3n de la Misi\u00f3n\u00bb","block_context":{"text":"Historia de la Congregaci\u00f3n de la Misi\u00f3n","link":"https:\/\/vincentians.com\/es\/category\/historia-de-la-familia-vicenciana\/historia-de-la-congregacion-de-la-mision\/"},"img":{"alt_text":"","src":"https:\/\/i0.wp.com\/vincentians.com\/es\/wp-content\/uploads\/sites\/11\/2013\/05\/Cuba-Iglesia-de-La-Milagrosa-La-Habana.png?fit=1200%2C919&ssl=1&resize=350%2C200","width":350,"height":200,"srcset":"https:\/\/i0.wp.com\/vincentians.com\/es\/wp-content\/uploads\/sites\/11\/2013\/05\/Cuba-Iglesia-de-La-Milagrosa-La-Habana.png?fit=1200%2C919&ssl=1&resize=350%2C200 1x, https:\/\/i0.wp.com\/vincentians.com\/es\/wp-content\/uploads\/sites\/11\/2013\/05\/Cuba-Iglesia-de-La-Milagrosa-La-Habana.png?fit=1200%2C919&ssl=1&resize=525%2C300 1.5x, https:\/\/i0.wp.com\/vincentians.com\/es\/wp-content\/uploads\/sites\/11\/2013\/05\/Cuba-Iglesia-de-La-Milagrosa-La-Habana.png?fit=1200%2C919&ssl=1&resize=700%2C400 2x, https:\/\/i0.wp.com\/vincentians.com\/es\/wp-content\/uploads\/sites\/11\/2013\/05\/Cuba-Iglesia-de-La-Milagrosa-La-Habana.png?fit=1200%2C919&ssl=1&resize=1050%2C600 3x"},"classes":[]},{"id":130980,"url":"https:\/\/vincentians.com\/es\/puerto-de-sagunto-1944-1945-ii\/","url_meta":{"origin":135826,"position":1},"title":"Puerto de Sagunto (1944-1945) (II)","author":"Mitxel Olabu\u00e9naga","date":"07\/08\/2014","format":false,"excerpt":"Segundo per\u00edodo: 12 mayo-31 diciembre de 1945 El designado para el cargo que dej\u00f3 vacante el se\u00f1or Padr\u00f3s fu el se\u00f1or Angel Salvad\u00f3, reci\u00e9n llegado de nuestra Viceprovinca del Per\u00fa. Su llegada excit\u00f3 no poco la curiosidad de los porte\u00f1os, enterados de la larga estancia y de los trabajos parroquiales\u2026","rel":"","context":"En \u00abHistoria de la Congregaci\u00f3n de la Misi\u00f3n en Espa\u00f1a\u00bb","block_context":{"text":"Historia de la Congregaci\u00f3n de la Misi\u00f3n en Espa\u00f1a","link":"https:\/\/vincentians.com\/es\/category\/historia-de-la-familia-vicenciana\/historia-de-la-congregacion-de-la-mision-en-espana\/"},"img":{"alt_text":"Puerto Sagunto","src":"https:\/\/i0.wp.com\/vicencianos.org\/wp-content\/2014\/07\/Puerto-Sagunto.jpg?resize=350%2C200","width":350,"height":200},"classes":[]},{"id":118274,"url":"https:\/\/vincentians.com\/es\/la-parroquia-de-san-vicente-de-paul-propiedad-de-la-congregacion\/","url_meta":{"origin":135826,"position":2},"title":"La Parroquia de San Vicente de Pa\u00fal de Madrid, propiedad de la Congregaci\u00f3n (1965)","author":"Mitxel Olabu\u00e9naga","date":"13\/03\/2013","format":false,"excerpt":"Las bodas de oro del P. Dionisio Villagr\u00e1, hombre que dedic\u00f3 todos sus d\u00edas a los quehaceres parroquiales, me han movido a es\u00adcribir esta cr\u00f3nica. El d\u00eda 16 de septiembre celebramos un sencillo homenaje. Mi\u00adsa armonizada, arte de nuestro hermano Castillo realzado por la presencia del consejo provincial, los superiores\u2026","rel":"","context":"En \u00abHistoria de la Congregaci\u00f3n de la Misi\u00f3n en Espa\u00f1a\u00bb","block_context":{"text":"Historia de la Congregaci\u00f3n de la Misi\u00f3n en Espa\u00f1a","link":"https:\/\/vincentians.com\/es\/category\/historia-de-la-familia-vicenciana\/historia-de-la-congregacion-de-la-mision-en-espana\/"},"img":{"alt_text":"001-p","src":"https:\/\/i0.wp.com\/vicencianos.org\/wp-content\/2013\/02\/001-p.jpg?resize=350%2C200","width":350,"height":200},"classes":[]},{"id":124197,"url":"https:\/\/vincentians.com\/es\/vicente-de-paul-el-fundador\/","url_meta":{"origin":135826,"position":3},"title":"Vicente de Pa\u00fal: El fundador","author":"Francisco Javier Fern\u00e1ndez Chento","date":"03\/03\/2023","format":false,"excerpt":"Por a\u00f1os, Vicente hab\u00eda compartido con sacerdotes y seglares su atenci\u00f3n a los pobres. Ahora empieza por reunir a estos compa\u00f1eros en una comunidad permanente. Es decir, como Jesucristo, o el ap\u00f3stol Pablo, empieza a juntar sacerdotes y ayudantes para que compartan no s\u00f3lo sus deberes sino tambi\u00e9n toda su\u2026","rel":"","context":"En \u00abVicente de Pa\u00fal\u00bb","block_context":{"text":"Vicente de Pa\u00fal","link":"https:\/\/vincentians.com\/es\/category\/la-familia-vicenciana\/fundadores\/vicente-de-paul\/"},"img":{"alt_text":"","src":"https:\/\/i0.wp.com\/vincentians.com\/es\/wp-content\/uploads\/sites\/11\/2013\/04\/d.jpg?fit=1200%2C799&ssl=1&resize=350%2C200","width":350,"height":200,"srcset":"https:\/\/i0.wp.com\/vincentians.com\/es\/wp-content\/uploads\/sites\/11\/2013\/04\/d.jpg?fit=1200%2C799&ssl=1&resize=350%2C200 1x, https:\/\/i0.wp.com\/vincentians.com\/es\/wp-content\/uploads\/sites\/11\/2013\/04\/d.jpg?fit=1200%2C799&ssl=1&resize=525%2C300 1.5x, https:\/\/i0.wp.com\/vincentians.com\/es\/wp-content\/uploads\/sites\/11\/2013\/04\/d.jpg?fit=1200%2C799&ssl=1&resize=700%2C400 2x, https:\/\/i0.wp.com\/vincentians.com\/es\/wp-content\/uploads\/sites\/11\/2013\/04\/d.jpg?fit=1200%2C799&ssl=1&resize=1050%2C600 3x"},"classes":[]},{"id":130334,"url":"https:\/\/vincentians.com\/es\/vall-de-uxo-1941\/","url_meta":{"origin":135826,"position":4},"title":"Vall de Ux\u00f3 (1941)","author":"Mitxel Olabu\u00e9naga","date":"26\/04\/2014","format":false,"excerpt":"Una de las cosas m\u00e1s salientes acaecidas en esta Casa, ha sido el traslado de la Comunidad a la nueva casa Abad\u00eda. Hab\u00eda sido empezada y dejada a medio terminar algunos a\u00f1os antes del Glorioso Movimiento Nacional, y como Vall de Ux\u00f3 ha sido adoptado \u00adpor el Caudillo, Regiones Devastadas,\u2026","rel":"","context":"En \u00abHistoria de la Congregaci\u00f3n de la Misi\u00f3n en Espa\u00f1a\u00bb","block_context":{"text":"Historia de la Congregaci\u00f3n de la Misi\u00f3n en Espa\u00f1a","link":"https:\/\/vincentians.com\/es\/category\/historia-de-la-familia-vicenciana\/historia-de-la-congregacion-de-la-mision-en-espana\/"},"img":{"alt_text":"Santo \u00c1ngel 1919","src":"https:\/\/i0.wp.com\/vicencianos.org\/wp-content\/2014\/04\/Santo-%C3%81ngel-1919.jpg?resize=350%2C200","width":350,"height":200},"classes":[]},{"id":124193,"url":"https:\/\/vincentians.com\/es\/vicente-de-paul-la-fe-del-hombre-maduro\/","url_meta":{"origin":135826,"position":5},"title":"Vicente de Pa\u00fal: La Fe de un hombre maduro","author":"Francisco Javier Fern\u00e1ndez Chento","date":"23\/02\/2023","format":false,"excerpt":"UN NOVICIADO Cuando Vicente lleg\u00f3 a Par\u00eds empez\u00f3 a ocuparse de su vida espiritual. Comprendi\u00f3 que aunque no hab\u00eda sido malo, hab\u00eda v\u00edvido su vida a lo mundano prestando poca atenci\u00f3n a su fe. Al iniciar su peregrinaci\u00f3n a Roma, un a\u00f1o despu\u00e9s de su ordenaci\u00f3n, se hab\u00eda dado cuenta\u2026","rel":"","context":"En \u00abVicente de Pa\u00fal\u00bb","block_context":{"text":"Vicente de Pa\u00fal","link":"https:\/\/vincentians.com\/es\/category\/la-familia-vicenciana\/fundadores\/vicente-de-paul\/"},"img":{"alt_text":"","src":"https:\/\/i0.wp.com\/vincentians.com\/es\/wp-content\/uploads\/sites\/11\/2015\/02\/St_Vincent_De_Paul_-bible-1.jpg?fit=1200%2C630&ssl=1&resize=350%2C200","width":350,"height":200,"srcset":"https:\/\/i0.wp.com\/vincentians.com\/es\/wp-content\/uploads\/sites\/11\/2015\/02\/St_Vincent_De_Paul_-bible-1.jpg?fit=1200%2C630&ssl=1&resize=350%2C200 1x, https:\/\/i0.wp.com\/vincentians.com\/es\/wp-content\/uploads\/sites\/11\/2015\/02\/St_Vincent_De_Paul_-bible-1.jpg?fit=1200%2C630&ssl=1&resize=525%2C300 1.5x, https:\/\/i0.wp.com\/vincentians.com\/es\/wp-content\/uploads\/sites\/11\/2015\/02\/St_Vincent_De_Paul_-bible-1.jpg?fit=1200%2C630&ssl=1&resize=700%2C400 2x, https:\/\/i0.wp.com\/vincentians.com\/es\/wp-content\/uploads\/sites\/11\/2015\/02\/St_Vincent_De_Paul_-bible-1.jpg?fit=1200%2C630&ssl=1&resize=1050%2C600 3x"},"classes":[]}],"_links":{"self":[{"href":"https:\/\/vincentians.com\/es\/wp-json\/wp\/v2\/posts\/135826","targetHints":{"allow":["GET"]}}],"collection":[{"href":"https:\/\/vincentians.com\/es\/wp-json\/wp\/v2\/posts"}],"about":[{"href":"https:\/\/vincentians.com\/es\/wp-json\/wp\/v2\/types\/post"}],"author":[{"embeddable":true,"href":"https:\/\/vincentians.com\/es\/wp-json\/wp\/v2\/users\/4"}],"replies":[{"embeddable":true,"href":"https:\/\/vincentians.com\/es\/wp-json\/wp\/v2\/comments?post=135826"}],"version-history":[{"count":0,"href":"https:\/\/vincentians.com\/es\/wp-json\/wp\/v2\/posts\/135826\/revisions"}],"wp:featuredmedia":[{"embeddable":true,"href":"https:\/\/vincentians.com\/es\/wp-json\/wp\/v2\/media\/5"}],"wp:attachment":[{"href":"https:\/\/vincentians.com\/es\/wp-json\/wp\/v2\/media?parent=135826"}],"wp:term":[{"taxonomy":"category","embeddable":true,"href":"https:\/\/vincentians.com\/es\/wp-json\/wp\/v2\/categories?post=135826"},{"taxonomy":"post_tag","embeddable":true,"href":"https:\/\/vincentians.com\/es\/wp-json\/wp\/v2\/tags?post=135826"}],"curies":[{"name":"wp","href":"https:\/\/api.w.org\/{rel}","templated":true}]}}