{"id":134838,"date":"2015-01-11T00:23:42","date_gmt":"2015-01-10T23:23:42","guid":{"rendered":"http:\/\/somos.vicencianos.org\/?p=134838"},"modified":"2016-07-26T19:18:00","modified_gmt":"2016-07-26T17:18:00","slug":"el-servicio-en-la-iglesia","status":"publish","type":"post","link":"https:\/\/vincentians.com\/es\/el-servicio-en-la-iglesia\/","title":{"rendered":"El servicio en la Iglesia"},"content":{"rendered":"<p style=\"padding-left: 30px\"><em>\u00abDios<\/em> <em>ama<\/em> <em>a los pobres, y por consiguiente, ama a quienes aman a los pobres, pues, cuando se ama mucho a una persona, se siente tambi\u00e9n afecto a sus amigos y servidores. Pues bien, esta peque\u00f1a compa\u00f1\u00eda de la Misi\u00f3n procura dedicarse con afecto a servir a los pobres, que son los preferidos de Dios; por eso tenemos motivos para esperar que, por amor hacia ellos, tambi\u00e9n nos amar\u00e1 Dios a nosotros. As\u00ed, pues, hermanos m\u00edos, vayamos y ocup\u00e9monos con un amor nuevo en el servicio de los pobres, y busquemos incluso a los m\u00e1s pobres y desamparados; reconozcamos delante de Dios que son ellos nuestros se\u00f1ores y nuestros amos y que somos indignos de rendirles nuestros servicios<\/em><em>1<\/em><em>\u00ab.<\/em><span id='easy-footnote-1-134838' class='easy-footnote-margin-adjust'><\/span><span class='easy-footnote'><a href='https:\/\/vincentians.com\/es\/el-servicio-en-la-iglesia\/#easy-footnote-bottom-1-134838' title='AAVV.: San Vicente de Pa\u00fal: espiritualidad y selecci\u00f3n de escritos, Madrid, 1981'><sup>1<\/sup><\/a><\/span>\n<p><a href=\"https:\/\/i0.wp.com\/vicencianos.org\/wp-content\/2015\/01\/servicio-en-la-iglesia.jpg\"><img data-recalc-dims=\"1\" loading=\"lazy\" decoding=\"async\" class=\"alignright size-medium wp-image-134839\" src=\"https:\/\/i0.wp.com\/vicencianos.org\/wp-content\/2015\/01\/servicio-en-la-iglesia-300x212.jpg?resize=300%2C212\" alt=\"servicio en la iglesia\" width=\"300\" height=\"212\" \/><\/a>En el contexto b\u00edblico, la palabra servicio se entiende como diacon\u00eda. Originaria del griego \u00abdi\u00e1konos\u00bb, en su traducci\u00f3n literal significa \u00abservidor\u00bb. Es en el contexto cristiano de las primeras comunidades cristianas cuando el t\u00e9rmino se encarna realmente en un servicio concreto:<\/p>\n<p style=\"padding-left: 30px\"><em>\u00abPor entonces, al crecer extraordinariamente el n\u00famero de los disc\u00edpulos, surgi\u00f3 un conflicto entre los creyentes de procedencia griega y los de origen hebreo. Aquellos se quejaban de que estos \u00faltimos no atend\u00edan debidamente a las viudas de su grupo cuando distribu\u00edan el sustento diario. <\/em><strong><em>2 <\/em><\/strong><em>Los doce ap\u00f3stoles reunieron entonces al conjunto de los disc\u00edpulos y les dijeron:<\/em><\/p>\n<p style=\"padding-left: 30px\"><em>\u2014 No conviene que nosotros dejemos de proclamar el mensaje de Dios para ocuparnos en servir a las mesas. <\/em><strong><em>3 <\/em><\/strong><em>Por tanto, hermanos, escoged entre vosotros a siete hombres de buena reputaci\u00f3n, que est\u00e9n llenos de Esp\u00edritu Santo y de sabidur\u00eda, y les encomendaremos esta misi\u00f3n. <\/em><strong><em>4 <\/em><\/strong><em>As\u00ed podremos nosotros dedicarnos a la oraci\u00f3n y a la proclamaci\u00f3n del mensaje.<\/em><\/p>\n<p style=\"padding-left: 30px\"><strong><em>5 <\/em><\/strong><em>Toda la comunidad acept\u00f3 de buen grado esta propuesta, y escogieron a Esteban, hombre lleno de fe y del Esp\u00edritu Santo, y a Felipe, Pr\u00f3coro, Nicanor, Tim\u00f3n, P\u00e1rmenas y Nicol\u00e1s, un pros\u00e9lito de Antioqu\u00eda. <\/em><strong><em>6 <\/em><\/strong><em>Los presentaron a los ap\u00f3stoles, quienes, haciendo oraci\u00f3n por ellos, les impusieron las manos\u00bb. <\/em>(Hch. 6, 1-6)<\/p>\n<p>Como podemos ver en el texto, la diakon\u00eda surge en la Iglesia primitiva como respuesta a una necesidad concreta y real. Pero m\u00e1s all\u00e1 de algo puntual, se convertir\u00e1 en el centro y eje vertebrador de la concepci\u00f3n de la vida de la Iglesia, hasta el punto que esta no entender\u00e1 su raz\u00f3n de ser sin ella como centro.<\/p>\n<p>En el Marco de la Sagrada Escritura y de la Doctrina Social de la Iglesia, el servicio cobra un papel fundamental y fundante, no solo en su ejercicio sino en su comprensi\u00f3n y asimilaci\u00f3n. No se puede entender, ni tiene identidad propia, el servicio desvinculado del testimonio, pues cuando esto ocurre, el servicio se convierte en comunitario, pero no en evang\u00e9lico.<\/p>\n<p>La sociedad entiende el servicio como una acci\u00f3n social buena y que crea solidaridad. Esta definici\u00f3n de servicio es coherente, dado que la sociedad en general no tiene por qu\u00e9 tener otros valores concretos que le lleven a una concepci\u00f3n distinta. Para el Juda\u00edsmo y el Islam, el servicio se expresa en t\u00e9rminos de diezmo y, para el Islam en concreto, debe de ser y es uno de los pilares fundamentales que consolidan la fe. Pero ambas religiones nos ofrecen una concepci\u00f3n del servicio como un precepto. Yendo un poco m\u00e1s lejos, cualquier ONG presenta el servicio desde la apelaci\u00f3n a la conciencia y bajo diversos nombres: cooperaci\u00f3n, solidaridad, etc.<\/p>\n<p>Para el cristianismo, en cambio, el servicio no se presenta como precepto, sino como privilegio. Esto llama poderosamente la atenci\u00f3n, sobre todo si estamos acostumbrados a no entender el servicio como diakon\u00eda, algo que parece estar m\u00e1s olvidado de lo que pensamos. El servicio como daci\u00f3n conlleva unos derechos, el servicio como diakon\u00eda unas obligaciones, dado que parte de unos dones que previamente han sido otorgados y de los que se nos pedir\u00e1 cuentas en su momento. Es pues, un don en s\u00ed mismo, una oportunidad que se nos regala para vivir y testimoniar a Aquel en quien creemos: el Siervo de los siervos.<\/p>\n<p>El servicio en la Iglesia, ha de ser entendido desde una doble dimensi\u00f3n: en vertical y en horizontal. En vertical en tanto que servimos a Dios con nuestras acciones y modos de actuar. En horizontal en cuanto lo hacemos hacia nuestros hermanos y sin considerarnos por ello, de ninguna manera, mejores o mayores que aquellos a los que prestamos el servicio; sobre todo si tenemos claro que es al mismo Cristo a quien servimos en aquellos que son objeto de nuestra acci\u00f3n.<\/p>\n<p>Es muy importante tener clara la diferencia entre servicio como posibilidad de acci\u00f3n y como oportunidad; pues cuando se entiende como posibilidad, nos encontramos en el camino propio del Evangelio y la diakon\u00eda, y dejamos de pensar en \u00e9l como momento puntual para convertirlo en parte fundamental de nuestra vida. Desde esta concepci\u00f3n podemos afirmar que para que haya verdadero servicio, es necesario que primero haya verdadero servidor, y este ha de reunir unas caracter\u00edsticas concretas cultivables a lo largo de la vida y que nos asemejan a Cristo como siervo:<\/p>\n<h2>Humildad<\/h2>\n<p>No se busca el reconocimiento humano, ni tan siquiera el divino. El servicio lo es en s\u00ed mismo, y por s\u00ed mismo. Para conseguir hacer realidad el modelo de Cristo, es necesario ser verdaderamente el \u00faltimo; buscar el bien del otro en lugar del propio. Las palabras de Jes\u00fas lo expresan con gran claridad en Lc 22, 24-27:<\/p>\n<p style=\"padding-left: 30px\"><strong><em>\u00bb 24 <\/em><\/strong><em>Surgi\u00f3 tambi\u00e9n una disputa entre los ap\u00f3stoles acerca de cu\u00e1l de ellos era el m\u00e1s importante. <\/em><strong><em>25 <\/em><\/strong><em>Jes\u00fas<\/em> <em>entonces les dijo:<\/em><\/p>\n<p style=\"padding-left: 30px\"><em>&#8211; Los reyes someten las naciones a su dominio, y los que ejercen poder sobre ellas se hacen llamar <\/em><strong><em>26 <\/em><\/strong><em>Pero entre vosotros no debe ser as\u00ed. Antes bien, el m\u00e1s importante entre vosotros debe ser como el m\u00e1s peque\u00f1o, y el que dirige debe ser como el que sirve. <\/em><strong><em>27 <\/em><\/strong><em>Pues \u00bfqui\u00e9n es m\u00e1s importante, el que se sienta a la mesa o el que sirve? \u00bfNo es, acaso, el que se sienta a la mesa? Sin embargo, yo estoy entre vosotros como el que sirve\u00bb.<\/em><\/p>\n<p>La humildad va m\u00e1s all\u00e1 de un simple valor para convertirse en un verdadero estilo de vida. El se\u00f1or no es el que manda, sino que sabe servir y descubre en el servicio su aut\u00e9ntica vocaci\u00f3n con humildad, implorando de ella el consejo y la gu\u00eda:<\/p>\n<p style=\"padding-left: 30px\"><em>\u00abLe se\u00f1alo esta falta, se\u00f1or, para que advierta usted que cometo otras muchas, a\u00fan tratando de procurarme las ayudas que necesito para mi salvaci\u00f3n. Le suplico muy humildemente que me haga la caridad de ser para m\u00ed esa ayuda ante nuestro buen Dios, en cuyo amor soy, Se\u00f1or, su obediente y muy humilde<\/em> servidora\u00bb<span id='easy-footnote-2-134838' class='easy-footnote-margin-adjust'><\/span><span class='easy-footnote'><a href='https:\/\/vincentians.com\/es\/el-servicio-en-la-iglesia\/#easy-footnote-bottom-2-134838' title='Santa Luisa de Marillac: correspondencia y escritos, Carta 33 a la Hermanas del Hospital de Angers, agosto de 1640.'><sup>2<\/sup><\/a><\/span>.<\/p>\n<p style=\"padding-left: 30px\"><em>\u00abTodos los d\u00edas ruego al Se\u00f1or dos o tres veces que nos aniquile si no hemos de servirle para su gloria<\/em><em>\u00ab<\/em><span id='easy-footnote-3-134838' class='easy-footnote-margin-adjust'><\/span><span class='easy-footnote'><a href='https:\/\/vincentians.com\/es\/el-servicio-en-la-iglesia\/#easy-footnote-bottom-3-134838' title='Saint Vincent de Paul: Correspondence, Entretiens Documents, Par\u00eds 1923.'><sup>3<\/sup><\/a><\/span>.<\/p>\n<h2>Obediencia<\/h2>\n<p>El servidor sabe a qui\u00e9n sirve; pero tambi\u00e9n sabe en nombre de quien lo hace y qui\u00e9n marca las directrices de su acci\u00f3n, de no ser as\u00ed, puede dejarse llevar por vanos sentimentalismo o preferencias inconscientes. Para no caer en estos riesgos, hay que tener la mirada puesta en el Evangelio y dejarse guiar y dirigir tanto por sus palabras como por la Iglesia como madre de experiencia. Cristo no sirve por voluntad propia, sino por mandato del Padre; es precisamente la obediencia la que le lleva a no hacer la voluntad propia, sino a cumplir y culminar un plan trazado por el Padre. El servidor sabe en nombre de qui\u00e9n lo hace y que su voluntad no puede estar dividida:<\/p>\n<p style=\"padding-left: 30px\"><em>\u00abNadie<\/em> <em>puede<\/em> <em>servir<\/em> <em>a dos amos al mismo tiempo, porque aborrecer\u00e1 al uno<\/em> <em>y apreciar\u00e1 al otro; ser\u00e1 fiel al uno y del otro no har\u00e1 caso. No pod\u00e9is servir<\/em> <em>al<\/em> <em>mismo tiempo<\/em> <em>a Dios y al dinero\u00bb. <\/em><em>(Mt<\/em><em> 6, 24)<\/em><\/p>\n<p>La sociedad de hoy nos presenta la obediencia como un atraso, como una forma de sesgar la libertad. Nada m\u00e1s lejos de la realidad. La obediencia no es esclavitud; en primer lugar porque es la libertad la que lleva a elegir voluntariamente la obediencia y, en segundo lugar, porque evita buscar la propia voluntad, muchas veces alejada de los valores esenciales del aut\u00e9ntico servicio. El Siervo de los siervos lo es, no por buscar su propia voluntad, sino por hacer la del Padre.<\/p>\n<p style=\"padding-left: 30px\"><em>\u00abQue el fin de la Asociaci\u00f3n tiene por principio el conocimiento propio y el desprecio del mundo, practicado con la resoluci\u00f3n de servir en las parroquias bajo la sumisi\u00f3n y obediencia a los se\u00f1ores curas, renunciando a todos los beneficios y<\/em> honores\u00bb<span id='easy-footnote-4-134838' class='easy-footnote-margin-adjust'><\/span><span class='easy-footnote'><a href='https:\/\/vincentians.com\/es\/el-servicio-en-la-iglesia\/#easy-footnote-bottom-4-134838' title='Correspondencia de Santa Luisa, antes de 1628.'><sup>4<\/sup><\/a><\/span>.<\/p>\n<h2>Voluntad<\/h2>\n<p><strong>\u00bfQuieres? <\/strong>Es la pregunta ligada a esta caracter\u00edstica, y su respuesta va unida a la anterior. La propia voluntad es indispensable para que el servicio sea verdaderamente diakon\u00eda. El servicio en la Iglesia nace de la voluntad surgida del encuentro con Cristo. Una voluntad libre que ha de nacer de lo m\u00e1s profundo del ser humano, del reconocimiento de una llamada al seguimiento de Cristo siervo. No sirve la voluntad de otros, sino necesariamente la propia. Clarificar la propia voluntad nos llevar\u00e1 a no caer en el voluntarismo y enfocar nuestro quehacer en los objetivos del Evangelio:<\/p>\n<p><em>\u00abEl<\/em> <em>d\u00eda de san Sebasti\u00e1n, estando en los M\u00e1rtires, me sent\u00ed impulsada por el deseo de darme a Dios para hacer toda mi vida su Sant\u00edsima Voluntad y le ofrec\u00ed el pensamiento que \u00e9l me inspiraba de hacer voto de ello cuando tuviera permiso, y a continuaci\u00f3n de esto, estuve todo el d\u00eda profundamente embebida en la consideraci\u00f3n de las misericordias de Dios sobre sus criaturas, en todo el bien que ve\u00eda en sus santos, que me parec\u00edan tanto m\u00e1s grandes cuanto yo sent\u00eda por experiencia las debilidades de la<\/em> naturaleza\u00bb<span id='easy-footnote-5-134838' class='easy-footnote-margin-adjust'><\/span><span class='easy-footnote'><a href='https:\/\/vincentians.com\/es\/el-servicio-en-la-iglesia\/#easy-footnote-bottom-5-134838' title='Ibi. Periodo anterior a la fundaci\u00f3n de la Compa\u00f1\u00eda de las Hijas de la Caridad.'><sup>5<\/sup><\/a><\/span>.<\/p>\n<h2>Transformaci\u00f3n<\/h2>\n<p>La Doctrina Social de la Iglesia nos ense\u00f1a que no es suficiente la palabra, sino que esta necesita de la acci\u00f3n. Pero hemos de tener cuidado. No buscamos el cambio por el cambio, sino la aut\u00e9ntica transformaci\u00f3n de la sociedad que solo es posible cuando pasa por la transformaci\u00f3n del coraz\u00f3n. El servidor no busca cambios pol\u00edticos o meramente socioecon\u00f3micos, que son importantes, sino que el objetivo fundamental es plantar la semilla del Reino de Dios para que este pueda ir haci\u00e9ndose realidad. El servidor en nombre de la Iglesia es profeta; no se contenta con la denuncia de la injusticia, sino que se implica personalmente en la transformaci\u00f3n real y verdadera de la realidad de injusticia.<\/p>\n<p style=\"padding-left: 30px\"><em>\u00abHay<\/em> <em>muchos que, preocupados de tener un aspecto exterior de compostura y el interior lleno de grandes sentimientos de Dios, se detienen en esto, y, cuando se llega a los hechos y se presentan ocasiones de obrar, se quedan cortos. Se muestran satisfechos de su imaginaci\u00f3n calenturienta, contentos de los dulces coloquios que tienen con Dios en la oraci\u00f3n; hablan casi como los \u00e1ngeles; pero luego, cuando se trata de trabajar por Dios, de sufrir, de mortificarse, de instruir a los pobres, de ir a buscar a la oveja descarriada, de desear que les falte alguna cosa, de aceptar las enfermedades o cualquier cosa desagradable. Totum opus nostrum in operatione consistit (Todo lo que tenemos que hacer es<\/em> trabajar)\u00bb<span id='easy-footnote-6-134838' class='easy-footnote-margin-adjust'><\/span><span class='easy-footnote'><a href='https:\/\/vincentians.com\/es\/el-servicio-en-la-iglesia\/#easy-footnote-bottom-6-134838' title='En Rom\u00e1n, J. M. : San Vicente de Pa\u00fal, Madrid, 1981.'><sup>6<\/sup><\/a><\/span>.<\/p>\n<p>El servicio cristiano, como lo entiende la Iglesia, camina hacia la implantaci\u00f3n del Reino de Dios como una realidad posible. A lo largo de m\u00e1s de 2000 a\u00f1os de historia, la Iglesia ha procurado llevar acabo el mandato de Jes\u00fas y proponer los pilares del Reino. Esta Iglesia, humana y divina a la vez, ha dado pasos en la buena direcci\u00f3n cuando se ha dejado guiar por la acci\u00f3n del Esp\u00edritu Santo. Esta acci\u00f3n se ha testimoniado de forma particular en la vida de los santos, quienes han entendido con claridad el sentido del verdadero servicio, mucho m\u00e1s all\u00e1 de los contentos sociales e incluso comunitarios. Su testimonio ha sido el que ha cambiado con frecuencia el mismo ritmo de la Iglesia en la historia.<\/p>\n<p>Esta historia eclesial est\u00e1 plagada del testimonio vio de hombres y mujeres que han entregado su vida al servicio del Reino, ellos son testimonio vivo para nosotros de que no se trata de una utop\u00eda ilusoria, sino de una realidad posible. Ellos son los que han tenido la sensibilidad suficiente para testimoniar que otra mirada es posible, una mirada transformadora y transmisora del Reino.<\/p>\n<p>Desde el esp\u00edritu vicenciano, son muchos los testimonios impactantes en la b\u00fasqueda del aut\u00e9ntico servicio, pero dos brillan de una manera especial por ser ellos los iniciadores de una aventura concreta en el desarrollo de una espiritualidad determinada. Los testimonios de San Vicente y Santa Luisa, llegan hasta nuestro hoy como nuevos, renovadores y transformadores. Sus palabras, escritos y testimonio no surgen de la teor\u00eda, sino de la vivencia de la mirada transformadora de Cristo Siervo. Precisamente, una recomendaci\u00f3n constante de San Vicente a la Hijas de la Caridad, ante cualquier situaci\u00f3n que requiera de su ayuda, consiste en tener siempre presente la pregunta \u00bfqu\u00e9 har\u00eda Jesucristo en mi lugar?.<\/p>\n<p>Para Vicente, no es suficiente con ir a los pobres, es necesario sentirse uno con ellos y ver de verdad a Cristo en cada uno de ellos. Sin duda, los pobres son la raz\u00f3n de ser de su vocaci\u00f3n al servicio y de su encuentro personal con Cristo. El servicio no es para \u00e9l algo m\u00e1s a\u00f1adido al seguimiento, sino lo que le da sentido. As\u00ed lo testimonia en la Conferencia del 16 de Marzo de 1642 sobre el servicio a los pobres enfermos a la Hijas de la Caridad:<\/p>\n<p style=\"padding-left: 30px\"><em>\u00abEl<\/em> <em>primer<\/em> <em>motivo,<\/em> <em>dijo<\/em> <em>una<\/em> <em>hermana,<\/em> <em>es que los pobres tienen el honor de representar a los miembros de Jesucristo, que considera los servicios que se les hacen como hechos a \u00e9l mismo\u2026\u00bb<\/em><\/p>\n<p>Este es el verdadero sentido que Vicente entiende con claridad: el servicio hecho al pobre, es hecho al mismo Cristo presente y vivo.<\/p>\n<p>Pero adem\u00e1s, no es un servicio realizado en nombre propio, sino en nombre de quien lo env\u00eda: La Iglesia. Por eso Vicente busca en todo momento la aprobaci\u00f3n y el aliento constante de la Iglesia, e incluso cuando su voluntad no es la de \u00e9sta, desplaza la suya propia para cumplir la de la Iglesia. Esta es una actitud gratuita y verdaderamente desinteresada que emana de la capacidad de discernimiento del verdadero Siervo. No es importante la propia voluntad, sino que el criterio de discernimiento ha de ser el mismo que el objetivo: el servicio, no como obligaci\u00f3n sino como verdadero Don concedido por Dios, una gracia y un regalo para el encuentro con Cristo. Sin duda, cuando el servicio es entendido as\u00ed, cambian muchas cosas.<\/p>\n<p>Entendido como Don, el servicio conlleva tambi\u00e9n una responsabilidad necesaria: la formaci\u00f3n. Pues no se sirve con condescendencia, sino con agradecimiento por la ocasi\u00f3n recibida y poniendo todo el esfuerzo posible en ello. Por eso Vicente recomienda una verdadera preparaci\u00f3n acad\u00e9mica encaminada a poder ofrecer un verdadero servicio, m\u00e1s all\u00e1 de otro tipo de formaci\u00f3n que busque otros objetivos:<\/p>\n<ol>\n<li><em>\u00abEstudiar sobriamente, queriendo saber s\u00f3lo las cosas que nos conciernen seg\u00fan nuestra condici\u00f3n.<\/em><\/li>\n<li><em>Estudiar humildemente, esto es, sin querer que se sepa ni que se diga que somos sabios; no querer estar por encima de los dem\u00e1s, sino ceder a todo el mundo\u2026<\/em><\/li>\n<li><em>Hay que estudiar de forma que el amor corresponda con el<\/em> conocimiento\u00bb<span id='easy-footnote-7-134838' class='easy-footnote-margin-adjust'><\/span><span class='easy-footnote'><a href='https:\/\/vincentians.com\/es\/el-servicio-en-la-iglesia\/#easy-footnote-bottom-7-134838' title='SVP ES XI, p\u00e1g. 50-51'><sup>7<\/sup><\/a><\/span>.<\/li>\n<\/ol>\n<p>El esp\u00edritu vicenciano del servicio es, como no puede ser de otra manera, el esp\u00edritu como la Iglesia entiende el servicio. Un esp\u00edritu marcado de una manera especial por el don de la sensibilidad como motor necesario para el encuentro con el verdadero Cristo siervo. Esta sensibilidad lleva a entender el servicio como plena manifestaci\u00f3n del Amor de Dios, la puerta de entrada al Reino de Dios que se hace tangible en su ejercicio vivido desde el Evangelio como \u00fanico referente y Cristo como \u00fanico modelo. Por eso afirmaba el Papa Francisco en su homil\u00eda de inicio del pontificado, que el verdadero poder es el servicio. La Iglesia ha de caminar siempre con este objetivo como referente, para hacerse cada vez m\u00e1s testimonio vivo de Servicio; ha de ser sensible y proponer siempre y en todo momento una mirada nueva y esperanzadora, la mirada de Cristo vivo y presente en el aqu\u00ed y el ahora de la historia de la Salvaci\u00f3n.<\/p>\n<p>El servicio, como lo entiende Cristo y la Iglesia, y por consiguiente el esp\u00edritu vicenciano, es ante todo <strong>DIAKON\u00cdA.<\/strong><\/p>\n","protected":false},"excerpt":{"rendered":"<p>\u00abDios ama a los pobres, y por consiguiente, ama a quienes aman a los pobres, pues, cuando se ama mucho a una persona, se siente tambi\u00e9n afecto a sus amigos y servidores. Pues bien, esta &#8230; <a href=\"https:\/\/vincentians.com\/es\/el-servicio-en-la-iglesia\/\" class=\"more-link\">Read More<\/a><\/p>\n","protected":false},"author":4,"featured_media":134839,"comment_status":"open","ping_status":"open","sticky":false,"template":"","format":"standard","meta":{"jetpack_post_was_ever_published":false,"_jetpack_newsletter_access":"","_jetpack_dont_email_post_to_subs":false,"_jetpack_newsletter_tier_id":0,"_jetpack_memberships_contains_paywalled_content":false,"_jetpack_memberships_contains_paid_content":false,"footnotes":"","jetpack_publicize_message":"","jetpack_publicize_feature_enabled":true,"jetpack_social_post_already_shared":true,"jetpack_social_options":{"image_generator_settings":{"template":"highway","default_image_id":0,"font":"","enabled":false},"version":2}},"categories":[28],"tags":[],"class_list":["post-134838","post","type-post","status-publish","format-standard","has-post-thumbnail","hentry","category-formacion-vicenciana"],"yoast_head":"<!-- This site is optimized with the Yoast SEO plugin v26.3 - https:\/\/yoast.com\/wordpress\/plugins\/seo\/ -->\n<title>El servicio en la Iglesia - Somos Vicencianos<\/title>\n<meta name=\"robots\" content=\"index, follow, max-snippet:-1, max-image-preview:large, max-video-preview:-1\" \/>\n<link rel=\"canonical\" href=\"http:\/\/vincentians.com\/es\/el-servicio-en-la-iglesia\/\" \/>\n<meta property=\"og:locale\" content=\"es_ES\" \/>\n<meta property=\"og:type\" content=\"article\" \/>\n<meta property=\"og:title\" content=\"El servicio en la Iglesia - Somos Vicencianos\" \/>\n<meta property=\"og:description\" content=\"\u00abDios ama a los pobres, y por consiguiente, ama a quienes aman a los pobres, pues, cuando se ama mucho a una persona, se siente tambi\u00e9n afecto a sus amigos y servidores. Pues bien, esta ... Read More\" \/>\n<meta property=\"og:url\" content=\"http:\/\/vincentians.com\/es\/el-servicio-en-la-iglesia\/\" \/>\n<meta property=\"og:site_name\" content=\"Somos Vicencianos\" \/>\n<meta property=\"article:publisher\" content=\"https:\/\/www.facebook.com\/WeAreVincentians\/\" \/>\n<meta property=\"article:author\" content=\"https:\/\/www.facebook.com\/JavierChento\" \/>\n<meta property=\"article:published_time\" content=\"2015-01-10T23:23:42+00:00\" \/>\n<meta property=\"article:modified_time\" content=\"2016-07-26T17:18:00+00:00\" \/>\n<meta name=\"author\" content=\"Francisco Javier Fern\u00e1ndez Chento\" \/>\n<meta name=\"twitter:card\" content=\"summary_large_image\" \/>\n<meta name=\"twitter:creator\" content=\"@https:\/\/twitter.com\/javierchento\" \/>\n<meta name=\"twitter:site\" content=\"@WeVincentians\" \/>\n<meta name=\"twitter:label1\" content=\"Escrito por\" \/>\n\t<meta name=\"twitter:data1\" content=\"Francisco Javier Fern\u00e1ndez Chento\" \/>\n\t<meta name=\"twitter:label2\" content=\"Tiempo de lectura\" \/>\n\t<meta name=\"twitter:data2\" content=\"15 minutos\" \/>\n<script type=\"application\/ld+json\" class=\"yoast-schema-graph\">{\"@context\":\"https:\/\/schema.org\",\"@graph\":[{\"@type\":\"Article\",\"@id\":\"http:\/\/vincentians.com\/es\/el-servicio-en-la-iglesia\/#article\",\"isPartOf\":{\"@id\":\"http:\/\/vincentians.com\/es\/el-servicio-en-la-iglesia\/\"},\"author\":{\"name\":\"Francisco Javier Fern\u00e1ndez Chento\",\"@id\":\"http:\/\/vincentians.com\/es\/#\/schema\/person\/9623ef4d9aa3b2dfb8c061f1499288f2\"},\"headline\":\"El servicio en la Iglesia\",\"datePublished\":\"2015-01-10T23:23:42+00:00\",\"dateModified\":\"2016-07-26T17:18:00+00:00\",\"mainEntityOfPage\":{\"@id\":\"http:\/\/vincentians.com\/es\/el-servicio-en-la-iglesia\/\"},\"wordCount\":2957,\"commentCount\":0,\"publisher\":{\"@id\":\"http:\/\/vincentians.com\/es\/#organization\"},\"image\":{\"@id\":\"http:\/\/vincentians.com\/es\/el-servicio-en-la-iglesia\/#primaryimage\"},\"thumbnailUrl\":\"\",\"articleSection\":[\"Formaci\u00f3n Vicenciana\"],\"inLanguage\":\"es\",\"potentialAction\":[{\"@type\":\"CommentAction\",\"name\":\"Comment\",\"target\":[\"http:\/\/vincentians.com\/es\/el-servicio-en-la-iglesia\/#respond\"]}]},{\"@type\":\"WebPage\",\"@id\":\"http:\/\/vincentians.com\/es\/el-servicio-en-la-iglesia\/\",\"url\":\"http:\/\/vincentians.com\/es\/el-servicio-en-la-iglesia\/\",\"name\":\"El servicio en la Iglesia - Somos Vicencianos\",\"isPartOf\":{\"@id\":\"http:\/\/vincentians.com\/es\/#website\"},\"primaryImageOfPage\":{\"@id\":\"http:\/\/vincentians.com\/es\/el-servicio-en-la-iglesia\/#primaryimage\"},\"image\":{\"@id\":\"http:\/\/vincentians.com\/es\/el-servicio-en-la-iglesia\/#primaryimage\"},\"thumbnailUrl\":\"\",\"datePublished\":\"2015-01-10T23:23:42+00:00\",\"dateModified\":\"2016-07-26T17:18:00+00:00\",\"breadcrumb\":{\"@id\":\"http:\/\/vincentians.com\/es\/el-servicio-en-la-iglesia\/#breadcrumb\"},\"inLanguage\":\"es\",\"potentialAction\":[{\"@type\":\"ReadAction\",\"target\":[\"http:\/\/vincentians.com\/es\/el-servicio-en-la-iglesia\/\"]}]},{\"@type\":\"ImageObject\",\"inLanguage\":\"es\",\"@id\":\"http:\/\/vincentians.com\/es\/el-servicio-en-la-iglesia\/#primaryimage\",\"url\":\"\",\"contentUrl\":\"\"},{\"@type\":\"BreadcrumbList\",\"@id\":\"http:\/\/vincentians.com\/es\/el-servicio-en-la-iglesia\/#breadcrumb\",\"itemListElement\":[{\"@type\":\"ListItem\",\"position\":1,\"name\":\"Portada\",\"item\":\"http:\/\/vincentians.com\/es\/\"},{\"@type\":\"ListItem\",\"position\":2,\"name\":\"El servicio en la Iglesia\"}]},{\"@type\":\"WebSite\",\"@id\":\"http:\/\/vincentians.com\/es\/#website\",\"url\":\"http:\/\/vincentians.com\/es\/\",\"name\":\"Somos Vicencianos\",\"description\":\"Know more to serve more\",\"publisher\":{\"@id\":\"http:\/\/vincentians.com\/es\/#organization\"},\"potentialAction\":[{\"@type\":\"SearchAction\",\"target\":{\"@type\":\"EntryPoint\",\"urlTemplate\":\"http:\/\/vincentians.com\/es\/?s={search_term_string}\"},\"query-input\":{\"@type\":\"PropertyValueSpecification\",\"valueRequired\":true,\"valueName\":\"search_term_string\"}}],\"inLanguage\":\"es\"},{\"@type\":\"Organization\",\"@id\":\"http:\/\/vincentians.com\/es\/#organization\",\"name\":\"The Vincentian Network\",\"url\":\"http:\/\/vincentians.com\/es\/\",\"logo\":{\"@type\":\"ImageObject\",\"inLanguage\":\"es\",\"@id\":\"http:\/\/vincentians.com\/es\/#\/schema\/logo\/image\/\",\"url\":\"https:\/\/i1.wp.com\/vincentians.com\/es\/wp-content\/uploads\/sites\/11\/2016\/06\/Vincentian-Network-logo-big.png?fit=778%2C778\",\"contentUrl\":\"https:\/\/i1.wp.com\/vincentians.com\/es\/wp-content\/uploads\/sites\/11\/2016\/06\/Vincentian-Network-logo-big.png?fit=778%2C778\",\"width\":778,\"height\":778,\"caption\":\"The Vincentian Network\"},\"image\":{\"@id\":\"http:\/\/vincentians.com\/es\/#\/schema\/logo\/image\/\"},\"sameAs\":[\"https:\/\/www.facebook.com\/WeAreVincentians\/\",\"https:\/\/x.com\/WeVincentians\"]},{\"@type\":\"Person\",\"@id\":\"http:\/\/vincentians.com\/es\/#\/schema\/person\/9623ef4d9aa3b2dfb8c061f1499288f2\",\"name\":\"Francisco Javier Fern\u00e1ndez Chento\",\"image\":{\"@type\":\"ImageObject\",\"inLanguage\":\"es\",\"@id\":\"http:\/\/vincentians.com\/es\/#\/schema\/person\/image\/\",\"url\":\"https:\/\/secure.gravatar.com\/avatar\/497d5cde87b4c3d097d0315953521681ba2cd523ee66e5077c3711f7021e65de?s=96&d=mm&r=g\",\"contentUrl\":\"https:\/\/secure.gravatar.com\/avatar\/497d5cde87b4c3d097d0315953521681ba2cd523ee66e5077c3711f7021e65de?s=96&d=mm&r=g\",\"caption\":\"Francisco Javier Fern\u00e1ndez Chento\"},\"description\":\"Director General y cofundador de La Red de Formaci\u00f3n Vicenciana. Javier es laico vicenciano, afiliado a la Congregaci\u00f3n de la Misi\u00f3n y miembro del Equipo de Misiones Populares de la provincia can\u00f3nica de Zaragoza (Espa\u00f1a) de la Congregaci\u00f3n de la Misi\u00f3n. Graduado en la Universidad Oberta de Catalunya con cuatro grados (Asistente de direcci\u00f3n, Gesti\u00f3n Administrativa, Recursos Humanos y Contabilidad Avanzada). Bil\u00edng\u00fce Espa\u00f1ol\/Ingl\u00e9s. gestiona y mantiene varias p\u00e1ginas web cristianas y vicencianas, incluida including La Red de Formaci\u00f3n Vicenciana, de la que es cofundador. Actualmente es responsable del \u00e1rea de Espa\u00f1ol de .famvin, la Red de Noticias de la Familia Vicenciana. Tambi\u00e9n es m\u00fasico cat\u00f3lico y ha editado varios discos. Es Director General y cofundador de Trovador, una reconocida compa\u00f1\u00eda discogr\u00e1fica critiana de Espa\u00f1a. Trabaja en las Tecnolog\u00edas de la Informaci\u00f3n, ofreciendo servicios de alojamiento, dise\u00f1o y mantenimiento Web, as\u00ed como asesoramiento, formaci\u00f3n y soluciones inform\u00e1ticas, gesti\u00f3n documental y digitalizaci\u00f3n de textos, edici\u00f3n y maquetaci\u00f3n de libros, revistas, flyers, etc.\",\"sameAs\":[\"http:\/\/chento.org\",\"https:\/\/www.facebook.com\/JavierChento\",\"https:\/\/x.com\/https:\/\/twitter.com\/javierchento\"],\"url\":\"https:\/\/vincentians.com\/es\/author\/chento\/\"}]}<\/script>\n<!-- \/ Yoast SEO plugin. -->","yoast_head_json":{"title":"El servicio en la Iglesia - Somos Vicencianos","robots":{"index":"index","follow":"follow","max-snippet":"max-snippet:-1","max-image-preview":"max-image-preview:large","max-video-preview":"max-video-preview:-1"},"canonical":"http:\/\/vincentians.com\/es\/el-servicio-en-la-iglesia\/","og_locale":"es_ES","og_type":"article","og_title":"El servicio en la Iglesia - Somos Vicencianos","og_description":"\u00abDios ama a los pobres, y por consiguiente, ama a quienes aman a los pobres, pues, cuando se ama mucho a una persona, se siente tambi\u00e9n afecto a sus amigos y servidores. Pues bien, esta ... Read More","og_url":"http:\/\/vincentians.com\/es\/el-servicio-en-la-iglesia\/","og_site_name":"Somos Vicencianos","article_publisher":"https:\/\/www.facebook.com\/WeAreVincentians\/","article_author":"https:\/\/www.facebook.com\/JavierChento","article_published_time":"2015-01-10T23:23:42+00:00","article_modified_time":"2016-07-26T17:18:00+00:00","author":"Francisco Javier Fern\u00e1ndez Chento","twitter_card":"summary_large_image","twitter_creator":"@https:\/\/twitter.com\/javierchento","twitter_site":"@WeVincentians","twitter_misc":{"Escrito por":"Francisco Javier Fern\u00e1ndez Chento","Tiempo de lectura":"15 minutos"},"schema":{"@context":"https:\/\/schema.org","@graph":[{"@type":"Article","@id":"http:\/\/vincentians.com\/es\/el-servicio-en-la-iglesia\/#article","isPartOf":{"@id":"http:\/\/vincentians.com\/es\/el-servicio-en-la-iglesia\/"},"author":{"name":"Francisco Javier Fern\u00e1ndez Chento","@id":"http:\/\/vincentians.com\/es\/#\/schema\/person\/9623ef4d9aa3b2dfb8c061f1499288f2"},"headline":"El servicio en la Iglesia","datePublished":"2015-01-10T23:23:42+00:00","dateModified":"2016-07-26T17:18:00+00:00","mainEntityOfPage":{"@id":"http:\/\/vincentians.com\/es\/el-servicio-en-la-iglesia\/"},"wordCount":2957,"commentCount":0,"publisher":{"@id":"http:\/\/vincentians.com\/es\/#organization"},"image":{"@id":"http:\/\/vincentians.com\/es\/el-servicio-en-la-iglesia\/#primaryimage"},"thumbnailUrl":"","articleSection":["Formaci\u00f3n Vicenciana"],"inLanguage":"es","potentialAction":[{"@type":"CommentAction","name":"Comment","target":["http:\/\/vincentians.com\/es\/el-servicio-en-la-iglesia\/#respond"]}]},{"@type":"WebPage","@id":"http:\/\/vincentians.com\/es\/el-servicio-en-la-iglesia\/","url":"http:\/\/vincentians.com\/es\/el-servicio-en-la-iglesia\/","name":"El servicio en la Iglesia - Somos Vicencianos","isPartOf":{"@id":"http:\/\/vincentians.com\/es\/#website"},"primaryImageOfPage":{"@id":"http:\/\/vincentians.com\/es\/el-servicio-en-la-iglesia\/#primaryimage"},"image":{"@id":"http:\/\/vincentians.com\/es\/el-servicio-en-la-iglesia\/#primaryimage"},"thumbnailUrl":"","datePublished":"2015-01-10T23:23:42+00:00","dateModified":"2016-07-26T17:18:00+00:00","breadcrumb":{"@id":"http:\/\/vincentians.com\/es\/el-servicio-en-la-iglesia\/#breadcrumb"},"inLanguage":"es","potentialAction":[{"@type":"ReadAction","target":["http:\/\/vincentians.com\/es\/el-servicio-en-la-iglesia\/"]}]},{"@type":"ImageObject","inLanguage":"es","@id":"http:\/\/vincentians.com\/es\/el-servicio-en-la-iglesia\/#primaryimage","url":"","contentUrl":""},{"@type":"BreadcrumbList","@id":"http:\/\/vincentians.com\/es\/el-servicio-en-la-iglesia\/#breadcrumb","itemListElement":[{"@type":"ListItem","position":1,"name":"Portada","item":"http:\/\/vincentians.com\/es\/"},{"@type":"ListItem","position":2,"name":"El servicio en la Iglesia"}]},{"@type":"WebSite","@id":"http:\/\/vincentians.com\/es\/#website","url":"http:\/\/vincentians.com\/es\/","name":"Somos Vicencianos","description":"Know more to serve more","publisher":{"@id":"http:\/\/vincentians.com\/es\/#organization"},"potentialAction":[{"@type":"SearchAction","target":{"@type":"EntryPoint","urlTemplate":"http:\/\/vincentians.com\/es\/?s={search_term_string}"},"query-input":{"@type":"PropertyValueSpecification","valueRequired":true,"valueName":"search_term_string"}}],"inLanguage":"es"},{"@type":"Organization","@id":"http:\/\/vincentians.com\/es\/#organization","name":"The Vincentian Network","url":"http:\/\/vincentians.com\/es\/","logo":{"@type":"ImageObject","inLanguage":"es","@id":"http:\/\/vincentians.com\/es\/#\/schema\/logo\/image\/","url":"https:\/\/i1.wp.com\/vincentians.com\/es\/wp-content\/uploads\/sites\/11\/2016\/06\/Vincentian-Network-logo-big.png?fit=778%2C778","contentUrl":"https:\/\/i1.wp.com\/vincentians.com\/es\/wp-content\/uploads\/sites\/11\/2016\/06\/Vincentian-Network-logo-big.png?fit=778%2C778","width":778,"height":778,"caption":"The Vincentian Network"},"image":{"@id":"http:\/\/vincentians.com\/es\/#\/schema\/logo\/image\/"},"sameAs":["https:\/\/www.facebook.com\/WeAreVincentians\/","https:\/\/x.com\/WeVincentians"]},{"@type":"Person","@id":"http:\/\/vincentians.com\/es\/#\/schema\/person\/9623ef4d9aa3b2dfb8c061f1499288f2","name":"Francisco Javier Fern\u00e1ndez Chento","image":{"@type":"ImageObject","inLanguage":"es","@id":"http:\/\/vincentians.com\/es\/#\/schema\/person\/image\/","url":"https:\/\/secure.gravatar.com\/avatar\/497d5cde87b4c3d097d0315953521681ba2cd523ee66e5077c3711f7021e65de?s=96&d=mm&r=g","contentUrl":"https:\/\/secure.gravatar.com\/avatar\/497d5cde87b4c3d097d0315953521681ba2cd523ee66e5077c3711f7021e65de?s=96&d=mm&r=g","caption":"Francisco Javier Fern\u00e1ndez Chento"},"description":"Director General y cofundador de La Red de Formaci\u00f3n Vicenciana. Javier es laico vicenciano, afiliado a la Congregaci\u00f3n de la Misi\u00f3n y miembro del Equipo de Misiones Populares de la provincia can\u00f3nica de Zaragoza (Espa\u00f1a) de la Congregaci\u00f3n de la Misi\u00f3n. Graduado en la Universidad Oberta de Catalunya con cuatro grados (Asistente de direcci\u00f3n, Gesti\u00f3n Administrativa, Recursos Humanos y Contabilidad Avanzada). Bil\u00edng\u00fce Espa\u00f1ol\/Ingl\u00e9s. gestiona y mantiene varias p\u00e1ginas web cristianas y vicencianas, incluida including La Red de Formaci\u00f3n Vicenciana, de la que es cofundador. Actualmente es responsable del \u00e1rea de Espa\u00f1ol de .famvin, la Red de Noticias de la Familia Vicenciana. Tambi\u00e9n es m\u00fasico cat\u00f3lico y ha editado varios discos. Es Director General y cofundador de Trovador, una reconocida compa\u00f1\u00eda discogr\u00e1fica critiana de Espa\u00f1a. Trabaja en las Tecnolog\u00edas de la Informaci\u00f3n, ofreciendo servicios de alojamiento, dise\u00f1o y mantenimiento Web, as\u00ed como asesoramiento, formaci\u00f3n y soluciones inform\u00e1ticas, gesti\u00f3n documental y digitalizaci\u00f3n de textos, edici\u00f3n y maquetaci\u00f3n de libros, revistas, flyers, etc.","sameAs":["http:\/\/chento.org","https:\/\/www.facebook.com\/JavierChento","https:\/\/x.com\/https:\/\/twitter.com\/javierchento"],"url":"https:\/\/vincentians.com\/es\/author\/chento\/"}]}},"jetpack_publicize_connections":[],"jetpack_featured_media_url":"","jetpack_sharing_enabled":true,"jetpack_shortlink":"https:\/\/wp.me\/p7ETMF-z4O","jetpack-related-posts":[{"id":119882,"url":"https:\/\/vincentians.com\/es\/identificacion-de-jesucristo-con-el-pobre-parte-ii-capitulo-3\/","url_meta":{"origin":134838,"position":0},"title":"Identificaci\u00f3n de Jesucristo con el pobre. Parte II, Cap\u00edtulo 3","author":"Francisco Javier Fern\u00e1ndez Chento","date":"16\/02\/2015","format":false,"excerpt":"III: Jesucristo presente en los pobres Estudiemos ahora de manera m\u00e1s expl\u00edcita la caridad de San Vicente en su expresi\u00f3n m\u00e1s profunda. 1. Una convicci\u00f3n apasionada Servir a los pobres y predicarles no es solamente imitar a Jesucristo sino es servir a Jesucristo mismo en sus miem\u00adbros. Es doctrina de\u2026","rel":"","context":"En \u00abFormaci\u00f3n Vicenciana\u00bb","block_context":{"text":"Formaci\u00f3n Vicenciana","link":"https:\/\/vincentians.com\/es\/category\/formacion-vicenciana\/"},"img":{"alt_text":"","src":"","width":0,"height":0},"classes":[]},{"id":140324,"url":"https:\/\/vincentians.com\/es\/signo-del-amor-del-padre\/","url_meta":{"origin":134838,"position":1},"title":"Signo del amor del Padre","author":"Francisco Javier Fern\u00e1ndez Chento","date":"24\/02\/2015","format":false,"excerpt":"\u00abYo te he revelado a ellos y seguir\u00e9 revel\u00e1ndote, para que el amor que t\u00fa me has tenido est\u00e9 con ellos y tambi\u00e9n yo est\u00e9 con ellos\u00bb. (Jn 17,26). \u00abCongregados, efectivamente, en comunidad para anunciar el amor del Padre hacia los hombres, le damos expresi\u00f3n en nuestra vida\u00bb. (C 20,1).\u2026","rel":"","context":"En \u00abEspiritualidad vicenciana\u00bb","block_context":{"text":"Espiritualidad vicenciana","link":"https:\/\/vincentians.com\/es\/category\/espiritualidad\/espiritualidad-vicenciana\/"},"img":{"alt_text":"asd","src":"https:\/\/i0.wp.com\/vicencianos.org\/wp-content\/2015\/02\/asd6-252x300.jpg?resize=350%2C200","width":350,"height":200},"classes":[]},{"id":116700,"url":"https:\/\/vincentians.com\/es\/caridad-en-san-vicente-de-paul\/","url_meta":{"origin":134838,"position":2},"title":"Caridad en San Vicente de Pa\u00fal","author":"Francisco Javier Fern\u00e1ndez Chento","date":"26\/10\/2018","format":false,"excerpt":"Introducci\u00f3n Hablar de la caridad en Vicente de Pa\u00fal en esta semana de Estudios Vicencianos significa hacer una \"relectura\" de la misma. Esta relectura implica no una simple exposici\u00f3n de lo que dijo e hizo Vicente de Pa\u00fal referente a la caridad, sino un volver a leer su ense\u00f1anza y\u2026","rel":"","context":"En \u00abFormaci\u00f3n Vicenciana\u00bb","block_context":{"text":"Formaci\u00f3n Vicenciana","link":"https:\/\/vincentians.com\/es\/category\/formacion-vicenciana\/"},"img":{"alt_text":"","src":"https:\/\/i0.wp.com\/vincentians.com\/es\/wp-content\/uploads\/sites\/11\/2017\/07\/San-Vicente-7.jpg?fit=600%2C416&ssl=1&resize=350%2C200","width":350,"height":200,"srcset":"https:\/\/i0.wp.com\/vincentians.com\/es\/wp-content\/uploads\/sites\/11\/2017\/07\/San-Vicente-7.jpg?fit=600%2C416&ssl=1&resize=350%2C200 1x, https:\/\/i0.wp.com\/vincentians.com\/es\/wp-content\/uploads\/sites\/11\/2017\/07\/San-Vicente-7.jpg?fit=600%2C416&ssl=1&resize=525%2C300 1.5x"},"classes":[]},{"id":120300,"url":"https:\/\/vincentians.com\/es\/vicente-de-paul-la-fe-que-dio-sentido-a-su-vida-iv-amemos-a-dios-hermanos-mios-amemos-a-dios\/","url_meta":{"origin":134838,"position":3},"title":"Vicente de Pa\u00fal: la fe que dio sentido a su vida. IV. \u00a1Amemos a Dios, hermanos m\u00edos, amemos a Dios!","author":"Francisco Javier Fern\u00e1ndez Chento","date":"03\/01\/2015","format":false,"excerpt":"IV. \u00a1Amemos a Dios, hermanos m\u00edos, amemos a Dios! El descubrimiento de la bondad de Dios no deja a Vi\u00adcente maravillado e inactivo; est\u00e1 en el origen de un dina\u00admismo asombroso que da impulso a toda su vida. Vi\u00e9ndole recomendar la disponibilidad para con la divina Providen\u00adcia, podr\u00edan imaginarse algunos\u2026","rel":"","context":"En \u00abEspiritualidad vicenciana\u00bb","block_context":{"text":"Espiritualidad vicenciana","link":"https:\/\/vincentians.com\/es\/category\/espiritualidad\/espiritualidad-vicenciana\/"},"img":{"alt_text":"Vincent-de-Paul-and-bible-alternate","src":"https:\/\/i0.wp.com\/vicencianos.org\/wp-content\/2013\/04\/Vincent-de-Paul-and-bible-alternate-216x300.jpg?resize=350%2C200","width":350,"height":200},"classes":[]},{"id":117335,"url":"https:\/\/vincentians.com\/es\/evangelizar-siguiendo-a-san-vicente\/","url_meta":{"origin":134838,"position":4},"title":"Evangelizar siguiendo a san Vicente","author":"Francisco Javier Fern\u00e1ndez Chento","date":"14\/11\/2018","format":false,"excerpt":"Una de las opciones en Misiones Populares, tal y como lo hacemos los vicencianos, es el trabajo en equipo, que se compone de Consagrados (Pa\u00fales, Hijas de la Caridad, sacerdotes diocesanos\u2026) y Seglares Vicencianos. No lo hacemos as\u00ed por \"moda\", sino que es una de las urgencias en nuestra sociedad\u2026","rel":"","context":"En \u00abFormaci\u00f3n Vicenciana\u00bb","block_context":{"text":"Formaci\u00f3n Vicenciana","link":"https:\/\/vincentians.com\/es\/category\/formacion-vicenciana\/"},"img":{"alt_text":"","src":"https:\/\/i0.wp.com\/vincentians.com\/es\/wp-content\/uploads\/sites\/11\/2016\/09\/sencillos-como-palomas.jpg?fit=1200%2C630&ssl=1&resize=350%2C200","width":350,"height":200,"srcset":"https:\/\/i0.wp.com\/vincentians.com\/es\/wp-content\/uploads\/sites\/11\/2016\/09\/sencillos-como-palomas.jpg?fit=1200%2C630&ssl=1&resize=350%2C200 1x, https:\/\/i0.wp.com\/vincentians.com\/es\/wp-content\/uploads\/sites\/11\/2016\/09\/sencillos-como-palomas.jpg?fit=1200%2C630&ssl=1&resize=525%2C300 1.5x, https:\/\/i0.wp.com\/vincentians.com\/es\/wp-content\/uploads\/sites\/11\/2016\/09\/sencillos-como-palomas.jpg?fit=1200%2C630&ssl=1&resize=700%2C400 2x, https:\/\/i0.wp.com\/vincentians.com\/es\/wp-content\/uploads\/sites\/11\/2016\/09\/sencillos-como-palomas.jpg?fit=1200%2C630&ssl=1&resize=1050%2C600 3x"},"classes":[]},{"id":131675,"url":"https:\/\/vincentians.com\/es\/amor-y-reverencia-hacia-el-padre\/","url_meta":{"origin":134838,"position":5},"title":"Amor y reverencia hacia el Padre","author":"Francisco Javier Fern\u00e1ndez Chento","date":"07\/02\/2015","format":false,"excerpt":"\"Se acerca la hora, o mejor dicho, ha llegado, en que los que dan culto aut\u00e9ntico dar\u00e1n culto al Padre con esp\u00edritu y verdad, pues de hecho el Padre busca hombres que le adoren as\u00ed. Dios es esp\u00edritu, y los que le adoran han de dar culto con esp\u00edritu y\u2026","rel":"","context":"En \u00abEspiritualidad vicenciana\u00bb","block_context":{"text":"Espiritualidad vicenciana","link":"https:\/\/vincentians.com\/es\/category\/espiritualidad\/espiritualidad-vicenciana\/"},"img":{"alt_text":"dios_nos_cuida","src":"https:\/\/i0.wp.com\/vicencianos.org\/wp-content\/2014\/11\/dios_nos_cuida-300x191.png?resize=350%2C200","width":350,"height":200},"classes":[]}],"_links":{"self":[{"href":"https:\/\/vincentians.com\/es\/wp-json\/wp\/v2\/posts\/134838","targetHints":{"allow":["GET"]}}],"collection":[{"href":"https:\/\/vincentians.com\/es\/wp-json\/wp\/v2\/posts"}],"about":[{"href":"https:\/\/vincentians.com\/es\/wp-json\/wp\/v2\/types\/post"}],"author":[{"embeddable":true,"href":"https:\/\/vincentians.com\/es\/wp-json\/wp\/v2\/users\/4"}],"replies":[{"embeddable":true,"href":"https:\/\/vincentians.com\/es\/wp-json\/wp\/v2\/comments?post=134838"}],"version-history":[{"count":0,"href":"https:\/\/vincentians.com\/es\/wp-json\/wp\/v2\/posts\/134838\/revisions"}],"wp:featuredmedia":[{"embeddable":true,"href":"https:\/\/vincentians.com\/es\/wp-json\/"}],"wp:attachment":[{"href":"https:\/\/vincentians.com\/es\/wp-json\/wp\/v2\/media?parent=134838"}],"wp:term":[{"taxonomy":"category","embeddable":true,"href":"https:\/\/vincentians.com\/es\/wp-json\/wp\/v2\/categories?post=134838"},{"taxonomy":"post_tag","embeddable":true,"href":"https:\/\/vincentians.com\/es\/wp-json\/wp\/v2\/tags?post=134838"}],"curies":[{"name":"wp","href":"https:\/\/api.w.org\/{rel}","templated":true}]}}