{"id":134512,"date":"2014-12-31T08:12:22","date_gmt":"2014-12-31T07:12:22","guid":{"rendered":"http:\/\/somos.vicencianos.org\/?p=134512"},"modified":"2016-07-26T19:18:01","modified_gmt":"2016-07-26T17:18:01","slug":"dos-papas-santos-simpatizantes-del-carisma-vicentino","status":"publish","type":"post","link":"https:\/\/vincentians.com\/es\/dos-papas-santos-simpatizantes-del-carisma-vicentino\/","title":{"rendered":"Dos papas santos simpatizantes del carisma vicentino"},"content":{"rendered":"<p><a href=\"https:\/\/i0.wp.com\/vicencianos.org\/wp-content\/2014\/12\/juan23_y_juanpablo2.jpg\"><img data-recalc-dims=\"1\" loading=\"lazy\" decoding=\"async\" class=\"alignright  wp-image-134513\" src=\"https:\/\/i0.wp.com\/vicencianos.org\/wp-content\/2014\/12\/juan23_y_juanpablo2.jpg?resize=484%2C282\" alt=\"juan23_y_juanpablo2\" width=\"484\" height=\"282\" \/><\/a>El Papa Francisco canoniz\u00f3 a los papas Juan XXIII (1881\u20131963) y Juan Pablo II (1929\u20132005) el 27 de abril de 2014 en Roma, en el contexto del 50 aniversario de la apertura del Concilio Vaticano II convocado por el papa Roncalli, convirti\u00e9ndose as\u00ed en los otros pont\u00edfices proclamados santos en los \u00faltimos 100 a\u00f1os junto con P\u00edo X.<\/p>\n<p>En ocasi\u00f3n de este acontecimiento importante de la Iglesia nos permite acercarnos a sus escritos para recordar sus palabras a la Familia Vicentina, especialmente a la Congregaci\u00f3n de la Misi\u00f3n.<\/p>\n<p>Juan XXII envi\u00f3 una carta el 20 de febrero de 1960 al P. William Slattery, Superior de la Congregaci\u00f3n de la Misi\u00f3n en el III Centenario de la muerte de San Vicente de Pa\u00fal y Santa Luisa de Marillac en la cual dice:<\/p>\n<p style=\"padding-left: 30px\">\u00abDe ordinario, despu\u00e9s de cada uno de los concilios ecum\u00e9nicos, han surgido h\u00e9roes cristianos\u2026\u00a1Cu\u00e1ntos santos surgieron! Entre ellos, Vicente de Pa\u00fal, alma selecta entre tantos selectos, \u00a1cu\u00e1nto bien proporcion\u00f3 al pueblo cristiano! Ensanch\u00f3 los pensamientos del esp\u00edritu humano y multiplic\u00f3 los prodigios del Se\u00f1or, que trabajaba maravillosamente. Diole Dios sabidur\u00eda y un gran entendimiento y anchura de coraz\u00f3n como la arena que est\u00e1 a orillas del mar (cf. III Reg. IV, 29)\u2026 Ten\u00eda un claro entendimiento para tratar los asuntos con asombrosa lucidez; pose\u00eda una incre\u00edble habilidad para solucionarlo todo; gozaba igualmente de gran firmeza y voluntad, pocas veces llevadas a tan alto grado, y ambas se un\u00edan felizmente en \u00e9l para servir con ternura de alma. Abrasado por una perpetua llama de caridad, se desgastaba por Cristo, la Iglesia y los pobres y desgraciados, a los que llamaba sus \u00abAmos\u00bb\u00bb.<\/p>\n<p>Y se refiere a la Familia Vicentina diciendo:<\/p>\n<p style=\"padding-left: 30px\">\u00abPrueba de ello es la admirable fecundidad del \u00e1rbol vicentino y su posteridad tan maravillosamente extendida. La Congregaci\u00f3n de la Misi\u00f3n fue fundada por \u00e9l para remediar urgentes y apremiantes necesidades. Se propuso con el mayor empe\u00f1o\u2026 asegurar la formaci\u00f3n del clero y mediante los Ejercicios Espirituales, promover continuos progresos en una forma de vida apost\u00f3lica cada vez m\u00e1s pura. Organiz\u00f3 tambi\u00e9n misiones parroquiales\u2026 Las Hijas de la Caridad, consagradas a alimentar la llama del amor de Dios y que reconocen como Padre a San Vicente de Pa\u00fal&#8230; Damas de la Caridad y Luisas de Marillac, las \u00abPeque\u00f1as Amigas de los Pobres\u00bb y las Conferencias de San Vicente de Pa\u00fal, establecidas a impulsos de Federico Ozanam, sin olvidar innumerables asociaciones y obras de caridad extendidas por todo el mundo, se glor\u00edan con su patrocinio, con estar animadas de su esp\u00edritu y a veces de llevar el nombre de Vicente de Pa\u00fal o Luisa de Marillac. Muchos son los trabajos, emprendidos con alegr\u00eda y entusiasmo, que los tienen como a impulsores y protectores. Por todas partes, este ej\u00e9rcito pac\u00edfico, bajo el estandarte del Evangelio, lucha contra la multiplicidad de las miserias y multiplica sus consuelos entre los innumerables afligidos y desgraciados\u00bb.<\/p>\n<p>La caridad es el motor de las obras vicentinas:<\/p>\n<p style=\"padding-left: 30px\">\u00abEsta caridad debe alimentarse y fundarse en los mismos motivos e intenciones sobrenaturales de los que estaba penetrado San Vicente de Pa\u00fal. Pero exige con claridad otras manifestaciones y otros medios\u2026 Que su esp\u00edritu se nos haga m\u00e1s familiar para levantar al que est\u00e1 ca\u00eddo, socorrer al que sufre y reanimar al que est\u00e1 oprimido por la dura necesidad\u00bb.<\/p>\n<p>El \u00abPapa bueno\u00bb proclama en 1960 a Santa Luisa de Marillac \u00abPatrona de los Asistentes Sociales\u00bb y el 17 de marzo de 1963 declara beata a Isabel Ana Seton, quien fue canonizada por el Papa Pablo VI el 14 de septiembre de 1975.<\/p>\n<p>Por otra parte, Juan Pablo II se dirigi\u00f3 a la Familia Vicenciana en varias ocasiones. Para la Congregaci\u00f3n de la Misi\u00f3n dio alocuciones y cartas a Asambleas Generales, diversos Discursos en ocasi\u00f3n de Canonizaciones de misioneros vicentinos, etc. Recordemos algunos de ellos:<\/p>\n<p>En la Alocuci\u00f3n a la XXXVII Asamblea General (1986) manifiesta su sorpresa de los asamble\u00edstas de avanzar en tres direcciones: \u00abEl compromiso m\u00e1s claro al servicio de los pobres, el relanzamiento de la vida comunitaria y la nece- sidad de recibir la formaci\u00f3n para la misi\u00f3n\u00bb.<\/p>\n<p style=\"padding-left: 30px\">\u00abDesde el siglo XVII, las formas de pobreza han cambiado. Podr\u00edamos decir que \u00e9stas no han retrocedido. El progreso de la ciencia, de sus aplicaciones, el desarrollo industrial y el crecimiento a veces incoherente del mundo urbano, han engendrado nuevos pobres que sufren tanto y sin duda m\u00e1s que las poblaciones rurales y urbanas de los siglos pasados. Sin monopolizar la caridad y la acci\u00f3n social, Vicente remover\u00eda cielo y tierra para ir en ayuda de lo pobres de hoy para evangelizarlos\u2026 Queridos Padres y Hermanos de la Misi\u00f3n: M\u00e1s que nunca, con audacia, humildad y competencia, buscad las causas de la pobreza y estimulad las soluciones a corto y a largo plazo soluciones concretas, flexibles, eficaces. Si actu\u00e1is as\u00ed cooperar\u00e9is a la credibilidad del Evangelio y de la Iglesia. Pero sin esperar m\u00e1s, vivid al lado de los pobres y actuad de manera que no se vean privados nunca de la Buena Nueva de Jesucristo\u00bb.<\/p>\n<p>Sobre la vida comunitaria afirma:<\/p>\n<p style=\"padding-left: 30px\">\u00abEs propio de cada comunidad establecer bien su proyecto. Y cada miembro ha de ponerlo en pr\u00e1ctica. Os animo vivamente a que reserv\u00e9is un tiempo fuerte cada semana o cada quince d\u00edas a profundizar el misterio de la oraci\u00f3n para impregnaros de los escritos tan vivos de vuestro Fundador, para juzgar serenamente vuestras actividades apost\u00f3licas, para revisar con precisi\u00f3n la marcha de vuestra vida fraterna\u2026 Los miembros de una comunidad\u2026 tienen que ayudarle a mantener bien la orientaci\u00f3n hacia las exigencias vicencianas con paciencia. \u00a1Que vuestros hu\u00e9spedes, que los que habitan en vuestras residencias, sean testigos, incluso me atrevo a decir, transformadores, de vuestra sencillez de vida y de vuestra dignidad, de vuestra pobreza y de vuestra alegr\u00eda, de vuestra comprensi\u00f3n de los problemas de este tiempo y de vuestro ardor apost\u00f3lico!\u00bb<\/p>\n<p>Y sobre la Formaci\u00f3n anima:<\/p>\n<p style=\"padding-left: 30px\">\u00abPara que realc\u00e9is y renov\u00e9is la formaci\u00f3n para la misi\u00f3n. Sin la menor duda, si San Vicente viviera hoy mantendr\u00eda contra viento y marea la intimidad con Dios, el sentido de Dios. Dar\u00eda gran resonancia a los textos conciliares invitando a los sacerdotes a enraizar la: unidad de su vida y de su acci\u00f3n en la caridad pastoral de Cristo, el \u00fanico Pastor. Y en el plan preciso de la formaci\u00f3n habr\u00eda acu\u00f1ado abundantemente el decreto sobre la formaci\u00f3n de los sacerdotes. Yo no insistir\u00eda en una evidencia, a saber, los cambios actuales y futuros de la sociedad. Pensemos s\u00f3lo en las misiones populares\u2026 en la formaci\u00f3n espiritual, doctrinal y pastoral profunda s\u00f3lida y adaptada a las necesidades de nuestro tiempo\u00bb.<\/p>\n<p>El 2 de junio de 1996, con motivo de la canonizaci\u00f3n de San Juan Gabriel Perboyre, Juan Pablo II dec\u00eda de \u00e9l:<\/p>\n<p style=\"padding-left: 30px\">\u00abTen\u00eda una \u00fanica pasi\u00f3n: Cristo y el anuncio de su Evangelio. Y por su fidelidad a esa pasi\u00f3n, tambi\u00e9n \u00e9l se hall\u00f3 en- tre los humillados y los condenados; por eso la Iglesia puede proclamar hoy solemnemente su gloria en el coro de los santos del cielo\u00bb.<\/p>\n<p>En el mensaje del 18 de julio de 2004 de Juan Pablo II al P. Gregorio Gay, nuevo Superior General y a los miembros de la XL Asamblea General afirma:<\/p>\n<p style=\"padding-left: 30px\">\u00abSu fundador estaba profundamente convencido de la eficacia de la caridad divina (cf. Vita Consecrata, 75) y animaba a todos sus hijos espirituales a ver, amar y servir a Cristo en los pobres. Conf\u00edo que, manteni\u00e9ndose fieles a la visi\u00f3n de San Vicente, est\u00e9n m\u00e1s capacitados para formar a otros, laicos y cl\u00e9rigos, para la tarea de predicar el evangelio hoy\u00bb.<\/p>\n<p style=\"padding-left: 30px\">\u00abHermanos m\u00edos, les apremio a que, al planificar su futuro, acojan en su coraz\u00f3n estas palabras. Recuerden que toda actividad apost\u00f3lica encuentra su eficacia de la \u00edntima relaci\u00f3n personal con Cristo. Cuanto m\u00e1s se abreven en las fuentes de la vida cristiana y de la santidad, a trav\u00e9s de un compromiso cada d\u00eda m\u00e1s profundo en la oraci\u00f3n personal y lit\u00fargica, m\u00e1s profundamente se conformar\u00e1n con Aqu\u00e9l a quien sirven. Con el coraz\u00f3n abierto al amor de Dios, ser\u00e1n capaces de ser testigos eficientes en un mundo que grita hambreando la curaci\u00f3n que s\u00f3lo Dios puede dar\u00bb.<\/p>\n<p style=\"padding-left: 30px\">\u00abSu Congregaci\u00f3n est\u00e1 llamada a explorar nuevos caminos para comunicar el mensaje liberador del Evangelio a nuestros hermanos y hermanas que sufren. \u2026 es esencial destinar sacerdotes ejemplares a este trabajo: sacerdotes con madurez humana y espiritual, experiencia pastoral, competencia profesional, capaces de trabajar en equipo (cf. Pastores Dabo Vobis, 66)\u00bb.<\/p>\n<p>Concluye diciendo:<\/p>\n<p>\u00abTienen \u00abuna gran historia por cumplir\u00bb (Vita Consecrata, 110)&#8230; Mientras buscan c\u00f3mo vivir mejor el carisma vicenciano, mi mensaje es \u00e9ste: \u00abDuc in altum!\u00bb, \u00ab\u00a1Boguen mar adentro!\u00bb (Lc 5, 4). No teman arriesgarse, echen las redes para la pesca. \u00a1El Se\u00f1or mismo ser\u00e1 su gu\u00eda!\u00bb<\/p>\n<p>Sin duda que las palabras de estos dos papas santos han estimulado a toda la Familia Vicenciana la vivencia del carisma vicentino.<\/p>\n","protected":false},"excerpt":{"rendered":"<p>El Papa Francisco canoniz\u00f3 a los papas Juan XXIII (1881\u20131963) y Juan Pablo II (1929\u20132005) el 27 de abril de 2014 en Roma, en el contexto del 50 aniversario de la apertura del Concilio Vaticano &#8230; <a href=\"https:\/\/vincentians.com\/es\/dos-papas-santos-simpatizantes-del-carisma-vicentino\/\" class=\"more-link\">Read More<\/a><\/p>\n","protected":false},"author":4,"featured_media":134513,"comment_status":"open","ping_status":"open","sticky":false,"template":"","format":"standard","meta":{"jetpack_post_was_ever_published":false,"_jetpack_newsletter_access":"","_jetpack_dont_email_post_to_subs":false,"_jetpack_newsletter_tier_id":0,"_jetpack_memberships_contains_paywalled_content":false,"_jetpack_memberships_contains_paid_content":false,"footnotes":"","jetpack_publicize_message":"","jetpack_publicize_feature_enabled":true,"jetpack_social_post_already_shared":true,"jetpack_social_options":{"image_generator_settings":{"template":"highway","default_image_id":0,"font":"","enabled":false},"version":2}},"categories":[28],"tags":[196,172],"class_list":["post-134512","post","type-post","status-publish","format-standard","has-post-thumbnail","hentry","category-formacion-vicenciana","tag-perboyre","tag-pobreza"],"yoast_head":"<!-- This site is optimized with the Yoast SEO plugin v26.3 - https:\/\/yoast.com\/wordpress\/plugins\/seo\/ -->\n<title>Dos papas santos simpatizantes del carisma vicentino - Somos Vicencianos<\/title>\n<meta name=\"robots\" content=\"index, follow, max-snippet:-1, max-image-preview:large, max-video-preview:-1\" \/>\n<link rel=\"canonical\" href=\"https:\/\/vincentians.com\/es\/dos-papas-santos-simpatizantes-del-carisma-vicentino\/\" \/>\n<meta property=\"og:locale\" content=\"es_ES\" \/>\n<meta property=\"og:type\" content=\"article\" \/>\n<meta property=\"og:title\" content=\"Dos papas santos simpatizantes del carisma vicentino - Somos Vicencianos\" \/>\n<meta property=\"og:description\" content=\"El Papa Francisco canoniz\u00f3 a los papas Juan XXIII (1881\u20131963) y Juan Pablo II (1929\u20132005) el 27 de abril de 2014 en Roma, en el contexto del 50 aniversario de la apertura del Concilio Vaticano ... Read More\" \/>\n<meta property=\"og:url\" content=\"https:\/\/vincentians.com\/es\/dos-papas-santos-simpatizantes-del-carisma-vicentino\/\" \/>\n<meta property=\"og:site_name\" content=\"Somos Vicencianos\" \/>\n<meta property=\"article:publisher\" content=\"https:\/\/www.facebook.com\/WeAreVincentians\/\" \/>\n<meta property=\"article:author\" content=\"https:\/\/www.facebook.com\/JavierChento\" \/>\n<meta property=\"article:published_time\" content=\"2014-12-31T07:12:22+00:00\" \/>\n<meta property=\"article:modified_time\" content=\"2016-07-26T17:18:01+00:00\" \/>\n<meta name=\"author\" content=\"Francisco Javier Fern\u00e1ndez Chento\" \/>\n<meta name=\"twitter:card\" content=\"summary_large_image\" \/>\n<meta name=\"twitter:creator\" content=\"@https:\/\/twitter.com\/javierchento\" \/>\n<meta name=\"twitter:site\" content=\"@WeVincentians\" \/>\n<meta name=\"twitter:label1\" content=\"Escrito por\" \/>\n\t<meta name=\"twitter:data1\" content=\"Francisco Javier Fern\u00e1ndez Chento\" \/>\n\t<meta name=\"twitter:label2\" content=\"Tiempo de lectura\" \/>\n\t<meta name=\"twitter:data2\" content=\"8 minutos\" \/>\n<script type=\"application\/ld+json\" class=\"yoast-schema-graph\">{\"@context\":\"https:\/\/schema.org\",\"@graph\":[{\"@type\":\"Article\",\"@id\":\"https:\/\/vincentians.com\/es\/dos-papas-santos-simpatizantes-del-carisma-vicentino\/#article\",\"isPartOf\":{\"@id\":\"https:\/\/vincentians.com\/es\/dos-papas-santos-simpatizantes-del-carisma-vicentino\/\"},\"author\":{\"name\":\"Francisco Javier Fern\u00e1ndez Chento\",\"@id\":\"http:\/\/vincentians.com\/es\/#\/schema\/person\/9623ef4d9aa3b2dfb8c061f1499288f2\"},\"headline\":\"Dos papas santos simpatizantes del carisma vicentino\",\"datePublished\":\"2014-12-31T07:12:22+00:00\",\"dateModified\":\"2016-07-26T17:18:01+00:00\",\"mainEntityOfPage\":{\"@id\":\"https:\/\/vincentians.com\/es\/dos-papas-santos-simpatizantes-del-carisma-vicentino\/\"},\"wordCount\":1579,\"commentCount\":0,\"publisher\":{\"@id\":\"http:\/\/vincentians.com\/es\/#organization\"},\"image\":{\"@id\":\"https:\/\/vincentians.com\/es\/dos-papas-santos-simpatizantes-del-carisma-vicentino\/#primaryimage\"},\"thumbnailUrl\":\"\",\"keywords\":[\"Perboyre\",\"Pobreza\"],\"articleSection\":[\"Formaci\u00f3n Vicenciana\"],\"inLanguage\":\"es\",\"potentialAction\":[{\"@type\":\"CommentAction\",\"name\":\"Comment\",\"target\":[\"https:\/\/vincentians.com\/es\/dos-papas-santos-simpatizantes-del-carisma-vicentino\/#respond\"]}]},{\"@type\":\"WebPage\",\"@id\":\"https:\/\/vincentians.com\/es\/dos-papas-santos-simpatizantes-del-carisma-vicentino\/\",\"url\":\"https:\/\/vincentians.com\/es\/dos-papas-santos-simpatizantes-del-carisma-vicentino\/\",\"name\":\"Dos papas santos simpatizantes del carisma vicentino - Somos Vicencianos\",\"isPartOf\":{\"@id\":\"http:\/\/vincentians.com\/es\/#website\"},\"primaryImageOfPage\":{\"@id\":\"https:\/\/vincentians.com\/es\/dos-papas-santos-simpatizantes-del-carisma-vicentino\/#primaryimage\"},\"image\":{\"@id\":\"https:\/\/vincentians.com\/es\/dos-papas-santos-simpatizantes-del-carisma-vicentino\/#primaryimage\"},\"thumbnailUrl\":\"\",\"datePublished\":\"2014-12-31T07:12:22+00:00\",\"dateModified\":\"2016-07-26T17:18:01+00:00\",\"breadcrumb\":{\"@id\":\"https:\/\/vincentians.com\/es\/dos-papas-santos-simpatizantes-del-carisma-vicentino\/#breadcrumb\"},\"inLanguage\":\"es\",\"potentialAction\":[{\"@type\":\"ReadAction\",\"target\":[\"https:\/\/vincentians.com\/es\/dos-papas-santos-simpatizantes-del-carisma-vicentino\/\"]}]},{\"@type\":\"ImageObject\",\"inLanguage\":\"es\",\"@id\":\"https:\/\/vincentians.com\/es\/dos-papas-santos-simpatizantes-del-carisma-vicentino\/#primaryimage\",\"url\":\"\",\"contentUrl\":\"\"},{\"@type\":\"BreadcrumbList\",\"@id\":\"https:\/\/vincentians.com\/es\/dos-papas-santos-simpatizantes-del-carisma-vicentino\/#breadcrumb\",\"itemListElement\":[{\"@type\":\"ListItem\",\"position\":1,\"name\":\"Portada\",\"item\":\"http:\/\/vincentians.com\/es\/\"},{\"@type\":\"ListItem\",\"position\":2,\"name\":\"Dos papas santos simpatizantes del carisma vicentino\"}]},{\"@type\":\"WebSite\",\"@id\":\"http:\/\/vincentians.com\/es\/#website\",\"url\":\"http:\/\/vincentians.com\/es\/\",\"name\":\"Somos Vicencianos\",\"description\":\"Know more to serve more\",\"publisher\":{\"@id\":\"http:\/\/vincentians.com\/es\/#organization\"},\"potentialAction\":[{\"@type\":\"SearchAction\",\"target\":{\"@type\":\"EntryPoint\",\"urlTemplate\":\"http:\/\/vincentians.com\/es\/?s={search_term_string}\"},\"query-input\":{\"@type\":\"PropertyValueSpecification\",\"valueRequired\":true,\"valueName\":\"search_term_string\"}}],\"inLanguage\":\"es\"},{\"@type\":\"Organization\",\"@id\":\"http:\/\/vincentians.com\/es\/#organization\",\"name\":\"The Vincentian Network\",\"url\":\"http:\/\/vincentians.com\/es\/\",\"logo\":{\"@type\":\"ImageObject\",\"inLanguage\":\"es\",\"@id\":\"http:\/\/vincentians.com\/es\/#\/schema\/logo\/image\/\",\"url\":\"https:\/\/i1.wp.com\/vincentians.com\/es\/wp-content\/uploads\/sites\/11\/2016\/06\/Vincentian-Network-logo-big.png?fit=778%2C778\",\"contentUrl\":\"https:\/\/i1.wp.com\/vincentians.com\/es\/wp-content\/uploads\/sites\/11\/2016\/06\/Vincentian-Network-logo-big.png?fit=778%2C778\",\"width\":778,\"height\":778,\"caption\":\"The Vincentian Network\"},\"image\":{\"@id\":\"http:\/\/vincentians.com\/es\/#\/schema\/logo\/image\/\"},\"sameAs\":[\"https:\/\/www.facebook.com\/WeAreVincentians\/\",\"https:\/\/x.com\/WeVincentians\"]},{\"@type\":\"Person\",\"@id\":\"http:\/\/vincentians.com\/es\/#\/schema\/person\/9623ef4d9aa3b2dfb8c061f1499288f2\",\"name\":\"Francisco Javier Fern\u00e1ndez Chento\",\"image\":{\"@type\":\"ImageObject\",\"inLanguage\":\"es\",\"@id\":\"http:\/\/vincentians.com\/es\/#\/schema\/person\/image\/\",\"url\":\"https:\/\/secure.gravatar.com\/avatar\/497d5cde87b4c3d097d0315953521681ba2cd523ee66e5077c3711f7021e65de?s=96&d=mm&r=g\",\"contentUrl\":\"https:\/\/secure.gravatar.com\/avatar\/497d5cde87b4c3d097d0315953521681ba2cd523ee66e5077c3711f7021e65de?s=96&d=mm&r=g\",\"caption\":\"Francisco Javier Fern\u00e1ndez Chento\"},\"description\":\"Director General y cofundador de La Red de Formaci\u00f3n Vicenciana. Javier es laico vicenciano, afiliado a la Congregaci\u00f3n de la Misi\u00f3n y miembro del Equipo de Misiones Populares de la provincia can\u00f3nica de Zaragoza (Espa\u00f1a) de la Congregaci\u00f3n de la Misi\u00f3n. Graduado en la Universidad Oberta de Catalunya con cuatro grados (Asistente de direcci\u00f3n, Gesti\u00f3n Administrativa, Recursos Humanos y Contabilidad Avanzada). Bil\u00edng\u00fce Espa\u00f1ol\/Ingl\u00e9s. gestiona y mantiene varias p\u00e1ginas web cristianas y vicencianas, incluida including La Red de Formaci\u00f3n Vicenciana, de la que es cofundador. Actualmente es responsable del \u00e1rea de Espa\u00f1ol de .famvin, la Red de Noticias de la Familia Vicenciana. Tambi\u00e9n es m\u00fasico cat\u00f3lico y ha editado varios discos. Es Director General y cofundador de Trovador, una reconocida compa\u00f1\u00eda discogr\u00e1fica critiana de Espa\u00f1a. Trabaja en las Tecnolog\u00edas de la Informaci\u00f3n, ofreciendo servicios de alojamiento, dise\u00f1o y mantenimiento Web, as\u00ed como asesoramiento, formaci\u00f3n y soluciones inform\u00e1ticas, gesti\u00f3n documental y digitalizaci\u00f3n de textos, edici\u00f3n y maquetaci\u00f3n de libros, revistas, flyers, etc.\",\"sameAs\":[\"http:\/\/chento.org\",\"https:\/\/www.facebook.com\/JavierChento\",\"https:\/\/x.com\/https:\/\/twitter.com\/javierchento\"],\"url\":\"https:\/\/vincentians.com\/es\/author\/chento\/\"}]}<\/script>\n<!-- \/ Yoast SEO plugin. -->","yoast_head_json":{"title":"Dos papas santos simpatizantes del carisma vicentino - Somos Vicencianos","robots":{"index":"index","follow":"follow","max-snippet":"max-snippet:-1","max-image-preview":"max-image-preview:large","max-video-preview":"max-video-preview:-1"},"canonical":"https:\/\/vincentians.com\/es\/dos-papas-santos-simpatizantes-del-carisma-vicentino\/","og_locale":"es_ES","og_type":"article","og_title":"Dos papas santos simpatizantes del carisma vicentino - Somos Vicencianos","og_description":"El Papa Francisco canoniz\u00f3 a los papas Juan XXIII (1881\u20131963) y Juan Pablo II (1929\u20132005) el 27 de abril de 2014 en Roma, en el contexto del 50 aniversario de la apertura del Concilio Vaticano ... Read More","og_url":"https:\/\/vincentians.com\/es\/dos-papas-santos-simpatizantes-del-carisma-vicentino\/","og_site_name":"Somos Vicencianos","article_publisher":"https:\/\/www.facebook.com\/WeAreVincentians\/","article_author":"https:\/\/www.facebook.com\/JavierChento","article_published_time":"2014-12-31T07:12:22+00:00","article_modified_time":"2016-07-26T17:18:01+00:00","author":"Francisco Javier Fern\u00e1ndez Chento","twitter_card":"summary_large_image","twitter_creator":"@https:\/\/twitter.com\/javierchento","twitter_site":"@WeVincentians","twitter_misc":{"Escrito por":"Francisco Javier Fern\u00e1ndez Chento","Tiempo de lectura":"8 minutos"},"schema":{"@context":"https:\/\/schema.org","@graph":[{"@type":"Article","@id":"https:\/\/vincentians.com\/es\/dos-papas-santos-simpatizantes-del-carisma-vicentino\/#article","isPartOf":{"@id":"https:\/\/vincentians.com\/es\/dos-papas-santos-simpatizantes-del-carisma-vicentino\/"},"author":{"name":"Francisco Javier Fern\u00e1ndez Chento","@id":"http:\/\/vincentians.com\/es\/#\/schema\/person\/9623ef4d9aa3b2dfb8c061f1499288f2"},"headline":"Dos papas santos simpatizantes del carisma vicentino","datePublished":"2014-12-31T07:12:22+00:00","dateModified":"2016-07-26T17:18:01+00:00","mainEntityOfPage":{"@id":"https:\/\/vincentians.com\/es\/dos-papas-santos-simpatizantes-del-carisma-vicentino\/"},"wordCount":1579,"commentCount":0,"publisher":{"@id":"http:\/\/vincentians.com\/es\/#organization"},"image":{"@id":"https:\/\/vincentians.com\/es\/dos-papas-santos-simpatizantes-del-carisma-vicentino\/#primaryimage"},"thumbnailUrl":"","keywords":["Perboyre","Pobreza"],"articleSection":["Formaci\u00f3n Vicenciana"],"inLanguage":"es","potentialAction":[{"@type":"CommentAction","name":"Comment","target":["https:\/\/vincentians.com\/es\/dos-papas-santos-simpatizantes-del-carisma-vicentino\/#respond"]}]},{"@type":"WebPage","@id":"https:\/\/vincentians.com\/es\/dos-papas-santos-simpatizantes-del-carisma-vicentino\/","url":"https:\/\/vincentians.com\/es\/dos-papas-santos-simpatizantes-del-carisma-vicentino\/","name":"Dos papas santos simpatizantes del carisma vicentino - Somos Vicencianos","isPartOf":{"@id":"http:\/\/vincentians.com\/es\/#website"},"primaryImageOfPage":{"@id":"https:\/\/vincentians.com\/es\/dos-papas-santos-simpatizantes-del-carisma-vicentino\/#primaryimage"},"image":{"@id":"https:\/\/vincentians.com\/es\/dos-papas-santos-simpatizantes-del-carisma-vicentino\/#primaryimage"},"thumbnailUrl":"","datePublished":"2014-12-31T07:12:22+00:00","dateModified":"2016-07-26T17:18:01+00:00","breadcrumb":{"@id":"https:\/\/vincentians.com\/es\/dos-papas-santos-simpatizantes-del-carisma-vicentino\/#breadcrumb"},"inLanguage":"es","potentialAction":[{"@type":"ReadAction","target":["https:\/\/vincentians.com\/es\/dos-papas-santos-simpatizantes-del-carisma-vicentino\/"]}]},{"@type":"ImageObject","inLanguage":"es","@id":"https:\/\/vincentians.com\/es\/dos-papas-santos-simpatizantes-del-carisma-vicentino\/#primaryimage","url":"","contentUrl":""},{"@type":"BreadcrumbList","@id":"https:\/\/vincentians.com\/es\/dos-papas-santos-simpatizantes-del-carisma-vicentino\/#breadcrumb","itemListElement":[{"@type":"ListItem","position":1,"name":"Portada","item":"http:\/\/vincentians.com\/es\/"},{"@type":"ListItem","position":2,"name":"Dos papas santos simpatizantes del carisma vicentino"}]},{"@type":"WebSite","@id":"http:\/\/vincentians.com\/es\/#website","url":"http:\/\/vincentians.com\/es\/","name":"Somos Vicencianos","description":"Know more to serve more","publisher":{"@id":"http:\/\/vincentians.com\/es\/#organization"},"potentialAction":[{"@type":"SearchAction","target":{"@type":"EntryPoint","urlTemplate":"http:\/\/vincentians.com\/es\/?s={search_term_string}"},"query-input":{"@type":"PropertyValueSpecification","valueRequired":true,"valueName":"search_term_string"}}],"inLanguage":"es"},{"@type":"Organization","@id":"http:\/\/vincentians.com\/es\/#organization","name":"The Vincentian Network","url":"http:\/\/vincentians.com\/es\/","logo":{"@type":"ImageObject","inLanguage":"es","@id":"http:\/\/vincentians.com\/es\/#\/schema\/logo\/image\/","url":"https:\/\/i1.wp.com\/vincentians.com\/es\/wp-content\/uploads\/sites\/11\/2016\/06\/Vincentian-Network-logo-big.png?fit=778%2C778","contentUrl":"https:\/\/i1.wp.com\/vincentians.com\/es\/wp-content\/uploads\/sites\/11\/2016\/06\/Vincentian-Network-logo-big.png?fit=778%2C778","width":778,"height":778,"caption":"The Vincentian Network"},"image":{"@id":"http:\/\/vincentians.com\/es\/#\/schema\/logo\/image\/"},"sameAs":["https:\/\/www.facebook.com\/WeAreVincentians\/","https:\/\/x.com\/WeVincentians"]},{"@type":"Person","@id":"http:\/\/vincentians.com\/es\/#\/schema\/person\/9623ef4d9aa3b2dfb8c061f1499288f2","name":"Francisco Javier Fern\u00e1ndez Chento","image":{"@type":"ImageObject","inLanguage":"es","@id":"http:\/\/vincentians.com\/es\/#\/schema\/person\/image\/","url":"https:\/\/secure.gravatar.com\/avatar\/497d5cde87b4c3d097d0315953521681ba2cd523ee66e5077c3711f7021e65de?s=96&d=mm&r=g","contentUrl":"https:\/\/secure.gravatar.com\/avatar\/497d5cde87b4c3d097d0315953521681ba2cd523ee66e5077c3711f7021e65de?s=96&d=mm&r=g","caption":"Francisco Javier Fern\u00e1ndez Chento"},"description":"Director General y cofundador de La Red de Formaci\u00f3n Vicenciana. Javier es laico vicenciano, afiliado a la Congregaci\u00f3n de la Misi\u00f3n y miembro del Equipo de Misiones Populares de la provincia can\u00f3nica de Zaragoza (Espa\u00f1a) de la Congregaci\u00f3n de la Misi\u00f3n. Graduado en la Universidad Oberta de Catalunya con cuatro grados (Asistente de direcci\u00f3n, Gesti\u00f3n Administrativa, Recursos Humanos y Contabilidad Avanzada). Bil\u00edng\u00fce Espa\u00f1ol\/Ingl\u00e9s. gestiona y mantiene varias p\u00e1ginas web cristianas y vicencianas, incluida including La Red de Formaci\u00f3n Vicenciana, de la que es cofundador. Actualmente es responsable del \u00e1rea de Espa\u00f1ol de .famvin, la Red de Noticias de la Familia Vicenciana. Tambi\u00e9n es m\u00fasico cat\u00f3lico y ha editado varios discos. Es Director General y cofundador de Trovador, una reconocida compa\u00f1\u00eda discogr\u00e1fica critiana de Espa\u00f1a. Trabaja en las Tecnolog\u00edas de la Informaci\u00f3n, ofreciendo servicios de alojamiento, dise\u00f1o y mantenimiento Web, as\u00ed como asesoramiento, formaci\u00f3n y soluciones inform\u00e1ticas, gesti\u00f3n documental y digitalizaci\u00f3n de textos, edici\u00f3n y maquetaci\u00f3n de libros, revistas, flyers, etc.","sameAs":["http:\/\/chento.org","https:\/\/www.facebook.com\/JavierChento","https:\/\/x.com\/https:\/\/twitter.com\/javierchento"],"url":"https:\/\/vincentians.com\/es\/author\/chento\/"}]}},"jetpack_publicize_connections":[],"jetpack_featured_media_url":"","jetpack_sharing_enabled":true,"jetpack_shortlink":"https:\/\/wp.me\/p7ETMF-yZy","jetpack-related-posts":[{"id":138493,"url":"https:\/\/vincentians.com\/es\/exhortacion-apostolica-evangelii-nuntiandi\/","url_meta":{"origin":134512,"position":0},"title":"Exhortaci\u00f3n Apost\u00f3lica \u00abEvangelii nuntiandi\u00bb","author":"Francisco Javier Fern\u00e1ndez Chento","date":"06\/02\/2015","format":false,"excerpt":"\u00a0 Descarga la Exhortaci\u00f3n Apost\u00f3lica \"Evangelii nuntiandi\" en formato PDF aqu\u00ed: Formato PDF (pincha en la imagen para descargar)","rel":"","context":"En \u00abDocumentos Pontificios\u00bb","block_context":{"text":"Documentos Pontificios","link":"https:\/\/vincentians.com\/es\/category\/formacion-cristiana\/documentos-pontificios\/"},"img":{"alt_text":"PDF","src":"https:\/\/i0.wp.com\/vicencianos.org\/wp-content\/2015\/02\/evangelii_nuntiandi.jpg?resize=350%2C200","width":350,"height":200},"classes":[]},{"id":141245,"url":"https:\/\/vincentians.com\/es\/ano-de-la-vida-consagrada\/","url_meta":{"origin":134512,"position":1},"title":"A\u00f1o de la Vida Consagrada","author":"Francisco Javier Fern\u00e1ndez Chento","date":"08\/03\/2015","format":false,"excerpt":"Cuando se lee o se estudia la Historia de la Espiritualidad Cristiana, aparece \u00e9sta en buena medida determinada por los grandes maestros que han impulsado o protagonizado la vida consagrada: San Basilio, San Agust\u00edn, San Benito, San Bernardo, San Francisco de As\u00eds, Santo Domingo de Guzm\u00e1n\u2026 A trav\u00e9s de todos\u2026","rel":"","context":"En \u00abFormaci\u00f3n Cristiana\u00bb","block_context":{"text":"Formaci\u00f3n Cristiana","link":"https:\/\/vincentians.com\/es\/category\/formacion-cristiana\/"},"img":{"alt_text":"vida_consagrada","src":"https:\/\/i0.wp.com\/vicencianos.org\/wp-content\/2015\/03\/vida_consagrada.jpg?resize=350%2C200","width":350,"height":200,"srcset":"https:\/\/i0.wp.com\/vicencianos.org\/wp-content\/2015\/03\/vida_consagrada.jpg?resize=350%2C200 1x, https:\/\/i0.wp.com\/vicencianos.org\/wp-content\/2015\/03\/vida_consagrada.jpg?resize=525%2C300 1.5x"},"classes":[]},{"id":108450,"url":"https:\/\/vincentians.com\/es\/a-50-anos-del-concilio-vaicano-ii-homenaje-memoria-y-actualizacion-del-acontecimiento-eclesial-mas-importante-del-siglo-xx\/","url_meta":{"origin":134512,"position":2},"title":"A 50 a\u00f1os del Concilio Vaticano II: Homenaje, memoria y actualizaci\u00f3n del acontecimiento eclesial m\u00e1s importante del siglo XX","author":"Francisco Javier Fern\u00e1ndez Chento","date":"24\/09\/2012","format":false,"excerpt":"Despu\u00e9s de buscar y rebuscar por tierra, mar y aire, al fin he encontrado el tesoro anhelado. Un tesoro en forma de cuatro libros que llevan el mismo t\u00edtulo: \"Un periodista en el Concilio\", del querido y mil veces recordado Jos\u00e9 Luis Mart\u00edn Descalzo. Un tesoro que, hace much\u00edsimo tiempo,\u2026","rel":"","context":"En \u00abFormaci\u00f3n Cristiana\u00bb","block_context":{"text":"Formaci\u00f3n Cristiana","link":"https:\/\/vincentians.com\/es\/category\/formacion-cristiana\/"},"img":{"alt_text":"","src":"https:\/\/i0.wp.com\/vicencianos.org\/wp-content\/2012\/09\/cvII_01-300x259.jpg?resize=350%2C200","width":350,"height":200},"classes":[]},{"id":118065,"url":"https:\/\/vincentians.com\/es\/panoramica-de-la-provincia-del-peru-1966\/","url_meta":{"origin":134512,"position":3},"title":"Panor\u00e1mica de la provincia del Per\u00fa (1966)","author":"Mitxel Olabu\u00e9naga","date":"09\/09\/2021","format":false,"excerpt":"Ojeando el cat\u00e1logo de nuestra congregaci\u00f3n, vemos que Am\u00e9\u00adrica es el continente donde la congregaci\u00f3n se halla con el mayor n\u00famero de provincias, viceprovincias, casas y personas. He ah\u00ed un hecho de actualidad: el desarrollo y la numerosa presencia de la congregaci\u00f3n en las naciones americanas. El historial de este\u2026","rel":"","context":"En \u00abHistoria de la Congregaci\u00f3n de la Misi\u00f3n\u00bb","block_context":{"text":"Historia de la Congregaci\u00f3n de la Misi\u00f3n","link":"https:\/\/vincentians.com\/es\/category\/historia-de-la-familia-vicenciana\/historia-de-la-congregacion-de-la-mision\/"},"img":{"alt_text":"","src":"https:\/\/i0.wp.com\/vincentians.com\/es\/wp-content\/uploads\/sites\/11\/2016\/09\/anyos-vida-vicente.jpg?fit=1200%2C630&ssl=1&resize=350%2C200","width":350,"height":200,"srcset":"https:\/\/i0.wp.com\/vincentians.com\/es\/wp-content\/uploads\/sites\/11\/2016\/09\/anyos-vida-vicente.jpg?fit=1200%2C630&ssl=1&resize=350%2C200 1x, https:\/\/i0.wp.com\/vincentians.com\/es\/wp-content\/uploads\/sites\/11\/2016\/09\/anyos-vida-vicente.jpg?fit=1200%2C630&ssl=1&resize=525%2C300 1.5x, https:\/\/i0.wp.com\/vincentians.com\/es\/wp-content\/uploads\/sites\/11\/2016\/09\/anyos-vida-vicente.jpg?fit=1200%2C630&ssl=1&resize=700%2C400 2x, https:\/\/i0.wp.com\/vincentians.com\/es\/wp-content\/uploads\/sites\/11\/2016\/09\/anyos-vida-vicente.jpg?fit=1200%2C630&ssl=1&resize=1050%2C600 3x"},"classes":[]},{"id":387068,"url":"https:\/\/vincentians.com\/es\/la-basilica-parroquia-de-la-milagrosa-madrid\/","url_meta":{"origin":134512,"position":4},"title":"La Bas\u00edlica-Parroquia de La Milagrosa (Madrid)","author":"Mitxel Olabu\u00e9naga","date":"11\/02\/2016","format":false,"excerpt":"Una Iglesia dedicada a San Vicente de Paul Una vez terminada la casa de Garc\u00eda de Paredes, 45, la Comunidad de Misioneros Paules, cada d\u00eda m\u00e1s numerosa, echaba en falta una iglesia capaz para celebrar el culto divino. Se decidieron a edificar un templo en honor de San Vicente de\u2026","rel":"","context":"En \u00abHistoria de la Congregaci\u00f3n de la Misi\u00f3n en Espa\u00f1a\u00bb","block_context":{"text":"Historia de la Congregaci\u00f3n de la Misi\u00f3n en Espa\u00f1a","link":"https:\/\/vincentians.com\/es\/category\/historia-de-la-familia-vicenciana\/historia-de-la-congregacion-de-la-mision-en-espana\/"},"img":{"alt_text":"msoFDCDE","src":"https:\/\/i0.wp.com\/vicencianos.org\/wp-content\/uploads\/2016\/02\/msoFDCDE-210x300.jpg?resize=350%2C200","width":350,"height":200},"classes":[]},{"id":132576,"url":"https:\/\/vincentians.com\/es\/manual-para-afiliados-a-la-congregacion-de-la-mision-en-colombia\/","url_meta":{"origin":134512,"position":5},"title":"Manual para Afiliados a la Congregaci\u00f3n de la Misi\u00f3n en Colombia","author":"Francisco Javier Fern\u00e1ndez Chento","date":"11\/12\/2014","format":false,"excerpt":"1. Justificaci\u00f3n: La inmensa mayor\u00eda de los miembros de la Familia Vicentina en el mundo y en Colombia, son laicos Existe un grupo considerable de afiliados a la Congregaci\u00f3n de la Misi\u00f3n en Colombia Hay poco conocimiento mutuo entre la Congregaci\u00f3n y sus afiliados laicos : ni ellos saben mucho\u2026","rel":"","context":"En \u00abDocumentos de otras Ramas e Instituciones vicencianas\u00bb","block_context":{"text":"Documentos de otras Ramas e Instituciones vicencianas","link":"https:\/\/vincentians.com\/es\/category\/formacion-vicenciana\/documentos-oficiales-de-la-familia-vicenciana\/documentos-de-otras-ramas-e-instituciones-vicencianas\/"},"img":{"alt_text":"logo_afiliados","src":"https:\/\/i0.wp.com\/vicencianos.org\/wp-content\/2014\/12\/logo_afiliados-300x291.jpg?resize=350%2C200","width":350,"height":200},"classes":[]}],"_links":{"self":[{"href":"https:\/\/vincentians.com\/es\/wp-json\/wp\/v2\/posts\/134512","targetHints":{"allow":["GET"]}}],"collection":[{"href":"https:\/\/vincentians.com\/es\/wp-json\/wp\/v2\/posts"}],"about":[{"href":"https:\/\/vincentians.com\/es\/wp-json\/wp\/v2\/types\/post"}],"author":[{"embeddable":true,"href":"https:\/\/vincentians.com\/es\/wp-json\/wp\/v2\/users\/4"}],"replies":[{"embeddable":true,"href":"https:\/\/vincentians.com\/es\/wp-json\/wp\/v2\/comments?post=134512"}],"version-history":[{"count":0,"href":"https:\/\/vincentians.com\/es\/wp-json\/wp\/v2\/posts\/134512\/revisions"}],"wp:featuredmedia":[{"embeddable":true,"href":"https:\/\/vincentians.com\/es\/wp-json\/"}],"wp:attachment":[{"href":"https:\/\/vincentians.com\/es\/wp-json\/wp\/v2\/media?parent=134512"}],"wp:term":[{"taxonomy":"category","embeddable":true,"href":"https:\/\/vincentians.com\/es\/wp-json\/wp\/v2\/categories?post=134512"},{"taxonomy":"post_tag","embeddable":true,"href":"https:\/\/vincentians.com\/es\/wp-json\/wp\/v2\/tags?post=134512"}],"curies":[{"name":"wp","href":"https:\/\/api.w.org\/{rel}","templated":true}]}}