{"id":134037,"date":"2014-12-28T18:04:41","date_gmt":"2014-12-28T17:04:41","guid":{"rendered":"http:\/\/somos.vicencianos.org\/?p=134037"},"modified":"2016-07-26T10:09:14","modified_gmt":"2016-07-26T08:09:14","slug":"primera-asamblea-general-de-la-asociacion-de-la-medalla-milagrosa","status":"publish","type":"post","link":"https:\/\/vincentians.com\/es\/primera-asamblea-general-de-la-asociacion-de-la-medalla-milagrosa\/","title":{"rendered":"Primera Asamblea General de la Asociaci\u00f3n de la Medalla Milagrosa"},"content":{"rendered":"<p><a href=\"https:\/\/i0.wp.com\/vicencianos.org\/wp-content\/2014\/12\/asamblea_amm_1.jpg\"><img data-recalc-dims=\"1\" loading=\"lazy\" decoding=\"async\" class=\"alignright size-medium wp-image-134038\" src=\"https:\/\/i0.wp.com\/vicencianos.org\/wp-content\/2014\/12\/asamblea_amm_1-300x200.jpg?resize=300%2C200\" alt=\"asamblea_amm_1\" width=\"300\" height=\"200\" \/><\/a>Fruto de tres Encuentros o Congresos Internacionales (2001-2009), que dieron a la Asociaci\u00f3n de la Medalla Milagrosa (AMM) unos Estatutos operativos y una organizaci\u00f3n internacional, ha sido esta 1\u00aa Asamblea General, celebrada en la Casa Mar\u00eda Inmacolata, via Ezio, Roma, y en el mes de La Milagrosa: del 3 al 9 de noviembre. Mar\u00eda de la Medalla nos reuni\u00f3. De Ella hablamos y de c\u00f3mo cumplir la misi\u00f3n que nos confiara en 1830. Y con su bendici\u00f3n, en la misa de clausura, fuimos enviados, garant\u00eda de que todo nos ir\u00e1 bien, como nos asegura San Vicente.<\/p>\n<p>En n\u00fameros, los participantes fueron 98, incluidos los miembros del Consejo Internacional, 3 traductores y un fot\u00f3grafo. Los 88 asamble\u00edstas vinieron de Am\u00e9rica Latina (16 pa\u00edses y 47 miembros). USA (2 grupos y 5 miembros). Europa (8 pa\u00edses y 22 miembros.). \u00c1frica (2 pa\u00edses y 8 miembros). Asia (1 pa\u00eds y 4 miembros) y Australia (2 miembros). De los 88, fueron 40 los sacerdotes y Hermanas; y 48 los laicos. Los n\u00fameros hablan por s\u00ed solos.<\/p>\n<p>En un ambiente pluricultural y pluri- ling\u00fcistico, los miem- bros de la Asamblea se entend\u00edan y se sent\u00edan muy a gusto, como si fuera otro Pentecost\u00e9s. Siempre la sonrisa y la deferencia con ganas de agradar y servir. \u00c9ramos como una gran familia y se sent\u00eda la presencia amable de nuestra Madre Mar\u00eda. El cl\u00edmax de este ambiente gratificante se vivi\u00f3 en la noche cultural. Se sab\u00eda que las delegaciones hab\u00edan tra\u00eddo sus hermosos vestidos t\u00edpicos para el momento. Pero lo que se vio, en presentaci\u00f3n y actuaci\u00f3n, fue inenarrable. Como es inenarrable describir la hora y media de sana alegr\u00eda que se vivi\u00f3 por todos. Mejor que fue festival y no concurso.<\/p>\n<p>El Programa de la Asamblea, que con otros documentos, fuera entregado dentro de un folder celeste, permiti\u00f3 tener desde el principio una visi\u00f3n completa y org\u00e1nica de lo que se ven\u00eda encima. Harto y fuerte trabajo con bastante ocio (muy comprensivos los organizadores al dar bastantes y largos lapsos a los asamble\u00edstas para conocer Roma e ir al Vaticano; adem\u00e1s de los dos d\u00edas programados). Temas (de Mons. Alfonso Cabezas y del P. F\u00e9lix \u00c1lvarez) y paneles (5 con 6 panelista). En cuanto al m\u00e9todo de trabajo, los temas y los paneles y ciertas propuestas de la Mesa, eran vistos por los Grupos de Trabajo (9, de los cuales 5 en espa\u00f1ol) y en los plenarios (5, con el de la aprobaci\u00f3n de las Conclusiones de la Asamblea).<\/p>\n<p>No hay labora sin ora y, ciertamente, se or\u00f3 mucho. Las oraciones acostumbradas de los comienzos de cada actividad, pero sobre todo las liturgias, bien preparadas y ricas con los matices que les daban los grupos responsables. Lamentablemente, por razones de tiempo, no siempre hubo traducci\u00f3n simult\u00e1nea, pero seguro que el Esp\u00edritu supli\u00f3. Sin duda, los momentos estelares espirituales de la Asamblea fueron la Audiencia General y el \u00c1ngelus con el Papa (mi\u00e9rcoles y domingo, respectivamente); y la Misa, con rosario y v\u00edsperas, en la iglesia de \u00abSant\u2019Andrea delle Fratte\u00bb. Se esperaban estos momentos, pero a juzgar por los comentarios, sobrepasaron con mucho toda expectativa. El camino de regreso lo hicimos despacio, sobre todo el de la \u00abIglesia del Milagro\u00bb, como si el converso Ratisbona nos dijera al o\u00eddo: espera un poco m\u00e1s y ver\u00e1s a la Inmaculada de la Medalla. La que vimos y pronto fue la Inmaculada de \u00abPiazza Spagna\u00bb.<\/p>\n<p>Nos llev\u00f3 alg\u00fan tiempo la elecci\u00f3n de los tres (3) miembros del Consejo General. Era la primera vez que la Asamblea pod\u00eda hacerlo y lo hizo. El tiempo nos dir\u00e1 si bien o no tanto. Hasta doce Delegaciones presentaron candidatos, alguno en ausencia, y luego, cada uno ellos fue diciendo aspectos de su vida, en especial relacionados con su vida y experiencias en la AMM. La elecci\u00f3n, hecha seg\u00fan el Reglamento, recay\u00f3 al final en tres varones, (no sali\u00f3 ni una Dama, y eso que son mayor\u00eda en la AMM y lo eran en la Asamblea). Fue reelegido y en la primera de las votaciones, el exconsejero Julio Adolfo Castellanos.<\/p>\n<p>No se puede terminar este breve relato de la Asamblea sin hacer una agradecida referencia a la Mesa, que gui\u00f3 y moder\u00f3. Conformada por los 6 miembros del Consejo Internacional. Cada uno merece su aplauso. Referencia tambi\u00e9n muy agradecida al tr\u00edo de traductores, que dieron debida cuenta de las cuatro lenguas oficiales (espa\u00f1ol, ingl\u00e9s, franc\u00e9s e italiano), pero tambi\u00e9n con el portugu\u00e9s. Y referencia superagradecida a las \u00abSorellas\u00bb de Mar\u00eda Immacolata, las Hijas de la Caridad, que se desvivieron por atendernos. Quiz\u00e1 por su simpat\u00eda a la Asociaci\u00f3n AMM cuyo amor a Mar\u00eda compartimos. El prolongado aplauso que se les brind\u00f3 en la noche del \u00faltimo d\u00eda quiso expresar nuestro agradecimiento. Una cosa echamos muchos de menos: la falta de un tel\u00e9fono para hablar fuera de Italia, pagando desde luego. Los tel\u00e9fonos p\u00fablicos son pocos y roba euros.<\/p>\n<p>En la hermosa Eucarist\u00eda de clausura de la Asamblea, animada por la delegaci\u00f3n espa\u00f1ola, dimos gracias a Dios por su exitosa realizaci\u00f3n y le pedimos por infinidad de cosas, incluidos los viajes de retorno, que empezaron a continuaci\u00f3n. Le pedimos tambi\u00e9n el poder cumplir la misi\u00f3n, dada por el P. Director General y asumida por los asamble\u00edstas, de informar de nuestra Asamblea antes de fin de a\u00f1o. Y sin duda le pedimos por el delegado camerun\u00e9s, Sr. Kotto Zock, que nunca pudo hacerse presente en la Asamblea \u2014fue retenido prejuiciosamente por la polic\u00eda en el aeropuerto de Par\u00eds\u2014 y pese a todas las gestiones hechas, nada se supo de \u00e9l. Que Mar\u00eda Milagrosa lo devuelva salvo y sano a los suyos.<\/p>\n<p><a href=\"https:\/\/i0.wp.com\/vicencianos.org\/wp-content\/2014\/12\/asamblea_amm_2.jpg\"><img data-recalc-dims=\"1\" loading=\"lazy\" decoding=\"async\" class=\"aligncenter size-full wp-image-134039\" src=\"https:\/\/i0.wp.com\/vicencianos.org\/wp-content\/2014\/12\/asamblea_amm_2.jpg?resize=602%2C282\" alt=\"asamblea_amm_2\" width=\"602\" height=\"282\" \/><\/a><\/p>\n<p>&nbsp;<\/p>\n","protected":false},"excerpt":{"rendered":"<p>Fruto de tres Encuentros o Congresos Internacionales (2001-2009), que dieron a la Asociaci\u00f3n de la Medalla Milagrosa (AMM) unos Estatutos operativos y una organizaci\u00f3n internacional, ha sido esta 1\u00aa Asamblea General, celebrada en la Casa &#8230; <a href=\"https:\/\/vincentians.com\/es\/primera-asamblea-general-de-la-asociacion-de-la-medalla-milagrosa\/\" class=\"more-link\">Read More<\/a><\/p>\n","protected":false},"author":4,"featured_media":134038,"comment_status":"open","ping_status":"open","sticky":false,"template":"","format":"standard","meta":{"jetpack_post_was_ever_published":false,"_jetpack_newsletter_access":"","_jetpack_dont_email_post_to_subs":false,"_jetpack_newsletter_tier_id":0,"_jetpack_memberships_contains_paywalled_content":false,"_jetpack_memberships_contains_paid_content":false,"footnotes":"","jetpack_publicize_message":"","jetpack_publicize_feature_enabled":true,"jetpack_social_post_already_shared":true,"jetpack_social_options":{"image_generator_settings":{"template":"highway","default_image_id":0,"font":"","enabled":false},"version":2}},"categories":[380],"tags":[182],"class_list":["post-134037","post","type-post","status-publish","format-standard","has-post-thumbnail","hentry","category-asociacion-de-la-medalla-milagrosa","tag-ratisbona"],"yoast_head":"<!-- This site is optimized with the Yoast SEO plugin v26.3 - https:\/\/yoast.com\/wordpress\/plugins\/seo\/ -->\n<title>Primera Asamblea General de la Asociaci\u00f3n de la Medalla Milagrosa - Somos Vicencianos<\/title>\n<meta name=\"robots\" content=\"index, follow, max-snippet:-1, max-image-preview:large, max-video-preview:-1\" \/>\n<link rel=\"canonical\" href=\"https:\/\/vincentians.com\/es\/primera-asamblea-general-de-la-asociacion-de-la-medalla-milagrosa\/\" \/>\n<meta property=\"og:locale\" content=\"es_ES\" \/>\n<meta property=\"og:type\" content=\"article\" \/>\n<meta property=\"og:title\" content=\"Primera Asamblea General de la Asociaci\u00f3n de la Medalla Milagrosa - Somos Vicencianos\" \/>\n<meta property=\"og:description\" content=\"Fruto de tres Encuentros o Congresos Internacionales (2001-2009), que dieron a la Asociaci\u00f3n de la Medalla Milagrosa (AMM) unos Estatutos operativos y una organizaci\u00f3n internacional, ha sido esta 1\u00aa Asamblea General, celebrada en la Casa ... Read More\" \/>\n<meta property=\"og:url\" content=\"https:\/\/vincentians.com\/es\/primera-asamblea-general-de-la-asociacion-de-la-medalla-milagrosa\/\" \/>\n<meta property=\"og:site_name\" content=\"Somos Vicencianos\" \/>\n<meta property=\"article:publisher\" content=\"https:\/\/www.facebook.com\/WeAreVincentians\/\" \/>\n<meta property=\"article:author\" content=\"https:\/\/www.facebook.com\/JavierChento\" \/>\n<meta property=\"article:published_time\" content=\"2014-12-28T17:04:41+00:00\" \/>\n<meta property=\"article:modified_time\" content=\"2016-07-26T08:09:14+00:00\" \/>\n<meta name=\"author\" content=\"Francisco Javier Fern\u00e1ndez Chento\" \/>\n<meta name=\"twitter:card\" content=\"summary_large_image\" \/>\n<meta name=\"twitter:creator\" content=\"@https:\/\/twitter.com\/javierchento\" \/>\n<meta name=\"twitter:site\" content=\"@WeVincentians\" \/>\n<meta name=\"twitter:label1\" content=\"Escrito por\" \/>\n\t<meta name=\"twitter:data1\" content=\"Francisco Javier Fern\u00e1ndez Chento\" \/>\n\t<meta name=\"twitter:label2\" content=\"Tiempo de lectura\" \/>\n\t<meta name=\"twitter:data2\" content=\"5 minutos\" \/>\n<script type=\"application\/ld+json\" class=\"yoast-schema-graph\">{\"@context\":\"https:\/\/schema.org\",\"@graph\":[{\"@type\":\"Article\",\"@id\":\"https:\/\/vincentians.com\/es\/primera-asamblea-general-de-la-asociacion-de-la-medalla-milagrosa\/#article\",\"isPartOf\":{\"@id\":\"https:\/\/vincentians.com\/es\/primera-asamblea-general-de-la-asociacion-de-la-medalla-milagrosa\/\"},\"author\":{\"name\":\"Francisco Javier Fern\u00e1ndez Chento\",\"@id\":\"http:\/\/vincentians.com\/es\/#\/schema\/person\/9623ef4d9aa3b2dfb8c061f1499288f2\"},\"headline\":\"Primera Asamblea General de la Asociaci\u00f3n de la Medalla Milagrosa\",\"datePublished\":\"2014-12-28T17:04:41+00:00\",\"dateModified\":\"2016-07-26T08:09:14+00:00\",\"mainEntityOfPage\":{\"@id\":\"https:\/\/vincentians.com\/es\/primera-asamblea-general-de-la-asociacion-de-la-medalla-milagrosa\/\"},\"wordCount\":1002,\"commentCount\":0,\"publisher\":{\"@id\":\"http:\/\/vincentians.com\/es\/#organization\"},\"image\":{\"@id\":\"https:\/\/vincentians.com\/es\/primera-asamblea-general-de-la-asociacion-de-la-medalla-milagrosa\/#primaryimage\"},\"thumbnailUrl\":\"\",\"keywords\":[\"Ratisbona\"],\"articleSection\":[\"Asociaci\u00f3n de la Medalla Milagrosa\"],\"inLanguage\":\"es\",\"potentialAction\":[{\"@type\":\"CommentAction\",\"name\":\"Comment\",\"target\":[\"https:\/\/vincentians.com\/es\/primera-asamblea-general-de-la-asociacion-de-la-medalla-milagrosa\/#respond\"]}]},{\"@type\":\"WebPage\",\"@id\":\"https:\/\/vincentians.com\/es\/primera-asamblea-general-de-la-asociacion-de-la-medalla-milagrosa\/\",\"url\":\"https:\/\/vincentians.com\/es\/primera-asamblea-general-de-la-asociacion-de-la-medalla-milagrosa\/\",\"name\":\"Primera Asamblea General de la Asociaci\u00f3n de la Medalla Milagrosa - Somos Vicencianos\",\"isPartOf\":{\"@id\":\"http:\/\/vincentians.com\/es\/#website\"},\"primaryImageOfPage\":{\"@id\":\"https:\/\/vincentians.com\/es\/primera-asamblea-general-de-la-asociacion-de-la-medalla-milagrosa\/#primaryimage\"},\"image\":{\"@id\":\"https:\/\/vincentians.com\/es\/primera-asamblea-general-de-la-asociacion-de-la-medalla-milagrosa\/#primaryimage\"},\"thumbnailUrl\":\"\",\"datePublished\":\"2014-12-28T17:04:41+00:00\",\"dateModified\":\"2016-07-26T08:09:14+00:00\",\"breadcrumb\":{\"@id\":\"https:\/\/vincentians.com\/es\/primera-asamblea-general-de-la-asociacion-de-la-medalla-milagrosa\/#breadcrumb\"},\"inLanguage\":\"es\",\"potentialAction\":[{\"@type\":\"ReadAction\",\"target\":[\"https:\/\/vincentians.com\/es\/primera-asamblea-general-de-la-asociacion-de-la-medalla-milagrosa\/\"]}]},{\"@type\":\"ImageObject\",\"inLanguage\":\"es\",\"@id\":\"https:\/\/vincentians.com\/es\/primera-asamblea-general-de-la-asociacion-de-la-medalla-milagrosa\/#primaryimage\",\"url\":\"\",\"contentUrl\":\"\"},{\"@type\":\"BreadcrumbList\",\"@id\":\"https:\/\/vincentians.com\/es\/primera-asamblea-general-de-la-asociacion-de-la-medalla-milagrosa\/#breadcrumb\",\"itemListElement\":[{\"@type\":\"ListItem\",\"position\":1,\"name\":\"Portada\",\"item\":\"http:\/\/vincentians.com\/es\/\"},{\"@type\":\"ListItem\",\"position\":2,\"name\":\"Primera Asamblea General de la Asociaci\u00f3n de la Medalla Milagrosa\"}]},{\"@type\":\"WebSite\",\"@id\":\"http:\/\/vincentians.com\/es\/#website\",\"url\":\"http:\/\/vincentians.com\/es\/\",\"name\":\"Somos Vicencianos\",\"description\":\"Know more to serve more\",\"publisher\":{\"@id\":\"http:\/\/vincentians.com\/es\/#organization\"},\"potentialAction\":[{\"@type\":\"SearchAction\",\"target\":{\"@type\":\"EntryPoint\",\"urlTemplate\":\"http:\/\/vincentians.com\/es\/?s={search_term_string}\"},\"query-input\":{\"@type\":\"PropertyValueSpecification\",\"valueRequired\":true,\"valueName\":\"search_term_string\"}}],\"inLanguage\":\"es\"},{\"@type\":\"Organization\",\"@id\":\"http:\/\/vincentians.com\/es\/#organization\",\"name\":\"The Vincentian Network\",\"url\":\"http:\/\/vincentians.com\/es\/\",\"logo\":{\"@type\":\"ImageObject\",\"inLanguage\":\"es\",\"@id\":\"http:\/\/vincentians.com\/es\/#\/schema\/logo\/image\/\",\"url\":\"https:\/\/i1.wp.com\/vincentians.com\/es\/wp-content\/uploads\/sites\/11\/2016\/06\/Vincentian-Network-logo-big.png?fit=778%2C778\",\"contentUrl\":\"https:\/\/i1.wp.com\/vincentians.com\/es\/wp-content\/uploads\/sites\/11\/2016\/06\/Vincentian-Network-logo-big.png?fit=778%2C778\",\"width\":778,\"height\":778,\"caption\":\"The Vincentian Network\"},\"image\":{\"@id\":\"http:\/\/vincentians.com\/es\/#\/schema\/logo\/image\/\"},\"sameAs\":[\"https:\/\/www.facebook.com\/WeAreVincentians\/\",\"https:\/\/x.com\/WeVincentians\"]},{\"@type\":\"Person\",\"@id\":\"http:\/\/vincentians.com\/es\/#\/schema\/person\/9623ef4d9aa3b2dfb8c061f1499288f2\",\"name\":\"Francisco Javier Fern\u00e1ndez Chento\",\"image\":{\"@type\":\"ImageObject\",\"inLanguage\":\"es\",\"@id\":\"http:\/\/vincentians.com\/es\/#\/schema\/person\/image\/\",\"url\":\"https:\/\/secure.gravatar.com\/avatar\/497d5cde87b4c3d097d0315953521681ba2cd523ee66e5077c3711f7021e65de?s=96&d=mm&r=g\",\"contentUrl\":\"https:\/\/secure.gravatar.com\/avatar\/497d5cde87b4c3d097d0315953521681ba2cd523ee66e5077c3711f7021e65de?s=96&d=mm&r=g\",\"caption\":\"Francisco Javier Fern\u00e1ndez Chento\"},\"description\":\"Director General y cofundador de La Red de Formaci\u00f3n Vicenciana. Javier es laico vicenciano, afiliado a la Congregaci\u00f3n de la Misi\u00f3n y miembro del Equipo de Misiones Populares de la provincia can\u00f3nica de Zaragoza (Espa\u00f1a) de la Congregaci\u00f3n de la Misi\u00f3n. Graduado en la Universidad Oberta de Catalunya con cuatro grados (Asistente de direcci\u00f3n, Gesti\u00f3n Administrativa, Recursos Humanos y Contabilidad Avanzada). Bil\u00edng\u00fce Espa\u00f1ol\/Ingl\u00e9s. gestiona y mantiene varias p\u00e1ginas web cristianas y vicencianas, incluida including La Red de Formaci\u00f3n Vicenciana, de la que es cofundador. Actualmente es responsable del \u00e1rea de Espa\u00f1ol de .famvin, la Red de Noticias de la Familia Vicenciana. Tambi\u00e9n es m\u00fasico cat\u00f3lico y ha editado varios discos. Es Director General y cofundador de Trovador, una reconocida compa\u00f1\u00eda discogr\u00e1fica critiana de Espa\u00f1a. Trabaja en las Tecnolog\u00edas de la Informaci\u00f3n, ofreciendo servicios de alojamiento, dise\u00f1o y mantenimiento Web, as\u00ed como asesoramiento, formaci\u00f3n y soluciones inform\u00e1ticas, gesti\u00f3n documental y digitalizaci\u00f3n de textos, edici\u00f3n y maquetaci\u00f3n de libros, revistas, flyers, etc.\",\"sameAs\":[\"http:\/\/chento.org\",\"https:\/\/www.facebook.com\/JavierChento\",\"https:\/\/x.com\/https:\/\/twitter.com\/javierchento\"],\"url\":\"https:\/\/vincentians.com\/es\/author\/chento\/\"}]}<\/script>\n<!-- \/ Yoast SEO plugin. -->","yoast_head_json":{"title":"Primera Asamblea General de la Asociaci\u00f3n de la Medalla Milagrosa - Somos Vicencianos","robots":{"index":"index","follow":"follow","max-snippet":"max-snippet:-1","max-image-preview":"max-image-preview:large","max-video-preview":"max-video-preview:-1"},"canonical":"https:\/\/vincentians.com\/es\/primera-asamblea-general-de-la-asociacion-de-la-medalla-milagrosa\/","og_locale":"es_ES","og_type":"article","og_title":"Primera Asamblea General de la Asociaci\u00f3n de la Medalla Milagrosa - Somos Vicencianos","og_description":"Fruto de tres Encuentros o Congresos Internacionales (2001-2009), que dieron a la Asociaci\u00f3n de la Medalla Milagrosa (AMM) unos Estatutos operativos y una organizaci\u00f3n internacional, ha sido esta 1\u00aa Asamblea General, celebrada en la Casa ... Read More","og_url":"https:\/\/vincentians.com\/es\/primera-asamblea-general-de-la-asociacion-de-la-medalla-milagrosa\/","og_site_name":"Somos Vicencianos","article_publisher":"https:\/\/www.facebook.com\/WeAreVincentians\/","article_author":"https:\/\/www.facebook.com\/JavierChento","article_published_time":"2014-12-28T17:04:41+00:00","article_modified_time":"2016-07-26T08:09:14+00:00","author":"Francisco Javier Fern\u00e1ndez Chento","twitter_card":"summary_large_image","twitter_creator":"@https:\/\/twitter.com\/javierchento","twitter_site":"@WeVincentians","twitter_misc":{"Escrito por":"Francisco Javier Fern\u00e1ndez Chento","Tiempo de lectura":"5 minutos"},"schema":{"@context":"https:\/\/schema.org","@graph":[{"@type":"Article","@id":"https:\/\/vincentians.com\/es\/primera-asamblea-general-de-la-asociacion-de-la-medalla-milagrosa\/#article","isPartOf":{"@id":"https:\/\/vincentians.com\/es\/primera-asamblea-general-de-la-asociacion-de-la-medalla-milagrosa\/"},"author":{"name":"Francisco Javier Fern\u00e1ndez Chento","@id":"http:\/\/vincentians.com\/es\/#\/schema\/person\/9623ef4d9aa3b2dfb8c061f1499288f2"},"headline":"Primera Asamblea General de la Asociaci\u00f3n de la Medalla Milagrosa","datePublished":"2014-12-28T17:04:41+00:00","dateModified":"2016-07-26T08:09:14+00:00","mainEntityOfPage":{"@id":"https:\/\/vincentians.com\/es\/primera-asamblea-general-de-la-asociacion-de-la-medalla-milagrosa\/"},"wordCount":1002,"commentCount":0,"publisher":{"@id":"http:\/\/vincentians.com\/es\/#organization"},"image":{"@id":"https:\/\/vincentians.com\/es\/primera-asamblea-general-de-la-asociacion-de-la-medalla-milagrosa\/#primaryimage"},"thumbnailUrl":"","keywords":["Ratisbona"],"articleSection":["Asociaci\u00f3n de la Medalla Milagrosa"],"inLanguage":"es","potentialAction":[{"@type":"CommentAction","name":"Comment","target":["https:\/\/vincentians.com\/es\/primera-asamblea-general-de-la-asociacion-de-la-medalla-milagrosa\/#respond"]}]},{"@type":"WebPage","@id":"https:\/\/vincentians.com\/es\/primera-asamblea-general-de-la-asociacion-de-la-medalla-milagrosa\/","url":"https:\/\/vincentians.com\/es\/primera-asamblea-general-de-la-asociacion-de-la-medalla-milagrosa\/","name":"Primera Asamblea General de la Asociaci\u00f3n de la Medalla Milagrosa - Somos Vicencianos","isPartOf":{"@id":"http:\/\/vincentians.com\/es\/#website"},"primaryImageOfPage":{"@id":"https:\/\/vincentians.com\/es\/primera-asamblea-general-de-la-asociacion-de-la-medalla-milagrosa\/#primaryimage"},"image":{"@id":"https:\/\/vincentians.com\/es\/primera-asamblea-general-de-la-asociacion-de-la-medalla-milagrosa\/#primaryimage"},"thumbnailUrl":"","datePublished":"2014-12-28T17:04:41+00:00","dateModified":"2016-07-26T08:09:14+00:00","breadcrumb":{"@id":"https:\/\/vincentians.com\/es\/primera-asamblea-general-de-la-asociacion-de-la-medalla-milagrosa\/#breadcrumb"},"inLanguage":"es","potentialAction":[{"@type":"ReadAction","target":["https:\/\/vincentians.com\/es\/primera-asamblea-general-de-la-asociacion-de-la-medalla-milagrosa\/"]}]},{"@type":"ImageObject","inLanguage":"es","@id":"https:\/\/vincentians.com\/es\/primera-asamblea-general-de-la-asociacion-de-la-medalla-milagrosa\/#primaryimage","url":"","contentUrl":""},{"@type":"BreadcrumbList","@id":"https:\/\/vincentians.com\/es\/primera-asamblea-general-de-la-asociacion-de-la-medalla-milagrosa\/#breadcrumb","itemListElement":[{"@type":"ListItem","position":1,"name":"Portada","item":"http:\/\/vincentians.com\/es\/"},{"@type":"ListItem","position":2,"name":"Primera Asamblea General de la Asociaci\u00f3n de la Medalla Milagrosa"}]},{"@type":"WebSite","@id":"http:\/\/vincentians.com\/es\/#website","url":"http:\/\/vincentians.com\/es\/","name":"Somos Vicencianos","description":"Know more to serve more","publisher":{"@id":"http:\/\/vincentians.com\/es\/#organization"},"potentialAction":[{"@type":"SearchAction","target":{"@type":"EntryPoint","urlTemplate":"http:\/\/vincentians.com\/es\/?s={search_term_string}"},"query-input":{"@type":"PropertyValueSpecification","valueRequired":true,"valueName":"search_term_string"}}],"inLanguage":"es"},{"@type":"Organization","@id":"http:\/\/vincentians.com\/es\/#organization","name":"The Vincentian Network","url":"http:\/\/vincentians.com\/es\/","logo":{"@type":"ImageObject","inLanguage":"es","@id":"http:\/\/vincentians.com\/es\/#\/schema\/logo\/image\/","url":"https:\/\/i1.wp.com\/vincentians.com\/es\/wp-content\/uploads\/sites\/11\/2016\/06\/Vincentian-Network-logo-big.png?fit=778%2C778","contentUrl":"https:\/\/i1.wp.com\/vincentians.com\/es\/wp-content\/uploads\/sites\/11\/2016\/06\/Vincentian-Network-logo-big.png?fit=778%2C778","width":778,"height":778,"caption":"The Vincentian Network"},"image":{"@id":"http:\/\/vincentians.com\/es\/#\/schema\/logo\/image\/"},"sameAs":["https:\/\/www.facebook.com\/WeAreVincentians\/","https:\/\/x.com\/WeVincentians"]},{"@type":"Person","@id":"http:\/\/vincentians.com\/es\/#\/schema\/person\/9623ef4d9aa3b2dfb8c061f1499288f2","name":"Francisco Javier Fern\u00e1ndez Chento","image":{"@type":"ImageObject","inLanguage":"es","@id":"http:\/\/vincentians.com\/es\/#\/schema\/person\/image\/","url":"https:\/\/secure.gravatar.com\/avatar\/497d5cde87b4c3d097d0315953521681ba2cd523ee66e5077c3711f7021e65de?s=96&d=mm&r=g","contentUrl":"https:\/\/secure.gravatar.com\/avatar\/497d5cde87b4c3d097d0315953521681ba2cd523ee66e5077c3711f7021e65de?s=96&d=mm&r=g","caption":"Francisco Javier Fern\u00e1ndez Chento"},"description":"Director General y cofundador de La Red de Formaci\u00f3n Vicenciana. Javier es laico vicenciano, afiliado a la Congregaci\u00f3n de la Misi\u00f3n y miembro del Equipo de Misiones Populares de la provincia can\u00f3nica de Zaragoza (Espa\u00f1a) de la Congregaci\u00f3n de la Misi\u00f3n. Graduado en la Universidad Oberta de Catalunya con cuatro grados (Asistente de direcci\u00f3n, Gesti\u00f3n Administrativa, Recursos Humanos y Contabilidad Avanzada). Bil\u00edng\u00fce Espa\u00f1ol\/Ingl\u00e9s. gestiona y mantiene varias p\u00e1ginas web cristianas y vicencianas, incluida including La Red de Formaci\u00f3n Vicenciana, de la que es cofundador. Actualmente es responsable del \u00e1rea de Espa\u00f1ol de .famvin, la Red de Noticias de la Familia Vicenciana. Tambi\u00e9n es m\u00fasico cat\u00f3lico y ha editado varios discos. Es Director General y cofundador de Trovador, una reconocida compa\u00f1\u00eda discogr\u00e1fica critiana de Espa\u00f1a. Trabaja en las Tecnolog\u00edas de la Informaci\u00f3n, ofreciendo servicios de alojamiento, dise\u00f1o y mantenimiento Web, as\u00ed como asesoramiento, formaci\u00f3n y soluciones inform\u00e1ticas, gesti\u00f3n documental y digitalizaci\u00f3n de textos, edici\u00f3n y maquetaci\u00f3n de libros, revistas, flyers, etc.","sameAs":["http:\/\/chento.org","https:\/\/www.facebook.com\/JavierChento","https:\/\/x.com\/https:\/\/twitter.com\/javierchento"],"url":"https:\/\/vincentians.com\/es\/author\/chento\/"}]}},"jetpack_publicize_connections":[],"jetpack_featured_media_url":"","jetpack_sharing_enabled":true,"jetpack_shortlink":"https:\/\/wp.me\/p7ETMF-yRT","jetpack-related-posts":[{"id":115218,"url":"https:\/\/vincentians.com\/es\/carta-de-gregory-gay-superior-general-de-la-c-m-con-motivo-de-la-fiesta-de-la-medalla-milagrosa-2012\/","url_meta":{"origin":134037,"position":0},"title":"Carta de Gregory Gay, Superior General de la C.M., con motivo de la fiesta de la Medalla Milagrosa 2012","author":"Francisco Javier Fern\u00e1ndez Chento","date":"26\/11\/2012","format":false,"excerpt":"Llamada a la Familia Vicenciana a una mayor devoci\u00f3n a Nuestra Se\u00f1ora de la Medalla Milagrosa. \u00a1La gracia de Nuestro Se\u00f1or Jesucristo est\u00e9 siempre con nosotros! Me da mucha alegr\u00eda dirigirme a Ustedes especialmente en este mes en el que celebramos, dentro del A\u00f1o de la Fe, a la Virgen\u2026","rel":"","context":"En \u00abVirgen Mar\u00eda\u00bb","block_context":{"text":"Virgen Mar\u00eda","link":"https:\/\/vincentians.com\/es\/category\/espiritualidad\/virgen-maria\/"},"img":{"alt_text":"P. Gregory Gay, C.M.","src":"https:\/\/i0.wp.com\/vicencianos.org\/wp-content\/2009\/12\/gregory_felicita_la_navidad11-300x300.jpg?resize=350%2C200","width":350,"height":200},"classes":[]},{"id":115978,"url":"https:\/\/vincentians.com\/es\/familia-vicenciana-y-medalla-milagrosa\/","url_meta":{"origin":134037,"position":1},"title":"Familia Vicenciana y Medalla Milagrosa","author":"Francisco Javier Fern\u00e1ndez Chento","date":"27\/11\/2022","format":false,"excerpt":"Lo que ha sido este legado desde 1830 El testimonio de la Historia nos dice que, si bien la Virgen se aparece a Santa Catalina Labour\u00e9, \u00e9sta, cumpliendo los deseos manifestados por la Madre de Dios, permanece oculta, desconocida, en el silencio m\u00e1s incomprensible; un silencio que a veces se\u2026","rel":"","context":"En \u00abVirgen Mar\u00eda\u00bb","block_context":{"text":"Virgen Mar\u00eda","link":"https:\/\/vincentians.com\/es\/category\/espiritualidad\/virgen-maria\/"},"img":{"alt_text":"","src":"https:\/\/i0.wp.com\/vincentians.com\/es\/wp-content\/uploads\/sites\/11\/2016\/08\/hijas-caridad.jpg?fit=1200%2C630&ssl=1&resize=350%2C200","width":350,"height":200,"srcset":"https:\/\/i0.wp.com\/vincentians.com\/es\/wp-content\/uploads\/sites\/11\/2016\/08\/hijas-caridad.jpg?fit=1200%2C630&ssl=1&resize=350%2C200 1x, https:\/\/i0.wp.com\/vincentians.com\/es\/wp-content\/uploads\/sites\/11\/2016\/08\/hijas-caridad.jpg?fit=1200%2C630&ssl=1&resize=525%2C300 1.5x, https:\/\/i0.wp.com\/vincentians.com\/es\/wp-content\/uploads\/sites\/11\/2016\/08\/hijas-caridad.jpg?fit=1200%2C630&ssl=1&resize=700%2C400 2x, https:\/\/i0.wp.com\/vincentians.com\/es\/wp-content\/uploads\/sites\/11\/2016\/08\/hijas-caridad.jpg?fit=1200%2C630&ssl=1&resize=1050%2C600 3x"},"classes":[]},{"id":109333,"url":"https:\/\/vincentians.com\/es\/mision-historica-de-la-milagrosa\/","url_meta":{"origin":134037,"position":2},"title":"Misi\u00f3n hist\u00f3rica de La Milagrosa","author":"Francisco Javier Fern\u00e1ndez Chento","date":"27\/11\/2022","format":false,"excerpt":"Amadas Hermanas, se\u00f1ores y amados sacerdotes: El t\u00edtulo de la conferencia quiz\u00e1 pueda parecer a algunos ex\u00adcesivamente ambicioso: LA MISION HISTORICA DE LA MILA\u00adGROSA. En realidad a m\u00ed tambi\u00e9n me lo parece, sobre todo una vez que lo vi estampado en letras de molde; porque mi prop\u00f3sito es muy sencillo.\u2026","rel":"","context":"En \u00abVirgen Mar\u00eda\u00bb","block_context":{"text":"Virgen Mar\u00eda","link":"https:\/\/vincentians.com\/es\/category\/espiritualidad\/virgen-maria\/"},"img":{"alt_text":"","src":"https:\/\/i0.wp.com\/vincentians.com\/es\/wp-content\/uploads\/sites\/11\/2018\/11\/La-milagrosa3.jpg?fit=670%2C430&ssl=1&resize=350%2C200","width":350,"height":200,"srcset":"https:\/\/i0.wp.com\/vincentians.com\/es\/wp-content\/uploads\/sites\/11\/2018\/11\/La-milagrosa3.jpg?fit=670%2C430&ssl=1&resize=350%2C200 1x, https:\/\/i0.wp.com\/vincentians.com\/es\/wp-content\/uploads\/sites\/11\/2018\/11\/La-milagrosa3.jpg?fit=670%2C430&ssl=1&resize=525%2C300 1.5x"},"classes":[]},{"id":117125,"url":"https:\/\/vincentians.com\/es\/cartas-para-la-historia-de-la-milagrosa\/","url_meta":{"origin":134037,"position":3},"title":"Cartas para la historia de la Milagrosa","author":"Francisco Javier Fern\u00e1ndez Chento","date":"17\/08\/2021","format":false,"excerpt":"En mi fichero particular conservo cartas que pueden ser intere\u00adsantes para los lectores de ANALES y que son indudablemente fuentes de luz para los estudiosos. De ellas selecciono las tres que siguen: 1. Carta de Sor Mar\u00eda Margolari, franciscana misionera, supe\u00adriora en el convento de Tagaytay (Filipinas). \"Reverendo Padre: Pensando\u2026","rel":"","context":"En \u00abAsociaci\u00f3n de la Medalla Milagrosa\u00bb","block_context":{"text":"Asociaci\u00f3n de la Medalla Milagrosa","link":"https:\/\/vincentians.com\/es\/category\/la-familia-vicenciana\/ramas\/asociacion-de-la-medalla-milagrosa\/"},"img":{"alt_text":"","src":"https:\/\/i0.wp.com\/vincentians.com\/es\/wp-content\/uploads\/sites\/11\/2018\/12\/Catalina-1.jpg?fit=900%2C500&ssl=1&resize=350%2C200","width":350,"height":200,"srcset":"https:\/\/i0.wp.com\/vincentians.com\/es\/wp-content\/uploads\/sites\/11\/2018\/12\/Catalina-1.jpg?fit=900%2C500&ssl=1&resize=350%2C200 1x, https:\/\/i0.wp.com\/vincentians.com\/es\/wp-content\/uploads\/sites\/11\/2018\/12\/Catalina-1.jpg?fit=900%2C500&ssl=1&resize=525%2C300 1.5x, https:\/\/i0.wp.com\/vincentians.com\/es\/wp-content\/uploads\/sites\/11\/2018\/12\/Catalina-1.jpg?fit=900%2C500&ssl=1&resize=700%2C400 2x"},"classes":[]},{"id":93271,"url":"https:\/\/vincentians.com\/es\/estatutos-generales-de-la-asociacion-medalla-milagrosa\/","url_meta":{"origin":134037,"position":4},"title":"Estatutos generales de la Asociaci\u00f3n Medalla Milagrosa","author":"Francisco Javier Fern\u00e1ndez Chento","date":"27\/11\/2018","format":false,"excerpt":"Roma, 31 de mayo de 2010 Fiesta de la Visitaci\u00f3n de la Virgen Mar\u00eda A todos los miembros de la Asociaci\u00f3n de la Medalla Milagrosa: \u00a1La gracia y la paz de Nuestro Se\u00f1or Jesucristo llenen sus corazones ahora y siempre! La Sant\u00edsima Virgen Mar\u00eda, en las apariciones a Santa Catalina\u2026","rel":"","context":"En \u00abDocumentos de la Asociaci\u00f3n de la Medalla Milagrosa\u00bb","block_context":{"text":"Documentos de la Asociaci\u00f3n de la Medalla Milagrosa","link":"https:\/\/vincentians.com\/es\/category\/formacion-vicenciana\/documentos-oficiales-de-la-familia-vicenciana\/documentos-de-la-asociacion-de-la-medalla-milagrosa\/"},"img":{"alt_text":"","src":"https:\/\/i0.wp.com\/vicencianos.org\/wp-content\/2010\/03\/amm.jpg?resize=350%2C200","width":350,"height":200},"classes":[]},{"id":117065,"url":"https:\/\/vincentians.com\/es\/la-basilica-de-la-milagrosa-madrid-tiene-larga-historia\/","url_meta":{"origin":134037,"position":5},"title":"La Bas\u00edlica de La Milagrosa en Madrid tiene larga historia","author":"Mitxel Olabu\u00e9naga","date":"03\/08\/2021","format":false,"excerpt":"Con motivo de sus Bodas de Oro vocacionales, el P. Eladio Ar\u00adn\u00e1iz hizo un viaje a Roma, y durante su estancia en la ciudad, el Papa P\u00edo X le recibi\u00f3 en audiencia. Luego, a su regreso a Espa\u00f1a, como Director de las Hijas de la Caridad de la entonces enorme\u2026","rel":"","context":"En \u00abHistoria de la Congregaci\u00f3n de la Misi\u00f3n en Espa\u00f1a\u00bb","block_context":{"text":"Historia de la Congregaci\u00f3n de la Misi\u00f3n en Espa\u00f1a","link":"https:\/\/vincentians.com\/es\/category\/historia-de-la-familia-vicenciana\/historia-de-la-congregacion-de-la-mision-en-espana\/"},"img":{"alt_text":"","src":"https:\/\/i0.wp.com\/vincentians.com\/es\/wp-content\/uploads\/sites\/11\/2016\/09\/enviados-evangelizar-pobres.jpg?fit=1200%2C630&ssl=1&resize=350%2C200","width":350,"height":200,"srcset":"https:\/\/i0.wp.com\/vincentians.com\/es\/wp-content\/uploads\/sites\/11\/2016\/09\/enviados-evangelizar-pobres.jpg?fit=1200%2C630&ssl=1&resize=350%2C200 1x, https:\/\/i0.wp.com\/vincentians.com\/es\/wp-content\/uploads\/sites\/11\/2016\/09\/enviados-evangelizar-pobres.jpg?fit=1200%2C630&ssl=1&resize=525%2C300 1.5x, https:\/\/i0.wp.com\/vincentians.com\/es\/wp-content\/uploads\/sites\/11\/2016\/09\/enviados-evangelizar-pobres.jpg?fit=1200%2C630&ssl=1&resize=700%2C400 2x, https:\/\/i0.wp.com\/vincentians.com\/es\/wp-content\/uploads\/sites\/11\/2016\/09\/enviados-evangelizar-pobres.jpg?fit=1200%2C630&ssl=1&resize=1050%2C600 3x"},"classes":[]}],"_links":{"self":[{"href":"https:\/\/vincentians.com\/es\/wp-json\/wp\/v2\/posts\/134037","targetHints":{"allow":["GET"]}}],"collection":[{"href":"https:\/\/vincentians.com\/es\/wp-json\/wp\/v2\/posts"}],"about":[{"href":"https:\/\/vincentians.com\/es\/wp-json\/wp\/v2\/types\/post"}],"author":[{"embeddable":true,"href":"https:\/\/vincentians.com\/es\/wp-json\/wp\/v2\/users\/4"}],"replies":[{"embeddable":true,"href":"https:\/\/vincentians.com\/es\/wp-json\/wp\/v2\/comments?post=134037"}],"version-history":[{"count":0,"href":"https:\/\/vincentians.com\/es\/wp-json\/wp\/v2\/posts\/134037\/revisions"}],"wp:featuredmedia":[{"embeddable":true,"href":"https:\/\/vincentians.com\/es\/wp-json\/"}],"wp:attachment":[{"href":"https:\/\/vincentians.com\/es\/wp-json\/wp\/v2\/media?parent=134037"}],"wp:term":[{"taxonomy":"category","embeddable":true,"href":"https:\/\/vincentians.com\/es\/wp-json\/wp\/v2\/categories?post=134037"},{"taxonomy":"post_tag","embeddable":true,"href":"https:\/\/vincentians.com\/es\/wp-json\/wp\/v2\/tags?post=134037"}],"curies":[{"name":"wp","href":"https:\/\/api.w.org\/{rel}","templated":true}]}}