{"id":133256,"date":"2015-01-06T06:20:29","date_gmt":"2015-01-06T05:20:29","guid":{"rendered":"http:\/\/somos.vicencianos.org\/misionespopulares\/?p=123"},"modified":"2015-01-06T06:20:29","modified_gmt":"2015-01-06T05:20:29","slug":"conceptos-clave-en-misiones-populares-06-envio","status":"publish","type":"post","link":"https:\/\/vincentians.com\/es\/conceptos-clave-en-misiones-populares-06-envio\/","title":{"rendered":"Conceptos clave en misiones populares 06: Env\u00edo"},"content":{"rendered":"<p><a href=\"https:\/\/i0.wp.com\/vicencianos.org\/wp-content\/2015\/01\/P1020538.jpg\"><img data-recalc-dims=\"1\" loading=\"lazy\" decoding=\"async\" class=\"alignright size-medium wp-image-133358\" src=\"https:\/\/i0.wp.com\/vicencianos.org\/wp-content\/2015\/01\/P1020538-300x300.jpg?resize=300%2C300\" alt=\"P1020538\" width=\"300\" height=\"300\" \/><\/a>Se ha popularizado entre nosotros la palabra <strong>env\u00edo<\/strong>. Pero lo importante no es el t\u00e9rmino m\u00e1s o menos popular, sino el significado. La palabra <strong>env\u00edo<\/strong> aparece en el Evangelio. Es Lucas quien recuerda: <em>En aquel momento eligi\u00f3 otros 72 disc\u00edpulos y los <strong>envi\u00f3<\/strong> de dos en dos&#8230;<\/em> (Lc 10).<\/p>\n<p>Cada misi\u00f3n particular se inicia con una <em>Celebraci\u00f3n del Env\u00edo<\/em>. Las ra\u00edces de estas palabras, del gesto que las visualiza y del \u00abesp\u00edritu\u00bb que debe empujarlas est\u00e1 en Jes\u00fas mismo.<\/p>\n<p>Es Jes\u00fas quien dice: <em>Como el Padre me envi\u00f3, as\u00ed yo tambi\u00e9n os env\u00edo a vosotros<\/em>. Queda definido por Jes\u00fas el concepto profundo de la Misi\u00f3n [= hecho de enviar, mejor, de ser enviados]:<\/p>\n<ol>\n<li>El Padre es quien nos <strong>env\u00eda<\/strong> a Jes\u00fas (<em>el primer misionero<\/em>).<\/li>\n<li>Jes\u00fas <strong>env\u00eda<\/strong> a sus disc\u00edpulos:<br \/>\n<em>\u00a0 Id por todo el mundo&#8230; <\/em>(Mc 16,)<br \/>\n<em>\u00a0 Yo os env\u00edo como corderos en medio de lobos&#8230;<\/em> (Lc 10,)<\/li>\n<li>La Iglesia es quien, en nombre de Dios, sigue <strong>enviando<\/strong>.<\/li>\n<\/ol>\n<p><strong>El significado de este acto:<\/strong><\/p>\n<ul>\n<li>Hemos sido elegidos o llamados.<\/li>\n<li>No vamos a actuar en nombre propio: S\u00ed en nombre de Cristo y de la Iglesia.<\/li>\n<\/ul>\n<p style=\"padding-left: 30px\">Por eso, somos <strong>enviados<\/strong>.<br \/>\nQui\u00e9n nos env\u00eda es el responsable de nuestra acci\u00f3n.<br \/>\nEs una acci\u00f3n de comunidad-Iglesia.<\/p>\n<p>Pero, desde el gozo, hemos sido <strong>elegidos<\/strong>, somos sus <strong>representantes<\/strong> autorizados&#8230;<\/p>\n<p>Conviene que tengamos claro este concepto profundo de misi\u00f3n. La Misi\u00f3n, nuestra misi\u00f3n, ni se confunde ni es de menos categor\u00eda que la misi\u00f3n \u00abad gentes\u00bb. Jes\u00fas, afirma un te\u00f3logo de prestigio, se siente enviado <em>a las ovejas descarriadas <strong>de la casa<\/strong> de Israel<\/em> (o sea, a los bautizados alejados). Tampoco, por lo mismo, hemos de tener la impresi\u00f3n de que este ministerio es algo del pasado (pasado de moda). Mientras haya alejados, agn\u00f3sticos, increyentes, indiferentes (que abundan hasta entre los llamados creyentes), gentes bautizadas sin conciencia personal de ello\u2026 <strong>ser\u00e1 necesaria la misi\u00f3n<\/strong> <strong>extraordinaria <\/strong>de las comunidades \u00abde siempre\u00bb. Mientras, nos dice san Vicente, haya quien no ponga en primer lugar la necesidad de <em>evangelizar a los pobres<\/em>, habr\u00e1 que refundar la Iglesia, habr\u00e1 que seguir haciendo real <em>lo anunciado y prefigurado por los profetas<\/em> y por Jes\u00fas.<\/p>\n<p>Hemos de vivir el \u00abID\u00bb con sentido gozoso, sabiendo que somos elegidos y enviados: <em>\u00abUn gran motivo que tenemos<\/em> [para amar nuestra vocaci\u00f3n]<em> es la grandeza de la cosa&#8230; \u00a1Qu\u00e9 grande es esto! Y el que hayamos sido llamados para ser compa\u00f1eros y para participar en los planes del Hijo de Dios, es algo que supera nuestro entendimiento. \u00a1Qu\u00e9! \u00a1Hacernos&#8230;, no me atrevo a decirlo&#8230;. s\u00ed: evangelizar a los pobres es un oficio tan alto que es, por excelencia, el oficio del Hijo de Dios! Y a nosotros se nos dedica a ello como instrumentos por los que el Hijo de Dios sigue haciendo desde el cielo lo que hizo en la tierra\u00bb<\/em> (San Vicente XI, 387).<\/p>\n<p>Esta palabra ha de provocar una actitud din\u00e1mica. Si somos enviados, no podemos pensar que estamos haciendo \u00abmi obra\u00bb o \u00abnuestra obra\u00bb. Pero tampoco podemos estar a la expectativa, a ver qu\u00e9 pasa, a ver qui\u00e9n viene, o si vienen&#8230; Hemos de ir. Hay que <strong>salir<\/strong>.<\/p>\n<p>Renunciar-evitar, pues, tanto el \u00abyo\u00edsmo\u00bb como el \u00abacomodo-comodidad\u00bb; tanto el mutismo y el miedo como la \u00abpar\u00e1lisis\u00bb.<\/p>\n<p>Permitidme terminar con una cita de un profesor m\u00edo, belga: \u00abHace unos a\u00f1os V. Neckebrouck, estudioso de misionolog\u00eda y antropolog\u00eda religiosa, public\u00f3 un libro con un incisivo t\u00edtulo que, traducido, reza como sigue: \u00abLos demonios mudos. El s\u00edndrome antimisionero en la Iglesia occidental\u00bb (\u2026) Hoy muchos cristianos y sacerdotes parecen sometidos a un demonio o esp\u00edritu mudo y ya no se comprometen a anunciar con coraje y convicci\u00f3n el Evangelio de Jesucristo a quienes no lo conocen. Muchos ni siquiera ven el problema o, peor a\u00fan, no ven la utilidad y el sentido que ello pueda tener. Una mentalidad bastante difundida (no de manera general, afortunadamente) entre los cristianos, sacerdotes y religiosos occidentales considera que la era misionera ha pasado a la historia\u00bb.<\/p>\n","protected":false},"excerpt":{"rendered":"<p>Se ha popularizado entre nosotros la palabra env\u00edo. Pero lo importante no es el t\u00e9rmino m\u00e1s o menos popular, sino el significado. La palabra env\u00edo aparece en el Evangelio. Es Lucas quien recuerda: En aquel &#8230; <a href=\"https:\/\/vincentians.com\/es\/conceptos-clave-en-misiones-populares-06-envio\/\" class=\"more-link\">Read More<\/a><\/p>\n","protected":false},"author":4,"featured_media":133358,"comment_status":"open","ping_status":"open","sticky":false,"template":"","format":"standard","meta":{"jetpack_post_was_ever_published":false,"_jetpack_newsletter_access":"","_jetpack_dont_email_post_to_subs":false,"_jetpack_newsletter_tier_id":0,"_jetpack_memberships_contains_paywalled_content":false,"_jetpack_memberships_contains_paid_content":false,"footnotes":"","jetpack_publicize_message":"","jetpack_publicize_feature_enabled":true,"jetpack_social_post_already_shared":true,"jetpack_social_options":{"image_generator_settings":{"template":"highway","default_image_id":0,"font":"","enabled":false},"version":2}},"categories":[328],"tags":[176],"class_list":["post-133256","post","type-post","status-publish","format-standard","has-post-thumbnail","hentry","category-misiones-populares-misiones","tag-misiones-populares"],"yoast_head":"<!-- This site is optimized with the Yoast SEO plugin v26.3 - https:\/\/yoast.com\/wordpress\/plugins\/seo\/ -->\n<title>Conceptos clave en misiones populares 06: Env\u00edo - Somos Vicencianos<\/title>\n<meta name=\"robots\" content=\"index, follow, max-snippet:-1, max-image-preview:large, max-video-preview:-1\" \/>\n<link rel=\"canonical\" href=\"https:\/\/vincentians.com\/es\/conceptos-clave-en-misiones-populares-06-envio\/\" \/>\n<meta property=\"og:locale\" content=\"es_ES\" \/>\n<meta property=\"og:type\" content=\"article\" \/>\n<meta property=\"og:title\" content=\"Conceptos clave en misiones populares 06: Env\u00edo - Somos Vicencianos\" \/>\n<meta property=\"og:description\" content=\"Se ha popularizado entre nosotros la palabra env\u00edo. Pero lo importante no es el t\u00e9rmino m\u00e1s o menos popular, sino el significado. La palabra env\u00edo aparece en el Evangelio. Es Lucas quien recuerda: En aquel ... Read More\" \/>\n<meta property=\"og:url\" content=\"https:\/\/vincentians.com\/es\/conceptos-clave-en-misiones-populares-06-envio\/\" \/>\n<meta property=\"og:site_name\" content=\"Somos Vicencianos\" \/>\n<meta property=\"article:publisher\" content=\"https:\/\/www.facebook.com\/WeAreVincentians\/\" \/>\n<meta property=\"article:author\" content=\"https:\/\/www.facebook.com\/JavierChento\" \/>\n<meta property=\"article:published_time\" content=\"2015-01-06T05:20:29+00:00\" \/>\n<meta name=\"author\" content=\"Francisco Javier Fern\u00e1ndez Chento\" \/>\n<meta name=\"twitter:card\" content=\"summary_large_image\" \/>\n<meta name=\"twitter:creator\" content=\"@https:\/\/twitter.com\/javierchento\" \/>\n<meta name=\"twitter:site\" content=\"@WeVincentians\" \/>\n<meta name=\"twitter:label1\" content=\"Escrito por\" \/>\n\t<meta name=\"twitter:data1\" content=\"Francisco Javier Fern\u00e1ndez Chento\" \/>\n\t<meta name=\"twitter:label2\" content=\"Tiempo de lectura\" \/>\n\t<meta name=\"twitter:data2\" content=\"3 minutos\" \/>\n<script type=\"application\/ld+json\" class=\"yoast-schema-graph\">{\"@context\":\"https:\/\/schema.org\",\"@graph\":[{\"@type\":\"Article\",\"@id\":\"https:\/\/vincentians.com\/es\/conceptos-clave-en-misiones-populares-06-envio\/#article\",\"isPartOf\":{\"@id\":\"https:\/\/vincentians.com\/es\/conceptos-clave-en-misiones-populares-06-envio\/\"},\"author\":{\"name\":\"Francisco Javier Fern\u00e1ndez Chento\",\"@id\":\"http:\/\/vincentians.com\/es\/#\/schema\/person\/9623ef4d9aa3b2dfb8c061f1499288f2\"},\"headline\":\"Conceptos clave en misiones populares 06: Env\u00edo\",\"datePublished\":\"2015-01-06T05:20:29+00:00\",\"mainEntityOfPage\":{\"@id\":\"https:\/\/vincentians.com\/es\/conceptos-clave-en-misiones-populares-06-envio\/\"},\"wordCount\":706,\"commentCount\":0,\"publisher\":{\"@id\":\"http:\/\/vincentians.com\/es\/#organization\"},\"image\":{\"@id\":\"https:\/\/vincentians.com\/es\/conceptos-clave-en-misiones-populares-06-envio\/#primaryimage\"},\"thumbnailUrl\":\"\",\"keywords\":[\"Misiones Populares\"],\"articleSection\":[\"Misiones populares\"],\"inLanguage\":\"es\",\"potentialAction\":[{\"@type\":\"CommentAction\",\"name\":\"Comment\",\"target\":[\"https:\/\/vincentians.com\/es\/conceptos-clave-en-misiones-populares-06-envio\/#respond\"]}]},{\"@type\":\"WebPage\",\"@id\":\"https:\/\/vincentians.com\/es\/conceptos-clave-en-misiones-populares-06-envio\/\",\"url\":\"https:\/\/vincentians.com\/es\/conceptos-clave-en-misiones-populares-06-envio\/\",\"name\":\"Conceptos clave en misiones populares 06: Env\u00edo - Somos Vicencianos\",\"isPartOf\":{\"@id\":\"http:\/\/vincentians.com\/es\/#website\"},\"primaryImageOfPage\":{\"@id\":\"https:\/\/vincentians.com\/es\/conceptos-clave-en-misiones-populares-06-envio\/#primaryimage\"},\"image\":{\"@id\":\"https:\/\/vincentians.com\/es\/conceptos-clave-en-misiones-populares-06-envio\/#primaryimage\"},\"thumbnailUrl\":\"\",\"datePublished\":\"2015-01-06T05:20:29+00:00\",\"breadcrumb\":{\"@id\":\"https:\/\/vincentians.com\/es\/conceptos-clave-en-misiones-populares-06-envio\/#breadcrumb\"},\"inLanguage\":\"es\",\"potentialAction\":[{\"@type\":\"ReadAction\",\"target\":[\"https:\/\/vincentians.com\/es\/conceptos-clave-en-misiones-populares-06-envio\/\"]}]},{\"@type\":\"ImageObject\",\"inLanguage\":\"es\",\"@id\":\"https:\/\/vincentians.com\/es\/conceptos-clave-en-misiones-populares-06-envio\/#primaryimage\",\"url\":\"\",\"contentUrl\":\"\"},{\"@type\":\"BreadcrumbList\",\"@id\":\"https:\/\/vincentians.com\/es\/conceptos-clave-en-misiones-populares-06-envio\/#breadcrumb\",\"itemListElement\":[{\"@type\":\"ListItem\",\"position\":1,\"name\":\"Portada\",\"item\":\"http:\/\/vincentians.com\/es\/\"},{\"@type\":\"ListItem\",\"position\":2,\"name\":\"Conceptos clave en misiones populares 06: Env\u00edo\"}]},{\"@type\":\"WebSite\",\"@id\":\"http:\/\/vincentians.com\/es\/#website\",\"url\":\"http:\/\/vincentians.com\/es\/\",\"name\":\"Somos Vicencianos\",\"description\":\"Know more to serve more\",\"publisher\":{\"@id\":\"http:\/\/vincentians.com\/es\/#organization\"},\"potentialAction\":[{\"@type\":\"SearchAction\",\"target\":{\"@type\":\"EntryPoint\",\"urlTemplate\":\"http:\/\/vincentians.com\/es\/?s={search_term_string}\"},\"query-input\":{\"@type\":\"PropertyValueSpecification\",\"valueRequired\":true,\"valueName\":\"search_term_string\"}}],\"inLanguage\":\"es\"},{\"@type\":\"Organization\",\"@id\":\"http:\/\/vincentians.com\/es\/#organization\",\"name\":\"The Vincentian Network\",\"url\":\"http:\/\/vincentians.com\/es\/\",\"logo\":{\"@type\":\"ImageObject\",\"inLanguage\":\"es\",\"@id\":\"http:\/\/vincentians.com\/es\/#\/schema\/logo\/image\/\",\"url\":\"https:\/\/i1.wp.com\/vincentians.com\/es\/wp-content\/uploads\/sites\/11\/2016\/06\/Vincentian-Network-logo-big.png?fit=778%2C778\",\"contentUrl\":\"https:\/\/i1.wp.com\/vincentians.com\/es\/wp-content\/uploads\/sites\/11\/2016\/06\/Vincentian-Network-logo-big.png?fit=778%2C778\",\"width\":778,\"height\":778,\"caption\":\"The Vincentian Network\"},\"image\":{\"@id\":\"http:\/\/vincentians.com\/es\/#\/schema\/logo\/image\/\"},\"sameAs\":[\"https:\/\/www.facebook.com\/WeAreVincentians\/\",\"https:\/\/x.com\/WeVincentians\"]},{\"@type\":\"Person\",\"@id\":\"http:\/\/vincentians.com\/es\/#\/schema\/person\/9623ef4d9aa3b2dfb8c061f1499288f2\",\"name\":\"Francisco Javier Fern\u00e1ndez Chento\",\"image\":{\"@type\":\"ImageObject\",\"inLanguage\":\"es\",\"@id\":\"http:\/\/vincentians.com\/es\/#\/schema\/person\/image\/\",\"url\":\"https:\/\/secure.gravatar.com\/avatar\/497d5cde87b4c3d097d0315953521681ba2cd523ee66e5077c3711f7021e65de?s=96&d=mm&r=g\",\"contentUrl\":\"https:\/\/secure.gravatar.com\/avatar\/497d5cde87b4c3d097d0315953521681ba2cd523ee66e5077c3711f7021e65de?s=96&d=mm&r=g\",\"caption\":\"Francisco Javier Fern\u00e1ndez Chento\"},\"description\":\"Director General y cofundador de La Red de Formaci\u00f3n Vicenciana. Javier es laico vicenciano, afiliado a la Congregaci\u00f3n de la Misi\u00f3n y miembro del Equipo de Misiones Populares de la provincia can\u00f3nica de Zaragoza (Espa\u00f1a) de la Congregaci\u00f3n de la Misi\u00f3n. Graduado en la Universidad Oberta de Catalunya con cuatro grados (Asistente de direcci\u00f3n, Gesti\u00f3n Administrativa, Recursos Humanos y Contabilidad Avanzada). Bil\u00edng\u00fce Espa\u00f1ol\/Ingl\u00e9s. gestiona y mantiene varias p\u00e1ginas web cristianas y vicencianas, incluida including La Red de Formaci\u00f3n Vicenciana, de la que es cofundador. Actualmente es responsable del \u00e1rea de Espa\u00f1ol de .famvin, la Red de Noticias de la Familia Vicenciana. Tambi\u00e9n es m\u00fasico cat\u00f3lico y ha editado varios discos. Es Director General y cofundador de Trovador, una reconocida compa\u00f1\u00eda discogr\u00e1fica critiana de Espa\u00f1a. Trabaja en las Tecnolog\u00edas de la Informaci\u00f3n, ofreciendo servicios de alojamiento, dise\u00f1o y mantenimiento Web, as\u00ed como asesoramiento, formaci\u00f3n y soluciones inform\u00e1ticas, gesti\u00f3n documental y digitalizaci\u00f3n de textos, edici\u00f3n y maquetaci\u00f3n de libros, revistas, flyers, etc.\",\"sameAs\":[\"http:\/\/chento.org\",\"https:\/\/www.facebook.com\/JavierChento\",\"https:\/\/x.com\/https:\/\/twitter.com\/javierchento\"],\"url\":\"https:\/\/vincentians.com\/es\/author\/chento\/\"}]}<\/script>\n<!-- \/ Yoast SEO plugin. -->","yoast_head_json":{"title":"Conceptos clave en misiones populares 06: Env\u00edo - Somos Vicencianos","robots":{"index":"index","follow":"follow","max-snippet":"max-snippet:-1","max-image-preview":"max-image-preview:large","max-video-preview":"max-video-preview:-1"},"canonical":"https:\/\/vincentians.com\/es\/conceptos-clave-en-misiones-populares-06-envio\/","og_locale":"es_ES","og_type":"article","og_title":"Conceptos clave en misiones populares 06: Env\u00edo - Somos Vicencianos","og_description":"Se ha popularizado entre nosotros la palabra env\u00edo. Pero lo importante no es el t\u00e9rmino m\u00e1s o menos popular, sino el significado. La palabra env\u00edo aparece en el Evangelio. Es Lucas quien recuerda: En aquel ... Read More","og_url":"https:\/\/vincentians.com\/es\/conceptos-clave-en-misiones-populares-06-envio\/","og_site_name":"Somos Vicencianos","article_publisher":"https:\/\/www.facebook.com\/WeAreVincentians\/","article_author":"https:\/\/www.facebook.com\/JavierChento","article_published_time":"2015-01-06T05:20:29+00:00","author":"Francisco Javier Fern\u00e1ndez Chento","twitter_card":"summary_large_image","twitter_creator":"@https:\/\/twitter.com\/javierchento","twitter_site":"@WeVincentians","twitter_misc":{"Escrito por":"Francisco Javier Fern\u00e1ndez Chento","Tiempo de lectura":"3 minutos"},"schema":{"@context":"https:\/\/schema.org","@graph":[{"@type":"Article","@id":"https:\/\/vincentians.com\/es\/conceptos-clave-en-misiones-populares-06-envio\/#article","isPartOf":{"@id":"https:\/\/vincentians.com\/es\/conceptos-clave-en-misiones-populares-06-envio\/"},"author":{"name":"Francisco Javier Fern\u00e1ndez Chento","@id":"http:\/\/vincentians.com\/es\/#\/schema\/person\/9623ef4d9aa3b2dfb8c061f1499288f2"},"headline":"Conceptos clave en misiones populares 06: Env\u00edo","datePublished":"2015-01-06T05:20:29+00:00","mainEntityOfPage":{"@id":"https:\/\/vincentians.com\/es\/conceptos-clave-en-misiones-populares-06-envio\/"},"wordCount":706,"commentCount":0,"publisher":{"@id":"http:\/\/vincentians.com\/es\/#organization"},"image":{"@id":"https:\/\/vincentians.com\/es\/conceptos-clave-en-misiones-populares-06-envio\/#primaryimage"},"thumbnailUrl":"","keywords":["Misiones Populares"],"articleSection":["Misiones populares"],"inLanguage":"es","potentialAction":[{"@type":"CommentAction","name":"Comment","target":["https:\/\/vincentians.com\/es\/conceptos-clave-en-misiones-populares-06-envio\/#respond"]}]},{"@type":"WebPage","@id":"https:\/\/vincentians.com\/es\/conceptos-clave-en-misiones-populares-06-envio\/","url":"https:\/\/vincentians.com\/es\/conceptos-clave-en-misiones-populares-06-envio\/","name":"Conceptos clave en misiones populares 06: Env\u00edo - Somos Vicencianos","isPartOf":{"@id":"http:\/\/vincentians.com\/es\/#website"},"primaryImageOfPage":{"@id":"https:\/\/vincentians.com\/es\/conceptos-clave-en-misiones-populares-06-envio\/#primaryimage"},"image":{"@id":"https:\/\/vincentians.com\/es\/conceptos-clave-en-misiones-populares-06-envio\/#primaryimage"},"thumbnailUrl":"","datePublished":"2015-01-06T05:20:29+00:00","breadcrumb":{"@id":"https:\/\/vincentians.com\/es\/conceptos-clave-en-misiones-populares-06-envio\/#breadcrumb"},"inLanguage":"es","potentialAction":[{"@type":"ReadAction","target":["https:\/\/vincentians.com\/es\/conceptos-clave-en-misiones-populares-06-envio\/"]}]},{"@type":"ImageObject","inLanguage":"es","@id":"https:\/\/vincentians.com\/es\/conceptos-clave-en-misiones-populares-06-envio\/#primaryimage","url":"","contentUrl":""},{"@type":"BreadcrumbList","@id":"https:\/\/vincentians.com\/es\/conceptos-clave-en-misiones-populares-06-envio\/#breadcrumb","itemListElement":[{"@type":"ListItem","position":1,"name":"Portada","item":"http:\/\/vincentians.com\/es\/"},{"@type":"ListItem","position":2,"name":"Conceptos clave en misiones populares 06: Env\u00edo"}]},{"@type":"WebSite","@id":"http:\/\/vincentians.com\/es\/#website","url":"http:\/\/vincentians.com\/es\/","name":"Somos Vicencianos","description":"Know more to serve more","publisher":{"@id":"http:\/\/vincentians.com\/es\/#organization"},"potentialAction":[{"@type":"SearchAction","target":{"@type":"EntryPoint","urlTemplate":"http:\/\/vincentians.com\/es\/?s={search_term_string}"},"query-input":{"@type":"PropertyValueSpecification","valueRequired":true,"valueName":"search_term_string"}}],"inLanguage":"es"},{"@type":"Organization","@id":"http:\/\/vincentians.com\/es\/#organization","name":"The Vincentian Network","url":"http:\/\/vincentians.com\/es\/","logo":{"@type":"ImageObject","inLanguage":"es","@id":"http:\/\/vincentians.com\/es\/#\/schema\/logo\/image\/","url":"https:\/\/i1.wp.com\/vincentians.com\/es\/wp-content\/uploads\/sites\/11\/2016\/06\/Vincentian-Network-logo-big.png?fit=778%2C778","contentUrl":"https:\/\/i1.wp.com\/vincentians.com\/es\/wp-content\/uploads\/sites\/11\/2016\/06\/Vincentian-Network-logo-big.png?fit=778%2C778","width":778,"height":778,"caption":"The Vincentian Network"},"image":{"@id":"http:\/\/vincentians.com\/es\/#\/schema\/logo\/image\/"},"sameAs":["https:\/\/www.facebook.com\/WeAreVincentians\/","https:\/\/x.com\/WeVincentians"]},{"@type":"Person","@id":"http:\/\/vincentians.com\/es\/#\/schema\/person\/9623ef4d9aa3b2dfb8c061f1499288f2","name":"Francisco Javier Fern\u00e1ndez Chento","image":{"@type":"ImageObject","inLanguage":"es","@id":"http:\/\/vincentians.com\/es\/#\/schema\/person\/image\/","url":"https:\/\/secure.gravatar.com\/avatar\/497d5cde87b4c3d097d0315953521681ba2cd523ee66e5077c3711f7021e65de?s=96&d=mm&r=g","contentUrl":"https:\/\/secure.gravatar.com\/avatar\/497d5cde87b4c3d097d0315953521681ba2cd523ee66e5077c3711f7021e65de?s=96&d=mm&r=g","caption":"Francisco Javier Fern\u00e1ndez Chento"},"description":"Director General y cofundador de La Red de Formaci\u00f3n Vicenciana. Javier es laico vicenciano, afiliado a la Congregaci\u00f3n de la Misi\u00f3n y miembro del Equipo de Misiones Populares de la provincia can\u00f3nica de Zaragoza (Espa\u00f1a) de la Congregaci\u00f3n de la Misi\u00f3n. Graduado en la Universidad Oberta de Catalunya con cuatro grados (Asistente de direcci\u00f3n, Gesti\u00f3n Administrativa, Recursos Humanos y Contabilidad Avanzada). Bil\u00edng\u00fce Espa\u00f1ol\/Ingl\u00e9s. gestiona y mantiene varias p\u00e1ginas web cristianas y vicencianas, incluida including La Red de Formaci\u00f3n Vicenciana, de la que es cofundador. Actualmente es responsable del \u00e1rea de Espa\u00f1ol de .famvin, la Red de Noticias de la Familia Vicenciana. Tambi\u00e9n es m\u00fasico cat\u00f3lico y ha editado varios discos. Es Director General y cofundador de Trovador, una reconocida compa\u00f1\u00eda discogr\u00e1fica critiana de Espa\u00f1a. Trabaja en las Tecnolog\u00edas de la Informaci\u00f3n, ofreciendo servicios de alojamiento, dise\u00f1o y mantenimiento Web, as\u00ed como asesoramiento, formaci\u00f3n y soluciones inform\u00e1ticas, gesti\u00f3n documental y digitalizaci\u00f3n de textos, edici\u00f3n y maquetaci\u00f3n de libros, revistas, flyers, etc.","sameAs":["http:\/\/chento.org","https:\/\/www.facebook.com\/JavierChento","https:\/\/x.com\/https:\/\/twitter.com\/javierchento"],"url":"https:\/\/vincentians.com\/es\/author\/chento\/"}]}},"jetpack_publicize_connections":[],"jetpack_featured_media_url":"","jetpack_sharing_enabled":true,"jetpack_shortlink":"https:\/\/wp.me\/p7ETMF-yFi","jetpack-related-posts":[{"id":140023,"url":"https:\/\/vincentians.com\/es\/iras-a-donde-yo-te-envie-jer-1-7-2\/","url_meta":{"origin":133256,"position":0},"title":"\u00abIr\u00e1s a donde yo te env\u00ede\u00bb (Jer 1, 7)","author":"Francisco Javier Fern\u00e1ndez Chento","date":"17\/02\/2015","format":false,"excerpt":"El Evangelio de Lucas (4:16-30) refiere el d\u00eda en que Jes\u00fas viene a la Sinagoga de Nazaret y toma el rollo de Isa\u00edas y comienza a leer (Isa 61:1): \u201cEl esp\u00edritu del Se\u00f1or est\u00e1 sobre m\u00ed, porque el Se\u00f1or me ha ungido. Me ha enviado para dar la buena nueva\u2026","rel":"","context":"En \u00abEspiritualidad vicenciana\u00bb","block_context":{"text":"Espiritualidad vicenciana","link":"https:\/\/vincentians.com\/es\/category\/espiritualidad\/espiritualidad-vicenciana\/"},"img":{"alt_text":"Jeremias_1","src":"https:\/\/i0.wp.com\/vicencianos.org\/wp-content\/2015\/02\/Jeremias_1-300x225.jpg?resize=350%2C200","width":350,"height":200},"classes":[]},{"id":144671,"url":"https:\/\/vincentians.com\/es\/el-servicio-de-los-pobres-con-espiritu-y-en-comunidad\/","url_meta":{"origin":133256,"position":1},"title":"El servicio de los Pobres con \u00abEsp\u00edritu\u00bb y en comunidad","author":"Francisco Javier Fern\u00e1ndez Chento","date":"09\/05\/2015","format":false,"excerpt":"Pre\u00e1mbulo: \u00bfQu\u00e9 significa el t\u00edtulo de nuestra reflexi\u00f3n? \u00a1El Servicio de los pobres con \u00abEsp\u00edritu\u00bb y en comunidad! El t\u00edtulo dado a esta charla \u00a1est\u00e1 inspirado por el Papa Francisco. En efecto, en su exhortaci\u00f3n \u201cLa Alegr\u00eda del Evangelio\u201d(Evangelii Gaudium), el cap\u00edtulo cinco conlleva un t\u00edtulo asombroso \u00ab\u00a0Evangelizadores con Esp\u00edritu\u00bb.\u2026","rel":"","context":"En \u00abEspiritualidad vicenciana\u00bb","block_context":{"text":"Espiritualidad vicenciana","link":"https:\/\/vincentians.com\/es\/category\/espiritualidad\/espiritualidad-vicenciana\/"},"img":{"alt_text":"svp-laicos-1","src":"https:\/\/i0.wp.com\/vicencianos.org\/wp-content\/2011\/11\/svp-laicos-1-300x228.jpg?resize=350%2C200","width":350,"height":200},"classes":[]},{"id":131673,"url":"https:\/\/vincentians.com\/es\/jesucristo-regla-de-la-mision\/","url_meta":{"origin":133256,"position":2},"title":"\u00abJesucristo, regla de la Misi\u00f3n\u00bb","author":"Francisco Javier Fern\u00e1ndez Chento","date":"08\/02\/2015","format":false,"excerpt":"\"Vosotros me llam\u00e1is Maestro y Se\u00f1or, y con raz\u00f3n, porque lo soy. Pues si yo, el Maestro y Se\u00f1or, os he lavado los pies, tambi\u00e9n vosotros deb\u00e9is lavaros los pies unos a otros, porque os he dado ejemplo, para que hag\u00e1is vosotros lo mismo que yo he hecho. S\u00ed, os\u2026","rel":"","context":"En \u00abEspiritualidad vicenciana\u00bb","block_context":{"text":"Espiritualidad vicenciana","link":"https:\/\/vincentians.com\/es\/category\/espiritualidad\/espiritualidad-vicenciana\/"},"img":{"alt_text":"pescadores","src":"https:\/\/i0.wp.com\/vicencianos.org\/wp-content\/2014\/11\/pescadores-300x166.jpg?resize=350%2C200","width":350,"height":200},"classes":[]},{"id":135783,"url":"https:\/\/vincentians.com\/es\/15o-domingo-de-tiempo-ordinario-reflexion-de-antonio-elduayen-c-m\/","url_meta":{"origin":133256,"position":3},"title":"15\u00ba Domingo de Tiempo Ordinario (reflexi\u00f3n de Antonio Elduayen, C.M.)","author":"Francisco Javier Fern\u00e1ndez Chento","date":"15\/07\/2012","format":false,"excerpt":"Queridos amigos Buscar, formar y enviar misioneros, fue una tarea fundamental y constante de Jes\u00fas. Como lo es de la Iglesia. Y ten\u00eda y tiene que ser as\u00ed si queremos establecer el Reinado del Padre Dios en el mundo. Es por ello que la primera cosa que hizo el Se\u00f1or,\u2026","rel":"","context":"En \u00abHomil\u00edas y reflexiones, A\u00f1o B\u00bb","block_context":{"text":"Homil\u00edas y reflexiones, A\u00f1o B","link":"https:\/\/vincentians.com\/es\/category\/homilias-y-reflexiones-a-la-palabra-de-dios\/homilias-y-reflexiones-ano-b\/"},"img":{"alt_text":"","src":"https:\/\/i0.wp.com\/vincentians.com\/es\/wp-content\/uploads\/sites\/11\/2016\/07\/reflexiones-palabra-de-dios.jpg?fit=1200%2C630&ssl=1&resize=350%2C200","width":350,"height":200,"srcset":"https:\/\/i0.wp.com\/vincentians.com\/es\/wp-content\/uploads\/sites\/11\/2016\/07\/reflexiones-palabra-de-dios.jpg?fit=1200%2C630&ssl=1&resize=350%2C200 1x, https:\/\/i0.wp.com\/vincentians.com\/es\/wp-content\/uploads\/sites\/11\/2016\/07\/reflexiones-palabra-de-dios.jpg?fit=1200%2C630&ssl=1&resize=525%2C300 1.5x, https:\/\/i0.wp.com\/vincentians.com\/es\/wp-content\/uploads\/sites\/11\/2016\/07\/reflexiones-palabra-de-dios.jpg?fit=1200%2C630&ssl=1&resize=700%2C400 2x, https:\/\/i0.wp.com\/vincentians.com\/es\/wp-content\/uploads\/sites\/11\/2016\/07\/reflexiones-palabra-de-dios.jpg?fit=1200%2C630&ssl=1&resize=1050%2C600 3x"},"classes":[]},{"id":132448,"url":"https:\/\/vincentians.com\/es\/la-ascension-del-senor-reflexion-de-jose-roman-flecha\/","url_meta":{"origin":133256,"position":4},"title":"La Ascensi\u00f3n del Se\u00f1or (reflexi\u00f3n de Jos\u00e9 Rom\u00e1n Flecha)","author":"Francisco Javier Fern\u00e1ndez Chento","date":"14\/05\/2012","format":false,"excerpt":"EL CIELO Y LA TIERRA Solemnidad de la Ascensi\u00f3n del Se\u00f1or 20 de mayo de 2012 En un serm\u00f3n pronunciado en la fiesta de la Ascensi\u00f3n, San Juan de \u00c1vila dec\u00eda que esta fiesta nos invita a la vez a la alegr\u00eda y al llanto. \"Nuestro deseo parece que se\u2026","rel":"","context":"En \u00abHomil\u00edas y reflexiones, A\u00f1o B\u00bb","block_context":{"text":"Homil\u00edas y reflexiones, A\u00f1o B","link":"https:\/\/vincentians.com\/es\/category\/homilias-y-reflexiones-a-la-palabra-de-dios\/homilias-y-reflexiones-ano-b\/"},"img":{"alt_text":"","src":"https:\/\/i0.wp.com\/vincentians.com\/es\/wp-content\/uploads\/sites\/11\/2016\/07\/reflexiones-palabra-de-dios.jpg?fit=1200%2C630&ssl=1&resize=350%2C200","width":350,"height":200,"srcset":"https:\/\/i0.wp.com\/vincentians.com\/es\/wp-content\/uploads\/sites\/11\/2016\/07\/reflexiones-palabra-de-dios.jpg?fit=1200%2C630&ssl=1&resize=350%2C200 1x, https:\/\/i0.wp.com\/vincentians.com\/es\/wp-content\/uploads\/sites\/11\/2016\/07\/reflexiones-palabra-de-dios.jpg?fit=1200%2C630&ssl=1&resize=525%2C300 1.5x, https:\/\/i0.wp.com\/vincentians.com\/es\/wp-content\/uploads\/sites\/11\/2016\/07\/reflexiones-palabra-de-dios.jpg?fit=1200%2C630&ssl=1&resize=700%2C400 2x, https:\/\/i0.wp.com\/vincentians.com\/es\/wp-content\/uploads\/sites\/11\/2016\/07\/reflexiones-palabra-de-dios.jpg?fit=1200%2C630&ssl=1&resize=1050%2C600 3x"},"classes":[]},{"id":135785,"url":"https:\/\/vincentians.com\/es\/15o-domingo-de-tiempo-ordinario-reflexion-de-jose-cervantes-gabarron\/","url_meta":{"origin":133256,"position":5},"title":"15\u00ba Domingo de Tiempo Ordinario (reflexi\u00f3n de Jos\u00e9 Cervantes Gabarr\u00f3n)","author":"Francisco Javier Fern\u00e1ndez Chento","date":"15\/07\/2012","format":false,"excerpt":"Profetas y misioneros con autoridad Jos\u00e9 Cervantes Gabarr\u00f3n, sacerdote misionero y profesor de Sagrada Escritura.La palabra de este domingo nos presenta el env\u00edo misionero de los Doce disc\u00edpulos de Jes\u00fas (Mc 6, 7-13) y la llamada a la vida prof\u00e9tica de Am\u00f3s en el Antiguo Testamento. El texto evang\u00e9lico pone\u2026","rel":"","context":"En \u00abHomil\u00edas y reflexiones, A\u00f1o B\u00bb","block_context":{"text":"Homil\u00edas y reflexiones, A\u00f1o B","link":"https:\/\/vincentians.com\/es\/category\/homilias-y-reflexiones-a-la-palabra-de-dios\/homilias-y-reflexiones-ano-b\/"},"img":{"alt_text":"","src":"https:\/\/i0.wp.com\/vincentians.com\/es\/wp-content\/uploads\/sites\/11\/2016\/07\/reflexiones-palabra-de-dios.jpg?fit=1200%2C630&ssl=1&resize=350%2C200","width":350,"height":200,"srcset":"https:\/\/i0.wp.com\/vincentians.com\/es\/wp-content\/uploads\/sites\/11\/2016\/07\/reflexiones-palabra-de-dios.jpg?fit=1200%2C630&ssl=1&resize=350%2C200 1x, https:\/\/i0.wp.com\/vincentians.com\/es\/wp-content\/uploads\/sites\/11\/2016\/07\/reflexiones-palabra-de-dios.jpg?fit=1200%2C630&ssl=1&resize=525%2C300 1.5x, https:\/\/i0.wp.com\/vincentians.com\/es\/wp-content\/uploads\/sites\/11\/2016\/07\/reflexiones-palabra-de-dios.jpg?fit=1200%2C630&ssl=1&resize=700%2C400 2x, https:\/\/i0.wp.com\/vincentians.com\/es\/wp-content\/uploads\/sites\/11\/2016\/07\/reflexiones-palabra-de-dios.jpg?fit=1200%2C630&ssl=1&resize=1050%2C600 3x"},"classes":[]}],"_links":{"self":[{"href":"https:\/\/vincentians.com\/es\/wp-json\/wp\/v2\/posts\/133256","targetHints":{"allow":["GET"]}}],"collection":[{"href":"https:\/\/vincentians.com\/es\/wp-json\/wp\/v2\/posts"}],"about":[{"href":"https:\/\/vincentians.com\/es\/wp-json\/wp\/v2\/types\/post"}],"author":[{"embeddable":true,"href":"https:\/\/vincentians.com\/es\/wp-json\/wp\/v2\/users\/4"}],"replies":[{"embeddable":true,"href":"https:\/\/vincentians.com\/es\/wp-json\/wp\/v2\/comments?post=133256"}],"version-history":[{"count":0,"href":"https:\/\/vincentians.com\/es\/wp-json\/wp\/v2\/posts\/133256\/revisions"}],"wp:featuredmedia":[{"embeddable":true,"href":"https:\/\/vincentians.com\/es\/wp-json\/"}],"wp:attachment":[{"href":"https:\/\/vincentians.com\/es\/wp-json\/wp\/v2\/media?parent=133256"}],"wp:term":[{"taxonomy":"category","embeddable":true,"href":"https:\/\/vincentians.com\/es\/wp-json\/wp\/v2\/categories?post=133256"},{"taxonomy":"post_tag","embeddable":true,"href":"https:\/\/vincentians.com\/es\/wp-json\/wp\/v2\/tags?post=133256"}],"curies":[{"name":"wp","href":"https:\/\/api.w.org\/{rel}","templated":true}]}}