{"id":133252,"date":"2015-01-01T04:40:24","date_gmt":"2015-01-01T03:40:24","guid":{"rendered":"http:\/\/somos.vicencianos.org\/misionespopulares\/?p=86"},"modified":"2015-01-01T04:40:24","modified_gmt":"2015-01-01T03:40:24","slug":"conceptos-clave-en-misiones-populares-01-colaboracion","status":"publish","type":"post","link":"https:\/\/vincentians.com\/es\/conceptos-clave-en-misiones-populares-01-colaboracion\/","title":{"rendered":"Conceptos clave en misiones populares 01: Colaboraci\u00f3n"},"content":{"rendered":"<p>En una serie de art\u00edculos cortos, voy a tratar de \u00abprecisar\u00bb <strong>qu\u00e9<\/strong> es una Misi\u00f3n (la nuestra) a trav\u00e9s de las palabras \u00abclave\u00bb que se\u00f1alan los distintos momentos de nuestro trabajo misionero. Lo har\u00e9 as\u00ed porque las palabras que empleamos para definir los distintos pasos que se dan en una Misi\u00f3n no han sido elegidas al azar. Hay en ellas, en semilla, toda una concepci\u00f3n de lo que significa para nosotros la Nueva Evangelizaci\u00f3n.<\/p>\n<p>Eso s\u00ed, conviene tener en cuenta que en estos conceptos no queda ni encerrada ni resumida toda la riqueza de nuestro estilo misionero.<\/p>\n<p>Pero adem\u00e1s, tienen otra finalidad. Al ser \u00abconceptos\u00bb, muestran dos posibilidades: 1. Se\u00f1alar unas l\u00edneas de acci\u00f3n; 2. Dar la posibilidad de materializarlos (concretarlos) de diversa manera: con distintas formas, distintos m\u00e9todos\u2026 Va pues el primero.<\/p>\n<h2><strong>Obra de Iglesia: Colaboraci\u00f3n<\/strong><\/h2>\n<p><a href=\"https:\/\/i0.wp.com\/vicencianos.org\/wp-content\/2015\/01\/P11901261.jpg\"><img data-recalc-dims=\"1\" loading=\"lazy\" decoding=\"async\" class=\"alignright size-medium wp-image-133342\" src=\"https:\/\/i0.wp.com\/vicencianos.org\/wp-content\/2015\/01\/P11901261-300x225.jpg?resize=300%2C225\" alt=\"P11901261\" width=\"300\" height=\"225\" \/><\/a>La Iglesia receptora del mandato de Jes\u00fas, <em>id y haced disc\u00edpulos m\u00edos, ense\u00f1\u00e1ndoles a cumplir lo que yo os mando<\/em>, est\u00e1 por medio. La Misi\u00f3n es una de las tareas de la Iglesia, la primera, dice Pablo VI: <em>La Iglesia existe para evangelizar<\/em> (EN 14).<\/p>\n<p>\u00abEs curioso \u00a0-ha dicho Mart\u00edn Velasco- que durante los primeros siglos de la Iglesia, pasada la generaci\u00f3n apost\u00f3lica, no hubo ministerios dedicados expl\u00edcitamente al apostolado, sino que evangelizaron las comunidades insertas en las distintas ciudades, por su modo de vivir\u00bb.<\/p>\n<p>Hablar de Misi\u00f3n es hablar de <strong>pastoral de conjunto<\/strong>. En el proceso de una Misi\u00f3n se trata de poner en contacto pastorales distintas. Aunque s\u00f3lo sean la pastoral ordinaria y la extraordinaria.<\/p>\n<p>Ser\u00eda ya muy importante <strong>realizar juntos<\/strong> un Programa. Esto, por otra parte, ser\u00eda realizar algo que no se da demasiado, pues, dentro de la Iglesia, muchos vivimos como francotiradores.<\/p>\n<p>Y conviene <strong>recalcar<\/strong> que esto no se puede <em>dar por supuesto<\/em>. Es muy peligroso. Para\u00a0 comprobarlo nos basta un dato de la pastoral ordinaria: \u00bfSe entienden de hecho y ordinariamente los distintos grupos de una parroquia?<\/p>\n<p>Necesitamos <strong>unirnos<\/strong> en un mismo sentido de Iglesia. Superar protagonismos y personalismos, aunque sean de grupo. Puede haber sectas dentro de la misma iglesia cat\u00f3lica. \u00a1Y no queremos ser sectarios!.<\/p>\n<p>Dos peligros a evitar desde esta perspectiva: \u00abel sectarismo\u00bb y el \u00abacomodo a la situaci\u00f3n\u00bb.<\/p>\n<p>Permitidme una cita de un pastoralista ingl\u00e9s: En una sociedad como la nuestra debemos evitar dos tentaciones. La primera es recluimos en un gueto para volver a crear la cultura cat\u00f3lica del pasado, que se ha perdido, o formar id\u00edlicas y confortables comunidades cristianas en las que compartimos nuestra fe, hablamos el mismo idioma, nos casamos entre nosotros y llevamos un extra\u00f1o estilo de vida. Esta perspectiva tiene sus ventajas. Los monasterios benedictinos sirvieron de islas contra-culturales durante la Edad Media, de modo que el cristianismo pudo sobrevivir. Pero si toda la comunidad se convierte en un gueto, entonces no seremos el rostro de Jes\u00fas, que acog\u00eda a todos e invitaba a sentarse y a comer con \u00e9l a publicanos y prostitutas.<\/p>\n<p>La tentaci\u00f3n opuesta consistir\u00eda en acomodarse a la sociedad y ser arrastrados al sumidero de la secularizaci\u00f3n. \u00abAcomod\u00e1ndonos\u00bb, podr\u00edamos decir \u2014con timidez, pero no demasiado alto\u2014 que Jes\u00fas es, en cierto modo, algo bueno, en cuyo caso el cristianismo estar\u00eda llamado a desaparecer.<\/p>\n<p>\u00bfNo os parece que estamos metiendo el dedo en una de las llagas de nuestras parroquias actuales? Nadie posee en exclusiva la verdad y las soluciones. Por eso, necesitamos complementarnos, colaborar, poner en com\u00fan nuestras peque\u00f1as lucecitas.<\/p>\n","protected":false},"excerpt":{"rendered":"<p>En una serie de art\u00edculos cortos, voy a tratar de \u00abprecisar\u00bb qu\u00e9 es una Misi\u00f3n (la nuestra) a trav\u00e9s de las palabras \u00abclave\u00bb que se\u00f1alan los distintos momentos de nuestro trabajo misionero. Lo har\u00e9 as\u00ed &#8230; <a href=\"https:\/\/vincentians.com\/es\/conceptos-clave-en-misiones-populares-01-colaboracion\/\" class=\"more-link\">Read More<\/a><\/p>\n","protected":false},"author":4,"featured_media":133342,"comment_status":"open","ping_status":"open","sticky":false,"template":"","format":"standard","meta":{"jetpack_post_was_ever_published":false,"_jetpack_newsletter_access":"","_jetpack_dont_email_post_to_subs":false,"_jetpack_newsletter_tier_id":0,"_jetpack_memberships_contains_paywalled_content":false,"_jetpack_memberships_contains_paid_content":false,"footnotes":"","jetpack_publicize_message":"","jetpack_publicize_feature_enabled":true,"jetpack_social_post_already_shared":true,"jetpack_social_options":{"image_generator_settings":{"template":"highway","default_image_id":0,"font":"","enabled":false},"version":2}},"categories":[328],"tags":[176],"class_list":["post-133252","post","type-post","status-publish","format-standard","has-post-thumbnail","hentry","category-misiones-populares-misiones","tag-misiones-populares"],"yoast_head":"<!-- This site is optimized with the Yoast SEO plugin v26.3 - https:\/\/yoast.com\/wordpress\/plugins\/seo\/ -->\n<title>Conceptos clave en misiones populares 01: Colaboraci\u00f3n - Somos Vicencianos<\/title>\n<meta name=\"robots\" content=\"index, follow, max-snippet:-1, max-image-preview:large, max-video-preview:-1\" \/>\n<link rel=\"canonical\" href=\"https:\/\/vincentians.com\/es\/conceptos-clave-en-misiones-populares-01-colaboracion\/\" \/>\n<meta property=\"og:locale\" content=\"es_ES\" \/>\n<meta property=\"og:type\" content=\"article\" \/>\n<meta property=\"og:title\" content=\"Conceptos clave en misiones populares 01: Colaboraci\u00f3n - Somos Vicencianos\" \/>\n<meta property=\"og:description\" content=\"En una serie de art\u00edculos cortos, voy a tratar de \u00abprecisar\u00bb qu\u00e9 es una Misi\u00f3n (la nuestra) a trav\u00e9s de las palabras \u00abclave\u00bb que se\u00f1alan los distintos momentos de nuestro trabajo misionero. Lo har\u00e9 as\u00ed ... Read More\" \/>\n<meta property=\"og:url\" content=\"https:\/\/vincentians.com\/es\/conceptos-clave-en-misiones-populares-01-colaboracion\/\" \/>\n<meta property=\"og:site_name\" content=\"Somos Vicencianos\" \/>\n<meta property=\"article:publisher\" content=\"https:\/\/www.facebook.com\/WeAreVincentians\/\" \/>\n<meta property=\"article:author\" content=\"https:\/\/www.facebook.com\/JavierChento\" \/>\n<meta property=\"article:published_time\" content=\"2015-01-01T03:40:24+00:00\" \/>\n<meta name=\"author\" content=\"Francisco Javier Fern\u00e1ndez Chento\" \/>\n<meta name=\"twitter:card\" content=\"summary_large_image\" \/>\n<meta name=\"twitter:creator\" content=\"@https:\/\/twitter.com\/javierchento\" \/>\n<meta name=\"twitter:site\" content=\"@WeVincentians\" \/>\n<meta name=\"twitter:label1\" content=\"Escrito por\" \/>\n\t<meta name=\"twitter:data1\" content=\"Francisco Javier Fern\u00e1ndez Chento\" \/>\n\t<meta name=\"twitter:label2\" content=\"Tiempo de lectura\" \/>\n\t<meta name=\"twitter:data2\" content=\"3 minutos\" \/>\n<script type=\"application\/ld+json\" class=\"yoast-schema-graph\">{\"@context\":\"https:\/\/schema.org\",\"@graph\":[{\"@type\":\"Article\",\"@id\":\"https:\/\/vincentians.com\/es\/conceptos-clave-en-misiones-populares-01-colaboracion\/#article\",\"isPartOf\":{\"@id\":\"https:\/\/vincentians.com\/es\/conceptos-clave-en-misiones-populares-01-colaboracion\/\"},\"author\":{\"name\":\"Francisco Javier Fern\u00e1ndez Chento\",\"@id\":\"http:\/\/vincentians.com\/es\/#\/schema\/person\/9623ef4d9aa3b2dfb8c061f1499288f2\"},\"headline\":\"Conceptos clave en misiones populares 01: Colaboraci\u00f3n\",\"datePublished\":\"2015-01-01T03:40:24+00:00\",\"mainEntityOfPage\":{\"@id\":\"https:\/\/vincentians.com\/es\/conceptos-clave-en-misiones-populares-01-colaboracion\/\"},\"wordCount\":614,\"commentCount\":0,\"publisher\":{\"@id\":\"http:\/\/vincentians.com\/es\/#organization\"},\"image\":{\"@id\":\"https:\/\/vincentians.com\/es\/conceptos-clave-en-misiones-populares-01-colaboracion\/#primaryimage\"},\"thumbnailUrl\":\"\",\"keywords\":[\"Misiones Populares\"],\"articleSection\":[\"Misiones populares\"],\"inLanguage\":\"es\",\"potentialAction\":[{\"@type\":\"CommentAction\",\"name\":\"Comment\",\"target\":[\"https:\/\/vincentians.com\/es\/conceptos-clave-en-misiones-populares-01-colaboracion\/#respond\"]}]},{\"@type\":\"WebPage\",\"@id\":\"https:\/\/vincentians.com\/es\/conceptos-clave-en-misiones-populares-01-colaboracion\/\",\"url\":\"https:\/\/vincentians.com\/es\/conceptos-clave-en-misiones-populares-01-colaboracion\/\",\"name\":\"Conceptos clave en misiones populares 01: Colaboraci\u00f3n - Somos Vicencianos\",\"isPartOf\":{\"@id\":\"http:\/\/vincentians.com\/es\/#website\"},\"primaryImageOfPage\":{\"@id\":\"https:\/\/vincentians.com\/es\/conceptos-clave-en-misiones-populares-01-colaboracion\/#primaryimage\"},\"image\":{\"@id\":\"https:\/\/vincentians.com\/es\/conceptos-clave-en-misiones-populares-01-colaboracion\/#primaryimage\"},\"thumbnailUrl\":\"\",\"datePublished\":\"2015-01-01T03:40:24+00:00\",\"breadcrumb\":{\"@id\":\"https:\/\/vincentians.com\/es\/conceptos-clave-en-misiones-populares-01-colaboracion\/#breadcrumb\"},\"inLanguage\":\"es\",\"potentialAction\":[{\"@type\":\"ReadAction\",\"target\":[\"https:\/\/vincentians.com\/es\/conceptos-clave-en-misiones-populares-01-colaboracion\/\"]}]},{\"@type\":\"ImageObject\",\"inLanguage\":\"es\",\"@id\":\"https:\/\/vincentians.com\/es\/conceptos-clave-en-misiones-populares-01-colaboracion\/#primaryimage\",\"url\":\"\",\"contentUrl\":\"\"},{\"@type\":\"BreadcrumbList\",\"@id\":\"https:\/\/vincentians.com\/es\/conceptos-clave-en-misiones-populares-01-colaboracion\/#breadcrumb\",\"itemListElement\":[{\"@type\":\"ListItem\",\"position\":1,\"name\":\"Portada\",\"item\":\"http:\/\/vincentians.com\/es\/\"},{\"@type\":\"ListItem\",\"position\":2,\"name\":\"Conceptos clave en misiones populares 01: Colaboraci\u00f3n\"}]},{\"@type\":\"WebSite\",\"@id\":\"http:\/\/vincentians.com\/es\/#website\",\"url\":\"http:\/\/vincentians.com\/es\/\",\"name\":\"Somos Vicencianos\",\"description\":\"Know more to serve more\",\"publisher\":{\"@id\":\"http:\/\/vincentians.com\/es\/#organization\"},\"potentialAction\":[{\"@type\":\"SearchAction\",\"target\":{\"@type\":\"EntryPoint\",\"urlTemplate\":\"http:\/\/vincentians.com\/es\/?s={search_term_string}\"},\"query-input\":{\"@type\":\"PropertyValueSpecification\",\"valueRequired\":true,\"valueName\":\"search_term_string\"}}],\"inLanguage\":\"es\"},{\"@type\":\"Organization\",\"@id\":\"http:\/\/vincentians.com\/es\/#organization\",\"name\":\"The Vincentian Network\",\"url\":\"http:\/\/vincentians.com\/es\/\",\"logo\":{\"@type\":\"ImageObject\",\"inLanguage\":\"es\",\"@id\":\"http:\/\/vincentians.com\/es\/#\/schema\/logo\/image\/\",\"url\":\"https:\/\/i1.wp.com\/vincentians.com\/es\/wp-content\/uploads\/sites\/11\/2016\/06\/Vincentian-Network-logo-big.png?fit=778%2C778\",\"contentUrl\":\"https:\/\/i1.wp.com\/vincentians.com\/es\/wp-content\/uploads\/sites\/11\/2016\/06\/Vincentian-Network-logo-big.png?fit=778%2C778\",\"width\":778,\"height\":778,\"caption\":\"The Vincentian Network\"},\"image\":{\"@id\":\"http:\/\/vincentians.com\/es\/#\/schema\/logo\/image\/\"},\"sameAs\":[\"https:\/\/www.facebook.com\/WeAreVincentians\/\",\"https:\/\/x.com\/WeVincentians\"]},{\"@type\":\"Person\",\"@id\":\"http:\/\/vincentians.com\/es\/#\/schema\/person\/9623ef4d9aa3b2dfb8c061f1499288f2\",\"name\":\"Francisco Javier Fern\u00e1ndez Chento\",\"image\":{\"@type\":\"ImageObject\",\"inLanguage\":\"es\",\"@id\":\"http:\/\/vincentians.com\/es\/#\/schema\/person\/image\/\",\"url\":\"https:\/\/secure.gravatar.com\/avatar\/497d5cde87b4c3d097d0315953521681ba2cd523ee66e5077c3711f7021e65de?s=96&d=mm&r=g\",\"contentUrl\":\"https:\/\/secure.gravatar.com\/avatar\/497d5cde87b4c3d097d0315953521681ba2cd523ee66e5077c3711f7021e65de?s=96&d=mm&r=g\",\"caption\":\"Francisco Javier Fern\u00e1ndez Chento\"},\"description\":\"Director General y cofundador de La Red de Formaci\u00f3n Vicenciana. Javier es laico vicenciano, afiliado a la Congregaci\u00f3n de la Misi\u00f3n y miembro del Equipo de Misiones Populares de la provincia can\u00f3nica de Zaragoza (Espa\u00f1a) de la Congregaci\u00f3n de la Misi\u00f3n. Graduado en la Universidad Oberta de Catalunya con cuatro grados (Asistente de direcci\u00f3n, Gesti\u00f3n Administrativa, Recursos Humanos y Contabilidad Avanzada). Bil\u00edng\u00fce Espa\u00f1ol\/Ingl\u00e9s. gestiona y mantiene varias p\u00e1ginas web cristianas y vicencianas, incluida including La Red de Formaci\u00f3n Vicenciana, de la que es cofundador. Actualmente es responsable del \u00e1rea de Espa\u00f1ol de .famvin, la Red de Noticias de la Familia Vicenciana. Tambi\u00e9n es m\u00fasico cat\u00f3lico y ha editado varios discos. Es Director General y cofundador de Trovador, una reconocida compa\u00f1\u00eda discogr\u00e1fica critiana de Espa\u00f1a. Trabaja en las Tecnolog\u00edas de la Informaci\u00f3n, ofreciendo servicios de alojamiento, dise\u00f1o y mantenimiento Web, as\u00ed como asesoramiento, formaci\u00f3n y soluciones inform\u00e1ticas, gesti\u00f3n documental y digitalizaci\u00f3n de textos, edici\u00f3n y maquetaci\u00f3n de libros, revistas, flyers, etc.\",\"sameAs\":[\"http:\/\/chento.org\",\"https:\/\/www.facebook.com\/JavierChento\",\"https:\/\/x.com\/https:\/\/twitter.com\/javierchento\"],\"url\":\"https:\/\/vincentians.com\/es\/author\/chento\/\"}]}<\/script>\n<!-- \/ Yoast SEO plugin. -->","yoast_head_json":{"title":"Conceptos clave en misiones populares 01: Colaboraci\u00f3n - Somos Vicencianos","robots":{"index":"index","follow":"follow","max-snippet":"max-snippet:-1","max-image-preview":"max-image-preview:large","max-video-preview":"max-video-preview:-1"},"canonical":"https:\/\/vincentians.com\/es\/conceptos-clave-en-misiones-populares-01-colaboracion\/","og_locale":"es_ES","og_type":"article","og_title":"Conceptos clave en misiones populares 01: Colaboraci\u00f3n - Somos Vicencianos","og_description":"En una serie de art\u00edculos cortos, voy a tratar de \u00abprecisar\u00bb qu\u00e9 es una Misi\u00f3n (la nuestra) a trav\u00e9s de las palabras \u00abclave\u00bb que se\u00f1alan los distintos momentos de nuestro trabajo misionero. Lo har\u00e9 as\u00ed ... Read More","og_url":"https:\/\/vincentians.com\/es\/conceptos-clave-en-misiones-populares-01-colaboracion\/","og_site_name":"Somos Vicencianos","article_publisher":"https:\/\/www.facebook.com\/WeAreVincentians\/","article_author":"https:\/\/www.facebook.com\/JavierChento","article_published_time":"2015-01-01T03:40:24+00:00","author":"Francisco Javier Fern\u00e1ndez Chento","twitter_card":"summary_large_image","twitter_creator":"@https:\/\/twitter.com\/javierchento","twitter_site":"@WeVincentians","twitter_misc":{"Escrito por":"Francisco Javier Fern\u00e1ndez Chento","Tiempo de lectura":"3 minutos"},"schema":{"@context":"https:\/\/schema.org","@graph":[{"@type":"Article","@id":"https:\/\/vincentians.com\/es\/conceptos-clave-en-misiones-populares-01-colaboracion\/#article","isPartOf":{"@id":"https:\/\/vincentians.com\/es\/conceptos-clave-en-misiones-populares-01-colaboracion\/"},"author":{"name":"Francisco Javier Fern\u00e1ndez Chento","@id":"http:\/\/vincentians.com\/es\/#\/schema\/person\/9623ef4d9aa3b2dfb8c061f1499288f2"},"headline":"Conceptos clave en misiones populares 01: Colaboraci\u00f3n","datePublished":"2015-01-01T03:40:24+00:00","mainEntityOfPage":{"@id":"https:\/\/vincentians.com\/es\/conceptos-clave-en-misiones-populares-01-colaboracion\/"},"wordCount":614,"commentCount":0,"publisher":{"@id":"http:\/\/vincentians.com\/es\/#organization"},"image":{"@id":"https:\/\/vincentians.com\/es\/conceptos-clave-en-misiones-populares-01-colaboracion\/#primaryimage"},"thumbnailUrl":"","keywords":["Misiones Populares"],"articleSection":["Misiones populares"],"inLanguage":"es","potentialAction":[{"@type":"CommentAction","name":"Comment","target":["https:\/\/vincentians.com\/es\/conceptos-clave-en-misiones-populares-01-colaboracion\/#respond"]}]},{"@type":"WebPage","@id":"https:\/\/vincentians.com\/es\/conceptos-clave-en-misiones-populares-01-colaboracion\/","url":"https:\/\/vincentians.com\/es\/conceptos-clave-en-misiones-populares-01-colaboracion\/","name":"Conceptos clave en misiones populares 01: Colaboraci\u00f3n - Somos Vicencianos","isPartOf":{"@id":"http:\/\/vincentians.com\/es\/#website"},"primaryImageOfPage":{"@id":"https:\/\/vincentians.com\/es\/conceptos-clave-en-misiones-populares-01-colaboracion\/#primaryimage"},"image":{"@id":"https:\/\/vincentians.com\/es\/conceptos-clave-en-misiones-populares-01-colaboracion\/#primaryimage"},"thumbnailUrl":"","datePublished":"2015-01-01T03:40:24+00:00","breadcrumb":{"@id":"https:\/\/vincentians.com\/es\/conceptos-clave-en-misiones-populares-01-colaboracion\/#breadcrumb"},"inLanguage":"es","potentialAction":[{"@type":"ReadAction","target":["https:\/\/vincentians.com\/es\/conceptos-clave-en-misiones-populares-01-colaboracion\/"]}]},{"@type":"ImageObject","inLanguage":"es","@id":"https:\/\/vincentians.com\/es\/conceptos-clave-en-misiones-populares-01-colaboracion\/#primaryimage","url":"","contentUrl":""},{"@type":"BreadcrumbList","@id":"https:\/\/vincentians.com\/es\/conceptos-clave-en-misiones-populares-01-colaboracion\/#breadcrumb","itemListElement":[{"@type":"ListItem","position":1,"name":"Portada","item":"http:\/\/vincentians.com\/es\/"},{"@type":"ListItem","position":2,"name":"Conceptos clave en misiones populares 01: Colaboraci\u00f3n"}]},{"@type":"WebSite","@id":"http:\/\/vincentians.com\/es\/#website","url":"http:\/\/vincentians.com\/es\/","name":"Somos Vicencianos","description":"Know more to serve more","publisher":{"@id":"http:\/\/vincentians.com\/es\/#organization"},"potentialAction":[{"@type":"SearchAction","target":{"@type":"EntryPoint","urlTemplate":"http:\/\/vincentians.com\/es\/?s={search_term_string}"},"query-input":{"@type":"PropertyValueSpecification","valueRequired":true,"valueName":"search_term_string"}}],"inLanguage":"es"},{"@type":"Organization","@id":"http:\/\/vincentians.com\/es\/#organization","name":"The Vincentian Network","url":"http:\/\/vincentians.com\/es\/","logo":{"@type":"ImageObject","inLanguage":"es","@id":"http:\/\/vincentians.com\/es\/#\/schema\/logo\/image\/","url":"https:\/\/i1.wp.com\/vincentians.com\/es\/wp-content\/uploads\/sites\/11\/2016\/06\/Vincentian-Network-logo-big.png?fit=778%2C778","contentUrl":"https:\/\/i1.wp.com\/vincentians.com\/es\/wp-content\/uploads\/sites\/11\/2016\/06\/Vincentian-Network-logo-big.png?fit=778%2C778","width":778,"height":778,"caption":"The Vincentian Network"},"image":{"@id":"http:\/\/vincentians.com\/es\/#\/schema\/logo\/image\/"},"sameAs":["https:\/\/www.facebook.com\/WeAreVincentians\/","https:\/\/x.com\/WeVincentians"]},{"@type":"Person","@id":"http:\/\/vincentians.com\/es\/#\/schema\/person\/9623ef4d9aa3b2dfb8c061f1499288f2","name":"Francisco Javier Fern\u00e1ndez Chento","image":{"@type":"ImageObject","inLanguage":"es","@id":"http:\/\/vincentians.com\/es\/#\/schema\/person\/image\/","url":"https:\/\/secure.gravatar.com\/avatar\/497d5cde87b4c3d097d0315953521681ba2cd523ee66e5077c3711f7021e65de?s=96&d=mm&r=g","contentUrl":"https:\/\/secure.gravatar.com\/avatar\/497d5cde87b4c3d097d0315953521681ba2cd523ee66e5077c3711f7021e65de?s=96&d=mm&r=g","caption":"Francisco Javier Fern\u00e1ndez Chento"},"description":"Director General y cofundador de La Red de Formaci\u00f3n Vicenciana. Javier es laico vicenciano, afiliado a la Congregaci\u00f3n de la Misi\u00f3n y miembro del Equipo de Misiones Populares de la provincia can\u00f3nica de Zaragoza (Espa\u00f1a) de la Congregaci\u00f3n de la Misi\u00f3n. Graduado en la Universidad Oberta de Catalunya con cuatro grados (Asistente de direcci\u00f3n, Gesti\u00f3n Administrativa, Recursos Humanos y Contabilidad Avanzada). Bil\u00edng\u00fce Espa\u00f1ol\/Ingl\u00e9s. gestiona y mantiene varias p\u00e1ginas web cristianas y vicencianas, incluida including La Red de Formaci\u00f3n Vicenciana, de la que es cofundador. Actualmente es responsable del \u00e1rea de Espa\u00f1ol de .famvin, la Red de Noticias de la Familia Vicenciana. Tambi\u00e9n es m\u00fasico cat\u00f3lico y ha editado varios discos. Es Director General y cofundador de Trovador, una reconocida compa\u00f1\u00eda discogr\u00e1fica critiana de Espa\u00f1a. Trabaja en las Tecnolog\u00edas de la Informaci\u00f3n, ofreciendo servicios de alojamiento, dise\u00f1o y mantenimiento Web, as\u00ed como asesoramiento, formaci\u00f3n y soluciones inform\u00e1ticas, gesti\u00f3n documental y digitalizaci\u00f3n de textos, edici\u00f3n y maquetaci\u00f3n de libros, revistas, flyers, etc.","sameAs":["http:\/\/chento.org","https:\/\/www.facebook.com\/JavierChento","https:\/\/x.com\/https:\/\/twitter.com\/javierchento"],"url":"https:\/\/vincentians.com\/es\/author\/chento\/"}]}},"jetpack_publicize_connections":[],"jetpack_featured_media_url":"","jetpack_sharing_enabled":true,"jetpack_shortlink":"https:\/\/wp.me\/p7ETMF-yFe","jetpack-related-posts":[{"id":182,"url":"https:\/\/vincentians.com\/es\/conceptos-clave-en-misiones-populares-14-en-comunidad\/","url_meta":{"origin":133252,"position":0},"title":"Conceptos clave en misiones populares 14: En comunidad","author":"Francisco Javier Fern\u00e1ndez Chento","date":"14\/01\/2015","format":false,"excerpt":"El sentido de comunidad, adem\u00e1s de comuni\u00f3n con Dios, tiene un doble sentido entre nosotros: [1] Hemos repetido frecuentemente que venimos a misionar en nombre de la Iglesia; no venimos en nombre propio ni como francotiradores. [2] Misionamos en equipo eclesial en el que procuremos que no falten ni los\u2026","rel":"","context":"En \u00abMisiones populares\u00bb","block_context":{"text":"Misiones populares","link":"https:\/\/vincentians.com\/es\/category\/servicios-y-ministerios\/misiones-populares-misiones\/"},"img":{"alt_text":"P1190127","src":"https:\/\/i0.wp.com\/vicencianos.org\/wp-content\/2015\/01\/P1190127-300x225.jpg?resize=350%2C200","width":350,"height":200},"classes":[]},{"id":143,"url":"https:\/\/vincentians.com\/es\/conceptos-clave-en-misiones-populares-09-encuentro-con-las-personas\/","url_meta":{"origin":133252,"position":1},"title":"Conceptos clave en misiones populares 09: Encuentro con las personas","author":"Francisco Javier Fern\u00e1ndez Chento","date":"09\/01\/2015","format":false,"excerpt":"La palabra encuentro es una de las palabras claves de nuestro quehacer misionero. La realidad del encuentro es la forma de presentarse Jes\u00fas entre nosotros. El ha salido del Padre y ha venido hasta nosotros para encontrarse. Volvemos al evangelio: Iba Jes\u00fas de camino, se encuentra con una mujer, le\u2026","rel":"","context":"En \u00abMisiones populares\u00bb","block_context":{"text":"Misiones populares","link":"https:\/\/vincentians.com\/es\/category\/servicios-y-ministerios\/misiones-populares-misiones\/"},"img":{"alt_text":"encontrarse","src":"https:\/\/i0.wp.com\/vicencianos.org\/wp-content\/2015\/01\/encontrarse-300x225.jpg?resize=350%2C200","width":350,"height":200},"classes":[]},{"id":94,"url":"https:\/\/vincentians.com\/es\/conceptos-clave-en-misiones-populares-02-renovacion\/","url_meta":{"origin":133252,"position":2},"title":"Conceptos clave en misiones populares 02: Renovaci\u00f3n","author":"Francisco Javier Fern\u00e1ndez Chento","date":"02\/01\/2015","format":false,"excerpt":"Hoy se emplea con frecuencia una expresi\u00f3n en la propaganda misionera: \"misiones renovadas\". Pero, tenemos que preguntarnos, \u00bfes as\u00ed? Porque da la sensaci\u00f3n que, empezando por los responsables de las comunidades, hay quien no cree que se pueda renovar una comunidad con una misi\u00f3n. Por eso, debemos preguntarnos, \"cu\u00e1ndo\", \"bajo\u2026","rel":"","context":"En \u00abMisiones populares\u00bb","block_context":{"text":"Misiones populares","link":"https:\/\/vincentians.com\/es\/category\/servicios-y-ministerios\/misiones-populares-misiones\/"},"img":{"alt_text":"Reuni\u00f3n de formaci\u00f3n de misioneros pa\u00fales y seglares. Zaragoza, Diciembre de 2010.","src":"https:\/\/i0.wp.com\/vicencianos.org\/wp-content\/2015\/01\/reunion_formacion-300x225.jpg?resize=350%2C200","width":350,"height":200},"classes":[]},{"id":173,"url":"https:\/\/vincentians.com\/es\/conceptos-clave-en-misiones-populares-13-encuentro-con-dios\/","url_meta":{"origin":133252,"position":3},"title":"Conceptos clave en misiones populares 13: Encuentro con Dios","author":"Francisco Javier Fern\u00e1ndez Chento","date":"13\/01\/2015","format":false,"excerpt":"En la presentaci\u00f3n de los Grupos de Encuentro hacemos ver como esa palabra \"encuentro\" significa tambi\u00e9n, o si queremos inicialmente, encuentro con Dios. Ya era pues hora de centrarnos en esta realidad clave de todo estilo misionero. Este encuentro con Dios se produce durante la misi\u00f3n de muchas maneras: En\u2026","rel":"","context":"En \u00abMisiones populares\u00bb","block_context":{"text":"Misiones populares","link":"https:\/\/vincentians.com\/es\/category\/servicios-y-ministerios\/misiones-populares-misiones\/"},"img":{"alt_text":"encuentro","src":"https:\/\/i0.wp.com\/vicencianos.org\/wp-content\/2015\/01\/encuentro.jpg?resize=350%2C200","width":350,"height":200,"srcset":"https:\/\/i0.wp.com\/vicencianos.org\/wp-content\/2015\/01\/encuentro.jpg?resize=350%2C200 1x, https:\/\/i0.wp.com\/vicencianos.org\/wp-content\/2015\/01\/encuentro.jpg?resize=525%2C300 1.5x, https:\/\/i0.wp.com\/vicencianos.org\/wp-content\/2015\/01\/encuentro.jpg?resize=700%2C400 2x"},"classes":[]},{"id":150,"url":"https:\/\/vincentians.com\/es\/conceptos-clave-en-misiones-populares-10-anuncio\/","url_meta":{"origin":133252,"position":4},"title":"Conceptos clave en misiones populares 10: Anuncio","author":"Francisco Javier Fern\u00e1ndez Chento","date":"10\/01\/2015","format":false,"excerpt":"Al llegar a este concepto clave era dif\u00edcil, sin decir todo, decir menos. Pienso que este concepto, un poco m\u00e1s largo, no pod\u00eda evitar un desarrollo con las precisiones que siguen. \u00bfC\u00f3mo creer\u00e1n si nadie se lo anuncia? Pero, \u00bfqu\u00e9 anunciamos? \u00bfSe anuncia algo nuevo, o, algo viejo, o, lo\u2026","rel":"","context":"En \u00abMisiones populares\u00bb","block_context":{"text":"Misiones populares","link":"https:\/\/vincentians.com\/es\/category\/servicios-y-ministerios\/misiones-populares-misiones\/"},"img":{"alt_text":"P1020561","src":"https:\/\/i0.wp.com\/vicencianos.org\/wp-content\/2015\/01\/P1020561-300x225.jpg?resize=350%2C200","width":350,"height":200},"classes":[]},{"id":117,"url":"https:\/\/vincentians.com\/es\/conceptos-clave-en-misiones-populares-05-un-estilo-de-mision-un-estilo-de-iglesia\/","url_meta":{"origin":133252,"position":5},"title":"Conceptos clave en misiones populares 05: Un estilo de misi\u00f3n \u2013 Un estilo de Iglesia","author":"Francisco Javier Fern\u00e1ndez Chento","date":"05\/01\/2015","format":false,"excerpt":"Recordad la invitaci\u00f3n prudente de Jes\u00fas: al ponerse a construir una casa hay que hacer c\u00e1lculos. Y todos sabemos que cuando queremos construir una casa o hacer una reforma son necesarios los planos. Por eso, en cualquier plan pastoral una pregunta previa necesaria es: \u00bfQu\u00e9 tipo de iglesia o de\u2026","rel":"","context":"En \u00abMisiones populares\u00bb","block_context":{"text":"Misiones populares","link":"https:\/\/vincentians.com\/es\/category\/servicios-y-ministerios\/misiones-populares-misiones\/"},"img":{"alt_text":"comojesus","src":"https:\/\/i0.wp.com\/vicencianos.org\/wp-content\/2015\/01\/comojesus-300x225.jpg?resize=350%2C200","width":350,"height":200},"classes":[]}],"_links":{"self":[{"href":"https:\/\/vincentians.com\/es\/wp-json\/wp\/v2\/posts\/133252","targetHints":{"allow":["GET"]}}],"collection":[{"href":"https:\/\/vincentians.com\/es\/wp-json\/wp\/v2\/posts"}],"about":[{"href":"https:\/\/vincentians.com\/es\/wp-json\/wp\/v2\/types\/post"}],"author":[{"embeddable":true,"href":"https:\/\/vincentians.com\/es\/wp-json\/wp\/v2\/users\/4"}],"replies":[{"embeddable":true,"href":"https:\/\/vincentians.com\/es\/wp-json\/wp\/v2\/comments?post=133252"}],"version-history":[{"count":0,"href":"https:\/\/vincentians.com\/es\/wp-json\/wp\/v2\/posts\/133252\/revisions"}],"wp:featuredmedia":[{"embeddable":true,"href":"https:\/\/vincentians.com\/es\/wp-json\/"}],"wp:attachment":[{"href":"https:\/\/vincentians.com\/es\/wp-json\/wp\/v2\/media?parent=133252"}],"wp:term":[{"taxonomy":"category","embeddable":true,"href":"https:\/\/vincentians.com\/es\/wp-json\/wp\/v2\/categories?post=133252"},{"taxonomy":"post_tag","embeddable":true,"href":"https:\/\/vincentians.com\/es\/wp-json\/wp\/v2\/tags?post=133252"}],"curies":[{"name":"wp","href":"https:\/\/api.w.org\/{rel}","templated":true}]}}