{"id":132421,"date":"2011-12-27T11:19:08","date_gmt":"2011-12-27T10:19:08","guid":{"rendered":"http:\/\/somos.vicencianos.org\/comentarios\/2011\/12\/27\/ciclo-b-santa-maria-madre-de-dios-reflexion-de-jose-antonio-pagola\/"},"modified":"2016-07-24T10:26:25","modified_gmt":"2016-07-24T08:26:25","slug":"santa-maria-madre-de-dios-reflexion-de-jose-antonio-pagola-2","status":"publish","type":"post","link":"https:\/\/vincentians.com\/es\/santa-maria-madre-de-dios-reflexion-de-jose-antonio-pagola-2\/","title":{"rendered":"Santa Mar\u00eda, Madre de Dios (reflexi\u00f3n de Jos\u00e9 Antonio Pagola)"},"content":{"rendered":"<h2>Hoy<\/h2>\n<p><img data-recalc-dims=\"1\" loading=\"lazy\" decoding=\"async\" class=\"alignright size-full wp-image-86\" title=\"jose_antonio_pagola\" src=\"https:\/\/i0.wp.com\/vicencianos.org\/wp-content\/2010\/12\/jose_antonio_pagola.jpg?resize=257%2C264\" alt=\"\" width=\"257\" height=\"264\" \/><\/p>\n<p>Lucas concluye su relato del nacimiento de Jes\u00fas indicando a los lectores que <strong>\u00abMar\u00eda guardaba todas estas cosas medit\u00e1ndolas en su coraz\u00f3n\u00bb<\/strong>. No conserva lo sucedido como un recuerdo del pasado, sino como una experiencia que actualizar\u00e1 y revivir\u00e1 a lo largo de su vida.<\/p>\n<p>No es una observaci\u00f3n gratuita. Mar\u00eda es modelo de fe. Seg\u00fan este evangelista, creer en Jes\u00fas Salvador no es recordar acontecimientos de otros tiempos, sino <strong>experimentar hoy su fuerza salvadora, capaz de hacer m\u00e1s humana nuestra vida<\/strong>.<\/p>\n<p>Por eso, Lucas utiliza un recurso literario muy original. Jes\u00fas no pertenece al pasado. Intencionadamente va repitiendo que <strong>la salvaci\u00f3n de Jes\u00fas resucitado se nos est\u00e1 ofreciendo \u00abHOY\u00bb, ahora mismo<\/strong>, siempre que nos encontramos con \u00e9l. Veamos algunos ejemplos.<\/p>\n<p>As\u00ed se nos anuncia el nacimiento de Jes\u00fas: \u00abOs ha nacido hoy en la ciudad de David un Salvador\u00bb. Hoy puede nacer Jes\u00fas para nosotros. <strong>Hoy puede entrar en nuestra vida y cambiarla para siempre<\/strong>. Con \u00e9l podemos nacer a una existencia nueva.<\/p>\n<p>En una aldea de Galilea traen ante Jes\u00fas a un paral\u00edtico. Jes\u00fas se conmueve al verlo bloqueado por su pecado y lo sana ofreci\u00e9ndole el perd\u00f3n: \u00abTus pecados quedan perdonados\u00bb. La gente reacciona alabando a Dios: \u00abHoy hemos visto cosas admirables\u00bb. <strong>Tambi\u00e9n nosotros podemos experimentar hoy el perd\u00f3n, la paz de Dios y la alegr\u00eda interior si nos dejamos sanar por Jes\u00fas<\/strong>.<\/p>\n<p>En la ciudad de Jeric\u00f3, Jes\u00fas se aloja en casa de Zaqueo, rico y poderoso recaudador de impuestos. El encuentro con Jes\u00fas lo transforma: devolver\u00e1 lo robado a tanta gente y compartir\u00e1 sus bienes con los pobres. Jes\u00fas le dice: \u00abHoy ha llegado la salvaci\u00f3n a esta casa\u00bb. Si dejamos entrar a Jes\u00fas en nuestra vida,<strong> hoy mismo podemos empezar una vida m\u00e1s digna, fraterna y solidaria<\/strong>.<\/p>\n<p>Jes\u00fas est\u00e1 agonizando en la cruz en medio de dos malhechores. Uno de ellos se conf\u00eda a Jes\u00fas: \u00abJes\u00fas, acu\u00e9rdate de m\u00ed cuando est\u00e9s en tu reino\u00bb. Jes\u00fas reacciona inmediatamente: \u00abHoy estar\u00e1s conmigo en el para\u00edso\u00bb. <strong>Tambi\u00e9n el d\u00eda de nuestra muerte ser\u00e1 un d\u00eda de salvaci\u00f3n<\/strong>. Por fin escucharemos de Jes\u00fas esas palabras tan esperadas: descansa, conf\u00eda en m\u00ed, hoy estar\u00e1s conmigo para siempre.<\/p>\n<p>Hoy comenzamos un a\u00f1o nuevo. Pero, \u00bfqu\u00e9 puede ser para nosotros algo realmente nuevo y bueno? \u00bfQui\u00e9n har\u00e1 nacer en nosotros una alegr\u00eda nueva? \u00bfQu\u00e9 psic\u00f3logo nos ense\u00f1ar\u00e1 a ser m\u00e1s humanos? De poco sirven los buenos deseos.<strong> Lo decisivo es estar m\u00e1s atentos a lo mejor que se despierta en nosotros<\/strong>. La salvaci\u00f3n se nos ofrece cada d\u00eda. No hay que esperar a nada. Hoy mismo puede ser para m\u00ed un d\u00eda de salvaci\u00f3n.<\/p>\n<p><strong>Jos\u00e9 Antonio Pagola<\/strong><\/p>\n<p>1 de enero de 2012<br \/>\nSanta Mar\u00eda Madre de Dios<br \/>\nLucas 2, 16-21<\/p>\n","protected":false},"excerpt":{"rendered":"<p>Hoy Lucas concluye su relato del nacimiento de Jes\u00fas indicando a los lectores que \u00abMar\u00eda guardaba todas estas cosas medit\u00e1ndolas en su coraz\u00f3n\u00bb. No conserva lo sucedido como un recuerdo del pasado, sino como una &#8230; <a href=\"https:\/\/vincentians.com\/es\/santa-maria-madre-de-dios-reflexion-de-jose-antonio-pagola-2\/\" class=\"more-link\">Read More<\/a><\/p>\n","protected":false},"author":4,"featured_media":388396,"comment_status":"open","ping_status":"open","sticky":false,"template":"","format":"standard","meta":{"rs_blank_template":"","rs_page_bg_color":"","slide_template_v7":"","_jetpack_newsletter_access":"","_jetpack_dont_email_post_to_subs":false,"_jetpack_newsletter_tier_id":0,"_jetpack_memberships_contains_paywalled_content":false,"_jetpack_feature_clip_id":0,"_jetpack_memberships_contains_paid_content":false,"footnotes":"","jetpack_publicize_message":"","jetpack_publicize_feature_enabled":true,"jetpack_social_post_already_shared":true,"jetpack_social_options":{"image_generator_settings":{"template":"highway","default_image_id":0,"font":"","enabled":false},"version":2},"jetpack_post_was_ever_published":false},"categories":[93],"tags":[],"class_list":["post-132421","post","type-post","status-publish","format-standard","has-post-thumbnail","hentry","category-homilias-y-reflexiones-ano-b"],"yoast_head":"<!-- This site is optimized with the Yoast SEO plugin v27.9 - https:\/\/yoast.com\/product\/yoast-seo-wordpress\/ -->\n<title>Santa Mar\u00eda, Madre de Dios (reflexi\u00f3n de Jos\u00e9 Antonio Pagola) - Somos Vicencianos<\/title>\n<meta name=\"robots\" content=\"index, follow, max-snippet:-1, max-image-preview:large, max-video-preview:-1\" \/>\n<link rel=\"canonical\" href=\"http:\/\/vincentians.com\/es\/santa-maria-madre-de-dios-reflexion-de-jose-antonio-pagola-2\/\" \/>\n<meta property=\"og:locale\" content=\"es_ES\" \/>\n<meta property=\"og:type\" content=\"article\" \/>\n<meta property=\"og:title\" content=\"Santa Mar\u00eda, Madre de Dios (reflexi\u00f3n de Jos\u00e9 Antonio Pagola) - Somos Vicencianos\" \/>\n<meta property=\"og:description\" content=\"Hoy Lucas concluye su relato del nacimiento de Jes\u00fas indicando a los lectores que \u00abMar\u00eda guardaba todas estas cosas medit\u00e1ndolas en su coraz\u00f3n\u00bb. No conserva lo sucedido como un recuerdo del pasado, sino como una ... Read More\" \/>\n<meta property=\"og:url\" content=\"http:\/\/vincentians.com\/es\/santa-maria-madre-de-dios-reflexion-de-jose-antonio-pagola-2\/\" \/>\n<meta property=\"og:site_name\" content=\"Somos Vicencianos\" \/>\n<meta property=\"article:publisher\" content=\"https:\/\/www.facebook.com\/WeAreVincentians\/\" \/>\n<meta property=\"article:author\" content=\"https:\/\/www.facebook.com\/JavierChento\" \/>\n<meta property=\"article:published_time\" content=\"2011-12-27T10:19:08+00:00\" \/>\n<meta property=\"article:modified_time\" content=\"2016-07-24T08:26:25+00:00\" \/>\n<meta property=\"og:image\" content=\"https:\/\/i0.wp.com\/vincentians.com\/es\/wp-content\/uploads\/sites\/11\/2016\/07\/reflexiones-pagola.jpg?fit=1200%2C630\" \/>\n\t<meta property=\"og:image:width\" content=\"1200\" \/>\n\t<meta property=\"og:image:height\" content=\"630\" \/>\n\t<meta property=\"og:image:type\" content=\"image\/jpeg\" \/>\n<meta name=\"author\" content=\"Francisco Javier Fern\u00e1ndez Chento\" \/>\n<meta name=\"twitter:card\" content=\"summary_large_image\" \/>\n<meta name=\"twitter:creator\" content=\"@https:\/\/twitter.com\/javierchento\" \/>\n<meta name=\"twitter:site\" content=\"@WeVincentians\" \/>\n<meta name=\"twitter:label1\" content=\"Escrito por\" \/>\n\t<meta name=\"twitter:data1\" content=\"Francisco Javier Fern\u00e1ndez Chento\" \/>\n\t<meta name=\"twitter:label2\" content=\"Tiempo de lectura\" \/>\n\t<meta name=\"twitter:data2\" content=\"3 minutos\" \/>\n<script type=\"application\/ld+json\" class=\"yoast-schema-graph\">{\"@context\":\"https:\\\/\\\/schema.org\",\"@graph\":[{\"@type\":\"Article\",\"@id\":\"http:\\\/\\\/vincentians.com\\\/es\\\/santa-maria-madre-de-dios-reflexion-de-jose-antonio-pagola-2\\\/#article\",\"isPartOf\":{\"@id\":\"http:\\\/\\\/vincentians.com\\\/es\\\/santa-maria-madre-de-dios-reflexion-de-jose-antonio-pagola-2\\\/\"},\"author\":{\"name\":\"Francisco Javier Fern\u00e1ndez Chento\",\"@id\":\"http:\\\/\\\/vincentians.com\\\/es\\\/#\\\/schema\\\/person\\\/9623ef4d9aa3b2dfb8c061f1499288f2\"},\"headline\":\"Santa Mar\u00eda, Madre de Dios (reflexi\u00f3n de Jos\u00e9 Antonio Pagola)\",\"datePublished\":\"2011-12-27T10:19:08+00:00\",\"dateModified\":\"2016-07-24T08:26:25+00:00\",\"mainEntityOfPage\":{\"@id\":\"http:\\\/\\\/vincentians.com\\\/es\\\/santa-maria-madre-de-dios-reflexion-de-jose-antonio-pagola-2\\\/\"},\"wordCount\":516,\"commentCount\":0,\"publisher\":{\"@id\":\"http:\\\/\\\/vincentians.com\\\/es\\\/#organization\"},\"image\":{\"@id\":\"http:\\\/\\\/vincentians.com\\\/es\\\/santa-maria-madre-de-dios-reflexion-de-jose-antonio-pagola-2\\\/#primaryimage\"},\"thumbnailUrl\":\"https:\\\/\\\/i0.wp.com\\\/vincentians.com\\\/es\\\/wp-content\\\/uploads\\\/sites\\\/11\\\/2016\\\/07\\\/reflexiones-pagola.jpg?fit=1200%2C630&ssl=1\",\"articleSection\":[\"Homil\u00edas y reflexiones, A\u00f1o B\"],\"inLanguage\":\"es\",\"potentialAction\":[{\"@type\":\"CommentAction\",\"name\":\"Comment\",\"target\":[\"http:\\\/\\\/vincentians.com\\\/es\\\/santa-maria-madre-de-dios-reflexion-de-jose-antonio-pagola-2\\\/#respond\"]}]},{\"@type\":\"WebPage\",\"@id\":\"http:\\\/\\\/vincentians.com\\\/es\\\/santa-maria-madre-de-dios-reflexion-de-jose-antonio-pagola-2\\\/\",\"url\":\"http:\\\/\\\/vincentians.com\\\/es\\\/santa-maria-madre-de-dios-reflexion-de-jose-antonio-pagola-2\\\/\",\"name\":\"Santa Mar\u00eda, Madre de Dios (reflexi\u00f3n de Jos\u00e9 Antonio Pagola) - Somos Vicencianos\",\"isPartOf\":{\"@id\":\"http:\\\/\\\/vincentians.com\\\/es\\\/#website\"},\"primaryImageOfPage\":{\"@id\":\"http:\\\/\\\/vincentians.com\\\/es\\\/santa-maria-madre-de-dios-reflexion-de-jose-antonio-pagola-2\\\/#primaryimage\"},\"image\":{\"@id\":\"http:\\\/\\\/vincentians.com\\\/es\\\/santa-maria-madre-de-dios-reflexion-de-jose-antonio-pagola-2\\\/#primaryimage\"},\"thumbnailUrl\":\"https:\\\/\\\/i0.wp.com\\\/vincentians.com\\\/es\\\/wp-content\\\/uploads\\\/sites\\\/11\\\/2016\\\/07\\\/reflexiones-pagola.jpg?fit=1200%2C630&ssl=1\",\"datePublished\":\"2011-12-27T10:19:08+00:00\",\"dateModified\":\"2016-07-24T08:26:25+00:00\",\"breadcrumb\":{\"@id\":\"http:\\\/\\\/vincentians.com\\\/es\\\/santa-maria-madre-de-dios-reflexion-de-jose-antonio-pagola-2\\\/#breadcrumb\"},\"inLanguage\":\"es\",\"potentialAction\":[{\"@type\":\"ReadAction\",\"target\":[\"http:\\\/\\\/vincentians.com\\\/es\\\/santa-maria-madre-de-dios-reflexion-de-jose-antonio-pagola-2\\\/\"]}]},{\"@type\":\"ImageObject\",\"inLanguage\":\"es\",\"@id\":\"http:\\\/\\\/vincentians.com\\\/es\\\/santa-maria-madre-de-dios-reflexion-de-jose-antonio-pagola-2\\\/#primaryimage\",\"url\":\"https:\\\/\\\/i0.wp.com\\\/vincentians.com\\\/es\\\/wp-content\\\/uploads\\\/sites\\\/11\\\/2016\\\/07\\\/reflexiones-pagola.jpg?fit=1200%2C630&ssl=1\",\"contentUrl\":\"https:\\\/\\\/i0.wp.com\\\/vincentians.com\\\/es\\\/wp-content\\\/uploads\\\/sites\\\/11\\\/2016\\\/07\\\/reflexiones-pagola.jpg?fit=1200%2C630&ssl=1\",\"width\":1200,\"height\":630},{\"@type\":\"BreadcrumbList\",\"@id\":\"http:\\\/\\\/vincentians.com\\\/es\\\/santa-maria-madre-de-dios-reflexion-de-jose-antonio-pagola-2\\\/#breadcrumb\",\"itemListElement\":[{\"@type\":\"ListItem\",\"position\":1,\"name\":\"Portada\",\"item\":\"http:\\\/\\\/vincentians.com\\\/es\\\/\"},{\"@type\":\"ListItem\",\"position\":2,\"name\":\"Santa Mar\u00eda, Madre de Dios (reflexi\u00f3n de Jos\u00e9 Antonio Pagola)\"}]},{\"@type\":\"WebSite\",\"@id\":\"http:\\\/\\\/vincentians.com\\\/es\\\/#website\",\"url\":\"http:\\\/\\\/vincentians.com\\\/es\\\/\",\"name\":\"Somos Vicencianos\",\"description\":\"Know more to serve more\",\"publisher\":{\"@id\":\"http:\\\/\\\/vincentians.com\\\/es\\\/#organization\"},\"potentialAction\":[{\"@type\":\"SearchAction\",\"target\":{\"@type\":\"EntryPoint\",\"urlTemplate\":\"http:\\\/\\\/vincentians.com\\\/es\\\/?s={search_term_string}\"},\"query-input\":{\"@type\":\"PropertyValueSpecification\",\"valueRequired\":true,\"valueName\":\"search_term_string\"}}],\"inLanguage\":\"es\"},{\"@type\":\"Organization\",\"@id\":\"http:\\\/\\\/vincentians.com\\\/es\\\/#organization\",\"name\":\"The Vincentian Network\",\"url\":\"http:\\\/\\\/vincentians.com\\\/es\\\/\",\"logo\":{\"@type\":\"ImageObject\",\"inLanguage\":\"es\",\"@id\":\"http:\\\/\\\/vincentians.com\\\/es\\\/#\\\/schema\\\/logo\\\/image\\\/\",\"url\":\"https:\\\/\\\/i1.wp.com\\\/vincentians.com\\\/es\\\/wp-content\\\/uploads\\\/sites\\\/11\\\/2016\\\/06\\\/Vincentian-Network-logo-big.png?fit=778%2C778\",\"contentUrl\":\"https:\\\/\\\/i1.wp.com\\\/vincentians.com\\\/es\\\/wp-content\\\/uploads\\\/sites\\\/11\\\/2016\\\/06\\\/Vincentian-Network-logo-big.png?fit=778%2C778\",\"width\":778,\"height\":778,\"caption\":\"The Vincentian Network\"},\"image\":{\"@id\":\"http:\\\/\\\/vincentians.com\\\/es\\\/#\\\/schema\\\/logo\\\/image\\\/\"},\"sameAs\":[\"https:\\\/\\\/www.facebook.com\\\/WeAreVincentians\\\/\",\"https:\\\/\\\/x.com\\\/WeVincentians\"]},{\"@type\":\"Person\",\"@id\":\"http:\\\/\\\/vincentians.com\\\/es\\\/#\\\/schema\\\/person\\\/9623ef4d9aa3b2dfb8c061f1499288f2\",\"name\":\"Francisco Javier Fern\u00e1ndez Chento\",\"image\":{\"@type\":\"ImageObject\",\"inLanguage\":\"es\",\"@id\":\"https:\\\/\\\/secure.gravatar.com\\\/avatar\\\/497d5cde87b4c3d097d0315953521681ba2cd523ee66e5077c3711f7021e65de?s=96&d=mm&r=g\",\"url\":\"https:\\\/\\\/secure.gravatar.com\\\/avatar\\\/497d5cde87b4c3d097d0315953521681ba2cd523ee66e5077c3711f7021e65de?s=96&d=mm&r=g\",\"contentUrl\":\"https:\\\/\\\/secure.gravatar.com\\\/avatar\\\/497d5cde87b4c3d097d0315953521681ba2cd523ee66e5077c3711f7021e65de?s=96&d=mm&r=g\",\"caption\":\"Francisco Javier Fern\u00e1ndez Chento\"},\"description\":\"Director General y cofundador de La Red de Formaci\u00f3n Vicenciana. Javier es laico vicenciano, afiliado a la Congregaci\u00f3n de la Misi\u00f3n y miembro del Equipo de Misiones Populares de la provincia can\u00f3nica de Zaragoza (Espa\u00f1a) de la Congregaci\u00f3n de la Misi\u00f3n. Graduado en la Universidad Oberta de Catalunya con cuatro grados (Asistente de direcci\u00f3n, Gesti\u00f3n Administrativa, Recursos Humanos y Contabilidad Avanzada). Bil\u00edng\u00fce Espa\u00f1ol\\\/Ingl\u00e9s. gestiona y mantiene varias p\u00e1ginas web cristianas y vicencianas, incluida including La Red de Formaci\u00f3n Vicenciana, de la que es cofundador. Actualmente es responsable del \u00e1rea de Espa\u00f1ol de .famvin, la Red de Noticias de la Familia Vicenciana. Tambi\u00e9n es m\u00fasico cat\u00f3lico y ha editado varios discos. Es Director General y cofundador de Trovador, una reconocida compa\u00f1\u00eda discogr\u00e1fica critiana de Espa\u00f1a. Trabaja en las Tecnolog\u00edas de la Informaci\u00f3n, ofreciendo servicios de alojamiento, dise\u00f1o y mantenimiento Web, as\u00ed como asesoramiento, formaci\u00f3n y soluciones inform\u00e1ticas, gesti\u00f3n documental y digitalizaci\u00f3n de textos, edici\u00f3n y maquetaci\u00f3n de libros, revistas, flyers, etc.\",\"sameAs\":[\"http:\\\/\\\/chento.org\",\"https:\\\/\\\/www.facebook.com\\\/JavierChento\",\"https:\\\/\\\/x.com\\\/https:\\\/\\\/twitter.com\\\/javierchento\"],\"url\":\"https:\\\/\\\/vincentians.com\\\/es\\\/author\\\/chento\\\/\"}]}<\/script>\n<!-- \/ Yoast SEO plugin. -->","yoast_head_json":{"title":"Santa Mar\u00eda, Madre de Dios (reflexi\u00f3n de Jos\u00e9 Antonio Pagola) - Somos Vicencianos","robots":{"index":"index","follow":"follow","max-snippet":"max-snippet:-1","max-image-preview":"max-image-preview:large","max-video-preview":"max-video-preview:-1"},"canonical":"http:\/\/vincentians.com\/es\/santa-maria-madre-de-dios-reflexion-de-jose-antonio-pagola-2\/","og_locale":"es_ES","og_type":"article","og_title":"Santa Mar\u00eda, Madre de Dios (reflexi\u00f3n de Jos\u00e9 Antonio Pagola) - Somos Vicencianos","og_description":"Hoy Lucas concluye su relato del nacimiento de Jes\u00fas indicando a los lectores que \u00abMar\u00eda guardaba todas estas cosas medit\u00e1ndolas en su coraz\u00f3n\u00bb. No conserva lo sucedido como un recuerdo del pasado, sino como una ... Read More","og_url":"http:\/\/vincentians.com\/es\/santa-maria-madre-de-dios-reflexion-de-jose-antonio-pagola-2\/","og_site_name":"Somos Vicencianos","article_publisher":"https:\/\/www.facebook.com\/WeAreVincentians\/","article_author":"https:\/\/www.facebook.com\/JavierChento","article_published_time":"2011-12-27T10:19:08+00:00","article_modified_time":"2016-07-24T08:26:25+00:00","og_image":[{"width":1200,"height":630,"url":"https:\/\/i0.wp.com\/vincentians.com\/es\/wp-content\/uploads\/sites\/11\/2016\/07\/reflexiones-pagola.jpg?fit=1200%2C630","type":"image\/jpeg"}],"author":"Francisco Javier Fern\u00e1ndez Chento","twitter_card":"summary_large_image","twitter_creator":"@https:\/\/twitter.com\/javierchento","twitter_site":"@WeVincentians","twitter_misc":{"Escrito por":"Francisco Javier Fern\u00e1ndez Chento","Tiempo de lectura":"3 minutos"},"schema":{"@context":"https:\/\/schema.org","@graph":[{"@type":"Article","@id":"http:\/\/vincentians.com\/es\/santa-maria-madre-de-dios-reflexion-de-jose-antonio-pagola-2\/#article","isPartOf":{"@id":"http:\/\/vincentians.com\/es\/santa-maria-madre-de-dios-reflexion-de-jose-antonio-pagola-2\/"},"author":{"name":"Francisco Javier Fern\u00e1ndez Chento","@id":"http:\/\/vincentians.com\/es\/#\/schema\/person\/9623ef4d9aa3b2dfb8c061f1499288f2"},"headline":"Santa Mar\u00eda, Madre de Dios (reflexi\u00f3n de Jos\u00e9 Antonio Pagola)","datePublished":"2011-12-27T10:19:08+00:00","dateModified":"2016-07-24T08:26:25+00:00","mainEntityOfPage":{"@id":"http:\/\/vincentians.com\/es\/santa-maria-madre-de-dios-reflexion-de-jose-antonio-pagola-2\/"},"wordCount":516,"commentCount":0,"publisher":{"@id":"http:\/\/vincentians.com\/es\/#organization"},"image":{"@id":"http:\/\/vincentians.com\/es\/santa-maria-madre-de-dios-reflexion-de-jose-antonio-pagola-2\/#primaryimage"},"thumbnailUrl":"https:\/\/i0.wp.com\/vincentians.com\/es\/wp-content\/uploads\/sites\/11\/2016\/07\/reflexiones-pagola.jpg?fit=1200%2C630&ssl=1","articleSection":["Homil\u00edas y reflexiones, A\u00f1o B"],"inLanguage":"es","potentialAction":[{"@type":"CommentAction","name":"Comment","target":["http:\/\/vincentians.com\/es\/santa-maria-madre-de-dios-reflexion-de-jose-antonio-pagola-2\/#respond"]}]},{"@type":"WebPage","@id":"http:\/\/vincentians.com\/es\/santa-maria-madre-de-dios-reflexion-de-jose-antonio-pagola-2\/","url":"http:\/\/vincentians.com\/es\/santa-maria-madre-de-dios-reflexion-de-jose-antonio-pagola-2\/","name":"Santa Mar\u00eda, Madre de Dios (reflexi\u00f3n de Jos\u00e9 Antonio Pagola) - Somos Vicencianos","isPartOf":{"@id":"http:\/\/vincentians.com\/es\/#website"},"primaryImageOfPage":{"@id":"http:\/\/vincentians.com\/es\/santa-maria-madre-de-dios-reflexion-de-jose-antonio-pagola-2\/#primaryimage"},"image":{"@id":"http:\/\/vincentians.com\/es\/santa-maria-madre-de-dios-reflexion-de-jose-antonio-pagola-2\/#primaryimage"},"thumbnailUrl":"https:\/\/i0.wp.com\/vincentians.com\/es\/wp-content\/uploads\/sites\/11\/2016\/07\/reflexiones-pagola.jpg?fit=1200%2C630&ssl=1","datePublished":"2011-12-27T10:19:08+00:00","dateModified":"2016-07-24T08:26:25+00:00","breadcrumb":{"@id":"http:\/\/vincentians.com\/es\/santa-maria-madre-de-dios-reflexion-de-jose-antonio-pagola-2\/#breadcrumb"},"inLanguage":"es","potentialAction":[{"@type":"ReadAction","target":["http:\/\/vincentians.com\/es\/santa-maria-madre-de-dios-reflexion-de-jose-antonio-pagola-2\/"]}]},{"@type":"ImageObject","inLanguage":"es","@id":"http:\/\/vincentians.com\/es\/santa-maria-madre-de-dios-reflexion-de-jose-antonio-pagola-2\/#primaryimage","url":"https:\/\/i0.wp.com\/vincentians.com\/es\/wp-content\/uploads\/sites\/11\/2016\/07\/reflexiones-pagola.jpg?fit=1200%2C630&ssl=1","contentUrl":"https:\/\/i0.wp.com\/vincentians.com\/es\/wp-content\/uploads\/sites\/11\/2016\/07\/reflexiones-pagola.jpg?fit=1200%2C630&ssl=1","width":1200,"height":630},{"@type":"BreadcrumbList","@id":"http:\/\/vincentians.com\/es\/santa-maria-madre-de-dios-reflexion-de-jose-antonio-pagola-2\/#breadcrumb","itemListElement":[{"@type":"ListItem","position":1,"name":"Portada","item":"http:\/\/vincentians.com\/es\/"},{"@type":"ListItem","position":2,"name":"Santa Mar\u00eda, Madre de Dios (reflexi\u00f3n de Jos\u00e9 Antonio Pagola)"}]},{"@type":"WebSite","@id":"http:\/\/vincentians.com\/es\/#website","url":"http:\/\/vincentians.com\/es\/","name":"Somos Vicencianos","description":"Know more to serve more","publisher":{"@id":"http:\/\/vincentians.com\/es\/#organization"},"potentialAction":[{"@type":"SearchAction","target":{"@type":"EntryPoint","urlTemplate":"http:\/\/vincentians.com\/es\/?s={search_term_string}"},"query-input":{"@type":"PropertyValueSpecification","valueRequired":true,"valueName":"search_term_string"}}],"inLanguage":"es"},{"@type":"Organization","@id":"http:\/\/vincentians.com\/es\/#organization","name":"The Vincentian Network","url":"http:\/\/vincentians.com\/es\/","logo":{"@type":"ImageObject","inLanguage":"es","@id":"http:\/\/vincentians.com\/es\/#\/schema\/logo\/image\/","url":"https:\/\/i1.wp.com\/vincentians.com\/es\/wp-content\/uploads\/sites\/11\/2016\/06\/Vincentian-Network-logo-big.png?fit=778%2C778","contentUrl":"https:\/\/i1.wp.com\/vincentians.com\/es\/wp-content\/uploads\/sites\/11\/2016\/06\/Vincentian-Network-logo-big.png?fit=778%2C778","width":778,"height":778,"caption":"The Vincentian Network"},"image":{"@id":"http:\/\/vincentians.com\/es\/#\/schema\/logo\/image\/"},"sameAs":["https:\/\/www.facebook.com\/WeAreVincentians\/","https:\/\/x.com\/WeVincentians"]},{"@type":"Person","@id":"http:\/\/vincentians.com\/es\/#\/schema\/person\/9623ef4d9aa3b2dfb8c061f1499288f2","name":"Francisco Javier Fern\u00e1ndez Chento","image":{"@type":"ImageObject","inLanguage":"es","@id":"https:\/\/secure.gravatar.com\/avatar\/497d5cde87b4c3d097d0315953521681ba2cd523ee66e5077c3711f7021e65de?s=96&d=mm&r=g","url":"https:\/\/secure.gravatar.com\/avatar\/497d5cde87b4c3d097d0315953521681ba2cd523ee66e5077c3711f7021e65de?s=96&d=mm&r=g","contentUrl":"https:\/\/secure.gravatar.com\/avatar\/497d5cde87b4c3d097d0315953521681ba2cd523ee66e5077c3711f7021e65de?s=96&d=mm&r=g","caption":"Francisco Javier Fern\u00e1ndez Chento"},"description":"Director General y cofundador de La Red de Formaci\u00f3n Vicenciana. Javier es laico vicenciano, afiliado a la Congregaci\u00f3n de la Misi\u00f3n y miembro del Equipo de Misiones Populares de la provincia can\u00f3nica de Zaragoza (Espa\u00f1a) de la Congregaci\u00f3n de la Misi\u00f3n. Graduado en la Universidad Oberta de Catalunya con cuatro grados (Asistente de direcci\u00f3n, Gesti\u00f3n Administrativa, Recursos Humanos y Contabilidad Avanzada). Bil\u00edng\u00fce Espa\u00f1ol\/Ingl\u00e9s. gestiona y mantiene varias p\u00e1ginas web cristianas y vicencianas, incluida including La Red de Formaci\u00f3n Vicenciana, de la que es cofundador. Actualmente es responsable del \u00e1rea de Espa\u00f1ol de .famvin, la Red de Noticias de la Familia Vicenciana. Tambi\u00e9n es m\u00fasico cat\u00f3lico y ha editado varios discos. Es Director General y cofundador de Trovador, una reconocida compa\u00f1\u00eda discogr\u00e1fica critiana de Espa\u00f1a. Trabaja en las Tecnolog\u00edas de la Informaci\u00f3n, ofreciendo servicios de alojamiento, dise\u00f1o y mantenimiento Web, as\u00ed como asesoramiento, formaci\u00f3n y soluciones inform\u00e1ticas, gesti\u00f3n documental y digitalizaci\u00f3n de textos, edici\u00f3n y maquetaci\u00f3n de libros, revistas, flyers, etc.","sameAs":["http:\/\/chento.org","https:\/\/www.facebook.com\/JavierChento","https:\/\/x.com\/https:\/\/twitter.com\/javierchento"],"url":"https:\/\/vincentians.com\/es\/author\/chento\/"}]}},"jetpack_publicize_connections":[],"jetpack_featured_media_url":"https:\/\/i0.wp.com\/vincentians.com\/es\/wp-content\/uploads\/sites\/11\/2016\/07\/reflexiones-pagola.jpg?fit=1200%2C630&ssl=1","jetpack_sharing_enabled":true,"jetpack_shortlink":"https:\/\/wp.me\/p7ETMF-yrP","jetpack-related-posts":[{"id":127021,"url":"https:\/\/vincentians.com\/es\/la-alegria-de-la-nochebuena\/","url_meta":{"origin":132421,"position":0},"title":"La alegr\u00eda de la Nochebuena","author":"Francisco Javier Fern\u00e1ndez Chento","date":"24\/12\/2013","format":false,"excerpt":"Esta noche es Nochebuena porque\u00a0nace Jes\u00fas\u00a0y en \u00e9l\u00a0ha aparecido la gracia de Dios que trae la salvaci\u00f3n para todos los hombres\u00a0(Tito 2,11-14). El motivo real de la celebraci\u00f3n de la Navidad y de nuestra gran alegr\u00eda es el nacimiento del ni\u00f1o Jes\u00fas, que naci\u00f3 de Mar\u00eda la Virgen por obra\u2026","rel":"","context":"En \u00abFormaci\u00f3n Cristiana\u00bb","block_context":{"text":"Formaci\u00f3n Cristiana","link":"https:\/\/vincentians.com\/es\/category\/formacion-cristiana\/"},"img":{"alt_text":"9595nochebuena","src":"https:\/\/i0.wp.com\/vicencianos.org\/wp-content\/2013\/12\/9595nochebuena-300x225.jpg?resize=350%2C200","width":350,"height":200},"classes":[]},{"id":133462,"url":"https:\/\/vincentians.com\/es\/la-navidad-y-sus-tradiciones-el-origen-del-belen\/","url_meta":{"origin":132421,"position":1},"title":"La Navidad y sus tradiciones: El origen del Bel\u00e9n","author":"Francisco Javier Fern\u00e1ndez Chento","date":"25\/12\/2014","format":false,"excerpt":"Con el Nacimiento de Jes\u00fas se cumple la promesa de Dios al mundo de enviar a un Salvador. Jesucristo es Dios hecho hombre. Un poco de historia Las tradiciones y costumbres son una manera de hacer presente lo que ocurri\u00f3, o lo que se acostumbraba hacer, en tiempos pasados. Son\u2026","rel":"","context":"En \u00abFormaci\u00f3n Cristiana\u00bb","block_context":{"text":"Formaci\u00f3n Cristiana","link":"https:\/\/vincentians.com\/es\/category\/formacion-cristiana\/"},"img":{"alt_text":"nacimientos2","src":"https:\/\/i0.wp.com\/vicencianos.org\/wp-content\/2014\/12\/nacimientos2-300x215.jpg?resize=350%2C200","width":350,"height":200},"classes":[]},{"id":119801,"url":"https:\/\/vincentians.com\/es\/la-virgen-maria-y-la-formacion\/","url_meta":{"origin":132421,"position":2},"title":"La Virgen Mar\u00eda y la Formaci\u00f3n","author":"Francisco Javier Fern\u00e1ndez Chento","date":"16\/04\/2013","format":false,"excerpt":"Introducci\u00f3n: En marzo volv\u00ed a EE.UU para un acontecimiento especial. Una joven que hab\u00eda colaborado conmigo durante dos a\u00f1os en la Universidad de St. John, hab\u00eda tenido su primer hijo y me hab\u00edan pedido ella y su marido si pod\u00eda bautizarle. Fue un gran honor para m\u00ed. A lo largo\u2026","rel":"","context":"En \u00abFormaci\u00f3n Cristiana\u00bb","block_context":{"text":"Formaci\u00f3n Cristiana","link":"https:\/\/vincentians.com\/es\/category\/formacion-cristiana\/"},"img":{"alt_text":"virgin-mary-2","src":"https:\/\/i0.wp.com\/vicencianos.org\/wp-content\/2013\/04\/virgin-mary-2-230x300.jpg?resize=350%2C200","width":350,"height":200},"classes":[]},{"id":119429,"url":"https:\/\/vincentians.com\/es\/cantar-el-magnificat-con-maria\/","url_meta":{"origin":132421,"position":3},"title":"Cantar el Magn\u00edficat con Mar\u00eda","author":"Francisco Javier Fern\u00e1ndez Chento","date":"09\/04\/2013","format":false,"excerpt":"Introducci\u00f3n \"El Magn\u00edficat es un c\u00e1ntico de la Escritura que canta un poema de vida y de acci\u00f3n. Es c\u00e1ntico, oraci\u00f3n, adoraci\u00f3n, exultaci\u00f3n y entusiasmo, acci\u00f3n de gracias, canto de victoria, la de Dios en Jesucristo. Grito de la fe, est\u00e1 impregnado de teolog\u00eda, es meditaci\u00f3n inagotable, es oraci\u00f3n\u2026 En\u2026","rel":"","context":"En \u00abFormaci\u00f3n Cristiana\u00bb","block_context":{"text":"Formaci\u00f3n Cristiana","link":"https:\/\/vincentians.com\/es\/category\/formacion-cristiana\/"},"img":{"alt_text":"Magnificat","src":"https:\/\/i0.wp.com\/vicencianos.org\/wp-content\/2013\/04\/Magnificat-244x300.jpg?resize=350%2C200","width":350,"height":200},"classes":[]},{"id":144779,"url":"https:\/\/vincentians.com\/es\/en-la-escuela-de-maria-inmaculada-sierva-y-madre\/","url_meta":{"origin":132421,"position":4},"title":"En la escuela de Mar\u00eda Inmaculada, Sierva y Madre","author":"Francisco Javier Fern\u00e1ndez Chento","date":"10\/05\/2015","format":false,"excerpt":"Introducci\u00f3n Una de las 7 \u00faltimas palabras de Jes\u00fas en la Cruz que forman parte de su testamento espiritual, es: \u201cAh\u00ed tienes a tu madre\u201d, una palabra extraordinaria que Jes\u00fas dice al disc\u00edpulo amado, es decir a la Iglesia. Jes\u00fas conf\u00eda la Iglesia a su madre y su madre a\u2026","rel":"","context":"En \u00abVirgen Mar\u00eda\u00bb","block_context":{"text":"Virgen Mar\u00eda","link":"https:\/\/vincentians.com\/es\/category\/espiritualidad\/virgen-maria\/"},"img":{"alt_text":"our-mother-mary-inmaculate","src":"https:\/\/i0.wp.com\/vicencianos.org\/wp-content\/2015\/05\/our-mother-mary-inmaculate-300x216.jpg?resize=350%2C200","width":350,"height":200},"classes":[]},{"id":387703,"url":"https:\/\/vincentians.com\/es\/maria-la-madre-de-jesus\/","url_meta":{"origin":132421,"position":5},"title":"Mar\u00eda, la Madre de Jes\u00fas","author":"Mitxel Olabu\u00e9naga","date":"25\/08\/2016","format":false,"excerpt":"Si tratamos aqu\u00ed y ahora el tema de Mar\u00eda, en el misterio de Cristo y de la Iglesia, se debe a que la Sant\u00edsima Virgen Mar\u00eda es la primera cristiana, la disc\u00edpula m\u00e1s aventajada del seguimiento de Jes\u00fas, la Madre de la Caridad, el tipo y modelo de la Iglesia\u2026","rel":"","context":"En \u00abEspiritualidad\u00bb","block_context":{"text":"Espiritualidad","link":"https:\/\/vincentians.com\/es\/category\/espiritualidad\/"},"img":{"alt_text":"","src":"https:\/\/i0.wp.com\/vincentians.com\/es\/wp-content\/uploads\/sites\/11\/2016\/08\/virgen-maria.jpg?fit=1200%2C630&ssl=1&resize=350%2C200","width":350,"height":200,"srcset":"https:\/\/i0.wp.com\/vincentians.com\/es\/wp-content\/uploads\/sites\/11\/2016\/08\/virgen-maria.jpg?fit=1200%2C630&ssl=1&resize=350%2C200 1x, https:\/\/i0.wp.com\/vincentians.com\/es\/wp-content\/uploads\/sites\/11\/2016\/08\/virgen-maria.jpg?fit=1200%2C630&ssl=1&resize=525%2C300 1.5x, https:\/\/i0.wp.com\/vincentians.com\/es\/wp-content\/uploads\/sites\/11\/2016\/08\/virgen-maria.jpg?fit=1200%2C630&ssl=1&resize=700%2C400 2x, https:\/\/i0.wp.com\/vincentians.com\/es\/wp-content\/uploads\/sites\/11\/2016\/08\/virgen-maria.jpg?fit=1200%2C630&ssl=1&resize=1050%2C600 3x"},"classes":[]}],"_links":{"self":[{"href":"https:\/\/vincentians.com\/es\/wp-json\/wp\/v2\/posts\/132421","targetHints":{"allow":["GET"]}}],"collection":[{"href":"https:\/\/vincentians.com\/es\/wp-json\/wp\/v2\/posts"}],"about":[{"href":"https:\/\/vincentians.com\/es\/wp-json\/wp\/v2\/types\/post"}],"author":[{"embeddable":true,"href":"https:\/\/vincentians.com\/es\/wp-json\/wp\/v2\/users\/4"}],"replies":[{"embeddable":true,"href":"https:\/\/vincentians.com\/es\/wp-json\/wp\/v2\/comments?post=132421"}],"version-history":[{"count":0,"href":"https:\/\/vincentians.com\/es\/wp-json\/wp\/v2\/posts\/132421\/revisions"}],"wp:featuredmedia":[{"embeddable":true,"href":"https:\/\/vincentians.com\/es\/wp-json\/wp\/v2\/media\/388396"}],"wp:attachment":[{"href":"https:\/\/vincentians.com\/es\/wp-json\/wp\/v2\/media?parent=132421"}],"wp:term":[{"taxonomy":"category","embeddable":true,"href":"https:\/\/vincentians.com\/es\/wp-json\/wp\/v2\/categories?post=132421"},{"taxonomy":"post_tag","embeddable":true,"href":"https:\/\/vincentians.com\/es\/wp-json\/wp\/v2\/tags?post=132421"}],"curies":[{"name":"wp","href":"https:\/\/api.w.org\/{rel}","templated":true}]}}