{"id":132348,"date":"2014-12-09T13:12:43","date_gmt":"2014-12-09T12:12:43","guid":{"rendered":"http:\/\/somos.vicencianos.org\/?p=132348"},"modified":"2014-12-09T13:12:43","modified_gmt":"2014-12-09T12:12:43","slug":"carta-de-adviento-2014-a-la-familia-vicenciana-del-p-general","status":"publish","type":"post","link":"https:\/\/vincentians.com\/es\/carta-de-adviento-2014-a-la-familia-vicenciana-del-p-general\/","title":{"rendered":"Carta de Adviento 2014 a la Familia Vicenciana, del P. General"},"content":{"rendered":"<h2><strong><em>Adviento 2014, un tiempo de oraci\u00f3n, de paz y un lugar para los pobres<\/em><\/strong><\/h2>\n<p>Roma, 30 de Noviembre de 2014<br \/>\nPrimer domingo de Adviento<\/p>\n<div id=\"attachment_132349\" style=\"width: 310px\" class=\"wp-caption alignright\"><a href=\"https:\/\/i0.wp.com\/vicencianos.org\/wp-content\/2014\/12\/advent2014.jpg\"><img data-recalc-dims=\"1\" loading=\"lazy\" decoding=\"async\" aria-describedby=\"caption-attachment-132349\" class=\"size-medium wp-image-132349\" src=\"https:\/\/i0.wp.com\/vicencianos.org\/wp-content\/2014\/12\/advent2014-300x195.jpg?resize=300%2C195\" alt=\"Altar mayor del santuario de Nuestra Se\u00f1ora Reina de la Paz, en Kazajist\u00e1n\" width=\"300\" height=\"195\" \/><\/a><p id=\"caption-attachment-132349\" class=\"wp-caption-text\">Altar mayor del santuario de Nuestra Se\u00f1ora Reina de la Paz, en Kazajist\u00e1n<\/p><\/div>\n<p>Queridos hermanos y queridas hermanas en Jes\u00fas y san Vicente,<\/p>\n<p>\u00a1Que la gracia y la paz de Nuestro Se\u00f1or Jesucristo est\u00e9n siempre en nuestros corazones!<\/p>\n<p>El tiempo del Adviento ha llegado, tiempo favorable para meditar los misterios de nuestra fe. Las Escrituras, los relatos y los himnos del Adviento nos invitan a entrar en<strong><em> oraci\u00f3n, <\/em><\/strong>a buscar <strong><em>la paz<\/em><\/strong> de Cristo y a abrir nuestros corazones y nuestras manos para servir a los que Dios ha escogido, nuestros \u00abSe\u00f1ores y Maestros\u00bb, <strong><em>los pobres.<\/em><\/strong><\/p>\n<p>En esta carta de Adviento, compartir\u00e9 con ustedes tres experiencias, sencillas y a la vez profundas, que viv\u00ed en un mismo d\u00eda. Me impresionaron y me hicieron reflexionar en la necesidad de <strong><em>orar,<\/em><\/strong> en la b\u00fasqueda de <strong><em>la paz<\/em><\/strong> y en un compromiso m\u00e1s profundo <strong><em>al servicio de los pobres<\/em><\/strong>. Esto ocurri\u00f3 durante mi visita a un santuario mariano, mi encuentro con Religiosas contemplativas, y durante una Eucarist\u00eda y una comida compartida con un grupo de toxic\u00f3manos que se est\u00e1n rehabilitando.<\/p>\n<p>El 27 de Septiembre, fiesta de san Vicente de Pa\u00fal, llegu\u00e9 a Kazajist\u00e1n, al santuario nacional consagrado a Nuestra Se\u00f1ora Reina de la Paz, situado en un pueblo peque\u00f1o. Despu\u00e9s de haber viajado toda la noche con un hermano polaco, que sirve en la misi\u00f3n de Kazajist\u00e1n, y con el Padre Stan Zontak, fuimos recibidos con una c\u00e1lida acogida por el Arzobispo, cuya di\u00f3cesis es dos veces el tama\u00f1o de Italia. Este santuario guarda \u00abla estrella de Kazajist\u00e1n\u00bb, uno de los doce altares consagrados a la paz que existen en el mundo. \u00bfPor qu\u00e9 un altar dedicado a la paz en este lugar tan apartado? Detr\u00e1s del santuario se encuentra una monta\u00f1a con una cruz que indica el centro de Eurasia. \u00abLa estrella de Kazajist\u00e1n\u00bb contiene piedras y metales preciosos de la regi\u00f3n. Est\u00e1 centrada en Mar\u00eda cuyo coraz\u00f3n contiene la eucarist\u00eda para mostrar que Jes\u00fas naci\u00f3 de su coraz\u00f3n lleno de amor.<\/p>\n<p>Despu\u00e9s de esta emocionante experiencia, el Arzobispo nos condujo hacia un monasterio en el pueblo, donde conoc\u00ed a cuatro Carmelitas contemplativas. Tuvimos una maravillosa conversaci\u00f3n. Hablaron de su vida con sencillez y manifestaron su agradecimiento al Arzobispo y a las gentes del pueblo por su ayuda. Son mujeres felices que expresaron c\u00f3mo la oraci\u00f3n es el centro de su vida. Esto me emocion\u00f3 profundamente.<\/p>\n<p>La \u00faltima etapa del viaje del d\u00eda fue la visita a un hogar para personas que se est\u00e1n rehabilitando de la dependencia a las drogas y al alcohol. Lo dirige una mujer profundamente comprometida con nuestro carisma vicenciano, que dice que es su deber como cristiana ofrecer un servicio de cercan\u00eda a los pobres, sobre todo a los toxic\u00f3manos. El programa es sencillo y se realiza en un entorno limpio y c\u00e1lido, tan necesario en Kazajist\u00e1n. Cuando el Arzobispo lleg\u00f3, celebr\u00f3 la Eucarist\u00eda, luego compartimos la comida y tuvimos un di\u00e1logo, \u00a1\u00e9ramos doce!<\/p>\n<p>Despu\u00e9s del almuerzo, el Arzobispo me pidi\u00f3 que dirigiese unas palabras al grupo. Los comentarios que les ofrec\u00ed entonces, constituyen el fundamento de mi mensaje para esta carta de Adviento. M\u00e1s tarde, he vuelto a pensar que fue una experiencia maravillosa vivida en la fiesta de san Vicente. Dada la importancia de este d\u00eda y de las personas con las que me encontr\u00e9, creo que el Se\u00f1or me invitaba a meditar en tres fines esenciales para mi vida y para la Familia vicenciana.<em> El Adviento 2014 es una llamada a comprometerse en la oraci\u00f3n, a buscar la paz y a servir gozosamente a los pobres de Dios. <\/em><\/p>\n<h2><strong><em>Un tiempo para ORAR<\/em><\/strong><\/h2>\n<p>Despu\u00e9s de mi visita a las Carmelitas en su monasterio, medit\u00e9 sobre la necesidad de orar en mi propia vida. Nuestro carisma nos invita a rezar como contemplativos en la acci\u00f3n, a dejar la agitaci\u00f3n del mundo y otras distracciones y a centrarnos en la presencia de Jes\u00fas en la Palabra y en la Eucarist\u00eda. En mi di\u00e1logo con estas Hermanas, me impresion\u00f3 su testimonio sencillo y alegre al compartir su fe. Como contemplativos en la acci\u00f3n, nosotros tambi\u00e9n debemos apartarnos para descansar y meditar con el Se\u00f1or.<\/p>\n<p>Como san Vicente dec\u00eda a sus primeros compa\u00f1eros: \u00ab<em>la vida apost\u00f3lica no excluye la contemplaci\u00f3n, sino que la abraza y se sirve de ella para conocer mejor las verdades eternas que tiene que anunciar\u00bb<\/em>. (SV III, C 1103 p. 319). En este Adviento, encontremos tiempo en nuestras vidas ocupadas, para orar ante el Se\u00f1or. Ya seamos sacerdotes, hermanos, hermanas o laicos, todos los miembros de la Familia vicenciana sabemos que la oraci\u00f3n es indispensable porque es la fuerza que motiva lo que hacemos. Es una marca clara de nuestro servicio, que nos enra\u00edza en el amor de Dios. Nos ayuda a ver la presencia de Dios en sus pobres.<\/p>\n<h2><strong><em>Un tiempo de PAZ <\/em><\/strong><\/h2>\n<p>En el altar de la estrella de Kazajist\u00e1n, medit\u00e9 sobre el estado actual de nuestro mundo, con la falta de paz en la tierra. Ya sea en Irak, en Siria, en Nigeria y en otros muchos lugares, constantemente somos testigos de actos de violencia, de terrorismo, de conflictos fronterizos y tribales que amenazan la paz que buscamos. Hoy, la gente necesita con urgencia aprender a vivir en paz. Despu\u00e9s de haber visitado este santuario, he tomado conciencia de que la b\u00fasqueda de la paz comienza por m\u00ed.<\/p>\n<p>He considerado a san Vicente como ejemplo de alguien que busc\u00f3 la paz y la comparti\u00f3 con los dem\u00e1s. Dec\u00eda a santa Luisa: \u00ab<em>El reino de Dios es la paz en el Esp\u00edritu Santo; El reinar\u00e1 en usted, si su coraz\u00f3n est\u00e1 en paz. Est\u00e9, pues, en paz, se\u00f1orita, y honrar\u00e1 soberanamente al Dios de la paz y del amor<\/em>\u00bb (SV I, C. 77, p. 175)<em>.<\/em> Vicente vivi\u00f3 en una \u00e9poca en la que la violencia, las guerras y las revueltas azotaban a Francia. Cuando se produc\u00edan, eran los pobres los que m\u00e1s sufr\u00edan.<\/p>\n<p>Y sin embargo, san Vicente fue un artesano de paz y lo fue defendiendo a los pobres. Dio a conocer a la Iglesia y a la Realeza lo que estos conflictos hac\u00edan sufrir a \u00abnuestros Se\u00f1ores y Maestros, los pobres\u00bb. Como Familia vicenciana, debemos ser defensores e instrumentos de la paz de Dios. En este Adviento, busquemos la paz interior para estar unidos al Pr\u00edncipe de la Paz de quien el profeta Miqueas dec\u00eda: <em>\u00ab<\/em><em>Pastorear\u00e1 con la fuerza del Se\u00f1or\u2026\u00c9l mismo ser\u00e1 la paz\u00bb<\/em> (Mi 5, 3-4)<\/p>\n<h2><strong><em>Un servicio gozoso a los POBRES<\/em><\/strong><\/h2>\n<p>Despu\u00e9s de una intensa experiencia de oraci\u00f3n en el santuario y de una paz profunda vivida con las Carmelitas en el monasterio, tuve la suerte de participar en la Misa y compartir la comida en el hogar. Sent\u00ed a Nuestro Se\u00f1or presente de dos maneras significativas: en el altar y en la mesa del almuerzo. Cuando pas\u00e9 del cuerpo eucar\u00edstico de Cristo, en la capilla del hogar, al peque\u00f1o comedor, percib\u00ed en estos toxic\u00f3manos que se est\u00e1n rehabilitando, el cuerpo herido pero no aniquilado de Cristo. Orando y compartiendo una comida con ellos, recib\u00ed la gracia de ver que todos formamos parte del cuerpo m\u00edstico de Cristo.<\/p>\n<p>Jes\u00fas naci\u00f3 en la pobreza y vivi\u00f3 en un medio modesto. Esta realidad \u2013la pobreza de Nuestro Se\u00f1or durante su vida terrestre\u2013 no es un bonito relato de Navidad sino la historia de la salvaci\u00f3n. Dios se revela a los <em>anawin, <\/em>palabra hebrea que literalmente significa: \u00ablos pobres que dependen del Se\u00f1or para su liberaci\u00f3n\u00bb. En el Evangelio de Mateo, la principal ense\u00f1anza de Jes\u00fas es la de las Bienaventuranzas para recordarnos que Jes\u00fas y su Padre se identifican con los m\u00e1s peque\u00f1os de entre nosotros. Al finalizar cada a\u00f1o lit\u00fargico, o\u00edmos la par\u00e1bola de Mateo sobre el juicio final como un desaf\u00edo que se nos dirige: <em>\u00abEn verdad os digo que cada vez que lo hicisteis con uno de estos, mis hermanos m\u00e1s peque\u00f1os, conmigo lo hicisteis\u00bb<\/em> (Mt 25,40).<\/p>\n<p>San Vicente nos recuerda este v\u00ednculo intr\u00ednseco entre nuestra salvaci\u00f3n y el servicio de los pobres: \u00ab<em>No podemos asegurar mejor nuestra felicidad eterna que viviendo y muriendo en el servicio de los pobres, en los brazos de la Providencia y en una renuncia actual a nosotros mismos, para seguir a Jesucristo\u00bb<\/em> (SV III, C. 1129, p. 359). Que este Adviento sea un tiempo en el que, despu\u00e9s de haber orado y buscado la paz del Se\u00f1or, vayamos renovados al servicio de los pobres de Dios.<\/p>\n<h2><strong><em>El Adviento como un tiempo para la CONVERSI\u00d3N DEL CORAZ\u00d3N <\/em><\/strong><\/h2>\n<p>Desde mi regreso de Kazajist\u00e1n, he tenido la oportunidad de visitar algunas Provincias, misiones y ramas de la Familia vicenciana en Europa, en el Caribe y en \u00c1frica, pero conservo el recuerdo de esta celebraci\u00f3n de la fiesta de san Vicente. He sentido que el Se\u00f1or me llamaba, como Superior general, a reflexionar en el modo de integrar mejor la oraci\u00f3n, la paz y el servicio de los pobres en mi propia vida. He tomado mayor conciencia de los momentos en los que no he sido un hombre de paz, de oraci\u00f3n o un servidor de los pobres. He pedido al Se\u00f1or la gracia del perd\u00f3n. Esto mismo evoqu\u00e9 en el hogar y lo comparto gustoso con ustedes en el momento en el que comenzamos juntos este tiempo de Adviento.<\/p>\n<p>En este primer domingo de Adviento, el profeta Isa\u00edas describe la verdad de nuestra condici\u00f3n humana: <em>\u00abSe\u00f1or, nosotros somos la arcilla y t\u00fa nuestro alfarero: todos somos obra de tu mano\u00bb<\/em> (Is 64, 7). El Adviento es un tiempo para confiarnos de nuevo al amor misericordioso de Dios, interiorizando los relatos b\u00edblicos de nuestra salvaci\u00f3n. Gracias a la vida de personas como Mar\u00eda, Jos\u00e9, Juan el Bautista, Zacar\u00edas e Isabel, experimentamos el poder salv\u00edfico de Dios, pastor de nuestras almas. Sus relatos de salvaci\u00f3n est\u00e1n ligados a la historia de nuestras vidas.<\/p>\n<p>Un buen Adviento nos ayudar\u00e1 a ver que Dios quiere abrir nuestras mentes y nuestros corazones para <em>\u00abPreparar el camino del Se\u00f1or\u00bb<\/em> (Mc 1, 3). El segundo prefacio de Adviento antes de la plegaria eucar\u00edstica expresa de manera muy bella el verdadero sentido de este tiempo lit\u00fargico: \u00ab<em>El mismo Se\u00f1or nos concede ahora prepararnos con alegr\u00eda al misterio de su nacimiento, para encontrarnos as\u00ed, cuando llegue, velando en oraci\u00f3n y cantando su alabanza\u00bb<\/em>.<\/p>\n<p>Un mes despu\u00e9s de mi viaje a Kazajist\u00e1n, he le\u00eddo la alocuci\u00f3n del Papa Francisco durante la clausura del S\u00ednodo de los Obispos, en octubre. Comparto con ustedes lo que considero realmente como un \u00abfragmento vicenciano\u00bb que nos guiar\u00e1 durante el Adviento a llegar a ser m\u00e1s fervientes, a buscar m\u00e1s la paz y a ser m\u00e1s gozosos en el servicio de los pobres.<\/p>\n<p>\u00ab<em>Y <strong>esta es la Iglesia<\/strong>, la vi\u00f1a del Se\u00f1or\u2026<\/em> <em>que no tiene miedo de arremangarse para derramar el \u00f3leo y el vino sobre las heridas de los hombres; que no mira a la humanidad desde un castillo de cristal para juzgar y clasificar a las personas<\/em>. <strong><em>Esta es la Iglesia<\/em><\/strong><em>\u2026 formada por pecadores, necesitados de Su misericordia. Esta es la Iglesia, la verdadera esposa de Cristo\u2026 que no tiene miedo de comer y beber con las prostitutas y los publicanos. La Iglesia que tiene las puertas abiertas de par en par para recibir a los necesitados, a los arrepentidos y \u00a1no s\u00f3lo a los justos o a aquellos que creen ser perfectos!<\/em> <strong><em>La Iglesia<\/em><\/strong><em> que no se averg\u00fcenza del hermano ca\u00eddo\u2026 es m\u00e1s, se siente implicada y casi obligada a levantarlo y animarlo a retomar el camino y lo acompa\u00f1a<\/em>\u2026\u00bb Papa Francisco, 18 de octubre de 2014 (fragmento de su discurso en la clausura de la III\u00a0Asamblea general extraordinaria del S\u00ednodo de los Obispos)<\/p>\n<p>Que Jes\u00fas, evangelizador de los pobres, los fortalezca y que san Vicente les inspire y guie en este Adviento y durante el a\u00f1o que viene.<\/p>\n<p>Su hermano en san Vicente,<\/p>\n<p>Gregory Gay, C.M.<br \/>\nSuperior general<\/p>\n","protected":false},"excerpt":{"rendered":"<p>Adviento 2014, un tiempo de oraci\u00f3n, de paz y un lugar para los pobres Roma, 30 de Noviembre de 2014 Primer domingo de Adviento Queridos hermanos y queridas hermanas en Jes\u00fas y san Vicente, \u00a1Que &#8230; <a href=\"https:\/\/vincentians.com\/es\/carta-de-adviento-2014-a-la-familia-vicenciana-del-p-general\/\" class=\"more-link\">Read More<\/a><\/p>\n","protected":false},"author":4,"featured_media":132349,"comment_status":"open","ping_status":"open","sticky":false,"template":"","format":"standard","meta":{"rs_blank_template":"","rs_page_bg_color":"","slide_template_v7":"","_jetpack_newsletter_access":"","_jetpack_dont_email_post_to_subs":false,"_jetpack_newsletter_tier_id":0,"_jetpack_memberships_contains_paywalled_content":false,"_jetpack_feature_clip_id":0,"_jetpack_memberships_contains_paid_content":false,"footnotes":"","jetpack_publicize_message":"","jetpack_publicize_feature_enabled":true,"jetpack_social_post_already_shared":true,"jetpack_social_options":{"image_generator_settings":{"template":"highway","default_image_id":0,"font":"","enabled":false},"version":2},"jetpack_post_was_ever_published":false},"categories":[226],"tags":[172],"class_list":["post-132348","post","type-post","status-publish","format-standard","has-post-thumbnail","hentry","category-espiritualidad-vicenciana","tag-pobreza"],"yoast_head":"<!-- This site is optimized with the Yoast SEO plugin v27.9 - https:\/\/yoast.com\/product\/yoast-seo-wordpress\/ -->\n<title>Carta de Adviento 2014 a la Familia Vicenciana, del P. General - Somos Vicencianos<\/title>\n<meta name=\"robots\" content=\"index, follow, max-snippet:-1, max-image-preview:large, max-video-preview:-1\" \/>\n<link rel=\"canonical\" href=\"https:\/\/vincentians.com\/es\/carta-de-adviento-2014-a-la-familia-vicenciana-del-p-general\/\" \/>\n<meta property=\"og:locale\" content=\"es_ES\" \/>\n<meta property=\"og:type\" content=\"article\" \/>\n<meta property=\"og:title\" content=\"Carta de Adviento 2014 a la Familia Vicenciana, del P. General - Somos Vicencianos\" \/>\n<meta property=\"og:description\" content=\"Adviento 2014, un tiempo de oraci\u00f3n, de paz y un lugar para los pobres Roma, 30 de Noviembre de 2014 Primer domingo de Adviento Queridos hermanos y queridas hermanas en Jes\u00fas y san Vicente, \u00a1Que ... Read More\" \/>\n<meta property=\"og:url\" content=\"https:\/\/vincentians.com\/es\/carta-de-adviento-2014-a-la-familia-vicenciana-del-p-general\/\" \/>\n<meta property=\"og:site_name\" content=\"Somos Vicencianos\" \/>\n<meta property=\"article:publisher\" content=\"https:\/\/www.facebook.com\/WeAreVincentians\/\" \/>\n<meta property=\"article:author\" content=\"https:\/\/www.facebook.com\/JavierChento\" \/>\n<meta property=\"article:published_time\" content=\"2014-12-09T12:12:43+00:00\" \/>\n<meta name=\"author\" content=\"Francisco Javier Fern\u00e1ndez Chento\" \/>\n<meta name=\"twitter:card\" content=\"summary_large_image\" \/>\n<meta name=\"twitter:creator\" content=\"@https:\/\/twitter.com\/javierchento\" \/>\n<meta name=\"twitter:site\" content=\"@WeVincentians\" \/>\n<meta name=\"twitter:label1\" content=\"Escrito por\" \/>\n\t<meta name=\"twitter:data1\" content=\"Francisco Javier Fern\u00e1ndez Chento\" \/>\n\t<meta name=\"twitter:label2\" content=\"Tiempo de lectura\" \/>\n\t<meta name=\"twitter:data2\" content=\"11 minutos\" \/>\n<script type=\"application\/ld+json\" class=\"yoast-schema-graph\">{\"@context\":\"https:\\\/\\\/schema.org\",\"@graph\":[{\"@type\":\"Article\",\"@id\":\"https:\\\/\\\/vincentians.com\\\/es\\\/carta-de-adviento-2014-a-la-familia-vicenciana-del-p-general\\\/#article\",\"isPartOf\":{\"@id\":\"https:\\\/\\\/vincentians.com\\\/es\\\/carta-de-adviento-2014-a-la-familia-vicenciana-del-p-general\\\/\"},\"author\":{\"name\":\"Francisco Javier Fern\u00e1ndez Chento\",\"@id\":\"https:\\\/\\\/vincentians.com\\\/es\\\/#\\\/schema\\\/person\\\/9623ef4d9aa3b2dfb8c061f1499288f2\"},\"headline\":\"Carta de Adviento 2014 a la Familia Vicenciana, del P. General\",\"datePublished\":\"2014-12-09T12:12:43+00:00\",\"mainEntityOfPage\":{\"@id\":\"https:\\\/\\\/vincentians.com\\\/es\\\/carta-de-adviento-2014-a-la-familia-vicenciana-del-p-general\\\/\"},\"wordCount\":2144,\"commentCount\":0,\"publisher\":{\"@id\":\"https:\\\/\\\/vincentians.com\\\/es\\\/#organization\"},\"image\":{\"@id\":\"https:\\\/\\\/vincentians.com\\\/es\\\/carta-de-adviento-2014-a-la-familia-vicenciana-del-p-general\\\/#primaryimage\"},\"thumbnailUrl\":\"\",\"keywords\":[\"Pobreza\"],\"articleSection\":[\"Espiritualidad vicenciana\"],\"inLanguage\":\"es\",\"potentialAction\":[{\"@type\":\"CommentAction\",\"name\":\"Comment\",\"target\":[\"https:\\\/\\\/vincentians.com\\\/es\\\/carta-de-adviento-2014-a-la-familia-vicenciana-del-p-general\\\/#respond\"]}]},{\"@type\":\"WebPage\",\"@id\":\"https:\\\/\\\/vincentians.com\\\/es\\\/carta-de-adviento-2014-a-la-familia-vicenciana-del-p-general\\\/\",\"url\":\"https:\\\/\\\/vincentians.com\\\/es\\\/carta-de-adviento-2014-a-la-familia-vicenciana-del-p-general\\\/\",\"name\":\"Carta de Adviento 2014 a la Familia Vicenciana, del P. General - Somos Vicencianos\",\"isPartOf\":{\"@id\":\"https:\\\/\\\/vincentians.com\\\/es\\\/#website\"},\"primaryImageOfPage\":{\"@id\":\"https:\\\/\\\/vincentians.com\\\/es\\\/carta-de-adviento-2014-a-la-familia-vicenciana-del-p-general\\\/#primaryimage\"},\"image\":{\"@id\":\"https:\\\/\\\/vincentians.com\\\/es\\\/carta-de-adviento-2014-a-la-familia-vicenciana-del-p-general\\\/#primaryimage\"},\"thumbnailUrl\":\"\",\"datePublished\":\"2014-12-09T12:12:43+00:00\",\"breadcrumb\":{\"@id\":\"https:\\\/\\\/vincentians.com\\\/es\\\/carta-de-adviento-2014-a-la-familia-vicenciana-del-p-general\\\/#breadcrumb\"},\"inLanguage\":\"es\",\"potentialAction\":[{\"@type\":\"ReadAction\",\"target\":[\"https:\\\/\\\/vincentians.com\\\/es\\\/carta-de-adviento-2014-a-la-familia-vicenciana-del-p-general\\\/\"]}]},{\"@type\":\"ImageObject\",\"inLanguage\":\"es\",\"@id\":\"https:\\\/\\\/vincentians.com\\\/es\\\/carta-de-adviento-2014-a-la-familia-vicenciana-del-p-general\\\/#primaryimage\",\"url\":\"\",\"contentUrl\":\"\"},{\"@type\":\"BreadcrumbList\",\"@id\":\"https:\\\/\\\/vincentians.com\\\/es\\\/carta-de-adviento-2014-a-la-familia-vicenciana-del-p-general\\\/#breadcrumb\",\"itemListElement\":[{\"@type\":\"ListItem\",\"position\":1,\"name\":\"Portada\",\"item\":\"https:\\\/\\\/vincentians.com\\\/es\\\/\"},{\"@type\":\"ListItem\",\"position\":2,\"name\":\"Carta de Adviento 2014 a la Familia Vicenciana, del P. General\"}]},{\"@type\":\"WebSite\",\"@id\":\"https:\\\/\\\/vincentians.com\\\/es\\\/#website\",\"url\":\"https:\\\/\\\/vincentians.com\\\/es\\\/\",\"name\":\"Somos Vicencianos\",\"description\":\"Know more to serve more\",\"publisher\":{\"@id\":\"https:\\\/\\\/vincentians.com\\\/es\\\/#organization\"},\"potentialAction\":[{\"@type\":\"SearchAction\",\"target\":{\"@type\":\"EntryPoint\",\"urlTemplate\":\"https:\\\/\\\/vincentians.com\\\/es\\\/?s={search_term_string}\"},\"query-input\":{\"@type\":\"PropertyValueSpecification\",\"valueRequired\":true,\"valueName\":\"search_term_string\"}}],\"inLanguage\":\"es\"},{\"@type\":\"Organization\",\"@id\":\"https:\\\/\\\/vincentians.com\\\/es\\\/#organization\",\"name\":\"The Vincentian Network\",\"url\":\"https:\\\/\\\/vincentians.com\\\/es\\\/\",\"logo\":{\"@type\":\"ImageObject\",\"inLanguage\":\"es\",\"@id\":\"https:\\\/\\\/vincentians.com\\\/es\\\/#\\\/schema\\\/logo\\\/image\\\/\",\"url\":\"https:\\\/\\\/i1.wp.com\\\/vincentians.com\\\/es\\\/wp-content\\\/uploads\\\/sites\\\/11\\\/2016\\\/06\\\/Vincentian-Network-logo-big.png?fit=778%2C778\",\"contentUrl\":\"https:\\\/\\\/i1.wp.com\\\/vincentians.com\\\/es\\\/wp-content\\\/uploads\\\/sites\\\/11\\\/2016\\\/06\\\/Vincentian-Network-logo-big.png?fit=778%2C778\",\"width\":778,\"height\":778,\"caption\":\"The Vincentian Network\"},\"image\":{\"@id\":\"https:\\\/\\\/vincentians.com\\\/es\\\/#\\\/schema\\\/logo\\\/image\\\/\"},\"sameAs\":[\"https:\\\/\\\/www.facebook.com\\\/WeAreVincentians\\\/\",\"https:\\\/\\\/x.com\\\/WeVincentians\"]},{\"@type\":\"Person\",\"@id\":\"https:\\\/\\\/vincentians.com\\\/es\\\/#\\\/schema\\\/person\\\/9623ef4d9aa3b2dfb8c061f1499288f2\",\"name\":\"Francisco Javier Fern\u00e1ndez Chento\",\"image\":{\"@type\":\"ImageObject\",\"inLanguage\":\"es\",\"@id\":\"https:\\\/\\\/secure.gravatar.com\\\/avatar\\\/497d5cde87b4c3d097d0315953521681ba2cd523ee66e5077c3711f7021e65de?s=96&d=mm&r=g\",\"url\":\"https:\\\/\\\/secure.gravatar.com\\\/avatar\\\/497d5cde87b4c3d097d0315953521681ba2cd523ee66e5077c3711f7021e65de?s=96&d=mm&r=g\",\"contentUrl\":\"https:\\\/\\\/secure.gravatar.com\\\/avatar\\\/497d5cde87b4c3d097d0315953521681ba2cd523ee66e5077c3711f7021e65de?s=96&d=mm&r=g\",\"caption\":\"Francisco Javier Fern\u00e1ndez Chento\"},\"description\":\"Director General y cofundador de La Red de Formaci\u00f3n Vicenciana. Javier es laico vicenciano, afiliado a la Congregaci\u00f3n de la Misi\u00f3n y miembro del Equipo de Misiones Populares de la provincia can\u00f3nica de Zaragoza (Espa\u00f1a) de la Congregaci\u00f3n de la Misi\u00f3n. Graduado en la Universidad Oberta de Catalunya con cuatro grados (Asistente de direcci\u00f3n, Gesti\u00f3n Administrativa, Recursos Humanos y Contabilidad Avanzada). Bil\u00edng\u00fce Espa\u00f1ol\\\/Ingl\u00e9s. gestiona y mantiene varias p\u00e1ginas web cristianas y vicencianas, incluida including La Red de Formaci\u00f3n Vicenciana, de la que es cofundador. Actualmente es responsable del \u00e1rea de Espa\u00f1ol de .famvin, la Red de Noticias de la Familia Vicenciana. Tambi\u00e9n es m\u00fasico cat\u00f3lico y ha editado varios discos. Es Director General y cofundador de Trovador, una reconocida compa\u00f1\u00eda discogr\u00e1fica critiana de Espa\u00f1a. Trabaja en las Tecnolog\u00edas de la Informaci\u00f3n, ofreciendo servicios de alojamiento, dise\u00f1o y mantenimiento Web, as\u00ed como asesoramiento, formaci\u00f3n y soluciones inform\u00e1ticas, gesti\u00f3n documental y digitalizaci\u00f3n de textos, edici\u00f3n y maquetaci\u00f3n de libros, revistas, flyers, etc.\",\"sameAs\":[\"http:\\\/\\\/chento.org\",\"https:\\\/\\\/www.facebook.com\\\/JavierChento\",\"https:\\\/\\\/x.com\\\/https:\\\/\\\/twitter.com\\\/javierchento\"],\"url\":\"https:\\\/\\\/vincentians.com\\\/es\\\/author\\\/chento\\\/\"}]}<\/script>\n<!-- \/ Yoast SEO plugin. -->","yoast_head_json":{"title":"Carta de Adviento 2014 a la Familia Vicenciana, del P. General - Somos Vicencianos","robots":{"index":"index","follow":"follow","max-snippet":"max-snippet:-1","max-image-preview":"max-image-preview:large","max-video-preview":"max-video-preview:-1"},"canonical":"https:\/\/vincentians.com\/es\/carta-de-adviento-2014-a-la-familia-vicenciana-del-p-general\/","og_locale":"es_ES","og_type":"article","og_title":"Carta de Adviento 2014 a la Familia Vicenciana, del P. General - Somos Vicencianos","og_description":"Adviento 2014, un tiempo de oraci\u00f3n, de paz y un lugar para los pobres Roma, 30 de Noviembre de 2014 Primer domingo de Adviento Queridos hermanos y queridas hermanas en Jes\u00fas y san Vicente, \u00a1Que ... Read More","og_url":"https:\/\/vincentians.com\/es\/carta-de-adviento-2014-a-la-familia-vicenciana-del-p-general\/","og_site_name":"Somos Vicencianos","article_publisher":"https:\/\/www.facebook.com\/WeAreVincentians\/","article_author":"https:\/\/www.facebook.com\/JavierChento","article_published_time":"2014-12-09T12:12:43+00:00","author":"Francisco Javier Fern\u00e1ndez Chento","twitter_card":"summary_large_image","twitter_creator":"@https:\/\/twitter.com\/javierchento","twitter_site":"@WeVincentians","twitter_misc":{"Escrito por":"Francisco Javier Fern\u00e1ndez Chento","Tiempo de lectura":"11 minutos"},"schema":{"@context":"https:\/\/schema.org","@graph":[{"@type":"Article","@id":"https:\/\/vincentians.com\/es\/carta-de-adviento-2014-a-la-familia-vicenciana-del-p-general\/#article","isPartOf":{"@id":"https:\/\/vincentians.com\/es\/carta-de-adviento-2014-a-la-familia-vicenciana-del-p-general\/"},"author":{"name":"Francisco Javier Fern\u00e1ndez Chento","@id":"https:\/\/vincentians.com\/es\/#\/schema\/person\/9623ef4d9aa3b2dfb8c061f1499288f2"},"headline":"Carta de Adviento 2014 a la Familia Vicenciana, del P. General","datePublished":"2014-12-09T12:12:43+00:00","mainEntityOfPage":{"@id":"https:\/\/vincentians.com\/es\/carta-de-adviento-2014-a-la-familia-vicenciana-del-p-general\/"},"wordCount":2144,"commentCount":0,"publisher":{"@id":"https:\/\/vincentians.com\/es\/#organization"},"image":{"@id":"https:\/\/vincentians.com\/es\/carta-de-adviento-2014-a-la-familia-vicenciana-del-p-general\/#primaryimage"},"thumbnailUrl":"","keywords":["Pobreza"],"articleSection":["Espiritualidad vicenciana"],"inLanguage":"es","potentialAction":[{"@type":"CommentAction","name":"Comment","target":["https:\/\/vincentians.com\/es\/carta-de-adviento-2014-a-la-familia-vicenciana-del-p-general\/#respond"]}]},{"@type":"WebPage","@id":"https:\/\/vincentians.com\/es\/carta-de-adviento-2014-a-la-familia-vicenciana-del-p-general\/","url":"https:\/\/vincentians.com\/es\/carta-de-adviento-2014-a-la-familia-vicenciana-del-p-general\/","name":"Carta de Adviento 2014 a la Familia Vicenciana, del P. General - Somos Vicencianos","isPartOf":{"@id":"https:\/\/vincentians.com\/es\/#website"},"primaryImageOfPage":{"@id":"https:\/\/vincentians.com\/es\/carta-de-adviento-2014-a-la-familia-vicenciana-del-p-general\/#primaryimage"},"image":{"@id":"https:\/\/vincentians.com\/es\/carta-de-adviento-2014-a-la-familia-vicenciana-del-p-general\/#primaryimage"},"thumbnailUrl":"","datePublished":"2014-12-09T12:12:43+00:00","breadcrumb":{"@id":"https:\/\/vincentians.com\/es\/carta-de-adviento-2014-a-la-familia-vicenciana-del-p-general\/#breadcrumb"},"inLanguage":"es","potentialAction":[{"@type":"ReadAction","target":["https:\/\/vincentians.com\/es\/carta-de-adviento-2014-a-la-familia-vicenciana-del-p-general\/"]}]},{"@type":"ImageObject","inLanguage":"es","@id":"https:\/\/vincentians.com\/es\/carta-de-adviento-2014-a-la-familia-vicenciana-del-p-general\/#primaryimage","url":"","contentUrl":""},{"@type":"BreadcrumbList","@id":"https:\/\/vincentians.com\/es\/carta-de-adviento-2014-a-la-familia-vicenciana-del-p-general\/#breadcrumb","itemListElement":[{"@type":"ListItem","position":1,"name":"Portada","item":"https:\/\/vincentians.com\/es\/"},{"@type":"ListItem","position":2,"name":"Carta de Adviento 2014 a la Familia Vicenciana, del P. General"}]},{"@type":"WebSite","@id":"https:\/\/vincentians.com\/es\/#website","url":"https:\/\/vincentians.com\/es\/","name":"Somos Vicencianos","description":"Know more to serve more","publisher":{"@id":"https:\/\/vincentians.com\/es\/#organization"},"potentialAction":[{"@type":"SearchAction","target":{"@type":"EntryPoint","urlTemplate":"https:\/\/vincentians.com\/es\/?s={search_term_string}"},"query-input":{"@type":"PropertyValueSpecification","valueRequired":true,"valueName":"search_term_string"}}],"inLanguage":"es"},{"@type":"Organization","@id":"https:\/\/vincentians.com\/es\/#organization","name":"The Vincentian Network","url":"https:\/\/vincentians.com\/es\/","logo":{"@type":"ImageObject","inLanguage":"es","@id":"https:\/\/vincentians.com\/es\/#\/schema\/logo\/image\/","url":"https:\/\/i1.wp.com\/vincentians.com\/es\/wp-content\/uploads\/sites\/11\/2016\/06\/Vincentian-Network-logo-big.png?fit=778%2C778","contentUrl":"https:\/\/i1.wp.com\/vincentians.com\/es\/wp-content\/uploads\/sites\/11\/2016\/06\/Vincentian-Network-logo-big.png?fit=778%2C778","width":778,"height":778,"caption":"The Vincentian Network"},"image":{"@id":"https:\/\/vincentians.com\/es\/#\/schema\/logo\/image\/"},"sameAs":["https:\/\/www.facebook.com\/WeAreVincentians\/","https:\/\/x.com\/WeVincentians"]},{"@type":"Person","@id":"https:\/\/vincentians.com\/es\/#\/schema\/person\/9623ef4d9aa3b2dfb8c061f1499288f2","name":"Francisco Javier Fern\u00e1ndez Chento","image":{"@type":"ImageObject","inLanguage":"es","@id":"https:\/\/secure.gravatar.com\/avatar\/497d5cde87b4c3d097d0315953521681ba2cd523ee66e5077c3711f7021e65de?s=96&d=mm&r=g","url":"https:\/\/secure.gravatar.com\/avatar\/497d5cde87b4c3d097d0315953521681ba2cd523ee66e5077c3711f7021e65de?s=96&d=mm&r=g","contentUrl":"https:\/\/secure.gravatar.com\/avatar\/497d5cde87b4c3d097d0315953521681ba2cd523ee66e5077c3711f7021e65de?s=96&d=mm&r=g","caption":"Francisco Javier Fern\u00e1ndez Chento"},"description":"Director General y cofundador de La Red de Formaci\u00f3n Vicenciana. Javier es laico vicenciano, afiliado a la Congregaci\u00f3n de la Misi\u00f3n y miembro del Equipo de Misiones Populares de la provincia can\u00f3nica de Zaragoza (Espa\u00f1a) de la Congregaci\u00f3n de la Misi\u00f3n. Graduado en la Universidad Oberta de Catalunya con cuatro grados (Asistente de direcci\u00f3n, Gesti\u00f3n Administrativa, Recursos Humanos y Contabilidad Avanzada). Bil\u00edng\u00fce Espa\u00f1ol\/Ingl\u00e9s. gestiona y mantiene varias p\u00e1ginas web cristianas y vicencianas, incluida including La Red de Formaci\u00f3n Vicenciana, de la que es cofundador. Actualmente es responsable del \u00e1rea de Espa\u00f1ol de .famvin, la Red de Noticias de la Familia Vicenciana. Tambi\u00e9n es m\u00fasico cat\u00f3lico y ha editado varios discos. Es Director General y cofundador de Trovador, una reconocida compa\u00f1\u00eda discogr\u00e1fica critiana de Espa\u00f1a. Trabaja en las Tecnolog\u00edas de la Informaci\u00f3n, ofreciendo servicios de alojamiento, dise\u00f1o y mantenimiento Web, as\u00ed como asesoramiento, formaci\u00f3n y soluciones inform\u00e1ticas, gesti\u00f3n documental y digitalizaci\u00f3n de textos, edici\u00f3n y maquetaci\u00f3n de libros, revistas, flyers, etc.","sameAs":["http:\/\/chento.org","https:\/\/www.facebook.com\/JavierChento","https:\/\/x.com\/https:\/\/twitter.com\/javierchento"],"url":"https:\/\/vincentians.com\/es\/author\/chento\/"}]}},"jetpack_publicize_connections":[],"jetpack_featured_media_url":"","jetpack_sharing_enabled":true,"jetpack_shortlink":"https:\/\/wp.me\/p7ETMF-yqE","jetpack-related-posts":[{"id":133461,"url":"https:\/\/vincentians.com\/es\/la-navidad-y-sus-tradiciones-el-arbol-de-navidad\/","url_meta":{"origin":132348,"position":0},"title":"La Navidad y sus tradiciones: El \u00e1rbol de Navidad","author":"Francisco Javier Fern\u00e1ndez Chento","date":"23\/12\/2014","format":false,"excerpt":"Un poco de historia Las tradiciones y costumbres son una manera de hacer presente lo que ocurri\u00f3, o lo que se acostumbraba hacer, en tiempos pasados. Son los hechos u obras que se transmiten de una generaci\u00f3n a otra de forma oral o escrita. La palabra tradici\u00f3n viene del lat\u00edn\u2026","rel":"","context":"En \u00abFormaci\u00f3n Cristiana\u00bb","block_context":{"text":"Formaci\u00f3n Cristiana","link":"https:\/\/vincentians.com\/es\/category\/formacion-cristiana\/"},"img":{"alt_text":"arbol navidad","src":"https:\/\/i0.wp.com\/vicencianos.org\/wp-content\/2014\/12\/arbol-navidad-300x217.jpg?resize=350%2C200","width":350,"height":200},"classes":[]},{"id":133709,"url":"https:\/\/vincentians.com\/es\/la-navidad-y-sus-tradiciones-los-villancicos\/","url_meta":{"origin":132348,"position":1},"title":"La Navidad y sus tradiciones: Los villancicos","author":"Francisco Javier Fern\u00e1ndez Chento","date":"20\/12\/2014","format":false,"excerpt":"Se dice que el compositor de los primeros villancicos fue el Marqu\u00e9s de Santillana, que compuso una serie de canciones para celebrar con sus tres hijos el misterio de la Navidad. Sin embargo, los primeros villancicos que se conocen fueron compuestos por los evangelizadores en el siglo V, con la\u2026","rel":"","context":"En \u00abFormaci\u00f3n Cristiana\u00bb","block_context":{"text":"Formaci\u00f3n Cristiana","link":"https:\/\/vincentians.com\/es\/category\/formacion-cristiana\/"},"img":{"alt_text":"navidad_villancicos","src":"https:\/\/i0.wp.com\/vicencianos.org\/wp-content\/2014\/12\/navidad_villancicos-300x225.jpg?resize=350%2C200","width":350,"height":200},"classes":[]},{"id":18096,"url":"https:\/\/vincentians.com\/es\/centenario-de-la-llegada-de-las-hijas-de-la-caridad-a-lugo\/","url_meta":{"origin":132348,"position":2},"title":"Centenario de la llegada de las Hijas de la Caridad a Lugo","author":"Francisco Javier Fern\u00e1ndez Chento","date":"08\/07\/2013","format":false,"excerpt":"Entre las muchas efem\u00e9rides que hemos recordado en el A\u00f1o Jubilar 2000, el d\u00eda 2 de diciembre, la ciudad lucense ha dedicado un espacio para celebrar los cien a\u00f1os de la llegada de las hermanas al colegio de La Milagrosa, de Lugo. Muchos a\u00f1os de permanencia, donde d\u00eda a d\u00eda\u2026","rel":"","context":"En \u00abHijas de la Caridad\u00bb","block_context":{"text":"Hijas de la Caridad","link":"https:\/\/vincentians.com\/es\/category\/la-familia-vicenciana\/ramas\/hijas-de-la-caridad\/"},"img":{"alt_text":"","src":"https:\/\/i0.wp.com\/vicencianos.org\/vicencianos\/files\/2010\/04\/Lugo-300x210.jpg?resize=350%2C200","width":350,"height":200},"classes":[]},{"id":141786,"url":"https:\/\/vincentians.com\/es\/unidos-en-la-oracion\/","url_meta":{"origin":132348,"position":3},"title":"Unidos en la oraci\u00f3n","author":"Francisco Javier Fern\u00e1ndez Chento","date":"18\/03\/2015","format":false,"excerpt":"\u00abSi aqu\u00ed en la tierra dos de vosotros se ponen de acuerdo, cualquier asunto por el \u00ad que pidan les resultar\u00e1, por obra de mi Padre del cielo, pues donde est\u00e1n dos o tres reunidos apelando a m\u00ed, all\u00ed en medio de ellos estoy yo\u00bb. (Mt 18, 19-20). \u00abLa comunidad\u2026","rel":"","context":"En \u00abEspiritualidad vicenciana\u00bb","block_context":{"text":"Espiritualidad vicenciana","link":"https:\/\/vincentians.com\/es\/category\/espiritualidad\/espiritualidad-vicenciana\/"},"img":{"alt_text":"asd","src":"https:\/\/i0.wp.com\/vicencianos.org\/wp-content\/2015\/03\/asd7-269x300.jpg?resize=350%2C200","width":350,"height":200},"classes":[]},{"id":140961,"url":"https:\/\/vincentians.com\/es\/en-comunidad-como-jesus-con-sus-discipulos\/","url_meta":{"origin":132348,"position":4},"title":"En comunidad como Jes\u00fas con sus disc\u00edpulos","author":"Francisco Javier Fern\u00e1ndez Chento","date":"27\/02\/2015","format":false,"excerpt":"\u00abPor aquel entonces se fue \u00ada la monta\u00f1a a orar y se pas\u00f3 \u00adla noche orando a Dios. Cuando se hizo de d\u00eda llam\u00f3 a sus disc\u00edpulos, escogi\u00f3 a doce de ellos y los nombr\u00f3 ap\u00f3stoles\u00bb. (Lc 6,12-13). \u00abSeguimos a Cristo que convoca a los ap\u00f3stoles y disc\u00edpulos y que\u2026","rel":"","context":"En \u00abEspiritualidad vicenciana\u00bb","block_context":{"text":"Espiritualidad vicenciana","link":"https:\/\/vincentians.com\/es\/category\/espiritualidad\/espiritualidad-vicenciana\/"},"img":{"alt_text":"asd","src":"https:\/\/i0.wp.com\/vicencianos.org\/wp-content\/2015\/02\/asd3-300x195.jpg?resize=350%2C200","width":350,"height":200},"classes":[]},{"id":126941,"url":"https:\/\/vincentians.com\/es\/luisa-de-marillac-carta-0722-a-mi-querida-sor-juana-delacroix\/","url_meta":{"origin":132348,"position":5},"title":"Luisa de Marillac, Carta 0722: A mi querida Sor Juana Delacroix","author":"Francisco Javier Fern\u00e1ndez Chento","date":"25\/12\/2013","format":false,"excerpt":"Hija de la Caridad Sierva de los Pobres Enfermos. Ch\u00e2teaudun Hoy. 2 de febrero de 1660 Mi muy querida hermana: No dudo de que tenga usted muchos asuntos ni tampoco de que pone gran cuidado en ayudar a nuestras Hermanas a que trabajen en su perfecci\u00f3n; pero le suplico que\u2026","rel":"","context":"En \u00abEscritos de Luisa de Marillac\u00bb","block_context":{"text":"Escritos de Luisa de Marillac","link":"https:\/\/vincentians.com\/es\/category\/escritos\/escritos-de-luisa-de-marillac\/"},"img":{"alt_text":"","src":"https:\/\/i0.wp.com\/vincentians.com\/es\/wp-content\/uploads\/sites\/11\/2016\/07\/escritos-luisa-de-marillac.jpg?fit=1200%2C630&ssl=1&resize=350%2C200","width":350,"height":200,"srcset":"https:\/\/i0.wp.com\/vincentians.com\/es\/wp-content\/uploads\/sites\/11\/2016\/07\/escritos-luisa-de-marillac.jpg?fit=1200%2C630&ssl=1&resize=350%2C200 1x, https:\/\/i0.wp.com\/vincentians.com\/es\/wp-content\/uploads\/sites\/11\/2016\/07\/escritos-luisa-de-marillac.jpg?fit=1200%2C630&ssl=1&resize=525%2C300 1.5x, https:\/\/i0.wp.com\/vincentians.com\/es\/wp-content\/uploads\/sites\/11\/2016\/07\/escritos-luisa-de-marillac.jpg?fit=1200%2C630&ssl=1&resize=700%2C400 2x, https:\/\/i0.wp.com\/vincentians.com\/es\/wp-content\/uploads\/sites\/11\/2016\/07\/escritos-luisa-de-marillac.jpg?fit=1200%2C630&ssl=1&resize=1050%2C600 3x"},"classes":[]}],"_links":{"self":[{"href":"https:\/\/vincentians.com\/es\/wp-json\/wp\/v2\/posts\/132348","targetHints":{"allow":["GET"]}}],"collection":[{"href":"https:\/\/vincentians.com\/es\/wp-json\/wp\/v2\/posts"}],"about":[{"href":"https:\/\/vincentians.com\/es\/wp-json\/wp\/v2\/types\/post"}],"author":[{"embeddable":true,"href":"https:\/\/vincentians.com\/es\/wp-json\/wp\/v2\/users\/4"}],"replies":[{"embeddable":true,"href":"https:\/\/vincentians.com\/es\/wp-json\/wp\/v2\/comments?post=132348"}],"version-history":[{"count":0,"href":"https:\/\/vincentians.com\/es\/wp-json\/wp\/v2\/posts\/132348\/revisions"}],"wp:attachment":[{"href":"https:\/\/vincentians.com\/es\/wp-json\/wp\/v2\/media?parent=132348"}],"wp:term":[{"taxonomy":"category","embeddable":true,"href":"https:\/\/vincentians.com\/es\/wp-json\/wp\/v2\/categories?post=132348"},{"taxonomy":"post_tag","embeddable":true,"href":"https:\/\/vincentians.com\/es\/wp-json\/wp\/v2\/tags?post=132348"}],"curies":[{"name":"wp","href":"https:\/\/api.w.org\/{rel}","templated":true}]}}