{"id":132331,"date":"2014-12-08T11:54:40","date_gmt":"2014-12-08T10:54:40","guid":{"rendered":"http:\/\/somos.vicencianos.org\/?p=132331"},"modified":"2014-12-08T11:54:40","modified_gmt":"2014-12-08T10:54:40","slug":"mensaje-de-navidad-del-presidente-de-la-ssvp-dr-michael-thio","status":"publish","type":"post","link":"https:\/\/vincentians.com\/es\/mensaje-de-navidad-del-presidente-de-la-ssvp-dr-michael-thio\/","title":{"rendered":"Mensaje de Navidad del Presidente de la SSVP, Dr. Michael Thio"},"content":{"rendered":"<p><a href=\"https:\/\/i0.wp.com\/vicencianos.org\/wp-content\/2014\/12\/MichaelThio.jpg\"><img data-recalc-dims=\"1\" loading=\"lazy\" decoding=\"async\" class=\"alignright size-medium wp-image-132332\" src=\"https:\/\/i0.wp.com\/vicencianos.org\/wp-content\/2014\/12\/MichaelThio-300x183.jpg?resize=300%2C183\" alt=\"MichaelThio\" width=\"300\" height=\"183\" \/><\/a>Mis queridos consocios vicentinos,<\/p>\n<p>Que la Paz y las Bendiciones del Ni\u00f1o Jes\u00fas est\u00e9n con vosotros.<\/p>\n<p>La Navidad es siempre una \u00e9poca especial para las personas de todo el mundo, y mucho m\u00e1s para los cristianos y especialmente para nosotros vicentinos. Nosotros llevamos muy dentro del coraz\u00f3n la celebraci\u00f3n del nacimiento del Ni\u00f1o Jes\u00fas que para nosotros, cristianos, tiene un significado especial. El nacimiento del Ni\u00f1o Jes\u00fas trae Esperanza y J\u00fabilo en la misi\u00f3n salv\u00edfica de Dios. Jes\u00fas viniendo al mundo nos da la oportunidad de una renovaci\u00f3n de vida, el poder tener, experimentar y compartir el Amor de Cristo con nuestras personas queridas y especialmente con los pobres y los necesitados a los que tan fielmente servimos como vicentinos.<\/p>\n<p>Durante esta \u00e9poca de J\u00fabilo y Alegr\u00eda demos gracias a Dios por las muchas bendiciones que nos ha dado, a nosotros y a nuestra familia. Sin embargo, en este tiempo de buena alegr\u00eda, sirvamos a los que est\u00e1n a nuestro cuidado con el amor de Jes\u00fas en nuestros corazones y d\u00e9mosles Esperanza y Alegr\u00eda durante esta \u00e9poca de Navidad.<\/p>\n<p>No olvidemos a los numerosos pobres y necesitados que est\u00e1n desamparados. Los muchos que est\u00e1n abandonados y sufriendo hambre, enfermedad, fr\u00edo y soledad, en especial los ni\u00f1os y las personas mayores. Recemos para que el Divino Ni\u00f1o Jes\u00fas muestre misericordia y compasi\u00f3n hacia ellos y alivie su sufrimiento.<\/p>\n<p>Como Vicentinos debemos seguir dando testimonio de Cristo a trav\u00e9s de nuestra misi\u00f3n y vocaci\u00f3n de servir a Cristo en los pobres y necesitados, y llevar el alivio y el cambio a la vida de aquellos a los que ayudamos. Al comprometernos fielmente con Su llamada, nos esforzaremos por dar un futuro mejor a los que servimos.<\/p>\n<p>Alegr\u00e9monos en la grandeza, amor y compasi\u00f3n del Ni\u00f1o Jes\u00fas al acogerle en nuestros corazones esta Navidad. Con este amor de Jes\u00fas, esperamos con alegr\u00eda y confianza el Nuevo A\u00f1o, esperando que sea un a\u00f1o de realizaci\u00f3n y paz para la mejora de aquellos a los que asistimos y tambi\u00e9n para nuestra familia y para nosotros. \u00a1Alegr\u00e9monos, Jes\u00fas ha llegado!<\/p>\n<p>En nombre del Consejo General Internacional, quiero dar las gracias a todos vosotros por el maravilloso trabajo vicentino que hab\u00e9is hecho a lo largo del a\u00f1o, sirviendo a los pobres y necesitados y, por favor, continuad con esta maravillosa obra de llevarles felicidad, esperanza y amor.<\/p>\n<p>Mi esposa Rosalind se une a m\u00ed para desear a todos los Vicentinos y a sus familias una Navidad llena de J\u00fabilo y Bendiciones y un A\u00f1o Nuevo lleno de Esp\u00edritu y de Paz. Que Dios os bendiga a todos.<\/p>\n<p>Con todo mi aprecio,<\/p>\n<p>Dr. Michael Thio<br \/>\nPresidente General<br \/>\nDiciembre de 2014<\/p>\n","protected":false},"excerpt":{"rendered":"<p>Mis queridos consocios vicentinos, Que la Paz y las Bendiciones del Ni\u00f1o Jes\u00fas est\u00e9n con vosotros. La Navidad es siempre una \u00e9poca especial para las personas de todo el mundo, y mucho m\u00e1s para los &#8230; <a href=\"https:\/\/vincentians.com\/es\/mensaje-de-navidad-del-presidente-de-la-ssvp-dr-michael-thio\/\" class=\"more-link\">Read More<\/a><\/p>\n","protected":false},"author":4,"featured_media":132332,"comment_status":"open","ping_status":"open","sticky":false,"template":"","format":"standard","meta":{"jetpack_post_was_ever_published":false,"_jetpack_newsletter_access":"","_jetpack_dont_email_post_to_subs":false,"_jetpack_newsletter_tier_id":0,"_jetpack_memberships_contains_paywalled_content":false,"_jetpack_memberships_contains_paid_content":false,"footnotes":"","jetpack_publicize_message":"","jetpack_publicize_feature_enabled":true,"jetpack_social_post_already_shared":true,"jetpack_social_options":{"image_generator_settings":{"template":"highway","default_image_id":0,"font":"","enabled":false},"version":2}},"categories":[250],"tags":[],"class_list":["post-132331","post","type-post","status-publish","format-standard","has-post-thumbnail","hentry","category-sociedad-de-san-vicente-de-paul"],"yoast_head":"<!-- This site is optimized with the Yoast SEO plugin v26.3 - https:\/\/yoast.com\/wordpress\/plugins\/seo\/ -->\n<title>Mensaje de Navidad del Presidente de la SSVP, Dr. Michael Thio - Somos Vicencianos<\/title>\n<meta name=\"robots\" content=\"index, follow, max-snippet:-1, max-image-preview:large, max-video-preview:-1\" \/>\n<link rel=\"canonical\" href=\"https:\/\/vincentians.com\/es\/mensaje-de-navidad-del-presidente-de-la-ssvp-dr-michael-thio\/\" \/>\n<meta property=\"og:locale\" content=\"es_ES\" \/>\n<meta property=\"og:type\" content=\"article\" \/>\n<meta property=\"og:title\" content=\"Mensaje de Navidad del Presidente de la SSVP, Dr. Michael Thio - Somos Vicencianos\" \/>\n<meta property=\"og:description\" content=\"Mis queridos consocios vicentinos, Que la Paz y las Bendiciones del Ni\u00f1o Jes\u00fas est\u00e9n con vosotros. La Navidad es siempre una \u00e9poca especial para las personas de todo el mundo, y mucho m\u00e1s para los ... Read More\" \/>\n<meta property=\"og:url\" content=\"https:\/\/vincentians.com\/es\/mensaje-de-navidad-del-presidente-de-la-ssvp-dr-michael-thio\/\" \/>\n<meta property=\"og:site_name\" content=\"Somos Vicencianos\" \/>\n<meta property=\"article:publisher\" content=\"https:\/\/www.facebook.com\/WeAreVincentians\/\" \/>\n<meta property=\"article:author\" content=\"https:\/\/www.facebook.com\/JavierChento\" \/>\n<meta property=\"article:published_time\" content=\"2014-12-08T10:54:40+00:00\" \/>\n<meta name=\"author\" content=\"Francisco Javier Fern\u00e1ndez Chento\" \/>\n<meta name=\"twitter:card\" content=\"summary_large_image\" \/>\n<meta name=\"twitter:creator\" content=\"@https:\/\/twitter.com\/javierchento\" \/>\n<meta name=\"twitter:site\" content=\"@WeVincentians\" \/>\n<meta name=\"twitter:label1\" content=\"Escrito por\" \/>\n\t<meta name=\"twitter:data1\" content=\"Francisco Javier Fern\u00e1ndez Chento\" \/>\n\t<meta name=\"twitter:label2\" content=\"Tiempo de lectura\" \/>\n\t<meta name=\"twitter:data2\" content=\"2 minutos\" \/>\n<script type=\"application\/ld+json\" class=\"yoast-schema-graph\">{\"@context\":\"https:\/\/schema.org\",\"@graph\":[{\"@type\":\"Article\",\"@id\":\"https:\/\/vincentians.com\/es\/mensaje-de-navidad-del-presidente-de-la-ssvp-dr-michael-thio\/#article\",\"isPartOf\":{\"@id\":\"https:\/\/vincentians.com\/es\/mensaje-de-navidad-del-presidente-de-la-ssvp-dr-michael-thio\/\"},\"author\":{\"name\":\"Francisco Javier Fern\u00e1ndez Chento\",\"@id\":\"http:\/\/vincentians.com\/es\/#\/schema\/person\/9623ef4d9aa3b2dfb8c061f1499288f2\"},\"headline\":\"Mensaje de Navidad del Presidente de la SSVP, Dr. Michael Thio\",\"datePublished\":\"2014-12-08T10:54:40+00:00\",\"mainEntityOfPage\":{\"@id\":\"https:\/\/vincentians.com\/es\/mensaje-de-navidad-del-presidente-de-la-ssvp-dr-michael-thio\/\"},\"wordCount\":501,\"commentCount\":0,\"publisher\":{\"@id\":\"http:\/\/vincentians.com\/es\/#organization\"},\"image\":{\"@id\":\"https:\/\/vincentians.com\/es\/mensaje-de-navidad-del-presidente-de-la-ssvp-dr-michael-thio\/#primaryimage\"},\"thumbnailUrl\":\"\",\"articleSection\":[\"Sociedad de San Vicente de Pa\u00fal\"],\"inLanguage\":\"es\",\"potentialAction\":[{\"@type\":\"CommentAction\",\"name\":\"Comment\",\"target\":[\"https:\/\/vincentians.com\/es\/mensaje-de-navidad-del-presidente-de-la-ssvp-dr-michael-thio\/#respond\"]}]},{\"@type\":\"WebPage\",\"@id\":\"https:\/\/vincentians.com\/es\/mensaje-de-navidad-del-presidente-de-la-ssvp-dr-michael-thio\/\",\"url\":\"https:\/\/vincentians.com\/es\/mensaje-de-navidad-del-presidente-de-la-ssvp-dr-michael-thio\/\",\"name\":\"Mensaje de Navidad del Presidente de la SSVP, Dr. Michael Thio - Somos Vicencianos\",\"isPartOf\":{\"@id\":\"http:\/\/vincentians.com\/es\/#website\"},\"primaryImageOfPage\":{\"@id\":\"https:\/\/vincentians.com\/es\/mensaje-de-navidad-del-presidente-de-la-ssvp-dr-michael-thio\/#primaryimage\"},\"image\":{\"@id\":\"https:\/\/vincentians.com\/es\/mensaje-de-navidad-del-presidente-de-la-ssvp-dr-michael-thio\/#primaryimage\"},\"thumbnailUrl\":\"\",\"datePublished\":\"2014-12-08T10:54:40+00:00\",\"breadcrumb\":{\"@id\":\"https:\/\/vincentians.com\/es\/mensaje-de-navidad-del-presidente-de-la-ssvp-dr-michael-thio\/#breadcrumb\"},\"inLanguage\":\"es\",\"potentialAction\":[{\"@type\":\"ReadAction\",\"target\":[\"https:\/\/vincentians.com\/es\/mensaje-de-navidad-del-presidente-de-la-ssvp-dr-michael-thio\/\"]}]},{\"@type\":\"ImageObject\",\"inLanguage\":\"es\",\"@id\":\"https:\/\/vincentians.com\/es\/mensaje-de-navidad-del-presidente-de-la-ssvp-dr-michael-thio\/#primaryimage\",\"url\":\"\",\"contentUrl\":\"\"},{\"@type\":\"BreadcrumbList\",\"@id\":\"https:\/\/vincentians.com\/es\/mensaje-de-navidad-del-presidente-de-la-ssvp-dr-michael-thio\/#breadcrumb\",\"itemListElement\":[{\"@type\":\"ListItem\",\"position\":1,\"name\":\"Portada\",\"item\":\"http:\/\/vincentians.com\/es\/\"},{\"@type\":\"ListItem\",\"position\":2,\"name\":\"Mensaje de Navidad del Presidente de la SSVP, Dr. Michael Thio\"}]},{\"@type\":\"WebSite\",\"@id\":\"http:\/\/vincentians.com\/es\/#website\",\"url\":\"http:\/\/vincentians.com\/es\/\",\"name\":\"Somos Vicencianos\",\"description\":\"Know more to serve more\",\"publisher\":{\"@id\":\"http:\/\/vincentians.com\/es\/#organization\"},\"potentialAction\":[{\"@type\":\"SearchAction\",\"target\":{\"@type\":\"EntryPoint\",\"urlTemplate\":\"http:\/\/vincentians.com\/es\/?s={search_term_string}\"},\"query-input\":{\"@type\":\"PropertyValueSpecification\",\"valueRequired\":true,\"valueName\":\"search_term_string\"}}],\"inLanguage\":\"es\"},{\"@type\":\"Organization\",\"@id\":\"http:\/\/vincentians.com\/es\/#organization\",\"name\":\"The Vincentian Network\",\"url\":\"http:\/\/vincentians.com\/es\/\",\"logo\":{\"@type\":\"ImageObject\",\"inLanguage\":\"es\",\"@id\":\"http:\/\/vincentians.com\/es\/#\/schema\/logo\/image\/\",\"url\":\"https:\/\/i1.wp.com\/vincentians.com\/es\/wp-content\/uploads\/sites\/11\/2016\/06\/Vincentian-Network-logo-big.png?fit=778%2C778\",\"contentUrl\":\"https:\/\/i1.wp.com\/vincentians.com\/es\/wp-content\/uploads\/sites\/11\/2016\/06\/Vincentian-Network-logo-big.png?fit=778%2C778\",\"width\":778,\"height\":778,\"caption\":\"The Vincentian Network\"},\"image\":{\"@id\":\"http:\/\/vincentians.com\/es\/#\/schema\/logo\/image\/\"},\"sameAs\":[\"https:\/\/www.facebook.com\/WeAreVincentians\/\",\"https:\/\/x.com\/WeVincentians\"]},{\"@type\":\"Person\",\"@id\":\"http:\/\/vincentians.com\/es\/#\/schema\/person\/9623ef4d9aa3b2dfb8c061f1499288f2\",\"name\":\"Francisco Javier Fern\u00e1ndez Chento\",\"image\":{\"@type\":\"ImageObject\",\"inLanguage\":\"es\",\"@id\":\"http:\/\/vincentians.com\/es\/#\/schema\/person\/image\/\",\"url\":\"https:\/\/secure.gravatar.com\/avatar\/497d5cde87b4c3d097d0315953521681ba2cd523ee66e5077c3711f7021e65de?s=96&d=mm&r=g\",\"contentUrl\":\"https:\/\/secure.gravatar.com\/avatar\/497d5cde87b4c3d097d0315953521681ba2cd523ee66e5077c3711f7021e65de?s=96&d=mm&r=g\",\"caption\":\"Francisco Javier Fern\u00e1ndez Chento\"},\"description\":\"Director General y cofundador de La Red de Formaci\u00f3n Vicenciana. Javier es laico vicenciano, afiliado a la Congregaci\u00f3n de la Misi\u00f3n y miembro del Equipo de Misiones Populares de la provincia can\u00f3nica de Zaragoza (Espa\u00f1a) de la Congregaci\u00f3n de la Misi\u00f3n. Graduado en la Universidad Oberta de Catalunya con cuatro grados (Asistente de direcci\u00f3n, Gesti\u00f3n Administrativa, Recursos Humanos y Contabilidad Avanzada). Bil\u00edng\u00fce Espa\u00f1ol\/Ingl\u00e9s. gestiona y mantiene varias p\u00e1ginas web cristianas y vicencianas, incluida including La Red de Formaci\u00f3n Vicenciana, de la que es cofundador. Actualmente es responsable del \u00e1rea de Espa\u00f1ol de .famvin, la Red de Noticias de la Familia Vicenciana. Tambi\u00e9n es m\u00fasico cat\u00f3lico y ha editado varios discos. Es Director General y cofundador de Trovador, una reconocida compa\u00f1\u00eda discogr\u00e1fica critiana de Espa\u00f1a. Trabaja en las Tecnolog\u00edas de la Informaci\u00f3n, ofreciendo servicios de alojamiento, dise\u00f1o y mantenimiento Web, as\u00ed como asesoramiento, formaci\u00f3n y soluciones inform\u00e1ticas, gesti\u00f3n documental y digitalizaci\u00f3n de textos, edici\u00f3n y maquetaci\u00f3n de libros, revistas, flyers, etc.\",\"sameAs\":[\"http:\/\/chento.org\",\"https:\/\/www.facebook.com\/JavierChento\",\"https:\/\/x.com\/https:\/\/twitter.com\/javierchento\"],\"url\":\"https:\/\/vincentians.com\/es\/author\/chento\/\"}]}<\/script>\n<!-- \/ Yoast SEO plugin. -->","yoast_head_json":{"title":"Mensaje de Navidad del Presidente de la SSVP, Dr. Michael Thio - Somos Vicencianos","robots":{"index":"index","follow":"follow","max-snippet":"max-snippet:-1","max-image-preview":"max-image-preview:large","max-video-preview":"max-video-preview:-1"},"canonical":"https:\/\/vincentians.com\/es\/mensaje-de-navidad-del-presidente-de-la-ssvp-dr-michael-thio\/","og_locale":"es_ES","og_type":"article","og_title":"Mensaje de Navidad del Presidente de la SSVP, Dr. Michael Thio - Somos Vicencianos","og_description":"Mis queridos consocios vicentinos, Que la Paz y las Bendiciones del Ni\u00f1o Jes\u00fas est\u00e9n con vosotros. La Navidad es siempre una \u00e9poca especial para las personas de todo el mundo, y mucho m\u00e1s para los ... Read More","og_url":"https:\/\/vincentians.com\/es\/mensaje-de-navidad-del-presidente-de-la-ssvp-dr-michael-thio\/","og_site_name":"Somos Vicencianos","article_publisher":"https:\/\/www.facebook.com\/WeAreVincentians\/","article_author":"https:\/\/www.facebook.com\/JavierChento","article_published_time":"2014-12-08T10:54:40+00:00","author":"Francisco Javier Fern\u00e1ndez Chento","twitter_card":"summary_large_image","twitter_creator":"@https:\/\/twitter.com\/javierchento","twitter_site":"@WeVincentians","twitter_misc":{"Escrito por":"Francisco Javier Fern\u00e1ndez Chento","Tiempo de lectura":"2 minutos"},"schema":{"@context":"https:\/\/schema.org","@graph":[{"@type":"Article","@id":"https:\/\/vincentians.com\/es\/mensaje-de-navidad-del-presidente-de-la-ssvp-dr-michael-thio\/#article","isPartOf":{"@id":"https:\/\/vincentians.com\/es\/mensaje-de-navidad-del-presidente-de-la-ssvp-dr-michael-thio\/"},"author":{"name":"Francisco Javier Fern\u00e1ndez Chento","@id":"http:\/\/vincentians.com\/es\/#\/schema\/person\/9623ef4d9aa3b2dfb8c061f1499288f2"},"headline":"Mensaje de Navidad del Presidente de la SSVP, Dr. Michael Thio","datePublished":"2014-12-08T10:54:40+00:00","mainEntityOfPage":{"@id":"https:\/\/vincentians.com\/es\/mensaje-de-navidad-del-presidente-de-la-ssvp-dr-michael-thio\/"},"wordCount":501,"commentCount":0,"publisher":{"@id":"http:\/\/vincentians.com\/es\/#organization"},"image":{"@id":"https:\/\/vincentians.com\/es\/mensaje-de-navidad-del-presidente-de-la-ssvp-dr-michael-thio\/#primaryimage"},"thumbnailUrl":"","articleSection":["Sociedad de San Vicente de Pa\u00fal"],"inLanguage":"es","potentialAction":[{"@type":"CommentAction","name":"Comment","target":["https:\/\/vincentians.com\/es\/mensaje-de-navidad-del-presidente-de-la-ssvp-dr-michael-thio\/#respond"]}]},{"@type":"WebPage","@id":"https:\/\/vincentians.com\/es\/mensaje-de-navidad-del-presidente-de-la-ssvp-dr-michael-thio\/","url":"https:\/\/vincentians.com\/es\/mensaje-de-navidad-del-presidente-de-la-ssvp-dr-michael-thio\/","name":"Mensaje de Navidad del Presidente de la SSVP, Dr. Michael Thio - Somos Vicencianos","isPartOf":{"@id":"http:\/\/vincentians.com\/es\/#website"},"primaryImageOfPage":{"@id":"https:\/\/vincentians.com\/es\/mensaje-de-navidad-del-presidente-de-la-ssvp-dr-michael-thio\/#primaryimage"},"image":{"@id":"https:\/\/vincentians.com\/es\/mensaje-de-navidad-del-presidente-de-la-ssvp-dr-michael-thio\/#primaryimage"},"thumbnailUrl":"","datePublished":"2014-12-08T10:54:40+00:00","breadcrumb":{"@id":"https:\/\/vincentians.com\/es\/mensaje-de-navidad-del-presidente-de-la-ssvp-dr-michael-thio\/#breadcrumb"},"inLanguage":"es","potentialAction":[{"@type":"ReadAction","target":["https:\/\/vincentians.com\/es\/mensaje-de-navidad-del-presidente-de-la-ssvp-dr-michael-thio\/"]}]},{"@type":"ImageObject","inLanguage":"es","@id":"https:\/\/vincentians.com\/es\/mensaje-de-navidad-del-presidente-de-la-ssvp-dr-michael-thio\/#primaryimage","url":"","contentUrl":""},{"@type":"BreadcrumbList","@id":"https:\/\/vincentians.com\/es\/mensaje-de-navidad-del-presidente-de-la-ssvp-dr-michael-thio\/#breadcrumb","itemListElement":[{"@type":"ListItem","position":1,"name":"Portada","item":"http:\/\/vincentians.com\/es\/"},{"@type":"ListItem","position":2,"name":"Mensaje de Navidad del Presidente de la SSVP, Dr. Michael Thio"}]},{"@type":"WebSite","@id":"http:\/\/vincentians.com\/es\/#website","url":"http:\/\/vincentians.com\/es\/","name":"Somos Vicencianos","description":"Know more to serve more","publisher":{"@id":"http:\/\/vincentians.com\/es\/#organization"},"potentialAction":[{"@type":"SearchAction","target":{"@type":"EntryPoint","urlTemplate":"http:\/\/vincentians.com\/es\/?s={search_term_string}"},"query-input":{"@type":"PropertyValueSpecification","valueRequired":true,"valueName":"search_term_string"}}],"inLanguage":"es"},{"@type":"Organization","@id":"http:\/\/vincentians.com\/es\/#organization","name":"The Vincentian Network","url":"http:\/\/vincentians.com\/es\/","logo":{"@type":"ImageObject","inLanguage":"es","@id":"http:\/\/vincentians.com\/es\/#\/schema\/logo\/image\/","url":"https:\/\/i1.wp.com\/vincentians.com\/es\/wp-content\/uploads\/sites\/11\/2016\/06\/Vincentian-Network-logo-big.png?fit=778%2C778","contentUrl":"https:\/\/i1.wp.com\/vincentians.com\/es\/wp-content\/uploads\/sites\/11\/2016\/06\/Vincentian-Network-logo-big.png?fit=778%2C778","width":778,"height":778,"caption":"The Vincentian Network"},"image":{"@id":"http:\/\/vincentians.com\/es\/#\/schema\/logo\/image\/"},"sameAs":["https:\/\/www.facebook.com\/WeAreVincentians\/","https:\/\/x.com\/WeVincentians"]},{"@type":"Person","@id":"http:\/\/vincentians.com\/es\/#\/schema\/person\/9623ef4d9aa3b2dfb8c061f1499288f2","name":"Francisco Javier Fern\u00e1ndez Chento","image":{"@type":"ImageObject","inLanguage":"es","@id":"http:\/\/vincentians.com\/es\/#\/schema\/person\/image\/","url":"https:\/\/secure.gravatar.com\/avatar\/497d5cde87b4c3d097d0315953521681ba2cd523ee66e5077c3711f7021e65de?s=96&d=mm&r=g","contentUrl":"https:\/\/secure.gravatar.com\/avatar\/497d5cde87b4c3d097d0315953521681ba2cd523ee66e5077c3711f7021e65de?s=96&d=mm&r=g","caption":"Francisco Javier Fern\u00e1ndez Chento"},"description":"Director General y cofundador de La Red de Formaci\u00f3n Vicenciana. Javier es laico vicenciano, afiliado a la Congregaci\u00f3n de la Misi\u00f3n y miembro del Equipo de Misiones Populares de la provincia can\u00f3nica de Zaragoza (Espa\u00f1a) de la Congregaci\u00f3n de la Misi\u00f3n. Graduado en la Universidad Oberta de Catalunya con cuatro grados (Asistente de direcci\u00f3n, Gesti\u00f3n Administrativa, Recursos Humanos y Contabilidad Avanzada). Bil\u00edng\u00fce Espa\u00f1ol\/Ingl\u00e9s. gestiona y mantiene varias p\u00e1ginas web cristianas y vicencianas, incluida including La Red de Formaci\u00f3n Vicenciana, de la que es cofundador. Actualmente es responsable del \u00e1rea de Espa\u00f1ol de .famvin, la Red de Noticias de la Familia Vicenciana. Tambi\u00e9n es m\u00fasico cat\u00f3lico y ha editado varios discos. Es Director General y cofundador de Trovador, una reconocida compa\u00f1\u00eda discogr\u00e1fica critiana de Espa\u00f1a. Trabaja en las Tecnolog\u00edas de la Informaci\u00f3n, ofreciendo servicios de alojamiento, dise\u00f1o y mantenimiento Web, as\u00ed como asesoramiento, formaci\u00f3n y soluciones inform\u00e1ticas, gesti\u00f3n documental y digitalizaci\u00f3n de textos, edici\u00f3n y maquetaci\u00f3n de libros, revistas, flyers, etc.","sameAs":["http:\/\/chento.org","https:\/\/www.facebook.com\/JavierChento","https:\/\/x.com\/https:\/\/twitter.com\/javierchento"],"url":"https:\/\/vincentians.com\/es\/author\/chento\/"}]}},"jetpack_publicize_connections":[],"jetpack_featured_media_url":"","jetpack_sharing_enabled":true,"jetpack_shortlink":"https:\/\/wp.me\/p7ETMF-yqn","jetpack-related-posts":[{"id":134873,"url":"https:\/\/vincentians.com\/es\/epifania-del-senor-reflexion-de-la-s-s-v-p-en-espana-2\/","url_meta":{"origin":132331,"position":0},"title":"Epifan\u00eda del Se\u00f1or (reflexi\u00f3n de la S.S.V.P. en Espa\u00f1a)","author":"Francisco Javier Fern\u00e1ndez Chento","date":"03\/01\/2015","format":false,"excerpt":"\"Al servir a los Pobres, se sirve a Jesucristo\". (SVdP) El acontecimiento central que celebramos con la solemnidad de la Epifan\u00eda del Se\u00f1or, es la revelaci\u00f3n o manifestaci\u00f3n del Hijo de Dios a todas las naciones, representadas en los tres sabios venidos de Oriente, con regalos, a adorar al Ni\u00f1o\u2026","rel":"","context":"En \u00abHomil\u00edas y reflexiones, A\u00f1o B\u00bb","block_context":{"text":"Homil\u00edas y reflexiones, A\u00f1o B","link":"https:\/\/vincentians.com\/es\/category\/homilias-y-reflexiones-a-la-palabra-de-dios\/homilias-y-reflexiones-ano-b\/"},"img":{"alt_text":"","src":"https:\/\/i0.wp.com\/vincentians.com\/es\/wp-content\/uploads\/sites\/11\/2016\/07\/reflexiones-palabra-de-dios.jpg?fit=1200%2C630&ssl=1&resize=350%2C200","width":350,"height":200,"srcset":"https:\/\/i0.wp.com\/vincentians.com\/es\/wp-content\/uploads\/sites\/11\/2016\/07\/reflexiones-palabra-de-dios.jpg?fit=1200%2C630&ssl=1&resize=350%2C200 1x, https:\/\/i0.wp.com\/vincentians.com\/es\/wp-content\/uploads\/sites\/11\/2016\/07\/reflexiones-palabra-de-dios.jpg?fit=1200%2C630&ssl=1&resize=525%2C300 1.5x, https:\/\/i0.wp.com\/vincentians.com\/es\/wp-content\/uploads\/sites\/11\/2016\/07\/reflexiones-palabra-de-dios.jpg?fit=1200%2C630&ssl=1&resize=700%2C400 2x, https:\/\/i0.wp.com\/vincentians.com\/es\/wp-content\/uploads\/sites\/11\/2016\/07\/reflexiones-palabra-de-dios.jpg?fit=1200%2C630&ssl=1&resize=1050%2C600 3x"},"classes":[]},{"id":132420,"url":"https:\/\/vincentians.com\/es\/natividad-del-senor-reflexion-de-jose-cervantes-gabarron\/","url_meta":{"origin":132331,"position":1},"title":"Natividad del Se\u00f1or (reflexi\u00f3n de Jos\u00e9 Cervantes Gabarr\u00f3n)","author":"Francisco Javier Fern\u00e1ndez Chento","date":"23\/12\/2011","format":false,"excerpt":"La Navidad, regalo de Dios Acerca del nacimiento de Jes\u00fas que hoy celebramos, hay acuerdo entre los especialistas en admitir como hist\u00f3ricamente cierto que Jes\u00fas naci\u00f3 durante el reinado de Herodes el Grande (37-4 a.C.), en la era del emperador Augusto (37 a.C.-14 d.C.), pero no se puede precisar el\u2026","rel":"","context":"En \u00abHomil\u00edas y reflexiones, A\u00f1o B\u00bb","block_context":{"text":"Homil\u00edas y reflexiones, A\u00f1o B","link":"https:\/\/vincentians.com\/es\/category\/homilias-y-reflexiones-a-la-palabra-de-dios\/homilias-y-reflexiones-ano-b\/"},"img":{"alt_text":"","src":"https:\/\/i0.wp.com\/vincentians.com\/es\/wp-content\/uploads\/sites\/11\/2016\/07\/reflexiones-palabra-de-dios.jpg?fit=1200%2C630&ssl=1&resize=350%2C200","width":350,"height":200,"srcset":"https:\/\/i0.wp.com\/vincentians.com\/es\/wp-content\/uploads\/sites\/11\/2016\/07\/reflexiones-palabra-de-dios.jpg?fit=1200%2C630&ssl=1&resize=350%2C200 1x, https:\/\/i0.wp.com\/vincentians.com\/es\/wp-content\/uploads\/sites\/11\/2016\/07\/reflexiones-palabra-de-dios.jpg?fit=1200%2C630&ssl=1&resize=525%2C300 1.5x, https:\/\/i0.wp.com\/vincentians.com\/es\/wp-content\/uploads\/sites\/11\/2016\/07\/reflexiones-palabra-de-dios.jpg?fit=1200%2C630&ssl=1&resize=700%2C400 2x, https:\/\/i0.wp.com\/vincentians.com\/es\/wp-content\/uploads\/sites\/11\/2016\/07\/reflexiones-palabra-de-dios.jpg?fit=1200%2C630&ssl=1&resize=1050%2C600 3x"},"classes":[]},{"id":113184,"url":"https:\/\/vincentians.com\/es\/vicencianos-misioneros-de-la-caridad-vayamos-a-los-pobres\/","url_meta":{"origin":132331,"position":2},"title":"Vicencianos: Misioneros de la Caridad. \u00a1Vayamos a los pobres!","author":"Francisco Javier Fern\u00e1ndez Chento","date":"18\/10\/2012","format":false,"excerpt":"Con este tema provocador y desafiante a la Juventud de las distintas ramas de la Familia Vicentina ha sido convocada para la VIII Reuni\u00f3n Internacional que se realizar\u00e1, en Belo Horizonte - Brasil, los d\u00edas 18 al 21 de julio de 2013. 1. \"\u00bfQu\u00e9 est\u00e1n buscando?\" (Jn 20,38) En el\u2026","rel":"","context":"En \u00abFormaci\u00f3n Vicenciana\u00bb","block_context":{"text":"Formaci\u00f3n Vicenciana","link":"https:\/\/vincentians.com\/es\/category\/formacion-vicenciana\/"},"img":{"alt_text":"","src":"https:\/\/i0.wp.com\/vicencianos.org\/wp-content\/2012\/10\/CartazESP-300x300.jpg?resize=350%2C200","width":350,"height":200},"classes":[]},{"id":137108,"url":"https:\/\/vincentians.com\/es\/estatutos-de-navyl-en-colombia\/","url_meta":{"origin":132331,"position":3},"title":"Estatutos de NAVYL en Colombia","author":"Francisco Javier Fern\u00e1ndez Chento","date":"30\/01\/2015","format":false,"excerpt":"Fundaci\u00f3n: La rama de la Familia Vicentina, Navyl, Ni\u00f1os amigos de Vicente y Luisa, naci\u00f3 en Cali el 15 de marzo de 1991, con ocasi\u00f3n de la celebraci\u00f3n de los 400 a\u00f1os del nacimiento de Santa Luisa de Marillac, para perpetuar su memoria y presentarla como modelo al igual que\u2026","rel":"","context":"En \u00abDocumentos de otras Ramas e Instituciones vicencianas\u00bb","block_context":{"text":"Documentos de otras Ramas e Instituciones vicencianas","link":"https:\/\/vincentians.com\/es\/category\/formacion-vicenciana\/documentos-oficiales-de-la-familia-vicenciana\/documentos-de-otras-ramas-e-instituciones-vicencianas\/"},"img":{"alt_text":"navyl","src":"https:\/\/i0.wp.com\/vicencianos.org\/wp-content\/2014\/01\/navyl-300x300.jpg?resize=350%2C200","width":350,"height":200},"classes":[]},{"id":1104,"url":"https:\/\/vincentians.com\/es\/natividad-del-senor-reflexion-de-antonio-elduayen-c-m\/","url_meta":{"origin":132331,"position":4},"title":"Natividad del Se\u00f1or (reflexi\u00f3n de Antonio Elduayen, C.M.)","author":"Francisco Javier Fern\u00e1ndez Chento","date":"22\/12\/2011","format":false,"excerpt":"Queridos amigos La Navidad es Jes\u00fas. Es lo esencial de cuantas cosas podemos decir de la Navidad. Sin eso no hay Navidad cristiana. Jes\u00fas, que es el Hijo \u00fanico de Dios Padre, hecho hombre en Mar\u00eda por obra y gracia del Esp\u00edritu Santo. \"En esto se manifest\u00f3 el amor que\u2026","rel":"","context":"En \u00abHomil\u00edas y reflexiones, A\u00f1o B\u00bb","block_context":{"text":"Homil\u00edas y reflexiones, A\u00f1o B","link":"https:\/\/vincentians.com\/es\/category\/homilias-y-reflexiones-a-la-palabra-de-dios\/homilias-y-reflexiones-ano-b\/"},"img":{"alt_text":"","src":"https:\/\/i0.wp.com\/vincentians.com\/es\/wp-content\/uploads\/sites\/11\/2016\/07\/reflexiones-palabra-de-dios.jpg?fit=1200%2C630&ssl=1&resize=350%2C200","width":350,"height":200,"srcset":"https:\/\/i0.wp.com\/vincentians.com\/es\/wp-content\/uploads\/sites\/11\/2016\/07\/reflexiones-palabra-de-dios.jpg?fit=1200%2C630&ssl=1&resize=350%2C200 1x, https:\/\/i0.wp.com\/vincentians.com\/es\/wp-content\/uploads\/sites\/11\/2016\/07\/reflexiones-palabra-de-dios.jpg?fit=1200%2C630&ssl=1&resize=525%2C300 1.5x, https:\/\/i0.wp.com\/vincentians.com\/es\/wp-content\/uploads\/sites\/11\/2016\/07\/reflexiones-palabra-de-dios.jpg?fit=1200%2C630&ssl=1&resize=700%2C400 2x, https:\/\/i0.wp.com\/vincentians.com\/es\/wp-content\/uploads\/sites\/11\/2016\/07\/reflexiones-palabra-de-dios.jpg?fit=1200%2C630&ssl=1&resize=1050%2C600 3x"},"classes":[]},{"id":127021,"url":"https:\/\/vincentians.com\/es\/la-alegria-de-la-nochebuena\/","url_meta":{"origin":132331,"position":5},"title":"La alegr\u00eda de la Nochebuena","author":"Francisco Javier Fern\u00e1ndez Chento","date":"24\/12\/2013","format":false,"excerpt":"Esta noche es Nochebuena porque\u00a0nace Jes\u00fas\u00a0y en \u00e9l\u00a0ha aparecido la gracia de Dios que trae la salvaci\u00f3n para todos los hombres\u00a0(Tito 2,11-14). El motivo real de la celebraci\u00f3n de la Navidad y de nuestra gran alegr\u00eda es el nacimiento del ni\u00f1o Jes\u00fas, que naci\u00f3 de Mar\u00eda la Virgen por obra\u2026","rel":"","context":"En \u00abFormaci\u00f3n Cristiana\u00bb","block_context":{"text":"Formaci\u00f3n Cristiana","link":"https:\/\/vincentians.com\/es\/category\/formacion-cristiana\/"},"img":{"alt_text":"9595nochebuena","src":"https:\/\/i0.wp.com\/vicencianos.org\/wp-content\/2013\/12\/9595nochebuena-300x225.jpg?resize=350%2C200","width":350,"height":200},"classes":[]}],"_links":{"self":[{"href":"https:\/\/vincentians.com\/es\/wp-json\/wp\/v2\/posts\/132331","targetHints":{"allow":["GET"]}}],"collection":[{"href":"https:\/\/vincentians.com\/es\/wp-json\/wp\/v2\/posts"}],"about":[{"href":"https:\/\/vincentians.com\/es\/wp-json\/wp\/v2\/types\/post"}],"author":[{"embeddable":true,"href":"https:\/\/vincentians.com\/es\/wp-json\/wp\/v2\/users\/4"}],"replies":[{"embeddable":true,"href":"https:\/\/vincentians.com\/es\/wp-json\/wp\/v2\/comments?post=132331"}],"version-history":[{"count":0,"href":"https:\/\/vincentians.com\/es\/wp-json\/wp\/v2\/posts\/132331\/revisions"}],"wp:featuredmedia":[{"embeddable":true,"href":"https:\/\/vincentians.com\/es\/wp-json\/"}],"wp:attachment":[{"href":"https:\/\/vincentians.com\/es\/wp-json\/wp\/v2\/media?parent=132331"}],"wp:term":[{"taxonomy":"category","embeddable":true,"href":"https:\/\/vincentians.com\/es\/wp-json\/wp\/v2\/categories?post=132331"},{"taxonomy":"post_tag","embeddable":true,"href":"https:\/\/vincentians.com\/es\/wp-json\/wp\/v2\/tags?post=132331"}],"curies":[{"name":"wp","href":"https:\/\/api.w.org\/{rel}","templated":true}]}}