{"id":131583,"date":"2014-10-16T08:04:00","date_gmt":"2014-10-16T06:04:00","guid":{"rendered":"http:\/\/somos.vicencianos.org\/?p=131583"},"modified":"2016-07-27T12:06:49","modified_gmt":"2016-07-27T10:06:49","slug":"un-martir-en-tche-kiang-sr-andres-tsu-lazarista-chino","status":"publish","type":"post","link":"https:\/\/vincentians.com\/es\/un-martir-en-tche-kiang-sr-andres-tsu-lazarista-chino\/","title":{"rendered":"UN M\u00c1RTIR EN TCH\u00c9-KIANG SR. ANDR\u00c9S TSU, LAZARISTA CHINO"},"content":{"rendered":"<p style=\"text-align: justify\"><a href=\"http:\/\/vicencianos.org\/blog\/antoine-morando-1650-1694\/biografias-paules-346\/\" rel=\"attachment wp-att-130116\"><img data-recalc-dims=\"1\" loading=\"lazy\" decoding=\"async\" class=\"alignleft size-full wp-image-130116\" src=\"https:\/\/i0.wp.com\/vicencianos.org\/wp-content\/2011\/03\/Biografias-Pa%C3%BAles.jpg?resize=232%2C300\" alt=\"Biografias Pa\u00fales\" width=\"232\" height=\"300\" \/><\/a>Leemos en los Anales de la Propagaci\u00f3n de la Fe (Marzo 1904): \u00abNada tan tierno, nada tan dram\u00e1tico como la relaci\u00f3n que sigue. Es una nueva p\u00e1gina que se ha de a\u00f1adir al martirologio chino. El Tch\u00e9Kiang, donde hasta ahora ning\u00fan Misionero hab\u00eda tenido la dicha de dar a Dios el m\u00e1s grande testimonio de amistad, acaba de ofrecer al cielo su primer m\u00e1rtir. La efusi\u00f3n de la sangre del P. Tsu atraer\u00e1, sin duda alguna, las m\u00e1s preciosas bendiciones sobre esta Misi\u00f3n.\u00bb<br \/>\nCarta del Sr. REYNAUD, Lazarista, Vicario Apost\u00f3lico de Tch\u00e9-Kiang.<br \/>\nPerm\u00edtame usted que le env\u00ede la relaci\u00f3n de la cruel, pero heroica muerte de un Misionero chino, a quien admiramos al mismo tiempo que lloramos, porque muri\u00f3 v\u00edctima de su abnegaci\u00f3n por los cristianos. El Sr. Andr\u00e9s Tsu contaba veintiocho a\u00f1os de edad y hab\u00eda sido admitido en la Congregaci\u00f3n de la Misi\u00f3n en Ning-Po el 1892. Apenas hac\u00eda un a\u00f1o que trabajaba en reparar las ruinas que la revoluci\u00f3n de 1900 hab\u00eda causado en la subprefectura de NingHai, a veinticinco leguas de Ning-Po. Dotado de una actividad que no se desanimaba ante ning\u00fan obst\u00e1culo, puso manos a la obra, abriendo a la vez varios centros y reconstruyendo capillas donde en torno a los cristianos se arrodillaban m\u00e1s de mil y quinientos catec\u00famenos. Me instaba para que fuese a bendecir su obra y coronarla con una visita pastoral, pero \u00e9l era quien hab\u00eda de consagrarla con su propia sangre.<br \/>\nMientras levantaba las ruinas de la Misi\u00f3n, le era preciso imitar en parte a los jud\u00edos de Jerusal\u00e9n, reconstruyendo su templo en medio de muchas angustias; le era preciso observar el horizonte, siempre sombr\u00edo, y desbaratar los planes de un enemigo que rodeaba los contornos causando continuas alarmas.<br \/>\nEste enemigo era el letrado Ouang-si-ton, autor principal de nuestros desastres en 1900, que se hab\u00eda hecho m\u00e1s audaz por haber quedado impune, aunque fue condenado. Como hab\u00eda cre\u00eddo aniquilar nuestras obras, cuando las vi\u00f3 renacer m\u00e1s florecientes de sus ruinas, se reanim\u00f3 su odio, llam\u00f3 a sus c\u00f3mplices, reuni\u00f3 numerosos bandidos hambrientos de bot\u00edn, y les distribuy\u00f3 armas, municiones y banderas que llevaban como lema esta inscripci\u00f3n: \u00abMuerte a los cristianos\u00bb.<br \/>\nEl Sr. Andr\u00e9s Tsu estaba en Ning-Po cuando Ouangsi-ton sali\u00f3 a campa\u00f1a. Hab\u00eda venido a pasar con nosotros el d\u00eda 27 de Septiembre y tomar parte en una fiesta de familia que toda la poblaci\u00f3n cristiana y pagana, sin exceptuar los mandarines, celebr\u00f3 con entusiasmo. En medio de estas alegr\u00edas reson\u00f3 como un doble f\u00fanebre el primer golpe dado por Ouang-si-ton y el primer grito de agon\u00eda lanzado por sus v\u00edctimas. Acababa de asesinar, entre sus vecinos y parientes, a tres ne\u00f3fitos a los cuales no perdonaba el delito de haber introducido la religi\u00f3n en su pueblo y en su familia.<br \/>\nDesde entonces, cada d\u00eda llegaban noticias de nuevas desgracias. Los cristianos, perseguidos y cercados por todas partes, buscaban su salvaci\u00f3n en la fuga. El incendio segu\u00eda por todas partes al pillaje y nada se opon\u00eda al furor de los bandidos. Nuestro joven compa\u00f1ero perdi\u00f3 el apetito y el sue\u00f1o. Noche y d\u00eda le parec\u00eda escuchar la voz de sus ovejas que le llamaban en su auxilio, y deseaba volar a su encuentro para salvarlas o al menos fortalecerlas en la prueba y consolarlas en la muerte.<br \/>\nYo enter\u00e9 de todo lo que pasaba al general y al tao ta; de Ning-Po, quienes me prometieron no omitir nada para la represi\u00f3n de los bandidos y justo castigo de los culpables. Obraron con sinceridad, pero no fueron obedecidos.<br \/>\nEl Coronel Tsiou escogido para restablecer el orden vino a verme antes de partir, y me jur\u00f3 que si el Sr. Tsu corr\u00eda alg\u00fan peligro, \u00e9l estaba dispuesto a defenderle con su vida.<br \/>\nEstas palabras me aseguraron; y por otra parte la situaci\u00f3n no era tan desesperada, pues no se trataba m\u00e1s que de una conmoci\u00f3n local, violenta s\u00ed, pero provocada por unos cientos de bandidos que cincuenta soldados hubieran podido dispersar.<br \/>\nNo se descuidaron las precauciones espirituales. Todos or\u00e1bamos, y como nos hall\u00e1bamos en v\u00edsperas del mes de Octubre, nos dirigimos especialmente a Nuestra Se\u00f1ora del I: osario.<br \/>\nTodo parec\u00eda, pues, contribuir a nuestra seguridad.<br \/>\nEl Sr. Andr\u00e9s Tsu parti\u00f3 sin temor, y lleno de confianza y feliz al pensar que llevaba la salud a sus pobres cristianos. Pero \u00a1ay! marchaba para no volver m\u00e1s, \u00e9 iba a morir juntamente con ellos. Yo no s\u00e9 por qu\u00e9, al darle mi \u00faltima bendici\u00f3n, se me llenaron los ojos de l\u00e1grimas.<br \/>\nNuestro amado hermano sali\u00f3 para Ning-Hai el 29 de Septiembre y lleg\u00f3 all\u00ed el I.\u00b0 de Octubre. \u00a1Qu\u00e9 nuevas tan tristes las que all\u00ed le dieron! \u00a1Qu\u00e9 escenas tan dolorosas tuvo que presenciar! Sus pobres cristianos hu\u00edan sin encontrar defensa, los bandidos estaban a las puertas de la ciudad, saqueaban, incendiaban y mataban, sin que se adoptase medida alguna para contener sus desmanes.<br \/>\nEl d\u00eda 2 de Octubre se pas\u00f3 en viajes y reclamaciones in\u00fatiles, solicitando la intervenci\u00f3n de los mandarines. Una simple indicaci\u00f3n hubiera bastado para dispersar a los bandidos; pero nada se hizo.<br \/>\nSin embargo, despu\u00e9s de haber tenido consejo el Sub- prefecto y el Coronel, propusieron al Padre conducirle a Ning-Po, lo cual era lo mismo que conducirle a una muerte segura, porque todas las avenidas estaban tomadas por los asesinos, y dichos se\u00f1ores lo sab\u00edan muy bien. Tan p\u00e9rfido ofrecimiento fue dignamente rechazado.<br \/>\nPor lo dem\u00e1s, la complicidad de los mandarines era manifiesta, pues rechazaban brutalmente de sus tribunales a los cristianos que iban all\u00e1 buscando un refugio. El mismo Sub-prefecto rehus\u00f3 por tres veces al Misionero la entrada en su pretorio.<br \/>\nPerdida toda esperanza, el Sr. Tsu se dedic\u00f3 a poner en salvo los archivos, los vasos sagrados y la lista de los cristianos. Al mismo tiempo coloc\u00f3, entre las familias paganas que ofrec\u00edan seguridad. a los cristianos sin abrigo ni defensa<br \/>\ny di\u00f3 orden de retirarse a todo el personal de la residencia. Al \u00faltimo catequista, que no quer\u00eda separarse de \u00e9l, le dijo:<br \/>\n\u00abEl bien com\u00fan exige que te vayas; si no, corremos peligro de morir los dos. Separados podremos, a lo menos uno de los dos, escapar de la muerte y llevar al Obispo la noticia de lo que acontece. Y ya que el Coronel es responsable de mi vida y aun promete protegerme, yo ir\u00e9 a refugiarme cerca de \u00e9l.<br \/>\nEste catequista, detenido al d\u00eda siguiente y guardado en rehenes para ser entregado a Ouang-si-ton, que hab\u00eda puesto precio a su cabeza, fue rescatado algunos d\u00edas despu\u00e9s, mediante la cantidad de 1.400 piastras. Le quitaron una carta que el Sr. Tsu me hab\u00eda escrito algunas horas antes de su muerte, la \u00faltima carta, la carta de despedida, la de las \u00faltimas confidencias; carta que sentir\u00e9 siempre no haber recibido.<br \/>\nNuestro hermano s\u00f3lo conservaba en su compa\u00f1\u00eda un joven de quince a\u00f1os para ayudarle a Misa. Con \u00e9l se dirigi\u00f3, por la tarde, enfermo a\u00fan de una fiebre ardiente que le oblig\u00f3 a guardar cama, al campo del Coronel que se hallaba ro la pagoda principal de la ciudad, cerca de nuestra residencia, y all\u00ed pas\u00f3 una noche de agon\u00eda en oraci\u00f3n y l\u00e1grimas.<br \/>\nLa ma\u00f1ana del 3 de Octubre, los bandidos se dirigieron a la ciudad. En Foug-teon, hicieron alto para incendiar nuestra iglesia. A poca distancia de las murallas de Ning-hai vieron llegar un hombre a caballo, que, echando pie a tierra, les pregunt\u00f3 por sus jefes. Era el Coronel Tsion, que iba, no a pelear, sino a entenderse con Ouang-si- ton.<br \/>\nCuando tom\u00f3 de nuevo a caballo el camino de la ciudad, los ladrones le siguieron de cerca, seguros de que no hallar\u00edan la menor resistencia. Las puertas del pretorio, tantas veces cerradas para los cristianos que buscaban all\u00ed su refugio, se abrieron de par en par, en presencia de los asesinos, y los soldados que estaban sobre las murallas recibieron la orden de dejar el paso libre.<br \/>\nAlgunos minutos despu\u00e9s, nuestros establecimientos, rociados con petr\u00f3leo, eran v\u00edctimas de las llamas, y el se\u00f1or Tsu desde la pagoda contemplaba el incendio, ve\u00eda las banderas de los asesinos y escuchaba sus burlas sangrientas Cuando advirti\u00f3 que las banderas se agitaban en direcci\u00f3n a la pagoda, llam\u00f3 a su ayudante y le dijo: \u00abPonte en salvo, al momento, porque t\u00fa no eres conocido y tienes a\u00fan tiempo para huir; para m\u00ed ya no es posible la fuga.\u00bb<br \/>\nMientras el ayudante hu\u00eda, los bandidos asaltaban la gran puerta de la pagoda a ciencia y paciencia de los soldados, que ten\u00edan orden de no intervenir.<br \/>\nDesde el piso donde nuestro hermano se hab\u00eda refugiado oy\u00f3 a Ouang-si-ton pedir su cabeza. Hab\u00eda cre\u00eddo que los mandarines no osar\u00edan por inter\u00e9s propio cometer la \u00faltima infamia abandonando en las manos de sus verdugos un misionero que les hab\u00eda sido encomendado y de cuya vida eran responsables; pero esta ilusi\u00f3n qued\u00f3 desvanecida.<br \/>\nLos bandidos penetraron en la pagoda y el se\u00f1or Tsu huy\u00f3 por el techo, logrando esconderse en el piso de una tienda vecina, pero por desgracia su escondite fue pronto descubierto y cercado por todas partes. Preso y arrastrado violentamente a la calle, en un instante se vio lleno de heridas; dos sablazos le abrieron el cr\u00e1neo y la frente, y le hicieron en el cuello una profunda herida. Estaba ya medio muerto y sus verdugos quer\u00edan rematarle all\u00ed mismo, pero los vecinos se opusieron y en consecuencia le arrastraron hasta la pagoda por los pies y por los cabellos, quedando las baldosas te\u00f1idas con su sangre. Ya le iban a sacrificar delante de sus \u00eddolos, cuando el Subprefecto hizo se\u00f1al para que se le llevaran m\u00e1s lejos. Se le arrastr\u00f3, pues, al campo de maniobras, fuera de la puerta del Sur, y all\u00ed, despu\u00e9s de muerto ya seguramente, fue decapitado y dividido en trozos con un encarnizamiento feroz, Le abrieron el vientre en forma de cruz, puesto que\u2014dec\u00edan estos tigres con cara de hombre:\u2014\u00e9l ama tanto a la cruz!<br \/>\n\u00a1Horrible detalle! un bandido m\u00e1s salvaje a\u00fan que sus compa\u00f1eros le arranc\u00f3 el coraz\u00f3n y se lo llev\u00f3 para com\u00e9rselo. El hecho es aut\u00e9ntico. Por lo dem\u00e1s, es una costumbre usada entre los piratas, que pretenden por este medio conseguir mayor audacia.<br \/>\nDos d\u00edas despu\u00e9s se recogieron en una caja los restos esparcidos \u00e9 incompletos de nuestro infortunado hermano. M\u00e1s tarde la justicia ha comenzado a castigar a los culpables. Los mandarines, que tan vilmente hicieron traici\u00f3n a su v\u00edctima, han sido depuestos y esperan en prisi\u00f3n una rigurosa sentencia. De los asesinos, unos han sido arrestados, y algunos decapitados. Ouang-si-ton, activamente perseguido, no podr\u00e1 huir lejos ni por mucho tiempo.<br \/>\nPero \u00a1qui\u00e9n nos devolver\u00e1 al que tan joven a\u00fan hemos perdido! Sentimientos de piadosa confianza se mezclan con nuestras l\u00e1grimas, y nuestro pesar se templa con el convencimiento de que tenemos un protector m\u00e1s en el Cielo.<\/p>\n","protected":false},"excerpt":{"rendered":"<p>Leemos en los Anales de la Propagaci\u00f3n de la Fe (Marzo 1904): \u00abNada tan tierno, nada tan dram\u00e1tico como la relaci\u00f3n que sigue. Es una nueva p\u00e1gina que se ha de a\u00f1adir al martirologio chino. &#8230; <a href=\"https:\/\/vincentians.com\/es\/un-martir-en-tche-kiang-sr-andres-tsu-lazarista-chino\/\" class=\"more-link\">Read More<\/a><\/p>\n","protected":false},"author":5,"featured_media":391249,"comment_status":"open","ping_status":"open","sticky":false,"template":"","format":"standard","meta":{"jetpack_post_was_ever_published":false,"_jetpack_newsletter_access":"","_jetpack_dont_email_post_to_subs":false,"_jetpack_newsletter_tier_id":0,"_jetpack_memberships_contains_paywalled_content":false,"_jetpack_memberships_contains_paid_content":false,"footnotes":"","jetpack_publicize_message":"","jetpack_publicize_feature_enabled":true,"jetpack_social_post_already_shared":true,"jetpack_social_options":{"image_generator_settings":{"template":"highway","default_image_id":0,"font":"","enabled":false},"version":2}},"categories":[19],"tags":[],"class_list":["post-131583","post","type-post","status-publish","format-standard","has-post-thumbnail","hentry","category-biografias-de-misioneros-paules"],"yoast_head":"<!-- This site is optimized with the Yoast SEO plugin v26.3 - https:\/\/yoast.com\/wordpress\/plugins\/seo\/ -->\n<title>UN M\u00c1RTIR EN TCH\u00c9-KIANG SR. ANDR\u00c9S TSU, LAZARISTA CHINO - Somos Vicencianos<\/title>\n<meta name=\"robots\" content=\"index, follow, max-snippet:-1, max-image-preview:large, max-video-preview:-1\" \/>\n<link rel=\"canonical\" href=\"https:\/\/vincentians.com\/es\/un-martir-en-tche-kiang-sr-andres-tsu-lazarista-chino\/\" \/>\n<meta property=\"og:locale\" content=\"es_ES\" \/>\n<meta property=\"og:type\" content=\"article\" \/>\n<meta property=\"og:title\" content=\"UN M\u00c1RTIR EN TCH\u00c9-KIANG SR. ANDR\u00c9S TSU, LAZARISTA CHINO - Somos Vicencianos\" \/>\n<meta property=\"og:description\" content=\"Leemos en los Anales de la Propagaci\u00f3n de la Fe (Marzo 1904): \u00abNada tan tierno, nada tan dram\u00e1tico como la relaci\u00f3n que sigue. Es una nueva p\u00e1gina que se ha de a\u00f1adir al martirologio chino. ... Read More\" \/>\n<meta property=\"og:url\" content=\"https:\/\/vincentians.com\/es\/un-martir-en-tche-kiang-sr-andres-tsu-lazarista-chino\/\" \/>\n<meta property=\"og:site_name\" content=\"Somos Vicencianos\" \/>\n<meta property=\"article:publisher\" content=\"https:\/\/www.facebook.com\/WeAreVincentians\/\" \/>\n<meta property=\"article:published_time\" content=\"2014-10-16T06:04:00+00:00\" \/>\n<meta property=\"article:modified_time\" content=\"2016-07-27T10:06:49+00:00\" \/>\n<meta property=\"og:image\" content=\"https:\/\/i0.wp.com\/vincentians.com\/es\/wp-content\/uploads\/sites\/11\/2016\/07\/bio-cm.jpg?fit=1200%2C630&ssl=1\" \/>\n\t<meta property=\"og:image:width\" content=\"1200\" \/>\n\t<meta property=\"og:image:height\" content=\"630\" \/>\n\t<meta property=\"og:image:type\" content=\"image\/jpeg\" \/>\n<meta name=\"author\" content=\"Mitxel Olabu\u00e9naga\" \/>\n<meta name=\"twitter:card\" content=\"summary_large_image\" \/>\n<meta name=\"twitter:creator\" content=\"@WeVincentians\" \/>\n<meta name=\"twitter:site\" content=\"@WeVincentians\" \/>\n<meta name=\"twitter:label1\" content=\"Escrito por\" \/>\n\t<meta name=\"twitter:data1\" content=\"Mitxel Olabu\u00e9naga\" \/>\n\t<meta name=\"twitter:label2\" content=\"Tiempo de lectura\" \/>\n\t<meta name=\"twitter:data2\" content=\"10 minutos\" \/>\n<script type=\"application\/ld+json\" class=\"yoast-schema-graph\">{\"@context\":\"https:\/\/schema.org\",\"@graph\":[{\"@type\":\"Article\",\"@id\":\"https:\/\/vincentians.com\/es\/un-martir-en-tche-kiang-sr-andres-tsu-lazarista-chino\/#article\",\"isPartOf\":{\"@id\":\"https:\/\/vincentians.com\/es\/un-martir-en-tche-kiang-sr-andres-tsu-lazarista-chino\/\"},\"author\":{\"name\":\"Mitxel Olabu\u00e9naga\",\"@id\":\"http:\/\/vincentians.com\/es\/#\/schema\/person\/7c2670b4445a7ca9d164ea6acdb31859\"},\"headline\":\"UN M\u00c1RTIR EN TCH\u00c9-KIANG SR. ANDR\u00c9S TSU, LAZARISTA CHINO\",\"datePublished\":\"2014-10-16T06:04:00+00:00\",\"dateModified\":\"2016-07-27T10:06:49+00:00\",\"mainEntityOfPage\":{\"@id\":\"https:\/\/vincentians.com\/es\/un-martir-en-tche-kiang-sr-andres-tsu-lazarista-chino\/\"},\"wordCount\":1953,\"commentCount\":0,\"publisher\":{\"@id\":\"http:\/\/vincentians.com\/es\/#organization\"},\"image\":{\"@id\":\"https:\/\/vincentians.com\/es\/un-martir-en-tche-kiang-sr-andres-tsu-lazarista-chino\/#primaryimage\"},\"thumbnailUrl\":\"https:\/\/i0.wp.com\/vincentians.com\/es\/wp-content\/uploads\/sites\/11\/2016\/07\/bio-cm.jpg?fit=1200%2C630&ssl=1\",\"articleSection\":[\"Biograf\u00edas de Misioneros Pa\u00fales\"],\"inLanguage\":\"es\",\"potentialAction\":[{\"@type\":\"CommentAction\",\"name\":\"Comment\",\"target\":[\"https:\/\/vincentians.com\/es\/un-martir-en-tche-kiang-sr-andres-tsu-lazarista-chino\/#respond\"]}]},{\"@type\":\"WebPage\",\"@id\":\"https:\/\/vincentians.com\/es\/un-martir-en-tche-kiang-sr-andres-tsu-lazarista-chino\/\",\"url\":\"https:\/\/vincentians.com\/es\/un-martir-en-tche-kiang-sr-andres-tsu-lazarista-chino\/\",\"name\":\"UN M\u00c1RTIR EN TCH\u00c9-KIANG SR. ANDR\u00c9S TSU, LAZARISTA CHINO - Somos Vicencianos\",\"isPartOf\":{\"@id\":\"http:\/\/vincentians.com\/es\/#website\"},\"primaryImageOfPage\":{\"@id\":\"https:\/\/vincentians.com\/es\/un-martir-en-tche-kiang-sr-andres-tsu-lazarista-chino\/#primaryimage\"},\"image\":{\"@id\":\"https:\/\/vincentians.com\/es\/un-martir-en-tche-kiang-sr-andres-tsu-lazarista-chino\/#primaryimage\"},\"thumbnailUrl\":\"https:\/\/i0.wp.com\/vincentians.com\/es\/wp-content\/uploads\/sites\/11\/2016\/07\/bio-cm.jpg?fit=1200%2C630&ssl=1\",\"datePublished\":\"2014-10-16T06:04:00+00:00\",\"dateModified\":\"2016-07-27T10:06:49+00:00\",\"breadcrumb\":{\"@id\":\"https:\/\/vincentians.com\/es\/un-martir-en-tche-kiang-sr-andres-tsu-lazarista-chino\/#breadcrumb\"},\"inLanguage\":\"es\",\"potentialAction\":[{\"@type\":\"ReadAction\",\"target\":[\"https:\/\/vincentians.com\/es\/un-martir-en-tche-kiang-sr-andres-tsu-lazarista-chino\/\"]}]},{\"@type\":\"ImageObject\",\"inLanguage\":\"es\",\"@id\":\"https:\/\/vincentians.com\/es\/un-martir-en-tche-kiang-sr-andres-tsu-lazarista-chino\/#primaryimage\",\"url\":\"https:\/\/i0.wp.com\/vincentians.com\/es\/wp-content\/uploads\/sites\/11\/2016\/07\/bio-cm.jpg?fit=1200%2C630&ssl=1\",\"contentUrl\":\"https:\/\/i0.wp.com\/vincentians.com\/es\/wp-content\/uploads\/sites\/11\/2016\/07\/bio-cm.jpg?fit=1200%2C630&ssl=1\",\"width\":1200,\"height\":630},{\"@type\":\"BreadcrumbList\",\"@id\":\"https:\/\/vincentians.com\/es\/un-martir-en-tche-kiang-sr-andres-tsu-lazarista-chino\/#breadcrumb\",\"itemListElement\":[{\"@type\":\"ListItem\",\"position\":1,\"name\":\"Portada\",\"item\":\"http:\/\/vincentians.com\/es\/\"},{\"@type\":\"ListItem\",\"position\":2,\"name\":\"UN M\u00c1RTIR EN TCH\u00c9-KIANG SR. ANDR\u00c9S TSU, LAZARISTA CHINO\"}]},{\"@type\":\"WebSite\",\"@id\":\"http:\/\/vincentians.com\/es\/#website\",\"url\":\"http:\/\/vincentians.com\/es\/\",\"name\":\"Somos Vicencianos\",\"description\":\"Know more to serve more\",\"publisher\":{\"@id\":\"http:\/\/vincentians.com\/es\/#organization\"},\"potentialAction\":[{\"@type\":\"SearchAction\",\"target\":{\"@type\":\"EntryPoint\",\"urlTemplate\":\"http:\/\/vincentians.com\/es\/?s={search_term_string}\"},\"query-input\":{\"@type\":\"PropertyValueSpecification\",\"valueRequired\":true,\"valueName\":\"search_term_string\"}}],\"inLanguage\":\"es\"},{\"@type\":\"Organization\",\"@id\":\"http:\/\/vincentians.com\/es\/#organization\",\"name\":\"The Vincentian Network\",\"url\":\"http:\/\/vincentians.com\/es\/\",\"logo\":{\"@type\":\"ImageObject\",\"inLanguage\":\"es\",\"@id\":\"http:\/\/vincentians.com\/es\/#\/schema\/logo\/image\/\",\"url\":\"https:\/\/i1.wp.com\/vincentians.com\/es\/wp-content\/uploads\/sites\/11\/2016\/06\/Vincentian-Network-logo-big.png?fit=778%2C778\",\"contentUrl\":\"https:\/\/i1.wp.com\/vincentians.com\/es\/wp-content\/uploads\/sites\/11\/2016\/06\/Vincentian-Network-logo-big.png?fit=778%2C778\",\"width\":778,\"height\":778,\"caption\":\"The Vincentian Network\"},\"image\":{\"@id\":\"http:\/\/vincentians.com\/es\/#\/schema\/logo\/image\/\"},\"sameAs\":[\"https:\/\/www.facebook.com\/WeAreVincentians\/\",\"https:\/\/x.com\/WeVincentians\"]},{\"@type\":\"Person\",\"@id\":\"http:\/\/vincentians.com\/es\/#\/schema\/person\/7c2670b4445a7ca9d164ea6acdb31859\",\"name\":\"Mitxel Olabu\u00e9naga\",\"image\":{\"@type\":\"ImageObject\",\"inLanguage\":\"es\",\"@id\":\"http:\/\/vincentians.com\/es\/#\/schema\/person\/image\/\",\"url\":\"https:\/\/secure.gravatar.com\/avatar\/34137ec2e2b8939cbbed975731e71f3f4f1defc7266ded337a5ce0f925426877?s=96&d=mm&r=g\",\"contentUrl\":\"https:\/\/secure.gravatar.com\/avatar\/34137ec2e2b8939cbbed975731e71f3f4f1defc7266ded337a5ce0f925426877?s=96&d=mm&r=g\",\"caption\":\"Mitxel Olabu\u00e9naga\"},\"url\":\"https:\/\/vincentians.com\/es\/author\/mitxel\/\"}]}<\/script>\n<!-- \/ Yoast SEO plugin. -->","yoast_head_json":{"title":"UN M\u00c1RTIR EN TCH\u00c9-KIANG SR. ANDR\u00c9S TSU, LAZARISTA CHINO - Somos Vicencianos","robots":{"index":"index","follow":"follow","max-snippet":"max-snippet:-1","max-image-preview":"max-image-preview:large","max-video-preview":"max-video-preview:-1"},"canonical":"https:\/\/vincentians.com\/es\/un-martir-en-tche-kiang-sr-andres-tsu-lazarista-chino\/","og_locale":"es_ES","og_type":"article","og_title":"UN M\u00c1RTIR EN TCH\u00c9-KIANG SR. ANDR\u00c9S TSU, LAZARISTA CHINO - Somos Vicencianos","og_description":"Leemos en los Anales de la Propagaci\u00f3n de la Fe (Marzo 1904): \u00abNada tan tierno, nada tan dram\u00e1tico como la relaci\u00f3n que sigue. Es una nueva p\u00e1gina que se ha de a\u00f1adir al martirologio chino. ... Read More","og_url":"https:\/\/vincentians.com\/es\/un-martir-en-tche-kiang-sr-andres-tsu-lazarista-chino\/","og_site_name":"Somos Vicencianos","article_publisher":"https:\/\/www.facebook.com\/WeAreVincentians\/","article_published_time":"2014-10-16T06:04:00+00:00","article_modified_time":"2016-07-27T10:06:49+00:00","og_image":[{"width":1200,"height":630,"url":"https:\/\/i0.wp.com\/vincentians.com\/es\/wp-content\/uploads\/sites\/11\/2016\/07\/bio-cm.jpg?fit=1200%2C630&ssl=1","type":"image\/jpeg"}],"author":"Mitxel Olabu\u00e9naga","twitter_card":"summary_large_image","twitter_creator":"@WeVincentians","twitter_site":"@WeVincentians","twitter_misc":{"Escrito por":"Mitxel Olabu\u00e9naga","Tiempo de lectura":"10 minutos"},"schema":{"@context":"https:\/\/schema.org","@graph":[{"@type":"Article","@id":"https:\/\/vincentians.com\/es\/un-martir-en-tche-kiang-sr-andres-tsu-lazarista-chino\/#article","isPartOf":{"@id":"https:\/\/vincentians.com\/es\/un-martir-en-tche-kiang-sr-andres-tsu-lazarista-chino\/"},"author":{"name":"Mitxel Olabu\u00e9naga","@id":"http:\/\/vincentians.com\/es\/#\/schema\/person\/7c2670b4445a7ca9d164ea6acdb31859"},"headline":"UN M\u00c1RTIR EN TCH\u00c9-KIANG SR. ANDR\u00c9S TSU, LAZARISTA CHINO","datePublished":"2014-10-16T06:04:00+00:00","dateModified":"2016-07-27T10:06:49+00:00","mainEntityOfPage":{"@id":"https:\/\/vincentians.com\/es\/un-martir-en-tche-kiang-sr-andres-tsu-lazarista-chino\/"},"wordCount":1953,"commentCount":0,"publisher":{"@id":"http:\/\/vincentians.com\/es\/#organization"},"image":{"@id":"https:\/\/vincentians.com\/es\/un-martir-en-tche-kiang-sr-andres-tsu-lazarista-chino\/#primaryimage"},"thumbnailUrl":"https:\/\/i0.wp.com\/vincentians.com\/es\/wp-content\/uploads\/sites\/11\/2016\/07\/bio-cm.jpg?fit=1200%2C630&ssl=1","articleSection":["Biograf\u00edas de Misioneros Pa\u00fales"],"inLanguage":"es","potentialAction":[{"@type":"CommentAction","name":"Comment","target":["https:\/\/vincentians.com\/es\/un-martir-en-tche-kiang-sr-andres-tsu-lazarista-chino\/#respond"]}]},{"@type":"WebPage","@id":"https:\/\/vincentians.com\/es\/un-martir-en-tche-kiang-sr-andres-tsu-lazarista-chino\/","url":"https:\/\/vincentians.com\/es\/un-martir-en-tche-kiang-sr-andres-tsu-lazarista-chino\/","name":"UN M\u00c1RTIR EN TCH\u00c9-KIANG SR. ANDR\u00c9S TSU, LAZARISTA CHINO - Somos Vicencianos","isPartOf":{"@id":"http:\/\/vincentians.com\/es\/#website"},"primaryImageOfPage":{"@id":"https:\/\/vincentians.com\/es\/un-martir-en-tche-kiang-sr-andres-tsu-lazarista-chino\/#primaryimage"},"image":{"@id":"https:\/\/vincentians.com\/es\/un-martir-en-tche-kiang-sr-andres-tsu-lazarista-chino\/#primaryimage"},"thumbnailUrl":"https:\/\/i0.wp.com\/vincentians.com\/es\/wp-content\/uploads\/sites\/11\/2016\/07\/bio-cm.jpg?fit=1200%2C630&ssl=1","datePublished":"2014-10-16T06:04:00+00:00","dateModified":"2016-07-27T10:06:49+00:00","breadcrumb":{"@id":"https:\/\/vincentians.com\/es\/un-martir-en-tche-kiang-sr-andres-tsu-lazarista-chino\/#breadcrumb"},"inLanguage":"es","potentialAction":[{"@type":"ReadAction","target":["https:\/\/vincentians.com\/es\/un-martir-en-tche-kiang-sr-andres-tsu-lazarista-chino\/"]}]},{"@type":"ImageObject","inLanguage":"es","@id":"https:\/\/vincentians.com\/es\/un-martir-en-tche-kiang-sr-andres-tsu-lazarista-chino\/#primaryimage","url":"https:\/\/i0.wp.com\/vincentians.com\/es\/wp-content\/uploads\/sites\/11\/2016\/07\/bio-cm.jpg?fit=1200%2C630&ssl=1","contentUrl":"https:\/\/i0.wp.com\/vincentians.com\/es\/wp-content\/uploads\/sites\/11\/2016\/07\/bio-cm.jpg?fit=1200%2C630&ssl=1","width":1200,"height":630},{"@type":"BreadcrumbList","@id":"https:\/\/vincentians.com\/es\/un-martir-en-tche-kiang-sr-andres-tsu-lazarista-chino\/#breadcrumb","itemListElement":[{"@type":"ListItem","position":1,"name":"Portada","item":"http:\/\/vincentians.com\/es\/"},{"@type":"ListItem","position":2,"name":"UN M\u00c1RTIR EN TCH\u00c9-KIANG SR. ANDR\u00c9S TSU, LAZARISTA CHINO"}]},{"@type":"WebSite","@id":"http:\/\/vincentians.com\/es\/#website","url":"http:\/\/vincentians.com\/es\/","name":"Somos Vicencianos","description":"Know more to serve more","publisher":{"@id":"http:\/\/vincentians.com\/es\/#organization"},"potentialAction":[{"@type":"SearchAction","target":{"@type":"EntryPoint","urlTemplate":"http:\/\/vincentians.com\/es\/?s={search_term_string}"},"query-input":{"@type":"PropertyValueSpecification","valueRequired":true,"valueName":"search_term_string"}}],"inLanguage":"es"},{"@type":"Organization","@id":"http:\/\/vincentians.com\/es\/#organization","name":"The Vincentian Network","url":"http:\/\/vincentians.com\/es\/","logo":{"@type":"ImageObject","inLanguage":"es","@id":"http:\/\/vincentians.com\/es\/#\/schema\/logo\/image\/","url":"https:\/\/i1.wp.com\/vincentians.com\/es\/wp-content\/uploads\/sites\/11\/2016\/06\/Vincentian-Network-logo-big.png?fit=778%2C778","contentUrl":"https:\/\/i1.wp.com\/vincentians.com\/es\/wp-content\/uploads\/sites\/11\/2016\/06\/Vincentian-Network-logo-big.png?fit=778%2C778","width":778,"height":778,"caption":"The Vincentian Network"},"image":{"@id":"http:\/\/vincentians.com\/es\/#\/schema\/logo\/image\/"},"sameAs":["https:\/\/www.facebook.com\/WeAreVincentians\/","https:\/\/x.com\/WeVincentians"]},{"@type":"Person","@id":"http:\/\/vincentians.com\/es\/#\/schema\/person\/7c2670b4445a7ca9d164ea6acdb31859","name":"Mitxel Olabu\u00e9naga","image":{"@type":"ImageObject","inLanguage":"es","@id":"http:\/\/vincentians.com\/es\/#\/schema\/person\/image\/","url":"https:\/\/secure.gravatar.com\/avatar\/34137ec2e2b8939cbbed975731e71f3f4f1defc7266ded337a5ce0f925426877?s=96&d=mm&r=g","contentUrl":"https:\/\/secure.gravatar.com\/avatar\/34137ec2e2b8939cbbed975731e71f3f4f1defc7266ded337a5ce0f925426877?s=96&d=mm&r=g","caption":"Mitxel Olabu\u00e9naga"},"url":"https:\/\/vincentians.com\/es\/author\/mitxel\/"}]}},"jetpack_publicize_connections":[],"jetpack_featured_media_url":"https:\/\/i0.wp.com\/vincentians.com\/es\/wp-content\/uploads\/sites\/11\/2016\/07\/bio-cm.jpg?fit=1200%2C630&ssl=1","jetpack_sharing_enabled":true,"jetpack_shortlink":"https:\/\/wp.me\/p7ETMF-yej","jetpack-related-posts":[{"id":33595,"url":"https:\/\/vincentians.com\/es\/los-martires-de-la-familia-vicenciana-en-el-siglo-xx-la-revolucion-de-los-boxers-1890-1907\/","url_meta":{"origin":131583,"position":0},"title":"Los m\u00e1rtires de la Familia Vicenciana en el siglo XX: La revoluci\u00f3n de los Boxers (1890-1907)","author":"Francisco Javier Fern\u00e1ndez Chento","date":"10\/05\/2014","format":false,"excerpt":"Introducci\u00f3n \u00bfQu\u00e9 fue la persecuci\u00f3n de los Boxers? \"Boxers\" es el nombre dado a una sociedad secreta china llamada en chino \"I-ho-ch'uan\" (Pu\u00f1os Justos y Armoniosos). Sus miembros practicaban el boxeo y los rituales calist\u00e9nicos, en la creencia de que esto les daba poderes sobrenaturales y los hac\u00eda invulnerables a\u2026","rel":"","context":"En \u00abHistoria sin categorizar\u00bb","block_context":{"text":"Historia sin categorizar","link":"https:\/\/vincentians.com\/es\/category\/historia-de-la-familia-vicenciana\/historia-sin-categorizar\/"},"img":{"alt_text":"","src":"https:\/\/i0.wp.com\/vicencianos.org\/wp-content\/2011\/04\/boxers01-222x300.jpg?resize=350%2C200","width":350,"height":200},"classes":[]},{"id":22407,"url":"https:\/\/vincentians.com\/es\/tal-dia-como-hoy-24-de-mayo\/","url_meta":{"origin":131583,"position":1},"title":"Tal d\u00eda como hoy: 24 de mayo","author":"Francisco Javier Fern\u00e1ndez Chento","date":"24\/05\/2017","format":false,"excerpt":"1652. Conferencia de Vicente de Pa\u00fal en San L\u00e1zaro sobre la fiesta de la Trinidad, en la que trata de las obligaciones de honrar de una manera particular a la Sant\u00edsima Trinidad y las pr\u00e1cticas que cada uno se propone para ello. 1658. Conferencia de Vicente de Pa\u00fal en San\u2026","rel":"","context":"En \u00abEfem\u00e9rides Vicencianas\u00bb","block_context":{"text":"Efem\u00e9rides Vicencianas","link":"https:\/\/vincentians.com\/es\/category\/historia-de-la-familia-vicenciana\/efemerides-vicencianas\/"},"img":{"alt_text":"","src":"https:\/\/i0.wp.com\/vincentians.com\/es\/wp-content\/uploads\/sites\/11\/2016\/07\/ephemerides-fb.jpg?fit=1200%2C630&ssl=1&resize=350%2C200","width":350,"height":200,"srcset":"https:\/\/i0.wp.com\/vincentians.com\/es\/wp-content\/uploads\/sites\/11\/2016\/07\/ephemerides-fb.jpg?fit=1200%2C630&ssl=1&resize=350%2C200 1x, https:\/\/i0.wp.com\/vincentians.com\/es\/wp-content\/uploads\/sites\/11\/2016\/07\/ephemerides-fb.jpg?fit=1200%2C630&ssl=1&resize=525%2C300 1.5x, https:\/\/i0.wp.com\/vincentians.com\/es\/wp-content\/uploads\/sites\/11\/2016\/07\/ephemerides-fb.jpg?fit=1200%2C630&ssl=1&resize=700%2C400 2x, https:\/\/i0.wp.com\/vincentians.com\/es\/wp-content\/uploads\/sites\/11\/2016\/07\/ephemerides-fb.jpg?fit=1200%2C630&ssl=1&resize=1050%2C600 3x"},"classes":[]},{"id":54823,"url":"https:\/\/vincentians.com\/es\/jean-mullener-1673-1742\/","url_meta":{"origin":131583,"position":2},"title":"Jean Mullener (1673-1742)","author":"Mitxel Olabu\u00e9naga","date":"21\/03\/2015","format":false,"excerpt":"En 1697, entre los alumnos del colegio de la Propaganda en Roma se hallaba un joven alumno, alem\u00e1n de naci\u00f3n, de nombre Sr. Jean Mullener. Se ofrec\u00eda para la expedici\u00f3n apost\u00f3lica que el Soberano Pont\u00edfice organizaba entonces con vistas a\u00a0 extender la religi\u00f3n cristiana en China. El Sr. Mullener deb\u00eda\u2026","rel":"","context":"En \u00abBiograf\u00edas de Misioneros Pa\u00fales\u00bb","block_context":{"text":"Biograf\u00edas de Misioneros Pa\u00fales","link":"https:\/\/vincentians.com\/es\/category\/la-familia-vicenciana\/biografias-vicencianas\/biografias-de-misioneros-paules\/"},"img":{"alt_text":"","src":"https:\/\/i0.wp.com\/vincentians.com\/es\/wp-content\/uploads\/sites\/11\/2016\/07\/bio-cm.jpg?fit=1200%2C630&ssl=1&resize=350%2C200","width":350,"height":200,"srcset":"https:\/\/i0.wp.com\/vincentians.com\/es\/wp-content\/uploads\/sites\/11\/2016\/07\/bio-cm.jpg?fit=1200%2C630&ssl=1&resize=350%2C200 1x, https:\/\/i0.wp.com\/vincentians.com\/es\/wp-content\/uploads\/sites\/11\/2016\/07\/bio-cm.jpg?fit=1200%2C630&ssl=1&resize=525%2C300 1.5x, https:\/\/i0.wp.com\/vincentians.com\/es\/wp-content\/uploads\/sites\/11\/2016\/07\/bio-cm.jpg?fit=1200%2C630&ssl=1&resize=700%2C400 2x, https:\/\/i0.wp.com\/vincentians.com\/es\/wp-content\/uploads\/sites\/11\/2016\/07\/bio-cm.jpg?fit=1200%2C630&ssl=1&resize=1050%2C600 3x"},"classes":[]},{"id":32656,"url":"https:\/\/vincentians.com\/es\/el-venerable-francisco-clet-1748-1820\/","url_meta":{"origin":131583,"position":3},"title":"El Venerable Francisco Clet (1748-1820)","author":"Francisco Javier Fern\u00e1ndez Chento","date":"18\/02\/2016","format":false,"excerpt":"Nacimiento. Estudios. Juan Francisco Regis Clet, nacido en Grenoble en Agosto de 1748, era el d\u00e9cimo de sus quince hermanos, tres de los cuales se consagraron a Dios abrazando la vida religiosa. Este solo hecho es un gran elogio de esta familia patriarcal, \u00e9 indica bastantemente la atm\u00f3sfera cristiana de\u2026","rel":"","context":"En \u00abFrancisco R\u00e9gis Clet\u00bb","block_context":{"text":"Francisco R\u00e9gis Clet","link":"https:\/\/vincentians.com\/es\/category\/la-familia-vicenciana\/la-familia-vicenciana-en-los-altares\/santos\/francisco-regis-clet\/"},"img":{"alt_text":"regis clet 6","src":"https:\/\/i0.wp.com\/vicencianos.org\/wp-content\/uploads\/2015\/02\/regis-clet-6-227x300.jpg?resize=350%2C200","width":350,"height":200},"classes":[]},{"id":36886,"url":"https:\/\/vincentians.com\/es\/regis-clet-carta-60-a-pablo-song-c-m\/","url_meta":{"origin":131583,"position":4},"title":"R\u00e9gis Clet, Carta 60: A Pablo Song, C.M.","author":"Francisco Javier Fern\u00e1ndez Chento","date":"15\/05\/2011","format":false,"excerpt":"28 de diciembre de 1815) Padre y muy querido hermano: La llegada inesperada de Tsao-ling me ha producido gran satisfac\u00adci\u00f3n porque me ha procurado la ventaja de tener noticias suyas y pro\u00adporcionado la ocasi\u00f3n de conversar un poco con usted por carta, espe\u00adrando que la Providencia me haga el favor\u2026","rel":"","context":"En \u00abEscritos de Francisco R\u00e9gis Clet\u00bb","block_context":{"text":"Escritos de Francisco R\u00e9gis Clet","link":"https:\/\/vincentians.com\/es\/category\/escritos\/escritos-de-francisco-regis-clet\/"},"img":{"alt_text":"","src":"https:\/\/i0.wp.com\/vincentians.com\/es\/wp-content\/uploads\/sites\/11\/2016\/07\/escritos-regis-clet.jpg?fit=1200%2C630&ssl=1&resize=350%2C200","width":350,"height":200,"srcset":"https:\/\/i0.wp.com\/vincentians.com\/es\/wp-content\/uploads\/sites\/11\/2016\/07\/escritos-regis-clet.jpg?fit=1200%2C630&ssl=1&resize=350%2C200 1x, https:\/\/i0.wp.com\/vincentians.com\/es\/wp-content\/uploads\/sites\/11\/2016\/07\/escritos-regis-clet.jpg?fit=1200%2C630&ssl=1&resize=525%2C300 1.5x, https:\/\/i0.wp.com\/vincentians.com\/es\/wp-content\/uploads\/sites\/11\/2016\/07\/escritos-regis-clet.jpg?fit=1200%2C630&ssl=1&resize=700%2C400 2x, https:\/\/i0.wp.com\/vincentians.com\/es\/wp-content\/uploads\/sites\/11\/2016\/07\/escritos-regis-clet.jpg?fit=1200%2C630&ssl=1&resize=1050%2C600 3x"},"classes":[]},{"id":49796,"url":"https:\/\/vincentians.com\/es\/juan-gabriel-perboyre-c-m-martir-y-primer-santo-de-china\/","url_meta":{"origin":131583,"position":5},"title":"Juan Gabriel Perboyre, C.M., M\u00e1rtir Y Primer Santo De China","author":"Francisco Javier Fern\u00e1ndez Chento","date":"11\/09\/2024","format":false,"excerpt":"La gran noticia de la canonizaci\u00f3n de Juan Gabriel Perboyre nos alegra y nos invita a dar gracias al Buen Dios, as\u00ed como a Su Santidad Juan Pablo II a quien el Buen Dios ha inspirado canonizarle. Entonemos el \"Te deum laudamus...\" porque es un gran honor para toda la\u2026","rel":"","context":"En \u00abJuan Gabriel Perboyre\u00bb","block_context":{"text":"Juan Gabriel Perboyre","link":"https:\/\/vincentians.com\/es\/category\/la-familia-vicenciana\/la-familia-vicenciana-en-los-altares\/santos\/juan-gabriel-perboyre\/"},"img":{"alt_text":"","src":"https:\/\/i0.wp.com\/vincentians.com\/es\/wp-content\/uploads\/sites\/11\/2017\/09\/Perboyre3.png?fit=846%2C442&ssl=1&resize=350%2C200","width":350,"height":200,"srcset":"https:\/\/i0.wp.com\/vincentians.com\/es\/wp-content\/uploads\/sites\/11\/2017\/09\/Perboyre3.png?fit=846%2C442&ssl=1&resize=350%2C200 1x, https:\/\/i0.wp.com\/vincentians.com\/es\/wp-content\/uploads\/sites\/11\/2017\/09\/Perboyre3.png?fit=846%2C442&ssl=1&resize=525%2C300 1.5x, https:\/\/i0.wp.com\/vincentians.com\/es\/wp-content\/uploads\/sites\/11\/2017\/09\/Perboyre3.png?fit=846%2C442&ssl=1&resize=700%2C400 2x"},"classes":[]}],"_links":{"self":[{"href":"https:\/\/vincentians.com\/es\/wp-json\/wp\/v2\/posts\/131583","targetHints":{"allow":["GET"]}}],"collection":[{"href":"https:\/\/vincentians.com\/es\/wp-json\/wp\/v2\/posts"}],"about":[{"href":"https:\/\/vincentians.com\/es\/wp-json\/wp\/v2\/types\/post"}],"author":[{"embeddable":true,"href":"https:\/\/vincentians.com\/es\/wp-json\/wp\/v2\/users\/5"}],"replies":[{"embeddable":true,"href":"https:\/\/vincentians.com\/es\/wp-json\/wp\/v2\/comments?post=131583"}],"version-history":[{"count":0,"href":"https:\/\/vincentians.com\/es\/wp-json\/wp\/v2\/posts\/131583\/revisions"}],"wp:featuredmedia":[{"embeddable":true,"href":"https:\/\/vincentians.com\/es\/wp-json\/wp\/v2\/media\/391249"}],"wp:attachment":[{"href":"https:\/\/vincentians.com\/es\/wp-json\/wp\/v2\/media?parent=131583"}],"wp:term":[{"taxonomy":"category","embeddable":true,"href":"https:\/\/vincentians.com\/es\/wp-json\/wp\/v2\/categories?post=131583"},{"taxonomy":"post_tag","embeddable":true,"href":"https:\/\/vincentians.com\/es\/wp-json\/wp\/v2\/tags?post=131583"}],"curies":[{"name":"wp","href":"https:\/\/api.w.org\/{rel}","templated":true}]}}