{"id":131336,"date":"2015-05-24T05:04:06","date_gmt":"2015-05-24T03:04:06","guid":{"rendered":"http:\/\/somos.vicencianos.org\/?p=131336"},"modified":"2015-05-24T05:04:06","modified_gmt":"2015-05-24T03:04:06","slug":"de-la-religion-de-san-pedro","status":"publish","type":"post","link":"https:\/\/vincentians.com\/es\/de-la-religion-de-san-pedro\/","title":{"rendered":"\u00abDe la religi\u00f3n de san Pedro\u00bb"},"content":{"rendered":"<p style=\"text-align: justify\"><a href=\"https:\/\/i0.wp.com\/vicencianos.org\/wp-content\/2011\/04\/logocm.jpg\"><img data-recalc-dims=\"1\" loading=\"lazy\" decoding=\"async\" class=\"alignright size-medium wp-image-34848\" src=\"https:\/\/i0.wp.com\/vicencianos.org\/wp-content\/2011\/04\/logocm-237x300.jpg?resize=237%2C300\" alt=\"logocm\" width=\"237\" height=\"300\" \/><\/a>\u00abFue \u00e9l quien dio a unos como ap\u00f3stoles, otros como profetas, a otros como evangelistas, a otros como pastores y maestros con el fin de equipar a los consagrados para la tarea del servicio, para constituir el cuerpo del Mes\u00edas\u00bb. (Ef 4,11-12).<\/p>\n<p style=\"text-align: justify\">\u00abLa Congregaci\u00f3n de la Misi\u00f3n, seg\u00fan una tradici\u00f3n que tiene su origen en San Vicente, ejerce el apostolado en \u00edntima colaboraci\u00f3n con los Obispos y con el clero diocesano. Por esta raz\u00f3n, San Vicente afirma con frecuencia que la Congregaci\u00f3n de la Misi\u00f3n es secular, aunque goce de la autonom\u00eda propia, concedida bien por la ley universal bien por la exenci\u00f3n\u00bb. (C 3,2).<\/p>\n<p style=\"text-align: justify\">\u00abSomos de la religi\u00f3n de San Pedro\u00bb: frase ingeniosa de San Vicente con la que quiso decir que la Congregaci\u00f3n de la Misi\u00f3n no ha sido reconocida por la Iglesia como una comunidad religiosa, sino como una Congregaci\u00f3n secular, como antes se dec\u00eda, o Sociedad de vida apost\u00f3lica, como se dice ahora. No es una elucubraci\u00f3n jur\u00eddica. La distinci\u00f3n responde a carismas diversos, con exigencias distintas espirituales y pastorales.<\/p>\n<h2 style=\"text-align: justify\">1. \u00abLa santa invenci\u00f3n\u00bb.<\/h2>\n<p style=\"text-align: justify\">La Congregaci\u00f3n de la Misi\u00f3n no es una Orden religiosa, pero no tiene a menos a las Religiones: \u00abNo somos dignos de ser religiosos\u00bb, escribi\u00f3 San Vicente a la Madre Chantal (II 85). El que la Congregaci\u00f3n no sea una religi\u00f3n can\u00f3nica, no quiere decir que en ella no se exija la perfecci\u00f3n. Estamos en &#8216;estado de caridad, ocupados continuamente en el amor y dispuestos a ello'\u00bb. (XI 564).<\/p>\n<p style=\"text-align: justify\">\u00ab\u00bfEs una religi\u00f3n (la Congregaci\u00f3n de la Misi\u00f3n)? No, se trata de sacerdotes seculares que se colocan en ese estado que nuestro Se\u00f1or escogi\u00f3 para s\u00ed mismo, renunciando a los bienes, a los honores y a los placeres&#8230;\u00bb.<\/p>\n<p style=\"text-align: justify\">\u00abAunque no seamos religiosos, somos, sin embargo, de la religi\u00f3n, no de San Francisco o de Santo Domingo, sino de San Pedro y, para mayor firmeza se han a\u00f1adido los votos de pobreza, castidad y obediencia\u00bb. (XI 643-644).<\/p>\n<p style=\"text-align: justify\">Escribiendo al P. Portail resume muy bien San Vicente lo que piensa sobre la \u00absecularidad\u00bb de gregaci\u00f3n de la Misi\u00f3n:<\/p>\n<p style=\"text-align: justify\">\u00abLa Providencia de Dios ha inspirado a la Congregaci\u00f3n esta santa invenci\u00f3n de ponernos en un estado en donde tenemos lo bueno del estado religioso por los votos simples y ser, no obstante, del clero secular y permanecer en la obediencia debida a nuestros se\u00f1ores los obispos como los m\u00e1s humildes sacerdotes de su di\u00f3cesis en cuanto a los empleos\u00bb. (III 224).<\/p>\n<h2 style=\"text-align: justify\">2. \u00abFieles servidores de nuestros Se\u00f1ores los Obispo\u00bb.<\/h2>\n<p style=\"text-align: justify\">La Iglesia no es un conglomerado de iglesias particulares, sino presencia total del \u00fanico sacramento de salvaci\u00f3n. Cada comunidad local eclesial, como carisma para la Iglesia, se abre a toda ella.<\/p>\n<p style=\"text-align: justify\">La Congregaci\u00f3n tom\u00f3 conciencia de su vocaci\u00f3n universal sirviendo a las iglesias particulares. Se consider\u00f3 siempre como de la \u00abfamilia diocesana\u00bb, conforme a lo que dice el Vaticano II en el n\u00famero 34 del documento Christus Dominus.<\/p>\n<p style=\"text-align: justify\">As\u00ed se expres\u00f3 San Vicente escribiendo a un obispo: \u00abNosotros estamos por entero bajo la bendici\u00f3n de los obispos para ir a donde quiera enviarnos&#8230; Somos como los criados del Evangelio con nuestros se\u00f1ores los prelados. Cuando nos dicen id, estamos obligados a ir; cuando nos dicen venid, estamos obligados a venir; cuando nos dicen haced esto, estamos obligados a hacerlo. Adem\u00e1s, estamos sometidos a su visita y correcci\u00f3n como los p\u00e1rrocos y vicarios del campo, aunque para la conservaci\u00f3n de la uniformidad del esp\u00edritu hay un Superior general, a quien obedecen los Misioneros en lo que se refiere a la disciplina dom\u00e9stica\u00bb. I 341).<\/p>\n<p style=\"text-align: justify\">Aunque la norma haya cambiado (C 3,2), el esp\u00edritu \u00abdiocesano\u00bb de la Congregaci\u00f3n de la Misi\u00f3n permanece.<\/p>\n<h2 style=\"text-align: justify\">3. La \u00edntima colaboraci\u00f3n con el clero secular.<\/h2>\n<p style=\"text-align: justify\">La \u00edntima colaboraci\u00f3n con el clero diocesano se demuestra en la actitud que se ha de mantener ante el responsable de la pastoral inmediata como son los p\u00e1rrocos.<\/p>\n<p style=\"text-align: justify\">Los misioneros deben \u00abmostrar mucho honor y respeto a los se\u00f1ores p\u00e1rrocos y vicarios de los lugares adonde vayamos; no emprender nada contra su gusto, ni aprobaci\u00f3n, sin hab\u00e9rselo dicho antes, sobre todo en las cosas importantes&#8230;\u00bb. (XI 30).<\/p>\n<ul>\n<li style=\"text-align: justify\">Con frecuencia, entre nosotros, se tiene a gala el afirmar que no somos religiosos, \u00bfqu\u00e9 es lo que en realidad quiero decir cuando uso tal expresi\u00f3n?<\/li>\n<li style=\"text-align: justify\">\u00bfC\u00f3mo me comporto con el clero diocesano secular? \u00bfCu\u00e1l es la actitud de la comunidad en la que vivo en todo lo que se refiere a la di\u00f3cesis?<\/li>\n<\/ul>\n<h2 style=\"text-align: justify\">Oraci\u00f3n:<\/h2>\n<p style=\"text-align: justify\">\u00abAgradezcamos a Dios la instituci\u00f3n de esta Compa\u00f1\u00eda y la vocaci\u00f3n de sus miembros a ella; agradezc\u00e1mosle el encontrarnos en este estado de la \u00abreligi\u00f3n de San Pedro\u00bb o, mejor, de Jesucristo\u00bb. (Cf. XI 646-647).<\/p>\n","protected":false},"excerpt":{"rendered":"<p>\u00abFue \u00e9l quien dio a unos como ap\u00f3stoles, otros como profetas, a otros como evangelistas, a otros como pastores y maestros con el fin de equipar a los consagrados para la tarea del servicio, para &#8230; <a href=\"https:\/\/vincentians.com\/es\/de-la-religion-de-san-pedro\/\" class=\"more-link\">Read More<\/a><\/p>\n","protected":false},"author":4,"featured_media":57594,"comment_status":"open","ping_status":"open","sticky":false,"template":"","format":"standard","meta":{"jetpack_post_was_ever_published":false,"_jetpack_newsletter_access":"","_jetpack_dont_email_post_to_subs":false,"_jetpack_newsletter_tier_id":0,"_jetpack_memberships_contains_paywalled_content":false,"_jetpack_memberships_contains_paid_content":false,"footnotes":"","jetpack_publicize_message":"","jetpack_publicize_feature_enabled":true,"jetpack_social_post_already_shared":true,"jetpack_social_options":{"image_generator_settings":{"template":"highway","default_image_id":0,"font":"","enabled":false},"version":2}},"categories":[226],"tags":[256,172,127,147],"class_list":["post-131336","post","type-post","status-publish","format-standard","has-post-thumbnail","hentry","category-espiritualidad-vicenciana","tag-madre-chantal","tag-pobreza","tag-portail","tag-santo-domingo"],"yoast_head":"<!-- This site is optimized with the Yoast SEO plugin v26.3 - https:\/\/yoast.com\/wordpress\/plugins\/seo\/ -->\n<title>&quot;De la religi\u00f3n de san Pedro&quot; - Somos Vicencianos<\/title>\n<meta name=\"robots\" content=\"index, follow, max-snippet:-1, max-image-preview:large, max-video-preview:-1\" \/>\n<link rel=\"canonical\" href=\"https:\/\/vincentians.com\/es\/de-la-religion-de-san-pedro\/\" \/>\n<meta property=\"og:locale\" content=\"es_ES\" \/>\n<meta property=\"og:type\" content=\"article\" \/>\n<meta property=\"og:title\" content=\"&quot;De la religi\u00f3n de san Pedro&quot; - Somos Vicencianos\" \/>\n<meta property=\"og:description\" content=\"\u00abFue \u00e9l quien dio a unos como ap\u00f3stoles, otros como profetas, a otros como evangelistas, a otros como pastores y maestros con el fin de equipar a los consagrados para la tarea del servicio, para ... Read More\" \/>\n<meta property=\"og:url\" content=\"https:\/\/vincentians.com\/es\/de-la-religion-de-san-pedro\/\" \/>\n<meta property=\"og:site_name\" content=\"Somos Vicencianos\" \/>\n<meta property=\"article:publisher\" content=\"https:\/\/www.facebook.com\/WeAreVincentians\/\" \/>\n<meta property=\"article:author\" content=\"https:\/\/www.facebook.com\/JavierChento\" \/>\n<meta property=\"article:published_time\" content=\"2015-05-24T03:04:06+00:00\" \/>\n<meta name=\"author\" content=\"Francisco Javier Fern\u00e1ndez Chento\" \/>\n<meta name=\"twitter:card\" content=\"summary_large_image\" \/>\n<meta name=\"twitter:creator\" content=\"@https:\/\/twitter.com\/javierchento\" \/>\n<meta name=\"twitter:site\" content=\"@WeVincentians\" \/>\n<meta name=\"twitter:label1\" content=\"Escrito por\" \/>\n\t<meta name=\"twitter:data1\" content=\"Francisco Javier Fern\u00e1ndez Chento\" \/>\n\t<meta name=\"twitter:label2\" content=\"Tiempo de lectura\" \/>\n\t<meta name=\"twitter:data2\" content=\"4 minutos\" \/>\n<script type=\"application\/ld+json\" class=\"yoast-schema-graph\">{\"@context\":\"https:\/\/schema.org\",\"@graph\":[{\"@type\":\"Article\",\"@id\":\"https:\/\/vincentians.com\/es\/de-la-religion-de-san-pedro\/#article\",\"isPartOf\":{\"@id\":\"https:\/\/vincentians.com\/es\/de-la-religion-de-san-pedro\/\"},\"author\":{\"name\":\"Francisco Javier Fern\u00e1ndez Chento\",\"@id\":\"http:\/\/vincentians.com\/es\/#\/schema\/person\/9623ef4d9aa3b2dfb8c061f1499288f2\"},\"headline\":\"\u00abDe la religi\u00f3n de san Pedro\u00bb\",\"datePublished\":\"2015-05-24T03:04:06+00:00\",\"mainEntityOfPage\":{\"@id\":\"https:\/\/vincentians.com\/es\/de-la-religion-de-san-pedro\/\"},\"wordCount\":838,\"commentCount\":0,\"publisher\":{\"@id\":\"http:\/\/vincentians.com\/es\/#organization\"},\"image\":{\"@id\":\"https:\/\/vincentians.com\/es\/de-la-religion-de-san-pedro\/#primaryimage\"},\"thumbnailUrl\":\"\",\"keywords\":[\"Madre Chantal\",\"Pobreza\",\"Portail\",\"Santo Domingo\"],\"articleSection\":[\"Espiritualidad vicenciana\"],\"inLanguage\":\"es\",\"potentialAction\":[{\"@type\":\"CommentAction\",\"name\":\"Comment\",\"target\":[\"https:\/\/vincentians.com\/es\/de-la-religion-de-san-pedro\/#respond\"]}]},{\"@type\":\"WebPage\",\"@id\":\"https:\/\/vincentians.com\/es\/de-la-religion-de-san-pedro\/\",\"url\":\"https:\/\/vincentians.com\/es\/de-la-religion-de-san-pedro\/\",\"name\":\"\\\"De la religi\u00f3n de san Pedro\\\" - Somos Vicencianos\",\"isPartOf\":{\"@id\":\"http:\/\/vincentians.com\/es\/#website\"},\"primaryImageOfPage\":{\"@id\":\"https:\/\/vincentians.com\/es\/de-la-religion-de-san-pedro\/#primaryimage\"},\"image\":{\"@id\":\"https:\/\/vincentians.com\/es\/de-la-religion-de-san-pedro\/#primaryimage\"},\"thumbnailUrl\":\"\",\"datePublished\":\"2015-05-24T03:04:06+00:00\",\"breadcrumb\":{\"@id\":\"https:\/\/vincentians.com\/es\/de-la-religion-de-san-pedro\/#breadcrumb\"},\"inLanguage\":\"es\",\"potentialAction\":[{\"@type\":\"ReadAction\",\"target\":[\"https:\/\/vincentians.com\/es\/de-la-religion-de-san-pedro\/\"]}]},{\"@type\":\"ImageObject\",\"inLanguage\":\"es\",\"@id\":\"https:\/\/vincentians.com\/es\/de-la-religion-de-san-pedro\/#primaryimage\",\"url\":\"\",\"contentUrl\":\"\"},{\"@type\":\"BreadcrumbList\",\"@id\":\"https:\/\/vincentians.com\/es\/de-la-religion-de-san-pedro\/#breadcrumb\",\"itemListElement\":[{\"@type\":\"ListItem\",\"position\":1,\"name\":\"Portada\",\"item\":\"http:\/\/vincentians.com\/es\/\"},{\"@type\":\"ListItem\",\"position\":2,\"name\":\"\u00abDe la religi\u00f3n de san Pedro\u00bb\"}]},{\"@type\":\"WebSite\",\"@id\":\"http:\/\/vincentians.com\/es\/#website\",\"url\":\"http:\/\/vincentians.com\/es\/\",\"name\":\"Somos Vicencianos\",\"description\":\"Know more to serve more\",\"publisher\":{\"@id\":\"http:\/\/vincentians.com\/es\/#organization\"},\"potentialAction\":[{\"@type\":\"SearchAction\",\"target\":{\"@type\":\"EntryPoint\",\"urlTemplate\":\"http:\/\/vincentians.com\/es\/?s={search_term_string}\"},\"query-input\":{\"@type\":\"PropertyValueSpecification\",\"valueRequired\":true,\"valueName\":\"search_term_string\"}}],\"inLanguage\":\"es\"},{\"@type\":\"Organization\",\"@id\":\"http:\/\/vincentians.com\/es\/#organization\",\"name\":\"The Vincentian Network\",\"url\":\"http:\/\/vincentians.com\/es\/\",\"logo\":{\"@type\":\"ImageObject\",\"inLanguage\":\"es\",\"@id\":\"http:\/\/vincentians.com\/es\/#\/schema\/logo\/image\/\",\"url\":\"https:\/\/i1.wp.com\/vincentians.com\/es\/wp-content\/uploads\/sites\/11\/2016\/06\/Vincentian-Network-logo-big.png?fit=778%2C778\",\"contentUrl\":\"https:\/\/i1.wp.com\/vincentians.com\/es\/wp-content\/uploads\/sites\/11\/2016\/06\/Vincentian-Network-logo-big.png?fit=778%2C778\",\"width\":778,\"height\":778,\"caption\":\"The Vincentian Network\"},\"image\":{\"@id\":\"http:\/\/vincentians.com\/es\/#\/schema\/logo\/image\/\"},\"sameAs\":[\"https:\/\/www.facebook.com\/WeAreVincentians\/\",\"https:\/\/x.com\/WeVincentians\"]},{\"@type\":\"Person\",\"@id\":\"http:\/\/vincentians.com\/es\/#\/schema\/person\/9623ef4d9aa3b2dfb8c061f1499288f2\",\"name\":\"Francisco Javier Fern\u00e1ndez Chento\",\"image\":{\"@type\":\"ImageObject\",\"inLanguage\":\"es\",\"@id\":\"http:\/\/vincentians.com\/es\/#\/schema\/person\/image\/\",\"url\":\"https:\/\/secure.gravatar.com\/avatar\/497d5cde87b4c3d097d0315953521681ba2cd523ee66e5077c3711f7021e65de?s=96&d=mm&r=g\",\"contentUrl\":\"https:\/\/secure.gravatar.com\/avatar\/497d5cde87b4c3d097d0315953521681ba2cd523ee66e5077c3711f7021e65de?s=96&d=mm&r=g\",\"caption\":\"Francisco Javier Fern\u00e1ndez Chento\"},\"description\":\"Director General y cofundador de La Red de Formaci\u00f3n Vicenciana. Javier es laico vicenciano, afiliado a la Congregaci\u00f3n de la Misi\u00f3n y miembro del Equipo de Misiones Populares de la provincia can\u00f3nica de Zaragoza (Espa\u00f1a) de la Congregaci\u00f3n de la Misi\u00f3n. Graduado en la Universidad Oberta de Catalunya con cuatro grados (Asistente de direcci\u00f3n, Gesti\u00f3n Administrativa, Recursos Humanos y Contabilidad Avanzada). Bil\u00edng\u00fce Espa\u00f1ol\/Ingl\u00e9s. gestiona y mantiene varias p\u00e1ginas web cristianas y vicencianas, incluida including La Red de Formaci\u00f3n Vicenciana, de la que es cofundador. Actualmente es responsable del \u00e1rea de Espa\u00f1ol de .famvin, la Red de Noticias de la Familia Vicenciana. Tambi\u00e9n es m\u00fasico cat\u00f3lico y ha editado varios discos. Es Director General y cofundador de Trovador, una reconocida compa\u00f1\u00eda discogr\u00e1fica critiana de Espa\u00f1a. Trabaja en las Tecnolog\u00edas de la Informaci\u00f3n, ofreciendo servicios de alojamiento, dise\u00f1o y mantenimiento Web, as\u00ed como asesoramiento, formaci\u00f3n y soluciones inform\u00e1ticas, gesti\u00f3n documental y digitalizaci\u00f3n de textos, edici\u00f3n y maquetaci\u00f3n de libros, revistas, flyers, etc.\",\"sameAs\":[\"http:\/\/chento.org\",\"https:\/\/www.facebook.com\/JavierChento\",\"https:\/\/x.com\/https:\/\/twitter.com\/javierchento\"],\"url\":\"https:\/\/vincentians.com\/es\/author\/chento\/\"}]}<\/script>\n<!-- \/ Yoast SEO plugin. -->","yoast_head_json":{"title":"\"De la religi\u00f3n de san Pedro\" - Somos Vicencianos","robots":{"index":"index","follow":"follow","max-snippet":"max-snippet:-1","max-image-preview":"max-image-preview:large","max-video-preview":"max-video-preview:-1"},"canonical":"https:\/\/vincentians.com\/es\/de-la-religion-de-san-pedro\/","og_locale":"es_ES","og_type":"article","og_title":"\"De la religi\u00f3n de san Pedro\" - Somos Vicencianos","og_description":"\u00abFue \u00e9l quien dio a unos como ap\u00f3stoles, otros como profetas, a otros como evangelistas, a otros como pastores y maestros con el fin de equipar a los consagrados para la tarea del servicio, para ... Read More","og_url":"https:\/\/vincentians.com\/es\/de-la-religion-de-san-pedro\/","og_site_name":"Somos Vicencianos","article_publisher":"https:\/\/www.facebook.com\/WeAreVincentians\/","article_author":"https:\/\/www.facebook.com\/JavierChento","article_published_time":"2015-05-24T03:04:06+00:00","author":"Francisco Javier Fern\u00e1ndez Chento","twitter_card":"summary_large_image","twitter_creator":"@https:\/\/twitter.com\/javierchento","twitter_site":"@WeVincentians","twitter_misc":{"Escrito por":"Francisco Javier Fern\u00e1ndez Chento","Tiempo de lectura":"4 minutos"},"schema":{"@context":"https:\/\/schema.org","@graph":[{"@type":"Article","@id":"https:\/\/vincentians.com\/es\/de-la-religion-de-san-pedro\/#article","isPartOf":{"@id":"https:\/\/vincentians.com\/es\/de-la-religion-de-san-pedro\/"},"author":{"name":"Francisco Javier Fern\u00e1ndez Chento","@id":"http:\/\/vincentians.com\/es\/#\/schema\/person\/9623ef4d9aa3b2dfb8c061f1499288f2"},"headline":"\u00abDe la religi\u00f3n de san Pedro\u00bb","datePublished":"2015-05-24T03:04:06+00:00","mainEntityOfPage":{"@id":"https:\/\/vincentians.com\/es\/de-la-religion-de-san-pedro\/"},"wordCount":838,"commentCount":0,"publisher":{"@id":"http:\/\/vincentians.com\/es\/#organization"},"image":{"@id":"https:\/\/vincentians.com\/es\/de-la-religion-de-san-pedro\/#primaryimage"},"thumbnailUrl":"","keywords":["Madre Chantal","Pobreza","Portail","Santo Domingo"],"articleSection":["Espiritualidad vicenciana"],"inLanguage":"es","potentialAction":[{"@type":"CommentAction","name":"Comment","target":["https:\/\/vincentians.com\/es\/de-la-religion-de-san-pedro\/#respond"]}]},{"@type":"WebPage","@id":"https:\/\/vincentians.com\/es\/de-la-religion-de-san-pedro\/","url":"https:\/\/vincentians.com\/es\/de-la-religion-de-san-pedro\/","name":"\"De la religi\u00f3n de san Pedro\" - Somos Vicencianos","isPartOf":{"@id":"http:\/\/vincentians.com\/es\/#website"},"primaryImageOfPage":{"@id":"https:\/\/vincentians.com\/es\/de-la-religion-de-san-pedro\/#primaryimage"},"image":{"@id":"https:\/\/vincentians.com\/es\/de-la-religion-de-san-pedro\/#primaryimage"},"thumbnailUrl":"","datePublished":"2015-05-24T03:04:06+00:00","breadcrumb":{"@id":"https:\/\/vincentians.com\/es\/de-la-religion-de-san-pedro\/#breadcrumb"},"inLanguage":"es","potentialAction":[{"@type":"ReadAction","target":["https:\/\/vincentians.com\/es\/de-la-religion-de-san-pedro\/"]}]},{"@type":"ImageObject","inLanguage":"es","@id":"https:\/\/vincentians.com\/es\/de-la-religion-de-san-pedro\/#primaryimage","url":"","contentUrl":""},{"@type":"BreadcrumbList","@id":"https:\/\/vincentians.com\/es\/de-la-religion-de-san-pedro\/#breadcrumb","itemListElement":[{"@type":"ListItem","position":1,"name":"Portada","item":"http:\/\/vincentians.com\/es\/"},{"@type":"ListItem","position":2,"name":"\u00abDe la religi\u00f3n de san Pedro\u00bb"}]},{"@type":"WebSite","@id":"http:\/\/vincentians.com\/es\/#website","url":"http:\/\/vincentians.com\/es\/","name":"Somos Vicencianos","description":"Know more to serve more","publisher":{"@id":"http:\/\/vincentians.com\/es\/#organization"},"potentialAction":[{"@type":"SearchAction","target":{"@type":"EntryPoint","urlTemplate":"http:\/\/vincentians.com\/es\/?s={search_term_string}"},"query-input":{"@type":"PropertyValueSpecification","valueRequired":true,"valueName":"search_term_string"}}],"inLanguage":"es"},{"@type":"Organization","@id":"http:\/\/vincentians.com\/es\/#organization","name":"The Vincentian Network","url":"http:\/\/vincentians.com\/es\/","logo":{"@type":"ImageObject","inLanguage":"es","@id":"http:\/\/vincentians.com\/es\/#\/schema\/logo\/image\/","url":"https:\/\/i1.wp.com\/vincentians.com\/es\/wp-content\/uploads\/sites\/11\/2016\/06\/Vincentian-Network-logo-big.png?fit=778%2C778","contentUrl":"https:\/\/i1.wp.com\/vincentians.com\/es\/wp-content\/uploads\/sites\/11\/2016\/06\/Vincentian-Network-logo-big.png?fit=778%2C778","width":778,"height":778,"caption":"The Vincentian Network"},"image":{"@id":"http:\/\/vincentians.com\/es\/#\/schema\/logo\/image\/"},"sameAs":["https:\/\/www.facebook.com\/WeAreVincentians\/","https:\/\/x.com\/WeVincentians"]},{"@type":"Person","@id":"http:\/\/vincentians.com\/es\/#\/schema\/person\/9623ef4d9aa3b2dfb8c061f1499288f2","name":"Francisco Javier Fern\u00e1ndez Chento","image":{"@type":"ImageObject","inLanguage":"es","@id":"http:\/\/vincentians.com\/es\/#\/schema\/person\/image\/","url":"https:\/\/secure.gravatar.com\/avatar\/497d5cde87b4c3d097d0315953521681ba2cd523ee66e5077c3711f7021e65de?s=96&d=mm&r=g","contentUrl":"https:\/\/secure.gravatar.com\/avatar\/497d5cde87b4c3d097d0315953521681ba2cd523ee66e5077c3711f7021e65de?s=96&d=mm&r=g","caption":"Francisco Javier Fern\u00e1ndez Chento"},"description":"Director General y cofundador de La Red de Formaci\u00f3n Vicenciana. Javier es laico vicenciano, afiliado a la Congregaci\u00f3n de la Misi\u00f3n y miembro del Equipo de Misiones Populares de la provincia can\u00f3nica de Zaragoza (Espa\u00f1a) de la Congregaci\u00f3n de la Misi\u00f3n. Graduado en la Universidad Oberta de Catalunya con cuatro grados (Asistente de direcci\u00f3n, Gesti\u00f3n Administrativa, Recursos Humanos y Contabilidad Avanzada). Bil\u00edng\u00fce Espa\u00f1ol\/Ingl\u00e9s. gestiona y mantiene varias p\u00e1ginas web cristianas y vicencianas, incluida including La Red de Formaci\u00f3n Vicenciana, de la que es cofundador. Actualmente es responsable del \u00e1rea de Espa\u00f1ol de .famvin, la Red de Noticias de la Familia Vicenciana. Tambi\u00e9n es m\u00fasico cat\u00f3lico y ha editado varios discos. Es Director General y cofundador de Trovador, una reconocida compa\u00f1\u00eda discogr\u00e1fica critiana de Espa\u00f1a. Trabaja en las Tecnolog\u00edas de la Informaci\u00f3n, ofreciendo servicios de alojamiento, dise\u00f1o y mantenimiento Web, as\u00ed como asesoramiento, formaci\u00f3n y soluciones inform\u00e1ticas, gesti\u00f3n documental y digitalizaci\u00f3n de textos, edici\u00f3n y maquetaci\u00f3n de libros, revistas, flyers, etc.","sameAs":["http:\/\/chento.org","https:\/\/www.facebook.com\/JavierChento","https:\/\/x.com\/https:\/\/twitter.com\/javierchento"],"url":"https:\/\/vincentians.com\/es\/author\/chento\/"}]}},"jetpack_publicize_connections":[],"jetpack_featured_media_url":"","jetpack_sharing_enabled":true,"jetpack_shortlink":"https:\/\/wp.me\/p7ETMF-yak","jetpack-related-posts":[{"id":124417,"url":"https:\/\/vincentians.com\/es\/de-la-religion-de-san-pedro-ii\/","url_meta":{"origin":131336,"position":0},"title":"De la religi\u00f3n de san Pedro (II)","author":"Francisco Javier Fern\u00e1ndez Chento","date":"19\/04\/2023","format":false,"excerpt":"SECULARIDAD DE LA CONGREGACI\u00d3N DE LA MISI\u00d3N Ser\u00e1 del cuerpo del clero secular (X, 437) 14.- Son muchas las veces que san Vicente dijo que los misioneros no eran religiosos, sino del clero secular. El Breve \"Ex Commissa Nobis\" afirma que, no obstante los votos simples de pobreza, castidad, obediencia\u2026","rel":"","context":"En \u00abFormaci\u00f3n Vicenciana\u00bb","block_context":{"text":"Formaci\u00f3n Vicenciana","link":"https:\/\/vincentians.com\/es\/category\/formacion-vicenciana\/"},"img":{"alt_text":"","src":"https:\/\/i0.wp.com\/vincentians.com\/es\/wp-content\/uploads\/sites\/11\/2013\/05\/Almeria-2.jpg?fit=600%2C400&ssl=1&resize=350%2C200","width":350,"height":200,"srcset":"https:\/\/i0.wp.com\/vincentians.com\/es\/wp-content\/uploads\/sites\/11\/2013\/05\/Almeria-2.jpg?fit=600%2C400&ssl=1&resize=350%2C200 1x, https:\/\/i0.wp.com\/vincentians.com\/es\/wp-content\/uploads\/sites\/11\/2013\/05\/Almeria-2.jpg?fit=600%2C400&ssl=1&resize=525%2C300 1.5x"},"classes":[]},{"id":109321,"url":"https:\/\/vincentians.com\/es\/la-congregacion-de-la-mision-secular-o-religiosa\/","url_meta":{"origin":131336,"position":1},"title":"La Congregaci\u00f3n de la Misi\u00f3n \u00bfSecular o Religiosa?","author":"Francisco Javier Fern\u00e1ndez Chento","date":"02\/06\/2021","format":false,"excerpt":"Nuestra Compa\u00f1\u00eda \u00bfes secular o regular? Dicho de otro modo: nosotros \u00bfsomos seculares o religiosos? Pensar\u00e1n algunos que aqu\u00ed se trata s\u00f3lo de una pol\u00e9mica de palabras. Falso. La respuesta que demos a la cuesti\u00f3n condicionar\u00e1 m\u00e1s de una de las opciones que adoptemos en vistas al futuro de la\u2026","rel":"","context":"En \u00abFormaci\u00f3n Vicenciana\u00bb","block_context":{"text":"Formaci\u00f3n Vicenciana","link":"https:\/\/vincentians.com\/es\/category\/formacion-vicenciana\/"},"img":{"alt_text":"","src":"https:\/\/i0.wp.com\/vincentians.com\/es\/wp-content\/uploads\/sites\/11\/2016\/09\/espiritu-de-jesus.jpg?fit=1200%2C630&ssl=1&resize=350%2C200","width":350,"height":200,"srcset":"https:\/\/i0.wp.com\/vincentians.com\/es\/wp-content\/uploads\/sites\/11\/2016\/09\/espiritu-de-jesus.jpg?fit=1200%2C630&ssl=1&resize=350%2C200 1x, https:\/\/i0.wp.com\/vincentians.com\/es\/wp-content\/uploads\/sites\/11\/2016\/09\/espiritu-de-jesus.jpg?fit=1200%2C630&ssl=1&resize=525%2C300 1.5x, https:\/\/i0.wp.com\/vincentians.com\/es\/wp-content\/uploads\/sites\/11\/2016\/09\/espiritu-de-jesus.jpg?fit=1200%2C630&ssl=1&resize=700%2C400 2x, https:\/\/i0.wp.com\/vincentians.com\/es\/wp-content\/uploads\/sites\/11\/2016\/09\/espiritu-de-jesus.jpg?fit=1200%2C630&ssl=1&resize=1050%2C600 3x"},"classes":[]},{"id":123967,"url":"https:\/\/vincentians.com\/es\/hacia-la-santa-invencion-los-votos-en-el-cm\/","url_meta":{"origin":131336,"position":2},"title":"Hacia la \u201cSanta Invenci\u00f3n\u201d (los votos en el CM)","author":"Francisco Javier Fern\u00e1ndez Chento","date":"13\/10\/2022","format":false,"excerpt":"METAS QUE SAN VICENTE QUER\u00cdA LOGRAR La Providencia de Dios ha inspirado finalmente a la Compa\u00f1\u00eda esta santa invenci\u00f3n de ponernos en un estado en el que tengamos la felicidad del estado religioso, gracias a los votos simples, pero siguiendo entre el clero. 1.- Teniendo presente todo lo expuesto en\u2026","rel":"","context":"En \u00abFormaci\u00f3n Vicenciana\u00bb","block_context":{"text":"Formaci\u00f3n Vicenciana","link":"https:\/\/vincentians.com\/es\/category\/formacion-vicenciana\/"},"img":{"alt_text":"","src":"https:\/\/i0.wp.com\/vincentians.com\/es\/wp-content\/uploads\/sites\/11\/2013\/04\/formacion_permanente-1.jpg?fit=303%2C303&ssl=1&resize=350%2C200","width":350,"height":200},"classes":[]},{"id":117581,"url":"https:\/\/vincentians.com\/es\/he-sido-enviado-a-evangelizar-a-los-pobres\/","url_meta":{"origin":131336,"position":3},"title":"He sido enviado a evangelizar a los pobres","author":"Francisco Javier Fern\u00e1ndez Chento","date":"27\/05\/2015","format":false,"excerpt":"1.- Continuadores de la misi\u00f3n de Cristo S\u00ed, nuestro Se\u00f1or pide de nosotros que evangelicemos a los pobres: es lo que \u00e9l hizo y lo que quiere seguir haciendo por medio de nosotros (XI, 386). 1) El seguimiento de Cristo evangelizador de los pobres, fin de la Congre\u00adgaci\u00f3n (cf. C\u2026","rel":"","context":"En \u00abFormaci\u00f3n Vicenciana\u00bb","block_context":{"text":"Formaci\u00f3n Vicenciana","link":"https:\/\/vincentians.com\/es\/category\/formacion-vicenciana\/"},"img":{"alt_text":"St Vincent et Ste Louise recueillent des enfants","src":"https:\/\/i0.wp.com\/vicencianos.org\/wp-content\/2013\/02\/evangelizar_pobres-300x268.jpg?resize=350%2C200","width":350,"height":200},"classes":[]},{"id":130867,"url":"https:\/\/vincentians.com\/es\/el-camino-de-san-vicente-fin-de-la-congregacion-de-la-mision\/","url_meta":{"origin":131336,"position":4},"title":"El camino de San Vicente: Fin de la Congregaci\u00f3n de la Misi\u00f3n","author":"Francisco Javier Fern\u00e1ndez Chento","date":"07\/02\/2015","format":false,"excerpt":"Hermano m\u00edo, cuando entres en la compa\u00f1\u00eda de san Vicente intenta comprender bien su fin y trata de hacerlo tuyo: seguir a Cristo evangelizador de los pobres. Medita su significado. Advierte que el fin de la congregaci\u00f3n no reside en las meras obras, como dar misiones o ense\u00f1ar en seminarios,\u2026","rel":"","context":"En \u00abEspiritualidad vicenciana\u00bb","block_context":{"text":"Espiritualidad vicenciana","link":"https:\/\/vincentians.com\/es\/category\/espiritualidad\/espiritualidad-vicenciana\/"},"img":{"alt_text":"mapas_cm","src":"https:\/\/i0.wp.com\/vicencianos.org\/wp-content\/2014\/07\/mapas_cm.jpg?resize=350%2C200","width":350,"height":200,"srcset":"https:\/\/i0.wp.com\/vicencianos.org\/wp-content\/2014\/07\/mapas_cm.jpg?resize=350%2C200 1x, https:\/\/i0.wp.com\/vicencianos.org\/wp-content\/2014\/07\/mapas_cm.jpg?resize=525%2C300 1.5x, https:\/\/i0.wp.com\/vicencianos.org\/wp-content\/2014\/07\/mapas_cm.jpg?resize=700%2C400 2x"},"classes":[]},{"id":131634,"url":"https:\/\/vincentians.com\/es\/al-servicio-de-la-iglesia-universal\/","url_meta":{"origin":131336,"position":5},"title":"Al servicio de la Iglesia universal","author":"Francisco Javier Fern\u00e1ndez Chento","date":"17\/10\/2014","format":false,"excerpt":"\"Convoc\u00f3 a los Doce y les dio poder y autoridad sobre toda clase de demonios y para curar enfermedades. Luego los envi\u00f3 a proclamar el reinado de Dios y curar a los enfermos, dici\u00e9ndoles: No coj\u00e1is nada en el camino ni bast\u00f3n, ni alforja, ni pan, ni dinero, ni llev\u00e9is\u2026","rel":"","context":"En \u00abEspiritualidad vicenciana\u00bb","block_context":{"text":"Espiritualidad vicenciana","link":"https:\/\/vincentians.com\/es\/category\/espiritualidad\/espiritualidad-vicenciana\/"},"img":{"alt_text":"iglesia1","src":"https:\/\/i0.wp.com\/vicencianos.org\/wp-content\/2014\/10\/iglesia1-240x300.jpg?resize=350%2C200","width":350,"height":200},"classes":[]}],"_links":{"self":[{"href":"https:\/\/vincentians.com\/es\/wp-json\/wp\/v2\/posts\/131336","targetHints":{"allow":["GET"]}}],"collection":[{"href":"https:\/\/vincentians.com\/es\/wp-json\/wp\/v2\/posts"}],"about":[{"href":"https:\/\/vincentians.com\/es\/wp-json\/wp\/v2\/types\/post"}],"author":[{"embeddable":true,"href":"https:\/\/vincentians.com\/es\/wp-json\/wp\/v2\/users\/4"}],"replies":[{"embeddable":true,"href":"https:\/\/vincentians.com\/es\/wp-json\/wp\/v2\/comments?post=131336"}],"version-history":[{"count":0,"href":"https:\/\/vincentians.com\/es\/wp-json\/wp\/v2\/posts\/131336\/revisions"}],"wp:featuredmedia":[{"embeddable":true,"href":"https:\/\/vincentians.com\/es\/wp-json\/"}],"wp:attachment":[{"href":"https:\/\/vincentians.com\/es\/wp-json\/wp\/v2\/media?parent=131336"}],"wp:term":[{"taxonomy":"category","embeddable":true,"href":"https:\/\/vincentians.com\/es\/wp-json\/wp\/v2\/categories?post=131336"},{"taxonomy":"post_tag","embeddable":true,"href":"https:\/\/vincentians.com\/es\/wp-json\/wp\/v2\/tags?post=131336"}],"curies":[{"name":"wp","href":"https:\/\/api.w.org\/{rel}","templated":true}]}}