{"id":131324,"date":"2015-05-25T07:49:04","date_gmt":"2015-05-25T05:49:04","guid":{"rendered":"http:\/\/somos.vicencianos.org\/?p=131324"},"modified":"2015-05-25T07:49:04","modified_gmt":"2015-05-25T05:49:04","slug":"atentos-a-los-signos-de-los-tiempos","status":"publish","type":"post","link":"https:\/\/vincentians.com\/es\/atentos-a-los-signos-de-los-tiempos\/","title":{"rendered":"Atentos a los signos de los tiempos"},"content":{"rendered":"<p style=\"text-align: justify\"><a href=\"https:\/\/i0.wp.com\/vicencianos.org\/wp-content\/2014\/09\/piedad.jpg\"><img data-recalc-dims=\"1\" loading=\"lazy\" decoding=\"async\" class=\"alignright size-medium wp-image-149048\" src=\"https:\/\/i0.wp.com\/vicencianos.org\/wp-content\/2014\/09\/piedad-300x198.jpg?resize=300%2C198\" alt=\"piedad\" width=\"300\" height=\"198\" \/><\/a>\u00abAl caer de la tarde dec\u00eds: Est\u00e1 el cielo colorado, va a hacer bueno. Por la ma\u00f1ana dec\u00eds: Est\u00e1 el cielo de color triste, hoy va a haber tormenta. El aspecto del cielo sab\u00e9is interpretarlo, \u00bfy las se\u00f1ales de cada momento no sois capaces?\u00bb.(Mt 16,2-3).<\/p>\n<p style=\"text-align: justify\">\u00abSupuesto este fin, la Congregaci\u00f3n de la Misi\u00f3n, atendiendo siempre al Evangelio, a los signos de los tiempos y a las peticiones m\u00e1s urgentes de la Iglesia, procurar\u00e1 abrir nuevos caminos y aplicar medios adaptados a las circunstancias de tiempo y lugar; se esforzar\u00e1 adem\u00e1s por enjuiciar y ordenar las obras y ministerios, permaneciendo as\u00ed en estado de renovaci\u00f3n continua\u00bb. (C 2).<\/p>\n<p style=\"text-align: justify\">La frase \u00absigno de los tiempos\u00bb tiene resonancia evang\u00e9lica. Despu\u00e9s del uso que de ella han hecho luan XXIII, el Concilio Vaticano II y los Documentos posconciliares, ha adquirido un significado profundo, amplio, interesante. Los signos de los tiempos unas veces interpelan, otras inspiran. Pueden ser la voz de Dios.<\/p>\n<h2 style=\"text-align: justify\">1. \u00abVox temporum vox Dei\u00bb.<\/h2>\n<p style=\"text-align: justify\">Hoy nadie pone en duda que Dios habla por los acontecimientos y est\u00e1 presente en ellos. La cuesti\u00f3n es discernir esa presencia y el mensaje divino:<\/p>\n<p style=\"text-align: justify\">\u00abEl pueblo de Dios, movido por la fe, seg\u00fan la cual cree que, en medio de los acontecimientos, exigencias v deseos de que participa juntamente con los hombres de nuestro tiempo, es conducido por el Esp\u00edritu del Se\u00f1or que llena el universo, se esfuerza por discernir en todas esas cosas cu\u00e1les son los signos verdaderos de su presencia y de los planes de Dios. Pues la fe lo ilumina todo con una nueva luz y manifiesta el divino prop\u00f3sito sobre la vocaci\u00f3n integral del hombre, y por eso dirige la inteligencia hacia soluciones plenamente humanas\u00bb. (GS 11).<\/p>\n<h2 style=\"text-align: justify\">2. Escrutar, interpretar, discernir.<\/h2>\n<p style=\"text-align: justify\">Los signos de los tiempos interesan tambi\u00e9n a los miembros de la Congregaci\u00f3n de la Misi\u00f3n para abrir nuevos caminos, valorar las obras y permanecer en el estado de renovaci\u00f3n continua. A ella se extiende tambi\u00e9n \u00abel deber permanente de escrutar a fondo los signos de los tiempos e interpretarlos a la luz del Evangelio de forma que, acomod\u00e1ndose cada generaci\u00f3n, pueda responder a los perennes interrogantes humanos sobre el sentido de la vida presente y futura y sobre la mutua relaci\u00f3n entre una y otra. Es necesario comprender el mundo en el que vivimos y sus esperanzas, aspiraciones, su modo de ser&#8230;\u00bb. \u00abGS 4).<\/p>\n<p style=\"text-align: justify\">En este sentido Pablo VI dijo:<\/p>\n<p style=\"text-align: justify\">\u00abEn todo el universo creado podemos encontrar se\u00f1ales que son como el puente que nos une con el mundo inefable del Dios escondido. Se debe concretar en el tiempo, es decir, en el curso de los acontecimientos, aquellos signos que nos puedan dar alguna noticia de la amante Providencia de Dios, o alg\u00fan indicio de algo que se relacione con el Reino de Dios o su acci\u00f3n secreta, o con la posibilidad, disponibilidad o exigencia de una acci\u00f3n apost\u00f3lica\u00bb. (16.4.1969).<\/p>\n<h2 style=\"text-align: justify\">3. \u00abSeguir el orden de la Providencia\u00bb.<\/h2>\n<p style=\"text-align: justify\">La situaci\u00f3n de la Iglesia, de los pobres, de los sacerdotes, contemplada por San Vicente desde la fe, le inspir\u00f3 las obras de San Vicente supo percibir la voz de Dios en los acontecimientos y ser consecuente con ella. As\u00ed le escribe al P. Le Vacher:<\/p>\n<p style=\"text-align: justify\">\u00abNinguna de estas obras (Congregaci\u00f3n, misiones, ordenandos, Hijas de la Caridad, etc.) se emprendieron por nuestra cuenta y siguiendo nuestros planes, sino por Dios, que deseaba ser servido en esas ocasiones, sin que supi\u00e9ramos hasta d\u00f3nde \u00edbamos a llegar\u00bb. (VI 499).<\/p>\n<p style=\"text-align: justify\">Para San Vicente lo importante es seguir los pasos de la Providencia, actuar seg\u00fan lo que ella nos manifiesta tanto en las grandes decisiones como en el comportamiento ordinario.<\/p>\n<ul>\n<li style=\"text-align: justify\">\u00bfProcuro enteramente, estudiar y reflexionar sobre aquellos acontecimientos que afectan a la vida de la Iglesia positiva o negativamente?<\/li>\n<li style=\"text-align: justify\">\u00bfQu\u00e9 signos de los tiempos son los que hoy m\u00e1s est\u00e1n afectando a la vida de la Congregaci\u00f3n de la Misi\u00f3n?<\/li>\n<\/ul>\n<h2 style=\"text-align: justify\">Oraci\u00f3n:<\/h2>\n<p style=\"text-align: justify\">\u00abOh Se\u00f1or, que nos has concedido la gracia de ver y pensar, la fuerza de amar y la alegr\u00eda de darse, ay\u00fadanos a saber comprender los signos de los tiempos, a discernirlos a la luz del Evangelio y de nuestra vocaci\u00f3n para que con fidelidad plena podamos servirte a ti, a la Iglesia y a los pobres. Por Jesucristo nuestro Se\u00f1or\u00bb.<\/p>\n","protected":false},"excerpt":{"rendered":"<p>\u00abAl caer de la tarde dec\u00eds: Est\u00e1 el cielo colorado, va a hacer bueno. Por la ma\u00f1ana dec\u00eds: Est\u00e1 el cielo de color triste, hoy va a haber tormenta. El aspecto del cielo sab\u00e9is interpretarlo, &#8230; <a href=\"https:\/\/vincentians.com\/es\/atentos-a-los-signos-de-los-tiempos\/\" class=\"more-link\">Read More<\/a><\/p>\n","protected":false},"author":4,"featured_media":149048,"comment_status":"open","ping_status":"open","sticky":false,"template":"","format":"standard","meta":{"rs_blank_template":"","rs_page_bg_color":"","slide_template_v7":"","_jetpack_newsletter_access":"","_jetpack_dont_email_post_to_subs":false,"_jetpack_newsletter_tier_id":0,"_jetpack_memberships_contains_paywalled_content":false,"_jetpack_feature_clip_id":0,"_jetpack_memberships_contains_paid_content":false,"footnotes":"","jetpack_publicize_message":"","jetpack_publicize_feature_enabled":true,"jetpack_social_post_already_shared":true,"jetpack_social_options":{"image_generator_settings":{"template":"highway","default_image_id":0,"font":"","enabled":false},"version":2},"jetpack_post_was_ever_published":false},"categories":[226],"tags":[],"class_list":["post-131324","post","type-post","status-publish","format-standard","has-post-thumbnail","hentry","category-espiritualidad-vicenciana"],"yoast_head":"<!-- This site is optimized with the Yoast SEO plugin v27.9 - https:\/\/yoast.com\/product\/yoast-seo-wordpress\/ -->\n<title>Atentos a los signos de los tiempos - Somos Vicencianos<\/title>\n<meta name=\"robots\" content=\"index, follow, max-snippet:-1, max-image-preview:large, max-video-preview:-1\" \/>\n<link rel=\"canonical\" href=\"https:\/\/vincentians.com\/es\/atentos-a-los-signos-de-los-tiempos\/\" \/>\n<meta property=\"og:locale\" content=\"es_ES\" \/>\n<meta property=\"og:type\" content=\"article\" \/>\n<meta property=\"og:title\" content=\"Atentos a los signos de los tiempos - Somos Vicencianos\" \/>\n<meta property=\"og:description\" content=\"\u00abAl caer de la tarde dec\u00eds: Est\u00e1 el cielo colorado, va a hacer bueno. Por la ma\u00f1ana dec\u00eds: Est\u00e1 el cielo de color triste, hoy va a haber tormenta. El aspecto del cielo sab\u00e9is interpretarlo, ... Read More\" \/>\n<meta property=\"og:url\" content=\"https:\/\/vincentians.com\/es\/atentos-a-los-signos-de-los-tiempos\/\" \/>\n<meta property=\"og:site_name\" content=\"Somos Vicencianos\" \/>\n<meta property=\"article:publisher\" content=\"https:\/\/www.facebook.com\/WeAreVincentians\/\" \/>\n<meta property=\"article:author\" content=\"https:\/\/www.facebook.com\/JavierChento\" \/>\n<meta property=\"article:published_time\" content=\"2015-05-25T05:49:04+00:00\" \/>\n<meta name=\"author\" content=\"Francisco Javier Fern\u00e1ndez Chento\" \/>\n<meta name=\"twitter:card\" content=\"summary_large_image\" \/>\n<meta name=\"twitter:creator\" content=\"@https:\/\/twitter.com\/javierchento\" \/>\n<meta name=\"twitter:site\" content=\"@WeVincentians\" \/>\n<meta name=\"twitter:label1\" content=\"Escrito por\" \/>\n\t<meta name=\"twitter:data1\" content=\"Francisco Javier Fern\u00e1ndez Chento\" \/>\n\t<meta name=\"twitter:label2\" content=\"Tiempo de lectura\" \/>\n\t<meta name=\"twitter:data2\" content=\"4 minutos\" \/>\n<script type=\"application\/ld+json\" class=\"yoast-schema-graph\">{\"@context\":\"https:\\\/\\\/schema.org\",\"@graph\":[{\"@type\":\"Article\",\"@id\":\"https:\\\/\\\/vincentians.com\\\/es\\\/atentos-a-los-signos-de-los-tiempos\\\/#article\",\"isPartOf\":{\"@id\":\"https:\\\/\\\/vincentians.com\\\/es\\\/atentos-a-los-signos-de-los-tiempos\\\/\"},\"author\":{\"name\":\"Francisco Javier Fern\u00e1ndez Chento\",\"@id\":\"https:\\\/\\\/vincentians.com\\\/es\\\/#\\\/schema\\\/person\\\/9623ef4d9aa3b2dfb8c061f1499288f2\"},\"headline\":\"Atentos a los signos de los tiempos\",\"datePublished\":\"2015-05-25T05:49:04+00:00\",\"mainEntityOfPage\":{\"@id\":\"https:\\\/\\\/vincentians.com\\\/es\\\/atentos-a-los-signos-de-los-tiempos\\\/\"},\"wordCount\":752,\"commentCount\":0,\"publisher\":{\"@id\":\"https:\\\/\\\/vincentians.com\\\/es\\\/#organization\"},\"image\":{\"@id\":\"https:\\\/\\\/vincentians.com\\\/es\\\/atentos-a-los-signos-de-los-tiempos\\\/#primaryimage\"},\"thumbnailUrl\":\"\",\"articleSection\":[\"Espiritualidad vicenciana\"],\"inLanguage\":\"es\",\"potentialAction\":[{\"@type\":\"CommentAction\",\"name\":\"Comment\",\"target\":[\"https:\\\/\\\/vincentians.com\\\/es\\\/atentos-a-los-signos-de-los-tiempos\\\/#respond\"]}]},{\"@type\":\"WebPage\",\"@id\":\"https:\\\/\\\/vincentians.com\\\/es\\\/atentos-a-los-signos-de-los-tiempos\\\/\",\"url\":\"https:\\\/\\\/vincentians.com\\\/es\\\/atentos-a-los-signos-de-los-tiempos\\\/\",\"name\":\"Atentos a los signos de los tiempos - Somos Vicencianos\",\"isPartOf\":{\"@id\":\"https:\\\/\\\/vincentians.com\\\/es\\\/#website\"},\"primaryImageOfPage\":{\"@id\":\"https:\\\/\\\/vincentians.com\\\/es\\\/atentos-a-los-signos-de-los-tiempos\\\/#primaryimage\"},\"image\":{\"@id\":\"https:\\\/\\\/vincentians.com\\\/es\\\/atentos-a-los-signos-de-los-tiempos\\\/#primaryimage\"},\"thumbnailUrl\":\"\",\"datePublished\":\"2015-05-25T05:49:04+00:00\",\"breadcrumb\":{\"@id\":\"https:\\\/\\\/vincentians.com\\\/es\\\/atentos-a-los-signos-de-los-tiempos\\\/#breadcrumb\"},\"inLanguage\":\"es\",\"potentialAction\":[{\"@type\":\"ReadAction\",\"target\":[\"https:\\\/\\\/vincentians.com\\\/es\\\/atentos-a-los-signos-de-los-tiempos\\\/\"]}]},{\"@type\":\"ImageObject\",\"inLanguage\":\"es\",\"@id\":\"https:\\\/\\\/vincentians.com\\\/es\\\/atentos-a-los-signos-de-los-tiempos\\\/#primaryimage\",\"url\":\"\",\"contentUrl\":\"\"},{\"@type\":\"BreadcrumbList\",\"@id\":\"https:\\\/\\\/vincentians.com\\\/es\\\/atentos-a-los-signos-de-los-tiempos\\\/#breadcrumb\",\"itemListElement\":[{\"@type\":\"ListItem\",\"position\":1,\"name\":\"Portada\",\"item\":\"https:\\\/\\\/vincentians.com\\\/es\\\/\"},{\"@type\":\"ListItem\",\"position\":2,\"name\":\"Atentos a los signos de los tiempos\"}]},{\"@type\":\"WebSite\",\"@id\":\"https:\\\/\\\/vincentians.com\\\/es\\\/#website\",\"url\":\"https:\\\/\\\/vincentians.com\\\/es\\\/\",\"name\":\"Somos Vicencianos\",\"description\":\"Know more to serve more\",\"publisher\":{\"@id\":\"https:\\\/\\\/vincentians.com\\\/es\\\/#organization\"},\"potentialAction\":[{\"@type\":\"SearchAction\",\"target\":{\"@type\":\"EntryPoint\",\"urlTemplate\":\"https:\\\/\\\/vincentians.com\\\/es\\\/?s={search_term_string}\"},\"query-input\":{\"@type\":\"PropertyValueSpecification\",\"valueRequired\":true,\"valueName\":\"search_term_string\"}}],\"inLanguage\":\"es\"},{\"@type\":\"Organization\",\"@id\":\"https:\\\/\\\/vincentians.com\\\/es\\\/#organization\",\"name\":\"The Vincentian Network\",\"url\":\"https:\\\/\\\/vincentians.com\\\/es\\\/\",\"logo\":{\"@type\":\"ImageObject\",\"inLanguage\":\"es\",\"@id\":\"https:\\\/\\\/vincentians.com\\\/es\\\/#\\\/schema\\\/logo\\\/image\\\/\",\"url\":\"https:\\\/\\\/i1.wp.com\\\/vincentians.com\\\/es\\\/wp-content\\\/uploads\\\/sites\\\/11\\\/2016\\\/06\\\/Vincentian-Network-logo-big.png?fit=778%2C778\",\"contentUrl\":\"https:\\\/\\\/i1.wp.com\\\/vincentians.com\\\/es\\\/wp-content\\\/uploads\\\/sites\\\/11\\\/2016\\\/06\\\/Vincentian-Network-logo-big.png?fit=778%2C778\",\"width\":778,\"height\":778,\"caption\":\"The Vincentian Network\"},\"image\":{\"@id\":\"https:\\\/\\\/vincentians.com\\\/es\\\/#\\\/schema\\\/logo\\\/image\\\/\"},\"sameAs\":[\"https:\\\/\\\/www.facebook.com\\\/WeAreVincentians\\\/\",\"https:\\\/\\\/x.com\\\/WeVincentians\"]},{\"@type\":\"Person\",\"@id\":\"https:\\\/\\\/vincentians.com\\\/es\\\/#\\\/schema\\\/person\\\/9623ef4d9aa3b2dfb8c061f1499288f2\",\"name\":\"Francisco Javier Fern\u00e1ndez Chento\",\"image\":{\"@type\":\"ImageObject\",\"inLanguage\":\"es\",\"@id\":\"https:\\\/\\\/secure.gravatar.com\\\/avatar\\\/497d5cde87b4c3d097d0315953521681ba2cd523ee66e5077c3711f7021e65de?s=96&d=mm&r=g\",\"url\":\"https:\\\/\\\/secure.gravatar.com\\\/avatar\\\/497d5cde87b4c3d097d0315953521681ba2cd523ee66e5077c3711f7021e65de?s=96&d=mm&r=g\",\"contentUrl\":\"https:\\\/\\\/secure.gravatar.com\\\/avatar\\\/497d5cde87b4c3d097d0315953521681ba2cd523ee66e5077c3711f7021e65de?s=96&d=mm&r=g\",\"caption\":\"Francisco Javier Fern\u00e1ndez Chento\"},\"description\":\"Director General y cofundador de La Red de Formaci\u00f3n Vicenciana. Javier es laico vicenciano, afiliado a la Congregaci\u00f3n de la Misi\u00f3n y miembro del Equipo de Misiones Populares de la provincia can\u00f3nica de Zaragoza (Espa\u00f1a) de la Congregaci\u00f3n de la Misi\u00f3n. Graduado en la Universidad Oberta de Catalunya con cuatro grados (Asistente de direcci\u00f3n, Gesti\u00f3n Administrativa, Recursos Humanos y Contabilidad Avanzada). Bil\u00edng\u00fce Espa\u00f1ol\\\/Ingl\u00e9s. gestiona y mantiene varias p\u00e1ginas web cristianas y vicencianas, incluida including La Red de Formaci\u00f3n Vicenciana, de la que es cofundador. Actualmente es responsable del \u00e1rea de Espa\u00f1ol de .famvin, la Red de Noticias de la Familia Vicenciana. Tambi\u00e9n es m\u00fasico cat\u00f3lico y ha editado varios discos. Es Director General y cofundador de Trovador, una reconocida compa\u00f1\u00eda discogr\u00e1fica critiana de Espa\u00f1a. Trabaja en las Tecnolog\u00edas de la Informaci\u00f3n, ofreciendo servicios de alojamiento, dise\u00f1o y mantenimiento Web, as\u00ed como asesoramiento, formaci\u00f3n y soluciones inform\u00e1ticas, gesti\u00f3n documental y digitalizaci\u00f3n de textos, edici\u00f3n y maquetaci\u00f3n de libros, revistas, flyers, etc.\",\"sameAs\":[\"http:\\\/\\\/chento.org\",\"https:\\\/\\\/www.facebook.com\\\/JavierChento\",\"https:\\\/\\\/x.com\\\/https:\\\/\\\/twitter.com\\\/javierchento\"],\"url\":\"https:\\\/\\\/vincentians.com\\\/es\\\/author\\\/chento\\\/\"}]}<\/script>\n<!-- \/ Yoast SEO plugin. -->","yoast_head_json":{"title":"Atentos a los signos de los tiempos - Somos Vicencianos","robots":{"index":"index","follow":"follow","max-snippet":"max-snippet:-1","max-image-preview":"max-image-preview:large","max-video-preview":"max-video-preview:-1"},"canonical":"https:\/\/vincentians.com\/es\/atentos-a-los-signos-de-los-tiempos\/","og_locale":"es_ES","og_type":"article","og_title":"Atentos a los signos de los tiempos - Somos Vicencianos","og_description":"\u00abAl caer de la tarde dec\u00eds: Est\u00e1 el cielo colorado, va a hacer bueno. Por la ma\u00f1ana dec\u00eds: Est\u00e1 el cielo de color triste, hoy va a haber tormenta. El aspecto del cielo sab\u00e9is interpretarlo, ... Read More","og_url":"https:\/\/vincentians.com\/es\/atentos-a-los-signos-de-los-tiempos\/","og_site_name":"Somos Vicencianos","article_publisher":"https:\/\/www.facebook.com\/WeAreVincentians\/","article_author":"https:\/\/www.facebook.com\/JavierChento","article_published_time":"2015-05-25T05:49:04+00:00","author":"Francisco Javier Fern\u00e1ndez Chento","twitter_card":"summary_large_image","twitter_creator":"@https:\/\/twitter.com\/javierchento","twitter_site":"@WeVincentians","twitter_misc":{"Escrito por":"Francisco Javier Fern\u00e1ndez Chento","Tiempo de lectura":"4 minutos"},"schema":{"@context":"https:\/\/schema.org","@graph":[{"@type":"Article","@id":"https:\/\/vincentians.com\/es\/atentos-a-los-signos-de-los-tiempos\/#article","isPartOf":{"@id":"https:\/\/vincentians.com\/es\/atentos-a-los-signos-de-los-tiempos\/"},"author":{"name":"Francisco Javier Fern\u00e1ndez Chento","@id":"https:\/\/vincentians.com\/es\/#\/schema\/person\/9623ef4d9aa3b2dfb8c061f1499288f2"},"headline":"Atentos a los signos de los tiempos","datePublished":"2015-05-25T05:49:04+00:00","mainEntityOfPage":{"@id":"https:\/\/vincentians.com\/es\/atentos-a-los-signos-de-los-tiempos\/"},"wordCount":752,"commentCount":0,"publisher":{"@id":"https:\/\/vincentians.com\/es\/#organization"},"image":{"@id":"https:\/\/vincentians.com\/es\/atentos-a-los-signos-de-los-tiempos\/#primaryimage"},"thumbnailUrl":"","articleSection":["Espiritualidad vicenciana"],"inLanguage":"es","potentialAction":[{"@type":"CommentAction","name":"Comment","target":["https:\/\/vincentians.com\/es\/atentos-a-los-signos-de-los-tiempos\/#respond"]}]},{"@type":"WebPage","@id":"https:\/\/vincentians.com\/es\/atentos-a-los-signos-de-los-tiempos\/","url":"https:\/\/vincentians.com\/es\/atentos-a-los-signos-de-los-tiempos\/","name":"Atentos a los signos de los tiempos - Somos Vicencianos","isPartOf":{"@id":"https:\/\/vincentians.com\/es\/#website"},"primaryImageOfPage":{"@id":"https:\/\/vincentians.com\/es\/atentos-a-los-signos-de-los-tiempos\/#primaryimage"},"image":{"@id":"https:\/\/vincentians.com\/es\/atentos-a-los-signos-de-los-tiempos\/#primaryimage"},"thumbnailUrl":"","datePublished":"2015-05-25T05:49:04+00:00","breadcrumb":{"@id":"https:\/\/vincentians.com\/es\/atentos-a-los-signos-de-los-tiempos\/#breadcrumb"},"inLanguage":"es","potentialAction":[{"@type":"ReadAction","target":["https:\/\/vincentians.com\/es\/atentos-a-los-signos-de-los-tiempos\/"]}]},{"@type":"ImageObject","inLanguage":"es","@id":"https:\/\/vincentians.com\/es\/atentos-a-los-signos-de-los-tiempos\/#primaryimage","url":"","contentUrl":""},{"@type":"BreadcrumbList","@id":"https:\/\/vincentians.com\/es\/atentos-a-los-signos-de-los-tiempos\/#breadcrumb","itemListElement":[{"@type":"ListItem","position":1,"name":"Portada","item":"https:\/\/vincentians.com\/es\/"},{"@type":"ListItem","position":2,"name":"Atentos a los signos de los tiempos"}]},{"@type":"WebSite","@id":"https:\/\/vincentians.com\/es\/#website","url":"https:\/\/vincentians.com\/es\/","name":"Somos Vicencianos","description":"Know more to serve more","publisher":{"@id":"https:\/\/vincentians.com\/es\/#organization"},"potentialAction":[{"@type":"SearchAction","target":{"@type":"EntryPoint","urlTemplate":"https:\/\/vincentians.com\/es\/?s={search_term_string}"},"query-input":{"@type":"PropertyValueSpecification","valueRequired":true,"valueName":"search_term_string"}}],"inLanguage":"es"},{"@type":"Organization","@id":"https:\/\/vincentians.com\/es\/#organization","name":"The Vincentian Network","url":"https:\/\/vincentians.com\/es\/","logo":{"@type":"ImageObject","inLanguage":"es","@id":"https:\/\/vincentians.com\/es\/#\/schema\/logo\/image\/","url":"https:\/\/i1.wp.com\/vincentians.com\/es\/wp-content\/uploads\/sites\/11\/2016\/06\/Vincentian-Network-logo-big.png?fit=778%2C778","contentUrl":"https:\/\/i1.wp.com\/vincentians.com\/es\/wp-content\/uploads\/sites\/11\/2016\/06\/Vincentian-Network-logo-big.png?fit=778%2C778","width":778,"height":778,"caption":"The Vincentian Network"},"image":{"@id":"https:\/\/vincentians.com\/es\/#\/schema\/logo\/image\/"},"sameAs":["https:\/\/www.facebook.com\/WeAreVincentians\/","https:\/\/x.com\/WeVincentians"]},{"@type":"Person","@id":"https:\/\/vincentians.com\/es\/#\/schema\/person\/9623ef4d9aa3b2dfb8c061f1499288f2","name":"Francisco Javier Fern\u00e1ndez Chento","image":{"@type":"ImageObject","inLanguage":"es","@id":"https:\/\/secure.gravatar.com\/avatar\/497d5cde87b4c3d097d0315953521681ba2cd523ee66e5077c3711f7021e65de?s=96&d=mm&r=g","url":"https:\/\/secure.gravatar.com\/avatar\/497d5cde87b4c3d097d0315953521681ba2cd523ee66e5077c3711f7021e65de?s=96&d=mm&r=g","contentUrl":"https:\/\/secure.gravatar.com\/avatar\/497d5cde87b4c3d097d0315953521681ba2cd523ee66e5077c3711f7021e65de?s=96&d=mm&r=g","caption":"Francisco Javier Fern\u00e1ndez Chento"},"description":"Director General y cofundador de La Red de Formaci\u00f3n Vicenciana. Javier es laico vicenciano, afiliado a la Congregaci\u00f3n de la Misi\u00f3n y miembro del Equipo de Misiones Populares de la provincia can\u00f3nica de Zaragoza (Espa\u00f1a) de la Congregaci\u00f3n de la Misi\u00f3n. Graduado en la Universidad Oberta de Catalunya con cuatro grados (Asistente de direcci\u00f3n, Gesti\u00f3n Administrativa, Recursos Humanos y Contabilidad Avanzada). Bil\u00edng\u00fce Espa\u00f1ol\/Ingl\u00e9s. gestiona y mantiene varias p\u00e1ginas web cristianas y vicencianas, incluida including La Red de Formaci\u00f3n Vicenciana, de la que es cofundador. Actualmente es responsable del \u00e1rea de Espa\u00f1ol de .famvin, la Red de Noticias de la Familia Vicenciana. Tambi\u00e9n es m\u00fasico cat\u00f3lico y ha editado varios discos. Es Director General y cofundador de Trovador, una reconocida compa\u00f1\u00eda discogr\u00e1fica critiana de Espa\u00f1a. Trabaja en las Tecnolog\u00edas de la Informaci\u00f3n, ofreciendo servicios de alojamiento, dise\u00f1o y mantenimiento Web, as\u00ed como asesoramiento, formaci\u00f3n y soluciones inform\u00e1ticas, gesti\u00f3n documental y digitalizaci\u00f3n de textos, edici\u00f3n y maquetaci\u00f3n de libros, revistas, flyers, etc.","sameAs":["http:\/\/chento.org","https:\/\/www.facebook.com\/JavierChento","https:\/\/x.com\/https:\/\/twitter.com\/javierchento"],"url":"https:\/\/vincentians.com\/es\/author\/chento\/"}]}},"jetpack_publicize_connections":[],"jetpack_featured_media_url":"","jetpack_sharing_enabled":true,"jetpack_shortlink":"https:\/\/wp.me\/p7ETMF-ya8","jetpack-related-posts":[{"id":128870,"url":"https:\/\/vincentians.com\/es\/cristianos-laicos-y-signos-de-los-tiempos-2\/","url_meta":{"origin":131324,"position":0},"title":"Cristianos laicos y signos de los tiempos (2)","author":"Francisco Javier Fern\u00e1ndez Chento","date":"01\/11\/2024","format":false,"excerpt":"II. Hacia una definici\u00f3n o descripci\u00f3n de los \"Signos de los tiempos\" El lenguaje de los \"signos\" en la cultura del icono En nuestros d\u00edas estamos ante un progresivo resurgir del inte\u00adr\u00e9s por lo simb\u00f3lico, en una sociedad que, desde el punto de vista cultural, se define \"ic\u00f3nica\". Existe una\u2026","rel":"","context":"En \u00abFormaci\u00f3n Cristiana\u00bb","block_context":{"text":"Formaci\u00f3n Cristiana","link":"https:\/\/vincentians.com\/es\/category\/formacion-cristiana\/"},"img":{"alt_text":"","src":"https:\/\/i0.wp.com\/vincentians.com\/es\/wp-content\/uploads\/sites\/11\/2023\/08\/aa.jpg?fit=848%2C565&ssl=1&resize=350%2C200","width":350,"height":200,"srcset":"https:\/\/i0.wp.com\/vincentians.com\/es\/wp-content\/uploads\/sites\/11\/2023\/08\/aa.jpg?fit=848%2C565&ssl=1&resize=350%2C200 1x, https:\/\/i0.wp.com\/vincentians.com\/es\/wp-content\/uploads\/sites\/11\/2023\/08\/aa.jpg?fit=848%2C565&ssl=1&resize=525%2C300 1.5x, https:\/\/i0.wp.com\/vincentians.com\/es\/wp-content\/uploads\/sites\/11\/2023\/08\/aa.jpg?fit=848%2C565&ssl=1&resize=700%2C400 2x"},"classes":[]},{"id":129198,"url":"https:\/\/vincentians.com\/es\/cristianos-laicos-y-signos-de-los-tiempos-5\/","url_meta":{"origin":131324,"position":1},"title":"Cristianos laicos y signos de los tiempos (5)","author":"Francisco Javier Fern\u00e1ndez Chento","date":"29\/11\/2024","format":false,"excerpt":"V. Actitudes posibles frente a los \"Signos de los Tiempos\" Hay que reconocer que no fue f\u00e1cil para la Iglesia llegar a la persuasi\u00f3n de que los acontecimientos hist\u00f3ricos en general, y algunos fen\u00f3menos que han significando cambios profundos y decisivos para el devenir de la historia, en particular, eran\u2026","rel":"","context":"En \u00abFormaci\u00f3n Cristiana\u00bb","block_context":{"text":"Formaci\u00f3n Cristiana","link":"https:\/\/vincentians.com\/es\/category\/formacion-cristiana\/"},"img":{"alt_text":"","src":"https:\/\/i0.wp.com\/vincentians.com\/es\/wp-content\/uploads\/sites\/11\/2013\/04\/4.jpg?fit=1200%2C801&ssl=1&resize=350%2C200","width":350,"height":200,"srcset":"https:\/\/i0.wp.com\/vincentians.com\/es\/wp-content\/uploads\/sites\/11\/2013\/04\/4.jpg?fit=1200%2C801&ssl=1&resize=350%2C200 1x, https:\/\/i0.wp.com\/vincentians.com\/es\/wp-content\/uploads\/sites\/11\/2013\/04\/4.jpg?fit=1200%2C801&ssl=1&resize=525%2C300 1.5x, https:\/\/i0.wp.com\/vincentians.com\/es\/wp-content\/uploads\/sites\/11\/2013\/04\/4.jpg?fit=1200%2C801&ssl=1&resize=700%2C400 2x, https:\/\/i0.wp.com\/vincentians.com\/es\/wp-content\/uploads\/sites\/11\/2013\/04\/4.jpg?fit=1200%2C801&ssl=1&resize=1050%2C600 3x"},"classes":[]},{"id":129204,"url":"https:\/\/vincentians.com\/es\/cristianos-laicos-y-signos-de-los-tiempos-6\/","url_meta":{"origin":131324,"position":2},"title":"Cristianos laicos y signos de los tiempos (6)","author":"Francisco Javier Fern\u00e1ndez Chento","date":"15\/12\/2024","format":false,"excerpt":"VI. Criterios de discernimiento Durante siglos, la Escritura y la Tradici\u00f3n (con may\u00fascula), han sido las 'canteras de datos' fundamentales y principales para el quehacer teol\u00f3gico. Pero, dado el espectacular y decisivo giro antropol\u00f3gico experimentado en todos los \u00e1mbitos del saber (y la teolog\u00eda es un saber), las ciencias del\u2026","rel":"","context":"En \u00abFormaci\u00f3n Cristiana\u00bb","block_context":{"text":"Formaci\u00f3n Cristiana","link":"https:\/\/vincentians.com\/es\/category\/formacion-cristiana\/"},"img":{"alt_text":"","src":"https:\/\/i0.wp.com\/vincentians.com\/es\/wp-content\/uploads\/sites\/11\/2023\/08\/aa.jpeg?fit=1152%2C648&ssl=1&resize=350%2C200","width":350,"height":200,"srcset":"https:\/\/i0.wp.com\/vincentians.com\/es\/wp-content\/uploads\/sites\/11\/2023\/08\/aa.jpeg?fit=1152%2C648&ssl=1&resize=350%2C200 1x, https:\/\/i0.wp.com\/vincentians.com\/es\/wp-content\/uploads\/sites\/11\/2023\/08\/aa.jpeg?fit=1152%2C648&ssl=1&resize=525%2C300 1.5x, https:\/\/i0.wp.com\/vincentians.com\/es\/wp-content\/uploads\/sites\/11\/2023\/08\/aa.jpeg?fit=1152%2C648&ssl=1&resize=700%2C400 2x, https:\/\/i0.wp.com\/vincentians.com\/es\/wp-content\/uploads\/sites\/11\/2023\/08\/aa.jpeg?fit=1152%2C648&ssl=1&resize=1050%2C600 3x"},"classes":[]},{"id":405264,"url":"https:\/\/vincentians.com\/es\/el-signo-de-estos-tiempos-i\/","url_meta":{"origin":131324,"position":3},"title":"El signo de estos tiempos (I)","author":"Mitxel Olabu\u00e9naga","date":"12\/07\/2024","format":false,"excerpt":"PRENOTANDOS Los signos de los tiempos Cerrado con el \u00faltimo de los ap\u00f3stoles el tiempo de la revela\u00adci\u00f3n expl\u00edcita, camina desde entonces la Iglesia a trav\u00e9s de su his\u00adtoria. Su punto de partida es la palabra de Dios hecha carne en Je\u00adsucristo; el Esp\u00edritu Santo es el alma de su\u2026","rel":"","context":"En \u00abFormaci\u00f3n Cristiana\u00bb","block_context":{"text":"Formaci\u00f3n Cristiana","link":"https:\/\/vincentians.com\/es\/category\/formacion-cristiana\/"},"img":{"alt_text":"","src":"","width":0,"height":0},"classes":[]},{"id":48453,"url":"https:\/\/vincentians.com\/es\/anunciaba-el-reino-de-dios-su-ensenanza-y-sus-obras\/","url_meta":{"origin":131324,"position":4},"title":"Anunciaba el Reino de Dios: su ense\u00f1anza y sus obras","author":"Francisco Javier Fern\u00e1ndez Chento","date":"09\/12\/2016","format":false,"excerpt":"Mostrar a Jesucristo como la Buena Noticia que ilumina, unifica y da sentido a la existencia humana. OBJETO DE LA CATEQUESIS: Mostrar a Jesucristo como la Buena Noticia que ilumina, unifica y da sentido a la existencia humana. El Reino de Dios que anuncia es la felicidad de los que,\u2026","rel":"","context":"En \u00abFormaci\u00f3n Cristiana\u00bb","block_context":{"text":"Formaci\u00f3n Cristiana","link":"https:\/\/vincentians.com\/es\/category\/formacion-cristiana\/"},"img":{"alt_text":"","src":"https:\/\/i0.wp.com\/vincentians.com\/es\/wp-content\/uploads\/sites\/11\/2016\/09\/enviados-evangelizar-pobres.jpg?fit=1200%2C630&ssl=1&resize=350%2C200","width":350,"height":200,"srcset":"https:\/\/i0.wp.com\/vincentians.com\/es\/wp-content\/uploads\/sites\/11\/2016\/09\/enviados-evangelizar-pobres.jpg?fit=1200%2C630&ssl=1&resize=350%2C200 1x, https:\/\/i0.wp.com\/vincentians.com\/es\/wp-content\/uploads\/sites\/11\/2016\/09\/enviados-evangelizar-pobres.jpg?fit=1200%2C630&ssl=1&resize=525%2C300 1.5x, https:\/\/i0.wp.com\/vincentians.com\/es\/wp-content\/uploads\/sites\/11\/2016\/09\/enviados-evangelizar-pobres.jpg?fit=1200%2C630&ssl=1&resize=700%2C400 2x, https:\/\/i0.wp.com\/vincentians.com\/es\/wp-content\/uploads\/sites\/11\/2016\/09\/enviados-evangelizar-pobres.jpg?fit=1200%2C630&ssl=1&resize=1050%2C600 3x"},"classes":[]},{"id":21073,"url":"https:\/\/vincentians.com\/es\/la-bandera-de-la-union-europea\/","url_meta":{"origin":131324,"position":5},"title":"La bandera de la Uni\u00f3n Europea","author":"Francisco Javier Fern\u00e1ndez Chento","date":"22\/02\/2015","format":false,"excerpt":"Tanto los colores, como los s\u00edmbolos, como su disposici\u00f3n provienen directamente de la devoci\u00f3n mariana: son un signo expl\u00edcito de devoci\u00f3n a la Virgen Mar\u00eda. \u00bfSe trata de una de esas \"astucias de la Historia\" de las que hablaba Hegel? Desde luego, el caso es realmente curioso. El jueves 10\u2026","rel":"","context":"En \u00abVirgen Mar\u00eda\u00bb","block_context":{"text":"Virgen Mar\u00eda","link":"https:\/\/vincentians.com\/es\/category\/espiritualidad\/virgen-maria\/"},"img":{"alt_text":"","src":"https:\/\/i0.wp.com\/vicencianos.org\/vicencianos\/files\/2010\/04\/Bandera_UE-300x200.jpg?resize=350%2C200","width":350,"height":200},"classes":[]}],"_links":{"self":[{"href":"https:\/\/vincentians.com\/es\/wp-json\/wp\/v2\/posts\/131324","targetHints":{"allow":["GET"]}}],"collection":[{"href":"https:\/\/vincentians.com\/es\/wp-json\/wp\/v2\/posts"}],"about":[{"href":"https:\/\/vincentians.com\/es\/wp-json\/wp\/v2\/types\/post"}],"author":[{"embeddable":true,"href":"https:\/\/vincentians.com\/es\/wp-json\/wp\/v2\/users\/4"}],"replies":[{"embeddable":true,"href":"https:\/\/vincentians.com\/es\/wp-json\/wp\/v2\/comments?post=131324"}],"version-history":[{"count":0,"href":"https:\/\/vincentians.com\/es\/wp-json\/wp\/v2\/posts\/131324\/revisions"}],"wp:attachment":[{"href":"https:\/\/vincentians.com\/es\/wp-json\/wp\/v2\/media?parent=131324"}],"wp:term":[{"taxonomy":"category","embeddable":true,"href":"https:\/\/vincentians.com\/es\/wp-json\/wp\/v2\/categories?post=131324"},{"taxonomy":"post_tag","embeddable":true,"href":"https:\/\/vincentians.com\/es\/wp-json\/wp\/v2\/tags?post=131324"}],"curies":[{"name":"wp","href":"https:\/\/api.w.org\/{rel}","templated":true}]}}