{"id":131209,"date":"2014-08-21T08:00:45","date_gmt":"2014-08-21T06:00:45","guid":{"rendered":"http:\/\/somos.vicencianos.org\/?p=131209"},"modified":"2014-08-21T08:00:45","modified_gmt":"2014-08-21T06:00:45","slug":"la-gran-mision-de-valencia-30-enero-14-febrero-1949","status":"publish","type":"post","link":"https:\/\/vincentians.com\/es\/la-gran-mision-de-valencia-30-enero-14-febrero-1949\/","title":{"rendered":"La Gran Misi\u00f3n de Valencia (30 enero &#8211; 14 febrero 1949)"},"content":{"rendered":"<p style=\"text-align: justify\"><a href=\"http:\/\/vicencianos.org\/blog\/de-la-religion-de-san-pedro-i\/escudocm-70\/\" rel=\"attachment wp-att-124415\"><img data-recalc-dims=\"1\" loading=\"lazy\" decoding=\"async\" class=\"alignleft  wp-image-124415\" src=\"https:\/\/i0.wp.com\/vicencianos.org\/wp-content\/2013\/07\/ESCUDOCM.jpg?resize=252%2C319\" alt=\"ESCUDOCM\" width=\"252\" height=\"319\" \/><\/a>Ni uno solo de nuestros habituales lectores desconoce a estas horas el hecho que ha sido se\u00f1alado como \u00abel mayor acontecimiento religioso del siglo\u00bb.<br \/>\nDesde la primera hora y por todos los medios de difusi\u00f3n, desde la prensa y radio diaria hasta la revista t\u00e9cnica es especializada, hanse publicado multitud de rese\u00f1as y comentarios acerca de la magna Misi\u00f3n de Valencia. Cualquiera de los nuestros que el d\u00eda de ma\u00f1ana precise datos informativos los habr\u00e1 de encontrar con relativa facilidad, abundantes y jugosos, en diarios y revistas, particularmente en el peri\u00f3dico especial de la Misi\u00f3n \u00abAll\u00e1\u00bb.<br \/>\nEllo, no obstante, nuestra revista de familia no se resigna a dejar de expresar su natural alegr\u00eda uni\u00e9ndose jubilosamente al santo y evang\u00e9lico \u00abvenientes venient Clan exultatione portantes manipulos suos\u00bb, entonado por el coraz\u00f3n agradecido de todos los Hijos de San Vicente, de Espa\u00f1a.<br \/>\nFue tan rica la cosecha, tan sabroso el fruto, tan clamoroso el triunfo de la fe, tan hondo el riego de la gracia, tantos los ditir\u00e1mbicos encomios al misionero&#8230; que para no perder la cabeza tras una vana y maligna hinchaz\u00f3n colectiva, la peque\u00f1a Compa\u00f1\u00eda tuvo que refugiarse en su evang\u00e9lico y vicenciano caparaz\u00f3n de la humildad de Comunidad, repitiendo para sus adentros: \u00abNon nobis, Do-mine, non nobis, sed nomini tuo da gloriam\u00bb. La gloria para Vos, Se\u00f1or, y para los miles y miles de almas que en tantas partes han venido rogando y sacrific\u00e1ndose por el \u00e9xito espiritual de la Misi\u00f3n, en especial nuestras hermanas en San Vicente, las Hijas de la Caridad.<br \/>\nLa Virgen Sant\u00edsima quiso hacer con sus misioneros de Valencia lo que la virtud del Esp\u00edritu Santo obr\u00f3 en Ella, \u00abgrandes cosas\u00bb. \u00a1Oh, la divina Madre de los Desamparados, c\u00f3mo pone en tensi\u00f3n el alma valenciana! Escribo ahora ante su imagen \u2014el obsequio que no le falt\u00f3 a ninguno de los misioneros a la hora de la despedida\u2014 y su vista me recuerda el escalofr\u00edo de las emociones recibidas cuando la he visto ir y venir en volandas sobre el mar espumoso de millares y docenas de millares de cabezas valencianas magnetizadas, alocadas, delirantes de le, entusiasmo y amor a su \u00abcheperudeta\u00bb.<br \/>\nCon todo, debernos dar su parte al elemento humano, a la organizaci\u00f3n, a la preparaci\u00f3n, a los medios t\u00e9cnicos que se emplearon en grande y bien.<br \/>\nY a la unidad perfecta en la direcci\u00f3n y en los m\u00e9todos.<br \/>\nY no minimicemos, por falsa modestia, la preparaci\u00f3n, el esfuerzo, el celo y la fatiga f\u00edsica de los 225 misioneros (pa\u00fales 125, del clero secular el resto) que se entregaron abnegadamente a una labor agotadora que ha dejado huellas en la salud de m\u00e1s de uno.<br \/>\nDe no haber contado con un tan excelente y completo servicio de micr\u00f3fonos y altavoces en todos los centros (unos 1.500), las bajas por afecciones lar\u00edngeas hubieran reducido los efectivos a la mitad, pues el tiempo lluvioso y desapacible se mostr\u00f3 aliado del diablo en buena parte de los d\u00edas de la Misi\u00f3n.<br \/>\nUna sola alusi\u00f3n personal. El se\u00f1or Arzobispo. Qu\u00e9 mente y qu\u00e9 coraz\u00f3n el de Monse\u00f1or Olaechea. Un prelado as\u00ed es la mejor de las bendiciones para una di\u00f3cesis, para su clero y para su pueblo&#8230; Guiando nos habl\u00f3 en la intimidad del retiro preparatorio, vi l\u00e1grimas en muchos ojos sacerdotales y misioneros. Cerrando los ojos, cre\u00edame transportado a una de aquellas conferencias familiares en que Nuestro Santo Padre San Vicente hablaba a los primeros misioneros: la misma sencillez, la misma dulzura, el mismo tono paternal, la misma fuerza persuasiva, las mismas ideas, casi las mismas palabras&#8230; De veras comprende a San Vicente y a su creaci\u00f3n genial de las misiones populares, y por ello nos distingue a sus hijos y nos quisiera consagrados por entero a dicho ministerio. Con qu\u00e9 acento nos dec\u00eda: \u00abDejad los colegios, dejad&#8230; e id a misiones, que es donde el Se\u00f1or os quiere y os bendice\u00bb.<br \/>\nNuestros Centros<br \/>\nLos 81 centros \u2014templos, salones, almacenes\u2014 estaban agrupados en 14 zonas o sectores de la ciudad con un jefe o director de zona encargado de transmitir a cada director de centro las \u00f3rdenes y consignas generales.<br \/>\nDe los seis centros encomendados a nuestra Provincia, tres estaban en la zona VI, dirigida por el P. Miguel Piquer, y los otros tres en otras tantas zonas, pero todos, a excepci\u00f3n del de San Mart\u00edn, en el extrarradio, a caballo sobre el Turia, en un ambiente, si no hostil, s\u00ed de reserva y prejuicio y alejamiento pr\u00e1ctico de la Iglesia, y donde hay que empezar por captarse al pueblo trabajador y pobre en su inmensa mayor\u00eda, y romper despu\u00e9s, a fuerza de cari\u00f1o y comprensi\u00f3n, la costra endurecida que los mantiene alejados del sacerdote y de las pr\u00e1cticas de la vida cristiana.<br \/>\nV\u00e9ase, como bot\u00f3n de muestra, algunos solamente de los datos confidenciales recibidos de una de dichas parroquias con varios miles de feligreses: \u00abExcepto unos contados propietarios y comerciantes, los dem\u00e1s son obreros. Muchos de ellos viven en plan de libertad vigilada&#8230; En el aspecto religioso, es una de las, peores feligres\u00edas de todo Valencia. Apenas si cumple con la Iglesia un diez por ciento&#8230; Tiene chavolas en el cauce del R\u00edo\u00bb.<br \/>\nAcerca de los frutos alcanzados, en la imposibilidad de aportar todos los datos de estad\u00edstica que obran en los archivos archidiocesanos, s\u00f3lo aduciremos el testimonio por dem\u00e1s elocuente del Muy Ilustre se\u00f1or Vicario General de Valencia, al cual, en una enumeraci\u00f3n de centros distinguido, le oy\u00f3 contar uno de nuestros misioneros a cuatro de nuestros seis centros. Laus Deo!<br \/>\nEl grupo de nuestra Provincia estaba formado por 18 misioneros, pero el P. Pous no pudo actuar por enfermo, y el P. Miserachs por hab\u00e9rsele muerto su padre la v\u00edspera misma de dar comienzo la santa Misi\u00f3n.<br \/>\nAnotemos, para terminar, la distribuci\u00f3n de personal y centros, advirtiendo que el primer nombre de cada uno de \u00e9stos es el del director:<br \/>\nSan Sebasti\u00e1n (parroquia): PP. Miguel Piquer y Mateo Coll y el Rdo. Ram\u00f3n Monta\u00f1ola, ec\u00f3nomo de Omells (Tarragona).<br \/>\nSan Jos\u00e9 de la Monta\u00f1a (santuario): PP. Jos\u00e9 Mar\u00eda Serrano y Jos\u00e9 Monta\u00f1ola.<br \/>\nSan Pedro Pascual (parroquia): PP. Nicol\u00e1s Pascual y Mart\u00edn Matas, y el Rdo. Jaime Cap\u00f3, vicario coadjutor de Inca (Mallorca).<br \/>\nSan Mart\u00edn (parroquia): PP. Juan Llad\u00f3 y Francisco Amengual, y el Rvdo. Jos\u00e9 Esteban, Arcipreste de Yecla.<br \/>\nSma. Trinidad (iglesia de religiosas): PP. Juan Coll, Pablo Cort\u00e9s y Antonio Tugores.<br \/>\nCruz Cubierta (parroquia): P. Andr\u00e9s Garc\u00edas y el Reverendo Dami\u00e1n Vidal, vicario coadjutor de Lluchmayor (Mallorca).<br \/>\nDespu\u00e9s de la Misi\u00f3n<br \/>\nLa Misi\u00f3n de Valencia tuvo honda repercusi\u00f3n dentro y fuera de Espa\u00f1a. Varios prelados enviaron a ella sus observadores. Varias capitales espa\u00f1olas mostraron deseos y solicitaron \u2014seg\u00fan parece\u2014, que el ej\u00e9rcito misionero de Valencia fuera a repetir en ellas la gesta de Cristo&#8230;<br \/>\nEl se\u00f1or-Arzobispo, patrocinador entusiasta de tales prop\u00f3sitos, entre los aplausos calurosos de todos los asistentes al \u00e1gape de despedida, suplic\u00f3 a los superiores de la Congregaci\u00f3n que, como primer paso para esta obra., se les consintiera a los sacerdotes-misioneros de Valencia el conservar el crucifijo de misionero.<br \/>\nSi cuaja la idea con la bendici\u00f3n de Dios, veremos otra vez c\u00f3mo se repiten sobre la geograf\u00eda patria las grandiosas y fervientes manifestaciones de fe que desbordaron las plazas y avenidas de la encantadora ciudad del Turia en la primera quincena de febrero de 1949.<br \/>\nEn orden a nuestra Provincia, hay la firme esperanza de que esta misi\u00f3n ser\u00e1 el punto de partida de un mayor afianzamiento y desarrollo de nuestras obras y ministerios en Valencia y en toda aquella prometedora porci\u00f3n de nuestro territorio jurisdiccional.<br \/>\nEn Levante necesita la Provincia una Casa Misi\u00f3n s\u00f3lidamente establecida con un personal selecto que pueda responder en todo momento a los deseos del Rdmo. Prelado y de su clero y pueblo.<br \/>\nUna Casa Misi\u00f3n que rompa los estrechos moldes del Monteolivete actual para retornar al Monteolivete espl\u00e9ndido de nuestros antiguos misioneros de Valencia. Aquellos hombres de Dios con visi\u00f3n amplia y optimista del futuro, que supieron levantar para sus obras ese caser\u00f3n espacioso, severo y macizo (hoy todav\u00eda prisi\u00f3n militar) y la airosa iglesia a \u00e9l adosada y que de nuevo regentamos desde 1939.<br \/>\nM\u00e1s adelante tendr\u00e1 que surgir el necesario complemento de una Escuela Apost\u00f3lica que fomente, recoja y cultive en aquella regi\u00f3n el plantel de vocaciones misioneras que Dios y San Vicente no dejan de suscitar y que hasta el presente se perd\u00edan o pasaban a engrosar ajenas gavillas.<br \/>\nNicol\u00e1s Pascual<br \/>\nEspluga de Francol\u00ed, abril de 1949.<\/p>\n","protected":false},"excerpt":{"rendered":"<p>Ni uno solo de nuestros habituales lectores desconoce a estas horas el hecho que ha sido se\u00f1alado como \u00abel mayor acontecimiento religioso del siglo\u00bb. Desde la primera hora y por todos los medios de difusi\u00f3n, &#8230; <a href=\"https:\/\/vincentians.com\/es\/la-gran-mision-de-valencia-30-enero-14-febrero-1949\/\" class=\"more-link\">Read More<\/a><\/p>\n","protected":false},"author":4,"featured_media":124415,"comment_status":"open","ping_status":"open","sticky":false,"template":"","format":"standard","meta":{"jetpack_post_was_ever_published":false,"_jetpack_newsletter_access":"","_jetpack_dont_email_post_to_subs":false,"_jetpack_newsletter_tier_id":0,"_jetpack_memberships_contains_paywalled_content":false,"_jetpack_memberships_contains_paid_content":false,"footnotes":"","jetpack_publicize_message":"","jetpack_publicize_feature_enabled":true,"jetpack_social_post_already_shared":true,"jetpack_social_options":{"image_generator_settings":{"template":"highway","default_image_id":0,"font":"","enabled":false},"version":2}},"categories":[201],"tags":[176],"class_list":["post-131209","post","type-post","status-publish","format-standard","has-post-thumbnail","hentry","category-misiones-ad-gentes","tag-misiones-populares"],"yoast_head":"<!-- This site is optimized with the Yoast SEO plugin v26.3 - https:\/\/yoast.com\/wordpress\/plugins\/seo\/ -->\n<title>La Gran Misi\u00f3n de Valencia (30 enero - 14 febrero 1949) - Somos Vicencianos<\/title>\n<meta name=\"robots\" content=\"index, follow, max-snippet:-1, max-image-preview:large, max-video-preview:-1\" \/>\n<link rel=\"canonical\" href=\"https:\/\/vincentians.com\/es\/la-gran-mision-de-valencia-30-enero-14-febrero-1949\/\" \/>\n<meta property=\"og:locale\" content=\"es_ES\" \/>\n<meta property=\"og:type\" content=\"article\" \/>\n<meta property=\"og:title\" content=\"La Gran Misi\u00f3n de Valencia (30 enero - 14 febrero 1949) - Somos Vicencianos\" \/>\n<meta property=\"og:description\" content=\"Ni uno solo de nuestros habituales lectores desconoce a estas horas el hecho que ha sido se\u00f1alado como \u00abel mayor acontecimiento religioso del siglo\u00bb. Desde la primera hora y por todos los medios de difusi\u00f3n, ... Read More\" \/>\n<meta property=\"og:url\" content=\"https:\/\/vincentians.com\/es\/la-gran-mision-de-valencia-30-enero-14-febrero-1949\/\" \/>\n<meta property=\"og:site_name\" content=\"Somos Vicencianos\" \/>\n<meta property=\"article:publisher\" content=\"https:\/\/www.facebook.com\/WeAreVincentians\/\" \/>\n<meta property=\"article:author\" content=\"https:\/\/www.facebook.com\/JavierChento\" \/>\n<meta property=\"article:published_time\" content=\"2014-08-21T06:00:45+00:00\" \/>\n<meta name=\"author\" content=\"Francisco Javier Fern\u00e1ndez Chento\" \/>\n<meta name=\"twitter:card\" content=\"summary_large_image\" \/>\n<meta name=\"twitter:creator\" content=\"@https:\/\/twitter.com\/javierchento\" \/>\n<meta name=\"twitter:site\" content=\"@WeVincentians\" \/>\n<meta name=\"twitter:label1\" content=\"Escrito por\" \/>\n\t<meta name=\"twitter:data1\" content=\"Francisco Javier Fern\u00e1ndez Chento\" \/>\n\t<meta name=\"twitter:label2\" content=\"Tiempo de lectura\" \/>\n\t<meta name=\"twitter:data2\" content=\"8 minutos\" \/>\n<script type=\"application\/ld+json\" class=\"yoast-schema-graph\">{\"@context\":\"https:\/\/schema.org\",\"@graph\":[{\"@type\":\"Article\",\"@id\":\"https:\/\/vincentians.com\/es\/la-gran-mision-de-valencia-30-enero-14-febrero-1949\/#article\",\"isPartOf\":{\"@id\":\"https:\/\/vincentians.com\/es\/la-gran-mision-de-valencia-30-enero-14-febrero-1949\/\"},\"author\":{\"name\":\"Francisco Javier Fern\u00e1ndez Chento\",\"@id\":\"http:\/\/vincentians.com\/es\/#\/schema\/person\/9623ef4d9aa3b2dfb8c061f1499288f2\"},\"headline\":\"La Gran Misi\u00f3n de Valencia (30 enero &#8211; 14 febrero 1949)\",\"datePublished\":\"2014-08-21T06:00:45+00:00\",\"mainEntityOfPage\":{\"@id\":\"https:\/\/vincentians.com\/es\/la-gran-mision-de-valencia-30-enero-14-febrero-1949\/\"},\"wordCount\":1519,\"commentCount\":0,\"publisher\":{\"@id\":\"http:\/\/vincentians.com\/es\/#organization\"},\"image\":{\"@id\":\"https:\/\/vincentians.com\/es\/la-gran-mision-de-valencia-30-enero-14-febrero-1949\/#primaryimage\"},\"thumbnailUrl\":\"\",\"keywords\":[\"Misiones Populares\"],\"articleSection\":[\"Misiones \u00abAd gentes\u00bb\"],\"inLanguage\":\"es\",\"potentialAction\":[{\"@type\":\"CommentAction\",\"name\":\"Comment\",\"target\":[\"https:\/\/vincentians.com\/es\/la-gran-mision-de-valencia-30-enero-14-febrero-1949\/#respond\"]}]},{\"@type\":\"WebPage\",\"@id\":\"https:\/\/vincentians.com\/es\/la-gran-mision-de-valencia-30-enero-14-febrero-1949\/\",\"url\":\"https:\/\/vincentians.com\/es\/la-gran-mision-de-valencia-30-enero-14-febrero-1949\/\",\"name\":\"La Gran Misi\u00f3n de Valencia (30 enero - 14 febrero 1949) - Somos Vicencianos\",\"isPartOf\":{\"@id\":\"http:\/\/vincentians.com\/es\/#website\"},\"primaryImageOfPage\":{\"@id\":\"https:\/\/vincentians.com\/es\/la-gran-mision-de-valencia-30-enero-14-febrero-1949\/#primaryimage\"},\"image\":{\"@id\":\"https:\/\/vincentians.com\/es\/la-gran-mision-de-valencia-30-enero-14-febrero-1949\/#primaryimage\"},\"thumbnailUrl\":\"\",\"datePublished\":\"2014-08-21T06:00:45+00:00\",\"breadcrumb\":{\"@id\":\"https:\/\/vincentians.com\/es\/la-gran-mision-de-valencia-30-enero-14-febrero-1949\/#breadcrumb\"},\"inLanguage\":\"es\",\"potentialAction\":[{\"@type\":\"ReadAction\",\"target\":[\"https:\/\/vincentians.com\/es\/la-gran-mision-de-valencia-30-enero-14-febrero-1949\/\"]}]},{\"@type\":\"ImageObject\",\"inLanguage\":\"es\",\"@id\":\"https:\/\/vincentians.com\/es\/la-gran-mision-de-valencia-30-enero-14-febrero-1949\/#primaryimage\",\"url\":\"\",\"contentUrl\":\"\"},{\"@type\":\"BreadcrumbList\",\"@id\":\"https:\/\/vincentians.com\/es\/la-gran-mision-de-valencia-30-enero-14-febrero-1949\/#breadcrumb\",\"itemListElement\":[{\"@type\":\"ListItem\",\"position\":1,\"name\":\"Portada\",\"item\":\"http:\/\/vincentians.com\/es\/\"},{\"@type\":\"ListItem\",\"position\":2,\"name\":\"La Gran Misi\u00f3n de Valencia (30 enero &#8211; 14 febrero 1949)\"}]},{\"@type\":\"WebSite\",\"@id\":\"http:\/\/vincentians.com\/es\/#website\",\"url\":\"http:\/\/vincentians.com\/es\/\",\"name\":\"Somos Vicencianos\",\"description\":\"Know more to serve more\",\"publisher\":{\"@id\":\"http:\/\/vincentians.com\/es\/#organization\"},\"potentialAction\":[{\"@type\":\"SearchAction\",\"target\":{\"@type\":\"EntryPoint\",\"urlTemplate\":\"http:\/\/vincentians.com\/es\/?s={search_term_string}\"},\"query-input\":{\"@type\":\"PropertyValueSpecification\",\"valueRequired\":true,\"valueName\":\"search_term_string\"}}],\"inLanguage\":\"es\"},{\"@type\":\"Organization\",\"@id\":\"http:\/\/vincentians.com\/es\/#organization\",\"name\":\"The Vincentian Network\",\"url\":\"http:\/\/vincentians.com\/es\/\",\"logo\":{\"@type\":\"ImageObject\",\"inLanguage\":\"es\",\"@id\":\"http:\/\/vincentians.com\/es\/#\/schema\/logo\/image\/\",\"url\":\"https:\/\/i1.wp.com\/vincentians.com\/es\/wp-content\/uploads\/sites\/11\/2016\/06\/Vincentian-Network-logo-big.png?fit=778%2C778\",\"contentUrl\":\"https:\/\/i1.wp.com\/vincentians.com\/es\/wp-content\/uploads\/sites\/11\/2016\/06\/Vincentian-Network-logo-big.png?fit=778%2C778\",\"width\":778,\"height\":778,\"caption\":\"The Vincentian Network\"},\"image\":{\"@id\":\"http:\/\/vincentians.com\/es\/#\/schema\/logo\/image\/\"},\"sameAs\":[\"https:\/\/www.facebook.com\/WeAreVincentians\/\",\"https:\/\/x.com\/WeVincentians\"]},{\"@type\":\"Person\",\"@id\":\"http:\/\/vincentians.com\/es\/#\/schema\/person\/9623ef4d9aa3b2dfb8c061f1499288f2\",\"name\":\"Francisco Javier Fern\u00e1ndez Chento\",\"image\":{\"@type\":\"ImageObject\",\"inLanguage\":\"es\",\"@id\":\"http:\/\/vincentians.com\/es\/#\/schema\/person\/image\/\",\"url\":\"https:\/\/secure.gravatar.com\/avatar\/497d5cde87b4c3d097d0315953521681ba2cd523ee66e5077c3711f7021e65de?s=96&d=mm&r=g\",\"contentUrl\":\"https:\/\/secure.gravatar.com\/avatar\/497d5cde87b4c3d097d0315953521681ba2cd523ee66e5077c3711f7021e65de?s=96&d=mm&r=g\",\"caption\":\"Francisco Javier Fern\u00e1ndez Chento\"},\"description\":\"Director General y cofundador de La Red de Formaci\u00f3n Vicenciana. Javier es laico vicenciano, afiliado a la Congregaci\u00f3n de la Misi\u00f3n y miembro del Equipo de Misiones Populares de la provincia can\u00f3nica de Zaragoza (Espa\u00f1a) de la Congregaci\u00f3n de la Misi\u00f3n. Graduado en la Universidad Oberta de Catalunya con cuatro grados (Asistente de direcci\u00f3n, Gesti\u00f3n Administrativa, Recursos Humanos y Contabilidad Avanzada). Bil\u00edng\u00fce Espa\u00f1ol\/Ingl\u00e9s. gestiona y mantiene varias p\u00e1ginas web cristianas y vicencianas, incluida including La Red de Formaci\u00f3n Vicenciana, de la que es cofundador. Actualmente es responsable del \u00e1rea de Espa\u00f1ol de .famvin, la Red de Noticias de la Familia Vicenciana. Tambi\u00e9n es m\u00fasico cat\u00f3lico y ha editado varios discos. Es Director General y cofundador de Trovador, una reconocida compa\u00f1\u00eda discogr\u00e1fica critiana de Espa\u00f1a. Trabaja en las Tecnolog\u00edas de la Informaci\u00f3n, ofreciendo servicios de alojamiento, dise\u00f1o y mantenimiento Web, as\u00ed como asesoramiento, formaci\u00f3n y soluciones inform\u00e1ticas, gesti\u00f3n documental y digitalizaci\u00f3n de textos, edici\u00f3n y maquetaci\u00f3n de libros, revistas, flyers, etc.\",\"sameAs\":[\"http:\/\/chento.org\",\"https:\/\/www.facebook.com\/JavierChento\",\"https:\/\/x.com\/https:\/\/twitter.com\/javierchento\"],\"url\":\"https:\/\/vincentians.com\/es\/author\/chento\/\"}]}<\/script>\n<!-- \/ Yoast SEO plugin. -->","yoast_head_json":{"title":"La Gran Misi\u00f3n de Valencia (30 enero - 14 febrero 1949) - Somos Vicencianos","robots":{"index":"index","follow":"follow","max-snippet":"max-snippet:-1","max-image-preview":"max-image-preview:large","max-video-preview":"max-video-preview:-1"},"canonical":"https:\/\/vincentians.com\/es\/la-gran-mision-de-valencia-30-enero-14-febrero-1949\/","og_locale":"es_ES","og_type":"article","og_title":"La Gran Misi\u00f3n de Valencia (30 enero - 14 febrero 1949) - Somos Vicencianos","og_description":"Ni uno solo de nuestros habituales lectores desconoce a estas horas el hecho que ha sido se\u00f1alado como \u00abel mayor acontecimiento religioso del siglo\u00bb. Desde la primera hora y por todos los medios de difusi\u00f3n, ... Read More","og_url":"https:\/\/vincentians.com\/es\/la-gran-mision-de-valencia-30-enero-14-febrero-1949\/","og_site_name":"Somos Vicencianos","article_publisher":"https:\/\/www.facebook.com\/WeAreVincentians\/","article_author":"https:\/\/www.facebook.com\/JavierChento","article_published_time":"2014-08-21T06:00:45+00:00","author":"Francisco Javier Fern\u00e1ndez Chento","twitter_card":"summary_large_image","twitter_creator":"@https:\/\/twitter.com\/javierchento","twitter_site":"@WeVincentians","twitter_misc":{"Escrito por":"Francisco Javier Fern\u00e1ndez Chento","Tiempo de lectura":"8 minutos"},"schema":{"@context":"https:\/\/schema.org","@graph":[{"@type":"Article","@id":"https:\/\/vincentians.com\/es\/la-gran-mision-de-valencia-30-enero-14-febrero-1949\/#article","isPartOf":{"@id":"https:\/\/vincentians.com\/es\/la-gran-mision-de-valencia-30-enero-14-febrero-1949\/"},"author":{"name":"Francisco Javier Fern\u00e1ndez Chento","@id":"http:\/\/vincentians.com\/es\/#\/schema\/person\/9623ef4d9aa3b2dfb8c061f1499288f2"},"headline":"La Gran Misi\u00f3n de Valencia (30 enero &#8211; 14 febrero 1949)","datePublished":"2014-08-21T06:00:45+00:00","mainEntityOfPage":{"@id":"https:\/\/vincentians.com\/es\/la-gran-mision-de-valencia-30-enero-14-febrero-1949\/"},"wordCount":1519,"commentCount":0,"publisher":{"@id":"http:\/\/vincentians.com\/es\/#organization"},"image":{"@id":"https:\/\/vincentians.com\/es\/la-gran-mision-de-valencia-30-enero-14-febrero-1949\/#primaryimage"},"thumbnailUrl":"","keywords":["Misiones Populares"],"articleSection":["Misiones \u00abAd gentes\u00bb"],"inLanguage":"es","potentialAction":[{"@type":"CommentAction","name":"Comment","target":["https:\/\/vincentians.com\/es\/la-gran-mision-de-valencia-30-enero-14-febrero-1949\/#respond"]}]},{"@type":"WebPage","@id":"https:\/\/vincentians.com\/es\/la-gran-mision-de-valencia-30-enero-14-febrero-1949\/","url":"https:\/\/vincentians.com\/es\/la-gran-mision-de-valencia-30-enero-14-febrero-1949\/","name":"La Gran Misi\u00f3n de Valencia (30 enero - 14 febrero 1949) - Somos Vicencianos","isPartOf":{"@id":"http:\/\/vincentians.com\/es\/#website"},"primaryImageOfPage":{"@id":"https:\/\/vincentians.com\/es\/la-gran-mision-de-valencia-30-enero-14-febrero-1949\/#primaryimage"},"image":{"@id":"https:\/\/vincentians.com\/es\/la-gran-mision-de-valencia-30-enero-14-febrero-1949\/#primaryimage"},"thumbnailUrl":"","datePublished":"2014-08-21T06:00:45+00:00","breadcrumb":{"@id":"https:\/\/vincentians.com\/es\/la-gran-mision-de-valencia-30-enero-14-febrero-1949\/#breadcrumb"},"inLanguage":"es","potentialAction":[{"@type":"ReadAction","target":["https:\/\/vincentians.com\/es\/la-gran-mision-de-valencia-30-enero-14-febrero-1949\/"]}]},{"@type":"ImageObject","inLanguage":"es","@id":"https:\/\/vincentians.com\/es\/la-gran-mision-de-valencia-30-enero-14-febrero-1949\/#primaryimage","url":"","contentUrl":""},{"@type":"BreadcrumbList","@id":"https:\/\/vincentians.com\/es\/la-gran-mision-de-valencia-30-enero-14-febrero-1949\/#breadcrumb","itemListElement":[{"@type":"ListItem","position":1,"name":"Portada","item":"http:\/\/vincentians.com\/es\/"},{"@type":"ListItem","position":2,"name":"La Gran Misi\u00f3n de Valencia (30 enero &#8211; 14 febrero 1949)"}]},{"@type":"WebSite","@id":"http:\/\/vincentians.com\/es\/#website","url":"http:\/\/vincentians.com\/es\/","name":"Somos Vicencianos","description":"Know more to serve more","publisher":{"@id":"http:\/\/vincentians.com\/es\/#organization"},"potentialAction":[{"@type":"SearchAction","target":{"@type":"EntryPoint","urlTemplate":"http:\/\/vincentians.com\/es\/?s={search_term_string}"},"query-input":{"@type":"PropertyValueSpecification","valueRequired":true,"valueName":"search_term_string"}}],"inLanguage":"es"},{"@type":"Organization","@id":"http:\/\/vincentians.com\/es\/#organization","name":"The Vincentian Network","url":"http:\/\/vincentians.com\/es\/","logo":{"@type":"ImageObject","inLanguage":"es","@id":"http:\/\/vincentians.com\/es\/#\/schema\/logo\/image\/","url":"https:\/\/i1.wp.com\/vincentians.com\/es\/wp-content\/uploads\/sites\/11\/2016\/06\/Vincentian-Network-logo-big.png?fit=778%2C778","contentUrl":"https:\/\/i1.wp.com\/vincentians.com\/es\/wp-content\/uploads\/sites\/11\/2016\/06\/Vincentian-Network-logo-big.png?fit=778%2C778","width":778,"height":778,"caption":"The Vincentian Network"},"image":{"@id":"http:\/\/vincentians.com\/es\/#\/schema\/logo\/image\/"},"sameAs":["https:\/\/www.facebook.com\/WeAreVincentians\/","https:\/\/x.com\/WeVincentians"]},{"@type":"Person","@id":"http:\/\/vincentians.com\/es\/#\/schema\/person\/9623ef4d9aa3b2dfb8c061f1499288f2","name":"Francisco Javier Fern\u00e1ndez Chento","image":{"@type":"ImageObject","inLanguage":"es","@id":"http:\/\/vincentians.com\/es\/#\/schema\/person\/image\/","url":"https:\/\/secure.gravatar.com\/avatar\/497d5cde87b4c3d097d0315953521681ba2cd523ee66e5077c3711f7021e65de?s=96&d=mm&r=g","contentUrl":"https:\/\/secure.gravatar.com\/avatar\/497d5cde87b4c3d097d0315953521681ba2cd523ee66e5077c3711f7021e65de?s=96&d=mm&r=g","caption":"Francisco Javier Fern\u00e1ndez Chento"},"description":"Director General y cofundador de La Red de Formaci\u00f3n Vicenciana. Javier es laico vicenciano, afiliado a la Congregaci\u00f3n de la Misi\u00f3n y miembro del Equipo de Misiones Populares de la provincia can\u00f3nica de Zaragoza (Espa\u00f1a) de la Congregaci\u00f3n de la Misi\u00f3n. Graduado en la Universidad Oberta de Catalunya con cuatro grados (Asistente de direcci\u00f3n, Gesti\u00f3n Administrativa, Recursos Humanos y Contabilidad Avanzada). Bil\u00edng\u00fce Espa\u00f1ol\/Ingl\u00e9s. gestiona y mantiene varias p\u00e1ginas web cristianas y vicencianas, incluida including La Red de Formaci\u00f3n Vicenciana, de la que es cofundador. Actualmente es responsable del \u00e1rea de Espa\u00f1ol de .famvin, la Red de Noticias de la Familia Vicenciana. Tambi\u00e9n es m\u00fasico cat\u00f3lico y ha editado varios discos. Es Director General y cofundador de Trovador, una reconocida compa\u00f1\u00eda discogr\u00e1fica critiana de Espa\u00f1a. Trabaja en las Tecnolog\u00edas de la Informaci\u00f3n, ofreciendo servicios de alojamiento, dise\u00f1o y mantenimiento Web, as\u00ed como asesoramiento, formaci\u00f3n y soluciones inform\u00e1ticas, gesti\u00f3n documental y digitalizaci\u00f3n de textos, edici\u00f3n y maquetaci\u00f3n de libros, revistas, flyers, etc.","sameAs":["http:\/\/chento.org","https:\/\/www.facebook.com\/JavierChento","https:\/\/x.com\/https:\/\/twitter.com\/javierchento"],"url":"https:\/\/vincentians.com\/es\/author\/chento\/"}]}},"jetpack_publicize_connections":[],"jetpack_featured_media_url":"","jetpack_sharing_enabled":true,"jetpack_shortlink":"https:\/\/wp.me\/p7ETMF-y8h","jetpack-related-posts":[{"id":119321,"url":"https:\/\/vincentians.com\/es\/historia-de-los-paules-en-cuba-capitulo-vii-ba\/","url_meta":{"origin":131209,"position":0},"title":"Historia de los Pa\u00fales en Cuba: Cap\u00edtulo VII (BA)","author":"Mitxel Olabu\u00e9naga","date":"25\/03\/2022","format":false,"excerpt":"2. La Congregaci\u00f3n de la Misi\u00f3n y sus aportes a la cultura y a la sociedad Cubana. El Apostolado de la Prensa, la Radio y la Televisi\u00f3n. La lista de los aportes que han realizado los Padres Pa\u00fales a la cultura y a la sociedad cubana es, adem\u00e1s de larga,\u2026","rel":"","context":"En \u00abHistoria de la Congregaci\u00f3n de la Misi\u00f3n\u00bb","block_context":{"text":"Historia de la Congregaci\u00f3n de la Misi\u00f3n","link":"https:\/\/vincentians.com\/es\/category\/historia-de-la-familia-vicenciana\/historia-de-la-congregacion-de-la-mision\/"},"img":{"alt_text":"","src":"https:\/\/i0.wp.com\/vincentians.com\/es\/wp-content\/uploads\/sites\/11\/2013\/04\/f-6-scaled.jpg?fit=1200%2C570&ssl=1&resize=350%2C200","width":350,"height":200,"srcset":"https:\/\/i0.wp.com\/vincentians.com\/es\/wp-content\/uploads\/sites\/11\/2013\/04\/f-6-scaled.jpg?fit=1200%2C570&ssl=1&resize=350%2C200 1x, https:\/\/i0.wp.com\/vincentians.com\/es\/wp-content\/uploads\/sites\/11\/2013\/04\/f-6-scaled.jpg?fit=1200%2C570&ssl=1&resize=525%2C300 1.5x, https:\/\/i0.wp.com\/vincentians.com\/es\/wp-content\/uploads\/sites\/11\/2013\/04\/f-6-scaled.jpg?fit=1200%2C570&ssl=1&resize=700%2C400 2x, https:\/\/i0.wp.com\/vincentians.com\/es\/wp-content\/uploads\/sites\/11\/2013\/04\/f-6-scaled.jpg?fit=1200%2C570&ssl=1&resize=1050%2C600 3x"},"classes":[]},{"id":118018,"url":"https:\/\/vincentians.com\/es\/las-misiones-parroquiales-se-renuevan-1964\/","url_meta":{"origin":131209,"position":1},"title":"Las misiones parroquiales se renuevan (1964)","author":"Francisco Javier Fern\u00e1ndez Chento","date":"01\/09\/2021","format":false,"excerpt":"Este instrumento oficial, eficaz y obligatorio de la Pastoral de la Iglesia, que son las misiones al pueblo por medio de las Pa\u00adrroquias, aisladas o en conjunto, sigue su marcha ascendente, a3 menos en Espa\u00f1a y Am\u00e9rica, que es lo que m\u00e1s conozco. Al mis\u00admo tiempo que se trabaja con\u2026","rel":"","context":"En \u00abFormaci\u00f3n Vicenciana\u00bb","block_context":{"text":"Formaci\u00f3n Vicenciana","link":"https:\/\/vincentians.com\/es\/category\/formacion-vicenciana\/"},"img":{"alt_text":"","src":"https:\/\/i0.wp.com\/vincentians.com\/es\/wp-content\/uploads\/sites\/11\/2016\/09\/sencillos-como-palomas.jpg?fit=1200%2C630&ssl=1&resize=350%2C200","width":350,"height":200,"srcset":"https:\/\/i0.wp.com\/vincentians.com\/es\/wp-content\/uploads\/sites\/11\/2016\/09\/sencillos-como-palomas.jpg?fit=1200%2C630&ssl=1&resize=350%2C200 1x, https:\/\/i0.wp.com\/vincentians.com\/es\/wp-content\/uploads\/sites\/11\/2016\/09\/sencillos-como-palomas.jpg?fit=1200%2C630&ssl=1&resize=525%2C300 1.5x, https:\/\/i0.wp.com\/vincentians.com\/es\/wp-content\/uploads\/sites\/11\/2016\/09\/sencillos-como-palomas.jpg?fit=1200%2C630&ssl=1&resize=700%2C400 2x, https:\/\/i0.wp.com\/vincentians.com\/es\/wp-content\/uploads\/sites\/11\/2016\/09\/sencillos-como-palomas.jpg?fit=1200%2C630&ssl=1&resize=1050%2C600 3x"},"classes":[]},{"id":133810,"url":"https:\/\/vincentians.com\/es\/honorio-lopez\/","url_meta":{"origin":131209,"position":2},"title":"Honorio L\u00f3pez","author":"Mitxel Olabu\u00e9naga","date":"05\/01\/2015","format":false,"excerpt":"El P. Honorio L\u00f3pez es originario de Le\u00f3n, Espa\u00f1a, naci\u00f3 el 16 de enero de 1938 y fue ordenado sacerdote el 26 de junio de 1964 en Salamanca. Realiz\u00f3 sus estudios sacerdotales en su lugar de origen; posteriormente, curs\u00f3 Filosof\u00eda en Madrid y teolog\u00eda en Salamanca. Adem\u00e1s hizo la carrera\u2026","rel":"","context":"En \u00abBiograf\u00edas de Misioneros Pa\u00fales\u00bb","block_context":{"text":"Biograf\u00edas de Misioneros Pa\u00fales","link":"https:\/\/vincentians.com\/es\/category\/la-familia-vicenciana\/biografias-vicencianas\/biografias-de-misioneros-paules\/"},"img":{"alt_text":"","src":"https:\/\/i0.wp.com\/vincentians.com\/es\/wp-content\/uploads\/sites\/11\/2016\/07\/bio-cm.jpg?fit=1200%2C630&ssl=1&resize=350%2C200","width":350,"height":200,"srcset":"https:\/\/i0.wp.com\/vincentians.com\/es\/wp-content\/uploads\/sites\/11\/2016\/07\/bio-cm.jpg?fit=1200%2C630&ssl=1&resize=350%2C200 1x, https:\/\/i0.wp.com\/vincentians.com\/es\/wp-content\/uploads\/sites\/11\/2016\/07\/bio-cm.jpg?fit=1200%2C630&ssl=1&resize=525%2C300 1.5x, https:\/\/i0.wp.com\/vincentians.com\/es\/wp-content\/uploads\/sites\/11\/2016\/07\/bio-cm.jpg?fit=1200%2C630&ssl=1&resize=700%2C400 2x, https:\/\/i0.wp.com\/vincentians.com\/es\/wp-content\/uploads\/sites\/11\/2016\/07\/bio-cm.jpg?fit=1200%2C630&ssl=1&resize=1050%2C600 3x"},"classes":[]},{"id":131757,"url":"https:\/\/vincentians.com\/es\/vicente-franco-1956-1962-visitador\/","url_meta":{"origin":131209,"position":3},"title":"Vicente Franco (1956-1962) (Visitador)","author":"Mitxel Olabu\u00e9naga","date":"13\/11\/2014","format":false,"excerpt":"Nace el 17 de octubre de 1899 en Valladolid. Inicia sus estudios en la Escuela Apost\u00f3lica de Guadalajara. Ordenado de Sacerdote el 12 de julio de 1925. Fue profesor en los Colegios de Murgu\u00eda y Limpias. Pas\u00f3 muchas dificultades durante la guerra civil espa\u00f1ola. Tras le guerra fue Asesor Provincial\u2026","rel":"","context":"En \u00abBiograf\u00edas de Misioneros Pa\u00fales\u00bb","block_context":{"text":"Biograf\u00edas de Misioneros Pa\u00fales","link":"https:\/\/vincentians.com\/es\/category\/la-familia-vicenciana\/biografias-vicencianas\/biografias-de-misioneros-paules\/"},"img":{"alt_text":"","src":"https:\/\/i0.wp.com\/vincentians.com\/es\/wp-content\/uploads\/sites\/11\/2016\/07\/bio-cm.jpg?fit=1200%2C630&ssl=1&resize=350%2C200","width":350,"height":200,"srcset":"https:\/\/i0.wp.com\/vincentians.com\/es\/wp-content\/uploads\/sites\/11\/2016\/07\/bio-cm.jpg?fit=1200%2C630&ssl=1&resize=350%2C200 1x, https:\/\/i0.wp.com\/vincentians.com\/es\/wp-content\/uploads\/sites\/11\/2016\/07\/bio-cm.jpg?fit=1200%2C630&ssl=1&resize=525%2C300 1.5x, https:\/\/i0.wp.com\/vincentians.com\/es\/wp-content\/uploads\/sites\/11\/2016\/07\/bio-cm.jpg?fit=1200%2C630&ssl=1&resize=700%2C400 2x, https:\/\/i0.wp.com\/vincentians.com\/es\/wp-content\/uploads\/sites\/11\/2016\/07\/bio-cm.jpg?fit=1200%2C630&ssl=1&resize=1050%2C600 3x"},"classes":[]},{"id":130480,"url":"https:\/\/vincentians.com\/es\/p-arnaldo-senpau\/","url_meta":{"origin":131209,"position":4},"title":"P. Arnaldo Senpau","author":"Mitxel Olabu\u00e9naga","date":"20\/05\/2014","format":false,"excerpt":"De Isil (L\u00e9rida), naci\u00f3 el 6 de marzo de 1812, e ingres\u00f3 en la Congregaci\u00f3n en la casa de Barcelona el 22 de enero de 1830. Vino en septiembre del mismo a\u00f1o a la casa de Madrid, donde, as\u00ed que concluy\u00f3 el noviciado, hizo los votos, a 23 de enero\u2026","rel":"","context":"En \u00abBiograf\u00edas de Misioneros Pa\u00fales\u00bb","block_context":{"text":"Biograf\u00edas de Misioneros Pa\u00fales","link":"https:\/\/vincentians.com\/es\/category\/la-familia-vicenciana\/biografias-vicencianas\/biografias-de-misioneros-paules\/"},"img":{"alt_text":"","src":"https:\/\/i0.wp.com\/vincentians.com\/es\/wp-content\/uploads\/sites\/11\/2016\/07\/bio-cm.jpg?fit=1200%2C630&ssl=1&resize=350%2C200","width":350,"height":200,"srcset":"https:\/\/i0.wp.com\/vincentians.com\/es\/wp-content\/uploads\/sites\/11\/2016\/07\/bio-cm.jpg?fit=1200%2C630&ssl=1&resize=350%2C200 1x, https:\/\/i0.wp.com\/vincentians.com\/es\/wp-content\/uploads\/sites\/11\/2016\/07\/bio-cm.jpg?fit=1200%2C630&ssl=1&resize=525%2C300 1.5x, https:\/\/i0.wp.com\/vincentians.com\/es\/wp-content\/uploads\/sites\/11\/2016\/07\/bio-cm.jpg?fit=1200%2C630&ssl=1&resize=700%2C400 2x, https:\/\/i0.wp.com\/vincentians.com\/es\/wp-content\/uploads\/sites\/11\/2016\/07\/bio-cm.jpg?fit=1200%2C630&ssl=1&resize=1050%2C600 3x"},"classes":[]},{"id":127199,"url":"https:\/\/vincentians.com\/es\/misioneros-vicencianos-con-dios-entre-los-mas-pobres\/","url_meta":{"origin":131209,"position":5},"title":"Misioneros Vicencianos: con Dios entre los m\u00e1s pobres","author":"Francisco Javier Fern\u00e1ndez Chento","date":"15\/01\/2024","format":false,"excerpt":"Bajo la denominaci\u00f3n de Misioneros Vicencianos se hace referencia en este art\u00edculo al carisma misionero de los Padres Pa\u00fales, Hijas de la Caridad y Misioneros Seglares Vicencianos. Una galer\u00eda de hombres y mujeres de talla excepcional que se encuentran all\u00ed donde m\u00e1s se les necesita \u2013entre los perseguidos, hu\u00e9rfanos, hambrientos,\u2026","rel":"","context":"En \u00abMisiones \u00abAd gentes\u00bb\u00bb","block_context":{"text":"Misiones \u00abAd gentes\u00bb","link":"https:\/\/vincentians.com\/es\/category\/servicios-y-ministerios\/misiones-ad-gentes\/"},"img":{"alt_text":"","src":"https:\/\/i0.wp.com\/vincentians.com\/es\/wp-content\/uploads\/sites\/11\/2016\/09\/enviados-evangelizar-pobres.jpg?fit=1200%2C630&ssl=1&resize=350%2C200","width":350,"height":200,"srcset":"https:\/\/i0.wp.com\/vincentians.com\/es\/wp-content\/uploads\/sites\/11\/2016\/09\/enviados-evangelizar-pobres.jpg?fit=1200%2C630&ssl=1&resize=350%2C200 1x, https:\/\/i0.wp.com\/vincentians.com\/es\/wp-content\/uploads\/sites\/11\/2016\/09\/enviados-evangelizar-pobres.jpg?fit=1200%2C630&ssl=1&resize=525%2C300 1.5x, https:\/\/i0.wp.com\/vincentians.com\/es\/wp-content\/uploads\/sites\/11\/2016\/09\/enviados-evangelizar-pobres.jpg?fit=1200%2C630&ssl=1&resize=700%2C400 2x, https:\/\/i0.wp.com\/vincentians.com\/es\/wp-content\/uploads\/sites\/11\/2016\/09\/enviados-evangelizar-pobres.jpg?fit=1200%2C630&ssl=1&resize=1050%2C600 3x"},"classes":[]}],"_links":{"self":[{"href":"https:\/\/vincentians.com\/es\/wp-json\/wp\/v2\/posts\/131209","targetHints":{"allow":["GET"]}}],"collection":[{"href":"https:\/\/vincentians.com\/es\/wp-json\/wp\/v2\/posts"}],"about":[{"href":"https:\/\/vincentians.com\/es\/wp-json\/wp\/v2\/types\/post"}],"author":[{"embeddable":true,"href":"https:\/\/vincentians.com\/es\/wp-json\/wp\/v2\/users\/4"}],"replies":[{"embeddable":true,"href":"https:\/\/vincentians.com\/es\/wp-json\/wp\/v2\/comments?post=131209"}],"version-history":[{"count":0,"href":"https:\/\/vincentians.com\/es\/wp-json\/wp\/v2\/posts\/131209\/revisions"}],"wp:featuredmedia":[{"embeddable":true,"href":"https:\/\/vincentians.com\/es\/wp-json\/"}],"wp:attachment":[{"href":"https:\/\/vincentians.com\/es\/wp-json\/wp\/v2\/media?parent=131209"}],"wp:term":[{"taxonomy":"category","embeddable":true,"href":"https:\/\/vincentians.com\/es\/wp-json\/wp\/v2\/categories?post=131209"},{"taxonomy":"post_tag","embeddable":true,"href":"https:\/\/vincentians.com\/es\/wp-json\/wp\/v2\/tags?post=131209"}],"curies":[{"name":"wp","href":"https:\/\/api.w.org\/{rel}","templated":true}]}}