{"id":131137,"date":"2014-08-31T08:06:45","date_gmt":"2014-08-31T06:06:45","guid":{"rendered":"http:\/\/somos.vicencianos.org\/?p=131137"},"modified":"2014-08-31T08:06:45","modified_gmt":"2014-08-31T06:06:45","slug":"sed-perfectos","status":"publish","type":"post","link":"https:\/\/vincentians.com\/es\/sed-perfectos\/","title":{"rendered":"SED PERFECTOS&#8230;"},"content":{"rendered":"<p style=\"text-align: justify\"><a href=\"http:\/\/vicencianos.org\/blog\/la-congregacion-de-la-mision-don-de-dios-a-la-iglesia\/espiritualidad-113\/\" rel=\"attachment wp-att-131126\"><img data-recalc-dims=\"1\" loading=\"lazy\" decoding=\"async\" class=\"alignleft  wp-image-131126\" src=\"https:\/\/i0.wp.com\/vicencianos.org\/wp-content\/2014\/07\/espiritualidad.jpg?resize=245%2C225\" alt=\"espiritualidad\" width=\"245\" height=\"225\" \/><\/a>\u00abSed buenos del todo, como es bueno vuestro Padre del cielo\u00bb (Mt. 5,48)<br \/>\n\u00ab&#8230;1.\u00b0 procuran con todas sus fuerzas revestirse del esp\u00edritu del mismo Cristo<br \/>\n(RC I, 3), para adquirir la perfecci\u00f3n correspondiente a su vocaci\u00f3n (RC XII, 13)\u00bb.<br \/>\nTodos los cristianos est\u00e1n llamados a la santidad (LG 40). El misionero a\u00f1ade otro t\u00edtulo: el compromiso de seguir a Cristo evangelizador de los pobres procurando con todas las fuerzas adquirir la perfecci\u00f3n correspondiente a su vocaci\u00f3n.<br \/>\n1. \u00abUna regla de perfecci\u00f3n semejante a la del Padre\u00bb.<br \/>\nEs el mismo Jes\u00fas el que nos manda ser buenos del todo como el Padre del cielo es totalmente bueno. San Vicente, admirado, exhort\u00f3 a sus misioneros que con tes\u00f3n se empe\u00f1aran en adquirir la santidad:<br \/>\n\u00ab\u00a1Qu\u00e9 mandato tan maravilloso el del Hijo de Dios! Sed perfectos, nos dice, como vuestro Padre celestial es perfecto. Esto apunta muy alto. \u00bfQui\u00e9n podr\u00e1 llegar hasta all\u00ed? \u00a1Sed perfectos como el Padre eterno! Sin embargo, esa es la medida&#8230; \u00bfPara qu\u00e9 es esa perfecci\u00f3n? Para hacernos agradables a los ojos de Dios, para tener la gracia santificante y para tenerla constantemente. Esa gracia que hace que nuestras palabras, nuestros pensamientos y nuestras obras sean agradables a Dios; incluso lo que dejamos de hacer, tambi\u00e9n le es agradable. \u00a1Qu\u00e9 felicidad! \u00a1Oh! \u00a1Qu\u00e9 felicidad la de un misionero que pone todo su empe\u00f1o en hacerse agradable a Dios! Pues bien, padres, trabajar por la adquisici\u00f3n de las virtudes es trabajar por hacerse agradable a Dios. Por eso hay que esforzarse en ello continuamente, recibir gracia para ello; hay que caminar siempre adelante, plus ultra\u00bb. (XI, 384).<br \/>\n2. La perfecci\u00f3n no consiste en los \u00e9xtasis\u00bb.<br \/>\nSan Vicente transmite la doctrina tradicional. Piensa como Santa Teresa de Jes\u00fas y como San Juan de la Cruz que la perfecci\u00f3n no est\u00e1 en las gracias extraordinarias sino en vivir unido completamente a la voluntad de Dios:<br \/>\n\u00abLa perfecci\u00f3n no consiste en \u00e9xtasis, sino en cumplir bien la voluntad de Dios. \u00bfQu\u00e9 es la perfecci\u00f3n? Me parece que quiere decir una cosa a la que no le falta ruda. Pues bien, qu\u00e9 hombre tiene la perfecci\u00f3n hasta d punto de que no le falte nada, si ning\u00fan hombre es perfecto y hasta el justo peca siete veces al d\u00eda?&#8230; El Hijo de Dios, hecho hombre, ten\u00eda la perfecci\u00f3n, no le \/aliaba nada, era perfect\u00edsimo en todo&#8230; \u00bfQui\u00e9n ser\u00e1 d oir\u00e1s perfecto de entre los hombres? Ser\u00e1 aquel cuya voluntad sea m\u00e1s conforme con la de Dios, de modo pire la perfecci\u00f3n consiste en unir nuestra voluntad con la de Dios hasta el punto de que la suya y la nuestra no sean, propiamente hablando, m\u00e1s que el mismo querer y no querer. El que m\u00e1s sobresalga en este punto ser\u00e1 el m\u00e1s perfecto\u00bb. (XI 211-212).<br \/>\n3. \u00abSomos mediadores para reconciliar los hombres con Dios\u00bb.<br \/>\nEl ser perfectos tiene para San Vicente, adem\u00e1s del aspecto personal, el apost\u00f3lico:<br \/>\n\u00abNosotros somos los mediadores para reconciliar a los hombres con Dios. Pues bien, para conseguirlo, lo Primero que hemos de hacer es procurar dar gusto a Dios, lo mismo que, cuando se quiere tratar un negocio con un grande, con un pr\u00edncipe o con un rey, se escoge a una persona que le sea agradable, que pueda ser escuchada y que no tenga en ella nada que pueda ser obst\u00e1culo para la gracia solicitada. As\u00ed, pues, hermanos m\u00edos, conviene que trabajemos incesantemente por la perfecci\u00f3n y por hacer bien nuestras acciones, para que sean agradables a Dios y de esta forma podamos ser dignos de ayudar a los dem\u00e1s\u00bb. (XI 385-386).<br \/>\nLa llamada a la santidad por parte de Jes\u00fas \u00bftiene respuesta pr\u00e1ctica, visible, por mi parte?<br \/>\nAprecio la perfecci\u00f3n de lo cotidiano, de lo que no brilla, de aquello a lo que nadie da importancia?<br \/>\nORACION:<br \/>\n\u00ab\u00a1Oh Salvador! \u00a1Oh hermanos m\u00edos! \u00a1Cu\u00e1n felices somos al encontrarnos en el camino de la perfecci\u00f3n! \u00a1Oh Salvador! danos la gracia de caminar directamente y sin des-canso hacia ella\u00bb. (Cf. XI 385).<\/p>\n<p>&nbsp;<\/p>\n","protected":false},"excerpt":{"rendered":"<p>\u00abSed buenos del todo, como es bueno vuestro Padre del cielo\u00bb (Mt. 5,48) \u00ab&#8230;1.\u00b0 procuran con todas sus fuerzas revestirse del esp\u00edritu del mismo Cristo (RC I, 3), para adquirir la perfecci\u00f3n correspondiente a su &#8230; <a href=\"https:\/\/vincentians.com\/es\/sed-perfectos\/\" class=\"more-link\">Read More<\/a><\/p>\n","protected":false},"author":4,"featured_media":131126,"comment_status":"open","ping_status":"open","sticky":false,"template":"","format":"standard","meta":{"jetpack_post_was_ever_published":false,"_jetpack_newsletter_access":"","_jetpack_dont_email_post_to_subs":false,"_jetpack_newsletter_tier_id":0,"_jetpack_memberships_contains_paywalled_content":false,"_jetpack_memberships_contains_paid_content":false,"footnotes":"","jetpack_publicize_message":"","jetpack_publicize_feature_enabled":true,"jetpack_social_post_already_shared":true,"jetpack_social_options":{"image_generator_settings":{"template":"highway","default_image_id":0,"font":"","enabled":false},"version":2}},"categories":[226],"tags":[280],"class_list":["post-131137","post","type-post","status-publish","format-standard","has-post-thumbnail","hentry","category-espiritualidad-vicenciana","tag-san-juan-de-la-cruz"],"yoast_head":"<!-- This site is optimized with the Yoast SEO plugin v26.3 - https:\/\/yoast.com\/wordpress\/plugins\/seo\/ -->\n<title>SED PERFECTOS... - Somos Vicencianos<\/title>\n<meta name=\"robots\" content=\"index, follow, max-snippet:-1, max-image-preview:large, max-video-preview:-1\" \/>\n<link rel=\"canonical\" href=\"https:\/\/vincentians.com\/es\/sed-perfectos\/\" \/>\n<meta property=\"og:locale\" content=\"es_ES\" \/>\n<meta property=\"og:type\" content=\"article\" \/>\n<meta property=\"og:title\" content=\"SED PERFECTOS... - Somos Vicencianos\" \/>\n<meta property=\"og:description\" content=\"\u00abSed buenos del todo, como es bueno vuestro Padre del cielo\u00bb (Mt. 5,48) \u00ab&#8230;1.\u00b0 procuran con todas sus fuerzas revestirse del esp\u00edritu del mismo Cristo (RC I, 3), para adquirir la perfecci\u00f3n correspondiente a su ... Read More\" \/>\n<meta property=\"og:url\" content=\"https:\/\/vincentians.com\/es\/sed-perfectos\/\" \/>\n<meta property=\"og:site_name\" content=\"Somos Vicencianos\" \/>\n<meta property=\"article:publisher\" content=\"https:\/\/www.facebook.com\/WeAreVincentians\/\" \/>\n<meta property=\"article:author\" content=\"https:\/\/www.facebook.com\/JavierChento\" \/>\n<meta property=\"article:published_time\" content=\"2014-08-31T06:06:45+00:00\" \/>\n<meta name=\"author\" content=\"Francisco Javier Fern\u00e1ndez Chento\" \/>\n<meta name=\"twitter:card\" content=\"summary_large_image\" \/>\n<meta name=\"twitter:creator\" content=\"@https:\/\/twitter.com\/javierchento\" \/>\n<meta name=\"twitter:site\" content=\"@WeVincentians\" \/>\n<meta name=\"twitter:label1\" content=\"Escrito por\" \/>\n\t<meta name=\"twitter:data1\" content=\"Francisco Javier Fern\u00e1ndez Chento\" \/>\n\t<meta name=\"twitter:label2\" content=\"Tiempo de lectura\" \/>\n\t<meta name=\"twitter:data2\" content=\"4 minutos\" \/>\n<script type=\"application\/ld+json\" class=\"yoast-schema-graph\">{\"@context\":\"https:\/\/schema.org\",\"@graph\":[{\"@type\":\"Article\",\"@id\":\"https:\/\/vincentians.com\/es\/sed-perfectos\/#article\",\"isPartOf\":{\"@id\":\"https:\/\/vincentians.com\/es\/sed-perfectos\/\"},\"author\":{\"name\":\"Francisco Javier Fern\u00e1ndez Chento\",\"@id\":\"http:\/\/vincentians.com\/es\/#\/schema\/person\/9623ef4d9aa3b2dfb8c061f1499288f2\"},\"headline\":\"SED PERFECTOS&#8230;\",\"datePublished\":\"2014-08-31T06:06:45+00:00\",\"mainEntityOfPage\":{\"@id\":\"https:\/\/vincentians.com\/es\/sed-perfectos\/\"},\"wordCount\":703,\"commentCount\":0,\"publisher\":{\"@id\":\"http:\/\/vincentians.com\/es\/#organization\"},\"image\":{\"@id\":\"https:\/\/vincentians.com\/es\/sed-perfectos\/#primaryimage\"},\"thumbnailUrl\":\"\",\"keywords\":[\"San Juan de la Cruz\"],\"articleSection\":[\"Espiritualidad vicenciana\"],\"inLanguage\":\"es\",\"potentialAction\":[{\"@type\":\"CommentAction\",\"name\":\"Comment\",\"target\":[\"https:\/\/vincentians.com\/es\/sed-perfectos\/#respond\"]}]},{\"@type\":\"WebPage\",\"@id\":\"https:\/\/vincentians.com\/es\/sed-perfectos\/\",\"url\":\"https:\/\/vincentians.com\/es\/sed-perfectos\/\",\"name\":\"SED PERFECTOS... - Somos Vicencianos\",\"isPartOf\":{\"@id\":\"http:\/\/vincentians.com\/es\/#website\"},\"primaryImageOfPage\":{\"@id\":\"https:\/\/vincentians.com\/es\/sed-perfectos\/#primaryimage\"},\"image\":{\"@id\":\"https:\/\/vincentians.com\/es\/sed-perfectos\/#primaryimage\"},\"thumbnailUrl\":\"\",\"datePublished\":\"2014-08-31T06:06:45+00:00\",\"breadcrumb\":{\"@id\":\"https:\/\/vincentians.com\/es\/sed-perfectos\/#breadcrumb\"},\"inLanguage\":\"es\",\"potentialAction\":[{\"@type\":\"ReadAction\",\"target\":[\"https:\/\/vincentians.com\/es\/sed-perfectos\/\"]}]},{\"@type\":\"ImageObject\",\"inLanguage\":\"es\",\"@id\":\"https:\/\/vincentians.com\/es\/sed-perfectos\/#primaryimage\",\"url\":\"\",\"contentUrl\":\"\"},{\"@type\":\"BreadcrumbList\",\"@id\":\"https:\/\/vincentians.com\/es\/sed-perfectos\/#breadcrumb\",\"itemListElement\":[{\"@type\":\"ListItem\",\"position\":1,\"name\":\"Portada\",\"item\":\"http:\/\/vincentians.com\/es\/\"},{\"@type\":\"ListItem\",\"position\":2,\"name\":\"SED PERFECTOS&#8230;\"}]},{\"@type\":\"WebSite\",\"@id\":\"http:\/\/vincentians.com\/es\/#website\",\"url\":\"http:\/\/vincentians.com\/es\/\",\"name\":\"Somos Vicencianos\",\"description\":\"Know more to serve more\",\"publisher\":{\"@id\":\"http:\/\/vincentians.com\/es\/#organization\"},\"potentialAction\":[{\"@type\":\"SearchAction\",\"target\":{\"@type\":\"EntryPoint\",\"urlTemplate\":\"http:\/\/vincentians.com\/es\/?s={search_term_string}\"},\"query-input\":{\"@type\":\"PropertyValueSpecification\",\"valueRequired\":true,\"valueName\":\"search_term_string\"}}],\"inLanguage\":\"es\"},{\"@type\":\"Organization\",\"@id\":\"http:\/\/vincentians.com\/es\/#organization\",\"name\":\"The Vincentian Network\",\"url\":\"http:\/\/vincentians.com\/es\/\",\"logo\":{\"@type\":\"ImageObject\",\"inLanguage\":\"es\",\"@id\":\"http:\/\/vincentians.com\/es\/#\/schema\/logo\/image\/\",\"url\":\"https:\/\/i1.wp.com\/vincentians.com\/es\/wp-content\/uploads\/sites\/11\/2016\/06\/Vincentian-Network-logo-big.png?fit=778%2C778\",\"contentUrl\":\"https:\/\/i1.wp.com\/vincentians.com\/es\/wp-content\/uploads\/sites\/11\/2016\/06\/Vincentian-Network-logo-big.png?fit=778%2C778\",\"width\":778,\"height\":778,\"caption\":\"The Vincentian Network\"},\"image\":{\"@id\":\"http:\/\/vincentians.com\/es\/#\/schema\/logo\/image\/\"},\"sameAs\":[\"https:\/\/www.facebook.com\/WeAreVincentians\/\",\"https:\/\/x.com\/WeVincentians\"]},{\"@type\":\"Person\",\"@id\":\"http:\/\/vincentians.com\/es\/#\/schema\/person\/9623ef4d9aa3b2dfb8c061f1499288f2\",\"name\":\"Francisco Javier Fern\u00e1ndez Chento\",\"image\":{\"@type\":\"ImageObject\",\"inLanguage\":\"es\",\"@id\":\"http:\/\/vincentians.com\/es\/#\/schema\/person\/image\/\",\"url\":\"https:\/\/secure.gravatar.com\/avatar\/497d5cde87b4c3d097d0315953521681ba2cd523ee66e5077c3711f7021e65de?s=96&d=mm&r=g\",\"contentUrl\":\"https:\/\/secure.gravatar.com\/avatar\/497d5cde87b4c3d097d0315953521681ba2cd523ee66e5077c3711f7021e65de?s=96&d=mm&r=g\",\"caption\":\"Francisco Javier Fern\u00e1ndez Chento\"},\"description\":\"Director General y cofundador de La Red de Formaci\u00f3n Vicenciana. Javier es laico vicenciano, afiliado a la Congregaci\u00f3n de la Misi\u00f3n y miembro del Equipo de Misiones Populares de la provincia can\u00f3nica de Zaragoza (Espa\u00f1a) de la Congregaci\u00f3n de la Misi\u00f3n. Graduado en la Universidad Oberta de Catalunya con cuatro grados (Asistente de direcci\u00f3n, Gesti\u00f3n Administrativa, Recursos Humanos y Contabilidad Avanzada). Bil\u00edng\u00fce Espa\u00f1ol\/Ingl\u00e9s. gestiona y mantiene varias p\u00e1ginas web cristianas y vicencianas, incluida including La Red de Formaci\u00f3n Vicenciana, de la que es cofundador. Actualmente es responsable del \u00e1rea de Espa\u00f1ol de .famvin, la Red de Noticias de la Familia Vicenciana. Tambi\u00e9n es m\u00fasico cat\u00f3lico y ha editado varios discos. Es Director General y cofundador de Trovador, una reconocida compa\u00f1\u00eda discogr\u00e1fica critiana de Espa\u00f1a. Trabaja en las Tecnolog\u00edas de la Informaci\u00f3n, ofreciendo servicios de alojamiento, dise\u00f1o y mantenimiento Web, as\u00ed como asesoramiento, formaci\u00f3n y soluciones inform\u00e1ticas, gesti\u00f3n documental y digitalizaci\u00f3n de textos, edici\u00f3n y maquetaci\u00f3n de libros, revistas, flyers, etc.\",\"sameAs\":[\"http:\/\/chento.org\",\"https:\/\/www.facebook.com\/JavierChento\",\"https:\/\/x.com\/https:\/\/twitter.com\/javierchento\"],\"url\":\"https:\/\/vincentians.com\/es\/author\/chento\/\"}]}<\/script>\n<!-- \/ Yoast SEO plugin. -->","yoast_head_json":{"title":"SED PERFECTOS... - Somos Vicencianos","robots":{"index":"index","follow":"follow","max-snippet":"max-snippet:-1","max-image-preview":"max-image-preview:large","max-video-preview":"max-video-preview:-1"},"canonical":"https:\/\/vincentians.com\/es\/sed-perfectos\/","og_locale":"es_ES","og_type":"article","og_title":"SED PERFECTOS... - Somos Vicencianos","og_description":"\u00abSed buenos del todo, como es bueno vuestro Padre del cielo\u00bb (Mt. 5,48) \u00ab&#8230;1.\u00b0 procuran con todas sus fuerzas revestirse del esp\u00edritu del mismo Cristo (RC I, 3), para adquirir la perfecci\u00f3n correspondiente a su ... Read More","og_url":"https:\/\/vincentians.com\/es\/sed-perfectos\/","og_site_name":"Somos Vicencianos","article_publisher":"https:\/\/www.facebook.com\/WeAreVincentians\/","article_author":"https:\/\/www.facebook.com\/JavierChento","article_published_time":"2014-08-31T06:06:45+00:00","author":"Francisco Javier Fern\u00e1ndez Chento","twitter_card":"summary_large_image","twitter_creator":"@https:\/\/twitter.com\/javierchento","twitter_site":"@WeVincentians","twitter_misc":{"Escrito por":"Francisco Javier Fern\u00e1ndez Chento","Tiempo de lectura":"4 minutos"},"schema":{"@context":"https:\/\/schema.org","@graph":[{"@type":"Article","@id":"https:\/\/vincentians.com\/es\/sed-perfectos\/#article","isPartOf":{"@id":"https:\/\/vincentians.com\/es\/sed-perfectos\/"},"author":{"name":"Francisco Javier Fern\u00e1ndez Chento","@id":"http:\/\/vincentians.com\/es\/#\/schema\/person\/9623ef4d9aa3b2dfb8c061f1499288f2"},"headline":"SED PERFECTOS&#8230;","datePublished":"2014-08-31T06:06:45+00:00","mainEntityOfPage":{"@id":"https:\/\/vincentians.com\/es\/sed-perfectos\/"},"wordCount":703,"commentCount":0,"publisher":{"@id":"http:\/\/vincentians.com\/es\/#organization"},"image":{"@id":"https:\/\/vincentians.com\/es\/sed-perfectos\/#primaryimage"},"thumbnailUrl":"","keywords":["San Juan de la Cruz"],"articleSection":["Espiritualidad vicenciana"],"inLanguage":"es","potentialAction":[{"@type":"CommentAction","name":"Comment","target":["https:\/\/vincentians.com\/es\/sed-perfectos\/#respond"]}]},{"@type":"WebPage","@id":"https:\/\/vincentians.com\/es\/sed-perfectos\/","url":"https:\/\/vincentians.com\/es\/sed-perfectos\/","name":"SED PERFECTOS... - Somos Vicencianos","isPartOf":{"@id":"http:\/\/vincentians.com\/es\/#website"},"primaryImageOfPage":{"@id":"https:\/\/vincentians.com\/es\/sed-perfectos\/#primaryimage"},"image":{"@id":"https:\/\/vincentians.com\/es\/sed-perfectos\/#primaryimage"},"thumbnailUrl":"","datePublished":"2014-08-31T06:06:45+00:00","breadcrumb":{"@id":"https:\/\/vincentians.com\/es\/sed-perfectos\/#breadcrumb"},"inLanguage":"es","potentialAction":[{"@type":"ReadAction","target":["https:\/\/vincentians.com\/es\/sed-perfectos\/"]}]},{"@type":"ImageObject","inLanguage":"es","@id":"https:\/\/vincentians.com\/es\/sed-perfectos\/#primaryimage","url":"","contentUrl":""},{"@type":"BreadcrumbList","@id":"https:\/\/vincentians.com\/es\/sed-perfectos\/#breadcrumb","itemListElement":[{"@type":"ListItem","position":1,"name":"Portada","item":"http:\/\/vincentians.com\/es\/"},{"@type":"ListItem","position":2,"name":"SED PERFECTOS&#8230;"}]},{"@type":"WebSite","@id":"http:\/\/vincentians.com\/es\/#website","url":"http:\/\/vincentians.com\/es\/","name":"Somos Vicencianos","description":"Know more to serve more","publisher":{"@id":"http:\/\/vincentians.com\/es\/#organization"},"potentialAction":[{"@type":"SearchAction","target":{"@type":"EntryPoint","urlTemplate":"http:\/\/vincentians.com\/es\/?s={search_term_string}"},"query-input":{"@type":"PropertyValueSpecification","valueRequired":true,"valueName":"search_term_string"}}],"inLanguage":"es"},{"@type":"Organization","@id":"http:\/\/vincentians.com\/es\/#organization","name":"The Vincentian Network","url":"http:\/\/vincentians.com\/es\/","logo":{"@type":"ImageObject","inLanguage":"es","@id":"http:\/\/vincentians.com\/es\/#\/schema\/logo\/image\/","url":"https:\/\/i1.wp.com\/vincentians.com\/es\/wp-content\/uploads\/sites\/11\/2016\/06\/Vincentian-Network-logo-big.png?fit=778%2C778","contentUrl":"https:\/\/i1.wp.com\/vincentians.com\/es\/wp-content\/uploads\/sites\/11\/2016\/06\/Vincentian-Network-logo-big.png?fit=778%2C778","width":778,"height":778,"caption":"The Vincentian Network"},"image":{"@id":"http:\/\/vincentians.com\/es\/#\/schema\/logo\/image\/"},"sameAs":["https:\/\/www.facebook.com\/WeAreVincentians\/","https:\/\/x.com\/WeVincentians"]},{"@type":"Person","@id":"http:\/\/vincentians.com\/es\/#\/schema\/person\/9623ef4d9aa3b2dfb8c061f1499288f2","name":"Francisco Javier Fern\u00e1ndez Chento","image":{"@type":"ImageObject","inLanguage":"es","@id":"http:\/\/vincentians.com\/es\/#\/schema\/person\/image\/","url":"https:\/\/secure.gravatar.com\/avatar\/497d5cde87b4c3d097d0315953521681ba2cd523ee66e5077c3711f7021e65de?s=96&d=mm&r=g","contentUrl":"https:\/\/secure.gravatar.com\/avatar\/497d5cde87b4c3d097d0315953521681ba2cd523ee66e5077c3711f7021e65de?s=96&d=mm&r=g","caption":"Francisco Javier Fern\u00e1ndez Chento"},"description":"Director General y cofundador de La Red de Formaci\u00f3n Vicenciana. Javier es laico vicenciano, afiliado a la Congregaci\u00f3n de la Misi\u00f3n y miembro del Equipo de Misiones Populares de la provincia can\u00f3nica de Zaragoza (Espa\u00f1a) de la Congregaci\u00f3n de la Misi\u00f3n. Graduado en la Universidad Oberta de Catalunya con cuatro grados (Asistente de direcci\u00f3n, Gesti\u00f3n Administrativa, Recursos Humanos y Contabilidad Avanzada). Bil\u00edng\u00fce Espa\u00f1ol\/Ingl\u00e9s. gestiona y mantiene varias p\u00e1ginas web cristianas y vicencianas, incluida including La Red de Formaci\u00f3n Vicenciana, de la que es cofundador. Actualmente es responsable del \u00e1rea de Espa\u00f1ol de .famvin, la Red de Noticias de la Familia Vicenciana. Tambi\u00e9n es m\u00fasico cat\u00f3lico y ha editado varios discos. Es Director General y cofundador de Trovador, una reconocida compa\u00f1\u00eda discogr\u00e1fica critiana de Espa\u00f1a. Trabaja en las Tecnolog\u00edas de la Informaci\u00f3n, ofreciendo servicios de alojamiento, dise\u00f1o y mantenimiento Web, as\u00ed como asesoramiento, formaci\u00f3n y soluciones inform\u00e1ticas, gesti\u00f3n documental y digitalizaci\u00f3n de textos, edici\u00f3n y maquetaci\u00f3n de libros, revistas, flyers, etc.","sameAs":["http:\/\/chento.org","https:\/\/www.facebook.com\/JavierChento","https:\/\/x.com\/https:\/\/twitter.com\/javierchento"],"url":"https:\/\/vincentians.com\/es\/author\/chento\/"}]}},"jetpack_publicize_connections":[],"jetpack_featured_media_url":"","jetpack_sharing_enabled":true,"jetpack_shortlink":"https:\/\/wp.me\/p7ETMF-y77","jetpack-related-posts":[{"id":131135,"url":"https:\/\/vincentians.com\/es\/revestidos-del-espiritu-de-cristo\/","url_meta":{"origin":131137,"position":0},"title":"Revestidos del Esp\u00edritu de Cristo","author":"Francisco Javier Fern\u00e1ndez Chento","date":"28\/08\/2014","format":false,"excerpt":"Porque todos al bautizarnos vincul\u00e1ndoos al Mes\u00edas os revestisteis del Mes\u00edas (Gal. 3,27). El fin de la Congregaci\u00f3n de la Misi\u00f3n es seguir a Cristo evangelizador de los pobres. Este fin se logra cuando sus miembros y comunidades, fieles a San Vicente: 1.\u00b0 procuran con todas sus fuerzas revestirse del\u2026","rel":"","context":"En \u00abFormaci\u00f3n Vicenciana\u00bb","block_context":{"text":"Formaci\u00f3n Vicenciana","link":"https:\/\/vincentians.com\/es\/category\/formacion-vicenciana\/"},"img":{"alt_text":"espiritualidad","src":"https:\/\/i0.wp.com\/vicencianos.org\/wp-content\/2014\/07\/espiritualidad.jpg?resize=350%2C200","width":350,"height":200},"classes":[]},{"id":117773,"url":"https:\/\/vincentians.com\/es\/dedicarse-con-afan-a-la-propia-perfeccion\/","url_meta":{"origin":131137,"position":1},"title":"Dedicarse con af\u00e1n a la propia perfecci\u00f3n","author":"Francisco Javier Fern\u00e1ndez Chento","date":"23\/05\/2015","format":false,"excerpt":"1) Vocaci\u00f3n universal a la santidad Todos los fieles de cualquier estado y condici\u00f3n, est\u00e1n llamados a la ple\u00adnitud de la caridad, santidad en la cual, en la sociedad terrena, se pro\u00admueve un modo de vivir m\u00e1s humano. 1. La vocaci\u00f3n, como el t\u00e9rmino lo indica, es una llamada a\u2026","rel":"","context":"En \u00abFormaci\u00f3n Vicenciana\u00bb","block_context":{"text":"Formaci\u00f3n Vicenciana","link":"https:\/\/vincentians.com\/es\/category\/formacion-vicenciana\/"},"img":{"alt_text":"perfeccion","src":"https:\/\/i0.wp.com\/vicencianos.org\/wp-content\/2013\/02\/perfeccion-300x170.jpg?resize=350%2C200","width":350,"height":200},"classes":[]},{"id":131669,"url":"https:\/\/vincentians.com\/es\/edificad-sobre-roca-firme\/","url_meta":{"origin":131137,"position":2},"title":"Edificad sobre roca firme","author":"Francisco Javier Fern\u00e1ndez Chento","date":"04\/11\/2014","format":false,"excerpt":"\"Todo aquel que escucha estas palabras m\u00edas y las pone por obra se parece al hombre sensato que edific\u00f3 su casa sobre roca. Cay\u00f3 la lluvia, vino la riada, soplaron los vientos, y arremetieron contra la casa; pero no se hundi\u00f3, porque estaba cimentada sobre roca firme\". (Mt 7,24-25). \"La\u2026","rel":"","context":"En \u00abEspiritualidad vicenciana\u00bb","block_context":{"text":"Espiritualidad vicenciana","link":"https:\/\/vincentians.com\/es\/category\/espiritualidad\/espiritualidad-vicenciana\/"},"img":{"alt_text":"casa-rocas","src":"https:\/\/i0.wp.com\/vicencianos.org\/wp-content\/2014\/11\/casa-rocas-300x183.jpg?resize=350%2C200","width":350,"height":200},"classes":[]},{"id":131334,"url":"https:\/\/vincentians.com\/es\/las-constituciones-medio-para-alcanzar-la-perfeccion\/","url_meta":{"origin":131137,"position":3},"title":"Las Constituciones, medio para alcanzar la perfecci\u00f3n","author":"Francisco Javier Fern\u00e1ndez Chento","date":"23\/05\/2015","format":false,"excerpt":"\"...porque os digo que si vuestra fidelidad no sobrepasa la de los letrados y fari-seos, no entrar\u00e9is en el Reino de Dios\" (Mt 5,20). \"La Congregaci\u00f3n de la Misi\u00f3n es una sociedad clerical de vida apost\u00f3lica y de derecho pontificio. En ella, sus miembros tratan de alcanzar su propio fin\u2026","rel":"","context":"En \u00abEspiritualidad vicenciana\u00bb","block_context":{"text":"Espiritualidad vicenciana","link":"https:\/\/vincentians.com\/es\/category\/espiritualidad\/espiritualidad-vicenciana\/"},"img":{"alt_text":"logo-CM","src":"https:\/\/i0.wp.com\/vicencianos.org\/wp-content\/2015\/03\/logo-CM-300x300.jpg?resize=350%2C200","width":350,"height":200},"classes":[]},{"id":131917,"url":"https:\/\/vincentians.com\/es\/humildes-de-corazon\/","url_meta":{"origin":131137,"position":4},"title":"Humildes de coraz\u00f3n","author":"Francisco Javier Fern\u00e1ndez Chento","date":"02\/12\/2014","format":false,"excerpt":"\"Acercaos a m\u00ed todos los que est\u00e1is rendidos y abrumados, que yo os dar\u00e9 respiro. Cargad con mi yugo y aprended de m\u00ed, que soy sencillo y humilde: encontra-r\u00e9is vuestro respiro, pues mi yugo es llevadero y mi carga ligera\" (Mt 11,28-30). \"La Congregaci\u00f3n intenta expresar su esp\u00edritu tambi\u00e9n con\u2026","rel":"","context":"En \u00abFormaci\u00f3n Vicenciana\u00bb","block_context":{"text":"Formaci\u00f3n Vicenciana","link":"https:\/\/vincentians.com\/es\/category\/formacion-vicenciana\/"},"img":{"alt_text":"humildad","src":"https:\/\/i0.wp.com\/vicencianos.org\/wp-content\/2014\/12\/humildad-300x300.jpg?resize=350%2C200","width":350,"height":200},"classes":[]},{"id":117965,"url":"https:\/\/vincentians.com\/es\/las-potencias-del-alma-de-la-cm-y-expresion-de-su-espiritu\/","url_meta":{"origin":131137,"position":5},"title":"Las potencias del alma de la CM y expresi\u00f3n de su Esp\u00edritu","author":"Francisco Javier Fern\u00e1ndez Chento","date":"21\/08\/2021","format":false,"excerpt":"LAS POTENCIAS DE ALMA.... En el cultivo y la pr\u00e1ctica de estas virtudes, la Congregaci\u00f3n ha de empe\u00ad\u00f1arse muy cuidadosamente, pues estas cinco virtudes son como las poten\u00adcias del alma de la Congregaci\u00f3n entera, y deben animar las acciones de todos nosotros (RC II, 14). 1) En la historia de\u2026","rel":"","context":"En \u00abFormaci\u00f3n Vicenciana\u00bb","block_context":{"text":"Formaci\u00f3n Vicenciana","link":"https:\/\/vincentians.com\/es\/category\/formacion-vicenciana\/"},"img":{"alt_text":"","src":"https:\/\/i0.wp.com\/vincentians.com\/es\/wp-content\/uploads\/sites\/11\/2017\/04\/vicente-y-eucaristia.jpg?fit=1200%2C630&ssl=1&resize=350%2C200","width":350,"height":200,"srcset":"https:\/\/i0.wp.com\/vincentians.com\/es\/wp-content\/uploads\/sites\/11\/2017\/04\/vicente-y-eucaristia.jpg?fit=1200%2C630&ssl=1&resize=350%2C200 1x, https:\/\/i0.wp.com\/vincentians.com\/es\/wp-content\/uploads\/sites\/11\/2017\/04\/vicente-y-eucaristia.jpg?fit=1200%2C630&ssl=1&resize=525%2C300 1.5x, https:\/\/i0.wp.com\/vincentians.com\/es\/wp-content\/uploads\/sites\/11\/2017\/04\/vicente-y-eucaristia.jpg?fit=1200%2C630&ssl=1&resize=700%2C400 2x, https:\/\/i0.wp.com\/vincentians.com\/es\/wp-content\/uploads\/sites\/11\/2017\/04\/vicente-y-eucaristia.jpg?fit=1200%2C630&ssl=1&resize=1050%2C600 3x"},"classes":[]}],"_links":{"self":[{"href":"https:\/\/vincentians.com\/es\/wp-json\/wp\/v2\/posts\/131137","targetHints":{"allow":["GET"]}}],"collection":[{"href":"https:\/\/vincentians.com\/es\/wp-json\/wp\/v2\/posts"}],"about":[{"href":"https:\/\/vincentians.com\/es\/wp-json\/wp\/v2\/types\/post"}],"author":[{"embeddable":true,"href":"https:\/\/vincentians.com\/es\/wp-json\/wp\/v2\/users\/4"}],"replies":[{"embeddable":true,"href":"https:\/\/vincentians.com\/es\/wp-json\/wp\/v2\/comments?post=131137"}],"version-history":[{"count":0,"href":"https:\/\/vincentians.com\/es\/wp-json\/wp\/v2\/posts\/131137\/revisions"}],"wp:featuredmedia":[{"embeddable":true,"href":"https:\/\/vincentians.com\/es\/wp-json\/"}],"wp:attachment":[{"href":"https:\/\/vincentians.com\/es\/wp-json\/wp\/v2\/media?parent=131137"}],"wp:term":[{"taxonomy":"category","embeddable":true,"href":"https:\/\/vincentians.com\/es\/wp-json\/wp\/v2\/categories?post=131137"},{"taxonomy":"post_tag","embeddable":true,"href":"https:\/\/vincentians.com\/es\/wp-json\/wp\/v2\/tags?post=131137"}],"curies":[{"name":"wp","href":"https:\/\/api.w.org\/{rel}","templated":true}]}}