{"id":130881,"date":"2015-02-16T06:43:02","date_gmt":"2015-02-16T05:43:02","guid":{"rendered":"http:\/\/somos.vicencianos.org\/?p=130881"},"modified":"2016-07-26T19:17:55","modified_gmt":"2016-07-26T17:17:55","slug":"el-camino-de-san-vicente-actos-de-piedad","status":"publish","type":"post","link":"https:\/\/vincentians.com\/es\/el-camino-de-san-vicente-actos-de-piedad\/","title":{"rendered":"El camino de San Vicente: Actos de piedad"},"content":{"rendered":"<p style=\"text-align: justify\"><a href=\"https:\/\/i0.wp.com\/vicencianos.org\/wp-content\/2014\/07\/oracion-en-capilla.jpg\"><img data-recalc-dims=\"1\" loading=\"lazy\" decoding=\"async\" class=\"alignright size-medium wp-image-139595\" src=\"https:\/\/i0.wp.com\/vicencianos.org\/wp-content\/2014\/07\/oracion-en-capilla-300x225.jpg?resize=300%2C225\" alt=\"oracion-en-capilla\" width=\"300\" height=\"225\" \/><\/a>Escucha, hermano, lo que dice san Vicente acerca de la vida de piedad:<\/p>\n<p style=\"text-align: justify\">Cristo el Se\u00f1or y sus disc\u00edpulos ten\u00edan sus ejercicios de piedad, como por ejemplo subir al templo, retirarse de vez en cuando a la soledad, dedicarse a la oraci\u00f3n, y cosas semejantes. Por ello parece muy justo que tambi\u00e9n esta peque\u00f1a congregaci\u00f3n tenga sus pr\u00e1cticas espirituales propias, que observar\u00e1 con mucha exactitud, y que preferir\u00e1 a cualesquiera otras, a no ser que la necesidad o la obediencia pidan otra cosa. Dichas pr\u00e1cticas nos llevar\u00e1n con seguridad a guardar con fidelidad las Reglas y Constituciones y tambi\u00e9n a la perfecci\u00f3n propia&#8217;.<\/p>\n<p style=\"text-align: justify\">San Vicente te pide que hagas de la Trinidad y de la Encarnaci\u00f3n el centro de tu vida. Recuerda que nos propone continuamente a Jes\u00fas, la Palabra hecha carne, como el ejemplar para todo lo que los miembros de su congregaci\u00f3n deb\u00edan hacer. Te pide que llegues a conocer a Dios nuestro Padre en la oraci\u00f3n, y que pidas al Esp\u00edritu de Dios que llene a la compa\u00f1\u00eda, de manera que la vida del Se\u00f1or resucitado se haga presente en nuestras vidas.<\/p>\n<p style=\"text-align: justify\">San Vicente se\u00f1ala unos medios concretos a los que, en una forma adaptada a hoy, las Constituciones te piden que seas fiel:<\/p>\n<ol>\n<li style=\"text-align: justify\">participar cada d\u00eda en la eucarist\u00eda;<\/li>\n<li style=\"text-align: justify\">\u00fanete a tus hermanos cada ma\u00f1ana y cada tarde para alabar a Dios en com\u00fan;<\/li>\n<li style=\"text-align: justify\">en imitaci\u00f3n de Cristo, que empleaba noches enteras rezando, ayuda a tus hermanos dedicando una hora cada d\u00eda a la oraci\u00f3n personal; emplea alg\u00fan tiempo a orar en presencia del Sant\u00edsimo Sacramento;<\/li>\n<li style=\"text-align: justify\">recibe con frecuencia el sacramento de la penitencia, como lo recomienda la Iglesia en los diversos tiempos;<\/li>\n<li style=\"text-align: justify\">lee una porci\u00f3n del Nuevo Testamento cada d\u00eda, y adem\u00e1s dedica alg\u00fan tiempo a leer en alg\u00fan libro que trate de temas espirituales;<\/li>\n<li style=\"text-align: justify\">ten cada d\u00eda alg\u00fan acto de devoci\u00f3n a Mar\u00eda, la madre de Jes\u00fas, tal como el rosario; en particular, imita su fidelidad en escuchar la palabra de Dios, su humildad, su esp\u00edritu de gra-titud, su pureza; siempre que se te presente la ocasi\u00f3n, anima a otros a conocerla y a amarla;<\/li>\n<li style=\"text-align: justify\">acost\u00fambrate a examinar tu conciencia cada d\u00eda para crecer m\u00e1s en el amor de Cristo;<\/li>\n<li style=\"text-align: justify\">practica la direcci\u00f3n espiritual con regularidad durante toda tu vida;<\/li>\n<li style=\"text-align: justify\">cada a\u00f1o \u00fanete a tus hermanos en unos ejercicios espirituales.<\/li>\n<\/ol>\n<p>Al comprometerte con la compa\u00f1\u00eda de san Vicente, hermano m\u00edo, s\u00e1bete que \u00e9l te pide que te comprometas a pr\u00e1cticas como esas. Si las practicas con todo el coraz\u00f3n y con generosidad madurar\u00e1s con toda seguridad.<\/p>\n","protected":false},"excerpt":{"rendered":"<p>Escucha, hermano, lo que dice san Vicente acerca de la vida de piedad: Cristo el Se\u00f1or y sus disc\u00edpulos ten\u00edan sus ejercicios de piedad, como por ejemplo subir al templo, retirarse de vez en cuando &#8230; <a href=\"https:\/\/vincentians.com\/es\/el-camino-de-san-vicente-actos-de-piedad\/\" class=\"more-link\">Read More<\/a><\/p>\n","protected":false},"author":4,"featured_media":139595,"comment_status":"open","ping_status":"open","sticky":false,"template":"","format":"standard","meta":{"jetpack_post_was_ever_published":false,"_jetpack_newsletter_access":"","_jetpack_dont_email_post_to_subs":false,"_jetpack_newsletter_tier_id":0,"_jetpack_memberships_contains_paywalled_content":false,"_jetpack_memberships_contains_paid_content":false,"footnotes":"","jetpack_publicize_message":"","jetpack_publicize_feature_enabled":true,"jetpack_social_post_already_shared":true,"jetpack_social_options":{"image_generator_settings":{"template":"highway","default_image_id":0,"font":"","enabled":false},"version":2}},"categories":[28],"tags":[],"class_list":["post-130881","post","type-post","status-publish","format-standard","has-post-thumbnail","hentry","category-formacion-vicenciana"],"yoast_head":"<!-- This site is optimized with the Yoast SEO plugin v26.3 - https:\/\/yoast.com\/wordpress\/plugins\/seo\/ -->\n<title>El camino de San Vicente: Actos de piedad - Somos Vicencianos<\/title>\n<meta name=\"robots\" content=\"index, follow, max-snippet:-1, max-image-preview:large, max-video-preview:-1\" \/>\n<link rel=\"canonical\" href=\"http:\/\/vincentians.com\/es\/el-camino-de-san-vicente-actos-de-piedad\/\" \/>\n<meta property=\"og:locale\" content=\"es_ES\" \/>\n<meta property=\"og:type\" content=\"article\" \/>\n<meta property=\"og:title\" content=\"El camino de San Vicente: Actos de piedad - Somos Vicencianos\" \/>\n<meta property=\"og:description\" content=\"Escucha, hermano, lo que dice san Vicente acerca de la vida de piedad: Cristo el Se\u00f1or y sus disc\u00edpulos ten\u00edan sus ejercicios de piedad, como por ejemplo subir al templo, retirarse de vez en cuando ... Read More\" \/>\n<meta property=\"og:url\" content=\"http:\/\/vincentians.com\/es\/el-camino-de-san-vicente-actos-de-piedad\/\" \/>\n<meta property=\"og:site_name\" content=\"Somos Vicencianos\" \/>\n<meta property=\"article:publisher\" content=\"https:\/\/www.facebook.com\/WeAreVincentians\/\" \/>\n<meta property=\"article:author\" content=\"https:\/\/www.facebook.com\/JavierChento\" \/>\n<meta property=\"article:published_time\" content=\"2015-02-16T05:43:02+00:00\" \/>\n<meta property=\"article:modified_time\" content=\"2016-07-26T17:17:55+00:00\" \/>\n<meta name=\"author\" content=\"Francisco Javier Fern\u00e1ndez Chento\" \/>\n<meta name=\"twitter:card\" content=\"summary_large_image\" \/>\n<meta name=\"twitter:creator\" content=\"@https:\/\/twitter.com\/javierchento\" \/>\n<meta name=\"twitter:site\" content=\"@WeVincentians\" \/>\n<meta name=\"twitter:label1\" content=\"Escrito por\" \/>\n\t<meta name=\"twitter:data1\" content=\"Francisco Javier Fern\u00e1ndez Chento\" \/>\n\t<meta name=\"twitter:label2\" content=\"Tiempo de lectura\" \/>\n\t<meta name=\"twitter:data2\" content=\"2 minutos\" \/>\n<script type=\"application\/ld+json\" class=\"yoast-schema-graph\">{\"@context\":\"https:\/\/schema.org\",\"@graph\":[{\"@type\":\"Article\",\"@id\":\"http:\/\/vincentians.com\/es\/el-camino-de-san-vicente-actos-de-piedad\/#article\",\"isPartOf\":{\"@id\":\"http:\/\/vincentians.com\/es\/el-camino-de-san-vicente-actos-de-piedad\/\"},\"author\":{\"name\":\"Francisco Javier Fern\u00e1ndez Chento\",\"@id\":\"http:\/\/vincentians.com\/es\/#\/schema\/person\/9623ef4d9aa3b2dfb8c061f1499288f2\"},\"headline\":\"El camino de San Vicente: Actos de piedad\",\"datePublished\":\"2015-02-16T05:43:02+00:00\",\"dateModified\":\"2016-07-26T17:17:55+00:00\",\"mainEntityOfPage\":{\"@id\":\"http:\/\/vincentians.com\/es\/el-camino-de-san-vicente-actos-de-piedad\/\"},\"wordCount\":483,\"commentCount\":0,\"publisher\":{\"@id\":\"http:\/\/vincentians.com\/es\/#organization\"},\"image\":{\"@id\":\"http:\/\/vincentians.com\/es\/el-camino-de-san-vicente-actos-de-piedad\/#primaryimage\"},\"thumbnailUrl\":\"\",\"articleSection\":[\"Formaci\u00f3n Vicenciana\"],\"inLanguage\":\"es\",\"potentialAction\":[{\"@type\":\"CommentAction\",\"name\":\"Comment\",\"target\":[\"http:\/\/vincentians.com\/es\/el-camino-de-san-vicente-actos-de-piedad\/#respond\"]}]},{\"@type\":\"WebPage\",\"@id\":\"http:\/\/vincentians.com\/es\/el-camino-de-san-vicente-actos-de-piedad\/\",\"url\":\"http:\/\/vincentians.com\/es\/el-camino-de-san-vicente-actos-de-piedad\/\",\"name\":\"El camino de San Vicente: Actos de piedad - Somos Vicencianos\",\"isPartOf\":{\"@id\":\"http:\/\/vincentians.com\/es\/#website\"},\"primaryImageOfPage\":{\"@id\":\"http:\/\/vincentians.com\/es\/el-camino-de-san-vicente-actos-de-piedad\/#primaryimage\"},\"image\":{\"@id\":\"http:\/\/vincentians.com\/es\/el-camino-de-san-vicente-actos-de-piedad\/#primaryimage\"},\"thumbnailUrl\":\"\",\"datePublished\":\"2015-02-16T05:43:02+00:00\",\"dateModified\":\"2016-07-26T17:17:55+00:00\",\"breadcrumb\":{\"@id\":\"http:\/\/vincentians.com\/es\/el-camino-de-san-vicente-actos-de-piedad\/#breadcrumb\"},\"inLanguage\":\"es\",\"potentialAction\":[{\"@type\":\"ReadAction\",\"target\":[\"http:\/\/vincentians.com\/es\/el-camino-de-san-vicente-actos-de-piedad\/\"]}]},{\"@type\":\"ImageObject\",\"inLanguage\":\"es\",\"@id\":\"http:\/\/vincentians.com\/es\/el-camino-de-san-vicente-actos-de-piedad\/#primaryimage\",\"url\":\"\",\"contentUrl\":\"\"},{\"@type\":\"BreadcrumbList\",\"@id\":\"http:\/\/vincentians.com\/es\/el-camino-de-san-vicente-actos-de-piedad\/#breadcrumb\",\"itemListElement\":[{\"@type\":\"ListItem\",\"position\":1,\"name\":\"Portada\",\"item\":\"http:\/\/vincentians.com\/es\/\"},{\"@type\":\"ListItem\",\"position\":2,\"name\":\"El camino de San Vicente: Actos de piedad\"}]},{\"@type\":\"WebSite\",\"@id\":\"http:\/\/vincentians.com\/es\/#website\",\"url\":\"http:\/\/vincentians.com\/es\/\",\"name\":\"Somos Vicencianos\",\"description\":\"Know more to serve more\",\"publisher\":{\"@id\":\"http:\/\/vincentians.com\/es\/#organization\"},\"potentialAction\":[{\"@type\":\"SearchAction\",\"target\":{\"@type\":\"EntryPoint\",\"urlTemplate\":\"http:\/\/vincentians.com\/es\/?s={search_term_string}\"},\"query-input\":{\"@type\":\"PropertyValueSpecification\",\"valueRequired\":true,\"valueName\":\"search_term_string\"}}],\"inLanguage\":\"es\"},{\"@type\":\"Organization\",\"@id\":\"http:\/\/vincentians.com\/es\/#organization\",\"name\":\"The Vincentian Network\",\"url\":\"http:\/\/vincentians.com\/es\/\",\"logo\":{\"@type\":\"ImageObject\",\"inLanguage\":\"es\",\"@id\":\"http:\/\/vincentians.com\/es\/#\/schema\/logo\/image\/\",\"url\":\"https:\/\/i1.wp.com\/vincentians.com\/es\/wp-content\/uploads\/sites\/11\/2016\/06\/Vincentian-Network-logo-big.png?fit=778%2C778\",\"contentUrl\":\"https:\/\/i1.wp.com\/vincentians.com\/es\/wp-content\/uploads\/sites\/11\/2016\/06\/Vincentian-Network-logo-big.png?fit=778%2C778\",\"width\":778,\"height\":778,\"caption\":\"The Vincentian Network\"},\"image\":{\"@id\":\"http:\/\/vincentians.com\/es\/#\/schema\/logo\/image\/\"},\"sameAs\":[\"https:\/\/www.facebook.com\/WeAreVincentians\/\",\"https:\/\/x.com\/WeVincentians\"]},{\"@type\":\"Person\",\"@id\":\"http:\/\/vincentians.com\/es\/#\/schema\/person\/9623ef4d9aa3b2dfb8c061f1499288f2\",\"name\":\"Francisco Javier Fern\u00e1ndez Chento\",\"image\":{\"@type\":\"ImageObject\",\"inLanguage\":\"es\",\"@id\":\"http:\/\/vincentians.com\/es\/#\/schema\/person\/image\/\",\"url\":\"https:\/\/secure.gravatar.com\/avatar\/497d5cde87b4c3d097d0315953521681ba2cd523ee66e5077c3711f7021e65de?s=96&d=mm&r=g\",\"contentUrl\":\"https:\/\/secure.gravatar.com\/avatar\/497d5cde87b4c3d097d0315953521681ba2cd523ee66e5077c3711f7021e65de?s=96&d=mm&r=g\",\"caption\":\"Francisco Javier Fern\u00e1ndez Chento\"},\"description\":\"Director General y cofundador de La Red de Formaci\u00f3n Vicenciana. Javier es laico vicenciano, afiliado a la Congregaci\u00f3n de la Misi\u00f3n y miembro del Equipo de Misiones Populares de la provincia can\u00f3nica de Zaragoza (Espa\u00f1a) de la Congregaci\u00f3n de la Misi\u00f3n. Graduado en la Universidad Oberta de Catalunya con cuatro grados (Asistente de direcci\u00f3n, Gesti\u00f3n Administrativa, Recursos Humanos y Contabilidad Avanzada). Bil\u00edng\u00fce Espa\u00f1ol\/Ingl\u00e9s. gestiona y mantiene varias p\u00e1ginas web cristianas y vicencianas, incluida including La Red de Formaci\u00f3n Vicenciana, de la que es cofundador. Actualmente es responsable del \u00e1rea de Espa\u00f1ol de .famvin, la Red de Noticias de la Familia Vicenciana. Tambi\u00e9n es m\u00fasico cat\u00f3lico y ha editado varios discos. Es Director General y cofundador de Trovador, una reconocida compa\u00f1\u00eda discogr\u00e1fica critiana de Espa\u00f1a. Trabaja en las Tecnolog\u00edas de la Informaci\u00f3n, ofreciendo servicios de alojamiento, dise\u00f1o y mantenimiento Web, as\u00ed como asesoramiento, formaci\u00f3n y soluciones inform\u00e1ticas, gesti\u00f3n documental y digitalizaci\u00f3n de textos, edici\u00f3n y maquetaci\u00f3n de libros, revistas, flyers, etc.\",\"sameAs\":[\"http:\/\/chento.org\",\"https:\/\/www.facebook.com\/JavierChento\",\"https:\/\/x.com\/https:\/\/twitter.com\/javierchento\"],\"url\":\"https:\/\/vincentians.com\/es\/author\/chento\/\"}]}<\/script>\n<!-- \/ Yoast SEO plugin. -->","yoast_head_json":{"title":"El camino de San Vicente: Actos de piedad - Somos Vicencianos","robots":{"index":"index","follow":"follow","max-snippet":"max-snippet:-1","max-image-preview":"max-image-preview:large","max-video-preview":"max-video-preview:-1"},"canonical":"http:\/\/vincentians.com\/es\/el-camino-de-san-vicente-actos-de-piedad\/","og_locale":"es_ES","og_type":"article","og_title":"El camino de San Vicente: Actos de piedad - Somos Vicencianos","og_description":"Escucha, hermano, lo que dice san Vicente acerca de la vida de piedad: Cristo el Se\u00f1or y sus disc\u00edpulos ten\u00edan sus ejercicios de piedad, como por ejemplo subir al templo, retirarse de vez en cuando ... Read More","og_url":"http:\/\/vincentians.com\/es\/el-camino-de-san-vicente-actos-de-piedad\/","og_site_name":"Somos Vicencianos","article_publisher":"https:\/\/www.facebook.com\/WeAreVincentians\/","article_author":"https:\/\/www.facebook.com\/JavierChento","article_published_time":"2015-02-16T05:43:02+00:00","article_modified_time":"2016-07-26T17:17:55+00:00","author":"Francisco Javier Fern\u00e1ndez Chento","twitter_card":"summary_large_image","twitter_creator":"@https:\/\/twitter.com\/javierchento","twitter_site":"@WeVincentians","twitter_misc":{"Escrito por":"Francisco Javier Fern\u00e1ndez Chento","Tiempo de lectura":"2 minutos"},"schema":{"@context":"https:\/\/schema.org","@graph":[{"@type":"Article","@id":"http:\/\/vincentians.com\/es\/el-camino-de-san-vicente-actos-de-piedad\/#article","isPartOf":{"@id":"http:\/\/vincentians.com\/es\/el-camino-de-san-vicente-actos-de-piedad\/"},"author":{"name":"Francisco Javier Fern\u00e1ndez Chento","@id":"http:\/\/vincentians.com\/es\/#\/schema\/person\/9623ef4d9aa3b2dfb8c061f1499288f2"},"headline":"El camino de San Vicente: Actos de piedad","datePublished":"2015-02-16T05:43:02+00:00","dateModified":"2016-07-26T17:17:55+00:00","mainEntityOfPage":{"@id":"http:\/\/vincentians.com\/es\/el-camino-de-san-vicente-actos-de-piedad\/"},"wordCount":483,"commentCount":0,"publisher":{"@id":"http:\/\/vincentians.com\/es\/#organization"},"image":{"@id":"http:\/\/vincentians.com\/es\/el-camino-de-san-vicente-actos-de-piedad\/#primaryimage"},"thumbnailUrl":"","articleSection":["Formaci\u00f3n Vicenciana"],"inLanguage":"es","potentialAction":[{"@type":"CommentAction","name":"Comment","target":["http:\/\/vincentians.com\/es\/el-camino-de-san-vicente-actos-de-piedad\/#respond"]}]},{"@type":"WebPage","@id":"http:\/\/vincentians.com\/es\/el-camino-de-san-vicente-actos-de-piedad\/","url":"http:\/\/vincentians.com\/es\/el-camino-de-san-vicente-actos-de-piedad\/","name":"El camino de San Vicente: Actos de piedad - Somos Vicencianos","isPartOf":{"@id":"http:\/\/vincentians.com\/es\/#website"},"primaryImageOfPage":{"@id":"http:\/\/vincentians.com\/es\/el-camino-de-san-vicente-actos-de-piedad\/#primaryimage"},"image":{"@id":"http:\/\/vincentians.com\/es\/el-camino-de-san-vicente-actos-de-piedad\/#primaryimage"},"thumbnailUrl":"","datePublished":"2015-02-16T05:43:02+00:00","dateModified":"2016-07-26T17:17:55+00:00","breadcrumb":{"@id":"http:\/\/vincentians.com\/es\/el-camino-de-san-vicente-actos-de-piedad\/#breadcrumb"},"inLanguage":"es","potentialAction":[{"@type":"ReadAction","target":["http:\/\/vincentians.com\/es\/el-camino-de-san-vicente-actos-de-piedad\/"]}]},{"@type":"ImageObject","inLanguage":"es","@id":"http:\/\/vincentians.com\/es\/el-camino-de-san-vicente-actos-de-piedad\/#primaryimage","url":"","contentUrl":""},{"@type":"BreadcrumbList","@id":"http:\/\/vincentians.com\/es\/el-camino-de-san-vicente-actos-de-piedad\/#breadcrumb","itemListElement":[{"@type":"ListItem","position":1,"name":"Portada","item":"http:\/\/vincentians.com\/es\/"},{"@type":"ListItem","position":2,"name":"El camino de San Vicente: Actos de piedad"}]},{"@type":"WebSite","@id":"http:\/\/vincentians.com\/es\/#website","url":"http:\/\/vincentians.com\/es\/","name":"Somos Vicencianos","description":"Know more to serve more","publisher":{"@id":"http:\/\/vincentians.com\/es\/#organization"},"potentialAction":[{"@type":"SearchAction","target":{"@type":"EntryPoint","urlTemplate":"http:\/\/vincentians.com\/es\/?s={search_term_string}"},"query-input":{"@type":"PropertyValueSpecification","valueRequired":true,"valueName":"search_term_string"}}],"inLanguage":"es"},{"@type":"Organization","@id":"http:\/\/vincentians.com\/es\/#organization","name":"The Vincentian Network","url":"http:\/\/vincentians.com\/es\/","logo":{"@type":"ImageObject","inLanguage":"es","@id":"http:\/\/vincentians.com\/es\/#\/schema\/logo\/image\/","url":"https:\/\/i1.wp.com\/vincentians.com\/es\/wp-content\/uploads\/sites\/11\/2016\/06\/Vincentian-Network-logo-big.png?fit=778%2C778","contentUrl":"https:\/\/i1.wp.com\/vincentians.com\/es\/wp-content\/uploads\/sites\/11\/2016\/06\/Vincentian-Network-logo-big.png?fit=778%2C778","width":778,"height":778,"caption":"The Vincentian Network"},"image":{"@id":"http:\/\/vincentians.com\/es\/#\/schema\/logo\/image\/"},"sameAs":["https:\/\/www.facebook.com\/WeAreVincentians\/","https:\/\/x.com\/WeVincentians"]},{"@type":"Person","@id":"http:\/\/vincentians.com\/es\/#\/schema\/person\/9623ef4d9aa3b2dfb8c061f1499288f2","name":"Francisco Javier Fern\u00e1ndez Chento","image":{"@type":"ImageObject","inLanguage":"es","@id":"http:\/\/vincentians.com\/es\/#\/schema\/person\/image\/","url":"https:\/\/secure.gravatar.com\/avatar\/497d5cde87b4c3d097d0315953521681ba2cd523ee66e5077c3711f7021e65de?s=96&d=mm&r=g","contentUrl":"https:\/\/secure.gravatar.com\/avatar\/497d5cde87b4c3d097d0315953521681ba2cd523ee66e5077c3711f7021e65de?s=96&d=mm&r=g","caption":"Francisco Javier Fern\u00e1ndez Chento"},"description":"Director General y cofundador de La Red de Formaci\u00f3n Vicenciana. Javier es laico vicenciano, afiliado a la Congregaci\u00f3n de la Misi\u00f3n y miembro del Equipo de Misiones Populares de la provincia can\u00f3nica de Zaragoza (Espa\u00f1a) de la Congregaci\u00f3n de la Misi\u00f3n. Graduado en la Universidad Oberta de Catalunya con cuatro grados (Asistente de direcci\u00f3n, Gesti\u00f3n Administrativa, Recursos Humanos y Contabilidad Avanzada). Bil\u00edng\u00fce Espa\u00f1ol\/Ingl\u00e9s. gestiona y mantiene varias p\u00e1ginas web cristianas y vicencianas, incluida including La Red de Formaci\u00f3n Vicenciana, de la que es cofundador. Actualmente es responsable del \u00e1rea de Espa\u00f1ol de .famvin, la Red de Noticias de la Familia Vicenciana. Tambi\u00e9n es m\u00fasico cat\u00f3lico y ha editado varios discos. Es Director General y cofundador de Trovador, una reconocida compa\u00f1\u00eda discogr\u00e1fica critiana de Espa\u00f1a. Trabaja en las Tecnolog\u00edas de la Informaci\u00f3n, ofreciendo servicios de alojamiento, dise\u00f1o y mantenimiento Web, as\u00ed como asesoramiento, formaci\u00f3n y soluciones inform\u00e1ticas, gesti\u00f3n documental y digitalizaci\u00f3n de textos, edici\u00f3n y maquetaci\u00f3n de libros, revistas, flyers, etc.","sameAs":["http:\/\/chento.org","https:\/\/www.facebook.com\/JavierChento","https:\/\/x.com\/https:\/\/twitter.com\/javierchento"],"url":"https:\/\/vincentians.com\/es\/author\/chento\/"}]}},"jetpack_publicize_connections":[],"jetpack_featured_media_url":"","jetpack_sharing_enabled":true,"jetpack_shortlink":"https:\/\/wp.me\/p7ETMF-y2Z","jetpack-related-posts":[{"id":118542,"url":"https:\/\/vincentians.com\/es\/vicente-de-paul-carta-1095-dedicatoria-de-j-b-de-la-place-a-san-vicente\/","url_meta":{"origin":130881,"position":0},"title":"Vicente de Pa\u00fal, Carta 1095: Dedicatoria De J. B. De La Place A San Vicente","author":"Francisco Javier Fern\u00e1ndez Chento","date":"18\/03\/2013","format":false,"excerpt":"[1648]. Al padre Vicente de Pa\u00fal, fundador y superior general de la congregaci\u00f3n de la Misi\u00f3n. Padre: Me apartar\u00eda de mi obligaci\u00f3n si no le ofreciera esta Uni\u00f3n; he de acercarme al original para juzgar de la fidelidad de mi copia, pues la verdad es que he meditado esta obra\u2026","rel":"","context":"En \u00abEscritos de Vicente de Pa\u00fal\u00bb","block_context":{"text":"Escritos de Vicente de Pa\u00fal","link":"https:\/\/vincentians.com\/es\/category\/escritos\/escritos-de-vicente-de-paul\/"},"img":{"alt_text":"","src":"https:\/\/i0.wp.com\/vincentians.com\/es\/wp-content\/uploads\/sites\/11\/2016\/07\/escritos-vicente-de-paul.jpg?fit=1200%2C630&ssl=1&resize=350%2C200","width":350,"height":200,"srcset":"https:\/\/i0.wp.com\/vincentians.com\/es\/wp-content\/uploads\/sites\/11\/2016\/07\/escritos-vicente-de-paul.jpg?fit=1200%2C630&ssl=1&resize=350%2C200 1x, https:\/\/i0.wp.com\/vincentians.com\/es\/wp-content\/uploads\/sites\/11\/2016\/07\/escritos-vicente-de-paul.jpg?fit=1200%2C630&ssl=1&resize=525%2C300 1.5x, https:\/\/i0.wp.com\/vincentians.com\/es\/wp-content\/uploads\/sites\/11\/2016\/07\/escritos-vicente-de-paul.jpg?fit=1200%2C630&ssl=1&resize=700%2C400 2x, https:\/\/i0.wp.com\/vincentians.com\/es\/wp-content\/uploads\/sites\/11\/2016\/07\/escritos-vicente-de-paul.jpg?fit=1200%2C630&ssl=1&resize=1050%2C600 3x"},"classes":[]},{"id":118539,"url":"https:\/\/vincentians.com\/es\/vicente-de-paul-carta-1092-carlos-nacquart-sacerdote-de-la-mision-a-san-vicente\/","url_meta":{"origin":130881,"position":1},"title":"Vicente de Pa\u00fal, Carta 1092: Carlos Nacquart, Sacerdote De La Misi\u00f3n, A San Vicente","author":"Francisco Javier Fern\u00e1ndez Chento","date":"15\/03\/2013","format":false,"excerpt":"Isla de San Vicente del Cabo Verde [25 junio 1648] Padre: Le pido su santa bendici\u00f3n. Hemos desembarcado aqu\u00ed y estaremos 3 \u00f3 4 d\u00edas para recoger agua. Partimos de La Rochelle el d\u00eda de la Ascensi\u00f3n, en que levamos ancla. Gozamos de buena salud, gracias a Dios, despu\u00e9s de\u2026","rel":"","context":"En \u00abEscritos de Vicente de Pa\u00fal\u00bb","block_context":{"text":"Escritos de Vicente de Pa\u00fal","link":"https:\/\/vincentians.com\/es\/category\/escritos\/escritos-de-vicente-de-paul\/"},"img":{"alt_text":"","src":"https:\/\/i0.wp.com\/vincentians.com\/es\/wp-content\/uploads\/sites\/11\/2016\/07\/escritos-vicente-de-paul.jpg?fit=1200%2C630&ssl=1&resize=350%2C200","width":350,"height":200,"srcset":"https:\/\/i0.wp.com\/vincentians.com\/es\/wp-content\/uploads\/sites\/11\/2016\/07\/escritos-vicente-de-paul.jpg?fit=1200%2C630&ssl=1&resize=350%2C200 1x, https:\/\/i0.wp.com\/vincentians.com\/es\/wp-content\/uploads\/sites\/11\/2016\/07\/escritos-vicente-de-paul.jpg?fit=1200%2C630&ssl=1&resize=525%2C300 1.5x, https:\/\/i0.wp.com\/vincentians.com\/es\/wp-content\/uploads\/sites\/11\/2016\/07\/escritos-vicente-de-paul.jpg?fit=1200%2C630&ssl=1&resize=700%2C400 2x, https:\/\/i0.wp.com\/vincentians.com\/es\/wp-content\/uploads\/sites\/11\/2016\/07\/escritos-vicente-de-paul.jpg?fit=1200%2C630&ssl=1&resize=1050%2C600 3x"},"classes":[]},{"id":137528,"url":"https:\/\/vincentians.com\/es\/vicente-de-paul-carta-1275-alano-de-solminihac-a-san-vicente\/","url_meta":{"origin":130881,"position":2},"title":"Vicente de Pa\u00fal, Carta 1275: Alano De Solminihac A San Vicente","author":"Francisco Javier Fern\u00e1ndez Chento","date":"10\/02\/2015","format":false,"excerpt":"Mercu\u00e8s, 25 de mayo de 1650 Padre: Recib\u00ed oportunamente dos cartas suyas, del 30 de abril y del 14 del corriente, en las que he visto su continuo inter\u00e9s y diligencia en nuestro asunto de Chancelade, por lo que me siento muy agradecido. En adelante procurar\u00e9 no escrlbirle tantas veces\u2026","rel":"","context":"En \u00abEscritos de Vicente de Pa\u00fal\u00bb","block_context":{"text":"Escritos de Vicente de Pa\u00fal","link":"https:\/\/vincentians.com\/es\/category\/escritos\/escritos-de-vicente-de-paul\/"},"img":{"alt_text":"","src":"https:\/\/i0.wp.com\/vincentians.com\/es\/wp-content\/uploads\/sites\/11\/2016\/07\/escritos-vicente-de-paul.jpg?fit=1200%2C630&ssl=1&resize=350%2C200","width":350,"height":200,"srcset":"https:\/\/i0.wp.com\/vincentians.com\/es\/wp-content\/uploads\/sites\/11\/2016\/07\/escritos-vicente-de-paul.jpg?fit=1200%2C630&ssl=1&resize=350%2C200 1x, https:\/\/i0.wp.com\/vincentians.com\/es\/wp-content\/uploads\/sites\/11\/2016\/07\/escritos-vicente-de-paul.jpg?fit=1200%2C630&ssl=1&resize=525%2C300 1.5x, https:\/\/i0.wp.com\/vincentians.com\/es\/wp-content\/uploads\/sites\/11\/2016\/07\/escritos-vicente-de-paul.jpg?fit=1200%2C630&ssl=1&resize=700%2C400 2x, https:\/\/i0.wp.com\/vincentians.com\/es\/wp-content\/uploads\/sites\/11\/2016\/07\/escritos-vicente-de-paul.jpg?fit=1200%2C630&ssl=1&resize=1050%2C600 3x"},"classes":[]},{"id":136769,"url":"https:\/\/vincentians.com\/es\/formadores-de-sacerdotes\/","url_meta":{"origin":130881,"position":3},"title":"Formadores de sacerdotes","author":"Francisco Javier Fern\u00e1ndez Chento","date":"27\/01\/2015","format":false,"excerpt":"\u00abYo te he revelado a ellos \u00ady seguir\u00e9 revel\u00e1ndote, para \u00adque el amor que t\u00fa me has \u00adtenido est\u00e9 con ellos y tambi\u00e9n yo est\u00e9 con ellos\u00bb.\u00ad (Jn 17,26). \u00abRenu\u00e9vese oportuna y eficazmente la obra de la formaci\u00f3n del clero en los seminarios, que ya desde los or\u00edgenes se cuenta\u2026","rel":"","context":"En \u00abEspiritualidad vicenciana\u00bb","block_context":{"text":"Espiritualidad vicenciana","link":"https:\/\/vincentians.com\/es\/category\/espiritualidad\/espiritualidad-vicenciana\/"},"img":{"alt_text":"formadores","src":"https:\/\/i0.wp.com\/vicencianos.org\/wp-content\/2015\/01\/formadores-300x154.jpg?resize=350%2C200","width":350,"height":200},"classes":[]},{"id":114848,"url":"https:\/\/vincentians.com\/es\/vicente-de-paul-carta-1014-lamberto-aux-couteaux-a-san-vicente\/","url_meta":{"origin":130881,"position":4},"title":"Vicente de Pa\u00fal, Carta 1014: Lamberto Aux Couteaux A San Vicente","author":"Francisco Javier Fern\u00e1ndez Chento","date":"25\/11\/2012","format":false,"excerpt":"Nantes, 26 julio 1647. Padre: \u00a1Su bendici\u00f3n, por favor! Estamos a punto de partir de Nantes, despu\u00e9s de haber hecho todas las cosas que le voy a explicar. Puedo asegurarle que nuestras hermanas han estado muy agitadas; ciertamente, si han cometido algunas faltillas, la Providencia de Dios las ha puesto\u2026","rel":"","context":"En \u00abEscritos de Vicente de Pa\u00fal\u00bb","block_context":{"text":"Escritos de Vicente de Pa\u00fal","link":"https:\/\/vincentians.com\/es\/category\/escritos\/escritos-de-vicente-de-paul\/"},"img":{"alt_text":"","src":"https:\/\/i0.wp.com\/vincentians.com\/es\/wp-content\/uploads\/sites\/11\/2016\/07\/escritos-vicente-de-paul.jpg?fit=1200%2C630&ssl=1&resize=350%2C200","width":350,"height":200,"srcset":"https:\/\/i0.wp.com\/vincentians.com\/es\/wp-content\/uploads\/sites\/11\/2016\/07\/escritos-vicente-de-paul.jpg?fit=1200%2C630&ssl=1&resize=350%2C200 1x, https:\/\/i0.wp.com\/vincentians.com\/es\/wp-content\/uploads\/sites\/11\/2016\/07\/escritos-vicente-de-paul.jpg?fit=1200%2C630&ssl=1&resize=525%2C300 1.5x, https:\/\/i0.wp.com\/vincentians.com\/es\/wp-content\/uploads\/sites\/11\/2016\/07\/escritos-vicente-de-paul.jpg?fit=1200%2C630&ssl=1&resize=700%2C400 2x, https:\/\/i0.wp.com\/vincentians.com\/es\/wp-content\/uploads\/sites\/11\/2016\/07\/escritos-vicente-de-paul.jpg?fit=1200%2C630&ssl=1&resize=1050%2C600 3x"},"classes":[]},{"id":126119,"url":"https:\/\/vincentians.com\/es\/vicente-de-paul-carta-1182-luisa-de-marillac-a-san-vicente\/","url_meta":{"origin":130881,"position":5},"title":"Vicente de Pa\u00fal, Carta 1182: Luisa De Marillac A San Vicente","author":"Francisco Javier Fern\u00e1ndez Chento","date":"22\/12\/2013","format":false,"excerpt":"[Agosto 1649] Padre. Despu\u00e9s de escribir esta carta, he cre\u00eddo que ser\u00eda mejor envi\u00e1rsela a usted, por la necesidad que tiene este asunto de una pronta soluci\u00f3n, por ello le env\u00edo la de la hermana Juliana que le pondr\u00e1 al corriente de todo. El padre Lamberto sabe de qu\u00e9 se\u2026","rel":"","context":"En \u00abEscritos de Vicente de Pa\u00fal\u00bb","block_context":{"text":"Escritos de Vicente de Pa\u00fal","link":"https:\/\/vincentians.com\/es\/category\/escritos\/escritos-de-vicente-de-paul\/"},"img":{"alt_text":"","src":"https:\/\/i0.wp.com\/vincentians.com\/es\/wp-content\/uploads\/sites\/11\/2016\/07\/escritos-vicente-de-paul.jpg?fit=1200%2C630&ssl=1&resize=350%2C200","width":350,"height":200,"srcset":"https:\/\/i0.wp.com\/vincentians.com\/es\/wp-content\/uploads\/sites\/11\/2016\/07\/escritos-vicente-de-paul.jpg?fit=1200%2C630&ssl=1&resize=350%2C200 1x, https:\/\/i0.wp.com\/vincentians.com\/es\/wp-content\/uploads\/sites\/11\/2016\/07\/escritos-vicente-de-paul.jpg?fit=1200%2C630&ssl=1&resize=525%2C300 1.5x, https:\/\/i0.wp.com\/vincentians.com\/es\/wp-content\/uploads\/sites\/11\/2016\/07\/escritos-vicente-de-paul.jpg?fit=1200%2C630&ssl=1&resize=700%2C400 2x, https:\/\/i0.wp.com\/vincentians.com\/es\/wp-content\/uploads\/sites\/11\/2016\/07\/escritos-vicente-de-paul.jpg?fit=1200%2C630&ssl=1&resize=1050%2C600 3x"},"classes":[]}],"_links":{"self":[{"href":"https:\/\/vincentians.com\/es\/wp-json\/wp\/v2\/posts\/130881","targetHints":{"allow":["GET"]}}],"collection":[{"href":"https:\/\/vincentians.com\/es\/wp-json\/wp\/v2\/posts"}],"about":[{"href":"https:\/\/vincentians.com\/es\/wp-json\/wp\/v2\/types\/post"}],"author":[{"embeddable":true,"href":"https:\/\/vincentians.com\/es\/wp-json\/wp\/v2\/users\/4"}],"replies":[{"embeddable":true,"href":"https:\/\/vincentians.com\/es\/wp-json\/wp\/v2\/comments?post=130881"}],"version-history":[{"count":0,"href":"https:\/\/vincentians.com\/es\/wp-json\/wp\/v2\/posts\/130881\/revisions"}],"wp:featuredmedia":[{"embeddable":true,"href":"https:\/\/vincentians.com\/es\/wp-json\/"}],"wp:attachment":[{"href":"https:\/\/vincentians.com\/es\/wp-json\/wp\/v2\/media?parent=130881"}],"wp:term":[{"taxonomy":"category","embeddable":true,"href":"https:\/\/vincentians.com\/es\/wp-json\/wp\/v2\/categories?post=130881"},{"taxonomy":"post_tag","embeddable":true,"href":"https:\/\/vincentians.com\/es\/wp-json\/wp\/v2\/tags?post=130881"}],"curies":[{"name":"wp","href":"https:\/\/api.w.org\/{rel}","templated":true}]}}