{"id":130871,"date":"2015-02-08T04:56:34","date_gmt":"2015-02-08T03:56:34","guid":{"rendered":"http:\/\/somos.vicencianos.org\/?p=130871"},"modified":"2016-07-26T19:17:59","modified_gmt":"2016-07-26T17:17:59","slug":"el-camino-de-san-vicente-servicio-de-los-pobres","status":"publish","type":"post","link":"https:\/\/vincentians.com\/es\/el-camino-de-san-vicente-servicio-de-los-pobres\/","title":{"rendered":"El camino de San Vicente: Servicio de los pobres"},"content":{"rendered":"<p style=\"text-align: justify\">Hermano m\u00edo, escucha estas palabras memorables:<\/p>\n<p style=\"text-align: justify;padding-left: 30px\">\u00abAmemos a Dios, hermanos m\u00edos, amemos a Dios, pero que sea a costa de nuestros brazos, que sea con el sudor de nuestra frente. Pues muchas veces los actos de amor a Dios, de complacencia, de benevolencia y otros semejantes afectos y pr\u00e1cticas interiores de un coraz\u00f3n amante, aunque muy buenos y deseables, resultan sin embargo muy sospechosos, cuando no se llega a la pr\u00e1ctica del amor efectivo: &#8216;Mi Padre es glorificado, dice nuestro Se\u00f1or, en que deis mucho fruto'\u00bb.<\/p>\n<p style=\"text-align: justify\">T\u00fa eres un servidor de los pobres. Esa es tu vocaci\u00f3n. Recuerda las dos palabras de tu t\u00edtulo: t\u00fa eres un servidor, y un servidor de los pobres.<\/p>\n<p style=\"text-align: justify\">Jes\u00fas am\u00f3 a los pobres profundamente. Vino a servirles, no a ser servido. \u00abEl que sea el primero entre vosotros\u00bb, dijo Jes\u00fas a sus seguidores, \u00absea el menor y el servidor de todos\u00bb. Como quien camina tras los pasos de Jes\u00fas, cont\u00e9ntate con ser un servidor. No tengas ambiciones orgullosas. Cont\u00e9ntate con poco. Sean pocas tus necesidades. Da gracias a Dios por lo poco que tienes y no pidas m\u00e1s que lo que exige su servicio. S\u00e1bete, hermano, que como servidor que eres tienes que trabajar duro. Esa es la suerte de los servidores y Dios te llama a comprometerte con ese g\u00e9nero de vida. S\u00e9 generoso con tu tiempo. Consid\u00e9rate siempre dispuesto a responder a la llamada de \u00abtus amos y se\u00f1ores\u00bb. A todo esto te comprometes por el primer voto.<\/p>\n<p style=\"text-align: justify\">Pues eres el servidor de los pobres tienes que amarlos mucho, hermano m\u00edo. Derrama ese amor d\u00eda tras d\u00eda. Pero debes darte cuenta de antemano que sufrir\u00e1s decepciones en tu amor. Te encontrar\u00e1s con frustraciones al predicar o al ense\u00f1ar o al trabajar por los pobres. Como san Vicente advert\u00eda a sus seguidores, a menudo despreciar\u00e1n el pan que les des. S\u00e9 perseverante a pesar de todo, hermano, con un amor que manifiesta alegr\u00eda y entusiasmo y generosidad. Si puedes hacer esto, participar\u00e1s de lleno en el ministerio de Jes\u00fas. Fiel a tu voto, estar\u00e1s dedicando tu vida entera a los pobres en la compa\u00f1\u00eda de san Vicente.<\/p>\n<p style=\"text-align: justify\">Pero, como dec\u00eda san Vicente, en tu ministerio primero obra, y luego ense\u00f1a. Como seguidor de Cristo evangelizador de los pobres, tu proclamaci\u00f3n de la buena noticia resonar\u00e1 en los corazones de la gente sobre todo si tu testimonio es vivo:<\/p>\n<ol>\n<li style=\"text-align: justify\">expresado en el lenguaje de las obras: obras de justicia y de misericordia, que son un signo de que el reino de Dios est\u00e1 verdaderamente vivo entre nosotros: dando de comer al hambriento, de beber al sediento, ayudando a encontrar las causas de su hambre y de su sed, y las maneras de calmar ambas;<\/li>\n<li style=\"text-align: justify\">a trav\u00e9s del lenguaje de las palabras: anunciando con profunda convicci\u00f3n la presencia del Se\u00f1or, su amor, su ofrecimiento de perd\u00f3n, su disponibilidad para aceptar a todos;<\/li>\n<li style=\"text-align: justify\">a trav\u00e9s del lenguaje de las relaciones personales: estando con los pobres, trabajando con ellos, formando una comunidad que muestra el amor de Dios por todos los hombres.<\/li>\n<\/ol>\n<p><a href=\"https:\/\/i0.wp.com\/vicencianos.org\/wp-content\/2014\/07\/servicio-a-los-pobres.jpg\"><img data-recalc-dims=\"1\" loading=\"lazy\" decoding=\"async\" class=\"aligncenter size-large wp-image-139224\" src=\"https:\/\/i0.wp.com\/vicencianos.org\/wp-content\/2014\/07\/servicio-a-los-pobres-1024x670.jpg?resize=846%2C554\" alt=\"servicio a los pobres\" width=\"846\" height=\"554\" \/><\/a><\/p>\n<p>&nbsp;<\/p>\n","protected":false},"excerpt":{"rendered":"<p>Hermano m\u00edo, escucha estas palabras memorables: \u00abAmemos a Dios, hermanos m\u00edos, amemos a Dios, pero que sea a costa de nuestros brazos, que sea con el sudor de nuestra frente. Pues muchas veces los actos &#8230; <a href=\"https:\/\/vincentians.com\/es\/el-camino-de-san-vicente-servicio-de-los-pobres\/\" class=\"more-link\">Read More<\/a><\/p>\n","protected":false},"author":4,"featured_media":139224,"comment_status":"open","ping_status":"open","sticky":false,"template":"","format":"standard","meta":{"jetpack_post_was_ever_published":false,"_jetpack_newsletter_access":"","_jetpack_dont_email_post_to_subs":false,"_jetpack_newsletter_tier_id":0,"_jetpack_memberships_contains_paywalled_content":false,"_jetpack_memberships_contains_paid_content":false,"footnotes":"","jetpack_publicize_message":"","jetpack_publicize_feature_enabled":true,"jetpack_social_post_already_shared":true,"jetpack_social_options":{"image_generator_settings":{"template":"highway","default_image_id":0,"font":"","enabled":false},"version":2}},"categories":[28],"tags":[],"class_list":["post-130871","post","type-post","status-publish","format-standard","has-post-thumbnail","hentry","category-formacion-vicenciana"],"yoast_head":"<!-- This site is optimized with the Yoast SEO plugin v26.3 - https:\/\/yoast.com\/wordpress\/plugins\/seo\/ -->\n<title>El camino de San Vicente: Servicio de los pobres - Somos Vicencianos<\/title>\n<meta name=\"robots\" content=\"index, follow, max-snippet:-1, max-image-preview:large, max-video-preview:-1\" \/>\n<link rel=\"canonical\" href=\"https:\/\/vincentians.com\/es\/el-camino-de-san-vicente-servicio-de-los-pobres\/\" \/>\n<meta property=\"og:locale\" content=\"es_ES\" \/>\n<meta property=\"og:type\" content=\"article\" \/>\n<meta property=\"og:title\" content=\"El camino de San Vicente: Servicio de los pobres - Somos Vicencianos\" \/>\n<meta property=\"og:description\" content=\"Hermano m\u00edo, escucha estas palabras memorables: \u00abAmemos a Dios, hermanos m\u00edos, amemos a Dios, pero que sea a costa de nuestros brazos, que sea con el sudor de nuestra frente. Pues muchas veces los actos ... Read More\" \/>\n<meta property=\"og:url\" content=\"https:\/\/vincentians.com\/es\/el-camino-de-san-vicente-servicio-de-los-pobres\/\" \/>\n<meta property=\"og:site_name\" content=\"Somos Vicencianos\" \/>\n<meta property=\"article:publisher\" content=\"https:\/\/www.facebook.com\/WeAreVincentians\/\" \/>\n<meta property=\"article:author\" content=\"https:\/\/www.facebook.com\/JavierChento\" \/>\n<meta property=\"article:published_time\" content=\"2015-02-08T03:56:34+00:00\" \/>\n<meta property=\"article:modified_time\" content=\"2016-07-26T17:17:59+00:00\" \/>\n<meta name=\"author\" content=\"Francisco Javier Fern\u00e1ndez Chento\" \/>\n<meta name=\"twitter:card\" content=\"summary_large_image\" \/>\n<meta name=\"twitter:creator\" content=\"@https:\/\/twitter.com\/javierchento\" \/>\n<meta name=\"twitter:site\" content=\"@WeVincentians\" \/>\n<meta name=\"twitter:label1\" content=\"Escrito por\" \/>\n\t<meta name=\"twitter:data1\" content=\"Francisco Javier Fern\u00e1ndez Chento\" \/>\n\t<meta name=\"twitter:label2\" content=\"Tiempo de lectura\" \/>\n\t<meta name=\"twitter:data2\" content=\"3 minutos\" \/>\n<script type=\"application\/ld+json\" class=\"yoast-schema-graph\">{\"@context\":\"https:\/\/schema.org\",\"@graph\":[{\"@type\":\"Article\",\"@id\":\"https:\/\/vincentians.com\/es\/el-camino-de-san-vicente-servicio-de-los-pobres\/#article\",\"isPartOf\":{\"@id\":\"https:\/\/vincentians.com\/es\/el-camino-de-san-vicente-servicio-de-los-pobres\/\"},\"author\":{\"name\":\"Francisco Javier Fern\u00e1ndez Chento\",\"@id\":\"http:\/\/vincentians.com\/es\/#\/schema\/person\/9623ef4d9aa3b2dfb8c061f1499288f2\"},\"headline\":\"El camino de San Vicente: Servicio de los pobres\",\"datePublished\":\"2015-02-08T03:56:34+00:00\",\"dateModified\":\"2016-07-26T17:17:59+00:00\",\"mainEntityOfPage\":{\"@id\":\"https:\/\/vincentians.com\/es\/el-camino-de-san-vicente-servicio-de-los-pobres\/\"},\"wordCount\":554,\"commentCount\":0,\"publisher\":{\"@id\":\"http:\/\/vincentians.com\/es\/#organization\"},\"image\":{\"@id\":\"https:\/\/vincentians.com\/es\/el-camino-de-san-vicente-servicio-de-los-pobres\/#primaryimage\"},\"thumbnailUrl\":\"\",\"articleSection\":[\"Formaci\u00f3n Vicenciana\"],\"inLanguage\":\"es\",\"potentialAction\":[{\"@type\":\"CommentAction\",\"name\":\"Comment\",\"target\":[\"https:\/\/vincentians.com\/es\/el-camino-de-san-vicente-servicio-de-los-pobres\/#respond\"]}]},{\"@type\":\"WebPage\",\"@id\":\"https:\/\/vincentians.com\/es\/el-camino-de-san-vicente-servicio-de-los-pobres\/\",\"url\":\"https:\/\/vincentians.com\/es\/el-camino-de-san-vicente-servicio-de-los-pobres\/\",\"name\":\"El camino de San Vicente: Servicio de los pobres - Somos Vicencianos\",\"isPartOf\":{\"@id\":\"http:\/\/vincentians.com\/es\/#website\"},\"primaryImageOfPage\":{\"@id\":\"https:\/\/vincentians.com\/es\/el-camino-de-san-vicente-servicio-de-los-pobres\/#primaryimage\"},\"image\":{\"@id\":\"https:\/\/vincentians.com\/es\/el-camino-de-san-vicente-servicio-de-los-pobres\/#primaryimage\"},\"thumbnailUrl\":\"\",\"datePublished\":\"2015-02-08T03:56:34+00:00\",\"dateModified\":\"2016-07-26T17:17:59+00:00\",\"breadcrumb\":{\"@id\":\"https:\/\/vincentians.com\/es\/el-camino-de-san-vicente-servicio-de-los-pobres\/#breadcrumb\"},\"inLanguage\":\"es\",\"potentialAction\":[{\"@type\":\"ReadAction\",\"target\":[\"https:\/\/vincentians.com\/es\/el-camino-de-san-vicente-servicio-de-los-pobres\/\"]}]},{\"@type\":\"ImageObject\",\"inLanguage\":\"es\",\"@id\":\"https:\/\/vincentians.com\/es\/el-camino-de-san-vicente-servicio-de-los-pobres\/#primaryimage\",\"url\":\"\",\"contentUrl\":\"\"},{\"@type\":\"BreadcrumbList\",\"@id\":\"https:\/\/vincentians.com\/es\/el-camino-de-san-vicente-servicio-de-los-pobres\/#breadcrumb\",\"itemListElement\":[{\"@type\":\"ListItem\",\"position\":1,\"name\":\"Portada\",\"item\":\"http:\/\/vincentians.com\/es\/\"},{\"@type\":\"ListItem\",\"position\":2,\"name\":\"El camino de San Vicente: Servicio de los pobres\"}]},{\"@type\":\"WebSite\",\"@id\":\"http:\/\/vincentians.com\/es\/#website\",\"url\":\"http:\/\/vincentians.com\/es\/\",\"name\":\"Somos Vicencianos\",\"description\":\"Know more to serve more\",\"publisher\":{\"@id\":\"http:\/\/vincentians.com\/es\/#organization\"},\"potentialAction\":[{\"@type\":\"SearchAction\",\"target\":{\"@type\":\"EntryPoint\",\"urlTemplate\":\"http:\/\/vincentians.com\/es\/?s={search_term_string}\"},\"query-input\":{\"@type\":\"PropertyValueSpecification\",\"valueRequired\":true,\"valueName\":\"search_term_string\"}}],\"inLanguage\":\"es\"},{\"@type\":\"Organization\",\"@id\":\"http:\/\/vincentians.com\/es\/#organization\",\"name\":\"The Vincentian Network\",\"url\":\"http:\/\/vincentians.com\/es\/\",\"logo\":{\"@type\":\"ImageObject\",\"inLanguage\":\"es\",\"@id\":\"http:\/\/vincentians.com\/es\/#\/schema\/logo\/image\/\",\"url\":\"https:\/\/i1.wp.com\/vincentians.com\/es\/wp-content\/uploads\/sites\/11\/2016\/06\/Vincentian-Network-logo-big.png?fit=778%2C778\",\"contentUrl\":\"https:\/\/i1.wp.com\/vincentians.com\/es\/wp-content\/uploads\/sites\/11\/2016\/06\/Vincentian-Network-logo-big.png?fit=778%2C778\",\"width\":778,\"height\":778,\"caption\":\"The Vincentian Network\"},\"image\":{\"@id\":\"http:\/\/vincentians.com\/es\/#\/schema\/logo\/image\/\"},\"sameAs\":[\"https:\/\/www.facebook.com\/WeAreVincentians\/\",\"https:\/\/x.com\/WeVincentians\"]},{\"@type\":\"Person\",\"@id\":\"http:\/\/vincentians.com\/es\/#\/schema\/person\/9623ef4d9aa3b2dfb8c061f1499288f2\",\"name\":\"Francisco Javier Fern\u00e1ndez Chento\",\"image\":{\"@type\":\"ImageObject\",\"inLanguage\":\"es\",\"@id\":\"http:\/\/vincentians.com\/es\/#\/schema\/person\/image\/\",\"url\":\"https:\/\/secure.gravatar.com\/avatar\/497d5cde87b4c3d097d0315953521681ba2cd523ee66e5077c3711f7021e65de?s=96&d=mm&r=g\",\"contentUrl\":\"https:\/\/secure.gravatar.com\/avatar\/497d5cde87b4c3d097d0315953521681ba2cd523ee66e5077c3711f7021e65de?s=96&d=mm&r=g\",\"caption\":\"Francisco Javier Fern\u00e1ndez Chento\"},\"description\":\"Director General y cofundador de La Red de Formaci\u00f3n Vicenciana. Javier es laico vicenciano, afiliado a la Congregaci\u00f3n de la Misi\u00f3n y miembro del Equipo de Misiones Populares de la provincia can\u00f3nica de Zaragoza (Espa\u00f1a) de la Congregaci\u00f3n de la Misi\u00f3n. Graduado en la Universidad Oberta de Catalunya con cuatro grados (Asistente de direcci\u00f3n, Gesti\u00f3n Administrativa, Recursos Humanos y Contabilidad Avanzada). Bil\u00edng\u00fce Espa\u00f1ol\/Ingl\u00e9s. gestiona y mantiene varias p\u00e1ginas web cristianas y vicencianas, incluida including La Red de Formaci\u00f3n Vicenciana, de la que es cofundador. Actualmente es responsable del \u00e1rea de Espa\u00f1ol de .famvin, la Red de Noticias de la Familia Vicenciana. Tambi\u00e9n es m\u00fasico cat\u00f3lico y ha editado varios discos. Es Director General y cofundador de Trovador, una reconocida compa\u00f1\u00eda discogr\u00e1fica critiana de Espa\u00f1a. Trabaja en las Tecnolog\u00edas de la Informaci\u00f3n, ofreciendo servicios de alojamiento, dise\u00f1o y mantenimiento Web, as\u00ed como asesoramiento, formaci\u00f3n y soluciones inform\u00e1ticas, gesti\u00f3n documental y digitalizaci\u00f3n de textos, edici\u00f3n y maquetaci\u00f3n de libros, revistas, flyers, etc.\",\"sameAs\":[\"http:\/\/chento.org\",\"https:\/\/www.facebook.com\/JavierChento\",\"https:\/\/x.com\/https:\/\/twitter.com\/javierchento\"],\"url\":\"https:\/\/vincentians.com\/es\/author\/chento\/\"}]}<\/script>\n<!-- \/ Yoast SEO plugin. -->","yoast_head_json":{"title":"El camino de San Vicente: Servicio de los pobres - Somos Vicencianos","robots":{"index":"index","follow":"follow","max-snippet":"max-snippet:-1","max-image-preview":"max-image-preview:large","max-video-preview":"max-video-preview:-1"},"canonical":"https:\/\/vincentians.com\/es\/el-camino-de-san-vicente-servicio-de-los-pobres\/","og_locale":"es_ES","og_type":"article","og_title":"El camino de San Vicente: Servicio de los pobres - Somos Vicencianos","og_description":"Hermano m\u00edo, escucha estas palabras memorables: \u00abAmemos a Dios, hermanos m\u00edos, amemos a Dios, pero que sea a costa de nuestros brazos, que sea con el sudor de nuestra frente. Pues muchas veces los actos ... Read More","og_url":"https:\/\/vincentians.com\/es\/el-camino-de-san-vicente-servicio-de-los-pobres\/","og_site_name":"Somos Vicencianos","article_publisher":"https:\/\/www.facebook.com\/WeAreVincentians\/","article_author":"https:\/\/www.facebook.com\/JavierChento","article_published_time":"2015-02-08T03:56:34+00:00","article_modified_time":"2016-07-26T17:17:59+00:00","author":"Francisco Javier Fern\u00e1ndez Chento","twitter_card":"summary_large_image","twitter_creator":"@https:\/\/twitter.com\/javierchento","twitter_site":"@WeVincentians","twitter_misc":{"Escrito por":"Francisco Javier Fern\u00e1ndez Chento","Tiempo de lectura":"3 minutos"},"schema":{"@context":"https:\/\/schema.org","@graph":[{"@type":"Article","@id":"https:\/\/vincentians.com\/es\/el-camino-de-san-vicente-servicio-de-los-pobres\/#article","isPartOf":{"@id":"https:\/\/vincentians.com\/es\/el-camino-de-san-vicente-servicio-de-los-pobres\/"},"author":{"name":"Francisco Javier Fern\u00e1ndez Chento","@id":"http:\/\/vincentians.com\/es\/#\/schema\/person\/9623ef4d9aa3b2dfb8c061f1499288f2"},"headline":"El camino de San Vicente: Servicio de los pobres","datePublished":"2015-02-08T03:56:34+00:00","dateModified":"2016-07-26T17:17:59+00:00","mainEntityOfPage":{"@id":"https:\/\/vincentians.com\/es\/el-camino-de-san-vicente-servicio-de-los-pobres\/"},"wordCount":554,"commentCount":0,"publisher":{"@id":"http:\/\/vincentians.com\/es\/#organization"},"image":{"@id":"https:\/\/vincentians.com\/es\/el-camino-de-san-vicente-servicio-de-los-pobres\/#primaryimage"},"thumbnailUrl":"","articleSection":["Formaci\u00f3n Vicenciana"],"inLanguage":"es","potentialAction":[{"@type":"CommentAction","name":"Comment","target":["https:\/\/vincentians.com\/es\/el-camino-de-san-vicente-servicio-de-los-pobres\/#respond"]}]},{"@type":"WebPage","@id":"https:\/\/vincentians.com\/es\/el-camino-de-san-vicente-servicio-de-los-pobres\/","url":"https:\/\/vincentians.com\/es\/el-camino-de-san-vicente-servicio-de-los-pobres\/","name":"El camino de San Vicente: Servicio de los pobres - Somos Vicencianos","isPartOf":{"@id":"http:\/\/vincentians.com\/es\/#website"},"primaryImageOfPage":{"@id":"https:\/\/vincentians.com\/es\/el-camino-de-san-vicente-servicio-de-los-pobres\/#primaryimage"},"image":{"@id":"https:\/\/vincentians.com\/es\/el-camino-de-san-vicente-servicio-de-los-pobres\/#primaryimage"},"thumbnailUrl":"","datePublished":"2015-02-08T03:56:34+00:00","dateModified":"2016-07-26T17:17:59+00:00","breadcrumb":{"@id":"https:\/\/vincentians.com\/es\/el-camino-de-san-vicente-servicio-de-los-pobres\/#breadcrumb"},"inLanguage":"es","potentialAction":[{"@type":"ReadAction","target":["https:\/\/vincentians.com\/es\/el-camino-de-san-vicente-servicio-de-los-pobres\/"]}]},{"@type":"ImageObject","inLanguage":"es","@id":"https:\/\/vincentians.com\/es\/el-camino-de-san-vicente-servicio-de-los-pobres\/#primaryimage","url":"","contentUrl":""},{"@type":"BreadcrumbList","@id":"https:\/\/vincentians.com\/es\/el-camino-de-san-vicente-servicio-de-los-pobres\/#breadcrumb","itemListElement":[{"@type":"ListItem","position":1,"name":"Portada","item":"http:\/\/vincentians.com\/es\/"},{"@type":"ListItem","position":2,"name":"El camino de San Vicente: Servicio de los pobres"}]},{"@type":"WebSite","@id":"http:\/\/vincentians.com\/es\/#website","url":"http:\/\/vincentians.com\/es\/","name":"Somos Vicencianos","description":"Know more to serve more","publisher":{"@id":"http:\/\/vincentians.com\/es\/#organization"},"potentialAction":[{"@type":"SearchAction","target":{"@type":"EntryPoint","urlTemplate":"http:\/\/vincentians.com\/es\/?s={search_term_string}"},"query-input":{"@type":"PropertyValueSpecification","valueRequired":true,"valueName":"search_term_string"}}],"inLanguage":"es"},{"@type":"Organization","@id":"http:\/\/vincentians.com\/es\/#organization","name":"The Vincentian Network","url":"http:\/\/vincentians.com\/es\/","logo":{"@type":"ImageObject","inLanguage":"es","@id":"http:\/\/vincentians.com\/es\/#\/schema\/logo\/image\/","url":"https:\/\/i1.wp.com\/vincentians.com\/es\/wp-content\/uploads\/sites\/11\/2016\/06\/Vincentian-Network-logo-big.png?fit=778%2C778","contentUrl":"https:\/\/i1.wp.com\/vincentians.com\/es\/wp-content\/uploads\/sites\/11\/2016\/06\/Vincentian-Network-logo-big.png?fit=778%2C778","width":778,"height":778,"caption":"The Vincentian Network"},"image":{"@id":"http:\/\/vincentians.com\/es\/#\/schema\/logo\/image\/"},"sameAs":["https:\/\/www.facebook.com\/WeAreVincentians\/","https:\/\/x.com\/WeVincentians"]},{"@type":"Person","@id":"http:\/\/vincentians.com\/es\/#\/schema\/person\/9623ef4d9aa3b2dfb8c061f1499288f2","name":"Francisco Javier Fern\u00e1ndez Chento","image":{"@type":"ImageObject","inLanguage":"es","@id":"http:\/\/vincentians.com\/es\/#\/schema\/person\/image\/","url":"https:\/\/secure.gravatar.com\/avatar\/497d5cde87b4c3d097d0315953521681ba2cd523ee66e5077c3711f7021e65de?s=96&d=mm&r=g","contentUrl":"https:\/\/secure.gravatar.com\/avatar\/497d5cde87b4c3d097d0315953521681ba2cd523ee66e5077c3711f7021e65de?s=96&d=mm&r=g","caption":"Francisco Javier Fern\u00e1ndez Chento"},"description":"Director General y cofundador de La Red de Formaci\u00f3n Vicenciana. Javier es laico vicenciano, afiliado a la Congregaci\u00f3n de la Misi\u00f3n y miembro del Equipo de Misiones Populares de la provincia can\u00f3nica de Zaragoza (Espa\u00f1a) de la Congregaci\u00f3n de la Misi\u00f3n. Graduado en la Universidad Oberta de Catalunya con cuatro grados (Asistente de direcci\u00f3n, Gesti\u00f3n Administrativa, Recursos Humanos y Contabilidad Avanzada). Bil\u00edng\u00fce Espa\u00f1ol\/Ingl\u00e9s. gestiona y mantiene varias p\u00e1ginas web cristianas y vicencianas, incluida including La Red de Formaci\u00f3n Vicenciana, de la que es cofundador. Actualmente es responsable del \u00e1rea de Espa\u00f1ol de .famvin, la Red de Noticias de la Familia Vicenciana. Tambi\u00e9n es m\u00fasico cat\u00f3lico y ha editado varios discos. Es Director General y cofundador de Trovador, una reconocida compa\u00f1\u00eda discogr\u00e1fica critiana de Espa\u00f1a. Trabaja en las Tecnolog\u00edas de la Informaci\u00f3n, ofreciendo servicios de alojamiento, dise\u00f1o y mantenimiento Web, as\u00ed como asesoramiento, formaci\u00f3n y soluciones inform\u00e1ticas, gesti\u00f3n documental y digitalizaci\u00f3n de textos, edici\u00f3n y maquetaci\u00f3n de libros, revistas, flyers, etc.","sameAs":["http:\/\/chento.org","https:\/\/www.facebook.com\/JavierChento","https:\/\/x.com\/https:\/\/twitter.com\/javierchento"],"url":"https:\/\/vincentians.com\/es\/author\/chento\/"}]}},"jetpack_publicize_connections":[],"jetpack_featured_media_url":"","jetpack_sharing_enabled":true,"jetpack_shortlink":"https:\/\/wp.me\/p7ETMF-y2P","jetpack-related-posts":[{"id":120300,"url":"https:\/\/vincentians.com\/es\/vicente-de-paul-la-fe-que-dio-sentido-a-su-vida-iv-amemos-a-dios-hermanos-mios-amemos-a-dios\/","url_meta":{"origin":130871,"position":0},"title":"Vicente de Pa\u00fal: la fe que dio sentido a su vida. IV. \u00a1Amemos a Dios, hermanos m\u00edos, amemos a Dios!","author":"Francisco Javier Fern\u00e1ndez Chento","date":"03\/01\/2015","format":false,"excerpt":"IV. \u00a1Amemos a Dios, hermanos m\u00edos, amemos a Dios! El descubrimiento de la bondad de Dios no deja a Vi\u00adcente maravillado e inactivo; est\u00e1 en el origen de un dina\u00admismo asombroso que da impulso a toda su vida. Vi\u00e9ndole recomendar la disponibilidad para con la divina Providen\u00adcia, podr\u00edan imaginarse algunos\u2026","rel":"","context":"En \u00abEspiritualidad vicenciana\u00bb","block_context":{"text":"Espiritualidad vicenciana","link":"https:\/\/vincentians.com\/es\/category\/espiritualidad\/espiritualidad-vicenciana\/"},"img":{"alt_text":"Vincent-de-Paul-and-bible-alternate","src":"https:\/\/i0.wp.com\/vicencianos.org\/wp-content\/2013\/04\/Vincent-de-Paul-and-bible-alternate-216x300.jpg?resize=350%2C200","width":350,"height":200},"classes":[]},{"id":387225,"url":"https:\/\/vincentians.com\/es\/no-resistir-al-espiritu-santo-para-las-hijas-de-la-caridad-que-van-a-renovar-los-votos\/","url_meta":{"origin":130871,"position":1},"title":"No resistir al Esp\u00edritu Santo: para las Hijas de la Caridad que van a renovar los votos","author":"Francisco Javier Fern\u00e1ndez Chento","date":"25\/03\/2016","format":false,"excerpt":"El hombre al que nada le falta El hombre moderno vive pendiente de la comodidad, de que no le falte nada, y su ideal es tener de todo sin sacrificarse en nada de lo que apetece, si no da\u00f1a a los dem\u00e1s. Esta caracter\u00edstica influye en las Hijas de la\u2026","rel":"","context":"En \u00abHijas de la Caridad\u00bb","block_context":{"text":"Hijas de la Caridad","link":"https:\/\/vincentians.com\/es\/category\/la-familia-vicenciana\/ramas\/hijas-de-la-caridad\/"},"img":{"alt_text":"renovacion","src":"https:\/\/i0.wp.com\/vicencianos.org\/wp-content\/uploads\/2016\/03\/renovacion.jpg?resize=350%2C200","width":350,"height":200,"srcset":"https:\/\/i0.wp.com\/vicencianos.org\/wp-content\/uploads\/2016\/03\/renovacion.jpg?resize=350%2C200 1x, https:\/\/i0.wp.com\/vicencianos.org\/wp-content\/uploads\/2016\/03\/renovacion.jpg?resize=525%2C300 1.5x, https:\/\/i0.wp.com\/vicencianos.org\/wp-content\/uploads\/2016\/03\/renovacion.jpg?resize=700%2C400 2x, https:\/\/i0.wp.com\/vicencianos.org\/wp-content\/uploads\/2016\/03\/renovacion.jpg?resize=1050%2C600 3x"},"classes":[]},{"id":398646,"url":"https:\/\/vincentians.com\/es\/aportacion-del-carisma-vicenciano-la-mision-la-iglesia-10-fin\/","url_meta":{"origin":130871,"position":2},"title":"Aportaci\u00f3n del carisma vicenciano a la Misi\u00f3n de la Iglesia (10 &#8211; Fin)","author":"Francisco Javier Fern\u00e1ndez Chento","date":"13\/08\/2016","format":false,"excerpt":"10.- La circularidad vicenciana: de Cristo a los pobres, de los pobres a Cristo. Para concluir esta reflexi\u00f3n sobre la aportaci\u00f3n del carisma vicenciano a la Misi\u00f3n de la Iglesia, me parece oportuno referirme a la \u201ccircularidad\u201d vicenciana: de Cristo a los pobres, de los pobres a Cristo. \u201cAmemos al\u2026","rel":"","context":"En \u00abFormaci\u00f3n Vicenciana\u00bb","block_context":{"text":"Formaci\u00f3n Vicenciana","link":"https:\/\/vincentians.com\/es\/category\/formacion-vicenciana\/"},"img":{"alt_text":"","src":"https:\/\/i0.wp.com\/vincentians.com\/es\/wp-content\/uploads\/sites\/11\/2016\/06\/contributions-charism.jpg?fit=1200%2C630&ssl=1&resize=350%2C200","width":350,"height":200,"srcset":"https:\/\/i0.wp.com\/vincentians.com\/es\/wp-content\/uploads\/sites\/11\/2016\/06\/contributions-charism.jpg?fit=1200%2C630&ssl=1&resize=350%2C200 1x, https:\/\/i0.wp.com\/vincentians.com\/es\/wp-content\/uploads\/sites\/11\/2016\/06\/contributions-charism.jpg?fit=1200%2C630&ssl=1&resize=525%2C300 1.5x, https:\/\/i0.wp.com\/vincentians.com\/es\/wp-content\/uploads\/sites\/11\/2016\/06\/contributions-charism.jpg?fit=1200%2C630&ssl=1&resize=700%2C400 2x, https:\/\/i0.wp.com\/vincentians.com\/es\/wp-content\/uploads\/sites\/11\/2016\/06\/contributions-charism.jpg?fit=1200%2C630&ssl=1&resize=1050%2C600 3x"},"classes":[]},{"id":387803,"url":"https:\/\/vincentians.com\/es\/jesus-ora-al-padre-movido-por-el-espiritu\/","url_meta":{"origin":130871,"position":3},"title":"Jes\u00fas ora al Padre, movido por el Esp\u00edritu","author":"Mitxel Olabu\u00e9naga","date":"08\/09\/2016","format":false,"excerpt":"Jes\u00fas de Nazaret es un trabajador fiel que hace de su vida oraci\u00f3n, y de la oraci\u00f3n compromiso de salvaci\u00f3n para los hombres. Trabajo y oraci\u00f3n se funden indisolublemente en su persona. Es inconcebible un Jes\u00fas que no ora expresamente al Padre y que no ense\u00f1a a sus disc\u00edpulos a\u2026","rel":"","context":"En \u00abOraci\u00f3n\u00bb","block_context":{"text":"Oraci\u00f3n","link":"https:\/\/vincentians.com\/es\/category\/espiritualidad\/oracion\/"},"img":{"alt_text":"","src":"https:\/\/i0.wp.com\/vincentians.com\/es\/wp-content\/uploads\/sites\/11\/2016\/09\/jesus-ora-al-padre.jpg?fit=1200%2C630&ssl=1&resize=350%2C200","width":350,"height":200,"srcset":"https:\/\/i0.wp.com\/vincentians.com\/es\/wp-content\/uploads\/sites\/11\/2016\/09\/jesus-ora-al-padre.jpg?fit=1200%2C630&ssl=1&resize=350%2C200 1x, https:\/\/i0.wp.com\/vincentians.com\/es\/wp-content\/uploads\/sites\/11\/2016\/09\/jesus-ora-al-padre.jpg?fit=1200%2C630&ssl=1&resize=525%2C300 1.5x, https:\/\/i0.wp.com\/vincentians.com\/es\/wp-content\/uploads\/sites\/11\/2016\/09\/jesus-ora-al-padre.jpg?fit=1200%2C630&ssl=1&resize=700%2C400 2x, https:\/\/i0.wp.com\/vincentians.com\/es\/wp-content\/uploads\/sites\/11\/2016\/09\/jesus-ora-al-padre.jpg?fit=1200%2C630&ssl=1&resize=1050%2C600 3x"},"classes":[]},{"id":387697,"url":"https:\/\/vincentians.com\/es\/jesucristo-evangelizador-de-los-pobres\/","url_meta":{"origin":130871,"position":4},"title":"Jesucristo evangelizador de los pobres","author":"Mitxel Olabu\u00e9naga","date":"20\/08\/2016","format":false,"excerpt":"El Jes\u00fas descubierto por Vicente de Pa\u00fal no es otro que Jes\u00fas de Nazaret, \u00abnacido de mujer, sometido a la Ley\u00bb (Gal 4,4), con lengua y patria propia; pero es, a la vez, el Jes\u00fas coronado con las funciones gloriosas de Se\u00f1or y Cristo (Hch 2,36) \u2014Kyr\u00edos kai Chr\u00edstos, Salvador\u2026","rel":"","context":"En \u00abEspiritualidad\u00bb","block_context":{"text":"Espiritualidad","link":"https:\/\/vincentians.com\/es\/category\/espiritualidad\/"},"img":{"alt_text":"","src":"https:\/\/i0.wp.com\/vincentians.com\/es\/wp-content\/uploads\/sites\/11\/2016\/08\/jesus-con-ninyos.jpg?fit=1200%2C630&ssl=1&resize=350%2C200","width":350,"height":200,"srcset":"https:\/\/i0.wp.com\/vincentians.com\/es\/wp-content\/uploads\/sites\/11\/2016\/08\/jesus-con-ninyos.jpg?fit=1200%2C630&ssl=1&resize=350%2C200 1x, https:\/\/i0.wp.com\/vincentians.com\/es\/wp-content\/uploads\/sites\/11\/2016\/08\/jesus-con-ninyos.jpg?fit=1200%2C630&ssl=1&resize=525%2C300 1.5x, https:\/\/i0.wp.com\/vincentians.com\/es\/wp-content\/uploads\/sites\/11\/2016\/08\/jesus-con-ninyos.jpg?fit=1200%2C630&ssl=1&resize=700%2C400 2x, https:\/\/i0.wp.com\/vincentians.com\/es\/wp-content\/uploads\/sites\/11\/2016\/08\/jesus-con-ninyos.jpg?fit=1200%2C630&ssl=1&resize=1050%2C600 3x"},"classes":[]},{"id":119882,"url":"https:\/\/vincentians.com\/es\/identificacion-de-jesucristo-con-el-pobre-parte-ii-capitulo-3\/","url_meta":{"origin":130871,"position":5},"title":"Identificaci\u00f3n de Jesucristo con el pobre. Parte II, Cap\u00edtulo 3","author":"Francisco Javier Fern\u00e1ndez Chento","date":"16\/02\/2015","format":false,"excerpt":"III: Jesucristo presente en los pobres Estudiemos ahora de manera m\u00e1s expl\u00edcita la caridad de San Vicente en su expresi\u00f3n m\u00e1s profunda. 1. Una convicci\u00f3n apasionada Servir a los pobres y predicarles no es solamente imitar a Jesucristo sino es servir a Jesucristo mismo en sus miem\u00adbros. Es doctrina de\u2026","rel":"","context":"En \u00abFormaci\u00f3n Vicenciana\u00bb","block_context":{"text":"Formaci\u00f3n Vicenciana","link":"https:\/\/vincentians.com\/es\/category\/formacion-vicenciana\/"},"img":{"alt_text":"","src":"","width":0,"height":0},"classes":[]}],"_links":{"self":[{"href":"https:\/\/vincentians.com\/es\/wp-json\/wp\/v2\/posts\/130871","targetHints":{"allow":["GET"]}}],"collection":[{"href":"https:\/\/vincentians.com\/es\/wp-json\/wp\/v2\/posts"}],"about":[{"href":"https:\/\/vincentians.com\/es\/wp-json\/wp\/v2\/types\/post"}],"author":[{"embeddable":true,"href":"https:\/\/vincentians.com\/es\/wp-json\/wp\/v2\/users\/4"}],"replies":[{"embeddable":true,"href":"https:\/\/vincentians.com\/es\/wp-json\/wp\/v2\/comments?post=130871"}],"version-history":[{"count":0,"href":"https:\/\/vincentians.com\/es\/wp-json\/wp\/v2\/posts\/130871\/revisions"}],"wp:featuredmedia":[{"embeddable":true,"href":"https:\/\/vincentians.com\/es\/wp-json\/"}],"wp:attachment":[{"href":"https:\/\/vincentians.com\/es\/wp-json\/wp\/v2\/media?parent=130871"}],"wp:term":[{"taxonomy":"category","embeddable":true,"href":"https:\/\/vincentians.com\/es\/wp-json\/wp\/v2\/categories?post=130871"},{"taxonomy":"post_tag","embeddable":true,"href":"https:\/\/vincentians.com\/es\/wp-json\/wp\/v2\/tags?post=130871"}],"curies":[{"name":"wp","href":"https:\/\/api.w.org\/{rel}","templated":true}]}}