{"id":130767,"date":"2014-07-16T08:31:44","date_gmt":"2014-07-16T06:31:44","guid":{"rendered":"http:\/\/somos.vicencianos.org\/?p=130767"},"modified":"2016-07-27T12:07:50","modified_gmt":"2016-07-27T10:07:50","slug":"p-jose-carames-pato","status":"publish","type":"post","link":"https:\/\/vincentians.com\/es\/p-jose-carames-pato\/","title":{"rendered":"P. Jos\u00e9 Caram\u00e9s Pato"},"content":{"rendered":"<p style=\"text-align: justify\"><a href=\"http:\/\/vicencianos.org\/blog\/antoine-morando-1650-1694\/biografias-paules-346\/\" rel=\"attachment wp-att-130116\"><img data-recalc-dims=\"1\" loading=\"lazy\" decoding=\"async\" class=\"alignleft size-full wp-image-130116\" src=\"https:\/\/i0.wp.com\/vicencianos.org\/wp-content\/2011\/03\/Biografias-Pa%C3%BAles.jpg?resize=232%2C300\" alt=\"Biografias Pa\u00fales\" width=\"232\" height=\"300\" \/><\/a>Muy querido y recordado Padre Caram\u00e9s:<br \/>\nTe escribo esta carta, porque me imagino que en el cielo, los \u00c1ngeles tendr\u00e1n organizado un buen servicio de correos. S\u00ed, los \u00c1ngeles; los mismos que en la noche del 24 de diciembre en Bel\u00e9n, comunicaron a los pastores que muy cerca de su majada hab\u00eda nacido el Mes\u00edas, el Salvador. Estaban tan contentos, aquella noche, los \u00c1ngeles, que celebraban el acontecimiento con cantos, que se o\u00edan por toda la monta\u00f1a de Jud\u00e1. Cuando me contestes, me cuentas quienes estaban a la puerta del cielo para recibirte. Pero, como no quiero esperar demasiado, aunque t\u00fa eres muy puntual en contestar, voy a imaginarme el recibimiento que te han hecho ayer a las cuatro de la tarde.<\/p>\n<p style=\"text-align: justify\">Estoy convencido, que como t\u00fa siempre fuiste fiel a Dios, estar\u00eda el Padre a la puerta para darte la bienvenida, rodeado de tantos y tantas a quienes has trasmitido la fe; tantos y tantas a quienes has anunciado el Evangelio; a tantas Hijas de la Caridad a quienes puntualmente a las cuatro de la tarde todos los s\u00e1bados en Villaobispo, les administrabas el sacramento del perd\u00f3n; a tantos pobres a quienes pacientemente escuchabas y alargabas tu mano para aliviar sus penas, mitigar sus carencias. Dios te habr\u00e1 dicho: Gracias, P. Caram\u00e9s por tu fidelidad mantenida desde el d\u00eda de tu bautismo. Te habr\u00e1 dicho tambi\u00e9n: Gracias por haber encarnado con tanta fidelidad el estilo de misionero que San Vicente de Pa\u00fal nos pide para responder como buenos evangelizadores de los pobres. T\u00fa has llevado a tu vida, a la pr\u00e1ctica, este cap\u00edtulo 25 del evangelio de Mateo que nos han proclamado. Y que como dice san Juan de la Cruz, ser\u00e1 la materia que nos pondr\u00e1n en el examen final: \u00bfC\u00f3mo hemos andado de amor?<br \/>\nAl final de la vida, nos examinar\u00e1n del amor.<br \/>\nP. Caram\u00e9s, la Congregaci\u00f3n de la Misi\u00f3n y la Provincia de Salamanca, estamos orgullosos de ti. Has sido todo un ejemplo de c\u00f3mo se debe ser misionero fiel al Cristo evangelizador de los pobres, en estos tiempos, a veces un poco oscuros. Gracias por los nueve a\u00f1os que form\u00e9 comunidad contigo y pude ser testigo de tu fidelidad comunitaria. Gracias por tus desvelos, por tenernos la cena caliente a las 9 de todas las noches. Gracias por tu piedad sincera. Tal vez fruto de ella es la frase que hasta hace dos d\u00edas, me repet\u00edas: Dios ante todo, Dios sobre todo. Y a continuaci\u00f3n rez\u00e1bamos juntos el Padrenuestro, o el Ave Mar\u00eda y la jaculatoria: Oh Mar\u00eda sin pecado concebida.<br \/>\nP. Caram\u00e9s, hace d\u00eda y medio, cuando la doctora te preguntaba, \u00bfc\u00f3mo est\u00e1 P. Caram\u00e9s? Tu le respond\u00edas con tus manos dici\u00e9ndole esto se acaba y ya no pod\u00e9is hacer m\u00e1s por mi; os despido con este gesto de mis manos. Y con la seguridad de que en ti se cumpl\u00eda lo que nos dice el libro de la Sabidur\u00eda que hemos proclamado como primera lectura: \u00abLa vida de los justos est\u00e1 en manos de Dios, y no los tocar\u00e1 el tormento. La gente insensata pensaba que mor\u00edan, consideraba su tr\u00e1nsito como una desgracia, y su partida de entre nosotros como una destrucci\u00f3n; pero ellos est\u00e1n en paz. La gente pensaba que cumpl\u00edan una pena, pero ellos esperaban de lleno la inmortalidad\u00bb (Sb. 3, 1-4)<br \/>\nAhora, que est\u00e1s en la casa del Padre, te pido que le digas a Dios. Dile que te escuche bien: que anime a algunos j\u00f3venes a seguir esta vocaci\u00f3n de la que t\u00fa sent\u00edas orgulloso y que tantas satisfacciones humanas, cristianas y espirituales te ha regalado. Dile al Padre, que no nos conformamos con que la Congregaci\u00f3n crezca en otros lugares de la tierra; que tambi\u00e9n queremos que crezca aqu\u00ed; que t\u00fa necesitas que alguien recoja el testigo que dejas y que tambi\u00e9n hay pobres entre nosotros.<br \/>\nP. Caram\u00e9s hay algo que no me ha parecido del todo bien; es tu prisa por irte y no haber esperado al 27 de este mes para celebrar contigo, tu 90 cumplea\u00f1os. Te has quedado en 89 a\u00f1os y 355 d\u00edas. Pero si era la voluntad de Dios y tu derecho a descansar y disfrutar de la compa\u00f1\u00eda del Padre, yo lo acepto.<br \/>\nP. Caram\u00e9s: gracias por haber sido un buen Misionero Pa\u00fal. Un buen seguidor del Cristo evangelizador de los pobres. Desde el cielo reza por nosotros, tus hermanos, para que seamos fieles a la vocaci\u00f3n. Y por todos los que estamos hoy aqu\u00ed despidi\u00e9ndote para que llevemos a la vida de cada d\u00eda el Proyecto que Dios ha hecho para cada uno de nosotros.<br \/>\nGracias a tu familia terrena que siempre te ha acompa\u00f1ado con el cari\u00f1o y la cercan\u00eda; y que te ha llamado para que presidieras bautizos, bodas, primeras comuniones que ten\u00edan lugar en el seno familiar.<br \/>\nTermino esta carta, con un fuerte abrazo de tu hermano<br \/>\nEblerino, Eble<\/p>\n<p>&nbsp;<\/p>\n","protected":false},"excerpt":{"rendered":"<p>Muy querido y recordado Padre Caram\u00e9s: Te escribo esta carta, porque me imagino que en el cielo, los \u00c1ngeles tendr\u00e1n organizado un buen servicio de correos. S\u00ed, los \u00c1ngeles; los mismos que en la noche &#8230; <a href=\"https:\/\/vincentians.com\/es\/p-jose-carames-pato\/\" class=\"more-link\">Read More<\/a><\/p>\n","protected":false},"author":5,"featured_media":391249,"comment_status":"open","ping_status":"open","sticky":false,"template":"","format":"standard","meta":{"jetpack_post_was_ever_published":false,"_jetpack_newsletter_access":"","_jetpack_dont_email_post_to_subs":false,"_jetpack_newsletter_tier_id":0,"_jetpack_memberships_contains_paywalled_content":false,"_jetpack_memberships_contains_paid_content":false,"footnotes":"","jetpack_publicize_message":"","jetpack_publicize_feature_enabled":true,"jetpack_social_post_already_shared":true,"jetpack_social_options":{"image_generator_settings":{"template":"highway","default_image_id":0,"font":"","enabled":false},"version":2}},"categories":[19],"tags":[280],"class_list":["post-130767","post","type-post","status-publish","format-standard","has-post-thumbnail","hentry","category-biografias-de-misioneros-paules","tag-san-juan-de-la-cruz"],"yoast_head":"<!-- This site is optimized with the Yoast SEO plugin v26.3 - https:\/\/yoast.com\/wordpress\/plugins\/seo\/ -->\n<title>P. Jos\u00e9 Caram\u00e9s Pato - Somos Vicencianos<\/title>\n<meta name=\"robots\" content=\"index, follow, max-snippet:-1, max-image-preview:large, max-video-preview:-1\" \/>\n<link rel=\"canonical\" href=\"https:\/\/vincentians.com\/es\/p-jose-carames-pato\/\" \/>\n<meta property=\"og:locale\" content=\"es_ES\" \/>\n<meta property=\"og:type\" content=\"article\" \/>\n<meta property=\"og:title\" content=\"P. Jos\u00e9 Caram\u00e9s Pato - Somos Vicencianos\" \/>\n<meta property=\"og:description\" content=\"Muy querido y recordado Padre Caram\u00e9s: Te escribo esta carta, porque me imagino que en el cielo, los \u00c1ngeles tendr\u00e1n organizado un buen servicio de correos. S\u00ed, los \u00c1ngeles; los mismos que en la noche ... Read More\" \/>\n<meta property=\"og:url\" content=\"https:\/\/vincentians.com\/es\/p-jose-carames-pato\/\" \/>\n<meta property=\"og:site_name\" content=\"Somos Vicencianos\" \/>\n<meta property=\"article:publisher\" content=\"https:\/\/www.facebook.com\/WeAreVincentians\/\" \/>\n<meta property=\"article:published_time\" content=\"2014-07-16T06:31:44+00:00\" \/>\n<meta property=\"article:modified_time\" content=\"2016-07-27T10:07:50+00:00\" \/>\n<meta property=\"og:image\" content=\"https:\/\/i0.wp.com\/vincentians.com\/es\/wp-content\/uploads\/sites\/11\/2016\/07\/bio-cm.jpg?fit=1200%2C630&ssl=1\" \/>\n\t<meta property=\"og:image:width\" content=\"1200\" \/>\n\t<meta property=\"og:image:height\" content=\"630\" \/>\n\t<meta property=\"og:image:type\" content=\"image\/jpeg\" \/>\n<meta name=\"author\" content=\"Mitxel Olabu\u00e9naga\" \/>\n<meta name=\"twitter:card\" content=\"summary_large_image\" \/>\n<meta name=\"twitter:creator\" content=\"@WeVincentians\" \/>\n<meta name=\"twitter:site\" content=\"@WeVincentians\" \/>\n<meta name=\"twitter:label1\" content=\"Escrito por\" \/>\n\t<meta name=\"twitter:data1\" content=\"Mitxel Olabu\u00e9naga\" \/>\n\t<meta name=\"twitter:label2\" content=\"Tiempo de lectura\" \/>\n\t<meta name=\"twitter:data2\" content=\"4 minutos\" \/>\n<script type=\"application\/ld+json\" class=\"yoast-schema-graph\">{\"@context\":\"https:\/\/schema.org\",\"@graph\":[{\"@type\":\"Article\",\"@id\":\"https:\/\/vincentians.com\/es\/p-jose-carames-pato\/#article\",\"isPartOf\":{\"@id\":\"https:\/\/vincentians.com\/es\/p-jose-carames-pato\/\"},\"author\":{\"name\":\"Mitxel Olabu\u00e9naga\",\"@id\":\"http:\/\/vincentians.com\/es\/#\/schema\/person\/7c2670b4445a7ca9d164ea6acdb31859\"},\"headline\":\"P. Jos\u00e9 Caram\u00e9s Pato\",\"datePublished\":\"2014-07-16T06:31:44+00:00\",\"dateModified\":\"2016-07-27T10:07:50+00:00\",\"mainEntityOfPage\":{\"@id\":\"https:\/\/vincentians.com\/es\/p-jose-carames-pato\/\"},\"wordCount\":875,\"commentCount\":0,\"publisher\":{\"@id\":\"http:\/\/vincentians.com\/es\/#organization\"},\"image\":{\"@id\":\"https:\/\/vincentians.com\/es\/p-jose-carames-pato\/#primaryimage\"},\"thumbnailUrl\":\"https:\/\/i0.wp.com\/vincentians.com\/es\/wp-content\/uploads\/sites\/11\/2016\/07\/bio-cm.jpg?fit=1200%2C630&ssl=1\",\"keywords\":[\"San Juan de la Cruz\"],\"articleSection\":[\"Biograf\u00edas de Misioneros Pa\u00fales\"],\"inLanguage\":\"es\",\"potentialAction\":[{\"@type\":\"CommentAction\",\"name\":\"Comment\",\"target\":[\"https:\/\/vincentians.com\/es\/p-jose-carames-pato\/#respond\"]}]},{\"@type\":\"WebPage\",\"@id\":\"https:\/\/vincentians.com\/es\/p-jose-carames-pato\/\",\"url\":\"https:\/\/vincentians.com\/es\/p-jose-carames-pato\/\",\"name\":\"P. Jos\u00e9 Caram\u00e9s Pato - Somos Vicencianos\",\"isPartOf\":{\"@id\":\"http:\/\/vincentians.com\/es\/#website\"},\"primaryImageOfPage\":{\"@id\":\"https:\/\/vincentians.com\/es\/p-jose-carames-pato\/#primaryimage\"},\"image\":{\"@id\":\"https:\/\/vincentians.com\/es\/p-jose-carames-pato\/#primaryimage\"},\"thumbnailUrl\":\"https:\/\/i0.wp.com\/vincentians.com\/es\/wp-content\/uploads\/sites\/11\/2016\/07\/bio-cm.jpg?fit=1200%2C630&ssl=1\",\"datePublished\":\"2014-07-16T06:31:44+00:00\",\"dateModified\":\"2016-07-27T10:07:50+00:00\",\"breadcrumb\":{\"@id\":\"https:\/\/vincentians.com\/es\/p-jose-carames-pato\/#breadcrumb\"},\"inLanguage\":\"es\",\"potentialAction\":[{\"@type\":\"ReadAction\",\"target\":[\"https:\/\/vincentians.com\/es\/p-jose-carames-pato\/\"]}]},{\"@type\":\"ImageObject\",\"inLanguage\":\"es\",\"@id\":\"https:\/\/vincentians.com\/es\/p-jose-carames-pato\/#primaryimage\",\"url\":\"https:\/\/i0.wp.com\/vincentians.com\/es\/wp-content\/uploads\/sites\/11\/2016\/07\/bio-cm.jpg?fit=1200%2C630&ssl=1\",\"contentUrl\":\"https:\/\/i0.wp.com\/vincentians.com\/es\/wp-content\/uploads\/sites\/11\/2016\/07\/bio-cm.jpg?fit=1200%2C630&ssl=1\",\"width\":1200,\"height\":630},{\"@type\":\"BreadcrumbList\",\"@id\":\"https:\/\/vincentians.com\/es\/p-jose-carames-pato\/#breadcrumb\",\"itemListElement\":[{\"@type\":\"ListItem\",\"position\":1,\"name\":\"Portada\",\"item\":\"http:\/\/vincentians.com\/es\/\"},{\"@type\":\"ListItem\",\"position\":2,\"name\":\"P. Jos\u00e9 Caram\u00e9s Pato\"}]},{\"@type\":\"WebSite\",\"@id\":\"http:\/\/vincentians.com\/es\/#website\",\"url\":\"http:\/\/vincentians.com\/es\/\",\"name\":\"Somos Vicencianos\",\"description\":\"Know more to serve more\",\"publisher\":{\"@id\":\"http:\/\/vincentians.com\/es\/#organization\"},\"potentialAction\":[{\"@type\":\"SearchAction\",\"target\":{\"@type\":\"EntryPoint\",\"urlTemplate\":\"http:\/\/vincentians.com\/es\/?s={search_term_string}\"},\"query-input\":{\"@type\":\"PropertyValueSpecification\",\"valueRequired\":true,\"valueName\":\"search_term_string\"}}],\"inLanguage\":\"es\"},{\"@type\":\"Organization\",\"@id\":\"http:\/\/vincentians.com\/es\/#organization\",\"name\":\"The Vincentian Network\",\"url\":\"http:\/\/vincentians.com\/es\/\",\"logo\":{\"@type\":\"ImageObject\",\"inLanguage\":\"es\",\"@id\":\"http:\/\/vincentians.com\/es\/#\/schema\/logo\/image\/\",\"url\":\"https:\/\/i1.wp.com\/vincentians.com\/es\/wp-content\/uploads\/sites\/11\/2016\/06\/Vincentian-Network-logo-big.png?fit=778%2C778\",\"contentUrl\":\"https:\/\/i1.wp.com\/vincentians.com\/es\/wp-content\/uploads\/sites\/11\/2016\/06\/Vincentian-Network-logo-big.png?fit=778%2C778\",\"width\":778,\"height\":778,\"caption\":\"The Vincentian Network\"},\"image\":{\"@id\":\"http:\/\/vincentians.com\/es\/#\/schema\/logo\/image\/\"},\"sameAs\":[\"https:\/\/www.facebook.com\/WeAreVincentians\/\",\"https:\/\/x.com\/WeVincentians\"]},{\"@type\":\"Person\",\"@id\":\"http:\/\/vincentians.com\/es\/#\/schema\/person\/7c2670b4445a7ca9d164ea6acdb31859\",\"name\":\"Mitxel Olabu\u00e9naga\",\"image\":{\"@type\":\"ImageObject\",\"inLanguage\":\"es\",\"@id\":\"http:\/\/vincentians.com\/es\/#\/schema\/person\/image\/\",\"url\":\"https:\/\/secure.gravatar.com\/avatar\/34137ec2e2b8939cbbed975731e71f3f4f1defc7266ded337a5ce0f925426877?s=96&d=mm&r=g\",\"contentUrl\":\"https:\/\/secure.gravatar.com\/avatar\/34137ec2e2b8939cbbed975731e71f3f4f1defc7266ded337a5ce0f925426877?s=96&d=mm&r=g\",\"caption\":\"Mitxel Olabu\u00e9naga\"},\"url\":\"https:\/\/vincentians.com\/es\/author\/mitxel\/\"}]}<\/script>\n<!-- \/ Yoast SEO plugin. -->","yoast_head_json":{"title":"P. Jos\u00e9 Caram\u00e9s Pato - Somos Vicencianos","robots":{"index":"index","follow":"follow","max-snippet":"max-snippet:-1","max-image-preview":"max-image-preview:large","max-video-preview":"max-video-preview:-1"},"canonical":"https:\/\/vincentians.com\/es\/p-jose-carames-pato\/","og_locale":"es_ES","og_type":"article","og_title":"P. Jos\u00e9 Caram\u00e9s Pato - Somos Vicencianos","og_description":"Muy querido y recordado Padre Caram\u00e9s: Te escribo esta carta, porque me imagino que en el cielo, los \u00c1ngeles tendr\u00e1n organizado un buen servicio de correos. S\u00ed, los \u00c1ngeles; los mismos que en la noche ... Read More","og_url":"https:\/\/vincentians.com\/es\/p-jose-carames-pato\/","og_site_name":"Somos Vicencianos","article_publisher":"https:\/\/www.facebook.com\/WeAreVincentians\/","article_published_time":"2014-07-16T06:31:44+00:00","article_modified_time":"2016-07-27T10:07:50+00:00","og_image":[{"width":1200,"height":630,"url":"https:\/\/i0.wp.com\/vincentians.com\/es\/wp-content\/uploads\/sites\/11\/2016\/07\/bio-cm.jpg?fit=1200%2C630&ssl=1","type":"image\/jpeg"}],"author":"Mitxel Olabu\u00e9naga","twitter_card":"summary_large_image","twitter_creator":"@WeVincentians","twitter_site":"@WeVincentians","twitter_misc":{"Escrito por":"Mitxel Olabu\u00e9naga","Tiempo de lectura":"4 minutos"},"schema":{"@context":"https:\/\/schema.org","@graph":[{"@type":"Article","@id":"https:\/\/vincentians.com\/es\/p-jose-carames-pato\/#article","isPartOf":{"@id":"https:\/\/vincentians.com\/es\/p-jose-carames-pato\/"},"author":{"name":"Mitxel Olabu\u00e9naga","@id":"http:\/\/vincentians.com\/es\/#\/schema\/person\/7c2670b4445a7ca9d164ea6acdb31859"},"headline":"P. Jos\u00e9 Caram\u00e9s Pato","datePublished":"2014-07-16T06:31:44+00:00","dateModified":"2016-07-27T10:07:50+00:00","mainEntityOfPage":{"@id":"https:\/\/vincentians.com\/es\/p-jose-carames-pato\/"},"wordCount":875,"commentCount":0,"publisher":{"@id":"http:\/\/vincentians.com\/es\/#organization"},"image":{"@id":"https:\/\/vincentians.com\/es\/p-jose-carames-pato\/#primaryimage"},"thumbnailUrl":"https:\/\/i0.wp.com\/vincentians.com\/es\/wp-content\/uploads\/sites\/11\/2016\/07\/bio-cm.jpg?fit=1200%2C630&ssl=1","keywords":["San Juan de la Cruz"],"articleSection":["Biograf\u00edas de Misioneros Pa\u00fales"],"inLanguage":"es","potentialAction":[{"@type":"CommentAction","name":"Comment","target":["https:\/\/vincentians.com\/es\/p-jose-carames-pato\/#respond"]}]},{"@type":"WebPage","@id":"https:\/\/vincentians.com\/es\/p-jose-carames-pato\/","url":"https:\/\/vincentians.com\/es\/p-jose-carames-pato\/","name":"P. Jos\u00e9 Caram\u00e9s Pato - Somos Vicencianos","isPartOf":{"@id":"http:\/\/vincentians.com\/es\/#website"},"primaryImageOfPage":{"@id":"https:\/\/vincentians.com\/es\/p-jose-carames-pato\/#primaryimage"},"image":{"@id":"https:\/\/vincentians.com\/es\/p-jose-carames-pato\/#primaryimage"},"thumbnailUrl":"https:\/\/i0.wp.com\/vincentians.com\/es\/wp-content\/uploads\/sites\/11\/2016\/07\/bio-cm.jpg?fit=1200%2C630&ssl=1","datePublished":"2014-07-16T06:31:44+00:00","dateModified":"2016-07-27T10:07:50+00:00","breadcrumb":{"@id":"https:\/\/vincentians.com\/es\/p-jose-carames-pato\/#breadcrumb"},"inLanguage":"es","potentialAction":[{"@type":"ReadAction","target":["https:\/\/vincentians.com\/es\/p-jose-carames-pato\/"]}]},{"@type":"ImageObject","inLanguage":"es","@id":"https:\/\/vincentians.com\/es\/p-jose-carames-pato\/#primaryimage","url":"https:\/\/i0.wp.com\/vincentians.com\/es\/wp-content\/uploads\/sites\/11\/2016\/07\/bio-cm.jpg?fit=1200%2C630&ssl=1","contentUrl":"https:\/\/i0.wp.com\/vincentians.com\/es\/wp-content\/uploads\/sites\/11\/2016\/07\/bio-cm.jpg?fit=1200%2C630&ssl=1","width":1200,"height":630},{"@type":"BreadcrumbList","@id":"https:\/\/vincentians.com\/es\/p-jose-carames-pato\/#breadcrumb","itemListElement":[{"@type":"ListItem","position":1,"name":"Portada","item":"http:\/\/vincentians.com\/es\/"},{"@type":"ListItem","position":2,"name":"P. Jos\u00e9 Caram\u00e9s Pato"}]},{"@type":"WebSite","@id":"http:\/\/vincentians.com\/es\/#website","url":"http:\/\/vincentians.com\/es\/","name":"Somos Vicencianos","description":"Know more to serve more","publisher":{"@id":"http:\/\/vincentians.com\/es\/#organization"},"potentialAction":[{"@type":"SearchAction","target":{"@type":"EntryPoint","urlTemplate":"http:\/\/vincentians.com\/es\/?s={search_term_string}"},"query-input":{"@type":"PropertyValueSpecification","valueRequired":true,"valueName":"search_term_string"}}],"inLanguage":"es"},{"@type":"Organization","@id":"http:\/\/vincentians.com\/es\/#organization","name":"The Vincentian Network","url":"http:\/\/vincentians.com\/es\/","logo":{"@type":"ImageObject","inLanguage":"es","@id":"http:\/\/vincentians.com\/es\/#\/schema\/logo\/image\/","url":"https:\/\/i1.wp.com\/vincentians.com\/es\/wp-content\/uploads\/sites\/11\/2016\/06\/Vincentian-Network-logo-big.png?fit=778%2C778","contentUrl":"https:\/\/i1.wp.com\/vincentians.com\/es\/wp-content\/uploads\/sites\/11\/2016\/06\/Vincentian-Network-logo-big.png?fit=778%2C778","width":778,"height":778,"caption":"The Vincentian Network"},"image":{"@id":"http:\/\/vincentians.com\/es\/#\/schema\/logo\/image\/"},"sameAs":["https:\/\/www.facebook.com\/WeAreVincentians\/","https:\/\/x.com\/WeVincentians"]},{"@type":"Person","@id":"http:\/\/vincentians.com\/es\/#\/schema\/person\/7c2670b4445a7ca9d164ea6acdb31859","name":"Mitxel Olabu\u00e9naga","image":{"@type":"ImageObject","inLanguage":"es","@id":"http:\/\/vincentians.com\/es\/#\/schema\/person\/image\/","url":"https:\/\/secure.gravatar.com\/avatar\/34137ec2e2b8939cbbed975731e71f3f4f1defc7266ded337a5ce0f925426877?s=96&d=mm&r=g","contentUrl":"https:\/\/secure.gravatar.com\/avatar\/34137ec2e2b8939cbbed975731e71f3f4f1defc7266ded337a5ce0f925426877?s=96&d=mm&r=g","caption":"Mitxel Olabu\u00e9naga"},"url":"https:\/\/vincentians.com\/es\/author\/mitxel\/"}]}},"jetpack_publicize_connections":[],"jetpack_featured_media_url":"https:\/\/i0.wp.com\/vincentians.com\/es\/wp-content\/uploads\/sites\/11\/2016\/07\/bio-cm.jpg?fit=1200%2C630&ssl=1","jetpack_sharing_enabled":true,"jetpack_shortlink":"https:\/\/wp.me\/p7ETMF-y19","jetpack-related-posts":[{"id":115245,"url":"https:\/\/vincentians.com\/es\/hno-bernardino-amezqueta\/","url_meta":{"origin":130767,"position":0},"title":"Hno. Bernardino Amezqueta","author":"Mitxel Olabu\u00e9naga","date":"30\/11\/2012","format":false,"excerpt":"Al \u00a0leer el discurso de Pablo VI del 29 de abril sobre GOZOS Y TRISTEZAS DE LA IGLESIA, pens\u00e9 que no era cristiano dejar en el confusionismo de las cenizas la figura de hombres que quiz\u00e1 en algunos momentos de su vida fueron le\u00f1o verde, pero que la enfermedad transform\u00f3\u2026","rel":"","context":"En \u00abBiograf\u00edas de Misioneros Pa\u00fales\u00bb","block_context":{"text":"Biograf\u00edas de Misioneros Pa\u00fales","link":"https:\/\/vincentians.com\/es\/category\/la-familia-vicenciana\/biografias-vicencianas\/biografias-de-misioneros-paules\/"},"img":{"alt_text":"","src":"https:\/\/i0.wp.com\/vincentians.com\/es\/wp-content\/uploads\/sites\/11\/2016\/07\/bio-cm.jpg?fit=1200%2C630&ssl=1&resize=350%2C200","width":350,"height":200,"srcset":"https:\/\/i0.wp.com\/vincentians.com\/es\/wp-content\/uploads\/sites\/11\/2016\/07\/bio-cm.jpg?fit=1200%2C630&ssl=1&resize=350%2C200 1x, https:\/\/i0.wp.com\/vincentians.com\/es\/wp-content\/uploads\/sites\/11\/2016\/07\/bio-cm.jpg?fit=1200%2C630&ssl=1&resize=525%2C300 1.5x, https:\/\/i0.wp.com\/vincentians.com\/es\/wp-content\/uploads\/sites\/11\/2016\/07\/bio-cm.jpg?fit=1200%2C630&ssl=1&resize=700%2C400 2x, https:\/\/i0.wp.com\/vincentians.com\/es\/wp-content\/uploads\/sites\/11\/2016\/07\/bio-cm.jpg?fit=1200%2C630&ssl=1&resize=1050%2C600 3x"},"classes":[]},{"id":23978,"url":"https:\/\/vincentians.com\/es\/feliz-navidad\/","url_meta":{"origin":130767,"position":1},"title":"Feliz Navidad","author":"Francisco Javier Fern\u00e1ndez Chento","date":"24\/12\/2014","format":false,"excerpt":"Que este tiempo de Esperanza reavive en nosotros la pasi\u00f3n por vivir el Evangelio enraizados en la realidad, con los pies en la tierra y la mirada en el cielo. Que la dulzura del infante reci\u00e9n nacido nos acompa\u00f1e en nuestro encuentro con los m\u00e1s necesitados. Que la sencillez del\u2026","rel":"","context":"En \u00abM\u00fasica vicenciana\u00bb","block_context":{"text":"M\u00fasica vicenciana","link":"https:\/\/vincentians.com\/es\/category\/servicios-y-ministerios\/musica-vicenciana\/"},"img":{"alt_text":"feliz_navidad_2015","src":"https:\/\/i0.wp.com\/vicencianos.org\/wp-content\/2014\/12\/feliz_navidad_2015-1024x682.jpg?resize=350%2C200","width":350,"height":200,"srcset":"https:\/\/i0.wp.com\/vicencianos.org\/wp-content\/2014\/12\/feliz_navidad_2015-1024x682.jpg?resize=350%2C200 1x, https:\/\/i0.wp.com\/vicencianos.org\/wp-content\/2014\/12\/feliz_navidad_2015-1024x682.jpg?resize=525%2C300 1.5x, https:\/\/i0.wp.com\/vicencianos.org\/wp-content\/2014\/12\/feliz_navidad_2015-1024x682.jpg?resize=700%2C400 2x"},"classes":[]},{"id":125220,"url":"https:\/\/vincentians.com\/es\/novena-a-la-virgen-milagrosa-2013-dia-segundo\/","url_meta":{"origin":130767,"position":2},"title":"Novena a la Virgen Milagrosa 2013: D\u00eda segundo","author":"Francisco Javier Fern\u00e1ndez Chento","date":"20\/11\/2013","format":false,"excerpt":"Abre nuestro o\u00eddo a la PALABRA, para que reconozcamos la voz de Dios y su llamada. (Vocaci\u00f3n de Santa Catalina) MONICI\u00d3N DE ENTRADA Bienvenidos a la celebraci\u00f3n. Hoy le pedimos a la Milagrosa, siguiendo la oraci\u00f3n del Papa Francisco, que abra nuestro o\u00eddo a la Palabra de Dios, que reconozcamos\u2026","rel":"","context":"En \u00abVirgen Mar\u00eda\u00bb","block_context":{"text":"Virgen Mar\u00eda","link":"https:\/\/vincentians.com\/es\/category\/espiritualidad\/virgen-maria\/"},"img":{"alt_text":"Milagrosa_Pamplona_2013","src":"https:\/\/i0.wp.com\/vicencianos.org\/wp-content\/2012\/11\/Milagrosa_Pamplona_2013-201x300.jpg?resize=350%2C200","width":350,"height":200},"classes":[]},{"id":34190,"url":"https:\/\/vincentians.com\/es\/introduccion-a-la-vida-devota-primera-parte-capitulo-17\/","url_meta":{"origin":130767,"position":3},"title":"Introducci\u00f3n a la vida devota. Primera parte, cap\u00edtulo 17","author":"Francisco Javier Fern\u00e1ndez Chento","date":"06\/06\/2020","format":false,"excerpt":"CAP\u00cdTULO XVII Meditaci\u00f3n 9\u00aa : A MANERA DE ELECCI\u00d3N DEL PARA\u00cdSO PREPARACI\u00d3N 1. Ponte en la presencia de Dios. 2. Hum\u00edllate en su presencia y p\u00eddele que te ilumine. CONSIDERACIONES Imagina que te encuentras en campo raso, sola con tu buen \u00e1ngel, como el jovencito Tob\u00edas cuando iba a Rages,\u2026","rel":"","context":"En \u00abEscritos de Francisco de Sales\u00bb","block_context":{"text":"Escritos de Francisco de Sales","link":"https:\/\/vincentians.com\/es\/category\/escritos\/escritos-de-francisco-de-sales\/"},"img":{"alt_text":"","src":"https:\/\/i0.wp.com\/vincentians.com\/es\/wp-content\/uploads\/sites\/11\/2016\/08\/escritos-francisco-de-sales.jpg?fit=1200%2C630&ssl=1&resize=350%2C200","width":350,"height":200,"srcset":"https:\/\/i0.wp.com\/vincentians.com\/es\/wp-content\/uploads\/sites\/11\/2016\/08\/escritos-francisco-de-sales.jpg?fit=1200%2C630&ssl=1&resize=350%2C200 1x, https:\/\/i0.wp.com\/vincentians.com\/es\/wp-content\/uploads\/sites\/11\/2016\/08\/escritos-francisco-de-sales.jpg?fit=1200%2C630&ssl=1&resize=525%2C300 1.5x, https:\/\/i0.wp.com\/vincentians.com\/es\/wp-content\/uploads\/sites\/11\/2016\/08\/escritos-francisco-de-sales.jpg?fit=1200%2C630&ssl=1&resize=700%2C400 2x, https:\/\/i0.wp.com\/vincentians.com\/es\/wp-content\/uploads\/sites\/11\/2016\/08\/escritos-francisco-de-sales.jpg?fit=1200%2C630&ssl=1&resize=1050%2C600 3x"},"classes":[]},{"id":119509,"url":"https:\/\/vincentians.com\/es\/el-p-silvestre-ojea\/","url_meta":{"origin":130767,"position":4},"title":"El P. Silvestre Ojea","author":"Mitxel Olabu\u00e9naga","date":"08\/05\/2013","format":false,"excerpt":"Esta es la noticia escueta del hecho que ocurri\u00f3 en la ma\u00addrugada del 3 de septiembre pasarlo. Pero esta noticia es como un prisma, que se descompone en otras muchas, que entre todas componen su semblanza, que, si bien incomple\u00adta, tratar\u00e9 de esbozar aqu\u00ed. Su curriculum vitae es as\u00ed: Naci\u00f3\u2026","rel":"","context":"En \u00abBiograf\u00edas de Misioneros Pa\u00fales\u00bb","block_context":{"text":"Biograf\u00edas de Misioneros Pa\u00fales","link":"https:\/\/vincentians.com\/es\/category\/la-familia-vicenciana\/biografias-vicencianas\/biografias-de-misioneros-paules\/"},"img":{"alt_text":"","src":"https:\/\/i0.wp.com\/vincentians.com\/es\/wp-content\/uploads\/sites\/11\/2016\/07\/bio-cm.jpg?fit=1200%2C630&ssl=1&resize=350%2C200","width":350,"height":200,"srcset":"https:\/\/i0.wp.com\/vincentians.com\/es\/wp-content\/uploads\/sites\/11\/2016\/07\/bio-cm.jpg?fit=1200%2C630&ssl=1&resize=350%2C200 1x, https:\/\/i0.wp.com\/vincentians.com\/es\/wp-content\/uploads\/sites\/11\/2016\/07\/bio-cm.jpg?fit=1200%2C630&ssl=1&resize=525%2C300 1.5x, https:\/\/i0.wp.com\/vincentians.com\/es\/wp-content\/uploads\/sites\/11\/2016\/07\/bio-cm.jpg?fit=1200%2C630&ssl=1&resize=700%2C400 2x, https:\/\/i0.wp.com\/vincentians.com\/es\/wp-content\/uploads\/sites\/11\/2016\/07\/bio-cm.jpg?fit=1200%2C630&ssl=1&resize=1050%2C600 3x"},"classes":[]},{"id":119457,"url":"https:\/\/vincentians.com\/es\/luisa-de-marillac-carta-0681-a-mi-querida-sor-nicolasa-haran\/","url_meta":{"origin":130767,"position":5},"title":"Luisa de Marillac, Carta 0681: A mi querida Sor Nicolasa Haran","author":"Francisco Javier Fern\u00e1ndez Chento","date":"06\/04\/2013","format":false,"excerpt":"Hija de la Caridad\u00a0 Sierva de los Pobres Enfermos. Hospital General de Nantes Hoy. 30 de abril de 1659 Mis queridas Hermanas: Les pido humildemente perd\u00f3n por llevar tanto tiempo sin escribirles; es verdad que los muchos asuntos y la poca salud m\u00eda son la causa de ello. Pero tambi\u00e9n\u2026","rel":"","context":"En \u00abEscritos de Luisa de Marillac\u00bb","block_context":{"text":"Escritos de Luisa de Marillac","link":"https:\/\/vincentians.com\/es\/category\/escritos\/escritos-de-luisa-de-marillac\/"},"img":{"alt_text":"","src":"https:\/\/i0.wp.com\/vincentians.com\/es\/wp-content\/uploads\/sites\/11\/2016\/07\/escritos-luisa-de-marillac.jpg?fit=1200%2C630&ssl=1&resize=350%2C200","width":350,"height":200,"srcset":"https:\/\/i0.wp.com\/vincentians.com\/es\/wp-content\/uploads\/sites\/11\/2016\/07\/escritos-luisa-de-marillac.jpg?fit=1200%2C630&ssl=1&resize=350%2C200 1x, https:\/\/i0.wp.com\/vincentians.com\/es\/wp-content\/uploads\/sites\/11\/2016\/07\/escritos-luisa-de-marillac.jpg?fit=1200%2C630&ssl=1&resize=525%2C300 1.5x, https:\/\/i0.wp.com\/vincentians.com\/es\/wp-content\/uploads\/sites\/11\/2016\/07\/escritos-luisa-de-marillac.jpg?fit=1200%2C630&ssl=1&resize=700%2C400 2x, https:\/\/i0.wp.com\/vincentians.com\/es\/wp-content\/uploads\/sites\/11\/2016\/07\/escritos-luisa-de-marillac.jpg?fit=1200%2C630&ssl=1&resize=1050%2C600 3x"},"classes":[]}],"_links":{"self":[{"href":"https:\/\/vincentians.com\/es\/wp-json\/wp\/v2\/posts\/130767","targetHints":{"allow":["GET"]}}],"collection":[{"href":"https:\/\/vincentians.com\/es\/wp-json\/wp\/v2\/posts"}],"about":[{"href":"https:\/\/vincentians.com\/es\/wp-json\/wp\/v2\/types\/post"}],"author":[{"embeddable":true,"href":"https:\/\/vincentians.com\/es\/wp-json\/wp\/v2\/users\/5"}],"replies":[{"embeddable":true,"href":"https:\/\/vincentians.com\/es\/wp-json\/wp\/v2\/comments?post=130767"}],"version-history":[{"count":0,"href":"https:\/\/vincentians.com\/es\/wp-json\/wp\/v2\/posts\/130767\/revisions"}],"wp:featuredmedia":[{"embeddable":true,"href":"https:\/\/vincentians.com\/es\/wp-json\/wp\/v2\/media\/391249"}],"wp:attachment":[{"href":"https:\/\/vincentians.com\/es\/wp-json\/wp\/v2\/media?parent=130767"}],"wp:term":[{"taxonomy":"category","embeddable":true,"href":"https:\/\/vincentians.com\/es\/wp-json\/wp\/v2\/categories?post=130767"},{"taxonomy":"post_tag","embeddable":true,"href":"https:\/\/vincentians.com\/es\/wp-json\/wp\/v2\/tags?post=130767"}],"curies":[{"name":"wp","href":"https:\/\/api.w.org\/{rel}","templated":true}]}}