{"id":130259,"date":"2015-02-28T05:45:12","date_gmt":"2015-02-28T04:45:12","guid":{"rendered":"http:\/\/somos.vicencianos.org\/?p=130259"},"modified":"2016-07-26T17:27:21","modified_gmt":"2016-07-26T15:27:21","slug":"un-perfil-heroico-santa-luisa-de-marillac-06","status":"publish","type":"post","link":"https:\/\/vincentians.com\/es\/un-perfil-heroico-santa-luisa-de-marillac-06\/","title":{"rendered":"Un perfil heroico: santa Luisa de Marillac (06)"},"content":{"rendered":"<p>ESOS que est\u00e1n cubiertos de blancas vestiduras,<br \/>\n\u00bfqui\u00e9nes son<br \/>\ny de d\u00f3nde han venido?<br \/>\n(Apocalipsis, VII.)<\/p>\n<p><a href=\"https:\/\/i0.wp.com\/vicencianos.org\/wp-content\/2014\/04\/louise-marillac.jpg\"><img data-recalc-dims=\"1\" loading=\"lazy\" decoding=\"async\" class=\"alignright size-medium wp-image-140652\" src=\"https:\/\/i0.wp.com\/vicencianos.org\/wp-content\/2014\/04\/louise-marillac-300x248.jpg?resize=300%2C248\" alt=\"OLYMPUS DIGITAL CAMERA\" width=\"300\" height=\"248\" \/><\/a>VICENTE de Pa\u00fal ha sido uno de los mayores dones que la ca\u00adridad y la misericordiosa de Dios han concedido al mundo. Su santidad personal es tan atrayente, tan humana, tan digna de imitaci\u00f3n como lo es el esp\u00edritu vivo del Evangelio.<\/p>\n<p>Sus virtudes sacerdotales le hab\u00edan hecho preferir mil veces la hu\u00admilde parroquia de una aldea <i>a <\/i>la capellan\u00eda de los se\u00f1ores de Gondi en Par\u00eds, puesto m\u00e1s honroso a los ojos del mundo. Su elevaci\u00f3n al Consejo de Conciencia de la Reina y sus prerrogativas en la corte \u00fani\u00adcamente le sirvieron para desplegar la caridad de su coraz\u00f3n.<\/p>\n<p>La humildad de San Vicente de Pa\u00fal, nunca bastante admirada, hizo de \u00e9l, a los ojos del Se\u00f1or, un vaso de elecci\u00f3n. Vicente de Pa\u00fal ha sido uno de los hombres m\u00e1s sinceros que han existido, de los que m\u00e1s han ahondado en el conocimiento de s\u00ed. Se crey\u00f3\u2014y as\u00ed se llamaba \u00e9l cons\u00adtantemente\u2014un miserable, digno del desprecio de los dem\u00e1s.<\/p>\n<p>Las ra\u00edces de su humildad estaban basadas en la verdad. Porque Vi\u00adcente de Pa\u00fal hab\u00eda meditado grandemente en las prerrogativas divinas y en los defectos humanos; su mirada penetrante hab\u00eda medido la in\u00admensidad de las perfecciones de Dios y la infinitud negativa de lo humano. Hab\u00eda considerado las gracias que Dios concede a las almas, el valor de los medios que existen para elevarse hacia \u00c9l, y, natural\u00admente, su visi\u00f3n, limpia de enga\u00f1o, le hac\u00eda verse pobre y miserable ins\u00adtrumento en las manos divinas.<\/p>\n<p>Junto al modelo m\u00e1s acabado de humildad, Vicente de Pa\u00fal ha sido el genio de la caridad, el hombre que ha grabado con m\u00e1s exactitud den\u00adtro de su coraz\u00f3n los sentimientos del coraz\u00f3n de Dios, y ha dado toda su vida para comprar la perla evang\u00e9lica por medio de la virtud que no acabar\u00e1 jam\u00e1s.<\/p>\n<p>Hijo de unos piadosos aldeanos del sur de Francia, Vicente sinti\u00f3 desde muy ni\u00f1o su vocaci\u00f3n al sacerdocio. En el momento en que cono\u00adci\u00f3 a Luisa de Marillac hallamos al piadoso sacerdote en casa de los se\u00f1ores de Gondi, no solamente como preceptor de sus hijos, uno de los cuales hab\u00eda de ser m\u00e1s tarde el famoso cardenal de Retz, sino dedicado a misionar a los campesinos de los dominios familiares de los Gondi, a la vez que echaba los fundamentos de la Congregaci\u00f3n de la Misi\u00f3n que formar\u00eda poco despu\u00e9s.<\/p>\n<p>Vicente de Pa\u00fal alcanz\u00f3 desde los primeros a\u00f1os de su sacerdocio la madurez de un anciano. Su juicio clarividente le hizo emprender gran\u00addes obras a trav\u00e9s de toda su vida, cuando consideraba impl\u00edcita en ellas la voluntad de Dios, pero le hizo desistir tambi\u00e9n obstinadamente de todo cuanto, aun siendo bueno, no llevaba el sello de lo divino.<\/p>\n<p>Lentamente, ponderando m\u00e1s las se\u00f1ales divinas que las opiniones humanas, avanzaba nuestro santo en su fecunda vida de caridad, con\u00adsultando siempre, para tomar sus resoluciones, el coraz\u00f3n de Cristo. Siendo miembro del Consejo de Conciencia de la Reina, que hoy llama\u00adr\u00edamos \u00f3rgano asesor para la provisi\u00f3n digna de cargos eclesi\u00e1sticos, era, en su proceder, opuesto completamente al cardenal Mazarino, que tam\u00adbi\u00e9n formaba parte de dicho Consejo. Humilde y profundo en sus deci\u00adsiones, hijas de una conciencia recta, siempre escuch\u00f3 la voz divina para proveer a la Iglesia de Francia de celosos pastores.<\/p>\n<p>Mas el t\u00edtulo verdaderamente glorioso de Vicente es el amor que siempre sinti\u00f3 hacia los pobres, a los que consagr\u00f3 su vida entera; sin embargo, se verti\u00f3 hacia ellos, sin negar a los ricos un trato escogido, maneras afables y humildes siempre.<\/p>\n<p>San Vicente no inaugur\u00f3 la caridad en el mundo, pero le dio un ca\u00adr\u00e1cter tan aut\u00e9nticamente divino y evang\u00e9lico que transform\u00f3 la pr\u00e1c\u00adtica de esta virtud; la hizo pasar, de una limosna misericordiosa o de una atenci\u00f3n filantr\u00f3pica que se vuelve a los hermanos, a una forma nueva que, en cierto modo, divinizaba al pobre. Vicente de Pa\u00fal no vio en el pobre solamente a un hermano, a un ser redimido por Cristo. Vi\u00adcente de Pa\u00fal vioen el pobre a Cristo mismo. De ah\u00ed que su caridad tiene esa potencia avasalladora, ese vigor que no pueden deshacer los siglos ni los vaivenes de este mundo.<\/p>\n<p>\u00abLo que hiciereis al m\u00e1s peque\u00f1o de los m\u00edos, a M\u00ed me lo hac\u00e9is.\u00bb La humanidad del pobre, para San Vicente, es la Santa Humanidad de Cristo. Aliviar al pobre es aliviar a Cristo. Mart\u00edn, futuro Obispo de Tours, siendo todav\u00eda soldado y catec\u00fameno, atravesaba las calles mon\u00adtado en su caballo; un pobre medio desnudo le pide limosna. Baja de su caballo y, rasgando su capa en dos partes con el auxilio de su espada, tiende una de ellas al pobre para que se cubra. Por la noche, encerrado en su aposento, Mart\u00edn tiene una visi\u00f3n resplandeciente. Es Cristo, que se aparece a \u00e9l cubierto con la capa que le hab\u00eda dado al mendigo. Y el soldado oye de los labios divinos estas luminosas palabras: \u00abMart\u00edn, siendo todav\u00eda catec\u00fameno, me ha cubierto con esta capa\u00bb.<\/p>\n<p>Cristo transformado en el pobre, he ah\u00ed la caridad de San Vicente de Pa\u00fal. Ante esta evidencia caen por tierra todos los prejuicios de \u00e9poca y de naci\u00f3n, y se universaliza la caridad. Los pobres, con frecuencia repugnantes, desagradecidos, groseros, no pueden ser atrayentes en s\u00ed; pero, siguiendo las indicaciones de San Vicente, \u00abvolvamos la medalla\u00bb y, ti as estas apariencias miserables, veamos a Cristo. De esta manera todos los sacrificios son aceptables, la consagraci\u00f3n de una vida entera al servicio de esos desgraciados es la consagraci\u00f3n al servicio del mismo Dios.<\/p>\n<p>Vicente de Pa\u00fal ha realizado obras maravillosas en la tierra ; ha dado forma definitiva al amor cristiano, como oficialmente lo ha reco\u00adnocido la Iglesia al proclamarle Patrono Celestial de todas las Obras de Caridad; ha hecho por la sociedad m\u00e1s que los grandes legisladores y gobernantes, porque si bien \u00e9stos han pretendido dar normas para el bienestar de los miembros que la componen, San Vicente ha sobrepa\u00adsado los l\u00edmites de la justicia para abrazar la misericordia y dar al mun\u00addo la lecci\u00f3n m\u00e1s sublime de amor.<\/p>\n<p>\u00abAmemos al pr\u00f3jimo\u2014son sus palabras\u2014, porque Dios est\u00e1 en \u00e9l, o a fin de que est\u00e9.\u00bb Con este admirable esp\u00edritu no es extra\u00f1o que San Vicente haya abarcado en su caridad a los grandes y a los peque\u00f1os, a los perfectos y a los pecadores. No fue el hombre tempestuoso que se lanza a la defensa de una determinada clase social\u2014la \u00ednfima clase\u2014, sino que todo su proceder, ordenado en cristiano, fue deferente, sumiso, comprensivo con los poderosos, a quienes mir\u00f3 siempre como bienhe\u00adchores de los pobres.<\/p>\n<p>Con ser tan grande el movimiento social y caritativo de San Vicente, es m\u00e1s admirable su doctrina\u2014legado precioso para sus hijas\u2014, en la que les muestra un dilatado panorama de vida interior, necesario de todo punto a las almas que se dedican a trabajar en la salvaci\u00f3n de sus hermanos. San Vicente, como director de conciencia, es uno de los sa\u00adcerdotes m\u00e1s evang\u00e9licos de su siglo.<\/p>\n<p>Este hombre providencial fue el que Dios, en sus misteriosos desig\u00adnios, ten\u00eda preparado a Luisa de Marillac. No se sabe cu\u00e1les fueron las circunstancias en que se conocieron; algunos aseguran que fue el mis\u00admo monse\u00f1or Camus quien, previendo sus continuas ausencias de Par\u00eds, quiso asegurar a su hija un gu\u00eda celoso y prudente, y le se\u00f1al\u00f3 al pia\u00addoso sacerdote.<\/p>\n<p>Otra conjetura es la de que Luisa conociera a Vicente cuando era director de los monasterios de la Visitaci\u00f3n por encargo de San Francisco de Sales y de la madre Chantal, fundadores de los mismos. Tal vez la madre Catalina Beaumont, que frecuentaba el del arrabal de San Antonio, se lo hiciera conocer. Esta hija espiritual de San Fran\u00adcisco de Sales probablemente alabar\u00eda ante Luisa al sacerdote a quien veneraban todas las visitandinas como puede hacerse a un santo. Quiz\u00e1 le contara que, mediante las visitas del celoso sacerdote, la Comunidad percib\u00eda el perfume de las virtudes de Jesucristo. Y las religiosas que padec\u00edan penas y tentaciones quedaban muy consoladas bajo su direc\u00adci\u00f3n. No se sabe a punto fijo cu\u00e1l fue el motivo de su encuentro. En el fondo importa poco, sabiendo que la Divina Providencia se vale de causas segundas, de instrumentos humanos, pero que es su sabidur\u00eda la que, por su medio, gobierna todas las cosas.<\/p>\n<p>Naturalmente hablando, este santo hombre no fue simp\u00e1tico a la se\u00f1orita Legras. Mas si ella guardaba cierta repugnancia en el fondo del coraz\u00f3n para aceptar al director austero que le parec\u00eda ser San Vicente de Pa\u00fal, \u00e9ste, a su vez, no hab\u00eda acogido sin reserva el consejo de ocu\u00adparse de la direcci\u00f3n de esta \u00abmujer de calidad\u00bb. No era su cometido \u2014pensaba \u00e9l\u2014el ocuparse de direcciones particulares. Otras ocupacio\u00adnes m\u00e1s vastas y urgentes solicitaban su caridad.<\/p>\n<p>Y, sin embargo, \u00e9l tambi\u00e9n, secundando los designios de la Divina Providencia, termin\u00f3 por aceptar la direcci\u00f3n del alma de Luisa de Ma\u00adrillac. Esta fue la hermosa uni\u00f3n sobrenatural de dos almas, de la que iba a brotar una obra perdurable como la Santa Iglesia.<\/p>\n<p>Luisa encontr\u00f3 en Vicente de Pa\u00fal no s\u00f3lo al sacerdote de aparien\u00adcias mediocres, de humilde linaje, menos humanista que los anteriores directores de su alma; estas condiciones, que al principio desconcertaron a Luisa, dejaron paso inmediatamente a la consideraci\u00f3n de las verdade\u00adras virtudes personales de Vicente: Un esp\u00edritu llamado a la santidad evang\u00e9lica, perfecto imitador de la vida de Jesucristo en la tierra.<\/p>\n<p>Indudablemente, una de las glorias eternas de Vicente de Pa\u00fal ser\u00e1 la de haber orientado definitivamente a Luisa de Marillac.<\/p>\n<p>Vicente dej\u00f3 que su dirigida le expresara todas las complejidades de su alma; conoci\u00f3 los tormentos interiores que la hab\u00edan fortalecido, los tesoros de amor y ternura all\u00ed encerrados, y quiso poner en ellos el acicate de la caridad, para que esta virtud soberana quemara con su fuego los peque\u00f1os residuos de imperfecci\u00f3n, y por ella se diera ente\u00adramente a trabajar por el pr\u00f3jimo, para hallar la perla evang\u00e9lica.<\/p>\n<p>\u00abLa santidad es una aventura\u2014dice Bernanos\u2014; es, por decirlo as\u00ed, la \u00fanica aventura.\u00bb Luisa de Marillac la ha realizado. Levant\u00e1ndose so\u00adbre las impotencias humanas, los l\u00edmites de una naturaleza fr\u00e1gil, con todos sus complejos e inquietudes, ha sido \u00abla mujer fuerte\u00bb, la mag\u00adn\u00edfica realizadora que fue capaz de mirar de frente, durante m\u00e1s de un cuarto de siglo, tareas evang\u00e9licas de las que una sola hubiera parecido aplastante a una mujer menos fuerte que ella.<\/p>\n<p>\u00abLa santidad\u2014hace notar acertadamente el P. Li\u00e9g\u00e9, volviendo a las palabras de Bernanos\u2014es una aventura divina a la cual el hombre es invitado por Dios mismo; no hay que confundir el santo con el asceta voluntario, ni mucho menos con el fan\u00e1tico exaltado; no hay que creer que un santo es un hombre honorable, o un asceta, o un sabio. Los san\u00adtos no esconden, pues, su secreto: Jesucristo forma en ellos una huma\u00adnidad recreada. El Evangelio vuelve a tomar vida en su vida, en toda su vida; son los hombres del Evangelio.\u00bb<\/p>\n<p>Los d\u00edas en que Luisa vivi\u00f3 en las angustiosas tinieblas del esp\u00edritu fueron un largo prefacio a la acci\u00f3n arrolladora del Esp\u00edritu Santo. San juman de la Cruz dice que todas las penas purifican. El alma de Luisa, complicada y dif\u00edcil para escoger las v\u00edas de su salvaci\u00f3n, atada a las exigencias de una conciencia sutil, era simplic\u00edsima en la obediencia. Por tanto, este gran valor fue el resorte santificante de su vida, porque Dios encontr\u00f3 siempre a su sierva en la hermosa disposici\u00f3n de buscar lo que a \u00c9l hab\u00eda de agradarle. Con toda generosidad se adapt\u00f3 al plan creador y redentor, al plan divino, que siempre es m\u00e1s amplio, infinita\u00admente m\u00e1s amplio que el m\u00e1s genial de los planes humanos.<\/p>\n<p>Vicente de Pa\u00fal hubo primero de despojarla de aquellos h\u00e1bitos es\u00adpirituales tan arraigados, de las pr\u00e1cticas de devoci\u00f3n harto repetidas, martilleantes, m\u00e1s absorbentes que eficaces. Escuch\u00f3 las confidencias mi\u00adnuciosas de su alma, y con infinita caridad supo llevarla al olvido de s\u00ed y al amor del pr\u00f3jimo. Una de sus pr\u00e1cticas consist\u00eda en honrar cada d\u00eda, por treinta y tres actos de adoraci\u00f3n, la santa humanidad de Nues\u00adtro Se\u00f1or, en recuerdo de los treinta y tres d\u00edas que hab\u00eda pasado en la tierra. Vicente le hace pensar que Dios es amor, y que quiere que se vaya a \u00c9l \u00fanicamente por amor.<\/p>\n<p>Mas el verdadero amor libera, en sus exigencias mismas. Vicente de Pa\u00fal sab\u00eda que esta lecci\u00f3n se aprende mejor d\u00eda por d\u00eda, y que a veces es necesaria una vida entera para realizarla.<\/p>\n<p>Luisa de Marillac, siguiendo el consejo autorizado del padre Cham\u00adpigny, renuncia a la vida claustrada de las capuchinas. En funci\u00f3n de su temperamento, la vida claustral de nuestra santa hubi\u00e9rase derivado hacia un excesivo mirarse a s\u00ed misma, una constante fuerza de introspec\u00adci\u00f3n, fatigosa y est\u00e9ril muchas veces, para calibrar el fervor de su es\u00adp\u00edritu con una sola medida: la de los actos de devoci\u00f3n a que se hubiera dedicado. Su amor excesivo al retiro y a la soledad no hubieran favo\u00adrecido la robustez de sus ideas, la independencia de su alma para diri\u00adgirse a Dios y el equilibrio que le da su verdadero peso de santidad.<\/p>\n<p>Por eso Vicente de Pa\u00fal, que conoci\u00f3 perfectamente las posibilidades de esta gran alma, la lanza a las obras de celo y apostolado, vaci\u00e1ndola de s\u00ed misma para llenarla de las preocupaciones ajenas. La liberaci\u00f3n de Santa Luisa fue la caridad. Encontr\u00f3 a Dios vivo en las almas de los pobres. Aqu\u00ed los treinta y tres actos de adoraci\u00f3n de la santa humanidad de Cristo se abrieron a la hermosa perspectiva de o\u00edr latir el coraz\u00f3n de Dios en cada uno de los corazones humanos.<\/p>\n<p>La se\u00f1orita Legr\u00e1s dej\u00f3 de esforzarse en reconcentrar su esp\u00edritu para buscar al Se\u00f1or por las tortuosas sendas del \u00abyo\u00bb. Lo encontr\u00f3 en el que sufre, en el desamparado, en el hu\u00e9rfano, en el enfermo. As\u00ed pudo unirse en comuni\u00f3n perfecta con Cristo.<\/p>\n","protected":false},"excerpt":{"rendered":"<p>ESOS que est\u00e1n cubiertos de blancas vestiduras, \u00bfqui\u00e9nes son y de d\u00f3nde han venido? (Apocalipsis, VII.) VICENTE de Pa\u00fal ha sido uno de los mayores dones que la ca\u00adridad y la misericordiosa de Dios han &#8230; <a href=\"https:\/\/vincentians.com\/es\/un-perfil-heroico-santa-luisa-de-marillac-06\/\" class=\"more-link\">Read More<\/a><\/p>\n","protected":false},"author":4,"featured_media":140652,"comment_status":"open","ping_status":"open","sticky":false,"template":"","format":"standard","meta":{"jetpack_post_was_ever_published":false,"_jetpack_newsletter_access":"","_jetpack_dont_email_post_to_subs":false,"_jetpack_newsletter_tier_id":0,"_jetpack_memberships_contains_paywalled_content":false,"_jetpack_memberships_contains_paid_content":false,"footnotes":"","jetpack_publicize_message":"","jetpack_publicize_feature_enabled":true,"jetpack_social_post_already_shared":true,"jetpack_social_options":{"image_generator_settings":{"template":"highway","default_image_id":0,"font":"","enabled":false},"version":2}},"categories":[18],"tags":[119,256],"class_list":["post-130259","post","type-post","status-publish","format-standard","has-post-thumbnail","hentry","category-luisa-de-marillac","tag-gondi","tag-madre-chantal"],"yoast_head":"<!-- This site is optimized with the Yoast SEO plugin v26.3 - https:\/\/yoast.com\/wordpress\/plugins\/seo\/ -->\n<title>Un perfil heroico: santa Luisa de Marillac (06) - Somos Vicencianos<\/title>\n<meta name=\"robots\" content=\"index, follow, max-snippet:-1, max-image-preview:large, max-video-preview:-1\" \/>\n<link rel=\"canonical\" href=\"https:\/\/vincentians.com\/es\/un-perfil-heroico-santa-luisa-de-marillac-06\/\" \/>\n<meta property=\"og:locale\" content=\"es_ES\" \/>\n<meta property=\"og:type\" content=\"article\" \/>\n<meta property=\"og:title\" content=\"Un perfil heroico: santa Luisa de Marillac (06) - Somos Vicencianos\" \/>\n<meta property=\"og:description\" content=\"ESOS que est\u00e1n cubiertos de blancas vestiduras, \u00bfqui\u00e9nes son y de d\u00f3nde han venido? (Apocalipsis, VII.) VICENTE de Pa\u00fal ha sido uno de los mayores dones que la ca\u00adridad y la misericordiosa de Dios han ... Read More\" \/>\n<meta property=\"og:url\" content=\"https:\/\/vincentians.com\/es\/un-perfil-heroico-santa-luisa-de-marillac-06\/\" \/>\n<meta property=\"og:site_name\" content=\"Somos Vicencianos\" \/>\n<meta property=\"article:publisher\" content=\"https:\/\/www.facebook.com\/WeAreVincentians\/\" \/>\n<meta property=\"article:author\" content=\"https:\/\/www.facebook.com\/JavierChento\" \/>\n<meta property=\"article:published_time\" content=\"2015-02-28T04:45:12+00:00\" \/>\n<meta property=\"article:modified_time\" content=\"2016-07-26T15:27:21+00:00\" \/>\n<meta name=\"author\" content=\"Francisco Javier Fern\u00e1ndez Chento\" \/>\n<meta name=\"twitter:card\" content=\"summary_large_image\" \/>\n<meta name=\"twitter:creator\" content=\"@https:\/\/twitter.com\/javierchento\" \/>\n<meta name=\"twitter:site\" content=\"@WeVincentians\" \/>\n<meta name=\"twitter:label1\" content=\"Escrito por\" \/>\n\t<meta name=\"twitter:data1\" content=\"Francisco Javier Fern\u00e1ndez Chento\" \/>\n\t<meta name=\"twitter:label2\" content=\"Tiempo de lectura\" \/>\n\t<meta name=\"twitter:data2\" content=\"13 minutos\" \/>\n<script type=\"application\/ld+json\" class=\"yoast-schema-graph\">{\"@context\":\"https:\/\/schema.org\",\"@graph\":[{\"@type\":\"Article\",\"@id\":\"https:\/\/vincentians.com\/es\/un-perfil-heroico-santa-luisa-de-marillac-06\/#article\",\"isPartOf\":{\"@id\":\"https:\/\/vincentians.com\/es\/un-perfil-heroico-santa-luisa-de-marillac-06\/\"},\"author\":{\"name\":\"Francisco Javier Fern\u00e1ndez Chento\",\"@id\":\"http:\/\/vincentians.com\/es\/#\/schema\/person\/9623ef4d9aa3b2dfb8c061f1499288f2\"},\"headline\":\"Un perfil heroico: santa Luisa de Marillac (06)\",\"datePublished\":\"2015-02-28T04:45:12+00:00\",\"dateModified\":\"2016-07-26T15:27:21+00:00\",\"mainEntityOfPage\":{\"@id\":\"https:\/\/vincentians.com\/es\/un-perfil-heroico-santa-luisa-de-marillac-06\/\"},\"wordCount\":2570,\"commentCount\":0,\"publisher\":{\"@id\":\"http:\/\/vincentians.com\/es\/#organization\"},\"image\":{\"@id\":\"https:\/\/vincentians.com\/es\/un-perfil-heroico-santa-luisa-de-marillac-06\/#primaryimage\"},\"thumbnailUrl\":\"\",\"keywords\":[\"Gondi\",\"Madre Chantal\"],\"articleSection\":[\"Luisa de Marillac\"],\"inLanguage\":\"es\",\"potentialAction\":[{\"@type\":\"CommentAction\",\"name\":\"Comment\",\"target\":[\"https:\/\/vincentians.com\/es\/un-perfil-heroico-santa-luisa-de-marillac-06\/#respond\"]}]},{\"@type\":\"WebPage\",\"@id\":\"https:\/\/vincentians.com\/es\/un-perfil-heroico-santa-luisa-de-marillac-06\/\",\"url\":\"https:\/\/vincentians.com\/es\/un-perfil-heroico-santa-luisa-de-marillac-06\/\",\"name\":\"Un perfil heroico: santa Luisa de Marillac (06) - Somos Vicencianos\",\"isPartOf\":{\"@id\":\"http:\/\/vincentians.com\/es\/#website\"},\"primaryImageOfPage\":{\"@id\":\"https:\/\/vincentians.com\/es\/un-perfil-heroico-santa-luisa-de-marillac-06\/#primaryimage\"},\"image\":{\"@id\":\"https:\/\/vincentians.com\/es\/un-perfil-heroico-santa-luisa-de-marillac-06\/#primaryimage\"},\"thumbnailUrl\":\"\",\"datePublished\":\"2015-02-28T04:45:12+00:00\",\"dateModified\":\"2016-07-26T15:27:21+00:00\",\"breadcrumb\":{\"@id\":\"https:\/\/vincentians.com\/es\/un-perfil-heroico-santa-luisa-de-marillac-06\/#breadcrumb\"},\"inLanguage\":\"es\",\"potentialAction\":[{\"@type\":\"ReadAction\",\"target\":[\"https:\/\/vincentians.com\/es\/un-perfil-heroico-santa-luisa-de-marillac-06\/\"]}]},{\"@type\":\"ImageObject\",\"inLanguage\":\"es\",\"@id\":\"https:\/\/vincentians.com\/es\/un-perfil-heroico-santa-luisa-de-marillac-06\/#primaryimage\",\"url\":\"\",\"contentUrl\":\"\"},{\"@type\":\"BreadcrumbList\",\"@id\":\"https:\/\/vincentians.com\/es\/un-perfil-heroico-santa-luisa-de-marillac-06\/#breadcrumb\",\"itemListElement\":[{\"@type\":\"ListItem\",\"position\":1,\"name\":\"Portada\",\"item\":\"http:\/\/vincentians.com\/es\/\"},{\"@type\":\"ListItem\",\"position\":2,\"name\":\"Un perfil heroico: santa Luisa de Marillac (06)\"}]},{\"@type\":\"WebSite\",\"@id\":\"http:\/\/vincentians.com\/es\/#website\",\"url\":\"http:\/\/vincentians.com\/es\/\",\"name\":\"Somos Vicencianos\",\"description\":\"Know more to serve more\",\"publisher\":{\"@id\":\"http:\/\/vincentians.com\/es\/#organization\"},\"potentialAction\":[{\"@type\":\"SearchAction\",\"target\":{\"@type\":\"EntryPoint\",\"urlTemplate\":\"http:\/\/vincentians.com\/es\/?s={search_term_string}\"},\"query-input\":{\"@type\":\"PropertyValueSpecification\",\"valueRequired\":true,\"valueName\":\"search_term_string\"}}],\"inLanguage\":\"es\"},{\"@type\":\"Organization\",\"@id\":\"http:\/\/vincentians.com\/es\/#organization\",\"name\":\"The Vincentian Network\",\"url\":\"http:\/\/vincentians.com\/es\/\",\"logo\":{\"@type\":\"ImageObject\",\"inLanguage\":\"es\",\"@id\":\"http:\/\/vincentians.com\/es\/#\/schema\/logo\/image\/\",\"url\":\"https:\/\/i1.wp.com\/vincentians.com\/es\/wp-content\/uploads\/sites\/11\/2016\/06\/Vincentian-Network-logo-big.png?fit=778%2C778\",\"contentUrl\":\"https:\/\/i1.wp.com\/vincentians.com\/es\/wp-content\/uploads\/sites\/11\/2016\/06\/Vincentian-Network-logo-big.png?fit=778%2C778\",\"width\":778,\"height\":778,\"caption\":\"The Vincentian Network\"},\"image\":{\"@id\":\"http:\/\/vincentians.com\/es\/#\/schema\/logo\/image\/\"},\"sameAs\":[\"https:\/\/www.facebook.com\/WeAreVincentians\/\",\"https:\/\/x.com\/WeVincentians\"]},{\"@type\":\"Person\",\"@id\":\"http:\/\/vincentians.com\/es\/#\/schema\/person\/9623ef4d9aa3b2dfb8c061f1499288f2\",\"name\":\"Francisco Javier Fern\u00e1ndez Chento\",\"image\":{\"@type\":\"ImageObject\",\"inLanguage\":\"es\",\"@id\":\"http:\/\/vincentians.com\/es\/#\/schema\/person\/image\/\",\"url\":\"https:\/\/secure.gravatar.com\/avatar\/497d5cde87b4c3d097d0315953521681ba2cd523ee66e5077c3711f7021e65de?s=96&d=mm&r=g\",\"contentUrl\":\"https:\/\/secure.gravatar.com\/avatar\/497d5cde87b4c3d097d0315953521681ba2cd523ee66e5077c3711f7021e65de?s=96&d=mm&r=g\",\"caption\":\"Francisco Javier Fern\u00e1ndez Chento\"},\"description\":\"Director General y cofundador de La Red de Formaci\u00f3n Vicenciana. Javier es laico vicenciano, afiliado a la Congregaci\u00f3n de la Misi\u00f3n y miembro del Equipo de Misiones Populares de la provincia can\u00f3nica de Zaragoza (Espa\u00f1a) de la Congregaci\u00f3n de la Misi\u00f3n. Graduado en la Universidad Oberta de Catalunya con cuatro grados (Asistente de direcci\u00f3n, Gesti\u00f3n Administrativa, Recursos Humanos y Contabilidad Avanzada). Bil\u00edng\u00fce Espa\u00f1ol\/Ingl\u00e9s. gestiona y mantiene varias p\u00e1ginas web cristianas y vicencianas, incluida including La Red de Formaci\u00f3n Vicenciana, de la que es cofundador. Actualmente es responsable del \u00e1rea de Espa\u00f1ol de .famvin, la Red de Noticias de la Familia Vicenciana. Tambi\u00e9n es m\u00fasico cat\u00f3lico y ha editado varios discos. Es Director General y cofundador de Trovador, una reconocida compa\u00f1\u00eda discogr\u00e1fica critiana de Espa\u00f1a. Trabaja en las Tecnolog\u00edas de la Informaci\u00f3n, ofreciendo servicios de alojamiento, dise\u00f1o y mantenimiento Web, as\u00ed como asesoramiento, formaci\u00f3n y soluciones inform\u00e1ticas, gesti\u00f3n documental y digitalizaci\u00f3n de textos, edici\u00f3n y maquetaci\u00f3n de libros, revistas, flyers, etc.\",\"sameAs\":[\"http:\/\/chento.org\",\"https:\/\/www.facebook.com\/JavierChento\",\"https:\/\/x.com\/https:\/\/twitter.com\/javierchento\"],\"url\":\"https:\/\/vincentians.com\/es\/author\/chento\/\"}]}<\/script>\n<!-- \/ Yoast SEO plugin. -->","yoast_head_json":{"title":"Un perfil heroico: santa Luisa de Marillac (06) - Somos Vicencianos","robots":{"index":"index","follow":"follow","max-snippet":"max-snippet:-1","max-image-preview":"max-image-preview:large","max-video-preview":"max-video-preview:-1"},"canonical":"https:\/\/vincentians.com\/es\/un-perfil-heroico-santa-luisa-de-marillac-06\/","og_locale":"es_ES","og_type":"article","og_title":"Un perfil heroico: santa Luisa de Marillac (06) - Somos Vicencianos","og_description":"ESOS que est\u00e1n cubiertos de blancas vestiduras, \u00bfqui\u00e9nes son y de d\u00f3nde han venido? (Apocalipsis, VII.) VICENTE de Pa\u00fal ha sido uno de los mayores dones que la ca\u00adridad y la misericordiosa de Dios han ... Read More","og_url":"https:\/\/vincentians.com\/es\/un-perfil-heroico-santa-luisa-de-marillac-06\/","og_site_name":"Somos Vicencianos","article_publisher":"https:\/\/www.facebook.com\/WeAreVincentians\/","article_author":"https:\/\/www.facebook.com\/JavierChento","article_published_time":"2015-02-28T04:45:12+00:00","article_modified_time":"2016-07-26T15:27:21+00:00","author":"Francisco Javier Fern\u00e1ndez Chento","twitter_card":"summary_large_image","twitter_creator":"@https:\/\/twitter.com\/javierchento","twitter_site":"@WeVincentians","twitter_misc":{"Escrito por":"Francisco Javier Fern\u00e1ndez Chento","Tiempo de lectura":"13 minutos"},"schema":{"@context":"https:\/\/schema.org","@graph":[{"@type":"Article","@id":"https:\/\/vincentians.com\/es\/un-perfil-heroico-santa-luisa-de-marillac-06\/#article","isPartOf":{"@id":"https:\/\/vincentians.com\/es\/un-perfil-heroico-santa-luisa-de-marillac-06\/"},"author":{"name":"Francisco Javier Fern\u00e1ndez Chento","@id":"http:\/\/vincentians.com\/es\/#\/schema\/person\/9623ef4d9aa3b2dfb8c061f1499288f2"},"headline":"Un perfil heroico: santa Luisa de Marillac (06)","datePublished":"2015-02-28T04:45:12+00:00","dateModified":"2016-07-26T15:27:21+00:00","mainEntityOfPage":{"@id":"https:\/\/vincentians.com\/es\/un-perfil-heroico-santa-luisa-de-marillac-06\/"},"wordCount":2570,"commentCount":0,"publisher":{"@id":"http:\/\/vincentians.com\/es\/#organization"},"image":{"@id":"https:\/\/vincentians.com\/es\/un-perfil-heroico-santa-luisa-de-marillac-06\/#primaryimage"},"thumbnailUrl":"","keywords":["Gondi","Madre Chantal"],"articleSection":["Luisa de Marillac"],"inLanguage":"es","potentialAction":[{"@type":"CommentAction","name":"Comment","target":["https:\/\/vincentians.com\/es\/un-perfil-heroico-santa-luisa-de-marillac-06\/#respond"]}]},{"@type":"WebPage","@id":"https:\/\/vincentians.com\/es\/un-perfil-heroico-santa-luisa-de-marillac-06\/","url":"https:\/\/vincentians.com\/es\/un-perfil-heroico-santa-luisa-de-marillac-06\/","name":"Un perfil heroico: santa Luisa de Marillac (06) - Somos Vicencianos","isPartOf":{"@id":"http:\/\/vincentians.com\/es\/#website"},"primaryImageOfPage":{"@id":"https:\/\/vincentians.com\/es\/un-perfil-heroico-santa-luisa-de-marillac-06\/#primaryimage"},"image":{"@id":"https:\/\/vincentians.com\/es\/un-perfil-heroico-santa-luisa-de-marillac-06\/#primaryimage"},"thumbnailUrl":"","datePublished":"2015-02-28T04:45:12+00:00","dateModified":"2016-07-26T15:27:21+00:00","breadcrumb":{"@id":"https:\/\/vincentians.com\/es\/un-perfil-heroico-santa-luisa-de-marillac-06\/#breadcrumb"},"inLanguage":"es","potentialAction":[{"@type":"ReadAction","target":["https:\/\/vincentians.com\/es\/un-perfil-heroico-santa-luisa-de-marillac-06\/"]}]},{"@type":"ImageObject","inLanguage":"es","@id":"https:\/\/vincentians.com\/es\/un-perfil-heroico-santa-luisa-de-marillac-06\/#primaryimage","url":"","contentUrl":""},{"@type":"BreadcrumbList","@id":"https:\/\/vincentians.com\/es\/un-perfil-heroico-santa-luisa-de-marillac-06\/#breadcrumb","itemListElement":[{"@type":"ListItem","position":1,"name":"Portada","item":"http:\/\/vincentians.com\/es\/"},{"@type":"ListItem","position":2,"name":"Un perfil heroico: santa Luisa de Marillac (06)"}]},{"@type":"WebSite","@id":"http:\/\/vincentians.com\/es\/#website","url":"http:\/\/vincentians.com\/es\/","name":"Somos Vicencianos","description":"Know more to serve more","publisher":{"@id":"http:\/\/vincentians.com\/es\/#organization"},"potentialAction":[{"@type":"SearchAction","target":{"@type":"EntryPoint","urlTemplate":"http:\/\/vincentians.com\/es\/?s={search_term_string}"},"query-input":{"@type":"PropertyValueSpecification","valueRequired":true,"valueName":"search_term_string"}}],"inLanguage":"es"},{"@type":"Organization","@id":"http:\/\/vincentians.com\/es\/#organization","name":"The Vincentian Network","url":"http:\/\/vincentians.com\/es\/","logo":{"@type":"ImageObject","inLanguage":"es","@id":"http:\/\/vincentians.com\/es\/#\/schema\/logo\/image\/","url":"https:\/\/i1.wp.com\/vincentians.com\/es\/wp-content\/uploads\/sites\/11\/2016\/06\/Vincentian-Network-logo-big.png?fit=778%2C778","contentUrl":"https:\/\/i1.wp.com\/vincentians.com\/es\/wp-content\/uploads\/sites\/11\/2016\/06\/Vincentian-Network-logo-big.png?fit=778%2C778","width":778,"height":778,"caption":"The Vincentian Network"},"image":{"@id":"http:\/\/vincentians.com\/es\/#\/schema\/logo\/image\/"},"sameAs":["https:\/\/www.facebook.com\/WeAreVincentians\/","https:\/\/x.com\/WeVincentians"]},{"@type":"Person","@id":"http:\/\/vincentians.com\/es\/#\/schema\/person\/9623ef4d9aa3b2dfb8c061f1499288f2","name":"Francisco Javier Fern\u00e1ndez Chento","image":{"@type":"ImageObject","inLanguage":"es","@id":"http:\/\/vincentians.com\/es\/#\/schema\/person\/image\/","url":"https:\/\/secure.gravatar.com\/avatar\/497d5cde87b4c3d097d0315953521681ba2cd523ee66e5077c3711f7021e65de?s=96&d=mm&r=g","contentUrl":"https:\/\/secure.gravatar.com\/avatar\/497d5cde87b4c3d097d0315953521681ba2cd523ee66e5077c3711f7021e65de?s=96&d=mm&r=g","caption":"Francisco Javier Fern\u00e1ndez Chento"},"description":"Director General y cofundador de La Red de Formaci\u00f3n Vicenciana. Javier es laico vicenciano, afiliado a la Congregaci\u00f3n de la Misi\u00f3n y miembro del Equipo de Misiones Populares de la provincia can\u00f3nica de Zaragoza (Espa\u00f1a) de la Congregaci\u00f3n de la Misi\u00f3n. Graduado en la Universidad Oberta de Catalunya con cuatro grados (Asistente de direcci\u00f3n, Gesti\u00f3n Administrativa, Recursos Humanos y Contabilidad Avanzada). Bil\u00edng\u00fce Espa\u00f1ol\/Ingl\u00e9s. gestiona y mantiene varias p\u00e1ginas web cristianas y vicencianas, incluida including La Red de Formaci\u00f3n Vicenciana, de la que es cofundador. Actualmente es responsable del \u00e1rea de Espa\u00f1ol de .famvin, la Red de Noticias de la Familia Vicenciana. Tambi\u00e9n es m\u00fasico cat\u00f3lico y ha editado varios discos. Es Director General y cofundador de Trovador, una reconocida compa\u00f1\u00eda discogr\u00e1fica critiana de Espa\u00f1a. Trabaja en las Tecnolog\u00edas de la Informaci\u00f3n, ofreciendo servicios de alojamiento, dise\u00f1o y mantenimiento Web, as\u00ed como asesoramiento, formaci\u00f3n y soluciones inform\u00e1ticas, gesti\u00f3n documental y digitalizaci\u00f3n de textos, edici\u00f3n y maquetaci\u00f3n de libros, revistas, flyers, etc.","sameAs":["http:\/\/chento.org","https:\/\/www.facebook.com\/JavierChento","https:\/\/x.com\/https:\/\/twitter.com\/javierchento"],"url":"https:\/\/vincentians.com\/es\/author\/chento\/"}]}},"jetpack_publicize_connections":[],"jetpack_featured_media_url":"","jetpack_sharing_enabled":true,"jetpack_shortlink":"https:\/\/wp.me\/p7ETMF-xSX","jetpack-related-posts":[{"id":125833,"url":"https:\/\/vincentians.com\/es\/san-vicente-de-paul-siervo-de-los-pobres-06\/","url_meta":{"origin":130259,"position":0},"title":"San Vicente de Pa\u00fal, siervo de los pobres (06)","author":"Francisco Javier Fern\u00e1ndez Chento","date":"01\/12\/2013","format":false,"excerpt":"VI. El encuentro con Luisa de Marillac (1624-1630) El encuentro con la Marillac Hac\u00eda unos quince a\u00f1os que florec\u00edan aquellas con\u00adfr\u00e9ries de la charit\u00e9, en las que las mujeres serv\u00edan a los pobres por amor a Dios y se santificaban sirviendo a los pobres. Surg\u00edan colaboradores del clero de gran\u2026","rel":"","context":"En \u00abVicente de Pa\u00fal\u00bb","block_context":{"text":"Vicente de Pa\u00fal","link":"https:\/\/vincentians.com\/es\/category\/la-familia-vicenciana\/fundadores\/vicente-de-paul\/"},"img":{"alt_text":"","src":"","width":0,"height":0},"classes":[]},{"id":387345,"url":"https:\/\/vincentians.com\/es\/fechas-en-la-vida-de-san-vicente\/","url_meta":{"origin":130259,"position":1},"title":"Fechas en la vida de San Vicente","author":"Francisco Javier Fern\u00e1ndez Chento","date":"21\/12\/2017","format":false,"excerpt":"1581: En Pouy (Landas) nace Vicente de Pa\u00fal, tercer hijo de la familia de Pa\u00fal. 1595: Vicente sale de Pouy para ir a Dax, donde vivir\u00e1 en casa del Se\u00f1or de Comet, abogado en Dax y juez en Pouy. Cursa estudios en el colegio de los Franciscanos. 1596: Vicente inicia\u2026","rel":"","context":"En \u00abVicente de Pa\u00fal\u00bb","block_context":{"text":"Vicente de Pa\u00fal","link":"https:\/\/vincentians.com\/es\/category\/la-familia-vicenciana\/fundadores\/vicente-de-paul\/"},"img":{"alt_text":"","src":"https:\/\/i0.wp.com\/vincentians.com\/es\/wp-content\/uploads\/sites\/11\/2016\/08\/con-damas-de-la-caridad.jpg?fit=1200%2C630&ssl=1&resize=350%2C200","width":350,"height":200,"srcset":"https:\/\/i0.wp.com\/vincentians.com\/es\/wp-content\/uploads\/sites\/11\/2016\/08\/con-damas-de-la-caridad.jpg?fit=1200%2C630&ssl=1&resize=350%2C200 1x, https:\/\/i0.wp.com\/vincentians.com\/es\/wp-content\/uploads\/sites\/11\/2016\/08\/con-damas-de-la-caridad.jpg?fit=1200%2C630&ssl=1&resize=525%2C300 1.5x, https:\/\/i0.wp.com\/vincentians.com\/es\/wp-content\/uploads\/sites\/11\/2016\/08\/con-damas-de-la-caridad.jpg?fit=1200%2C630&ssl=1&resize=700%2C400 2x, https:\/\/i0.wp.com\/vincentians.com\/es\/wp-content\/uploads\/sites\/11\/2016\/08\/con-damas-de-la-caridad.jpg?fit=1200%2C630&ssl=1&resize=1050%2C600 3x"},"classes":[]},{"id":387860,"url":"https:\/\/vincentians.com\/es\/san-vicente-amigo-de-los-pobres-anos-de-consolidacion-1625-1633\/","url_meta":{"origin":130259,"position":2},"title":"San Vicente: Amigo de los pobres: a\u00f1os de consolidaci\u00f3n (1625-1633)","author":"Mitxel Olabu\u00e9naga","date":"14\/10\/2016","format":false,"excerpt":"Las misiones El contrato de fundaci\u00f3n Vamos a entrar en la casa de los Gondi, en la calle Pa\u00ady\u00e9, en Par\u00eds, el 17 de abril de 1625. Poco despu\u00e9s de mediod\u00eda, se re\u00fanen los esposos, dos notarios y el capell\u00e1n. En sencilla cere\u00admonia, leen y firman un contrato. Vicente traz\u00f3\u2026","rel":"","context":"En \u00abFormaci\u00f3n Vicenciana\u00bb","block_context":{"text":"Formaci\u00f3n Vicenciana","link":"https:\/\/vincentians.com\/es\/category\/formacion-vicenciana\/"},"img":{"alt_text":"","src":"https:\/\/i0.wp.com\/vincentians.com\/es\/wp-content\/uploads\/sites\/11\/2016\/07\/st-vincent-de-paul.jpg?fit=1200%2C630&ssl=1&resize=350%2C200","width":350,"height":200,"srcset":"https:\/\/i0.wp.com\/vincentians.com\/es\/wp-content\/uploads\/sites\/11\/2016\/07\/st-vincent-de-paul.jpg?fit=1200%2C630&ssl=1&resize=350%2C200 1x, https:\/\/i0.wp.com\/vincentians.com\/es\/wp-content\/uploads\/sites\/11\/2016\/07\/st-vincent-de-paul.jpg?fit=1200%2C630&ssl=1&resize=525%2C300 1.5x, https:\/\/i0.wp.com\/vincentians.com\/es\/wp-content\/uploads\/sites\/11\/2016\/07\/st-vincent-de-paul.jpg?fit=1200%2C630&ssl=1&resize=700%2C400 2x, https:\/\/i0.wp.com\/vincentians.com\/es\/wp-content\/uploads\/sites\/11\/2016\/07\/st-vincent-de-paul.jpg?fit=1200%2C630&ssl=1&resize=1050%2C600 3x"},"classes":[]},{"id":119413,"url":"https:\/\/vincentians.com\/es\/san-vicente-de-paul-fundador\/","url_meta":{"origin":130259,"position":3},"title":"San Vicente de Pa\u00fal, fundador","author":"Francisco Javier Fern\u00e1ndez Chento","date":"06\/04\/2013","format":false,"excerpt":"La Comunidad de las Hijas de la Caridad y su estilo emi\u00adnentemente apost\u00f3lico, no han sido creaciones espont\u00e1neas, que podr\u00edan estudiarse y profundizar independientemente de todo con\u00adtexto. Antes de ser una Instituci\u00f3n, fue una etapa en el recorrido de Vicente de Pa\u00fal. Pero, para hacernos una idea justa de la\u2026","rel":"","context":"En \u00abFormaci\u00f3n Vicenciana\u00bb","block_context":{"text":"Formaci\u00f3n Vicenciana","link":"https:\/\/vincentians.com\/es\/category\/formacion-vicenciana\/"},"img":{"alt_text":"","src":"https:\/\/i0.wp.com\/vicencianos.org\/wp-content\/2012\/07\/saint-vincent-de-paul-111-197x300.jpg?resize=350%2C200","width":350,"height":200},"classes":[]},{"id":129146,"url":"https:\/\/vincentians.com\/es\/la-aprobacion-frustrada-de-la-compania\/","url_meta":{"origin":130259,"position":4},"title":"La aprobaci\u00f3n frustrada de la Compa\u00f1\u00eda","author":"Francisco Javier Fern\u00e1ndez Chento","date":"21\/06\/2025","format":false,"excerpt":"Los antecedentes Desde 1636, y con m\u00e1s realidad desde 1639, las Hijas de la Caridad ten\u00edan una exis\u00adtencia aut\u00f3noma y, en el gobierno de la Compa\u00f1\u00eda, eran independientes de hecho de las se\u00ad\u00f1oras de las Caridades. Desde 1640, los fundadores hab\u00edan ido dando a la Compa\u00f1\u00eda una organizaci\u00f3n y unas\u2026","rel":"","context":"En \u00abFormaci\u00f3n Vicenciana\u00bb","block_context":{"text":"Formaci\u00f3n Vicenciana","link":"https:\/\/vincentians.com\/es\/category\/formacion-vicenciana\/"},"img":{"alt_text":"","src":"https:\/\/i0.wp.com\/vincentians.com\/es\/wp-content\/uploads\/sites\/11\/2016\/10\/ranquines.jpg?fit=1200%2C630&ssl=1&resize=350%2C200","width":350,"height":200,"srcset":"https:\/\/i0.wp.com\/vincentians.com\/es\/wp-content\/uploads\/sites\/11\/2016\/10\/ranquines.jpg?fit=1200%2C630&ssl=1&resize=350%2C200 1x, https:\/\/i0.wp.com\/vincentians.com\/es\/wp-content\/uploads\/sites\/11\/2016\/10\/ranquines.jpg?fit=1200%2C630&ssl=1&resize=525%2C300 1.5x, https:\/\/i0.wp.com\/vincentians.com\/es\/wp-content\/uploads\/sites\/11\/2016\/10\/ranquines.jpg?fit=1200%2C630&ssl=1&resize=700%2C400 2x, https:\/\/i0.wp.com\/vincentians.com\/es\/wp-content\/uploads\/sites\/11\/2016\/10\/ranquines.jpg?fit=1200%2C630&ssl=1&resize=1050%2C600 3x"},"classes":[]},{"id":103862,"url":"https:\/\/vincentians.com\/es\/vicente-de-paul-carta-0967-luisa-de-marillac-a-san-vicente\/","url_meta":{"origin":130259,"position":5},"title":"Vicente de Pa\u00fal, Carta 0967: Luisa De Marillac A San Vicente","author":"Francisco Javier Fern\u00e1ndez Chento","date":"14\/09\/2012","format":false,"excerpt":"10 marzo [1647] Padre: El ajetreo en que usted se encuentra con tanta gente en su casa me impide enviarle la carta del se\u00f1or des Jonch\u00e8res, teniendo adem\u00e1s algunas otras cosas que tratar con su caridad para que me aconseje. No creo que lo que dijo mi hijo fuera mal\u2026","rel":"","context":"En \u00abEscritos de Vicente de Pa\u00fal\u00bb","block_context":{"text":"Escritos de Vicente de Pa\u00fal","link":"https:\/\/vincentians.com\/es\/category\/escritos\/escritos-de-vicente-de-paul\/"},"img":{"alt_text":"","src":"https:\/\/i0.wp.com\/vincentians.com\/es\/wp-content\/uploads\/sites\/11\/2016\/07\/escritos-vicente-de-paul.jpg?fit=1200%2C630&ssl=1&resize=350%2C200","width":350,"height":200,"srcset":"https:\/\/i0.wp.com\/vincentians.com\/es\/wp-content\/uploads\/sites\/11\/2016\/07\/escritos-vicente-de-paul.jpg?fit=1200%2C630&ssl=1&resize=350%2C200 1x, https:\/\/i0.wp.com\/vincentians.com\/es\/wp-content\/uploads\/sites\/11\/2016\/07\/escritos-vicente-de-paul.jpg?fit=1200%2C630&ssl=1&resize=525%2C300 1.5x, https:\/\/i0.wp.com\/vincentians.com\/es\/wp-content\/uploads\/sites\/11\/2016\/07\/escritos-vicente-de-paul.jpg?fit=1200%2C630&ssl=1&resize=700%2C400 2x, https:\/\/i0.wp.com\/vincentians.com\/es\/wp-content\/uploads\/sites\/11\/2016\/07\/escritos-vicente-de-paul.jpg?fit=1200%2C630&ssl=1&resize=1050%2C600 3x"},"classes":[]}],"_links":{"self":[{"href":"https:\/\/vincentians.com\/es\/wp-json\/wp\/v2\/posts\/130259","targetHints":{"allow":["GET"]}}],"collection":[{"href":"https:\/\/vincentians.com\/es\/wp-json\/wp\/v2\/posts"}],"about":[{"href":"https:\/\/vincentians.com\/es\/wp-json\/wp\/v2\/types\/post"}],"author":[{"embeddable":true,"href":"https:\/\/vincentians.com\/es\/wp-json\/wp\/v2\/users\/4"}],"replies":[{"embeddable":true,"href":"https:\/\/vincentians.com\/es\/wp-json\/wp\/v2\/comments?post=130259"}],"version-history":[{"count":0,"href":"https:\/\/vincentians.com\/es\/wp-json\/wp\/v2\/posts\/130259\/revisions"}],"wp:featuredmedia":[{"embeddable":true,"href":"https:\/\/vincentians.com\/es\/wp-json\/"}],"wp:attachment":[{"href":"https:\/\/vincentians.com\/es\/wp-json\/wp\/v2\/media?parent=130259"}],"wp:term":[{"taxonomy":"category","embeddable":true,"href":"https:\/\/vincentians.com\/es\/wp-json\/wp\/v2\/categories?post=130259"},{"taxonomy":"post_tag","embeddable":true,"href":"https:\/\/vincentians.com\/es\/wp-json\/wp\/v2\/tags?post=130259"}],"curies":[{"name":"wp","href":"https:\/\/api.w.org\/{rel}","templated":true}]}}