{"id":130257,"date":"2015-02-27T08:43:22","date_gmt":"2015-02-27T07:43:22","guid":{"rendered":"http:\/\/somos.vicencianos.org\/?p=130257"},"modified":"2016-07-26T17:27:21","modified_gmt":"2016-07-26T15:27:21","slug":"un-perfil-heroico-santa-luisa-de-marillac-05","status":"publish","type":"post","link":"https:\/\/vincentians.com\/es\/un-perfil-heroico-santa-luisa-de-marillac-05\/","title":{"rendered":"Un perfil heroico: santa Luisa de Marillac (05)"},"content":{"rendered":"<p>PARA que sepas d\u00f3nde est\u00e1 la vida<br \/>\ny la luz de tus ojos,<br \/>\ny la paz.<br \/>\n(Baruc, III.)<\/p>\n<p><a href=\"https:\/\/i0.wp.com\/vicencianos.org\/wp-content\/2014\/04\/louise-marillac.jpg\"><img data-recalc-dims=\"1\" loading=\"lazy\" decoding=\"async\" class=\"alignright size-medium wp-image-140652\" src=\"https:\/\/i0.wp.com\/vicencianos.org\/wp-content\/2014\/04\/louise-marillac-300x248.jpg?resize=300%2C248\" alt=\"OLYMPUS DIGITAL CAMERA\" width=\"300\" height=\"248\" \/><\/a>\u00ab&#8230;se me asegur\u00f3 que deb\u00eda reposar en la idea de que Dios me dar\u00eda un director que me hiciera ver clara la situaci\u00f3n de mi alma; sin embargo, me parec\u00eda que este director, desconocido para m\u00ed en esos momentos, me iba a producir repugnancia al aceptarlo. No obstante, acept\u00e9&#8230;\u00bb<\/p>\n<p>As\u00ed anota Luisa de Marillac su impresi\u00f3n personal del d\u00eda de Pente\u00adcost\u00e9s de 1623. Ella misma nos da a conocer hasta qu\u00e9 punto le preocupa\u00adban las necesidades de su alma. En una mirada ligera Luisa se nos apa\u00adrece como un alma sujeta a las insinuaciones del Esp\u00edritu Santo, mas presa. en cierto modo, del parecer de sus directores. \u00bfEra nuestra santa un alma remisa, necesitada siempre de los cuidados ajenos, incapaz de tomar por s\u00ed misma una resoluci\u00f3n o de entrever claramente su situaci\u00f3n espiritual? (Lo que queda perfectamente en claro, en esta aparente ago\u00adn\u00eda de su vida, es la hermosa limpidez de su alma, la sed insaciable \u00abde Dios).<\/p>\n<p>Hasta poco antes de la muerte de su esposo la direcci\u00f3n espiritual de Luisa hab\u00eda estado a cargo de dos hombres eminentes. San Francisco de Sales, el dulce Obispo le Ginebra, que habr\u00eda de imprimir en su esp\u00edritu las m\u00e1ximas de su piedad persuasiva, aut\u00e9nticamente cristiana. Bien pudo aplicar a Santa Luisa las mismas palabras que dirigi\u00f3 a la madre Chantal:<\/p>\n<p>\u00abNo aprision\u00e9is, hija m\u00eda, vuestro coraz\u00f3n en ardientes de\u00adseos de perfecci\u00f3n. Caminemos por el camino de ese amor esen\u00adcial, fuerte e insaciable donde nos tiene Dios, y dejemos correr aqu\u00ed y all\u00e1 los fantasmas de las tentaciones que se atraviesen en el camino. Os recomiendo la sencillez, que es una virtud amable y agradable a Dios&#8230;\u00bb<\/p>\n<p>Monse\u00f1or de Ginebra debi\u00f3 amar con predilecci\u00f3n el alma de Luisa; adivin\u00f3, con su instinto sutil para la santidad, que el Se\u00f1or hab\u00eda puesto en ella un sello indeleble de pertenencia, y adivin\u00f3 tambi\u00e9n que se deba\u00adt\u00eda angustiosamente por la misma causa, por dar a Dios la bella y her\u00admosa respuesta que significara la entrega de la vida misma.<\/p>\n<p>M\u00e1s tarde, ausente Francisco de Sales, encomend\u00f3 la direcci\u00f3n de Luisa a Monse\u00f1or Camus, Obispo de Belley, m\u00e1s famoso hoy por la di\u00adrecci\u00f3n de nuestra santa que por sus floridos sermones en el p\u00falpito de Nuestra Se\u00f1ora de Par\u00eds, donde despleg\u00f3 sus grandes dotes oratorias que hoy nadie recuerda, aunque admiraron al Par\u00eds piadoso de su siglo. De las notas y cartas que existen se deduce que Monse\u00f1or Camus fue para Luisa un padre cari\u00f1oso, compadecido de las alternativas angustiosas de su esp\u00edritu, ocupado siempre en refrenar los excesivos ardores de su piedad. Sus palabras iban dirigidas a llevar la paz al alma de Luisa, mas solamente por medio del abandono, de la esperanza en Dios. As\u00ed se des\u00adprende de la carta que le dirigi\u00f3 con motivo de la enfermedad de su esposo:<\/p>\n<p>\u00ab&#8230;compadezco vuestra tribulaci\u00f3n por la enfermedad de vues\u00adtro esposo. Y, sin embargo, he ah\u00ed vuestra cruz. \u00bfY por qu\u00e9 me compadezco de verla sobre las espaldas de una hija de la cruz? Para llevarla no os falta direcci\u00f3n, ni libros, ni consejos, ni esp\u00edritu.\u00bb<\/p>\n<p>Y con ocasi\u00f3n de una de sus ausencias de Par\u00eds, cuando ya declinaba verdaderamente la salud del se\u00f1or Legras, escribe con su estilo ampuloso y florido:<\/p>\n<p>\u00ab&#8230;\u00a1 Oh Dios m\u00edo, querida hija m\u00eda! Vuestro esposo tan ama\u00addo ha pensado morir, y este pobre padre vuestro no ir\u00e1 a Par\u00eds este invierno. No suspir\u00e9is por vos, hija m\u00eda, sino por m\u00ed, que, separado de mi pa\u00eds y de los m\u00edos, estoy relegado a un des\u00adtierro que no tiene nada de amable, si no es la amable voluntad de Aquel que todo lo hace amable. \u00a1Oh Jes\u00fas, amor de nuestras almas, conservad a mi hija querida, bendecidla con vuestra dulce mano, juntamente con su marido y su hijo; dirigid vuestros con\u00adsuelos a esta alma, que estimo en la medida que Vos conoc\u00e9is, oh divino Salvador m\u00edo, puesto que en Vos le soy humilde hermano y servidor!\u00bb<\/p>\n<p>Como puede verse, esta direcci\u00f3n, m\u00e1s a prop\u00f3sito para mantener es\u00adp\u00edritus templados que para deshacer inquietudes, no era la apropiada para el interior de Luisa, complejo y simple a la vez; complejo, porque en \u00e9l pugnaban su temperamento, sus inquietudes, sus escr\u00fapulos; simple, por la hermosa sencillez de su alma, que se dirig\u00eda irresistiblemente a su Dios.<\/p>\n<p>La direcci\u00f3n que sobre ella hab\u00eda impreso San Francisco de Sales, aunque acertada, fue m\u00e1s bien espor\u00e1dica y ocasional. Sabemos que Luisa le llamaba siempre \u00abmi bienaventurado padre\u00bb, y que, a trav\u00e9s de sus escritos, revela una grand\u00edsima estima por la cantidad de sus ense\u00f1anzas y de su trato, siempre dulce y afable. El fundador de la Visitaci\u00f3n ha\u00adb\u00eda calmado muchas veces, con su amable serenidad, las torturas del esp\u00ed\u00adritu de Luisa. Pero en los momentos de mayor crisis para ella este santo Obispo gozaba ya de la bienaventuranza eterna, y \u00fanicamente desde el cielo pod\u00eda rogar por ella.<\/p>\n<p>Esta digresi\u00f3n en torno a los directores de conciencia de Luisa de Marillac no es inoportuna. Porque el escollo con que han tropezado siem\u00adpre el bi\u00f3grafo y el lector de su vida ha sido la gran encrucijada de donde arranca la santidad eminente de Luisa, ya perfilada. Los rasgos de su personalidad est\u00e1n sobradamente dibujados en los a\u00f1os de su ni\u00f1ez, en su adolescencia y en su juventud. Ella misma ha dise\u00f1ado su figura en\u00e9rgica, mirando cara a cara la imagen de Jesucristo y procurando tra\u00adzar, no los rasgos gloriosos de su Humanidad Santa, sino los que impri\u00adme la verdadera mortificaci\u00f3n cristiana. Se adivina, a trav\u00e9s de las l\u00edneas de su fisonom\u00eda a\u00fan no acabada, una fortaleza heroica, un temple exqui\u00adsito para la obediencia a las llamadas divinas, una capacidad sin medida para el sufrimiento.<\/p>\n<p>Dios es cauteloso en el cuidado de nuestras almas. Nos parece que duerme junto a nosotros, pero vigila para hacer su obra en torno a ese peque\u00f1o ser, infinitamente amado por \u00c9l, que es el hombre.<\/p>\n<p>Y la hora definitiva hab\u00eda sonado para Luisa. Dios le hab\u00eda dicho en todos los momentos cruciales de su vida: \u00abDame tu obediencia, dame tu voluntad, y yo har\u00e9 en ti todo lo dem\u00e1s\u00bb. El aviso recibido, por inspira\u00adci\u00f3n divina, el d\u00eda de Pentecost\u00e9s: \u00ab&#8230;que tendr\u00eda un nuevo director de conciencia, si bien sentir\u00eda cierta repugnancia en aceptarlo\u00bb, era para ella el camino de predestinaci\u00f3n gloriosa a que Dios la llamaba.<\/p>\n<p>Este nuevo director, que iba a cambiar el curso de su vida, de acuerdo perfecto con las inspiraciones divinas, era San Vicente de Pa\u00fal. Vicente de Pa\u00fal, en lo humano, era el reverso de los anteriores directores de su alma. Aquellos dos pr\u00edncipes de la Iglesia, Francisco de Sales y Alberto Camus, de familias distinguidas, famosos por sus predicaciones, que fue\u00adron el centro de atracci\u00f3n de los selectos de esp\u00edritu, ced\u00edan el puesto, junto a Luisa, a Vicente de Pa\u00fal, capell\u00e1n de la casa de los se\u00f1ores de Gondi, antiguo p\u00e1rroco de la aldea de Clichy, de humilde ascendencia, pero que iba a dar al mundo, de la manera m\u00e1s conforme al coraz\u00f3n de Cristo, la lecci\u00f3n sublime de la caridad.<\/p>\n","protected":false},"excerpt":{"rendered":"<p>PARA que sepas d\u00f3nde est\u00e1 la vida y la luz de tus ojos, y la paz. (Baruc, III.) \u00ab&#8230;se me asegur\u00f3 que deb\u00eda reposar en la idea de que Dios me dar\u00eda un director que &#8230; <a href=\"https:\/\/vincentians.com\/es\/un-perfil-heroico-santa-luisa-de-marillac-05\/\" class=\"more-link\">Read More<\/a><\/p>\n","protected":false},"author":4,"featured_media":140652,"comment_status":"open","ping_status":"open","sticky":false,"template":"","format":"standard","meta":{"jetpack_post_was_ever_published":false,"_jetpack_newsletter_access":"","_jetpack_dont_email_post_to_subs":false,"_jetpack_newsletter_tier_id":0,"_jetpack_memberships_contains_paywalled_content":false,"_jetpack_memberships_contains_paid_content":false,"footnotes":"","jetpack_publicize_message":"","jetpack_publicize_feature_enabled":true,"jetpack_social_post_already_shared":true,"jetpack_social_options":{"image_generator_settings":{"template":"highway","default_image_id":0,"font":"","enabled":false},"version":2}},"categories":[18],"tags":[148,119,256],"class_list":["post-130257","post","type-post","status-publish","format-standard","has-post-thumbnail","hentry","category-luisa-de-marillac","tag-clichy","tag-gondi","tag-madre-chantal"],"yoast_head":"<!-- This site is optimized with the Yoast SEO plugin v26.3 - https:\/\/yoast.com\/wordpress\/plugins\/seo\/ -->\n<title>Un perfil heroico: santa Luisa de Marillac (05) - Somos Vicencianos<\/title>\n<meta name=\"robots\" content=\"index, follow, max-snippet:-1, max-image-preview:large, max-video-preview:-1\" \/>\n<link rel=\"canonical\" href=\"https:\/\/vincentians.com\/es\/un-perfil-heroico-santa-luisa-de-marillac-05\/\" \/>\n<meta property=\"og:locale\" content=\"es_ES\" \/>\n<meta property=\"og:type\" content=\"article\" \/>\n<meta property=\"og:title\" content=\"Un perfil heroico: santa Luisa de Marillac (05) - Somos Vicencianos\" \/>\n<meta property=\"og:description\" content=\"PARA que sepas d\u00f3nde est\u00e1 la vida y la luz de tus ojos, y la paz. (Baruc, III.) \u00ab&#8230;se me asegur\u00f3 que deb\u00eda reposar en la idea de que Dios me dar\u00eda un director que ... Read More\" \/>\n<meta property=\"og:url\" content=\"https:\/\/vincentians.com\/es\/un-perfil-heroico-santa-luisa-de-marillac-05\/\" \/>\n<meta property=\"og:site_name\" content=\"Somos Vicencianos\" \/>\n<meta property=\"article:publisher\" content=\"https:\/\/www.facebook.com\/WeAreVincentians\/\" \/>\n<meta property=\"article:author\" content=\"https:\/\/www.facebook.com\/JavierChento\" \/>\n<meta property=\"article:published_time\" content=\"2015-02-27T07:43:22+00:00\" \/>\n<meta property=\"article:modified_time\" content=\"2016-07-26T15:27:21+00:00\" \/>\n<meta name=\"author\" content=\"Francisco Javier Fern\u00e1ndez Chento\" \/>\n<meta name=\"twitter:card\" content=\"summary_large_image\" \/>\n<meta name=\"twitter:creator\" content=\"@https:\/\/twitter.com\/javierchento\" \/>\n<meta name=\"twitter:site\" content=\"@WeVincentians\" \/>\n<meta name=\"twitter:label1\" content=\"Escrito por\" \/>\n\t<meta name=\"twitter:data1\" content=\"Francisco Javier Fern\u00e1ndez Chento\" \/>\n\t<meta name=\"twitter:label2\" content=\"Tiempo de lectura\" \/>\n\t<meta name=\"twitter:data2\" content=\"7 minutos\" \/>\n<script type=\"application\/ld+json\" class=\"yoast-schema-graph\">{\"@context\":\"https:\/\/schema.org\",\"@graph\":[{\"@type\":\"Article\",\"@id\":\"https:\/\/vincentians.com\/es\/un-perfil-heroico-santa-luisa-de-marillac-05\/#article\",\"isPartOf\":{\"@id\":\"https:\/\/vincentians.com\/es\/un-perfil-heroico-santa-luisa-de-marillac-05\/\"},\"author\":{\"name\":\"Francisco Javier Fern\u00e1ndez Chento\",\"@id\":\"http:\/\/vincentians.com\/es\/#\/schema\/person\/9623ef4d9aa3b2dfb8c061f1499288f2\"},\"headline\":\"Un perfil heroico: santa Luisa de Marillac (05)\",\"datePublished\":\"2015-02-27T07:43:22+00:00\",\"dateModified\":\"2016-07-26T15:27:21+00:00\",\"mainEntityOfPage\":{\"@id\":\"https:\/\/vincentians.com\/es\/un-perfil-heroico-santa-luisa-de-marillac-05\/\"},\"wordCount\":1328,\"commentCount\":0,\"publisher\":{\"@id\":\"http:\/\/vincentians.com\/es\/#organization\"},\"image\":{\"@id\":\"https:\/\/vincentians.com\/es\/un-perfil-heroico-santa-luisa-de-marillac-05\/#primaryimage\"},\"thumbnailUrl\":\"\",\"keywords\":[\"Clichy\",\"Gondi\",\"Madre Chantal\"],\"articleSection\":[\"Luisa de Marillac\"],\"inLanguage\":\"es\",\"potentialAction\":[{\"@type\":\"CommentAction\",\"name\":\"Comment\",\"target\":[\"https:\/\/vincentians.com\/es\/un-perfil-heroico-santa-luisa-de-marillac-05\/#respond\"]}]},{\"@type\":\"WebPage\",\"@id\":\"https:\/\/vincentians.com\/es\/un-perfil-heroico-santa-luisa-de-marillac-05\/\",\"url\":\"https:\/\/vincentians.com\/es\/un-perfil-heroico-santa-luisa-de-marillac-05\/\",\"name\":\"Un perfil heroico: santa Luisa de Marillac (05) - Somos Vicencianos\",\"isPartOf\":{\"@id\":\"http:\/\/vincentians.com\/es\/#website\"},\"primaryImageOfPage\":{\"@id\":\"https:\/\/vincentians.com\/es\/un-perfil-heroico-santa-luisa-de-marillac-05\/#primaryimage\"},\"image\":{\"@id\":\"https:\/\/vincentians.com\/es\/un-perfil-heroico-santa-luisa-de-marillac-05\/#primaryimage\"},\"thumbnailUrl\":\"\",\"datePublished\":\"2015-02-27T07:43:22+00:00\",\"dateModified\":\"2016-07-26T15:27:21+00:00\",\"breadcrumb\":{\"@id\":\"https:\/\/vincentians.com\/es\/un-perfil-heroico-santa-luisa-de-marillac-05\/#breadcrumb\"},\"inLanguage\":\"es\",\"potentialAction\":[{\"@type\":\"ReadAction\",\"target\":[\"https:\/\/vincentians.com\/es\/un-perfil-heroico-santa-luisa-de-marillac-05\/\"]}]},{\"@type\":\"ImageObject\",\"inLanguage\":\"es\",\"@id\":\"https:\/\/vincentians.com\/es\/un-perfil-heroico-santa-luisa-de-marillac-05\/#primaryimage\",\"url\":\"\",\"contentUrl\":\"\"},{\"@type\":\"BreadcrumbList\",\"@id\":\"https:\/\/vincentians.com\/es\/un-perfil-heroico-santa-luisa-de-marillac-05\/#breadcrumb\",\"itemListElement\":[{\"@type\":\"ListItem\",\"position\":1,\"name\":\"Portada\",\"item\":\"http:\/\/vincentians.com\/es\/\"},{\"@type\":\"ListItem\",\"position\":2,\"name\":\"Un perfil heroico: santa Luisa de Marillac (05)\"}]},{\"@type\":\"WebSite\",\"@id\":\"http:\/\/vincentians.com\/es\/#website\",\"url\":\"http:\/\/vincentians.com\/es\/\",\"name\":\"Somos Vicencianos\",\"description\":\"Know more to serve more\",\"publisher\":{\"@id\":\"http:\/\/vincentians.com\/es\/#organization\"},\"potentialAction\":[{\"@type\":\"SearchAction\",\"target\":{\"@type\":\"EntryPoint\",\"urlTemplate\":\"http:\/\/vincentians.com\/es\/?s={search_term_string}\"},\"query-input\":{\"@type\":\"PropertyValueSpecification\",\"valueRequired\":true,\"valueName\":\"search_term_string\"}}],\"inLanguage\":\"es\"},{\"@type\":\"Organization\",\"@id\":\"http:\/\/vincentians.com\/es\/#organization\",\"name\":\"The Vincentian Network\",\"url\":\"http:\/\/vincentians.com\/es\/\",\"logo\":{\"@type\":\"ImageObject\",\"inLanguage\":\"es\",\"@id\":\"http:\/\/vincentians.com\/es\/#\/schema\/logo\/image\/\",\"url\":\"https:\/\/i1.wp.com\/vincentians.com\/es\/wp-content\/uploads\/sites\/11\/2016\/06\/Vincentian-Network-logo-big.png?fit=778%2C778\",\"contentUrl\":\"https:\/\/i1.wp.com\/vincentians.com\/es\/wp-content\/uploads\/sites\/11\/2016\/06\/Vincentian-Network-logo-big.png?fit=778%2C778\",\"width\":778,\"height\":778,\"caption\":\"The Vincentian Network\"},\"image\":{\"@id\":\"http:\/\/vincentians.com\/es\/#\/schema\/logo\/image\/\"},\"sameAs\":[\"https:\/\/www.facebook.com\/WeAreVincentians\/\",\"https:\/\/x.com\/WeVincentians\"]},{\"@type\":\"Person\",\"@id\":\"http:\/\/vincentians.com\/es\/#\/schema\/person\/9623ef4d9aa3b2dfb8c061f1499288f2\",\"name\":\"Francisco Javier Fern\u00e1ndez Chento\",\"image\":{\"@type\":\"ImageObject\",\"inLanguage\":\"es\",\"@id\":\"http:\/\/vincentians.com\/es\/#\/schema\/person\/image\/\",\"url\":\"https:\/\/secure.gravatar.com\/avatar\/497d5cde87b4c3d097d0315953521681ba2cd523ee66e5077c3711f7021e65de?s=96&d=mm&r=g\",\"contentUrl\":\"https:\/\/secure.gravatar.com\/avatar\/497d5cde87b4c3d097d0315953521681ba2cd523ee66e5077c3711f7021e65de?s=96&d=mm&r=g\",\"caption\":\"Francisco Javier Fern\u00e1ndez Chento\"},\"description\":\"Director General y cofundador de La Red de Formaci\u00f3n Vicenciana. Javier es laico vicenciano, afiliado a la Congregaci\u00f3n de la Misi\u00f3n y miembro del Equipo de Misiones Populares de la provincia can\u00f3nica de Zaragoza (Espa\u00f1a) de la Congregaci\u00f3n de la Misi\u00f3n. Graduado en la Universidad Oberta de Catalunya con cuatro grados (Asistente de direcci\u00f3n, Gesti\u00f3n Administrativa, Recursos Humanos y Contabilidad Avanzada). Bil\u00edng\u00fce Espa\u00f1ol\/Ingl\u00e9s. gestiona y mantiene varias p\u00e1ginas web cristianas y vicencianas, incluida including La Red de Formaci\u00f3n Vicenciana, de la que es cofundador. Actualmente es responsable del \u00e1rea de Espa\u00f1ol de .famvin, la Red de Noticias de la Familia Vicenciana. Tambi\u00e9n es m\u00fasico cat\u00f3lico y ha editado varios discos. Es Director General y cofundador de Trovador, una reconocida compa\u00f1\u00eda discogr\u00e1fica critiana de Espa\u00f1a. Trabaja en las Tecnolog\u00edas de la Informaci\u00f3n, ofreciendo servicios de alojamiento, dise\u00f1o y mantenimiento Web, as\u00ed como asesoramiento, formaci\u00f3n y soluciones inform\u00e1ticas, gesti\u00f3n documental y digitalizaci\u00f3n de textos, edici\u00f3n y maquetaci\u00f3n de libros, revistas, flyers, etc.\",\"sameAs\":[\"http:\/\/chento.org\",\"https:\/\/www.facebook.com\/JavierChento\",\"https:\/\/x.com\/https:\/\/twitter.com\/javierchento\"],\"url\":\"https:\/\/vincentians.com\/es\/author\/chento\/\"}]}<\/script>\n<!-- \/ Yoast SEO plugin. -->","yoast_head_json":{"title":"Un perfil heroico: santa Luisa de Marillac (05) - Somos Vicencianos","robots":{"index":"index","follow":"follow","max-snippet":"max-snippet:-1","max-image-preview":"max-image-preview:large","max-video-preview":"max-video-preview:-1"},"canonical":"https:\/\/vincentians.com\/es\/un-perfil-heroico-santa-luisa-de-marillac-05\/","og_locale":"es_ES","og_type":"article","og_title":"Un perfil heroico: santa Luisa de Marillac (05) - Somos Vicencianos","og_description":"PARA que sepas d\u00f3nde est\u00e1 la vida y la luz de tus ojos, y la paz. (Baruc, III.) \u00ab&#8230;se me asegur\u00f3 que deb\u00eda reposar en la idea de que Dios me dar\u00eda un director que ... Read More","og_url":"https:\/\/vincentians.com\/es\/un-perfil-heroico-santa-luisa-de-marillac-05\/","og_site_name":"Somos Vicencianos","article_publisher":"https:\/\/www.facebook.com\/WeAreVincentians\/","article_author":"https:\/\/www.facebook.com\/JavierChento","article_published_time":"2015-02-27T07:43:22+00:00","article_modified_time":"2016-07-26T15:27:21+00:00","author":"Francisco Javier Fern\u00e1ndez Chento","twitter_card":"summary_large_image","twitter_creator":"@https:\/\/twitter.com\/javierchento","twitter_site":"@WeVincentians","twitter_misc":{"Escrito por":"Francisco Javier Fern\u00e1ndez Chento","Tiempo de lectura":"7 minutos"},"schema":{"@context":"https:\/\/schema.org","@graph":[{"@type":"Article","@id":"https:\/\/vincentians.com\/es\/un-perfil-heroico-santa-luisa-de-marillac-05\/#article","isPartOf":{"@id":"https:\/\/vincentians.com\/es\/un-perfil-heroico-santa-luisa-de-marillac-05\/"},"author":{"name":"Francisco Javier Fern\u00e1ndez Chento","@id":"http:\/\/vincentians.com\/es\/#\/schema\/person\/9623ef4d9aa3b2dfb8c061f1499288f2"},"headline":"Un perfil heroico: santa Luisa de Marillac (05)","datePublished":"2015-02-27T07:43:22+00:00","dateModified":"2016-07-26T15:27:21+00:00","mainEntityOfPage":{"@id":"https:\/\/vincentians.com\/es\/un-perfil-heroico-santa-luisa-de-marillac-05\/"},"wordCount":1328,"commentCount":0,"publisher":{"@id":"http:\/\/vincentians.com\/es\/#organization"},"image":{"@id":"https:\/\/vincentians.com\/es\/un-perfil-heroico-santa-luisa-de-marillac-05\/#primaryimage"},"thumbnailUrl":"","keywords":["Clichy","Gondi","Madre Chantal"],"articleSection":["Luisa de Marillac"],"inLanguage":"es","potentialAction":[{"@type":"CommentAction","name":"Comment","target":["https:\/\/vincentians.com\/es\/un-perfil-heroico-santa-luisa-de-marillac-05\/#respond"]}]},{"@type":"WebPage","@id":"https:\/\/vincentians.com\/es\/un-perfil-heroico-santa-luisa-de-marillac-05\/","url":"https:\/\/vincentians.com\/es\/un-perfil-heroico-santa-luisa-de-marillac-05\/","name":"Un perfil heroico: santa Luisa de Marillac (05) - Somos Vicencianos","isPartOf":{"@id":"http:\/\/vincentians.com\/es\/#website"},"primaryImageOfPage":{"@id":"https:\/\/vincentians.com\/es\/un-perfil-heroico-santa-luisa-de-marillac-05\/#primaryimage"},"image":{"@id":"https:\/\/vincentians.com\/es\/un-perfil-heroico-santa-luisa-de-marillac-05\/#primaryimage"},"thumbnailUrl":"","datePublished":"2015-02-27T07:43:22+00:00","dateModified":"2016-07-26T15:27:21+00:00","breadcrumb":{"@id":"https:\/\/vincentians.com\/es\/un-perfil-heroico-santa-luisa-de-marillac-05\/#breadcrumb"},"inLanguage":"es","potentialAction":[{"@type":"ReadAction","target":["https:\/\/vincentians.com\/es\/un-perfil-heroico-santa-luisa-de-marillac-05\/"]}]},{"@type":"ImageObject","inLanguage":"es","@id":"https:\/\/vincentians.com\/es\/un-perfil-heroico-santa-luisa-de-marillac-05\/#primaryimage","url":"","contentUrl":""},{"@type":"BreadcrumbList","@id":"https:\/\/vincentians.com\/es\/un-perfil-heroico-santa-luisa-de-marillac-05\/#breadcrumb","itemListElement":[{"@type":"ListItem","position":1,"name":"Portada","item":"http:\/\/vincentians.com\/es\/"},{"@type":"ListItem","position":2,"name":"Un perfil heroico: santa Luisa de Marillac (05)"}]},{"@type":"WebSite","@id":"http:\/\/vincentians.com\/es\/#website","url":"http:\/\/vincentians.com\/es\/","name":"Somos Vicencianos","description":"Know more to serve more","publisher":{"@id":"http:\/\/vincentians.com\/es\/#organization"},"potentialAction":[{"@type":"SearchAction","target":{"@type":"EntryPoint","urlTemplate":"http:\/\/vincentians.com\/es\/?s={search_term_string}"},"query-input":{"@type":"PropertyValueSpecification","valueRequired":true,"valueName":"search_term_string"}}],"inLanguage":"es"},{"@type":"Organization","@id":"http:\/\/vincentians.com\/es\/#organization","name":"The Vincentian Network","url":"http:\/\/vincentians.com\/es\/","logo":{"@type":"ImageObject","inLanguage":"es","@id":"http:\/\/vincentians.com\/es\/#\/schema\/logo\/image\/","url":"https:\/\/i1.wp.com\/vincentians.com\/es\/wp-content\/uploads\/sites\/11\/2016\/06\/Vincentian-Network-logo-big.png?fit=778%2C778","contentUrl":"https:\/\/i1.wp.com\/vincentians.com\/es\/wp-content\/uploads\/sites\/11\/2016\/06\/Vincentian-Network-logo-big.png?fit=778%2C778","width":778,"height":778,"caption":"The Vincentian Network"},"image":{"@id":"http:\/\/vincentians.com\/es\/#\/schema\/logo\/image\/"},"sameAs":["https:\/\/www.facebook.com\/WeAreVincentians\/","https:\/\/x.com\/WeVincentians"]},{"@type":"Person","@id":"http:\/\/vincentians.com\/es\/#\/schema\/person\/9623ef4d9aa3b2dfb8c061f1499288f2","name":"Francisco Javier Fern\u00e1ndez Chento","image":{"@type":"ImageObject","inLanguage":"es","@id":"http:\/\/vincentians.com\/es\/#\/schema\/person\/image\/","url":"https:\/\/secure.gravatar.com\/avatar\/497d5cde87b4c3d097d0315953521681ba2cd523ee66e5077c3711f7021e65de?s=96&d=mm&r=g","contentUrl":"https:\/\/secure.gravatar.com\/avatar\/497d5cde87b4c3d097d0315953521681ba2cd523ee66e5077c3711f7021e65de?s=96&d=mm&r=g","caption":"Francisco Javier Fern\u00e1ndez Chento"},"description":"Director General y cofundador de La Red de Formaci\u00f3n Vicenciana. Javier es laico vicenciano, afiliado a la Congregaci\u00f3n de la Misi\u00f3n y miembro del Equipo de Misiones Populares de la provincia can\u00f3nica de Zaragoza (Espa\u00f1a) de la Congregaci\u00f3n de la Misi\u00f3n. Graduado en la Universidad Oberta de Catalunya con cuatro grados (Asistente de direcci\u00f3n, Gesti\u00f3n Administrativa, Recursos Humanos y Contabilidad Avanzada). Bil\u00edng\u00fce Espa\u00f1ol\/Ingl\u00e9s. gestiona y mantiene varias p\u00e1ginas web cristianas y vicencianas, incluida including La Red de Formaci\u00f3n Vicenciana, de la que es cofundador. Actualmente es responsable del \u00e1rea de Espa\u00f1ol de .famvin, la Red de Noticias de la Familia Vicenciana. Tambi\u00e9n es m\u00fasico cat\u00f3lico y ha editado varios discos. Es Director General y cofundador de Trovador, una reconocida compa\u00f1\u00eda discogr\u00e1fica critiana de Espa\u00f1a. Trabaja en las Tecnolog\u00edas de la Informaci\u00f3n, ofreciendo servicios de alojamiento, dise\u00f1o y mantenimiento Web, as\u00ed como asesoramiento, formaci\u00f3n y soluciones inform\u00e1ticas, gesti\u00f3n documental y digitalizaci\u00f3n de textos, edici\u00f3n y maquetaci\u00f3n de libros, revistas, flyers, etc.","sameAs":["http:\/\/chento.org","https:\/\/www.facebook.com\/JavierChento","https:\/\/x.com\/https:\/\/twitter.com\/javierchento"],"url":"https:\/\/vincentians.com\/es\/author\/chento\/"}]}},"jetpack_publicize_connections":[],"jetpack_featured_media_url":"","jetpack_sharing_enabled":true,"jetpack_shortlink":"https:\/\/wp.me\/p7ETMF-xSV","jetpack-related-posts":[{"id":130259,"url":"https:\/\/vincentians.com\/es\/un-perfil-heroico-santa-luisa-de-marillac-06\/","url_meta":{"origin":130257,"position":0},"title":"Un perfil heroico: santa Luisa de Marillac (06)","author":"Francisco Javier Fern\u00e1ndez Chento","date":"28\/02\/2015","format":false,"excerpt":"ESOS que est\u00e1n cubiertos de blancas vestiduras, \u00bfqui\u00e9nes son y de d\u00f3nde han venido? (Apocalipsis, VII.) VICENTE de Pa\u00fal ha sido uno de los mayores dones que la ca\u00adridad y la misericordiosa de Dios han concedido al mundo. Su santidad personal es tan atrayente, tan humana, tan digna de imitaci\u00f3n\u2026","rel":"","context":"En \u00abLuisa de Marillac\u00bb","block_context":{"text":"Luisa de Marillac","link":"https:\/\/vincentians.com\/es\/category\/la-familia-vicenciana\/fundadores\/luisa-de-marillac\/"},"img":{"alt_text":"OLYMPUS DIGITAL CAMERA","src":"https:\/\/i0.wp.com\/vicencianos.org\/wp-content\/2014\/04\/louise-marillac-300x248.jpg?resize=350%2C200","width":350,"height":200},"classes":[]},{"id":130251,"url":"https:\/\/vincentians.com\/es\/un-perfil-heroico-santa-luisa-de-marillac-02\/","url_meta":{"origin":130257,"position":1},"title":"Un perfil heroico: santa Luisa de Marillac (02)","author":"Francisco Javier Fern\u00e1ndez Chento","date":"24\/02\/2015","format":false,"excerpt":"PRESTAD o\u00eddos, y venid a M\u00ed. Escuchad y vuestra alma hallar\u00e1 vida. (Isa\u00edas, LV.) LA santidad (bella en su contenido, aleccionadora en sus ejem\u00adplos, amable en su fin) es la pr\u00e1ctica de aquel mandato del Se\u00ad\u00f1or: \"Sed perfectos, como vuestro Padre Celestial es perfecto\". La invitaci\u00f3n es universal y, por\u2026","rel":"","context":"En \u00abLuisa de Marillac\u00bb","block_context":{"text":"Luisa de Marillac","link":"https:\/\/vincentians.com\/es\/category\/la-familia-vicenciana\/fundadores\/luisa-de-marillac\/"},"img":{"alt_text":"OLYMPUS DIGITAL CAMERA","src":"https:\/\/i0.wp.com\/vicencianos.org\/wp-content\/2014\/04\/louise-marillac-300x248.jpg?resize=350%2C200","width":350,"height":200},"classes":[]},{"id":130253,"url":"https:\/\/vincentians.com\/es\/un-perfil-heroico-santa-luisa-de-marillac-03\/","url_meta":{"origin":130257,"position":2},"title":"Un perfil heroico: santa Luisa de Marillac (03)","author":"Francisco Javier Fern\u00e1ndez Chento","date":"25\/02\/2015","format":false,"excerpt":"CONTIGO ha hablado mi coraz\u00f3n; en busca de Ti han andado mis ojos. \u00a1Oh. Se\u00f1or, Tu rostro es lo que yo deseo contemplar! (Salmo 26, 8.) HAY almas que, determinadas a seguir la voz de la gracia divina que se insin\u00faa en su coraz\u00f3n, van directamente, sin titubeos, ha\u00adcia el\u2026","rel":"","context":"En \u00abLuisa de Marillac\u00bb","block_context":{"text":"Luisa de Marillac","link":"https:\/\/vincentians.com\/es\/category\/la-familia-vicenciana\/fundadores\/luisa-de-marillac\/"},"img":{"alt_text":"OLYMPUS DIGITAL CAMERA","src":"https:\/\/i0.wp.com\/vicencianos.org\/wp-content\/2014\/04\/louise-marillac-300x248.jpg?resize=350%2C200","width":350,"height":200},"classes":[]},{"id":130267,"url":"https:\/\/vincentians.com\/es\/un-perfil-heroico-santa-luisa-de-marillac-10\/","url_meta":{"origin":130257,"position":3},"title":"Un perfil heroico: santa Luisa de Marillac (10)","author":"Francisco Javier Fern\u00e1ndez Chento","date":"04\/03\/2015","format":false,"excerpt":"A los ricos de este siglo, exh\u00f3rtalos: a obrar bien, a repartir liberalmente, a comunicar sus bienes, a atesorar un buen fondo para lo venidero, a fin de alcanzar la vida eterna. (San Pablo a Timoteo.) VICENTE de Pa\u00fal hab\u00eda querido fundar tambi\u00e9n las Cofrad\u00edas de la Caridad en Par\u00eds.\u2026","rel":"","context":"En \u00abLuisa de Marillac\u00bb","block_context":{"text":"Luisa de Marillac","link":"https:\/\/vincentians.com\/es\/category\/la-familia-vicenciana\/fundadores\/luisa-de-marillac\/"},"img":{"alt_text":"OLYMPUS DIGITAL CAMERA","src":"https:\/\/i0.wp.com\/vicencianos.org\/wp-content\/2014\/04\/louise-marillac-300x248.jpg?resize=350%2C200","width":350,"height":200},"classes":[]},{"id":130255,"url":"https:\/\/vincentians.com\/es\/un-perfil-heroico-santa-luisa-de-marillac-04\/","url_meta":{"origin":130257,"position":4},"title":"Un perfil heroico: santa Luisa de Marillac (04)","author":"Francisco Javier Fern\u00e1ndez Chento","date":"26\/02\/2015","format":false,"excerpt":"QU\u00c9 es el hombre, Se\u00f1or, para que T\u00fa hagas de \u00e9l tanto caso, y para que se ocupe de \u00e9l tu coraz\u00f3n? Lo visitas al rayar el alba, y de repente lo atribulas. (Job, VIII.) LLAMADA divina que hace crecer en el amor a las almas que son fieles en\u2026","rel":"","context":"En \u00abLuisa de Marillac\u00bb","block_context":{"text":"Luisa de Marillac","link":"https:\/\/vincentians.com\/es\/category\/la-familia-vicenciana\/fundadores\/luisa-de-marillac\/"},"img":{"alt_text":"OLYMPUS DIGITAL CAMERA","src":"https:\/\/i0.wp.com\/vicencianos.org\/wp-content\/2014\/04\/louise-marillac-300x248.jpg?resize=350%2C200","width":350,"height":200},"classes":[]},{"id":130265,"url":"https:\/\/vincentians.com\/es\/un-perfil-heroico-santa-luisa-de-marillac-09\/","url_meta":{"origin":130257,"position":5},"title":"Un perfil heroico: santa Luisa de Marillac (09)","author":"Francisco Javier Fern\u00e1ndez Chento","date":"03\/03\/2015","format":false,"excerpt":"EL Se\u00f1or echar\u00e1 la bendici\u00f3n sobre todas las obras de tus manos. (Deuteronomio, XXVIII.) LOS territorios que primero visit\u00f3 Santa Luisa en sus funcio\u00adnes de caridad fueron los establecidos en los dominios de la casa de Gondi, en Montmirail. En su porte distinguido podr\u00eda adivinarse algo de la belleza delicada\u2026","rel":"","context":"En \u00abLuisa de Marillac\u00bb","block_context":{"text":"Luisa de Marillac","link":"https:\/\/vincentians.com\/es\/category\/la-familia-vicenciana\/fundadores\/luisa-de-marillac\/"},"img":{"alt_text":"OLYMPUS DIGITAL CAMERA","src":"https:\/\/i0.wp.com\/vicencianos.org\/wp-content\/2014\/04\/louise-marillac-300x248.jpg?resize=350%2C200","width":350,"height":200},"classes":[]}],"_links":{"self":[{"href":"https:\/\/vincentians.com\/es\/wp-json\/wp\/v2\/posts\/130257","targetHints":{"allow":["GET"]}}],"collection":[{"href":"https:\/\/vincentians.com\/es\/wp-json\/wp\/v2\/posts"}],"about":[{"href":"https:\/\/vincentians.com\/es\/wp-json\/wp\/v2\/types\/post"}],"author":[{"embeddable":true,"href":"https:\/\/vincentians.com\/es\/wp-json\/wp\/v2\/users\/4"}],"replies":[{"embeddable":true,"href":"https:\/\/vincentians.com\/es\/wp-json\/wp\/v2\/comments?post=130257"}],"version-history":[{"count":0,"href":"https:\/\/vincentians.com\/es\/wp-json\/wp\/v2\/posts\/130257\/revisions"}],"wp:featuredmedia":[{"embeddable":true,"href":"https:\/\/vincentians.com\/es\/wp-json\/"}],"wp:attachment":[{"href":"https:\/\/vincentians.com\/es\/wp-json\/wp\/v2\/media?parent=130257"}],"wp:term":[{"taxonomy":"category","embeddable":true,"href":"https:\/\/vincentians.com\/es\/wp-json\/wp\/v2\/categories?post=130257"},{"taxonomy":"post_tag","embeddable":true,"href":"https:\/\/vincentians.com\/es\/wp-json\/wp\/v2\/tags?post=130257"}],"curies":[{"name":"wp","href":"https:\/\/api.w.org\/{rel}","templated":true}]}}