{"id":129818,"date":"2025-03-29T08:00:05","date_gmt":"2025-03-29T07:00:05","guid":{"rendered":"http:\/\/somos.vicencianos.org\/?p=129818"},"modified":"2024-08-22T19:11:49","modified_gmt":"2024-08-22T17:11:49","slug":"las-visitas-canonicas-y-la-vida-de-comunidad","status":"publish","type":"post","link":"https:\/\/vincentians.com\/es\/las-visitas-canonicas-y-la-vida-de-comunidad\/","title":{"rendered":"Las Visitas Can\u00f3nicas y la vida de comunidad"},"content":{"rendered":"<h2 align=\"left\"><b>Las Visitas a las comunidades<\/b><\/h2>\n<p>Vivir contenta y feliz en comunidad es lo primero que debe encontrar una Hija de la Caridad que vuelva a casa despu\u00e9s de evangelizar y servir a los pobres. Pero siempre no es as\u00ed, de ah\u00ed que la Visitadora tenga la obligaci\u00f3n de comprobar y animar o remediar las situaciones. Siempre ha sido as\u00ed en la Compa\u00f1\u00eda desde su fundaci\u00f3n.<\/p>\n<p>Al desplegarse las Hijas de la Caridad por regiones lejanas, Luisa de Marillac no pod\u00eda estar presente, ni formarlas, ni siquiera supervisar personalmente las obras y la vida que llevaban. Se necesitaban las Visitas que hoy llamamos <i>can\u00f3nicas <\/i>y<i> pastorales<\/i>. En verano de 1640 el P. Lamberto fue enviado por san Vicente a pasar Visita a la comunidad de Angers y en julio de 1647 a la de Nantes. Adem\u00e1s, en la primavera de 1647 el Consejo de las Hermanas envi\u00f3 a Sor Juana Lepeintre a pasar Visita a la comunidad de Nantes. Las Visitas realizadas por los Misioneros pa\u00fales y por las Hermanas, entran a formar parte de las estructuras de la Compa\u00f1\u00eda, como las Reglas, los Consejos y las consejeras, que san Vicente tom\u00f3 de las Congregaciones religiosas, consider\u00e1ndolas \u00fatiles para la Compa\u00f1\u00eda de las Hijas de las Caridad<span id='easy-footnote-1-129818' class='easy-footnote-margin-adjust'><\/span><span class='easy-footnote'><a href='https:\/\/vincentians.com\/es\/las-visitas-canonicas-y-la-vida-de-comunidad\/#easy-footnote-bottom-1-129818' title='SV. III, 163, 191-193; X, 709; SL. cc. 30, 32, 189, 191, 192.'><sup>1<\/sup><\/a><\/span>.<\/p>\n<p>Desde la aparici\u00f3n de las \u00d3rdenes mendicantes las Visitas can\u00f3nicas se consideraron obligatorias, y el Concilio de Trento impon\u00eda que <i>\u00abto<\/i><i>dos los superiores de las religiones que no est\u00e1n sujetos a los Obispos, y tienen jurisdicci\u00f3n leg\u00edtima sobre otros monasterios inferiores y prioratos, visiten de oficio a aquellos mismos monasterios y prioratos que les est\u00e1n sujetos&#8230; y est\u00e9n obligadas todas las personas que mandan en los monasterios de las \u00f3rdenes mencionadas a recibir a los referidos visitadores, y poner en ejecuci\u00f3n lo que ordenaren\u00bb<\/i>. Teni\u00e9ndolo en cuenta, santa Teresa de Jes\u00fas hab\u00eda publicado en 1576 un tratado dirigido a los visitadores de la orden de carmelitas descalzas, indicando la necesidad y utilidad de las Visitas para evitar la relajaci\u00f3n, animar al cumplimiento de la regla, revisar el libro de gastos, las labores, conocer a las religiosas melanc\u00f3licas, las amistades particulares y los deslices en la pr\u00e1ctica diaria<span id='easy-footnote-2-129818' class='easy-footnote-margin-adjust'><\/span><span class='easy-footnote'><a href='https:\/\/vincentians.com\/es\/las-visitas-canonicas-y-la-vida-de-comunidad\/#easy-footnote-bottom-2-129818' title='CONCILIO DE TRENTO, Sesi\u00f3n XXV, \u00abDe los regulares y monjas\u00bb: &lt;i&gt;CAP. XX. Los superiores de las religiones no sujetas a Obispos, visiten y corrijan los monasterios que les est\u00e1n sujetos, aunque sean de encomienda.&lt;\/i&gt; Santa Teresa de Jes\u00fas, &lt;i&gt;Obras completas&lt;\/i&gt;, BAC, Madrid, 1986 pp. 841-855'><sup>2<\/sup><\/a><\/span>.<\/p>\n<p>Debido a la lentitud de los medios de transporte en el siglo XVII y a las dificultades y peligros de los caminos, aumentados cuando era una mujer la que viajaba, Luisa de Marillac compensaba con las cartas la tardanza en hacer Visitas personalmente<span id='easy-footnote-3-129818' class='easy-footnote-margin-adjust'><\/span><span class='easy-footnote'><a href='https:\/\/vincentians.com\/es\/las-visitas-canonicas-y-la-vida-de-comunidad\/#easy-footnote-bottom-3-129818' title='El 16 de octubre de 1627, Pedro Alm\u00e9ras hab\u00eda publicado el Reglamento de Correos. Aunque deficiente, organizaba los correos especiales ya existentes e institu\u00eda \u00ablos correos ordinarios que, a un precio m\u00f3dico, sal\u00edan y llegaban en d\u00edas deter\u00adminados de la semana\u00bb, desde Par\u00eds a las principales ciudades y viceversa. El correo a Angers no tardaba menos de tres d\u00edas, si todo iba bien, pero pod\u00eda haber retrasos de diez d\u00edas y hasta de un mes debido a lluvias, acci\u00addentes, dificultad de encontrar la direcci\u00f3n del destinatario, detenciones llevadas a cabo por las autoridades para conocer el contenido del correo y de la correspondencia privada. Se consideraba un derecho del Estado abrirla, como un medio para descubrir esp\u00edas o impedir la propagaci\u00f3n de rumores peligrosos para la naci\u00f3n o de noticias consideradas como \u00absecretos de estado\u00bb. Tampoco era dif\u00edcil que las cartas se perdieran por el camino.\u00a0 (SL. c.61, 101, 105,&amp;#8230;) Ver Benito MART\u00cdNEZ, \u00abLuisa de Marillac organizadora\u00bb&lt;i&gt;, &lt;\/i&gt;en &lt;i&gt;AA.VV., Luisa de Marillac (XVIII &lt;\/i&gt;Semana de Estudios Vicencianos) Salamanca (CEME) 1991 p.142-146.\u00a0'><sup>3<\/sup><\/a><\/span>. Adem\u00e1s de las ventajas que tra\u00edan las Visitas, seg\u00fan santa Teresa, santa Luisa sab\u00eda que la Compa\u00f1\u00eda y las comunidades de las Hijas de la Caridad eran peculiares, pues las Hermanas no viv\u00edan toda la vida en el mismo convento elegido por cada una, como las religiosas, sino que pod\u00edan ser destinadas a otras comunidades, frecuentando adem\u00e1s <i>las calles de las ciudades y los caminos de los pueblos <\/i>(c. 692). A trav\u00e9s de las cartas, santa Luisa pretend\u00eda que sus hijas no se sintiesen alejadas, olvidadas o en soledad, sino cerca de Par\u00eds y unidas a la Casa central, que Luisa llamaba sencillamente la Casa. Por este me\u00addio supo unir a todas las Hijas de la Caridad esparcidas por las villas y los pueblos de Francia y de Polonia. Para lograrlo, les contaba los trabajos y destinos de sus compa\u00f1eras y les daba noticias de las nuevas fundaciones, algunas muy lejos de Par\u00eds. A veces, se respira un vaho de dolor cuando les anuncia la enfermedad o la muerte de Herma\u00adnas que ellas conoc\u00edan, algunas a\u00fan j\u00f3venes.<\/p>\n<p>La carta n. 15, del 26 de octubre de 1639<span id='easy-footnote-4-129818' class='easy-footnote-margin-adjust'><\/span><span class='easy-footnote'><a href='https:\/\/vincentians.com\/es\/las-visitas-canonicas-y-la-vida-de-comunidad\/#easy-footnote-bottom-4-129818' title='&lt;i&gt;Santa Luisa de Marillac. Correspondencia y escritos,&lt;\/i&gt; CEME, Salamanca 1985, n\u00ba 15. Aut\u00f3grafa. En los Arch. de las Hijas de la Caridad en Paris (Rue du Bac) Rc 3, lt 11.'><sup>4<\/sup><\/a><\/span>, es la primera que conservamos de Luisa de Marillac, en cuanto Superiora General de la Compa\u00f1\u00eda, con aire de cumplir por carta una Visita de oficio a la comunidad de Hijas de la Caridad de Richelieu. Es cierto que se conserva otra carta a Sor B\u00e1rbara Angiboust del a\u00f1o 1636, pero m\u00e1s parece una carta de animaci\u00f3n espiritual a una amiga y de consuelo a una compa\u00f1era enferma, aunque tambi\u00e9n les indique la manera de servir a los pobres, en paralelo con las Se\u00f1oras de la Caridad. Esta otra carta a las dos Hermanas de una comunidad tiene todos los ingredientes de lo que hoy llamamos una Visita Can\u00f3nica, deteni\u00e9ndose en el papel evangelizador que tiene el testimonio de la vida comunitaria. Santa Luisa da por sentado que la comunidad de las Hijas de la Caridad debe tener una organizaci\u00f3n interna totalmente distinta no solo de las comunidades religiosas, sino tambi\u00e9n de las Caridades, porque <i>de hecho<\/i> ya es una <i>instituci\u00f3n, cofrad\u00eda o asociaci\u00f3n, distinta de las \u00abotras Caridades\u00bb<\/i>, aunque oficialmente a\u00fan no est\u00e9 reconocida por el Arzobispo de Paris.<\/p>\n<p>Es una carta de una mujer madura de 48 a\u00f1os que no est\u00e1 agobiada. En ella ya encontramos las tres dimensiones de una comunidad vicenciana que ser\u00e1n constantes en la correspondencia posterior: sugerencias din\u00e1micas para vivir unidas en comunidad, vivencias de vida de Dios y servicio a los pobres. A pesar de la desenvoltura y espontaneidad de su estilo, se ve que santa Luisa la hab\u00eda pensado detenidamente, pues el tema era crucial para la nueva Compa\u00f1\u00eda: hacer una comunidad donde las Hermanas viviesen unidas en amor mutuo, como soporte del servicio.<\/p>\n<p>El estilo es diferente de otras cartas, es m\u00e1s sencillo; literariamente es correcto. Sigue una l\u00f3gica espont\u00e1nea. Con soltura y habilidad cada p\u00e1rrafo exige el siguiente y cada idea introduce la explicaci\u00f3n. <i>La se\u00f1ora Gousault reza por las Compa\u00f1\u00eda\u2026 <\/i><i>y ellas ya han probado los efectos de esa gracia con el bien que su bondad ha querido que hagan en el lugar en que est\u00e1n. Pero\u2026<\/i> Y pasa al tema central de la carta: los fallos en la vida comunitaria, empezando por la superiora, Sor B\u00e1rbara, y pasando a la compa\u00f1era, Sor Luisa, para terminar anim\u00e1ndolas a cambiar, se\u00f1al\u00e1ndoles los medios y llen\u00e1ndolas de esperanza.<i> <\/i>De este modo los p\u00e1rrafos parecen concatenados y tanto los duros reproches como las recomendaciones firmes se presentan con suavidad y cordialidad; comenzando por lo positivo pasa a corregir los fallos. Sin herir hacen reflexionar. Como una profeta verdadera, corrige, pone remedios y contagia esperanza.<\/p>\n<h2><b>La carta n\u00famero 15<\/b><\/h2>\n<blockquote><p><i>A las Hermanas B\u00e1rbara Angiboust y Luisa Ganset, en Richelieu:<\/i><\/p>\n<p style=\"text-align: right\"><i>26 de octubre de 1639<\/i><\/p>\n<p><i>Mis buenas Hermanas:<\/i><\/p>\n<p><i>No dudo de que habr\u00e1n sentido mucho la p\u00e9rdida que hemos tenido con la muerte de la se\u00f1ora Presidenta Goussault. Lo mucho que le debemos ha de servirnos para imitarla, a fin de que as\u00ed Dios sea glorificado; lo espero de ustedes con su santa gracia, y ya han probado ustedes, hijas m\u00edas, los efectos de esa gracia con el bien que su bondad ha querido que hagan en el lugar en que est\u00e1n. Pero me he enterado de lo que siempre he temido tanto, y es que su pobre servicio, que iba tan bien en el cuidado de los enfermos y la instrucci\u00f3n de las ni\u00f1as, no ha servido de nada para la perfecci\u00f3n de ustedes; al contrario, parece que las ha perjudicado, porque el buen olor que daban empieza a perderse. Piensen, mis buenas Hermanas, en lo que hacen: ustedes son causa de que Dios frecuentemente sea ofendido en lugar de que sea glorificado, el pr\u00f3jimo escandalizado y den pie a que no se estime tanto el santo ejercicio de la Caridad. \u00bfC\u00f3mo se atrever\u00e1n ustedes a comparecer un d\u00eda delante de Dios para darle cuenta del uso que han hecho de la gracia tan grande que les ha concedido llam\u00e1ndolas al estado en que las ha puesto? Pretend\u00eda sacar su gloria y he aqu\u00ed que ustedes se la usurpan. <\/i><\/p>\n<p><i>Usted, Sor B\u00e1rbara, por su poca cordialidad con la Hermana que Dios le ha dado, por sus peque\u00f1os desaires y por la poca tolerancia con sus debilidades, \u00bfc\u00f3mo no se ha acordado usted de que cuando se la puso con ella para ocupar el puesto de superiora, era para obligarla a los deberes de madre, mucho mayores que los de las madres naturales, teniendo que cuidar, m\u00e1s que \u00e9stas, de su salvaci\u00f3n y perfecci\u00f3n, lo que la obligaba a una gran mansedumbre y caridad, tal como las recomend\u00f3 el Hijo de Dios en la tierra? Y, al aceptar ese cargo, \u00bfno vio enseguida a qu\u00e9 humildad la obligaba, ya que tiene tantos motivos para reconocer sus deficiencias? \u00bfNo debe usted tener siempre ante los ojos, cuando ordena algo, que es la obediencia la que se lo hace hacer y no que le venga de usted misma el derecho a mandar? Ahora bien, querida Hermana, espero que el mal no est\u00e9 en tal estado que no tenga remedio. Ponga sus faltas abiertamente ante sus ojos, sin excusaros, porque, en realidad, nada puede ser causa del mal que hacemos sino nosotros mismos. Confiese esta verdad ante Dios, excite en su coraz\u00f3n un gran amor por nuestra querida Sor Luisa, y a la vista de la misericordiosa justicia de nuestro buen Dios, \u00e9chese a sus pies y p\u00eddale perd\u00f3n por sus sequedades hacia ella y por toda las penas que le ha causado, prometi\u00e9ndole, con la gracia de Dios, amarla como Jesucristo mismo quiere, d\u00e1ndole pruebas del cuidado que debe tener de ella y abr\u00e1cela con ese sentimiento verdadero en el coraz\u00f3n. <\/i><\/p>\n<p><i>Y usted, querida Sor Luisa, he aqu\u00ed que ha ca\u00eddo de nuevo en sus peque\u00f1as malas costumbres. \u00bfQu\u00e9 piensa usted de su estado? Es una vida de libertad \u00bfy no le importa? Tiene que ser de una continua sumisi\u00f3n y obediencia. \u00bfEs posible que usted nunca piense en ello, o que si lo medita, tenga tan poco amor a Dios y tan poco temor de su salvaci\u00f3n, que descuide usted hacer lo que est\u00e1 obligada? Hija m\u00eda, h\u00e1gase un poco de violencia. \u00bfQu\u00e9 saca usted cuando hace sin permiso visitas o viajes y quiere vivir en todo seg\u00fan su voluntad? \u00bfNo recuerda que no debe hacer nada ni ir a ning\u00fan sitio sin el permiso de Sor B\u00e1rbara, a la que acept\u00f3 usted como superiora antes de marchar y a quien debe amar tanto o m\u00e1s que si fuese su madre? Creo que no piensa usted nunca en su condici\u00f3n puesto que hace tantas cosas que son incompatibles con ella; \u00bfno lamentar\u00eda usted perderla por tan f\u00fatiles satisfacciones? Yo creo (y este pensamiento me ha venido ahora mismo a la mente) que la causa de la mayor parte de las faltas que comete es que tiene usted dinero y que siempre le ha gustado tenerlo. Si quiere creerme, desh\u00e1gase de esa afici\u00f3n; p\u00f3ngalo todo en manos de Sor B\u00e1rbara; no quiera tener m\u00e1s que lo que a ella le parezca bien y exc\u00edtese al amor de la pobreza para honrar la del Hijo de Dios, y por este medio conseguir\u00e1 lo que necesita para ser verdadera Hija de la Caridad. De otro modo, dudo mucho de su perseverancia, y le digo esto con temor de que no lo haga, pero no he podido menos de dec\u00edrselo; rec\u00edbalo de buen grado, porque es el amor que Dios me da por todas ustedes el que me hace hablar as\u00ed. Y ahora, \u00a1\u00e1nimo, mi buena Hermana! Espero que no despreciar\u00e1 mis peque\u00f1as advertencias, y siendo as\u00ed, reconociendo cu\u00e1n digno es Dios de ser amado y servido, averg\u00fc\u00e9ncese de haberlo hecho tan mal desde que El le ha concedido la gracia de llamarla al estado en que se encuentra y especialmente al lugar en que tantas bendiciones ha derramado sobre su santo empleo: y tomando resueltamente la determinaci\u00f3n de obrar de una manera muy distinta de c\u00f3mo lo ha hecho en el pasado, \u00e9chese tambi\u00e9n a los pies de Sor B\u00e1rbara con &#8230; <\/i>[aqu\u00ed est\u00e1 roto el papel]<i>.<\/i><\/p>\n<p>(\u00bfNo ven ustedes que sus almas no)<i> pueden estar en paz y que esta es la causa de que no participen de la santa paz que el Hijo de Dios trajo a los que tienen buena voluntad, ni tampoco de la que dej\u00f3 a sus santos Ap\u00f3stoles al subirse al Cielo?<\/i><\/p>\n<p><i>Al advertirles sus faltas, ellas me ponen las m\u00edas ante los ojos; lo que me obliga, hijas m\u00edas, a decirles que la que me causa mayor pena actualmente es el mal ejemplo que les he dado en la pr\u00e1ctica de las virtudes que les recomiendo; les ruego, mis buenas Hermanas, que lo olviden y que pidan perd\u00f3n por m\u00ed, y la gracia de corregirme, como lo deseo de todo coraz\u00f3n.<\/i><\/p>\n<p align=\"left\"><i>He sido tambi\u00e9n demasiado negligente en escribirles, pero quiero creer que me perdonan, como as\u00ed se lo ruego, y ofrezco a Nuestro Buen Dios el acto de reconciliaci\u00f3n que tengo la seguridad van a hacer de todo coraz\u00f3n, lleno de buena voluntad; al que uno el m\u00edo para que juntas obtengamos la misericordia de la que tenemos necesidad y la gracia de vivir en adelante del amor de Jes\u00fas Crucificado, en el que soy, mis queridas Hermanas, su muy humilde hermana y servidora.<\/i><\/p>\n<p align=\"left\"><i>Ld Marillac<\/i><\/p>\n[Al margen]<i> \u00bfSaben <\/i>(mis queridas Hermanas, lo que)<i> espero de su reconciliaci\u00f3n, adem\u00e1s de una renovaci\u00f3n de afecto? Es <\/i>(que tengan el coraz\u00f3n)<i> abierto la una para la otra, que no se las vea nunca a la una sin la otra; que vayan <\/i>(juntas a las visitas)<i> que hagan en la ciudad y que se guarden de amistades particulares <\/i>(con las se\u00f1oras, no haci\u00e9ndoles)<i> visitas en manera alguna, no amando nada tanto como su casa en compa\u00f1\u00eda <\/i>(la una de la otra. N)<i>o digo que rechacen las visitas que algunas buenas mujeres <\/i>(tengan l)<i>a caridad de hacerles. Una verdadera humildad lo arreglar\u00e1 todo.<\/i><\/p><\/blockquote>\n<h2><b>La vida de comunidad<\/b><\/h2>\n<p>Los pobres se introducen siempre en la corresponden\u00adcia de Luisa, unas veces asidos al fin de las cartas y otras, expresados en los consejos que da a las Hermanas. El servicio es el comienzo de la Compa\u00f1\u00eda, luego vendr\u00e1 vivir en comunidad. Sin embargo, aunque santa Luisa y san Vicente consideran el nacimiento de la Compa\u00f1\u00eda desde el momento en que puso a Margarita Naseau a servir a los pobres en la Caridad de San Salvador, desde que Gobillon escribi\u00f3 la Vida de la Se\u00f1orita Le Gras, oficialmente se ha considerado el nacimiento de la Compa\u00f1\u00eda desde el instante que comenzaron a vivir en comunidad, el 29 de Noviembre de 1633<span id='easy-footnote-5-129818' class='easy-footnote-margin-adjust'><\/span><span class='easy-footnote'><a href='https:\/\/vincentians.com\/es\/las-visitas-canonicas-y-la-vida-de-comunidad\/#easy-footnote-bottom-5-129818' title='SL. c. 14; SV. IX, 68. Gobillon, &lt;i&gt;Vida de la Se\u00f1orita Le Gras&lt;\/i&gt;, CEME, Salamanca 1991, p. 75. En 1639 santa Luisa escribe a la Superiora de las cistercienses que hay Hijas de la Caridad&lt;i&gt; desde hace ocho a\u00f1os.&lt;\/i&gt; Pero en \u00bf1640? escribe a san Vicente: \u00abTal d\u00eda como ma\u00f1ana, har\u00e1 unos cinco o siete a\u00f1os, empezaron las primeras a vivir en Comunidad, aunque fue muy pobremente (c. 39).'><sup>5<\/sup><\/a><\/span>, considerando, as\u00ed, la vida de comunidad como <i>constituyente<\/i> de la naturaleza de la Compa\u00f1\u00eda.<\/p>\n<p>La Hija de la Caridad no entra en la Compa\u00f1\u00eda para vivir en comunidad sino para servir al pobre, pero viviendo en comunidad. Lo cual supone que el servicio y la vida comunitaria se refuerzan y se unifican. Si falla el servicio, se destruye la vida de comunidad, <i>pero si la vida de comunidad no se<\/i> <i>realiza, fracasa el servicio<\/i><span id='easy-footnote-6-129818' class='easy-footnote-margin-adjust'><\/span><span class='easy-footnote'><a href='https:\/\/vincentians.com\/es\/las-visitas-canonicas-y-la-vida-de-comunidad\/#easy-footnote-bottom-6-129818' title='SV. XI, 397-398, I, c.76'><sup>6<\/sup><\/a><\/span>. No existe Hija de la Caridad sin el servicio, cierto, pero tampoco sin la vida de comunidad<span id='easy-footnote-7-129818' class='easy-footnote-margin-adjust'><\/span><span class='easy-footnote'><a href='https:\/\/vincentians.com\/es\/las-visitas-canonicas-y-la-vida-de-comunidad\/#easy-footnote-bottom-7-129818' title='La Superiora General \u00abpuede, con el consentimiento de su Consejo, autorizar a una Hermana, por una causa justa, a residir fuera de una casa de la Compa\u00f1\u00eda\u00bb (C. 66f).'><sup>7<\/sup><\/a><\/span>, pues es su forma natural de vivir, como la familia lo es de los seglares.<\/p>\n<p>A diferencia de las religiosas de entonces que viv\u00edan en com\u00fan una vida individual<span id='easy-footnote-8-129818' class='easy-footnote-margin-adjust'><\/span><span class='easy-footnote'><a href='https:\/\/vincentians.com\/es\/las-visitas-canonicas-y-la-vida-de-comunidad\/#easy-footnote-bottom-8-129818' title='Originariamente, la celda era el lugar individual donde cada una de las religiosas de clausura hac\u00eda la oraci\u00f3n, las penitencias, la lectura y la escritura, o las actividades encomendadas por la abadesa o priora, mientras que para el descanso hab\u00eda un dormitorio com\u00fan. Aunque algunas congregaciones mantuvieron los dormitorios comunes, paulatinamente la celda pas\u00f3 ser la habitaci\u00f3n y el dormitorio individual de cada religiosa, conteniendo una pobre cama con jerg\u00f3n de paja y s\u00e1banas de estame\u00f1a, una manta, una estera y unas estampas de papel, y poco a poco se fue a\u00f1adiendo una mesa y una silla.'><sup>8<\/sup><\/a><\/span>, los fundadores impusieron a las Hijas de la Caridad una vida comunitaria rigurosa, donde bienes, cosas y hasta los lugares eran comunes: comedor, dormitorio con camas separadas por cortinas, capilla donde hac\u00edan la oraci\u00f3n al mismo tiempo, sala com\u00fan para estar y trabajar. Lo exig\u00eda el hecho de que ordinariamente cada Hermana pasaba gran parte del d\u00eda sirviendo a los pobres de una manera individual. Necesitaban cumplir aquella advertencia que dio Jes\u00fas a los ap\u00f3stoles, cuando volvieron de la misi\u00f3n: \u00abVenid tambi\u00e9n vosotros aparte, a un lugar solitario, para descansar un poco\u00bb (Mc 6, 30). La comunidad es ese lugar tranquilo de descanso con tiempo para las relaciones comunitarias entre las Hermanas.<\/p>\n<p>Esta carta tiene ese fin: organizar la vida comunitaria, como lo har\u00eda ella si pasara Visita Can\u00f3nica en persona a la comunidad de Richelieu, con dos objetivos claros: que vivan unidas, lo cual ser\u00e1 su obsesi\u00f3n durante toda su vida, y que la comunidad evangelice por medio del testimonio para <i>que Dios sea glorificado, el pr\u00f3jimo no sea escandalizado y se estime el santo ejercicio de la Caridad\u00bb. <\/i>Y como de paso, va afirmando algunos puntos que las Hermanas deb\u00edan saber de memoria.<\/p>\n<p>El primero es que la vocaci\u00f3n de las Hijas de la Caridad viene de Dios. Le preocupaba que despu\u00e9s de seis a\u00f1os de vida en com\u00fan se consideraran seglares y no mujeres consagradas que se hab\u00edan entregado a Dios para servirle en los pobres. Cinco meses antes le hab\u00eda confirmado y explicado a la superiora de las benedictinas reformadas que las Hijas de la Caridad ten\u00edan una vocaci\u00f3n divina de mujeres consagradas a Dios igual que ellas. Quiere convencer a las Hermanas que era Dios quien las hab\u00eda hecho una gracia tan enorme, \u00abllam\u00e1ndolas al estado en que las ha puesto\u00bb. Esta gracia es la vocaci\u00f3n que <i>lamentar\u00edan perderla<\/i> y de la que tienen que <i>responder ante Dios, <\/i>pues, para salvarse, seg\u00fan ella, se requiere cumplir las obligaciones de esta vocaci\u00f3n: servir a los pobres y dar testimonio ante la gente de su vida de consagradas, <i>aunque a ellas no les ha servido de nada para su perfecci\u00f3n<\/i><\/p>\n<p>Y se introduce plenamente en el segundo punto, en lo que puede ser una Visita de oficio: en la ocupaci\u00f3n de cada Hermana en comunidad, de Madre en la Superiora, de Hermana obediente en la compa\u00f1era y de amigas que se quieren entre ellas y con los pobres<i>.<\/i> Para ello se pone a dialogar con las dos Hermanas a las que conoc\u00eda des\u00adde el d\u00eda en que llegaron a la Casa para ser Hijas de la Caridad. Se acordaba de sus virtudes y defectos, de sus aficiones y man\u00edas.<\/p>\n<h2><b>La Hermana Sirviente<\/b><\/h2>\n<p>La Compa\u00f1\u00eda todav\u00eda est\u00e1 en los comienzos. La Se\u00f1ora Goussault aparece con la importancia que tuvo en la Compa\u00f1\u00eda, de acuerdo con el Primer Reglamento de 1633 en el que se dice: \u00abDicha Cofrad\u00eda estar\u00e1 dirigida por tres viudas o solteras de cierta edad. De las tres, una ser\u00e1 la Superiora, otra la tesorera y otra la ec\u00f3noma\u00bb (E 31). La se\u00f1ora Goussault y la se\u00f1orita Pollalion fueron las dos primeras oficialas que ayudaron a la Superiora Luisa de Marillac.<\/p>\n<p>Siguiendo el primer Reglamento, a la Hermana que puso al frente de la comunidad la llama <i>Superiora<\/i>, como se llamaban las responsables de las Caridades de Se\u00f1oras. Fue tres a\u00f1os despu\u00e9s, en junio de 1642, cuando se decidi\u00f3 que se llamar\u00edan Hermanas Sirvientes: \u00abEstando en un monasterio de mujeres, el de las Anunciadas, seg\u00fan creo, -cuenta san Vicente- vi que a la superiora la llamaban <i>ancela<\/i>. Esto me hizo pensar en vosotras. Esta palabra <i>ancela<\/i>, mis queridas hermanas, viene de la palabra <i>ancilla<\/i>, que quiere decir sirvienta; y fue el t\u00edtulo que la sant\u00edsima Virgen adopt\u00f3 cuando dio su consentimiento al \u00e1ngel para el cumplimiento de la voluntad de Dios en el misterio de la Encarnaci\u00f3n de su Hijo; lo cual me ha hecho pensar, mis queridas hermanas que, en adelante, en vez de llamar a las hermanas superioras con ese nombre de superioras, no utilizaremos m\u00e1s que la palabra de hermana sirviente. \u00bfQu\u00e9 os parece?; les dijo este querid\u00edsimo Padre a algunas de las hermanas. Y su proposici\u00f3n fue aceptada\u00bb (IX, 81). Desde entonces las superioras de las comunidades se llamaron Hermanas Sirvientes, mientras que el nombre de Superiora se reserv\u00f3 exclusivamente para la Superiora General de la Compa\u00f1\u00eda (D 220).<\/p>\n<p>Y pone un principio revolucionario para entonces contra el absolutismo de aquel siglo: A la Hermana Sirviente le viene la autoridad por el acto de obediencia que hizo al asumir el cargo y es esta<i> obediencia la que le da el derecho a mandar y no porque le venga de ella misma. <\/i>Es decir, la autoridad le viene a la Hermana Sirviente de Dios a trav\u00e9s de los superiores que la han nombrado y ella ha obedecido. Lo cual le exige mucha <i>humildad<\/i>. No es, por lo tanto, una autoridad absoluta, sino la de una <i>madre<\/i> en la familia. Y m\u00e1s que una <i>madre,<\/i> la Hermana Sirviente es tambi\u00e9n el soporte animador de las Hermanas a las que debe tratar <i>con cordialidad, sin desaires y con tolerancia en sus debilidades; <\/i>es decir,<i> con gran mansedumbre y caridad<\/i>, preocup\u00e1ndose especialmente <i>de su<\/i> <i>salvaci\u00f3n y perfecci\u00f3n.<\/i><\/p>\n<p>La autoridad puede chocar con la libertad de las compa\u00f1eras. Y dirigi\u00e9ndose a Sor Luisa, la compa\u00f1era de Sor B\u00e1rbara, se enfrenta a una disposici\u00f3n de mucha actualidad hoy d\u00eda, la libertad y su consecuencia: vivir la vida social como antes de ser Hija de la Caridad, <i>haciendo<\/i> <i>sin permiso visitas o viajes<\/i>. Como en la carta que meses antes hab\u00eda escrito a la Superiora de las Cistercienses, le dice a Sor Luisa que ella, al entrar en la Compa\u00f1\u00eda, ha asumido una <i>condici\u00f3n, <\/i>un estado de vida consagrada, distinto de las seglares. Y a\u00f1ade la obligaci\u00f3n que tiene de no hacer nada que haga peligrar la <i>perseverancia<\/i> en esta <i>condici\u00f3n<\/i> que hoy llamamos vocaci\u00f3n de <i>verdadera Hija de la Caridad<\/i>.<\/p>\n<p>En ese momento recuerda <i>que la causa de la mayor parte de las faltas que comete es que tiene usted dinero y que siempre le ha gustado tenerlo.<\/i> La conoc\u00eda bien, era una mujer que siempre le hab\u00eda gustado <i>vivir en todo seg\u00fan su voluntad y le costaba obedecer, a pesar de haber recibido voluntariamente a Sor B\u00e1rbara como Hermana Sirviente.<\/i><\/p>\n<p>Pero pone el remedio: reconciliarse mutuamente y confiar la una en la otra, porque si no se tienen confianza mutua, <i>cuando se ocasionen alg\u00fan disgusto<\/i> <i>ir\u00e1n a hablar a otras personas de lo que ocurre entre ustedes <\/i>(c. 371)<i>,<\/i> le dir\u00e1 a\u00f1os m\u00e1s tarde a la Hermana Sirviente de Chars, Sor Juliana Loret. Claro que, para reconciliarse, antes hay que saber reconocer los fallos. Y para dar ejemplo comienza reconociendo los suyos. Reconocer los fallos ser\u00e1 una constante en su direcci\u00f3n y caminar hacia la perfecci\u00f3n individual y comunitaria.<\/p>\n","protected":false},"excerpt":{"rendered":"<p>Las Visitas a las comunidades Vivir contenta y feliz en comunidad es lo primero que debe encontrar una Hija de la Caridad que vuelva a casa despu\u00e9s de evangelizar y servir a los pobres. Pero &#8230; <a href=\"https:\/\/vincentians.com\/es\/las-visitas-canonicas-y-la-vida-de-comunidad\/\" class=\"more-link\">Read More<\/a><\/p>\n","protected":false},"author":4,"featured_media":404138,"comment_status":"open","ping_status":"open","sticky":false,"template":"","format":"standard","meta":{"jetpack_post_was_ever_published":false,"_jetpack_newsletter_access":"","_jetpack_dont_email_post_to_subs":false,"_jetpack_newsletter_tier_id":0,"_jetpack_memberships_contains_paywalled_content":false,"_jetpack_memberships_contains_paid_content":false,"footnotes":"","jetpack_publicize_message":"","jetpack_publicize_feature_enabled":true,"jetpack_social_post_already_shared":true,"jetpack_social_options":{"image_generator_settings":{"template":"highway","default_image_id":0,"font":"","enabled":false},"version":2}},"categories":[199],"tags":[230,162,172,190],"class_list":["post-129818","post","type-post","status-publish","format-standard","has-post-thumbnail","hentry","category-hijas-de-la-caridad","tag-almeras","tag-gobillon","tag-pobreza","tag-rue-du-bac"],"yoast_head":"<!-- This site is optimized with the Yoast SEO plugin v26.3 - https:\/\/yoast.com\/wordpress\/plugins\/seo\/ -->\n<title>Las Visitas Can\u00f3nicas y la vida de comunidad - Somos Vicencianos<\/title>\n<meta name=\"robots\" content=\"index, follow, max-snippet:-1, max-image-preview:large, max-video-preview:-1\" \/>\n<link rel=\"canonical\" href=\"https:\/\/vincentians.com\/es\/las-visitas-canonicas-y-la-vida-de-comunidad\/\" \/>\n<meta property=\"og:locale\" content=\"es_ES\" \/>\n<meta property=\"og:type\" content=\"article\" \/>\n<meta property=\"og:title\" content=\"Las Visitas Can\u00f3nicas y la vida de comunidad - Somos Vicencianos\" \/>\n<meta property=\"og:description\" content=\"Las Visitas a las comunidades Vivir contenta y feliz en comunidad es lo primero que debe encontrar una Hija de la Caridad que vuelva a casa despu\u00e9s de evangelizar y servir a los pobres. Pero ... Read More\" \/>\n<meta property=\"og:url\" content=\"https:\/\/vincentians.com\/es\/las-visitas-canonicas-y-la-vida-de-comunidad\/\" \/>\n<meta property=\"og:site_name\" content=\"Somos Vicencianos\" \/>\n<meta property=\"article:publisher\" content=\"https:\/\/www.facebook.com\/WeAreVincentians\/\" \/>\n<meta property=\"article:author\" content=\"https:\/\/www.facebook.com\/JavierChento\" \/>\n<meta property=\"article:published_time\" content=\"2025-03-29T07:00:05+00:00\" \/>\n<meta property=\"og:image\" content=\"https:\/\/i0.wp.com\/vincentians.com\/es\/wp-content\/uploads\/sites\/11\/2013\/04\/Biblioteca_panoramica.jpg?fit=750%2C500&ssl=1\" \/>\n\t<meta property=\"og:image:width\" content=\"750\" \/>\n\t<meta property=\"og:image:height\" content=\"500\" \/>\n\t<meta property=\"og:image:type\" content=\"image\/jpeg\" \/>\n<meta name=\"author\" content=\"Francisco Javier Fern\u00e1ndez Chento\" \/>\n<meta name=\"twitter:card\" content=\"summary_large_image\" \/>\n<meta name=\"twitter:creator\" content=\"@https:\/\/twitter.com\/javierchento\" \/>\n<meta name=\"twitter:site\" content=\"@WeVincentians\" \/>\n<meta name=\"twitter:label1\" content=\"Escrito por\" \/>\n\t<meta name=\"twitter:data1\" content=\"Francisco Javier Fern\u00e1ndez Chento\" \/>\n\t<meta name=\"twitter:label2\" content=\"Tiempo de lectura\" \/>\n\t<meta name=\"twitter:data2\" content=\"14 minutos\" \/>\n<script type=\"application\/ld+json\" class=\"yoast-schema-graph\">{\"@context\":\"https:\/\/schema.org\",\"@graph\":[{\"@type\":\"Article\",\"@id\":\"https:\/\/vincentians.com\/es\/las-visitas-canonicas-y-la-vida-de-comunidad\/#article\",\"isPartOf\":{\"@id\":\"https:\/\/vincentians.com\/es\/las-visitas-canonicas-y-la-vida-de-comunidad\/\"},\"author\":{\"name\":\"Francisco Javier Fern\u00e1ndez Chento\",\"@id\":\"http:\/\/vincentians.com\/es\/#\/schema\/person\/9623ef4d9aa3b2dfb8c061f1499288f2\"},\"headline\":\"Las Visitas Can\u00f3nicas y la vida de comunidad\",\"datePublished\":\"2025-03-29T07:00:05+00:00\",\"mainEntityOfPage\":{\"@id\":\"https:\/\/vincentians.com\/es\/las-visitas-canonicas-y-la-vida-de-comunidad\/\"},\"wordCount\":4335,\"commentCount\":0,\"publisher\":{\"@id\":\"http:\/\/vincentians.com\/es\/#organization\"},\"image\":{\"@id\":\"https:\/\/vincentians.com\/es\/las-visitas-canonicas-y-la-vida-de-comunidad\/#primaryimage\"},\"thumbnailUrl\":\"https:\/\/i0.wp.com\/vincentians.com\/es\/wp-content\/uploads\/sites\/11\/2013\/04\/Biblioteca_panoramica.jpg?fit=750%2C500&ssl=1\",\"keywords\":[\"Almer\u00e1s\",\"Gobillon\",\"Pobreza\",\"Rue du Bac\"],\"articleSection\":[\"Hijas de la Caridad\"],\"inLanguage\":\"es\",\"potentialAction\":[{\"@type\":\"CommentAction\",\"name\":\"Comment\",\"target\":[\"https:\/\/vincentians.com\/es\/las-visitas-canonicas-y-la-vida-de-comunidad\/#respond\"]}]},{\"@type\":\"WebPage\",\"@id\":\"https:\/\/vincentians.com\/es\/las-visitas-canonicas-y-la-vida-de-comunidad\/\",\"url\":\"https:\/\/vincentians.com\/es\/las-visitas-canonicas-y-la-vida-de-comunidad\/\",\"name\":\"Las Visitas Can\u00f3nicas y la vida de comunidad - Somos Vicencianos\",\"isPartOf\":{\"@id\":\"http:\/\/vincentians.com\/es\/#website\"},\"primaryImageOfPage\":{\"@id\":\"https:\/\/vincentians.com\/es\/las-visitas-canonicas-y-la-vida-de-comunidad\/#primaryimage\"},\"image\":{\"@id\":\"https:\/\/vincentians.com\/es\/las-visitas-canonicas-y-la-vida-de-comunidad\/#primaryimage\"},\"thumbnailUrl\":\"https:\/\/i0.wp.com\/vincentians.com\/es\/wp-content\/uploads\/sites\/11\/2013\/04\/Biblioteca_panoramica.jpg?fit=750%2C500&ssl=1\",\"datePublished\":\"2025-03-29T07:00:05+00:00\",\"breadcrumb\":{\"@id\":\"https:\/\/vincentians.com\/es\/las-visitas-canonicas-y-la-vida-de-comunidad\/#breadcrumb\"},\"inLanguage\":\"es\",\"potentialAction\":[{\"@type\":\"ReadAction\",\"target\":[\"https:\/\/vincentians.com\/es\/las-visitas-canonicas-y-la-vida-de-comunidad\/\"]}]},{\"@type\":\"ImageObject\",\"inLanguage\":\"es\",\"@id\":\"https:\/\/vincentians.com\/es\/las-visitas-canonicas-y-la-vida-de-comunidad\/#primaryimage\",\"url\":\"https:\/\/i0.wp.com\/vincentians.com\/es\/wp-content\/uploads\/sites\/11\/2013\/04\/Biblioteca_panoramica.jpg?fit=750%2C500&ssl=1\",\"contentUrl\":\"https:\/\/i0.wp.com\/vincentians.com\/es\/wp-content\/uploads\/sites\/11\/2013\/04\/Biblioteca_panoramica.jpg?fit=750%2C500&ssl=1\",\"width\":750,\"height\":500},{\"@type\":\"BreadcrumbList\",\"@id\":\"https:\/\/vincentians.com\/es\/las-visitas-canonicas-y-la-vida-de-comunidad\/#breadcrumb\",\"itemListElement\":[{\"@type\":\"ListItem\",\"position\":1,\"name\":\"Portada\",\"item\":\"http:\/\/vincentians.com\/es\/\"},{\"@type\":\"ListItem\",\"position\":2,\"name\":\"Las Visitas Can\u00f3nicas y la vida de comunidad\"}]},{\"@type\":\"WebSite\",\"@id\":\"http:\/\/vincentians.com\/es\/#website\",\"url\":\"http:\/\/vincentians.com\/es\/\",\"name\":\"Somos Vicencianos\",\"description\":\"Know more to serve more\",\"publisher\":{\"@id\":\"http:\/\/vincentians.com\/es\/#organization\"},\"potentialAction\":[{\"@type\":\"SearchAction\",\"target\":{\"@type\":\"EntryPoint\",\"urlTemplate\":\"http:\/\/vincentians.com\/es\/?s={search_term_string}\"},\"query-input\":{\"@type\":\"PropertyValueSpecification\",\"valueRequired\":true,\"valueName\":\"search_term_string\"}}],\"inLanguage\":\"es\"},{\"@type\":\"Organization\",\"@id\":\"http:\/\/vincentians.com\/es\/#organization\",\"name\":\"The Vincentian Network\",\"url\":\"http:\/\/vincentians.com\/es\/\",\"logo\":{\"@type\":\"ImageObject\",\"inLanguage\":\"es\",\"@id\":\"http:\/\/vincentians.com\/es\/#\/schema\/logo\/image\/\",\"url\":\"https:\/\/i1.wp.com\/vincentians.com\/es\/wp-content\/uploads\/sites\/11\/2016\/06\/Vincentian-Network-logo-big.png?fit=778%2C778\",\"contentUrl\":\"https:\/\/i1.wp.com\/vincentians.com\/es\/wp-content\/uploads\/sites\/11\/2016\/06\/Vincentian-Network-logo-big.png?fit=778%2C778\",\"width\":778,\"height\":778,\"caption\":\"The Vincentian Network\"},\"image\":{\"@id\":\"http:\/\/vincentians.com\/es\/#\/schema\/logo\/image\/\"},\"sameAs\":[\"https:\/\/www.facebook.com\/WeAreVincentians\/\",\"https:\/\/x.com\/WeVincentians\"]},{\"@type\":\"Person\",\"@id\":\"http:\/\/vincentians.com\/es\/#\/schema\/person\/9623ef4d9aa3b2dfb8c061f1499288f2\",\"name\":\"Francisco Javier Fern\u00e1ndez Chento\",\"image\":{\"@type\":\"ImageObject\",\"inLanguage\":\"es\",\"@id\":\"http:\/\/vincentians.com\/es\/#\/schema\/person\/image\/\",\"url\":\"https:\/\/secure.gravatar.com\/avatar\/497d5cde87b4c3d097d0315953521681ba2cd523ee66e5077c3711f7021e65de?s=96&d=mm&r=g\",\"contentUrl\":\"https:\/\/secure.gravatar.com\/avatar\/497d5cde87b4c3d097d0315953521681ba2cd523ee66e5077c3711f7021e65de?s=96&d=mm&r=g\",\"caption\":\"Francisco Javier Fern\u00e1ndez Chento\"},\"description\":\"Director General y cofundador de La Red de Formaci\u00f3n Vicenciana. Javier es laico vicenciano, afiliado a la Congregaci\u00f3n de la Misi\u00f3n y miembro del Equipo de Misiones Populares de la provincia can\u00f3nica de Zaragoza (Espa\u00f1a) de la Congregaci\u00f3n de la Misi\u00f3n. Graduado en la Universidad Oberta de Catalunya con cuatro grados (Asistente de direcci\u00f3n, Gesti\u00f3n Administrativa, Recursos Humanos y Contabilidad Avanzada). Bil\u00edng\u00fce Espa\u00f1ol\/Ingl\u00e9s. gestiona y mantiene varias p\u00e1ginas web cristianas y vicencianas, incluida including La Red de Formaci\u00f3n Vicenciana, de la que es cofundador. Actualmente es responsable del \u00e1rea de Espa\u00f1ol de .famvin, la Red de Noticias de la Familia Vicenciana. Tambi\u00e9n es m\u00fasico cat\u00f3lico y ha editado varios discos. Es Director General y cofundador de Trovador, una reconocida compa\u00f1\u00eda discogr\u00e1fica critiana de Espa\u00f1a. Trabaja en las Tecnolog\u00edas de la Informaci\u00f3n, ofreciendo servicios de alojamiento, dise\u00f1o y mantenimiento Web, as\u00ed como asesoramiento, formaci\u00f3n y soluciones inform\u00e1ticas, gesti\u00f3n documental y digitalizaci\u00f3n de textos, edici\u00f3n y maquetaci\u00f3n de libros, revistas, flyers, etc.\",\"sameAs\":[\"http:\/\/chento.org\",\"https:\/\/www.facebook.com\/JavierChento\",\"https:\/\/x.com\/https:\/\/twitter.com\/javierchento\"],\"url\":\"https:\/\/vincentians.com\/es\/author\/chento\/\"}]}<\/script>\n<!-- \/ Yoast SEO plugin. -->","yoast_head_json":{"title":"Las Visitas Can\u00f3nicas y la vida de comunidad - Somos Vicencianos","robots":{"index":"index","follow":"follow","max-snippet":"max-snippet:-1","max-image-preview":"max-image-preview:large","max-video-preview":"max-video-preview:-1"},"canonical":"https:\/\/vincentians.com\/es\/las-visitas-canonicas-y-la-vida-de-comunidad\/","og_locale":"es_ES","og_type":"article","og_title":"Las Visitas Can\u00f3nicas y la vida de comunidad - Somos Vicencianos","og_description":"Las Visitas a las comunidades Vivir contenta y feliz en comunidad es lo primero que debe encontrar una Hija de la Caridad que vuelva a casa despu\u00e9s de evangelizar y servir a los pobres. Pero ... Read More","og_url":"https:\/\/vincentians.com\/es\/las-visitas-canonicas-y-la-vida-de-comunidad\/","og_site_name":"Somos Vicencianos","article_publisher":"https:\/\/www.facebook.com\/WeAreVincentians\/","article_author":"https:\/\/www.facebook.com\/JavierChento","article_published_time":"2025-03-29T07:00:05+00:00","og_image":[{"width":750,"height":500,"url":"https:\/\/i0.wp.com\/vincentians.com\/es\/wp-content\/uploads\/sites\/11\/2013\/04\/Biblioteca_panoramica.jpg?fit=750%2C500&ssl=1","type":"image\/jpeg"}],"author":"Francisco Javier Fern\u00e1ndez Chento","twitter_card":"summary_large_image","twitter_creator":"@https:\/\/twitter.com\/javierchento","twitter_site":"@WeVincentians","twitter_misc":{"Escrito por":"Francisco Javier Fern\u00e1ndez Chento","Tiempo de lectura":"14 minutos"},"schema":{"@context":"https:\/\/schema.org","@graph":[{"@type":"Article","@id":"https:\/\/vincentians.com\/es\/las-visitas-canonicas-y-la-vida-de-comunidad\/#article","isPartOf":{"@id":"https:\/\/vincentians.com\/es\/las-visitas-canonicas-y-la-vida-de-comunidad\/"},"author":{"name":"Francisco Javier Fern\u00e1ndez Chento","@id":"http:\/\/vincentians.com\/es\/#\/schema\/person\/9623ef4d9aa3b2dfb8c061f1499288f2"},"headline":"Las Visitas Can\u00f3nicas y la vida de comunidad","datePublished":"2025-03-29T07:00:05+00:00","mainEntityOfPage":{"@id":"https:\/\/vincentians.com\/es\/las-visitas-canonicas-y-la-vida-de-comunidad\/"},"wordCount":4335,"commentCount":0,"publisher":{"@id":"http:\/\/vincentians.com\/es\/#organization"},"image":{"@id":"https:\/\/vincentians.com\/es\/las-visitas-canonicas-y-la-vida-de-comunidad\/#primaryimage"},"thumbnailUrl":"https:\/\/i0.wp.com\/vincentians.com\/es\/wp-content\/uploads\/sites\/11\/2013\/04\/Biblioteca_panoramica.jpg?fit=750%2C500&ssl=1","keywords":["Almer\u00e1s","Gobillon","Pobreza","Rue du Bac"],"articleSection":["Hijas de la Caridad"],"inLanguage":"es","potentialAction":[{"@type":"CommentAction","name":"Comment","target":["https:\/\/vincentians.com\/es\/las-visitas-canonicas-y-la-vida-de-comunidad\/#respond"]}]},{"@type":"WebPage","@id":"https:\/\/vincentians.com\/es\/las-visitas-canonicas-y-la-vida-de-comunidad\/","url":"https:\/\/vincentians.com\/es\/las-visitas-canonicas-y-la-vida-de-comunidad\/","name":"Las Visitas Can\u00f3nicas y la vida de comunidad - Somos Vicencianos","isPartOf":{"@id":"http:\/\/vincentians.com\/es\/#website"},"primaryImageOfPage":{"@id":"https:\/\/vincentians.com\/es\/las-visitas-canonicas-y-la-vida-de-comunidad\/#primaryimage"},"image":{"@id":"https:\/\/vincentians.com\/es\/las-visitas-canonicas-y-la-vida-de-comunidad\/#primaryimage"},"thumbnailUrl":"https:\/\/i0.wp.com\/vincentians.com\/es\/wp-content\/uploads\/sites\/11\/2013\/04\/Biblioteca_panoramica.jpg?fit=750%2C500&ssl=1","datePublished":"2025-03-29T07:00:05+00:00","breadcrumb":{"@id":"https:\/\/vincentians.com\/es\/las-visitas-canonicas-y-la-vida-de-comunidad\/#breadcrumb"},"inLanguage":"es","potentialAction":[{"@type":"ReadAction","target":["https:\/\/vincentians.com\/es\/las-visitas-canonicas-y-la-vida-de-comunidad\/"]}]},{"@type":"ImageObject","inLanguage":"es","@id":"https:\/\/vincentians.com\/es\/las-visitas-canonicas-y-la-vida-de-comunidad\/#primaryimage","url":"https:\/\/i0.wp.com\/vincentians.com\/es\/wp-content\/uploads\/sites\/11\/2013\/04\/Biblioteca_panoramica.jpg?fit=750%2C500&ssl=1","contentUrl":"https:\/\/i0.wp.com\/vincentians.com\/es\/wp-content\/uploads\/sites\/11\/2013\/04\/Biblioteca_panoramica.jpg?fit=750%2C500&ssl=1","width":750,"height":500},{"@type":"BreadcrumbList","@id":"https:\/\/vincentians.com\/es\/las-visitas-canonicas-y-la-vida-de-comunidad\/#breadcrumb","itemListElement":[{"@type":"ListItem","position":1,"name":"Portada","item":"http:\/\/vincentians.com\/es\/"},{"@type":"ListItem","position":2,"name":"Las Visitas Can\u00f3nicas y la vida de comunidad"}]},{"@type":"WebSite","@id":"http:\/\/vincentians.com\/es\/#website","url":"http:\/\/vincentians.com\/es\/","name":"Somos Vicencianos","description":"Know more to serve more","publisher":{"@id":"http:\/\/vincentians.com\/es\/#organization"},"potentialAction":[{"@type":"SearchAction","target":{"@type":"EntryPoint","urlTemplate":"http:\/\/vincentians.com\/es\/?s={search_term_string}"},"query-input":{"@type":"PropertyValueSpecification","valueRequired":true,"valueName":"search_term_string"}}],"inLanguage":"es"},{"@type":"Organization","@id":"http:\/\/vincentians.com\/es\/#organization","name":"The Vincentian Network","url":"http:\/\/vincentians.com\/es\/","logo":{"@type":"ImageObject","inLanguage":"es","@id":"http:\/\/vincentians.com\/es\/#\/schema\/logo\/image\/","url":"https:\/\/i1.wp.com\/vincentians.com\/es\/wp-content\/uploads\/sites\/11\/2016\/06\/Vincentian-Network-logo-big.png?fit=778%2C778","contentUrl":"https:\/\/i1.wp.com\/vincentians.com\/es\/wp-content\/uploads\/sites\/11\/2016\/06\/Vincentian-Network-logo-big.png?fit=778%2C778","width":778,"height":778,"caption":"The Vincentian Network"},"image":{"@id":"http:\/\/vincentians.com\/es\/#\/schema\/logo\/image\/"},"sameAs":["https:\/\/www.facebook.com\/WeAreVincentians\/","https:\/\/x.com\/WeVincentians"]},{"@type":"Person","@id":"http:\/\/vincentians.com\/es\/#\/schema\/person\/9623ef4d9aa3b2dfb8c061f1499288f2","name":"Francisco Javier Fern\u00e1ndez Chento","image":{"@type":"ImageObject","inLanguage":"es","@id":"http:\/\/vincentians.com\/es\/#\/schema\/person\/image\/","url":"https:\/\/secure.gravatar.com\/avatar\/497d5cde87b4c3d097d0315953521681ba2cd523ee66e5077c3711f7021e65de?s=96&d=mm&r=g","contentUrl":"https:\/\/secure.gravatar.com\/avatar\/497d5cde87b4c3d097d0315953521681ba2cd523ee66e5077c3711f7021e65de?s=96&d=mm&r=g","caption":"Francisco Javier Fern\u00e1ndez Chento"},"description":"Director General y cofundador de La Red de Formaci\u00f3n Vicenciana. Javier es laico vicenciano, afiliado a la Congregaci\u00f3n de la Misi\u00f3n y miembro del Equipo de Misiones Populares de la provincia can\u00f3nica de Zaragoza (Espa\u00f1a) de la Congregaci\u00f3n de la Misi\u00f3n. Graduado en la Universidad Oberta de Catalunya con cuatro grados (Asistente de direcci\u00f3n, Gesti\u00f3n Administrativa, Recursos Humanos y Contabilidad Avanzada). Bil\u00edng\u00fce Espa\u00f1ol\/Ingl\u00e9s. gestiona y mantiene varias p\u00e1ginas web cristianas y vicencianas, incluida including La Red de Formaci\u00f3n Vicenciana, de la que es cofundador. Actualmente es responsable del \u00e1rea de Espa\u00f1ol de .famvin, la Red de Noticias de la Familia Vicenciana. Tambi\u00e9n es m\u00fasico cat\u00f3lico y ha editado varios discos. Es Director General y cofundador de Trovador, una reconocida compa\u00f1\u00eda discogr\u00e1fica critiana de Espa\u00f1a. Trabaja en las Tecnolog\u00edas de la Informaci\u00f3n, ofreciendo servicios de alojamiento, dise\u00f1o y mantenimiento Web, as\u00ed como asesoramiento, formaci\u00f3n y soluciones inform\u00e1ticas, gesti\u00f3n documental y digitalizaci\u00f3n de textos, edici\u00f3n y maquetaci\u00f3n de libros, revistas, flyers, etc.","sameAs":["http:\/\/chento.org","https:\/\/www.facebook.com\/JavierChento","https:\/\/x.com\/https:\/\/twitter.com\/javierchento"],"url":"https:\/\/vincentians.com\/es\/author\/chento\/"}]}},"jetpack_publicize_connections":[],"jetpack_featured_media_url":"https:\/\/i0.wp.com\/vincentians.com\/es\/wp-content\/uploads\/sites\/11\/2013\/04\/Biblioteca_panoramica.jpg?fit=750%2C500&ssl=1","jetpack_sharing_enabled":true,"jetpack_shortlink":"https:\/\/wp.me\/p7ETMF-xLQ","jetpack-related-posts":[{"id":387337,"url":"https:\/\/vincentians.com\/es\/fechas-en-la-vida-de-santa-luisa\/","url_meta":{"origin":129818,"position":0},"title":"Fechas en la vida de Santa Luisa","author":"Francisco Javier Fern\u00e1ndez Chento","date":"17\/10\/2021","format":false,"excerpt":"1591: Nace el 12 de agosto. Padres desconocidos, ciertamente de la familia Marillac. 1612: Rechazada en las religiosas capuchinas. 1613: Casada el 5 de febrero con Antonio Le Gras. Tuvo un hijo que se llam\u00f3 Miguel. 1625: Muere Antonio Le Gras el 21 de diciembre. Acepta a San Vicente de\u2026","rel":"","context":"En \u00abLuisa de Marillac\u00bb","block_context":{"text":"Luisa de Marillac","link":"https:\/\/vincentians.com\/es\/category\/la-familia-vicenciana\/fundadores\/luisa-de-marillac\/"},"img":{"alt_text":"","src":"https:\/\/i0.wp.com\/vincentians.com\/es\/wp-content\/uploads\/sites\/11\/2016\/08\/sata-luisa-de-marillac.jpg?fit=1200%2C630&ssl=1&resize=350%2C200","width":350,"height":200,"srcset":"https:\/\/i0.wp.com\/vincentians.com\/es\/wp-content\/uploads\/sites\/11\/2016\/08\/sata-luisa-de-marillac.jpg?fit=1200%2C630&ssl=1&resize=350%2C200 1x, https:\/\/i0.wp.com\/vincentians.com\/es\/wp-content\/uploads\/sites\/11\/2016\/08\/sata-luisa-de-marillac.jpg?fit=1200%2C630&ssl=1&resize=525%2C300 1.5x, https:\/\/i0.wp.com\/vincentians.com\/es\/wp-content\/uploads\/sites\/11\/2016\/08\/sata-luisa-de-marillac.jpg?fit=1200%2C630&ssl=1&resize=700%2C400 2x, https:\/\/i0.wp.com\/vincentians.com\/es\/wp-content\/uploads\/sites\/11\/2016\/08\/sata-luisa-de-marillac.jpg?fit=1200%2C630&ssl=1&resize=1050%2C600 3x"},"classes":[]},{"id":387415,"url":"https:\/\/vincentians.com\/es\/la-provincia-espanola-de-las-hijas-de-la-caridad-ix\/","url_meta":{"origin":129818,"position":1},"title":"La Provincia espa\u00f1ola de las Hijas de la Caridad (IX)","author":"Mitxel Olabu\u00e9naga","date":"20\/05\/2016","format":false,"excerpt":"Fundaci\u00f3n de la Inclusa, continuaci\u00f3n. Habiendo venido a Madrid, el Sr. Visitador para entender en el establecimiento del Real Noviciado, quiso aprovechar su estancia para asentar las bases de la Contrata de las Hermanas con la Inclusa, pues no pod\u00edan \u00e9stas estar a merced de cualquier antojo de aquellas nobles\u2026","rel":"","context":"En \u00abHistoria de las Hijas de la Caridad\u00bb","block_context":{"text":"Historia de las Hijas de la Caridad","link":"https:\/\/vincentians.com\/es\/category\/historia-de-la-familia-vicenciana\/historia-de-las-hijas-de-la-caridad\/"},"img":{"alt_text":"","src":"https:\/\/i0.wp.com\/vincentians.com\/es\/wp-content\/uploads\/sites\/11\/2016\/07\/hijas-caridad-espanya.jpg?fit=1200%2C630&ssl=1&resize=350%2C200","width":350,"height":200,"srcset":"https:\/\/i0.wp.com\/vincentians.com\/es\/wp-content\/uploads\/sites\/11\/2016\/07\/hijas-caridad-espanya.jpg?fit=1200%2C630&ssl=1&resize=350%2C200 1x, https:\/\/i0.wp.com\/vincentians.com\/es\/wp-content\/uploads\/sites\/11\/2016\/07\/hijas-caridad-espanya.jpg?fit=1200%2C630&ssl=1&resize=525%2C300 1.5x, https:\/\/i0.wp.com\/vincentians.com\/es\/wp-content\/uploads\/sites\/11\/2016\/07\/hijas-caridad-espanya.jpg?fit=1200%2C630&ssl=1&resize=700%2C400 2x, https:\/\/i0.wp.com\/vincentians.com\/es\/wp-content\/uploads\/sites\/11\/2016\/07\/hijas-caridad-espanya.jpg?fit=1200%2C630&ssl=1&resize=1050%2C600 3x"},"classes":[]},{"id":387743,"url":"https:\/\/vincentians.com\/es\/la-provincia-espanola-de-las-hijas-de-la-caridad-xxxiv\/","url_meta":{"origin":129818,"position":2},"title":"La Provincia espa\u00f1ola de las Hijas de la Caridad (XXXIV)","author":"Mitxel Olabu\u00e9naga","date":"01\/08\/2016","format":false,"excerpt":"A la muerte del P. Feu se modific\u00f3 el gobierno de las Hijas de la Caridad en Espa\u00f1a y se volvi\u00f3 a unir al cargo de Visitador de la Misi\u00f3n la Direcci\u00f3n general de las Hermanas, quedando suprimida la Casa de Capellanes adjunta al Real Noviciado. As\u00ed lo hab\u00eda deseado\u2026","rel":"","context":"En \u00abHistoria de las Hijas de la Caridad\u00bb","block_context":{"text":"Historia de las Hijas de la Caridad","link":"https:\/\/vincentians.com\/es\/category\/historia-de-la-familia-vicenciana\/historia-de-las-hijas-de-la-caridad\/"},"img":{"alt_text":"","src":"https:\/\/i0.wp.com\/vincentians.com\/es\/wp-content\/uploads\/sites\/11\/2016\/07\/hijas-caridad-espanya.jpg?fit=1200%2C630&ssl=1&resize=350%2C200","width":350,"height":200,"srcset":"https:\/\/i0.wp.com\/vincentians.com\/es\/wp-content\/uploads\/sites\/11\/2016\/07\/hijas-caridad-espanya.jpg?fit=1200%2C630&ssl=1&resize=350%2C200 1x, https:\/\/i0.wp.com\/vincentians.com\/es\/wp-content\/uploads\/sites\/11\/2016\/07\/hijas-caridad-espanya.jpg?fit=1200%2C630&ssl=1&resize=525%2C300 1.5x, https:\/\/i0.wp.com\/vincentians.com\/es\/wp-content\/uploads\/sites\/11\/2016\/07\/hijas-caridad-espanya.jpg?fit=1200%2C630&ssl=1&resize=700%2C400 2x, https:\/\/i0.wp.com\/vincentians.com\/es\/wp-content\/uploads\/sites\/11\/2016\/07\/hijas-caridad-espanya.jpg?fit=1200%2C630&ssl=1&resize=1050%2C600 3x"},"classes":[]},{"id":115913,"url":"https:\/\/vincentians.com\/es\/obrero-de-la-primera-hora-padre-portail-en-mosaico-iii\/","url_meta":{"origin":129818,"position":3},"title":"Obrero de la primera hora: Padre Portail en mosaico (III)","author":"Francisco Javier Fern\u00e1ndez Chento","date":"22\/05\/2021","format":false,"excerpt":"3. Primer Director de las Hijas de la Caridad Despu\u00e9s de 1640, el Padre Portail se convierte en el primer Director de las Hijas da Caridad (cf. SV IX,507), oficio que ocupar\u00e1 hasta el fin de sus d\u00edas, concili\u00e1ndolo con la acci\u00f3n misionera al lado de los pobres y con\u2026","rel":"","context":"En \u00abEn tiempos de Vicente de Pa\u00fal\u00bb","block_context":{"text":"En tiempos de Vicente de Pa\u00fal","link":"https:\/\/vincentians.com\/es\/category\/historia-de-la-familia-vicenciana\/en-tiempos-de-vicente-de-paul\/"},"img":{"alt_text":"","src":"https:\/\/i0.wp.com\/vincentians.com\/es\/wp-content\/uploads\/sites\/11\/2016\/09\/enviados-evangelizar-pobres.jpg?fit=1200%2C630&ssl=1&resize=350%2C200","width":350,"height":200,"srcset":"https:\/\/i0.wp.com\/vincentians.com\/es\/wp-content\/uploads\/sites\/11\/2016\/09\/enviados-evangelizar-pobres.jpg?fit=1200%2C630&ssl=1&resize=350%2C200 1x, https:\/\/i0.wp.com\/vincentians.com\/es\/wp-content\/uploads\/sites\/11\/2016\/09\/enviados-evangelizar-pobres.jpg?fit=1200%2C630&ssl=1&resize=525%2C300 1.5x, https:\/\/i0.wp.com\/vincentians.com\/es\/wp-content\/uploads\/sites\/11\/2016\/09\/enviados-evangelizar-pobres.jpg?fit=1200%2C630&ssl=1&resize=700%2C400 2x, https:\/\/i0.wp.com\/vincentians.com\/es\/wp-content\/uploads\/sites\/11\/2016\/09\/enviados-evangelizar-pobres.jpg?fit=1200%2C630&ssl=1&resize=1050%2C600 3x"},"classes":[]},{"id":127029,"url":"https:\/\/vincentians.com\/es\/la-direccion-de-la-compania\/","url_meta":{"origin":129818,"position":4},"title":"La direcci\u00f3n de la Compa\u00f1\u00eda","author":"Mitxel Olabu\u00e9naga","date":"12\/01\/2024","format":false,"excerpt":"De nuevo, en Par\u00eds El 24 de febrero, Luisa se puso en camino hacia Par\u00eds. Trayecto pesado y largo de va\u00adrios d\u00edas. El se\u00f1or Abad de Vaux le prest\u00f3 su carroza; Luisa estaba d\u00e9bil y quer\u00eda seguir los consejos que le hab\u00eda dado el se\u00f1or Vicente de no volver por\u2026","rel":"","context":"En \u00abHistoria de las Hijas de la Caridad\u00bb","block_context":{"text":"Historia de las Hijas de la Caridad","link":"https:\/\/vincentians.com\/es\/category\/historia-de-la-familia-vicenciana\/historia-de-las-hijas-de-la-caridad\/"},"img":{"alt_text":"","src":"https:\/\/i0.wp.com\/vincentians.com\/es\/wp-content\/uploads\/sites\/11\/2013\/04\/hijas-caridaqd.jpg?fit=1200%2C675&ssl=1&resize=350%2C200","width":350,"height":200,"srcset":"https:\/\/i0.wp.com\/vincentians.com\/es\/wp-content\/uploads\/sites\/11\/2013\/04\/hijas-caridaqd.jpg?fit=1200%2C675&ssl=1&resize=350%2C200 1x, https:\/\/i0.wp.com\/vincentians.com\/es\/wp-content\/uploads\/sites\/11\/2013\/04\/hijas-caridaqd.jpg?fit=1200%2C675&ssl=1&resize=525%2C300 1.5x, https:\/\/i0.wp.com\/vincentians.com\/es\/wp-content\/uploads\/sites\/11\/2013\/04\/hijas-caridaqd.jpg?fit=1200%2C675&ssl=1&resize=700%2C400 2x, https:\/\/i0.wp.com\/vincentians.com\/es\/wp-content\/uploads\/sites\/11\/2013\/04\/hijas-caridaqd.jpg?fit=1200%2C675&ssl=1&resize=1050%2C600 3x"},"classes":[]},{"id":387671,"url":"https:\/\/vincentians.com\/es\/la-direccion-de-la-compania-2\/","url_meta":{"origin":129818,"position":5},"title":"La direcci\u00f3n de la Compa\u00f1\u00eda","author":"Mitxel Olabu\u00e9naga","date":"20\/04\/2016","format":false,"excerpt":"De nuevo, en Par\u00eds El 24 de febrero, Luisa se puso en camino hacia Par\u00eds. Trayecto pesado y largo de va\u00adrios d\u00edas. El se\u00f1or Abad de Vaux le prest\u00f3 su carroza; Luisa estaba d\u00e9bil y quer\u00eda seguir los consejos que le hab\u00eda dado el se\u00f1or Vicente de no volver por\u2026","rel":"","context":"En \u00abHistoria de las Hijas de la Caridad\u00bb","block_context":{"text":"Historia de las Hijas de la Caridad","link":"https:\/\/vincentians.com\/es\/category\/historia-de-la-familia-vicenciana\/historia-de-las-hijas-de-la-caridad\/"},"img":{"alt_text":"Hijas de la Caridad","src":"https:\/\/i0.wp.com\/vicencianos.org\/wp-content\/uploads\/2016\/04\/Hijas-de-la-Caridad-300x225.jpg?resize=350%2C200","width":350,"height":200},"classes":[]}],"_links":{"self":[{"href":"https:\/\/vincentians.com\/es\/wp-json\/wp\/v2\/posts\/129818","targetHints":{"allow":["GET"]}}],"collection":[{"href":"https:\/\/vincentians.com\/es\/wp-json\/wp\/v2\/posts"}],"about":[{"href":"https:\/\/vincentians.com\/es\/wp-json\/wp\/v2\/types\/post"}],"author":[{"embeddable":true,"href":"https:\/\/vincentians.com\/es\/wp-json\/wp\/v2\/users\/4"}],"replies":[{"embeddable":true,"href":"https:\/\/vincentians.com\/es\/wp-json\/wp\/v2\/comments?post=129818"}],"version-history":[{"count":1,"href":"https:\/\/vincentians.com\/es\/wp-json\/wp\/v2\/posts\/129818\/revisions"}],"predecessor-version":[{"id":405925,"href":"https:\/\/vincentians.com\/es\/wp-json\/wp\/v2\/posts\/129818\/revisions\/405925"}],"wp:featuredmedia":[{"embeddable":true,"href":"https:\/\/vincentians.com\/es\/wp-json\/wp\/v2\/media\/404138"}],"wp:attachment":[{"href":"https:\/\/vincentians.com\/es\/wp-json\/wp\/v2\/media?parent=129818"}],"wp:term":[{"taxonomy":"category","embeddable":true,"href":"https:\/\/vincentians.com\/es\/wp-json\/wp\/v2\/categories?post=129818"},{"taxonomy":"post_tag","embeddable":true,"href":"https:\/\/vincentians.com\/es\/wp-json\/wp\/v2\/tags?post=129818"}],"curies":[{"name":"wp","href":"https:\/\/api.w.org\/{rel}","templated":true}]}}