{"id":129807,"date":"2014-03-09T08:17:05","date_gmt":"2014-03-09T07:17:05","guid":{"rendered":"http:\/\/somos.vicencianos.org\/?p=129807"},"modified":"2016-07-27T12:11:52","modified_gmt":"2016-07-27T10:11:52","slug":"estado-en-que-ha-quedado-la-casa-de-la-calle-provenza-1939","status":"publish","type":"post","link":"https:\/\/vincentians.com\/es\/estado-en-que-ha-quedado-la-casa-de-la-calle-provenza-1939\/","title":{"rendered":"Estado en que ha quedado la casa de la calle Provenza (1939)"},"content":{"rendered":"<p style=\"text-align: justify\"><strong><a href=\"http:\/\/vicencianos.org\/blog\/estado-en-que-ha-quedado-la-casa-de-la-calle-provenza-1939\/barcelona-3-3\/\" rel=\"attachment wp-att-129808\"><img data-recalc-dims=\"1\" loading=\"lazy\" decoding=\"async\" class=\"alignleft  wp-image-129808\" alt=\"Barcelona 3\" src=\"https:\/\/i0.wp.com\/vicencianos.org\/wp-content\/2014\/02\/Barcelona-3.jpg?resize=242%2C203\" width=\"242\" height=\"203\" \/><\/a>PLANTA BAJA<\/strong><\/p>\n<p style=\"text-align: justify\">PORTERIA Y RECIBIDOR. \u2014 En buen estado, salvo la puerta del segundo.<\/p>\n<p style=\"text-align: justify\">RETRETE. \u2014 Han desaparecido los waters y todas las tu\u00adber\u00edas, el local contin\u00faa en buen estado.<\/p>\n<p style=\"text-align: justify\">REFECTORIO Y COCINA. \u2014 El primero en buen estado, salvo la desaparici\u00f3n de las mesas y bancos y del p\u00falpito.<\/p>\n<p style=\"text-align: justify\">De la cocina no puedo dar detalles por no haberla visto.<\/p>\n<p style=\"text-align: justify\">CAPILLA DE COMUNIDAD.\u2014En buen estado, aunque con la desaparici\u00f3n de todos los muebles. Ha desaparecido el entarimado.<\/p>\n<p style=\"text-align: justify\">DEPENDENCIAS DE LA ESCUELA DE NI\u00d1OS. \u2014 Han desaparecido.<\/p>\n<p style=\"text-align: justify\">IGLESIA Y SACRISTIA. \u2014 La primera queda en pie y sus paredes maestras parecen estar en muy buen estado, a ex\u00adcepci\u00f3n de la pared de detr\u00e1s del altar mayor que parece ame\u00adnazar ruina. La Capilla del Ssmo. en buen estado. Lo mismo el coro, aunque la pared de la derecha (mirando al altar ma\u00adyor) est\u00e1 muy mal. Nada digo de la Sacrist\u00eda, porque no pude entrar en ella.<\/p>\n<p style=\"text-align: justify\"><b>PRIMER PISO<\/b><\/p>\n<p style=\"text-align: justify\">BIBLIOTECA. \u2014 En ella no quedan m\u00e1s que las cenizas de los numerosos libros quemados por la maldita horda roja. Han desaparecido la puerta y las ventanas.<\/p>\n<p style=\"text-align: justify\">RETRETE.\u2014Ha quedado igual que el de la planta baja.<\/p>\n<p style=\"text-align: justify\">APOSENTOS. \u2014 Los aposentos de la parte izquierda es\u00adt\u00e1n todos relativamente bien. Todos tienen su respectiva ven\u00adtana y ninguna puerta, a excepci\u00f3n del primero en el cual se conserva tambi\u00e9n la puerta.<\/p>\n<p style=\"text-align: justify\">Los de la parte derecha han quedado convertidos en un saloncito, pues han desaparecido los tabiques que separaban los aposentos entre s\u00ed. No obstante, el primer aposento est\u00e1 tambi\u00e9n en relativo buen estado, con ventana y puerta. Desde los otros aposentos de esta parte se ve la azotea, pues los apo\u00adsentos de encima han desaparecido destruidos.<\/p>\n<p style=\"text-align: justify\"><b>SEGUNDO PISO<\/b><\/p>\n<p style=\"text-align: justify\">PARTE DE ENCIMA DE LA BIBLIOTECA. \u2014 Aunque el enladrillado se conserva entero, el piso ha cedido bastante de\u00adbido a los ardores del fuego de la biblioteca, not\u00e1ndose una pronunciada curva hacia el primer piso. Sin embargo, estas habitaciones se conservan enteras, aunque del todo inservi\u00adbles.<\/p>\n<p style=\"text-align: justify\">RETRETE Y APOSENTOS.\u2014Exactamente igual que el primer piso, si bien los aposentos de la parte derecha del pasillo han desaparecido completamente (a excepci\u00f3n del pri\u00admero) ; desde el pasillo se ve por un ancho boquete (que abar\u00adca los cuatro restantes aposentos de la derecha) se ve, repito, el primer piso y la azotea.<\/p>\n<p style=\"text-align: justify\"><b>TERCER PISO<\/b><\/p>\n<p style=\"text-align: justify\">APOSENTOS DE ENCIMA DE LA BIBLIOTECA: \u2014 No s\u00e9 en que estado han quedado, pues no los he visitado.<\/p>\n<p style=\"text-align: justify\">RETRETES Y DEMAS APOSENTOS. \u2014 Exactamente co\u00admo el primero y segundo piso, salvo unos peque\u00f1os detalles de insignificante importancia.<\/p>\n<p style=\"text-align: justify\">APOSENTOS NUEVOS. \u2014 Todos en muy buen estado, con sus correspondientes ventanas. Ninguno tiene puerta.<\/p>\n<p style=\"text-align: justify\">LA ESCALERA.\u2014Aunque est\u00e1 entera, no ofrece garant\u00eda de seguridad. Hace un par de d\u00edas se coloc\u00f3 una puerta en el primer escal\u00f3n para que nadie pueda pasar.<\/p>\n<p style=\"text-align: justify\">EL CAMPANARIO est\u00e1 tambi\u00e9n enterito con sus campanas; as\u00ed parece desde fuera, porque yo no he subido a \u00e9l. LOS DOS TERRADOS del lado de la iglesia me parecieron que estaban muy bien, a ellos sub\u00ed para sacar unas fotos.<\/p>\n<p style=\"text-align: justify\"><b>Antonio Carr\u00e9, C. M.<\/b><\/p>\n","protected":false},"excerpt":{"rendered":"<p>PLANTA BAJA PORTERIA Y RECIBIDOR. \u2014 En buen estado, salvo la puerta del segundo. RETRETE. \u2014 Han desaparecido los waters y todas las tu\u00adber\u00edas, el local contin\u00faa en buen estado. REFECTORIO Y COCINA. \u2014 El &#8230; <a href=\"https:\/\/vincentians.com\/es\/estado-en-que-ha-quedado-la-casa-de-la-calle-provenza-1939\/\" class=\"more-link\">Read More<\/a><\/p>\n","protected":false},"author":5,"featured_media":129808,"comment_status":"open","ping_status":"open","sticky":false,"template":"","format":"standard","meta":{"rs_blank_template":"","rs_page_bg_color":"","slide_template_v7":"","_jetpack_newsletter_access":"","_jetpack_dont_email_post_to_subs":false,"_jetpack_newsletter_tier_id":0,"_jetpack_memberships_contains_paywalled_content":false,"_jetpack_feature_clip_id":0,"_jetpack_memberships_contains_paid_content":false,"footnotes":"","jetpack_publicize_message":"","jetpack_publicize_feature_enabled":true,"jetpack_social_post_already_shared":true,"jetpack_social_options":{"image_generator_settings":{"template":"highway","default_image_id":0,"font":"","enabled":false},"version":2},"jetpack_post_was_ever_published":false},"categories":[252],"tags":[],"class_list":["post-129807","post","type-post","status-publish","format-standard","has-post-thumbnail","hentry","category-historia-de-la-congregacion-de-la-mision-en-espana"],"yoast_head":"<!-- This site is optimized with the Yoast SEO plugin v27.9 - https:\/\/yoast.com\/product\/yoast-seo-wordpress\/ -->\n<title>Estado en que ha quedado la casa de la calle Provenza (1939) - Somos Vicencianos<\/title>\n<meta name=\"robots\" content=\"index, follow, max-snippet:-1, max-image-preview:large, max-video-preview:-1\" \/>\n<link rel=\"canonical\" href=\"https:\/\/vincentians.com\/es\/estado-en-que-ha-quedado-la-casa-de-la-calle-provenza-1939\/\" \/>\n<meta property=\"og:locale\" content=\"es_ES\" \/>\n<meta property=\"og:type\" content=\"article\" \/>\n<meta property=\"og:title\" content=\"Estado en que ha quedado la casa de la calle Provenza (1939) - Somos Vicencianos\" \/>\n<meta property=\"og:description\" content=\"PLANTA BAJA PORTERIA Y RECIBIDOR. \u2014 En buen estado, salvo la puerta del segundo. RETRETE. \u2014 Han desaparecido los waters y todas las tu\u00adber\u00edas, el local contin\u00faa en buen estado. REFECTORIO Y COCINA. \u2014 El ... Read More\" \/>\n<meta property=\"og:url\" content=\"https:\/\/vincentians.com\/es\/estado-en-que-ha-quedado-la-casa-de-la-calle-provenza-1939\/\" \/>\n<meta property=\"og:site_name\" content=\"Somos Vicencianos\" \/>\n<meta property=\"article:publisher\" content=\"https:\/\/www.facebook.com\/WeAreVincentians\/\" \/>\n<meta property=\"article:published_time\" content=\"2014-03-09T07:17:05+00:00\" \/>\n<meta property=\"article:modified_time\" content=\"2016-07-27T10:11:52+00:00\" \/>\n<meta name=\"author\" content=\"Mitxel Olabu\u00e9naga\" \/>\n<meta name=\"twitter:card\" content=\"summary_large_image\" \/>\n<meta name=\"twitter:creator\" content=\"@WeVincentians\" \/>\n<meta name=\"twitter:site\" content=\"@WeVincentians\" \/>\n<meta name=\"twitter:label1\" content=\"Escrito por\" \/>\n\t<meta name=\"twitter:data1\" content=\"Mitxel Olabu\u00e9naga\" \/>\n\t<meta name=\"twitter:label2\" content=\"Tiempo de lectura\" \/>\n\t<meta name=\"twitter:data2\" content=\"3 minutos\" \/>\n<script type=\"application\/ld+json\" class=\"yoast-schema-graph\">{\"@context\":\"https:\\\/\\\/schema.org\",\"@graph\":[{\"@type\":\"Article\",\"@id\":\"https:\\\/\\\/vincentians.com\\\/es\\\/estado-en-que-ha-quedado-la-casa-de-la-calle-provenza-1939\\\/#article\",\"isPartOf\":{\"@id\":\"https:\\\/\\\/vincentians.com\\\/es\\\/estado-en-que-ha-quedado-la-casa-de-la-calle-provenza-1939\\\/\"},\"author\":{\"name\":\"Mitxel Olabu\u00e9naga\",\"@id\":\"https:\\\/\\\/vincentians.com\\\/es\\\/#\\\/schema\\\/person\\\/7c2670b4445a7ca9d164ea6acdb31859\"},\"headline\":\"Estado en que ha quedado la casa de la calle Provenza (1939)\",\"datePublished\":\"2014-03-09T07:17:05+00:00\",\"dateModified\":\"2016-07-27T10:11:52+00:00\",\"mainEntityOfPage\":{\"@id\":\"https:\\\/\\\/vincentians.com\\\/es\\\/estado-en-que-ha-quedado-la-casa-de-la-calle-provenza-1939\\\/\"},\"wordCount\":544,\"commentCount\":0,\"publisher\":{\"@id\":\"https:\\\/\\\/vincentians.com\\\/es\\\/#organization\"},\"image\":{\"@id\":\"https:\\\/\\\/vincentians.com\\\/es\\\/estado-en-que-ha-quedado-la-casa-de-la-calle-provenza-1939\\\/#primaryimage\"},\"thumbnailUrl\":\"\",\"articleSection\":[\"Historia de la Congregaci\u00f3n de la Misi\u00f3n en Espa\u00f1a\"],\"inLanguage\":\"es\",\"potentialAction\":[{\"@type\":\"CommentAction\",\"name\":\"Comment\",\"target\":[\"https:\\\/\\\/vincentians.com\\\/es\\\/estado-en-que-ha-quedado-la-casa-de-la-calle-provenza-1939\\\/#respond\"]}]},{\"@type\":\"WebPage\",\"@id\":\"https:\\\/\\\/vincentians.com\\\/es\\\/estado-en-que-ha-quedado-la-casa-de-la-calle-provenza-1939\\\/\",\"url\":\"https:\\\/\\\/vincentians.com\\\/es\\\/estado-en-que-ha-quedado-la-casa-de-la-calle-provenza-1939\\\/\",\"name\":\"Estado en que ha quedado la casa de la calle Provenza (1939) - Somos Vicencianos\",\"isPartOf\":{\"@id\":\"https:\\\/\\\/vincentians.com\\\/es\\\/#website\"},\"primaryImageOfPage\":{\"@id\":\"https:\\\/\\\/vincentians.com\\\/es\\\/estado-en-que-ha-quedado-la-casa-de-la-calle-provenza-1939\\\/#primaryimage\"},\"image\":{\"@id\":\"https:\\\/\\\/vincentians.com\\\/es\\\/estado-en-que-ha-quedado-la-casa-de-la-calle-provenza-1939\\\/#primaryimage\"},\"thumbnailUrl\":\"\",\"datePublished\":\"2014-03-09T07:17:05+00:00\",\"dateModified\":\"2016-07-27T10:11:52+00:00\",\"breadcrumb\":{\"@id\":\"https:\\\/\\\/vincentians.com\\\/es\\\/estado-en-que-ha-quedado-la-casa-de-la-calle-provenza-1939\\\/#breadcrumb\"},\"inLanguage\":\"es\",\"potentialAction\":[{\"@type\":\"ReadAction\",\"target\":[\"https:\\\/\\\/vincentians.com\\\/es\\\/estado-en-que-ha-quedado-la-casa-de-la-calle-provenza-1939\\\/\"]}]},{\"@type\":\"ImageObject\",\"inLanguage\":\"es\",\"@id\":\"https:\\\/\\\/vincentians.com\\\/es\\\/estado-en-que-ha-quedado-la-casa-de-la-calle-provenza-1939\\\/#primaryimage\",\"url\":\"\",\"contentUrl\":\"\"},{\"@type\":\"BreadcrumbList\",\"@id\":\"https:\\\/\\\/vincentians.com\\\/es\\\/estado-en-que-ha-quedado-la-casa-de-la-calle-provenza-1939\\\/#breadcrumb\",\"itemListElement\":[{\"@type\":\"ListItem\",\"position\":1,\"name\":\"Portada\",\"item\":\"https:\\\/\\\/vincentians.com\\\/es\\\/\"},{\"@type\":\"ListItem\",\"position\":2,\"name\":\"Estado en que ha quedado la casa de la calle Provenza (1939)\"}]},{\"@type\":\"WebSite\",\"@id\":\"https:\\\/\\\/vincentians.com\\\/es\\\/#website\",\"url\":\"https:\\\/\\\/vincentians.com\\\/es\\\/\",\"name\":\"Somos Vicencianos\",\"description\":\"Know more to serve more\",\"publisher\":{\"@id\":\"https:\\\/\\\/vincentians.com\\\/es\\\/#organization\"},\"potentialAction\":[{\"@type\":\"SearchAction\",\"target\":{\"@type\":\"EntryPoint\",\"urlTemplate\":\"https:\\\/\\\/vincentians.com\\\/es\\\/?s={search_term_string}\"},\"query-input\":{\"@type\":\"PropertyValueSpecification\",\"valueRequired\":true,\"valueName\":\"search_term_string\"}}],\"inLanguage\":\"es\"},{\"@type\":\"Organization\",\"@id\":\"https:\\\/\\\/vincentians.com\\\/es\\\/#organization\",\"name\":\"The Vincentian Network\",\"url\":\"https:\\\/\\\/vincentians.com\\\/es\\\/\",\"logo\":{\"@type\":\"ImageObject\",\"inLanguage\":\"es\",\"@id\":\"https:\\\/\\\/vincentians.com\\\/es\\\/#\\\/schema\\\/logo\\\/image\\\/\",\"url\":\"https:\\\/\\\/i1.wp.com\\\/vincentians.com\\\/es\\\/wp-content\\\/uploads\\\/sites\\\/11\\\/2016\\\/06\\\/Vincentian-Network-logo-big.png?fit=778%2C778\",\"contentUrl\":\"https:\\\/\\\/i1.wp.com\\\/vincentians.com\\\/es\\\/wp-content\\\/uploads\\\/sites\\\/11\\\/2016\\\/06\\\/Vincentian-Network-logo-big.png?fit=778%2C778\",\"width\":778,\"height\":778,\"caption\":\"The Vincentian Network\"},\"image\":{\"@id\":\"https:\\\/\\\/vincentians.com\\\/es\\\/#\\\/schema\\\/logo\\\/image\\\/\"},\"sameAs\":[\"https:\\\/\\\/www.facebook.com\\\/WeAreVincentians\\\/\",\"https:\\\/\\\/x.com\\\/WeVincentians\"]},{\"@type\":\"Person\",\"@id\":\"https:\\\/\\\/vincentians.com\\\/es\\\/#\\\/schema\\\/person\\\/7c2670b4445a7ca9d164ea6acdb31859\",\"name\":\"Mitxel Olabu\u00e9naga\",\"image\":{\"@type\":\"ImageObject\",\"inLanguage\":\"es\",\"@id\":\"https:\\\/\\\/secure.gravatar.com\\\/avatar\\\/34137ec2e2b8939cbbed975731e71f3f4f1defc7266ded337a5ce0f925426877?s=96&d=mm&r=g\",\"url\":\"https:\\\/\\\/secure.gravatar.com\\\/avatar\\\/34137ec2e2b8939cbbed975731e71f3f4f1defc7266ded337a5ce0f925426877?s=96&d=mm&r=g\",\"contentUrl\":\"https:\\\/\\\/secure.gravatar.com\\\/avatar\\\/34137ec2e2b8939cbbed975731e71f3f4f1defc7266ded337a5ce0f925426877?s=96&d=mm&r=g\",\"caption\":\"Mitxel Olabu\u00e9naga\"},\"url\":\"https:\\\/\\\/vincentians.com\\\/es\\\/author\\\/mitxel\\\/\"}]}<\/script>\n<!-- \/ Yoast SEO plugin. -->","yoast_head_json":{"title":"Estado en que ha quedado la casa de la calle Provenza (1939) - Somos Vicencianos","robots":{"index":"index","follow":"follow","max-snippet":"max-snippet:-1","max-image-preview":"max-image-preview:large","max-video-preview":"max-video-preview:-1"},"canonical":"https:\/\/vincentians.com\/es\/estado-en-que-ha-quedado-la-casa-de-la-calle-provenza-1939\/","og_locale":"es_ES","og_type":"article","og_title":"Estado en que ha quedado la casa de la calle Provenza (1939) - Somos Vicencianos","og_description":"PLANTA BAJA PORTERIA Y RECIBIDOR. \u2014 En buen estado, salvo la puerta del segundo. RETRETE. \u2014 Han desaparecido los waters y todas las tu\u00adber\u00edas, el local contin\u00faa en buen estado. REFECTORIO Y COCINA. \u2014 El ... Read More","og_url":"https:\/\/vincentians.com\/es\/estado-en-que-ha-quedado-la-casa-de-la-calle-provenza-1939\/","og_site_name":"Somos Vicencianos","article_publisher":"https:\/\/www.facebook.com\/WeAreVincentians\/","article_published_time":"2014-03-09T07:17:05+00:00","article_modified_time":"2016-07-27T10:11:52+00:00","author":"Mitxel Olabu\u00e9naga","twitter_card":"summary_large_image","twitter_creator":"@WeVincentians","twitter_site":"@WeVincentians","twitter_misc":{"Escrito por":"Mitxel Olabu\u00e9naga","Tiempo de lectura":"3 minutos"},"schema":{"@context":"https:\/\/schema.org","@graph":[{"@type":"Article","@id":"https:\/\/vincentians.com\/es\/estado-en-que-ha-quedado-la-casa-de-la-calle-provenza-1939\/#article","isPartOf":{"@id":"https:\/\/vincentians.com\/es\/estado-en-que-ha-quedado-la-casa-de-la-calle-provenza-1939\/"},"author":{"name":"Mitxel Olabu\u00e9naga","@id":"https:\/\/vincentians.com\/es\/#\/schema\/person\/7c2670b4445a7ca9d164ea6acdb31859"},"headline":"Estado en que ha quedado la casa de la calle Provenza (1939)","datePublished":"2014-03-09T07:17:05+00:00","dateModified":"2016-07-27T10:11:52+00:00","mainEntityOfPage":{"@id":"https:\/\/vincentians.com\/es\/estado-en-que-ha-quedado-la-casa-de-la-calle-provenza-1939\/"},"wordCount":544,"commentCount":0,"publisher":{"@id":"https:\/\/vincentians.com\/es\/#organization"},"image":{"@id":"https:\/\/vincentians.com\/es\/estado-en-que-ha-quedado-la-casa-de-la-calle-provenza-1939\/#primaryimage"},"thumbnailUrl":"","articleSection":["Historia de la Congregaci\u00f3n de la Misi\u00f3n en Espa\u00f1a"],"inLanguage":"es","potentialAction":[{"@type":"CommentAction","name":"Comment","target":["https:\/\/vincentians.com\/es\/estado-en-que-ha-quedado-la-casa-de-la-calle-provenza-1939\/#respond"]}]},{"@type":"WebPage","@id":"https:\/\/vincentians.com\/es\/estado-en-que-ha-quedado-la-casa-de-la-calle-provenza-1939\/","url":"https:\/\/vincentians.com\/es\/estado-en-que-ha-quedado-la-casa-de-la-calle-provenza-1939\/","name":"Estado en que ha quedado la casa de la calle Provenza (1939) - Somos Vicencianos","isPartOf":{"@id":"https:\/\/vincentians.com\/es\/#website"},"primaryImageOfPage":{"@id":"https:\/\/vincentians.com\/es\/estado-en-que-ha-quedado-la-casa-de-la-calle-provenza-1939\/#primaryimage"},"image":{"@id":"https:\/\/vincentians.com\/es\/estado-en-que-ha-quedado-la-casa-de-la-calle-provenza-1939\/#primaryimage"},"thumbnailUrl":"","datePublished":"2014-03-09T07:17:05+00:00","dateModified":"2016-07-27T10:11:52+00:00","breadcrumb":{"@id":"https:\/\/vincentians.com\/es\/estado-en-que-ha-quedado-la-casa-de-la-calle-provenza-1939\/#breadcrumb"},"inLanguage":"es","potentialAction":[{"@type":"ReadAction","target":["https:\/\/vincentians.com\/es\/estado-en-que-ha-quedado-la-casa-de-la-calle-provenza-1939\/"]}]},{"@type":"ImageObject","inLanguage":"es","@id":"https:\/\/vincentians.com\/es\/estado-en-que-ha-quedado-la-casa-de-la-calle-provenza-1939\/#primaryimage","url":"","contentUrl":""},{"@type":"BreadcrumbList","@id":"https:\/\/vincentians.com\/es\/estado-en-que-ha-quedado-la-casa-de-la-calle-provenza-1939\/#breadcrumb","itemListElement":[{"@type":"ListItem","position":1,"name":"Portada","item":"https:\/\/vincentians.com\/es\/"},{"@type":"ListItem","position":2,"name":"Estado en que ha quedado la casa de la calle Provenza (1939)"}]},{"@type":"WebSite","@id":"https:\/\/vincentians.com\/es\/#website","url":"https:\/\/vincentians.com\/es\/","name":"Somos Vicencianos","description":"Know more to serve more","publisher":{"@id":"https:\/\/vincentians.com\/es\/#organization"},"potentialAction":[{"@type":"SearchAction","target":{"@type":"EntryPoint","urlTemplate":"https:\/\/vincentians.com\/es\/?s={search_term_string}"},"query-input":{"@type":"PropertyValueSpecification","valueRequired":true,"valueName":"search_term_string"}}],"inLanguage":"es"},{"@type":"Organization","@id":"https:\/\/vincentians.com\/es\/#organization","name":"The Vincentian Network","url":"https:\/\/vincentians.com\/es\/","logo":{"@type":"ImageObject","inLanguage":"es","@id":"https:\/\/vincentians.com\/es\/#\/schema\/logo\/image\/","url":"https:\/\/i1.wp.com\/vincentians.com\/es\/wp-content\/uploads\/sites\/11\/2016\/06\/Vincentian-Network-logo-big.png?fit=778%2C778","contentUrl":"https:\/\/i1.wp.com\/vincentians.com\/es\/wp-content\/uploads\/sites\/11\/2016\/06\/Vincentian-Network-logo-big.png?fit=778%2C778","width":778,"height":778,"caption":"The Vincentian Network"},"image":{"@id":"https:\/\/vincentians.com\/es\/#\/schema\/logo\/image\/"},"sameAs":["https:\/\/www.facebook.com\/WeAreVincentians\/","https:\/\/x.com\/WeVincentians"]},{"@type":"Person","@id":"https:\/\/vincentians.com\/es\/#\/schema\/person\/7c2670b4445a7ca9d164ea6acdb31859","name":"Mitxel Olabu\u00e9naga","image":{"@type":"ImageObject","inLanguage":"es","@id":"https:\/\/secure.gravatar.com\/avatar\/34137ec2e2b8939cbbed975731e71f3f4f1defc7266ded337a5ce0f925426877?s=96&d=mm&r=g","url":"https:\/\/secure.gravatar.com\/avatar\/34137ec2e2b8939cbbed975731e71f3f4f1defc7266ded337a5ce0f925426877?s=96&d=mm&r=g","contentUrl":"https:\/\/secure.gravatar.com\/avatar\/34137ec2e2b8939cbbed975731e71f3f4f1defc7266ded337a5ce0f925426877?s=96&d=mm&r=g","caption":"Mitxel Olabu\u00e9naga"},"url":"https:\/\/vincentians.com\/es\/author\/mitxel\/"}]}},"jetpack_publicize_connections":[],"jetpack_featured_media_url":"","jetpack_sharing_enabled":true,"jetpack_shortlink":"https:\/\/wp.me\/p7ETMF-xLF","jetpack-related-posts":[{"id":124438,"url":"https:\/\/vincentians.com\/es\/historia-de-los-paules-en-cuba-capitulo-xii-a\/","url_meta":{"origin":129807,"position":0},"title":"Historia de los PA\u00daLES en Cuba (CAP\u00cdTULO XII A)","author":"Mitxel Olabu\u00e9naga","date":"09\/05\/2023","format":false,"excerpt":"1. El \u00e9xodo de los Misioneros. Comienzan los a\u00f1os dif\u00edciles. Despu\u00e9s del \u00e9xodo obligatorio de agosto-septiembre de 1961, los Padres de la Congregaci\u00f3n de la Misi\u00f3n quedaron aturdidos y confusos, como toda la Iglesia Cat\u00f3lica en Cuba. No era para menos. El trabajo realizado con gran dedicaci\u00f3n durante muchos a\u00f1os,\u2026","rel":"","context":"En \u00abHistoria de la Congregaci\u00f3n de la Misi\u00f3n\u00bb","block_context":{"text":"Historia de la Congregaci\u00f3n de la Misi\u00f3n","link":"https:\/\/vincentians.com\/es\/category\/historia-de-la-familia-vicenciana\/historia-de-la-congregacion-de-la-mision\/"},"img":{"alt_text":"","src":"https:\/\/i0.wp.com\/vincentians.com\/es\/wp-content\/uploads\/sites\/11\/2013\/05\/Cuba-Iglesia-de-La-Milagrosa-La-Habana.png?fit=1200%2C919&ssl=1&resize=350%2C200","width":350,"height":200,"srcset":"https:\/\/i0.wp.com\/vincentians.com\/es\/wp-content\/uploads\/sites\/11\/2013\/05\/Cuba-Iglesia-de-La-Milagrosa-La-Habana.png?fit=1200%2C919&ssl=1&resize=350%2C200 1x, https:\/\/i0.wp.com\/vincentians.com\/es\/wp-content\/uploads\/sites\/11\/2013\/05\/Cuba-Iglesia-de-La-Milagrosa-La-Habana.png?fit=1200%2C919&ssl=1&resize=525%2C300 1.5x, https:\/\/i0.wp.com\/vincentians.com\/es\/wp-content\/uploads\/sites\/11\/2013\/05\/Cuba-Iglesia-de-La-Milagrosa-La-Habana.png?fit=1200%2C919&ssl=1&resize=700%2C400 2x, https:\/\/i0.wp.com\/vincentians.com\/es\/wp-content\/uploads\/sites\/11\/2013\/05\/Cuba-Iglesia-de-La-Milagrosa-La-Habana.png?fit=1200%2C919&ssl=1&resize=1050%2C600 3x"},"classes":[]},{"id":130463,"url":"https:\/\/vincentians.com\/es\/bodas-de-oro-de-la-casa-de-figueras-apuntes-historicos-ii\/","url_meta":{"origin":129807,"position":1},"title":"Bodas de Oro de la Casa de Figueras. Apuntes hist\u00f3ricos (II)","author":"Mitxel Olabu\u00e9naga","date":"14\/05\/2014","format":false,"excerpt":"II.- SU ACTUACI\u00d3N En nuestro art\u00edculo anterior \"Antecedentes y fundaci\u00f3n\", histori\u00e1bamos lo que podr\u00edamos llamar el duro trabajo de desmonte de la serie de dificultades con que hubo de tropezar la fundaci\u00f3n; el dif\u00edcil del trazado de la fijaci\u00f3n de los fines b\u00e1sicos de la misma; y el previsor y\u2026","rel":"","context":"En \u00abHistoria de la Congregaci\u00f3n de la Misi\u00f3n\u00bb","block_context":{"text":"Historia de la Congregaci\u00f3n de la Misi\u00f3n","link":"https:\/\/vincentians.com\/es\/category\/historia-de-la-familia-vicenciana\/historia-de-la-congregacion-de-la-mision\/"},"img":{"alt_text":"msoD39DA","src":"https:\/\/i0.wp.com\/vicencianos.org\/wp-content\/2014\/05\/msoD39DA.jpg?resize=350%2C200","width":350,"height":200},"classes":[]},{"id":130349,"url":"https:\/\/vincentians.com\/es\/ante-los-muros-caidos-de-la-primera-casa-mision-de-espana\/","url_meta":{"origin":129807,"position":2},"title":"Ante los muros ca\u00eddos de la Primera Casa Misi\u00f3n de Espa\u00f1a","author":"Mitxel Olabu\u00e9naga","date":"29\/04\/2014","format":false,"excerpt":"Lejos todav\u00eda de Barcelona, a fines del pr\u00f3ximo pasado mes de Marzo, sorprendi\u00f3nos dolorosamente un recorte period\u00edstico, al que acompa\u00f1aban como orla de luto estas breves l\u00edneas sentida y bellamente escritas por uno de los misioneros de nuestra Comunidad de Provenza: \"No sin honda nostalgia los ojos de los hijos\u2026","rel":"","context":"En \u00abHistoria de la Congregaci\u00f3n de la Misi\u00f3n en Espa\u00f1a\u00bb","block_context":{"text":"Historia de la Congregaci\u00f3n de la Misi\u00f3n en Espa\u00f1a","link":"https:\/\/vincentians.com\/es\/category\/historia-de-la-familia-vicenciana\/historia-de-la-congregacion-de-la-mision-en-espana\/"},"img":{"alt_text":"msoE0049","src":"https:\/\/i0.wp.com\/vicencianos.org\/wp-content\/2014\/04\/msoE0049.jpg?resize=350%2C200","width":350,"height":200},"classes":[]},{"id":5226,"url":"https:\/\/vincentians.com\/es\/vicente-de-paul-carta-0218-a-luisa-de-marillac\/","url_meta":{"origin":129807,"position":3},"title":"Vicente de Pa\u00fal, Carta 0218: A Luisa De Marillac","author":"Francisco Javier Fern\u00e1ndez Chento","date":"23\/11\/2008","format":false,"excerpt":"[Entre 1634 y 1636] Se\u00f1orita: La gracia de Jesucristo Nuestro Se\u00f1or sea siempre con nosotros. Le doy gracias muy humildemente por la molestia que se ha tomado al comunicarme sus noticias, y ruego a Nuestro Se\u00f1or que la robustezca cada vez m\u00e1s. Su carta me encontr\u00f3 todav\u00eda en la cama,\u2026","rel":"","context":"En \u00abEscritos de Vicente de Pa\u00fal\u00bb","block_context":{"text":"Escritos de Vicente de Pa\u00fal","link":"https:\/\/vincentians.com\/es\/category\/escritos\/escritos-de-vicente-de-paul\/"},"img":{"alt_text":"","src":"https:\/\/i0.wp.com\/vincentians.com\/es\/wp-content\/uploads\/sites\/11\/2016\/07\/escritos-vicente-de-paul.jpg?fit=1200%2C630&ssl=1&resize=350%2C200","width":350,"height":200,"srcset":"https:\/\/i0.wp.com\/vincentians.com\/es\/wp-content\/uploads\/sites\/11\/2016\/07\/escritos-vicente-de-paul.jpg?fit=1200%2C630&ssl=1&resize=350%2C200 1x, https:\/\/i0.wp.com\/vincentians.com\/es\/wp-content\/uploads\/sites\/11\/2016\/07\/escritos-vicente-de-paul.jpg?fit=1200%2C630&ssl=1&resize=525%2C300 1.5x, https:\/\/i0.wp.com\/vincentians.com\/es\/wp-content\/uploads\/sites\/11\/2016\/07\/escritos-vicente-de-paul.jpg?fit=1200%2C630&ssl=1&resize=700%2C400 2x, https:\/\/i0.wp.com\/vincentians.com\/es\/wp-content\/uploads\/sites\/11\/2016\/07\/escritos-vicente-de-paul.jpg?fit=1200%2C630&ssl=1&resize=1050%2C600 3x"},"classes":[]},{"id":119274,"url":"https:\/\/vincentians.com\/es\/historia-de-los-paules-en-cuba-capitulo-vi-a\/","url_meta":{"origin":129807,"position":4},"title":"Historia de los Pa\u00fales en Cuba: Cap\u00edtulo VI (A)","author":"Mitxel Olabu\u00e9naga","date":"15\/04\/2013","format":false,"excerpt":"1. Repercusiones de la Guerra de 1895 en las casas de Santiago de Cuba, Matanzas y La Habana. El 15 de febrero de 1898 ocurri\u00f3 un incidente anterior a la guerra hispano- estadounidense, en el cual, una explosi\u00f3n misteriosa hundi\u00f3 el acorazado estadounidense Maine que estaba anclando en la bah\u00eda\u2026","rel":"","context":"En \u00abHistoria de la Congregaci\u00f3n de la Misi\u00f3n\u00bb","block_context":{"text":"Historia de la Congregaci\u00f3n de la Misi\u00f3n","link":"https:\/\/vincentians.com\/es\/category\/historia-de-la-familia-vicenciana\/historia-de-la-congregacion-de-la-mision\/"},"img":{"alt_text":"41747943_95fc4657ec","src":"https:\/\/i0.wp.com\/vicencianos.org\/wp-content\/2013\/02\/41747943_95fc4657ec.jpg?resize=350%2C200","width":350,"height":200},"classes":[]},{"id":125084,"url":"https:\/\/vincentians.com\/es\/vicente-de-paul-carta-1158-a-luisa-de-marillac\/","url_meta":{"origin":129807,"position":5},"title":"Vicente de Pa\u00fal, Carta 1158: A Luisa De Marillac","author":"Francisco Javier Fern\u00e1ndez Chento","date":"14\/11\/2013","format":false,"excerpt":"Richelieu, 29 mayo 1649. Se\u00f1orita: He recibido la suya, que me ha llenado de aflicci\u00f3n y de consuelo al mismo tiempo, al conocer su indisposici\u00f3n y curaci\u00f3n a la vez; doy por todo ello gracias a Dios y le ruego que le d\u00e9 cada vez m\u00e1s fuerzas. Ha desaparecido, gracias\u2026","rel":"","context":"En \u00abEscritos de Vicente de Pa\u00fal\u00bb","block_context":{"text":"Escritos de Vicente de Pa\u00fal","link":"https:\/\/vincentians.com\/es\/category\/escritos\/escritos-de-vicente-de-paul\/"},"img":{"alt_text":"","src":"https:\/\/i0.wp.com\/vincentians.com\/es\/wp-content\/uploads\/sites\/11\/2016\/07\/escritos-vicente-de-paul.jpg?fit=1200%2C630&ssl=1&resize=350%2C200","width":350,"height":200,"srcset":"https:\/\/i0.wp.com\/vincentians.com\/es\/wp-content\/uploads\/sites\/11\/2016\/07\/escritos-vicente-de-paul.jpg?fit=1200%2C630&ssl=1&resize=350%2C200 1x, https:\/\/i0.wp.com\/vincentians.com\/es\/wp-content\/uploads\/sites\/11\/2016\/07\/escritos-vicente-de-paul.jpg?fit=1200%2C630&ssl=1&resize=525%2C300 1.5x, https:\/\/i0.wp.com\/vincentians.com\/es\/wp-content\/uploads\/sites\/11\/2016\/07\/escritos-vicente-de-paul.jpg?fit=1200%2C630&ssl=1&resize=700%2C400 2x, https:\/\/i0.wp.com\/vincentians.com\/es\/wp-content\/uploads\/sites\/11\/2016\/07\/escritos-vicente-de-paul.jpg?fit=1200%2C630&ssl=1&resize=1050%2C600 3x"},"classes":[]}],"_links":{"self":[{"href":"https:\/\/vincentians.com\/es\/wp-json\/wp\/v2\/posts\/129807","targetHints":{"allow":["GET"]}}],"collection":[{"href":"https:\/\/vincentians.com\/es\/wp-json\/wp\/v2\/posts"}],"about":[{"href":"https:\/\/vincentians.com\/es\/wp-json\/wp\/v2\/types\/post"}],"author":[{"embeddable":true,"href":"https:\/\/vincentians.com\/es\/wp-json\/wp\/v2\/users\/5"}],"replies":[{"embeddable":true,"href":"https:\/\/vincentians.com\/es\/wp-json\/wp\/v2\/comments?post=129807"}],"version-history":[{"count":0,"href":"https:\/\/vincentians.com\/es\/wp-json\/wp\/v2\/posts\/129807\/revisions"}],"wp:attachment":[{"href":"https:\/\/vincentians.com\/es\/wp-json\/wp\/v2\/media?parent=129807"}],"wp:term":[{"taxonomy":"category","embeddable":true,"href":"https:\/\/vincentians.com\/es\/wp-json\/wp\/v2\/categories?post=129807"},{"taxonomy":"post_tag","embeddable":true,"href":"https:\/\/vincentians.com\/es\/wp-json\/wp\/v2\/tags?post=129807"}],"curies":[{"name":"wp","href":"https:\/\/api.w.org\/{rel}","templated":true}]}}