{"id":12940,"date":"2015-02-26T04:00:31","date_gmt":"2015-02-26T03:00:31","guid":{"rendered":"http:\/\/somos.vicencianos.org\/blog\/?p=12940"},"modified":"2015-02-26T04:00:31","modified_gmt":"2015-02-26T03:00:31","slug":"oracion-de-la-familia-vicentina","status":"publish","type":"post","link":"https:\/\/vincentians.com\/es\/oracion-de-la-familia-vicentina\/","title":{"rendered":"Oraci\u00f3n de la Familia Vicentina"},"content":{"rendered":"<p style=\"text-align: center\">Se\u00f1or Jes\u00fas, T\u00fa que quisiste hacerte pobre,<br \/>\nhaz que tengamos ojos y coraz\u00f3n para los pobres;<br \/>\ny que te reconozcamos a Ti en ellos;<br \/>\nen su sed, en su hambre, en su soledad, en su desventura.<\/p>\n<p style=\"text-align: center\">Suscita en nuestra Familia Vicentina<br \/>\nla unidad, la sencillez, la humildad<br \/>\ny el fuego de la caridad<br \/>\nque abras\u00f3 a San Vicente de Pa\u00fal<\/p>\n<p style=\"text-align: center\">Danos fortaleza para que, fieles a la pr\u00e1ctica de estas virtudes,<br \/>\npodamos contemplarte y servirte en la persona de los pobres<br \/>\ny un d\u00eda unirnos a Ti y a ellos en tu Reino.<\/p>\n<p style=\"text-align: center\"><a href=\"https:\/\/i0.wp.com\/vicencianos.org\/wp-content\/2010\/03\/famvin1.jpg\"><img data-recalc-dims=\"1\" decoding=\"async\" class=\"size-full wp-image-83939 alignnone\" title=\"famvin\" src=\"https:\/\/i0.wp.com\/vicencianos.org\/wp-content\/2010\/03\/famvin1.jpg?w=585\" alt=\"\"  \/><\/a><\/p>\n","protected":false},"excerpt":{"rendered":"<p>Se\u00f1or Jes\u00fas, T\u00fa que quisiste hacerte pobre, haz que tengamos ojos y coraz\u00f3n para los pobres; y que te reconozcamos a Ti en ellos; en su sed, en su hambre, en su soledad, en su &#8230; <a href=\"https:\/\/vincentians.com\/es\/oracion-de-la-familia-vicentina\/\" class=\"more-link\">Read More<\/a><\/p>\n","protected":false},"author":4,"featured_media":83939,"comment_status":"open","ping_status":"open","sticky":false,"template":"","format":"standard","meta":{"jetpack_post_was_ever_published":false,"_jetpack_newsletter_access":"","_jetpack_dont_email_post_to_subs":false,"_jetpack_newsletter_tier_id":0,"_jetpack_memberships_contains_paywalled_content":false,"_jetpack_memberships_contains_paid_content":false,"footnotes":"","jetpack_publicize_message":"","jetpack_publicize_feature_enabled":true,"jetpack_social_post_already_shared":true,"jetpack_social_options":{"image_generator_settings":{"template":"highway","default_image_id":0,"font":"","enabled":false},"version":2}},"categories":[226,205],"tags":[],"class_list":["post-12940","post","type-post","status-publish","format-standard","has-post-thumbnail","hentry","category-espiritualidad-vicenciana","category-oracion"],"yoast_head":"<!-- This site is optimized with the Yoast SEO plugin v26.3 - https:\/\/yoast.com\/wordpress\/plugins\/seo\/ -->\n<title>Oraci\u00f3n de la Familia Vicentina - Somos Vicencianos<\/title>\n<meta name=\"robots\" content=\"index, follow, max-snippet:-1, max-image-preview:large, max-video-preview:-1\" \/>\n<link rel=\"canonical\" href=\"http:\/\/vincentians.com\/es\/oracion-de-la-familia-vicentina\/\" \/>\n<meta property=\"og:locale\" content=\"es_ES\" \/>\n<meta property=\"og:type\" content=\"article\" \/>\n<meta property=\"og:title\" content=\"Oraci\u00f3n de la Familia Vicentina - Somos Vicencianos\" \/>\n<meta property=\"og:description\" content=\"Se\u00f1or Jes\u00fas, T\u00fa que quisiste hacerte pobre, haz que tengamos ojos y coraz\u00f3n para los pobres; y que te reconozcamos a Ti en ellos; en su sed, en su hambre, en su soledad, en su ... Read More\" \/>\n<meta property=\"og:url\" content=\"http:\/\/vincentians.com\/es\/oracion-de-la-familia-vicentina\/\" \/>\n<meta property=\"og:site_name\" content=\"Somos Vicencianos\" \/>\n<meta property=\"article:publisher\" content=\"https:\/\/www.facebook.com\/WeAreVincentians\/\" \/>\n<meta property=\"article:author\" content=\"https:\/\/www.facebook.com\/JavierChento\" \/>\n<meta property=\"article:published_time\" content=\"2015-02-26T03:00:31+00:00\" \/>\n<meta name=\"author\" content=\"Francisco Javier Fern\u00e1ndez Chento\" \/>\n<meta name=\"twitter:card\" content=\"summary_large_image\" \/>\n<meta name=\"twitter:creator\" content=\"@https:\/\/twitter.com\/javierchento\" \/>\n<meta name=\"twitter:site\" content=\"@WeVincentians\" \/>\n<meta name=\"twitter:label1\" content=\"Escrito por\" \/>\n\t<meta name=\"twitter:data1\" content=\"Francisco Javier Fern\u00e1ndez Chento\" \/>\n<script type=\"application\/ld+json\" class=\"yoast-schema-graph\">{\"@context\":\"https:\/\/schema.org\",\"@graph\":[{\"@type\":\"Article\",\"@id\":\"http:\/\/vincentians.com\/es\/oracion-de-la-familia-vicentina\/#article\",\"isPartOf\":{\"@id\":\"http:\/\/vincentians.com\/es\/oracion-de-la-familia-vicentina\/\"},\"author\":{\"name\":\"Francisco Javier Fern\u00e1ndez Chento\",\"@id\":\"http:\/\/vincentians.com\/es\/#\/schema\/person\/9623ef4d9aa3b2dfb8c061f1499288f2\"},\"headline\":\"Oraci\u00f3n de la Familia Vicentina\",\"datePublished\":\"2015-02-26T03:00:31+00:00\",\"mainEntityOfPage\":{\"@id\":\"http:\/\/vincentians.com\/es\/oracion-de-la-familia-vicentina\/\"},\"wordCount\":105,\"commentCount\":1,\"publisher\":{\"@id\":\"http:\/\/vincentians.com\/es\/#organization\"},\"image\":{\"@id\":\"http:\/\/vincentians.com\/es\/oracion-de-la-familia-vicentina\/#primaryimage\"},\"thumbnailUrl\":\"\",\"articleSection\":[\"Espiritualidad vicenciana\",\"Oraci\u00f3n\"],\"inLanguage\":\"es\",\"potentialAction\":[{\"@type\":\"CommentAction\",\"name\":\"Comment\",\"target\":[\"http:\/\/vincentians.com\/es\/oracion-de-la-familia-vicentina\/#respond\"]}]},{\"@type\":\"WebPage\",\"@id\":\"http:\/\/vincentians.com\/es\/oracion-de-la-familia-vicentina\/\",\"url\":\"http:\/\/vincentians.com\/es\/oracion-de-la-familia-vicentina\/\",\"name\":\"Oraci\u00f3n de la Familia Vicentina - Somos Vicencianos\",\"isPartOf\":{\"@id\":\"http:\/\/vincentians.com\/es\/#website\"},\"primaryImageOfPage\":{\"@id\":\"http:\/\/vincentians.com\/es\/oracion-de-la-familia-vicentina\/#primaryimage\"},\"image\":{\"@id\":\"http:\/\/vincentians.com\/es\/oracion-de-la-familia-vicentina\/#primaryimage\"},\"thumbnailUrl\":\"\",\"datePublished\":\"2015-02-26T03:00:31+00:00\",\"breadcrumb\":{\"@id\":\"http:\/\/vincentians.com\/es\/oracion-de-la-familia-vicentina\/#breadcrumb\"},\"inLanguage\":\"es\",\"potentialAction\":[{\"@type\":\"ReadAction\",\"target\":[\"http:\/\/vincentians.com\/es\/oracion-de-la-familia-vicentina\/\"]}]},{\"@type\":\"ImageObject\",\"inLanguage\":\"es\",\"@id\":\"http:\/\/vincentians.com\/es\/oracion-de-la-familia-vicentina\/#primaryimage\",\"url\":\"\",\"contentUrl\":\"\"},{\"@type\":\"BreadcrumbList\",\"@id\":\"http:\/\/vincentians.com\/es\/oracion-de-la-familia-vicentina\/#breadcrumb\",\"itemListElement\":[{\"@type\":\"ListItem\",\"position\":1,\"name\":\"Portada\",\"item\":\"http:\/\/vincentians.com\/es\/\"},{\"@type\":\"ListItem\",\"position\":2,\"name\":\"Oraci\u00f3n de la Familia Vicentina\"}]},{\"@type\":\"WebSite\",\"@id\":\"http:\/\/vincentians.com\/es\/#website\",\"url\":\"http:\/\/vincentians.com\/es\/\",\"name\":\"Somos Vicencianos\",\"description\":\"Know more to serve more\",\"publisher\":{\"@id\":\"http:\/\/vincentians.com\/es\/#organization\"},\"potentialAction\":[{\"@type\":\"SearchAction\",\"target\":{\"@type\":\"EntryPoint\",\"urlTemplate\":\"http:\/\/vincentians.com\/es\/?s={search_term_string}\"},\"query-input\":{\"@type\":\"PropertyValueSpecification\",\"valueRequired\":true,\"valueName\":\"search_term_string\"}}],\"inLanguage\":\"es\"},{\"@type\":\"Organization\",\"@id\":\"http:\/\/vincentians.com\/es\/#organization\",\"name\":\"The Vincentian Network\",\"url\":\"http:\/\/vincentians.com\/es\/\",\"logo\":{\"@type\":\"ImageObject\",\"inLanguage\":\"es\",\"@id\":\"http:\/\/vincentians.com\/es\/#\/schema\/logo\/image\/\",\"url\":\"https:\/\/i1.wp.com\/vincentians.com\/es\/wp-content\/uploads\/sites\/11\/2016\/06\/Vincentian-Network-logo-big.png?fit=778%2C778\",\"contentUrl\":\"https:\/\/i1.wp.com\/vincentians.com\/es\/wp-content\/uploads\/sites\/11\/2016\/06\/Vincentian-Network-logo-big.png?fit=778%2C778\",\"width\":778,\"height\":778,\"caption\":\"The Vincentian Network\"},\"image\":{\"@id\":\"http:\/\/vincentians.com\/es\/#\/schema\/logo\/image\/\"},\"sameAs\":[\"https:\/\/www.facebook.com\/WeAreVincentians\/\",\"https:\/\/x.com\/WeVincentians\"]},{\"@type\":\"Person\",\"@id\":\"http:\/\/vincentians.com\/es\/#\/schema\/person\/9623ef4d9aa3b2dfb8c061f1499288f2\",\"name\":\"Francisco Javier Fern\u00e1ndez Chento\",\"image\":{\"@type\":\"ImageObject\",\"inLanguage\":\"es\",\"@id\":\"http:\/\/vincentians.com\/es\/#\/schema\/person\/image\/\",\"url\":\"https:\/\/secure.gravatar.com\/avatar\/497d5cde87b4c3d097d0315953521681ba2cd523ee66e5077c3711f7021e65de?s=96&d=mm&r=g\",\"contentUrl\":\"https:\/\/secure.gravatar.com\/avatar\/497d5cde87b4c3d097d0315953521681ba2cd523ee66e5077c3711f7021e65de?s=96&d=mm&r=g\",\"caption\":\"Francisco Javier Fern\u00e1ndez Chento\"},\"description\":\"Director General y cofundador de La Red de Formaci\u00f3n Vicenciana. Javier es laico vicenciano, afiliado a la Congregaci\u00f3n de la Misi\u00f3n y miembro del Equipo de Misiones Populares de la provincia can\u00f3nica de Zaragoza (Espa\u00f1a) de la Congregaci\u00f3n de la Misi\u00f3n. Graduado en la Universidad Oberta de Catalunya con cuatro grados (Asistente de direcci\u00f3n, Gesti\u00f3n Administrativa, Recursos Humanos y Contabilidad Avanzada). Bil\u00edng\u00fce Espa\u00f1ol\/Ingl\u00e9s. gestiona y mantiene varias p\u00e1ginas web cristianas y vicencianas, incluida including La Red de Formaci\u00f3n Vicenciana, de la que es cofundador. Actualmente es responsable del \u00e1rea de Espa\u00f1ol de .famvin, la Red de Noticias de la Familia Vicenciana. Tambi\u00e9n es m\u00fasico cat\u00f3lico y ha editado varios discos. Es Director General y cofundador de Trovador, una reconocida compa\u00f1\u00eda discogr\u00e1fica critiana de Espa\u00f1a. Trabaja en las Tecnolog\u00edas de la Informaci\u00f3n, ofreciendo servicios de alojamiento, dise\u00f1o y mantenimiento Web, as\u00ed como asesoramiento, formaci\u00f3n y soluciones inform\u00e1ticas, gesti\u00f3n documental y digitalizaci\u00f3n de textos, edici\u00f3n y maquetaci\u00f3n de libros, revistas, flyers, etc.\",\"sameAs\":[\"http:\/\/chento.org\",\"https:\/\/www.facebook.com\/JavierChento\",\"https:\/\/x.com\/https:\/\/twitter.com\/javierchento\"],\"url\":\"https:\/\/vincentians.com\/es\/author\/chento\/\"}]}<\/script>\n<!-- \/ Yoast SEO plugin. -->","yoast_head_json":{"title":"Oraci\u00f3n de la Familia Vicentina - Somos Vicencianos","robots":{"index":"index","follow":"follow","max-snippet":"max-snippet:-1","max-image-preview":"max-image-preview:large","max-video-preview":"max-video-preview:-1"},"canonical":"http:\/\/vincentians.com\/es\/oracion-de-la-familia-vicentina\/","og_locale":"es_ES","og_type":"article","og_title":"Oraci\u00f3n de la Familia Vicentina - Somos Vicencianos","og_description":"Se\u00f1or Jes\u00fas, T\u00fa que quisiste hacerte pobre, haz que tengamos ojos y coraz\u00f3n para los pobres; y que te reconozcamos a Ti en ellos; en su sed, en su hambre, en su soledad, en su ... Read More","og_url":"http:\/\/vincentians.com\/es\/oracion-de-la-familia-vicentina\/","og_site_name":"Somos Vicencianos","article_publisher":"https:\/\/www.facebook.com\/WeAreVincentians\/","article_author":"https:\/\/www.facebook.com\/JavierChento","article_published_time":"2015-02-26T03:00:31+00:00","author":"Francisco Javier Fern\u00e1ndez Chento","twitter_card":"summary_large_image","twitter_creator":"@https:\/\/twitter.com\/javierchento","twitter_site":"@WeVincentians","twitter_misc":{"Escrito por":"Francisco Javier Fern\u00e1ndez Chento"},"schema":{"@context":"https:\/\/schema.org","@graph":[{"@type":"Article","@id":"http:\/\/vincentians.com\/es\/oracion-de-la-familia-vicentina\/#article","isPartOf":{"@id":"http:\/\/vincentians.com\/es\/oracion-de-la-familia-vicentina\/"},"author":{"name":"Francisco Javier Fern\u00e1ndez Chento","@id":"http:\/\/vincentians.com\/es\/#\/schema\/person\/9623ef4d9aa3b2dfb8c061f1499288f2"},"headline":"Oraci\u00f3n de la Familia Vicentina","datePublished":"2015-02-26T03:00:31+00:00","mainEntityOfPage":{"@id":"http:\/\/vincentians.com\/es\/oracion-de-la-familia-vicentina\/"},"wordCount":105,"commentCount":1,"publisher":{"@id":"http:\/\/vincentians.com\/es\/#organization"},"image":{"@id":"http:\/\/vincentians.com\/es\/oracion-de-la-familia-vicentina\/#primaryimage"},"thumbnailUrl":"","articleSection":["Espiritualidad vicenciana","Oraci\u00f3n"],"inLanguage":"es","potentialAction":[{"@type":"CommentAction","name":"Comment","target":["http:\/\/vincentians.com\/es\/oracion-de-la-familia-vicentina\/#respond"]}]},{"@type":"WebPage","@id":"http:\/\/vincentians.com\/es\/oracion-de-la-familia-vicentina\/","url":"http:\/\/vincentians.com\/es\/oracion-de-la-familia-vicentina\/","name":"Oraci\u00f3n de la Familia Vicentina - Somos Vicencianos","isPartOf":{"@id":"http:\/\/vincentians.com\/es\/#website"},"primaryImageOfPage":{"@id":"http:\/\/vincentians.com\/es\/oracion-de-la-familia-vicentina\/#primaryimage"},"image":{"@id":"http:\/\/vincentians.com\/es\/oracion-de-la-familia-vicentina\/#primaryimage"},"thumbnailUrl":"","datePublished":"2015-02-26T03:00:31+00:00","breadcrumb":{"@id":"http:\/\/vincentians.com\/es\/oracion-de-la-familia-vicentina\/#breadcrumb"},"inLanguage":"es","potentialAction":[{"@type":"ReadAction","target":["http:\/\/vincentians.com\/es\/oracion-de-la-familia-vicentina\/"]}]},{"@type":"ImageObject","inLanguage":"es","@id":"http:\/\/vincentians.com\/es\/oracion-de-la-familia-vicentina\/#primaryimage","url":"","contentUrl":""},{"@type":"BreadcrumbList","@id":"http:\/\/vincentians.com\/es\/oracion-de-la-familia-vicentina\/#breadcrumb","itemListElement":[{"@type":"ListItem","position":1,"name":"Portada","item":"http:\/\/vincentians.com\/es\/"},{"@type":"ListItem","position":2,"name":"Oraci\u00f3n de la Familia Vicentina"}]},{"@type":"WebSite","@id":"http:\/\/vincentians.com\/es\/#website","url":"http:\/\/vincentians.com\/es\/","name":"Somos Vicencianos","description":"Know more to serve more","publisher":{"@id":"http:\/\/vincentians.com\/es\/#organization"},"potentialAction":[{"@type":"SearchAction","target":{"@type":"EntryPoint","urlTemplate":"http:\/\/vincentians.com\/es\/?s={search_term_string}"},"query-input":{"@type":"PropertyValueSpecification","valueRequired":true,"valueName":"search_term_string"}}],"inLanguage":"es"},{"@type":"Organization","@id":"http:\/\/vincentians.com\/es\/#organization","name":"The Vincentian Network","url":"http:\/\/vincentians.com\/es\/","logo":{"@type":"ImageObject","inLanguage":"es","@id":"http:\/\/vincentians.com\/es\/#\/schema\/logo\/image\/","url":"https:\/\/i1.wp.com\/vincentians.com\/es\/wp-content\/uploads\/sites\/11\/2016\/06\/Vincentian-Network-logo-big.png?fit=778%2C778","contentUrl":"https:\/\/i1.wp.com\/vincentians.com\/es\/wp-content\/uploads\/sites\/11\/2016\/06\/Vincentian-Network-logo-big.png?fit=778%2C778","width":778,"height":778,"caption":"The Vincentian Network"},"image":{"@id":"http:\/\/vincentians.com\/es\/#\/schema\/logo\/image\/"},"sameAs":["https:\/\/www.facebook.com\/WeAreVincentians\/","https:\/\/x.com\/WeVincentians"]},{"@type":"Person","@id":"http:\/\/vincentians.com\/es\/#\/schema\/person\/9623ef4d9aa3b2dfb8c061f1499288f2","name":"Francisco Javier Fern\u00e1ndez Chento","image":{"@type":"ImageObject","inLanguage":"es","@id":"http:\/\/vincentians.com\/es\/#\/schema\/person\/image\/","url":"https:\/\/secure.gravatar.com\/avatar\/497d5cde87b4c3d097d0315953521681ba2cd523ee66e5077c3711f7021e65de?s=96&d=mm&r=g","contentUrl":"https:\/\/secure.gravatar.com\/avatar\/497d5cde87b4c3d097d0315953521681ba2cd523ee66e5077c3711f7021e65de?s=96&d=mm&r=g","caption":"Francisco Javier Fern\u00e1ndez Chento"},"description":"Director General y cofundador de La Red de Formaci\u00f3n Vicenciana. Javier es laico vicenciano, afiliado a la Congregaci\u00f3n de la Misi\u00f3n y miembro del Equipo de Misiones Populares de la provincia can\u00f3nica de Zaragoza (Espa\u00f1a) de la Congregaci\u00f3n de la Misi\u00f3n. Graduado en la Universidad Oberta de Catalunya con cuatro grados (Asistente de direcci\u00f3n, Gesti\u00f3n Administrativa, Recursos Humanos y Contabilidad Avanzada). Bil\u00edng\u00fce Espa\u00f1ol\/Ingl\u00e9s. gestiona y mantiene varias p\u00e1ginas web cristianas y vicencianas, incluida including La Red de Formaci\u00f3n Vicenciana, de la que es cofundador. Actualmente es responsable del \u00e1rea de Espa\u00f1ol de .famvin, la Red de Noticias de la Familia Vicenciana. Tambi\u00e9n es m\u00fasico cat\u00f3lico y ha editado varios discos. Es Director General y cofundador de Trovador, una reconocida compa\u00f1\u00eda discogr\u00e1fica critiana de Espa\u00f1a. Trabaja en las Tecnolog\u00edas de la Informaci\u00f3n, ofreciendo servicios de alojamiento, dise\u00f1o y mantenimiento Web, as\u00ed como asesoramiento, formaci\u00f3n y soluciones inform\u00e1ticas, gesti\u00f3n documental y digitalizaci\u00f3n de textos, edici\u00f3n y maquetaci\u00f3n de libros, revistas, flyers, etc.","sameAs":["http:\/\/chento.org","https:\/\/www.facebook.com\/JavierChento","https:\/\/x.com\/https:\/\/twitter.com\/javierchento"],"url":"https:\/\/vincentians.com\/es\/author\/chento\/"}]}},"jetpack_publicize_connections":[],"jetpack_featured_media_url":"","jetpack_sharing_enabled":true,"jetpack_shortlink":"https:\/\/wp.me\/p7ETMF-3mI","jetpack-related-posts":[{"id":51144,"url":"https:\/\/vincentians.com\/es\/regla-comentada-de-la-ssvp-4-relaciones-con-la-red-vicentina-y-catolica-de-caridad\/","url_meta":{"origin":12940,"position":0},"title":"Regla comentada de la SSVP (4. Relaciones con la red vicentina y cat\u00f3lica de caridad)","author":"Francisco Javier Fern\u00e1ndez Chento","date":"05\/02\/2015","format":false,"excerpt":"4. Relaciones con la red vicentina y cat\u00f3lica de caridad 4.1 Hermanamientos Las Conferencias y Consejos se ayudan entre si, tanto en el interior de los pa\u00edses, como con las del resto del mundo siendo esta actividad, una de las mas queridas por la So\u00adciedad y los vicentinos. La toma\u2026","rel":"","context":"En \u00abDocumentos de la Sociedad de San Vicente de Pa\u00fal\u00bb","block_context":{"text":"Documentos de la Sociedad de San Vicente de Pa\u00fal","link":"https:\/\/vincentians.com\/es\/category\/formacion-vicenciana\/documentos-oficiales-de-la-familia-vicenciana\/documentos-de-la-sociedad-de-san-vicente-de-paul\/"},"img":{"alt_text":"","src":"https:\/\/i0.wp.com\/vicencianos.org\/wp-content\/2011\/10\/regla_ssvp_comentada-158x300.jpg?resize=350%2C200","width":350,"height":200},"classes":[]},{"id":22855,"url":"https:\/\/vincentians.com\/es\/la-oracion-fuente-de-la-vida-espiritual-para-el-joven-vicentino\/","url_meta":{"origin":12940,"position":1},"title":"La oraci\u00f3n, fuente de la vida espiritual para el joven vicentino","author":"Francisco Javier Fern\u00e1ndez Chento","date":"17\/08\/2013","format":false,"excerpt":"Analizamos nuestra realidad Vivimos en un mundo secularizado, increyente, materialista y consumista, una sociedad que valora m\u00e1s el hacer que el ser. \u00a1Cu\u00e1nto tienes, tanto vales!. Nuestra sociedad sufre de carencia de valores, hombres y mujeres que se llenan de cosas para calmar sus propios vac\u00edos. Nuestros j\u00f3venes que siguen\u2026","rel":"","context":"En \u00abFormaci\u00f3n Vicenciana\u00bb","block_context":{"text":"Formaci\u00f3n Vicenciana","link":"https:\/\/vincentians.com\/es\/category\/formacion-vicenciana\/"},"img":{"alt_text":"","src":"https:\/\/i0.wp.com\/vicencianos.org\/wp-content\/2010\/12\/madrid11-195x300.jpg?resize=350%2C200","width":350,"height":200},"classes":[]},{"id":51136,"url":"https:\/\/vincentians.com\/es\/regla-comentada-de-la-ssvp-2-espiritualidad-vicentina-y-vocacion\/","url_meta":{"origin":12940,"position":2},"title":"Regla comentada de la SSVP (2. Espiritualidad vicentina y vocaci\u00f3n)","author":"Francisco Javier Fern\u00e1ndez Chento","date":"03\/02\/2015","format":false,"excerpt":"2. Espiritualidad vicentina y vocaci\u00f3n La Fe en Cristo y la vida de gracia \"Seg\u00fan lo dicho, rehabilitados ahora por la fe, estamos en paz con Dios, por la obra de Nuestro Se\u00f1or Jes\u00fas Me\u00ads\u00edas, pues por El tuvimos entrada a esta situaci\u00f3n de gra\u00adcia, en la que nos encontramos\u2026","rel":"","context":"En \u00abDocumentos de la Sociedad de San Vicente de Pa\u00fal\u00bb","block_context":{"text":"Documentos de la Sociedad de San Vicente de Pa\u00fal","link":"https:\/\/vincentians.com\/es\/category\/formacion-vicenciana\/documentos-oficiales-de-la-familia-vicenciana\/documentos-de-la-sociedad-de-san-vicente-de-paul\/"},"img":{"alt_text":"","src":"https:\/\/i0.wp.com\/vicencianos.org\/wp-content\/2011\/10\/regla_ssvp_comentada-158x300.jpg?resize=350%2C200","width":350,"height":200},"classes":[]},{"id":137108,"url":"https:\/\/vincentians.com\/es\/estatutos-de-navyl-en-colombia\/","url_meta":{"origin":12940,"position":3},"title":"Estatutos de NAVYL en Colombia","author":"Francisco Javier Fern\u00e1ndez Chento","date":"30\/01\/2015","format":false,"excerpt":"Fundaci\u00f3n: La rama de la Familia Vicentina, Navyl, Ni\u00f1os amigos de Vicente y Luisa, naci\u00f3 en Cali el 15 de marzo de 1991, con ocasi\u00f3n de la celebraci\u00f3n de los 400 a\u00f1os del nacimiento de Santa Luisa de Marillac, para perpetuar su memoria y presentarla como modelo al igual que\u2026","rel":"","context":"En \u00abDocumentos de otras Ramas e Instituciones vicencianas\u00bb","block_context":{"text":"Documentos de otras Ramas e Instituciones vicencianas","link":"https:\/\/vincentians.com\/es\/category\/formacion-vicenciana\/documentos-oficiales-de-la-familia-vicenciana\/documentos-de-otras-ramas-e-instituciones-vicencianas\/"},"img":{"alt_text":"navyl","src":"https:\/\/i0.wp.com\/vicencianos.org\/wp-content\/2014\/01\/navyl-300x300.jpg?resize=350%2C200","width":350,"height":200},"classes":[]},{"id":48119,"url":"https:\/\/vincentians.com\/es\/primera-asamblea-general-de-la-juventud-mariana-vicentina-documento-final\/","url_meta":{"origin":12940,"position":4},"title":"Primera asamblea general de la juventud mariana vicentina. Documento Final","author":"Francisco Javier Fern\u00e1ndez Chento","date":"17\/08\/2011","format":false,"excerpt":"Roma, 8-12 de agosto de 2000 Un sue\u00f1o que se transforma en realidad... Despu\u00e9s de dos a\u00f1os de preparaci\u00f3n, de asiduo trabajo y de reflexi\u00f3n, hemos llegado a la Primera Asamblea General de JMV. Durante cinco d\u00edas pudimos compartir momentos intensos de oraci\u00f3n, de estudio, de reflexi\u00f3n y de convivencia,\u2026","rel":"","context":"En \u00abDocumentos de Juventudes Marianas Vicencianas\u00bb","block_context":{"text":"Documentos de Juventudes Marianas Vicencianas","link":"https:\/\/vincentians.com\/es\/category\/formacion-vicenciana\/documentos-oficiales-de-la-familia-vicenciana\/documentos-de-juventudes-marianas-vicencianas\/"},"img":{"alt_text":"","src":"https:\/\/i0.wp.com\/vicencianos.org\/wp-content\/2011\/04\/jmv-188x300.jpg?resize=350%2C200","width":350,"height":200},"classes":[]},{"id":51132,"url":"https:\/\/vincentians.com\/es\/regla-comentada-de-la-ssvp-1-los-origenes-de-la-sociedad-y-del-servicio-a-la-po%c2%adbreza\/","url_meta":{"origin":12940,"position":5},"title":"Regla comentada de la SSVP (1. Los or\u00edgenes de la Sociedad y del servicio a la po\u00adbreza)","author":"Francisco Javier Fern\u00e1ndez Chento","date":"02\/02\/2015","format":false,"excerpt":"1. Los or\u00edgenes de la Sociedad y del servicio a la po\u00adbreza 1.1 Or\u00edgenes La Sociedad San Vicente de Pa\u00fal, es una comunidad cris\u00adtiana que se extiende por el mundo, fundada en Paris, Fran\u00adcia, en 1833, por un grupo de j\u00f3venes seglares cat\u00f3licos, y otro m\u00e1s mayor, que se unieron\u2026","rel":"","context":"En \u00abDocumentos de la Sociedad de San Vicente de Pa\u00fal\u00bb","block_context":{"text":"Documentos de la Sociedad de San Vicente de Pa\u00fal","link":"https:\/\/vincentians.com\/es\/category\/formacion-vicenciana\/documentos-oficiales-de-la-familia-vicenciana\/documentos-de-la-sociedad-de-san-vicente-de-paul\/"},"img":{"alt_text":"","src":"https:\/\/i0.wp.com\/vicencianos.org\/wp-content\/2011\/10\/regla_ssvp_comentada-158x300.jpg?resize=350%2C200","width":350,"height":200},"classes":[]}],"_links":{"self":[{"href":"https:\/\/vincentians.com\/es\/wp-json\/wp\/v2\/posts\/12940","targetHints":{"allow":["GET"]}}],"collection":[{"href":"https:\/\/vincentians.com\/es\/wp-json\/wp\/v2\/posts"}],"about":[{"href":"https:\/\/vincentians.com\/es\/wp-json\/wp\/v2\/types\/post"}],"author":[{"embeddable":true,"href":"https:\/\/vincentians.com\/es\/wp-json\/wp\/v2\/users\/4"}],"replies":[{"embeddable":true,"href":"https:\/\/vincentians.com\/es\/wp-json\/wp\/v2\/comments?post=12940"}],"version-history":[{"count":0,"href":"https:\/\/vincentians.com\/es\/wp-json\/wp\/v2\/posts\/12940\/revisions"}],"wp:featuredmedia":[{"embeddable":true,"href":"https:\/\/vincentians.com\/es\/wp-json\/"}],"wp:attachment":[{"href":"https:\/\/vincentians.com\/es\/wp-json\/wp\/v2\/media?parent=12940"}],"wp:term":[{"taxonomy":"category","embeddable":true,"href":"https:\/\/vincentians.com\/es\/wp-json\/wp\/v2\/categories?post=12940"},{"taxonomy":"post_tag","embeddable":true,"href":"https:\/\/vincentians.com\/es\/wp-json\/wp\/v2\/tags?post=12940"}],"curies":[{"name":"wp","href":"https:\/\/api.w.org\/{rel}","templated":true}]}}