{"id":129046,"date":"2016-07-09T08:25:11","date_gmt":"2016-07-09T06:25:11","guid":{"rendered":"http:\/\/somos.vicencianos.org\/?p=129046"},"modified":"2016-07-09T08:25:11","modified_gmt":"2016-07-09T06:25:11","slug":"las-fuentes-de-la-oracion-vicenciana","status":"publish","type":"post","link":"https:\/\/vincentians.com\/es\/las-fuentes-de-la-oracion-vicenciana\/","title":{"rendered":"Las fuentes de la oraci\u00f3n vicenciana"},"content":{"rendered":"<p><a href=\"https:\/\/i0.wp.com\/vicencianos.org\/wp-content\/uploads\/2016\/01\/orando.jpg\" rel=\"attachment wp-att-386907\"><img data-recalc-dims=\"1\" loading=\"lazy\" decoding=\"async\" class=\"wp-image-386907  alignleft\" src=\"https:\/\/i0.wp.com\/vicencianos.org\/wp-content\/uploads\/2016\/01\/orando.jpg?resize=437%2C273\" alt=\"orando\" width=\"437\" height=\"273\" \/><\/a>1. Panor\u00e1mica sobre los estudios vicencianos<\/p>\n<p>Si confrontamos la bibliograf\u00eda vicenciana con la de otros fundadores, nos damos cuenta que nuestro fundador ha sido estudiado muy poco, y que las aportaciones sobre su pensa\u00admiento son escasas.<\/p>\n<p>Somos una comunidad m\u00e1s bien grande. Sin embargo, no tenemos una revista de car\u00e1cter cient\u00edfico, no tenemos un insti\u00adtuto hist\u00f3rico y tampoco tenemos una facultad.<\/p>\n<p>Pr\u00e1cticamente, hasta los primeros a\u00f1os del 1900, el carisma vicenciano ven\u00eda transmitido por medio de biograf\u00edas, que cons\u00adtitu\u00edan la interpretaci\u00f3n normativa para los cohermanos. Abelly hab\u00eda ilustrado el sacerdote ideal, y Collet el hombre activo (\u00ab\u00fatil\u00bb) tanto en la caridad como en la misi\u00f3n<span id='easy-footnote-1-129046' class='easy-footnote-margin-adjust'><\/span><span class='easy-footnote'><a href='https:\/\/vincentians.com\/es\/las-fuentes-de-la-oracion-vicenciana\/#easy-footnote-bottom-1-129046' title='Ver A. DODIN, &lt;i&gt;Etat d&amp;#8217; \u00e9tudes vincentiennes au moment du quadricente\u00adnaire de la naissance de M. Vincent de Paul, en &lt;\/i&gt;AA.VV. &lt;i&gt;Vincent de Paul, Actes du Colloque international d&amp;#8217;\u00e9tudes vincentiennes. &lt;\/i&gt;Paris 25-26 de septiembre de 1981, Roma, 1983, 115-128; L. MEZZADRI, &lt;i&gt;L&amp;#8217;historiographie vincentienne selon les \u00e9poches culturelles, en &lt;\/i&gt;Vincentiana 28 (1984) 292-313; A. DODIN, &lt;i&gt;La l\u00e9gende et histoire. &lt;\/i&gt;&lt;i&gt;De Monsieur Depaul \u00e1 saint Vincent de Paul, &lt;\/i&gt;Paris 1985; L. MEZZADRI, &lt;i&gt;La storiografia vincenziana, &lt;\/i&gt;en Vincentiana 31(1987) 368-391.'><sup>1<\/sup><\/a><\/span>.<\/p>\n<p>Basados en el principio de que \u00abquien observa las Reglas ser\u00e1 salvado por las Reglas\u00bb, se ha buscado transmitir un estilo de vida y de comportamiento, pero no un pensamiento. Ten\u00edamos una revista, los <i>Annales <\/i>franceses, que constitu\u00edan una recolecci\u00f3n de la investigaci\u00f3n de nuestra memoria hist\u00f3rica. La revista no se ha cualificado nunca, ni desde el punto de vista cient\u00edfico, ni desde el punto de vista doctrinal. Nacida en 1834, ha concluido su itinerario en 1963, despu\u00e9s de que la curia fue transferida a Roma, como si la comunidad hubiese terminado de preocuparse de su pasado y de su carisma<span id='easy-footnote-2-129046' class='easy-footnote-margin-adjust'><\/span><span class='easy-footnote'><a href='https:\/\/vincentians.com\/es\/las-fuentes-de-la-oracion-vicenciana\/#easy-footnote-bottom-2-129046' title='&lt;i&gt;Vincentiana &lt;\/i&gt;no tiene un car\u00e1cter preciso; es un \u00f3rgano oficial de comu\u00adnicaci\u00f3n de decisiones y de noticias, no una revista de profundizaci\u00f3n.'><sup>2<\/sup><\/a><\/span>.<\/p>\n<p>Desde el punto de vista de los estudios, los primeros en ocu\u00adparse de los estudios vicencianos no han sido los nuestros. En los comienzos del 1900, el ex jesuita Henri Bremond (1865-1933) hab\u00eda intentado una aproximaci\u00f3n m\u00e1s cr\u00edtica al pensamiento vicenciano, buscando dise\u00f1ar su perfil doctrinal. Pero le faltaba la posibilidad de consultar una edici\u00f3n cr\u00edtica de los escritos de san Vicente, que entonces estaban en v\u00edas de publicaci\u00f3n<span id='easy-footnote-3-129046' class='easy-footnote-margin-adjust'><\/span><span class='easy-footnote'><a href='https:\/\/vincentians.com\/es\/las-fuentes-de-la-oracion-vicenciana\/#easy-footnote-bottom-3-129046' title='H. BREMOND, &lt;i&gt;B\u00e9rulle et Vincent de Paul, &lt;\/i&gt;en Histoire litt\u00e9raire du senti\u00adment religieux en France depuis la fin des guerres de relig\u00edon jusqu&amp;#8217;\u00e1 nos jours, 3\/1, &lt;i&gt;La conqu\u00e9te mystique. &lt;\/i&gt;&lt;i&gt;L&amp;#8217;Ecole franeaise, &lt;\/i&gt;Paris 1925 (n. ed., Paris 1967): en tr. it: L. MEZZADRI, &lt;i&gt;La sete &lt;\/i&gt;e &lt;i&gt;la sorgente II, &lt;\/i&gt;Roma 11-57. Sobre Bremond: A. LOSY, &lt;i&gt;George Tyrrell et Henri Bremond, &lt;\/i&gt;Paris 1936; A. AUTIN, &lt;i&gt;H. Bremond, &lt;\/i&gt;Paris 1946; H. HoGARTH, &lt;i&gt;Henri Bremond, the Life and Work of a devout Huma\u00adnist, &lt;\/i&gt;London 1950; F. HERMANS, &lt;i&gt;L&amp;#8217;Humanisme religieux de l&amp;#8217;abb\u00e9 H. Bremond. Essay d&amp;#8217;analyse doctrinale, &lt;\/i&gt;Paris 1965; A. BLANCHET, &lt;i&gt;Histoire d&amp;#8217;une mise \u00e1 l&amp;#8217;index, &lt;\/i&gt;Paris 1967; R. GUARNIERI y N. BERNARO-MAITRE, &lt;i&gt;Don Giuseppe de Luca et l&amp;#8217;abb\u00e9 Henri Bremond, &lt;\/i&gt;Roma 1965; &lt;i&gt;Henri Bremond et Maurice Blon\u00addel, &lt;\/i&gt;Paris 1970; G. TYRREL, &lt;i&gt;Lettres de George Tyrrel a Henri Bremond, &lt;\/i&gt;Paris 1971; A. BLANCHET, &lt;i&gt;Henri Bremond: &lt;\/i&gt;1865-1904 Paris 1975; M.-T. PERRIN, &lt;i&gt;Laberthonni\u00e9re et ses amis, &lt;\/i&gt;Paris 1975; E. GoICHaT, &lt;i&gt;Henri Bremond, historien du sentiment religieux, &lt;\/i&gt;Paris 1982; ver tambi\u00e9n la voz &lt;i&gt;\u00abBremond &lt;\/i&gt;en G. VELOCCI, en Dizionario enciclopedico di spiritualit\u00e1, 1(1990), 391-393.'><sup>3<\/sup><\/a><\/span>. Aun\u00adque hizo de san Vicente un \u00abberulliano\u00bb, no debemos olvidar que descubri\u00f3 la ra\u00edz profunda de su espiritualidad. Una contri\u00adbuci\u00f3n importante e ignorada vino en los a\u00f1os treinta de parte del jesuita Pedro Defrennes<span id='easy-footnote-4-129046' class='easy-footnote-margin-adjust'><\/span><span class='easy-footnote'><a href='https:\/\/vincentians.com\/es\/las-fuentes-de-la-oracion-vicenciana\/#easy-footnote-bottom-4-129046' title='P. DEFRENNES, &lt;i&gt;La vocation de Saint Vincent de Paul. Etude de psychologie surnaturelle, en &lt;\/i&gt;Revue d&amp;#8217;Asc\u00e9tique et Mystique 13(1932) 60-86,160-183, 294\u00ad321, 389-411: tr. en it.: L. MEZZADRI, &lt;i&gt;La sete e la sorgente II, &lt;\/i&gt;Roma 93-241.'><sup>4<\/sup><\/a><\/span> (1897-1943). No por casualidad se comprometieron los jesuitas en una investigaci\u00f3n del pensa\u00admiento vicenciano, mientras la Congregaci\u00f3n de la Misi\u00f3n per\u00admanec\u00eda ausente y, al parecer, no interesada. Recordemos tam\u00adbi\u00e9n a Juan Calvet (1874-1965), autor de dos biograf\u00edas muy apreciadas \u2014de san Vicente de Pa\u00fal y de santa Luisa de Marillac respectivamente\u2014, y de diversos estudios sobre el santo, que han contribuido a mantener encendido el inter\u00e9s por \u00e9ste en el m\u00e1s amplio mundo universitario<span id='easy-footnote-5-129046' class='easy-footnote-margin-adjust'><\/span><span class='easy-footnote'><a href='https:\/\/vincentians.com\/es\/las-fuentes-de-la-oracion-vicenciana\/#easy-footnote-bottom-5-129046' title='J. CALVET, &lt;i&gt;Saint Vincent de Paul, &lt;\/i&gt;Paris, 1948; id., &lt;i&gt;Louise de Marillac par elle-m\u00e9me, &lt;\/i&gt;Paris, 1960. Traducci\u00f3n espa\u00f1ola: JUAN CALVET, &lt;i&gt;San Vicente de Pa\u00fal, &lt;\/i&gt;Ceme, Salamanca, 1979; Juan Calvet, &lt;i&gt;Luisa de Marillac, &lt;\/i&gt;Ceme, Sala\u00admanca, 1977. Esta \u00faltima biograf\u00eda suscit\u00f3 un gran clamor, porque revel\u00f3 el origen, de dudosa legitimidad, de la Santa. Cuando se public\u00f3 la traducci\u00f3n italiana, una provincia de Hijas de la Caridad de Italia se neg\u00f3 a comprarla. Otros trabajos: &lt;i&gt;Saint Vincent de Paul. Textes choisis et comment\u00e9s, &lt;\/i&gt;Paris s.d. (1913); id., &lt;i&gt;La litt\u00e9rature religieuse de Saint Franlvis de Sales \u00e1 F\u00e9nelon. &lt;\/i&gt;(\u00abL&amp;#8217;Histoire de la litt\u00e9rature francaise\u00bb), V, Paris, 1938.'><sup>5<\/sup><\/a><\/span>.<\/p>\n<p>El superior general Francisco Verdier (1919-1933) comprendi\u00f3 que no se pod\u00edan reservar los textos vicencianos s\u00f3lo para uso y consumo interno de la Congregaci\u00f3n de la Misi\u00f3n. San Vicente no puede ser s\u00f3lo nuestro: es de la Iglesia. Hizo preparar al P. Pedro Coste (1873-1935) la primera edici\u00f3n cr\u00edtica de las <i>Opera Omnia, <\/i>y despu\u00e9s la gran biograf\u00eda que conocemos<span id='easy-footnote-6-129046' class='easy-footnote-margin-adjust'><\/span><span class='easy-footnote'><a href='https:\/\/vincentians.com\/es\/las-fuentes-de-la-oracion-vicenciana\/#easy-footnote-bottom-6-129046' title='&lt;i&gt;Correspondence, Entretiens, Documents. &lt;\/i&gt;Edition publi\u00e9e et annot\u00e9e par PIERRE COSTE, pr\u00e9tre de la Mission, 14 vol., Paris 1920-1925; E CosTE, &lt;i&gt;Le grand saint du grand si\u00e9cle. &lt;\/i&gt;&lt;i&gt;Monsieur Vincent, &lt;\/i&gt;3 vol., Paris 1932. Traducci\u00f3n espa\u00f1ola: Pedro COSTE, &lt;i&gt;El gran santo del gran siglo, I, II, III, &lt;\/i&gt;Cema, Sala\u00admanca, 1991-1994.'><sup>6<\/sup><\/a><\/span>. Coste fue indudable\u00admente un gran historiador, al que tal vez le faltaba un car\u00e1cter con\u00adsecuente<span id='easy-footnote-7-129046' class='easy-footnote-margin-adjust'><\/span><span class='easy-footnote'><a href='https:\/\/vincentians.com\/es\/las-fuentes-de-la-oracion-vicenciana\/#easy-footnote-bottom-7-129046' title='Se sabe que, a veces, estaba en desacuerdo con tesis tenidas por intoca\u00adbles dentro de la comunidad (por ejemplo, sobre la esclavitud de san Vicente y sobre la Medalla Milagrosa); debido a su car\u00e1cter, cuando escribi\u00f3 sobre estos temas, o lo hizo con seud\u00f3nimo en otras revistas, o divulg\u00f3 sus pensa\u00admientos privadamente a sus amigos, pero sin exponerse.'><sup>7<\/sup><\/a><\/span>. Nos ha dejado una biograf\u00eda muy satisfactoria desde el punto de vista hist\u00f3rico. Pero, aunque su obra es encomiable desde el punto de vista cr\u00edtico, no lo es tanto desde el punto de vista del desarrollo de los temas espirituales y doctrinales.<\/p>\n<p>Por lo tanto, hasta finales de los a\u00f1os treinta, nos ha faltado una aproximaci\u00f3n al pensamiento del Fundador.<\/p>\n<p>El primero que inici\u00f3, desde el interior de la familia vicen\u00adciana, una serie de investigaciones sobre el pensamiento de san Vicente fue Andr\u00e9s Dodin (1911-1996). Era un hombre de for\u00admaci\u00f3n universitaria que, por lo tanto, aplic\u00f3 m\u00e9todos rigurosos<span id='easy-footnote-8-129046' class='easy-footnote-margin-adjust'><\/span><span class='easy-footnote'><a href='https:\/\/vincentians.com\/es\/las-fuentes-de-la-oracion-vicenciana\/#easy-footnote-bottom-8-129046' title='La bibliograf\u00eda de A. DODIN es muy vasta. Los trabajos principales son: A. DODIN, &lt;i&gt;Lectures de M. Vincent l&amp;#8217;introduction \u00e1 la lie d\u00e9vote, en Annales de la Congr\u00e9gation de la Mission &lt;\/i&gt;106-107 (1941-42) 239-248; 110-111(1943-46) 447-464; 112-113)1947-48) 479-497; id., &lt;i&gt;Saint Vincent de Paul, &lt;\/i&gt;Paris 1947 (es una antolog\u00eda que constituye uno de sus mejores trabajos); id., &lt;i&gt;Saint Vin\u00adcent de Paul et la charit\u00e9, &lt;\/i&gt;Paris 1960; id., &lt;i&gt;Spiritualit\u00e9 de Saint Vincent de Paul, &lt;\/i&gt;en &lt;i&gt;Mission et charit\u00e9 &lt;\/i&gt;1(1961) 54-75; \u00edd., &lt;i&gt;Th\u00e9ologie de la charit\u00e9 selon Saint Vincent de Paul, &lt;\/i&gt;en &lt;i&gt;Humanisme et foi chr\u00e9tienne, &lt;\/i&gt;Paris 1976, 633-647; id., &lt;i&gt;L&amp;#8217;esprit vincentien. Le&lt;\/i&gt;&lt;i&gt;, &lt;\/i&gt;&lt;i&gt;secret de saint Vincent de Paul, &lt;\/i&gt;Paris 1981; id., &lt;i&gt;En pri\u00e9re avec Monsieur Vincent, &lt;\/i&gt;Paris, 1982; id., &lt;i&gt;La l\u00e9gende et l&amp;#8217;histoire de Monsieur Depaul a saint Vincent de Paul &lt;\/i&gt;Paris, 1985; id., &lt;i&gt;Francois de Sales, Vincent de Paul les deux amis, &lt;\/i&gt;Paris, 1982; id., &lt;i&gt;Initiation \u00e1 Saint Vincent de Paul, &lt;\/i&gt;Paris, 1993; escribi\u00f3 tambi\u00e9n la voz &lt;i&gt;Vincent de Paul &lt;\/i&gt;para el &lt;i&gt;D\u00edctionnaire de spiri\u00adtual\u00edt\u00e9 &lt;\/i&gt;16 (1994) 842-863. \u00c9ste fue su canto del cisne.'><sup>8<\/sup><\/a><\/span> al estudio sobre el santo. Parti\u00f3 de una cuesti\u00f3n sobre las fuentes del pensamiento vicenciano, y rechaz\u00f3 la tesis de que el pensa\u00admiento de Vicente derivaba del de B\u00e9rulle, tesis propia de Bre-mond, probando, por el contrario, su ascendencia salesiana. Sus aportaciones han sido apreciables. Pero, como sabemos bien, el Padre Dodin ha permanecido siempre al margen de la Congrega\u00adci\u00f3n. Su revista <i>Mission et Charit\u00e9, <\/i>ha pasado como un meteoro (1961-1969). No ha creado escuela y no ha tenido disc\u00edpulos.<\/p>\n<p>Afortunadamente, en los a\u00f1os setenta han surgido algunas iniciativas de promoci\u00f3n de estudios y de conocimiento de la experiencia de lo vicenciano. Me refiero a vuestras <i>Semanas <\/i>de Salamanca, al <i>CLAPVI, <\/i>al <i>GAV <\/i>italiano, al <i>Vincentian Heritage <\/i>estadounidense, al <i>Colloque <\/i>irland\u00e9s. La biograf\u00eda de san Vicen\u00adte del P. Jos\u00e9 Mar\u00eda Rom\u00e1n ha llegado a ser hoy una biograf\u00eda cl\u00e1sica, que ha renovado netamente el cuadro historiogr\u00e1fico. La curia general ha creado primero el <i>GIEV y <\/i>despu\u00e9s el <i>SIEV; <\/i>de aqu\u00ed nacieron los meses vicencianos y, \u00faltimamente, ha apa\u00adrecido el <i>CIF.<\/i><\/p>\n<p>No quisiera olvidar la importante contribuci\u00f3n que hizo a los estudios vicencianos el Padre Ib\u00e1\u00f1ez Burgos. Pocos han sabido unir como \u00e9l la fidelidad a los textos y la fidelidad a nuestro tiempo. Quiz\u00e1 s\u00f3lo ahora podamos entender lo que nos dio y lo que debi\u00e9ramos haber hecho.<\/p>\n<p>Las editoriales vicencianas han comenzado a producir. Hoy, el que quiere estudiar a san Vicente no puede prescindir de las <i>Fiches Vincentiennes<\/i><span id='easy-footnote-9-129046' class='easy-footnote-margin-adjust'><\/span><span class='easy-footnote'><a href='https:\/\/vincentians.com\/es\/las-fuentes-de-la-oracion-vicenciana\/#easy-footnote-bottom-9-129046' title='Hasta ahora, se han publicado 75 fasc\u00edculos.'><sup>9<\/sup><\/a><\/span>. CEME ha desempe\u00f1ado la tarea de abrir nuevos caminos. Muy importante, aunque desigual, el <i>Diccio\u00adnario de espiritualidad vicenciana<\/i><span id='easy-footnote-10-129046' class='easy-footnote-margin-adjust'><\/span><span class='easy-footnote'><a href='https:\/\/vincentians.com\/es\/las-fuentes-de-la-oracion-vicenciana\/#easy-footnote-bottom-10-129046' title='&lt;i&gt;Diccionario de espiritualidad vicenciana, &lt;\/i&gt;Salamanca 1995. Faltan muchas voces (Cristo, Parroquia, M\u00edstica [fen\u00f3menos m\u00edsticos, juicio sobre la m\u00edstica, presencia de la m\u00edstica en la oraci\u00f3n vicenciana], Estudio, Estudios sobre la espiritualidad vicenciana).'><sup>10<\/sup><\/a><\/span>.<\/p>\n<p>En Italia, a partir de 1975, han salido muchos t\u00edtulos de libros y ensayos interesantes, ade\u00adm\u00e1s de la celebraci\u00f3n de los <i>Convegni <\/i>de Animaci\u00f3n Vicencia\u00adna, algunos de los cuales tienen un valor notable<span id='easy-footnote-11-129046' class='easy-footnote-margin-adjust'><\/span><span class='easy-footnote'><a href='https:\/\/vincentians.com\/es\/las-fuentes-de-la-oracion-vicenciana\/#easy-footnote-bottom-11-129046' title='&lt;i&gt;ler convenio de animaci\u00f3n vicenciana &lt;\/i&gt;(Napoli, 1976), en &lt;i&gt;Annali della Missione (=AM) &lt;\/i&gt;84 (1977) 16T-226; &lt;i&gt;Evangelizare pauperibus: II\u00b0 &lt;\/i&gt;convenio (Roma 1977), en AM 85 (1978) 1-88; S. &lt;i&gt;Vincenzo uomo di Dio: III &lt;\/i&gt;convenio (Pallanza 1979), en &lt;i&gt;AM &lt;\/i&gt;85 (1978) 167-265; &lt;i&gt;S. Vincenzo e la Chiesa: &lt;\/i&gt;IV con\u00advenio (La Verna 1979), en &lt;i&gt;AM &lt;\/i&gt;86 (1979)1-90; S. &lt;i&gt;Vincenzo e la vita comune: &lt;\/i&gt;V convenio (Siena 1980), en AM 87 (1980) 227-428; &lt;i&gt;S. Vincenzo de&amp;#8217; Paoli tra storia e profezia: &lt;\/i&gt;VI convenio (Roma 1981), AM 89 (1982)1-229; &lt;i&gt;Ritiro spi\u00adrituale vicenziano &lt;\/i&gt;(Cagliari 1982), en AM 91 (1984) 1-144; &lt;i&gt;Le Figlie della Carita nella Chiesa al servicio dei poveri: &lt;\/i&gt;VII convenio (Pallanza 1983), en AM 91 (1984)153-324; &lt;i&gt;\u00abAvevo fame\u00bb: &lt;\/i&gt;VIII convenio (Paestum 1984), en &lt;i&gt;AM &lt;\/i&gt;92 (1985) 1-117; &lt;i&gt;\u00abEro in carcere\u00bb: &lt;\/i&gt;IX convenio (Quercianella 1985), en AM 93 (1986) 1-116; &lt;i&gt;\u00abEro malato\u00bb: &lt;\/i&gt;X convenio (Piacenza 1986), en AM 94 (1987) 1-128; las actas del XI convenio no han sido publicadas; &lt;i&gt;\u00abLa croce\u00bb: &lt;\/i&gt;XI convenio (Chiusi della Venia 1987), en AM 95 (1988) 1-81; \u00abA &lt;i&gt;lode della gloria\u00bb. S. Vincenzo e la spiritualita trinitaria, &lt;\/i&gt;XII convenio (Armen 1988), en &lt;i&gt;AM &lt;\/i&gt;96 (1989)1-95; nel 1990 el convenio no se celebr\u00f3; &lt;i&gt;\u00abSanta Luisa una vita iluminata dalla carit\u00e1\u00bb, &lt;\/i&gt;(XIV convenio) Roma 1991; en 1992 no se publi\u00adcaron las &lt;i&gt;actas; \u00abEducare per servire, servire per educare\u00bb. &lt;\/i&gt;&lt;i&gt;La tradizione eucativa vincenziana fra ieri e oggi, &lt;\/i&gt;XVI convenio (Zaiferana Etnea 1992), en &lt;i&gt;AM &lt;\/i&gt;99 (1992) 177-257; &lt;i&gt;\u00abEducati dalla Parola\u00bb. &lt;\/i&gt;XVII convenio (Leggiuno 1993), en &lt;i&gt;AM &lt;\/i&gt;100 (1993) 137-216; Gaziello J.-F. Mezzadri L., &lt;i&gt;Vieni e segui\u00admi. In ritim con S. Vincenzo &lt;\/i&gt;(XVIII convenio), Roma 1995; &lt;i&gt;\u00abAnimare la carita nello spirito vincenziano\u00bb, &lt;\/i&gt;(XX convenio), Roma 1996; &lt;i&gt;\u00abMaria madre di Dio, madre dell&amp;#8217;uomo\u00bb, &lt;\/i&gt;(XXI convenio), Roma 1998; &lt;i&gt;\u00abCon gioia e semplicit\u00e1 di cuore\u00bb &lt;\/i&gt;(XXII convenio), Roma 1999.'><sup>11<\/sup><\/a><\/span>. No quisiera que quedase olvidada la aportaci\u00f3n del Padre Carlos Riccardi con sus preciosas e innovadoras antolog\u00edas<span id='easy-footnote-12-129046' class='easy-footnote-margin-adjust'><\/span><span class='easy-footnote'><a href='https:\/\/vincentians.com\/es\/las-fuentes-de-la-oracion-vicenciana\/#easy-footnote-bottom-12-129046' title='[C. RICCARDI], &lt;i&gt;Perfezione evangelica. Tutto il pensiero di s. Vincenzo de&amp;#8217; Paoli esposto con le sue parole, &lt;\/i&gt;Roma, 1990; [C. RICCARDI], &lt;i&gt;Nella Chiesa al servizio dei poveri. Tutto il pensiero di s. Luisa de Marillac esposto con le sue parole, &lt;\/i&gt;Roma, 1978; C. RICCARDI, &lt;i&gt;Spiritualit\u00e1 vincenziana. Contributo alio studio del vincenzianesimo, &lt;\/i&gt;Roma, 1998.'><sup>12<\/sup><\/a><\/span>.<\/p>\n<p>Por lo tanto, se puede decir que algo se mueve.<\/p>\n<p>Hoy se produce bastante, pero hay todav\u00eda un escaso conoci\u00admiento filol\u00f3gico. A veces se citan textos separados de su con\u00adtexto, d\u00e1ndoles un significado diferente del que propiamente tie\u00adnen. Una vez he visto c\u00f3mo se citaba una obra de indagaci\u00f3n psicoanal\u00edtica sobre san Vicente, sin advertir al lector la \u00f3ptica particular de esta interpretaci\u00f3n<span id='easy-footnote-13-129046' class='easy-footnote-margin-adjust'><\/span><span class='easy-footnote'><a href='https:\/\/vincentians.com\/es\/las-fuentes-de-la-oracion-vicenciana\/#easy-footnote-bottom-13-129046' title='S. JUVA, &lt;i&gt;M. Vincent, \u00e9volution d&amp;#8217;un saint, &lt;\/i&gt;Bourges, 1939.'><sup>13<\/sup><\/a><\/span>. Vemos tambi\u00e9n como se apli\u00adcan acr\u00edticamente y simpl\u00edsticamente a san Vicente preguntas formuladas a partir de la teolog\u00eda contempor\u00e1nea, haci\u00e9ndolo, alternativamente, un defensor del tomismo m\u00e1s tradicional, del Vaticano II o de la teolog\u00eda de la liberaci\u00f3n, seg\u00fan caiga. Se des\u00adcontextualiza al santo. Precisamente san Vicente, que prohibi\u00f3 mezclarse en pol\u00edtica, es alineado con los exponentes de la izquierda tercermundista. Se busca apoyar tesis de car\u00e1cter sociol\u00f3gico con textos vicencianos, sin ning\u00fan discernimiento.<\/p>\n<p>Muchos estudios acerca de la espiritualidad vicenciana no son otra cosa que una colecci\u00f3n de textos destinados a llenar compartimentos preclasificados. Temas como el de Cristo, la Trinidad, la Gracia, la Iglesia se tocan muy por encima, sin pro\u00adfundizarlos<span id='easy-footnote-14-129046' class='easy-footnote-margin-adjust'><\/span><span class='easy-footnote'><a href='https:\/\/vincentians.com\/es\/las-fuentes-de-la-oracion-vicenciana\/#easy-footnote-bottom-14-129046' title='No basta decir que san Vicente era \u00abcristoc\u00e9ntrico\u00bb y apoyar esta afir\u00admaci\u00f3n con una serie de citas en las que se habla de Cristo; hace falta tambi\u00e9n desarrollar el problema del tipo de teolog\u00eda que subyace, cu\u00e1les son los conte\u00adnidos, los l\u00edmites y las influencias.'><sup>14<\/sup><\/a><\/span>. Normalmente, cuando uno estima una realidad cualquiera, habla mucho de ella: por ejemplo, B\u00e9rulle ha escrito much\u00edsimo sobre la Virgen Mar\u00eda; por lo tanto, se puede hablar de una dimensi\u00f3n mariana de su pensamiento. Por el contrario, nosotros que conservamos poqu\u00edsimos textos marianos de san Vicente, \u00bfpodemos decir que san Vicente tuvo una doctrina y una espiritualidad marianas?<span id='easy-footnote-15-129046' class='easy-footnote-margin-adjust'><\/span><span class='easy-footnote'><a href='https:\/\/vincentians.com\/es\/las-fuentes-de-la-oracion-vicenciana\/#easy-footnote-bottom-15-129046' title='Comparto la opini\u00f3n del Padre Carlo RICCARDI: \u00abTal vez alg\u00fan lector se maravillar\u00e1 de encontrar un material mariol\u00f3gico tan escaso en san Vicente&amp;#8230; Su espiritualidad es, sobre todo, cristoc\u00e9ntrica: &lt;i&gt;Pelfezione evangelica, &lt;\/i&gt;Roma, 1990, n. 1058, 902.'><sup>15<\/sup><\/a><\/span>\n<p>Veamos ahora las virtudes vicencianas: han sido tratadas sin situarlas en su contexto espacial y temporal. Cuando hablo de contexto espacial, me refiero a que no es lo mismo presentarse al modo de Motolin\u00eda en M\u00e9xico, que presentarse al modo de san Francisco Javier en Jap\u00f3n (\u00abla segunda manera\u00bb). Sabemos que el modo de interpretar la virtud de la humildad en el Jap\u00f3n, es diverso del Europeo: el emperador Kangxi<span id='easy-footnote-16-129046' class='easy-footnote-margin-adjust'><\/span><span class='easy-footnote'><a href='https:\/\/vincentians.com\/es\/las-fuentes-de-la-oracion-vicenciana\/#easy-footnote-bottom-16-129046' title='Ver L. MEZZADRI y F. ONNIS, &lt;i&gt;Missione e carita. La Congregazione della Missione nel settecento: &lt;\/i&gt;II. &lt;i&gt;Le missioni ad gentes, &lt;\/i&gt;en prensa.'><sup>16<\/sup><\/a><\/span> atribuy\u00f3 a pusi\u00adlanimidad la sencillez y la franqueza que el legado pontificio en China, de Tournon, entend\u00eda como virtudes. En lo que se refiere al contexto temporal, debemos saber que una cosa es la pobreza en una civilizaci\u00f3n preindustrial y otra cosa es el sentido de esta virtud en los tiempos postmodernos. La idea vicenciana de la gratuidad de las misiones, nos hace pensar que la comunidad ten\u00eda bienes suficientes para sostener los gastos propios de los ministerios sin cobr\u00e1rselos a la pobre gente. Por lo tanto, era necesario tener situadas buenas inversiones que garantizaran esa gratuidad, lo que es un concepto moderno, diverso del \u00abno poseer\u00bb franciscano.<\/p>\n<h2>2. La humanidad<\/h2>\n<p>Una constante y antigua tradici\u00f3n iconogr\u00e1fica nos ha hecho ver al santo que recoge los ni\u00f1os, y lo ha imaginado como un santo sencillo y bueno, que desconf\u00eda de la teolog\u00eda y de los estudios en general, a los que califica de \u00abin\u00fatiles\u00bb. Bremond ha usado palabras despectivas para los jansenistas, que lo han pin\u00adtado como un hombre poco culto y poco inteligente, porque, seg\u00fan el mismo Bremond, haciendo una comparaci\u00f3n de san Vicente con Antonio Arnauld, abogado, publicista, polemista, todo est\u00e1 a favor de san Vicente, \u00abmenos libresco y menos doc\u00adtor, pero m\u00e1s serio, m\u00e1s fino, de perspectiva mucho mayor y m\u00e1s elevadas miras\u00bb<span id='easy-footnote-17-129046' class='easy-footnote-margin-adjust'><\/span><span class='easy-footnote'><a href='https:\/\/vincentians.com\/es\/las-fuentes-de-la-oracion-vicenciana\/#easy-footnote-bottom-17-129046' title='H. BREMOND, en L. MEZZADRI, &lt;i&gt;La sete e la sorgente &lt;\/i&gt;II, Roma 1993, 33'><sup>17<\/sup><\/a><\/span>.<\/p>\n<p>Se piensa que la humildad de san Vicente es una cosa conna\u00adtural en \u00e9l. Su vida ha sido presentada como una ascensi\u00f3n con\u00adtinua hacia la santidad, partiendo de una ni\u00f1ez \u00edntegra, pobre y orante. Como era santo de ni\u00f1o, no ha tenido necesidad de una \u00abconversi\u00f3n\u00bb.<\/p>\n<p>Pero la realidad es otra: fue un hombre que conoci\u00f3 la fatiga de tener que desvestirse del \u00abhombre viejo\u00bb, y por tanto de una \u00abconversi\u00f3n\u00bb. Era, siempre seg\u00fan Bremond<span id='easy-footnote-18-129046' class='easy-footnote-margin-adjust'><\/span><span class='easy-footnote'><a href='https:\/\/vincentians.com\/es\/las-fuentes-de-la-oracion-vicenciana\/#easy-footnote-bottom-18-129046' title='H. BREMOND, in L. MF77ADRI, &lt;i&gt;La sete &lt;\/i&gt;II, 19.'><sup>18<\/sup><\/a><\/span>, \u00abcomplejo, flexible, lleno de matices, curioso y cautivador\u00bb. Su \u00edndole era ambiciosa; sab\u00eda estar en cualquier ambiente; no era un frail\u00f3n, sino un gen\u00adtilhombre; no estaba siempre con los ojos bajos, sino que obser\u00advaba con su mirada penetrante e ir\u00f3nica las cosas curiosas de la vida. Amaba la Providencia, pero no la segu\u00eda como un aut\u00f3mata. Dec\u00eda que no hab\u00eda que anticiparla ni adelantarse a ella, que hab\u00eda que esperar la manifestaci\u00f3n de la voluntad de Dios. Y sin embar\u00adgo, como Bremond<span id='easy-footnote-19-129046' class='easy-footnote-margin-adjust'><\/span><span class='easy-footnote'><a href='https:\/\/vincentians.com\/es\/las-fuentes-de-la-oracion-vicenciana\/#easy-footnote-bottom-19-129046' title='H. BREMOND, in L. MEZZADRI, &lt;i&gt;La sete &lt;\/i&gt;II, 33.'><sup>19<\/sup><\/a><\/span> tambi\u00e9n ha se\u00f1alado, \u00abpara ser verdadera\u00admente caritativos hace falta una imaginaci\u00f3n viva y precisa\u00bb. Bre\u00admond no nos ahorra una estocada ni siquiera a nosotros<span id='easy-footnote-20-129046' class='easy-footnote-margin-adjust'><\/span><span class='easy-footnote'><a href='https:\/\/vincentians.com\/es\/las-fuentes-de-la-oracion-vicenciana\/#easy-footnote-bottom-20-129046' title='H. BREMOND, in L. MEZZADRI, &lt;i&gt;La sete &lt;\/i&gt;II, 43.'><sup>20<\/sup><\/a><\/span>: \u00abSu propia Compa\u00f1\u00eda ha cedido al contagio. Exaltan su caridad y sus virtudes, pero no se atreven a hablar de su genialidad\u00bb.<\/p>\n<p>En este mismo sentido, Calvet ha escrito<span id='easy-footnote-21-129046' class='easy-footnote-margin-adjust'><\/span><span class='easy-footnote'><a href='https:\/\/vincentians.com\/es\/las-fuentes-de-la-oracion-vicenciana\/#easy-footnote-bottom-21-129046' title='&lt;i&gt;La sete &lt;\/i&gt;II, 61.'><sup>21<\/sup><\/a><\/span>: \u00abVicente no fue s\u00f3lo el bueno, el p\u00edo, el caritativo Vicente, sino que fue adem\u00e1s un hombre genial, que supo comprender su tiempo y encontrar remedios a los males de su \u00e9poca; en cuanto tal, fue el principal art\u00edfice de nuestra reforma cat\u00f3lica\u00bb. Por esta raz\u00f3n afirma que Vicente \u00abgui\u00f3 el porvenir\u00bb, es decir, que ha sido el piloto de la dif\u00edcil navegaci\u00f3n de la Iglesia, en un tiempo en el que la inva\u00adsi\u00f3n m\u00edstica parec\u00eda absorber peligrosamente las mejores ener\u00adg\u00edas. La gu\u00eda del santo fueron estas palabras<span id='easy-footnote-22-129046' class='easy-footnote-margin-adjust'><\/span><span class='easy-footnote'><a href='https:\/\/vincentians.com\/es\/las-fuentes-de-la-oracion-vicenciana\/#easy-footnote-bottom-22-129046' title='J. CALVET, in L. MF.7.7ADRI, &lt;i&gt;La sete &lt;\/i&gt;II, 69.'><sup>22<\/sup><\/a><\/span>: \u00abEl pobre pueblo campesino muere de hambre y se condena\u00bb.<\/p>\n<p>A los 45 arios Vicente hab\u00eda terminado de observar, de pro\u00adbar, de obedecer a los dem\u00e1s. Desde aquel momento dej\u00f3 de ser disc\u00edpulo para ser solamente \u00e9l mismo. Primero hab\u00eda recibido, ahora creaba, pero sobre una base realista, alejada de las velei\u00addades espiritual\u00edsticas y de las ilusiones mistificantes. Amar a Dios y hacer su voluntad implicaba amor y trabajo, sin disper\u00adsiones por los estados m\u00edsticos y las teolog\u00edas sublimes. Por esta raz\u00f3n se puede decir que \u00absan Vicente es la caridad\u00bb, pero en el sentido de un compromiso concreto, en la doble dimensi\u00f3n de Palabra y Pan.<\/p>\n<p>En contacto con esp\u00edritus selectos, san Vicente evit\u00f3, como ha escrito Calvet, tanto el misticismo como el formalismo. Que\u00adr\u00eda almas \u00absanas\u00bb, capaces de caminar por s\u00ed mismas. \u00abLeyendo una cierta correspondencia p\u00eda \u2014y \u00e9l la hab\u00eda le\u00eddo en abundan\u00adcia\u2014 parecer\u00eda que es el confesor el que tiene necesidad de la penitente; se une a ella con un afecto sobrenatural y el hecho de escribirle no sirve tanto a ayudar a esta penitente, sino a Conso\u00adlarse y a abrirle su coraz\u00f3n\u00bb. No fue el caso de san Vicente que no se uni\u00f3 de este modo a santa Luisa, sino que la acostumbr\u00f3 a una autonom\u00eda liberadora.<\/p>\n<p>En la evangelizaci\u00f3n, el santo fue eficaz en dos sentidos: por haber hecho y por haber creado un estilo. Bossuet, por ejemplo, aprendi\u00f3 del santo el arte de adaptar la doctrina al auditorio y de hacerla penetrar en los corazones. Vicente, de hecho, apost\u00f3 siempre por la caridad: \u00abLos hombres nos creen no porque pien\u00adsen que somos sabios, sino porque sienten que les amamos\u00bb. Y conclu\u00eda: \u00abSu influjo ha sido inmenso y duradero. Viviendo y aplicando la doctrina de B\u00e9rulle sobre la actividad evang\u00e9lica entre el pueblo, ha contribuido a hacer el sentimiento religioso m\u00e1s sencillo, m\u00e1s pr\u00e1ctico, y en alg\u00fan sentido m\u00e1s \u00abliberal\u00bb. Ha reformado en gran parte el clero, los medios para su formaci\u00f3n y para su acci\u00f3n, y en particular la predicaci\u00f3n. Ha hecho de la caridad de Cristo un instrumento magn\u00edfico de renovaci\u00f3n social, no s\u00f3lo dando el pan a aquellos que ten\u00edan hambre, sino acercando entre s\u00ed las clases y fundando obras de asistencia que permanecen todav\u00eda vivas, en el d\u00eda de hoy\u00bb<span id='easy-footnote-23-129046' class='easy-footnote-margin-adjust'><\/span><span class='easy-footnote'><a href='https:\/\/vincentians.com\/es\/las-fuentes-de-la-oracion-vicenciana\/#easy-footnote-bottom-23-129046' title='J. CALVET, in L. MEZZADRI, &lt;i&gt;La &lt;\/i&gt;sete II, 82.'><sup>23<\/sup><\/a><\/span> (Mi estudio no ahonda en las fuentes b\u00edblicas y patr\u00edsticas, que requieren com\u00adpetencia espec\u00edfica: v\u00e9ase A. Dodin).<\/p>\n<h2>3. La espiritualidad<\/h2>\n<p><a href=\"https:\/\/i0.wp.com\/vicencianos.org\/wp-content\/uploads\/2016\/01\/vicente-orando.jpg\" rel=\"attachment wp-att-386908\"><img data-recalc-dims=\"1\" loading=\"lazy\" decoding=\"async\" class=\"alignright size-medium wp-image-386908\" src=\"https:\/\/i0.wp.com\/vicencianos.org\/wp-content\/uploads\/2016\/01\/vicente-orando-264x300.jpg?resize=264%2C300\" alt=\"vicente orando\" width=\"264\" height=\"300\" \/><\/a>He o\u00eddo alguna vez citar acr\u00edticamente una expresi\u00f3n de Dodin, seg\u00fan la cual san Vicente no tendr\u00eda una espiritualidad, sino un esp\u00edritu, sin imaginar el sentido de la frase en el contex\u00adto del pensamiento de quien la ha emitido. Los autores contem\u00adpor\u00e1neos usan la palabra <i>esprit. <\/i>Es, observa Luis Cognet, un t\u00e9r\u00admino tan familiar en el siglo XVII, que uno no se atreve a definirlo<span id='easy-footnote-24-129046' class='easy-footnote-margin-adjust'><\/span><span class='easy-footnote'><a href='https:\/\/vincentians.com\/es\/las-fuentes-de-la-oracion-vicenciana\/#easy-footnote-bottom-24-129046' title='Ver L. COGNET &lt;i&gt;Esprit, &lt;\/i&gt;in DS 412 (1961) 1233-1246; A. DODIN, &lt;i&gt;L&amp;#8217;esprit vincentien. Le secret de saint Vincent de Paul, &lt;\/i&gt;Paris, 1981.'><sup>24<\/sup><\/a><\/span>. Tiene un sentido ontol\u00f3gico, y se confunde con el alma, pero adem\u00e1s llega a ser la \u00abparte superior\u00bb<span id='easy-footnote-25-129046' class='easy-footnote-margin-adjust'><\/span><span class='easy-footnote'><a href='https:\/\/vincentians.com\/es\/las-fuentes-de-la-oracion-vicenciana\/#easy-footnote-bottom-25-129046' title='As\u00ed &lt;i&gt;la Pede \u00e9vang\u00e9lique, &lt;\/i&gt;una obra de la escuela renano flamenca, tradu\u00adcida por Richard BEAUCOUSIN.'><sup>25<\/sup><\/a><\/span>, el \u00abcul\u00admen\u00bb<span id='easy-footnote-26-129046' class='easy-footnote-margin-adjust'><\/span><span class='easy-footnote'><a href='https:\/\/vincentians.com\/es\/las-fuentes-de-la-oracion-vicenciana\/#easy-footnote-bottom-26-129046' title='Es la expresi\u00f3n t\u00edpica de san Francisco de Sales.'><sup>26<\/sup><\/a><\/span>, esa isla interior iluminada por la luz de Dios. Tiene tam\u00adbi\u00e9n un sentido vital, un principio de acci\u00f3n interior. B\u00e9rulle lo expresa justamente cuando dice: \u00abQuiero que el esp\u00edritu de Jesu\u00adcristo sea el esp\u00edritu de mi esp\u00edritu y la vida de mi vida\u00bb<span id='easy-footnote-27-129046' class='easy-footnote-margin-adjust'><\/span><span class='easy-footnote'><a href='https:\/\/vincentians.com\/es\/las-fuentes-de-la-oracion-vicenciana\/#easy-footnote-bottom-27-129046' title='Citado en DS 4\/2 (1961) 1238.'><sup>27<\/sup><\/a><\/span>.<\/p>\n<p>El esp\u00edritu de Dios, para san Vicente, es Jesucristo que habi\u00adta en nosotros y llega a ser el motor de nuestro obrar. Cuando el esp\u00edritu de Dios toma posesi\u00f3n del ap\u00f3stol, lo renueva y lo con\u00advierte en \u00abpalabra\u00bb. De aqu\u00ed que sea un imperativo para la san\u00adtidad. La doctrina del esp\u00edritu de Dios constituye como una especie de fisiolog\u00eda del cuerpo m\u00edstico.<\/p>\n<p>A nosotros, generalmente, nos va bien usar la palabra \u00abespi\u00adritualidad\u00bb, que define propiamente la doctrina de san Vicente, su modo de concebir la oraci\u00f3n y los fen\u00f3menos de la vida espi\u00adritual, sin pretender que sea original, innovador y exclusivo.<\/p>\n<p>Durante mucho tiempo, esta espiritualidad o fue desconocida, hasta el punto de que, en diversas obras de las \u00abescuelas de espi\u00adritualidad\u00bb, no se escribi\u00f3 ni siquiera una l\u00ednea sobre el santo, o bien minimizada y reducida a un puro ascetismo. Su espirituali\u00addad no es te\u00f3rica, pero nace de la doble experiencia de Dios y de los pobres. De Cristo, sobre todo. Bremond nos advierte que no fue convertido por los pobres, sino que fue el encuentro con Cris\u00adto el que lo convirti\u00f3 a los pobres: \u00abEl m\u00e1s grande de nuestros hombres de acci\u00f3n, nos lo ha dado la m\u00edstica\u00bb<span id='easy-footnote-28-129046' class='easy-footnote-margin-adjust'><\/span><span class='easy-footnote'><a href='https:\/\/vincentians.com\/es\/las-fuentes-de-la-oracion-vicenciana\/#easy-footnote-bottom-28-129046' title='H. BREMOND, in L. MF77ADRI, &lt;i&gt;La rete II, &lt;\/i&gt;57.'><sup>28<\/sup><\/a><\/span>.<\/p>\n<p>En los primeros a\u00f1os de su conversi\u00f3n, que no fue tanto con\u00adversi\u00f3n del pecado a la gracia cuanto de la inutilidad al servicio y del servicio de s\u00ed mismo al servicio de Dios, fue disc\u00edpulo de Pedro de B\u00e9rulle<span id='easy-footnote-29-129046' class='easy-footnote-margin-adjust'><\/span><span class='easy-footnote'><a href='https:\/\/vincentians.com\/es\/las-fuentes-de-la-oracion-vicenciana\/#easy-footnote-bottom-29-129046' title='Despu\u00e9s de las ediciones de F. BOURGOING (1644) y de MIGNE (1856), y de la de la &lt;i&gt;Correspondance, &lt;\/i&gt;editada por J.DAGENS, 3 vol., Paris-Louvain 1937-39, est\u00e1 en prensa una nueva edici\u00f3n cr\u00edtica de las &lt;i&gt;Oeuvres compl\u00e9tes, &lt;\/i&gt;1995. Sobre B\u00e9rulle: A. MOLIEN, &lt;i&gt;Le cardinal de B\u00e9rulle, &lt;\/i&gt;2 vol., Paris, 1947; J. DAGENS, &lt;i&gt;B\u00e9rulle et les origines de la restauration catholique (1575-1610), &lt;\/i&gt;Paris, 1952; P. CocHois, &lt;i&gt;B\u00e9rulle et Ecole francaise, &lt;\/i&gt;Paris, 1963; M. DUPUY, &lt;i&gt;Une spiritualit\u00e9 de 1 &amp;#8216;adoration, &lt;\/i&gt;Paris, 1964; G. MOOL, &lt;i&gt;Teologia della devo\u00adzione berull\u00edana al Verbo incarnato, &lt;\/i&gt;Varese, 1964; J. ORCIBAL, &lt;i&gt;Le cardinal de B\u00e9rulle: \u00e9voluti on dune spiritualit\u00e9, &lt;\/i&gt;Paris, 1965; M. DUPUY, &lt;i&gt;B\u00e9rulle et le sacerdoce. Dude historique et doctrinale. Textes \u00edn\u00e9dits, &lt;\/i&gt;Paris, 1969; E G. PRECKLER, &lt;i&gt;\u00abEtat\u00bb chez le cardinal de B\u00e9rulle, &lt;\/i&gt;Roma, 1974; id., &lt;i&gt;B\u00e9rulle aujourd&amp;#8217;hui. &lt;\/i&gt;&lt;i&gt;1575-1975. Pour une sp\u00edritualit\u00e9 de I&amp;#8217;humanit\u00e9 du Christ, &lt;\/i&gt;Paris 1978; R. Deville, &lt;i&gt;La scuola francese di spiritualit\u00e1, &lt;\/i&gt;Cinisello Balsamo, 1990; Y. KRUMENACKER, &lt;i&gt;L&amp;#8217;\u00e9cole francaise de spiritualit\u00e9, &lt;\/i&gt;Paris, 1998.'><sup>29<\/sup><\/a><\/span> (1575-1629).<\/p>\n<p>La expresi\u00f3n que Vicente toma de B\u00e9rulle y que constituye la uni\u00f3n m\u00e1s fuerte entre los dos es la de \u00abestado\u00bb<span id='easy-footnote-30-129046' class='easy-footnote-margin-adjust'><\/span><span class='easy-footnote'><a href='https:\/\/vincentians.com\/es\/las-fuentes-de-la-oracion-vicenciana\/#easy-footnote-bottom-30-129046' title='Aunque no la vemos citada con la frecuencia con que la citan Condren, Olier, Eudes.'><sup>30<\/sup><\/a><\/span>. El \u00abestado\u00bb es una disposici\u00f3n permanente, una \u00abvirtud\u00bb en cuanto es genera\u00addora de energ\u00eda: \u00abYa que con esta palabra de bienaventuranza evang\u00e9lica se entiende el estado o la colocaci\u00f3n de un alma en una de las principales m\u00e1ximas de Jesucristo, seg\u00fan la cual hace actos heroicos de virtud\u00bb<span id='easy-footnote-31-129046' class='easy-footnote-margin-adjust'><\/span><span class='easy-footnote'><a href='https:\/\/vincentians.com\/es\/las-fuentes-de-la-oracion-vicenciana\/#easy-footnote-bottom-31-129046' title='XI,569.'><sup>31<\/sup><\/a><\/span>. El \u00abestado de Jes\u00fas\u00bb es la participaci\u00f3n, por connaturalidad, de una disposici\u00f3n estable de Cristo, operada en el alma, vuelta pasiva, de la acci\u00f3n del Esp\u00edritu: \u00abEn la vida mortal y pasajera de Nuestro Se\u00f1or hubo diversos esta\u00addos; y esa misma vida, seg\u00fan esos diversos estados, tiene tambi\u00e9n diversos atractivos; todos esos estados son santos o santificantes; todos son adorables e imitables, cada uno a su manera\u00bb<span id='easy-footnote-32-129046' class='easy-footnote-margin-adjust'><\/span><span class='easy-footnote'><a href='https:\/\/vincentians.com\/es\/las-fuentes-de-la-oracion-vicenciana\/#easy-footnote-bottom-32-129046' title='XI, 571.'><sup>32<\/sup><\/a><\/span>.<\/p>\n<p>Se habla de los estados de \u00ababandono\u00bb<span id='easy-footnote-33-129046' class='easy-footnote-margin-adjust'><\/span><span class='easy-footnote'><a href='https:\/\/vincentians.com\/es\/las-fuentes-de-la-oracion-vicenciana\/#easy-footnote-bottom-33-129046' title='I, 212.'><sup>33<\/sup><\/a><\/span>, de \u00abpena\u00bb<span id='easy-footnote-34-129046' class='easy-footnote-margin-adjust'><\/span><span class='easy-footnote'><a href='https:\/\/vincentians.com\/es\/las-fuentes-de-la-oracion-vicenciana\/#easy-footnote-bottom-34-129046' title='IX, 570: \u00abdisgusto\u00bb.'><sup>34<\/sup><\/a><\/span>, de ari\u00addez, de pobreza<span id='easy-footnote-35-129046' class='easy-footnote-margin-adjust'><\/span><span class='easy-footnote'><a href='https:\/\/vincentians.com\/es\/las-fuentes-de-la-oracion-vicenciana\/#easy-footnote-bottom-35-129046' title='XI, 255.'><sup>35<\/sup><\/a><\/span>. Todos ellos deben ser \u00abhonrados\u00bb. Se debe honrar en particular, la \u00abvida oculta\u00bb<span id='easy-footnote-36-129046' class='easy-footnote-margin-adjust'><\/span><span class='easy-footnote'><a href='https:\/\/vincentians.com\/es\/las-fuentes-de-la-oracion-vicenciana\/#easy-footnote-bottom-36-129046' title='I, 150.'><sup>36<\/sup><\/a><\/span>, la \u00abcaridad\u00bb, \u00ablas penas, las contradicciones, el cansancio, las fatigas\u00bb<span id='easy-footnote-37-129046' class='easy-footnote-margin-adjust'><\/span><span class='easy-footnote'><a href='https:\/\/vincentians.com\/es\/las-fuentes-de-la-oracion-vicenciana\/#easy-footnote-bottom-37-129046' title='I, 136.'><sup>37<\/sup><\/a><\/span>, pero adem\u00e1s, el \u00abno hacer\u00bb<span id='easy-footnote-38-129046' class='easy-footnote-margin-adjust'><\/span><span class='easy-footnote'><a href='https:\/\/vincentians.com\/es\/las-fuentes-de-la-oracion-vicenciana\/#easy-footnote-bottom-38-129046' title='I, 207.'><sup>38<\/sup><\/a><\/span> del Hijo de Dios. La relaci\u00f3n que se establece no es solamente una relaci\u00f3n de tipo cognoscitivo, sino un adherirse a Dios, es decir, un abrirse del hombre a la acci\u00f3n divina.<\/p>\n<p>Adherirse a Dios es una acci\u00f3n de una dificultad extrema, en cuanto presupone el aniquilamiento de todo residuo de ego\u00edsmo. La humildad se explica con la percepci\u00f3n del vac\u00edo de la crea\u00adci\u00f3n, si se ve \u00e9sta independiente de Dios. Por el contrario, en la Encarnaci\u00f3n se ve al Hijo de Dios, que aunque era de \u00abestirpe regia\u00bb se ha \u00ababajado\u00bb<span id='easy-footnote-39-129046' class='easy-footnote-margin-adjust'><\/span><span class='easy-footnote'><a href='https:\/\/vincentians.com\/es\/las-fuentes-de-la-oracion-vicenciana\/#easy-footnote-bottom-39-129046' title='IX,170: humillado.'><sup>39<\/sup><\/a><\/span>, ha tomado \u00abel \u00faltimo lugar\u00bb<span id='easy-footnote-40-129046' class='easy-footnote-margin-adjust'><\/span><span class='easy-footnote'><a href='https:\/\/vincentians.com\/es\/las-fuentes-de-la-oracion-vicenciana\/#easy-footnote-bottom-40-129046' title='XI, 59.'><sup>40<\/sup><\/a><\/span>, ha deja\u00addo \u00abun monumento inmortal de las humillaciones de su persona divina\u00bb<span id='easy-footnote-41-129046' class='easy-footnote-margin-adjust'><\/span><span class='easy-footnote'><a href='https:\/\/vincentians.com\/es\/las-fuentes-de-la-oracion-vicenciana\/#easy-footnote-bottom-41-129046' title='XI, 485-486.'><sup>41<\/sup><\/a><\/span>, y se ha negado a s\u00ed mismo todo \u00e9xito<span id='easy-footnote-42-129046' class='easy-footnote-margin-adjust'><\/span><span class='easy-footnote'><a href='https:\/\/vincentians.com\/es\/las-fuentes-de-la-oracion-vicenciana\/#easy-footnote-bottom-42-129046' title='XI, 519.'><sup>42<\/sup><\/a><\/span>. El hombre humilde, por tanto, no es el que se repliega sobre s\u00ed mismo, el que se rinde, que se niega al compromiso. Para Vicente, la verdadera humildad comporta una adhesi\u00f3n al estado de Cristo, que es esp\u00edritu de humildad en cuanto que est\u00e1 vac\u00edo de s\u00ed y lleno de la voluntad del Padre. Por esto, el m\u00e1ximo de la humildad, y m\u00e1s a\u00fan, de la genialidad del hombre, consiste en esta conformaci\u00f3n a la voluntad de Dios<span id='easy-footnote-43-129046' class='easy-footnote-margin-adjust'><\/span><span class='easy-footnote'><a href='https:\/\/vincentians.com\/es\/las-fuentes-de-la-oracion-vicenciana\/#easy-footnote-bottom-43-129046' title='XI, 59.'><sup>43<\/sup><\/a><\/span>.<\/p>\n<p>La voluntad divina y la humildad est\u00e1n estrechamente unidas, y constituyen como los dos focos de la elipse de su pensamien\u00adto. Vicente, recogiendo una expresi\u00f3n muy discutida de B\u00e9rulle, compara el sometimiento a la voluntad divina a una \u00abesclavitud afortunada\u00bb, porque permite un uso m\u00e1s connatural de la liber\u00adtad del hombre<span id='easy-footnote-44-129046' class='easy-footnote-margin-adjust'><\/span><span class='easy-footnote'><a href='https:\/\/vincentians.com\/es\/las-fuentes-de-la-oracion-vicenciana\/#easy-footnote-bottom-44-129046' title='Cfr. J. M. IBA\u00d1EZ, &lt;i&gt;Le volontarisme chez Vincent de Paul. Actes du colloque international d&amp;#8217;\u00e9tudes vincentiennes, &lt;\/i&gt;Paris, 25-26 septembre 1981, Roma 1983, 155-184.'><sup>44<\/sup><\/a><\/span>.<\/p>\n<p>Sobre el punto espec\u00edfico de la voluntad divina, el modelo de pensamiento vicenciano es, sobe todo, Benito de Canfield (1562-1610)<span id='easy-footnote-45-129046' class='easy-footnote-margin-adjust'><\/span><span class='easy-footnote'><a href='https:\/\/vincentians.com\/es\/las-fuentes-de-la-oracion-vicenciana\/#easy-footnote-bottom-45-129046' title='OPTAT DE VEGHEL [Van Asseldonk], &lt;i&gt;Benoit de Canfeld (1562-1610), sa vie, sa doctrine et son influence, &lt;\/i&gt;Rome, 1949; P. RENAUDIN, &lt;i&gt;Un maitre de la mystique franqa\u00edse, Benoit de Canfeld, &lt;\/i&gt;Paris, 1956; P. MOMMAERS, &lt;i&gt;Benoit de Canfeld: sa terminologie \u00abessentielle\u00bb in &lt;\/i&gt;RAM, 47 (1971) 421-454; 48 (1972), 37-68; ID., &lt;i&gt;Benoit de Canfeld et ses sources flamandes, &lt;\/i&gt;ibid., 401-434; 49 (1973) 37-66; J. ORCIBAL, &lt;i&gt;Benoit de Canfeld. &lt;\/i&gt;&lt;i&gt;La R\u00e9gle de Perfection. The Rule &lt;\/i&gt;of &lt;i&gt;Perfection, &lt;\/i&gt;Paris, 1982.'><sup>45<\/sup><\/a><\/span>: En \u00e9ste confluyen las corrientes antiintelectuales que se remontan a san Bernardo y las renano-flamencas que crean una espiritualidad basada en la contemplaci\u00f3n de la esencia divi\u00adna. A trav\u00e9s de Hendrik Hal) (Harphius, + 1477), Canfield cono\u00adci\u00f3 el Pseudo-Dionisio, pero lo super\u00f3 poniendo en el centro de su espiritualidad a Cristo sufriente. Antes que san Francisco de Sales, sostuvo que la santidad est\u00e1 abierta a todos y cada uno. Lo \u00fanico que cuenta es hacer la voluntad divina en todas las cosas. El cul\u00admen de la perfecci\u00f3n consiste en el momento en que la propia voluntad se aniquila en Dios, en la \u00abvida sobreeminente\u00bb.<\/p>\n<p>Vicente se sirvi\u00f3 de las l\u00edneas maestras de la <i>R\u00e9gle <\/i>en las dos primeras partes, donde est\u00e1 m\u00e1s claro el impacto concreto de la doctrina canfeldiana, mientras impidi\u00f3 a los misioneros la lectu\u00adra de la tercera parte, susceptible de ser interpretada de modo subjetivo y abstracto. Los conocimientos especulativos, la \u00abvida sobreeminente\u00bb, no conducen ni al conocimiento del hombre ni a la verdad de Dios. La vida del cristiano debe estar escondida en Jesucristo y llena de Jesucristo. Pero para \u00abmorir como Jesu\u00adcristo, hay que vivir como Jesucristo\u00bb<span id='easy-footnote-46-129046' class='easy-footnote-margin-adjust'><\/span><span class='easy-footnote'><a href='https:\/\/vincentians.com\/es\/las-fuentes-de-la-oracion-vicenciana\/#easy-footnote-bottom-46-129046' title='I, 320.'><sup>46<\/sup><\/a><\/span>. Esto nos lleva a una plena conformaci\u00f3n con Cristo. Esta conformaci\u00f3n, tanto en el pensamiento de Canfeld como en el de san Vicente, se act\u00faa a trav\u00e9s de las obras, es decir, a trav\u00e9s del silencio, el sufrimiento y la aniquilaci\u00f3n personal. Esa es una verdadera concepci\u00f3n espiritual, m\u00e1s a\u00fan, es una encarnaci\u00f3n \u00aben la voluntad del hom\u00adbre, que por medio de tal uni\u00f3n puede decir verdaderamente: yo soy la voluntad divina\u00bb<span id='easy-footnote-47-129046' class='easy-footnote-margin-adjust'><\/span><span class='easy-footnote'><a href='https:\/\/vincentians.com\/es\/las-fuentes-de-la-oracion-vicenciana\/#easy-footnote-bottom-47-129046' title='Las citas de la &lt;i&gt;R\u00e9gle de perfection, &lt;\/i&gt;en DS, 1 (1937), 1446-1451.'><sup>47<\/sup><\/a><\/span>.<\/p>\n<p>Vicente intuy\u00f3 la fecundidad de este modo de pensar, hacien\u00addo derivar de \u00e9l las ideas-fuerza de su vida y de sus fundaciones. En una \u00e9poca caracterizada por las \u00abinvasiones m\u00edsticas\u00bb, san Vicente sostuvo que los \u00e9xtasis son m\u00e1s peligrosos que \u00fatiles, si no nos llevan a la conformidad con la voluntad divina. Vicente no es, ciertamente, contrario por principio a las experiencias m\u00edsticas. La direcci\u00f3n de la Visitaci\u00f3n, que le fue confiada en 1622, le puso en situaci\u00f3n de tener que ocuparse de almas de una espiritualidad alt\u00edsima. No obstante, siempre tuvo frente a \u00e9l, con preferencia, interlocutores de vida activa, misioneros, Hijas de la Caridad, personas \u00abde condici\u00f3n\u00bb. Ante un misionero com\u00adbatido por la tentaci\u00f3n del siglo, que era la de retirarse a una Cartuja, afirm\u00f3 la superioridad de la vida apost\u00f3lica sobre la soledad de la Cartuja<span id='easy-footnote-48-129046' class='easy-footnote-margin-adjust'><\/span><span class='easy-footnote'><a href='https:\/\/vincentians.com\/es\/las-fuentes-de-la-oracion-vicenciana\/#easy-footnote-bottom-48-129046' title='III, 320.'><sup>48<\/sup><\/a><\/span>. Las necesidades de los tiempos, los \u00absignos de los tiempos\u00bb, exig\u00edan reforzar la vida apost\u00f3lica, por el hecho de que, a su juicio, hab\u00eda demasiados solitarios \u00abin\u00fati\u00adles\u00bb<span id='easy-footnote-49-129046' class='easy-footnote-margin-adjust'><\/span><span class='easy-footnote'><a href='https:\/\/vincentians.com\/es\/las-fuentes-de-la-oracion-vicenciana\/#easy-footnote-bottom-49-129046' title='III, 181.'><sup>49<\/sup><\/a><\/span>. Por eso, cuando cita a santa Teresa, utiliza su pensamiento como fuente de ejemplos, lo presenta como testimonio para ani\u00admar a la perseverancia en las pruebas, y para animar a una vida mortificada, pero nunca para animar a experiencias m\u00edsticas<span id='easy-footnote-50-129046' class='easy-footnote-margin-adjust'><\/span><span class='easy-footnote'><a href='https:\/\/vincentians.com\/es\/las-fuentes-de-la-oracion-vicenciana\/#easy-footnote-bottom-50-129046' title='La cita (de Santa Teresa) tratando de la repugnancia a entrar en religi\u00f3n (VI, 97), tratando de la virtud de la perseverancia, (IX, 65), de la oraci\u00f3n en favor de los sacerdotes (XI, 335), y de la determinaci\u00f3n a obrar para la Gloria de Dios (XI, 442).'><sup>50<\/sup><\/a><\/span>.<\/p>\n<p>Sin embargo, fue un \u00abm\u00edstico que no se conoce\u00bb<span id='easy-footnote-51-129046' class='easy-footnote-margin-adjust'><\/span><span class='easy-footnote'><a href='https:\/\/vincentians.com\/es\/las-fuentes-de-la-oracion-vicenciana\/#easy-footnote-bottom-51-129046' title='A. DODIN, &lt;i&gt;Saint Vincent de Paul, mystique de l&amp;#8217;action religieuse, &lt;\/i&gt;en &lt;i&gt;Mission et charit\u00e9 &lt;\/i&gt;8 (1968) 46. En relaci\u00f3n &lt;i&gt;con &lt;\/i&gt;la experiencia m\u00edstica, cfr. A. DODIN, &lt;i&gt;Lectures de M. Vincent Introduction a la vie d\u00e9vote, &lt;\/i&gt;Anuales 111-113 (1947-1948) 490-97.'><sup>51<\/sup><\/a><\/span>. Exhort\u00f3 a los misioneros a unir oraci\u00f3n y vida apost\u00f3lica, a sintetizar el carisma de Marta y Mar\u00eda<span id='easy-footnote-52-129046' class='easy-footnote-margin-adjust'><\/span><span class='easy-footnote'><a href='https:\/\/vincentians.com\/es\/las-fuentes-de-la-oracion-vicenciana\/#easy-footnote-bottom-52-129046' title='XI, 734'><sup>52<\/sup><\/a><\/span>, para lo que la tradici\u00f3n vicenciana acu\u00f1\u00f3 la f\u00f3rmula de \u00abcartujos en casa y ap\u00f3stoles en el campo\u00bb<span id='easy-footnote-53-129046' class='easy-footnote-margin-adjust'><\/span><span class='easy-footnote'><a href='https:\/\/vincentians.com\/es\/las-fuentes-de-la-oracion-vicenciana\/#easy-footnote-bottom-53-129046' title='La frase es de ABELLY: \u00abLa vida de un misionero deb\u00eda ser la vida de un cartujo en casa y de un ap\u00f3stol en el campo\u00bb (Abelly, p. 253). En una carta a F. Du Coudray del 12 de septiembre de 1631, Vicente escrib\u00eda: \u00abVivimos una vida casi tan solitaria en Par\u00eds como entre los cartujos, ya que, al no predicar ni catequizar ni confesar en la ciudad, casi nadie tiene que hacer nada con nosotros, ni nosotros con ellos; y esta soledad nos hace suspirar por el trabajo en el campo, y ese trabajo por la soledad. (I, 183)\u00bb. Se aplicaba a san Vicente el refr\u00e1n tradicional: \u00abForis apostolus, intus monachus\u00bb.'><sup>53<\/sup><\/a><\/span>.<\/p>\n<p>San Francisco de Sales hab\u00eda escrito que el amor de Dios no es sentimiento o emoci\u00f3n, sino conformidad a la voluntad de Dios:<\/p>\n<p>Nuestro libre albedr\u00edo no es nunca tan libre como cuando es escla\u00advo de la voluntad de Dios; ni es tan siervo como cuando sirve a nuestra voluntad<span id='easy-footnote-54-129046' class='easy-footnote-margin-adjust'><\/span><span class='easy-footnote'><a href='https:\/\/vincentians.com\/es\/las-fuentes-de-la-oracion-vicenciana\/#easy-footnote-bottom-54-129046' title='San Francisco de Sales, Tratado, 12, 10.'><sup>54<\/sup><\/a><\/span>.<\/p>\n<p>Los puntos de contacto entre el obispo de Ginebra, Francis\u00adco de Sales (1567-1622), y el fundador de la Misi\u00f3n, son muy numerosos<span id='easy-footnote-55-129046' class='easy-footnote-margin-adjust'><\/span><span class='easy-footnote'><a href='https:\/\/vincentians.com\/es\/las-fuentes-de-la-oracion-vicenciana\/#easy-footnote-bottom-55-129046' title='E. DELARUELLE, J. PERRET &lt;i&gt;y &lt;\/i&gt;G. ROEAT, &lt;i&gt;Saint Franqois de Sales, maitre spirituel, &lt;\/i&gt;Paris 1961; P. LAJEUNIE, &lt;i&gt;Saint Franqois de Sales, &lt;\/i&gt;2 vol., Paris 1967; R. DEVOS, &lt;i&gt;Le testament spirituel de sainte Jeanne &amp;#8211; Franeoise de Chantal et l&amp;#8217;affaire du visiteur apostolique, &lt;\/i&gt;in Revue d&amp;#8217;Asc\u00e9tique et Mystique, 48 (1972), 453-476; 49 (1973), 199-226, 341-366.'><sup>55<\/sup><\/a><\/span>. Ambos contraponen al \u00e9xtasis pseudo-dionisiano del entendimiento y a la vida \u00absobreeminente\u00bb, el \u00e9xtasis de la voluntad y de la imitaci\u00f3n de Cristo. Esta se alcanza con la per\u00adfecta conformaci\u00f3n a la voluntad del Padre, que se manifiesta en el grado alcanzado de indiferencia, que no es s\u00f3lo el silencio impuesto a las preferencias de la naturaleza, sino adem\u00e1s la paz profunda a la que llega el alma deificada. Vicente sigue fiel\u00admente a Francisco en cuanto a definir el amor de Dios como esencialmente \u00abactivo\u00bb, y en cuanto a admitir la necesidad de la adaptaci\u00f3n de la vida religiosa a las exigencias concretas de las varias condiciones humanas.<\/p>\n<p><i>Amor activo. <\/i>En el pensamiento de ambos maestros espiri\u00adtuales, la caridad no debe ser ociosa, sino laboriosa y operante<span id='easy-footnote-56-129046' class='easy-footnote-margin-adjust'><\/span><span class='easy-footnote'><a href='https:\/\/vincentians.com\/es\/las-fuentes-de-la-oracion-vicenciana\/#easy-footnote-bottom-56-129046' title='IX, 1098.'><sup>56<\/sup><\/a><\/span>.<\/p>\n<p>\u00abAmemos a Dios, hermanos[&#8230;], pero que sea a costa de nues\u00adtros brazos, que sea con el sudor de nuestra frente. Pues muchas veces los actos de amor de Dios, [&#8230;], aunque muy buenos y deseables, resultan sin embargo muy sospechosos, cuando no se llega a la pr\u00e1ctica del amor efectivo\u00bb<span id='easy-footnote-57-129046' class='easy-footnote-margin-adjust'><\/span><span class='easy-footnote'><a href='https:\/\/vincentians.com\/es\/las-fuentes-de-la-oracion-vicenciana\/#easy-footnote-bottom-57-129046' title='XI, 733.'><sup>57<\/sup><\/a><\/span>.<\/p>\n<p>\u00bfExcluye el amor efectivo al amor afectivo? El obispo de Ginebra es de un optimismo abierto, de impronta renacentista. Vicente lo es menos: tiene un sentido tr\u00e1gico de la fragilidad humana, que ha respirado en su \u00e9poca, el 1600 franc\u00e9s<span id='easy-footnote-58-129046' class='easy-footnote-margin-adjust'><\/span><span class='easy-footnote'><a href='https:\/\/vincentians.com\/es\/las-fuentes-de-la-oracion-vicenciana\/#easy-footnote-bottom-58-129046' title='XI, 492.'><sup>58<\/sup><\/a><\/span>, adem\u00e1s de vivirlo en su propia experiencia<span id='easy-footnote-59-129046' class='easy-footnote-margin-adjust'><\/span><span class='easy-footnote'><a href='https:\/\/vincentians.com\/es\/las-fuentes-de-la-oracion-vicenciana\/#easy-footnote-bottom-59-129046' title='XI, 477.'><sup>59<\/sup><\/a><\/span>. Sin embargo, su agustinismo impl\u00edcito se revela solo gradualmente. En torno al 1630, seg\u00fan la aguda observaci\u00f3n de Dodin, Vicente asumi\u00f3 un com\u00adportamiento m\u00e1s comedido y m\u00e1s fr\u00edo<span id='easy-footnote-60-129046' class='easy-footnote-margin-adjust'><\/span><span class='easy-footnote'><a href='https:\/\/vincentians.com\/es\/las-fuentes-de-la-oracion-vicenciana\/#easy-footnote-bottom-60-129046' title='A. DODIN, &lt;i&gt;Lectures &lt;\/i&gt;480-84.'><sup>60<\/sup><\/a><\/span>.<\/p>\n<p>Seg\u00fan el esp\u00edritu salesiano, la vocaci\u00f3n universal a la santi\u00addad comportaba no s\u00f3lo la reintegraci\u00f3n del esp\u00edritu religioso en el mundo, contra todo estoicismo, sino tambi\u00e9n la restauraci\u00f3n de una presencia de la religi\u00f3n en la sociedad<span id='easy-footnote-61-129046' class='easy-footnote-margin-adjust'><\/span><span class='easy-footnote'><a href='https:\/\/vincentians.com\/es\/las-fuentes-de-la-oracion-vicenciana\/#easy-footnote-bottom-61-129046' title='A. DODIN, Lectures 243ss.'><sup>61<\/sup><\/a><\/span>. Francisco de Sales no logr\u00f3 realizar el proyecto de una comunidad femenina sin clausura, y as\u00ed la Visitaci\u00f3n, en vez de \u00abvisitar\u00bb a los pobres, termin\u00f3 siendo una comunidad contemplativa<span id='easy-footnote-62-129046' class='easy-footnote-margin-adjust'><\/span><span class='easy-footnote'><a href='https:\/\/vincentians.com\/es\/las-fuentes-de-la-oracion-vicenciana\/#easy-footnote-bottom-62-129046' title='Hay una diferencia muy grande entre la Visitaci\u00f3n y las Hijas de la Caridad: la primera es una comunidad contemplativa con \u00abmenos\u00bb mortificaciones, sin clausura; pero que no pretend\u00edan hacer servicio, como, por el contrario, pretend\u00edan las segundas.'><sup>62<\/sup><\/a><\/span>.<\/p>\n<p>Vicente, en cambio, lo logr\u00f3 con las Hijas de la Caridad, que llegaron a ser las int\u00e9rpretes de uno de los impulsos m\u00e1s fecundos de la espiritualidad de la \u00e9poca, de la espiritualidad moderna.<\/p>\n<p>Otro punto en el que el acercamiento entre los dos resulta m\u00e1s evidente, es el m\u00e9todo de la meditaci\u00f3n, como se detalla en la <i>Introducci\u00f3n. <\/i>Esto se deduce en particular, de la edici\u00f3n de las meditaciones de Jan Buys (Buseo, 1547-1611) hecha por Ren\u00e9 Alm\u00e9ras (1613-1672).<\/p>\n<p>Muy evidentes son, igualmente, los influjos de la escuela ignaciana<span id='easy-footnote-63-129046' class='easy-footnote-margin-adjust'><\/span><span class='easy-footnote'><a href='https:\/\/vincentians.com\/es\/las-fuentes-de-la-oracion-vicenciana\/#easy-footnote-bottom-63-129046' title='G. BOTTEREAU, &lt;i&gt;Le Christ des j\u00e9suites francais du XVIIe si\u00e9cle, &lt;\/i&gt;Vincentiana 30(1986) 310-322.'><sup>63<\/sup><\/a><\/span>. Con los jesuitas las relaciones fueron generalmente buenas. Vicente admir\u00f3 la Compa\u00f1\u00eda de Jes\u00fas<span id='easy-footnote-64-129046' class='easy-footnote-margin-adjust'><\/span><span class='easy-footnote'><a href='https:\/\/vincentians.com\/es\/las-fuentes-de-la-oracion-vicenciana\/#easy-footnote-bottom-64-129046' title='COSTE III, 360s.'><sup>64<\/sup><\/a><\/span>. Trabaj\u00f3 con algunos jesuitas en Foleville<span id='easy-footnote-65-129046' class='easy-footnote-margin-adjust'><\/span><span class='easy-footnote'><a href='https:\/\/vincentians.com\/es\/las-fuentes-de-la-oracion-vicenciana\/#easy-footnote-bottom-65-129046' title='XI, 700, 95.'><sup>65<\/sup><\/a><\/span> y en Ch\u00e1tillon-les-Dombes<span id='easy-footnote-66-129046' class='easy-footnote-margin-adjust'><\/span><span class='easy-footnote'><a href='https:\/\/vincentians.com\/es\/las-fuentes-de-la-oracion-vicenciana\/#easy-footnote-bottom-66-129046' title='X, 56.'><sup>66<\/sup><\/a><\/span>. A\u00fan m\u00e1s, lleg\u00f3 a pensar en ofrecerles, en un primer momento, la fundaci\u00f3n de los Gondi. Fue a causa de su rechazo, por lo que fund\u00f3 la Congregaci\u00f3n de la Misi\u00f3n<span id='easy-footnote-67-129046' class='easy-footnote-margin-adjust'><\/span><span class='easy-footnote'><a href='https:\/\/vincentians.com\/es\/las-fuentes-de-la-oracion-vicenciana\/#easy-footnote-bottom-67-129046' title='XI, 96.'><sup>67<\/sup><\/a><\/span>. Una de las razones de su aleja\u00admiento de Saint-Cyran se debe ver en el hecho de que no pod\u00eda aprobar la aversi\u00f3n que \u00e9ste ten\u00eda a la Compa\u00f1\u00eda<span id='easy-footnote-68-129046' class='easy-footnote-margin-adjust'><\/span><span class='easy-footnote'><a href='https:\/\/vincentians.com\/es\/las-fuentes-de-la-oracion-vicenciana\/#easy-footnote-bottom-68-129046' title='III, 398.'><sup>68<\/sup><\/a><\/span>. Y si nos limi\u00adtamos a examinar los contenidos de la espiritualidad vicenciana, debemos notar c\u00f3mo Vicente no se orient\u00f3 hacia los represen\u00adtantes de la \u00abnueva espiritualidad\u00bb, que floreci\u00f3 en Francia entre 1625 y 1640, representada por Louis Lallemant (1588-1635), con quien tuvo contactos como director de la Visitaci\u00f3n<span id='easy-footnote-69-129046' class='easy-footnote-margin-adjust'><\/span><span class='easy-footnote'><a href='https:\/\/vincentians.com\/es\/las-fuentes-de-la-oracion-vicenciana\/#easy-footnote-bottom-69-129046' title='VIII, 219.'><sup>69<\/sup><\/a><\/span>, y por Jean-Joseph Surin (1600-1665), sino m\u00e1s bien se orient\u00f3 hacia Alfonso Rodr\u00edguez (1538-1616), el autor de <i>Ejercicio de per\u00adfecci\u00f3n y virtudes cristianas<\/i><span id='easy-footnote-70-129046' class='easy-footnote-margin-adjust'><\/span><span class='easy-footnote'><a href='https:\/\/vincentians.com\/es\/las-fuentes-de-la-oracion-vicenciana\/#easy-footnote-bottom-70-129046' title='En el siglo XVI se hicieron seis ediciones en franc\u00e9s.'><sup>70<\/sup><\/a><\/span>, Jean-Baptiste de Saint-Jure<span id='easy-footnote-71-129046' class='easy-footnote-margin-adjust'><\/span><span class='easy-footnote'><a href='https:\/\/vincentians.com\/es\/las-fuentes-de-la-oracion-vicenciana\/#easy-footnote-bottom-71-129046' title='En los archivos hay una &lt;i&gt;R\u00e9ponse du p\u00e9re Saint-Jure \u00e1 M. Alm\u00e9ras pour la conduite de la jeunesse.&lt;\/i&gt;'><sup>71<\/sup><\/a><\/span> (1600-1665), y el ya citado Jan Buys.<\/p>\n<p>Vicente se inspira en la m\u00e1xima ignaciana \u00abin actione con\u00adtemplativus\u00bb, seg\u00fan la cual la acci\u00f3n del ap\u00f3stol debe ser inspi\u00adrada por el \u00fanico inter\u00e9s de la voluntad divina, de tal modo que encontremos en la vida de oraci\u00f3n un trampol\u00edn para la acci\u00f3n, y la acci\u00f3n nos haga sentir la necesidad de la oraci\u00f3n. Como reacci\u00f3n a una espiritualidad tardomedieval, que enfocaba sobre todo los peligros de la acci\u00f3n, en un mundo del que uno se deb\u00eda proteger si quer\u00eda permanecer \u00abinmaculado\u00bb, los jesuitas se hab\u00edan colocado en primera fila en la reconquista misionera y en la valoraci\u00f3n de la cultura. Era l\u00f3gico que de esta presencia en el mundo se derivase la conclusi\u00f3n de que todo lo que se hace per el hombre, se hace al mismo tiempo por Dios, y viceversa. De todo esto deriv\u00f3 el \u00abdejar a Dios por Dios\u00bb, que implica de vez en cuando dejar las \u00abconsolaciones\u00bb de la oraci\u00f3n para servir al pr\u00f3jimo, pero deriv\u00f3 tambi\u00e9n la superioridad de la aridez sobre el fervor sensible<span id='easy-footnote-72-129046' class='easy-footnote-margin-adjust'><\/span><span class='easy-footnote'><a href='https:\/\/vincentians.com\/es\/las-fuentes-de-la-oracion-vicenciana\/#easy-footnote-bottom-72-129046' title='En la &lt;i&gt;lita Ignatii Loyolae, &lt;\/i&gt;el P. Ribadeneyra escrib\u00eda: \u00abQuod tunc demum verus Dei zelus ac secundum scientiam sit, si aliorum fructibus serviat et ad Dei gloriam fratrum etiam salutem adiungat; eamque in Deo ipso intuens ac perquirens, Deum ipsum in se (ut ita dicam) propter Deum in proximis ali\u00adguando relinquat\u00bb (ed. en &lt;i&gt;Fontes narrativi, &lt;\/i&gt;IV, Romae 1963, 870 sg.). Giusep\u00adpe Biondo, provincial de Mil\u00e1n y amigo de Gagliardi, ofrece la \u00faltima inter\u00adpretaci\u00f3n: \u00abPrivarse de Dios por amor del mismo Dios\u00bb &lt;i&gt;(Essercitii spirituali del &lt;\/i&gt;&lt;i&gt;R. &lt;\/i&gt;P &lt;i&gt;Ignatio, &lt;\/i&gt;Milano 1587, 55). La frase viene citada tambi\u00e9n por B\u00e9rulle: \u00ab11 nous faut quitter Dieu pour Dieu m\u00e9me\u00bb (J. ORCIBAL, &lt;i&gt;Le cardinal de B\u00e9rulle, &lt;\/i&gt;Paris 1965, 28).'><sup>72<\/sup><\/a><\/span>, y el abandonar ideas o proyectos no orientados a las necesidades del pr\u00f3jimo.<\/p>\n<p>Igualmente son significativas las l\u00edneas de dependencia que unen a san Vicente con Luis Sarri\u00e1 (1504-1588), mejor conocido como Luis de Granada. Dominico, te\u00f3logo de profesi\u00f3n, claro, sistem\u00e1tico, es preferido por san Vicente, porque no pasa por alto los aspectos asc\u00e9ticos y la meditaci\u00f3n, y por sus descripcio\u00adnes de las virtudes y de los defectos, con lo cual ofrece consejos pr\u00e1cticos para conseguir las primeras y vencer los segundos<span id='easy-footnote-73-129046' class='easy-footnote-margin-adjust'><\/span><span class='easy-footnote'><a href='https:\/\/vincentians.com\/es\/las-fuentes-de-la-oracion-vicenciana\/#easy-footnote-bottom-73-129046' title='I, 249, 400; III, 258; IV, 198; V, 270.'><sup>73<\/sup><\/a><\/span>.<\/p>\n<p>La <i>Imitaci\u00f3n de Cristo, <\/i>de Thomas Hoemerken de Kempis (1379-1471) fue recibida de modo particular, por su tendencia antiespeculativa y pr\u00e1ctica, por la moderada metodizaci\u00f3n de la vida espiritual, por el ascetismo dominante que estaba de acuerdo, no obstante sus evidentes l\u00edmites, con el esp\u00edritu vicenciano<span id='easy-footnote-74-129046' class='easy-footnote-margin-adjust'><\/span><span class='easy-footnote'><a href='https:\/\/vincentians.com\/es\/las-fuentes-de-la-oracion-vicenciana\/#easy-footnote-bottom-74-129046' title='I, 400;V, 275;VI, 124.'><sup>74<\/sup><\/a><\/span>.<\/p>\n<h2>4. San Vicente y la oraci\u00f3n<\/h2>\n<p>En la base de su ense\u00f1anza sobre la oraci\u00f3n hay un punto fundamental:<\/p>\n<p style=\"padding-left: 30px\">\u00abOtros se han propuesto obrar con pureza de intenci\u00f3n, ver a Dios en todo lo que ocurre, para hacerlo y sufrirlo todo por \u00e9l. Esto es muy sutil\u00bb<span id='easy-footnote-75-129046' class='easy-footnote-margin-adjust'><\/span><span class='easy-footnote'><a href='https:\/\/vincentians.com\/es\/las-fuentes-de-la-oracion-vicenciana\/#easy-footnote-bottom-75-129046' title='XI, 447.'><sup>75<\/sup><\/a><\/span>.<\/p>\n<p>Seg\u00fan san Ignacio de Loyola, la pureza de intenci\u00f3n consis\u00adte en que la acci\u00f3n sea ordenada a agradar a Dios<span id='easy-footnote-76-129046' class='easy-footnote-margin-adjust'><\/span><span class='easy-footnote'><a href='https:\/\/vincentians.com\/es\/las-fuentes-de-la-oracion-vicenciana\/#easy-footnote-bottom-76-129046' title='DS 12\/2 (1986) 2645s.'><sup>76<\/sup><\/a><\/span>. De esa manera, asume una interpretaci\u00f3n moral, como si se tratara de un vestido de bodas para asistir al banquete de Dios. No se puede desconocer la importancia hist\u00f3rica de la doctrina beru\u00adlliana, ya por su incidencia sobre la vida en general de la Igle\u00adsia de Francia (exaltaci\u00f3n del Verbo Encarnado y revivificaci\u00f3n de la virtud de la religi\u00f3n), ya por su influjo sobre san Vicente (la doctrina del Esp\u00edritu de Jes\u00fas y la eminente dignidad del sacerdocio).<\/p>\n<p>El santo encuentra, no obstante, que las <i>oblaciones, <\/i>las <i>adhe\u00adrencias, <\/i>los <i>estados <\/i>son cosa rebuscada (\u00absutil\u00bb), porque llenan la inteligencia, pero no conducen por s\u00ed mismas a la caridad. Tambi\u00e9n la relaci\u00f3n con Canfield es sintom\u00e1tica. Vicente lo conoce, pero lo utiliza s\u00f3lo parcialmente, refutando los aspectos demasiado especulativos. Para san Vicente no basta la intencio\u00adnalidad sola. Teme que favorezca a aquellos que reducen la vida espiritual a una alt\u00edsima reflexi\u00f3n sobre Dios, y prefiere en cam\u00adbio a aquellos que no tienen pensamientos tan altos, y sin embar\u00adgo obran como ejecutores de la voluntad de Dios.<\/p>\n<p>Vicente era un \u00abgran independiente\u00bb. No repet\u00eda. Tal vez le\u00eda poco, porque no ten\u00eda tiempo, pero viv\u00eda intensamente su ora\u00adci\u00f3n. Sobre su oraci\u00f3n personal, me abstengo de afirmar la exis\u00adtencia de una evoluci\u00f3n, a partir de una oraci\u00f3n interesada, hasta llegar a la oraci\u00f3n en Cristo<span id='easy-footnote-77-129046' class='easy-footnote-margin-adjust'><\/span><span class='easy-footnote'><a href='https:\/\/vincentians.com\/es\/las-fuentes-de-la-oracion-vicenciana\/#easy-footnote-bottom-77-129046' title='&lt;i&gt;Initiation \u00e1 Saint Vincent de Paul, &lt;\/i&gt;Paris 1993,199-202.'><sup>77<\/sup><\/a><\/span>. Comparto, en cambio, la pruden\u00adte posici\u00f3n de Abelly:<\/p>\n<p style=\"padding-left: 30px\">No se ha podido descubrir cu\u00e1l era la oraci\u00f3n del se\u00f1or Vicente: si la ordinaria o la extraordinaria<span id='easy-footnote-78-129046' class='easy-footnote-margin-adjust'><\/span><span class='easy-footnote'><a href='https:\/\/vincentians.com\/es\/las-fuentes-de-la-oracion-vicenciana\/#easy-footnote-bottom-78-129046' title='Abelly, p. 588.'><sup>78<\/sup><\/a><\/span>.<\/p>\n<p>La definici\u00f3n que da de oraci\u00f3n es muy rica, porque en ella se unen los aspectos voluntar\u00edstico y unificante:<\/p>\n<p style=\"padding-left: 30px\">\u00abLa oraci\u00f3n [&#8230;] es una elevaci\u00f3n del esp\u00edritu a Dios, por la que el alma se despega como de s\u00ed misma para ir a buscar a Dios. Es una conversaci\u00f3n del alma con Dios, una comunicaci\u00f3n mutua, en la que Dios dice interiormente al alma lo que quiere que sepa y que haga, y donde el alma dice a su Dios lo que \u00e9l mismo le da a cono\u00adcer que tiene que pedir. \u00a1Gran excelencia la de la oraci\u00f3n, que nos tiene que hacer estimarla y preferirla a cualquier otra cosa!\u00bb<span id='easy-footnote-79-129046' class='easy-footnote-margin-adjust'><\/span><span class='easy-footnote'><a href='https:\/\/vincentians.com\/es\/las-fuentes-de-la-oracion-vicenciana\/#easy-footnote-bottom-79-129046' title='IX, 384.'><sup>79<\/sup><\/a><\/span>.<\/p>\n<p>En su ense\u00f1anza prevalece la oraci\u00f3n de petici\u00f3n, es decir, el aspecto voluntar\u00edstico:<\/p>\n<p style=\"padding-left: 30px\">\u00abLa oraci\u00f3n es una elevaci\u00f3n del esp\u00edritu a Dios para hacerle pre\u00adsentes nuestras necesidades y para implorar la ayuda de su miseri\u00adcordia y de su gracia\u00bb<span id='easy-footnote-80-129046' class='easy-footnote-margin-adjust'><\/span><span class='easy-footnote'><a href='https:\/\/vincentians.com\/es\/las-fuentes-de-la-oracion-vicenciana\/#easy-footnote-bottom-80-129046' title='XI. 282-283.'><sup>80<\/sup><\/a><\/span>.<\/p>\n<p>El m\u00e9todo de oraci\u00f3n que propone es el de san Francisco de Sales<span id='easy-footnote-81-129046' class='easy-footnote-margin-adjust'><\/span><span class='easy-footnote'><a href='https:\/\/vincentians.com\/es\/las-fuentes-de-la-oracion-vicenciana\/#easy-footnote-bottom-81-129046' title='XI, 162; IX, 64.'><sup>81<\/sup><\/a><\/span>, advirtiendo los l\u00edmites de la \u00aboraci\u00f3n de las Carmeli\u00adtas\u00bb<span id='easy-footnote-82-129046' class='easy-footnote-margin-adjust'><\/span><span class='easy-footnote'><a href='https:\/\/vincentians.com\/es\/las-fuentes-de-la-oracion-vicenciana\/#easy-footnote-bottom-82-129046' title='IX, 947.'><sup>82<\/sup><\/a><\/span>. Para San Vicente lo importante es que la oraci\u00f3n ayude a la conversi\u00f3n del coraz\u00f3n:<\/p>\n<p style=\"padding-left: 30px\">\u00abLa oraci\u00f3n es una predicaci\u00f3n que nos hacemos a nosotros mis\u00admos para convencemos de la necesidad que tenemos de recurrir a Dios y de cooperar con su gracia a fin de extirpar los vicios de nuestra alma y plantar en ella las virtudes. En la oraci\u00f3n hay que esforzarse sobre todo en combatir la pasi\u00f3n o la mala inclinaci\u00f3n que nos entretiene y tender siempre a mortificarla; si lo consegui\u00admos, todo lo dem\u00e1s vendr\u00e1 f\u00e1cilmente\u00bb<span id='easy-footnote-83-129046' class='easy-footnote-margin-adjust'><\/span><span class='easy-footnote'><a href='https:\/\/vincentians.com\/es\/las-fuentes-de-la-oracion-vicenciana\/#easy-footnote-bottom-83-129046' title='XI, 779.'><sup>83<\/sup><\/a><\/span>.<\/p>\n<p>En esta f\u00f3rmula vemos expresados dos puntos focales: la gra\u00adcia de Dios y la voluntad del hombre; la primera, que como un fuego cauteriza el mal que hay en el coraz\u00f3n del hombre, y la segunda, que se pone al un\u00edsono con el querer de Dios, con miras a una acci\u00f3n apost\u00f3lica en el mundo. No es por consi\u00adguiente, un estudio<span id='easy-footnote-84-129046' class='easy-footnote-margin-adjust'><\/span><span class='easy-footnote'><a href='https:\/\/vincentians.com\/es\/las-fuentes-de-la-oracion-vicenciana\/#easy-footnote-bottom-84-129046' title='XI, 161.'><sup>84<\/sup><\/a><\/span> o un ejercicio de inteligencia, sino el fun\u00addamento para cambiar el coraz\u00f3n<span id='easy-footnote-85-129046' class='easy-footnote-margin-adjust'><\/span><span class='easy-footnote'><a href='https:\/\/vincentians.com\/es\/las-fuentes-de-la-oracion-vicenciana\/#easy-footnote-bottom-85-129046' title='XI, 786.'><sup>85<\/sup><\/a><\/span>.<\/p>\n<p style=\"padding-left: 30px\">\u00abEl fruto principal de la oraci\u00f3n consiste en resolverse bien, en resolverse con decisi\u00f3n, en basar bien nuestros prop\u00f3sitos, en con\u00advencerse profundamente, en prepararse bien para cumplirlos y en prever los obst\u00e1culos para superarlos\u00bb<span id='easy-footnote-86-129046' class='easy-footnote-margin-adjust'><\/span><span class='easy-footnote'><a href='https:\/\/vincentians.com\/es\/las-fuentes-de-la-oracion-vicenciana\/#easy-footnote-bottom-86-129046' title='XI, 781-782.'><sup>86<\/sup><\/a><\/span>.<\/p>\n<p>El suyo es, por tanto, un cuadro asc\u00e9tico, muy realista y obje\u00adtivo, que no deja mucho espacio a vuelos de esp\u00edritu y a exhibi\u00adciones mistificantes. Naturalmente, el santo es el primero en comprender los l\u00edmites de ciertas prescripciones humanas.<\/p>\n<p>A las Hijas de la Caridad les hab\u00eda indicado un m\u00e9todo, pero al mismo tiempo hab\u00eda comprendido que el Esp\u00edritu est\u00e1 m\u00e1s all\u00e1 del seto o vallado de los m\u00e9todos humanos, y que obra de modo aut\u00f3nomo, es decir, hab\u00eda relativizado el mismo m\u00e9todo:<\/p>\n<p style=\"padding-left: 30px\">\u00abEs verdad, las que pueden dedicarse a los m\u00e9todos que se dan para hacer oraci\u00f3n, y especialmente el m\u00e9todo de que habla la \u00abIntro\u00adducci\u00f3n a la vida devota\u00bb, hacen muy bien. Pero no todas lo pue\u00adden. Sin embargo, todas pueden estar al pie de la cruz y en presen\u00adcia de Dios; y si una no tiene nada que decirle, que espere a que \u00e9l hable; y si \u00e9l la deja all\u00ed, se quedar\u00e1 muy a gusto, esperando de su bondad la gracia de escucharle, o de hablarle\u00bb<span id='easy-footnote-87-129046' class='easy-footnote-margin-adjust'><\/span><span class='easy-footnote'><a href='https:\/\/vincentians.com\/es\/las-fuentes-de-la-oracion-vicenciana\/#easy-footnote-bottom-87-129046' title='IX, 64-65.'><sup>87<\/sup><\/a><\/span>.<\/p>\n<p>Probablemente, la direcci\u00f3n de las Visitandinas le ha dado nue\u00advos horizontes de espiritualidad, que ha abierto a sus Hermanas:<\/p>\n<p style=\"padding-left: 30px\">\u00abPero el bienaventurado obispo de Ginebra ense\u00f1\u00f3 a sus religiosas otra clase de oraci\u00f3n, que pueden hacer incluso los enfermos: con\u00adsiste en quedarse tranquilamente delante de Dios y exponerle sus necesidades, sin m\u00e1s aplicaci\u00f3n del esp\u00edritu&#8230;\u00bb<span id='easy-footnote-88-129046' class='easy-footnote-margin-adjust'><\/span><span class='easy-footnote'><a href='https:\/\/vincentians.com\/es\/las-fuentes-de-la-oracion-vicenciana\/#easy-footnote-bottom-88-129046' title='IV, 368.'><sup>88<\/sup><\/a><\/span>.<\/p>\n<p>No se trata de una simplificaci\u00f3n para personas enfermas, sino una verdadera introducci\u00f3n a una oraci\u00f3n nueva, una ora\u00adci\u00f3n contemplativa, aunque es activa, propia de la tradici\u00f3n apo\u00adf\u00e1tica, en la que la admiraci\u00f3n sencilla sustituye a un intelectua\u00adlismo est\u00e9ril:<\/p>\n<p style=\"padding-left: 30px\">\u00abMirando una imagen de la Virgen [la Madre Chantal] se dirig\u00eda a sus ojos y les dec\u00eda: \u00ab\u00bfQu\u00e9 es lo que hac\u00edais vosotros, ojos de la sant\u00edsima Virgen?\u00bb. Y sent\u00eda interiormente esta respuesta: \u00abCulti\u00advaba la modestia y me mortificaba en las cosas que pudiesen traer\u00adme alg\u00fan deleite\u00bb. \u00ab\u00bfQu\u00e9 m\u00e1s hac\u00edais?\u00bb. \u00abMiraba a Dios en sus criaturas y pasaba de all\u00ed a la admiraci\u00f3n de su bondad\u00bb. Y volv\u00eda a empezar: \u00ab\u00bfQu\u00e9 m\u00e1s hac\u00edais, ojos de la sant\u00edsima Virgen?\u00bb. \u00abMe deleitaba mirando a mi Hijo, y al mirarle me sent\u00eda elevada al amor de Dios\u00bb. \u00ab\u00bfQu\u00e9 m\u00e1s hac\u00edais?\u00bb. \u00abSent\u00eda mucho gusto mirando al pr\u00f3jimo y principalmente a los pobres\u00bb. De esta forma aquella alma buena sacaba instrucci\u00f3n de todo lo que ten\u00eda que hacer, a imitaci\u00f3n de la Sant\u00edsima Virgen, porque, cuando hab\u00eda terminado con los ojos, se dirig\u00eda a la boca, de la boca a la nariz, a los o\u00eddos, al tacto; y as\u00ed aprendi\u00f3 a ordenar bien sus sentidos y alcanz\u00f3 un grado muy alto de oraci\u00f3n y de virtud\u00bb<span id='easy-footnote-89-129046' class='easy-footnote-margin-adjust'><\/span><span class='easy-footnote'><a href='https:\/\/vincentians.com\/es\/las-fuentes-de-la-oracion-vicenciana\/#easy-footnote-bottom-89-129046' title='IX, 390.'><sup>89<\/sup><\/a><\/span>.<\/p>\n<p>Y tampoco ten\u00eda miedo a proponer a sus Hermanas la con\u00adtemplaci\u00f3n pasiva:<\/p>\n<p style=\"padding-left: 30px\">\u00abLa otra clase de oraci\u00f3n se llama contemplaci\u00f3n; es aquella en donde el alma, en la presencia de Dios, no hace m\u00e1s que recibir lo que \u00e9l le da. Ella no hace nada, sino que Dios mismo le inspira, sin esfuerzo ninguno de su parte, todo lo que ella podr\u00eda buscar, y toda\u00adv\u00eda m\u00e1s. Mis queridas hijas, \u00bfno hab\u00e9is experimentado nunca esta clase de oraci\u00f3n? Estoy seguro que s\u00ed la habr\u00e9is experimentado a veces en vuestros retiros, cuando os extra\u00f1\u00e1is de que, sin haber puesto nada de vuestra parte, Dios mismo llena vuestro esp\u00edritu e imprime en \u00e9l unos conocimientos que vosotras jam\u00e1s habr\u00edais alcanzado\u00bb<span id='easy-footnote-90-129046' class='easy-footnote-margin-adjust'><\/span><span class='easy-footnote'><a href='https:\/\/vincentians.com\/es\/las-fuentes-de-la-oracion-vicenciana\/#easy-footnote-bottom-90-129046' title='IX, 385.'><sup>90<\/sup><\/a><\/span>.<\/p>\n<p>Por esto no quer\u00eda personas replegadas sobre s\u00ed mismas, inte\u00adligencias enfermas de tanto concentrarse, frentes arrugadas en la b\u00fasqueda de una visi\u00f3n que, con probabilidad, no acaecer\u00eda:<\/p>\n<p style=\"padding-left: 30px\">\u00abMe acuerdo, a prop\u00f3sito de esto, de una idea del obispo de Gine\u00adbra, que dec\u00eda con palabras muy divinas y dignas de tan gran hom\u00adbre: \u00ab\u00a1No me gustar\u00eda llegar a Dios, si Dios no viniese hacia mi!\u00bb. \u00a1Palabras admirables!&#8230; Estas palabras brotan de un coraz\u00f3n per\u00adfectamente iluminado en esta ciencia del amor. Si esto es as\u00ed, un coraz\u00f3n verdaderamente lleno de caridad, que sabe lo que es amar a Dios, no querr\u00eda ir hacia Dios, si Dios no se adelantase y lo atra\u00adjese por su gracia. Esto es estar muy lejos de querer obligar a Dios y atra\u00e9rselo a fuerza de brazos y de m\u00e1quinas. No, no, en esos casos no se consigue nada por la fuerza\u00bb.<\/p>\n<p style=\"padding-left: 30px\">\u00abDios, cuando quiere comunicarse a alguien, lo hace sin esfuerzos, de una manera sensible, muy suave, dulce y amorosa; as\u00ed pues, pid\u00e1mosle muchas veces este don de la oraci\u00f3n, y con mucha con\u00adfianza&#8230; Hay que perseverar sin desanimarse; y si no tenemos ahora ese esp\u00edritu de Dios, nos lo dar\u00e1 por su misericordia, si insistimos, quiz\u00e1s dentro de tres o cuatro meses, o de uno o dos a\u00f1os&#8230; Cuando Dios, por su bondad, le concede a alguien una gracia, lo que \u00e9ste cre\u00eda dif\u00edcil se le hace tan f\u00e1cil, que all\u00ed donde ten\u00eda tanta pena encuentra ahora placer&#8230; Entonces uno se siente sin esfuerzo algu\u00adno en la presencia de Dios; \u00e9sta se hace como natural, sin cesar nunca; y todo se efect\u00faa adem\u00e1s con mucha satisfacci\u00f3n\u00bb<span id='easy-footnote-91-129046' class='easy-footnote-margin-adjust'><\/span><span class='easy-footnote'><a href='https:\/\/vincentians.com\/es\/las-fuentes-de-la-oracion-vicenciana\/#easy-footnote-bottom-91-129046' title='XI, 136- 137.'><sup>91<\/sup><\/a><\/span>.<\/p>\n<p>Ser\u00eda absurdo querer encontrar en estas palabras la precisi\u00f3n del lenguaje de la teolog\u00eda espiritual, cuando describe los esta\u00addos m\u00edsticos superiores. Si no describe los detalles, no es porque rechaza la m\u00edstica, sino por la convicci\u00f3n de que no somos noso\u00adtros, con nuestras \u00abm\u00e1quinas\u00bb, los que podemos realizar esta uni\u00f3n con Dios:<\/p>\n<p style=\"padding-left: 30px\">\u00ab&#8230; elev\u00e1semos nuestro esp\u00edritu a Dios y lo escuch\u00e1semos, ya que una de sus palabras vale m\u00e1s que mil razones y que todas las espe\u00adculaciones de nuestro entendimiento&#8230; [Vicente] deseaba que en el ejercicio de la oraci\u00f3n, de vez en cuando, nos elev\u00e1ramos a Dios y, manteni\u00e9ndonos en el humilde reconocimiento de la propia nuli\u00addad, esper\u00e1semos que Dios se dignase hablar a nuestro coraz\u00f3n y decirnos alguna palabra de vida eterna\u00bb<span id='easy-footnote-92-129046' class='easy-footnote-margin-adjust'><\/span><span class='easy-footnote'><a href='https:\/\/vincentians.com\/es\/las-fuentes-de-la-oracion-vicenciana\/#easy-footnote-bottom-92-129046' title='XI, 779-786.'><sup>92<\/sup><\/a><\/span>.<\/p>\n<p>Y como buen disc\u00edpulo de san Francisco de Sales, entre los medios indicados por el santo para ponerse en la presencia de Dios, desarrolla la presencia del \u00abcoraz\u00f3n\u00bb:<\/p>\n<p style=\"padding-left: 30px\">\u00abDios no solamente est\u00e1 en todas partes, sino que se encuentra en un alma buena, que est\u00e1 llena de su amor, de una forma muy espe\u00adcial. Por consiguiente, Dios est\u00e1 en las almas buenas, como en las Hijas de la Caridad, y no hay nada _para \u00e9l m\u00e1s agradable que estar all\u00ed. Mirad, hijas m\u00edas, no hay nada por lo que Nuestro Se\u00f1or sien\u00adta tanto amor como por las almas buenas. No encuentra nada que sea m\u00e1s hermoso, ni en el cielo ni en la tierra, que eso. All\u00ed dentro se siente satisfecho y pone all\u00ed su morada. El est\u00e1 en medio de nosotros. El es el que nos hace mover, el que nos hace o\u00edr y el que concurre con nosotros en todas las acciones naturales y sobrenatu\u00adrales que hacemos. El es el que nos ha dado su ley y el que nos da el deseo de guardarla. Ved qu\u00e9 dicha es tener a Dios presente de esta manera. Os lo dec\u00eda hace poco; quiz\u00e1s no os acord\u00e9is todas de ello y por eso os lo voy a repetir: cuando una persona sirve a Dios por los caminos del amor, todo lo que hace, todo lo que piensa y todo lo que dice le agrada tanto a Dios, que no hay ning\u00fan padre que sienta tanto gusto en ver lo que hace su hijo como Dios al con\u00adtemplar a una Hija de la Caridad que le ofrece todo lo que va a hacer, desde las primeras horas de la ma\u00f1ana. Y esto ha de enten\u00adderse de todas las Hermanas de la Caridad que guardan bien sus reglas y que tienen el prop\u00f3sito de no cometer un solo pecado voluntariamente, sino servir a Dios con toda la perfecci\u00f3n que \u00e9l quiere que le sirvan. Pues bien, Dios habita en las almas que se por\u00adtan de este modo\u00bb<span id='easy-footnote-93-129046' class='easy-footnote-margin-adjust'><\/span><span class='easy-footnote'><a href='https:\/\/vincentians.com\/es\/las-fuentes-de-la-oracion-vicenciana\/#easy-footnote-bottom-93-129046' title='IX, 1119-1120.'><sup>93<\/sup><\/a><\/span>.<\/p>\n<p>De aqu\u00ed nace una espiritualidad sencilla, cordial, en ning\u00fan modo rebuscada, que en vez de dar vueltas y vueltas en busca de m\u00e9todos de oraci\u00f3n, se dirige directamente a la meta, busca el encuentro. Se trata de una espiritualidad que no busca la ora\u00adci\u00f3n, sino el Dios de la oraci\u00f3n. Por esta raz\u00f3n san Vicente une sin ning\u00fan peligro la oraci\u00f3n y la pr\u00e1ctica de la voluntad de Dios<span id='easy-footnote-94-129046' class='easy-footnote-margin-adjust'><\/span><span class='easy-footnote'><a href='https:\/\/vincentians.com\/es\/las-fuentes-de-la-oracion-vicenciana\/#easy-footnote-bottom-94-129046' title='Bas\u00e1ndose en el testimonio un\u00e1nime de los santos, san Vicente observa que \u00abla mortificaci\u00f3n nos dispondr\u00e1 a hacer bien la oraci\u00f3n, y al rev\u00e9s, la ora\u00adci\u00f3n ayudar\u00e1 a practicar bien la mortificaci\u00f3n\u00bb (XI, 784).'><sup>94<\/sup><\/a><\/span>, gracias a cuya uni\u00f3n, toda la vida llega a ser oraci\u00f3n<span id='easy-footnote-95-129046' class='easy-footnote-margin-adjust'><\/span><span class='easy-footnote'><a href='https:\/\/vincentians.com\/es\/las-fuentes-de-la-oracion-vicenciana\/#easy-footnote-bottom-95-129046' title='IX,'><sup>95<\/sup><\/a><\/span>.<\/p>\n<p>A este prop\u00f3sito, hay un episodio del Hermano Antonio que es muy instructivo:<\/p>\n<p style=\"padding-left: 30px\">[&#8230;I \u00abdiez palabras de su boca causaban m\u00e1s impresi\u00f3n en los cora\u00adzones, que lo que podr\u00edan decir muchos predicadores. Estaba lleno de una unci\u00f3n que se comunicaba tan dulcemente a los corazones, que uno quedaba conmovido&#8230; Dios se hab\u00eda comunicado tan abun\u00addantemente a \u00e9l, que pod\u00eda hablar con todo conocimiento; y esto por la oraci\u00f3n\u00bb<span id='easy-footnote-96-129046' class='easy-footnote-margin-adjust'><\/span><span class='easy-footnote'><a href='https:\/\/vincentians.com\/es\/las-fuentes-de-la-oracion-vicenciana\/#easy-footnote-bottom-96-129046' title='IX, 387.'><sup>96<\/sup><\/a><\/span>.<\/p>\n<p>Parece que vemos descrito el rostro de Mois\u00e9s, velado para esconder el esplendor arcano que emit\u00eda. Un hombre as\u00ed, se comunicaba directamente, era una ense\u00f1anza viva, un icono res\u00adplandeciente de gloria. Por eso, aunque de primeras su ense\u00f1an\u00adza sobre la oraci\u00f3n es asc\u00e9tica, pr\u00e1ctica, tiene sin embargo un fuerte contenido contemplativo, aunque es una contemplaci\u00f3n que no encierra la larva en el capullo, sino que hace volar la mariposa en una acci\u00f3n que no es un \u00abhacer\u00bb, sino un ejercicio de contemplaci\u00f3n en el icono de la vida. Por esta raz\u00f3n, de su oraci\u00f3n nac\u00eda la necesidad de la comuni\u00f3n con Dios, y de igual traza se demostraba la necesidad de la comuni\u00f3n con los herma\u00adnos. Las virtudes vicencianas (sencillez, humildad, mansedum\u00adbre, mortificaci\u00f3n, celo por la salvaci\u00f3n de las almas) no son, por consiguiente, est\u00e1ticas, sino esencialmente din\u00e1micas. Son signo de una santidad que se debe comunicar al hombre. Toda la acci\u00f3n apost\u00f3lica, por lo tanto, se juega sobre la uni\u00f3n entre Caridad y Evangelio, sobre la evangelizaci\u00f3n y el testimonio de la caridad.<\/p>\n<p>Vicente constituye, sin duda, una de las figuras de mayor relieve del \u00abgran siglo\u00bb. En la obra de la Reforma, que constitu\u00ady\u00f3 una acci\u00f3n a coro, estuvo decididamente en primer plano. Unido a la reforma episcopal (Francisco de Sales, Alain de Sol\u00adminihac, Pavillon, Potier, La Rochefoucauld), a la mon\u00e1stica (Dom Tarisse, reformador de San Mauro, la Visitaci\u00f3n), y a la sacerdotal (B\u00e9rulle, Olier, Eudes), a los n\u00facleos devotos, maes\u00adtro de hombres como Olier y Bossuet, con influencias en la corte pero unido a la pobre gente, no fue iniciador de ninguna escue\u00adla espiritual. No tuvo un sistema propio y huy\u00f3 de los sistemas de los dem\u00e1s, porque la suya fue una espiritualidad que nacien\u00addo de la caridad, se orient\u00f3 hacia la caridad. Utiliz\u00f3 modos, t\u00e9r\u00adminos y referencias s\u00f3lo en la medida en que serv\u00edan a su orto-praxis. Aun siendo prisionero de los esquemas eclesiol\u00f3gicos, teol\u00f3gicos y pol\u00edticos de su tiempo, qued\u00f3 iluminado por la intuici\u00f3n de que no basta amar a Dios, si el pr\u00f3jimo no lo ama. Por eso puso en el centro de todas sus preocupaciones el hom\u00adbre total, que hab\u00eda de ser evangelizado, salvado y devuelto a su dignidad precisamente por el amor activo de los cristianos. Fue un descubrimiento que lo ayud\u00f3 a superar, sin pretenderlo cons\u00adcientemente, los esquemas de su tiempo y a dar a su experiencia espiritual una proyecci\u00f3n que ha llegado hasta nosotros.<\/p>\n","protected":false},"excerpt":{"rendered":"<p>1. Panor\u00e1mica sobre los estudios vicencianos Si confrontamos la bibliograf\u00eda vicenciana con la de otros fundadores, nos damos cuenta que nuestro fundador ha sido estudiado muy poco, y que las aportaciones sobre su pensa\u00admiento son &#8230; <a href=\"https:\/\/vincentians.com\/es\/las-fuentes-de-la-oracion-vicenciana\/\" class=\"more-link\">Read More<\/a><\/p>\n","protected":false},"author":4,"featured_media":386907,"comment_status":"open","ping_status":"open","sticky":false,"template":"","format":"standard","meta":{"jetpack_post_was_ever_published":false,"_jetpack_newsletter_access":"","_jetpack_dont_email_post_to_subs":false,"_jetpack_newsletter_tier_id":0,"_jetpack_memberships_contains_paywalled_content":false,"_jetpack_memberships_contains_paid_content":false,"footnotes":"","jetpack_publicize_message":"","jetpack_publicize_feature_enabled":true,"jetpack_social_post_already_shared":true,"jetpack_social_options":{"image_generator_settings":{"template":"highway","default_image_id":0,"font":"","enabled":false},"version":2}},"categories":[226],"tags":[218,230,224,228,173,142,124,119,256,172,149],"class_list":["post-129046","post","type-post","status-publish","format-standard","has-post-thumbnail","hentry","category-espiritualidad-vicenciana","tag-abelly","tag-almeras","tag-berulle","tag-calvet","tag-chatillon-les-dombes","tag-collet","tag-du-coudray","tag-gondi","tag-madre-chantal","tag-pobreza","tag-san-francisco-javier"],"yoast_head":"<!-- This site is optimized with the Yoast SEO plugin v26.3 - https:\/\/yoast.com\/wordpress\/plugins\/seo\/ -->\n<title>Las fuentes de la oraci\u00f3n vicenciana - Somos Vicencianos<\/title>\n<meta name=\"robots\" content=\"index, follow, max-snippet:-1, max-image-preview:large, max-video-preview:-1\" \/>\n<link rel=\"canonical\" href=\"https:\/\/vincentians.com\/es\/las-fuentes-de-la-oracion-vicenciana\/\" \/>\n<meta property=\"og:locale\" content=\"es_ES\" \/>\n<meta property=\"og:type\" content=\"article\" \/>\n<meta property=\"og:title\" content=\"Las fuentes de la oraci\u00f3n vicenciana - Somos Vicencianos\" \/>\n<meta property=\"og:description\" content=\"1. Panor\u00e1mica sobre los estudios vicencianos Si confrontamos la bibliograf\u00eda vicenciana con la de otros fundadores, nos damos cuenta que nuestro fundador ha sido estudiado muy poco, y que las aportaciones sobre su pensa\u00admiento son ... Read More\" \/>\n<meta property=\"og:url\" content=\"https:\/\/vincentians.com\/es\/las-fuentes-de-la-oracion-vicenciana\/\" \/>\n<meta property=\"og:site_name\" content=\"Somos Vicencianos\" \/>\n<meta property=\"article:publisher\" content=\"https:\/\/www.facebook.com\/WeAreVincentians\/\" \/>\n<meta property=\"article:author\" content=\"https:\/\/www.facebook.com\/JavierChento\" \/>\n<meta property=\"article:published_time\" content=\"2016-07-09T06:25:11+00:00\" \/>\n<meta name=\"author\" content=\"Francisco Javier Fern\u00e1ndez Chento\" \/>\n<meta name=\"twitter:card\" content=\"summary_large_image\" \/>\n<meta name=\"twitter:creator\" content=\"@https:\/\/twitter.com\/javierchento\" \/>\n<meta name=\"twitter:site\" content=\"@WeVincentians\" \/>\n<meta name=\"twitter:label1\" content=\"Escrito por\" \/>\n\t<meta name=\"twitter:data1\" content=\"Francisco Javier Fern\u00e1ndez Chento\" \/>\n\t<meta name=\"twitter:label2\" content=\"Tiempo de lectura\" \/>\n\t<meta name=\"twitter:data2\" content=\"50 minutos\" \/>\n<script type=\"application\/ld+json\" class=\"yoast-schema-graph\">{\"@context\":\"https:\/\/schema.org\",\"@graph\":[{\"@type\":\"Article\",\"@id\":\"https:\/\/vincentians.com\/es\/las-fuentes-de-la-oracion-vicenciana\/#article\",\"isPartOf\":{\"@id\":\"https:\/\/vincentians.com\/es\/las-fuentes-de-la-oracion-vicenciana\/\"},\"author\":{\"name\":\"Francisco Javier Fern\u00e1ndez Chento\",\"@id\":\"http:\/\/vincentians.com\/es\/#\/schema\/person\/9623ef4d9aa3b2dfb8c061f1499288f2\"},\"headline\":\"Las fuentes de la oraci\u00f3n vicenciana\",\"datePublished\":\"2016-07-09T06:25:11+00:00\",\"mainEntityOfPage\":{\"@id\":\"https:\/\/vincentians.com\/es\/las-fuentes-de-la-oracion-vicenciana\/\"},\"wordCount\":9999,\"commentCount\":0,\"publisher\":{\"@id\":\"http:\/\/vincentians.com\/es\/#organization\"},\"image\":{\"@id\":\"https:\/\/vincentians.com\/es\/las-fuentes-de-la-oracion-vicenciana\/#primaryimage\"},\"thumbnailUrl\":\"\",\"keywords\":[\"Abelly\",\"Almer\u00e1s\",\"Berulle\",\"Calvet\",\"Chatillon\",\"Collet\",\"Du Coudray\",\"Gondi\",\"Madre Chantal\",\"Pobreza\",\"San Francisco Javier\"],\"articleSection\":[\"Espiritualidad vicenciana\"],\"inLanguage\":\"es\",\"potentialAction\":[{\"@type\":\"CommentAction\",\"name\":\"Comment\",\"target\":[\"https:\/\/vincentians.com\/es\/las-fuentes-de-la-oracion-vicenciana\/#respond\"]}]},{\"@type\":\"WebPage\",\"@id\":\"https:\/\/vincentians.com\/es\/las-fuentes-de-la-oracion-vicenciana\/\",\"url\":\"https:\/\/vincentians.com\/es\/las-fuentes-de-la-oracion-vicenciana\/\",\"name\":\"Las fuentes de la oraci\u00f3n vicenciana - Somos Vicencianos\",\"isPartOf\":{\"@id\":\"http:\/\/vincentians.com\/es\/#website\"},\"primaryImageOfPage\":{\"@id\":\"https:\/\/vincentians.com\/es\/las-fuentes-de-la-oracion-vicenciana\/#primaryimage\"},\"image\":{\"@id\":\"https:\/\/vincentians.com\/es\/las-fuentes-de-la-oracion-vicenciana\/#primaryimage\"},\"thumbnailUrl\":\"\",\"datePublished\":\"2016-07-09T06:25:11+00:00\",\"breadcrumb\":{\"@id\":\"https:\/\/vincentians.com\/es\/las-fuentes-de-la-oracion-vicenciana\/#breadcrumb\"},\"inLanguage\":\"es\",\"potentialAction\":[{\"@type\":\"ReadAction\",\"target\":[\"https:\/\/vincentians.com\/es\/las-fuentes-de-la-oracion-vicenciana\/\"]}]},{\"@type\":\"ImageObject\",\"inLanguage\":\"es\",\"@id\":\"https:\/\/vincentians.com\/es\/las-fuentes-de-la-oracion-vicenciana\/#primaryimage\",\"url\":\"\",\"contentUrl\":\"\"},{\"@type\":\"BreadcrumbList\",\"@id\":\"https:\/\/vincentians.com\/es\/las-fuentes-de-la-oracion-vicenciana\/#breadcrumb\",\"itemListElement\":[{\"@type\":\"ListItem\",\"position\":1,\"name\":\"Portada\",\"item\":\"http:\/\/vincentians.com\/es\/\"},{\"@type\":\"ListItem\",\"position\":2,\"name\":\"Las fuentes de la oraci\u00f3n vicenciana\"}]},{\"@type\":\"WebSite\",\"@id\":\"http:\/\/vincentians.com\/es\/#website\",\"url\":\"http:\/\/vincentians.com\/es\/\",\"name\":\"Somos Vicencianos\",\"description\":\"Know more to serve more\",\"publisher\":{\"@id\":\"http:\/\/vincentians.com\/es\/#organization\"},\"potentialAction\":[{\"@type\":\"SearchAction\",\"target\":{\"@type\":\"EntryPoint\",\"urlTemplate\":\"http:\/\/vincentians.com\/es\/?s={search_term_string}\"},\"query-input\":{\"@type\":\"PropertyValueSpecification\",\"valueRequired\":true,\"valueName\":\"search_term_string\"}}],\"inLanguage\":\"es\"},{\"@type\":\"Organization\",\"@id\":\"http:\/\/vincentians.com\/es\/#organization\",\"name\":\"The Vincentian Network\",\"url\":\"http:\/\/vincentians.com\/es\/\",\"logo\":{\"@type\":\"ImageObject\",\"inLanguage\":\"es\",\"@id\":\"http:\/\/vincentians.com\/es\/#\/schema\/logo\/image\/\",\"url\":\"https:\/\/i1.wp.com\/vincentians.com\/es\/wp-content\/uploads\/sites\/11\/2016\/06\/Vincentian-Network-logo-big.png?fit=778%2C778\",\"contentUrl\":\"https:\/\/i1.wp.com\/vincentians.com\/es\/wp-content\/uploads\/sites\/11\/2016\/06\/Vincentian-Network-logo-big.png?fit=778%2C778\",\"width\":778,\"height\":778,\"caption\":\"The Vincentian Network\"},\"image\":{\"@id\":\"http:\/\/vincentians.com\/es\/#\/schema\/logo\/image\/\"},\"sameAs\":[\"https:\/\/www.facebook.com\/WeAreVincentians\/\",\"https:\/\/x.com\/WeVincentians\"]},{\"@type\":\"Person\",\"@id\":\"http:\/\/vincentians.com\/es\/#\/schema\/person\/9623ef4d9aa3b2dfb8c061f1499288f2\",\"name\":\"Francisco Javier Fern\u00e1ndez Chento\",\"image\":{\"@type\":\"ImageObject\",\"inLanguage\":\"es\",\"@id\":\"http:\/\/vincentians.com\/es\/#\/schema\/person\/image\/\",\"url\":\"https:\/\/secure.gravatar.com\/avatar\/497d5cde87b4c3d097d0315953521681ba2cd523ee66e5077c3711f7021e65de?s=96&d=mm&r=g\",\"contentUrl\":\"https:\/\/secure.gravatar.com\/avatar\/497d5cde87b4c3d097d0315953521681ba2cd523ee66e5077c3711f7021e65de?s=96&d=mm&r=g\",\"caption\":\"Francisco Javier Fern\u00e1ndez Chento\"},\"description\":\"Director General y cofundador de La Red de Formaci\u00f3n Vicenciana. Javier es laico vicenciano, afiliado a la Congregaci\u00f3n de la Misi\u00f3n y miembro del Equipo de Misiones Populares de la provincia can\u00f3nica de Zaragoza (Espa\u00f1a) de la Congregaci\u00f3n de la Misi\u00f3n. Graduado en la Universidad Oberta de Catalunya con cuatro grados (Asistente de direcci\u00f3n, Gesti\u00f3n Administrativa, Recursos Humanos y Contabilidad Avanzada). Bil\u00edng\u00fce Espa\u00f1ol\/Ingl\u00e9s. gestiona y mantiene varias p\u00e1ginas web cristianas y vicencianas, incluida including La Red de Formaci\u00f3n Vicenciana, de la que es cofundador. Actualmente es responsable del \u00e1rea de Espa\u00f1ol de .famvin, la Red de Noticias de la Familia Vicenciana. Tambi\u00e9n es m\u00fasico cat\u00f3lico y ha editado varios discos. Es Director General y cofundador de Trovador, una reconocida compa\u00f1\u00eda discogr\u00e1fica critiana de Espa\u00f1a. Trabaja en las Tecnolog\u00edas de la Informaci\u00f3n, ofreciendo servicios de alojamiento, dise\u00f1o y mantenimiento Web, as\u00ed como asesoramiento, formaci\u00f3n y soluciones inform\u00e1ticas, gesti\u00f3n documental y digitalizaci\u00f3n de textos, edici\u00f3n y maquetaci\u00f3n de libros, revistas, flyers, etc.\",\"sameAs\":[\"http:\/\/chento.org\",\"https:\/\/www.facebook.com\/JavierChento\",\"https:\/\/x.com\/https:\/\/twitter.com\/javierchento\"],\"url\":\"https:\/\/vincentians.com\/es\/author\/chento\/\"}]}<\/script>\n<!-- \/ Yoast SEO plugin. -->","yoast_head_json":{"title":"Las fuentes de la oraci\u00f3n vicenciana - Somos Vicencianos","robots":{"index":"index","follow":"follow","max-snippet":"max-snippet:-1","max-image-preview":"max-image-preview:large","max-video-preview":"max-video-preview:-1"},"canonical":"https:\/\/vincentians.com\/es\/las-fuentes-de-la-oracion-vicenciana\/","og_locale":"es_ES","og_type":"article","og_title":"Las fuentes de la oraci\u00f3n vicenciana - Somos Vicencianos","og_description":"1. Panor\u00e1mica sobre los estudios vicencianos Si confrontamos la bibliograf\u00eda vicenciana con la de otros fundadores, nos damos cuenta que nuestro fundador ha sido estudiado muy poco, y que las aportaciones sobre su pensa\u00admiento son ... Read More","og_url":"https:\/\/vincentians.com\/es\/las-fuentes-de-la-oracion-vicenciana\/","og_site_name":"Somos Vicencianos","article_publisher":"https:\/\/www.facebook.com\/WeAreVincentians\/","article_author":"https:\/\/www.facebook.com\/JavierChento","article_published_time":"2016-07-09T06:25:11+00:00","author":"Francisco Javier Fern\u00e1ndez Chento","twitter_card":"summary_large_image","twitter_creator":"@https:\/\/twitter.com\/javierchento","twitter_site":"@WeVincentians","twitter_misc":{"Escrito por":"Francisco Javier Fern\u00e1ndez Chento","Tiempo de lectura":"50 minutos"},"schema":{"@context":"https:\/\/schema.org","@graph":[{"@type":"Article","@id":"https:\/\/vincentians.com\/es\/las-fuentes-de-la-oracion-vicenciana\/#article","isPartOf":{"@id":"https:\/\/vincentians.com\/es\/las-fuentes-de-la-oracion-vicenciana\/"},"author":{"name":"Francisco Javier Fern\u00e1ndez Chento","@id":"http:\/\/vincentians.com\/es\/#\/schema\/person\/9623ef4d9aa3b2dfb8c061f1499288f2"},"headline":"Las fuentes de la oraci\u00f3n vicenciana","datePublished":"2016-07-09T06:25:11+00:00","mainEntityOfPage":{"@id":"https:\/\/vincentians.com\/es\/las-fuentes-de-la-oracion-vicenciana\/"},"wordCount":9999,"commentCount":0,"publisher":{"@id":"http:\/\/vincentians.com\/es\/#organization"},"image":{"@id":"https:\/\/vincentians.com\/es\/las-fuentes-de-la-oracion-vicenciana\/#primaryimage"},"thumbnailUrl":"","keywords":["Abelly","Almer\u00e1s","Berulle","Calvet","Chatillon","Collet","Du Coudray","Gondi","Madre Chantal","Pobreza","San Francisco Javier"],"articleSection":["Espiritualidad vicenciana"],"inLanguage":"es","potentialAction":[{"@type":"CommentAction","name":"Comment","target":["https:\/\/vincentians.com\/es\/las-fuentes-de-la-oracion-vicenciana\/#respond"]}]},{"@type":"WebPage","@id":"https:\/\/vincentians.com\/es\/las-fuentes-de-la-oracion-vicenciana\/","url":"https:\/\/vincentians.com\/es\/las-fuentes-de-la-oracion-vicenciana\/","name":"Las fuentes de la oraci\u00f3n vicenciana - Somos Vicencianos","isPartOf":{"@id":"http:\/\/vincentians.com\/es\/#website"},"primaryImageOfPage":{"@id":"https:\/\/vincentians.com\/es\/las-fuentes-de-la-oracion-vicenciana\/#primaryimage"},"image":{"@id":"https:\/\/vincentians.com\/es\/las-fuentes-de-la-oracion-vicenciana\/#primaryimage"},"thumbnailUrl":"","datePublished":"2016-07-09T06:25:11+00:00","breadcrumb":{"@id":"https:\/\/vincentians.com\/es\/las-fuentes-de-la-oracion-vicenciana\/#breadcrumb"},"inLanguage":"es","potentialAction":[{"@type":"ReadAction","target":["https:\/\/vincentians.com\/es\/las-fuentes-de-la-oracion-vicenciana\/"]}]},{"@type":"ImageObject","inLanguage":"es","@id":"https:\/\/vincentians.com\/es\/las-fuentes-de-la-oracion-vicenciana\/#primaryimage","url":"","contentUrl":""},{"@type":"BreadcrumbList","@id":"https:\/\/vincentians.com\/es\/las-fuentes-de-la-oracion-vicenciana\/#breadcrumb","itemListElement":[{"@type":"ListItem","position":1,"name":"Portada","item":"http:\/\/vincentians.com\/es\/"},{"@type":"ListItem","position":2,"name":"Las fuentes de la oraci\u00f3n vicenciana"}]},{"@type":"WebSite","@id":"http:\/\/vincentians.com\/es\/#website","url":"http:\/\/vincentians.com\/es\/","name":"Somos Vicencianos","description":"Know more to serve more","publisher":{"@id":"http:\/\/vincentians.com\/es\/#organization"},"potentialAction":[{"@type":"SearchAction","target":{"@type":"EntryPoint","urlTemplate":"http:\/\/vincentians.com\/es\/?s={search_term_string}"},"query-input":{"@type":"PropertyValueSpecification","valueRequired":true,"valueName":"search_term_string"}}],"inLanguage":"es"},{"@type":"Organization","@id":"http:\/\/vincentians.com\/es\/#organization","name":"The Vincentian Network","url":"http:\/\/vincentians.com\/es\/","logo":{"@type":"ImageObject","inLanguage":"es","@id":"http:\/\/vincentians.com\/es\/#\/schema\/logo\/image\/","url":"https:\/\/i1.wp.com\/vincentians.com\/es\/wp-content\/uploads\/sites\/11\/2016\/06\/Vincentian-Network-logo-big.png?fit=778%2C778","contentUrl":"https:\/\/i1.wp.com\/vincentians.com\/es\/wp-content\/uploads\/sites\/11\/2016\/06\/Vincentian-Network-logo-big.png?fit=778%2C778","width":778,"height":778,"caption":"The Vincentian Network"},"image":{"@id":"http:\/\/vincentians.com\/es\/#\/schema\/logo\/image\/"},"sameAs":["https:\/\/www.facebook.com\/WeAreVincentians\/","https:\/\/x.com\/WeVincentians"]},{"@type":"Person","@id":"http:\/\/vincentians.com\/es\/#\/schema\/person\/9623ef4d9aa3b2dfb8c061f1499288f2","name":"Francisco Javier Fern\u00e1ndez Chento","image":{"@type":"ImageObject","inLanguage":"es","@id":"http:\/\/vincentians.com\/es\/#\/schema\/person\/image\/","url":"https:\/\/secure.gravatar.com\/avatar\/497d5cde87b4c3d097d0315953521681ba2cd523ee66e5077c3711f7021e65de?s=96&d=mm&r=g","contentUrl":"https:\/\/secure.gravatar.com\/avatar\/497d5cde87b4c3d097d0315953521681ba2cd523ee66e5077c3711f7021e65de?s=96&d=mm&r=g","caption":"Francisco Javier Fern\u00e1ndez Chento"},"description":"Director General y cofundador de La Red de Formaci\u00f3n Vicenciana. Javier es laico vicenciano, afiliado a la Congregaci\u00f3n de la Misi\u00f3n y miembro del Equipo de Misiones Populares de la provincia can\u00f3nica de Zaragoza (Espa\u00f1a) de la Congregaci\u00f3n de la Misi\u00f3n. Graduado en la Universidad Oberta de Catalunya con cuatro grados (Asistente de direcci\u00f3n, Gesti\u00f3n Administrativa, Recursos Humanos y Contabilidad Avanzada). Bil\u00edng\u00fce Espa\u00f1ol\/Ingl\u00e9s. gestiona y mantiene varias p\u00e1ginas web cristianas y vicencianas, incluida including La Red de Formaci\u00f3n Vicenciana, de la que es cofundador. Actualmente es responsable del \u00e1rea de Espa\u00f1ol de .famvin, la Red de Noticias de la Familia Vicenciana. Tambi\u00e9n es m\u00fasico cat\u00f3lico y ha editado varios discos. Es Director General y cofundador de Trovador, una reconocida compa\u00f1\u00eda discogr\u00e1fica critiana de Espa\u00f1a. Trabaja en las Tecnolog\u00edas de la Informaci\u00f3n, ofreciendo servicios de alojamiento, dise\u00f1o y mantenimiento Web, as\u00ed como asesoramiento, formaci\u00f3n y soluciones inform\u00e1ticas, gesti\u00f3n documental y digitalizaci\u00f3n de textos, edici\u00f3n y maquetaci\u00f3n de libros, revistas, flyers, etc.","sameAs":["http:\/\/chento.org","https:\/\/www.facebook.com\/JavierChento","https:\/\/x.com\/https:\/\/twitter.com\/javierchento"],"url":"https:\/\/vincentians.com\/es\/author\/chento\/"}]}},"jetpack_publicize_connections":[],"jetpack_featured_media_url":"","jetpack_sharing_enabled":true,"jetpack_shortlink":"https:\/\/wp.me\/p7ETMF-xzo","jetpack-related-posts":[{"id":398639,"url":"https:\/\/vincentians.com\/es\/aportacion-del-carisma-vicenciano-la-mision-la-iglesia-3\/","url_meta":{"origin":129046,"position":0},"title":"Aportaci\u00f3n del carisma vicenciano a la Misi\u00f3n de la Iglesia (3)","author":"Francisco Javier Fern\u00e1ndez Chento","date":"06\/08\/2016","format":false,"excerpt":"3.- La participaci\u00f3n de los laicos, y particularmente de la mujer, en la Misi\u00f3n de los ap\u00f3stoles. Los bi\u00f3grafos de San Vicente de Pa\u00fal y de Santa Luisa de Marillac destacan su importante contribuci\u00f3n a la promoci\u00f3n de los laicos, y particularmente de la mujer, al apostolado en la Iglesia.\u2026","rel":"","context":"En \u00abFormaci\u00f3n Vicenciana\u00bb","block_context":{"text":"Formaci\u00f3n Vicenciana","link":"https:\/\/vincentians.com\/es\/category\/formacion-vicenciana\/"},"img":{"alt_text":"","src":"https:\/\/i0.wp.com\/vincentians.com\/es\/wp-content\/uploads\/sites\/11\/2016\/06\/contributions-charism.jpg?fit=1200%2C630&ssl=1&resize=350%2C200","width":350,"height":200,"srcset":"https:\/\/i0.wp.com\/vincentians.com\/es\/wp-content\/uploads\/sites\/11\/2016\/06\/contributions-charism.jpg?fit=1200%2C630&ssl=1&resize=350%2C200 1x, https:\/\/i0.wp.com\/vincentians.com\/es\/wp-content\/uploads\/sites\/11\/2016\/06\/contributions-charism.jpg?fit=1200%2C630&ssl=1&resize=525%2C300 1.5x, https:\/\/i0.wp.com\/vincentians.com\/es\/wp-content\/uploads\/sites\/11\/2016\/06\/contributions-charism.jpg?fit=1200%2C630&ssl=1&resize=700%2C400 2x, https:\/\/i0.wp.com\/vincentians.com\/es\/wp-content\/uploads\/sites\/11\/2016\/06\/contributions-charism.jpg?fit=1200%2C630&ssl=1&resize=1050%2C600 3x"},"classes":[]},{"id":116383,"url":"https:\/\/vincentians.com\/es\/bibliografia-vicenciana-1960-1970-en-torno-a-la-espiritualidad-de-san-vicente\/","url_meta":{"origin":129046,"position":1},"title":"Bibliograf\u00eda Vicenciana 1960-1970 en torno a la espiritualidad de San Vicente","author":"Francisco Javier Fern\u00e1ndez Chento","date":"29\/07\/2021","format":false,"excerpt":"Lo que antes se llamaba Asc\u00e9tica y M\u00edstica, hoy se llama com\u00fanmen\u00adte Espiritualidad. Es una palabra tra\u00edda de Francia, como tantas otras, que tambi\u00e9n han hecho fortuna, m\u00e1s por moda que por convencimiento. As\u00ed se bautizan los tratados de Historia, desde Pourrat (1926) hasta Bouyer-Vandenbroucke (1963). El recomendar tan insistentemente\u2026","rel":"","context":"En \u00abFormaci\u00f3n Vicenciana\u00bb","block_context":{"text":"Formaci\u00f3n Vicenciana","link":"https:\/\/vincentians.com\/es\/category\/formacion-vicenciana\/"},"img":{"alt_text":"","src":"https:\/\/i0.wp.com\/vincentians.com\/es\/wp-content\/uploads\/sites\/11\/2015\/02\/St_Vincent_De_Paul_-bible-1.jpg?fit=1200%2C630&ssl=1&resize=350%2C200","width":350,"height":200,"srcset":"https:\/\/i0.wp.com\/vincentians.com\/es\/wp-content\/uploads\/sites\/11\/2015\/02\/St_Vincent_De_Paul_-bible-1.jpg?fit=1200%2C630&ssl=1&resize=350%2C200 1x, https:\/\/i0.wp.com\/vincentians.com\/es\/wp-content\/uploads\/sites\/11\/2015\/02\/St_Vincent_De_Paul_-bible-1.jpg?fit=1200%2C630&ssl=1&resize=525%2C300 1.5x, https:\/\/i0.wp.com\/vincentians.com\/es\/wp-content\/uploads\/sites\/11\/2015\/02\/St_Vincent_De_Paul_-bible-1.jpg?fit=1200%2C630&ssl=1&resize=700%2C400 2x, https:\/\/i0.wp.com\/vincentians.com\/es\/wp-content\/uploads\/sites\/11\/2015\/02\/St_Vincent_De_Paul_-bible-1.jpg?fit=1200%2C630&ssl=1&resize=1050%2C600 3x"},"classes":[]},{"id":120175,"url":"https:\/\/vincentians.com\/es\/el-compromiso-con-la-justicia-dimension-esencial-del-servicio\/","url_meta":{"origin":129046,"position":2},"title":"El compromiso con la justicia, dimensi\u00f3n esencial del servicio","author":"Francisco Javier Fern\u00e1ndez Chento","date":"08\/05\/2013","format":false,"excerpt":"Introducci\u00f3n Cuando se habla del compromiso con la justicia en favor de los pobres y de lo que implica en la vida, es necesario, antes, estar incluidos entre los hombres y las mujeres mejor informados y for\u00admados referente a los pobres, a la pobreza y a la marginaci\u00f3n. La necesidad\u2026","rel":"","context":"En \u00abFormaci\u00f3n Vicenciana\u00bb","block_context":{"text":"Formaci\u00f3n Vicenciana","link":"https:\/\/vincentians.com\/es\/category\/formacion-vicenciana\/"},"img":{"alt_text":"justicia","src":"https:\/\/i0.wp.com\/vicencianos.org\/wp-content\/2013\/04\/justicia-300x203.jpg?resize=350%2C200","width":350,"height":200},"classes":[]},{"id":119549,"url":"https:\/\/vincentians.com\/es\/san-vicente-de-paul-y-su-entronque-hispanico-iv\/","url_meta":{"origin":129046,"position":3},"title":"San Vicente de Pa\u00fal y su entronque hisp\u00e1nico (IV)","author":"Francisco Javier Fern\u00e1ndez Chento","date":"08\/05\/2013","format":false,"excerpt":"Cap\u00edtulo segundo: Entronque cultural. \u00bfEstudi\u00f3 san Vicente en Zaragoza? Art\u00edculo primero: Estado de la cuesti\u00f3n Cuatro a\u00f1os despu\u00e9s de la muerte de San Vicente de Pa\u00fal, su \u00edntimo amigo y colaborador en muchas empresas se\u00f1or Luis Abelly, Obispo de Rodez, en el cap\u00edtulo II, p\u00e1gina 12, estampaba estas l\u00edneas: \"Despu\u00e9s\u2026","rel":"","context":"En \u00abVicente de Pa\u00fal\u00bb","block_context":{"text":"Vicente de Pa\u00fal","link":"https:\/\/vincentians.com\/es\/category\/la-familia-vicenciana\/fundadores\/vicente-de-paul\/"},"img":{"alt_text":"SANV","src":"https:\/\/i0.wp.com\/vicencianos.org\/wp-content\/2013\/04\/SANV.jpg?resize=350%2C200","width":350,"height":200},"classes":[]},{"id":140029,"url":"https:\/\/vincentians.com\/es\/aportes-vicencianos-a-la-nueva-evangelizacion-2\/","url_meta":{"origin":129046,"position":4},"title":"Aportes vicencianos a la Nueva Evangelizaci\u00f3n","author":"Francisco Javier Fern\u00e1ndez Chento","date":"19\/02\/2015","format":false,"excerpt":"Convocados por el Superior General, P. Gregory G. Gay, los misioneros de la Congregaci\u00f3n de la Misi\u00f3n celebrar\u00e1n su 42\u00aa Asamblea General, del 27 de junio al 15 de julio de 2016. El lema de la Asamblea se centra en la entra\u00f1a evangelizadora de nuestro ser y quehacer: \u201cDej\u00e9monos renovar\u2026","rel":"","context":"En \u00abEspiritualidad vicenciana\u00bb","block_context":{"text":"Espiritualidad vicenciana","link":"https:\/\/vincentians.com\/es\/category\/espiritualidad\/espiritualidad-vicenciana\/"},"img":{"alt_text":"OLYMPUS DIGITAL CAMERA","src":"https:\/\/i0.wp.com\/vicencianos.org\/wp-content\/2015\/02\/nueva-evangelizacion1-300x225.jpg?resize=350%2C200","width":350,"height":200},"classes":[]},{"id":399992,"url":"https:\/\/vincentians.com\/es\/carisma-vicenciano-la-nueva-evangelizacion-algunas-claves-vicencianas-la-evangelizacion-actual\/","url_meta":{"origin":129046,"position":5},"title":"El Carisma Vicenciano y la Nueva Evangelizaci\u00f3n: algunas claves vicencianas para la evangelizaci\u00f3n actual","author":"Francisco Javier Fern\u00e1ndez Chento","date":"16\/09\/2016","format":false,"excerpt":"Punto de partida: Confrontaci\u00f3n entre el Ser y el Quehacer Con frecuencia, en nuestros encuentros, convivencias, reuniones, asambleas... nos planteamos dos cuestiones relativas al ser y al quehacer vicencianos. Partimos de dos percepciones: por un lado, todos estamos de acuerdo en que el carisma, el ser, la identidad, el sello\u2026","rel":"","context":"En \u00abFormaci\u00f3n Vicenciana\u00bb","block_context":{"text":"Formaci\u00f3n Vicenciana","link":"https:\/\/vincentians.com\/es\/category\/formacion-vicenciana\/"},"img":{"alt_text":"","src":"https:\/\/i0.wp.com\/vincentians.com\/es\/wp-content\/uploads\/sites\/11\/2016\/09\/enviados-evangelizar-pobres.jpg?fit=1200%2C630&ssl=1&resize=350%2C200","width":350,"height":200,"srcset":"https:\/\/i0.wp.com\/vincentians.com\/es\/wp-content\/uploads\/sites\/11\/2016\/09\/enviados-evangelizar-pobres.jpg?fit=1200%2C630&ssl=1&resize=350%2C200 1x, https:\/\/i0.wp.com\/vincentians.com\/es\/wp-content\/uploads\/sites\/11\/2016\/09\/enviados-evangelizar-pobres.jpg?fit=1200%2C630&ssl=1&resize=525%2C300 1.5x, https:\/\/i0.wp.com\/vincentians.com\/es\/wp-content\/uploads\/sites\/11\/2016\/09\/enviados-evangelizar-pobres.jpg?fit=1200%2C630&ssl=1&resize=700%2C400 2x, https:\/\/i0.wp.com\/vincentians.com\/es\/wp-content\/uploads\/sites\/11\/2016\/09\/enviados-evangelizar-pobres.jpg?fit=1200%2C630&ssl=1&resize=1050%2C600 3x"},"classes":[]}],"_links":{"self":[{"href":"https:\/\/vincentians.com\/es\/wp-json\/wp\/v2\/posts\/129046","targetHints":{"allow":["GET"]}}],"collection":[{"href":"https:\/\/vincentians.com\/es\/wp-json\/wp\/v2\/posts"}],"about":[{"href":"https:\/\/vincentians.com\/es\/wp-json\/wp\/v2\/types\/post"}],"author":[{"embeddable":true,"href":"https:\/\/vincentians.com\/es\/wp-json\/wp\/v2\/users\/4"}],"replies":[{"embeddable":true,"href":"https:\/\/vincentians.com\/es\/wp-json\/wp\/v2\/comments?post=129046"}],"version-history":[{"count":0,"href":"https:\/\/vincentians.com\/es\/wp-json\/wp\/v2\/posts\/129046\/revisions"}],"wp:featuredmedia":[{"embeddable":true,"href":"https:\/\/vincentians.com\/es\/wp-json\/"}],"wp:attachment":[{"href":"https:\/\/vincentians.com\/es\/wp-json\/wp\/v2\/media?parent=129046"}],"wp:term":[{"taxonomy":"category","embeddable":true,"href":"https:\/\/vincentians.com\/es\/wp-json\/wp\/v2\/categories?post=129046"},{"taxonomy":"post_tag","embeddable":true,"href":"https:\/\/vincentians.com\/es\/wp-json\/wp\/v2\/tags?post=129046"}],"curies":[{"name":"wp","href":"https:\/\/api.w.org\/{rel}","templated":true}]}}