{"id":12894,"date":"2010-03-18T00:01:51","date_gmt":"2010-03-17T23:01:51","guid":{"rendered":"http:\/\/www.vicencianos.org\/web\/2010\/03\/18\/vicente-de-paul-documento-100-acta-por-la-que-el-arzobispo-de-paris-aprueba-la-congregacion-de-la-mision\/"},"modified":"2016-07-26T19:51:06","modified_gmt":"2016-07-26T17:51:06","slug":"vicente-de-paul-documento-100-acta-por-la-que-el-arzobispo-de-paris-aprueba-la-congregacion-de-la-mision","status":"publish","type":"post","link":"https:\/\/vincentians.com\/es\/vicente-de-paul-documento-100-acta-por-la-que-el-arzobispo-de-paris-aprueba-la-congregacion-de-la-mision\/","title":{"rendered":"Vicente de Pa\u00fal, Documento 100: Acta Por La Que El Arzobispo De Paris Aprueba La Congregacion De La Mision"},"content":{"rendered":"<p>24 abril 1626<\/p>\n<p>Juan Francisco de Gondy, arzobispo de Par\u00eds por la gracia de Dios y de la Santa Sede apost\u00f3lica, consejero del rey en el consejo de Estado y en el privado, gran maestre de su capilla, saluda a todos los que vean las presentes.<\/p>\n<p>Hacemos saber que, visto por nosotros el contrato de fundaci\u00f3n firmado ante Juan Dupuys y Nicol\u00e1s Le Boucher notarios y archiveros del rey en su Chatelet de Par\u00eds, el 17 de abril de 1625, por nuestro querid\u00edsimo hermano Felipe Manuel de Gondy, conde de Joigny, marqu\u00e9s de Iles-d&#8217;Or, caballero del rey, consejero en sus consejos, lugarteniente general de los mares de Levante y general de las galeras de Francia y su difunta esposa nuestra querida hermana Francisca Margarita de Silly, baronesa de Montmirail, etc., a prop\u00f3sito de algunos eclesi\u00e1sticos que se ocupan de las misiones, en catequizar, predicar y preparar las confesiones generales de las pobres gentes del campo, nos, el arzobispo de Par\u00eds, hemos recibido, alabado y aprobado dicho contrato de fundaci\u00f3n, tal como por las presentes lo recibimos, alabamos y aprobamos, permitiendo que dichos eclesi\u00e1sticos se establezcan y residan en esta ciudad de Par\u00eds, con la condici\u00f3n de que no ir\u00e1n a misionar en nuestra di\u00f3cesis m\u00e1s que a los lugares que les asignemos y despu\u00e9s de haber recibido nuestra bendici\u00f3n o la de nuestros vicarios generales y que den cuenta a su regreso de lo que hayan hecho en dichas misiones.<\/p>\n<p>Dado en Par\u00eds, con el sello de nuestra canciller\u00eda y del secretario ordinario de nuestro arzobispado, el 24 de abril de 1626.<\/p>\n<p>Firmado por mi se\u00f1or el arzobispo de Par\u00eds,<\/p>\n<p>BAUDOUYN<\/p>\n","protected":false},"excerpt":{"rendered":"<p>24 abril 1626 Juan Francisco de Gondy, arzobispo de Par\u00eds por la gracia de Dios y de la Santa Sede apost\u00f3lica, consejero del rey en el consejo de Estado y en el privado, gran maestre &#8230; <a href=\"https:\/\/vincentians.com\/es\/vicente-de-paul-documento-100-acta-por-la-que-el-arzobispo-de-paris-aprueba-la-congregacion-de-la-mision\/\" class=\"more-link\">Read More<\/a><\/p>\n","protected":false},"author":4,"featured_media":393753,"comment_status":"open","ping_status":"open","sticky":false,"template":"","format":"standard","meta":{"jetpack_post_was_ever_published":false,"_jetpack_newsletter_access":"","_jetpack_dont_email_post_to_subs":false,"_jetpack_newsletter_tier_id":0,"_jetpack_memberships_contains_paywalled_content":false,"_jetpack_memberships_contains_paid_content":false,"footnotes":"","jetpack_publicize_message":"","jetpack_publicize_feature_enabled":true,"jetpack_social_post_already_shared":true,"jetpack_social_options":{"image_generator_settings":{"template":"highway","default_image_id":0,"font":"","enabled":false},"version":2}},"categories":[65],"tags":[125,131,128],"class_list":["post-12894","post","type-post","status-publish","format-standard","has-post-thumbnail","hentry","category-escritos-de-vicente-de-paul","tag-joigny","tag-montmirail","tag-silly"],"yoast_head":"<!-- This site is optimized with the Yoast SEO plugin v26.3 - https:\/\/yoast.com\/wordpress\/plugins\/seo\/ -->\n<title>Vicente de Pa\u00fal, Documento 100: Acta Por La Que El Arzobispo De Paris Aprueba La Congregacion De La Mision - Somos Vicencianos<\/title>\n<meta name=\"robots\" content=\"index, follow, max-snippet:-1, max-image-preview:large, max-video-preview:-1\" \/>\n<link rel=\"canonical\" href=\"https:\/\/vincentians.com\/es\/vicente-de-paul-documento-100-acta-por-la-que-el-arzobispo-de-paris-aprueba-la-congregacion-de-la-mision\/\" \/>\n<meta property=\"og:locale\" content=\"es_ES\" \/>\n<meta property=\"og:type\" content=\"article\" \/>\n<meta property=\"og:title\" content=\"Vicente de Pa\u00fal, Documento 100: Acta Por La Que El Arzobispo De Paris Aprueba La Congregacion De La Mision - Somos Vicencianos\" \/>\n<meta property=\"og:description\" content=\"24 abril 1626 Juan Francisco de Gondy, arzobispo de Par\u00eds por la gracia de Dios y de la Santa Sede apost\u00f3lica, consejero del rey en el consejo de Estado y en el privado, gran maestre ... Read More\" \/>\n<meta property=\"og:url\" content=\"https:\/\/vincentians.com\/es\/vicente-de-paul-documento-100-acta-por-la-que-el-arzobispo-de-paris-aprueba-la-congregacion-de-la-mision\/\" \/>\n<meta property=\"og:site_name\" content=\"Somos Vicencianos\" \/>\n<meta property=\"article:publisher\" content=\"https:\/\/www.facebook.com\/WeAreVincentians\/\" \/>\n<meta property=\"article:author\" content=\"https:\/\/www.facebook.com\/JavierChento\" \/>\n<meta property=\"article:published_time\" content=\"2010-03-17T23:01:51+00:00\" \/>\n<meta property=\"article:modified_time\" content=\"2016-07-26T17:51:06+00:00\" \/>\n<meta property=\"og:image\" content=\"https:\/\/i0.wp.com\/vincentians.com\/es\/wp-content\/uploads\/sites\/11\/2016\/07\/escritos-vicente-de-paul.jpg?fit=1200%2C630&ssl=1\" \/>\n\t<meta property=\"og:image:width\" content=\"1200\" \/>\n\t<meta property=\"og:image:height\" content=\"630\" \/>\n\t<meta property=\"og:image:type\" content=\"image\/jpeg\" \/>\n<meta name=\"author\" content=\"Francisco Javier Fern\u00e1ndez Chento\" \/>\n<meta name=\"twitter:card\" content=\"summary_large_image\" \/>\n<meta name=\"twitter:creator\" content=\"@https:\/\/twitter.com\/javierchento\" \/>\n<meta name=\"twitter:site\" content=\"@WeVincentians\" \/>\n<meta name=\"twitter:label1\" content=\"Escrito por\" \/>\n\t<meta name=\"twitter:data1\" content=\"Francisco Javier Fern\u00e1ndez Chento\" \/>\n\t<meta name=\"twitter:label2\" content=\"Tiempo de lectura\" \/>\n\t<meta name=\"twitter:data2\" content=\"1 minuto\" \/>\n<script type=\"application\/ld+json\" class=\"yoast-schema-graph\">{\"@context\":\"https:\/\/schema.org\",\"@graph\":[{\"@type\":\"Article\",\"@id\":\"https:\/\/vincentians.com\/es\/vicente-de-paul-documento-100-acta-por-la-que-el-arzobispo-de-paris-aprueba-la-congregacion-de-la-mision\/#article\",\"isPartOf\":{\"@id\":\"https:\/\/vincentians.com\/es\/vicente-de-paul-documento-100-acta-por-la-que-el-arzobispo-de-paris-aprueba-la-congregacion-de-la-mision\/\"},\"author\":{\"name\":\"Francisco Javier Fern\u00e1ndez Chento\",\"@id\":\"http:\/\/vincentians.com\/es\/#\/schema\/person\/9623ef4d9aa3b2dfb8c061f1499288f2\"},\"headline\":\"Vicente de Pa\u00fal, Documento 100: Acta Por La Que El Arzobispo De Paris Aprueba La Congregacion De La Mision\",\"datePublished\":\"2010-03-17T23:01:51+00:00\",\"dateModified\":\"2016-07-26T17:51:06+00:00\",\"mainEntityOfPage\":{\"@id\":\"https:\/\/vincentians.com\/es\/vicente-de-paul-documento-100-acta-por-la-que-el-arzobispo-de-paris-aprueba-la-congregacion-de-la-mision\/\"},\"wordCount\":307,\"commentCount\":0,\"publisher\":{\"@id\":\"http:\/\/vincentians.com\/es\/#organization\"},\"image\":{\"@id\":\"https:\/\/vincentians.com\/es\/vicente-de-paul-documento-100-acta-por-la-que-el-arzobispo-de-paris-aprueba-la-congregacion-de-la-mision\/#primaryimage\"},\"thumbnailUrl\":\"https:\/\/i0.wp.com\/vincentians.com\/es\/wp-content\/uploads\/sites\/11\/2016\/07\/escritos-vicente-de-paul.jpg?fit=1200%2C630&ssl=1\",\"keywords\":[\"Joigny\",\"Montmirail\",\"Silly\"],\"articleSection\":[\"Escritos de Vicente de Pa\u00fal\"],\"inLanguage\":\"es\",\"potentialAction\":[{\"@type\":\"CommentAction\",\"name\":\"Comment\",\"target\":[\"https:\/\/vincentians.com\/es\/vicente-de-paul-documento-100-acta-por-la-que-el-arzobispo-de-paris-aprueba-la-congregacion-de-la-mision\/#respond\"]}]},{\"@type\":\"WebPage\",\"@id\":\"https:\/\/vincentians.com\/es\/vicente-de-paul-documento-100-acta-por-la-que-el-arzobispo-de-paris-aprueba-la-congregacion-de-la-mision\/\",\"url\":\"https:\/\/vincentians.com\/es\/vicente-de-paul-documento-100-acta-por-la-que-el-arzobispo-de-paris-aprueba-la-congregacion-de-la-mision\/\",\"name\":\"Vicente de Pa\u00fal, Documento 100: Acta Por La Que El Arzobispo De Paris Aprueba La Congregacion De La Mision - Somos Vicencianos\",\"isPartOf\":{\"@id\":\"http:\/\/vincentians.com\/es\/#website\"},\"primaryImageOfPage\":{\"@id\":\"https:\/\/vincentians.com\/es\/vicente-de-paul-documento-100-acta-por-la-que-el-arzobispo-de-paris-aprueba-la-congregacion-de-la-mision\/#primaryimage\"},\"image\":{\"@id\":\"https:\/\/vincentians.com\/es\/vicente-de-paul-documento-100-acta-por-la-que-el-arzobispo-de-paris-aprueba-la-congregacion-de-la-mision\/#primaryimage\"},\"thumbnailUrl\":\"https:\/\/i0.wp.com\/vincentians.com\/es\/wp-content\/uploads\/sites\/11\/2016\/07\/escritos-vicente-de-paul.jpg?fit=1200%2C630&ssl=1\",\"datePublished\":\"2010-03-17T23:01:51+00:00\",\"dateModified\":\"2016-07-26T17:51:06+00:00\",\"breadcrumb\":{\"@id\":\"https:\/\/vincentians.com\/es\/vicente-de-paul-documento-100-acta-por-la-que-el-arzobispo-de-paris-aprueba-la-congregacion-de-la-mision\/#breadcrumb\"},\"inLanguage\":\"es\",\"potentialAction\":[{\"@type\":\"ReadAction\",\"target\":[\"https:\/\/vincentians.com\/es\/vicente-de-paul-documento-100-acta-por-la-que-el-arzobispo-de-paris-aprueba-la-congregacion-de-la-mision\/\"]}]},{\"@type\":\"ImageObject\",\"inLanguage\":\"es\",\"@id\":\"https:\/\/vincentians.com\/es\/vicente-de-paul-documento-100-acta-por-la-que-el-arzobispo-de-paris-aprueba-la-congregacion-de-la-mision\/#primaryimage\",\"url\":\"https:\/\/i0.wp.com\/vincentians.com\/es\/wp-content\/uploads\/sites\/11\/2016\/07\/escritos-vicente-de-paul.jpg?fit=1200%2C630&ssl=1\",\"contentUrl\":\"https:\/\/i0.wp.com\/vincentians.com\/es\/wp-content\/uploads\/sites\/11\/2016\/07\/escritos-vicente-de-paul.jpg?fit=1200%2C630&ssl=1\",\"width\":1200,\"height\":630},{\"@type\":\"BreadcrumbList\",\"@id\":\"https:\/\/vincentians.com\/es\/vicente-de-paul-documento-100-acta-por-la-que-el-arzobispo-de-paris-aprueba-la-congregacion-de-la-mision\/#breadcrumb\",\"itemListElement\":[{\"@type\":\"ListItem\",\"position\":1,\"name\":\"Portada\",\"item\":\"http:\/\/vincentians.com\/es\/\"},{\"@type\":\"ListItem\",\"position\":2,\"name\":\"Vicente de Pa\u00fal, Documento 100: Acta Por La Que El Arzobispo De Paris Aprueba La Congregacion De La Mision\"}]},{\"@type\":\"WebSite\",\"@id\":\"http:\/\/vincentians.com\/es\/#website\",\"url\":\"http:\/\/vincentians.com\/es\/\",\"name\":\"Somos Vicencianos\",\"description\":\"Know more to serve more\",\"publisher\":{\"@id\":\"http:\/\/vincentians.com\/es\/#organization\"},\"potentialAction\":[{\"@type\":\"SearchAction\",\"target\":{\"@type\":\"EntryPoint\",\"urlTemplate\":\"http:\/\/vincentians.com\/es\/?s={search_term_string}\"},\"query-input\":{\"@type\":\"PropertyValueSpecification\",\"valueRequired\":true,\"valueName\":\"search_term_string\"}}],\"inLanguage\":\"es\"},{\"@type\":\"Organization\",\"@id\":\"http:\/\/vincentians.com\/es\/#organization\",\"name\":\"The Vincentian Network\",\"url\":\"http:\/\/vincentians.com\/es\/\",\"logo\":{\"@type\":\"ImageObject\",\"inLanguage\":\"es\",\"@id\":\"http:\/\/vincentians.com\/es\/#\/schema\/logo\/image\/\",\"url\":\"https:\/\/i1.wp.com\/vincentians.com\/es\/wp-content\/uploads\/sites\/11\/2016\/06\/Vincentian-Network-logo-big.png?fit=778%2C778\",\"contentUrl\":\"https:\/\/i1.wp.com\/vincentians.com\/es\/wp-content\/uploads\/sites\/11\/2016\/06\/Vincentian-Network-logo-big.png?fit=778%2C778\",\"width\":778,\"height\":778,\"caption\":\"The Vincentian Network\"},\"image\":{\"@id\":\"http:\/\/vincentians.com\/es\/#\/schema\/logo\/image\/\"},\"sameAs\":[\"https:\/\/www.facebook.com\/WeAreVincentians\/\",\"https:\/\/x.com\/WeVincentians\"]},{\"@type\":\"Person\",\"@id\":\"http:\/\/vincentians.com\/es\/#\/schema\/person\/9623ef4d9aa3b2dfb8c061f1499288f2\",\"name\":\"Francisco Javier Fern\u00e1ndez Chento\",\"image\":{\"@type\":\"ImageObject\",\"inLanguage\":\"es\",\"@id\":\"http:\/\/vincentians.com\/es\/#\/schema\/person\/image\/\",\"url\":\"https:\/\/secure.gravatar.com\/avatar\/497d5cde87b4c3d097d0315953521681ba2cd523ee66e5077c3711f7021e65de?s=96&d=mm&r=g\",\"contentUrl\":\"https:\/\/secure.gravatar.com\/avatar\/497d5cde87b4c3d097d0315953521681ba2cd523ee66e5077c3711f7021e65de?s=96&d=mm&r=g\",\"caption\":\"Francisco Javier Fern\u00e1ndez Chento\"},\"description\":\"Director General y cofundador de La Red de Formaci\u00f3n Vicenciana. Javier es laico vicenciano, afiliado a la Congregaci\u00f3n de la Misi\u00f3n y miembro del Equipo de Misiones Populares de la provincia can\u00f3nica de Zaragoza (Espa\u00f1a) de la Congregaci\u00f3n de la Misi\u00f3n. Graduado en la Universidad Oberta de Catalunya con cuatro grados (Asistente de direcci\u00f3n, Gesti\u00f3n Administrativa, Recursos Humanos y Contabilidad Avanzada). Bil\u00edng\u00fce Espa\u00f1ol\/Ingl\u00e9s. gestiona y mantiene varias p\u00e1ginas web cristianas y vicencianas, incluida including La Red de Formaci\u00f3n Vicenciana, de la que es cofundador. Actualmente es responsable del \u00e1rea de Espa\u00f1ol de .famvin, la Red de Noticias de la Familia Vicenciana. Tambi\u00e9n es m\u00fasico cat\u00f3lico y ha editado varios discos. Es Director General y cofundador de Trovador, una reconocida compa\u00f1\u00eda discogr\u00e1fica critiana de Espa\u00f1a. Trabaja en las Tecnolog\u00edas de la Informaci\u00f3n, ofreciendo servicios de alojamiento, dise\u00f1o y mantenimiento Web, as\u00ed como asesoramiento, formaci\u00f3n y soluciones inform\u00e1ticas, gesti\u00f3n documental y digitalizaci\u00f3n de textos, edici\u00f3n y maquetaci\u00f3n de libros, revistas, flyers, etc.\",\"sameAs\":[\"http:\/\/chento.org\",\"https:\/\/www.facebook.com\/JavierChento\",\"https:\/\/x.com\/https:\/\/twitter.com\/javierchento\"],\"url\":\"https:\/\/vincentians.com\/es\/author\/chento\/\"}]}<\/script>\n<!-- \/ Yoast SEO plugin. -->","yoast_head_json":{"title":"Vicente de Pa\u00fal, Documento 100: Acta Por La Que El Arzobispo De Paris Aprueba La Congregacion De La Mision - Somos Vicencianos","robots":{"index":"index","follow":"follow","max-snippet":"max-snippet:-1","max-image-preview":"max-image-preview:large","max-video-preview":"max-video-preview:-1"},"canonical":"https:\/\/vincentians.com\/es\/vicente-de-paul-documento-100-acta-por-la-que-el-arzobispo-de-paris-aprueba-la-congregacion-de-la-mision\/","og_locale":"es_ES","og_type":"article","og_title":"Vicente de Pa\u00fal, Documento 100: Acta Por La Que El Arzobispo De Paris Aprueba La Congregacion De La Mision - Somos Vicencianos","og_description":"24 abril 1626 Juan Francisco de Gondy, arzobispo de Par\u00eds por la gracia de Dios y de la Santa Sede apost\u00f3lica, consejero del rey en el consejo de Estado y en el privado, gran maestre ... Read More","og_url":"https:\/\/vincentians.com\/es\/vicente-de-paul-documento-100-acta-por-la-que-el-arzobispo-de-paris-aprueba-la-congregacion-de-la-mision\/","og_site_name":"Somos Vicencianos","article_publisher":"https:\/\/www.facebook.com\/WeAreVincentians\/","article_author":"https:\/\/www.facebook.com\/JavierChento","article_published_time":"2010-03-17T23:01:51+00:00","article_modified_time":"2016-07-26T17:51:06+00:00","og_image":[{"width":1200,"height":630,"url":"https:\/\/i0.wp.com\/vincentians.com\/es\/wp-content\/uploads\/sites\/11\/2016\/07\/escritos-vicente-de-paul.jpg?fit=1200%2C630&ssl=1","type":"image\/jpeg"}],"author":"Francisco Javier Fern\u00e1ndez Chento","twitter_card":"summary_large_image","twitter_creator":"@https:\/\/twitter.com\/javierchento","twitter_site":"@WeVincentians","twitter_misc":{"Escrito por":"Francisco Javier Fern\u00e1ndez Chento","Tiempo de lectura":"1 minuto"},"schema":{"@context":"https:\/\/schema.org","@graph":[{"@type":"Article","@id":"https:\/\/vincentians.com\/es\/vicente-de-paul-documento-100-acta-por-la-que-el-arzobispo-de-paris-aprueba-la-congregacion-de-la-mision\/#article","isPartOf":{"@id":"https:\/\/vincentians.com\/es\/vicente-de-paul-documento-100-acta-por-la-que-el-arzobispo-de-paris-aprueba-la-congregacion-de-la-mision\/"},"author":{"name":"Francisco Javier Fern\u00e1ndez Chento","@id":"http:\/\/vincentians.com\/es\/#\/schema\/person\/9623ef4d9aa3b2dfb8c061f1499288f2"},"headline":"Vicente de Pa\u00fal, Documento 100: Acta Por La Que El Arzobispo De Paris Aprueba La Congregacion De La Mision","datePublished":"2010-03-17T23:01:51+00:00","dateModified":"2016-07-26T17:51:06+00:00","mainEntityOfPage":{"@id":"https:\/\/vincentians.com\/es\/vicente-de-paul-documento-100-acta-por-la-que-el-arzobispo-de-paris-aprueba-la-congregacion-de-la-mision\/"},"wordCount":307,"commentCount":0,"publisher":{"@id":"http:\/\/vincentians.com\/es\/#organization"},"image":{"@id":"https:\/\/vincentians.com\/es\/vicente-de-paul-documento-100-acta-por-la-que-el-arzobispo-de-paris-aprueba-la-congregacion-de-la-mision\/#primaryimage"},"thumbnailUrl":"https:\/\/i0.wp.com\/vincentians.com\/es\/wp-content\/uploads\/sites\/11\/2016\/07\/escritos-vicente-de-paul.jpg?fit=1200%2C630&ssl=1","keywords":["Joigny","Montmirail","Silly"],"articleSection":["Escritos de Vicente de Pa\u00fal"],"inLanguage":"es","potentialAction":[{"@type":"CommentAction","name":"Comment","target":["https:\/\/vincentians.com\/es\/vicente-de-paul-documento-100-acta-por-la-que-el-arzobispo-de-paris-aprueba-la-congregacion-de-la-mision\/#respond"]}]},{"@type":"WebPage","@id":"https:\/\/vincentians.com\/es\/vicente-de-paul-documento-100-acta-por-la-que-el-arzobispo-de-paris-aprueba-la-congregacion-de-la-mision\/","url":"https:\/\/vincentians.com\/es\/vicente-de-paul-documento-100-acta-por-la-que-el-arzobispo-de-paris-aprueba-la-congregacion-de-la-mision\/","name":"Vicente de Pa\u00fal, Documento 100: Acta Por La Que El Arzobispo De Paris Aprueba La Congregacion De La Mision - Somos Vicencianos","isPartOf":{"@id":"http:\/\/vincentians.com\/es\/#website"},"primaryImageOfPage":{"@id":"https:\/\/vincentians.com\/es\/vicente-de-paul-documento-100-acta-por-la-que-el-arzobispo-de-paris-aprueba-la-congregacion-de-la-mision\/#primaryimage"},"image":{"@id":"https:\/\/vincentians.com\/es\/vicente-de-paul-documento-100-acta-por-la-que-el-arzobispo-de-paris-aprueba-la-congregacion-de-la-mision\/#primaryimage"},"thumbnailUrl":"https:\/\/i0.wp.com\/vincentians.com\/es\/wp-content\/uploads\/sites\/11\/2016\/07\/escritos-vicente-de-paul.jpg?fit=1200%2C630&ssl=1","datePublished":"2010-03-17T23:01:51+00:00","dateModified":"2016-07-26T17:51:06+00:00","breadcrumb":{"@id":"https:\/\/vincentians.com\/es\/vicente-de-paul-documento-100-acta-por-la-que-el-arzobispo-de-paris-aprueba-la-congregacion-de-la-mision\/#breadcrumb"},"inLanguage":"es","potentialAction":[{"@type":"ReadAction","target":["https:\/\/vincentians.com\/es\/vicente-de-paul-documento-100-acta-por-la-que-el-arzobispo-de-paris-aprueba-la-congregacion-de-la-mision\/"]}]},{"@type":"ImageObject","inLanguage":"es","@id":"https:\/\/vincentians.com\/es\/vicente-de-paul-documento-100-acta-por-la-que-el-arzobispo-de-paris-aprueba-la-congregacion-de-la-mision\/#primaryimage","url":"https:\/\/i0.wp.com\/vincentians.com\/es\/wp-content\/uploads\/sites\/11\/2016\/07\/escritos-vicente-de-paul.jpg?fit=1200%2C630&ssl=1","contentUrl":"https:\/\/i0.wp.com\/vincentians.com\/es\/wp-content\/uploads\/sites\/11\/2016\/07\/escritos-vicente-de-paul.jpg?fit=1200%2C630&ssl=1","width":1200,"height":630},{"@type":"BreadcrumbList","@id":"https:\/\/vincentians.com\/es\/vicente-de-paul-documento-100-acta-por-la-que-el-arzobispo-de-paris-aprueba-la-congregacion-de-la-mision\/#breadcrumb","itemListElement":[{"@type":"ListItem","position":1,"name":"Portada","item":"http:\/\/vincentians.com\/es\/"},{"@type":"ListItem","position":2,"name":"Vicente de Pa\u00fal, Documento 100: Acta Por La Que El Arzobispo De Paris Aprueba La Congregacion De La Mision"}]},{"@type":"WebSite","@id":"http:\/\/vincentians.com\/es\/#website","url":"http:\/\/vincentians.com\/es\/","name":"Somos Vicencianos","description":"Know more to serve more","publisher":{"@id":"http:\/\/vincentians.com\/es\/#organization"},"potentialAction":[{"@type":"SearchAction","target":{"@type":"EntryPoint","urlTemplate":"http:\/\/vincentians.com\/es\/?s={search_term_string}"},"query-input":{"@type":"PropertyValueSpecification","valueRequired":true,"valueName":"search_term_string"}}],"inLanguage":"es"},{"@type":"Organization","@id":"http:\/\/vincentians.com\/es\/#organization","name":"The Vincentian Network","url":"http:\/\/vincentians.com\/es\/","logo":{"@type":"ImageObject","inLanguage":"es","@id":"http:\/\/vincentians.com\/es\/#\/schema\/logo\/image\/","url":"https:\/\/i1.wp.com\/vincentians.com\/es\/wp-content\/uploads\/sites\/11\/2016\/06\/Vincentian-Network-logo-big.png?fit=778%2C778","contentUrl":"https:\/\/i1.wp.com\/vincentians.com\/es\/wp-content\/uploads\/sites\/11\/2016\/06\/Vincentian-Network-logo-big.png?fit=778%2C778","width":778,"height":778,"caption":"The Vincentian Network"},"image":{"@id":"http:\/\/vincentians.com\/es\/#\/schema\/logo\/image\/"},"sameAs":["https:\/\/www.facebook.com\/WeAreVincentians\/","https:\/\/x.com\/WeVincentians"]},{"@type":"Person","@id":"http:\/\/vincentians.com\/es\/#\/schema\/person\/9623ef4d9aa3b2dfb8c061f1499288f2","name":"Francisco Javier Fern\u00e1ndez Chento","image":{"@type":"ImageObject","inLanguage":"es","@id":"http:\/\/vincentians.com\/es\/#\/schema\/person\/image\/","url":"https:\/\/secure.gravatar.com\/avatar\/497d5cde87b4c3d097d0315953521681ba2cd523ee66e5077c3711f7021e65de?s=96&d=mm&r=g","contentUrl":"https:\/\/secure.gravatar.com\/avatar\/497d5cde87b4c3d097d0315953521681ba2cd523ee66e5077c3711f7021e65de?s=96&d=mm&r=g","caption":"Francisco Javier Fern\u00e1ndez Chento"},"description":"Director General y cofundador de La Red de Formaci\u00f3n Vicenciana. Javier es laico vicenciano, afiliado a la Congregaci\u00f3n de la Misi\u00f3n y miembro del Equipo de Misiones Populares de la provincia can\u00f3nica de Zaragoza (Espa\u00f1a) de la Congregaci\u00f3n de la Misi\u00f3n. Graduado en la Universidad Oberta de Catalunya con cuatro grados (Asistente de direcci\u00f3n, Gesti\u00f3n Administrativa, Recursos Humanos y Contabilidad Avanzada). Bil\u00edng\u00fce Espa\u00f1ol\/Ingl\u00e9s. gestiona y mantiene varias p\u00e1ginas web cristianas y vicencianas, incluida including La Red de Formaci\u00f3n Vicenciana, de la que es cofundador. Actualmente es responsable del \u00e1rea de Espa\u00f1ol de .famvin, la Red de Noticias de la Familia Vicenciana. Tambi\u00e9n es m\u00fasico cat\u00f3lico y ha editado varios discos. Es Director General y cofundador de Trovador, una reconocida compa\u00f1\u00eda discogr\u00e1fica critiana de Espa\u00f1a. Trabaja en las Tecnolog\u00edas de la Informaci\u00f3n, ofreciendo servicios de alojamiento, dise\u00f1o y mantenimiento Web, as\u00ed como asesoramiento, formaci\u00f3n y soluciones inform\u00e1ticas, gesti\u00f3n documental y digitalizaci\u00f3n de textos, edici\u00f3n y maquetaci\u00f3n de libros, revistas, flyers, etc.","sameAs":["http:\/\/chento.org","https:\/\/www.facebook.com\/JavierChento","https:\/\/x.com\/https:\/\/twitter.com\/javierchento"],"url":"https:\/\/vincentians.com\/es\/author\/chento\/"}]}},"jetpack_publicize_connections":[],"jetpack_featured_media_url":"https:\/\/i0.wp.com\/vincentians.com\/es\/wp-content\/uploads\/sites\/11\/2016\/07\/escritos-vicente-de-paul.jpg?fit=1200%2C630&ssl=1","jetpack_sharing_enabled":true,"jetpack_shortlink":"https:\/\/wp.me\/p7ETMF-3lY","jetpack-related-posts":[{"id":12896,"url":"https:\/\/vincentians.com\/es\/vicente-de-paul-documento-102-union-del-colegio-de-bons-enfants-a-la-mision-por-el-senor-arzobispo-de-paris\/","url_meta":{"origin":12894,"position":0},"title":"Vicente de Pa\u00fal, Documento 102: Union Del Colegio De Bons-Enfants A La Mision Por El Se\u00f1or Arzobispo De Paris","author":"Francisco Javier Fern\u00e1ndez Chento","date":"20\/03\/2010","format":false,"excerpt":"20 julio 1626 Juan Francisco de Gondy, arzobispo de Par\u00eds por la gracia de Dios y de la Santa Sede Apost\u00f3lica, consejero de nuestro se\u00f1or cristian\u00edsimo el rey en su consejo de estado y de conciencia y gran maestre de la capilla real, a todos cuantos vean estas cartas, salud.\u2026","rel":"","context":"En \u00abEscritos de Vicente de Pa\u00fal\u00bb","block_context":{"text":"Escritos de Vicente de Pa\u00fal","link":"https:\/\/vincentians.com\/es\/category\/escritos\/escritos-de-vicente-de-paul\/"},"img":{"alt_text":"","src":"https:\/\/i0.wp.com\/vincentians.com\/es\/wp-content\/uploads\/sites\/11\/2016\/07\/escritos-vicente-de-paul.jpg?fit=1200%2C630&ssl=1&resize=350%2C200","width":350,"height":200,"srcset":"https:\/\/i0.wp.com\/vincentians.com\/es\/wp-content\/uploads\/sites\/11\/2016\/07\/escritos-vicente-de-paul.jpg?fit=1200%2C630&ssl=1&resize=350%2C200 1x, https:\/\/i0.wp.com\/vincentians.com\/es\/wp-content\/uploads\/sites\/11\/2016\/07\/escritos-vicente-de-paul.jpg?fit=1200%2C630&ssl=1&resize=525%2C300 1.5x, https:\/\/i0.wp.com\/vincentians.com\/es\/wp-content\/uploads\/sites\/11\/2016\/07\/escritos-vicente-de-paul.jpg?fit=1200%2C630&ssl=1&resize=700%2C400 2x, https:\/\/i0.wp.com\/vincentians.com\/es\/wp-content\/uploads\/sites\/11\/2016\/07\/escritos-vicente-de-paul.jpg?fit=1200%2C630&ssl=1&resize=1050%2C600 3x"},"classes":[]},{"id":12895,"url":"https:\/\/vincentians.com\/es\/vicente-de-paul-documento-101-acta-de-asociacion-de-los-primeros-misioneros\/","url_meta":{"origin":12894,"position":1},"title":"Vicente de Pa\u00fal, Documento 101: Acta De Asociacion De Los Primeros Misioneros","author":"Francisco Javier Fern\u00e1ndez Chento","date":"19\/03\/2010","format":false,"excerpt":"4 septiembre 1626 El que suscribe Vicente de Pa\u00fal, sacerdote, director del colegio de Bons-Enfants, fundado en Par\u00eds junto a la puerta de Saint-Victor, declaro a quien pertenezca que, seg\u00fan la fundaci\u00f3n hecha por el se\u00f1or Felipe-Manuel de Gondy, conde de Joigny, general de las galeras de Francia, y por\u2026","rel":"","context":"En \u00abEscritos de Vicente de Pa\u00fal\u00bb","block_context":{"text":"Escritos de Vicente de Pa\u00fal","link":"https:\/\/vincentians.com\/es\/category\/escritos\/escritos-de-vicente-de-paul\/"},"img":{"alt_text":"","src":"https:\/\/i0.wp.com\/vincentians.com\/es\/wp-content\/uploads\/sites\/11\/2016\/07\/escritos-vicente-de-paul.jpg?fit=1200%2C630&ssl=1&resize=350%2C200","width":350,"height":200,"srcset":"https:\/\/i0.wp.com\/vincentians.com\/es\/wp-content\/uploads\/sites\/11\/2016\/07\/escritos-vicente-de-paul.jpg?fit=1200%2C630&ssl=1&resize=350%2C200 1x, https:\/\/i0.wp.com\/vincentians.com\/es\/wp-content\/uploads\/sites\/11\/2016\/07\/escritos-vicente-de-paul.jpg?fit=1200%2C630&ssl=1&resize=525%2C300 1.5x, https:\/\/i0.wp.com\/vincentians.com\/es\/wp-content\/uploads\/sites\/11\/2016\/07\/escritos-vicente-de-paul.jpg?fit=1200%2C630&ssl=1&resize=700%2C400 2x, https:\/\/i0.wp.com\/vincentians.com\/es\/wp-content\/uploads\/sites\/11\/2016\/07\/escritos-vicente-de-paul.jpg?fit=1200%2C630&ssl=1&resize=1050%2C600 3x"},"classes":[]},{"id":15440,"url":"https:\/\/vincentians.com\/es\/vicente-de-paul-documento-129-registro-en-el-parlamento-de-las-cartas-patentes-de-mayo-de-1627-y-del-15-de-febrero-de-1630\/","url_meta":{"origin":12894,"position":2},"title":"Vicente de Pa\u00fal, Documento 129: Registro En El Parlamento De Las Cartas Patentes De Mayo De 1627 Y Del 15 De Febrero De 1630","author":"Francisco Javier Fern\u00e1ndez Chento","date":"16\/04\/2010","format":false,"excerpt":"4 abril 1631 Reunidas las grandes c\u00e1maras, Tournelle y de l'Edit, ha visto la corte las cartas patentes dadas en Par\u00eds en el mes de mayo de 1627, firmadas por Luis y en el pliegue por el rey, de Lom\u00e9nie y selladas sobre cintas de seda con sello de cera\u2026","rel":"","context":"En \u00abEscritos de Vicente de Pa\u00fal\u00bb","block_context":{"text":"Escritos de Vicente de Pa\u00fal","link":"https:\/\/vincentians.com\/es\/category\/escritos\/escritos-de-vicente-de-paul\/"},"img":{"alt_text":"","src":"https:\/\/i0.wp.com\/vincentians.com\/es\/wp-content\/uploads\/sites\/11\/2016\/07\/escritos-vicente-de-paul.jpg?fit=1200%2C630&ssl=1&resize=350%2C200","width":350,"height":200,"srcset":"https:\/\/i0.wp.com\/vincentians.com\/es\/wp-content\/uploads\/sites\/11\/2016\/07\/escritos-vicente-de-paul.jpg?fit=1200%2C630&ssl=1&resize=350%2C200 1x, https:\/\/i0.wp.com\/vincentians.com\/es\/wp-content\/uploads\/sites\/11\/2016\/07\/escritos-vicente-de-paul.jpg?fit=1200%2C630&ssl=1&resize=525%2C300 1.5x, https:\/\/i0.wp.com\/vincentians.com\/es\/wp-content\/uploads\/sites\/11\/2016\/07\/escritos-vicente-de-paul.jpg?fit=1200%2C630&ssl=1&resize=700%2C400 2x, https:\/\/i0.wp.com\/vincentians.com\/es\/wp-content\/uploads\/sites\/11\/2016\/07\/escritos-vicente-de-paul.jpg?fit=1200%2C630&ssl=1&resize=1050%2C600 3x"},"classes":[]},{"id":12898,"url":"https:\/\/vincentians.com\/es\/vicente-de-paul-documento-104-cartas-patentes-por-las-que-el-rey-aprueba-la-congregacion-de-la-mision\/","url_meta":{"origin":12894,"position":3},"title":"Vicente de Pa\u00fal, Documento 104: Cartas Patentes Por Las Que El Rey Aprueba La Congregacion De La Mision","author":"Francisco Javier Fern\u00e1ndez Chento","date":"22\/03\/2010","format":false,"excerpt":"[Mayo 1627] Luis, rey de Francia y de Navarra por la gracia de Dios, a todos los presentes y venideros, salud. Nuestro amado y fiel consejero de nuestros consejos y caballero de nuestras \u00f3rdenes Felipe Manuel de Gondy, conde de Joigny, nuestro lugarteniente general en los mares de Levante y\u2026","rel":"","context":"En \u00abEscritos de Vicente de Pa\u00fal\u00bb","block_context":{"text":"Escritos de Vicente de Pa\u00fal","link":"https:\/\/vincentians.com\/es\/category\/escritos\/escritos-de-vicente-de-paul\/"},"img":{"alt_text":"","src":"https:\/\/i0.wp.com\/vincentians.com\/es\/wp-content\/uploads\/sites\/11\/2016\/07\/escritos-vicente-de-paul.jpg?fit=1200%2C630&ssl=1&resize=350%2C200","width":350,"height":200,"srcset":"https:\/\/i0.wp.com\/vincentians.com\/es\/wp-content\/uploads\/sites\/11\/2016\/07\/escritos-vicente-de-paul.jpg?fit=1200%2C630&ssl=1&resize=350%2C200 1x, https:\/\/i0.wp.com\/vincentians.com\/es\/wp-content\/uploads\/sites\/11\/2016\/07\/escritos-vicente-de-paul.jpg?fit=1200%2C630&ssl=1&resize=525%2C300 1.5x, https:\/\/i0.wp.com\/vincentians.com\/es\/wp-content\/uploads\/sites\/11\/2016\/07\/escritos-vicente-de-paul.jpg?fit=1200%2C630&ssl=1&resize=700%2C400 2x, https:\/\/i0.wp.com\/vincentians.com\/es\/wp-content\/uploads\/sites\/11\/2016\/07\/escritos-vicente-de-paul.jpg?fit=1200%2C630&ssl=1&resize=1050%2C600 3x"},"classes":[]},{"id":12903,"url":"https:\/\/vincentians.com\/es\/vicente-de-paul-documento-109-cartas-patentes-del-rey-para-la-union-del-colegio-de-bons-enfants-a-la-mision\/","url_meta":{"origin":12894,"position":4},"title":"Vicente de Pa\u00fal, Documento 109: Cartas Patentes Del Rey Para La Union Del Colegio De Bons-Enfants A La Mision","author":"Francisco Javier Fern\u00e1ndez Chento","date":"27\/03\/2010","format":false,"excerpt":"15 septiembre 1627 Luis, por la gracia de Dios rey de Francia y de Navarra, a nuestros amados y fieles consejeros y personas de nuestra corte y parlamento de Par\u00eds, al preboste de dicho lugar, a su lugarteniente y dem\u00e1s oficiales y encargados de la justicia a quienes pertenezca, salud..\u2026","rel":"","context":"En \u00abEscritos de Vicente de Pa\u00fal\u00bb","block_context":{"text":"Escritos de Vicente de Pa\u00fal","link":"https:\/\/vincentians.com\/es\/category\/escritos\/escritos-de-vicente-de-paul\/"},"img":{"alt_text":"","src":"https:\/\/i0.wp.com\/vincentians.com\/es\/wp-content\/uploads\/sites\/11\/2016\/07\/escritos-vicente-de-paul.jpg?fit=1200%2C630&ssl=1&resize=350%2C200","width":350,"height":200,"srcset":"https:\/\/i0.wp.com\/vincentians.com\/es\/wp-content\/uploads\/sites\/11\/2016\/07\/escritos-vicente-de-paul.jpg?fit=1200%2C630&ssl=1&resize=350%2C200 1x, https:\/\/i0.wp.com\/vincentians.com\/es\/wp-content\/uploads\/sites\/11\/2016\/07\/escritos-vicente-de-paul.jpg?fit=1200%2C630&ssl=1&resize=525%2C300 1.5x, https:\/\/i0.wp.com\/vincentians.com\/es\/wp-content\/uploads\/sites\/11\/2016\/07\/escritos-vicente-de-paul.jpg?fit=1200%2C630&ssl=1&resize=700%2C400 2x, https:\/\/i0.wp.com\/vincentians.com\/es\/wp-content\/uploads\/sites\/11\/2016\/07\/escritos-vicente-de-paul.jpg?fit=1200%2C630&ssl=1&resize=1050%2C600 3x"},"classes":[]},{"id":121642,"url":"https:\/\/vincentians.com\/es\/san-vicente-de-paul-y-los-gondi-capitulo-04\/","url_meta":{"origin":12894,"position":5},"title":"San Vicente de Pa\u00fal y los Gondi: Cap\u00edtulo 04","author":"Francisco Javier Fern\u00e1ndez Chento","date":"05\/07\/2024","format":false,"excerpt":"Cap\u00edtulo IV Vicente de Pa\u00fal en la casa del general de las galeras. - Retratos de familia: Felipe Manuel de Gondi, su mujer Margarita de Silly y sus hijos. - Vicente de Pa\u00fal, fundador. Volvamos sobre nuestros pasos y entremos en el castillo de Montmirail donde, hacia el fin del\u2026","rel":"","context":"En \u00abVicente de Pa\u00fal\u00bb","block_context":{"text":"Vicente de Pa\u00fal","link":"https:\/\/vincentians.com\/es\/category\/la-familia-vicenciana\/fundadores\/vicente-de-paul\/"},"img":{"alt_text":"","src":"https:\/\/i0.wp.com\/vincentians.com\/es\/wp-content\/uploads\/sites\/11\/2023\/08\/aaaf.jpg?fit=1200%2C827&ssl=1&resize=350%2C200","width":350,"height":200,"srcset":"https:\/\/i0.wp.com\/vincentians.com\/es\/wp-content\/uploads\/sites\/11\/2023\/08\/aaaf.jpg?fit=1200%2C827&ssl=1&resize=350%2C200 1x, https:\/\/i0.wp.com\/vincentians.com\/es\/wp-content\/uploads\/sites\/11\/2023\/08\/aaaf.jpg?fit=1200%2C827&ssl=1&resize=525%2C300 1.5x, https:\/\/i0.wp.com\/vincentians.com\/es\/wp-content\/uploads\/sites\/11\/2023\/08\/aaaf.jpg?fit=1200%2C827&ssl=1&resize=700%2C400 2x, https:\/\/i0.wp.com\/vincentians.com\/es\/wp-content\/uploads\/sites\/11\/2023\/08\/aaaf.jpg?fit=1200%2C827&ssl=1&resize=1050%2C600 3x"},"classes":[]}],"_links":{"self":[{"href":"https:\/\/vincentians.com\/es\/wp-json\/wp\/v2\/posts\/12894","targetHints":{"allow":["GET"]}}],"collection":[{"href":"https:\/\/vincentians.com\/es\/wp-json\/wp\/v2\/posts"}],"about":[{"href":"https:\/\/vincentians.com\/es\/wp-json\/wp\/v2\/types\/post"}],"author":[{"embeddable":true,"href":"https:\/\/vincentians.com\/es\/wp-json\/wp\/v2\/users\/4"}],"replies":[{"embeddable":true,"href":"https:\/\/vincentians.com\/es\/wp-json\/wp\/v2\/comments?post=12894"}],"version-history":[{"count":0,"href":"https:\/\/vincentians.com\/es\/wp-json\/wp\/v2\/posts\/12894\/revisions"}],"wp:featuredmedia":[{"embeddable":true,"href":"https:\/\/vincentians.com\/es\/wp-json\/wp\/v2\/media\/393753"}],"wp:attachment":[{"href":"https:\/\/vincentians.com\/es\/wp-json\/wp\/v2\/media?parent=12894"}],"wp:term":[{"taxonomy":"category","embeddable":true,"href":"https:\/\/vincentians.com\/es\/wp-json\/wp\/v2\/categories?post=12894"},{"taxonomy":"post_tag","embeddable":true,"href":"https:\/\/vincentians.com\/es\/wp-json\/wp\/v2\/tags?post=12894"}],"curies":[{"name":"wp","href":"https:\/\/api.w.org\/{rel}","templated":true}]}}