{"id":12893,"date":"2010-03-17T00:01:49","date_gmt":"2010-03-16T23:01:49","guid":{"rendered":"http:\/\/www.vicencianos.org\/web\/2010\/03\/17\/vicente-de-paul-documento-099-contrato-de-fundacion-de-la-congregacion-de-la-mision\/"},"modified":"2016-07-26T19:51:06","modified_gmt":"2016-07-26T17:51:06","slug":"vicente-de-paul-documento-099-contrato-de-fundacion-de-la-congregacion-de-la-mision","status":"publish","type":"post","link":"https:\/\/vincentians.com\/es\/vicente-de-paul-documento-099-contrato-de-fundacion-de-la-congregacion-de-la-mision\/","title":{"rendered":"Vicente de Pa\u00fal, Documento 099: Contrato De Fundacion De La Congregacion De La Mision"},"content":{"rendered":"<p>17 abril 1625<\/p>\n<p>Ante los notarios y archiveros del rey nuestro se\u00f1or abajo firmantes, en el Ch\u00e2telet de Par\u00eds, se presentan personalmente el ilustr\u00edsimo y distinguido se\u00f1or don Felipe-Manuel de Gondy, conde de Joigny, marqu\u00e9s de Iles-d&#8217;Or, caballero de Su Majestad y de su real consejo, capit\u00e1n de 50 hombres de su escolta, su lugarteniente general en los mares de Levante y general de las galeras de Francia, junto con su esposa la distinguida dama Francisca-Margarita de Silly, baronesa de Montmirail, etc., autorizada por su citado esposo para el presente acto, los cuales por su franca y libre voluntad dicen y declaran un\u00e1nime y conjuntamente que, habi\u00e9ndoles dado Dios desde hace algunos a\u00f1os el deseo de procurar su gloria en sus tierras y en otros lugares, han pensado que su divina bondad ha provisto con su infinita misericordia a las necesidades espirituales de los habitantes de las ciudades de este reino por medio de gran n\u00famero de doctores y religiosos que les predican, les ense\u00f1an el catecismo, les exhortan y los conservan en el esp\u00edritu de devoci\u00f3n, pero que entre tanto el pobre pueblo de los campos est\u00e1 solo y como abandonado.<\/p>\n<p>Por eso han pensado que se podr\u00eda en cierto modo remediar esta situaci\u00f3n por medio de la piadosa asociaci\u00f3n de algunos eclesi\u00e1sticos de reconocida doctrina, piedad y capacidad que deseasen renunciar tanto a las comodidades de dichas ciudades como a todos los beneficios, cargos y dignidades de la iglesia para que con el benepl\u00e1cito de los prelados en sus respectivas di\u00f3cesis se dedicasen por entero y exclusivamente a la salvaci\u00f3n del pueblo pobre, yendo de aldea en aldea a sus propias expensas, predicando, instruyendo, exhortando y catequizando a esas pobres gentes y movi\u00e9ndolas a hacer una buena confesi\u00f3n general de toda su vida pasada, sin recibir ninguna retribuci\u00f3n de ninguna clase, sino distribuyendo gratuitamente los dones que han recibido de la mano generosa de Dios.<\/p>\n<p>Y para conseguirlo, dichos se\u00f1ores, en reconocimiento de los bienes que han recibido y reciben diariamente de su divina Majestad y para contribuir al ardiente deseo que Dios tiene de la salvaci\u00f3n de las pobres almas, para honrar el misterio de la encarnaci\u00f3n, de la vida y la muerte de Jesucristo, por amor a su sant\u00edsima Madre y tambi\u00e9n para poder alcanzar la gracia de vivir el resto de sus d\u00edas de forma que les quepa esperar con toda su familia llegar a la gloria eterna, han decidido constituirse patronos y fundadores de esta buena obra. Y para este fin dichos se\u00f1ores han dado y otorgado, dan y otorgan juntamente por la presente la cantidad de cuarenta y cinco mil libras, entregando de momento en manos del se\u00f1or Vicente de Pa\u00fal, sacerdote de la di\u00f3cesis de Dax *, licenciado en derecho can\u00f3nico, la cantidad de treinta y siete mil libras contadas en presencia de los mencionados se\u00f1ores notarios, en piezas de diecis\u00e9is testones, medios francos y moneda de docenas, de curso legal. Y por lo que se refiere a las ocho mil libras restantes, los dichos se\u00f1ores prometen pagarlas y entregarlas a dicho se\u00f1or de Pa\u00fal, en esta ciudad de Par\u00eds, en el t\u00e9rmino de un a\u00f1o, por la hipoteca de todos y cada uno de sus bienes presentes y futuros, con las cl\u00e1usulas y cargas que se mencionan a continuaci\u00f3n.<\/p>\n<p>A saber, que dichos se\u00f1ores encomiendan a dicho se\u00f1or de Pa\u00fal elegir en el t\u00e9rmino de un a\u00f1o seis personas eclesi\u00e1sticas o el n\u00famero que permitan sostener las rentas de la presente fundaci\u00f3n, de reconocida doctrina, piedad, buenas costumbres e integridad de vida, para trabajar en dicha obra bajo su direcci\u00f3n, mientras viva; es lo que dichos se\u00f1ores piensan y desean expresamente, tanto por la confianza que tienen en sus dotes de gobierno, como por la experiencia que ya ha adquirido en dichas misiones, a las que tantas bendiciones ha dado Dios hasta ahora; pero a pesar de esta direcci\u00f3n, los mencionados fundadores desean que el se\u00f1or de Pa\u00fal siga residiendo en su casa como hasta ahora, para que les siga ofreciendo a ellos y a su familia la asistencia espiritual que desde hace largos a\u00f1os les viene prestando.<\/p>\n<p>Que la mencionada cantidad de 45.000 libras ser\u00e1 empleada por el se\u00f1or de Pa\u00fal, con el parecer de los fundadores, en fincas o en otra renta constituida, cuyos intereses y beneficios sirvan para su mantenimiento, vestido, sustento y dem\u00e1s necesidades, llevando dichos padres la gerencia, gobierno y administraci\u00f3n de esos bienes como de cosa propia.<\/p>\n<p>Que para perpetuar dicha obra para la mayor gloria de Dios, edificaci\u00f3n y salvaci\u00f3n del pr\u00f3jimo, una vez fallecido el se\u00f1or de Pa\u00fal, los que hayan sido admitidos en esta obra y hayan perseverado hasta entonces elegir\u00e1n por mayor\u00eda de votos a uno de ellos para superior, en lugar de dicho se\u00f1or de Pa\u00fal, haci\u00e9ndolo as\u00ed sucesivamente cada tres a\u00f1os o en el tiempo que juzguen m\u00e1s conveniente, en caso de muerte del mismo.<\/p>\n<p>Que dichos se\u00f1ores seguir\u00e1n siendo conjuntamente fundadores de esta obra y, como tales, ellos, sus herederos y sucesores de su familia gozar\u00e1n perpetuamente de los derechos y prerrogativas concedidas y otorgadas a los patronos por los santos c\u00e1nones, exceptuando el derecho de nombrar los cargos, al que renuncian.<\/p>\n<p>Que los mencionados eclesi\u00e1sticos y dem\u00e1s personas que en el presente o en el futuro deseen dedicarse a tan santa obra se entregar\u00e1n por completo al cuidado del pueblo pobre de los campos y para ello se obligar\u00e1n a no predicar ni administrar ning\u00fan sacramento en las ciudades donde haya arzobispado, obispado o colegiata, a no ser en caso de notable necesidad, o a sus dom\u00e9sticos, a puertas cerradas, suponiendo que tengan alguna casa de retiro en dichas ciudades.<\/p>\n<p>Que renunciar\u00e1n expresamente a todos los cargos, beneficios y dignidades, a no ser que alg\u00fan prelado o patrono desee conceder alguna parroquia a alguno de ellos para administrar!a bien, pues podr\u00eda aceptarla y administrarla el que presentase dicho director o superior despu\u00e9s de haber servido ocho o diez a\u00f1os en dicha obra, y no en otro caso, a no ser que el superior con el parecer de la Compa\u00f1\u00eda, juzgase conveniente dispensar a alguno de ese servicio de ocho a\u00f1os.<\/p>\n<p>Que dichos eclesi\u00e1sticos vivir\u00e1n en com\u00fan bajo la obediencia del se\u00f1or de Pa\u00fal de la manera indicada y de su sucesor cuando \u00e9ste muera, con el nombre de Compa\u00f1\u00eda, Congregaci\u00f3n o Cofrad\u00eda de padres o sacerdotes de la Misi\u00f3n.<\/p>\n<p>Que los que sean admitidos en esa obra tendr\u00e1n la obligaci\u00f3n de servir en ella a Dios en la forma indicada y observar el reglamento que habr\u00e1n de hacer para ello.<\/p>\n<p>Que estar\u00e1n obligados a ir cada cinco a\u00f1os por todas las tierras de los se\u00f1ores fundadores para predicar, tener el catecismo y hacer todas las obras buenas indicadas; el resto del tiempo lo ocupar\u00e1n seg\u00fan quieran lo m\u00e1s \u00fatilmente que puedan y en los lugares que juzguen m\u00e1s conveniente para la gloria de Dios, la conversi\u00f3n y edificaci\u00f3n del pr\u00f3jimo y la asistencia espiritual de los pobres forzados, a fin de que se aprovechen de sus castigos corporales, y que en esto el dicho se\u00f1or general satisfaga a lo que en cierto modo se siente obligado por su cargo: ser\u00e1 \u00e9ste un servicio que deber\u00e1 proseguir perpetuamente en un futuro entre los forzados por medio de dichos eclesi\u00e1sticos, por muchas y muy justas consideraciones.<\/p>\n<p>Que trabajar\u00e1n en dichas misiones desde principios de octubre hasta el mes de junio, de forma que despu\u00e9s de haber servido un mes poco m\u00e1s o menos en dicha Compa\u00f1\u00eda se retirar\u00e1n durante quince dias a su casa com\u00fan o a alg\u00fan otro lugar que les asigne su superior, seg\u00fan los casos, empleando los tres o cuatro primeros dias de esa quincena en hacer un retiro espiritual y el resto en preparar las materias que habr\u00e1n de tratar en la pr\u00f3xima misi\u00f3n que tengan que hacer.<\/p>\n<p>Durante los meses de junio, julio, agosto y septiembre, que no son buenos para misiones, por estar entonces las gentes del campo muy ocupadas en faenas corporales, dichos padres se ocupar\u00e1n en tener catecismo por las aldeas en las fiestas y los domingos, asistiendo a los p\u00e1rrocos que los llamen, o en estudiar para hacerse m\u00e1s capaces de asistir al pr\u00f3jimo en adelante para gloria de Dios.<\/p>\n<p>As\u00ed es como se ha dicho, tratado y acordado entre las partes, prometiendo y oblig\u00e1ndose cada uno en derecho al cumplimiento de las presentes, solidariamente uno por el otro y cada uno de ellos solo y por el todo, sin divisi\u00f3n ni discusi\u00f3n, renunciando dichos se\u00f1ores fundadores al beneficio de divisi\u00f3n, orden jur\u00eddico de discusi\u00f3n y forma de fianza.<\/p>\n<p>Escrito y firmado en el palacio de dichos se\u00f1ores en Par\u00eds, calle Pav\u00e9e, parroquia de San Salvador, en la tarde del diecisiete de abril de 1625; se firma la minuta de las presentes, que queda en poder del se\u00f1or Le Boucher, uno de los notarios suscritos.<\/p>\n<p>P. E. DE GONDY, FRANCISCA MARGARITA DE SILLY,<\/p>\n<p>VICENTE DEPAUL, DUPUYS, LE BOUCHER<\/p>\n","protected":false},"excerpt":{"rendered":"<p>17 abril 1625 Ante los notarios y archiveros del rey nuestro se\u00f1or abajo firmantes, en el Ch\u00e2telet de Par\u00eds, se presentan personalmente el ilustr\u00edsimo y distinguido se\u00f1or don Felipe-Manuel de Gondy, conde de Joigny, marqu\u00e9s &#8230; <a href=\"https:\/\/vincentians.com\/es\/vicente-de-paul-documento-099-contrato-de-fundacion-de-la-congregacion-de-la-mision\/\" class=\"more-link\">Read More<\/a><\/p>\n","protected":false},"author":4,"featured_media":393753,"comment_status":"open","ping_status":"open","sticky":false,"template":"","format":"standard","meta":{"jetpack_post_was_ever_published":false,"_jetpack_newsletter_access":"","_jetpack_dont_email_post_to_subs":false,"_jetpack_newsletter_tier_id":0,"_jetpack_memberships_contains_paywalled_content":false,"_jetpack_memberships_contains_paid_content":false,"footnotes":"","jetpack_publicize_message":"","jetpack_publicize_feature_enabled":true,"jetpack_social_post_already_shared":true,"jetpack_social_options":{"image_generator_settings":{"template":"highway","default_image_id":0,"font":"","enabled":false},"version":2}},"categories":[65],"tags":[125,131,128],"class_list":["post-12893","post","type-post","status-publish","format-standard","has-post-thumbnail","hentry","category-escritos-de-vicente-de-paul","tag-joigny","tag-montmirail","tag-silly"],"yoast_head":"<!-- This site is optimized with the Yoast SEO plugin v26.3 - https:\/\/yoast.com\/wordpress\/plugins\/seo\/ -->\n<title>Vicente de Pa\u00fal, Documento 099: Contrato De Fundacion De La Congregacion De La Mision - Somos Vicencianos<\/title>\n<meta name=\"robots\" content=\"index, follow, max-snippet:-1, max-image-preview:large, max-video-preview:-1\" \/>\n<link rel=\"canonical\" href=\"https:\/\/vincentians.com\/es\/vicente-de-paul-documento-099-contrato-de-fundacion-de-la-congregacion-de-la-mision\/\" \/>\n<meta property=\"og:locale\" content=\"es_ES\" \/>\n<meta property=\"og:type\" content=\"article\" \/>\n<meta property=\"og:title\" content=\"Vicente de Pa\u00fal, Documento 099: Contrato De Fundacion De La Congregacion De La Mision - Somos Vicencianos\" \/>\n<meta property=\"og:description\" content=\"17 abril 1625 Ante los notarios y archiveros del rey nuestro se\u00f1or abajo firmantes, en el Ch\u00e2telet de Par\u00eds, se presentan personalmente el ilustr\u00edsimo y distinguido se\u00f1or don Felipe-Manuel de Gondy, conde de Joigny, marqu\u00e9s ... Read More\" \/>\n<meta property=\"og:url\" content=\"https:\/\/vincentians.com\/es\/vicente-de-paul-documento-099-contrato-de-fundacion-de-la-congregacion-de-la-mision\/\" \/>\n<meta property=\"og:site_name\" content=\"Somos Vicencianos\" \/>\n<meta property=\"article:publisher\" content=\"https:\/\/www.facebook.com\/WeAreVincentians\/\" \/>\n<meta property=\"article:author\" content=\"https:\/\/www.facebook.com\/JavierChento\" \/>\n<meta property=\"article:published_time\" content=\"2010-03-16T23:01:49+00:00\" \/>\n<meta property=\"article:modified_time\" content=\"2016-07-26T17:51:06+00:00\" \/>\n<meta property=\"og:image\" content=\"https:\/\/i0.wp.com\/vincentians.com\/es\/wp-content\/uploads\/sites\/11\/2016\/07\/escritos-vicente-de-paul.jpg?fit=1200%2C630&ssl=1\" \/>\n\t<meta property=\"og:image:width\" content=\"1200\" \/>\n\t<meta property=\"og:image:height\" content=\"630\" \/>\n\t<meta property=\"og:image:type\" content=\"image\/jpeg\" \/>\n<meta name=\"author\" content=\"Francisco Javier Fern\u00e1ndez Chento\" \/>\n<meta name=\"twitter:card\" content=\"summary_large_image\" \/>\n<meta name=\"twitter:creator\" content=\"@https:\/\/twitter.com\/javierchento\" \/>\n<meta name=\"twitter:site\" content=\"@WeVincentians\" \/>\n<meta name=\"twitter:label1\" content=\"Escrito por\" \/>\n\t<meta name=\"twitter:data1\" content=\"Francisco Javier Fern\u00e1ndez Chento\" \/>\n\t<meta name=\"twitter:label2\" content=\"Tiempo de lectura\" \/>\n\t<meta name=\"twitter:data2\" content=\"8 minutos\" \/>\n<script type=\"application\/ld+json\" class=\"yoast-schema-graph\">{\"@context\":\"https:\/\/schema.org\",\"@graph\":[{\"@type\":\"Article\",\"@id\":\"https:\/\/vincentians.com\/es\/vicente-de-paul-documento-099-contrato-de-fundacion-de-la-congregacion-de-la-mision\/#article\",\"isPartOf\":{\"@id\":\"https:\/\/vincentians.com\/es\/vicente-de-paul-documento-099-contrato-de-fundacion-de-la-congregacion-de-la-mision\/\"},\"author\":{\"name\":\"Francisco Javier Fern\u00e1ndez Chento\",\"@id\":\"http:\/\/vincentians.com\/es\/#\/schema\/person\/9623ef4d9aa3b2dfb8c061f1499288f2\"},\"headline\":\"Vicente de Pa\u00fal, Documento 099: Contrato De Fundacion De La Congregacion De La Mision\",\"datePublished\":\"2010-03-16T23:01:49+00:00\",\"dateModified\":\"2016-07-26T17:51:06+00:00\",\"mainEntityOfPage\":{\"@id\":\"https:\/\/vincentians.com\/es\/vicente-de-paul-documento-099-contrato-de-fundacion-de-la-congregacion-de-la-mision\/\"},\"wordCount\":1639,\"commentCount\":0,\"publisher\":{\"@id\":\"http:\/\/vincentians.com\/es\/#organization\"},\"image\":{\"@id\":\"https:\/\/vincentians.com\/es\/vicente-de-paul-documento-099-contrato-de-fundacion-de-la-congregacion-de-la-mision\/#primaryimage\"},\"thumbnailUrl\":\"https:\/\/i0.wp.com\/vincentians.com\/es\/wp-content\/uploads\/sites\/11\/2016\/07\/escritos-vicente-de-paul.jpg?fit=1200%2C630&ssl=1\",\"keywords\":[\"Joigny\",\"Montmirail\",\"Silly\"],\"articleSection\":[\"Escritos de Vicente de Pa\u00fal\"],\"inLanguage\":\"es\",\"potentialAction\":[{\"@type\":\"CommentAction\",\"name\":\"Comment\",\"target\":[\"https:\/\/vincentians.com\/es\/vicente-de-paul-documento-099-contrato-de-fundacion-de-la-congregacion-de-la-mision\/#respond\"]}]},{\"@type\":\"WebPage\",\"@id\":\"https:\/\/vincentians.com\/es\/vicente-de-paul-documento-099-contrato-de-fundacion-de-la-congregacion-de-la-mision\/\",\"url\":\"https:\/\/vincentians.com\/es\/vicente-de-paul-documento-099-contrato-de-fundacion-de-la-congregacion-de-la-mision\/\",\"name\":\"Vicente de Pa\u00fal, Documento 099: Contrato De Fundacion De La Congregacion De La Mision - Somos Vicencianos\",\"isPartOf\":{\"@id\":\"http:\/\/vincentians.com\/es\/#website\"},\"primaryImageOfPage\":{\"@id\":\"https:\/\/vincentians.com\/es\/vicente-de-paul-documento-099-contrato-de-fundacion-de-la-congregacion-de-la-mision\/#primaryimage\"},\"image\":{\"@id\":\"https:\/\/vincentians.com\/es\/vicente-de-paul-documento-099-contrato-de-fundacion-de-la-congregacion-de-la-mision\/#primaryimage\"},\"thumbnailUrl\":\"https:\/\/i0.wp.com\/vincentians.com\/es\/wp-content\/uploads\/sites\/11\/2016\/07\/escritos-vicente-de-paul.jpg?fit=1200%2C630&ssl=1\",\"datePublished\":\"2010-03-16T23:01:49+00:00\",\"dateModified\":\"2016-07-26T17:51:06+00:00\",\"breadcrumb\":{\"@id\":\"https:\/\/vincentians.com\/es\/vicente-de-paul-documento-099-contrato-de-fundacion-de-la-congregacion-de-la-mision\/#breadcrumb\"},\"inLanguage\":\"es\",\"potentialAction\":[{\"@type\":\"ReadAction\",\"target\":[\"https:\/\/vincentians.com\/es\/vicente-de-paul-documento-099-contrato-de-fundacion-de-la-congregacion-de-la-mision\/\"]}]},{\"@type\":\"ImageObject\",\"inLanguage\":\"es\",\"@id\":\"https:\/\/vincentians.com\/es\/vicente-de-paul-documento-099-contrato-de-fundacion-de-la-congregacion-de-la-mision\/#primaryimage\",\"url\":\"https:\/\/i0.wp.com\/vincentians.com\/es\/wp-content\/uploads\/sites\/11\/2016\/07\/escritos-vicente-de-paul.jpg?fit=1200%2C630&ssl=1\",\"contentUrl\":\"https:\/\/i0.wp.com\/vincentians.com\/es\/wp-content\/uploads\/sites\/11\/2016\/07\/escritos-vicente-de-paul.jpg?fit=1200%2C630&ssl=1\",\"width\":1200,\"height\":630},{\"@type\":\"BreadcrumbList\",\"@id\":\"https:\/\/vincentians.com\/es\/vicente-de-paul-documento-099-contrato-de-fundacion-de-la-congregacion-de-la-mision\/#breadcrumb\",\"itemListElement\":[{\"@type\":\"ListItem\",\"position\":1,\"name\":\"Portada\",\"item\":\"http:\/\/vincentians.com\/es\/\"},{\"@type\":\"ListItem\",\"position\":2,\"name\":\"Vicente de Pa\u00fal, Documento 099: Contrato De Fundacion De La Congregacion De La Mision\"}]},{\"@type\":\"WebSite\",\"@id\":\"http:\/\/vincentians.com\/es\/#website\",\"url\":\"http:\/\/vincentians.com\/es\/\",\"name\":\"Somos Vicencianos\",\"description\":\"Know more to serve more\",\"publisher\":{\"@id\":\"http:\/\/vincentians.com\/es\/#organization\"},\"potentialAction\":[{\"@type\":\"SearchAction\",\"target\":{\"@type\":\"EntryPoint\",\"urlTemplate\":\"http:\/\/vincentians.com\/es\/?s={search_term_string}\"},\"query-input\":{\"@type\":\"PropertyValueSpecification\",\"valueRequired\":true,\"valueName\":\"search_term_string\"}}],\"inLanguage\":\"es\"},{\"@type\":\"Organization\",\"@id\":\"http:\/\/vincentians.com\/es\/#organization\",\"name\":\"The Vincentian Network\",\"url\":\"http:\/\/vincentians.com\/es\/\",\"logo\":{\"@type\":\"ImageObject\",\"inLanguage\":\"es\",\"@id\":\"http:\/\/vincentians.com\/es\/#\/schema\/logo\/image\/\",\"url\":\"https:\/\/i1.wp.com\/vincentians.com\/es\/wp-content\/uploads\/sites\/11\/2016\/06\/Vincentian-Network-logo-big.png?fit=778%2C778\",\"contentUrl\":\"https:\/\/i1.wp.com\/vincentians.com\/es\/wp-content\/uploads\/sites\/11\/2016\/06\/Vincentian-Network-logo-big.png?fit=778%2C778\",\"width\":778,\"height\":778,\"caption\":\"The Vincentian Network\"},\"image\":{\"@id\":\"http:\/\/vincentians.com\/es\/#\/schema\/logo\/image\/\"},\"sameAs\":[\"https:\/\/www.facebook.com\/WeAreVincentians\/\",\"https:\/\/x.com\/WeVincentians\"]},{\"@type\":\"Person\",\"@id\":\"http:\/\/vincentians.com\/es\/#\/schema\/person\/9623ef4d9aa3b2dfb8c061f1499288f2\",\"name\":\"Francisco Javier Fern\u00e1ndez Chento\",\"image\":{\"@type\":\"ImageObject\",\"inLanguage\":\"es\",\"@id\":\"http:\/\/vincentians.com\/es\/#\/schema\/person\/image\/\",\"url\":\"https:\/\/secure.gravatar.com\/avatar\/497d5cde87b4c3d097d0315953521681ba2cd523ee66e5077c3711f7021e65de?s=96&d=mm&r=g\",\"contentUrl\":\"https:\/\/secure.gravatar.com\/avatar\/497d5cde87b4c3d097d0315953521681ba2cd523ee66e5077c3711f7021e65de?s=96&d=mm&r=g\",\"caption\":\"Francisco Javier Fern\u00e1ndez Chento\"},\"description\":\"Director General y cofundador de La Red de Formaci\u00f3n Vicenciana. Javier es laico vicenciano, afiliado a la Congregaci\u00f3n de la Misi\u00f3n y miembro del Equipo de Misiones Populares de la provincia can\u00f3nica de Zaragoza (Espa\u00f1a) de la Congregaci\u00f3n de la Misi\u00f3n. Graduado en la Universidad Oberta de Catalunya con cuatro grados (Asistente de direcci\u00f3n, Gesti\u00f3n Administrativa, Recursos Humanos y Contabilidad Avanzada). Bil\u00edng\u00fce Espa\u00f1ol\/Ingl\u00e9s. gestiona y mantiene varias p\u00e1ginas web cristianas y vicencianas, incluida including La Red de Formaci\u00f3n Vicenciana, de la que es cofundador. Actualmente es responsable del \u00e1rea de Espa\u00f1ol de .famvin, la Red de Noticias de la Familia Vicenciana. Tambi\u00e9n es m\u00fasico cat\u00f3lico y ha editado varios discos. Es Director General y cofundador de Trovador, una reconocida compa\u00f1\u00eda discogr\u00e1fica critiana de Espa\u00f1a. Trabaja en las Tecnolog\u00edas de la Informaci\u00f3n, ofreciendo servicios de alojamiento, dise\u00f1o y mantenimiento Web, as\u00ed como asesoramiento, formaci\u00f3n y soluciones inform\u00e1ticas, gesti\u00f3n documental y digitalizaci\u00f3n de textos, edici\u00f3n y maquetaci\u00f3n de libros, revistas, flyers, etc.\",\"sameAs\":[\"http:\/\/chento.org\",\"https:\/\/www.facebook.com\/JavierChento\",\"https:\/\/x.com\/https:\/\/twitter.com\/javierchento\"],\"url\":\"https:\/\/vincentians.com\/es\/author\/chento\/\"}]}<\/script>\n<!-- \/ Yoast SEO plugin. -->","yoast_head_json":{"title":"Vicente de Pa\u00fal, Documento 099: Contrato De Fundacion De La Congregacion De La Mision - Somos Vicencianos","robots":{"index":"index","follow":"follow","max-snippet":"max-snippet:-1","max-image-preview":"max-image-preview:large","max-video-preview":"max-video-preview:-1"},"canonical":"https:\/\/vincentians.com\/es\/vicente-de-paul-documento-099-contrato-de-fundacion-de-la-congregacion-de-la-mision\/","og_locale":"es_ES","og_type":"article","og_title":"Vicente de Pa\u00fal, Documento 099: Contrato De Fundacion De La Congregacion De La Mision - Somos Vicencianos","og_description":"17 abril 1625 Ante los notarios y archiveros del rey nuestro se\u00f1or abajo firmantes, en el Ch\u00e2telet de Par\u00eds, se presentan personalmente el ilustr\u00edsimo y distinguido se\u00f1or don Felipe-Manuel de Gondy, conde de Joigny, marqu\u00e9s ... Read More","og_url":"https:\/\/vincentians.com\/es\/vicente-de-paul-documento-099-contrato-de-fundacion-de-la-congregacion-de-la-mision\/","og_site_name":"Somos Vicencianos","article_publisher":"https:\/\/www.facebook.com\/WeAreVincentians\/","article_author":"https:\/\/www.facebook.com\/JavierChento","article_published_time":"2010-03-16T23:01:49+00:00","article_modified_time":"2016-07-26T17:51:06+00:00","og_image":[{"width":1200,"height":630,"url":"https:\/\/i0.wp.com\/vincentians.com\/es\/wp-content\/uploads\/sites\/11\/2016\/07\/escritos-vicente-de-paul.jpg?fit=1200%2C630&ssl=1","type":"image\/jpeg"}],"author":"Francisco Javier Fern\u00e1ndez Chento","twitter_card":"summary_large_image","twitter_creator":"@https:\/\/twitter.com\/javierchento","twitter_site":"@WeVincentians","twitter_misc":{"Escrito por":"Francisco Javier Fern\u00e1ndez Chento","Tiempo de lectura":"8 minutos"},"schema":{"@context":"https:\/\/schema.org","@graph":[{"@type":"Article","@id":"https:\/\/vincentians.com\/es\/vicente-de-paul-documento-099-contrato-de-fundacion-de-la-congregacion-de-la-mision\/#article","isPartOf":{"@id":"https:\/\/vincentians.com\/es\/vicente-de-paul-documento-099-contrato-de-fundacion-de-la-congregacion-de-la-mision\/"},"author":{"name":"Francisco Javier Fern\u00e1ndez Chento","@id":"http:\/\/vincentians.com\/es\/#\/schema\/person\/9623ef4d9aa3b2dfb8c061f1499288f2"},"headline":"Vicente de Pa\u00fal, Documento 099: Contrato De Fundacion De La Congregacion De La Mision","datePublished":"2010-03-16T23:01:49+00:00","dateModified":"2016-07-26T17:51:06+00:00","mainEntityOfPage":{"@id":"https:\/\/vincentians.com\/es\/vicente-de-paul-documento-099-contrato-de-fundacion-de-la-congregacion-de-la-mision\/"},"wordCount":1639,"commentCount":0,"publisher":{"@id":"http:\/\/vincentians.com\/es\/#organization"},"image":{"@id":"https:\/\/vincentians.com\/es\/vicente-de-paul-documento-099-contrato-de-fundacion-de-la-congregacion-de-la-mision\/#primaryimage"},"thumbnailUrl":"https:\/\/i0.wp.com\/vincentians.com\/es\/wp-content\/uploads\/sites\/11\/2016\/07\/escritos-vicente-de-paul.jpg?fit=1200%2C630&ssl=1","keywords":["Joigny","Montmirail","Silly"],"articleSection":["Escritos de Vicente de Pa\u00fal"],"inLanguage":"es","potentialAction":[{"@type":"CommentAction","name":"Comment","target":["https:\/\/vincentians.com\/es\/vicente-de-paul-documento-099-contrato-de-fundacion-de-la-congregacion-de-la-mision\/#respond"]}]},{"@type":"WebPage","@id":"https:\/\/vincentians.com\/es\/vicente-de-paul-documento-099-contrato-de-fundacion-de-la-congregacion-de-la-mision\/","url":"https:\/\/vincentians.com\/es\/vicente-de-paul-documento-099-contrato-de-fundacion-de-la-congregacion-de-la-mision\/","name":"Vicente de Pa\u00fal, Documento 099: Contrato De Fundacion De La Congregacion De La Mision - Somos Vicencianos","isPartOf":{"@id":"http:\/\/vincentians.com\/es\/#website"},"primaryImageOfPage":{"@id":"https:\/\/vincentians.com\/es\/vicente-de-paul-documento-099-contrato-de-fundacion-de-la-congregacion-de-la-mision\/#primaryimage"},"image":{"@id":"https:\/\/vincentians.com\/es\/vicente-de-paul-documento-099-contrato-de-fundacion-de-la-congregacion-de-la-mision\/#primaryimage"},"thumbnailUrl":"https:\/\/i0.wp.com\/vincentians.com\/es\/wp-content\/uploads\/sites\/11\/2016\/07\/escritos-vicente-de-paul.jpg?fit=1200%2C630&ssl=1","datePublished":"2010-03-16T23:01:49+00:00","dateModified":"2016-07-26T17:51:06+00:00","breadcrumb":{"@id":"https:\/\/vincentians.com\/es\/vicente-de-paul-documento-099-contrato-de-fundacion-de-la-congregacion-de-la-mision\/#breadcrumb"},"inLanguage":"es","potentialAction":[{"@type":"ReadAction","target":["https:\/\/vincentians.com\/es\/vicente-de-paul-documento-099-contrato-de-fundacion-de-la-congregacion-de-la-mision\/"]}]},{"@type":"ImageObject","inLanguage":"es","@id":"https:\/\/vincentians.com\/es\/vicente-de-paul-documento-099-contrato-de-fundacion-de-la-congregacion-de-la-mision\/#primaryimage","url":"https:\/\/i0.wp.com\/vincentians.com\/es\/wp-content\/uploads\/sites\/11\/2016\/07\/escritos-vicente-de-paul.jpg?fit=1200%2C630&ssl=1","contentUrl":"https:\/\/i0.wp.com\/vincentians.com\/es\/wp-content\/uploads\/sites\/11\/2016\/07\/escritos-vicente-de-paul.jpg?fit=1200%2C630&ssl=1","width":1200,"height":630},{"@type":"BreadcrumbList","@id":"https:\/\/vincentians.com\/es\/vicente-de-paul-documento-099-contrato-de-fundacion-de-la-congregacion-de-la-mision\/#breadcrumb","itemListElement":[{"@type":"ListItem","position":1,"name":"Portada","item":"http:\/\/vincentians.com\/es\/"},{"@type":"ListItem","position":2,"name":"Vicente de Pa\u00fal, Documento 099: Contrato De Fundacion De La Congregacion De La Mision"}]},{"@type":"WebSite","@id":"http:\/\/vincentians.com\/es\/#website","url":"http:\/\/vincentians.com\/es\/","name":"Somos Vicencianos","description":"Know more to serve more","publisher":{"@id":"http:\/\/vincentians.com\/es\/#organization"},"potentialAction":[{"@type":"SearchAction","target":{"@type":"EntryPoint","urlTemplate":"http:\/\/vincentians.com\/es\/?s={search_term_string}"},"query-input":{"@type":"PropertyValueSpecification","valueRequired":true,"valueName":"search_term_string"}}],"inLanguage":"es"},{"@type":"Organization","@id":"http:\/\/vincentians.com\/es\/#organization","name":"The Vincentian Network","url":"http:\/\/vincentians.com\/es\/","logo":{"@type":"ImageObject","inLanguage":"es","@id":"http:\/\/vincentians.com\/es\/#\/schema\/logo\/image\/","url":"https:\/\/i1.wp.com\/vincentians.com\/es\/wp-content\/uploads\/sites\/11\/2016\/06\/Vincentian-Network-logo-big.png?fit=778%2C778","contentUrl":"https:\/\/i1.wp.com\/vincentians.com\/es\/wp-content\/uploads\/sites\/11\/2016\/06\/Vincentian-Network-logo-big.png?fit=778%2C778","width":778,"height":778,"caption":"The Vincentian Network"},"image":{"@id":"http:\/\/vincentians.com\/es\/#\/schema\/logo\/image\/"},"sameAs":["https:\/\/www.facebook.com\/WeAreVincentians\/","https:\/\/x.com\/WeVincentians"]},{"@type":"Person","@id":"http:\/\/vincentians.com\/es\/#\/schema\/person\/9623ef4d9aa3b2dfb8c061f1499288f2","name":"Francisco Javier Fern\u00e1ndez Chento","image":{"@type":"ImageObject","inLanguage":"es","@id":"http:\/\/vincentians.com\/es\/#\/schema\/person\/image\/","url":"https:\/\/secure.gravatar.com\/avatar\/497d5cde87b4c3d097d0315953521681ba2cd523ee66e5077c3711f7021e65de?s=96&d=mm&r=g","contentUrl":"https:\/\/secure.gravatar.com\/avatar\/497d5cde87b4c3d097d0315953521681ba2cd523ee66e5077c3711f7021e65de?s=96&d=mm&r=g","caption":"Francisco Javier Fern\u00e1ndez Chento"},"description":"Director General y cofundador de La Red de Formaci\u00f3n Vicenciana. Javier es laico vicenciano, afiliado a la Congregaci\u00f3n de la Misi\u00f3n y miembro del Equipo de Misiones Populares de la provincia can\u00f3nica de Zaragoza (Espa\u00f1a) de la Congregaci\u00f3n de la Misi\u00f3n. Graduado en la Universidad Oberta de Catalunya con cuatro grados (Asistente de direcci\u00f3n, Gesti\u00f3n Administrativa, Recursos Humanos y Contabilidad Avanzada). Bil\u00edng\u00fce Espa\u00f1ol\/Ingl\u00e9s. gestiona y mantiene varias p\u00e1ginas web cristianas y vicencianas, incluida including La Red de Formaci\u00f3n Vicenciana, de la que es cofundador. Actualmente es responsable del \u00e1rea de Espa\u00f1ol de .famvin, la Red de Noticias de la Familia Vicenciana. Tambi\u00e9n es m\u00fasico cat\u00f3lico y ha editado varios discos. Es Director General y cofundador de Trovador, una reconocida compa\u00f1\u00eda discogr\u00e1fica critiana de Espa\u00f1a. Trabaja en las Tecnolog\u00edas de la Informaci\u00f3n, ofreciendo servicios de alojamiento, dise\u00f1o y mantenimiento Web, as\u00ed como asesoramiento, formaci\u00f3n y soluciones inform\u00e1ticas, gesti\u00f3n documental y digitalizaci\u00f3n de textos, edici\u00f3n y maquetaci\u00f3n de libros, revistas, flyers, etc.","sameAs":["http:\/\/chento.org","https:\/\/www.facebook.com\/JavierChento","https:\/\/x.com\/https:\/\/twitter.com\/javierchento"],"url":"https:\/\/vincentians.com\/es\/author\/chento\/"}]}},"jetpack_publicize_connections":[],"jetpack_featured_media_url":"https:\/\/i0.wp.com\/vincentians.com\/es\/wp-content\/uploads\/sites\/11\/2016\/07\/escritos-vicente-de-paul.jpg?fit=1200%2C630&ssl=1","jetpack_sharing_enabled":true,"jetpack_shortlink":"https:\/\/wp.me\/p7ETMF-3lX","jetpack-related-posts":[{"id":119698,"url":"https:\/\/vincentians.com\/es\/el-senor-vicente-relee-su-vida-preceptor\/","url_meta":{"origin":12893,"position":0},"title":"El Se\u00f1or Vicente relee su vida: Preceptor","author":"Francisco Javier Fern\u00e1ndez Chento","date":"11\/02\/2022","format":false,"excerpt":"Fue en la segunda mitad de 1613 cuando concluy\u00f3 mi b\u00fasqueda que tanto dur\u00f3. Recib\u00eda en efecto \"el cargo de preceptor de los hijos del Se\u00f1or Philippe-Emmanuel de Gondi, Conde de Joigny, General de las Galeras de Francia\". El mayor de los hijos, Pierre, ten\u00eda 11 a\u00f1os, el segundo, Henri,\u2026","rel":"","context":"En \u00abVicente de Pa\u00fal\u00bb","block_context":{"text":"Vicente de Pa\u00fal","link":"https:\/\/vincentians.com\/es\/category\/la-familia-vicenciana\/fundadores\/vicente-de-paul\/"},"img":{"alt_text":"","src":"https:\/\/i0.wp.com\/vincentians.com\/es\/wp-content\/uploads\/sites\/11\/2013\/04\/f-3-scaled.jpg?fit=1200%2C570&ssl=1&resize=350%2C200","width":350,"height":200,"srcset":"https:\/\/i0.wp.com\/vincentians.com\/es\/wp-content\/uploads\/sites\/11\/2013\/04\/f-3-scaled.jpg?fit=1200%2C570&ssl=1&resize=350%2C200 1x, https:\/\/i0.wp.com\/vincentians.com\/es\/wp-content\/uploads\/sites\/11\/2013\/04\/f-3-scaled.jpg?fit=1200%2C570&ssl=1&resize=525%2C300 1.5x, https:\/\/i0.wp.com\/vincentians.com\/es\/wp-content\/uploads\/sites\/11\/2013\/04\/f-3-scaled.jpg?fit=1200%2C570&ssl=1&resize=700%2C400 2x, https:\/\/i0.wp.com\/vincentians.com\/es\/wp-content\/uploads\/sites\/11\/2013\/04\/f-3-scaled.jpg?fit=1200%2C570&ssl=1&resize=1050%2C600 3x"},"classes":[]},{"id":12894,"url":"https:\/\/vincentians.com\/es\/vicente-de-paul-documento-100-acta-por-la-que-el-arzobispo-de-paris-aprueba-la-congregacion-de-la-mision\/","url_meta":{"origin":12893,"position":1},"title":"Vicente de Pa\u00fal, Documento 100: Acta Por La Que El Arzobispo De Paris Aprueba La Congregacion De La Mision","author":"Francisco Javier Fern\u00e1ndez Chento","date":"18\/03\/2010","format":false,"excerpt":"24 abril 1626 Juan Francisco de Gondy, arzobispo de Par\u00eds por la gracia de Dios y de la Santa Sede apost\u00f3lica, consejero del rey en el consejo de Estado y en el privado, gran maestre de su capilla, saluda a todos los que vean las presentes. Hacemos saber que, visto\u2026","rel":"","context":"En \u00abEscritos de Vicente de Pa\u00fal\u00bb","block_context":{"text":"Escritos de Vicente de Pa\u00fal","link":"https:\/\/vincentians.com\/es\/category\/escritos\/escritos-de-vicente-de-paul\/"},"img":{"alt_text":"","src":"https:\/\/i0.wp.com\/vincentians.com\/es\/wp-content\/uploads\/sites\/11\/2016\/07\/escritos-vicente-de-paul.jpg?fit=1200%2C630&ssl=1&resize=350%2C200","width":350,"height":200,"srcset":"https:\/\/i0.wp.com\/vincentians.com\/es\/wp-content\/uploads\/sites\/11\/2016\/07\/escritos-vicente-de-paul.jpg?fit=1200%2C630&ssl=1&resize=350%2C200 1x, https:\/\/i0.wp.com\/vincentians.com\/es\/wp-content\/uploads\/sites\/11\/2016\/07\/escritos-vicente-de-paul.jpg?fit=1200%2C630&ssl=1&resize=525%2C300 1.5x, https:\/\/i0.wp.com\/vincentians.com\/es\/wp-content\/uploads\/sites\/11\/2016\/07\/escritos-vicente-de-paul.jpg?fit=1200%2C630&ssl=1&resize=700%2C400 2x, https:\/\/i0.wp.com\/vincentians.com\/es\/wp-content\/uploads\/sites\/11\/2016\/07\/escritos-vicente-de-paul.jpg?fit=1200%2C630&ssl=1&resize=1050%2C600 3x"},"classes":[]},{"id":125987,"url":"https:\/\/vincentians.com\/es\/un-documento-importante-al-papa-urbano-viii-1628\/","url_meta":{"origin":12893,"position":2},"title":"Un Documento importante: al Papa Urbano VIII (1628)","author":"Francisco Javier Fern\u00e1ndez Chento","date":"02\/12\/2013","format":false,"excerpt":"Vicente de Pa\u00fal, Superior de los Sacerdotes de la Misi\u00f3n fundada en Par\u00eds, Maestro Louis Callon, Doctor de la Sorbona, Antoine Portail, Fran\u00e7ois du Coudray, Jean de la Salle, Jean B\u00e9cu, Antoine Lucas, Joseph Brunet, y Jean Dehorgny de la di\u00f3cesis de Dax, Rouen, Arles, Amiens, Par\u00eds, Clermont, y Noyon\u2026","rel":"","context":"En \u00abDocumentos de la Congregaci\u00f3n de la Misi\u00f3n\u00bb","block_context":{"text":"Documentos de la Congregaci\u00f3n de la Misi\u00f3n","link":"https:\/\/vincentians.com\/es\/category\/formacion-vicenciana\/documentos-oficiales-de-la-familia-vicenciana\/documentos-de-la-congregacion-de-la-mision\/"},"img":{"alt_text":"ESCUDOCM","src":"https:\/\/i0.wp.com\/vicencianos.org\/wp-content\/2013\/09\/ESCUDOCM.jpg?resize=350%2C200","width":350,"height":200},"classes":[]},{"id":405753,"url":"https:\/\/vincentians.com\/es\/resena-sobre-la-senora-de-gondi-llamada-francisca-de-silly-condesa-de-joigny\/","url_meta":{"origin":12893,"position":3},"title":"RESE\u00d1A SOBRE LA SE\u00d1ORA DE GONDI, LLAMADA FRANCISCA DE SILLY, CONDESA DE JOIGNY.","author":"Mitxel Olabu\u00e9naga","date":"10\/03\/2025","format":false,"excerpt":"Acostumbramos de tiempo en tiempo a dar noticias biogr\u00e1ficas de algunos principales bienhechores de la Congregaci\u00f3n. Ninguna persona goza de mayor derecho que la Se\u00f1ora de Gondi, cuyo nombre se encuentra con el del Sr. Gondi debajo del tratado de fundaci\u00f3n de la Congregaci\u00f3n de la Misi\u00f3n, y por cuya\u2026","rel":"","context":"En \u00abFormaci\u00f3n Vicenciana\u00bb","block_context":{"text":"Formaci\u00f3n Vicenciana","link":"https:\/\/vincentians.com\/es\/category\/formacion-vicenciana\/"},"img":{"alt_text":"","src":"https:\/\/i0.wp.com\/vincentians.com\/es\/wp-content\/uploads\/sites\/11\/2013\/04\/36.jpg?fit=1200%2C795&ssl=1&resize=350%2C200","width":350,"height":200,"srcset":"https:\/\/i0.wp.com\/vincentians.com\/es\/wp-content\/uploads\/sites\/11\/2013\/04\/36.jpg?fit=1200%2C795&ssl=1&resize=350%2C200 1x, https:\/\/i0.wp.com\/vincentians.com\/es\/wp-content\/uploads\/sites\/11\/2013\/04\/36.jpg?fit=1200%2C795&ssl=1&resize=525%2C300 1.5x, https:\/\/i0.wp.com\/vincentians.com\/es\/wp-content\/uploads\/sites\/11\/2013\/04\/36.jpg?fit=1200%2C795&ssl=1&resize=700%2C400 2x, https:\/\/i0.wp.com\/vincentians.com\/es\/wp-content\/uploads\/sites\/11\/2013\/04\/36.jpg?fit=1200%2C795&ssl=1&resize=1050%2C600 3x"},"classes":[]},{"id":142638,"url":"https:\/\/vincentians.com\/es\/vicente-de-paul-carta-1310-a-esteban-blatiron-superior-de-genova\/","url_meta":{"origin":12893,"position":4},"title":"Vicente de Pa\u00fal, Carta 1310: A Esteban Blatiron, Superior De G\u00e9nova","author":"Francisco Javier Fern\u00e1ndez Chento","date":"08\/04\/2015","format":false,"excerpt":"2 de septiembre de 1650 Temo que, si empieza usted a presentar cuentas, se seguir\u00e1 haciendo as\u00ed y que luego el se\u00f1or cardenal y el arzobispo que le suceda, al ver que as\u00ed lo ha hecho, le obligue a continuar; y es eso precisamente lo que hay que evitar por\u2026","rel":"","context":"En \u00abEscritos de Vicente de Pa\u00fal\u00bb","block_context":{"text":"Escritos de Vicente de Pa\u00fal","link":"https:\/\/vincentians.com\/es\/category\/escritos\/escritos-de-vicente-de-paul\/"},"img":{"alt_text":"","src":"https:\/\/i0.wp.com\/vincentians.com\/es\/wp-content\/uploads\/sites\/11\/2016\/07\/escritos-vicente-de-paul.jpg?fit=1200%2C630&ssl=1&resize=350%2C200","width":350,"height":200,"srcset":"https:\/\/i0.wp.com\/vincentians.com\/es\/wp-content\/uploads\/sites\/11\/2016\/07\/escritos-vicente-de-paul.jpg?fit=1200%2C630&ssl=1&resize=350%2C200 1x, https:\/\/i0.wp.com\/vincentians.com\/es\/wp-content\/uploads\/sites\/11\/2016\/07\/escritos-vicente-de-paul.jpg?fit=1200%2C630&ssl=1&resize=525%2C300 1.5x, https:\/\/i0.wp.com\/vincentians.com\/es\/wp-content\/uploads\/sites\/11\/2016\/07\/escritos-vicente-de-paul.jpg?fit=1200%2C630&ssl=1&resize=700%2C400 2x, https:\/\/i0.wp.com\/vincentians.com\/es\/wp-content\/uploads\/sites\/11\/2016\/07\/escritos-vicente-de-paul.jpg?fit=1200%2C630&ssl=1&resize=1050%2C600 3x"},"classes":[]},{"id":131357,"url":"https:\/\/vincentians.com\/es\/el-senor-vicente-evolucion-de-un-santo-viii\/","url_meta":{"origin":12893,"position":5},"title":"El se\u00f1or Vicente, evoluci\u00f3n de un santo (VIII)","author":"Francisco Javier Fern\u00e1ndez Chento","date":"02\/10\/2014","format":false,"excerpt":"8. LA C\u00c1NDIDA EVA 1.El se\u00f1or Vicente, p\u00e1rroco de Clichy.- 2.La Hermandad del Rosario.- 3.Restauraci\u00f3n de la iglesia.- 4.Adios a la parroquia.- 5.En la casa de los Gondi.- 6.La familia.- 7.Beneficio.- 8.Las tierra de los Gondi.- 9.Maestro y maestra.- 10.\"El se\u00f1or Vicente\".- 11.Los ni\u00f1os.- 12.El preceptor.- 13.Conducata del capell\u00e1n; proyecto\u2026","rel":"","context":"En \u00abVicente de Pa\u00fal\u00bb","block_context":{"text":"Vicente de Pa\u00fal","link":"https:\/\/vincentians.com\/es\/category\/la-familia-vicenciana\/fundadores\/vicente-de-paul\/"},"img":{"alt_text":"coraz\u00f3n","src":"https:\/\/i0.wp.com\/vicencianos.org\/wp-content\/2014\/03\/coraz%C3%B3n.jpg?resize=350%2C200","width":350,"height":200},"classes":[]}],"_links":{"self":[{"href":"https:\/\/vincentians.com\/es\/wp-json\/wp\/v2\/posts\/12893","targetHints":{"allow":["GET"]}}],"collection":[{"href":"https:\/\/vincentians.com\/es\/wp-json\/wp\/v2\/posts"}],"about":[{"href":"https:\/\/vincentians.com\/es\/wp-json\/wp\/v2\/types\/post"}],"author":[{"embeddable":true,"href":"https:\/\/vincentians.com\/es\/wp-json\/wp\/v2\/users\/4"}],"replies":[{"embeddable":true,"href":"https:\/\/vincentians.com\/es\/wp-json\/wp\/v2\/comments?post=12893"}],"version-history":[{"count":0,"href":"https:\/\/vincentians.com\/es\/wp-json\/wp\/v2\/posts\/12893\/revisions"}],"wp:featuredmedia":[{"embeddable":true,"href":"https:\/\/vincentians.com\/es\/wp-json\/wp\/v2\/media\/393753"}],"wp:attachment":[{"href":"https:\/\/vincentians.com\/es\/wp-json\/wp\/v2\/media?parent=12893"}],"wp:term":[{"taxonomy":"category","embeddable":true,"href":"https:\/\/vincentians.com\/es\/wp-json\/wp\/v2\/categories?post=12893"},{"taxonomy":"post_tag","embeddable":true,"href":"https:\/\/vincentians.com\/es\/wp-json\/wp\/v2\/tags?post=12893"}],"curies":[{"name":"wp","href":"https:\/\/api.w.org\/{rel}","templated":true}]}}