{"id":128771,"date":"2025-04-27T08:14:46","date_gmt":"2025-04-27T06:14:46","guid":{"rendered":"http:\/\/somos.vicencianos.org\/?p=128771"},"modified":"2024-08-22T19:42:05","modified_gmt":"2024-08-22T17:42:05","slug":"los-sacerdotes-de-la-congregacion-de-la-mision-recoder-4","status":"publish","type":"post","link":"https:\/\/vincentians.com\/es\/los-sacerdotes-de-la-congregacion-de-la-mision-recoder-4\/","title":{"rendered":"Los sacerdotes de la Congregaci\u00f3n de la Misi\u00f3n (Recoder) (4)"},"content":{"rendered":"<h2>Tercera base: Que resida cerca del Superior General un Asistente espa\u00f1ol, nombrado por la Provincia, cuya duraci\u00f3n sea de seis a\u00f1os, y la \u00e9poca de su cambio el a\u00f1o en que se celebrare la Asamblea sexenal, teniendo en \u00e9sta voz activa tanto el Asistente que cesa como el que va a reemplazarle<\/h2>\n<p>48.- Tal es el texto de la 3\u00aa Base presentada por los Misio\u00adneros Espa\u00f1oles y de la que vamos a ocuparnos.<\/p>\n<p>49.- La Diplomacia ha visto como un medio el m\u00e1s excelente para conservar las buenas relaciones entre las Nociones amigas el enviarse mutuamente sus respectivos representantes. En un principio, la permanencia de estos cerca los Gobiernos Extranjeros era transitoria; mas el tiempo ha demostrado ser absoluta\u00admente necesario el que esta representaci\u00f3n fuese fija y perma\u00adnente; llegando a tales t\u00e9rminos que hoy d\u00eda, en Pol\u00edtica, se mira como un verdadero rompimiento el retirar o hacer salir de una Naci\u00f3n el representante de otra.<\/p>\n<p>50.- Mas no se crea que la Diplomacia fuese la autora de esas sabias medidas y prudentes disposiciones; sabemos cu\u00e1ndo empez\u00f3 aquella, as\u00ed como tampoco nos es desconocido cu\u00e1ndo la Santa Sede a quien la Europa, seg\u00fan expresi\u00f3n de Chateaubriand, debe su civilizaci\u00f3n, usaba de ellas. Las Comunidades Religiosas m\u00e1s antiguas aunque la Diplomacia, siguieron el ejemplo de la Corte Romana y siempre tuvieron cerca de sus Superiores Generales representantes de todas sus Provincias.<\/p>\n<p>51.- Ni la Santa Sede ni ning\u00fan Gobierno ni Comunidad alguna Religiosa han enviado jam\u00e1s como representantes suyos a individuos extra\u00f1os o bien indiferentes a los intereses que deb\u00edan representar. Para cargos de esta naturaleza han procurado siempre buscar hombres ilustrados, prudentes, perfectos conoce\u00addores de los intereses, derechos y prerrogativas de lo que iban a sostener y representar. Tambi\u00e9n se ve que aun cuando el cargo de representante se haya hecho ya como una cosa dura\u00addera y estable, sin embargo, por fines muy nobles, sabios y pru\u00addentes, de cuando en cuando son relevados o sustituidos los que tienen el alto honor de desempe\u00f1ar tan elevada como intere\u00adsante misi\u00f3n; esto, tanto pasa en la Iglesia como en los Gobier\u00adnos Civiles.<\/p>\n<p>Hagamos la aplicaci\u00f3n conveniente de lo que acaba de leer\u00adse a la 3\u00aa Base que nos ocupa para conocer su importancia y, necesidad.<\/p>\n<p>52.- La Congregaci\u00f3n de la Misi\u00f3n en Espa\u00f1a jam\u00e1s ha te\u00adnido cerca su Superior General ning\u00fan individuo que la represen\u00adtara. Queriendo ahora arreglar dicha Congregaci\u00f3n de una<br \/>\nmanera s\u00f3lida y duradera y habiendo esperanzas muy fundadas de que el Superior General de la Misi\u00f3n establezca por fin su residencia en Roma, creemos muy conveniente y oportuno el nombramiento de un Asistente que, representando a la Provincia de Espa\u00f1a, resida cerca de dicho Superior, pues es imposible que ning\u00fan Superior General pueda con acierto gobernar y dirigir Provincias establecidas en Reinos que no conoce y de los que nadie le habla con autoridad, celo e inter\u00e9s. Nosotros atribui\u00admos a la falta de este Asistente las desacertadas disposiciones que de alg\u00fan tiempo a esta parte hemos visto ejecutarse, entre los Misioneros Espa\u00f1oles, por orden del Superior Extranjero.<\/p>\n<p>53.- La condici\u00f3n de que dicho Asistente sea Espa\u00f1ol y nombrado por la Provincia de Espa\u00f1a es, por lo que hemos di\u00adcho ya, una cosa natural y aun necesaria. Nadie puede conocer mejor ni interesarse m\u00e1s por las necesidades de un pueblo que aquel que se ha creado y formado en \u00e9l. Adem\u00e1s, ese Asistente al lado del Superior General y que debe representar a todos los Misioneros Espa\u00f1oles, debe reunir todas sus simpat\u00edas y me\u00adrecerles toda su confianza y \u00bfc\u00f3mo podr\u00eda hacerlo si fuese un extranjero o desconocido de Espa\u00f1a o bien puesto contra la vo\u00adluntad de los individuos de esta Provincia?<\/p>\n<p>Todos los dem\u00e1s puntos de esta 3\u00aa Base los creemos muy justos y convenientes; ellos encierran ventajas inmensas pa\u00adra el bien y prosperidad de la Provincia de Espa\u00f1a, as\u00ed como para que se conserve siempre el aprecio, la estimaci\u00f3n y respeto que en todas las Asambleas generales tenidas en la Congregaci\u00f3n de la Misi\u00f3n han conseguido los Misioneros Espa\u00f1oles; cooperando de este modo, como verdadero amantes de su Patria, al engrandecimiento del honor Nacional.<\/p>\n","protected":false},"excerpt":{"rendered":"<p>Tercera base: Que resida cerca del Superior General un Asistente espa\u00f1ol, nombrado por la Provincia, cuya duraci\u00f3n sea de seis a\u00f1os, y la \u00e9poca de su cambio el a\u00f1o en que se celebrare la Asamblea &#8230; <a href=\"https:\/\/vincentians.com\/es\/los-sacerdotes-de-la-congregacion-de-la-mision-recoder-4\/\" class=\"more-link\">Read More<\/a><\/p>\n","protected":false},"author":5,"featured_media":404124,"comment_status":"open","ping_status":"open","sticky":false,"template":"","format":"standard","meta":{"rs_blank_template":"","rs_page_bg_color":"","slide_template_v7":"","_jetpack_newsletter_access":"","_jetpack_dont_email_post_to_subs":false,"_jetpack_newsletter_tier_id":0,"_jetpack_memberships_contains_paywalled_content":false,"_jetpack_feature_clip_id":0,"_jetpack_memberships_contains_paid_content":false,"footnotes":"","jetpack_publicize_message":"","jetpack_publicize_feature_enabled":true,"jetpack_social_post_already_shared":true,"jetpack_social_options":{"image_generator_settings":{"template":"highway","default_image_id":0,"font":"","enabled":false},"version":2},"jetpack_post_was_ever_published":false},"categories":[252],"tags":[],"class_list":["post-128771","post","type-post","status-publish","format-standard","has-post-thumbnail","hentry","category-historia-de-la-congregacion-de-la-mision-en-espana"],"yoast_head":"<!-- This site is optimized with the Yoast SEO plugin v27.9 - https:\/\/yoast.com\/product\/yoast-seo-wordpress\/ -->\n<title>Los sacerdotes de la Congregaci\u00f3n de la Misi\u00f3n (Recoder) (4) - Somos Vicencianos<\/title>\n<meta name=\"robots\" content=\"index, follow, max-snippet:-1, max-image-preview:large, max-video-preview:-1\" \/>\n<link rel=\"canonical\" href=\"https:\/\/vincentians.com\/es\/los-sacerdotes-de-la-congregacion-de-la-mision-recoder-4\/\" \/>\n<meta property=\"og:locale\" content=\"es_ES\" \/>\n<meta property=\"og:type\" content=\"article\" \/>\n<meta property=\"og:title\" content=\"Los sacerdotes de la Congregaci\u00f3n de la Misi\u00f3n (Recoder) (4) - Somos Vicencianos\" \/>\n<meta property=\"og:description\" content=\"Tercera base: Que resida cerca del Superior General un Asistente espa\u00f1ol, nombrado por la Provincia, cuya duraci\u00f3n sea de seis a\u00f1os, y la \u00e9poca de su cambio el a\u00f1o en que se celebrare la Asamblea ... Read More\" \/>\n<meta property=\"og:url\" content=\"https:\/\/vincentians.com\/es\/los-sacerdotes-de-la-congregacion-de-la-mision-recoder-4\/\" \/>\n<meta property=\"og:site_name\" content=\"Somos Vicencianos\" \/>\n<meta property=\"article:publisher\" content=\"https:\/\/www.facebook.com\/WeAreVincentians\/\" \/>\n<meta property=\"article:published_time\" content=\"2025-04-27T06:14:46+00:00\" \/>\n<meta property=\"og:image\" content=\"https:\/\/i0.wp.com\/vincentians.com\/es\/wp-content\/uploads\/sites\/11\/2013\/04\/g-5.jpg?fit=1170%2C692&ssl=1\" \/>\n\t<meta property=\"og:image:width\" content=\"1170\" \/>\n\t<meta property=\"og:image:height\" content=\"692\" \/>\n\t<meta property=\"og:image:type\" content=\"image\/jpeg\" \/>\n<meta name=\"author\" content=\"Mitxel Olabu\u00e9naga\" \/>\n<meta name=\"twitter:card\" content=\"summary_large_image\" \/>\n<meta name=\"twitter:creator\" content=\"@WeVincentians\" \/>\n<meta name=\"twitter:site\" content=\"@WeVincentians\" \/>\n<meta name=\"twitter:label1\" content=\"Escrito por\" \/>\n\t<meta name=\"twitter:data1\" content=\"Mitxel Olabu\u00e9naga\" \/>\n\t<meta name=\"twitter:label2\" content=\"Tiempo de lectura\" \/>\n\t<meta name=\"twitter:data2\" content=\"4 minutos\" \/>\n<script type=\"application\/ld+json\" class=\"yoast-schema-graph\">{\"@context\":\"https:\\\/\\\/schema.org\",\"@graph\":[{\"@type\":\"Article\",\"@id\":\"https:\\\/\\\/vincentians.com\\\/es\\\/los-sacerdotes-de-la-congregacion-de-la-mision-recoder-4\\\/#article\",\"isPartOf\":{\"@id\":\"https:\\\/\\\/vincentians.com\\\/es\\\/los-sacerdotes-de-la-congregacion-de-la-mision-recoder-4\\\/\"},\"author\":{\"name\":\"Mitxel Olabu\u00e9naga\",\"@id\":\"https:\\\/\\\/vincentians.com\\\/es\\\/#\\\/schema\\\/person\\\/7c2670b4445a7ca9d164ea6acdb31859\"},\"headline\":\"Los sacerdotes de la Congregaci\u00f3n de la Misi\u00f3n (Recoder) (4)\",\"datePublished\":\"2025-04-27T06:14:46+00:00\",\"mainEntityOfPage\":{\"@id\":\"https:\\\/\\\/vincentians.com\\\/es\\\/los-sacerdotes-de-la-congregacion-de-la-mision-recoder-4\\\/\"},\"wordCount\":761,\"commentCount\":0,\"publisher\":{\"@id\":\"https:\\\/\\\/vincentians.com\\\/es\\\/#organization\"},\"image\":{\"@id\":\"https:\\\/\\\/vincentians.com\\\/es\\\/los-sacerdotes-de-la-congregacion-de-la-mision-recoder-4\\\/#primaryimage\"},\"thumbnailUrl\":\"https:\\\/\\\/i0.wp.com\\\/vincentians.com\\\/es\\\/wp-content\\\/uploads\\\/sites\\\/11\\\/2013\\\/04\\\/g-5.jpg?fit=1170%2C692&ssl=1\",\"articleSection\":[\"Historia de la Congregaci\u00f3n de la Misi\u00f3n en Espa\u00f1a\"],\"inLanguage\":\"es\",\"potentialAction\":[{\"@type\":\"CommentAction\",\"name\":\"Comment\",\"target\":[\"https:\\\/\\\/vincentians.com\\\/es\\\/los-sacerdotes-de-la-congregacion-de-la-mision-recoder-4\\\/#respond\"]}]},{\"@type\":\"WebPage\",\"@id\":\"https:\\\/\\\/vincentians.com\\\/es\\\/los-sacerdotes-de-la-congregacion-de-la-mision-recoder-4\\\/\",\"url\":\"https:\\\/\\\/vincentians.com\\\/es\\\/los-sacerdotes-de-la-congregacion-de-la-mision-recoder-4\\\/\",\"name\":\"Los sacerdotes de la Congregaci\u00f3n de la Misi\u00f3n (Recoder) (4) - Somos Vicencianos\",\"isPartOf\":{\"@id\":\"https:\\\/\\\/vincentians.com\\\/es\\\/#website\"},\"primaryImageOfPage\":{\"@id\":\"https:\\\/\\\/vincentians.com\\\/es\\\/los-sacerdotes-de-la-congregacion-de-la-mision-recoder-4\\\/#primaryimage\"},\"image\":{\"@id\":\"https:\\\/\\\/vincentians.com\\\/es\\\/los-sacerdotes-de-la-congregacion-de-la-mision-recoder-4\\\/#primaryimage\"},\"thumbnailUrl\":\"https:\\\/\\\/i0.wp.com\\\/vincentians.com\\\/es\\\/wp-content\\\/uploads\\\/sites\\\/11\\\/2013\\\/04\\\/g-5.jpg?fit=1170%2C692&ssl=1\",\"datePublished\":\"2025-04-27T06:14:46+00:00\",\"breadcrumb\":{\"@id\":\"https:\\\/\\\/vincentians.com\\\/es\\\/los-sacerdotes-de-la-congregacion-de-la-mision-recoder-4\\\/#breadcrumb\"},\"inLanguage\":\"es\",\"potentialAction\":[{\"@type\":\"ReadAction\",\"target\":[\"https:\\\/\\\/vincentians.com\\\/es\\\/los-sacerdotes-de-la-congregacion-de-la-mision-recoder-4\\\/\"]}]},{\"@type\":\"ImageObject\",\"inLanguage\":\"es\",\"@id\":\"https:\\\/\\\/vincentians.com\\\/es\\\/los-sacerdotes-de-la-congregacion-de-la-mision-recoder-4\\\/#primaryimage\",\"url\":\"https:\\\/\\\/i0.wp.com\\\/vincentians.com\\\/es\\\/wp-content\\\/uploads\\\/sites\\\/11\\\/2013\\\/04\\\/g-5.jpg?fit=1170%2C692&ssl=1\",\"contentUrl\":\"https:\\\/\\\/i0.wp.com\\\/vincentians.com\\\/es\\\/wp-content\\\/uploads\\\/sites\\\/11\\\/2013\\\/04\\\/g-5.jpg?fit=1170%2C692&ssl=1\",\"width\":1170,\"height\":692},{\"@type\":\"BreadcrumbList\",\"@id\":\"https:\\\/\\\/vincentians.com\\\/es\\\/los-sacerdotes-de-la-congregacion-de-la-mision-recoder-4\\\/#breadcrumb\",\"itemListElement\":[{\"@type\":\"ListItem\",\"position\":1,\"name\":\"Portada\",\"item\":\"https:\\\/\\\/vincentians.com\\\/es\\\/\"},{\"@type\":\"ListItem\",\"position\":2,\"name\":\"Los sacerdotes de la Congregaci\u00f3n de la Misi\u00f3n (Recoder) (4)\"}]},{\"@type\":\"WebSite\",\"@id\":\"https:\\\/\\\/vincentians.com\\\/es\\\/#website\",\"url\":\"https:\\\/\\\/vincentians.com\\\/es\\\/\",\"name\":\"Somos Vicencianos\",\"description\":\"Know more to serve more\",\"publisher\":{\"@id\":\"https:\\\/\\\/vincentians.com\\\/es\\\/#organization\"},\"potentialAction\":[{\"@type\":\"SearchAction\",\"target\":{\"@type\":\"EntryPoint\",\"urlTemplate\":\"https:\\\/\\\/vincentians.com\\\/es\\\/?s={search_term_string}\"},\"query-input\":{\"@type\":\"PropertyValueSpecification\",\"valueRequired\":true,\"valueName\":\"search_term_string\"}}],\"inLanguage\":\"es\"},{\"@type\":\"Organization\",\"@id\":\"https:\\\/\\\/vincentians.com\\\/es\\\/#organization\",\"name\":\"The Vincentian Network\",\"url\":\"https:\\\/\\\/vincentians.com\\\/es\\\/\",\"logo\":{\"@type\":\"ImageObject\",\"inLanguage\":\"es\",\"@id\":\"https:\\\/\\\/vincentians.com\\\/es\\\/#\\\/schema\\\/logo\\\/image\\\/\",\"url\":\"https:\\\/\\\/i1.wp.com\\\/vincentians.com\\\/es\\\/wp-content\\\/uploads\\\/sites\\\/11\\\/2016\\\/06\\\/Vincentian-Network-logo-big.png?fit=778%2C778\",\"contentUrl\":\"https:\\\/\\\/i1.wp.com\\\/vincentians.com\\\/es\\\/wp-content\\\/uploads\\\/sites\\\/11\\\/2016\\\/06\\\/Vincentian-Network-logo-big.png?fit=778%2C778\",\"width\":778,\"height\":778,\"caption\":\"The Vincentian Network\"},\"image\":{\"@id\":\"https:\\\/\\\/vincentians.com\\\/es\\\/#\\\/schema\\\/logo\\\/image\\\/\"},\"sameAs\":[\"https:\\\/\\\/www.facebook.com\\\/WeAreVincentians\\\/\",\"https:\\\/\\\/x.com\\\/WeVincentians\"]},{\"@type\":\"Person\",\"@id\":\"https:\\\/\\\/vincentians.com\\\/es\\\/#\\\/schema\\\/person\\\/7c2670b4445a7ca9d164ea6acdb31859\",\"name\":\"Mitxel Olabu\u00e9naga\",\"image\":{\"@type\":\"ImageObject\",\"inLanguage\":\"es\",\"@id\":\"https:\\\/\\\/secure.gravatar.com\\\/avatar\\\/34137ec2e2b8939cbbed975731e71f3f4f1defc7266ded337a5ce0f925426877?s=96&d=mm&r=g\",\"url\":\"https:\\\/\\\/secure.gravatar.com\\\/avatar\\\/34137ec2e2b8939cbbed975731e71f3f4f1defc7266ded337a5ce0f925426877?s=96&d=mm&r=g\",\"contentUrl\":\"https:\\\/\\\/secure.gravatar.com\\\/avatar\\\/34137ec2e2b8939cbbed975731e71f3f4f1defc7266ded337a5ce0f925426877?s=96&d=mm&r=g\",\"caption\":\"Mitxel Olabu\u00e9naga\"},\"url\":\"https:\\\/\\\/vincentians.com\\\/es\\\/author\\\/mitxel\\\/\"}]}<\/script>\n<!-- \/ Yoast SEO plugin. -->","yoast_head_json":{"title":"Los sacerdotes de la Congregaci\u00f3n de la Misi\u00f3n (Recoder) (4) - Somos Vicencianos","robots":{"index":"index","follow":"follow","max-snippet":"max-snippet:-1","max-image-preview":"max-image-preview:large","max-video-preview":"max-video-preview:-1"},"canonical":"https:\/\/vincentians.com\/es\/los-sacerdotes-de-la-congregacion-de-la-mision-recoder-4\/","og_locale":"es_ES","og_type":"article","og_title":"Los sacerdotes de la Congregaci\u00f3n de la Misi\u00f3n (Recoder) (4) - Somos Vicencianos","og_description":"Tercera base: Que resida cerca del Superior General un Asistente espa\u00f1ol, nombrado por la Provincia, cuya duraci\u00f3n sea de seis a\u00f1os, y la \u00e9poca de su cambio el a\u00f1o en que se celebrare la Asamblea ... Read More","og_url":"https:\/\/vincentians.com\/es\/los-sacerdotes-de-la-congregacion-de-la-mision-recoder-4\/","og_site_name":"Somos Vicencianos","article_publisher":"https:\/\/www.facebook.com\/WeAreVincentians\/","article_published_time":"2025-04-27T06:14:46+00:00","og_image":[{"width":1170,"height":692,"url":"https:\/\/i0.wp.com\/vincentians.com\/es\/wp-content\/uploads\/sites\/11\/2013\/04\/g-5.jpg?fit=1170%2C692&ssl=1","type":"image\/jpeg"}],"author":"Mitxel Olabu\u00e9naga","twitter_card":"summary_large_image","twitter_creator":"@WeVincentians","twitter_site":"@WeVincentians","twitter_misc":{"Escrito por":"Mitxel Olabu\u00e9naga","Tiempo de lectura":"4 minutos"},"schema":{"@context":"https:\/\/schema.org","@graph":[{"@type":"Article","@id":"https:\/\/vincentians.com\/es\/los-sacerdotes-de-la-congregacion-de-la-mision-recoder-4\/#article","isPartOf":{"@id":"https:\/\/vincentians.com\/es\/los-sacerdotes-de-la-congregacion-de-la-mision-recoder-4\/"},"author":{"name":"Mitxel Olabu\u00e9naga","@id":"https:\/\/vincentians.com\/es\/#\/schema\/person\/7c2670b4445a7ca9d164ea6acdb31859"},"headline":"Los sacerdotes de la Congregaci\u00f3n de la Misi\u00f3n (Recoder) (4)","datePublished":"2025-04-27T06:14:46+00:00","mainEntityOfPage":{"@id":"https:\/\/vincentians.com\/es\/los-sacerdotes-de-la-congregacion-de-la-mision-recoder-4\/"},"wordCount":761,"commentCount":0,"publisher":{"@id":"https:\/\/vincentians.com\/es\/#organization"},"image":{"@id":"https:\/\/vincentians.com\/es\/los-sacerdotes-de-la-congregacion-de-la-mision-recoder-4\/#primaryimage"},"thumbnailUrl":"https:\/\/i0.wp.com\/vincentians.com\/es\/wp-content\/uploads\/sites\/11\/2013\/04\/g-5.jpg?fit=1170%2C692&ssl=1","articleSection":["Historia de la Congregaci\u00f3n de la Misi\u00f3n en Espa\u00f1a"],"inLanguage":"es","potentialAction":[{"@type":"CommentAction","name":"Comment","target":["https:\/\/vincentians.com\/es\/los-sacerdotes-de-la-congregacion-de-la-mision-recoder-4\/#respond"]}]},{"@type":"WebPage","@id":"https:\/\/vincentians.com\/es\/los-sacerdotes-de-la-congregacion-de-la-mision-recoder-4\/","url":"https:\/\/vincentians.com\/es\/los-sacerdotes-de-la-congregacion-de-la-mision-recoder-4\/","name":"Los sacerdotes de la Congregaci\u00f3n de la Misi\u00f3n (Recoder) (4) - Somos Vicencianos","isPartOf":{"@id":"https:\/\/vincentians.com\/es\/#website"},"primaryImageOfPage":{"@id":"https:\/\/vincentians.com\/es\/los-sacerdotes-de-la-congregacion-de-la-mision-recoder-4\/#primaryimage"},"image":{"@id":"https:\/\/vincentians.com\/es\/los-sacerdotes-de-la-congregacion-de-la-mision-recoder-4\/#primaryimage"},"thumbnailUrl":"https:\/\/i0.wp.com\/vincentians.com\/es\/wp-content\/uploads\/sites\/11\/2013\/04\/g-5.jpg?fit=1170%2C692&ssl=1","datePublished":"2025-04-27T06:14:46+00:00","breadcrumb":{"@id":"https:\/\/vincentians.com\/es\/los-sacerdotes-de-la-congregacion-de-la-mision-recoder-4\/#breadcrumb"},"inLanguage":"es","potentialAction":[{"@type":"ReadAction","target":["https:\/\/vincentians.com\/es\/los-sacerdotes-de-la-congregacion-de-la-mision-recoder-4\/"]}]},{"@type":"ImageObject","inLanguage":"es","@id":"https:\/\/vincentians.com\/es\/los-sacerdotes-de-la-congregacion-de-la-mision-recoder-4\/#primaryimage","url":"https:\/\/i0.wp.com\/vincentians.com\/es\/wp-content\/uploads\/sites\/11\/2013\/04\/g-5.jpg?fit=1170%2C692&ssl=1","contentUrl":"https:\/\/i0.wp.com\/vincentians.com\/es\/wp-content\/uploads\/sites\/11\/2013\/04\/g-5.jpg?fit=1170%2C692&ssl=1","width":1170,"height":692},{"@type":"BreadcrumbList","@id":"https:\/\/vincentians.com\/es\/los-sacerdotes-de-la-congregacion-de-la-mision-recoder-4\/#breadcrumb","itemListElement":[{"@type":"ListItem","position":1,"name":"Portada","item":"https:\/\/vincentians.com\/es\/"},{"@type":"ListItem","position":2,"name":"Los sacerdotes de la Congregaci\u00f3n de la Misi\u00f3n (Recoder) (4)"}]},{"@type":"WebSite","@id":"https:\/\/vincentians.com\/es\/#website","url":"https:\/\/vincentians.com\/es\/","name":"Somos Vicencianos","description":"Know more to serve more","publisher":{"@id":"https:\/\/vincentians.com\/es\/#organization"},"potentialAction":[{"@type":"SearchAction","target":{"@type":"EntryPoint","urlTemplate":"https:\/\/vincentians.com\/es\/?s={search_term_string}"},"query-input":{"@type":"PropertyValueSpecification","valueRequired":true,"valueName":"search_term_string"}}],"inLanguage":"es"},{"@type":"Organization","@id":"https:\/\/vincentians.com\/es\/#organization","name":"The Vincentian Network","url":"https:\/\/vincentians.com\/es\/","logo":{"@type":"ImageObject","inLanguage":"es","@id":"https:\/\/vincentians.com\/es\/#\/schema\/logo\/image\/","url":"https:\/\/i1.wp.com\/vincentians.com\/es\/wp-content\/uploads\/sites\/11\/2016\/06\/Vincentian-Network-logo-big.png?fit=778%2C778","contentUrl":"https:\/\/i1.wp.com\/vincentians.com\/es\/wp-content\/uploads\/sites\/11\/2016\/06\/Vincentian-Network-logo-big.png?fit=778%2C778","width":778,"height":778,"caption":"The Vincentian Network"},"image":{"@id":"https:\/\/vincentians.com\/es\/#\/schema\/logo\/image\/"},"sameAs":["https:\/\/www.facebook.com\/WeAreVincentians\/","https:\/\/x.com\/WeVincentians"]},{"@type":"Person","@id":"https:\/\/vincentians.com\/es\/#\/schema\/person\/7c2670b4445a7ca9d164ea6acdb31859","name":"Mitxel Olabu\u00e9naga","image":{"@type":"ImageObject","inLanguage":"es","@id":"https:\/\/secure.gravatar.com\/avatar\/34137ec2e2b8939cbbed975731e71f3f4f1defc7266ded337a5ce0f925426877?s=96&d=mm&r=g","url":"https:\/\/secure.gravatar.com\/avatar\/34137ec2e2b8939cbbed975731e71f3f4f1defc7266ded337a5ce0f925426877?s=96&d=mm&r=g","contentUrl":"https:\/\/secure.gravatar.com\/avatar\/34137ec2e2b8939cbbed975731e71f3f4f1defc7266ded337a5ce0f925426877?s=96&d=mm&r=g","caption":"Mitxel Olabu\u00e9naga"},"url":"https:\/\/vincentians.com\/es\/author\/mitxel\/"}]}},"jetpack_publicize_connections":[],"jetpack_featured_media_url":"https:\/\/i0.wp.com\/vincentians.com\/es\/wp-content\/uploads\/sites\/11\/2013\/04\/g-5.jpg?fit=1170%2C692&ssl=1","jetpack_sharing_enabled":true,"jetpack_shortlink":"https:\/\/wp.me\/p7ETMF-xuX","jetpack-related-posts":[{"id":128755,"url":"https:\/\/vincentians.com\/es\/los-sacerdotes-de-la-congregacion-de-la-mision-recoder-1\/","url_meta":{"origin":128771,"position":0},"title":"Los sacerdotes de la Congregaci\u00f3n de la Misi\u00f3n (Recoder) (1)","author":"Mitxel Olabu\u00e9naga","date":"07\/04\/2025","format":false,"excerpt":"Bases que presentan los Sacerdotes Espa\u00f1oles, individuos de la Congregaci\u00f3n de la Misi\u00f3n, para el definitivo ar\u00adreglo de las diferencias suscitadas por el Superior General de la misma, residente en Par\u00eds. Que el Visitador de Espa\u00f1a, sea nombrado por el Superior general, de uno de los tres que le presente\u2026","rel":"","context":"En \u00abHistoria de la Congregaci\u00f3n de la Misi\u00f3n en Espa\u00f1a\u00bb","block_context":{"text":"Historia de la Congregaci\u00f3n de la Misi\u00f3n en Espa\u00f1a","link":"https:\/\/vincentians.com\/es\/category\/historia-de-la-familia-vicenciana\/historia-de-la-congregacion-de-la-mision-en-espana\/"},"img":{"alt_text":"","src":"https:\/\/i0.wp.com\/vincentians.com\/es\/wp-content\/uploads\/sites\/11\/2013\/04\/f-8-scaled.jpg?fit=1200%2C570&ssl=1&resize=350%2C200","width":350,"height":200,"srcset":"https:\/\/i0.wp.com\/vincentians.com\/es\/wp-content\/uploads\/sites\/11\/2013\/04\/f-8-scaled.jpg?fit=1200%2C570&ssl=1&resize=350%2C200 1x, https:\/\/i0.wp.com\/vincentians.com\/es\/wp-content\/uploads\/sites\/11\/2013\/04\/f-8-scaled.jpg?fit=1200%2C570&ssl=1&resize=525%2C300 1.5x, https:\/\/i0.wp.com\/vincentians.com\/es\/wp-content\/uploads\/sites\/11\/2013\/04\/f-8-scaled.jpg?fit=1200%2C570&ssl=1&resize=700%2C400 2x, https:\/\/i0.wp.com\/vincentians.com\/es\/wp-content\/uploads\/sites\/11\/2013\/04\/f-8-scaled.jpg?fit=1200%2C570&ssl=1&resize=1050%2C600 3x"},"classes":[]},{"id":130852,"url":"https:\/\/vincentians.com\/es\/resumen-historico-de-la-congregacion-de-la-mision-en-espana\/","url_meta":{"origin":128771,"position":1},"title":"Resumen hist\u00f3rico de la Congregaci\u00f3n de la Misi\u00f3n en Espa\u00f1a","author":"Mitxel Olabu\u00e9naga","date":"09\/07\/2014","format":false,"excerpt":"Resumen hist\u00f3rico de la Congregaci\u00f3n de la Misi\u00f3n en Espa\u00f1a. Su introducci\u00f3n y propagaci\u00f3n. Sus pruebas, paz y prosperidad. Su divisi\u00f3n en dos provincias. Es la Congregaci\u00f3n de la Misi\u00f3n, seg\u00fan la expresi\u00f3n del Papa Urbano VIII, un Instituto acept\u00edsimo a Dios, utilisimo a los hombres y absolutamente necesario. As\u00ed\u2026","rel":"","context":"En \u00abHistoria de la Congregaci\u00f3n de la Misi\u00f3n en Espa\u00f1a\u00bb","block_context":{"text":"Historia de la Congregaci\u00f3n de la Misi\u00f3n en Espa\u00f1a","link":"https:\/\/vincentians.com\/es\/category\/historia-de-la-familia-vicenciana\/historia-de-la-congregacion-de-la-mision-en-espana\/"},"img":{"alt_text":"cruz_sv","src":"https:\/\/i0.wp.com\/vicencianos.org\/wp-content\/2011\/04\/cruz_sv1.jpg?resize=350%2C200","width":350,"height":200},"classes":[]},{"id":128766,"url":"https:\/\/vincentians.com\/es\/los-sacerdotes-de-la-congregacion-de-la-mision-recoder-6\/","url_meta":{"origin":128771,"position":2},"title":"Los sacerdotes de la Congregaci\u00f3n de la Misi\u00f3n (Recoder) (6)","author":"Mitxel Olabu\u00e9naga","date":"09\/05\/2025","format":false,"excerpt":"Quinta base: Que sean reincorporados en la Congregaci\u00f3n todos los individuos que se hallan fuera por las diferencias y cuestiones pasadas y deseen volver a ella. 108. Tal es la quinta y \u00faltima Base presentada por los Misioneros Espa\u00f1oles. Aunque es la \u00faltima en el n\u00famero, es la primera por\u2026","rel":"","context":"En \u00abHistoria de la Congregaci\u00f3n de la Misi\u00f3n en Espa\u00f1a\u00bb","block_context":{"text":"Historia de la Congregaci\u00f3n de la Misi\u00f3n en Espa\u00f1a","link":"https:\/\/vincentians.com\/es\/category\/historia-de-la-familia-vicenciana\/historia-de-la-congregacion-de-la-mision-en-espana\/"},"img":{"alt_text":"","src":"https:\/\/i0.wp.com\/vincentians.com\/es\/wp-content\/uploads\/sites\/11\/2013\/04\/g-5.jpg?fit=1170%2C692&ssl=1&resize=350%2C200","width":350,"height":200,"srcset":"https:\/\/i0.wp.com\/vincentians.com\/es\/wp-content\/uploads\/sites\/11\/2013\/04\/g-5.jpg?fit=1170%2C692&ssl=1&resize=350%2C200 1x, https:\/\/i0.wp.com\/vincentians.com\/es\/wp-content\/uploads\/sites\/11\/2013\/04\/g-5.jpg?fit=1170%2C692&ssl=1&resize=525%2C300 1.5x, https:\/\/i0.wp.com\/vincentians.com\/es\/wp-content\/uploads\/sites\/11\/2013\/04\/g-5.jpg?fit=1170%2C692&ssl=1&resize=700%2C400 2x, https:\/\/i0.wp.com\/vincentians.com\/es\/wp-content\/uploads\/sites\/11\/2013\/04\/g-5.jpg?fit=1170%2C692&ssl=1&resize=1050%2C600 3x"},"classes":[]},{"id":128759,"url":"https:\/\/vincentians.com\/es\/los-sacerdotes-de-la-congregacion-de-la-mision-recoder-3\/","url_meta":{"origin":128771,"position":3},"title":"Los sacerdotes de la Congregaci\u00f3n de la Misi\u00f3n (Recoder) (3)","author":"Mitxel Olabu\u00e9naga","date":"17\/04\/2025","format":false,"excerpt":"Segunda base: Que, por esta vez, sea nombrado el Visitador por el Eminent\u00edsimo Sr. Cardenal Arzobispo de Toledo, de acuerdo con el gobierno de S. M. C. y confirmada esta elecci\u00f3n por el Santo Padre. 23. - Esta Base que parece debiera ser admitida desde luego por todos los que\u2026","rel":"","context":"En \u00abHistoria de la Congregaci\u00f3n de la Misi\u00f3n en Espa\u00f1a\u00bb","block_context":{"text":"Historia de la Congregaci\u00f3n de la Misi\u00f3n en Espa\u00f1a","link":"https:\/\/vincentians.com\/es\/category\/historia-de-la-familia-vicenciana\/historia-de-la-congregacion-de-la-mision-en-espana\/"},"img":{"alt_text":"","src":"https:\/\/i0.wp.com\/vincentians.com\/es\/wp-content\/uploads\/sites\/11\/2013\/04\/g-5.jpg?fit=1170%2C692&ssl=1&resize=350%2C200","width":350,"height":200,"srcset":"https:\/\/i0.wp.com\/vincentians.com\/es\/wp-content\/uploads\/sites\/11\/2013\/04\/g-5.jpg?fit=1170%2C692&ssl=1&resize=350%2C200 1x, https:\/\/i0.wp.com\/vincentians.com\/es\/wp-content\/uploads\/sites\/11\/2013\/04\/g-5.jpg?fit=1170%2C692&ssl=1&resize=525%2C300 1.5x, https:\/\/i0.wp.com\/vincentians.com\/es\/wp-content\/uploads\/sites\/11\/2013\/04\/g-5.jpg?fit=1170%2C692&ssl=1&resize=700%2C400 2x, https:\/\/i0.wp.com\/vincentians.com\/es\/wp-content\/uploads\/sites\/11\/2013\/04\/g-5.jpg?fit=1170%2C692&ssl=1&resize=1050%2C600 3x"},"classes":[]},{"id":109351,"url":"https:\/\/vincentians.com\/es\/origenes-italianos-de-la-consagracion-de-la-mision-en-espana\/","url_meta":{"origin":128771,"position":4},"title":"Or\u00edgenes italianos de la Congregaci\u00f3n de la Misi\u00f3n en Espa\u00f1a","author":"Mitxel Olabu\u00e9naga","date":"10\/06\/2021","format":false,"excerpt":"En una PRIMERA PARTE del presente estudio es nuestro deber se\u00f1alar con toda claridad las diversas etapas que integran el primer per\u00edodo de la historia vicenciana de Espa\u00f1a, el per\u00edodo de la fundaci\u00f3n y de sus primeros setenta a\u00f1os, en que dependi\u00f3 del tronco vicenciano italiano, del cual proced\u00eda. ETAPA\u2026","rel":"","context":"En \u00abHistoria de la Congregaci\u00f3n de la Misi\u00f3n\u00bb","block_context":{"text":"Historia de la Congregaci\u00f3n de la Misi\u00f3n","link":"https:\/\/vincentians.com\/es\/category\/historia-de-la-familia-vicenciana\/historia-de-la-congregacion-de-la-mision\/"},"img":{"alt_text":"","src":"https:\/\/i0.wp.com\/vincentians.com\/es\/wp-content\/uploads\/sites\/11\/2016\/09\/espiritu-de-jesus.jpg?fit=1200%2C630&ssl=1&resize=350%2C200","width":350,"height":200,"srcset":"https:\/\/i0.wp.com\/vincentians.com\/es\/wp-content\/uploads\/sites\/11\/2016\/09\/espiritu-de-jesus.jpg?fit=1200%2C630&ssl=1&resize=350%2C200 1x, https:\/\/i0.wp.com\/vincentians.com\/es\/wp-content\/uploads\/sites\/11\/2016\/09\/espiritu-de-jesus.jpg?fit=1200%2C630&ssl=1&resize=525%2C300 1.5x, https:\/\/i0.wp.com\/vincentians.com\/es\/wp-content\/uploads\/sites\/11\/2016\/09\/espiritu-de-jesus.jpg?fit=1200%2C630&ssl=1&resize=700%2C400 2x, https:\/\/i0.wp.com\/vincentians.com\/es\/wp-content\/uploads\/sites\/11\/2016\/09\/espiritu-de-jesus.jpg?fit=1200%2C630&ssl=1&resize=1050%2C600 3x"},"classes":[]},{"id":126446,"url":"https:\/\/vincentians.com\/es\/todo-el-tiempo-de-nuestra-vida\/","url_meta":{"origin":128771,"position":5},"title":"Todo el tiempo de nuestra vida","author":"Francisco Javier Fern\u00e1ndez Chento","date":"16\/06\/2015","format":false,"excerpt":"Marco hist\u00f3rico del voto de estabilidad de la Congregaci\u00f3n de la Misi\u00f3n Los benedictinos y los cartujos hacen voto de estabilidad (cf. II, 104). Antes de que san Vicente pensara introducir el voto o juramento de esta\u00adbilidad, incluso como sustituto de los tres votos sustanciales, si \u00e9stos no fueran aprobados\u2026","rel":"","context":"En \u00abCongregaci\u00f3n de la Misi\u00f3n\u00bb","block_context":{"text":"Congregaci\u00f3n de la Misi\u00f3n","link":"https:\/\/vincentians.com\/es\/category\/la-familia-vicenciana\/ramas\/congregacion-de-la-mision\/"},"img":{"alt_text":"logocm","src":"https:\/\/i0.wp.com\/vicencianos.org\/wp-content\/2011\/12\/logocm-245x300.png?resize=350%2C200","width":350,"height":200},"classes":[]}],"_links":{"self":[{"href":"https:\/\/vincentians.com\/es\/wp-json\/wp\/v2\/posts\/128771","targetHints":{"allow":["GET"]}}],"collection":[{"href":"https:\/\/vincentians.com\/es\/wp-json\/wp\/v2\/posts"}],"about":[{"href":"https:\/\/vincentians.com\/es\/wp-json\/wp\/v2\/types\/post"}],"author":[{"embeddable":true,"href":"https:\/\/vincentians.com\/es\/wp-json\/wp\/v2\/users\/5"}],"replies":[{"embeddable":true,"href":"https:\/\/vincentians.com\/es\/wp-json\/wp\/v2\/comments?post=128771"}],"version-history":[{"count":1,"href":"https:\/\/vincentians.com\/es\/wp-json\/wp\/v2\/posts\/128771\/revisions"}],"predecessor-version":[{"id":405939,"href":"https:\/\/vincentians.com\/es\/wp-json\/wp\/v2\/posts\/128771\/revisions\/405939"}],"wp:featuredmedia":[{"embeddable":true,"href":"https:\/\/vincentians.com\/es\/wp-json\/wp\/v2\/media\/404124"}],"wp:attachment":[{"href":"https:\/\/vincentians.com\/es\/wp-json\/wp\/v2\/media?parent=128771"}],"wp:term":[{"taxonomy":"category","embeddable":true,"href":"https:\/\/vincentians.com\/es\/wp-json\/wp\/v2\/categories?post=128771"},{"taxonomy":"post_tag","embeddable":true,"href":"https:\/\/vincentians.com\/es\/wp-json\/wp\/v2\/tags?post=128771"}],"curies":[{"name":"wp","href":"https:\/\/api.w.org\/{rel}","templated":true}]}}