{"id":128712,"date":"2014-01-26T10:40:53","date_gmt":"2014-01-26T09:40:53","guid":{"rendered":"http:\/\/somos.vicencianos.org\/?p=128712"},"modified":"2016-07-26T19:18:59","modified_gmt":"2016-07-26T17:18:59","slug":"carta-de-santa-luisa-a-la-superiora-de-las-cistercienses","status":"publish","type":"post","link":"https:\/\/vincentians.com\/es\/carta-de-santa-luisa-a-la-superiora-de-las-cistercienses\/","title":{"rendered":"Carta de santa Luisa a la Superiora de las Cistercienses"},"content":{"rendered":"<p><a href=\"https:\/\/i0.wp.com\/vicencianos.org\/wp-content\/2011\/09\/rostros_luisa_06.jpg\"><img data-recalc-dims=\"1\" loading=\"lazy\" decoding=\"async\" class=\"alignright size-medium wp-image-54193\" alt=\"rostros_luisa_06\" src=\"https:\/\/i0.wp.com\/vicencianos.org\/wp-content\/2011\/09\/rostros_luisa_06-289x300.jpg?resize=289%2C300\" width=\"289\" height=\"300\" \/><\/a>La intenci\u00f3n directa que tiene Luisa de Marillac al escribirle una carta a la Madre Superiora de las cistercienses de Argenteuil es la de aclararle que las Hijas de la Caridad, igual que las benedictinas, tienen una vocaci\u00f3n divina que las introduce en una vida consagrada. Pero indirectamente a nosotros nos dice que, seis a\u00f1os despu\u00e9s de fundarse la Compa\u00f1\u00eda, ya es, <i>de hecho,<\/i> una Asociaci\u00f3n, Cofrad\u00eda o Compa\u00f1\u00eda distinta e independiente de la Asociaci\u00f3n de las Caridades, aunque oficialmente no est\u00e9 aprobada por el Arzobispo de Paris.<\/p>\n<h2><b>Nacimiento de la Compa\u00f1\u00eda<\/b><\/h2>\n<p>Aquellas j\u00f3venes que desde 1631 se unieron a Margarita Naseau para servir a los pobres por vocaci\u00f3n y no por un salario, sustituyendo a las mujeres de las Caridades que lo hac\u00edan por un jornal, fueron evolucionando poco a poco. A toda joven que segu\u00eda los pasos de Margarita Naseau, Vicente de Pa\u00fal la enviaba a casa de la se\u00f1orita Le Gras para que la preparara y la colocara en una Caridad, cre\u00e1ndose cierta rela\u00adci\u00f3n estrecha de amistad entre las j\u00f3venes y la santa, y a \u00e9sta un d\u00eda le asalt\u00f3 la idea de <i>fundar con ellas una congregaci\u00f3n religiosa<\/i> para reparar el voto que hizo siendo joven y que sin culpa suya no pudo cumplir. Lo consult\u00f3 con el director, que se opuso: \u00abUs\u00adted se debe a nuestro Se\u00f1or y a su santa Madre; entr\u00e9guese a ellos y al <i>estado en que la han puesto, <\/i>esperando que ellos indiquen que desean alguna otra cosa de usted\u00bb.<\/p>\n<p>No qued\u00f3 muy convencida y semanas despu\u00e9s insisti\u00f3. Vicente lo rechaz\u00f3 de plano, pues era convertirse \u00aben sirvienta (solo) de esas pobres muchachas y Dios quiere que lo sea de \u00e9l y quiz\u00e1s de otras muchas personas a las que no servir\u00eda de ese modo\u00bb, as\u00ed como \u00abcambiar de estado\u00bb; ser\u00edan religiosas con clausura, y con clausura se acab\u00f3 el servicio a los pobres. Y le mand\u00f3 con firmeza que de \u00abuna vez para siempre, no pensase en eso\u00bb. Sin embargo, en febrero de 1633, el santo le anuncia en forma de profec\u00eda que \u00abnuestro Se\u00f1or quiere servirse de usted para alguna cosa que se refiere a su gloria\u00bb.<\/p>\n<p>Conversando entre ellos dos, pensaron cons\u00adtituir con estas j\u00f3venes un grupo dentro de las Caridades. Hacia verano, Vicente crey\u00f3 que la voluntad de Dios estaba clara; hacia septiem\u00adbre ya estaba decidido, y por octubre, Luisa comenz\u00f3 una experiencia de fines de semana<span id='easy-footnote-1-128712' class='easy-footnote-margin-adjust'><\/span><span class='easy-footnote'><a href='https:\/\/vincentians.com\/es\/carta-de-santa-luisa-a-la-superiora-de-las-cistercienses\/#easy-footnote-bottom-1-128712' title='SV. I, 141, 175, 238, 261, 266.'><sup>1<\/sup><\/a><\/span>. En noviembre, todo estaba preparado. Margarita Naseau hab\u00eda muerto en la pri\u00admavera de ese a\u00f1o 1633 en el hospital de apestados de San Luis. Luisa eligi\u00f3 a Mar\u00eda Joly y a otras dos o tres j\u00f3venes y el 29 de noviembre de 1633 iniciaron la primera comunidad de Hijas de la Caridad. Vicente de Pa\u00fal con la autoridad que le daba el arzobispo de Par\u00eds y la Santa Sede para instituir las Cofrad\u00edas de la Caridad, fund\u00f3 la \u00abCaridad de viudas y solteras de pueblo\u00bb. No se implantaba en ninguna parroquia, sino en la vivienda de la Se\u00f1orita Le Gras. Su director no ser\u00eda el p\u00e1rroco sino Vicente de Pa\u00fal, y \u00e9ste nombr\u00f3 superiora a la se\u00f1orita Le Gras. \u00a0Pertenec\u00edan al grupo de Caridades que hab\u00eda iniciado en Ch\u00e2tillon el mismo Vicente de Pa\u00fal. Una nueva concepci\u00f3n de vocaci\u00f3n consagrada brotaba en la Iglesia<span id='easy-footnote-2-128712' class='easy-footnote-margin-adjust'><\/span><span class='easy-footnote'><a href='https:\/\/vincentians.com\/es\/carta-de-santa-luisa-a-la-superiora-de-las-cistercienses\/#easy-footnote-bottom-2-128712' title='SV. I, 251, 261, 266; GOBILLON, O.C. 1. 2\u00b0, cp. I, p. 49 ss. Ved la Vida de Santa Luisa: Benito Mart\u00ednez, C. M., &lt;i&gt;Empe\u00f1ada en un para\u00edso para los pobres,&lt;\/i&gt; CEME, Salamanca 1995, ps. 73-80.'><sup>2<\/sup><\/a><\/span>.<\/p>\n<p>Durante los dos primeros a\u00f1os, ni Luisa ni el superior Vicente ten\u00edan ideas claras sobre lo que pretend\u00edan con esta agrupaci\u00f3n. Sin duda alguna, quer\u00edan algo m\u00e1s que una simple cofrad\u00eda de personas piadosas y caritativas, sin que viesen a\u00fan con claridad en qu\u00e9 consist\u00eda este algo m\u00e1s. Sin embargo, aprovechando las directrices del Concilio de Trento sobre las cofrad\u00edas diocesanas, dieron un cambio rotundo a la situaci\u00f3n de las mujeres de vida consagrada en el servicio a los pobres y en el apostolado. Con audacia, tes\u00f3n y perspicacia, sin romper nada aparentemente, revolucionaron de tal modo las instituciones de vida consagrada que hoy lo vemos como un cambio sist\u00e9mico radical.<\/p>\n<p>En 1639 la Compa\u00f1\u00eda de Hijas de la Caridad ya ten\u00eda una estructura teol\u00f3gica externa de personas consagradas, y una configuraci\u00f3n org\u00e1nica interna de vida comunitaria. As\u00ed aparece en dos cartas aut\u00f3grafas de Luisa de Marillac del a\u00f1o 1639. Son las cartas n. 14: <i>A la Madre Superiora de las Benedictinas de Argenteuil,<\/i> y la n. 15: <i>A las Hermanas B\u00e1rbara Angiboust y Luisa Ganset en Richelieu.<\/i><\/p>\n<h2><b>Ambiente social<\/b><\/h2>\n<p>Empiezo por analizar la carta n. 14: <i>A la Madre Superiora de las Benedictinas de Argenteuil<\/i>. Para entenderla bien, convendr\u00eda tener presente el ambiente social en el que se escribi\u00f3. Las mujeres en el siglo XVII estaban envueltas en tres prejuicios desde que nac\u00edan: La mujer era inferior por naturaleza al hombre y estaba sometida a padre, marido, hermanos o tutores. Segundo, a la mujer se la consideraba fuente de tentaci\u00f3n para el hombre y causante de sus pecados. Y tercero, la mujer decente deb\u00eda estar casada o en un convento. La mujer soltera era considerada como mujer ligera, f\u00e1cil de conquistar y hasta de vida dudosa. Teniendo en cuenta que entonces el convento de las religiosas supon\u00eda clausura, y que las Hijas de la Caridad no viv\u00edan en clausura, sino viajando y andando por las calles de la ciudad y por los caminos de los pueblos, la gente las ve\u00eda como seglares solteras. As\u00ed nos explicamos la preocupaci\u00f3n de los fundadores por que no viajaran solas, sino en compa\u00f1\u00eda de personas conocidas; de ah\u00ed que en algunas posadas las tomasen por mujeres de vida sospechosas; de ah\u00ed que en Sedan y en Narbona se las confundiera con esa clase de mujeres. Y este fue el argumento que expuso santa Luisa al Ayuntamiento de Paris para que permitiera poner una fuente dentro del patio de la Casa de las Hijas de la Caridad: porque la pobreza en la que viven estas mujeres \u00ables ha quitado los medios para comprar el agua y las obliga a ir a cogerla ellas mismas a la fuente donde escuchan conversaciones sucias e indecorosas entre los aguadores que a menudo las insultan y las maltratan, impidi\u00e9ndolas coger agua\u00bb (D 721).<\/p>\n<h2><b>Circunstancias inmediatas<\/b><\/h2>\n<p>La gente que conoc\u00eda a estas j\u00f3venes sab\u00eda que pertenec\u00edan a una asociaci\u00f3n caritativa y que no eran religiosas. Tambi\u00e9n a algunas de las primeras j\u00f3venes la Compa\u00f1\u00eda les parec\u00eda sencillamente una cofrad\u00eda de seglares dispuestas a hacer el bien a los pobres, y sin m\u00e1s se apuntaban. Pero tambi\u00e9n bastantes j\u00f3venes, cuando se cansaban, se iban. Sor Maturina Gu\u00e9rin lo recoge en su memoria: \u00abYo le o\u00ed decir [a Santa Luisa] que al principio, cuando comenzaron las j\u00f3venes, \u00e9stas ven\u00edan en gran cantidad, pero perseveraban muy pocas, y que ella sufr\u00eda mucho al ver tanta diversidad de caras; de suerte que no viendo otra cosa, este sufrimiento era casi continuo\u00bb (D 946).<\/p>\n<p>Y parece que as\u00ed las consideraron las religiosas cistercienses (benedictinas reformadas) que se hab\u00edan establecido en Argenteuil<span id='easy-footnote-3-128712' class='easy-footnote-margin-adjust'><\/span><span class='easy-footnote'><a href='https:\/\/vincentians.com\/es\/carta-de-santa-luisa-a-la-superiora-de-las-cistercienses\/#easy-footnote-bottom-3-128712' title='Coste, I, 412, nota 5. No confundir con la abad\u00eda medieval donde en 1129 era abadesa Elo\u00edsa, famosa por sus amores con Abelardo. Ese a\u00f1o Suger, abad de Saint-Denis, expuls\u00f3 a las monjas de la abad\u00eda y la uni\u00f3 a la de Saint-Denis (masculina) hasta la Revoluci\u00f3n francesa que la suprimi\u00f3.'><sup>3<\/sup><\/a><\/span>, en un monasterio fundado en 1635 por Dionisio Desnaut, capell\u00e1n de la reina Ana de Austria. El a\u00f1o anterior, se hab\u00eda establecido tambi\u00e9n en Argenteuil una cofrad\u00eda de la Caridad (X, 671) dirigida por \u00abuna muchacha ciega\u00bb, amiga de una prima de la Hija de la Caridad, B\u00e1rbara de Saint-Leu. Con permiso de san Vicente, B\u00e1rbara fue a la boda de su hermano y parece que visitaron a las cistercienses que convencieron a B\u00e1rbara para que entrase de lega en el monasterio. Las religiosas consideraron que era una buena obra facilitar la entrada en un convento a una mujer soltera que pertenec\u00eda a una cofrad\u00eda de seglares piadosas.<\/p>\n<p>Sin embargo, parece que tanto la ciega como B\u00e1rbara y su prima barruntaban que las Hijas de la Caridad ten\u00edan una vocaci\u00f3n divina de mujer consagrada, pues fueron a hablar con san Vicente para que la permitiera <i>cambiar de congregaci\u00f3n. <\/i>San Vicente no se lo autoriz\u00f3, pero B\u00e1rbara entr\u00f3 en el monasterio. Poco despu\u00e9s las cistercienses necesitaron otra lega y se fijaron en otra de \u00abaquellas j\u00f3venes\u00bb, y \u00e9sta acudi\u00f3 a santa Luisa. Esta conoc\u00eda a una joven que deseaba ser religiosa sin dote, lega, y santa Luisa se la envi\u00f3 a las monjas cistercienses con la carta siguiente<span id='easy-footnote-4-128712' class='easy-footnote-margin-adjust'><\/span><span class='easy-footnote'><a href='https:\/\/vincentians.com\/es\/carta-de-santa-luisa-a-la-superiora-de-las-cistercienses\/#easy-footnote-bottom-4-128712' title='SV. I, 399, 412, 414.'><sup>4<\/sup><\/a><\/span>.<\/p>\n<p style=\"text-align: right;padding-left: 30px\"><i>La Chapelle, hoy 16 de mayo de 1639<\/i><\/p>\n<p style=\"padding-left: 30px\"><i>Se\u00f1ora<\/i><span id='easy-footnote-5-128712' class='easy-footnote-margin-adjust'><\/span><span class='easy-footnote'><a href='https:\/\/vincentians.com\/es\/carta-de-santa-luisa-a-la-superiora-de-las-cistercienses\/#easy-footnote-bottom-5-128712' title='Entonces &lt;i&gt;Madame (Se\u00f1ora)&lt;\/i&gt;, era un t\u00edtulo de categor\u00eda social que tambi\u00e9n se daba a las Abadesas y Prioras de monasterios, dirigidos, por lo com\u00fan, por mujeres de la nobleza.'><sup>5<\/sup><\/a><\/span>:<\/p>\n<p style=\"padding-left: 30px\"><i>Tal vez le extra\u00f1ar\u00e1 que, sin tener el honor de conocerla ni de ser conocida de usted, me tome la libertad de escribirle. No lo har\u00eda a no ser por la seguridad que tengo de que no lo tomar\u00e1 a mal, pues es por el amor a Dios, a quien queremos servir y amar, por el que le env\u00edo una joven de este lugar, que es buena y est\u00e1 llena de buenos deseos, para ocupar el puesto de hermana lega, que me han dicho hay en su monasterio.<\/i><\/p>\n<p style=\"padding-left: 30px\"><i>Lo he sabido por una de las j\u00f3venes, sirvientas de los pobres enfermos de las Caridades de las Parroquias, a la que Dios ha llamado y puesto en esta condici\u00f3n desde hace ocho a\u00f1os<\/i><span id='easy-footnote-6-128712' class='easy-footnote-margin-adjust'><\/span><span class='easy-footnote'><a href='https:\/\/vincentians.com\/es\/carta-de-santa-luisa-a-la-superiora-de-las-cistercienses\/#easy-footnote-bottom-6-128712' title='Tanto san Vicente como santa Luisa fijan el comienzo de la Compa\u00f1\u00eda con la entrega de Margarita Naseau, hacia 1630-1631.'><sup>6<\/sup><\/a><\/span><i>. No he querido creer, se\u00f1ora, que haya sido usted la que haya encargado desviarla de su vocaci\u00f3n, no pudiendo imaginarme que los que conocen su importancia quisieran intentar oponerse a los designios de Dios y poner en peligro la salvaci\u00f3n de un alma, privando de socorro a los pobres abandonados, sumidos en toda suerte de necesidades y que realmente s\u00f3lo son atendidos por los servicios de estas buenas j\u00f3venes que, desprendi\u00e9ndose de todo inter\u00e9s, se dan a Dios para el servicio espiritual y temporal de esas pobres criaturas a las que su bondad quiere tener por miembros suyos. Quiera Dios, Se\u00f1ora, que la que tiene usted ya en su casa la sirva bien y est\u00e9 contenta; quiero creer que no hab\u00eda sido llamada de verdad a la condici\u00f3n en que estaba, de lo contrario, ser\u00eda reprensible. Pero, Se\u00f1ora, le suplico que no vuelva a permitir que, con consentimiento de usted, sean de nuevo probadas, porque podr\u00eda servir de tentaci\u00f3n a otras muchas. Esto, no obstante, Se\u00f1ora, no me impedir\u00eda seguir siendo, como lo soy, en el amor de Jes\u00fas Crucificado su humilde y obediente servidora.<\/i><\/p>\n<p style=\"text-align: right;padding-left: 30px\"><i>Ld Marillac Le Gras<\/i><\/p>\n<h2><b>La vocaci\u00f3n a Hija de la Caridad<\/b><\/h2>\n<p>La carta intenta demostrar a las cistercienses que las Hijas de la Caridad tienen una vocaci\u00f3n divina de personas consagradas a Dios como las cistercienses. Era la misma ense\u00f1anza que, junto con san Vicente, intentaba inculcar a las j\u00f3venes que formaban parte de ese grupo: que Dios les hab\u00eda dado una vocaci\u00f3n de mujeres consagradas.<\/p>\n<p>Antes de 1636, era muy poco lo que exig\u00edan a las chicas para unirse a la cofrad\u00eda: que quisieran, que fueran sanas y fuertes para poder servir a los pobres enfermos y que no tuvieran una sico\u00adlog\u00eda complicada; es decir, que tuvieran \u00abbuen esp\u00edritu y buena voluntad\u00bb, y fueran capaces de cumplir con el objetivo de la Asociaci\u00f3n. Lo dem\u00e1s, ya lo ir\u00edan adquiriendo o corrigiendo. Da la sensaci\u00f3n de que a las j\u00f3venes no se le exige mucho m\u00e1s de lo que se les pide a las se\u00f1oras que se integran en las Caridades.<\/p>\n<p>Desde mayo de 1636, sin embargo, aparece en la mente de los fundadores que las j\u00f3venes de esta Caridad formaban ya una peque\u00f1a Compa\u00f1\u00eda<span id='easy-footnote-7-128712' class='easy-footnote-margin-adjust'><\/span><span class='easy-footnote'><a href='https:\/\/vincentians.com\/es\/carta-de-santa-luisa-a-la-superiora-de-las-cistercienses\/#easy-footnote-bottom-7-128712' title='SV. I, 282-283, 363. Compa\u00f1\u00eda en el sentido que hoy se da a las Sociedades de Vida Apost\u00f3lica. Hasta esa fecha, se consideraba una cofrad\u00eda o asociaci\u00f3n eclesial tal como lo expresa el T\u00edtulo V de la 1\u00aaparte del C\u00f3digo de Derecho Can\u00f3nico.'><sup>7<\/sup><\/a><\/span> y que las que quisieran pertenecer a ella necesitaban <i>tener una vocaci\u00f3n espec\u00edfica<\/i>. Pero el sentido de la vocaci\u00f3n de la Hija de la Caridad parece que tiene muchos matices para Luisa de Marillac seg\u00fan las circunstancia en que lo aplica y a las personas a las que se dirige.<\/p>\n<p>Es el problema humanamente indisoluble de c\u00f3mo compaginar la voluntad de Dios y la gracia divina con la libertad del hombre, pues pocos suelen saber con certeza cu\u00e1l es su vocaci\u00f3n. Son muchos los que la buscan en alguna \u00e9poca de su vida y la descubren a trav\u00e9s de los a\u00f1os. A veces parece que la se\u00f1orita Le Gras da la iniciativa a la joven que <i>se ofrece<\/i> a Dios para servirle en los pobres y darles la felicidad, convencida de que ella tambi\u00e9n ser\u00e1 feliz en ese estado de vida <i>(se dan a Dios\u2026 sin ning\u00fan inter\u00e9s<\/i><span id='easy-footnote-8-128712' class='easy-footnote-margin-adjust'><\/span><span class='easy-footnote'><a href='https:\/\/vincentians.com\/es\/carta-de-santa-luisa-a-la-superiora-de-las-cistercienses\/#easy-footnote-bottom-8-128712' title='SL. c. 115, 191, 202, 322; 176, 402, 426.'><sup>8<\/sup><\/a><\/span><em>)<\/em>. Y Dios <i>acepta<\/i> esta entrega que le hace la joven y le da una gracia especial para que lo cumpla: <i>el carisma de su vocaci\u00f3n indeleble, <\/i>que encierra otras gracias necesarias para cumplir su misi\u00f3n. Eso s\u00ed, Dios la acepta si la joven que se entrega para ser Hija de la Caridad tiene la intenci\u00f3n de vivir siempre el nuevo g\u00e9nero de vida y cumplir todos sus compromisos y obligaciones, como se lo escribe santa Luisa al H\u00ba Ducourneau (c. 618).<\/p>\n<p>Hay cartas en las que santa Luisa parece considerar la entrega-vocaci\u00f3n como iniciativa de la joven en su dimensi\u00f3n humana, ofreci\u00e9ndose a Dios para construir su Reino de una manera determinada: emplea las palabras deseo, preparadas, origen, edad, salud, condici\u00f3n, capaces, o las frases \u00abque no sea el deseo de ver Par\u00eds lo que las mueva a venir, ni la necesidad de asegurarse la vida\u00bb, \u00abtemo mucho los esp\u00edritus de esa regi\u00f3n; tampoco conviene, de poder ser, que pasen de treinta a\u00f1os, y hay que conocerlas, si se puede, desde su cuna\u00bb, \u00abla experiencia nos ha hecho ver que esas j\u00f3venes no suelen dar resultado\u00bb, \u00ab\u00bfque no encuentra muchachas que tengan ganas de darse en la Compa\u00f1\u00eda para el servicio de Nuestro Se\u00f1or en la persona de los pobres? Pues usted bien sabe que las tenemos de m\u00e1s lejos\u00bb<span id='easy-footnote-9-128712' class='easy-footnote-margin-adjust'><\/span><span class='easy-footnote'><a href='https:\/\/vincentians.com\/es\/carta-de-santa-luisa-a-la-superiora-de-las-cistercienses\/#easy-footnote-bottom-9-128712' title='SL. c. 50, 116, 618, 717.'><sup>9<\/sup><\/a><\/span>.<\/p>\n<p>Sin negar que esos condicionamientos sean parte integrante de una verdadera vocaci\u00f3n divina, pues entonces como hoy, la persona entera, la personalidad y las mediaciones materiales entran a ser <i>constitutivas<\/i> de la vocaci\u00f3n, hay que tener presente que la vida religiosa en aquella \u00e9poca se consideraba por lo general una ocupaci\u00f3n como otra cualquiera y que ordinariamente la decid\u00edan los padres<span id='easy-footnote-10-128712' class='easy-footnote-margin-adjust'><\/span><span class='easy-footnote'><a href='https:\/\/vincentians.com\/es\/carta-de-santa-luisa-a-la-superiora-de-las-cistercienses\/#easy-footnote-bottom-10-128712' title='Lo vemos en la vocaci\u00f3n de san Vicente as\u00ed como en la de muchos santos y reformadores de su tiempo.'><sup>10<\/sup><\/a><\/span>. A menudo, eran las circunstancias econ\u00f3micas y sociales o el orden de nacimiento lo que impon\u00eda el estado de vida a escoger: casada o religiosa, ya que la solter\u00eda era mal vista y peligrosa para una mujer. Por otro lado, esa ocupaci\u00f3n en un convento era para siempre, mientras que las j\u00f3venes de una cofrad\u00eda secular f\u00e1cilmente la podr\u00edan considerar como una ocupaci\u00f3n temporal en una obra de caridad que diera sustento econ\u00f3mico y situaci\u00f3n social.<\/p>\n<p>Desde 1639 se ve, por esta carta, que los fundadores consideraban la vocaci\u00f3n con la fuerza que le daba B\u00e9rulle: responder afirmativamente a la voluntad de Dios que manifiesta su designio eterno sobre una persona para que siga una forma de vida determinada dentro del misterio de la Providencia <i>(llamadas y puestas por Dios\u2026 oponerse a los designios de Dios\u2026 peligro de condenaci\u00f3n)<\/i><span id='easy-footnote-11-128712' class='easy-footnote-margin-adjust'><\/span><span class='easy-footnote'><a href='https:\/\/vincentians.com\/es\/carta-de-santa-luisa-a-la-superiora-de-las-cistercienses\/#easy-footnote-bottom-11-128712' title='SL. c. 115, 150, 197, 271, 323, 365, 370, 394, 420, 421, 681; 72, 436, 630.'><sup>11<\/sup><\/a><\/span>.<\/p>\n<p>B\u00e9rulle afirma que todas las personas nacen con la impronta de una vocaci\u00f3n concreta que realiza en la historia siguiendo a la Providencia divina. Ciertamente hay personas a las que Dios elige directamente, como a los ap\u00f3stoles y a otros santos, seg\u00fan las palabras de Jes\u00fas: <i>\u00abNo me hab\u00e9is elegido vosotros a m\u00ed, sino que yo os he elegido a vosotros\u00bb<\/i> (Jn 15, 16), pero a la mayor\u00eda, por medio de las mediaciones terrenas.<\/p>\n<p>Santa Luisa sigue esta doctrina, y les env\u00eda una joven a la que -piensa- Dios le ha dado la vocaci\u00f3n de religiosa y no de Hija de la Caridad. Y como tiene una convicci\u00f3n tan firme de que la iniciativa viene de Dios, se puede interpretar que, para ella, aquellas exigencias humanas y sociales exigidas a las j\u00f3venes son las se\u00f1ales de una verdadera vocaci\u00f3n, pues se supone que la vocaci\u00f3n\u00a0<strong><i>concuerda<\/i><\/strong><strong> con los gustos, deseos y aptitudes<\/strong>\u00a0de una persona, como lo hab\u00eda insinuado San Francisco de Sales<span id='easy-footnote-12-128712' class='easy-footnote-margin-adjust'><\/span><span class='easy-footnote'><a href='https:\/\/vincentians.com\/es\/carta-de-santa-luisa-a-la-superiora-de-las-cistercienses\/#easy-footnote-bottom-12-128712' title='Ved Antonio S\u00c1NCHEZ RECHE, \u00abLa vocaci\u00f3n en San Francisco de Sales\u00bb. Extracto de la Tesis Doctoral en la Facultad de Teolog\u00eda de la Universidad de Navarra, en &lt;i&gt;Excerpta e Dissertationibus in Sacra Theologia, Vol. XL, n. 4&lt;\/i&gt;.'><sup>12<\/sup><\/a><\/span>. Son exigencias humanas y sociales de las que se vale Dios para manifestar su voluntad sobre el destino de esa persona <i>(<\/i><i>Quiera Dios, que la que tiene usted ya en su casa <\/i>(B\u00e1rbara, la que hab\u00eda pasado al C\u00edster) <i>la sirva bien y est\u00e9 contenta; quiero creer que \u00a0no hab\u00eda sido llamada de verdad a la condici\u00f3n en que estaba, de lo contrario, ser\u00eda reprensible)<\/i>.<\/p>\n<p>Estos matices sobre la vocaci\u00f3n de Hija de la Caridad se entremezclan frecuentemente d\u00e1ndole un colorido especial a su grandeza: \u00abSer llamada por un Dios, \u00a1qu\u00e9 grandeza de vocaci\u00f3n! Y esto se conoce por la queja que Dios mismo da cuando algunas personas quieren injerirse en trabajar a su servicio sin que El las haya llamado. Y Nuestro Se\u00f1or \u00bfno da a entender la grandeza de la vocaci\u00f3n cuando dice a sus Ap\u00f3stoles: \u00abno sois vosotros, sino yo quien os he elegido\u00bb? Gran estima, pues, deb\u00e9is hacer de vuestra vocaci\u00f3n. Confund\u00edos ante esta gracia y sed agradecidas por ella. Pues si no os humill\u00e1is a la vista de vuestra nada asombr\u00e1ndoos de que Dios os haya sacado de la pobreza, de la bajeza, para servirse de vosotras, \u00bfqu\u00e9 ser\u00eda de vosotras, mis queridas Hermanas? Si hubierais permanecido en la forma de vida de vuestro lugar de origen, hubierais sido como las dem\u00e1s compa\u00f1eras, ocupadas como pobres gentes en trabajos manuales. Y nadie os hubiera considerado personas, como a tantas otras de vuestra clase. Por eso, vosotras y yo, tenemos muchos motivos para humillarnos profundamente\u00bb (E 72).<\/p>\n<h2><b>Grandeza de la vocaci\u00f3n a la Compa\u00f1\u00eda por su fin<\/b><\/h2>\n<p>Santa Luisa viene a decirle a la Madre Superiora que la vocaci\u00f3n de las cistercienses no es superior a la de estas muchachas. Y sacamos la conclusi\u00f3n de que para santa Luisa todas las vocaciones tienen la misma grandeza, pues todas indican a cada persona el camino que debe seguir para lograr el objetivo de cumplir la voluntad de Dios. Pero leyendo atentamente la carta, parece como si santa Luisa diera mayor grandeza a la vocaci\u00f3n que <i>tiene<\/i> <i>presente la utilidad com\u00fan de todos los hombres,<\/i> como carisma que es. As\u00ed, indirectamente santa Luisa insin\u00faa que la grandeza de la vocaci\u00f3n de una Hija de la Caridad viene <i>\u00abmedida\u00bb<\/i> por la calidad del compromiso de dedicarse toda la vida a socorrer <i>\u00aba los pobres abandonados, sumidos en toda suerte de necesidades y que realmente s\u00f3lo son atendidos por los servicios de estas buenas j\u00f3venes que, desprendi\u00e9ndose de todo inter\u00e9s, se dan a Dios para el servicio espiritual y temporal de esas pobres criaturas a las que su bondad quiere tener por miembros suyos\u00bb.<\/i><\/p>\n<p>O sea, los pobres son los m\u00e1s grandes por ser los <i>miembros dolientes de Jes\u00fas<\/i>. Llamar a los pobres <i>miembros de Jes\u00fas, <\/i>es frecuente en santa Luisa desde la primera carta conservada que dirigi\u00f3 a san Vicente hasta el final de su vida<span id='easy-footnote-13-128712' class='easy-footnote-margin-adjust'><\/span><span class='easy-footnote'><a href='https:\/\/vincentians.com\/es\/carta-de-santa-luisa-a-la-superiora-de-las-cistercienses\/#easy-footnote-bottom-13-128712' title='SL. c. 3, 115, 487; E 111 n. 296.'><sup>13<\/sup><\/a><\/span>. Era una frase usada desde los primeros siglos del cristianismo. Pero es que, adem\u00e1s, Luisa sab\u00eda que ella era miembro del mismo cuerpo de los pobres cuya cabeza es Cristo<span id='easy-footnote-14-128712' class='easy-footnote-margin-adjust'><\/span><span class='easy-footnote'><a href='https:\/\/vincentians.com\/es\/carta-de-santa-luisa-a-la-superiora-de-las-cistercienses\/#easy-footnote-bottom-14-128712' title='Rm 12, 4-5, Co cp. 12.'><sup>14<\/sup><\/a><\/span>. Y cuando alguno sufre convertido en <i>miembro doliente<\/i>, los otros miembros se sienten obligados a ayudarlo corporalmente, como le escribe a su entra\u00f1able amiga Sor B\u00e1rbara Angiboust:<\/p>\n<p>\u00ab\u00a1Y bien!, ven ustedes cantidad de miserias que no pueden socorrer&#8230; Lleven con ellos sus penas, hagan todo lo posible por darles alguna peque\u00f1a ayuda, y permanezcan en paz. Es posible que ustedes tengan tambi\u00e9n su parte de necesidad; ah\u00ed est\u00e1 su consuelo, porque si estuvieran ustedes en la abundancia, sus corazones no podr\u00edan usarlo viendo sufrir tanto a sus Se\u00f1ores y nuestros\u2026 Nos vemos obligadas a hacer lo mismo en esta ciudad, donde hay parroquias que tienen cinco mil pobres, a los que se les da la sopa. En nuestra parroquia la damos a dos mil, sin contar a los enfermos\u00bb (c. 410).<\/p>\n<p>Sin olvidar el servicio <i>espiritual<\/i>: \u00abEn su comportamiento con los enfermos, que no sea por salir del paso, sino llenas de afecto, habl\u00e1ndoles y sirvi\u00e9ndoles con el coraz\u00f3n; inform\u00e1ndose con detalle de sus necesidades, habl\u00e1ndoles con mansedumbre y compasi\u00f3n\u2026, y sobre todo teniendo mucho cuidado de su salvaci\u00f3n; no separ\u00e1ndose nunca de un pobre o enfermo sin haberle dicho una palabra buena, y cuando los vean en una gran ignorancia, ens\u00e9\u00f1enles a hacer actos de fe, de contrici\u00f3n y de amor\u00bb (E 55). Para ello, como lo repet\u00eda sin cesar el Superior Vicente de Pa\u00fal, deben \u00abprepararlos a hacer cuanto antes confesi\u00f3n general\u00bb y a los que est\u00e9n en trance de muerte a hacer actos de fe, esperanza y caridad, necesarios para la salvaci\u00f3n, as\u00ed como tener dolor y arrepentimiento de todos sus pecados, \u00abprocurando infundir temor a los que lo necesiten y confianza a los demasiado temerosos\u00bb. Y tambi\u00e9n, que a los que se curen les ense\u00f1en \u00ablo que han de hacer para vivir como buenos cristianos\u00bb (E, 47).<\/p>\n<h2><b>Sirvienta, Hija de la Caridad, amiga de los pobres<\/b><\/h2>\n<p>Llama la atenci\u00f3n que la carta las llame <i>sirvientas de los pobres enfermos de las Caridades de las Parroquias, <\/i>como las llamar\u00e1n el documento de <i>Erecci\u00f3n de la Compa\u00f1\u00eda<\/i> (1646) del arzobispo de Paris y el de la <i>Aprobaci\u00f3n <\/i>definitiva (1655)<span id='easy-footnote-15-128712' class='easy-footnote-margin-adjust'><\/span><span class='easy-footnote'><a href='https:\/\/vincentians.com\/es\/carta-de-santa-luisa-a-la-superiora-de-las-cistercienses\/#easy-footnote-bottom-15-128712' title='SV. X, 698s, 711s. Tambi\u00e9n las nombran as\u00ed la aprobaci\u00f3n del Rey Luis XIV, el registro del Parlamento y las &lt;i&gt;obediencias&lt;\/i&gt; o &lt;i&gt;pase&lt;\/i&gt;, como documento de identidad, que da san Vicente a las Hermanas que viajan a su destino (X, 718, 738; 725, 727).'><sup>15<\/sup><\/a><\/span>. Sin embargo, poco m\u00e1s de un a\u00f1o despu\u00e9s, en una conferencia san Vicente les dice: \u00abNadie jam\u00e1s se ha preocupado de daros un nombre. Pero, con el correr de los tiempos, el mundo, al veros dedicadas totalmente al servicio de los pobres y de otras buenas obras, os ha llamado com\u00fanmente Hijas de la Caridad. Estimad mucho este santo nombre y obrad de manera que os mostr\u00e9is siempre dignas de llevarlo. \u00bfQu\u00e9 cre\u00e9is, hermanas m\u00edas, que quiere decir este hermoso nombre: Hijas de la Caridad? Nada m\u00e1s que Hijas del buen Dios, porque el que est\u00e1 en la caridad, est\u00e1 en Dios, y Dios en \u00e9l\u00bb (IX, 67). Y de aqu\u00ed en adelante Hijas de la Caridad ser\u00e1 el nombre corriente que se les aplique en cartas, conferencias y documentos comunes.<\/p>\n<p>Es decir, que los fundadores no son intransigentes ni tienen inconvenientes en convertir a <i>las sirvientas de los pobres &#8211;<\/i>sus \u00abamos y se\u00f1ores\u00bb<i>&#8211;<\/i><span id='easy-footnote-16-128712' class='easy-footnote-margin-adjust'><\/span><span class='easy-footnote'><a href='https:\/\/vincentians.com\/es\/carta-de-santa-luisa-a-la-superiora-de-las-cistercienses\/#easy-footnote-bottom-16-128712' title='&lt;i&gt;\u00abSignori e padroni\u00bb&lt;\/i&gt; era frase com\u00fan para indicar la total posesi\u00f3n de algo o sobre alguien, al estilo de hoy d\u00eda: &lt;i&gt;Se hacen due\u00f1os y se\u00f1ores de la casa. &lt;\/i&gt;Pero en especial, para designar a los Se\u00f1ores de un pueblo o lugar, de un hospital&amp;#8230;&lt;i&gt; &lt;\/i&gt;En este sentido, san Camilo de Lellis se la aplic\u00f3 a los pobres, y san Vicente la hizo suya (IX, 119; X, 266, 332); santa Luisa solo usa la palabra \u00abma\u00eetres\u00bb (due\u00f1os) (L. 43, 424, 571).'><sup>16<\/sup><\/a><\/span><i> <\/i>en<i> Hijas de la Caridad.<\/i> Acaso haya llegado el d\u00eda de presentarse como <i>amigas de los pobres<\/i> y no como <i>sirvienta<\/i>, pues no es f\u00e1cil presentarse como sirvienta ni tratarlos como a los amos, porque los pobres, dec\u00eda san Vicente, <i>con frecuencia no tienen ni la figura ni el esp\u00edritu de las personas educadas, pues son vulgares y groseros\u2026 Pero dadle la vuelta a la medalla y ver\u00e9is con las luces de la fe que son quienes nos representan al Hijo de Dios<\/i> (XI, 725).<\/p>\n<p>Ser <i>sirvienta<\/i> fue una intuici\u00f3n inmensa y necesaria en aquel siglo, pero dif\u00edcil de prolongar en nuestra sociedad increyente que lucha contra la opresi\u00f3n de la mujer y est\u00e1 preocupada por colocar en el mismo plano de igualdad a todos los empleados, colaboradores y pobres. El mundo evoluciona y ha dado a la sirvienta de anta\u00f1o el sentido moderno de <i>trabajadora asalariada<\/i>. Por eso acaso haya llegado el tiempo de que, sin suprimir el sentimiento de ser <i>sirvienta de los pobres, de estar a su servicio, de serles \u00fatiles,<\/i> haya que dar m\u00e1s \u00e9nfasis a la mentalidad de ser <i>amiga de los pobres<\/i> que los acoge para reconocer su dignidad y promocionar su futuro<i>.<\/i> Ello supone que les inspiran confianza, que conf\u00edas en ellos para que ellos conf\u00eden en ellas. Si conf\u00edan el uno en el otro, lo que les dicen lo ven como venido de Dios.<\/p>\n","protected":false},"excerpt":{"rendered":"<p>La intenci\u00f3n directa que tiene Luisa de Marillac al escribirle una carta a la Madre Superiora de las cistercienses de Argenteuil es la de aclararle que las Hijas de la Caridad, igual que las benedictinas, &#8230; <a href=\"https:\/\/vincentians.com\/es\/carta-de-santa-luisa-a-la-superiora-de-las-cistercienses\/\" class=\"more-link\">Read More<\/a><\/p>\n","protected":false},"author":4,"featured_media":54193,"comment_status":"open","ping_status":"open","sticky":false,"template":"","format":"standard","meta":{"jetpack_post_was_ever_published":false,"_jetpack_newsletter_access":"","_jetpack_dont_email_post_to_subs":false,"_jetpack_newsletter_tier_id":0,"_jetpack_memberships_contains_paywalled_content":false,"_jetpack_memberships_contains_paid_content":false,"footnotes":"","jetpack_publicize_message":"","jetpack_publicize_feature_enabled":true,"jetpack_social_post_already_shared":true,"jetpack_social_options":{"image_generator_settings":{"template":"highway","default_image_id":0,"font":"","enabled":false},"version":2}},"categories":[28],"tags":[224,173,220,162,172],"class_list":["post-128712","post","type-post","status-publish","format-standard","has-post-thumbnail","hentry","category-formacion-vicenciana","tag-berulle","tag-chatillon-les-dombes","tag-ducourneau","tag-gobillon","tag-pobreza"],"yoast_head":"<!-- This site is optimized with the Yoast SEO plugin v26.3 - https:\/\/yoast.com\/wordpress\/plugins\/seo\/ -->\n<title>Carta de santa Luisa a la Superiora de las Cistercienses - Somos Vicencianos<\/title>\n<meta name=\"robots\" content=\"index, follow, max-snippet:-1, max-image-preview:large, max-video-preview:-1\" \/>\n<link rel=\"canonical\" href=\"http:\/\/vincentians.com\/es\/carta-de-santa-luisa-a-la-superiora-de-las-cistercienses\/\" \/>\n<meta property=\"og:locale\" content=\"es_ES\" \/>\n<meta property=\"og:type\" content=\"article\" \/>\n<meta property=\"og:title\" content=\"Carta de santa Luisa a la Superiora de las Cistercienses - Somos Vicencianos\" \/>\n<meta property=\"og:description\" content=\"La intenci\u00f3n directa que tiene Luisa de Marillac al escribirle una carta a la Madre Superiora de las cistercienses de Argenteuil es la de aclararle que las Hijas de la Caridad, igual que las benedictinas, ... Read More\" \/>\n<meta property=\"og:url\" content=\"http:\/\/vincentians.com\/es\/carta-de-santa-luisa-a-la-superiora-de-las-cistercienses\/\" \/>\n<meta property=\"og:site_name\" content=\"Somos Vicencianos\" \/>\n<meta property=\"article:publisher\" content=\"https:\/\/www.facebook.com\/WeAreVincentians\/\" \/>\n<meta property=\"article:author\" content=\"https:\/\/www.facebook.com\/JavierChento\" \/>\n<meta property=\"article:published_time\" content=\"2014-01-26T09:40:53+00:00\" \/>\n<meta property=\"article:modified_time\" content=\"2016-07-26T17:18:59+00:00\" \/>\n<meta name=\"author\" content=\"Francisco Javier Fern\u00e1ndez Chento\" \/>\n<meta name=\"twitter:card\" content=\"summary_large_image\" \/>\n<meta name=\"twitter:creator\" content=\"@https:\/\/twitter.com\/javierchento\" \/>\n<meta name=\"twitter:site\" content=\"@WeVincentians\" \/>\n<meta name=\"twitter:label1\" content=\"Escrito por\" \/>\n\t<meta name=\"twitter:data1\" content=\"Francisco Javier Fern\u00e1ndez Chento\" \/>\n\t<meta name=\"twitter:label2\" content=\"Tiempo de lectura\" \/>\n\t<meta name=\"twitter:data2\" content=\"23 minutos\" \/>\n<script type=\"application\/ld+json\" class=\"yoast-schema-graph\">{\"@context\":\"https:\/\/schema.org\",\"@graph\":[{\"@type\":\"Article\",\"@id\":\"http:\/\/vincentians.com\/es\/carta-de-santa-luisa-a-la-superiora-de-las-cistercienses\/#article\",\"isPartOf\":{\"@id\":\"http:\/\/vincentians.com\/es\/carta-de-santa-luisa-a-la-superiora-de-las-cistercienses\/\"},\"author\":{\"name\":\"Francisco Javier Fern\u00e1ndez Chento\",\"@id\":\"http:\/\/vincentians.com\/es\/#\/schema\/person\/9623ef4d9aa3b2dfb8c061f1499288f2\"},\"headline\":\"Carta de santa Luisa a la Superiora de las Cistercienses\",\"datePublished\":\"2014-01-26T09:40:53+00:00\",\"dateModified\":\"2016-07-26T17:18:59+00:00\",\"mainEntityOfPage\":{\"@id\":\"http:\/\/vincentians.com\/es\/carta-de-santa-luisa-a-la-superiora-de-las-cistercienses\/\"},\"wordCount\":4547,\"commentCount\":0,\"publisher\":{\"@id\":\"http:\/\/vincentians.com\/es\/#organization\"},\"image\":{\"@id\":\"http:\/\/vincentians.com\/es\/carta-de-santa-luisa-a-la-superiora-de-las-cistercienses\/#primaryimage\"},\"thumbnailUrl\":\"\",\"keywords\":[\"Berulle\",\"Chatillon\",\"Ducourneau\",\"Gobillon\",\"Pobreza\"],\"articleSection\":[\"Formaci\u00f3n Vicenciana\"],\"inLanguage\":\"es\",\"potentialAction\":[{\"@type\":\"CommentAction\",\"name\":\"Comment\",\"target\":[\"http:\/\/vincentians.com\/es\/carta-de-santa-luisa-a-la-superiora-de-las-cistercienses\/#respond\"]}]},{\"@type\":\"WebPage\",\"@id\":\"http:\/\/vincentians.com\/es\/carta-de-santa-luisa-a-la-superiora-de-las-cistercienses\/\",\"url\":\"http:\/\/vincentians.com\/es\/carta-de-santa-luisa-a-la-superiora-de-las-cistercienses\/\",\"name\":\"Carta de santa Luisa a la Superiora de las Cistercienses - Somos Vicencianos\",\"isPartOf\":{\"@id\":\"http:\/\/vincentians.com\/es\/#website\"},\"primaryImageOfPage\":{\"@id\":\"http:\/\/vincentians.com\/es\/carta-de-santa-luisa-a-la-superiora-de-las-cistercienses\/#primaryimage\"},\"image\":{\"@id\":\"http:\/\/vincentians.com\/es\/carta-de-santa-luisa-a-la-superiora-de-las-cistercienses\/#primaryimage\"},\"thumbnailUrl\":\"\",\"datePublished\":\"2014-01-26T09:40:53+00:00\",\"dateModified\":\"2016-07-26T17:18:59+00:00\",\"breadcrumb\":{\"@id\":\"http:\/\/vincentians.com\/es\/carta-de-santa-luisa-a-la-superiora-de-las-cistercienses\/#breadcrumb\"},\"inLanguage\":\"es\",\"potentialAction\":[{\"@type\":\"ReadAction\",\"target\":[\"http:\/\/vincentians.com\/es\/carta-de-santa-luisa-a-la-superiora-de-las-cistercienses\/\"]}]},{\"@type\":\"ImageObject\",\"inLanguage\":\"es\",\"@id\":\"http:\/\/vincentians.com\/es\/carta-de-santa-luisa-a-la-superiora-de-las-cistercienses\/#primaryimage\",\"url\":\"\",\"contentUrl\":\"\"},{\"@type\":\"BreadcrumbList\",\"@id\":\"http:\/\/vincentians.com\/es\/carta-de-santa-luisa-a-la-superiora-de-las-cistercienses\/#breadcrumb\",\"itemListElement\":[{\"@type\":\"ListItem\",\"position\":1,\"name\":\"Portada\",\"item\":\"http:\/\/vincentians.com\/es\/\"},{\"@type\":\"ListItem\",\"position\":2,\"name\":\"Carta de santa Luisa a la Superiora de las Cistercienses\"}]},{\"@type\":\"WebSite\",\"@id\":\"http:\/\/vincentians.com\/es\/#website\",\"url\":\"http:\/\/vincentians.com\/es\/\",\"name\":\"Somos Vicencianos\",\"description\":\"Know more to serve more\",\"publisher\":{\"@id\":\"http:\/\/vincentians.com\/es\/#organization\"},\"potentialAction\":[{\"@type\":\"SearchAction\",\"target\":{\"@type\":\"EntryPoint\",\"urlTemplate\":\"http:\/\/vincentians.com\/es\/?s={search_term_string}\"},\"query-input\":{\"@type\":\"PropertyValueSpecification\",\"valueRequired\":true,\"valueName\":\"search_term_string\"}}],\"inLanguage\":\"es\"},{\"@type\":\"Organization\",\"@id\":\"http:\/\/vincentians.com\/es\/#organization\",\"name\":\"The Vincentian Network\",\"url\":\"http:\/\/vincentians.com\/es\/\",\"logo\":{\"@type\":\"ImageObject\",\"inLanguage\":\"es\",\"@id\":\"http:\/\/vincentians.com\/es\/#\/schema\/logo\/image\/\",\"url\":\"https:\/\/i1.wp.com\/vincentians.com\/es\/wp-content\/uploads\/sites\/11\/2016\/06\/Vincentian-Network-logo-big.png?fit=778%2C778\",\"contentUrl\":\"https:\/\/i1.wp.com\/vincentians.com\/es\/wp-content\/uploads\/sites\/11\/2016\/06\/Vincentian-Network-logo-big.png?fit=778%2C778\",\"width\":778,\"height\":778,\"caption\":\"The Vincentian Network\"},\"image\":{\"@id\":\"http:\/\/vincentians.com\/es\/#\/schema\/logo\/image\/\"},\"sameAs\":[\"https:\/\/www.facebook.com\/WeAreVincentians\/\",\"https:\/\/x.com\/WeVincentians\"]},{\"@type\":\"Person\",\"@id\":\"http:\/\/vincentians.com\/es\/#\/schema\/person\/9623ef4d9aa3b2dfb8c061f1499288f2\",\"name\":\"Francisco Javier Fern\u00e1ndez Chento\",\"image\":{\"@type\":\"ImageObject\",\"inLanguage\":\"es\",\"@id\":\"http:\/\/vincentians.com\/es\/#\/schema\/person\/image\/\",\"url\":\"https:\/\/secure.gravatar.com\/avatar\/497d5cde87b4c3d097d0315953521681ba2cd523ee66e5077c3711f7021e65de?s=96&d=mm&r=g\",\"contentUrl\":\"https:\/\/secure.gravatar.com\/avatar\/497d5cde87b4c3d097d0315953521681ba2cd523ee66e5077c3711f7021e65de?s=96&d=mm&r=g\",\"caption\":\"Francisco Javier Fern\u00e1ndez Chento\"},\"description\":\"Director General y cofundador de La Red de Formaci\u00f3n Vicenciana. Javier es laico vicenciano, afiliado a la Congregaci\u00f3n de la Misi\u00f3n y miembro del Equipo de Misiones Populares de la provincia can\u00f3nica de Zaragoza (Espa\u00f1a) de la Congregaci\u00f3n de la Misi\u00f3n. Graduado en la Universidad Oberta de Catalunya con cuatro grados (Asistente de direcci\u00f3n, Gesti\u00f3n Administrativa, Recursos Humanos y Contabilidad Avanzada). Bil\u00edng\u00fce Espa\u00f1ol\/Ingl\u00e9s. gestiona y mantiene varias p\u00e1ginas web cristianas y vicencianas, incluida including La Red de Formaci\u00f3n Vicenciana, de la que es cofundador. Actualmente es responsable del \u00e1rea de Espa\u00f1ol de .famvin, la Red de Noticias de la Familia Vicenciana. Tambi\u00e9n es m\u00fasico cat\u00f3lico y ha editado varios discos. Es Director General y cofundador de Trovador, una reconocida compa\u00f1\u00eda discogr\u00e1fica critiana de Espa\u00f1a. Trabaja en las Tecnolog\u00edas de la Informaci\u00f3n, ofreciendo servicios de alojamiento, dise\u00f1o y mantenimiento Web, as\u00ed como asesoramiento, formaci\u00f3n y soluciones inform\u00e1ticas, gesti\u00f3n documental y digitalizaci\u00f3n de textos, edici\u00f3n y maquetaci\u00f3n de libros, revistas, flyers, etc.\",\"sameAs\":[\"http:\/\/chento.org\",\"https:\/\/www.facebook.com\/JavierChento\",\"https:\/\/x.com\/https:\/\/twitter.com\/javierchento\"],\"url\":\"https:\/\/vincentians.com\/es\/author\/chento\/\"}]}<\/script>\n<!-- \/ Yoast SEO plugin. -->","yoast_head_json":{"title":"Carta de santa Luisa a la Superiora de las Cistercienses - Somos Vicencianos","robots":{"index":"index","follow":"follow","max-snippet":"max-snippet:-1","max-image-preview":"max-image-preview:large","max-video-preview":"max-video-preview:-1"},"canonical":"http:\/\/vincentians.com\/es\/carta-de-santa-luisa-a-la-superiora-de-las-cistercienses\/","og_locale":"es_ES","og_type":"article","og_title":"Carta de santa Luisa a la Superiora de las Cistercienses - Somos Vicencianos","og_description":"La intenci\u00f3n directa que tiene Luisa de Marillac al escribirle una carta a la Madre Superiora de las cistercienses de Argenteuil es la de aclararle que las Hijas de la Caridad, igual que las benedictinas, ... Read More","og_url":"http:\/\/vincentians.com\/es\/carta-de-santa-luisa-a-la-superiora-de-las-cistercienses\/","og_site_name":"Somos Vicencianos","article_publisher":"https:\/\/www.facebook.com\/WeAreVincentians\/","article_author":"https:\/\/www.facebook.com\/JavierChento","article_published_time":"2014-01-26T09:40:53+00:00","article_modified_time":"2016-07-26T17:18:59+00:00","author":"Francisco Javier Fern\u00e1ndez Chento","twitter_card":"summary_large_image","twitter_creator":"@https:\/\/twitter.com\/javierchento","twitter_site":"@WeVincentians","twitter_misc":{"Escrito por":"Francisco Javier Fern\u00e1ndez Chento","Tiempo de lectura":"23 minutos"},"schema":{"@context":"https:\/\/schema.org","@graph":[{"@type":"Article","@id":"http:\/\/vincentians.com\/es\/carta-de-santa-luisa-a-la-superiora-de-las-cistercienses\/#article","isPartOf":{"@id":"http:\/\/vincentians.com\/es\/carta-de-santa-luisa-a-la-superiora-de-las-cistercienses\/"},"author":{"name":"Francisco Javier Fern\u00e1ndez Chento","@id":"http:\/\/vincentians.com\/es\/#\/schema\/person\/9623ef4d9aa3b2dfb8c061f1499288f2"},"headline":"Carta de santa Luisa a la Superiora de las Cistercienses","datePublished":"2014-01-26T09:40:53+00:00","dateModified":"2016-07-26T17:18:59+00:00","mainEntityOfPage":{"@id":"http:\/\/vincentians.com\/es\/carta-de-santa-luisa-a-la-superiora-de-las-cistercienses\/"},"wordCount":4547,"commentCount":0,"publisher":{"@id":"http:\/\/vincentians.com\/es\/#organization"},"image":{"@id":"http:\/\/vincentians.com\/es\/carta-de-santa-luisa-a-la-superiora-de-las-cistercienses\/#primaryimage"},"thumbnailUrl":"","keywords":["Berulle","Chatillon","Ducourneau","Gobillon","Pobreza"],"articleSection":["Formaci\u00f3n Vicenciana"],"inLanguage":"es","potentialAction":[{"@type":"CommentAction","name":"Comment","target":["http:\/\/vincentians.com\/es\/carta-de-santa-luisa-a-la-superiora-de-las-cistercienses\/#respond"]}]},{"@type":"WebPage","@id":"http:\/\/vincentians.com\/es\/carta-de-santa-luisa-a-la-superiora-de-las-cistercienses\/","url":"http:\/\/vincentians.com\/es\/carta-de-santa-luisa-a-la-superiora-de-las-cistercienses\/","name":"Carta de santa Luisa a la Superiora de las Cistercienses - Somos Vicencianos","isPartOf":{"@id":"http:\/\/vincentians.com\/es\/#website"},"primaryImageOfPage":{"@id":"http:\/\/vincentians.com\/es\/carta-de-santa-luisa-a-la-superiora-de-las-cistercienses\/#primaryimage"},"image":{"@id":"http:\/\/vincentians.com\/es\/carta-de-santa-luisa-a-la-superiora-de-las-cistercienses\/#primaryimage"},"thumbnailUrl":"","datePublished":"2014-01-26T09:40:53+00:00","dateModified":"2016-07-26T17:18:59+00:00","breadcrumb":{"@id":"http:\/\/vincentians.com\/es\/carta-de-santa-luisa-a-la-superiora-de-las-cistercienses\/#breadcrumb"},"inLanguage":"es","potentialAction":[{"@type":"ReadAction","target":["http:\/\/vincentians.com\/es\/carta-de-santa-luisa-a-la-superiora-de-las-cistercienses\/"]}]},{"@type":"ImageObject","inLanguage":"es","@id":"http:\/\/vincentians.com\/es\/carta-de-santa-luisa-a-la-superiora-de-las-cistercienses\/#primaryimage","url":"","contentUrl":""},{"@type":"BreadcrumbList","@id":"http:\/\/vincentians.com\/es\/carta-de-santa-luisa-a-la-superiora-de-las-cistercienses\/#breadcrumb","itemListElement":[{"@type":"ListItem","position":1,"name":"Portada","item":"http:\/\/vincentians.com\/es\/"},{"@type":"ListItem","position":2,"name":"Carta de santa Luisa a la Superiora de las Cistercienses"}]},{"@type":"WebSite","@id":"http:\/\/vincentians.com\/es\/#website","url":"http:\/\/vincentians.com\/es\/","name":"Somos Vicencianos","description":"Know more to serve more","publisher":{"@id":"http:\/\/vincentians.com\/es\/#organization"},"potentialAction":[{"@type":"SearchAction","target":{"@type":"EntryPoint","urlTemplate":"http:\/\/vincentians.com\/es\/?s={search_term_string}"},"query-input":{"@type":"PropertyValueSpecification","valueRequired":true,"valueName":"search_term_string"}}],"inLanguage":"es"},{"@type":"Organization","@id":"http:\/\/vincentians.com\/es\/#organization","name":"The Vincentian Network","url":"http:\/\/vincentians.com\/es\/","logo":{"@type":"ImageObject","inLanguage":"es","@id":"http:\/\/vincentians.com\/es\/#\/schema\/logo\/image\/","url":"https:\/\/i1.wp.com\/vincentians.com\/es\/wp-content\/uploads\/sites\/11\/2016\/06\/Vincentian-Network-logo-big.png?fit=778%2C778","contentUrl":"https:\/\/i1.wp.com\/vincentians.com\/es\/wp-content\/uploads\/sites\/11\/2016\/06\/Vincentian-Network-logo-big.png?fit=778%2C778","width":778,"height":778,"caption":"The Vincentian Network"},"image":{"@id":"http:\/\/vincentians.com\/es\/#\/schema\/logo\/image\/"},"sameAs":["https:\/\/www.facebook.com\/WeAreVincentians\/","https:\/\/x.com\/WeVincentians"]},{"@type":"Person","@id":"http:\/\/vincentians.com\/es\/#\/schema\/person\/9623ef4d9aa3b2dfb8c061f1499288f2","name":"Francisco Javier Fern\u00e1ndez Chento","image":{"@type":"ImageObject","inLanguage":"es","@id":"http:\/\/vincentians.com\/es\/#\/schema\/person\/image\/","url":"https:\/\/secure.gravatar.com\/avatar\/497d5cde87b4c3d097d0315953521681ba2cd523ee66e5077c3711f7021e65de?s=96&d=mm&r=g","contentUrl":"https:\/\/secure.gravatar.com\/avatar\/497d5cde87b4c3d097d0315953521681ba2cd523ee66e5077c3711f7021e65de?s=96&d=mm&r=g","caption":"Francisco Javier Fern\u00e1ndez Chento"},"description":"Director General y cofundador de La Red de Formaci\u00f3n Vicenciana. Javier es laico vicenciano, afiliado a la Congregaci\u00f3n de la Misi\u00f3n y miembro del Equipo de Misiones Populares de la provincia can\u00f3nica de Zaragoza (Espa\u00f1a) de la Congregaci\u00f3n de la Misi\u00f3n. Graduado en la Universidad Oberta de Catalunya con cuatro grados (Asistente de direcci\u00f3n, Gesti\u00f3n Administrativa, Recursos Humanos y Contabilidad Avanzada). Bil\u00edng\u00fce Espa\u00f1ol\/Ingl\u00e9s. gestiona y mantiene varias p\u00e1ginas web cristianas y vicencianas, incluida including La Red de Formaci\u00f3n Vicenciana, de la que es cofundador. Actualmente es responsable del \u00e1rea de Espa\u00f1ol de .famvin, la Red de Noticias de la Familia Vicenciana. Tambi\u00e9n es m\u00fasico cat\u00f3lico y ha editado varios discos. Es Director General y cofundador de Trovador, una reconocida compa\u00f1\u00eda discogr\u00e1fica critiana de Espa\u00f1a. Trabaja en las Tecnolog\u00edas de la Informaci\u00f3n, ofreciendo servicios de alojamiento, dise\u00f1o y mantenimiento Web, as\u00ed como asesoramiento, formaci\u00f3n y soluciones inform\u00e1ticas, gesti\u00f3n documental y digitalizaci\u00f3n de textos, edici\u00f3n y maquetaci\u00f3n de libros, revistas, flyers, etc.","sameAs":["http:\/\/chento.org","https:\/\/www.facebook.com\/JavierChento","https:\/\/x.com\/https:\/\/twitter.com\/javierchento"],"url":"https:\/\/vincentians.com\/es\/author\/chento\/"}]}},"jetpack_publicize_connections":[],"jetpack_featured_media_url":"","jetpack_sharing_enabled":true,"jetpack_shortlink":"https:\/\/wp.me\/p7ETMF-xu0","jetpack-related-posts":[{"id":113445,"url":"https:\/\/vincentians.com\/es\/las-hijas-de-las-caridad-mujeres-consagradas\/","url_meta":{"origin":128712,"position":0},"title":"Las Hijas de las Caridad, mujeres consagradas","author":"Francisco Javier Fern\u00e1ndez Chento","date":"19\/10\/2012","format":false,"excerpt":"La intenci\u00f3n directa que tiene Luisa de Marillac al escribirle una carta a la Madre Superiora de las cistercienses de Argenteuil es la de aclararle que las Hijas de la Caridad, igual que las benedictinas, tienen una vocaci\u00f3n divina que las introduce en una vida consagrada. Pero indirectamente a nosotros\u2026","rel":"","context":"En \u00abHijas de la Caridad\u00bb","block_context":{"text":"Hijas de la Caridad","link":"https:\/\/vincentians.com\/es\/category\/la-familia-vicenciana\/ramas\/hijas-de-la-caridad\/"},"img":{"alt_text":"","src":"https:\/\/i0.wp.com\/vicencianos.org\/wp-content\/2011\/08\/logohijascaridad.jpg?resize=350%2C200","width":350,"height":200},"classes":[]},{"id":129818,"url":"https:\/\/vincentians.com\/es\/las-visitas-canonicas-y-la-vida-de-comunidad\/","url_meta":{"origin":128712,"position":1},"title":"Las Visitas Can\u00f3nicas y la vida de comunidad","author":"Francisco Javier Fern\u00e1ndez Chento","date":"29\/03\/2025","format":false,"excerpt":"Las Visitas a las comunidades Vivir contenta y feliz en comunidad es lo primero que debe encontrar una Hija de la Caridad que vuelva a casa despu\u00e9s de evangelizar y servir a los pobres. Pero siempre no es as\u00ed, de ah\u00ed que la Visitadora tenga la obligaci\u00f3n de comprobar y\u2026","rel":"","context":"En \u00abHijas de la Caridad\u00bb","block_context":{"text":"Hijas de la Caridad","link":"https:\/\/vincentians.com\/es\/category\/la-familia-vicenciana\/ramas\/hijas-de-la-caridad\/"},"img":{"alt_text":"","src":"https:\/\/i0.wp.com\/vincentians.com\/es\/wp-content\/uploads\/sites\/11\/2013\/04\/Biblioteca_panoramica.jpg?fit=750%2C500&ssl=1&resize=350%2C200","width":350,"height":200,"srcset":"https:\/\/i0.wp.com\/vincentians.com\/es\/wp-content\/uploads\/sites\/11\/2013\/04\/Biblioteca_panoramica.jpg?fit=750%2C500&ssl=1&resize=350%2C200 1x, https:\/\/i0.wp.com\/vincentians.com\/es\/wp-content\/uploads\/sites\/11\/2013\/04\/Biblioteca_panoramica.jpg?fit=750%2C500&ssl=1&resize=525%2C300 1.5x, https:\/\/i0.wp.com\/vincentians.com\/es\/wp-content\/uploads\/sites\/11\/2013\/04\/Biblioteca_panoramica.jpg?fit=750%2C500&ssl=1&resize=700%2C400 2x"},"classes":[]},{"id":126442,"url":"https:\/\/vincentians.com\/es\/luisa-de-marillac-camino-de-la-autonomia\/","url_meta":{"origin":128712,"position":2},"title":"Luisa de Marillac: Camino de la autonom\u00eda","author":"Francisco Javier Fern\u00e1ndez Chento","date":"03\/02\/2024","format":false,"excerpt":"Al extenderse las Caridades por las parroquias de Par\u00eds, aument\u00f3 el n\u00famero de Hijas de la Caridad. No hab\u00eda Caridad que no pidiera a las j\u00f3venes de la se\u00f1orita Le Gras. Car\u00adgadas con los pucheros de la comida y con los medicamentos, visitaban, casa por casa, generalmente buhardillas, a todos\u2026","rel":"","context":"En \u00abFormaci\u00f3n Vicenciana\u00bb","block_context":{"text":"Formaci\u00f3n Vicenciana","link":"https:\/\/vincentians.com\/es\/category\/formacion-vicenciana\/"},"img":{"alt_text":"","src":"https:\/\/i0.wp.com\/vincentians.com\/es\/wp-content\/uploads\/sites\/11\/2022\/01\/c.jpg?fit=1200%2C675&ssl=1&resize=350%2C200","width":350,"height":200,"srcset":"https:\/\/i0.wp.com\/vincentians.com\/es\/wp-content\/uploads\/sites\/11\/2022\/01\/c.jpg?fit=1200%2C675&ssl=1&resize=350%2C200 1x, https:\/\/i0.wp.com\/vincentians.com\/es\/wp-content\/uploads\/sites\/11\/2022\/01\/c.jpg?fit=1200%2C675&ssl=1&resize=525%2C300 1.5x, https:\/\/i0.wp.com\/vincentians.com\/es\/wp-content\/uploads\/sites\/11\/2022\/01\/c.jpg?fit=1200%2C675&ssl=1&resize=700%2C400 2x, https:\/\/i0.wp.com\/vincentians.com\/es\/wp-content\/uploads\/sites\/11\/2022\/01\/c.jpg?fit=1200%2C675&ssl=1&resize=1050%2C600 3x"},"classes":[]},{"id":126484,"url":"https:\/\/vincentians.com\/es\/1639-de-hecho-la-compania-se-hace-independiente-i\/","url_meta":{"origin":128712,"position":3},"title":"1639: De hecho, la Compa\u00f1\u00eda se hace independiente (I)","author":"Francisco Javier Fern\u00e1ndez Chento","date":"01\/04\/2024","format":false,"excerpt":"Todo indica que en 1639 la cofrad\u00eda se hab\u00eda transformado plenamente en una cofrad\u00eda bien organizada e independiente de hecho, aunque no jur\u00eddicamente, de las otras Carida\u00addes de se\u00f1oras. Tres hechos lo atestiguan: la direcci\u00f3n de los ni\u00f1os abandonados, dos car\u00adtas de Luisa de Marillac y la instalaci\u00f3n de una\u2026","rel":"","context":"En \u00abLuisa de Marillac\u00bb","block_context":{"text":"Luisa de Marillac","link":"https:\/\/vincentians.com\/es\/category\/la-familia-vicenciana\/fundadores\/luisa-de-marillac\/"},"img":{"alt_text":"","src":"https:\/\/i0.wp.com\/vincentians.com\/es\/wp-content\/uploads\/sites\/11\/2013\/04\/hijas-caridad1.jpg?fit=846%2C446&ssl=1&resize=350%2C200","width":350,"height":200,"srcset":"https:\/\/i0.wp.com\/vincentians.com\/es\/wp-content\/uploads\/sites\/11\/2013\/04\/hijas-caridad1.jpg?fit=846%2C446&ssl=1&resize=350%2C200 1x, https:\/\/i0.wp.com\/vincentians.com\/es\/wp-content\/uploads\/sites\/11\/2013\/04\/hijas-caridad1.jpg?fit=846%2C446&ssl=1&resize=525%2C300 1.5x, https:\/\/i0.wp.com\/vincentians.com\/es\/wp-content\/uploads\/sites\/11\/2013\/04\/hijas-caridad1.jpg?fit=846%2C446&ssl=1&resize=700%2C400 2x"},"classes":[]},{"id":125956,"url":"https:\/\/vincentians.com\/es\/las-hijas-de-la-caridad\/","url_meta":{"origin":128712,"position":4},"title":"Las Hijas de la Caridad","author":"Francisco Javier Fern\u00e1ndez Chento","date":"07\/12\/2013","format":false,"excerpt":"Evoluci\u00f3n de las Caridades Aunque las Caridades estaban fundadas desde 1617, los dos santos las van a perfec\u00adcionar, acomod\u00e1ndolas a la realidad concreta de las se\u00f1oras de Par\u00eds y a los pobres de la ciudad. Sin cambiar ni el fin ni la naturaleza, las Caridades de Vicente de Pa\u00fal evolucio\u00adnaron\u2026","rel":"","context":"En \u00abLuisa de Marillac\u00bb","block_context":{"text":"Luisa de Marillac","link":"https:\/\/vincentians.com\/es\/category\/la-familia-vicenciana\/fundadores\/luisa-de-marillac\/"},"img":{"alt_text":"Santa Luisa de Marillac","src":"https:\/\/i0.wp.com\/vicencianos.org\/wp-content\/2013\/09\/santaluisa3.jpg?resize=350%2C200","width":350,"height":200},"classes":[]},{"id":387215,"url":"https:\/\/vincentians.com\/es\/las-hijas-de-la-caridad-2\/","url_meta":{"origin":128712,"position":5},"title":"Las Hijas de la Caridad","author":"Mitxel Olabu\u00e9naga","date":"16\/03\/2016","format":false,"excerpt":"Evoluci\u00f3n de las Caridades Aunque las Caridades estaban fundadas desde 1617, los dos cantos las van a perfeccionar, acomod\u00e1ndolas a la realidad concreta de las se\u00f1oras de Paris y a los pobres de la ciudad. Sin cambiar ni el fin ni la naturaleza, las Caridades de Vicente de Pa\u00fal evolucionaron\u2026","rel":"","context":"En \u00abHistoria de las Hijas de la Caridad\u00bb","block_context":{"text":"Historia de las Hijas de la Caridad","link":"https:\/\/vincentians.com\/es\/category\/historia-de-la-familia-vicenciana\/historia-de-las-hijas-de-la-caridad\/"},"img":{"alt_text":"HIjas-Caridad","src":"https:\/\/i0.wp.com\/vicencianos.org\/wp-content\/uploads\/2016\/03\/HIjas-Caridad-300x150.jpg?resize=350%2C200","width":350,"height":200},"classes":[]}],"_links":{"self":[{"href":"https:\/\/vincentians.com\/es\/wp-json\/wp\/v2\/posts\/128712","targetHints":{"allow":["GET"]}}],"collection":[{"href":"https:\/\/vincentians.com\/es\/wp-json\/wp\/v2\/posts"}],"about":[{"href":"https:\/\/vincentians.com\/es\/wp-json\/wp\/v2\/types\/post"}],"author":[{"embeddable":true,"href":"https:\/\/vincentians.com\/es\/wp-json\/wp\/v2\/users\/4"}],"replies":[{"embeddable":true,"href":"https:\/\/vincentians.com\/es\/wp-json\/wp\/v2\/comments?post=128712"}],"version-history":[{"count":0,"href":"https:\/\/vincentians.com\/es\/wp-json\/wp\/v2\/posts\/128712\/revisions"}],"wp:featuredmedia":[{"embeddable":true,"href":"https:\/\/vincentians.com\/es\/wp-json\/"}],"wp:attachment":[{"href":"https:\/\/vincentians.com\/es\/wp-json\/wp\/v2\/media?parent=128712"}],"wp:term":[{"taxonomy":"category","embeddable":true,"href":"https:\/\/vincentians.com\/es\/wp-json\/wp\/v2\/categories?post=128712"},{"taxonomy":"post_tag","embeddable":true,"href":"https:\/\/vincentians.com\/es\/wp-json\/wp\/v2\/tags?post=128712"}],"curies":[{"name":"wp","href":"https:\/\/api.w.org\/{rel}","templated":true}]}}