{"id":128391,"date":"2025-03-25T08:23:28","date_gmt":"2025-03-25T07:23:28","guid":{"rendered":"http:\/\/somos.vicencianos.org\/?p=128391"},"modified":"2024-08-22T19:09:17","modified_gmt":"2024-08-22T17:09:17","slug":"garantizar-la-sostenibilidad-del-medio-ambiente","status":"publish","type":"post","link":"https:\/\/vincentians.com\/es\/garantizar-la-sostenibilidad-del-medio-ambiente\/","title":{"rendered":"Garantizar la sostenibilidad del medio ambiente"},"content":{"rendered":"<p style=\"text-align: justify\">Se entiende por soberan\u00eda alimentaria <i>\u00abel derecho de los pueblos a definir <\/i><i>sus propias pol\u00edticas y estrategias sustentables de producci\u00f3n, distribu\u00adci\u00f3n y consumo de alimentos que ga\u00adranticen el derecho a la alimentaci\u00f3n para toda la poblaci\u00f3n, con base en la peque\u00f1a y mediana producci\u00f3n, res\u00adpetando sus propias culturas y la di\u00adversidad de los modos campesinos, pesqueros e ind\u00edgenas de producci\u00f3n agropecuaria, de comercializaci\u00f3n y de gesti\u00f3n de los espacios rurales, en los cuales la mujer desempe\u00f1a un papel fundamental.\u00bb <\/i>Fue presentado este concepto de Soberan\u00eda Alimentaria durante la Cumbre Mundial de la Alimen\u00adtaci\u00f3n de la Organizaci\u00f3n de las Naciones Unidas para la Agricultura y la Alimenta\u00adci\u00f3n (FAO) en el a\u00f1o 1996.<\/p>\n<p style=\"text-align: justify\">Posteriormente tres eventos mundiales reunieron a los movimientos sociales y a la sociedad civil en su conjunto para avanzar en el concepto de Soberan\u00eda Alimentaria:<\/p>\n<ul style=\"text-align: justify\">\n<li>Foro Mundial por la Soberan\u00eda Alimen\u00adtaria de La Habana en Septiembre de 2001.<\/li>\n<li>Foro de Organizaciones No Guberna\u00admentales \/ Organizaciones de la So\u00adciedad Civil para la Soberan\u00eda Alimentaria de Roma, paralelo a la Cumbre Mundial de la Alimentaci\u00f3n, en Junio de 2002.<\/li>\n<\/ul>\n<p style=\"text-align: justify\">Foro Mundial por la Soberan\u00eda Alimen\u00adtaria, en S\u00e9lingu\u00e9, Mali, \u00c1frica, en Fe\u00adbrero de 2007.<\/p>\n<p style=\"text-align: justify\">La soberan\u00eda alimentaria se centra en la alimentaci\u00f3n para todos los ciudadanos, poniendo el derecho a la alimentaci\u00f3n en el centro de las pol\u00edticas alimentaria, agr\u00edcola, ganadera y pesquera, y rechaza el planteamiento de que los alimentos son s\u00f3lo una mercanc\u00eda m\u00e1s o un material para la agroindustria internacional.<\/p>\n<p style=\"text-align: justify\">Por lo tanto, es una alternativa consen\u00adsuada y seria, que parte de un an\u00e1lisis profundo de las causas del hambre y la po\u00adbreza en el mundo; que propugna la com\u00adbinaci\u00f3n de las capacidades productivas de la agricultura tradicional, con una gesti\u00f3n sostenible de los recursos productivos y con pol\u00edticas gubernamentales que garan\u00adticen la alimentaci\u00f3n adecuada de los ciu\u00addadanos con independencia de las leyes que rigen el comercio internacional.<\/p>\n<p style=\"text-align: justify\">Este nuevo concepto, constituye una ruptura con relaci\u00f3n a la organizaci\u00f3n ac\u00adtual de los mercados agr\u00edcolas puesta en pr\u00e1ctica por la Organizaci\u00f3n Mundial de Comercio (OMC). En contraste a la seguri\u00addad alimentaria definida por la FAO, que se centra en la disponibilidad de alimentos, la soberan\u00eda alimentaria incide tambi\u00e9n en la importancia del modo de producci\u00f3n de los alimentos y su origen. Resalta la relaci\u00f3n que tiene la importaci\u00f3n de alimentos ba\u00adratos en el debilitamiento de producci\u00f3n y poblaci\u00f3n agraria locales.<\/p>\n<p style=\"text-align: justify\">Los criterios en los que se basa la Sobera\u00adn\u00eda Alimentaria, son los siguientes:<\/p>\n<p style=\"text-align: justify\">1.- Se enfoca en <b>alimento para el Pue\u00ad<\/b><b>blo, <\/b>planteando el derecho a una ali\u00admentaci\u00f3n suficiente, saludable y culturalmente apropiada para todos los individuos, pueblos y comunidades.<\/p>\n<p style=\"text-align: justify\">2.- Promueve la adopci\u00f3n de pol\u00edticas de alimentaci\u00f3n y agricultura con un enfo\u00adque basado en el <b>derecho a la ali\u00admentaci\u00f3n adecuada, <\/b>y la reducci\u00f3n y eliminaci\u00f3n progresivamente del ham\u00adbre y la desnutrici\u00f3n.<\/p>\n<p style=\"text-align: justify\">3.- <b>Valora a quienes proveen alimento, <\/b>apoyando y respetando los derechos de hombres y mujeres, campesinos y agri\u00adcultores familiares, pastores, artesanos de la pesca tradicional, habitantes de los bosques, pueblos ind\u00edgenas y traba\u00adjadores de la agricultura y la pesca, tambi\u00e9n a quienes cultivan, cr\u00edan, cosechan y procesan los alimentos; la so\u00adberan\u00eda alimentaria rechaza aquellas pol\u00edticas, acciones y programas que los subvaloran, amenazan y eliminan sus formas de vida.<\/p>\n<p style=\"text-align: justify\"><b>4.- <\/b><b>Localiza Sistemas de Alimentaci\u00f3n, <\/b>propiciando encuentros entre los pro\u00adductores y consumidores de alimentos, y cedi\u00e9ndoles conjuntamente la toma de decisiones en temas relacionados con la alimentaci\u00f3n. Protegiendo a los consumidores de la comida de baja ca\u00adlidad y mala para la salud, de la ayuda alimentaria inapropiada y del alimento contaminado por organismos gen\u00e9tica\u00admente modificados.<\/p>\n<p style=\"text-align: justify\"><b>5- <\/b><b>Concede poder localmente, <\/b>recono\u00adciendo el derecho de las comunidades locales para habitar y usar sus territo\u00adrios, otorg\u00e1ndoles el control sobre terri\u00adtorio, tierra, pastizales, agua, semillas, ganado y poblaciones de peces a pro\u00adveedores locales de alimento y respeta sus derechos.<\/p>\n<p style=\"text-align: justify\"><b>6.- <\/b><b>Desarrolla Conocimiento y Des\u00ad<\/b><b>treza, <\/b>ya que se basa en la destreza y el conocimiento local de los proveedo\u00adres alimentarios y sus organizaciones locales que conservan, desarrollan y manejan sistemas localizados de pro\u00adducci\u00f3n y cosecha, desarrollando siste\u00admas de investigaci\u00f3n apropiados para respaldarlos y cuya sabidur\u00eda pueda ser transmitida a las generaciones futuras; y rechaza tecnolog\u00edas que socavan, amenazan o los contaminan, como por ejemplo la ingenier\u00eda gen\u00e9tica.<\/p>\n<p style=\"text-align: justify\"><b>7.- <\/b><b>Trabaja con la Naturaleza: <\/b>La sobe\u00adran\u00eda alimentaria utiliza las contribucio\u00adnes de la naturaleza de manera diversa con m\u00e9todos de producci\u00f3n y cosecha agroecol\u00f3gica, los cuales maximizan las contribuciones de los ecosistemas y mejoran la capacidad de ajuste y la adaptaci\u00f3n, evitando da\u00f1ar el medio ambiente.<\/p>\n<p style=\"text-align: justify\">Por todo ello, se puede indicar que la Soberan\u00eda Alimentaria define un medio a trav\u00e9s del cual se quiere acabar con el hambre y la malnutri\u00adci\u00f3n, garantizando una seguridad alimentaria permanente y sosteni\u00adble para todos los individuos.<\/p>\n<p style=\"text-align: justify\">Ahora bien, es importante identificar las causas que han contribuido a la p\u00e9rdida de la \u00absoberan\u00eda alimentaria\u00bb.<\/p>\n<p style=\"text-align: justify\">Las grandes compa\u00f1\u00edas comerciali\u00adzadoras y distribuidoras, inundaron los mercados exteriores de los pa\u00edses subde\u00adsarrollados con productos exportados a un precio inferior al de ese mismo producto en el mercado interior, e incluso por de\u00adbajo de su coste de producci\u00f3n, no siendo posible por tanto, darle salida a ese pro\u00adducto a un precio que le permitiera a su productor obtener un margen comercial razonable, o cuando la p\u00e9rdida que le pro\u00adduc\u00eda en algunos mercados la pudiera compensar con las ganancias de otros. Las empresas multinacionales que compraban los bienes artificialmente abaratados se vieron muy beneficiadas al disminuir sus costes. Esta estrategia gener\u00f3 por tanto elevadas ganancias a las empresas agroa\u00adlimentarias, coloc\u00f3 al mercado mundial como un espacio privilegiado para la com\u00adpra de alimentos para los pa\u00edses depen\u00addientes y gener\u00f3 la devastaci\u00f3n de sus agriculturas debido a que sus productores no pudieron competir con los bienes im\u00adportados por debajo del coste. Tal forma de dominio origin\u00f3 que el 70% de los pa\u00edses del mundo perdieran la sobera\u00adn\u00eda alimentaria.<\/p>\n<p style=\"text-align: justify\">Por otra parte, durante las d\u00e9cadas de los a\u00f1os ochenta y noventa del siglo XX, muchos de los pa\u00edses m\u00e1s subdesarrolla\u00addos se vieron empujados a exportar sus producciones agropecuarias y sus abun\u00addantes recursos naturales por las exigen\u00adcias de unas abultadas deudas externas. La necesidad imperiosa de obtener divisas con las que hacer frente a los grandes in\u00adtereses de la deuda externa motiv\u00f3 que se impusiera el principio de \u00abtodo para la <b>exportaci\u00f3n\u00bb, <\/b>pol\u00edtica auspiciada por los ajustes estructurales impuestos por el Fondo Monetario Internacional (FMI) y el Banco Mundial (BM) cuyo objetivo primor\u00addial radicaba en que los pa\u00edses deudores exportaran cada vez m\u00e1s para que no de\u00adjaran de satisfacer los intereses de sus desmesuradas deudas externas. De este modo, a muchas naciones no les qued\u00f3 m\u00e1s remedio que reorganizar sus produc\u00adciones y superficies agropecuarias y so\u00adbreexplotar sus recursos naturales, pero siempre teniendo como meta los mercados exteriores y no el consumo local, el respeto ecol\u00f3gico y la soberan\u00eda alimentaria de los pueblos. Sin embargo, los pa\u00edses ricos, ar\u00adt\u00edfices de estos programas de ajuste es\u00adtructural, no se los aplicaron a s\u00ed mismos.<\/p>\n<p style=\"text-align: justify\">A todo lo anterior hay que a\u00f1adir que <b>el <\/b><b>problema se agrava por las propias <\/b><b>oscilaciones de la oferta y la de\u00ad<\/b><b>manda, <\/b>en una \u00e9poca en la que aumenta el inter\u00e9s por los agrocombustibles, en la que las explotaciones ganaderas de los pa\u00ad\u00edses ricos siguen siendo aut\u00e9nticas \u00abf\u00e1bri\u00adcas de prote\u00ednas\u00bb donde se transforman los piensos en carne y en la que las gran\u00addes empresas multinacionales de distribu\u00adci\u00f3n controlan la totalidad de los eslabones de la cadena agroalimentaria.<\/p>\n<p style=\"text-align: justify\">Como se\u00f1ala J.A. Segrelles (2012), mientras el modelo productivo impuesto a los pa\u00edses dependientes se tenga que ajus\u00adtar seg\u00fan las necesidades, gustos y cos\u00adtumbres de los consumidores del mundo desarrollado y se base, por consi\u00adguiente, en el mercado de tierras f\u00e9r\u00adtiles de los pa\u00edses subdesarrollados (unas 42 millones de hect\u00e1reas de tierras en el mundo han sido adquiri\u00addas por inversionistas), en la implan\u00adtaci\u00f3n de una producci\u00f3n intensiva a gran escala (monocultivo) para la ex\u00adportaci\u00f3n, en la exportaci\u00f3n de canti\u00addades crecientes de bienes ex\u00f3ticos (caf\u00e9, cacao, frutas tropicales, bana\u00adnas, flores), de az\u00facar de ca\u00f1a y gra\u00adnos para agrocombustibles (ma\u00edz) y de oleaginosas (soja) para la fabrica\u00adci\u00f3n de piensos, as\u00ed como en la im\u00adportaci\u00f3n de alimentos b\u00e1sicos adqui\u00adridos en el gran supermercado global, la alimentaci\u00f3n seguir\u00e1 sujeta a la din\u00e1mica de un mercado que est\u00e1 manejado por cier\u00adtos agentes que s\u00f3lo entienden el lenguaje de los beneficios y ganancias y no les im\u00adporta la desnutrici\u00f3n y el hambre de la po\u00adblaci\u00f3n de los pa\u00edses subdesarrollados ni la soberan\u00eda alimentaria de los pueblos. A este respecto, se olvida que la agricultura y la alimentaci\u00f3n no ofrecen las condiciones de un verdadero mercado y que, por lo tanto, no pueden estar juzgadas por las leyes mercantiles y de la competencia. Los alimentos constituyen un derecho inalie\u00adnable, no una mercanc\u00eda.<\/p>\n<p>&nbsp;<\/p>\n<p>&nbsp;<\/p>\n","protected":false},"excerpt":{"rendered":"<p>Se entiende por soberan\u00eda alimentaria \u00abel derecho de los pueblos a definir sus propias pol\u00edticas y estrategias sustentables de producci\u00f3n, distribu\u00adci\u00f3n y consumo de alimentos que ga\u00adranticen el derecho a la alimentaci\u00f3n para toda la &#8230; <a href=\"https:\/\/vincentians.com\/es\/garantizar-la-sostenibilidad-del-medio-ambiente\/\" class=\"more-link\">Read More<\/a><\/p>\n","protected":false},"author":4,"featured_media":400147,"comment_status":"open","ping_status":"open","sticky":false,"template":"","format":"standard","meta":{"jetpack_post_was_ever_published":false,"_jetpack_newsletter_access":"","_jetpack_dont_email_post_to_subs":false,"_jetpack_newsletter_tier_id":0,"_jetpack_memberships_contains_paywalled_content":false,"_jetpack_memberships_contains_paid_content":false,"footnotes":"","jetpack_publicize_message":"","jetpack_publicize_feature_enabled":true,"jetpack_social_post_already_shared":true,"jetpack_social_options":{"image_generator_settings":{"template":"highway","default_image_id":0,"font":"","enabled":false},"version":2}},"categories":[102,307],"tags":[],"class_list":["post-128391","post","type-post","status-publish","format-standard","has-post-thumbnail","hentry","category-cambio-sistemico","category-formacion-vicenciana-sin-categorizar"],"yoast_head":"<!-- This site is optimized with the Yoast SEO plugin v26.3 - https:\/\/yoast.com\/wordpress\/plugins\/seo\/ -->\n<title>Garantizar la sostenibilidad del medio ambiente - Somos Vicencianos<\/title>\n<meta name=\"robots\" content=\"index, follow, max-snippet:-1, max-image-preview:large, max-video-preview:-1\" \/>\n<link rel=\"canonical\" href=\"https:\/\/vincentians.com\/es\/garantizar-la-sostenibilidad-del-medio-ambiente\/\" \/>\n<meta property=\"og:locale\" content=\"es_ES\" \/>\n<meta property=\"og:type\" content=\"article\" \/>\n<meta property=\"og:title\" content=\"Garantizar la sostenibilidad del medio ambiente - Somos Vicencianos\" \/>\n<meta property=\"og:description\" content=\"Se entiende por soberan\u00eda alimentaria \u00abel derecho de los pueblos a definir sus propias pol\u00edticas y estrategias sustentables de producci\u00f3n, distribu\u00adci\u00f3n y consumo de alimentos que ga\u00adranticen el derecho a la alimentaci\u00f3n para toda la ... Read More\" \/>\n<meta property=\"og:url\" content=\"https:\/\/vincentians.com\/es\/garantizar-la-sostenibilidad-del-medio-ambiente\/\" \/>\n<meta property=\"og:site_name\" content=\"Somos Vicencianos\" \/>\n<meta property=\"article:publisher\" content=\"https:\/\/www.facebook.com\/WeAreVincentians\/\" \/>\n<meta property=\"article:author\" content=\"https:\/\/www.facebook.com\/JavierChento\" \/>\n<meta property=\"article:published_time\" content=\"2025-03-25T07:23:28+00:00\" \/>\n<meta property=\"og:image\" content=\"https:\/\/i0.wp.com\/vincentians.com\/es\/wp-content\/uploads\/sites\/11\/2016\/10\/chatillon_sur_chalaronne.jpg?fit=1200%2C630&ssl=1\" \/>\n\t<meta property=\"og:image:width\" content=\"1200\" \/>\n\t<meta property=\"og:image:height\" content=\"630\" \/>\n\t<meta property=\"og:image:type\" content=\"image\/jpeg\" \/>\n<meta name=\"author\" content=\"Francisco Javier Fern\u00e1ndez Chento\" \/>\n<meta name=\"twitter:card\" content=\"summary_large_image\" \/>\n<meta name=\"twitter:creator\" content=\"@https:\/\/twitter.com\/javierchento\" \/>\n<meta name=\"twitter:site\" content=\"@WeVincentians\" \/>\n<meta name=\"twitter:label1\" content=\"Escrito por\" \/>\n\t<meta name=\"twitter:data1\" content=\"Francisco Javier Fern\u00e1ndez Chento\" \/>\n\t<meta name=\"twitter:label2\" content=\"Tiempo de lectura\" \/>\n\t<meta name=\"twitter:data2\" content=\"7 minutos\" \/>\n<script type=\"application\/ld+json\" class=\"yoast-schema-graph\">{\"@context\":\"https:\/\/schema.org\",\"@graph\":[{\"@type\":\"Article\",\"@id\":\"https:\/\/vincentians.com\/es\/garantizar-la-sostenibilidad-del-medio-ambiente\/#article\",\"isPartOf\":{\"@id\":\"https:\/\/vincentians.com\/es\/garantizar-la-sostenibilidad-del-medio-ambiente\/\"},\"author\":{\"name\":\"Francisco Javier Fern\u00e1ndez Chento\",\"@id\":\"https:\/\/vincentians.com\/es\/#\/schema\/person\/9623ef4d9aa3b2dfb8c061f1499288f2\"},\"headline\":\"Garantizar la sostenibilidad del medio ambiente\",\"datePublished\":\"2025-03-25T07:23:28+00:00\",\"mainEntityOfPage\":{\"@id\":\"https:\/\/vincentians.com\/es\/garantizar-la-sostenibilidad-del-medio-ambiente\/\"},\"wordCount\":1655,\"commentCount\":0,\"publisher\":{\"@id\":\"https:\/\/vincentians.com\/es\/#organization\"},\"image\":{\"@id\":\"https:\/\/vincentians.com\/es\/garantizar-la-sostenibilidad-del-medio-ambiente\/#primaryimage\"},\"thumbnailUrl\":\"https:\/\/i0.wp.com\/vincentians.com\/es\/wp-content\/uploads\/sites\/11\/2016\/10\/chatillon_sur_chalaronne.jpg?fit=1200%2C630&ssl=1\",\"articleSection\":[\"Cambio sist\u00e9mico\",\"Formaci\u00f3n Vicenciana sin categorizar\"],\"inLanguage\":\"es\",\"potentialAction\":[{\"@type\":\"CommentAction\",\"name\":\"Comment\",\"target\":[\"https:\/\/vincentians.com\/es\/garantizar-la-sostenibilidad-del-medio-ambiente\/#respond\"]}]},{\"@type\":\"WebPage\",\"@id\":\"https:\/\/vincentians.com\/es\/garantizar-la-sostenibilidad-del-medio-ambiente\/\",\"url\":\"https:\/\/vincentians.com\/es\/garantizar-la-sostenibilidad-del-medio-ambiente\/\",\"name\":\"Garantizar la sostenibilidad del medio ambiente - Somos Vicencianos\",\"isPartOf\":{\"@id\":\"https:\/\/vincentians.com\/es\/#website\"},\"primaryImageOfPage\":{\"@id\":\"https:\/\/vincentians.com\/es\/garantizar-la-sostenibilidad-del-medio-ambiente\/#primaryimage\"},\"image\":{\"@id\":\"https:\/\/vincentians.com\/es\/garantizar-la-sostenibilidad-del-medio-ambiente\/#primaryimage\"},\"thumbnailUrl\":\"https:\/\/i0.wp.com\/vincentians.com\/es\/wp-content\/uploads\/sites\/11\/2016\/10\/chatillon_sur_chalaronne.jpg?fit=1200%2C630&ssl=1\",\"datePublished\":\"2025-03-25T07:23:28+00:00\",\"breadcrumb\":{\"@id\":\"https:\/\/vincentians.com\/es\/garantizar-la-sostenibilidad-del-medio-ambiente\/#breadcrumb\"},\"inLanguage\":\"es\",\"potentialAction\":[{\"@type\":\"ReadAction\",\"target\":[\"https:\/\/vincentians.com\/es\/garantizar-la-sostenibilidad-del-medio-ambiente\/\"]}]},{\"@type\":\"ImageObject\",\"inLanguage\":\"es\",\"@id\":\"https:\/\/vincentians.com\/es\/garantizar-la-sostenibilidad-del-medio-ambiente\/#primaryimage\",\"url\":\"https:\/\/i0.wp.com\/vincentians.com\/es\/wp-content\/uploads\/sites\/11\/2016\/10\/chatillon_sur_chalaronne.jpg?fit=1200%2C630&ssl=1\",\"contentUrl\":\"https:\/\/i0.wp.com\/vincentians.com\/es\/wp-content\/uploads\/sites\/11\/2016\/10\/chatillon_sur_chalaronne.jpg?fit=1200%2C630&ssl=1\",\"width\":1200,\"height\":630},{\"@type\":\"BreadcrumbList\",\"@id\":\"https:\/\/vincentians.com\/es\/garantizar-la-sostenibilidad-del-medio-ambiente\/#breadcrumb\",\"itemListElement\":[{\"@type\":\"ListItem\",\"position\":1,\"name\":\"Portada\",\"item\":\"https:\/\/vincentians.com\/es\/\"},{\"@type\":\"ListItem\",\"position\":2,\"name\":\"Garantizar la sostenibilidad del medio ambiente\"}]},{\"@type\":\"WebSite\",\"@id\":\"https:\/\/vincentians.com\/es\/#website\",\"url\":\"https:\/\/vincentians.com\/es\/\",\"name\":\"Somos Vicencianos\",\"description\":\"Know more to serve more\",\"publisher\":{\"@id\":\"https:\/\/vincentians.com\/es\/#organization\"},\"potentialAction\":[{\"@type\":\"SearchAction\",\"target\":{\"@type\":\"EntryPoint\",\"urlTemplate\":\"https:\/\/vincentians.com\/es\/?s={search_term_string}\"},\"query-input\":{\"@type\":\"PropertyValueSpecification\",\"valueRequired\":true,\"valueName\":\"search_term_string\"}}],\"inLanguage\":\"es\"},{\"@type\":\"Organization\",\"@id\":\"https:\/\/vincentians.com\/es\/#organization\",\"name\":\"The Vincentian Network\",\"url\":\"https:\/\/vincentians.com\/es\/\",\"logo\":{\"@type\":\"ImageObject\",\"inLanguage\":\"es\",\"@id\":\"https:\/\/vincentians.com\/es\/#\/schema\/logo\/image\/\",\"url\":\"https:\/\/i1.wp.com\/vincentians.com\/es\/wp-content\/uploads\/sites\/11\/2016\/06\/Vincentian-Network-logo-big.png?fit=778%2C778\",\"contentUrl\":\"https:\/\/i1.wp.com\/vincentians.com\/es\/wp-content\/uploads\/sites\/11\/2016\/06\/Vincentian-Network-logo-big.png?fit=778%2C778\",\"width\":778,\"height\":778,\"caption\":\"The Vincentian Network\"},\"image\":{\"@id\":\"https:\/\/vincentians.com\/es\/#\/schema\/logo\/image\/\"},\"sameAs\":[\"https:\/\/www.facebook.com\/WeAreVincentians\/\",\"https:\/\/x.com\/WeVincentians\"]},{\"@type\":\"Person\",\"@id\":\"https:\/\/vincentians.com\/es\/#\/schema\/person\/9623ef4d9aa3b2dfb8c061f1499288f2\",\"name\":\"Francisco Javier Fern\u00e1ndez Chento\",\"image\":{\"@type\":\"ImageObject\",\"inLanguage\":\"es\",\"@id\":\"https:\/\/vincentians.com\/es\/#\/schema\/person\/image\/\",\"url\":\"https:\/\/secure.gravatar.com\/avatar\/497d5cde87b4c3d097d0315953521681ba2cd523ee66e5077c3711f7021e65de?s=96&d=mm&r=g\",\"contentUrl\":\"https:\/\/secure.gravatar.com\/avatar\/497d5cde87b4c3d097d0315953521681ba2cd523ee66e5077c3711f7021e65de?s=96&d=mm&r=g\",\"caption\":\"Francisco Javier Fern\u00e1ndez Chento\"},\"description\":\"Director General y cofundador de La Red de Formaci\u00f3n Vicenciana. Javier es laico vicenciano, afiliado a la Congregaci\u00f3n de la Misi\u00f3n y miembro del Equipo de Misiones Populares de la provincia can\u00f3nica de Zaragoza (Espa\u00f1a) de la Congregaci\u00f3n de la Misi\u00f3n. Graduado en la Universidad Oberta de Catalunya con cuatro grados (Asistente de direcci\u00f3n, Gesti\u00f3n Administrativa, Recursos Humanos y Contabilidad Avanzada). Bil\u00edng\u00fce Espa\u00f1ol\/Ingl\u00e9s. gestiona y mantiene varias p\u00e1ginas web cristianas y vicencianas, incluida including La Red de Formaci\u00f3n Vicenciana, de la que es cofundador. Actualmente es responsable del \u00e1rea de Espa\u00f1ol de .famvin, la Red de Noticias de la Familia Vicenciana. Tambi\u00e9n es m\u00fasico cat\u00f3lico y ha editado varios discos. Es Director General y cofundador de Trovador, una reconocida compa\u00f1\u00eda discogr\u00e1fica critiana de Espa\u00f1a. Trabaja en las Tecnolog\u00edas de la Informaci\u00f3n, ofreciendo servicios de alojamiento, dise\u00f1o y mantenimiento Web, as\u00ed como asesoramiento, formaci\u00f3n y soluciones inform\u00e1ticas, gesti\u00f3n documental y digitalizaci\u00f3n de textos, edici\u00f3n y maquetaci\u00f3n de libros, revistas, flyers, etc.\",\"sameAs\":[\"http:\/\/chento.org\",\"https:\/\/www.facebook.com\/JavierChento\",\"https:\/\/x.com\/https:\/\/twitter.com\/javierchento\"],\"url\":\"https:\/\/vincentians.com\/es\/author\/chento\/\"}]}<\/script>\n<!-- \/ Yoast SEO plugin. -->","yoast_head_json":{"title":"Garantizar la sostenibilidad del medio ambiente - Somos Vicencianos","robots":{"index":"index","follow":"follow","max-snippet":"max-snippet:-1","max-image-preview":"max-image-preview:large","max-video-preview":"max-video-preview:-1"},"canonical":"https:\/\/vincentians.com\/es\/garantizar-la-sostenibilidad-del-medio-ambiente\/","og_locale":"es_ES","og_type":"article","og_title":"Garantizar la sostenibilidad del medio ambiente - Somos Vicencianos","og_description":"Se entiende por soberan\u00eda alimentaria \u00abel derecho de los pueblos a definir sus propias pol\u00edticas y estrategias sustentables de producci\u00f3n, distribu\u00adci\u00f3n y consumo de alimentos que ga\u00adranticen el derecho a la alimentaci\u00f3n para toda la ... Read More","og_url":"https:\/\/vincentians.com\/es\/garantizar-la-sostenibilidad-del-medio-ambiente\/","og_site_name":"Somos Vicencianos","article_publisher":"https:\/\/www.facebook.com\/WeAreVincentians\/","article_author":"https:\/\/www.facebook.com\/JavierChento","article_published_time":"2025-03-25T07:23:28+00:00","og_image":[{"width":1200,"height":630,"url":"https:\/\/i0.wp.com\/vincentians.com\/es\/wp-content\/uploads\/sites\/11\/2016\/10\/chatillon_sur_chalaronne.jpg?fit=1200%2C630&ssl=1","type":"image\/jpeg"}],"author":"Francisco Javier Fern\u00e1ndez Chento","twitter_card":"summary_large_image","twitter_creator":"@https:\/\/twitter.com\/javierchento","twitter_site":"@WeVincentians","twitter_misc":{"Escrito por":"Francisco Javier Fern\u00e1ndez Chento","Tiempo de lectura":"7 minutos"},"schema":{"@context":"https:\/\/schema.org","@graph":[{"@type":"Article","@id":"https:\/\/vincentians.com\/es\/garantizar-la-sostenibilidad-del-medio-ambiente\/#article","isPartOf":{"@id":"https:\/\/vincentians.com\/es\/garantizar-la-sostenibilidad-del-medio-ambiente\/"},"author":{"name":"Francisco Javier Fern\u00e1ndez Chento","@id":"https:\/\/vincentians.com\/es\/#\/schema\/person\/9623ef4d9aa3b2dfb8c061f1499288f2"},"headline":"Garantizar la sostenibilidad del medio ambiente","datePublished":"2025-03-25T07:23:28+00:00","mainEntityOfPage":{"@id":"https:\/\/vincentians.com\/es\/garantizar-la-sostenibilidad-del-medio-ambiente\/"},"wordCount":1655,"commentCount":0,"publisher":{"@id":"https:\/\/vincentians.com\/es\/#organization"},"image":{"@id":"https:\/\/vincentians.com\/es\/garantizar-la-sostenibilidad-del-medio-ambiente\/#primaryimage"},"thumbnailUrl":"https:\/\/i0.wp.com\/vincentians.com\/es\/wp-content\/uploads\/sites\/11\/2016\/10\/chatillon_sur_chalaronne.jpg?fit=1200%2C630&ssl=1","articleSection":["Cambio sist\u00e9mico","Formaci\u00f3n Vicenciana sin categorizar"],"inLanguage":"es","potentialAction":[{"@type":"CommentAction","name":"Comment","target":["https:\/\/vincentians.com\/es\/garantizar-la-sostenibilidad-del-medio-ambiente\/#respond"]}]},{"@type":"WebPage","@id":"https:\/\/vincentians.com\/es\/garantizar-la-sostenibilidad-del-medio-ambiente\/","url":"https:\/\/vincentians.com\/es\/garantizar-la-sostenibilidad-del-medio-ambiente\/","name":"Garantizar la sostenibilidad del medio ambiente - Somos Vicencianos","isPartOf":{"@id":"https:\/\/vincentians.com\/es\/#website"},"primaryImageOfPage":{"@id":"https:\/\/vincentians.com\/es\/garantizar-la-sostenibilidad-del-medio-ambiente\/#primaryimage"},"image":{"@id":"https:\/\/vincentians.com\/es\/garantizar-la-sostenibilidad-del-medio-ambiente\/#primaryimage"},"thumbnailUrl":"https:\/\/i0.wp.com\/vincentians.com\/es\/wp-content\/uploads\/sites\/11\/2016\/10\/chatillon_sur_chalaronne.jpg?fit=1200%2C630&ssl=1","datePublished":"2025-03-25T07:23:28+00:00","breadcrumb":{"@id":"https:\/\/vincentians.com\/es\/garantizar-la-sostenibilidad-del-medio-ambiente\/#breadcrumb"},"inLanguage":"es","potentialAction":[{"@type":"ReadAction","target":["https:\/\/vincentians.com\/es\/garantizar-la-sostenibilidad-del-medio-ambiente\/"]}]},{"@type":"ImageObject","inLanguage":"es","@id":"https:\/\/vincentians.com\/es\/garantizar-la-sostenibilidad-del-medio-ambiente\/#primaryimage","url":"https:\/\/i0.wp.com\/vincentians.com\/es\/wp-content\/uploads\/sites\/11\/2016\/10\/chatillon_sur_chalaronne.jpg?fit=1200%2C630&ssl=1","contentUrl":"https:\/\/i0.wp.com\/vincentians.com\/es\/wp-content\/uploads\/sites\/11\/2016\/10\/chatillon_sur_chalaronne.jpg?fit=1200%2C630&ssl=1","width":1200,"height":630},{"@type":"BreadcrumbList","@id":"https:\/\/vincentians.com\/es\/garantizar-la-sostenibilidad-del-medio-ambiente\/#breadcrumb","itemListElement":[{"@type":"ListItem","position":1,"name":"Portada","item":"https:\/\/vincentians.com\/es\/"},{"@type":"ListItem","position":2,"name":"Garantizar la sostenibilidad del medio ambiente"}]},{"@type":"WebSite","@id":"https:\/\/vincentians.com\/es\/#website","url":"https:\/\/vincentians.com\/es\/","name":"Somos Vicencianos","description":"Know more to serve more","publisher":{"@id":"https:\/\/vincentians.com\/es\/#organization"},"potentialAction":[{"@type":"SearchAction","target":{"@type":"EntryPoint","urlTemplate":"https:\/\/vincentians.com\/es\/?s={search_term_string}"},"query-input":{"@type":"PropertyValueSpecification","valueRequired":true,"valueName":"search_term_string"}}],"inLanguage":"es"},{"@type":"Organization","@id":"https:\/\/vincentians.com\/es\/#organization","name":"The Vincentian Network","url":"https:\/\/vincentians.com\/es\/","logo":{"@type":"ImageObject","inLanguage":"es","@id":"https:\/\/vincentians.com\/es\/#\/schema\/logo\/image\/","url":"https:\/\/i1.wp.com\/vincentians.com\/es\/wp-content\/uploads\/sites\/11\/2016\/06\/Vincentian-Network-logo-big.png?fit=778%2C778","contentUrl":"https:\/\/i1.wp.com\/vincentians.com\/es\/wp-content\/uploads\/sites\/11\/2016\/06\/Vincentian-Network-logo-big.png?fit=778%2C778","width":778,"height":778,"caption":"The Vincentian Network"},"image":{"@id":"https:\/\/vincentians.com\/es\/#\/schema\/logo\/image\/"},"sameAs":["https:\/\/www.facebook.com\/WeAreVincentians\/","https:\/\/x.com\/WeVincentians"]},{"@type":"Person","@id":"https:\/\/vincentians.com\/es\/#\/schema\/person\/9623ef4d9aa3b2dfb8c061f1499288f2","name":"Francisco Javier Fern\u00e1ndez Chento","image":{"@type":"ImageObject","inLanguage":"es","@id":"https:\/\/vincentians.com\/es\/#\/schema\/person\/image\/","url":"https:\/\/secure.gravatar.com\/avatar\/497d5cde87b4c3d097d0315953521681ba2cd523ee66e5077c3711f7021e65de?s=96&d=mm&r=g","contentUrl":"https:\/\/secure.gravatar.com\/avatar\/497d5cde87b4c3d097d0315953521681ba2cd523ee66e5077c3711f7021e65de?s=96&d=mm&r=g","caption":"Francisco Javier Fern\u00e1ndez Chento"},"description":"Director General y cofundador de La Red de Formaci\u00f3n Vicenciana. Javier es laico vicenciano, afiliado a la Congregaci\u00f3n de la Misi\u00f3n y miembro del Equipo de Misiones Populares de la provincia can\u00f3nica de Zaragoza (Espa\u00f1a) de la Congregaci\u00f3n de la Misi\u00f3n. Graduado en la Universidad Oberta de Catalunya con cuatro grados (Asistente de direcci\u00f3n, Gesti\u00f3n Administrativa, Recursos Humanos y Contabilidad Avanzada). Bil\u00edng\u00fce Espa\u00f1ol\/Ingl\u00e9s. gestiona y mantiene varias p\u00e1ginas web cristianas y vicencianas, incluida including La Red de Formaci\u00f3n Vicenciana, de la que es cofundador. Actualmente es responsable del \u00e1rea de Espa\u00f1ol de .famvin, la Red de Noticias de la Familia Vicenciana. Tambi\u00e9n es m\u00fasico cat\u00f3lico y ha editado varios discos. Es Director General y cofundador de Trovador, una reconocida compa\u00f1\u00eda discogr\u00e1fica critiana de Espa\u00f1a. Trabaja en las Tecnolog\u00edas de la Informaci\u00f3n, ofreciendo servicios de alojamiento, dise\u00f1o y mantenimiento Web, as\u00ed como asesoramiento, formaci\u00f3n y soluciones inform\u00e1ticas, gesti\u00f3n documental y digitalizaci\u00f3n de textos, edici\u00f3n y maquetaci\u00f3n de libros, revistas, flyers, etc.","sameAs":["http:\/\/chento.org","https:\/\/www.facebook.com\/JavierChento","https:\/\/x.com\/https:\/\/twitter.com\/javierchento"],"url":"https:\/\/vincentians.com\/es\/author\/chento\/"}]}},"jetpack_publicize_connections":[],"jetpack_featured_media_url":"https:\/\/i0.wp.com\/vincentians.com\/es\/wp-content\/uploads\/sites\/11\/2016\/10\/chatillon_sur_chalaronne.jpg?fit=1200%2C630&ssl=1","jetpack_sharing_enabled":true,"jetpack_shortlink":"https:\/\/wp.me\/p7ETMF-xoP","jetpack-related-posts":[{"id":403168,"url":"https:\/\/vincentians.com\/es\/doctrina-social-de-la-iglesia-x\/","url_meta":{"origin":128391,"position":0},"title":"Doctrina Social de la Iglesia (X)","author":"Mitxel Olabu\u00e9naga","date":"27\/11\/2020","format":false,"excerpt":"SOLIDARIDAD E INJERENCIA Conceptos Se entiende por solidaridad la uni\u00f3n de esfuerzos huma\u00adnos que concurren a un fin com\u00fan. Representa una idea de uni\u00f3n, concordia, conformidad de personas y esfuerzos para conseguir un fin determinado. El fundamento \u00faltimo de la solidaridad es, como recuerda Juan XXIII, que al ser los\u2026","rel":"","context":"En \u00abFormaci\u00f3n Cristiana\u00bb","block_context":{"text":"Formaci\u00f3n Cristiana","link":"https:\/\/vincentians.com\/es\/category\/formacion-cristiana\/"},"img":{"alt_text":"","src":"https:\/\/i0.wp.com\/vincentians.com\/es\/wp-content\/uploads\/sites\/11\/2015\/04\/tres-descubrimientos-de-Vicente-de-Paul.jpg?fit=1200%2C630&ssl=1&resize=350%2C200","width":350,"height":200,"srcset":"https:\/\/i0.wp.com\/vincentians.com\/es\/wp-content\/uploads\/sites\/11\/2015\/04\/tres-descubrimientos-de-Vicente-de-Paul.jpg?fit=1200%2C630&ssl=1&resize=350%2C200 1x, https:\/\/i0.wp.com\/vincentians.com\/es\/wp-content\/uploads\/sites\/11\/2015\/04\/tres-descubrimientos-de-Vicente-de-Paul.jpg?fit=1200%2C630&ssl=1&resize=525%2C300 1.5x, https:\/\/i0.wp.com\/vincentians.com\/es\/wp-content\/uploads\/sites\/11\/2015\/04\/tres-descubrimientos-de-Vicente-de-Paul.jpg?fit=1200%2C630&ssl=1&resize=700%2C400 2x, https:\/\/i0.wp.com\/vincentians.com\/es\/wp-content\/uploads\/sites\/11\/2015\/04\/tres-descubrimientos-de-Vicente-de-Paul.jpg?fit=1200%2C630&ssl=1&resize=1050%2C600 3x"},"classes":[]},{"id":109299,"url":"https:\/\/vincentians.com\/es\/aspectos-del-siglo-xvii-frances-i\/","url_meta":{"origin":128391,"position":1},"title":"Aspectos del siglo XVII franc\u00e9s (I)","author":"Francisco Javier Fern\u00e1ndez Chento","date":"16\/08\/2019","format":false,"excerpt":"A la hora de presentar este trabajo quiero dejar constancia de los m\u00f3viles que me han guiado a llevarlo a cabo: un deseo de aportar conoci\u00admientos fuera del alcance de muchos miembros de la familia vicenciana, y sobre todo estimular a estos miembros a que la lectura de estas l\u00edneas\u2026","rel":"","context":"En \u00abFormaci\u00f3n Vicenciana\u00bb","block_context":{"text":"Formaci\u00f3n Vicenciana","link":"https:\/\/vincentians.com\/es\/category\/formacion-vicenciana\/"},"img":{"alt_text":"","src":"https:\/\/i0.wp.com\/vincentians.com\/es\/wp-content\/uploads\/sites\/11\/2016\/09\/revolucion-francesa.jpg?fit=1200%2C630&ssl=1&resize=350%2C200","width":350,"height":200,"srcset":"https:\/\/i0.wp.com\/vincentians.com\/es\/wp-content\/uploads\/sites\/11\/2016\/09\/revolucion-francesa.jpg?fit=1200%2C630&ssl=1&resize=350%2C200 1x, https:\/\/i0.wp.com\/vincentians.com\/es\/wp-content\/uploads\/sites\/11\/2016\/09\/revolucion-francesa.jpg?fit=1200%2C630&ssl=1&resize=525%2C300 1.5x, https:\/\/i0.wp.com\/vincentians.com\/es\/wp-content\/uploads\/sites\/11\/2016\/09\/revolucion-francesa.jpg?fit=1200%2C630&ssl=1&resize=700%2C400 2x, https:\/\/i0.wp.com\/vincentians.com\/es\/wp-content\/uploads\/sites\/11\/2016\/09\/revolucion-francesa.jpg?fit=1200%2C630&ssl=1&resize=1050%2C600 3x"},"classes":[]},{"id":10201,"url":"https:\/\/vincentians.com\/es\/la-globalizacion-y-los-retos-de-la-fe\/","url_meta":{"origin":128391,"position":2},"title":"La globalizaci\u00f3n y los retos de la Fe","author":"Francisco Javier Fern\u00e1ndez Chento","date":"01\/05\/2013","format":false,"excerpt":"Antes de hablar de la globalizaci\u00f3n, me gusta hacer una peque\u00f1a precisi\u00f3n metodol\u00f3gica que me parece pertinente y clarificadora. El t\u00e9rmino globalizaci\u00f3n procede del mundo an\u00adglosaj\u00f3n y se ha asumido en castellano de forma autom\u00e1tica, lo que suele inducir equ\u00edvo\u00adcos sobre su significaci\u00f3n. El t\u00e9rmino que emplea el franc\u00e9s, que\u2026","rel":"","context":"En \u00abDoctrina Social de la Iglesia\u00bb","block_context":{"text":"Doctrina Social de la Iglesia","link":"https:\/\/vincentians.com\/es\/category\/formacion-cristiana\/doctrina-social-de-la-iglesia\/"},"img":{"alt_text":"globalizacion","src":"https:\/\/i0.wp.com\/vicencianos.org\/wp-content\/2013\/05\/globalizacion-246x300.jpg?resize=350%2C200","width":350,"height":200},"classes":[]},{"id":181742,"url":"https:\/\/vincentians.com\/es\/enciclica-laudato-si-02\/","url_meta":{"origin":128391,"position":3},"title":"Enc\u00edclica \u00abLaudato Si\u00bb 02","author":"Francisco Javier Fern\u00e1ndez Chento","date":"20\/06\/2015","format":false,"excerpt":"Cap\u00edtulo primero: Lo que le est\u00e1 pasando a nuestra casa 17. Las reflexiones teol\u00f3gicas o filos\u00f3ficas sobre la situaci\u00f3n de la humanidad y del mundo pueden sonar a mensaje repetido y abstracto si no se presentan nuevamente a partir de una confrontaci\u00f3n con el contexto actual, en lo que tiene\u2026","rel":"","context":"En \u00abDocumentos Pontificios\u00bb","block_context":{"text":"Documentos Pontificios","link":"https:\/\/vincentians.com\/es\/category\/formacion-cristiana\/documentos-pontificios\/"},"img":{"alt_text":"laudato si","src":"https:\/\/i0.wp.com\/vicencianos.org\/wp-content\/2015\/06\/laudato-si1-1024x773.jpg?resize=350%2C200","width":350,"height":200,"srcset":"https:\/\/i0.wp.com\/vicencianos.org\/wp-content\/2015\/06\/laudato-si1-1024x773.jpg?resize=350%2C200 1x, https:\/\/i0.wp.com\/vicencianos.org\/wp-content\/2015\/06\/laudato-si1-1024x773.jpg?resize=525%2C300 1.5x, https:\/\/i0.wp.com\/vicencianos.org\/wp-content\/2015\/06\/laudato-si1-1024x773.jpg?resize=700%2C400 2x"},"classes":[]},{"id":403153,"url":"https:\/\/vincentians.com\/es\/doctrina-social-de-la-iglesia-iii\/","url_meta":{"origin":128391,"position":4},"title":"Doctrina Social de la Iglesia (III)","author":"Mitxel Olabu\u00e9naga","date":"13\/11\/2020","format":false,"excerpt":"CAP\u00cdTULO III: DERECHOS FUNDAMENTALES DE LA PERSONA Recuerda el Catecismo que la justicia social solo puede ser conseguida sobre la base del respeto a la dignidad trascendente del hombre (n.1929). Y este respeto implica el de los derechos que se derivan de su dignidad (n.1930-1931) y debe manifestar\u00adse mediante el\u2026","rel":"","context":"En \u00abFormaci\u00f3n Cristiana\u00bb","block_context":{"text":"Formaci\u00f3n Cristiana","link":"https:\/\/vincentians.com\/es\/category\/formacion-cristiana\/"},"img":{"alt_text":"","src":"https:\/\/i0.wp.com\/vincentians.com\/es\/wp-content\/uploads\/sites\/11\/2015\/04\/tres-descubrimientos-de-Vicente-de-Paul.jpg?fit=1200%2C630&ssl=1&resize=350%2C200","width":350,"height":200,"srcset":"https:\/\/i0.wp.com\/vincentians.com\/es\/wp-content\/uploads\/sites\/11\/2015\/04\/tres-descubrimientos-de-Vicente-de-Paul.jpg?fit=1200%2C630&ssl=1&resize=350%2C200 1x, https:\/\/i0.wp.com\/vincentians.com\/es\/wp-content\/uploads\/sites\/11\/2015\/04\/tres-descubrimientos-de-Vicente-de-Paul.jpg?fit=1200%2C630&ssl=1&resize=525%2C300 1.5x, https:\/\/i0.wp.com\/vincentians.com\/es\/wp-content\/uploads\/sites\/11\/2015\/04\/tres-descubrimientos-de-Vicente-de-Paul.jpg?fit=1200%2C630&ssl=1&resize=700%2C400 2x, https:\/\/i0.wp.com\/vincentians.com\/es\/wp-content\/uploads\/sites\/11\/2015\/04\/tres-descubrimientos-de-Vicente-de-Paul.jpg?fit=1200%2C630&ssl=1&resize=1050%2C600 3x"},"classes":[]},{"id":26304,"url":"https:\/\/vincentians.com\/es\/constructores-de-la-paz-capitulo-iii\/","url_meta":{"origin":128391,"position":5},"title":"Constructores de la Paz (Cap\u00edtulo III)","author":"Francisco Javier Fern\u00e1ndez Chento","date":"17\/08\/2013","format":false,"excerpt":"CAP\u00cdTULO III JUICIO CRISTIANO SOBRE LAS GRANDES CUESTIONES DE PAZ 54. Queremos proyectar esta mirada evang\u00e9lica sobre algunas cuestiones m\u00e1s urgentes de nuestro tiempo en torno a la paz, no para ofrecer soluciones concretas que pertenecen al terreno de la pol\u00edtica mundial o nacional, sino para que las soluciones no\u2026","rel":"","context":"En \u00abConferencia Episcopal Espa\u00f1ola\u00bb","block_context":{"text":"Conferencia Episcopal Espa\u00f1ola","link":"https:\/\/vincentians.com\/es\/category\/formacion-cristiana\/conferencia-episcopal-espanola\/"},"img":{"alt_text":"","src":"https:\/\/i0.wp.com\/vincentians.com\/es\/wp-content\/uploads\/sites\/11\/2016\/07\/conferencia-episcopal-espanyola.jpg?fit=1200%2C630&ssl=1&resize=350%2C200","width":350,"height":200,"srcset":"https:\/\/i0.wp.com\/vincentians.com\/es\/wp-content\/uploads\/sites\/11\/2016\/07\/conferencia-episcopal-espanyola.jpg?fit=1200%2C630&ssl=1&resize=350%2C200 1x, https:\/\/i0.wp.com\/vincentians.com\/es\/wp-content\/uploads\/sites\/11\/2016\/07\/conferencia-episcopal-espanyola.jpg?fit=1200%2C630&ssl=1&resize=525%2C300 1.5x, https:\/\/i0.wp.com\/vincentians.com\/es\/wp-content\/uploads\/sites\/11\/2016\/07\/conferencia-episcopal-espanyola.jpg?fit=1200%2C630&ssl=1&resize=700%2C400 2x, https:\/\/i0.wp.com\/vincentians.com\/es\/wp-content\/uploads\/sites\/11\/2016\/07\/conferencia-episcopal-espanyola.jpg?fit=1200%2C630&ssl=1&resize=1050%2C600 3x"},"classes":[]}],"_links":{"self":[{"href":"https:\/\/vincentians.com\/es\/wp-json\/wp\/v2\/posts\/128391","targetHints":{"allow":["GET"]}}],"collection":[{"href":"https:\/\/vincentians.com\/es\/wp-json\/wp\/v2\/posts"}],"about":[{"href":"https:\/\/vincentians.com\/es\/wp-json\/wp\/v2\/types\/post"}],"author":[{"embeddable":true,"href":"https:\/\/vincentians.com\/es\/wp-json\/wp\/v2\/users\/4"}],"replies":[{"embeddable":true,"href":"https:\/\/vincentians.com\/es\/wp-json\/wp\/v2\/comments?post=128391"}],"version-history":[{"count":1,"href":"https:\/\/vincentians.com\/es\/wp-json\/wp\/v2\/posts\/128391\/revisions"}],"predecessor-version":[{"id":405923,"href":"https:\/\/vincentians.com\/es\/wp-json\/wp\/v2\/posts\/128391\/revisions\/405923"}],"wp:featuredmedia":[{"embeddable":true,"href":"https:\/\/vincentians.com\/es\/wp-json\/wp\/v2\/media\/400147"}],"wp:attachment":[{"href":"https:\/\/vincentians.com\/es\/wp-json\/wp\/v2\/media?parent=128391"}],"wp:term":[{"taxonomy":"category","embeddable":true,"href":"https:\/\/vincentians.com\/es\/wp-json\/wp\/v2\/categories?post=128391"},{"taxonomy":"post_tag","embeddable":true,"href":"https:\/\/vincentians.com\/es\/wp-json\/wp\/v2\/tags?post=128391"}],"curies":[{"name":"wp","href":"https:\/\/api.w.org\/{rel}","templated":true}]}}