{"id":12835,"date":"2023-01-13T08:45:32","date_gmt":"2023-01-13T07:45:32","guid":{"rendered":"http:\/\/somos.vicencianos.org\/blog\/2010\/03\/09\/vicente-de-los-pobres\/"},"modified":"2022-12-29T12:05:58","modified_gmt":"2022-12-29T11:05:58","slug":"vicente-de-los-pobres","status":"publish","type":"post","link":"https:\/\/vincentians.com\/es\/vicente-de-los-pobres\/","title":{"rendered":"Vicente de los Pobres"},"content":{"rendered":"<p>Le llamaban Se\u00f1or Vicente.<\/p>\n<p>El 24 de abril de 1581, en la regi\u00f3n francesa de las Landas, cerca de los Pirineos, la familia de Paul, est\u00e1 de fiesta porque acababa de nacer su tercer hijo: Vicentito\u2026 Ya desde muy peque\u00f1o, Vicente participaba en las tareas de la casa: en el campo, cuidando los animales y poco a poco va descubriendo la presencia de Dios a su alrededor. Como cada d\u00eda, al anochecer, la familia se reun\u00eda alrededor de una fogata para contar sus historias, recordar la vida de Jes\u00fas y rezar, dando gracias a Dios.<\/p>\n<p>Sus padres enseguida se dieron cuenta de su inteligencia y decidieron enviarle a la ciudad a estudiar para que se hiciera sacerdote. As\u00ed que a los 15 a\u00f1os, Vicente abandon\u00f3 su hogar e ingres\u00f3 en el colegio de los franciscanos de Dax. Estudiaba mucho y pronto consigui\u00f3 un trabajo para poder pagarse sus estudios. Vicente todav\u00eda entonces ten\u00eda un car\u00e1cter ardiente y era incluso un poco orgulloso; tanto que un d\u00eda lleg\u00f3 a avergonzarse de su padre al verlo cojo y mal vestido en una visita que le hizo.<\/p>\n<p>Cuando a\u00fan no ten\u00eda 20 a\u00f1os, all\u00e1 por 1600, fue ordenado sacerdote y march\u00f3 de un lugar a otro buscando una oportunidad que le hiciese famoso y as\u00ed conocer a gente importante (segu\u00eda siendo vanidoso). Fueron unos a\u00f1os llenos de aventuras: despu\u00e9s de recibir la herencia de una anciana mujer, le robaron y \u00e9l persigui\u00f3 al ladr\u00f3n hasta lograr meterlo en la c\u00e1rcel; luego, parti\u00f3 a Roma en peregrinaci\u00f3n, incluso cuentan que fue capturado por unos piratas que le llevaron a T\u00fanez y all\u00ed estuvo al servicio de un curandero, hasta que se escap\u00f3 y regres\u00f3 a Francia.<\/p>\n<p>De regreso a Par\u00eds, Vicente ayudaba a la gente en nombre de la reina, pero un buen d\u00eda fue acusado de ladr\u00f3n, de haber robado dinero a un amigo que viv\u00eda con \u00e9l. Esto le entristeci\u00f3 mucho, pero tras muchos meses se demostr\u00f3 su inocencia. Fue entonces cuando Vicente comenz\u00f3 a reflexionar, porque se sent\u00eda cansado de ir tras las riquezas y la gente importante.<\/p>\n<p><em>\u00ab\u00bfPara qu\u00e9 me sirve todo esto si mi vida es obscura y vac\u00eda?\u00bb, <\/em>pensaba para sus adentros.<\/p>\n<p>As\u00ed fue como Vicente se convirti\u00f3 en el p\u00e1rroco de una peque\u00f1a y pobre iglesia en Clichy y por vez primera se sent\u00eda verdaderamente feliz; pero al cabo de un a\u00f1o se traslad\u00f3 a vivir con la familia de Gondi, compartiendo en su castillo una vida brillante y fastuosa. Ense\u00f1aba el catecismo a los hijos mayores y se convirti\u00f3 en el confidente y consejero de la familia.<\/p>\n<p>Y un buen d\u00eda, durante la visita con la se\u00f1ora a un enfermo, de repente se le ocurri\u00f3 \u2026!!!<\/p>\n<p><em>\u00ab<\/em><em>S\u00ed, \u00e9sta es la idea: visitar las tierras, predicar en las iglesias, llamar a los campesinos para que se arrepientan <\/em><em>y se confiesen\u2026<\/em><em>\u00ab<\/em><\/p>\n<p>Y en verdad fue todo un \u00e9xito; su palabra tocaba el coraz\u00f3n de todas las gentes; tantos campesinos vinieron a pedir perd\u00f3n que tuvo que buscar la ayuda de otros sacerdotes. Y Vicente se puso en marcha: de pueblo en pueblo, predicaba, escuchaba, aconsejaba, confesaba\u2026 de aqu\u00ed naci\u00f3 la idea de juntar a los sacerdotes que dar\u00edan su vida por estas pobres gentes del campo. As\u00ed naci\u00f3 la Misi\u00f3n, los Padres Pa\u00fales, que tambi\u00e9n son llamados misioneros.<\/p>\n<p>Algo hab\u00eda cambiado de verdad en el coraz\u00f3n de Vicente. Se siente m\u00e1s feliz hablando de Dios a los campesinos, rezando, reflexionando y confesando que en la tranquila vida del castillo. Quer\u00eda llegar a todas las personas que mueren de hambre y sufren porque no conocen a Dios. Y as\u00ed se fue de p\u00e1rroco a una peque\u00f1a aldea.<\/p>\n<p>Un domingo en misa les cont\u00f3 a sus feligreses que en el pueblo hab\u00eda una familia toda enferma que no ten\u00eda a nadie que les cuidase y toda la gente del pueblo acudi\u00f3 en su ayuda. Vicente estaba muy feliz, pero pens\u00f3<\/p>\n<p><em>\u00ab<\/em><em>Y ma\u00f1ana, \u00bfqui\u00e9n vendr\u00e1? Hay que organizarse\u00bb<\/em><\/p>\n<p>As\u00ed que las mujeres empezaron a organizarse para visitar a los enfermos y Vicente les dec\u00eda:<\/p>\n<p><em>\u00abCuando les deis de comer, hacerles sonre\u00edr contando historias alegres y sobre todo, no olvid\u00e9is de hablarles del amor de Dios, llevadlos como de la mano hacia Dios.\u00bb <\/em><\/p>\n<p>Y as\u00ed nacieron las Damas de la Caridad.<\/p>\n<p>Vicente convierte \u00absu amor en Jes\u00fas\u00bb en \u00absu amor por los pobres\u00bb, por lo necesitados, por los enfermos, por los ni\u00f1os, por los encarcelados; por todas las personas desgraciadas que s\u00f3lo conocen el desprecio, las injurias, la violencia, la soledad, el hambre y la enfermedad.<\/p>\n<p>Pasa el tiempo y en 1625, Vicente de Paul conoce en Par\u00eds a Luisa de Marillac, una dama noble y generosa y juntos contin\u00faan la labor que Vicente hab\u00eda emprendido.<\/p>\n<p>M\u00e1s tarde, una campesina llamada Margarita de Naseau acude al encuentro de Vicente y le manifiesta su deseo de ayudar a atender a los m\u00e1s necesitados con otras j\u00f3venes que se unieron m\u00e1s tarde y a las que Vicente animaba diciendo:<\/p>\n<p><em>\u00abHijas m\u00edas: Los pobres son vuestros amos y se\u00f1ores. Estad siempre atentas a que no les falte nada y adem\u00e1s decidles lo importantes que son para el coraz\u00f3n de Dios.\u00bb<\/em><\/p>\n<p>As\u00ed fue como se juntaron y formaron las primeras Hijas de la Caridad, tambi\u00e9n llamadas Hermanas de San Vicente de Pa\u00fal que acog\u00edan a ni\u00f1os pobres, sin familia, ni hogar; cuidaban a los enfermos, visitaban a los encarcelados\u2026 Su obra no tiene fin y contin\u00faa hasta nuestros d\u00edas.<\/p>\n<p>M\u00e1s tarde comenz\u00f3 una terrible guerra y Vicente junto con los padres misioneros se enfrentaron a muchos peligros para socorrer a todas las gentes: hambre, peste, epidemias\u2026 Con todos aquellos que lo siguen, el se\u00f1or Vicente encuentra muchas maneras de luchar contra la miseria. Los enfermos, los campesinos, los ancianos, los heridos de guerra, los prisioneros, los ni\u00f1os abandonados, los mendigos\u2026 todos ocupan un lugar muy importante en su coraz\u00f3n. A todos quiere darles esperanzas y ganas de vivir. A todos les habla de lo grande que es el amor de Dios. \u00bfCu\u00e1l era el secreto de su fuerza? Pues\u2026 la oraci\u00f3n. Con ella comenzaba su jornada muy temprano por las ma\u00f1anas y lo acompa\u00f1aba hasta la noche. Vicente quiere dar a conocer este amor de Dios a todas las tierras y por eso env\u00eda<\/p>\n<p>Padres de la Misi\u00f3n al extranjero. Pero su salud empezaba a flaquear y el 27 de septiembre de 1660, casi a los 80 a\u00f1os, durante la noche besa la cruz y pronuncia por \u00faltima vez el nombre del Se\u00f1or\u2026.<\/p>\n<p>Vicente fue proclamado santo en 1737. Pero su labor no acab\u00f3 entonces; Vicente est\u00e1 siempre presente por medio de la acci\u00f3n de sus hijos e hijas. Hoy en d\u00eda, en los cinco continentes, hay cerca de dos millones de personas que sirven a los pobres tal y como lo hizo san Vicente de Pa\u00fal: \u00absirviendo a los pobres se sirve a Cristo\u00bb. El lema de su vida fue \u00abhacerlo todo por amor\u00bb.<\/p>\n<p style=\"text-align: right\"><em>Tomado del libro \u00abSan Vicente de Pa\u00fal\u00bb<br \/>\nEd. CEME<br \/>\nColecc. \u00abPor los caminos del Evangelio\u00bb<\/em><\/p>\n","protected":false},"excerpt":{"rendered":"<p>Le llamaban Se\u00f1or Vicente. El 24 de abril de 1581, en la regi\u00f3n francesa de las Landas, cerca de los Pirineos, la familia de Paul, est\u00e1 de fiesta porque acababa de nacer su tercer hijo: &#8230; <a href=\"https:\/\/vincentians.com\/es\/vicente-de-los-pobres\/\" class=\"more-link\">Read More<\/a><\/p>\n","protected":false},"author":4,"featured_media":404124,"comment_status":"open","ping_status":"open","sticky":false,"template":"","format":"standard","meta":{"jetpack_post_was_ever_published":false,"_jetpack_newsletter_access":"","_jetpack_dont_email_post_to_subs":false,"_jetpack_newsletter_tier_id":0,"_jetpack_memberships_contains_paywalled_content":false,"_jetpack_memberships_contains_paid_content":false,"footnotes":"","jetpack_publicize_message":"","jetpack_publicize_feature_enabled":true,"jetpack_social_post_already_shared":true,"jetpack_social_options":{"image_generator_settings":{"template":"highway","default_image_id":0,"font":"","enabled":false},"version":2}},"categories":[5],"tags":[148,119,116],"class_list":["post-12835","post","type-post","status-publish","format-standard","has-post-thumbnail","hentry","category-vicente-de-paul","tag-clichy","tag-gondi","tag-tunez"],"yoast_head":"<!-- This site is optimized with the Yoast SEO plugin v26.3 - https:\/\/yoast.com\/wordpress\/plugins\/seo\/ -->\n<title>Vicente de los Pobres - Somos Vicencianos<\/title>\n<meta name=\"robots\" content=\"index, follow, max-snippet:-1, max-image-preview:large, max-video-preview:-1\" \/>\n<link rel=\"canonical\" href=\"http:\/\/vincentians.com\/es\/vicente-de-los-pobres\/\" \/>\n<meta property=\"og:locale\" content=\"es_ES\" \/>\n<meta property=\"og:type\" content=\"article\" \/>\n<meta property=\"og:title\" content=\"Vicente de los Pobres - Somos Vicencianos\" \/>\n<meta property=\"og:description\" content=\"Le llamaban Se\u00f1or Vicente. El 24 de abril de 1581, en la regi\u00f3n francesa de las Landas, cerca de los Pirineos, la familia de Paul, est\u00e1 de fiesta porque acababa de nacer su tercer hijo: ... Read More\" \/>\n<meta property=\"og:url\" content=\"http:\/\/vincentians.com\/es\/vicente-de-los-pobres\/\" \/>\n<meta property=\"og:site_name\" content=\"Somos Vicencianos\" \/>\n<meta property=\"article:publisher\" content=\"https:\/\/www.facebook.com\/WeAreVincentians\/\" \/>\n<meta property=\"article:author\" content=\"https:\/\/www.facebook.com\/JavierChento\" \/>\n<meta property=\"article:published_time\" content=\"2023-01-13T07:45:32+00:00\" \/>\n<meta property=\"og:image\" content=\"https:\/\/i0.wp.com\/vincentians.com\/es\/wp-content\/uploads\/sites\/11\/2013\/04\/g-5.jpg?fit=1170%2C692\" \/>\n\t<meta property=\"og:image:width\" content=\"1170\" \/>\n\t<meta property=\"og:image:height\" content=\"692\" \/>\n\t<meta property=\"og:image:type\" content=\"image\/jpeg\" \/>\n<meta name=\"author\" content=\"Francisco Javier Fern\u00e1ndez Chento\" \/>\n<meta name=\"twitter:card\" content=\"summary_large_image\" \/>\n<meta name=\"twitter:creator\" content=\"@https:\/\/twitter.com\/javierchento\" \/>\n<meta name=\"twitter:site\" content=\"@WeVincentians\" \/>\n<meta name=\"twitter:label1\" content=\"Escrito por\" \/>\n\t<meta name=\"twitter:data1\" content=\"Francisco Javier Fern\u00e1ndez Chento\" \/>\n\t<meta name=\"twitter:label2\" content=\"Tiempo de lectura\" \/>\n\t<meta name=\"twitter:data2\" content=\"6 minutos\" \/>\n<script type=\"application\/ld+json\" class=\"yoast-schema-graph\">{\"@context\":\"https:\/\/schema.org\",\"@graph\":[{\"@type\":\"Article\",\"@id\":\"http:\/\/vincentians.com\/es\/vicente-de-los-pobres\/#article\",\"isPartOf\":{\"@id\":\"http:\/\/vincentians.com\/es\/vicente-de-los-pobres\/\"},\"author\":{\"name\":\"Francisco Javier Fern\u00e1ndez Chento\",\"@id\":\"http:\/\/vincentians.com\/es\/#\/schema\/person\/9623ef4d9aa3b2dfb8c061f1499288f2\"},\"headline\":\"Vicente de los Pobres\",\"datePublished\":\"2023-01-13T07:45:32+00:00\",\"mainEntityOfPage\":{\"@id\":\"http:\/\/vincentians.com\/es\/vicente-de-los-pobres\/\"},\"wordCount\":1246,\"commentCount\":0,\"publisher\":{\"@id\":\"http:\/\/vincentians.com\/es\/#organization\"},\"image\":{\"@id\":\"http:\/\/vincentians.com\/es\/vicente-de-los-pobres\/#primaryimage\"},\"thumbnailUrl\":\"https:\/\/i0.wp.com\/vincentians.com\/es\/wp-content\/uploads\/sites\/11\/2013\/04\/g-5.jpg?fit=1170%2C692&ssl=1\",\"keywords\":[\"Clichy\",\"Gondi\",\"T\u00fanez\"],\"articleSection\":[\"Vicente de Pa\u00fal\"],\"inLanguage\":\"es\",\"potentialAction\":[{\"@type\":\"CommentAction\",\"name\":\"Comment\",\"target\":[\"http:\/\/vincentians.com\/es\/vicente-de-los-pobres\/#respond\"]}]},{\"@type\":\"WebPage\",\"@id\":\"http:\/\/vincentians.com\/es\/vicente-de-los-pobres\/\",\"url\":\"http:\/\/vincentians.com\/es\/vicente-de-los-pobres\/\",\"name\":\"Vicente de los Pobres - Somos Vicencianos\",\"isPartOf\":{\"@id\":\"http:\/\/vincentians.com\/es\/#website\"},\"primaryImageOfPage\":{\"@id\":\"http:\/\/vincentians.com\/es\/vicente-de-los-pobres\/#primaryimage\"},\"image\":{\"@id\":\"http:\/\/vincentians.com\/es\/vicente-de-los-pobres\/#primaryimage\"},\"thumbnailUrl\":\"https:\/\/i0.wp.com\/vincentians.com\/es\/wp-content\/uploads\/sites\/11\/2013\/04\/g-5.jpg?fit=1170%2C692&ssl=1\",\"datePublished\":\"2023-01-13T07:45:32+00:00\",\"breadcrumb\":{\"@id\":\"http:\/\/vincentians.com\/es\/vicente-de-los-pobres\/#breadcrumb\"},\"inLanguage\":\"es\",\"potentialAction\":[{\"@type\":\"ReadAction\",\"target\":[\"http:\/\/vincentians.com\/es\/vicente-de-los-pobres\/\"]}]},{\"@type\":\"ImageObject\",\"inLanguage\":\"es\",\"@id\":\"http:\/\/vincentians.com\/es\/vicente-de-los-pobres\/#primaryimage\",\"url\":\"https:\/\/i0.wp.com\/vincentians.com\/es\/wp-content\/uploads\/sites\/11\/2013\/04\/g-5.jpg?fit=1170%2C692&ssl=1\",\"contentUrl\":\"https:\/\/i0.wp.com\/vincentians.com\/es\/wp-content\/uploads\/sites\/11\/2013\/04\/g-5.jpg?fit=1170%2C692&ssl=1\",\"width\":1170,\"height\":692},{\"@type\":\"BreadcrumbList\",\"@id\":\"http:\/\/vincentians.com\/es\/vicente-de-los-pobres\/#breadcrumb\",\"itemListElement\":[{\"@type\":\"ListItem\",\"position\":1,\"name\":\"Portada\",\"item\":\"http:\/\/vincentians.com\/es\/\"},{\"@type\":\"ListItem\",\"position\":2,\"name\":\"Vicente de los Pobres\"}]},{\"@type\":\"WebSite\",\"@id\":\"http:\/\/vincentians.com\/es\/#website\",\"url\":\"http:\/\/vincentians.com\/es\/\",\"name\":\"Somos Vicencianos\",\"description\":\"Know more to serve more\",\"publisher\":{\"@id\":\"http:\/\/vincentians.com\/es\/#organization\"},\"potentialAction\":[{\"@type\":\"SearchAction\",\"target\":{\"@type\":\"EntryPoint\",\"urlTemplate\":\"http:\/\/vincentians.com\/es\/?s={search_term_string}\"},\"query-input\":{\"@type\":\"PropertyValueSpecification\",\"valueRequired\":true,\"valueName\":\"search_term_string\"}}],\"inLanguage\":\"es\"},{\"@type\":\"Organization\",\"@id\":\"http:\/\/vincentians.com\/es\/#organization\",\"name\":\"The Vincentian Network\",\"url\":\"http:\/\/vincentians.com\/es\/\",\"logo\":{\"@type\":\"ImageObject\",\"inLanguage\":\"es\",\"@id\":\"http:\/\/vincentians.com\/es\/#\/schema\/logo\/image\/\",\"url\":\"https:\/\/i1.wp.com\/vincentians.com\/es\/wp-content\/uploads\/sites\/11\/2016\/06\/Vincentian-Network-logo-big.png?fit=778%2C778\",\"contentUrl\":\"https:\/\/i1.wp.com\/vincentians.com\/es\/wp-content\/uploads\/sites\/11\/2016\/06\/Vincentian-Network-logo-big.png?fit=778%2C778\",\"width\":778,\"height\":778,\"caption\":\"The Vincentian Network\"},\"image\":{\"@id\":\"http:\/\/vincentians.com\/es\/#\/schema\/logo\/image\/\"},\"sameAs\":[\"https:\/\/www.facebook.com\/WeAreVincentians\/\",\"https:\/\/x.com\/WeVincentians\"]},{\"@type\":\"Person\",\"@id\":\"http:\/\/vincentians.com\/es\/#\/schema\/person\/9623ef4d9aa3b2dfb8c061f1499288f2\",\"name\":\"Francisco Javier Fern\u00e1ndez Chento\",\"image\":{\"@type\":\"ImageObject\",\"inLanguage\":\"es\",\"@id\":\"http:\/\/vincentians.com\/es\/#\/schema\/person\/image\/\",\"url\":\"https:\/\/secure.gravatar.com\/avatar\/497d5cde87b4c3d097d0315953521681ba2cd523ee66e5077c3711f7021e65de?s=96&d=mm&r=g\",\"contentUrl\":\"https:\/\/secure.gravatar.com\/avatar\/497d5cde87b4c3d097d0315953521681ba2cd523ee66e5077c3711f7021e65de?s=96&d=mm&r=g\",\"caption\":\"Francisco Javier Fern\u00e1ndez Chento\"},\"description\":\"Director General y cofundador de La Red de Formaci\u00f3n Vicenciana. Javier es laico vicenciano, afiliado a la Congregaci\u00f3n de la Misi\u00f3n y miembro del Equipo de Misiones Populares de la provincia can\u00f3nica de Zaragoza (Espa\u00f1a) de la Congregaci\u00f3n de la Misi\u00f3n. Graduado en la Universidad Oberta de Catalunya con cuatro grados (Asistente de direcci\u00f3n, Gesti\u00f3n Administrativa, Recursos Humanos y Contabilidad Avanzada). Bil\u00edng\u00fce Espa\u00f1ol\/Ingl\u00e9s. gestiona y mantiene varias p\u00e1ginas web cristianas y vicencianas, incluida including La Red de Formaci\u00f3n Vicenciana, de la que es cofundador. Actualmente es responsable del \u00e1rea de Espa\u00f1ol de .famvin, la Red de Noticias de la Familia Vicenciana. Tambi\u00e9n es m\u00fasico cat\u00f3lico y ha editado varios discos. Es Director General y cofundador de Trovador, una reconocida compa\u00f1\u00eda discogr\u00e1fica critiana de Espa\u00f1a. Trabaja en las Tecnolog\u00edas de la Informaci\u00f3n, ofreciendo servicios de alojamiento, dise\u00f1o y mantenimiento Web, as\u00ed como asesoramiento, formaci\u00f3n y soluciones inform\u00e1ticas, gesti\u00f3n documental y digitalizaci\u00f3n de textos, edici\u00f3n y maquetaci\u00f3n de libros, revistas, flyers, etc.\",\"sameAs\":[\"http:\/\/chento.org\",\"https:\/\/www.facebook.com\/JavierChento\",\"https:\/\/x.com\/https:\/\/twitter.com\/javierchento\"],\"url\":\"https:\/\/vincentians.com\/es\/author\/chento\/\"}]}<\/script>\n<!-- \/ Yoast SEO plugin. -->","yoast_head_json":{"title":"Vicente de los Pobres - Somos Vicencianos","robots":{"index":"index","follow":"follow","max-snippet":"max-snippet:-1","max-image-preview":"max-image-preview:large","max-video-preview":"max-video-preview:-1"},"canonical":"http:\/\/vincentians.com\/es\/vicente-de-los-pobres\/","og_locale":"es_ES","og_type":"article","og_title":"Vicente de los Pobres - Somos Vicencianos","og_description":"Le llamaban Se\u00f1or Vicente. El 24 de abril de 1581, en la regi\u00f3n francesa de las Landas, cerca de los Pirineos, la familia de Paul, est\u00e1 de fiesta porque acababa de nacer su tercer hijo: ... Read More","og_url":"http:\/\/vincentians.com\/es\/vicente-de-los-pobres\/","og_site_name":"Somos Vicencianos","article_publisher":"https:\/\/www.facebook.com\/WeAreVincentians\/","article_author":"https:\/\/www.facebook.com\/JavierChento","article_published_time":"2023-01-13T07:45:32+00:00","og_image":[{"width":1170,"height":692,"url":"https:\/\/i0.wp.com\/vincentians.com\/es\/wp-content\/uploads\/sites\/11\/2013\/04\/g-5.jpg?fit=1170%2C692","type":"image\/jpeg"}],"author":"Francisco Javier Fern\u00e1ndez Chento","twitter_card":"summary_large_image","twitter_creator":"@https:\/\/twitter.com\/javierchento","twitter_site":"@WeVincentians","twitter_misc":{"Escrito por":"Francisco Javier Fern\u00e1ndez Chento","Tiempo de lectura":"6 minutos"},"schema":{"@context":"https:\/\/schema.org","@graph":[{"@type":"Article","@id":"http:\/\/vincentians.com\/es\/vicente-de-los-pobres\/#article","isPartOf":{"@id":"http:\/\/vincentians.com\/es\/vicente-de-los-pobres\/"},"author":{"name":"Francisco Javier Fern\u00e1ndez Chento","@id":"http:\/\/vincentians.com\/es\/#\/schema\/person\/9623ef4d9aa3b2dfb8c061f1499288f2"},"headline":"Vicente de los Pobres","datePublished":"2023-01-13T07:45:32+00:00","mainEntityOfPage":{"@id":"http:\/\/vincentians.com\/es\/vicente-de-los-pobres\/"},"wordCount":1246,"commentCount":0,"publisher":{"@id":"http:\/\/vincentians.com\/es\/#organization"},"image":{"@id":"http:\/\/vincentians.com\/es\/vicente-de-los-pobres\/#primaryimage"},"thumbnailUrl":"https:\/\/i0.wp.com\/vincentians.com\/es\/wp-content\/uploads\/sites\/11\/2013\/04\/g-5.jpg?fit=1170%2C692&ssl=1","keywords":["Clichy","Gondi","T\u00fanez"],"articleSection":["Vicente de Pa\u00fal"],"inLanguage":"es","potentialAction":[{"@type":"CommentAction","name":"Comment","target":["http:\/\/vincentians.com\/es\/vicente-de-los-pobres\/#respond"]}]},{"@type":"WebPage","@id":"http:\/\/vincentians.com\/es\/vicente-de-los-pobres\/","url":"http:\/\/vincentians.com\/es\/vicente-de-los-pobres\/","name":"Vicente de los Pobres - Somos Vicencianos","isPartOf":{"@id":"http:\/\/vincentians.com\/es\/#website"},"primaryImageOfPage":{"@id":"http:\/\/vincentians.com\/es\/vicente-de-los-pobres\/#primaryimage"},"image":{"@id":"http:\/\/vincentians.com\/es\/vicente-de-los-pobres\/#primaryimage"},"thumbnailUrl":"https:\/\/i0.wp.com\/vincentians.com\/es\/wp-content\/uploads\/sites\/11\/2013\/04\/g-5.jpg?fit=1170%2C692&ssl=1","datePublished":"2023-01-13T07:45:32+00:00","breadcrumb":{"@id":"http:\/\/vincentians.com\/es\/vicente-de-los-pobres\/#breadcrumb"},"inLanguage":"es","potentialAction":[{"@type":"ReadAction","target":["http:\/\/vincentians.com\/es\/vicente-de-los-pobres\/"]}]},{"@type":"ImageObject","inLanguage":"es","@id":"http:\/\/vincentians.com\/es\/vicente-de-los-pobres\/#primaryimage","url":"https:\/\/i0.wp.com\/vincentians.com\/es\/wp-content\/uploads\/sites\/11\/2013\/04\/g-5.jpg?fit=1170%2C692&ssl=1","contentUrl":"https:\/\/i0.wp.com\/vincentians.com\/es\/wp-content\/uploads\/sites\/11\/2013\/04\/g-5.jpg?fit=1170%2C692&ssl=1","width":1170,"height":692},{"@type":"BreadcrumbList","@id":"http:\/\/vincentians.com\/es\/vicente-de-los-pobres\/#breadcrumb","itemListElement":[{"@type":"ListItem","position":1,"name":"Portada","item":"http:\/\/vincentians.com\/es\/"},{"@type":"ListItem","position":2,"name":"Vicente de los Pobres"}]},{"@type":"WebSite","@id":"http:\/\/vincentians.com\/es\/#website","url":"http:\/\/vincentians.com\/es\/","name":"Somos Vicencianos","description":"Know more to serve more","publisher":{"@id":"http:\/\/vincentians.com\/es\/#organization"},"potentialAction":[{"@type":"SearchAction","target":{"@type":"EntryPoint","urlTemplate":"http:\/\/vincentians.com\/es\/?s={search_term_string}"},"query-input":{"@type":"PropertyValueSpecification","valueRequired":true,"valueName":"search_term_string"}}],"inLanguage":"es"},{"@type":"Organization","@id":"http:\/\/vincentians.com\/es\/#organization","name":"The Vincentian Network","url":"http:\/\/vincentians.com\/es\/","logo":{"@type":"ImageObject","inLanguage":"es","@id":"http:\/\/vincentians.com\/es\/#\/schema\/logo\/image\/","url":"https:\/\/i1.wp.com\/vincentians.com\/es\/wp-content\/uploads\/sites\/11\/2016\/06\/Vincentian-Network-logo-big.png?fit=778%2C778","contentUrl":"https:\/\/i1.wp.com\/vincentians.com\/es\/wp-content\/uploads\/sites\/11\/2016\/06\/Vincentian-Network-logo-big.png?fit=778%2C778","width":778,"height":778,"caption":"The Vincentian Network"},"image":{"@id":"http:\/\/vincentians.com\/es\/#\/schema\/logo\/image\/"},"sameAs":["https:\/\/www.facebook.com\/WeAreVincentians\/","https:\/\/x.com\/WeVincentians"]},{"@type":"Person","@id":"http:\/\/vincentians.com\/es\/#\/schema\/person\/9623ef4d9aa3b2dfb8c061f1499288f2","name":"Francisco Javier Fern\u00e1ndez Chento","image":{"@type":"ImageObject","inLanguage":"es","@id":"http:\/\/vincentians.com\/es\/#\/schema\/person\/image\/","url":"https:\/\/secure.gravatar.com\/avatar\/497d5cde87b4c3d097d0315953521681ba2cd523ee66e5077c3711f7021e65de?s=96&d=mm&r=g","contentUrl":"https:\/\/secure.gravatar.com\/avatar\/497d5cde87b4c3d097d0315953521681ba2cd523ee66e5077c3711f7021e65de?s=96&d=mm&r=g","caption":"Francisco Javier Fern\u00e1ndez Chento"},"description":"Director General y cofundador de La Red de Formaci\u00f3n Vicenciana. Javier es laico vicenciano, afiliado a la Congregaci\u00f3n de la Misi\u00f3n y miembro del Equipo de Misiones Populares de la provincia can\u00f3nica de Zaragoza (Espa\u00f1a) de la Congregaci\u00f3n de la Misi\u00f3n. Graduado en la Universidad Oberta de Catalunya con cuatro grados (Asistente de direcci\u00f3n, Gesti\u00f3n Administrativa, Recursos Humanos y Contabilidad Avanzada). Bil\u00edng\u00fce Espa\u00f1ol\/Ingl\u00e9s. gestiona y mantiene varias p\u00e1ginas web cristianas y vicencianas, incluida including La Red de Formaci\u00f3n Vicenciana, de la que es cofundador. Actualmente es responsable del \u00e1rea de Espa\u00f1ol de .famvin, la Red de Noticias de la Familia Vicenciana. Tambi\u00e9n es m\u00fasico cat\u00f3lico y ha editado varios discos. Es Director General y cofundador de Trovador, una reconocida compa\u00f1\u00eda discogr\u00e1fica critiana de Espa\u00f1a. Trabaja en las Tecnolog\u00edas de la Informaci\u00f3n, ofreciendo servicios de alojamiento, dise\u00f1o y mantenimiento Web, as\u00ed como asesoramiento, formaci\u00f3n y soluciones inform\u00e1ticas, gesti\u00f3n documental y digitalizaci\u00f3n de textos, edici\u00f3n y maquetaci\u00f3n de libros, revistas, flyers, etc.","sameAs":["http:\/\/chento.org","https:\/\/www.facebook.com\/JavierChento","https:\/\/x.com\/https:\/\/twitter.com\/javierchento"],"url":"https:\/\/vincentians.com\/es\/author\/chento\/"}]}},"jetpack_publicize_connections":[],"jetpack_featured_media_url":"https:\/\/i0.wp.com\/vincentians.com\/es\/wp-content\/uploads\/sites\/11\/2013\/04\/g-5.jpg?fit=1170%2C692&ssl=1","jetpack_sharing_enabled":true,"jetpack_shortlink":"https:\/\/wp.me\/p7ETMF-3l1","jetpack-related-posts":[{"id":124190,"url":"https:\/\/vincentians.com\/es\/vicente-de-paul-suenos-de-juventud\/","url_meta":{"origin":12835,"position":0},"title":"Vicente de Pa\u00fal: sue\u00f1os de juventud","author":"Francisco Javier Fern\u00e1ndez Chento","date":"21\/02\/2023","format":false,"excerpt":"Los or\u00edgenes Vicente, el tercero de seis hijos de Juan de Pa\u00fal y de Beltrana de Mora, naci\u00f3 el a\u00f1o 1581 en una regi\u00f3n pobre del suroeste de Francia. Sus padres eran campesinos y pastores que pose\u00edan unas tierras donde cultivaban mijo y habichuelas y pastoreaban su ganado: vacas, cerdos,\u2026","rel":"","context":"En \u00abVicente de Pa\u00fal\u00bb","block_context":{"text":"Vicente de Pa\u00fal","link":"https:\/\/vincentians.com\/es\/category\/la-familia-vicenciana\/fundadores\/vicente-de-paul\/"},"img":{"alt_text":"","src":"https:\/\/i0.wp.com\/vincentians.com\/es\/wp-content\/uploads\/sites\/11\/2013\/05\/d.jpg?fit=1200%2C799&ssl=1&resize=350%2C200","width":350,"height":200,"srcset":"https:\/\/i0.wp.com\/vincentians.com\/es\/wp-content\/uploads\/sites\/11\/2013\/05\/d.jpg?fit=1200%2C799&ssl=1&resize=350%2C200 1x, https:\/\/i0.wp.com\/vincentians.com\/es\/wp-content\/uploads\/sites\/11\/2013\/05\/d.jpg?fit=1200%2C799&ssl=1&resize=525%2C300 1.5x, https:\/\/i0.wp.com\/vincentians.com\/es\/wp-content\/uploads\/sites\/11\/2013\/05\/d.jpg?fit=1200%2C799&ssl=1&resize=700%2C400 2x, https:\/\/i0.wp.com\/vincentians.com\/es\/wp-content\/uploads\/sites\/11\/2013\/05\/d.jpg?fit=1200%2C799&ssl=1&resize=1050%2C600 3x"},"classes":[]},{"id":143160,"url":"https:\/\/vincentians.com\/es\/san-vicente-estudiante-y-docente-o-la-escuela-hoy-segun-san-vicente\/","url_meta":{"origin":12835,"position":1},"title":"San Vicente, estudiante y docente o la escuela hoy seg\u00fan san Vicente","author":"Francisco Javier Fern\u00e1ndez Chento","date":"16\/04\/2015","format":false,"excerpt":"Introducci\u00f3n Es evidente que desde los comienzos del siglo XVII en Francia los tiempos han cambiado y especialmente en lo que se refiere a la escuela y a la ense\u00f1anza. Se estima que en los primeros a\u00f1os del siglo XVII, los \u00be de la poblaci\u00f3n masculina y las 9\/10 de\u2026","rel":"","context":"En \u00abFormaci\u00f3n Vicenciana\u00bb","block_context":{"text":"Formaci\u00f3n Vicenciana","link":"https:\/\/vincentians.com\/es\/category\/formacion-vicenciana\/"},"img":{"alt_text":"vicentepaul","src":"https:\/\/i0.wp.com\/vicencianos.org\/wp-content\/2012\/12\/vicentepaul-235x300.jpg?resize=350%2C200","width":350,"height":200},"classes":[]},{"id":398962,"url":"https:\/\/vincentians.com\/es\/vicente-paul-carta-1358-sacerdote-la-mision-la-casa-saintes\/","url_meta":{"origin":12835,"position":2},"title":"Vicente de Pa\u00fal, Carta 1358: A Un Sacerdote De La Misi\u00f3n De La Casa De Saintes","author":"Francisco Javier Fern\u00e1ndez Chento","date":"05\/12\/2016","format":false,"excerpt":"28 de diciembre de 1650 Me dice usted que se ejercita en la paciencia y en el buen ejemplo, pero que siente mucho no poder estudiar; es que no piensa usted, padre, que el esforzarse en la virtud es un estudio de excelente calidad. )Puede usted hacer en el mundo\u2026","rel":"","context":"En \u00abEscritos de Vicente de Pa\u00fal\u00bb","block_context":{"text":"Escritos de Vicente de Pa\u00fal","link":"https:\/\/vincentians.com\/es\/category\/escritos\/escritos-de-vicente-de-paul\/"},"img":{"alt_text":"","src":"https:\/\/i0.wp.com\/vincentians.com\/es\/wp-content\/uploads\/sites\/11\/2016\/07\/escritos-vicente-de-paul.jpg?fit=1200%2C630&ssl=1&resize=350%2C200","width":350,"height":200,"srcset":"https:\/\/i0.wp.com\/vincentians.com\/es\/wp-content\/uploads\/sites\/11\/2016\/07\/escritos-vicente-de-paul.jpg?fit=1200%2C630&ssl=1&resize=350%2C200 1x, https:\/\/i0.wp.com\/vincentians.com\/es\/wp-content\/uploads\/sites\/11\/2016\/07\/escritos-vicente-de-paul.jpg?fit=1200%2C630&ssl=1&resize=525%2C300 1.5x, https:\/\/i0.wp.com\/vincentians.com\/es\/wp-content\/uploads\/sites\/11\/2016\/07\/escritos-vicente-de-paul.jpg?fit=1200%2C630&ssl=1&resize=700%2C400 2x, https:\/\/i0.wp.com\/vincentians.com\/es\/wp-content\/uploads\/sites\/11\/2016\/07\/escritos-vicente-de-paul.jpg?fit=1200%2C630&ssl=1&resize=1050%2C600 3x"},"classes":[]},{"id":116232,"url":"https:\/\/vincentians.com\/es\/la-fe-de-san-vicente\/","url_meta":{"origin":12835,"position":3},"title":"La Fe de san Vicente","author":"Francisco Javier Fern\u00e1ndez Chento","date":"14\/10\/2018","format":false,"excerpt":"I. San Vicente: un creyente Para abordar cualquier tema referente a San Vicente, el m\u00e9todo m\u00e1s seguro siempre es el de volver a la experiencia y al recorrido del Fundador. Por temperamento y por formaci\u00f3n, Vicente de Pa\u00fal fue siem\u00adpre un hombre que concedi\u00f3 gran importancia a la vida, al\u2026","rel":"","context":"En \u00abFormaci\u00f3n Vicenciana\u00bb","block_context":{"text":"Formaci\u00f3n Vicenciana","link":"https:\/\/vincentians.com\/es\/category\/formacion-vicenciana\/"},"img":{"alt_text":"","src":"","width":0,"height":0},"classes":[]},{"id":143598,"url":"https:\/\/vincentians.com\/es\/la-experiencia-espiritual-de-san-vicente\/","url_meta":{"origin":12835,"position":4},"title":"La experiencia espiritual de San Vicente","author":"Francisco Javier Fern\u00e1ndez Chento","date":"20\/04\/2015","format":false,"excerpt":"La espiritualidad vicenciana no es de ninguna manera una gram\u00e1tica de santidad para estudiar y aplicar. Es una vida, una experiencia, con la que tenemos que comulgar para favorecer el trabajo de la gracia en una vida humana. Es la experiencia espiritual de Vicente de Pa\u00fal la que vamos a\u2026","rel":"","context":"En \u00abFormaci\u00f3n Vicenciana\u00bb","block_context":{"text":"Formaci\u00f3n Vicenciana","link":"https:\/\/vincentians.com\/es\/category\/formacion-vicenciana\/"},"img":{"alt_text":"san-vicente-de-paul-y-pobres","src":"https:\/\/i0.wp.com\/vicencianos.org\/wp-content\/2015\/02\/san-vicente-de-paul-y-pobres-300x208.jpg?resize=350%2C200","width":350,"height":200},"classes":[]},{"id":398950,"url":"https:\/\/vincentians.com\/es\/vicente-paul-carta-1327-antonio-lucas-superior-le-mans\/","url_meta":{"origin":12835,"position":5},"title":"Vicente de Pa\u00fal, Carta 1327: A Antonio Lucas, Superior de Le Mans","author":"Francisco Javier Fern\u00e1ndez Chento","date":"18\/08\/2016","format":false,"excerpt":"Par\u00eds, 6 de octubre de 1650 Padre: La gracia de Nuestro Se\u00f1or sea siempre con nosotros. El dador de la presente es un muchacho de trece a\u00f1os, de familia honrada, que va al seminario de ustedes, pagando cincuenta escudos de pensi\u00f3n; me lo ha recomendado un amigo m\u00edo, de treinta\u2026","rel":"","context":"En \u00abEscritos de Vicente de Pa\u00fal\u00bb","block_context":{"text":"Escritos de Vicente de Pa\u00fal","link":"https:\/\/vincentians.com\/es\/category\/escritos\/escritos-de-vicente-de-paul\/"},"img":{"alt_text":"","src":"https:\/\/i0.wp.com\/vincentians.com\/es\/wp-content\/uploads\/sites\/11\/2016\/07\/escritos-vicente-de-paul.jpg?fit=1200%2C630&ssl=1&resize=350%2C200","width":350,"height":200,"srcset":"https:\/\/i0.wp.com\/vincentians.com\/es\/wp-content\/uploads\/sites\/11\/2016\/07\/escritos-vicente-de-paul.jpg?fit=1200%2C630&ssl=1&resize=350%2C200 1x, https:\/\/i0.wp.com\/vincentians.com\/es\/wp-content\/uploads\/sites\/11\/2016\/07\/escritos-vicente-de-paul.jpg?fit=1200%2C630&ssl=1&resize=525%2C300 1.5x, https:\/\/i0.wp.com\/vincentians.com\/es\/wp-content\/uploads\/sites\/11\/2016\/07\/escritos-vicente-de-paul.jpg?fit=1200%2C630&ssl=1&resize=700%2C400 2x, https:\/\/i0.wp.com\/vincentians.com\/es\/wp-content\/uploads\/sites\/11\/2016\/07\/escritos-vicente-de-paul.jpg?fit=1200%2C630&ssl=1&resize=1050%2C600 3x"},"classes":[]}],"_links":{"self":[{"href":"https:\/\/vincentians.com\/es\/wp-json\/wp\/v2\/posts\/12835","targetHints":{"allow":["GET"]}}],"collection":[{"href":"https:\/\/vincentians.com\/es\/wp-json\/wp\/v2\/posts"}],"about":[{"href":"https:\/\/vincentians.com\/es\/wp-json\/wp\/v2\/types\/post"}],"author":[{"embeddable":true,"href":"https:\/\/vincentians.com\/es\/wp-json\/wp\/v2\/users\/4"}],"replies":[{"embeddable":true,"href":"https:\/\/vincentians.com\/es\/wp-json\/wp\/v2\/comments?post=12835"}],"version-history":[{"count":1,"href":"https:\/\/vincentians.com\/es\/wp-json\/wp\/v2\/posts\/12835\/revisions"}],"predecessor-version":[{"id":404492,"href":"https:\/\/vincentians.com\/es\/wp-json\/wp\/v2\/posts\/12835\/revisions\/404492"}],"wp:featuredmedia":[{"embeddable":true,"href":"https:\/\/vincentians.com\/es\/wp-json\/wp\/v2\/media\/404124"}],"wp:attachment":[{"href":"https:\/\/vincentians.com\/es\/wp-json\/wp\/v2\/media?parent=12835"}],"wp:term":[{"taxonomy":"category","embeddable":true,"href":"https:\/\/vincentians.com\/es\/wp-json\/wp\/v2\/categories?post=12835"},{"taxonomy":"post_tag","embeddable":true,"href":"https:\/\/vincentians.com\/es\/wp-json\/wp\/v2\/tags?post=12835"}],"curies":[{"name":"wp","href":"https:\/\/api.w.org\/{rel}","templated":true}]}}