{"id":12775,"date":"2010-02-05T09:21:45","date_gmt":"2010-02-05T08:21:45","guid":{"rendered":"http:\/\/www.vicencianos.org\/web\/2010\/03\/02\/vicente-de-paul-temas-tratados-en-las-conferencias-de-san-lazaro-de-1650-a-1660\/"},"modified":"2016-07-26T11:01:08","modified_gmt":"2016-07-26T09:01:08","slug":"vicente-de-paul-temas-tratados-en-las-conferencias-de-san-lazaro-de-1650-a-1660","status":"publish","type":"post","link":"https:\/\/vincentians.com\/es\/vicente-de-paul-temas-tratados-en-las-conferencias-de-san-lazaro-de-1650-a-1660\/","title":{"rendered":"Vicente de Pa\u00fal, Temas Tratados En Las Conferencias De San Lazaro De 1650 A 1660"},"content":{"rendered":"<p>23 septiembre 1650. <em>Avisar al superior de los defectos de los individuos de la compa\u00f1\u00eda.<\/em><\/p>\n<ol>\n<li>Razones que nos obligan a manifestar al superior los defectos que hemos advertido en los individuos de la compa\u00f1\u00eda.<\/li>\n<li>C\u00f3mo hay que entender esta regla y qu\u00e9 defectos se pueden cometer contra ella.<\/li>\n<li>Medios para hacer bien esta manifestaci\u00f3n.<\/li>\n<\/ol>\n<p>30 septiembre 1650. <em>Aceptar que nuestros defectos sean manifestados al superior.<\/em><\/p>\n<ol>\n<li>Motivos que tenemos para aceptar que nuestros defectos sean manifestados al superior.<\/li>\n<li>C\u00f3mo hay que entender esta regla y defectos que se pueden cometer contra ella.<\/li>\n<li>Medios para guardar bien esta regla y disposiciones requeridas para aprovecharnos de ella.<\/li>\n<\/ol>\n<p>7 octubre 1650. <em>La repetici\u00f3n de la oraci\u00f3n.<\/em><\/p>\n<ol>\n<li>Motivos que tenemos para estimar mucho la pr\u00e1ctica que tiene la compa\u00f1\u00eda de la repetici\u00f3n de la oraci\u00f3n.<\/li>\n<li>Se\u00f1ales para ver qui\u00e9nes son los que no la estiman bastante.<\/li>\n<li>Medios para hacerla bien y sacar provecho de ella.<\/li>\n<\/ol>\n<p>14 octubre 1650. <em>Los apegos.<\/em><\/p>\n<ol>\n<li>Razones que tenemos para desprendernos de nuestros apegos.<\/li>\n<li>Qu\u00e9 son esos apegos y cu\u00e1les son los m\u00e1s peligrosos.<\/li>\n<li>Medios para desprendernos de ellos.<\/li>\n<\/ol>\n<p>21 octubre 1650. <em>Hacer que nos amonesten en el cap\u00edtulo.<\/em><\/p>\n<ol>\n<li>Razones que tenemos para aficionarnos a esta santa pr\u00e1ctica.<\/li>\n<li>Defectos que se pueden cometer en ella.<\/li>\n<li>Medios para aprovecharse bien de ella.<\/li>\n<\/ol>\n<p>28 octubre 1650. <em>Pasar bien la fiesta de Todos los Santos.<\/em><\/p>\n<ol>\n<li>Razones que nos obligan a pasar bien esta fiesta.<\/li>\n<li>Pr\u00e1cticas que se propone cada uno para pasarla bien.<\/li>\n<\/ol>\n<p>Noviembre 1650. <em>La condescendencia.<\/em><\/p>\n<ol>\n<li>Razones que nos obligan a practicar bien la virtud de la condescendencia.<\/li>\n<li>Qu\u00e9 es la condescendencia y en qu\u00e9 se distingue la buena de la mala.<\/li>\n<li>Medios para afianzarnos en la pr\u00e1ctica de esta virtud.<\/li>\n<\/ol>\n<p>Noviembre 1650. <em>La curiosidad.<\/em><\/p>\n<ol>\n<li>Grandes males que produce la curiosidad.<\/li>\n<li>De cu\u00e1ntas maneras puede pecarse por curiosidad.<\/li>\n<li>Remedios contra este vicio.<\/li>\n<\/ol>\n<p>Diciembre 1650. <em>El silencio.<\/em><\/p>\n<ol>\n<li>Obligaci\u00f3n que todos tenemos de contribuir a que se guarde bien el silencio en la compa\u00f1\u00eda.<\/li>\n<li>C\u00f3mo hay que entender la regla que nos ordena el silencio y en qu\u00e9 casos solemos romperla.<\/li>\n<li>Medios que hay que tomar para poner en vigor esta virtud del silencio.<\/li>\n<\/ol>\n<p>24 diciembre 1650. <em>Pasar bien las fiestas de navidad.<\/em><\/p>\n<ol>\n<li>Razones que nos obligan a pasar bien las fiestas de navidad.<\/li>\n<li>Pr\u00e1cticas que cada uno se propone para ello.<\/li>\n<\/ol>\n<p>7 enero 1651. <em>Pasar bien este a\u00f1o.<\/em><\/p>\n<ol>\n<li>Razones que tenemos para pasar bien este a\u00f1o.<\/li>\n<li>\u00bfQu\u00e9 es lo que nos ha impedido pasar bien el \u00faltimo?<\/li>\n<li>Medios que cada uno se propone practicar para pasar bien el que comienza.<\/li>\n<\/ol>\n<p>Enero 1651. <em>La modestia.<\/em><\/p>\n<ol>\n<li>Motivos que obligan a los misioneros a tener mucha modestia.<\/li>\n<li>En qu\u00e9 consiste esta virtud y los defectos que se cometen en contra.<\/li>\n<li>Medios para adquirir y practicar esta virtud.<\/li>\n<\/ol>\n<p>1651. <em>El buen uso de las amonestaciones.<\/em><\/p>\n<ol>\n<li>Razones que tenemos para usar bien de las amonestaciones que nos hacen por nuestros defectos.<\/li>\n<li>Qu\u00e9 faltas se pueden cometer a prop\u00f3sito de las amonestaciones.<\/li>\n<li>Medios para recibir bien las advertencias y hacer buen uso de ellas.<\/li>\n<\/ol>\n<p>1651. <em>Pretextos para encubrir nuestros defectos.<\/em><\/p>\n<ol>\n<li>Motivos que tenemos para no recurrir a pretextos para ocultar los defectos de nuestras acciones o dispensarnos de hacer el bien.<\/li>\n<li>Cu\u00e1les y de qu\u00e9 clases son esos pretextos; qu\u00e9 diferencia hay entre los pretextos y las buenas razones.<\/li>\n<li>Medios para dejar y evitar los malos pretextos.<\/li>\n<\/ol>\n<p>1651. <em>Las inspiraciones.<\/em><\/p>\n<ol>\n<li>Razones que nos obligan a corresponder a las buenas inspiraciones.<\/li>\n<li>Qu\u00e9 es la inspiraci\u00f3n y se\u00f1ales para distinguir las buenas de las malas inspiraciones.<\/li>\n<li>Medios para corresponder y hacer buen uso de ellas.<\/li>\n<\/ol>\n<p>1651. <em>La recreaci\u00f3n.<\/em><\/p>\n<ol>\n<li>Importancia de hacer bien la recreaci\u00f3n.<\/li>\n<li>Cu\u00e1les son los defectos ordinarios que se cometen en ella.<\/li>\n<li>Medios para hacerla bien.<\/li>\n<\/ol>\n<p>1651. <em>La sencillez.<\/em><\/p>\n<ol>\n<li>Obligaci\u00f3n que tienen los misioneros de tener esta virtud.<\/li>\n<li>En qu\u00e9 consiste la sencillez y defectos que se pueden cometer en contra de ella.<\/li>\n<li>Medios para tener y practicar la sencillez.<\/li>\n<\/ol>\n<p>1651. <em>No escuchar las maledicencias.<\/em><\/p>\n<ol>\n<li>Razones que tenemos para no escuchar las maledicencias.<\/li>\n<li>Medios para afianzarnos en esta santa pr\u00e1ctica.<\/li>\n<\/ol>\n<p>1651. <em>No pedir nada ni rechazar nada.<\/em><\/p>\n<ol>\n<li>Razones que tenemos para habituarnos a esta pr\u00e1ctica.<\/li>\n<li>En qu\u00e9 consiste y c\u00f3mo hemos de entenderla.<\/li>\n<li>Medios para afianzarnos en ella.<\/li>\n<\/ol>\n<p>1651. <em>Las sequedades espirituales.<\/em><\/p>\n<ol>\n<li>Importancia de hacer buen uso de ellas.<\/li>\n<li>Qu\u00e9 son y en que se distinguen de la tibieza.<\/li>\n<li>Medios para hacer buen uso de las sequedades del esp\u00edritu.<\/li>\n<\/ol>\n<p>1651. <em>Hacer las acciones con esp\u00edritu.<\/em><\/p>\n<ol>\n<li>Razones para hacer nuestras acciones con esp\u00edritu.<\/li>\n<li>Qu\u00e9 es hacer nuestras acciones con esp\u00edritu.<\/li>\n<li>Medios para hacerlas con esp\u00edritu.<\/li>\n<\/ol>\n<p>1651. <em>La oraci\u00f3n.<\/em><\/p>\n<ol>\n<li>Razones que tenemos para hacer bien la oraci\u00f3n.<\/li>\n<li>Faltas e impedimentos.<\/li>\n<li>Remedios y forma de hacerla bien.<\/li>\n<\/ol>\n<p>1651. <em>El miedo a perder la vocaci\u00f3n.<\/em><\/p>\n<ol>\n<li>Motivos que tenemos para temer que fallemos en nuestra vocaci\u00f3n.<\/li>\n<li>Qu\u00e9 cosas pueden hacernos fallar.<\/li>\n<li>Medios para prevenir esta desgracia.<\/li>\n<\/ol>\n<p>1651. <em>Los cargos humildes.<\/em><\/p>\n<ol>\n<li>Razones que nos obligan a desempe\u00f1ar bien los cargos humildes y m\u00e1s peque\u00f1os.<\/li>\n<li>Faltas que se cometen de ordinario en este punto.<\/li>\n<li>Medios para poner remedio a ellas.<\/li>\n<\/ol>\n<p>26 mayo 1651. <em>Disposiciones para Pentecost\u00e9s.<\/em><\/p>\n<ol>\n<li>Razones que tenemos para disponernos bien a recibir el Esp\u00edritu Santo.<\/li>\n<li>Cosas que impiden al Esp\u00edritu Santo entrar en nuestra alma.<\/li>\n<li>Medios para disponernos bien a recibirlo.<\/li>\n<\/ol>\n<p>1651. <em>La puntualidad.<\/em><\/p>\n<ol>\n<li>Razones para apreciar la puntualidad.<\/li>\n<li>C\u00f3mo ha de ser la puntualidad y en qu\u00e9 ocasiones hay que practicarla especialmente.<\/li>\n<li>Medios para hacerse puntuales.<\/li>\n<\/ol>\n<p>1651. <em>Las singularidades.<\/em><\/p>\n<ol>\n<li>Razones que nos obligan a huir de las singularidades.<\/li>\n<li>Cu\u00e1les son las singularidades que hay que evitar especialmente.<\/li>\n<li>Medios para evitar toda singularidad.<\/li>\n<\/ol>\n<p>651. No comentar los defectos de otros<\/p>\n<ol>\n<li>Los grandes males de culpa y de pena que causa este vicio.<\/li>\n<li>Qu\u00e9 defectos se suelen comentar especialmente.<\/li>\n<li>Medios para remediar este mal.<\/li>\n<\/ol>\n<p>1651. <em>El respeto.<\/em><\/p>\n<ol>\n<li>Razones que tenemos para respetarnos mutuamente.<\/li>\n<li>Faltas que cometemos contra el respeto.<\/li>\n<li>Medios para corregirse de ellas y para guardar el debido respeto.<\/li>\n<\/ol>\n<p>1651. <em>Estima de las \u00f3rdenes que dan los superiores.<\/em><\/p>\n<ol>\n<li>Importancia que tiene estimar mucho las \u00f3rdenes y consejos que nos dan los superiores.<\/li>\n<li>Faltas que cometemos de ordinario contra estas \u00f3rdenes y consejos.<\/li>\n<li>Medios para remediarlas y observar bien estas \u00f3rdenes.<\/li>\n<\/ol>\n<p>1651. <em>La uniformidad.<\/em><\/p>\n<ol>\n<li>Razones que tenemos para ser uniformes en todo lo que podamos.<\/li>\n<li>En qu\u00e9 hemos de ser uniformes principalmente.<\/li>\n<li>Medios para poner en pr\u00e1ctica esta uniformidad.<\/li>\n<\/ol>\n<p>1651. <em>El silencio.<\/em><\/p>\n<ol>\n<li>Bienes que de \u00e9l se derivan y males que acontecen cuando lo descuidamos.<\/li>\n<li>En qu\u00e9 ocasiones se falta ordinariamente al silencio.<\/li>\n<li>Medios para remediar este desorden.<\/li>\n<\/ol>\n<p>1651. <em>La murmuraci\u00f3n.<\/em><\/p>\n<ol>\n<li>Grandes males que causa la murmuraci\u00f3n en una comunidad.<\/li>\n<li>Cu\u00e1les son las murmuraciones m\u00e1s ordinarias en la compa\u00f1\u00eda.<\/li>\n<li>Remedios generales y particulares contra este vicio.<\/li>\n<\/ol>\n<p>22 diciembre 1651. <em>La fiesta de navidad.<\/em><\/p>\n<ol>\n<li>Ventajas que tiene celebrar bien la fiesta de navidad.<\/li>\n<li>Faltas que cometemos de ordinario contra la veneraci\u00f3n debida a esta fiesta.<\/li>\n<li>Pr\u00e1cticas que se proponen para celebrarla bien.<\/li>\n<\/ol>\n<p>5 enero 1652. <em>Pasar bien el a\u00f1o nuevo.<\/em><\/p>\n<ol>\n<li>Razones que tenemos para pasar este a\u00f1o mejor que el anterior.<\/li>\n<li>Qu\u00e9 cosas pueden impedirnos pasarlo bien.<\/li>\n<li>Medios que se propone cada uno para pasarlo bien.<\/li>\n<\/ol>\n<p>1652. <em>Calamidades de estos tiempos.<\/em><\/p>\n<ol>\n<li>Obligaci\u00f3n que tenemos de hacer todo lo posible por aplacar la ira de Dios en estos tiempos tan calamitosos.<\/li>\n<li>Qu\u00e9 piensa hacer cada uno para aplacar la c\u00f3lera de Dios.<\/li>\n<\/ol>\n<p>1652. <em>La modestia.<\/em><\/p>\n<ol>\n<li>Razones que tenemos para ser modestos.<\/li>\n<li>Faltas que cometemos contra esta virtud.<\/li>\n<li>Medios para ser modestos.<\/li>\n<\/ol>\n<p>9 febrero 1652. <em>Pasar bien el carnaval.<\/em><\/p>\n<ol>\n<li>Razones que tenemos para redoblar nuestras devociones y mortificaciones durante estos tres d\u00edas de carnaval.<\/li>\n<li>Pr\u00e1cticas que se propone cada uno para ello.<\/li>\n<\/ol>\n<p>Febrero 1652. <em>Pasar bien esta cuaresma.<\/em><\/p>\n<ol>\n<li>Obligaciones que tenemos para pasar bien esta cuaresma con mayor devoci\u00f3n y austeridad que las otras.<\/li>\n<li>Qu\u00e9 piensa hacer cada uno para pasarla mejor.<\/li>\n<\/ol>\n<p>1652. <em>Las m\u00e1ximas evang\u00e9licas.<\/em><\/p>\n<ol>\n<li>Razones que tenemos para obrar siempre seg\u00fan las m\u00e1ximas evang\u00e9licas.<\/li>\n<li>Qu\u00e9 m\u00e1ximas evang\u00e9licas hemos de practicar especialmente.<\/li>\n<li>Medios para obrar bien seg\u00fan las m\u00e1ximas evang\u00e9licas.<\/li>\n<\/ol>\n<p>1652. <em>El aprecio de las cosas peque\u00f1as.<\/em><\/p>\n<ol>\n<li>Razones que tenemos para hacer mucho caso de las cosas peque\u00f1as.<\/li>\n<li>Cu\u00e1les son esas cosas peque\u00f1as.<\/li>\n<li>Medios para ser fieles en las cosas peque\u00f1as.<\/li>\n<\/ol>\n<p>22 marzo 1652. <em>Pasar bien la semana santa.<\/em><\/p>\n<ol>\n<li>Razones que tenemos para redoblar nuestra devoci\u00f3n a la pasi\u00f3n de nuestro Se\u00f1or durante esta semana santa.<\/li>\n<li>Pr\u00e1cticas que se propone cada uno para ello.<\/li>\n<\/ol>\n<p>5 abril 1652. <em>La resurrecci\u00f3n espiritual.<\/em><\/p>\n<ol>\n<li>Razones que tenemos para resucitar espiritualmente en esta fiesta de pascua, no s\u00f3lo del pecado a la gracia, sino de las imperfecciones a la perfecci\u00f3n.<\/li>\n<li>Se\u00f1ales para conocer si hemos resucitado de estas dos maneras.<\/li>\n<li>Medios para resucitar as\u00ed.<\/li>\n<\/ol>\n<p>1652. <em>La tibieza.<\/em><\/p>\n<ol>\n<li>Motivos que tenemos para tener mucho miedo de caer en la tibieza.<\/li>\n<li>En qu\u00e9 consiste y qu\u00e9 diferencia hay entre tibieza y sequedad.<\/li>\n<li>Medios para apartarnos de la tibieza.<\/li>\n<\/ol>\n<p>1652.. <em>La calamidades p\u00fablicas.<\/em><\/p>\n<ol>\n<li>Razones que tenemos para deplorar las calamidades p\u00fablicas.<\/li>\n<li>Cu\u00e1les son estas calamidades, tanto espirituales como corporales.<\/li>\n<li>Medios para compadecerlas como es debido.<\/li>\n<\/ol>\n<p>1652. <em>La modestia.<\/em><\/p>\n<ol>\n<li>En tres puntos, como anteriormente. Se repite por la necesidad que hab\u00eda.<\/li>\n<\/ol>\n<p>17 mayo 1652. <em>Pentecost\u00e9s.<\/em><\/p>\n<ol>\n<li>Motivos que tenemos para desear los efectos del Esp\u00edritu Santo en nuestras almas.<\/li>\n<li>Cu\u00e1les son las operaciones del Esp\u00edritu Santo.<\/li>\n<li>Medios para disponernos a recibirlas y corresponder a ellas.<\/li>\n<\/ol>\n<p>24 mayo 1652. <em>Fiesta de la Trinidad.<\/em><\/p>\n<ol>\n<li>Obligaciones que tenemos de honrar especialmente a la Sant\u00edsima Trinidad.<\/li>\n<li>Qu\u00e9 pr\u00e1cticas se propone cada uno para honrarla debidamente.<\/li>\n<\/ol>\n<p>31 mayo 1652. <em>Fiesta del Corpus.<\/em><\/p>\n<ol>\n<li>Razones que tenemos para excitarnos de nuevo a la devoci\u00f3n al sant\u00edsimo sacramento.<\/li>\n<li>Qu\u00e9 piensa hacer cada uno para honrarlo.<\/li>\n<\/ol>\n<p>7 junio 1652. <em>Comunicar al superior los defectos del pr\u00f3jimo y aceptar que le digan los nuestros.<\/em><\/p>\n<ol>\n<li>Razones que tenemos para comunicar al superior los defectos de los dem\u00e1s y aceptar que le digan los nuestros.<\/li>\n<li>Faltas que se cometen en la pr\u00e1ctica de esta regla.<\/li>\n<li>Medios para practicarla bien.<\/li>\n<\/ol>\n<p>10 junio 1652. <em>De la celebraci\u00f3n del descendimiento de las reliquias de Santa Genoveva para la paz.<\/em><\/p>\n<ol>\n<li>Razones que tenemos para contribuir a la devoci\u00f3n p\u00fablica para pedir la paz.<\/li>\n<li>Medios que se propone cada uno para ello. [ Ayunar\u00e1n dos sacerdotes o dos cl\u00e9rigos y dos laicos; as\u00ed se hizo durante nueve a\u00f1os y s\u00f3lo se dej\u00f3 de hacerlo cuando se firm\u00f3 la paz ].<\/li>\n<\/ol>\n<p>14 junio 1652. <em>Direcci\u00f3n de los ejercitantes.<\/em><\/p>\n<ol>\n<li>Razones que tenemos para cuidar mucho de los ejercitantes que nos env\u00eden.<\/li>\n<li>Faltas que pueden cometerse en su direcci\u00f3n.<\/li>\n<li>Medios para cumplir bien con este oficio.<\/li>\n<\/ol>\n<p>21 junio 1652. <em>El celo.<\/em><\/p>\n<ol>\n<li>Razones que tenemos para tener mucho celo de nuestra perfecci\u00f3n y de la salvaci\u00f3n de las almas.<\/li>\n<li>Actos de este celo y faltas en contra.<\/li>\n<li>Medios para conservarlo y aumentarlo.<\/li>\n<\/ol>\n<p>28 junio 1652. <em>Celebraci\u00f3n de la santa misa y comuni\u00f3n.<\/em><\/p>\n<ol>\n<li>Razones que tenemos para examinar con frecuencia si sacamos el debido provecho de la comuni\u00f3n y de la celebraci\u00f3n de la santa misa.<\/li>\n<li>Se\u00f1ales para saber si nos aprovechamos o no.<\/li>\n<li>Medios para aprovecharnos de ellas.<\/li>\n<\/ol>\n<p>5 julio 1652. <em>La insensibilidad.<\/em><\/p>\n<ol>\n<li>Razones para temer caer en la insensibilidad.<\/li>\n<li>Se\u00f1ales para conocer si hemos ca\u00eddo o no en ella.<\/li>\n<li>Medios para no caer, o para salir de ella una vez ca\u00eddos.<\/li>\n<\/ol>\n<p>12 julio 1652. <em>Buen uso de los castigos de Dios.<\/em><\/p>\n<ol>\n<li>Ventajas que tiene hacer buen uso de los castigos de Dios y desventajas de su mal uso.<\/li>\n<li>Las faltas y lo que nos impide hacer buen uso de ellos.<\/li>\n<li>Medios para quitar estos impedimentos y hacer buen uso de los castigos de Dios.<\/li>\n<\/ol>\n<p>19 y 26 de julio, 2 y 9 de agosto de 1652. <em>Sobre la muerte del hermano Patrocle y del padre David.<\/em><\/p>\n<ol>\n<li>Razones para hablar de las virtudes de los difuntos.<\/li>\n<li>Qu\u00e9 virtudes se han observado en ellos.<\/li>\n<li>En qu\u00e9 se propone imitarlos cada uno.<\/li>\n<\/ol>\n<p>16 y 23 de agosto de 1652. <em>No hacer nada sin permiso.<\/em><\/p>\n<ol>\n<li>Ventajas de esta pr\u00e1ctica y desventajas de lo contrario.<\/li>\n<li>Faltas que se han advertido en la compa\u00f1\u00eda contra esta pr\u00e1ctica.<\/li>\n<li>Medios para poner en vigor esta pr\u00e1ctica en la compa\u00f1\u00eda.<\/li>\n<\/ol>\n<p>30 de agosto y 6 de septiembre de 1652. <em>Sobre la muerte del padre Gilles.<\/em><\/p>\n<ol>\n<li>Razones para hablar de sus virtudes.<\/li>\n<li>Qu\u00e9 virtudes se han observado en \u00e9l.<\/li>\n<li>En qu\u00e9 se propone imitarlo cada uno.<\/li>\n<\/ol>\n<p>13 septiembre 1652. <em>Asistencia a los enfermos.<\/em><\/p>\n<ol>\n<li>Razones que tenemos para aficionarnos a la asistencia a los enfermos.<\/li>\n<li>Faltas que se pueden cometer en ello.<\/li>\n<li>Medios para corregirse y atender bien a los enfermos.<\/li>\n<\/ol>\n<p>1652. <em>Buen uso de las enfermedades.<\/em><\/p>\n<ol>\n<li>Razones para usar bien de la enfermedad y para portarse bien en ella.<\/li>\n<li>Faltas en que caemos ordinariamente cuando estamos enfermos.<\/li>\n<li>Medios para usar bien de la enfermedad y portarse bien en ella.<\/li>\n<\/ol>\n<p>1652. <em>El retiro.<\/em><\/p>\n<ol>\n<li>Razones para entregarnos a Dios para que nuestros re<\/li>\n<li>Faltas que nos impiden aprovecharnos de ellos.tiros sean \u00fatiles.<\/li>\n<li>Medios para corregirnos y hacerlos \u00fatiles.<\/li>\n<\/ol>\n<p>25 octubre 1652. <em>Todos los Santos.<\/em><\/p>\n<ol>\n<li>Razones para entregarnos a Dios para obtener las gracias que \u00e9l acostumbra conceder, sobre todo en las grandes solemnidades, como la de todos los Santos.<\/li>\n<li>Cu\u00e1les son estas gracias.<\/li>\n<li>Qu\u00e9 disposiciones se requieren para obtenerlas.<\/li>\n<\/ol>\n<p>2 noviembre 1652. <em>Ayuda a los difuntos.<\/em><\/p>\n<ol>\n<li>Razones para asistir a los difuntos, sobre todo en este d\u00eda.<\/li>\n<li>Medios para asistirles.<\/li>\n<\/ol>\n<p>8, 15 y 22 noviembre 1652. <em>Sobre la muerte del padre Watebled, del padre Deschamps y del hermano Hervy.<\/em><\/p>\n<ol>\n<li>Los puntos como de ordinario, deteni\u00e9ndose poco en el primer punto, ya que se ha hablado bastante de \u00e9l en las conferencias anteriores.<\/li>\n<\/ol>\n<p>29 noviembre 1652. <em>Del tiempo de adviento.<\/em><\/p>\n<ol>\n<li>Razones que nos obligan a redoblar nuestras devociones y mortificaciones durante el tiempo de adviento.<\/li>\n<li>Qu\u00e9 devociones y mortificaciones est\u00e1 resuelto a practicar cada uno en adviento.<\/li>\n<li>Lo que puede impedir la ejecuci\u00f3n de estas resoluciones y medios para superar los obst\u00e1culos.<\/li>\n<\/ol>\n<p>6 diciembre 1652. <em>Provecho de la \u00faltima conferencia.<\/em><\/p>\n<ol>\n<li>Razones que nos obligan a examinar si hemos sido fieles a las resoluciones tomadas en la conferencia anterior.<\/li>\n<li>Qu\u00e9 resoluciones se tomaron y en cu\u00e1les se ha fallado o aprovechado.<\/li>\n<li>Medios para ser fieles a ellas durante el adviento.<\/li>\n<\/ol>\n<p>13, 20 y 27 de diciembre de 1652. <em>La puntualidad.<\/em><\/p>\n<ol>\n<li>Razones para entregarnos a Dios para ser puntuales en todos nuestros ejercicios.<\/li>\n<li>Faltas que cometemos en esto.<\/li>\n<li>Medios para repararlas.<\/li>\n<\/ol>\n<p>3 enero 1653. <em>Pasar este a\u00f1o mejor que el anterior.<\/em><\/p>\n<ol>\n<li>Motivos que nos obligan a pasar mejor este a\u00f1o que el anterior.<\/li>\n<li>Faltas principales del a\u00f1o pasado.<\/li>\n<li>Medios para evitarlas.<\/li>\n<\/ol>\n<p>1653. <em>Modestia en la mesa.<\/em><\/p>\n<ol>\n<li>Razones para guardar la modestia en la mesa.<\/li>\n<li>Faltas que se han advertido contra ella.<\/li>\n<li>Medios para corregirse y guardar bien la modestia en la mesa.<\/li>\n<\/ol>\n<p>Febrero 1653. <em>La comunicaci\u00f3n.<\/em><\/p>\n<ol>\n<li>Razones que tenemos para hacer bien nuestra comunicaci\u00f3n cada mes.<\/li>\n<li>Faltas que se pueden cometer contra esta pr\u00e1ctica.<\/li>\n<li>Medios para hacer bien esta comunicaci\u00f3n.<\/li>\n<\/ol>\n<p>23 febrero 1653. <em>La tibieza.<\/em><\/p>\n<ol>\n<li>Razones para temer caer en el estado de tibieza y para ver si estamos en ese estado.<\/li>\n<li>Qu\u00e9 es y se\u00f1ales para conocerla.<\/li>\n<li>Medios para salir de ese estado y evitar caer en \u00e9l.<\/li>\n<\/ol>\n<p>29 febrero 1653. <em>Pasar bien la cuaresma.<\/em><\/p>\n<ol>\n<li>Razones que tenemos para entregarnos a Dios a fin de pasar bien la cuaresma.<\/li>\n<li>Lo que cada uno cree conveniente para pasarla bien.<\/li>\n<\/ol>\n<p>1653. <em>Sobre la muerte del padre Gurlet.<\/em><\/p>\n<ol>\n<li>La divisi\u00f3n como en las anteriores.<\/li>\n<\/ol>\n<p>1653. <em>Tentaciones contra la vocaci\u00f3n.<\/em><\/p>\n<ol>\n<li>Razones para portarse bien en las tentaciones contra la vocaci\u00f3n.<\/li>\n<li>Faltas que pueden cometerse durante la tentaci\u00f3n.<\/li>\n<li>Medios para portarse bien en esas tentaciones.<\/li>\n<\/ol>\n<p>1653. <em>Muerte del padre Lambert fallecido en Polonia cuando asist\u00eda a los apestados.<\/em><\/p>\n<p>16 mayo 1653. <em>Obligaci\u00f3n que tienen los que se quedan en casa de contribuir a las misiones.<\/em><\/p>\n<ol>\n<li>Razones que tienen los que se quedan en casa para cooperar en las misiones.<\/li>\n<li>Pr\u00e1cticas que se propone realizar cada uno para ello.<\/li>\n<\/ol>\n<p>Junio 1653. <em>Provechos de la sagrada comuni\u00f3n.<\/em><\/p>\n<ol>\n<li>Razones que tenemos para examinarnos con frecuencia para ver si nos aprovechamos de la sagrada comuni\u00f3n.<\/li>\n<li>Por qu\u00e9 muchos de los que comulgan con frecuencia no sacan provecho.<\/li>\n<li>Medios para sacar provecho de la comuni\u00f3n.<\/li>\n<\/ol>\n<p>1653. <em>Devoci\u00f3n de o\u00edr y ayudar a la santa misa.<\/em><\/p>\n<ol>\n<li>Razones que tenemos para tener devoci\u00f3n a o\u00edr y ayudar a misa.<\/li>\n<li>Faltas que se cometen diciendo u oyendo la santa misa.<\/li>\n<li>Medios para corregirse de estas faltas y adquirir esta devoci\u00f3n.<\/li>\n<\/ol>\n<p>Julio 1653. <em>Relaciones con los particulares.<\/em><\/p>\n<ol>\n<li>Razones que tenemos para desterrar de la compa\u00f1\u00eda estas relaciones.<\/li>\n<li>Qu\u00e9 clases de relaciones hay que desterrar.<\/li>\n<li>Medios para desterrarlas.<\/li>\n<\/ol>\n<p>18 julio 1653. <em>La curiosidad.<\/em><\/p>\n<ol>\n<li>Razones que tenemos para huir de la curiosidad.<\/li>\n<li>Cu\u00e1les son los actos de este vicio y en qu\u00e9 casos hay que guardarse de ellos.<\/li>\n<li>Remedios y formas de evitarlos.<\/li>\n<\/ol>\n<p>1653. <em>El esp\u00edritu de obediencia.<\/em><\/p>\n<ol>\n<li>Ventajas de hacerlo todo con esp\u00edritu de obediencia ,V desventajas de lo contrario.<\/li>\n<li>En qu\u00e9 consiste y faltas que se cometen en contra.<\/li>\n<li>Medios para entrar por esta pr\u00e1ctica.<\/li>\n<\/ol>\n<p>1653. <em>Celo por la propia perfecci\u00f3n.<\/em><\/p>\n<ol>\n<li>Motivos para entregarnos a Dios a fin de adquirir este celo.<\/li>\n<li>En qu\u00e9 consiste la perfecci\u00f3n de un misionero y de este celo.<\/li>\n<li>Medios para adquirir este celo.<\/li>\n<\/ol>\n<p>27 septiembre 1653. <em>El retiro.<\/em><\/p>\n<ol>\n<li>Ventajas que se sacan del retiro bien hecho y perjuicios de hacerlo mal.<\/li>\n<li>Qu\u00e9 faltas impiden estas ventajas y causan estos perjuicios<\/li>\n<li>Medios para hacer bien el retiro y sacar provecho de \u00e9l.<\/li>\n<\/ol>\n<p>Octubre 1653. <em>Estudiar o trabajar con Dios.<\/em><\/p>\n<ol>\n<li>Razones para estudiar o trabajar con Dios.<\/li>\n<li>En qu\u00e9 consiste esta pr\u00e1ctica y faltas que se cometen en contra.<\/li>\n<li>Medios para entrar y adelantar en ella.<\/li>\n<li>Los hermanos laicos hablaron del trabajo y los eclesi\u00e1sticos del estudio.<\/li>\n<\/ol>\n<p>Octubre 1653. <em>Observancia de las reglas.<\/em><\/p>\n<ol>\n<li>Razones que tenemos para poner en vigor la observancia de las reglas.<\/li>\n<li>Faltas principales que ha observado cada uno contra las reglas.<\/li>\n<li>Medios para remediarlo y para poner en vigor su observancia.<\/li>\n<\/ol>\n<p>31 octubre 1653. <em>Fiesta de todos los Santos.<\/em><\/p>\n<ol>\n<li>Razones para pasar bien estas fiestas.<\/li>\n<li>Pr\u00e1cticas que se propone cada uno para ello.<\/li>\n<\/ol>\n<p>Noviembre 1653. <em>La pobreza de esp\u00edritu, primera bienaventuranza.<\/em><\/p>\n<ol>\n<li>Razones que tenemos para entregarnos a Dios a fin de querer la pobreza de esp\u00edritu.<\/li>\n<li>En qu\u00e9 consiste la pobreza de esp\u00edritu y cu\u00e1les son sus actos.<\/li>\n<li>Medios para ponerse en este estado y adquirir esta virtud.<\/li>\n<\/ol>\n<p>Noviembre 1653. <em>La mansedumbre, segunda bienaventuranza.<\/em><\/p>\n<ol>\n<li>Razones para adquirir esta virtud.<\/li>\n<li>En qu\u00e9 consisten sus actos.<\/li>\n<li>Medios para adquirir esta virtud.<\/li>\n<\/ol>\n<p>1653. <em>Amor a las l\u00e1grimas, tercera bienaventuranza: \u00abBeati qui lugent\u00bb.<\/em><\/p>\n<ol>\n<li>Lo que entendi\u00f3 nuestro Se\u00f1or con estas palabras.<\/li>\n<li>Actos y se\u00f1ales de esta bienaventuranza, que consiste en aceptar y abrazar las l\u00e1grimas y las cruces.<\/li>\n<li>Razones que tenemos para aceptar y abrazar ese estado.<\/li>\n<\/ol>\n<p>1653. <em>Cuarta bienaventuranza: \u00abBeati qui esuriunt et sitiunt justitiam\u00bb.<\/em><\/p>\n<ol>\n<li>Lo que entendi\u00f3 nuestro Se\u00f1or con estas palabras.<\/li>\n<li>Actos y se\u00f1ales de esta bienaventuranza.<\/li>\n<li>Razones que nos obligan a abrazarla.<\/li>\n<\/ol>\n<p>1653. <em>Quinta bienaventuranza: \u00abBeati misericordes\u00bb.<\/em><\/p>\n<ol>\n<li>Lo que entendi\u00f3 nuestro Se\u00f1or con estas palabras.<\/li>\n<li>Actos y se\u00f1ales de esta bienaventuranza.<\/li>\n<li>Razones que nos obligan a abrazarla.<\/li>\n<\/ol>\n<p><em> Nota<\/em>: En las fiestas de navidad no se tuvieron conferencias, porque cay\u00f3 en viernes el d\u00eda de san Esteban, fiesta de segunda clase.<\/p>\n<p>2 enero 1654. <em>Sexta bienaventuranza: \u00abBeati mundo corde\u00bb.<\/em><\/p>\n<ol>\n<li>Lo que entendi\u00f3 nuestro Se\u00f1or con estas palabras.<\/li>\n<li>Actos y se\u00f1ales de esta bienaventuranza.<\/li>\n<li>Razones que nos obligan a abrazarla y sacar fruto de ella, cada uno seg\u00fan sus necesidades.<\/li>\n<\/ol>\n<p>9 enero 1654. <em>S\u00e9ptima bienaventuranza: \u00abBeati pacifici\u00bb.<\/em><\/p>\n<ol>\n<li>La divisi\u00f3n como anteriormente.<\/li>\n<\/ol>\n<p>16 enero 1654. <em>Octava bienaventuranza: \u00abBeati qui persecutionem, etc\u00e9tera\u00bb.<\/em><\/p>\n<ol>\n<li>Los puntos como anteriormente.<\/li>\n<\/ol>\n<p>23 enero 1654. <em>Las conferencias.<\/em><\/p>\n<ol>\n<li>Razones para hacer bien las conferencias.<\/li>\n<li>Faltas que cometemos en ellas.<\/li>\n<li>Remedios contra esas faltas.<\/li>\n<\/ol>\n<p>30 enero 1654. <em>El viaje y la misi\u00f3n de Madagascar.<\/em><\/p>\n<ol>\n<li>Razones que tenemos para hablar de este viaje y de esta mision.<\/li>\n<li>Disposiciones requeridas en los que han de ser enviados all\u00e1.<\/li>\n<\/ol>\n<p>6 febrero 1654. <em>Manera de hacer bien las misiones.<\/em><\/p>\n<ol>\n<li>Razones para hablar de vez en cuando de los medios para hacer bien las misiones.<\/li>\n<li>Faltas que se cometen en ellas.<\/li>\n<li>Medios para remediarlas.<\/li>\n<\/ol>\n<p>13 febrero 1654. <em>El mismo tema.<\/em><\/p>\n<ol>\n<li>Razones que tenemos para esforzarnos en hacer bien las misiones; ventajas y desventajas de hacerlas bien o mal.<\/li>\n<li>Principales faltas que cada uno ha cometido u observado.<\/li>\n<li>Medios generales y particulares contra esas faltas y forma de portarnos bien en ellas y hacerlas debidamente.<\/li>\n<\/ol>\n<p>20 febrero 1654. <em>Pasar bien la cuaresma.<\/em><\/p>\n<ol>\n<li>La divisi\u00f3n como anteriormente.<\/li>\n<\/ol>\n<p>27 febrero y 6 marzo 1654. <em>El silencio.<\/em><\/p>\n<ol>\n<li>Razones para guardarlo.<\/li>\n<li>Faltas y lugares donde hay que guardarlo.<\/li>\n<li>Remedios contra esas faltas.<\/li>\n<\/ol>\n<p>13 marzo. 1654. <em>No hablar de los asuntos mundanos ni de la casa.<\/em><\/p>\n<ol>\n<li>Motivos para no hablar nunca de ello.<\/li>\n<li>Faltas contra esta pr\u00e1ctica.<\/li>\n<li>Medios para remediarlas.<\/li>\n<\/ol>\n<p>20 marzo 1654. <em>La cuaresma.<\/em><\/p>\n<ol>\n<li>Los motivos.<\/li>\n<li>Las pr\u00e1cticas.<\/li>\n<\/ol>\n<p>27 marzo 1654. <em>Para pasar bien la Semana Santa.<\/em><\/p>\n<ol>\n<li>Razones.<\/li>\n<li>Las practicas.<\/li>\n<\/ol>\n<p>10 abril 1654. <em>La comunicaci\u00f3n espiritual.<\/em><\/p>\n<ol>\n<li>Razones para hacerla bien.<\/li>\n<li>Las faltas.<\/li>\n<li>Los medios.<\/li>\n<\/ol>\n<p>17 abril 1654. <em>La obediencia.<\/em><\/p>\n<ol>\n<li>Razones para practicar fielmente esta virtud.<\/li>\n<li>Faltas que se han observado en contra.<\/li>\n<li>Medios para practicarla fielmente.<\/li>\n<\/ol>\n<p>Mayo 1654. <em>El cap\u00edtulo.<\/em><\/p>\n<ol>\n<li>Razones que tenemos para entregarnos a Dios a fin de participar de las gracias que Dios derrama en el cap\u00edtulo.<\/li>\n<li>Disposiciones con las que hay que acudir al mismo.<\/li>\n<li>Faltas que en \u00e9l se cometen y remedios.<\/li>\n<\/ol>\n<p>2 octubre 1654. <em>Los retiros.<\/em><\/p>\n<p>16 octubre 1654. <em>La pobreza.<\/em><\/p>\n<p>23 octubre 1654. <em>La pobreza.<\/em><\/p>\n<p>13 noviembre 1654. <em>La castidad.<\/em><\/p>\n<p>20 noviembre 1654. <em>La obediencia.<\/em><\/p>\n<p>27 noviembre 1654. <em>La comunicaci\u00f3n interior.<\/em><\/p>\n<p>4 diciembre 1654. <em>El adviento.<\/em><\/p>\n<p>11 diciembre 1654. <em>La comunicaci\u00f3n interior.<\/em><\/p>\n<p>18 diciembre 1654. <em>Las fiestas de navidad.<\/em><\/p>\n<p>1655. <em>El cap\u00edtulo.<\/em><\/p>\n<p>1655. <em>El examen particular.<\/em><\/p>\n<p>1655. <em>Forma de comportarse en el refectorio.<\/em><\/p>\n<p>1655. <em>La pereza.<\/em><\/p>\n<p>11 junio 1655. <em>La soberbia.<\/em><\/p>\n<p>1655. <em>La envidia.<\/em><\/p>\n<p>1655. <em>La gula.<\/em><\/p>\n<p>30 julio 1655. <em>La castidad.<\/em><\/p>\n<p>6 agosto 1655. <em>La pobreza.<\/em><\/p>\n<p>13 agosto 1655. <em>La pobreza.<\/em><\/p>\n<p>20 Y 22 agosto 1655. <em>La predicaci\u00f3n.<\/em><\/p>\n<p>1655. <em>La fe.<\/em><\/p>\n<p>1655. <em>La esperanza.<\/em><\/p>\n<p>1655. <em>La caridad para con Dios.<\/em><\/p>\n<p>1655. <em>La caridad para con el pr\u00f3jimo.<\/em><\/p>\n<p>1655. <em>Los retiros.<\/em><\/p>\n<p>1655. <em>Todos los Santos.<\/em><\/p>\n<p>1655. <em>La prudencia.<\/em><\/p>\n<p>1655. <em>La justicia.<\/em><\/p>\n<p>1655. <em>La fortaleza.<\/em><\/p>\n<p>1655. <em>La templanza.<\/em><\/p>\n<p>1655. <em>Hablar siempre bien del pr\u00f3jimo.<\/em><\/p>\n<p>Adem\u00e1s de estas conferencias, hubo otras sobre la cuaresma, la pasi\u00f3n, Pentecost\u00e9s y algunos difuntos de la compa\u00f1\u00eda, con la divisi\u00f3n de puntos acostumbrada.<\/p>\n<p>31 diciembre 1655. <em>Faltas del a\u00f1o pasado.<\/em><\/p>\n<ol>\n<li>Razones que tenemos para afligirnos ante Dios por las faltas cometidas el pasado a\u00f1o, para corregirnos y satisfacer por ellas.<\/li>\n<li>Cu\u00e1les han sido las faltas generales de la compa\u00f1\u00eda y en qu\u00e9 se ha relajado.<\/li>\n<li>Medios para remediarlo.<\/li>\n<\/ol>\n<p>7, 14 y 21 de enero 1656. <em>El buen ejemplo.<\/em><\/p>\n<ol>\n<li>Motivos que tenemos para edificar al pr\u00f3jimo, sobre todo a los de la compa\u00f1\u00eda.<\/li>\n<li>Qu\u00e9 cosas no edifican; cu\u00e1les son las faltas ordinarias en contra de la edificaci\u00f3n que hemos de dar.<\/li>\n<li>Medios para edificar al pr\u00f3jimo, sobre todo a la compa\u00f1\u00eda.<\/li>\n<\/ol>\n<p>27 enero 1656. <em>El esp\u00edritu de las conferencias.<\/em><\/p>\n<ol>\n<li>Motivos para hacer las conferencias con el esp\u00edritu de la compa\u00f1\u00eda.<\/li>\n<li>Lo que hemos de practicar interior y exteriormente para hacerlas con ese esp\u00edritu.<\/li>\n<li>Medios para ello y para observar lo que hay que hacer.<\/li>\n<\/ol>\n<p>11 y 18 de febrero 1656. <em>El aprecio y la pr\u00e1ctica de las cosas peque\u00f1as.<\/em><\/p>\n<ol>\n<li>Razones que tenemos para apreciar y practicar las cosas peque\u00f1as que ata\u00f1en a nuestro estado y progreso en la virtud.<\/li>\n<li>Cu\u00e1les son esas cosas peque\u00f1as y faltas que se cometen en ellas.<\/li>\n<li>Medios para empezar a apreciarlas y practicarlas.<\/li>\n<\/ol>\n<p>25 febrero 1656. <em>La ordenaci\u00f3n.<\/em><\/p>\n<ol>\n<li>Razones que tenemos para renovar en nosotros el esp\u00edritu que, por su misericordia ha dado Dios a la compa\u00f1\u00eda para trabajar con los ordenandos.<\/li>\n<li>Lo que hemos de hacer para contribuir, cada uno en particular, para que se haga bien este trabajo para gloria de Dios y provecho de los ordenandos.<\/li>\n<\/ol>\n<p>3 marzo 1656. <em>El santo tiempo de cuaresma.<\/em><\/p>\n<ol>\n<li>Razones que tenemos para pasar bien este santo tiempo de cuaresma.<\/li>\n<li>Lo que ha resuelto cada uno para ello.<\/li>\n<\/ol>\n<p>10 marzo 1656. <em>La humildad.<\/em><\/p>\n<ol>\n<li>Motivos que tiene la compa\u00f1\u00eda para trabajar por adquirir una verdadera humildad.<\/li>\n<li>En qu\u00e9 consiste la verdadera humildad y cu\u00e1les son los actos m\u00e1s propios para el misionero.<\/li>\n<li>Medios para adquirirla y perfeccionarse en ella.<\/li>\n<\/ol>\n<p>17 marzo 1656. <em>El jubileo.<\/em><\/p>\n<ol>\n<li>Razones que tenemos para hacer todo lo posible por ganar el jubileo.<\/li>\n<li>Lo que es el jubileo, y doctrina sobre \u00e9l.<\/li>\n<li>Medios para ganarlo bien.<\/li>\n<\/ol>\n<p>24 y 31 de marzo de 1656. <em>La humildad.<\/em><\/p>\n<ol>\n<li>Divisi\u00f3n como anteriormente.<\/li>\n<\/ol>\n<p>21 y 28 de abril 1656. <em>Los viajes.<\/em><\/p>\n<ol>\n<li>Razones que tenemos para portarnos bien en los viajes.<\/li>\n<li>Qu\u00e9 hemos de hacer en el camino y en las posadas, tanto con el pr\u00f3jimo como entre nosotros, para glorificar a Dios, edificar a los pueblos y mantenernos en el esp\u00edritu de verdaderos misioneros.<\/li>\n<\/ol>\n<p>5 y 12 de mayo 1656. <em>Huida de los cargos y amor a la vida oculta.<\/em><\/p>\n<ol>\n<li>Motivos que tenemos para despegarnos del afecto a cargos y ocupaciones.<\/li>\n<li>Bienes que hay en la vida oculta.<\/li>\n<li>Medios para librarnos de lo primero y de poner en pr\u00e1ctica lo segundo.<\/li>\n<\/ol>\n<p>19 mayo 1656. <em>Ocupaciones con los m\u00e1s pobres.<\/em><\/p>\n<ol>\n<li>Motivos que tiene la compa\u00f1\u00eda para entregarse a Dios en el trabajo con los m\u00e1s miserables y abandonados, incluso en pa\u00edses extranjeros.<\/li>\n<li>Se\u00f1ales por las que se puede conocer si Dios le llama a uno a ello.<\/li>\n<li>Medios para obtener esta gracia de su bondad.<\/li>\n<\/ol>\n<p>2 junio 1656. <em>Fiesta de Pentecost\u00e9s.<\/em><\/p>\n<ol>\n<li>Razones que tenemos para disponernos bien a recibir el Esp\u00edritu Santo.<\/li>\n<li>En qu\u00e9 se\u00f1ales puede reconocer un misionero si tiene el esp\u00edritu de Dios.<\/li>\n<li>Medios para disponernos a recibir el esp\u00edritu de Dios.<\/li>\n<\/ol>\n<p>9 junio 1656. <em>Las advertencias.<\/em><\/p>\n<ol>\n<li>Motivos que tenemos para recibir bien las advertencias que nos den en p\u00fablico o en privado, tanto el superior como los encargados o los particulares, en el cap\u00edtulo, y hacer buen uso de ellas.<\/li>\n<li>Medios para recibirlas bien y sacar luego provecho de ellas.<\/li>\n<\/ol>\n<p>17 y 23 de junio 1656. <em>La sensualidad.<\/em><\/p>\n<ol>\n<li>Motivos que tenemos para huir de la sensualidad.<\/li>\n<li>En qu\u00e9 consiste la sensualidad y cu\u00e1les son los actos que ha de evitar el misionero.<\/li>\n<li>Medios para superar este vicio.<\/li>\n<\/ol>\n<p>30 de junio y 7 de julio 1656. <em>Pureza de intenci\u00f3n.<\/em><\/p>\n<ol>\n<li>Motivos que tenemos para obrar en todo con pureza de intenci\u00f3n.<\/li>\n<li>Qu\u00e9 es obrar con pureza de intenci\u00f3n y cu\u00e1les son las se\u00f1ales para conocer si obramos as\u00ed o no.<\/li>\n<li>Medios para entrar en esta pr\u00e1ctica.<\/li>\n<\/ol>\n<p>14 y 21 de julio 1656. <em>Manera de portarse en el refectorio.<\/em><\/p>\n<ol>\n<li>Motivos que tiene la compa\u00f1\u00eda para portarse bien all\u00ed, tanto en la modestia, como en el comer y beber.<\/li>\n<li>Faltas que se cometen.<\/li>\n<li>Medios para portarse bien.<\/li>\n<\/ol>\n<p>28 julio 1656. <em>Pena que hemos de tener al ver c\u00f3mo la compa\u00f1\u00eda no est\u00e1 en el estado que Dios le pide.<\/em><\/p>\n<ol>\n<li>Motivos para apenarnos por este estado.<\/li>\n<li>En qu\u00e9 cree cada uno que contribuye a que la compa\u00f1\u00eda no vaya bien.<\/li>\n<li>Medios para ponernos en el estado que Dios nos pide y marchar como debemos.<\/li>\n<\/ol>\n<p>4 y 11 de agosto 1656. <em>La uniformidad.<\/em><\/p>\n<ol>\n<li>Razones para ser uniformes en nuestras costumbres y funciones.<\/li>\n<li>En qu\u00e9 se nota poca uniformidad en la compa\u00f1\u00eda.<\/li>\n<li>Medios para llegar a esta uniformidad.<\/li>\n<\/ol>\n<p>19 y 26 agosto 1656. <em>Aceptar las situaciones en que Dios nos pone.<\/em><\/p>\n<ol>\n<li>Motivos que tenemos para aceptar las situaciones en que Dios nos pone.<\/li>\n<li>En qu\u00e9 consiste esto y a qu\u00e9 se reducen pr\u00e1cticamente.<\/li>\n<li>Medios para aprovechar y aceptar las situaciones en que Dios nos pone.<\/li>\n<\/ol>\n<p>15 septiembre 1656. <em>El silencio y no hacer ruido.<\/em><\/p>\n<ol>\n<li>Motivos que tenemos para guardar el silencio, hablar bajo y no hacer ruido.<\/li>\n<li>Cu\u00e1les son las faltas que se pueden cometer en contra, sobre todo en la sacrist\u00eda, en el refectorio en el dormitorio.<\/li>\n<li>Medios para observar bien el silencio y no hacer ruido.<\/li>\n<\/ol>\n<p>22 septiembre 1656. <em>Los retiros.<\/em><\/p>\n<ol>\n<li>Razones que tiene la compa\u00f1\u00eda para hacer bien el retiro.<\/li>\n<li>Qu\u00e9 es lo que cada uno ha notado que le aprovechaba en los retiros pasados, y qu\u00e9 le ha perjudicado.<\/li>\n<li>Qu\u00e9 disposiciones hemos de llevar para hacer bien el retiro.<\/li>\n<\/ol>\n<p>6 octubre 1656. <em>La enfermedad y la convalecencia.<\/em><\/p>\n<ol>\n<li>Motivos que tenemos para portarnos bien en la enfermedad y en la convalecencia.<\/li>\n<li>Lo que hemos de hacer y evitar en esos dos estados.<\/li>\n<\/ol>\n<p>13 y 20 octubre 1656. <em>Salidas a la ciudad.<\/em><\/p>\n<ol>\n<li>Razones que tenemos para portarnos bien cuando salimos a la ciudad.<\/li>\n<li>Faltas que se pueden cometer.<\/li>\n<li>Medios para remediarlo.<\/li>\n<\/ol>\n<p>27 octubre 1656. <em>Servicio a los se\u00f1ores ejercitantes.<\/em><\/p>\n<ol>\n<li>Razones para ver si la compa\u00f1\u00eda se ha enfriado o relajado en el fervor que tuvo antes por servir a los se\u00f1ores ejercitantes.<\/li>\n<li>En qu\u00e9 se ha relajado, si as\u00ed ha sido.<\/li>\n<li>Medios para volver al primer fervor y cumplir bien con esta obligaci\u00f3n.<\/li>\n<\/ol>\n<p>17 noviembre 1656. <em>El catecismo a los pobres en todas las ocasiones.<\/em><\/p>\n<ol>\n<li>Razones para ver si la compa\u00f1\u00eda se mantiene en la pr\u00e1ctica de catequizar a los pobres en toda ocasi\u00f3n, bien sea cuando vamos al campo, como a los pobres que vienen a nuestra puerta, o a nuestros criados, etc\u00e9tera.<\/li>\n<li>Bienes que de all\u00ed se siguen.<\/li>\n<li>Medios para restablecer esta pr\u00e1ctica, si la hemos dejado, y conservarla.<\/li>\n<\/ol>\n<p>24 noviembre y 1 diciembre 1656. <em>No comer fuera de casa. <\/em><\/p>\n<ol>\n<li>Razones para no comer fuera sin necesidad y sin permiso.<\/li>\n<li>En qu\u00e9 ocasiones podemos faltar m\u00e1s f\u00e1cilmente a esta regla.<\/li>\n<li>Medios para remediarlo.<\/li>\n<\/ol>\n<p>16 diciembre 1656. <em>El examen particular.<\/em><\/p>\n<ol>\n<li>Razones que tenemos para hacer bien el examen particular.<\/li>\n<li>C\u00f3mo cree cada uno que debe hacerlo.<\/li>\n<li>Medios para hacerlo bien.<\/li>\n<\/ol>\n<p>22 diciembre 1656. <em>Pasar bien las fiestas de navidad.<\/em><\/p>\n<ol>\n<li>Los motivos.<\/li>\n<li>Los medios.<\/li>\n<\/ol>\n<p>29 diciembre 1656. <em>Acabar bien este a\u00f1o y empezar bien el siguiente.<\/em><\/p>\n<ol>\n<li>Los motivos.<\/li>\n<li>Los medios.<\/li>\n<\/ol>\n<p>5 y 12 enero 1657. <em>El cap\u00edtulo.<\/em><\/p>\n<ol>\n<li>Los motivos, etc\u00e9tera.<\/li>\n<li>Qu\u00e9 cosas hay que observar en \u00e9l.<\/li>\n<\/ol>\n<p>19 enero 1657. <em>Amor a los pobres y c\u00f3mo ha de gustarnos trabajar con ellos.<\/em><\/p>\n<ol>\n<li>Motivos para atenderlos y asistirlos.<\/li>\n<li>Actos y pr\u00e1cticas que nos conviene observar.<\/li>\n<\/ol>\n<p>26 enero 1657. <em>Tareas con los eclesi\u00e1sticos.<\/em><\/p>\n<ol>\n<li>Motivos para entregarnos a Dios a fin de trabajar con esmero en esto.<\/li>\n<li>Virtudes necesarias a los misioneros para servir bien y con utilidad a los eclesi\u00e1sticos en nuestros trabajos.<\/li>\n<li>Qu\u00e9 falta podemos cometer en ello.<\/li>\n<\/ol>\n<p>9 febrero 1657. <em>Pasar bien el carnaval.<\/em><\/p>\n<ol>\n<li>Los motivos.<\/li>\n<li>Los medios y las pr\u00e1cticas.<\/li>\n<\/ol>\n<p>16 febrero 1657. <em>Repetici\u00f3n de la pen\u00faltima sobre el servicio a los eclesi\u00e1sticos.<\/em><\/p>\n<p>23 febrero y 2 marzo 1657. <em>La santa misa.<\/em><\/p>\n<ol>\n<li>Razones que obligan a los sacerdotes a celebrarla bien.<\/li>\n<li>Faltas que se cometen.<\/li>\n<li>Medios para remediar estas faltas.<\/li>\n<li>Para los cl\u00e9rigos y hermanos laicos: motivos para o\u00edrla bien; las faltas; los medios.<\/li>\n<\/ol>\n<p>9 marzo 1657. <em>Modestia en el refectorio.<\/em><\/p>\n<ol>\n<li>Motivos que obligan a la compa\u00f1\u00eda a examinar en qu\u00e9 falta en el refectorio.<\/li>\n<li>Las faltas que se cometen.<\/li>\n<li>Remedios a esas faltas.<\/li>\n<\/ol>\n<p>16 marzo 1657. <em>La murmuraci\u00f3n y la cr\u00edtica.<\/em><\/p>\n<ol>\n<li>Motivos para huir de ellas.<\/li>\n<li>Cu\u00e1les son sus actos.<\/li>\n<li>Medios para librarnos de ellas.<\/li>\n<\/ol>\n<p>23 marzo 1657. <em>La semana santa.<\/em><\/p>\n<ol>\n<li>Motivos para pasarla bien.<\/li>\n<li>Pr\u00e1cticas y forma de pasarla bien.<\/li>\n<\/ol>\n<p>6 abril 1657. <em>La resurrecci\u00f3n.<\/em><\/p>\n<ol>\n<li>Motivos para resucitar.<\/li>\n<li>Se\u00f1ales de una verdadera resurrecci\u00f3n.<\/li>\n<li>Medios para tener una verdadera resurrecci\u00f3n.<\/li>\n<\/ol>\n<p>20 abril 1657. <em>El silencio.<\/em><\/p>\n<ol>\n<li>Razones para guardar bien el silencio.<\/li>\n<li>Sus faltas y ocasiones m\u00e1s ordinarias.<\/li>\n<li>Medios para levantarse si hemos ca\u00eddo, o para conservarse y progresar en \u00e9l.<\/li>\n<\/ol>\n<p>27 abril 1657. <em>Sobre el hermano Jourdain, muerto el d\u00eda 25.<\/em><\/p>\n<ol>\n<li>Razones que tenemos para hablar de las virtudes de los que mueren en la compa\u00f1\u00eda.<\/li>\n<li>Qu\u00e9 virtudes ha observado cada uno en el hermano Jourdain.<\/li>\n<li>Qu\u00e9 provecho se propone sacar cada uno.<\/li>\n<\/ol>\n<p>12 mayo 1657. <em>Despego de las cosas de la tierra.<\/em><\/p>\n<ol>\n<li>Razones que tenemos para despegarnos de las cosas de la tierra para unirnos a Dios.<\/li>\n<li>En qu\u00e9 consiste este despego.<\/li>\n<li>Lo que hay que hacer para ello.<\/li>\n<li>Esta conferencia continu\u00f3 el d\u00eda siguiente.<\/li>\n<\/ol>\n<p>18 mayo 1657. <em>El Esp\u00edritu Santo.<\/em><\/p>\n<ol>\n<li>Razones que tenemos para pedir a Dios que nos d\u00e9 la plenitud de su Esp\u00edritu.<\/li>\n<li>Se\u00f1ales para conocer si obra en nosotros el Esp\u00edritu Santo.<\/li>\n<li>Medios para participar de los dones y operaciones del Esp\u00edritu Santo.<\/li>\n<\/ol>\n<p>25 mayo 1657. <em>Fiesta de la sant\u00edsima Trinidad.<\/em><\/p>\n<ol>\n<li>Razones que tiene la compa\u00f1\u00eda para honrar el misterio de la sant\u00edsima Trinidad.<\/li>\n<li>En qu\u00e9 consiste este misterio.<\/li>\n<li>Pr\u00e1cticas que cada uno piensa hacer para honrarlo.<\/li>\n<\/ol>\n<p>1 junio 1657. <em>Devoci\u00f3n al sant\u00edsimo sacramento.<\/em><\/p>\n<ol>\n<li>Razones que tenemos para pedirle a Dios que conceda a esta compa\u00f1\u00eda la gracia de una devoci\u00f3n especial\u00edsima al sant\u00edsimo sacramento del altar.<\/li>\n<li>En qu\u00e9 consiste esta devoci\u00f3n y los actos.<\/li>\n<li>Pr\u00e1cticas que cada uno piensa hacer para afianzarse en ella.<\/li>\n<\/ol>\n<p>8, 15 y 22 de junio 1657. <em>La oraci\u00f3n mental.<\/em><\/p>\n<ol>\n<li>Razones que tenemos para hacer bien la oraci\u00f3n.<\/li>\n<li>En qu\u00e9 consiste la oraci\u00f3n.<\/li>\n<li>Manera de hacerla bien.<\/li>\n<\/ol>\n<p>6 julio 1657. <em>El examen particular.<\/em><\/p>\n<ol>\n<li>Motivos para hacerlo bien.<\/li>\n<li>Qu\u00e9 es y sus actos.<\/li>\n<li>Los medios.<\/li>\n<\/ol>\n<p>13 y 20 julio 1657. <em>La presencia de Dios.<\/em><\/p>\n<ol>\n<li>Motivos para afianzarnos en la pr\u00e1ctica de la presencia de Dios.<\/li>\n<li>En qu\u00e9 consiste y sus actos.<\/li>\n<li>Medios pala afianzarnos bien en esta pr\u00e1ctica.<\/li>\n<\/ol>\n<p>27 julio 1657. <em>El respeto.<\/em><\/p>\n<ol>\n<li>Motivos para guardar el debido respeto.<\/li>\n<li>Qu\u00e9 es el respeto y su actos.<\/li>\n<li>Medios para guardar el debido respeto.<\/li>\n<\/ol>\n<p>3 y 17 agosto 1657. <em>La conversaci\u00f3n.<\/em><\/p>\n<ol>\n<li>Motivos para hablar de cosas buenas en nuestras recreaciones.<\/li>\n<li>De qu\u00e9 cosas debemos hablar.<\/li>\n<li>Medios para afianzarnos en esta pr\u00e1ctica.<\/li>\n<\/ol>\n<p>31 agosto 1657. <em>Muerte del padre Ennery, fallecido en G\u00e9nova.<\/em><\/p>\n<ol>\n<li>Razones para hablar de las virtudes de los difuntos.<\/li>\n<li>Qu\u00e9 virtudes se han observado en el padre Ennery.<\/li>\n<li>En qu\u00e9 se propone imitarle cada uno.<\/li>\n<\/ol>\n<p>14 septiembre 1657. <em>Muerte del padre de Belleville, fallecido en el viaje de Madagascar.<\/em> Los puntos como en la anterior.<\/p>\n<p>Con ocasi\u00f3n de la fiesta de la Exaltaci\u00f3n, de segunda clase, despu\u00e9s de haberlo pensado largamente, el padre Vicente dijo que en adelante no habr\u00eda cap\u00edtulo ni conferencia los viernes en que cayera una fiesta de segunda clase, aunque fuera de trabajo.<\/p>\n<p>Como san Mateo cay\u00f3 en viernes, no hubo conferencia.<\/p>\n<p>28 septiembre 1657. <em>Muerte del padre Dufour, en Madagascar.<\/em> La divisi\u00f3n del tema como antes.<\/p>\n<p>6 y 13 octubre 1657. <em>Los retiros.<\/em><\/p>\n<ol>\n<li>Razones que tenemos para hablar de la manera de hacer bien los retiros.<\/li>\n<li>Cu\u00e1les son las se\u00f1ales de un buen retiro.<\/li>\n<li>Medios que quiera tomar cada uno para hacer bien el retiro.<\/li>\n<\/ol>\n<p>19 octubre 1657. <em>Muerte del padre Dufour.<\/em> La misma divisi\u00f3n de antes.<\/p>\n<p>27 octubre 1657. <em>Muerte del padre Pr\u00e9vost, en Madagascar.<\/em> La misma divisi\u00f3n de antes.<\/p>\n<p>El d\u00eda 2 de noviembre 1657, d\u00eda de los difuntos, no hubo conferencia.<\/p>\n<p>9 noviembre 1657. <em>Muerte del padre Tratebas, fallecido en G\u00e9nova.<\/em><\/p>\n<p>16 noviembre 1657. <em>Muerte del padre Francisco Vincent, en G\u00e9nova.<\/em><\/p>\n<p>23 noviembre 1657. <em>Muerte del padre Duport, en G\u00e9nova.<\/em><\/p>\n<p>El 30 de noviembre, fiesta de segunda clase, no hubo conferencia.<\/p>\n<p>7 diciembre 1657. <em>Las misiones.<\/em><\/p>\n<ol>\n<li>Razones que tenemos para hablar de vez en cuando de los grandes bienes que se obtienen en las misiones bien hechas y de los males de las mal hechas.<\/li>\n<li>Cu\u00e1les son las faltas que en ellas se deslizan.<\/li>\n<li>Medios para remediar esos defectos y hacer bien las misiones<\/li>\n<\/ol>\n<p>14 diciembre 1657. <em>La ordenaci\u00f3n.<\/em><\/p>\n<ol>\n<li>Razones que tenemos para entregarnos a Dios para aficionarnos al trabajo con los ordenandos.<\/li>\n<li>Faltas que cada uno ha observado que se cometen en \u00e9l. 3. Medios para trabajar con los ordenandos de forma que Dios sea glorificado y la iglesia se santifique cada vez m\u00e1s.<\/li>\n<\/ol>\n<p>4 enero 1658. <em>Muerte del padre Blatiron, superior de G\u00e9nova.<\/em> Igual divisi\u00f3n que antes.<\/p>\n<p>11 enero 1658. <em>Muerte del hermano Almeras, cl\u00e9rigo del seminario, muerto el d\u00eda 4, a la edad de 83 a\u00f1os.<\/em> Igual divisi\u00f3n que antes.<\/p>\n<p>18 enero 1658. <em>Muerte del hermano Hemet, laico.<\/em> Igual divisi\u00f3n que antes.<\/p>\n<p>El 25 de enero de 1658, fiesta de san Pablo, d\u00eda del nacimiento de la Misi\u00f3n, el padre Vicente declar\u00f3 que no habr\u00eda cap\u00edtulo ni conferencia.<\/p>\n<p>1 y 8 febrero 1658. <em>Las contradicciones.<\/em><\/p>\n<ol>\n<li>Razones que tenemos para entregarnos a Dios a fin de hacer buen uso de las contradicciones con que tropezamos en nuestras tareas.<\/li>\n<li>Cu\u00e1les son las que se presentan de ordinario.<\/li>\n<li>Medios para hacer buen uso de ellas.<\/li>\n<\/ol>\n<p>15 febrero 1658. <em>Paciencia con los dem\u00e1s.<\/em><\/p>\n<ol>\n<li>Razones que tenemos para soportarnos mutuamente en nuestras debilidades.<\/li>\n<li>Casos ordinarios en que hemos de soportarnos.<\/li>\n<li>Medios para afianzarnos en esta pr\u00e1ctica.<\/li>\n<\/ol>\n<p>22 febrero y 1 marzo 1658. <em>Las tentaciones.<\/em><\/p>\n<ol>\n<li>Razones que nos obligan a tratar de las tentaciones en general.<\/li>\n<li>Qu\u00e9 es la tentaci\u00f3n.<\/li>\n<li>Medios para resistir a las tentaciones.<\/li>\n<\/ol>\n<p>8 marzo 1658. <em>El ayuno.<\/em><\/p>\n<ol>\n<li>Razones que nos obligan a entregarnos a Dios para procurar observar el ayuno como lo observ\u00f3 nuestro Se\u00f1or.<\/li>\n<li>De qu\u00e9 modo hemos de juzgar que nuestro Se\u00f1or observ\u00f3 el ayuno.<\/li>\n<li>Lo que podemos hacer para imitarle.<\/li>\n<\/ol>\n<p>15 marzo 1658. <em>Levantarse por la ma\u00f1ana.<\/em><\/p>\n<ol>\n<li>Razones que tenemos para levantarnos puntualmente a las cuatro, al primer sonido de la campana, y juntarnos con los dem\u00e1s para hacer oraci\u00f3n.<\/li>\n<li>Lo que hay que hacer para afianzarse en esta pr\u00e1ctica sin relajarse nunca.<\/li>\n<\/ol>\n<p>22 marzo 1658. <em>Esp\u00edritu de penitencia.<\/em><\/p>\n<ol>\n<li>Razones que tenemos para pedir a Dios que nos d\u00e9 el esp\u00edritu de penitencia.<\/li>\n<li>En qu\u00e9 consiste el esp\u00edritu de penitencia.<\/li>\n<li>Qu\u00e9 actos de penitencia son mas apropiados para un misionero.<\/li>\n<\/ol>\n<p>5 abril 1658. <em>Realizar bien nuestras acciones.<\/em><\/p>\n<ol>\n<li>Razones que tenemos para hacer bien todas nuestras acciones ordinarias.<\/li>\n<li>Cu\u00e1les son las condiciones y circunstancias que deben concurrir para que est\u00e9n bien hechas.<\/li>\n<li>Medios para poner todas las condiciones requeridas.<\/li>\n<\/ol>\n<p>12 abril 1658. <em>Pasar bien la semana santa y la pascua.<\/em><\/p>\n<ol>\n<li>Los motivos.<\/li>\n<li>Lo que ha de hacer cada uno para ello.<\/li>\n<\/ol>\n<p>26 abril 1658. <em>La resurrecci\u00f3n espiritual.<\/em><\/p>\n<ol>\n<li>Los motivos.<\/li>\n<li>En qu\u00e9 consiste.<\/li>\n<li>Y los medios.<\/li>\n<\/ol>\n<p>3 mayo 1658. <em>El buen ejemplo.<\/em><\/p>\n<ol>\n<li>Los motivos.<\/li>\n<li>Faltas que se pueden cometer en contra.<\/li>\n<li>Medios para evitar las faltas.<\/li>\n<\/ol>\n<p>10 mayo 1658. <em>El relajamiento en la virtud.<\/em><\/p>\n<ol>\n<li>Razones que tenemos para temer caer en el relajamiento.<\/li>\n<li>En qu\u00e9 han de temer sobre todo los misioneros caer en el relajamiento.<\/li>\n<li>Medios para prevenir y evitar el relajamiento.<\/li>\n<\/ol>\n<p>17 mayo 1658. <em>La observancia de las reglas.<\/em><\/p>\n<ol>\n<li>Los motivos.<\/li>\n<li>Los medios.<\/li>\n<li>Este d\u00eda el padre Vicente entreg\u00f3 las reglas impresas.<\/li>\n<\/ol>\n<p>24 mayo 1658. <em>Virtudes del padre Delville, muerto como p\u00e1rroco de Arras.<\/em> La divisi\u00f3n como de ordinario<\/p>\n<p>31 mayo y 8 junio 1658. <em>Despego de las cosas de la tierra.<\/em><\/p>\n<ol>\n<li>Razones para despegarnos de ellas.<\/li>\n<li>De qu\u00e9 cosas debe despegarse el misionero.<\/li>\n<li>Medios para despegarse bien.<\/li>\n<\/ol>\n<p>14 junio 1658. <em>Fiesta de la sant\u00edsima Trinidad.<\/em><\/p>\n<ol>\n<li>Razones que tenemos para honrar este misterio y celebrar bien su fiesta.<\/li>\n<li>Lo que hemos de creer y ense\u00f1ar de este misterio.<\/li>\n<li>Medios para honrar bien este misterio y celebrar bien su fiesta.<\/li>\n<\/ol>\n<p>21 y 28 junio 1658. <em>Enfermedades.<\/em><\/p>\n<ol>\n<li>Motivos que tenemos para hacer buen uso de nuestras enfermedades.<\/li>\n<li>Faltas que se pueden cometer en esto.<\/li>\n<\/ol>\n<p>5 julio 1658. <em>Paciencia.<\/em><\/p>\n<ol>\n<li>Los motivos.<\/li>\n<li>En qu\u00e9 cosas hemos de saber soportar al pr\u00f3jimo.<\/li>\n<li>Medios para soportarnos mutuamente en todas las ocasiones.<\/li>\n<\/ol>\n<p>Durante dos semanas, el acto que se celebraba por la salud del rey, al atardecer, impidi\u00f3 la conferencia.<\/p>\n<p>26 julio 1658. <em>No hablar de los defectos del pr\u00f3jimo.<\/em><\/p>\n<ol>\n<li>Motivos para no hablar de ellos.<\/li>\n<li>Ocasiones en que se cae m\u00e1s de ordinario y de qu\u00e9 maneras.<\/li>\n<li>Medios para corregirnos de ello.<\/li>\n<\/ol>\n<p>2 y 9 agosto 1658. <em>Aceptar las situaciones en que Dios nos pone.<\/em><\/p>\n<ol>\n<li>Motivos para aceptar las situaciones en que nos pone su divina Majestad.<\/li>\n<li>Cu\u00e1les son esas situaciones, de cuerpo o de alma, en los diversos cargos.<\/li>\n<li>Medios para entrar todos por esta pr\u00e1ctica.<\/li>\n<\/ol>\n<p>16 y 23 agosto 1658. <em>Sobriedad en la comida y en la bebida.<\/em><\/p>\n<ol>\n<li>Motivos para ser sobrios.<\/li>\n<li>Las faltas.<\/li>\n<li>Los medios para evitar esas faltas.<\/li>\n<\/ol>\n<p>30 agosto y 6 septiembre 1658. <em>Indiferencia en las tareas.<\/em><\/p>\n<ol>\n<li>Razones para hacerse indiferentes.<\/li>\n<li>En el caso de que podamos desear alguna, \u00bfcu\u00e1les han de ser?<\/li>\n<li>Medios para ponernos en esta indiferencia.<\/li>\n<\/ol>\n<p>13 y 20 septiembre 1658. <em>El silencio.<\/em><\/p>\n<ol>\n<li>Motivos para guardarlo con exactitud.<\/li>\n<li>En qu\u00e9 tiempos y lugares ha de observarse mejor, y faltas que se cometen.<\/li>\n<li>Medios para observarlo bien.<\/li>\n<\/ol>\n<p>27 septiembre 1658. <em>Virtudes del padre Ozenne, muerto en Polonia.<\/em><\/p>\n<ol>\n<li>Virtudes que se observaron en \u00e9l.<\/li>\n<li>Qu\u00e9 provecho quiere sacar cada uno de ellas.<\/li>\n<\/ol>\n<p>3 octubre 1658. <em>De los retiros.<\/em> La misma divisi\u00f3n que otras veces.<\/p>\n<p>11, 18 y 25 octubre, 8 y 15 noviembre 1658. <em>La maledicencia.<\/em><\/p>\n<ol>\n<li>Motivos y razones muy poderosas para desterrarla de nosotros.<\/li>\n<li>Medios m\u00e1s eficaces.<\/li>\n<li>En esta conferencia el padre Vicente le pregunt\u00f3 a cada uno un medio pr\u00e1ctico, que mando escribir; hizo que se repitiera cinco veces seguidas y la \u00faltima vez estuvo hablando una hora; se recogi\u00f3 su discurso.<\/li>\n<\/ol>\n<p>29 noviembre 1658. <em>Pasar bien el adviento.<\/em><\/p>\n<ol>\n<li>Motivos para pasarlo bien.<\/li>\n<li>Las pr\u00e1cticas.<\/li>\n<\/ol>\n<p>6 diciembre 1658. El padre Vicente explic\u00f3 el primer p\u00e1rrafo de nuestras reglas.<\/p>\n<p>13 diciembre 1658. <em>Explicaci\u00f3n del segundo p\u00e1rrafo de las reglas.<\/em><\/p>\n<p>3 y 10 enero 1659. <em>La mortificaci\u00f3n.<\/em><\/p>\n<ol>\n<li>Motivos para adquirir la mortificaci\u00f3n.<\/li>\n<li>Qu\u00e9 es; principales actos.<\/li>\n<li>Los medios.<\/li>\n<\/ol>\n<p>17 y 24 enero 1659. <em>Atender bien a los se\u00f1ores ejercitantes.<\/em><\/p>\n<ol>\n<li>Motivos para servirles con afecto.<\/li>\n<li>Lo que hay que hacer para ello.<\/li>\n<\/ol>\n<p>7 febrero 1659. <em>La conversaci\u00f3n.<\/em><\/p>\n<ol>\n<li>Motivos para conversar bien.<\/li>\n<li>Qu\u00e9 condiciones debe tener la conversaci\u00f3n.<\/li>\n<li>Medios para que se den esas condiciones.<\/li>\n<\/ol>\n<p>14 y 21 febrero 1659. <em>El padre Vicente explic\u00f3 las reglas.<\/em><\/p>\n<p>28 febrero 1659. <em>Buen empleo del tiempo<\/em><\/p>\n<ol>\n<li><em><\/em>Motivos para emplear bien el tiempo.<\/li>\n<li>En qu\u00e9 se emplea mal el tiempo.<\/li>\n<li>Medios para emplearlo bien.<\/li>\n<\/ol>\n<p>7 marzo 1659. <em>El padre Vicente explic\u00f3 las reglas.<\/em><\/p>\n<p>14 marzo 1659. <em>De la ordenaci\u00f3n.<\/em><\/p>\n<ol>\n<li>Motivos para hacerla bien.<\/li>\n<li>Medios para recibirla bien.<\/li>\n<\/ol>\n<p>21 y 28 marzo 1659. <em>El padre Vicente explic\u00f3 las reglas.<\/em><\/p>\n<p>El 28 de marzo, al acabar la explicaci\u00f3n de las reglas, el padre Vicente indic\u00f3 que habr\u00eda el lunes siguiente una conferencia extraordinaria sobre la forma de pasar bien el tiempo de pasi\u00f3n, prefiriendo tener una conferencia extraordinaria antes que dejar pasar esos d\u00edas tan santos sin excitar a la compa\u00f1\u00eda a pasarlos bien.<\/p>\n<p>4 abril 1659. <em>Resoluciones de la oraci\u00f3n.<\/em><\/p>\n<ol>\n<li>Motivos para tomar siempre resoluciones muy concretas.<\/li>\n<li>Qu\u00e9 resoluciones concretas hay que tomar.<\/li>\n<li>Medios para ser fieles en practicarlas.<\/li>\n<\/ol>\n<p>2, 9, 16, 23, 30 de mayo, 6 de junio 1659. <em>El padre Vicente explica las reglas.<\/em><\/p>\n<p>13 junio 1659. <em>Devoci\u00f3n al sant\u00edsimo sacramento.<\/em><\/p>\n<ol>\n<li>Los motivos.<\/li>\n<li>Las pr\u00e1cticas.<\/li>\n<\/ol>\n<p>El 20 de junio de 1659 se puso mal el padre Vicente y no pudo haber conferencia.<\/p>\n<p>27 junio 1659. <em>El cap\u00edtulo.<\/em><\/p>\n<ol>\n<li>Motivos para asistir al cap\u00edtulo con esp\u00edritu.<\/li>\n<li>Con qu\u00e9 esp\u00edritu hemos de acusarnos, amonestar, ser amonestados y recibir las advertencias del superior.<\/li>\n<li>Medios para aprovecharnos de todo esto.<\/li>\n<\/ol>\n<p>4 julio 1659. <em>Las conferencias.<\/em><\/p>\n<ol>\n<li>Razones que obligan a la compa\u00f1\u00eda a apreciar mucho las conferencias que hace.<\/li>\n<li>Lo que hay que hacer antes, durante y despu\u00e9s de ellas para sacar provecho.<\/li>\n<\/ol>\n<p>11 julio 1659. <em>No hablar en contra del pr\u00f3jimo.<\/em><\/p>\n<ol>\n<li>Motivos para guardarnos de este mal.<\/li>\n<li>Males que acontecen.<\/li>\n<li>Medios para evitarlo.<\/li>\n<\/ol>\n<p>18 julio 1659. <em>La puntualidad.<\/em><\/p>\n<ol>\n<li>Motivos para ser puntuales.<\/li>\n<li>En qu\u00e9 necesitamos m\u00e1s la puntualidad.<\/li>\n<li>Medios para hacerse puntuales.<\/li>\n<\/ol>\n<p>1 agosto 1659. <em>El esp\u00edritu del cristianismo.<\/em><\/p>\n<ol>\n<li>Motivos para adquirirlo.<\/li>\n<li>Qu\u00e9 es el esp\u00edritu del cristianismo.<\/li>\n<li>Medios para adquirirlo.<\/li>\n<\/ol>\n[5 agosto 1659. <em>Teolog\u00eda moral, predicaci\u00f3n, catecismo, administraci\u00f3n de sacramentos] <\/em><\/p>\n<p>8 agosto 1659. <em>La buena conversaci\u00f3n.<\/em><\/p>\n<ol>\n<li>Motivos para conversar bien.<\/li>\n<li>Medios para conversar bien.<\/li>\n<\/ol>\n[22 y 29 agosto. <em>El padre Vicente explica las reglas].<\/em><\/p>\n<p>6 septiembre 1659. <em>Los ordenandos.<\/em> Los puntos como de ordinario.<\/p>\n<p>12 septiembre 1659. <em>Las divisiones.<\/em><\/p>\n<ol>\n<li>Males que causan los que siembran la divisi\u00f3n en una casa.<\/li>\n<li>De cu\u00e1ntas formas puede pasar esto.<\/li>\n<li>Medios para prevenir este mal.<\/li>\n<\/ol>\n[26 septiembre 1659. <em>Rezo del oficio divino<\/em>]<em>.<\/em><\/p>\n<p>3 octubre 1659. <em>El hombre interior.<\/em><\/p>\n<ol>\n<li>Razones que nos obligan a esforzarnos en ser hombres interiores.<\/li>\n<li>Qu\u00e9 es un hombre interior.<\/li>\n<li>Medios para hacernos interiores.<\/li>\n<\/ol>\n[17 y 24 octubre 1659. <em>El padre Vicente explica las reglas<\/em>]<em>.<\/em><\/p>\n<p>31 octubre 1659. <em>La Santidad.<\/em><\/p>\n<ol>\n<li>Lo que nos obliga a tender seriamente a la santidad.<\/li>\n<li>En qu\u00e9 consiste nuestra santidad.<\/li>\n<li>Medios para ser santos.<\/li>\n<\/ol>\n[7, 14 21 y 28 noviembre, 5, 12 y 19 diciembre 1659. <em>El padre Vicente explica las reglas].<\/em><\/p>\n<p>26 diciembre 1659. <em>Faltas cometidas durante el a\u00f1o.<\/em><\/p>\n<ol>\n<li>Motivos para levantarnos de nuestros defectos y relajaci\u00f3n.<\/li>\n<li>Cu\u00e1les son los defectos generales m\u00e1s comunes en la compa\u00f1\u00eda.<\/li>\n<li>Remedios para obrar mejor el a\u00f1o que viene.<\/li>\n<\/ol>\n<p>2 y 9 enero 1660. <em>Virtudes del padre Perraud.<\/em><\/p>\n<ol>\n<li>Motivos para hablar de ellas.<\/li>\n<li>Pr\u00e1cticas y provechos.<\/li>\n<\/ol>\n<p>16 enero 1660. <em>Salidas a la ciudad.<\/em><\/p>\n<ol>\n<li>Motivos para portarse bien en la ciudad los que salen y sus acompa\u00f1antes.<\/li>\n<li>Lo que unos y otros han de hacer al salir, al visitar las casas, al volver y al estar de vuelta.<\/li>\n<\/ol>\n<p>23 enero 1660. <em>El recogimiento.<\/em><\/p>\n<ol>\n<li>Los motivos.<\/li>\n<li>Los actos principales.<\/li>\n<li>Los medios.<\/li>\n<\/ol>\n<p>30 enero 1660. <em>El bautismo.<\/em><\/p>\n<ol>\n<li>Razones para pensar en la gracia recibida en el santo bautismo y obligaciones que en \u00e9l hemos contra\u00eddo.<\/li>\n<li>Cu\u00e1l es esta gracia y cu\u00e1les sus obligaciones.<\/li>\n<li>Medios para agradecer aqu\u00e9lla y para cumplir con \u00e9stas.<\/li>\n<\/ol>\n<p>13 febrero 1660. <em>El esp\u00edritu de penitencia.<\/em><\/p>\n<ol>\n<li>Razones para entrar por el esp\u00edritu de penitencia.<\/li>\n<li>En qu\u00e9 consiste: los actos interiores y exteriores.<\/li>\n<li>Medios para entrar por este esp\u00edritu.<\/li>\n<\/ol>\n<p>20 febrero 1660. <em>Virtudes del padre Portail, primer compa\u00f1ero del padre Vicente y, luego, su secretario.<\/em><\/p>\n<ol>\n<li>Razones para hablar, etc\u00e9tera.<\/li>\n<li>Las pr\u00e1cticas.<\/li>\n<\/ol>\n<p>2 abril 1660. <em>La renovaci\u00f3n interior.<\/em><\/p>\n<ol>\n<li>Los motivos.<\/li>\n<li>En qu\u00e9 hemos de renovarnos.<\/li>\n<li>Los medios.<\/li>\n<\/ol>\n<p>9 abril 1660. <em>Consagraci\u00f3n del obispo de Oloron.<\/em><\/p>\n<ol>\n<li>Razones para contribuir a ella.<\/li>\n<li>Lo que conviene hacer.<\/li>\n<\/ol>\n<p>16 abril 1660. <em>Servicio a los se\u00f1ores ejercitantes.<\/em><\/p>\n<ol>\n<li>Razones que tiene la compa\u00f1\u00eda para alabar a Dios por la gracia que le ha dado al atraer a tantas personas para que vengan aqu\u00ed a hacer el retiro, y corresponder a esta gracia.<\/li>\n<li>Faltas que puede cometer y que debe evitar en ello.<\/li>\n<li>Lo que ha de hacer y medios para cooperar a esta gracia.<\/li>\n<li>Hab\u00eda entonces en San L\u00e1zaro treinta ejercitantes: dieciocho eclesi\u00e1sticos y doce o quince laicos.<\/li>\n<\/ol>\n<p>23 abril 1660. <em>Obrar con esp\u00edritu de fe.<\/em><\/p>\n<ol>\n<li>Los motivos.<\/li>\n<li>Qu\u00e9 es esto.<\/li>\n<li>Los medios.<\/li>\n<\/ol>\n<p>30 abril 1660. <em>Los apegos.<\/em><\/p>\n<ol>\n<li>Motivos para no apegarse m\u00e1s que a Dios.<\/li>\n<li>Cu\u00e1les son los apegos perjudiciales para el misionero.<\/li>\n<li>Medios para desprenderse de ellos y no apegarse m\u00e1s que a Dios.<\/li>\n<\/ol>\n<p>7 mayo 1660. <em>El silencio.<\/em><\/p>\n<ol>\n<li>Razones para guardarlo exactamente.<\/li>\n<li>D\u00f3nde, cu\u00e1ndo y c\u00f3mo se falta al silencio.<\/li>\n<li>Medios para observarlo bien.<\/li>\n<\/ol>\n<p>21 mayo 1660. <em>Devoci\u00f3n al sant\u00edsimo sacramento.<\/em><\/p>\n<p>28 mayo, 4, 18 y 25 de junio. <em>Virtudes del se\u00f1or abad de Chandenier, abad de Tournus, muerto en Saboya, al regresar de Roma, a donde hab\u00eda ido por pura devoci\u00f3n.<\/em><\/p>\n<ol>\n<li>Razones que tenemos para hablar de las altas y heroicas virtudes que se han advertido en el difunto se\u00f1or abad de Chandenier, nuestro bienhechor.<\/li>\n<li>Cu\u00e1les son las que se han observado y los actos particulares m\u00e1s hermosos.<\/li>\n<li>Qu\u00e9 provecho podemos sacar de ella y en qu\u00e9 podemos imitarle.<\/li>\n<\/ol>\n<p><em>El resto de las conferencias hasta la muerte del padre Vicente fue sobre la explicaci\u00f3n le las reglas.<\/em><\/p>\n","protected":false},"excerpt":{"rendered":"<p>23 septiembre 1650. Avisar al superior de los defectos de los individuos de la compa\u00f1\u00eda. Razones que nos obligan a manifestar al superior los defectos que hemos advertido en los individuos de la compa\u00f1\u00eda. C\u00f3mo &#8230; <a href=\"https:\/\/vincentians.com\/es\/vicente-de-paul-temas-tratados-en-las-conferencias-de-san-lazaro-de-1650-a-1660\/\" class=\"more-link\">Read More<\/a><\/p>\n","protected":false},"author":4,"featured_media":393753,"comment_status":"open","ping_status":"open","sticky":false,"template":"","format":"standard","meta":{"jetpack_post_was_ever_published":false,"_jetpack_newsletter_access":"","_jetpack_dont_email_post_to_subs":false,"_jetpack_newsletter_tier_id":0,"_jetpack_memberships_contains_paywalled_content":false,"_jetpack_memberships_contains_paid_content":false,"footnotes":"","jetpack_publicize_message":"","jetpack_publicize_feature_enabled":true,"jetpack_social_post_already_shared":true,"jetpack_social_options":{"image_generator_settings":{"template":"highway","default_image_id":0,"font":"","enabled":false},"version":2}},"categories":[65],"tags":[156,144,127,137,143],"class_list":["post-12775","post","type-post","status-publish","format-standard","has-post-thumbnail","hentry","category-escritos-de-vicente-de-paul","tag-blatiron","tag-lambert","tag-portail","tag-san-esteban","tag-san-lazaro"],"yoast_head":"<!-- This site is optimized with the Yoast SEO plugin v26.3 - https:\/\/yoast.com\/wordpress\/plugins\/seo\/ -->\n<title>Vicente de Pa\u00fal, Temas Tratados En Las Conferencias De San Lazaro De 1650 A 1660 - Somos Vicencianos<\/title>\n<meta name=\"robots\" content=\"index, follow, max-snippet:-1, max-image-preview:large, max-video-preview:-1\" \/>\n<link rel=\"canonical\" href=\"https:\/\/vincentians.com\/es\/vicente-de-paul-temas-tratados-en-las-conferencias-de-san-lazaro-de-1650-a-1660\/\" \/>\n<meta property=\"og:locale\" content=\"es_ES\" \/>\n<meta property=\"og:type\" content=\"article\" \/>\n<meta property=\"og:title\" content=\"Vicente de Pa\u00fal, Temas Tratados En Las Conferencias De San Lazaro De 1650 A 1660 - Somos Vicencianos\" \/>\n<meta property=\"og:description\" content=\"23 septiembre 1650. Avisar al superior de los defectos de los individuos de la compa\u00f1\u00eda. Razones que nos obligan a manifestar al superior los defectos que hemos advertido en los individuos de la compa\u00f1\u00eda. C\u00f3mo ... Read More\" \/>\n<meta property=\"og:url\" content=\"https:\/\/vincentians.com\/es\/vicente-de-paul-temas-tratados-en-las-conferencias-de-san-lazaro-de-1650-a-1660\/\" \/>\n<meta property=\"og:site_name\" content=\"Somos Vicencianos\" \/>\n<meta property=\"article:publisher\" content=\"https:\/\/www.facebook.com\/WeAreVincentians\/\" \/>\n<meta property=\"article:author\" content=\"https:\/\/www.facebook.com\/JavierChento\" \/>\n<meta property=\"article:published_time\" content=\"2010-02-05T08:21:45+00:00\" \/>\n<meta property=\"article:modified_time\" content=\"2016-07-26T09:01:08+00:00\" \/>\n<meta property=\"og:image\" content=\"https:\/\/i0.wp.com\/vincentians.com\/es\/wp-content\/uploads\/sites\/11\/2016\/07\/escritos-vicente-de-paul.jpg?fit=1200%2C630&ssl=1\" \/>\n\t<meta property=\"og:image:width\" content=\"1200\" \/>\n\t<meta property=\"og:image:height\" content=\"630\" \/>\n\t<meta property=\"og:image:type\" content=\"image\/jpeg\" \/>\n<meta name=\"author\" content=\"Francisco Javier Fern\u00e1ndez Chento\" \/>\n<meta name=\"twitter:card\" content=\"summary_large_image\" \/>\n<meta name=\"twitter:creator\" content=\"@https:\/\/twitter.com\/javierchento\" \/>\n<meta name=\"twitter:site\" content=\"@WeVincentians\" \/>\n<meta name=\"twitter:label1\" content=\"Escrito por\" \/>\n\t<meta name=\"twitter:data1\" content=\"Francisco Javier Fern\u00e1ndez Chento\" \/>\n\t<meta name=\"twitter:label2\" content=\"Tiempo de lectura\" \/>\n\t<meta name=\"twitter:data2\" content=\"38 minutos\" \/>\n<script type=\"application\/ld+json\" class=\"yoast-schema-graph\">{\"@context\":\"https:\/\/schema.org\",\"@graph\":[{\"@type\":\"Article\",\"@id\":\"https:\/\/vincentians.com\/es\/vicente-de-paul-temas-tratados-en-las-conferencias-de-san-lazaro-de-1650-a-1660\/#article\",\"isPartOf\":{\"@id\":\"https:\/\/vincentians.com\/es\/vicente-de-paul-temas-tratados-en-las-conferencias-de-san-lazaro-de-1650-a-1660\/\"},\"author\":{\"name\":\"Francisco Javier Fern\u00e1ndez Chento\",\"@id\":\"http:\/\/vincentians.com\/es\/#\/schema\/person\/9623ef4d9aa3b2dfb8c061f1499288f2\"},\"headline\":\"Vicente de Pa\u00fal, Temas Tratados En Las Conferencias De San Lazaro De 1650 A 1660\",\"datePublished\":\"2010-02-05T08:21:45+00:00\",\"dateModified\":\"2016-07-26T09:01:08+00:00\",\"mainEntityOfPage\":{\"@id\":\"https:\/\/vincentians.com\/es\/vicente-de-paul-temas-tratados-en-las-conferencias-de-san-lazaro-de-1650-a-1660\/\"},\"wordCount\":7674,\"commentCount\":0,\"publisher\":{\"@id\":\"http:\/\/vincentians.com\/es\/#organization\"},\"image\":{\"@id\":\"https:\/\/vincentians.com\/es\/vicente-de-paul-temas-tratados-en-las-conferencias-de-san-lazaro-de-1650-a-1660\/#primaryimage\"},\"thumbnailUrl\":\"https:\/\/i0.wp.com\/vincentians.com\/es\/wp-content\/uploads\/sites\/11\/2016\/07\/escritos-vicente-de-paul.jpg?fit=1200%2C630&ssl=1\",\"keywords\":[\"Blatiron\",\"Lambert\",\"Portail\",\"San Esteban\",\"San L\u00e1zaro\"],\"articleSection\":[\"Escritos de Vicente de Pa\u00fal\"],\"inLanguage\":\"es\",\"potentialAction\":[{\"@type\":\"CommentAction\",\"name\":\"Comment\",\"target\":[\"https:\/\/vincentians.com\/es\/vicente-de-paul-temas-tratados-en-las-conferencias-de-san-lazaro-de-1650-a-1660\/#respond\"]}]},{\"@type\":\"WebPage\",\"@id\":\"https:\/\/vincentians.com\/es\/vicente-de-paul-temas-tratados-en-las-conferencias-de-san-lazaro-de-1650-a-1660\/\",\"url\":\"https:\/\/vincentians.com\/es\/vicente-de-paul-temas-tratados-en-las-conferencias-de-san-lazaro-de-1650-a-1660\/\",\"name\":\"Vicente de Pa\u00fal, Temas Tratados En Las Conferencias De San Lazaro De 1650 A 1660 - Somos Vicencianos\",\"isPartOf\":{\"@id\":\"http:\/\/vincentians.com\/es\/#website\"},\"primaryImageOfPage\":{\"@id\":\"https:\/\/vincentians.com\/es\/vicente-de-paul-temas-tratados-en-las-conferencias-de-san-lazaro-de-1650-a-1660\/#primaryimage\"},\"image\":{\"@id\":\"https:\/\/vincentians.com\/es\/vicente-de-paul-temas-tratados-en-las-conferencias-de-san-lazaro-de-1650-a-1660\/#primaryimage\"},\"thumbnailUrl\":\"https:\/\/i0.wp.com\/vincentians.com\/es\/wp-content\/uploads\/sites\/11\/2016\/07\/escritos-vicente-de-paul.jpg?fit=1200%2C630&ssl=1\",\"datePublished\":\"2010-02-05T08:21:45+00:00\",\"dateModified\":\"2016-07-26T09:01:08+00:00\",\"breadcrumb\":{\"@id\":\"https:\/\/vincentians.com\/es\/vicente-de-paul-temas-tratados-en-las-conferencias-de-san-lazaro-de-1650-a-1660\/#breadcrumb\"},\"inLanguage\":\"es\",\"potentialAction\":[{\"@type\":\"ReadAction\",\"target\":[\"https:\/\/vincentians.com\/es\/vicente-de-paul-temas-tratados-en-las-conferencias-de-san-lazaro-de-1650-a-1660\/\"]}]},{\"@type\":\"ImageObject\",\"inLanguage\":\"es\",\"@id\":\"https:\/\/vincentians.com\/es\/vicente-de-paul-temas-tratados-en-las-conferencias-de-san-lazaro-de-1650-a-1660\/#primaryimage\",\"url\":\"https:\/\/i0.wp.com\/vincentians.com\/es\/wp-content\/uploads\/sites\/11\/2016\/07\/escritos-vicente-de-paul.jpg?fit=1200%2C630&ssl=1\",\"contentUrl\":\"https:\/\/i0.wp.com\/vincentians.com\/es\/wp-content\/uploads\/sites\/11\/2016\/07\/escritos-vicente-de-paul.jpg?fit=1200%2C630&ssl=1\",\"width\":1200,\"height\":630},{\"@type\":\"BreadcrumbList\",\"@id\":\"https:\/\/vincentians.com\/es\/vicente-de-paul-temas-tratados-en-las-conferencias-de-san-lazaro-de-1650-a-1660\/#breadcrumb\",\"itemListElement\":[{\"@type\":\"ListItem\",\"position\":1,\"name\":\"Portada\",\"item\":\"http:\/\/vincentians.com\/es\/\"},{\"@type\":\"ListItem\",\"position\":2,\"name\":\"Vicente de Pa\u00fal, Temas Tratados En Las Conferencias De San Lazaro De 1650 A 1660\"}]},{\"@type\":\"WebSite\",\"@id\":\"http:\/\/vincentians.com\/es\/#website\",\"url\":\"http:\/\/vincentians.com\/es\/\",\"name\":\"Somos Vicencianos\",\"description\":\"Know more to serve more\",\"publisher\":{\"@id\":\"http:\/\/vincentians.com\/es\/#organization\"},\"potentialAction\":[{\"@type\":\"SearchAction\",\"target\":{\"@type\":\"EntryPoint\",\"urlTemplate\":\"http:\/\/vincentians.com\/es\/?s={search_term_string}\"},\"query-input\":{\"@type\":\"PropertyValueSpecification\",\"valueRequired\":true,\"valueName\":\"search_term_string\"}}],\"inLanguage\":\"es\"},{\"@type\":\"Organization\",\"@id\":\"http:\/\/vincentians.com\/es\/#organization\",\"name\":\"The Vincentian Network\",\"url\":\"http:\/\/vincentians.com\/es\/\",\"logo\":{\"@type\":\"ImageObject\",\"inLanguage\":\"es\",\"@id\":\"http:\/\/vincentians.com\/es\/#\/schema\/logo\/image\/\",\"url\":\"https:\/\/i1.wp.com\/vincentians.com\/es\/wp-content\/uploads\/sites\/11\/2016\/06\/Vincentian-Network-logo-big.png?fit=778%2C778\",\"contentUrl\":\"https:\/\/i1.wp.com\/vincentians.com\/es\/wp-content\/uploads\/sites\/11\/2016\/06\/Vincentian-Network-logo-big.png?fit=778%2C778\",\"width\":778,\"height\":778,\"caption\":\"The Vincentian Network\"},\"image\":{\"@id\":\"http:\/\/vincentians.com\/es\/#\/schema\/logo\/image\/\"},\"sameAs\":[\"https:\/\/www.facebook.com\/WeAreVincentians\/\",\"https:\/\/x.com\/WeVincentians\"]},{\"@type\":\"Person\",\"@id\":\"http:\/\/vincentians.com\/es\/#\/schema\/person\/9623ef4d9aa3b2dfb8c061f1499288f2\",\"name\":\"Francisco Javier Fern\u00e1ndez Chento\",\"image\":{\"@type\":\"ImageObject\",\"inLanguage\":\"es\",\"@id\":\"http:\/\/vincentians.com\/es\/#\/schema\/person\/image\/\",\"url\":\"https:\/\/secure.gravatar.com\/avatar\/497d5cde87b4c3d097d0315953521681ba2cd523ee66e5077c3711f7021e65de?s=96&d=mm&r=g\",\"contentUrl\":\"https:\/\/secure.gravatar.com\/avatar\/497d5cde87b4c3d097d0315953521681ba2cd523ee66e5077c3711f7021e65de?s=96&d=mm&r=g\",\"caption\":\"Francisco Javier Fern\u00e1ndez Chento\"},\"description\":\"Director General y cofundador de La Red de Formaci\u00f3n Vicenciana. Javier es laico vicenciano, afiliado a la Congregaci\u00f3n de la Misi\u00f3n y miembro del Equipo de Misiones Populares de la provincia can\u00f3nica de Zaragoza (Espa\u00f1a) de la Congregaci\u00f3n de la Misi\u00f3n. Graduado en la Universidad Oberta de Catalunya con cuatro grados (Asistente de direcci\u00f3n, Gesti\u00f3n Administrativa, Recursos Humanos y Contabilidad Avanzada). Bil\u00edng\u00fce Espa\u00f1ol\/Ingl\u00e9s. gestiona y mantiene varias p\u00e1ginas web cristianas y vicencianas, incluida including La Red de Formaci\u00f3n Vicenciana, de la que es cofundador. Actualmente es responsable del \u00e1rea de Espa\u00f1ol de .famvin, la Red de Noticias de la Familia Vicenciana. Tambi\u00e9n es m\u00fasico cat\u00f3lico y ha editado varios discos. Es Director General y cofundador de Trovador, una reconocida compa\u00f1\u00eda discogr\u00e1fica critiana de Espa\u00f1a. Trabaja en las Tecnolog\u00edas de la Informaci\u00f3n, ofreciendo servicios de alojamiento, dise\u00f1o y mantenimiento Web, as\u00ed como asesoramiento, formaci\u00f3n y soluciones inform\u00e1ticas, gesti\u00f3n documental y digitalizaci\u00f3n de textos, edici\u00f3n y maquetaci\u00f3n de libros, revistas, flyers, etc.\",\"sameAs\":[\"http:\/\/chento.org\",\"https:\/\/www.facebook.com\/JavierChento\",\"https:\/\/x.com\/https:\/\/twitter.com\/javierchento\"],\"url\":\"https:\/\/vincentians.com\/es\/author\/chento\/\"}]}<\/script>\n<!-- \/ Yoast SEO plugin. -->","yoast_head_json":{"title":"Vicente de Pa\u00fal, Temas Tratados En Las Conferencias De San Lazaro De 1650 A 1660 - Somos Vicencianos","robots":{"index":"index","follow":"follow","max-snippet":"max-snippet:-1","max-image-preview":"max-image-preview:large","max-video-preview":"max-video-preview:-1"},"canonical":"https:\/\/vincentians.com\/es\/vicente-de-paul-temas-tratados-en-las-conferencias-de-san-lazaro-de-1650-a-1660\/","og_locale":"es_ES","og_type":"article","og_title":"Vicente de Pa\u00fal, Temas Tratados En Las Conferencias De San Lazaro De 1650 A 1660 - Somos Vicencianos","og_description":"23 septiembre 1650. Avisar al superior de los defectos de los individuos de la compa\u00f1\u00eda. Razones que nos obligan a manifestar al superior los defectos que hemos advertido en los individuos de la compa\u00f1\u00eda. C\u00f3mo ... Read More","og_url":"https:\/\/vincentians.com\/es\/vicente-de-paul-temas-tratados-en-las-conferencias-de-san-lazaro-de-1650-a-1660\/","og_site_name":"Somos Vicencianos","article_publisher":"https:\/\/www.facebook.com\/WeAreVincentians\/","article_author":"https:\/\/www.facebook.com\/JavierChento","article_published_time":"2010-02-05T08:21:45+00:00","article_modified_time":"2016-07-26T09:01:08+00:00","og_image":[{"width":1200,"height":630,"url":"https:\/\/i0.wp.com\/vincentians.com\/es\/wp-content\/uploads\/sites\/11\/2016\/07\/escritos-vicente-de-paul.jpg?fit=1200%2C630&ssl=1","type":"image\/jpeg"}],"author":"Francisco Javier Fern\u00e1ndez Chento","twitter_card":"summary_large_image","twitter_creator":"@https:\/\/twitter.com\/javierchento","twitter_site":"@WeVincentians","twitter_misc":{"Escrito por":"Francisco Javier Fern\u00e1ndez Chento","Tiempo de lectura":"38 minutos"},"schema":{"@context":"https:\/\/schema.org","@graph":[{"@type":"Article","@id":"https:\/\/vincentians.com\/es\/vicente-de-paul-temas-tratados-en-las-conferencias-de-san-lazaro-de-1650-a-1660\/#article","isPartOf":{"@id":"https:\/\/vincentians.com\/es\/vicente-de-paul-temas-tratados-en-las-conferencias-de-san-lazaro-de-1650-a-1660\/"},"author":{"name":"Francisco Javier Fern\u00e1ndez Chento","@id":"http:\/\/vincentians.com\/es\/#\/schema\/person\/9623ef4d9aa3b2dfb8c061f1499288f2"},"headline":"Vicente de Pa\u00fal, Temas Tratados En Las Conferencias De San Lazaro De 1650 A 1660","datePublished":"2010-02-05T08:21:45+00:00","dateModified":"2016-07-26T09:01:08+00:00","mainEntityOfPage":{"@id":"https:\/\/vincentians.com\/es\/vicente-de-paul-temas-tratados-en-las-conferencias-de-san-lazaro-de-1650-a-1660\/"},"wordCount":7674,"commentCount":0,"publisher":{"@id":"http:\/\/vincentians.com\/es\/#organization"},"image":{"@id":"https:\/\/vincentians.com\/es\/vicente-de-paul-temas-tratados-en-las-conferencias-de-san-lazaro-de-1650-a-1660\/#primaryimage"},"thumbnailUrl":"https:\/\/i0.wp.com\/vincentians.com\/es\/wp-content\/uploads\/sites\/11\/2016\/07\/escritos-vicente-de-paul.jpg?fit=1200%2C630&ssl=1","keywords":["Blatiron","Lambert","Portail","San Esteban","San L\u00e1zaro"],"articleSection":["Escritos de Vicente de Pa\u00fal"],"inLanguage":"es","potentialAction":[{"@type":"CommentAction","name":"Comment","target":["https:\/\/vincentians.com\/es\/vicente-de-paul-temas-tratados-en-las-conferencias-de-san-lazaro-de-1650-a-1660\/#respond"]}]},{"@type":"WebPage","@id":"https:\/\/vincentians.com\/es\/vicente-de-paul-temas-tratados-en-las-conferencias-de-san-lazaro-de-1650-a-1660\/","url":"https:\/\/vincentians.com\/es\/vicente-de-paul-temas-tratados-en-las-conferencias-de-san-lazaro-de-1650-a-1660\/","name":"Vicente de Pa\u00fal, Temas Tratados En Las Conferencias De San Lazaro De 1650 A 1660 - Somos Vicencianos","isPartOf":{"@id":"http:\/\/vincentians.com\/es\/#website"},"primaryImageOfPage":{"@id":"https:\/\/vincentians.com\/es\/vicente-de-paul-temas-tratados-en-las-conferencias-de-san-lazaro-de-1650-a-1660\/#primaryimage"},"image":{"@id":"https:\/\/vincentians.com\/es\/vicente-de-paul-temas-tratados-en-las-conferencias-de-san-lazaro-de-1650-a-1660\/#primaryimage"},"thumbnailUrl":"https:\/\/i0.wp.com\/vincentians.com\/es\/wp-content\/uploads\/sites\/11\/2016\/07\/escritos-vicente-de-paul.jpg?fit=1200%2C630&ssl=1","datePublished":"2010-02-05T08:21:45+00:00","dateModified":"2016-07-26T09:01:08+00:00","breadcrumb":{"@id":"https:\/\/vincentians.com\/es\/vicente-de-paul-temas-tratados-en-las-conferencias-de-san-lazaro-de-1650-a-1660\/#breadcrumb"},"inLanguage":"es","potentialAction":[{"@type":"ReadAction","target":["https:\/\/vincentians.com\/es\/vicente-de-paul-temas-tratados-en-las-conferencias-de-san-lazaro-de-1650-a-1660\/"]}]},{"@type":"ImageObject","inLanguage":"es","@id":"https:\/\/vincentians.com\/es\/vicente-de-paul-temas-tratados-en-las-conferencias-de-san-lazaro-de-1650-a-1660\/#primaryimage","url":"https:\/\/i0.wp.com\/vincentians.com\/es\/wp-content\/uploads\/sites\/11\/2016\/07\/escritos-vicente-de-paul.jpg?fit=1200%2C630&ssl=1","contentUrl":"https:\/\/i0.wp.com\/vincentians.com\/es\/wp-content\/uploads\/sites\/11\/2016\/07\/escritos-vicente-de-paul.jpg?fit=1200%2C630&ssl=1","width":1200,"height":630},{"@type":"BreadcrumbList","@id":"https:\/\/vincentians.com\/es\/vicente-de-paul-temas-tratados-en-las-conferencias-de-san-lazaro-de-1650-a-1660\/#breadcrumb","itemListElement":[{"@type":"ListItem","position":1,"name":"Portada","item":"http:\/\/vincentians.com\/es\/"},{"@type":"ListItem","position":2,"name":"Vicente de Pa\u00fal, Temas Tratados En Las Conferencias De San Lazaro De 1650 A 1660"}]},{"@type":"WebSite","@id":"http:\/\/vincentians.com\/es\/#website","url":"http:\/\/vincentians.com\/es\/","name":"Somos Vicencianos","description":"Know more to serve more","publisher":{"@id":"http:\/\/vincentians.com\/es\/#organization"},"potentialAction":[{"@type":"SearchAction","target":{"@type":"EntryPoint","urlTemplate":"http:\/\/vincentians.com\/es\/?s={search_term_string}"},"query-input":{"@type":"PropertyValueSpecification","valueRequired":true,"valueName":"search_term_string"}}],"inLanguage":"es"},{"@type":"Organization","@id":"http:\/\/vincentians.com\/es\/#organization","name":"The Vincentian Network","url":"http:\/\/vincentians.com\/es\/","logo":{"@type":"ImageObject","inLanguage":"es","@id":"http:\/\/vincentians.com\/es\/#\/schema\/logo\/image\/","url":"https:\/\/i1.wp.com\/vincentians.com\/es\/wp-content\/uploads\/sites\/11\/2016\/06\/Vincentian-Network-logo-big.png?fit=778%2C778","contentUrl":"https:\/\/i1.wp.com\/vincentians.com\/es\/wp-content\/uploads\/sites\/11\/2016\/06\/Vincentian-Network-logo-big.png?fit=778%2C778","width":778,"height":778,"caption":"The Vincentian Network"},"image":{"@id":"http:\/\/vincentians.com\/es\/#\/schema\/logo\/image\/"},"sameAs":["https:\/\/www.facebook.com\/WeAreVincentians\/","https:\/\/x.com\/WeVincentians"]},{"@type":"Person","@id":"http:\/\/vincentians.com\/es\/#\/schema\/person\/9623ef4d9aa3b2dfb8c061f1499288f2","name":"Francisco Javier Fern\u00e1ndez Chento","image":{"@type":"ImageObject","inLanguage":"es","@id":"http:\/\/vincentians.com\/es\/#\/schema\/person\/image\/","url":"https:\/\/secure.gravatar.com\/avatar\/497d5cde87b4c3d097d0315953521681ba2cd523ee66e5077c3711f7021e65de?s=96&d=mm&r=g","contentUrl":"https:\/\/secure.gravatar.com\/avatar\/497d5cde87b4c3d097d0315953521681ba2cd523ee66e5077c3711f7021e65de?s=96&d=mm&r=g","caption":"Francisco Javier Fern\u00e1ndez Chento"},"description":"Director General y cofundador de La Red de Formaci\u00f3n Vicenciana. Javier es laico vicenciano, afiliado a la Congregaci\u00f3n de la Misi\u00f3n y miembro del Equipo de Misiones Populares de la provincia can\u00f3nica de Zaragoza (Espa\u00f1a) de la Congregaci\u00f3n de la Misi\u00f3n. Graduado en la Universidad Oberta de Catalunya con cuatro grados (Asistente de direcci\u00f3n, Gesti\u00f3n Administrativa, Recursos Humanos y Contabilidad Avanzada). Bil\u00edng\u00fce Espa\u00f1ol\/Ingl\u00e9s. gestiona y mantiene varias p\u00e1ginas web cristianas y vicencianas, incluida including La Red de Formaci\u00f3n Vicenciana, de la que es cofundador. Actualmente es responsable del \u00e1rea de Espa\u00f1ol de .famvin, la Red de Noticias de la Familia Vicenciana. Tambi\u00e9n es m\u00fasico cat\u00f3lico y ha editado varios discos. Es Director General y cofundador de Trovador, una reconocida compa\u00f1\u00eda discogr\u00e1fica critiana de Espa\u00f1a. Trabaja en las Tecnolog\u00edas de la Informaci\u00f3n, ofreciendo servicios de alojamiento, dise\u00f1o y mantenimiento Web, as\u00ed como asesoramiento, formaci\u00f3n y soluciones inform\u00e1ticas, gesti\u00f3n documental y digitalizaci\u00f3n de textos, edici\u00f3n y maquetaci\u00f3n de libros, revistas, flyers, etc.","sameAs":["http:\/\/chento.org","https:\/\/www.facebook.com\/JavierChento","https:\/\/x.com\/https:\/\/twitter.com\/javierchento"],"url":"https:\/\/vincentians.com\/es\/author\/chento\/"}]}},"jetpack_publicize_connections":[],"jetpack_featured_media_url":"https:\/\/i0.wp.com\/vincentians.com\/es\/wp-content\/uploads\/sites\/11\/2016\/07\/escritos-vicente-de-paul.jpg?fit=1200%2C630&ssl=1","jetpack_sharing_enabled":true,"jetpack_shortlink":"https:\/\/wp.me\/p7ETMF-3k3","jetpack-related-posts":[{"id":24750,"url":"https:\/\/vincentians.com\/es\/tal-dia-como-hoy-30-de-septiembre\/","url_meta":{"origin":12775,"position":0},"title":"Tal d\u00eda como hoy: 30 de septiembre","author":"Francisco Javier Fern\u00e1ndez Chento","date":"30\/09\/2016","format":false,"excerpt":"1650. Conferencia de Vicente de Pa\u00fal en San L\u00e1zaro sobre la necesidad de aceptar que nuestros defectos sean manifestados a los superiores, en la que se trata de los motivos para ello, c\u00f3mo se debe entender esta regla y las faltas que se pueden cometer contra ella y, finalmente, los\u2026","rel":"","context":"En \u00abEfem\u00e9rides Vicencianas\u00bb","block_context":{"text":"Efem\u00e9rides Vicencianas","link":"https:\/\/vincentians.com\/es\/category\/historia-de-la-familia-vicenciana\/efemerides-vicencianas\/"},"img":{"alt_text":"","src":"https:\/\/i0.wp.com\/vincentians.com\/es\/wp-content\/uploads\/sites\/11\/2016\/07\/ephemerides-fb.jpg?fit=1200%2C630&ssl=1&resize=350%2C200","width":350,"height":200,"srcset":"https:\/\/i0.wp.com\/vincentians.com\/es\/wp-content\/uploads\/sites\/11\/2016\/07\/ephemerides-fb.jpg?fit=1200%2C630&ssl=1&resize=350%2C200 1x, https:\/\/i0.wp.com\/vincentians.com\/es\/wp-content\/uploads\/sites\/11\/2016\/07\/ephemerides-fb.jpg?fit=1200%2C630&ssl=1&resize=525%2C300 1.5x, https:\/\/i0.wp.com\/vincentians.com\/es\/wp-content\/uploads\/sites\/11\/2016\/07\/ephemerides-fb.jpg?fit=1200%2C630&ssl=1&resize=700%2C400 2x, https:\/\/i0.wp.com\/vincentians.com\/es\/wp-content\/uploads\/sites\/11\/2016\/07\/ephemerides-fb.jpg?fit=1200%2C630&ssl=1&resize=1050%2C600 3x"},"classes":[]},{"id":24743,"url":"https:\/\/vincentians.com\/es\/tal-dia-como-hoy-23-de-septiembre\/","url_meta":{"origin":12775,"position":1},"title":"Tal d\u00eda como hoy: 23 de septiembre","author":"Francisco Javier Fern\u00e1ndez Chento","date":"23\/09\/2016","format":false,"excerpt":"1600. En Ch\u00e2teau-l'\u00c9v\u00eaque, el Obispo de Perigeaux, Francisco de Bourdeilles, ordena sacerdote a Vicente de Pa\u00fal. Lo hace en la capilla del castillo de San Juli\u00e1n, residencia de descanso del Obispo, que posteriormente pasar\u00e1 a llamarse Ch\u00e2teau-Vincent. Una ley eclesi\u00e1stica, aceptada por el Parlamento en Blois en 1579, fijaba la\u2026","rel":"","context":"En \u00abEfem\u00e9rides Vicencianas\u00bb","block_context":{"text":"Efem\u00e9rides Vicencianas","link":"https:\/\/vincentians.com\/es\/category\/historia-de-la-familia-vicenciana\/efemerides-vicencianas\/"},"img":{"alt_text":"","src":"https:\/\/i0.wp.com\/vincentians.com\/es\/wp-content\/uploads\/sites\/11\/2016\/07\/ephemerides-fb.jpg?fit=1200%2C630&ssl=1&resize=350%2C200","width":350,"height":200,"srcset":"https:\/\/i0.wp.com\/vincentians.com\/es\/wp-content\/uploads\/sites\/11\/2016\/07\/ephemerides-fb.jpg?fit=1200%2C630&ssl=1&resize=350%2C200 1x, https:\/\/i0.wp.com\/vincentians.com\/es\/wp-content\/uploads\/sites\/11\/2016\/07\/ephemerides-fb.jpg?fit=1200%2C630&ssl=1&resize=525%2C300 1.5x, https:\/\/i0.wp.com\/vincentians.com\/es\/wp-content\/uploads\/sites\/11\/2016\/07\/ephemerides-fb.jpg?fit=1200%2C630&ssl=1&resize=700%2C400 2x, https:\/\/i0.wp.com\/vincentians.com\/es\/wp-content\/uploads\/sites\/11\/2016\/07\/ephemerides-fb.jpg?fit=1200%2C630&ssl=1&resize=1050%2C600 3x"},"classes":[]},{"id":142638,"url":"https:\/\/vincentians.com\/es\/vicente-de-paul-carta-1310-a-esteban-blatiron-superior-de-genova\/","url_meta":{"origin":12775,"position":2},"title":"Vicente de Pa\u00fal, Carta 1310: A Esteban Blatiron, Superior De G\u00e9nova","author":"Francisco Javier Fern\u00e1ndez Chento","date":"08\/04\/2015","format":false,"excerpt":"2 de septiembre de 1650 Temo que, si empieza usted a presentar cuentas, se seguir\u00e1 haciendo as\u00ed y que luego el se\u00f1or cardenal y el arzobispo que le suceda, al ver que as\u00ed lo ha hecho, le obligue a continuar; y es eso precisamente lo que hay que evitar por\u2026","rel":"","context":"En \u00abEscritos de Vicente de Pa\u00fal\u00bb","block_context":{"text":"Escritos de Vicente de Pa\u00fal","link":"https:\/\/vincentians.com\/es\/category\/escritos\/escritos-de-vicente-de-paul\/"},"img":{"alt_text":"","src":"https:\/\/i0.wp.com\/vincentians.com\/es\/wp-content\/uploads\/sites\/11\/2016\/07\/escritos-vicente-de-paul.jpg?fit=1200%2C630&ssl=1&resize=350%2C200","width":350,"height":200,"srcset":"https:\/\/i0.wp.com\/vincentians.com\/es\/wp-content\/uploads\/sites\/11\/2016\/07\/escritos-vicente-de-paul.jpg?fit=1200%2C630&ssl=1&resize=350%2C200 1x, https:\/\/i0.wp.com\/vincentians.com\/es\/wp-content\/uploads\/sites\/11\/2016\/07\/escritos-vicente-de-paul.jpg?fit=1200%2C630&ssl=1&resize=525%2C300 1.5x, https:\/\/i0.wp.com\/vincentians.com\/es\/wp-content\/uploads\/sites\/11\/2016\/07\/escritos-vicente-de-paul.jpg?fit=1200%2C630&ssl=1&resize=700%2C400 2x, https:\/\/i0.wp.com\/vincentians.com\/es\/wp-content\/uploads\/sites\/11\/2016\/07\/escritos-vicente-de-paul.jpg?fit=1200%2C630&ssl=1&resize=1050%2C600 3x"},"classes":[]},{"id":135243,"url":"https:\/\/vincentians.com\/es\/vicente-de-paul-carta-1245-a-un-sacerdote-de-la-mision-de-la-casa-de-saintes\/","url_meta":{"origin":12775,"position":3},"title":"Vicente de Pa\u00fal, Carta 1245: A Un Sacerdote De La Misi\u00f3n De La Casa De Saintes","author":"Francisco Javier Fern\u00e1ndez Chento","date":"10\/01\/2015","format":false,"excerpt":"20 febrero 1650. No puedo menos de testimoniarle mi alegr\u00eda al verle casi siempre dedicado a la salvaci\u00f3n de las almas y que la suya avanza de este modo en el amor de Dios. Ruego a su infinita bondad que bendiga sus trabajos y le doy gracias por todo lo\u2026","rel":"","context":"En \u00abEscritos de Vicente de Pa\u00fal\u00bb","block_context":{"text":"Escritos de Vicente de Pa\u00fal","link":"https:\/\/vincentians.com\/es\/category\/escritos\/escritos-de-vicente-de-paul\/"},"img":{"alt_text":"","src":"https:\/\/i0.wp.com\/vincentians.com\/es\/wp-content\/uploads\/sites\/11\/2016\/07\/escritos-vicente-de-paul.jpg?fit=1200%2C630&ssl=1&resize=350%2C200","width":350,"height":200,"srcset":"https:\/\/i0.wp.com\/vincentians.com\/es\/wp-content\/uploads\/sites\/11\/2016\/07\/escritos-vicente-de-paul.jpg?fit=1200%2C630&ssl=1&resize=350%2C200 1x, https:\/\/i0.wp.com\/vincentians.com\/es\/wp-content\/uploads\/sites\/11\/2016\/07\/escritos-vicente-de-paul.jpg?fit=1200%2C630&ssl=1&resize=525%2C300 1.5x, https:\/\/i0.wp.com\/vincentians.com\/es\/wp-content\/uploads\/sites\/11\/2016\/07\/escritos-vicente-de-paul.jpg?fit=1200%2C630&ssl=1&resize=700%2C400 2x, https:\/\/i0.wp.com\/vincentians.com\/es\/wp-content\/uploads\/sites\/11\/2016\/07\/escritos-vicente-de-paul.jpg?fit=1200%2C630&ssl=1&resize=1050%2C600 3x"},"classes":[]},{"id":136753,"url":"https:\/\/vincentians.com\/es\/vicente-de-paul-carta-1265-a-luis-thibault-superior-de-saint-meen\/","url_meta":{"origin":12775,"position":4},"title":"Vicente de Pa\u00fal, Carta 1265: A Luis Thibault, Superior De Saint-Meen","author":"Francisco Javier Fern\u00e1ndez Chento","date":"31\/01\/2015","format":false,"excerpt":"12 abril 1650 He recibido dos cartas de su padre, por las que me he enterado de dos cosas: una, que Dios ha dispuesto de su hermana menor, lo cual ser\u00eda para usted un motivo de dolor, si no hubiera aprendido a conformarse con la voluntad divina y no estuviese\u2026","rel":"","context":"En \u00abEscritos de Vicente de Pa\u00fal\u00bb","block_context":{"text":"Escritos de Vicente de Pa\u00fal","link":"https:\/\/vincentians.com\/es\/category\/escritos\/escritos-de-vicente-de-paul\/"},"img":{"alt_text":"","src":"https:\/\/i0.wp.com\/vincentians.com\/es\/wp-content\/uploads\/sites\/11\/2016\/07\/escritos-vicente-de-paul.jpg?fit=1200%2C630&ssl=1&resize=350%2C200","width":350,"height":200,"srcset":"https:\/\/i0.wp.com\/vincentians.com\/es\/wp-content\/uploads\/sites\/11\/2016\/07\/escritos-vicente-de-paul.jpg?fit=1200%2C630&ssl=1&resize=350%2C200 1x, https:\/\/i0.wp.com\/vincentians.com\/es\/wp-content\/uploads\/sites\/11\/2016\/07\/escritos-vicente-de-paul.jpg?fit=1200%2C630&ssl=1&resize=525%2C300 1.5x, https:\/\/i0.wp.com\/vincentians.com\/es\/wp-content\/uploads\/sites\/11\/2016\/07\/escritos-vicente-de-paul.jpg?fit=1200%2C630&ssl=1&resize=700%2C400 2x, https:\/\/i0.wp.com\/vincentians.com\/es\/wp-content\/uploads\/sites\/11\/2016\/07\/escritos-vicente-de-paul.jpg?fit=1200%2C630&ssl=1&resize=1050%2C600 3x"},"classes":[]},{"id":137541,"url":"https:\/\/vincentians.com\/es\/vicente-de-paul-carta-1276-a-un-sacerdote-de-la-mision\/","url_meta":{"origin":12775,"position":5},"title":"Vicente de Pa\u00fal, Carta 1276: A Un Sacerdote De La Misi\u00f3n","author":"Francisco Javier Fern\u00e1ndez Chento","date":"11\/02\/2015","format":false,"excerpt":"[1650] El padre Hurtel se nos march\u00f3 el domingo por la tarde, para ir a la eternidad bienaventurada, dej\u00e1ndonos con su muerte tan grande aflicci\u00f3n como consuelo nos dio su vida inocente. Fue una persona tan buena que puedo asegurarle que nunca descubr\u00ed en \u00e9l ning\u00fan defecto. De ah\u00ed puede\u2026","rel":"","context":"En \u00abEscritos de Vicente de Pa\u00fal\u00bb","block_context":{"text":"Escritos de Vicente de Pa\u00fal","link":"https:\/\/vincentians.com\/es\/category\/escritos\/escritos-de-vicente-de-paul\/"},"img":{"alt_text":"","src":"https:\/\/i0.wp.com\/vincentians.com\/es\/wp-content\/uploads\/sites\/11\/2016\/07\/escritos-vicente-de-paul.jpg?fit=1200%2C630&ssl=1&resize=350%2C200","width":350,"height":200,"srcset":"https:\/\/i0.wp.com\/vincentians.com\/es\/wp-content\/uploads\/sites\/11\/2016\/07\/escritos-vicente-de-paul.jpg?fit=1200%2C630&ssl=1&resize=350%2C200 1x, https:\/\/i0.wp.com\/vincentians.com\/es\/wp-content\/uploads\/sites\/11\/2016\/07\/escritos-vicente-de-paul.jpg?fit=1200%2C630&ssl=1&resize=525%2C300 1.5x, https:\/\/i0.wp.com\/vincentians.com\/es\/wp-content\/uploads\/sites\/11\/2016\/07\/escritos-vicente-de-paul.jpg?fit=1200%2C630&ssl=1&resize=700%2C400 2x, https:\/\/i0.wp.com\/vincentians.com\/es\/wp-content\/uploads\/sites\/11\/2016\/07\/escritos-vicente-de-paul.jpg?fit=1200%2C630&ssl=1&resize=1050%2C600 3x"},"classes":[]}],"_links":{"self":[{"href":"https:\/\/vincentians.com\/es\/wp-json\/wp\/v2\/posts\/12775","targetHints":{"allow":["GET"]}}],"collection":[{"href":"https:\/\/vincentians.com\/es\/wp-json\/wp\/v2\/posts"}],"about":[{"href":"https:\/\/vincentians.com\/es\/wp-json\/wp\/v2\/types\/post"}],"author":[{"embeddable":true,"href":"https:\/\/vincentians.com\/es\/wp-json\/wp\/v2\/users\/4"}],"replies":[{"embeddable":true,"href":"https:\/\/vincentians.com\/es\/wp-json\/wp\/v2\/comments?post=12775"}],"version-history":[{"count":0,"href":"https:\/\/vincentians.com\/es\/wp-json\/wp\/v2\/posts\/12775\/revisions"}],"wp:featuredmedia":[{"embeddable":true,"href":"https:\/\/vincentians.com\/es\/wp-json\/wp\/v2\/media\/393753"}],"wp:attachment":[{"href":"https:\/\/vincentians.com\/es\/wp-json\/wp\/v2\/media?parent=12775"}],"wp:term":[{"taxonomy":"category","embeddable":true,"href":"https:\/\/vincentians.com\/es\/wp-json\/wp\/v2\/categories?post=12775"},{"taxonomy":"post_tag","embeddable":true,"href":"https:\/\/vincentians.com\/es\/wp-json\/wp\/v2\/tags?post=12775"}],"curies":[{"name":"wp","href":"https:\/\/api.w.org\/{rel}","templated":true}]}}