{"id":127630,"date":"2024-02-15T08:30:50","date_gmt":"2024-02-15T07:30:50","guid":{"rendered":"http:\/\/somos.vicencianos.org\/?p=127630"},"modified":"2023-08-19T23:24:19","modified_gmt":"2023-08-19T21:24:19","slug":"los-12-puntos-del-cambio-sistemico","status":"publish","type":"post","link":"https:\/\/vincentians.com\/es\/los-12-puntos-del-cambio-sistemico\/","title":{"rendered":"Los 12 puntos del cambio sist\u00e9mico"},"content":{"rendered":"<p>En un art\u00edculo que originalmente se public\u00f3 en 1997: <a href=\"http:\/\/www.sustainabilityinstitute.org\/pubs\/Leverage_Points.pdf\"><i>Leverage Points: Places to intervene in a system<\/i> <\/a>,<a href=\"http:\/\/es.wikipedia.org\/wiki\/Donella_Meadows\"> <i>Donatella Meadows (1941 \u2013 2001)<\/i><\/a>, coautora del famoso estudio del Club de Roma: <a href=\"http:\/\/es.wikipedia.org\/wiki\/Los_l%C3%ADmites_del_crecimiento\">Los l\u00edmites del crecimiento<\/a>, presenta una interesante lista de 12 aspectos o puntos a partir de los cuales se puede apalancar o promover el cambio en un sistema. Aprovechando su experiencia como analista de sistemas y precursora del pensamiento sist\u00e9mico Donatella Meadows propone este conjunto de elementos sobre los cuales intervenir en cualquier sistema si se quisiera promover su cambio. Fue hace un tiempo que gracias a Martin Mendez encontr\u00e9 en la wikipedia un resumen de los mismos por lo que me pareci\u00f3 m\u00e1s que interesante traducirlos.<\/p>\n<p>En primer lugar, ella considera que existe en todo sistema, se trate este de una organizaci\u00f3n, una ciudad, un ecosistema, un mercado, etc, existen puntos o lugares desde los cuales un peque\u00f1o cambio, puede dar lugar a una transformaci\u00f3n agregada sobre toda la composici\u00f3n del sistema. Es por eso que es importante tener conocimiento de estos puntos, los cuales intenta clasificar encontrando 12 puntos de relevancia.<\/p>\n<p>Para ella un sistema es un \u00abconstructo\u00bb que se encuentra en un cierto \u00abestado\u00bb, posee un \u00abobjetivo\u00bb a cumplir que ser\u00eda un \u00abestado\u00bb a alcanzar, contiene un \u00abstock\u00bb (o como le gusta a los espa\u00f1oles: un \u00abaservo\u00bb) y posee \u00abflujos\u00bb (de entrada y salida) en su intercambio con un \u00abentorno\u00bb.<\/p>\n<p>A partir de all\u00ed define los puntos desde los cuales se puede intervenir para gestar el cambio, los cuales presento a continuaci\u00f3n en orden decreciente en efectividad:<\/p>\n<p>12. <b>Modificar las constantes, par\u00e1metros, n\u00fameros<\/b> (tales como subsidios, impuestos, est\u00e1ndares cuantitativos)<br \/>\nSeg\u00fan ella, estos no suelen cambiar los comportamientos, pueden tener efectos de largo plazo limitados o pueden ser dif\u00edciles de modificar.<\/p>\n<p>11. <b>Alterar el tama\u00f1o de los amortiguadores<\/b> (buffers) y otros stocks estabilizadores, en relaci\u00f3n a sus flujos.<br \/>\nLos amortiguadores o buffers tienen la habilidad de estabilizar un sistema cuando el stock disponible es m\u00e1s importante que los flujos de entrada y salida. El inconveniente de estos buffers es que suelen ser entidades f\u00edsicas cuyo tama\u00f1o es dificil de modificar.<\/p>\n<p>10. <b>Cambiar la estructura de los stocks y flujos materiales<\/b> (como pueden ser las redes de transporte o la composici\u00f3n etaria de un colectivo).<br \/>\nLa estructura de un sistema es m\u00e1s que relevante a la hora de evaluar sus efectos operacionales sobre un sistema, aunque puede ser dif\u00edcil, costoso o imposible hacerlo. Con todo, las fluctuaciones, las limitaciones y los cuellos de botella respecto de la estructura son f\u00e1ciles de identificar.<\/p>\n<p>9. <b>Modificar la longitud de los retardos<\/b> (<i>delays<\/i>) en la relaci\u00f3n a las tasas de cambios del sistema.<br \/>\nClaramente, la informaci\u00f3n que se reciben anticipadamente o con demora puede causar sub o sobre reacci\u00f3n y oscilaciones en el comportamiento del sistema considerado.<\/p>\n<p>8. <b>Cambiar la intensidad de los lazos de retroalimentaci\u00f3n negativos, en relaci\u00f3n con los efectos que ellos tratan de corregir.<\/b><br \/>\nLos bucles de retroalimentaci\u00f3n negativos aten\u00faan los procesos, por lo que tienden a promover la estabilidad. Al modificar sus intensidades es posible guiar al sistema a otros niveles de autocorrecci\u00f3n de los stocks y los flujos.<\/p>\n<p>7. <b>Modificar la ganancia de los ciclos de retroalimentaci\u00f3n positiva<\/b>.<br \/>\nEstos lazos de retroalimentaci\u00f3n amplifican la velocidad de los procesos. En muchos casos puede ser mejor atenuar un ciclo de retroalimentaci\u00f3n positiva que amplificar uno de retroalimentaci\u00f3n negativa.<\/p>\n<p><a href=\"https:\/\/i0.wp.com\/vicencianos.org\/wp-content\/2014\/01\/creatividad.jpg\"><img data-recalc-dims=\"1\" loading=\"lazy\" decoding=\"async\" class=\"alignright size-medium wp-image-128159\" src=\"https:\/\/i0.wp.com\/vicencianos.org\/wp-content\/2014\/01\/creatividad-300x300.jpg?resize=300%2C300\" alt=\"creatividad\" width=\"300\" height=\"300\" \/><\/a>6. <b>Operar sobre la estructura de los flujos de informaci\u00f3n, modificando quienes tienen o no acceso a qu\u00e9 tipo de informaci\u00f3n<\/b>.<br \/>\nEsto produce la entrada y salida de nueva informaci\u00f3n promoviendo el ajuste din\u00e1mico del sistema sobre la base del comportamiento de los actores del sistema y su entorno.<\/p>\n<p>5. <b>Regular el sistema<\/b> (con incentivos, premios, castigos y restricciones).<br \/>\nVale la pena prestarle atenci\u00f3n a las reglas y qui\u00e9n las hace\u2026<\/p>\n<p>4. <b>Empoderar para agregar, cambiar, evolucionar y auto-organizar la estructura del sistema.<\/b><br \/>\nLa auto-organizaci\u00f3n es la habilidad que tiene un sistema de cambiarse a s\u00ed mismo mediante la creaci\u00f3n de nuevas estructuras, lazos de retroalimentaci\u00f3n, flujos, reglas, etc.<\/p>\n<p>3. <b>Modificar las metas y objetivos del sistema<\/b>.<br \/>\nEsto cambia todo lo anterior: par\u00e1metros, loops, informaci\u00f3n, reglas, etc.<\/p>\n<p>2. <b>Cambiar de perspectiva o paradigma acerca de las metas, estructuras, reglas, retardos, par\u00e1metros del sistema.<\/b><br \/>\nUn paradigma es un modelo mental que todo el colectivo de actores que conforma un sistema asumen y comparten. Cambiar de paradigma es m\u00e1s que complicado, sin embargo, no hay l\u00edmites cuando ello ocurre. Donatella Meadows indica que los paradigmas pueden cambiar si repetida y consistentemente se observa y hace observar las anomal\u00edas y fallas, especialmente en aquellos que poseen una mente abierta.<\/p>\n<p>1. <b>Empoderar para trascender paradigmas<\/b>.<br \/>\nTranscender paradigmas es ir m\u00e1s all\u00e1 de las suposiciones iniciales. Es entrar en el espacio donde los valores, modelos mentales y prioridades cambian.<\/p>\n","protected":false},"excerpt":{"rendered":"<p>En un art\u00edculo que originalmente se public\u00f3 en 1997: Leverage Points: Places to intervene in a system , Donatella Meadows (1941 \u2013 2001), coautora del famoso estudio del Club de Roma: Los l\u00edmites del crecimiento, &#8230; <a href=\"https:\/\/vincentians.com\/es\/los-12-puntos-del-cambio-sistemico\/\" class=\"more-link\">Read More<\/a><\/p>\n","protected":false},"author":4,"featured_media":400001,"comment_status":"open","ping_status":"open","sticky":false,"template":"","format":"standard","meta":{"jetpack_post_was_ever_published":false,"_jetpack_newsletter_access":"","_jetpack_dont_email_post_to_subs":false,"_jetpack_newsletter_tier_id":0,"_jetpack_memberships_contains_paywalled_content":false,"_jetpack_memberships_contains_paid_content":false,"footnotes":"","jetpack_publicize_message":"","jetpack_publicize_feature_enabled":true,"jetpack_social_post_already_shared":true,"jetpack_social_options":{"image_generator_settings":{"template":"highway","default_image_id":0,"font":"","enabled":false},"version":2}},"categories":[102],"tags":[],"class_list":["post-127630","post","type-post","status-publish","format-standard","has-post-thumbnail","hentry","category-cambio-sistemico"],"yoast_head":"<!-- This site is optimized with the Yoast SEO plugin v26.3 - https:\/\/yoast.com\/wordpress\/plugins\/seo\/ -->\n<title>Los 12 puntos del cambio sist\u00e9mico - Somos Vicencianos<\/title>\n<meta name=\"robots\" content=\"index, follow, max-snippet:-1, max-image-preview:large, max-video-preview:-1\" \/>\n<link rel=\"canonical\" href=\"http:\/\/vincentians.com\/es\/los-12-puntos-del-cambio-sistemico\/\" \/>\n<meta property=\"og:locale\" content=\"es_ES\" \/>\n<meta property=\"og:type\" content=\"article\" \/>\n<meta property=\"og:title\" content=\"Los 12 puntos del cambio sist\u00e9mico - Somos Vicencianos\" \/>\n<meta property=\"og:description\" content=\"En un art\u00edculo que originalmente se public\u00f3 en 1997: Leverage Points: Places to intervene in a system , Donatella Meadows (1941 \u2013 2001), coautora del famoso estudio del Club de Roma: Los l\u00edmites del crecimiento, ... Read More\" \/>\n<meta property=\"og:url\" content=\"http:\/\/vincentians.com\/es\/los-12-puntos-del-cambio-sistemico\/\" \/>\n<meta property=\"og:site_name\" content=\"Somos Vicencianos\" \/>\n<meta property=\"article:publisher\" content=\"https:\/\/www.facebook.com\/WeAreVincentians\/\" \/>\n<meta property=\"article:author\" content=\"https:\/\/www.facebook.com\/JavierChento\" \/>\n<meta property=\"article:published_time\" content=\"2024-02-15T07:30:50+00:00\" \/>\n<meta property=\"og:image\" content=\"https:\/\/i0.wp.com\/vincentians.com\/es\/wp-content\/uploads\/sites\/11\/2016\/09\/revolucion-francesa.jpg?fit=1600%2C840\" \/>\n\t<meta property=\"og:image:width\" content=\"1600\" \/>\n\t<meta property=\"og:image:height\" content=\"840\" \/>\n\t<meta property=\"og:image:type\" content=\"image\/jpeg\" \/>\n<meta name=\"author\" content=\"Francisco Javier Fern\u00e1ndez Chento\" \/>\n<meta name=\"twitter:card\" content=\"summary_large_image\" \/>\n<meta name=\"twitter:creator\" content=\"@https:\/\/twitter.com\/javierchento\" \/>\n<meta name=\"twitter:site\" content=\"@WeVincentians\" \/>\n<meta name=\"twitter:label1\" content=\"Escrito por\" \/>\n\t<meta name=\"twitter:data1\" content=\"Francisco Javier Fern\u00e1ndez Chento\" \/>\n\t<meta name=\"twitter:label2\" content=\"Tiempo de lectura\" \/>\n\t<meta name=\"twitter:data2\" content=\"4 minutos\" \/>\n<script type=\"application\/ld+json\" class=\"yoast-schema-graph\">{\"@context\":\"https:\/\/schema.org\",\"@graph\":[{\"@type\":\"Article\",\"@id\":\"http:\/\/vincentians.com\/es\/los-12-puntos-del-cambio-sistemico\/#article\",\"isPartOf\":{\"@id\":\"http:\/\/vincentians.com\/es\/los-12-puntos-del-cambio-sistemico\/\"},\"author\":{\"name\":\"Francisco Javier Fern\u00e1ndez Chento\",\"@id\":\"http:\/\/vincentians.com\/es\/#\/schema\/person\/9623ef4d9aa3b2dfb8c061f1499288f2\"},\"headline\":\"Los 12 puntos del cambio sist\u00e9mico\",\"datePublished\":\"2024-02-15T07:30:50+00:00\",\"mainEntityOfPage\":{\"@id\":\"http:\/\/vincentians.com\/es\/los-12-puntos-del-cambio-sistemico\/\"},\"wordCount\":834,\"commentCount\":0,\"publisher\":{\"@id\":\"http:\/\/vincentians.com\/es\/#organization\"},\"image\":{\"@id\":\"http:\/\/vincentians.com\/es\/los-12-puntos-del-cambio-sistemico\/#primaryimage\"},\"thumbnailUrl\":\"https:\/\/i0.wp.com\/vincentians.com\/es\/wp-content\/uploads\/sites\/11\/2016\/09\/revolucion-francesa.jpg?fit=1600%2C840&ssl=1\",\"articleSection\":[\"Cambio sist\u00e9mico\"],\"inLanguage\":\"es\",\"potentialAction\":[{\"@type\":\"CommentAction\",\"name\":\"Comment\",\"target\":[\"http:\/\/vincentians.com\/es\/los-12-puntos-del-cambio-sistemico\/#respond\"]}]},{\"@type\":\"WebPage\",\"@id\":\"http:\/\/vincentians.com\/es\/los-12-puntos-del-cambio-sistemico\/\",\"url\":\"http:\/\/vincentians.com\/es\/los-12-puntos-del-cambio-sistemico\/\",\"name\":\"Los 12 puntos del cambio sist\u00e9mico - Somos Vicencianos\",\"isPartOf\":{\"@id\":\"http:\/\/vincentians.com\/es\/#website\"},\"primaryImageOfPage\":{\"@id\":\"http:\/\/vincentians.com\/es\/los-12-puntos-del-cambio-sistemico\/#primaryimage\"},\"image\":{\"@id\":\"http:\/\/vincentians.com\/es\/los-12-puntos-del-cambio-sistemico\/#primaryimage\"},\"thumbnailUrl\":\"https:\/\/i0.wp.com\/vincentians.com\/es\/wp-content\/uploads\/sites\/11\/2016\/09\/revolucion-francesa.jpg?fit=1600%2C840&ssl=1\",\"datePublished\":\"2024-02-15T07:30:50+00:00\",\"breadcrumb\":{\"@id\":\"http:\/\/vincentians.com\/es\/los-12-puntos-del-cambio-sistemico\/#breadcrumb\"},\"inLanguage\":\"es\",\"potentialAction\":[{\"@type\":\"ReadAction\",\"target\":[\"http:\/\/vincentians.com\/es\/los-12-puntos-del-cambio-sistemico\/\"]}]},{\"@type\":\"ImageObject\",\"inLanguage\":\"es\",\"@id\":\"http:\/\/vincentians.com\/es\/los-12-puntos-del-cambio-sistemico\/#primaryimage\",\"url\":\"https:\/\/i0.wp.com\/vincentians.com\/es\/wp-content\/uploads\/sites\/11\/2016\/09\/revolucion-francesa.jpg?fit=1600%2C840&ssl=1\",\"contentUrl\":\"https:\/\/i0.wp.com\/vincentians.com\/es\/wp-content\/uploads\/sites\/11\/2016\/09\/revolucion-francesa.jpg?fit=1600%2C840&ssl=1\",\"width\":1600,\"height\":840},{\"@type\":\"BreadcrumbList\",\"@id\":\"http:\/\/vincentians.com\/es\/los-12-puntos-del-cambio-sistemico\/#breadcrumb\",\"itemListElement\":[{\"@type\":\"ListItem\",\"position\":1,\"name\":\"Portada\",\"item\":\"http:\/\/vincentians.com\/es\/\"},{\"@type\":\"ListItem\",\"position\":2,\"name\":\"Los 12 puntos del cambio sist\u00e9mico\"}]},{\"@type\":\"WebSite\",\"@id\":\"http:\/\/vincentians.com\/es\/#website\",\"url\":\"http:\/\/vincentians.com\/es\/\",\"name\":\"Somos Vicencianos\",\"description\":\"Know more to serve more\",\"publisher\":{\"@id\":\"http:\/\/vincentians.com\/es\/#organization\"},\"potentialAction\":[{\"@type\":\"SearchAction\",\"target\":{\"@type\":\"EntryPoint\",\"urlTemplate\":\"http:\/\/vincentians.com\/es\/?s={search_term_string}\"},\"query-input\":{\"@type\":\"PropertyValueSpecification\",\"valueRequired\":true,\"valueName\":\"search_term_string\"}}],\"inLanguage\":\"es\"},{\"@type\":\"Organization\",\"@id\":\"http:\/\/vincentians.com\/es\/#organization\",\"name\":\"The Vincentian Network\",\"url\":\"http:\/\/vincentians.com\/es\/\",\"logo\":{\"@type\":\"ImageObject\",\"inLanguage\":\"es\",\"@id\":\"http:\/\/vincentians.com\/es\/#\/schema\/logo\/image\/\",\"url\":\"https:\/\/i1.wp.com\/vincentians.com\/es\/wp-content\/uploads\/sites\/11\/2016\/06\/Vincentian-Network-logo-big.png?fit=778%2C778\",\"contentUrl\":\"https:\/\/i1.wp.com\/vincentians.com\/es\/wp-content\/uploads\/sites\/11\/2016\/06\/Vincentian-Network-logo-big.png?fit=778%2C778\",\"width\":778,\"height\":778,\"caption\":\"The Vincentian Network\"},\"image\":{\"@id\":\"http:\/\/vincentians.com\/es\/#\/schema\/logo\/image\/\"},\"sameAs\":[\"https:\/\/www.facebook.com\/WeAreVincentians\/\",\"https:\/\/x.com\/WeVincentians\"]},{\"@type\":\"Person\",\"@id\":\"http:\/\/vincentians.com\/es\/#\/schema\/person\/9623ef4d9aa3b2dfb8c061f1499288f2\",\"name\":\"Francisco Javier Fern\u00e1ndez Chento\",\"image\":{\"@type\":\"ImageObject\",\"inLanguage\":\"es\",\"@id\":\"http:\/\/vincentians.com\/es\/#\/schema\/person\/image\/\",\"url\":\"https:\/\/secure.gravatar.com\/avatar\/497d5cde87b4c3d097d0315953521681ba2cd523ee66e5077c3711f7021e65de?s=96&d=mm&r=g\",\"contentUrl\":\"https:\/\/secure.gravatar.com\/avatar\/497d5cde87b4c3d097d0315953521681ba2cd523ee66e5077c3711f7021e65de?s=96&d=mm&r=g\",\"caption\":\"Francisco Javier Fern\u00e1ndez Chento\"},\"description\":\"Director General y cofundador de La Red de Formaci\u00f3n Vicenciana. Javier es laico vicenciano, afiliado a la Congregaci\u00f3n de la Misi\u00f3n y miembro del Equipo de Misiones Populares de la provincia can\u00f3nica de Zaragoza (Espa\u00f1a) de la Congregaci\u00f3n de la Misi\u00f3n. Graduado en la Universidad Oberta de Catalunya con cuatro grados (Asistente de direcci\u00f3n, Gesti\u00f3n Administrativa, Recursos Humanos y Contabilidad Avanzada). Bil\u00edng\u00fce Espa\u00f1ol\/Ingl\u00e9s. gestiona y mantiene varias p\u00e1ginas web cristianas y vicencianas, incluida including La Red de Formaci\u00f3n Vicenciana, de la que es cofundador. Actualmente es responsable del \u00e1rea de Espa\u00f1ol de .famvin, la Red de Noticias de la Familia Vicenciana. Tambi\u00e9n es m\u00fasico cat\u00f3lico y ha editado varios discos. Es Director General y cofundador de Trovador, una reconocida compa\u00f1\u00eda discogr\u00e1fica critiana de Espa\u00f1a. Trabaja en las Tecnolog\u00edas de la Informaci\u00f3n, ofreciendo servicios de alojamiento, dise\u00f1o y mantenimiento Web, as\u00ed como asesoramiento, formaci\u00f3n y soluciones inform\u00e1ticas, gesti\u00f3n documental y digitalizaci\u00f3n de textos, edici\u00f3n y maquetaci\u00f3n de libros, revistas, flyers, etc.\",\"sameAs\":[\"http:\/\/chento.org\",\"https:\/\/www.facebook.com\/JavierChento\",\"https:\/\/x.com\/https:\/\/twitter.com\/javierchento\"],\"url\":\"https:\/\/vincentians.com\/es\/author\/chento\/\"}]}<\/script>\n<!-- \/ Yoast SEO plugin. -->","yoast_head_json":{"title":"Los 12 puntos del cambio sist\u00e9mico - Somos Vicencianos","robots":{"index":"index","follow":"follow","max-snippet":"max-snippet:-1","max-image-preview":"max-image-preview:large","max-video-preview":"max-video-preview:-1"},"canonical":"http:\/\/vincentians.com\/es\/los-12-puntos-del-cambio-sistemico\/","og_locale":"es_ES","og_type":"article","og_title":"Los 12 puntos del cambio sist\u00e9mico - Somos Vicencianos","og_description":"En un art\u00edculo que originalmente se public\u00f3 en 1997: Leverage Points: Places to intervene in a system , Donatella Meadows (1941 \u2013 2001), coautora del famoso estudio del Club de Roma: Los l\u00edmites del crecimiento, ... Read More","og_url":"http:\/\/vincentians.com\/es\/los-12-puntos-del-cambio-sistemico\/","og_site_name":"Somos Vicencianos","article_publisher":"https:\/\/www.facebook.com\/WeAreVincentians\/","article_author":"https:\/\/www.facebook.com\/JavierChento","article_published_time":"2024-02-15T07:30:50+00:00","og_image":[{"width":1600,"height":840,"url":"https:\/\/i0.wp.com\/vincentians.com\/es\/wp-content\/uploads\/sites\/11\/2016\/09\/revolucion-francesa.jpg?fit=1600%2C840","type":"image\/jpeg"}],"author":"Francisco Javier Fern\u00e1ndez Chento","twitter_card":"summary_large_image","twitter_creator":"@https:\/\/twitter.com\/javierchento","twitter_site":"@WeVincentians","twitter_misc":{"Escrito por":"Francisco Javier Fern\u00e1ndez Chento","Tiempo de lectura":"4 minutos"},"schema":{"@context":"https:\/\/schema.org","@graph":[{"@type":"Article","@id":"http:\/\/vincentians.com\/es\/los-12-puntos-del-cambio-sistemico\/#article","isPartOf":{"@id":"http:\/\/vincentians.com\/es\/los-12-puntos-del-cambio-sistemico\/"},"author":{"name":"Francisco Javier Fern\u00e1ndez Chento","@id":"http:\/\/vincentians.com\/es\/#\/schema\/person\/9623ef4d9aa3b2dfb8c061f1499288f2"},"headline":"Los 12 puntos del cambio sist\u00e9mico","datePublished":"2024-02-15T07:30:50+00:00","mainEntityOfPage":{"@id":"http:\/\/vincentians.com\/es\/los-12-puntos-del-cambio-sistemico\/"},"wordCount":834,"commentCount":0,"publisher":{"@id":"http:\/\/vincentians.com\/es\/#organization"},"image":{"@id":"http:\/\/vincentians.com\/es\/los-12-puntos-del-cambio-sistemico\/#primaryimage"},"thumbnailUrl":"https:\/\/i0.wp.com\/vincentians.com\/es\/wp-content\/uploads\/sites\/11\/2016\/09\/revolucion-francesa.jpg?fit=1600%2C840&ssl=1","articleSection":["Cambio sist\u00e9mico"],"inLanguage":"es","potentialAction":[{"@type":"CommentAction","name":"Comment","target":["http:\/\/vincentians.com\/es\/los-12-puntos-del-cambio-sistemico\/#respond"]}]},{"@type":"WebPage","@id":"http:\/\/vincentians.com\/es\/los-12-puntos-del-cambio-sistemico\/","url":"http:\/\/vincentians.com\/es\/los-12-puntos-del-cambio-sistemico\/","name":"Los 12 puntos del cambio sist\u00e9mico - Somos Vicencianos","isPartOf":{"@id":"http:\/\/vincentians.com\/es\/#website"},"primaryImageOfPage":{"@id":"http:\/\/vincentians.com\/es\/los-12-puntos-del-cambio-sistemico\/#primaryimage"},"image":{"@id":"http:\/\/vincentians.com\/es\/los-12-puntos-del-cambio-sistemico\/#primaryimage"},"thumbnailUrl":"https:\/\/i0.wp.com\/vincentians.com\/es\/wp-content\/uploads\/sites\/11\/2016\/09\/revolucion-francesa.jpg?fit=1600%2C840&ssl=1","datePublished":"2024-02-15T07:30:50+00:00","breadcrumb":{"@id":"http:\/\/vincentians.com\/es\/los-12-puntos-del-cambio-sistemico\/#breadcrumb"},"inLanguage":"es","potentialAction":[{"@type":"ReadAction","target":["http:\/\/vincentians.com\/es\/los-12-puntos-del-cambio-sistemico\/"]}]},{"@type":"ImageObject","inLanguage":"es","@id":"http:\/\/vincentians.com\/es\/los-12-puntos-del-cambio-sistemico\/#primaryimage","url":"https:\/\/i0.wp.com\/vincentians.com\/es\/wp-content\/uploads\/sites\/11\/2016\/09\/revolucion-francesa.jpg?fit=1600%2C840&ssl=1","contentUrl":"https:\/\/i0.wp.com\/vincentians.com\/es\/wp-content\/uploads\/sites\/11\/2016\/09\/revolucion-francesa.jpg?fit=1600%2C840&ssl=1","width":1600,"height":840},{"@type":"BreadcrumbList","@id":"http:\/\/vincentians.com\/es\/los-12-puntos-del-cambio-sistemico\/#breadcrumb","itemListElement":[{"@type":"ListItem","position":1,"name":"Portada","item":"http:\/\/vincentians.com\/es\/"},{"@type":"ListItem","position":2,"name":"Los 12 puntos del cambio sist\u00e9mico"}]},{"@type":"WebSite","@id":"http:\/\/vincentians.com\/es\/#website","url":"http:\/\/vincentians.com\/es\/","name":"Somos Vicencianos","description":"Know more to serve more","publisher":{"@id":"http:\/\/vincentians.com\/es\/#organization"},"potentialAction":[{"@type":"SearchAction","target":{"@type":"EntryPoint","urlTemplate":"http:\/\/vincentians.com\/es\/?s={search_term_string}"},"query-input":{"@type":"PropertyValueSpecification","valueRequired":true,"valueName":"search_term_string"}}],"inLanguage":"es"},{"@type":"Organization","@id":"http:\/\/vincentians.com\/es\/#organization","name":"The Vincentian Network","url":"http:\/\/vincentians.com\/es\/","logo":{"@type":"ImageObject","inLanguage":"es","@id":"http:\/\/vincentians.com\/es\/#\/schema\/logo\/image\/","url":"https:\/\/i1.wp.com\/vincentians.com\/es\/wp-content\/uploads\/sites\/11\/2016\/06\/Vincentian-Network-logo-big.png?fit=778%2C778","contentUrl":"https:\/\/i1.wp.com\/vincentians.com\/es\/wp-content\/uploads\/sites\/11\/2016\/06\/Vincentian-Network-logo-big.png?fit=778%2C778","width":778,"height":778,"caption":"The Vincentian Network"},"image":{"@id":"http:\/\/vincentians.com\/es\/#\/schema\/logo\/image\/"},"sameAs":["https:\/\/www.facebook.com\/WeAreVincentians\/","https:\/\/x.com\/WeVincentians"]},{"@type":"Person","@id":"http:\/\/vincentians.com\/es\/#\/schema\/person\/9623ef4d9aa3b2dfb8c061f1499288f2","name":"Francisco Javier Fern\u00e1ndez Chento","image":{"@type":"ImageObject","inLanguage":"es","@id":"http:\/\/vincentians.com\/es\/#\/schema\/person\/image\/","url":"https:\/\/secure.gravatar.com\/avatar\/497d5cde87b4c3d097d0315953521681ba2cd523ee66e5077c3711f7021e65de?s=96&d=mm&r=g","contentUrl":"https:\/\/secure.gravatar.com\/avatar\/497d5cde87b4c3d097d0315953521681ba2cd523ee66e5077c3711f7021e65de?s=96&d=mm&r=g","caption":"Francisco Javier Fern\u00e1ndez Chento"},"description":"Director General y cofundador de La Red de Formaci\u00f3n Vicenciana. Javier es laico vicenciano, afiliado a la Congregaci\u00f3n de la Misi\u00f3n y miembro del Equipo de Misiones Populares de la provincia can\u00f3nica de Zaragoza (Espa\u00f1a) de la Congregaci\u00f3n de la Misi\u00f3n. Graduado en la Universidad Oberta de Catalunya con cuatro grados (Asistente de direcci\u00f3n, Gesti\u00f3n Administrativa, Recursos Humanos y Contabilidad Avanzada). Bil\u00edng\u00fce Espa\u00f1ol\/Ingl\u00e9s. gestiona y mantiene varias p\u00e1ginas web cristianas y vicencianas, incluida including La Red de Formaci\u00f3n Vicenciana, de la que es cofundador. Actualmente es responsable del \u00e1rea de Espa\u00f1ol de .famvin, la Red de Noticias de la Familia Vicenciana. Tambi\u00e9n es m\u00fasico cat\u00f3lico y ha editado varios discos. Es Director General y cofundador de Trovador, una reconocida compa\u00f1\u00eda discogr\u00e1fica critiana de Espa\u00f1a. Trabaja en las Tecnolog\u00edas de la Informaci\u00f3n, ofreciendo servicios de alojamiento, dise\u00f1o y mantenimiento Web, as\u00ed como asesoramiento, formaci\u00f3n y soluciones inform\u00e1ticas, gesti\u00f3n documental y digitalizaci\u00f3n de textos, edici\u00f3n y maquetaci\u00f3n de libros, revistas, flyers, etc.","sameAs":["http:\/\/chento.org","https:\/\/www.facebook.com\/JavierChento","https:\/\/x.com\/https:\/\/twitter.com\/javierchento"],"url":"https:\/\/vincentians.com\/es\/author\/chento\/"}]}},"jetpack_publicize_connections":[],"jetpack_featured_media_url":"https:\/\/i0.wp.com\/vincentians.com\/es\/wp-content\/uploads\/sites\/11\/2016\/09\/revolucion-francesa.jpg?fit=1600%2C840&ssl=1","jetpack_sharing_enabled":true,"jetpack_shortlink":"https:\/\/wp.me\/p7ETMF-xcy","jetpack-related-posts":[{"id":145182,"url":"https:\/\/vincentians.com\/es\/cambio-sistemico-un-proceso-para-cambiar-las-situaciones-injustas-que-afectan-a-los-pobres\/","url_meta":{"origin":127630,"position":0},"title":"Cambio Sist\u00e9mico: un proceso para cambiar las situaciones injustas que afectan a los pobres","author":"Francisco Javier Fern\u00e1ndez Chento","date":"15\/05\/2015","format":false,"excerpt":"Qu\u00e9 es y en qu\u00e9 consiste el Cambio Sist\u00e9mico Es un proceso que implica una forma de pensamiento sist\u00e9mico. Este tipo de pensamiento contempla el todo y las partes del todo y la conexi\u00f3n entre las partes y estudia el todo, para lograr entender las partes. As\u00ed mismo, nos ofrece\u2026","rel":"","context":"En \u00abCambio sist\u00e9mico\u00bb","block_context":{"text":"Cambio sist\u00e9mico","link":"https:\/\/vincentians.com\/es\/category\/formacion-vicenciana\/cambio-sistemico\/"},"img":{"alt_text":"cambio sistemico circular","src":"https:\/\/i0.wp.com\/vicencianos.org\/wp-content\/2015\/05\/cambio-sistemico-circular-300x225.jpg?resize=350%2C200","width":350,"height":200},"classes":[]},{"id":126471,"url":"https:\/\/vincentians.com\/es\/aic-contra-las-pobrezas-actuar-juntos-ii\/","url_meta":{"origin":127630,"position":1},"title":"AIC, Contra las pobrezas: \u00a1Actuar juntos! El cambio sist\u00e9mico (II)","author":"Francisco Javier Fern\u00e1ndez Chento","date":"05\/01\/2024","format":false,"excerpt":"2. Actuar Estrategias para un Cambio Sist\u00e9mico Los miembros de la Comisi\u00f3n para el Cambio Sist\u00e9mico iniciaron el proceso de estudio y profundizaci\u00f3n partiendo de historias vividas o conocidas de cerca por cada uno de los miembros de la Comisi\u00f3n. El an\u00e1lisis de dichas historias nos llev\u00f3 a detectar aquellos\u2026","rel":"","context":"En \u00abCambio sist\u00e9mico\u00bb","block_context":{"text":"Cambio sist\u00e9mico","link":"https:\/\/vincentians.com\/es\/category\/formacion-vicenciana\/cambio-sistemico\/"},"img":{"alt_text":"","src":"https:\/\/i0.wp.com\/vincentians.com\/es\/wp-content\/uploads\/sites\/11\/2023\/08\/aa.jpeg?fit=1152%2C648&ssl=1&resize=350%2C200","width":350,"height":200,"srcset":"https:\/\/i0.wp.com\/vincentians.com\/es\/wp-content\/uploads\/sites\/11\/2023\/08\/aa.jpeg?fit=1152%2C648&ssl=1&resize=350%2C200 1x, https:\/\/i0.wp.com\/vincentians.com\/es\/wp-content\/uploads\/sites\/11\/2023\/08\/aa.jpeg?fit=1152%2C648&ssl=1&resize=525%2C300 1.5x, https:\/\/i0.wp.com\/vincentians.com\/es\/wp-content\/uploads\/sites\/11\/2023\/08\/aa.jpeg?fit=1152%2C648&ssl=1&resize=700%2C400 2x, https:\/\/i0.wp.com\/vincentians.com\/es\/wp-content\/uploads\/sites\/11\/2023\/08\/aa.jpeg?fit=1152%2C648&ssl=1&resize=1050%2C600 3x"},"classes":[]},{"id":127015,"url":"https:\/\/vincentians.com\/es\/vias-hacia-el-cambio-sistemico\/","url_meta":{"origin":127630,"position":2},"title":"V\u00edas hacia el cambio sist\u00e9mico","author":"Francisco Javier Fern\u00e1ndez Chento","date":"24\/08\/2019","format":false,"excerpt":"El creciente movimiento global de la innovaci\u00f3n social, que puede ser descrito simplemente como \"nuevas ideas que resuelvan problemas sociales\", est\u00e1 evolucionando a un ritmo inesperado. Somos testigos de un aumento no s\u00f3lo en el n\u00famero de innovaciones sociales sino tambi\u00e9n los tipos de enfoque. Este libro ha sido inspirado\u2026","rel":"","context":"En \u00abCambio sist\u00e9mico\u00bb","block_context":{"text":"Cambio sist\u00e9mico","link":"https:\/\/vincentians.com\/es\/category\/formacion-vicenciana\/cambio-sistemico\/"},"img":{"alt_text":"","src":"https:\/\/i0.wp.com\/vincentians.com\/es\/wp-content\/uploads\/sites\/11\/2016\/10\/chatillon_sur_chalaronne.jpg?fit=1200%2C630&ssl=1&resize=350%2C200","width":350,"height":200,"srcset":"https:\/\/i0.wp.com\/vincentians.com\/es\/wp-content\/uploads\/sites\/11\/2016\/10\/chatillon_sur_chalaronne.jpg?fit=1200%2C630&ssl=1&resize=350%2C200 1x, https:\/\/i0.wp.com\/vincentians.com\/es\/wp-content\/uploads\/sites\/11\/2016\/10\/chatillon_sur_chalaronne.jpg?fit=1200%2C630&ssl=1&resize=525%2C300 1.5x, https:\/\/i0.wp.com\/vincentians.com\/es\/wp-content\/uploads\/sites\/11\/2016\/10\/chatillon_sur_chalaronne.jpg?fit=1200%2C630&ssl=1&resize=700%2C400 2x, https:\/\/i0.wp.com\/vincentians.com\/es\/wp-content\/uploads\/sites\/11\/2016\/10\/chatillon_sur_chalaronne.jpg?fit=1200%2C630&ssl=1&resize=1050%2C600 3x"},"classes":[]},{"id":126473,"url":"https:\/\/vincentians.com\/es\/aic-contra-las-pobrezas-actuar-juntos-iii\/","url_meta":{"origin":127630,"position":3},"title":"AIC, Contra las pobrezas: \u00a1Actuar juntos! El cambio sist\u00e9mico (III)","author":"Francisco Javier Fern\u00e1ndez Chento","date":"07\/01\/2024","format":false,"excerpt":"III. Proyectos \" sist\u00e9micos \" a. A nivel individual: Mar\u00eda Es imprescindible tener en cuenta a la persona humana y respetar sus necesidades, sus aspiraciones y sus valores. Un profundo respeto y el deseo de buscar la promoci\u00f3n y el empoderamiento de las mujeres, llevaron a las participantes en la\u2026","rel":"","context":"En \u00abCambio sist\u00e9mico\u00bb","block_context":{"text":"Cambio sist\u00e9mico","link":"https:\/\/vincentians.com\/es\/category\/formacion-vicenciana\/cambio-sistemico\/"},"img":{"alt_text":"","src":"https:\/\/i0.wp.com\/vincentians.com\/es\/wp-content\/uploads\/sites\/11\/2023\/08\/aa.jpeg?fit=1152%2C648&ssl=1&resize=350%2C200","width":350,"height":200,"srcset":"https:\/\/i0.wp.com\/vincentians.com\/es\/wp-content\/uploads\/sites\/11\/2023\/08\/aa.jpeg?fit=1152%2C648&ssl=1&resize=350%2C200 1x, https:\/\/i0.wp.com\/vincentians.com\/es\/wp-content\/uploads\/sites\/11\/2023\/08\/aa.jpeg?fit=1152%2C648&ssl=1&resize=525%2C300 1.5x, https:\/\/i0.wp.com\/vincentians.com\/es\/wp-content\/uploads\/sites\/11\/2023\/08\/aa.jpeg?fit=1152%2C648&ssl=1&resize=700%2C400 2x, https:\/\/i0.wp.com\/vincentians.com\/es\/wp-content\/uploads\/sites\/11\/2023\/08\/aa.jpeg?fit=1152%2C648&ssl=1&resize=1050%2C600 3x"},"classes":[]},{"id":140312,"url":"https:\/\/vincentians.com\/es\/espiritualidad-y-cambio-sistemico\/","url_meta":{"origin":127630,"position":4},"title":"Espiritualidad y cambio sist\u00e9mico","author":"Francisco Javier Fern\u00e1ndez Chento","date":"21\/02\/2015","format":false,"excerpt":"1.- M\u00e1s que una relaci\u00f3n, quisiera proponerles una breve meditaci\u00f3n... El objetivo de esta meditaci\u00f3n es redescubrir la dimensi\u00f3n espiritual contenida en la metodolog\u00eda del cambio sist\u00e9mico, que no es una estrategia de trabajo, sino una dimen\u00adsi\u00f3n espiritual, un acto de fe, que est\u00e1 en la base, si queremos vivirla\u2026","rel":"","context":"En \u00abCambio sist\u00e9mico\u00bb","block_context":{"text":"Cambio sist\u00e9mico","link":"https:\/\/vincentians.com\/es\/category\/formacion-vicenciana\/cambio-sistemico\/"},"img":{"alt_text":"manzanas_union","src":"https:\/\/i0.wp.com\/vicencianos.org\/wp-content\/2015\/02\/manzanas_union-244x300.jpg?resize=350%2C200","width":350,"height":200},"classes":[]},{"id":126467,"url":"https:\/\/vincentians.com\/es\/aic-contra-las-pobrezas-actuar-juntos-i\/","url_meta":{"origin":127630,"position":5},"title":"AIC, Contra las pobrezas: \u00a1Actuar juntos! El cambio sist\u00e9mico (I)","author":"Francisco Javier Fern\u00e1ndez Chento","date":"03\/01\/2024","format":false,"excerpt":"Introducci\u00f3n Un objetivo com\u00fan: AIC, Contra las pobrezas, Actuar juntos! La AIC es una asociaci\u00f3n din\u00e1mica, que es parte y est\u00e1 compuesta por m\u00faltiples sistemas, que interact\u00faan constantemente, para lograr un objetivo com\u00fan: \"Contra las pobrezas, Actuar juntos\" La situaci\u00f3n actual del mundo, en la que la pobreza aumenta de\u2026","rel":"","context":"En \u00abCambio sist\u00e9mico\u00bb","block_context":{"text":"Cambio sist\u00e9mico","link":"https:\/\/vincentians.com\/es\/category\/formacion-vicenciana\/cambio-sistemico\/"},"img":{"alt_text":"","src":"https:\/\/i0.wp.com\/vincentians.com\/es\/wp-content\/uploads\/sites\/11\/2023\/08\/aa.jpeg?fit=1152%2C648&ssl=1&resize=350%2C200","width":350,"height":200,"srcset":"https:\/\/i0.wp.com\/vincentians.com\/es\/wp-content\/uploads\/sites\/11\/2023\/08\/aa.jpeg?fit=1152%2C648&ssl=1&resize=350%2C200 1x, https:\/\/i0.wp.com\/vincentians.com\/es\/wp-content\/uploads\/sites\/11\/2023\/08\/aa.jpeg?fit=1152%2C648&ssl=1&resize=525%2C300 1.5x, https:\/\/i0.wp.com\/vincentians.com\/es\/wp-content\/uploads\/sites\/11\/2023\/08\/aa.jpeg?fit=1152%2C648&ssl=1&resize=700%2C400 2x, https:\/\/i0.wp.com\/vincentians.com\/es\/wp-content\/uploads\/sites\/11\/2023\/08\/aa.jpeg?fit=1152%2C648&ssl=1&resize=1050%2C600 3x"},"classes":[]}],"_links":{"self":[{"href":"https:\/\/vincentians.com\/es\/wp-json\/wp\/v2\/posts\/127630","targetHints":{"allow":["GET"]}}],"collection":[{"href":"https:\/\/vincentians.com\/es\/wp-json\/wp\/v2\/posts"}],"about":[{"href":"https:\/\/vincentians.com\/es\/wp-json\/wp\/v2\/types\/post"}],"author":[{"embeddable":true,"href":"https:\/\/vincentians.com\/es\/wp-json\/wp\/v2\/users\/4"}],"replies":[{"embeddable":true,"href":"https:\/\/vincentians.com\/es\/wp-json\/wp\/v2\/comments?post=127630"}],"version-history":[{"count":1,"href":"https:\/\/vincentians.com\/es\/wp-json\/wp\/v2\/posts\/127630\/revisions"}],"predecessor-version":[{"id":405400,"href":"https:\/\/vincentians.com\/es\/wp-json\/wp\/v2\/posts\/127630\/revisions\/405400"}],"wp:featuredmedia":[{"embeddable":true,"href":"https:\/\/vincentians.com\/es\/wp-json\/wp\/v2\/media\/400001"}],"wp:attachment":[{"href":"https:\/\/vincentians.com\/es\/wp-json\/wp\/v2\/media?parent=127630"}],"wp:term":[{"taxonomy":"category","embeddable":true,"href":"https:\/\/vincentians.com\/es\/wp-json\/wp\/v2\/categories?post=127630"},{"taxonomy":"post_tag","embeddable":true,"href":"https:\/\/vincentians.com\/es\/wp-json\/wp\/v2\/tags?post=127630"}],"curies":[{"name":"wp","href":"https:\/\/api.w.org\/{rel}","templated":true}]}}