{"id":127447,"date":"2024-06-19T08:38:57","date_gmt":"2024-06-19T06:38:57","guid":{"rendered":"http:\/\/somos.vicencianos.org\/?p=127447"},"modified":"2023-08-20T13:12:07","modified_gmt":"2023-08-20T11:12:07","slug":"la-afliccion-de-los-locos-ii","status":"publish","type":"post","link":"https:\/\/vincentians.com\/es\/la-afliccion-de-los-locos-ii\/","title":{"rendered":"La aflicci\u00f3n de los locos (II)"},"content":{"rendered":"<h2><i>Las hermanas en los manicomios<\/i><\/h2>\n<p>Animadas por el impulso de la fe, las primeras hermanas se entregan a su nuevo campo de acci\u00f3n. Como siempre les esperaban trabajos muy humildes: roper\u00eda, cocina, enferme\u00adr\u00eda. Pero todas sus acciones est\u00e1n impregnadas de esp\u00ed\u00adritu sobrenatural: amor a Dios y al pr\u00f3jimo.<\/p>\n<p>He aqu\u00ed como, poco a poco, el orden se establece. Los se\u00f1ores administradores atestiguan, seg\u00fan Abelly, \u00abque estas buenas hijas hab\u00edan suprimido multitud de des\u00f3rdenes que ofend\u00edan a Dios, arruinaban los bienes de la casa y alteraban a estos pobres locos, por esto estamos muy edificados y sa\u00adtisfechos de su conducta\u00bb.<\/p>\n<p>La casa no se vaciaba, y el mismo san Vicente encontr\u00f3 a veces dificultad para internar a alguien. Por ello expresa su pesadumbre a sor Margarita Ch\u00e9tif, en una carta del 22 de junio de 1658, al no poderle procurar el consuelo de \u00abha\u00adcer que reciban en el manicomio a ese buen hombre, alienado de esp\u00edritu, del que me escrib\u00eds, ya que jam\u00e1s se encuentra plaza vacante, al estar encargadas por otros antes de que est\u00e9n libres\u00bb.<\/p>\n<p>Las hermanas ten\u00edan a veces la alegr\u00eda de ver al propio san Vicente venir en persona ya fuese para visitarlas, ya para ver c\u00f3mo iban los enfermos que hab\u00eda logrado pudieran ser admitidos. En el proceso de beatificaci\u00f3n, una hija de la ca\u00adridad adujo que se acordaba de una dama, en particular,<\/p>\n<p style=\"text-align: justify;padding-left: 30px\"><i>\u00abque hab\u00eda ca\u00eddo en un estado de furia tal que cuatro hom\u00ad<\/i><i>bres deb\u00edan custodiarla, y de una se\u00f1orita afligida por la misma <\/i><i>locura, que hab\u00edan sido instaladas por el siervo de Dios en la casa, en la que una estuvo casi dos meses y la otra seis semanas. La hermana de servicio consider\u00f3 que la curaci\u00f3n de las dos fue una bendici\u00f3n concedida por Dios a los m\u00e9ritos de su ser\u00advidor. La dama hizo una confesi\u00f3n general antes de partir, y despu\u00e9s gobern\u00f3 a su familia con gran prudencia; la se\u00f1orita se hizo religiosa\u00bb<\/i>.<\/p>\n<p>A pesar del trabajo que aumentaba sin cesar, las her\u00admanas ten\u00edan contentos a Luisa y a Vicente por su fidelidad a la oraci\u00f3n durante dos veces al d\u00eda, esa oraci\u00f3n sin la que es imposible que pueda vivir una hija de la caridad&#8230; \u00abCuando todas no tienen tiempo para pararse a ello despu\u00e9s de comer, nosotras hacemos la lectura del punto y despu\u00e9s cada una trata de hacer lo que puede mientras va y viene\u00bb, cuenta una de las hermanas interrogadas en la Conferencia del 17 de noviembre de 1658.<\/p>\n<p>Una memoria de entonces, dice, que en la fundaci\u00f3n eran seis hermanas que, bajo la mirada de Dios, prestaban sus cuidados con alegr\u00eda. Hab\u00eda entonces unos sesenta o setenta locos y la enfermer\u00eda ten\u00eda 18 camas: cuatro de hombres y catorce de mujeres. Muy pronto la enfermer\u00eda creci\u00f3. Para el lector, acostumbrado a leer que en Par\u00eds, antes de 1789, los enfermos se acostaban cuatro o seis en la misma cama, tendr\u00e1 inter\u00e9s recordarle que en el manicomio las enfermer\u00edas ten\u00edan ya ciento cincuenta <i>peque\u00f1as camas <\/i>en esta \u00e9poca.<\/p>\n<p>La fidelidad de las hermanas fue recompensada por la duraci\u00f3n de la obra durante los a\u00f1os de la revoluci\u00f3n: ellas consiguieron no tener que abandonar el establecimiento. Despoj\u00e1ndose solamente de sus vestimentas religiosas, con\u00adtinuaron d\u00e1ndole a los pobres sus cuidados y sus consue\u00adlos.<\/p>\n<h2><i>Solicitud de Luisa<\/i><\/h2>\n<p>Sus sufrimientos personales hab\u00edan hecho meditar a Luisa de una manera muy especial sobre la significaci\u00f3n divina de la enfermedad. Las advertencias que dirig\u00eda a sus hijas que se hallaban junto a los que sufr\u00edan estaban impregnadas sin embargo, no s\u00f3lo de un esp\u00edritu sobrenatural sino de un sen\u00adtido pr\u00e1ctico que a nosotros nos gusta llamar moderno. Una vez m\u00e1s vemos la importancia que da a la limpieza.<\/p>\n<p style=\"text-align: justify;padding-left: 30px\"><i>\u00abNo s\u00e9 si usted tiene la costumbre de lavar las manos de los pobres, <\/i>escribe, a una de las hermanas<i>. Si no lo hace, yo <\/i><i>le ruego que se acostumbre a ello\u00bb<\/i>.<\/p>\n<p>A otra le pregunta si \u00abhay s\u00e1banas en las camas de sus enfermos&#8230;\u00bb y \u00abMas tiene usted limpias?\u00bb. En su propio relato del establecimiento de las hijas de la caridad en el hospital de Nantes, a donde ella las condujo, Luisa constata haber pedido \u00ablo necesario y la limpieza\u00bb para el acomodo de los enfermos. Despu\u00e9s de su muerte, sus hijas contaban que ning\u00fan detalle referente al alivio de los enfermos esca\u00adpaba a su solicitud.<\/p>\n<p>Aunque su correspondencia no proporciona los detalles de la instalaci\u00f3n de las hermanas en el manicomio, es muy probable que \u00e9stos coincidieran con las mismas advertencias que Luisa dio a las primeras enfermeras al servicio de los locos. Lo que es cierto es que ya pensaba en su miseria desde hac\u00eda tiempo: diez a\u00f1os antes, aproximadamente, de haber colocado all\u00ed a sus hijas, se le oye decir que ante la idea incluso de este establecimiento del manicomio, ella lo \u00abde\u00adseaba para ella misma\u00bb.<\/p>\n<p>Si los documentos callan tambi\u00e9n sobre las visitas que hizo a las hermanas que cuidaban a estos pobres afligidos, nosotros sabemos que estaba muy al corriente de todo lo que all\u00ed pasaba. Todos sus esfuerzos tienden a mantener en la casa la paz y la uni\u00f3n necesaria entre todos los que com\u00adparten el servicio.<\/p>\n<p>Tras un malentendido entre el cura de la parroquia, ca\u00adpell\u00e1n del manicomio, y sor Ana Hardemont, superiora de las hermanas, a prop\u00f3sito de los enfermos, \u00e9sta escrib\u00eda a Vicente de Pa\u00fal para pedirle cambio de confesor. El santo le concedi\u00f3 su deseo pero solamente despu\u00e9s de que le presen\u00adtase sus excusas, y que su caridad se esforzase por agradar al capell\u00e1n.<\/p>\n<p>Algunos se\u00f1ores del <i>\u00abBureau\u00bb, <\/i>que se hab\u00edan enterado del asunto, hicieron saber su disgusto, en la reuni\u00f3n siguiente, al capell\u00e1n que cre\u00edan estaba equivocado.<\/p>\n<p>Pero Luisa se interpuso a la acci\u00f3n de los administradores:<\/p>\n<p style=\"text-align: justify;padding-left: 30px\"><i>\u00abEn el nombre de Dios, se\u00f1or, escribe al se\u00f1or B\u00e9guin, <\/i><i>miembro del <\/i>\u00abGrand Bureau des Pauvres\u00bb, <i>yo le suplico <\/i><i>humildemente que impida que esto se haga, debido al respeto <\/i><i>que debemos al car\u00e1cter y a la virtud del se\u00f1or capell\u00e1n, por la que nuestra hermana ha sido tan frecuentemente edificada, <\/i><i>y nos la ha atestiguado tantas veces. Le pido muy humildemente <\/i><i>perd\u00f3n, se\u00f1or, por tomarme esta libertad. Al escribirle, pienso, <\/i><i>usted lo conoce mejor que yo, que todos los se\u00f1ores maestros conocen bien la necesidad que tienen de mantener su autori\u00addad para la gloria de Dios y el bien de las almas que se ha encomendado a su cuidado\u00bb<\/i>.<\/p>\n<p>Luisa conclu\u00eda, afirmando que \u00absi ocurr\u00eda la menor des\u00adgracia a esta persona que nosotros debemos respetar, nos ver\u00edamos obligadas a retirar a nuestras hermanas\u00bb.<\/p>\n<p>Pareci\u00f3 necesario en la pr\u00e1ctica, por otra parte, seg\u00fan el parecer incluso de Vicente de Pa\u00fal, quitar a la superiora. El puesto no era nada f\u00e1cil. Sabemos estos detalles por la in\u00adteresante biograf\u00eda de sor Nicolasa, uno de los pilares de la fundaci\u00f3n.<\/p>\n<h2><i>Una de las primeras hijas de la caridad <\/i><i>en el servicio a los enfermos mentales<\/i><\/h2>\n<p>Ella no lleg\u00f3 all\u00ed, en la flor de la edad, sino al contrario, ya entrada en a\u00f1os, para acabar sus d\u00edas en medio de estos pobres a los que hab\u00eda amado tiernamente.<\/p>\n<p>Hija de Juan Boquet y de Magdalena Lequin, que vi\u00adv\u00edan en la ciudad de Cr\u00e9que, di\u00f3cesis de Lyon, sor Nicolasa fue admitida en la comunidad de las hijas de la caridad por la misma fundadora, el 25 de junio de 1649, e hizo sus pri\u00admeros votos el 17 de septiembre de 1654. Muri\u00f3 al servicio de los pobres locos, en el hospital del manicomio, en Par\u00eds, el 17 de febrero de 1703.<\/p>\n<p>Avanzada en edad cuando fue destinada al servicio de los pobres enajenados, \u00abdesempe\u00f1\u00f3 perfectamente su tra\u00adbajo, seg\u00fan testimonio de la superiora, y con m\u00e1s celo y fervor que el que se pod\u00eda esperar de una persona de su edad\u00bb. Herida muchas veces y fuertemente maltratada, \u00ablejos de mostrar alg\u00fan resentimiento, estaba encantada de recibir sus malos tratos\u00bb y repetidas veces expresaba el deseo de morir prest\u00e1ndoles servicio.<\/p>\n<p style=\"text-align: justify;padding-left: 30px\"><i>\u00abDesde el primer a\u00f1o que estuvo all\u00ed, contin\u00faa el relato, Dios le envi\u00f3 una hermosa ocasi\u00f3n de ejercitar su caridad con un pobre loco que nos trajeron, que ten\u00eda una pierna medio podrida y casi llena de gusanos. Estaba afligido por esta llaga desde hac\u00eda mucho tiempo: hac\u00eda tres a\u00f1os que estaba como pensionista en casa de un particular, donde hab\u00eda sido tratado por cirujanos que le hab\u00edan aplicado todos los remedios imagi\u00adnables, pero sin ning\u00fan efecto, porque se pensaba que su llaga era incurable; y tan pronto como lleg\u00f3, fue visto por el ciru\u00adjano de esta casa, al que muy pronto le repugn\u00f3 curarle, as\u00ed como al estudiante por causa de su gran infecci\u00f3n. Uno tras otro lo abandonaron sin querer volv\u00e9rsele a acercar. Sor Ni\u00adcolasa, al ver esto, se prest\u00f3 ella misma para tratarlo con tanta ternura <\/i>y <i>confianza en Dios, que con peque\u00f1os remedios <\/i><i>comunes e inocentes de los que se sirvi\u00f3, lo cur\u00f3 perfectamente en muy poco tiempo.<\/i><\/p>\n<p style=\"text-align: justify;padding-left: 30px\"><i>Nosotras le hemos visto hacer otras curas semejantes; <\/i><i>porque era siempre ella quien curaba y cuidaba a esta pobre <\/i><i>gente, aunque ya estaba entrada en a\u00f1os. Desde su llegada comenz\u00f3 a velar durante la noche a los enfermos que hab\u00eda a su alrededor, igual que las m\u00e1s j\u00f3venes, e incluso se las com\u00adpon\u00eda para velar con m\u00e1s frecuencia que las otras, para aliviar a sus hermanas compa\u00f1eras. Ella las instru\u00eda, les ense\u00f1aba a sangrar, a curar las llagas, y a preparar los remedios: tra\u00adtaba de ense\u00f1arles todo lo que sab\u00eda a fin de hacerlas capaces de servir bien a los pobres&#8230;\u00bb<\/i>.<\/p>\n<h2><i>\u00bfY despu\u00e9s?<\/i><\/h2>\n<p>\u00bfCu\u00e1ntos centenares de hijas de Luisa de Marillac se han santificado tras \u00e9sta y han santificado tambi\u00e9n a sus pobres enfermos en los cinco continentes? Esto s\u00f3lo lo sabe el Eterno, pero rebuscando al azar encontramos que en el siglo XVII sor Juana L\u00e9v\u00e9que se pas\u00f3 cuarenta y tres a\u00f1os al servicio de los enfermos en el hospicio de San Nicol\u00e1s de Metz. De \u00e9stos, veintid\u00f3s los dedic\u00f3 \u00abal cuidado de los locos en los ca\u00adlabozos, pobres seres cuyo car\u00e1cter ingrato y mala conducta hac\u00edan penoso el cuidarles, y a esto se un\u00eda a veces que te\u00adn\u00edan males repugnantes, como escr\u00f3fulas, epilepsia y otras enfermedades incurables\u00bb.<\/p>\n<p>En el siglo XIX, en Estados Unidos, sor Matilde Coskerey, quien hab\u00eda sido bien instruida en su juventud por la fundadora americana, madre Seton, y por la direcci\u00f3n de monse\u00ad\u00f1or Brut\u00e9 de Remur, se adjudic\u00f3 innumerables m\u00e9ritos al ocuparse de los enajenados. A una hermana joven, poco ex\u00adperimentada, que le confes\u00f3: \u00abSoy joven pero tengo buena voluntad para aprender a cuidar a los locos\u00bb, le sonri\u00f3 ama\u00adblemente y le asegur\u00f3 que era todo lo que hac\u00eda falta tener. Antes de dar un deber que cumplir, ten\u00eda la bondad de expli\u00adcar a la hermana, detalladamente, lo que hac\u00eda falta decir o hacer, y sus advertencias conclu\u00edan ordinariamente como las de Luisa de Marillac dos siglos antes: \u00abObra s\u00f3lo por Dios; acost\u00fambrese a verlo en sus enfermos, y no haga caso a sus preferencias. Siempre que pasaba por las salas, ten\u00eda una buena palabra que decir. \u00abCuidad bien esta tisana, le dice un d\u00eda a la hermana de servicio, acord\u00e1ndoos de que es por Nuestro Se\u00f1or por quien lo hac\u00e9is\u00bb.<\/p>\n<h2><i>En el siglo XX<\/i><\/h2>\n<p>El famoso hospital de locos de Baltimore, en el que sor Matilde prest\u00f3 sus servicios, ha recibido, en 1949, el nombre de <i>Instituto Seton. <\/i>Se inauguraba un curso para la formaci\u00f3n de psiquiatras cat\u00f3licos. La jerarqu\u00eda de Estados Unidos, horrorizada por la filosof\u00eda materialista subyacente en la formaci\u00f3n de los psiquiatras en las escuelas no confesionales, se dirigi\u00f3 a las hijas de la caridad para la fundaci\u00f3n de este centro de estudios psiqui\u00e1tricos. La historia de 1655 se re\u00adpet\u00eda en otro continente, y las palabras de san Vicente per\u00adduran a\u00fan:<\/p>\n<p style=\"text-align: justify;padding-left: 30px\"><i>\u00abLos se\u00f1ores del Grand Bureau han pensado que, para la buena marcha de esa gran casa de los pobres locos, es necesa\u00adria la presencia de las hijas de la caridad\u00bb<\/i>.<\/p>\n<p>La dedicaci\u00f3n a los pobres enajenados contin\u00faa, a la manera de los santos fundadores de la comunidad, en todos los continentes. As\u00ed, una chica que volv\u00eda de Tierra Santa, contaba sus impresiones en 1952:<\/p>\n<p style=\"text-align: justify;padding-left: 30px\"><i>\u00abDespu\u00e9s de los Santos lugares, \u00bfqu\u00e9 he visto que me haya <\/i><i>parecido m\u00e1s hermoso? Pues bien, ha sido la hermana de los <\/i><i>locos en X&#8230;, a\u00fan llora a sus enfermos muertos durante los <\/i><i>bombardeos, como lo har\u00eda una madre con sus hijos\u00bb<\/i>.<\/p>\n<p>Cu\u00e1n profunda y alentadora es la reflexi\u00f3n de una buena hermana que en un lecho de enfermer\u00eda, ofrece sus sufri\u00admientos y sus oraciones por sus compa\u00f1eras y sus enfermos:<\/p>\n<p style=\"text-align: justify;padding-left: 30px\"><i>\u00abEl servicio a los locos, vedlo, es lo m\u00e1s bello que existe, porque nuestros pobres locos son v\u00edctimas: reparan por el orgullo humano, y servirlos, es reparar nosotras tambi\u00e9n\u00bb<\/i>.<\/p>\n<p>Hijas dignas de Luisa de Marillac y de Vicente de Pa\u00fal, pueden repetir con ellos:<\/p>\n<p style=\"text-align: justify;padding-left: 30px\"><i>\u00abBendigamos a Dios y d\u00e9mosle gracias por destinarnos al <\/i><i>cuidado de esta pobre gente, privadas de sentido y de respon\u00adsabilidad sobre su conducta; porque, al servirlos a ellos, nosotros vemos y palpamos cu\u00e1n grandes son las miserias humanas; <\/i>y <i>por este conocimiento nos hallaremos m\u00e1s apropiados para trabajar \u00fatilmente en favor del pr\u00f3jimo, desempe\u00f1aremos nues\u00adtras funciones con tanta m\u00e1s fidelidad cuanto que sabremos mejor por nuestra propia experiencia lo que es sufrir\u00bb<\/i>.<\/p>\n","protected":false},"excerpt":{"rendered":"<p>Las hermanas en los manicomios Animadas por el impulso de la fe, las primeras hermanas se entregan a su nuevo campo de acci\u00f3n. Como siempre les esperaban trabajos muy humildes: roper\u00eda, cocina, enferme\u00adr\u00eda. Pero todas &#8230; <a href=\"https:\/\/vincentians.com\/es\/la-afliccion-de-los-locos-ii\/\" class=\"more-link\">Read More<\/a><\/p>\n","protected":false},"author":4,"featured_media":404129,"comment_status":"open","ping_status":"open","sticky":false,"template":"","format":"standard","meta":{"jetpack_post_was_ever_published":false,"_jetpack_newsletter_access":"","_jetpack_dont_email_post_to_subs":false,"_jetpack_newsletter_tier_id":0,"_jetpack_memberships_contains_paywalled_content":false,"_jetpack_memberships_contains_paid_content":false,"footnotes":"","jetpack_publicize_message":"","jetpack_publicize_feature_enabled":true,"jetpack_social_post_already_shared":true,"jetpack_social_options":{"image_generator_settings":{"template":"highway","default_image_id":0,"font":"","enabled":false},"version":2}},"categories":[28],"tags":[218],"class_list":["post-127447","post","type-post","status-publish","format-standard","has-post-thumbnail","hentry","category-formacion-vicenciana","tag-abelly"],"yoast_head":"<!-- This site is optimized with the Yoast SEO plugin v26.3 - https:\/\/yoast.com\/wordpress\/plugins\/seo\/ -->\n<title>La aflicci\u00f3n de los locos (II) - Somos Vicencianos<\/title>\n<meta name=\"robots\" content=\"index, follow, max-snippet:-1, max-image-preview:large, max-video-preview:-1\" \/>\n<link rel=\"canonical\" href=\"https:\/\/vincentians.com\/es\/la-afliccion-de-los-locos-ii\/\" \/>\n<meta property=\"og:locale\" content=\"es_ES\" \/>\n<meta property=\"og:type\" content=\"article\" \/>\n<meta property=\"og:title\" content=\"La aflicci\u00f3n de los locos (II) - Somos Vicencianos\" \/>\n<meta property=\"og:description\" content=\"Las hermanas en los manicomios Animadas por el impulso de la fe, las primeras hermanas se entregan a su nuevo campo de acci\u00f3n. Como siempre les esperaban trabajos muy humildes: roper\u00eda, cocina, enferme\u00adr\u00eda. Pero todas ... Read More\" \/>\n<meta property=\"og:url\" content=\"https:\/\/vincentians.com\/es\/la-afliccion-de-los-locos-ii\/\" \/>\n<meta property=\"og:site_name\" content=\"Somos Vicencianos\" \/>\n<meta property=\"article:publisher\" content=\"https:\/\/www.facebook.com\/WeAreVincentians\/\" \/>\n<meta property=\"article:author\" content=\"https:\/\/www.facebook.com\/JavierChento\" \/>\n<meta property=\"article:published_time\" content=\"2024-06-19T06:38:57+00:00\" \/>\n<meta property=\"og:image\" content=\"https:\/\/i0.wp.com\/vincentians.com\/es\/wp-content\/uploads\/sites\/11\/2013\/04\/n-1.jpg?fit=823%2C564&ssl=1\" \/>\n\t<meta property=\"og:image:width\" content=\"823\" \/>\n\t<meta property=\"og:image:height\" content=\"564\" \/>\n\t<meta property=\"og:image:type\" content=\"image\/jpeg\" \/>\n<meta name=\"author\" content=\"Francisco Javier Fern\u00e1ndez Chento\" \/>\n<meta name=\"twitter:card\" content=\"summary_large_image\" \/>\n<meta name=\"twitter:creator\" content=\"@https:\/\/twitter.com\/javierchento\" \/>\n<meta name=\"twitter:site\" content=\"@WeVincentians\" \/>\n<meta name=\"twitter:label1\" content=\"Escrito por\" \/>\n\t<meta name=\"twitter:data1\" content=\"Francisco Javier Fern\u00e1ndez Chento\" \/>\n\t<meta name=\"twitter:label2\" content=\"Tiempo de lectura\" \/>\n\t<meta name=\"twitter:data2\" content=\"11 minutos\" \/>\n<script type=\"application\/ld+json\" class=\"yoast-schema-graph\">{\"@context\":\"https:\/\/schema.org\",\"@graph\":[{\"@type\":\"Article\",\"@id\":\"https:\/\/vincentians.com\/es\/la-afliccion-de-los-locos-ii\/#article\",\"isPartOf\":{\"@id\":\"https:\/\/vincentians.com\/es\/la-afliccion-de-los-locos-ii\/\"},\"author\":{\"name\":\"Francisco Javier Fern\u00e1ndez Chento\",\"@id\":\"https:\/\/vincentians.com\/es\/#\/schema\/person\/9623ef4d9aa3b2dfb8c061f1499288f2\"},\"headline\":\"La aflicci\u00f3n de los locos (II)\",\"datePublished\":\"2024-06-19T06:38:57+00:00\",\"mainEntityOfPage\":{\"@id\":\"https:\/\/vincentians.com\/es\/la-afliccion-de-los-locos-ii\/\"},\"wordCount\":2425,\"commentCount\":0,\"publisher\":{\"@id\":\"https:\/\/vincentians.com\/es\/#organization\"},\"image\":{\"@id\":\"https:\/\/vincentians.com\/es\/la-afliccion-de-los-locos-ii\/#primaryimage\"},\"thumbnailUrl\":\"https:\/\/i0.wp.com\/vincentians.com\/es\/wp-content\/uploads\/sites\/11\/2013\/04\/n-1.jpg?fit=823%2C564&ssl=1\",\"keywords\":[\"Abelly\"],\"articleSection\":[\"Formaci\u00f3n Vicenciana\"],\"inLanguage\":\"es\",\"potentialAction\":[{\"@type\":\"CommentAction\",\"name\":\"Comment\",\"target\":[\"https:\/\/vincentians.com\/es\/la-afliccion-de-los-locos-ii\/#respond\"]}]},{\"@type\":\"WebPage\",\"@id\":\"https:\/\/vincentians.com\/es\/la-afliccion-de-los-locos-ii\/\",\"url\":\"https:\/\/vincentians.com\/es\/la-afliccion-de-los-locos-ii\/\",\"name\":\"La aflicci\u00f3n de los locos (II) - Somos Vicencianos\",\"isPartOf\":{\"@id\":\"https:\/\/vincentians.com\/es\/#website\"},\"primaryImageOfPage\":{\"@id\":\"https:\/\/vincentians.com\/es\/la-afliccion-de-los-locos-ii\/#primaryimage\"},\"image\":{\"@id\":\"https:\/\/vincentians.com\/es\/la-afliccion-de-los-locos-ii\/#primaryimage\"},\"thumbnailUrl\":\"https:\/\/i0.wp.com\/vincentians.com\/es\/wp-content\/uploads\/sites\/11\/2013\/04\/n-1.jpg?fit=823%2C564&ssl=1\",\"datePublished\":\"2024-06-19T06:38:57+00:00\",\"breadcrumb\":{\"@id\":\"https:\/\/vincentians.com\/es\/la-afliccion-de-los-locos-ii\/#breadcrumb\"},\"inLanguage\":\"es\",\"potentialAction\":[{\"@type\":\"ReadAction\",\"target\":[\"https:\/\/vincentians.com\/es\/la-afliccion-de-los-locos-ii\/\"]}]},{\"@type\":\"ImageObject\",\"inLanguage\":\"es\",\"@id\":\"https:\/\/vincentians.com\/es\/la-afliccion-de-los-locos-ii\/#primaryimage\",\"url\":\"https:\/\/i0.wp.com\/vincentians.com\/es\/wp-content\/uploads\/sites\/11\/2013\/04\/n-1.jpg?fit=823%2C564&ssl=1\",\"contentUrl\":\"https:\/\/i0.wp.com\/vincentians.com\/es\/wp-content\/uploads\/sites\/11\/2013\/04\/n-1.jpg?fit=823%2C564&ssl=1\",\"width\":823,\"height\":564},{\"@type\":\"BreadcrumbList\",\"@id\":\"https:\/\/vincentians.com\/es\/la-afliccion-de-los-locos-ii\/#breadcrumb\",\"itemListElement\":[{\"@type\":\"ListItem\",\"position\":1,\"name\":\"Portada\",\"item\":\"https:\/\/vincentians.com\/es\/\"},{\"@type\":\"ListItem\",\"position\":2,\"name\":\"La aflicci\u00f3n de los locos (II)\"}]},{\"@type\":\"WebSite\",\"@id\":\"https:\/\/vincentians.com\/es\/#website\",\"url\":\"https:\/\/vincentians.com\/es\/\",\"name\":\"Somos Vicencianos\",\"description\":\"Know more to serve more\",\"publisher\":{\"@id\":\"https:\/\/vincentians.com\/es\/#organization\"},\"potentialAction\":[{\"@type\":\"SearchAction\",\"target\":{\"@type\":\"EntryPoint\",\"urlTemplate\":\"https:\/\/vincentians.com\/es\/?s={search_term_string}\"},\"query-input\":{\"@type\":\"PropertyValueSpecification\",\"valueRequired\":true,\"valueName\":\"search_term_string\"}}],\"inLanguage\":\"es\"},{\"@type\":\"Organization\",\"@id\":\"https:\/\/vincentians.com\/es\/#organization\",\"name\":\"The Vincentian Network\",\"url\":\"https:\/\/vincentians.com\/es\/\",\"logo\":{\"@type\":\"ImageObject\",\"inLanguage\":\"es\",\"@id\":\"https:\/\/vincentians.com\/es\/#\/schema\/logo\/image\/\",\"url\":\"https:\/\/i1.wp.com\/vincentians.com\/es\/wp-content\/uploads\/sites\/11\/2016\/06\/Vincentian-Network-logo-big.png?fit=778%2C778\",\"contentUrl\":\"https:\/\/i1.wp.com\/vincentians.com\/es\/wp-content\/uploads\/sites\/11\/2016\/06\/Vincentian-Network-logo-big.png?fit=778%2C778\",\"width\":778,\"height\":778,\"caption\":\"The Vincentian Network\"},\"image\":{\"@id\":\"https:\/\/vincentians.com\/es\/#\/schema\/logo\/image\/\"},\"sameAs\":[\"https:\/\/www.facebook.com\/WeAreVincentians\/\",\"https:\/\/x.com\/WeVincentians\"]},{\"@type\":\"Person\",\"@id\":\"https:\/\/vincentians.com\/es\/#\/schema\/person\/9623ef4d9aa3b2dfb8c061f1499288f2\",\"name\":\"Francisco Javier Fern\u00e1ndez Chento\",\"image\":{\"@type\":\"ImageObject\",\"inLanguage\":\"es\",\"@id\":\"https:\/\/vincentians.com\/es\/#\/schema\/person\/image\/\",\"url\":\"https:\/\/secure.gravatar.com\/avatar\/497d5cde87b4c3d097d0315953521681ba2cd523ee66e5077c3711f7021e65de?s=96&d=mm&r=g\",\"contentUrl\":\"https:\/\/secure.gravatar.com\/avatar\/497d5cde87b4c3d097d0315953521681ba2cd523ee66e5077c3711f7021e65de?s=96&d=mm&r=g\",\"caption\":\"Francisco Javier Fern\u00e1ndez Chento\"},\"description\":\"Director General y cofundador de La Red de Formaci\u00f3n Vicenciana. Javier es laico vicenciano, afiliado a la Congregaci\u00f3n de la Misi\u00f3n y miembro del Equipo de Misiones Populares de la provincia can\u00f3nica de Zaragoza (Espa\u00f1a) de la Congregaci\u00f3n de la Misi\u00f3n. Graduado en la Universidad Oberta de Catalunya con cuatro grados (Asistente de direcci\u00f3n, Gesti\u00f3n Administrativa, Recursos Humanos y Contabilidad Avanzada). Bil\u00edng\u00fce Espa\u00f1ol\/Ingl\u00e9s. gestiona y mantiene varias p\u00e1ginas web cristianas y vicencianas, incluida including La Red de Formaci\u00f3n Vicenciana, de la que es cofundador. Actualmente es responsable del \u00e1rea de Espa\u00f1ol de .famvin, la Red de Noticias de la Familia Vicenciana. Tambi\u00e9n es m\u00fasico cat\u00f3lico y ha editado varios discos. Es Director General y cofundador de Trovador, una reconocida compa\u00f1\u00eda discogr\u00e1fica critiana de Espa\u00f1a. Trabaja en las Tecnolog\u00edas de la Informaci\u00f3n, ofreciendo servicios de alojamiento, dise\u00f1o y mantenimiento Web, as\u00ed como asesoramiento, formaci\u00f3n y soluciones inform\u00e1ticas, gesti\u00f3n documental y digitalizaci\u00f3n de textos, edici\u00f3n y maquetaci\u00f3n de libros, revistas, flyers, etc.\",\"sameAs\":[\"http:\/\/chento.org\",\"https:\/\/www.facebook.com\/JavierChento\",\"https:\/\/x.com\/https:\/\/twitter.com\/javierchento\"],\"url\":\"https:\/\/vincentians.com\/es\/author\/chento\/\"}]}<\/script>\n<!-- \/ Yoast SEO plugin. -->","yoast_head_json":{"title":"La aflicci\u00f3n de los locos (II) - Somos Vicencianos","robots":{"index":"index","follow":"follow","max-snippet":"max-snippet:-1","max-image-preview":"max-image-preview:large","max-video-preview":"max-video-preview:-1"},"canonical":"https:\/\/vincentians.com\/es\/la-afliccion-de-los-locos-ii\/","og_locale":"es_ES","og_type":"article","og_title":"La aflicci\u00f3n de los locos (II) - Somos Vicencianos","og_description":"Las hermanas en los manicomios Animadas por el impulso de la fe, las primeras hermanas se entregan a su nuevo campo de acci\u00f3n. Como siempre les esperaban trabajos muy humildes: roper\u00eda, cocina, enferme\u00adr\u00eda. Pero todas ... Read More","og_url":"https:\/\/vincentians.com\/es\/la-afliccion-de-los-locos-ii\/","og_site_name":"Somos Vicencianos","article_publisher":"https:\/\/www.facebook.com\/WeAreVincentians\/","article_author":"https:\/\/www.facebook.com\/JavierChento","article_published_time":"2024-06-19T06:38:57+00:00","og_image":[{"width":823,"height":564,"url":"https:\/\/i0.wp.com\/vincentians.com\/es\/wp-content\/uploads\/sites\/11\/2013\/04\/n-1.jpg?fit=823%2C564&ssl=1","type":"image\/jpeg"}],"author":"Francisco Javier Fern\u00e1ndez Chento","twitter_card":"summary_large_image","twitter_creator":"@https:\/\/twitter.com\/javierchento","twitter_site":"@WeVincentians","twitter_misc":{"Escrito por":"Francisco Javier Fern\u00e1ndez Chento","Tiempo de lectura":"11 minutos"},"schema":{"@context":"https:\/\/schema.org","@graph":[{"@type":"Article","@id":"https:\/\/vincentians.com\/es\/la-afliccion-de-los-locos-ii\/#article","isPartOf":{"@id":"https:\/\/vincentians.com\/es\/la-afliccion-de-los-locos-ii\/"},"author":{"name":"Francisco Javier Fern\u00e1ndez Chento","@id":"https:\/\/vincentians.com\/es\/#\/schema\/person\/9623ef4d9aa3b2dfb8c061f1499288f2"},"headline":"La aflicci\u00f3n de los locos (II)","datePublished":"2024-06-19T06:38:57+00:00","mainEntityOfPage":{"@id":"https:\/\/vincentians.com\/es\/la-afliccion-de-los-locos-ii\/"},"wordCount":2425,"commentCount":0,"publisher":{"@id":"https:\/\/vincentians.com\/es\/#organization"},"image":{"@id":"https:\/\/vincentians.com\/es\/la-afliccion-de-los-locos-ii\/#primaryimage"},"thumbnailUrl":"https:\/\/i0.wp.com\/vincentians.com\/es\/wp-content\/uploads\/sites\/11\/2013\/04\/n-1.jpg?fit=823%2C564&ssl=1","keywords":["Abelly"],"articleSection":["Formaci\u00f3n Vicenciana"],"inLanguage":"es","potentialAction":[{"@type":"CommentAction","name":"Comment","target":["https:\/\/vincentians.com\/es\/la-afliccion-de-los-locos-ii\/#respond"]}]},{"@type":"WebPage","@id":"https:\/\/vincentians.com\/es\/la-afliccion-de-los-locos-ii\/","url":"https:\/\/vincentians.com\/es\/la-afliccion-de-los-locos-ii\/","name":"La aflicci\u00f3n de los locos (II) - Somos Vicencianos","isPartOf":{"@id":"https:\/\/vincentians.com\/es\/#website"},"primaryImageOfPage":{"@id":"https:\/\/vincentians.com\/es\/la-afliccion-de-los-locos-ii\/#primaryimage"},"image":{"@id":"https:\/\/vincentians.com\/es\/la-afliccion-de-los-locos-ii\/#primaryimage"},"thumbnailUrl":"https:\/\/i0.wp.com\/vincentians.com\/es\/wp-content\/uploads\/sites\/11\/2013\/04\/n-1.jpg?fit=823%2C564&ssl=1","datePublished":"2024-06-19T06:38:57+00:00","breadcrumb":{"@id":"https:\/\/vincentians.com\/es\/la-afliccion-de-los-locos-ii\/#breadcrumb"},"inLanguage":"es","potentialAction":[{"@type":"ReadAction","target":["https:\/\/vincentians.com\/es\/la-afliccion-de-los-locos-ii\/"]}]},{"@type":"ImageObject","inLanguage":"es","@id":"https:\/\/vincentians.com\/es\/la-afliccion-de-los-locos-ii\/#primaryimage","url":"https:\/\/i0.wp.com\/vincentians.com\/es\/wp-content\/uploads\/sites\/11\/2013\/04\/n-1.jpg?fit=823%2C564&ssl=1","contentUrl":"https:\/\/i0.wp.com\/vincentians.com\/es\/wp-content\/uploads\/sites\/11\/2013\/04\/n-1.jpg?fit=823%2C564&ssl=1","width":823,"height":564},{"@type":"BreadcrumbList","@id":"https:\/\/vincentians.com\/es\/la-afliccion-de-los-locos-ii\/#breadcrumb","itemListElement":[{"@type":"ListItem","position":1,"name":"Portada","item":"https:\/\/vincentians.com\/es\/"},{"@type":"ListItem","position":2,"name":"La aflicci\u00f3n de los locos (II)"}]},{"@type":"WebSite","@id":"https:\/\/vincentians.com\/es\/#website","url":"https:\/\/vincentians.com\/es\/","name":"Somos Vicencianos","description":"Know more to serve more","publisher":{"@id":"https:\/\/vincentians.com\/es\/#organization"},"potentialAction":[{"@type":"SearchAction","target":{"@type":"EntryPoint","urlTemplate":"https:\/\/vincentians.com\/es\/?s={search_term_string}"},"query-input":{"@type":"PropertyValueSpecification","valueRequired":true,"valueName":"search_term_string"}}],"inLanguage":"es"},{"@type":"Organization","@id":"https:\/\/vincentians.com\/es\/#organization","name":"The Vincentian Network","url":"https:\/\/vincentians.com\/es\/","logo":{"@type":"ImageObject","inLanguage":"es","@id":"https:\/\/vincentians.com\/es\/#\/schema\/logo\/image\/","url":"https:\/\/i1.wp.com\/vincentians.com\/es\/wp-content\/uploads\/sites\/11\/2016\/06\/Vincentian-Network-logo-big.png?fit=778%2C778","contentUrl":"https:\/\/i1.wp.com\/vincentians.com\/es\/wp-content\/uploads\/sites\/11\/2016\/06\/Vincentian-Network-logo-big.png?fit=778%2C778","width":778,"height":778,"caption":"The Vincentian Network"},"image":{"@id":"https:\/\/vincentians.com\/es\/#\/schema\/logo\/image\/"},"sameAs":["https:\/\/www.facebook.com\/WeAreVincentians\/","https:\/\/x.com\/WeVincentians"]},{"@type":"Person","@id":"https:\/\/vincentians.com\/es\/#\/schema\/person\/9623ef4d9aa3b2dfb8c061f1499288f2","name":"Francisco Javier Fern\u00e1ndez Chento","image":{"@type":"ImageObject","inLanguage":"es","@id":"https:\/\/vincentians.com\/es\/#\/schema\/person\/image\/","url":"https:\/\/secure.gravatar.com\/avatar\/497d5cde87b4c3d097d0315953521681ba2cd523ee66e5077c3711f7021e65de?s=96&d=mm&r=g","contentUrl":"https:\/\/secure.gravatar.com\/avatar\/497d5cde87b4c3d097d0315953521681ba2cd523ee66e5077c3711f7021e65de?s=96&d=mm&r=g","caption":"Francisco Javier Fern\u00e1ndez Chento"},"description":"Director General y cofundador de La Red de Formaci\u00f3n Vicenciana. Javier es laico vicenciano, afiliado a la Congregaci\u00f3n de la Misi\u00f3n y miembro del Equipo de Misiones Populares de la provincia can\u00f3nica de Zaragoza (Espa\u00f1a) de la Congregaci\u00f3n de la Misi\u00f3n. Graduado en la Universidad Oberta de Catalunya con cuatro grados (Asistente de direcci\u00f3n, Gesti\u00f3n Administrativa, Recursos Humanos y Contabilidad Avanzada). Bil\u00edng\u00fce Espa\u00f1ol\/Ingl\u00e9s. gestiona y mantiene varias p\u00e1ginas web cristianas y vicencianas, incluida including La Red de Formaci\u00f3n Vicenciana, de la que es cofundador. Actualmente es responsable del \u00e1rea de Espa\u00f1ol de .famvin, la Red de Noticias de la Familia Vicenciana. Tambi\u00e9n es m\u00fasico cat\u00f3lico y ha editado varios discos. Es Director General y cofundador de Trovador, una reconocida compa\u00f1\u00eda discogr\u00e1fica critiana de Espa\u00f1a. Trabaja en las Tecnolog\u00edas de la Informaci\u00f3n, ofreciendo servicios de alojamiento, dise\u00f1o y mantenimiento Web, as\u00ed como asesoramiento, formaci\u00f3n y soluciones inform\u00e1ticas, gesti\u00f3n documental y digitalizaci\u00f3n de textos, edici\u00f3n y maquetaci\u00f3n de libros, revistas, flyers, etc.","sameAs":["http:\/\/chento.org","https:\/\/www.facebook.com\/JavierChento","https:\/\/x.com\/https:\/\/twitter.com\/javierchento"],"url":"https:\/\/vincentians.com\/es\/author\/chento\/"}]}},"jetpack_publicize_connections":[],"jetpack_featured_media_url":"https:\/\/i0.wp.com\/vincentians.com\/es\/wp-content\/uploads\/sites\/11\/2013\/04\/n-1.jpg?fit=823%2C564&ssl=1","jetpack_sharing_enabled":true,"jetpack_shortlink":"https:\/\/wp.me\/p7ETMF-x9B","jetpack-related-posts":[{"id":127445,"url":"https:\/\/vincentians.com\/es\/la-afliccion-de-los-locos-i\/","url_meta":{"origin":127447,"position":0},"title":"La aflicci\u00f3n de los locos (I)","author":"Francisco Javier Fern\u00e1ndez Chento","date":"13\/06\/2024","format":false,"excerpt":"\"S\u00ed, hermanas m\u00edas, es Dios mismo quien ha querido servirse de las hijas de la caridad para cuidar a estos pobres enajenados. \u00a1Oh!, vos\u00adotras todas. Pero qu\u00e9 gran favor es para aque\u00adllas que se dedican a ello el tener un medio tan bueno de servir a Dios y a Nuestro\u2026","rel":"","context":"En \u00abFormaci\u00f3n Vicenciana\u00bb","block_context":{"text":"Formaci\u00f3n Vicenciana","link":"https:\/\/vincentians.com\/es\/category\/formacion-vicenciana\/"},"img":{"alt_text":"","src":"https:\/\/i0.wp.com\/vincentians.com\/es\/wp-content\/uploads\/sites\/11\/2013\/04\/n-1.jpg?fit=823%2C564&ssl=1&resize=350%2C200","width":350,"height":200,"srcset":"https:\/\/i0.wp.com\/vincentians.com\/es\/wp-content\/uploads\/sites\/11\/2013\/04\/n-1.jpg?fit=823%2C564&ssl=1&resize=350%2C200 1x, https:\/\/i0.wp.com\/vincentians.com\/es\/wp-content\/uploads\/sites\/11\/2013\/04\/n-1.jpg?fit=823%2C564&ssl=1&resize=525%2C300 1.5x, https:\/\/i0.wp.com\/vincentians.com\/es\/wp-content\/uploads\/sites\/11\/2013\/04\/n-1.jpg?fit=823%2C564&ssl=1&resize=700%2C400 2x"},"classes":[]},{"id":121668,"url":"https:\/\/vincentians.com\/es\/san-vicente-de-paul-y-los-gondi-capitulo-11\/","url_meta":{"origin":127447,"position":1},"title":"San Vicente de Pa\u00fal y los Gondi: Cap\u00edtulo 11","author":"Francisco Javier Fern\u00e1ndez Chento","date":"21\/07\/2024","format":false,"excerpt":"Cap\u00edtulo XI El P. de Gondi en el Oratorio. - Carta in\u00e9dita del cardenal Spada. - Fundaciones hechas en el Oratorio por el P. de Gondi y la Sra. de Maignelais. - El P. de Gondi y los Carmelitas. - El P. de Gondi, Vicente de Pa\u00fal y los Jansenistas.\u2026","rel":"","context":"En \u00abVicente de Pa\u00fal\u00bb","block_context":{"text":"Vicente de Pa\u00fal","link":"https:\/\/vincentians.com\/es\/category\/la-familia-vicenciana\/fundadores\/vicente-de-paul\/"},"img":{"alt_text":"","src":"https:\/\/i0.wp.com\/vincentians.com\/es\/wp-content\/uploads\/sites\/11\/2023\/08\/aaaf.jpg?fit=1200%2C827&ssl=1&resize=350%2C200","width":350,"height":200,"srcset":"https:\/\/i0.wp.com\/vincentians.com\/es\/wp-content\/uploads\/sites\/11\/2023\/08\/aaaf.jpg?fit=1200%2C827&ssl=1&resize=350%2C200 1x, https:\/\/i0.wp.com\/vincentians.com\/es\/wp-content\/uploads\/sites\/11\/2023\/08\/aaaf.jpg?fit=1200%2C827&ssl=1&resize=525%2C300 1.5x, https:\/\/i0.wp.com\/vincentians.com\/es\/wp-content\/uploads\/sites\/11\/2023\/08\/aaaf.jpg?fit=1200%2C827&ssl=1&resize=700%2C400 2x, https:\/\/i0.wp.com\/vincentians.com\/es\/wp-content\/uploads\/sites\/11\/2023\/08\/aaaf.jpg?fit=1200%2C827&ssl=1&resize=1050%2C600 3x"},"classes":[]},{"id":143598,"url":"https:\/\/vincentians.com\/es\/la-experiencia-espiritual-de-san-vicente\/","url_meta":{"origin":127447,"position":2},"title":"La experiencia espiritual de San Vicente","author":"Francisco Javier Fern\u00e1ndez Chento","date":"20\/04\/2015","format":false,"excerpt":"La espiritualidad vicenciana no es de ninguna manera una gram\u00e1tica de santidad para estudiar y aplicar. Es una vida, una experiencia, con la que tenemos que comulgar para favorecer el trabajo de la gracia en una vida humana. Es la experiencia espiritual de Vicente de Pa\u00fal la que vamos a\u2026","rel":"","context":"En \u00abFormaci\u00f3n Vicenciana\u00bb","block_context":{"text":"Formaci\u00f3n Vicenciana","link":"https:\/\/vincentians.com\/es\/category\/formacion-vicenciana\/"},"img":{"alt_text":"san-vicente-de-paul-y-pobres","src":"https:\/\/i0.wp.com\/vicencianos.org\/wp-content\/2015\/02\/san-vicente-de-paul-y-pobres-300x208.jpg?resize=350%2C200","width":350,"height":200},"classes":[]},{"id":101805,"url":"https:\/\/vincentians.com\/es\/vida-del-senor-vicente-de-paul-interludio\/","url_meta":{"origin":127447,"position":3},"title":"Vida del Se\u00f1or Vicente de Pa\u00fal: Interludio","author":"Francisco Javier Fern\u00e1ndez Chento","date":"11\/05\/2015","format":false,"excerpt":"Interludio Mientras hace su d\u00eda de retiro el se\u00f1or Vicente vamos tambi\u00e9n nosotros a hacer un alto de descanso en la narraci\u00f3n de su vida. La na\u00adrraci\u00f3n contin\u00faa en 1634. El lector apresurado puede -saltarse limpiamente este in\u00adterludio y continuar a partir de ese punto. No sufrir\u00e1 mucho con ello\u2026","rel":"","context":"En \u00abVicente de Pa\u00fal\u00bb","block_context":{"text":"Vicente de Pa\u00fal","link":"https:\/\/vincentians.com\/es\/category\/la-familia-vicenciana\/fundadores\/vicente-de-paul\/"},"img":{"alt_text":"sanvibiblia","src":"https:\/\/i0.wp.com\/vicencianos.org\/wp-content\/2012\/08\/sanvibiblia-300x300.png?resize=350%2C200","width":350,"height":200},"classes":[]},{"id":130675,"url":"https:\/\/vincentians.com\/es\/el-cristo-de-vicente-de-paul-i\/","url_meta":{"origin":127447,"position":4},"title":"El Cristo de Vicente de Pa\u00fal (I)","author":"Francisco Javier Fern\u00e1ndez Chento","date":"12\/06\/2014","format":false,"excerpt":"Caminemos con confianza por este camino real en el que Jesucristo ser\u00e1 nuestro mentor y nuestro gu\u00eda. (Abelly, BI, 248). En la producci\u00f3n teol\u00f3gica reciente existe una corriente s\u00f3lida que destaca la importancia de los santos como fuente de teolog\u00eda'. Esta corriente se\u00f1ala con fuerza que los santos liberan a\u2026","rel":"","context":"En \u00abFormaci\u00f3n Vicenciana\u00bb","block_context":{"text":"Formaci\u00f3n Vicenciana","link":"https:\/\/vincentians.com\/es\/category\/formacion-vicenciana\/"},"img":{"alt_text":"dibujo-diaconado","src":"https:\/\/i0.wp.com\/vicencianos.org\/wp-content\/2013\/11\/dibujo-diaconado.jpg?resize=350%2C200","width":350,"height":200},"classes":[]},{"id":119735,"url":"https:\/\/vincentians.com\/es\/san-vicente-y-espana\/","url_meta":{"origin":127447,"position":5},"title":"San Vicente de Pa\u00fal y Espa\u00f1a","author":"Francisco Javier Fern\u00e1ndez Chento","date":"06\/06\/2015","format":false,"excerpt":"Escritos de San Vicente San Vicente ten\u00eda ideas claras sobre Espa\u00f1a, a juzgar por sus escritos: Habla de sus Universidades y colegios, y de la buena salud de la fe cat\u00f3lica en aquel Reino ; en sucesivas ocasiones nos deja ver sus atinados juicios sobre la pol\u00edtica franco-espa\u00f1ola, hace transacciones\u2026","rel":"","context":"En \u00abEn tiempos de Vicente de Pa\u00fal\u00bb","block_context":{"text":"En tiempos de Vicente de Pa\u00fal","link":"https:\/\/vincentians.com\/es\/category\/historia-de-la-familia-vicenciana\/en-tiempos-de-vicente-de-paul\/"},"img":{"alt_text":"sello_4694","src":"https:\/\/i0.wp.com\/vicencianos.org\/wp-content\/2013\/04\/sello_4694-258x300.jpg?resize=350%2C200","width":350,"height":200},"classes":[]}],"_links":{"self":[{"href":"https:\/\/vincentians.com\/es\/wp-json\/wp\/v2\/posts\/127447","targetHints":{"allow":["GET"]}}],"collection":[{"href":"https:\/\/vincentians.com\/es\/wp-json\/wp\/v2\/posts"}],"about":[{"href":"https:\/\/vincentians.com\/es\/wp-json\/wp\/v2\/types\/post"}],"author":[{"embeddable":true,"href":"https:\/\/vincentians.com\/es\/wp-json\/wp\/v2\/users\/4"}],"replies":[{"embeddable":true,"href":"https:\/\/vincentians.com\/es\/wp-json\/wp\/v2\/comments?post=127447"}],"version-history":[{"count":1,"href":"https:\/\/vincentians.com\/es\/wp-json\/wp\/v2\/posts\/127447\/revisions"}],"predecessor-version":[{"id":405432,"href":"https:\/\/vincentians.com\/es\/wp-json\/wp\/v2\/posts\/127447\/revisions\/405432"}],"wp:featuredmedia":[{"embeddable":true,"href":"https:\/\/vincentians.com\/es\/wp-json\/wp\/v2\/media\/404129"}],"wp:attachment":[{"href":"https:\/\/vincentians.com\/es\/wp-json\/wp\/v2\/media?parent=127447"}],"wp:term":[{"taxonomy":"category","embeddable":true,"href":"https:\/\/vincentians.com\/es\/wp-json\/wp\/v2\/categories?post=127447"},{"taxonomy":"post_tag","embeddable":true,"href":"https:\/\/vincentians.com\/es\/wp-json\/wp\/v2\/tags?post=127447"}],"curies":[{"name":"wp","href":"https:\/\/api.w.org\/{rel}","templated":true}]}}