{"id":126688,"date":"2024-02-11T08:17:36","date_gmt":"2024-02-11T07:17:36","guid":{"rendered":"http:\/\/somos.vicencianos.org\/?p=126688"},"modified":"2023-08-19T20:48:00","modified_gmt":"2023-08-19T18:48:00","slug":"al-servicio-de-los-pobres-v","status":"publish","type":"post","link":"https:\/\/vincentians.com\/es\/al-servicio-de-los-pobres-v\/","title":{"rendered":"Al servicio de los pobres (V)"},"content":{"rendered":"<h2><i>Culto al pobre en el que Dios reside<\/i><\/h2>\n<p>En la escuela de servicio de Luisa, el amor a los pobres es una ciencia primordial, ciencia reconocida como tal por los que han visto en ella, en el nombre de Cristo, al ser hu\u00admano entero.<\/p>\n<p>Comunica en primer lugar, a sus hijas, el fuego de su amor personal al pobre que tiene su fuente profunda en el amor a Cristo; de este amor que hace que se mezcle con las humildes j\u00f3venes de pueblo con las que dif\u00edcilmente ha de encontrar puntos de contacto, toma su g\u00e9nero de vida, com\u00adparte su pobreza y sus fatigas; de este amor que, desprendien\u00addo su coraz\u00f3n poco a poco del mundo y de s\u00ed misma, le ha ense\u00f1ado el culto y la comprensi\u00f3n del pobre. Esta es la ad\u00admirable m\u00e1xima del ap\u00f3stol san Pablo, <i>Caritas Christi urget nos (II <\/i>Cor V, 14), que ella ha querido tomar por ejemplo y por regla de toda su vida y de todas sus obras, y que da como divisa a sus hijas. Desde 1644, encontramos sobre las migas de pan y sobre la cera empleadas para cerrar sus car\u00adtas, la huella del sello tradicional de la compa\u00f1\u00eda: un coraz\u00f3n rodeado de llamas ardientes, en cuyo centro se ve la figura de Jesucristo en la cruz y a su alrededor la inscripci\u00f3n: \u00abCa\u00adritas Christi urget nos\u00bb.<\/p>\n<p>Inspirada por su gran caridad, como Bossuet lo estaba por su genio, Luisa expon\u00eda a sus hijas la misma doctrina que el gran orador sobre la eminente dignidad de los pobres. Estos le son presentados como sus se\u00f1ores y due\u00f1os.<\/p>\n<h2><i>Honradez escrupulosa&#8230; con el dinero<\/i><\/h2>\n<p>Sus consejos sobre la necesidad de administrar el bien de los pobres son numerosos.<\/p>\n<p>\u00abEn nombre de Dios, escribe, administre el bien de los po\u00adbres lo mejor que pueda y tenga cuidado de que nuestras her\u00admanas lo hagan con inter\u00e9s. Creo que usted da cuenta de sus ingresos y gastos lo m\u00e1s exactamente que puede\u00bb.<\/p>\n<p>A la sustituta de una hermana del hospital le escribe:<\/p>\n<p>\u00abSabe muy bien el orden que se debe guardar en los hospi\u00adtales, y me ver\u00eda muy confundida si ella hubiera omitido es\u00adcribir los nombres, pa\u00edses, entrada, salida y muerte de los en\u00adfermos, o la exactitud de los ingresos y de los gastos\u00bb.<\/p>\n<p>Aqu\u00ed, como tambi\u00e9n en los avisos de Luisa en que pre\u00adcisa \u00abguarden los vestidos y el dinero si los pobres los tienen, en el lugar destinado para ello, poni\u00e9ndolo todo bajo registro para devolv\u00e9rselo, si se curan\u00bb, se prefigura el vestua\u00adrio y el inventario actual de los hospitales.<\/p>\n<p>Si los consejos se multiplican con respecto a esto, un extracto de sus avisos nos dan la raz\u00f3n del porqu\u00e9.<\/p>\n<p>\u00abComo la mayor parte de las que entran en la compa\u00f1\u00eda, escribe, no est\u00e1n acostumbradas a conversar con las persona<sup>s<\/sup> de condici\u00f3n, ni a manejar dinero ni otras muchas otras cosa<sup>s<\/sup> peque\u00f1as a su disposici\u00f3n, es de temer que, cuando comienzan a habituarse en el trato con las personas de rango, abusen de ello y pierdan el respeto que les deben, llegando incluso a ser insoportables; manejando el dinero podr\u00edan apropi\u00e1rselo y usarlo seg\u00fan su curiosidad&#8230;\u00bb. Luisa les aconseja no aceptar:<\/p>\n<p>\u00absi se quiere encargarles de la administraci\u00f3n de los bienes temporales de los pobres&#8230; y, tanto como puedan, se absten\u00addr\u00e1n de tomar dinero para distribuirlo a los pobres, por el con\u00adtrario, llevar\u00e1n a los bienhechores a distribuirlos ellos mismos\u00bb.<\/p>\n<h2><i>&#8230;En cuanto al tiempo<\/i><\/h2>\n<p>Para el bien del pobre est\u00e1 destinado el tiempo de una sierva de los pobres. Su obligaci\u00f3n le obliga a d\u00e1rselo comple\u00adtamente. La p\u00e9rdida de tiempo es falta de servicio porque:<\/p>\n<p>\u00abdeben trabajar no s\u00f3lo para ganar su vida, como sus due\u00f1os, sino tambi\u00e9n para ayudar a alimentarles\u00bb.<\/p>\n<p>Y Vicente a\u00f1ade: \u00abS\u00f3lo tienen derecho a vivir y a vestirse; el excedente pertenece al servicio de los pobres\u00bb.<\/p>\n<h2><i>Pobreza<\/i><\/h2>\n<p>Si era tan importante para san Vicente mantener a las hijas en el esp\u00edritu de servicio y en el esp\u00edritu de pobreza, tal inquietud era compartida por Luisa. Por su propia ex\u00adperiencia ella hab\u00eda comprendido que la pobreza sola puede aliviar la pobreza; tambi\u00e9n se afanaba en inculcarles el ver\u00addadero sentido de la caridad:<\/p>\n<p>\u00abLlevan la cualidad de siervas de los pobres, les dice, no ser\u00eda justo&#8230; que las siervas se convirtieran en m\u00e1s ricas que sus due\u00f1os\u00bb.<\/p>\n<p>Cuando se trata de una nueva fundaci\u00f3n insiste, \u00aben que se le elija un tipo de vivienda apropiada para j\u00f3venes pobres\u00bb. Las instrucciones que env\u00eda a un arquitecto se inspiran en el culto de la santa pobreza.<\/p>\n<p>\u00abSe\u00f1or, escribe, es absolutamente necesario que el edi\u00adlicio se acomode a la humildad de la lugare\u00f1a, que sea lo me\u00adnos distinguido que se pueda&#8230; Cuando piense en&#8230; lo necesario que es para la continuidad de la compa\u00f1\u00eda, el que parezca, en todas sus cosas, pobre y humilde, comprender\u00e1, se\u00f1or, que es la obra de Nuestro Se\u00f1or\u00bb.<\/p>\n<p>Para perpetuar este esp\u00edritu de pobreza en la comunidad le se\u00f1ala a san Vicente:<\/p>\n<p>\u00ab<i>la necesidad que hay de que las reglas obliguen siempre a <\/i><i>la vida pobre, sencilla y humilde, temiendo que adquieran un <\/i><i>tren de vida que requerir\u00eda gastos mayores&#8230; esto obligar\u00eda <\/i><i>a buscar medios de subsistencia que se amoldaran a este <\/i><i>tren\u00bb.<\/i><\/p>\n<p><i>La pobreza se convierte en condici\u00f3n previa para una <\/i><i>sierva de los pobres para que pueda unir el apostolado a la <\/i><i>caridad \u00absi conservan este esp\u00edritu, dir\u00e1 S. Vicente, la cari\u00ad<\/i><i>dad florecer\u00e1<\/i>\u00ab.<\/p>\n<p>Gracias al esp\u00edritu de pobreza y de sencillez cristiana que Luisa inculca a sus hijas, v\u00ednculos imprevistos y permanen\u00adtes se anudan entre la degradaci\u00f3n del vicio y la pureza de las \u00abbuenas campesinas, entre la pobreza y la condici\u00f3n so\u00adcial de las damas de la caridad; la uni\u00f3n de clases se hac\u00eda al lado de los pobres enfermos.<\/p>\n<p>Mujer de oraci\u00f3n y mujer de acci\u00f3n, Luisa entend\u00eda de almas y entend\u00eda de cosas. Guiada por un fino sentido psi\u00adcol\u00f3gico penetraba en la mentalidad de sus hijas, buenas, sinceras, fuertes, de buena voluntad, pero incultas en su ma\u00adyor\u00eda. \u00abSer\u00eda temeridad, les hizo comprender, emprender un asunto sin saber c\u00f3mo hace falta desenvolverse en \u00e9l para hacerlo bien\u00bb. Amar el servicio del pobre, est\u00e1 bien ; pero es preciso tambi\u00e9n saber.<\/p>\n<p>Una formaci\u00f3n profesional, rudimentaria al principio, m\u00e1s desarrollada despu\u00e9s se establece bajo su vigilancia. Comprende los conocimientos de una enfermera del si\u00adglo XVII, que no pueden apenas compararse con los diplomas actuales. Sangr\u00edas, lavativas y cataplasmas constitu\u00edan la pr\u00e1ctica ordinaria de la \u00e9poca. <i>\u00abSaignare, purgare et clys\u00ad<\/i><i>terium donare!\u00bb <\/i>escribe Moli\u00e9re, cuya s\u00e1tira en nada parece sobrepasar la realidad, seg\u00fan el doctor Gaudel que ve en ello \u00abel A.B.C. de la terap\u00e9utica oficial en el siglo XVII\u00bb.<\/p>\n<h2>Enfermera a domicilio<\/h2>\n<p>La correspondencia de Luisa, de la que extraemos los pasajes siguientes, reflejo fiel de la mentalidad m\u00e9dica de en\u00adtonces, la muestra capaz de ense\u00f1ar a otras.<\/p>\n<p><i>\u00abLe pido, hermana m\u00eda, escribe, que ense\u00f1e a sangrar a <\/i><i>nuestra hermana; pero sobre todo, <\/i>ens\u00e9\u00f1ele bien los peli\u00adgros de las arterias, nervios y <i>dem\u00e1s, y acu\u00e9rdese, si ocurriese <\/i><i>que usted cree haber <\/i>abierto una arteria, de sacar una gran cantidad de sangre y poner una moneda en la compresa para hacer la ligadura\u00bb.<\/p>\n<p>Una carta de 1658 precisa \u00abque el mejor tiempo para la sangr\u00eda\u00bb en las personas de edad, \u00abes el de luna llena; para la purga, el menguante, temiendo una gran evacuaci\u00f3n\u00bb.<\/p>\n<p>Como prescripci\u00f3n higi\u00e9nica contra la epidemia a la que estaban expuestas las hermanas que cuidaban a los soldados heridos en Calais, ordena que se \u00abhagan hervir algunas ra\u00edces de achicoria con un poco de agracejo; es un remedio muy r\u00e1pido pero fastidioso de beber si no va un poco acompa\u00f1ado del recuerdo del brebaje de Nues\u00adtro Se\u00f1or en la cruz\u00bb.<\/p>\n<p>A otra hermana, Luisa le aconseja \u00abno ir a ver a los en\u00adfermos sin haberse frotado antes la nariz con vinagre y ha\u00adberlo aplicado a sus sienes\u00bb.<\/p>\n<p>Entre sus observaciones a las hermanas que trabajaban en pueblos, citamos el pasaje siguiente:<\/p>\n<p>\u00abSe guardar\u00e1n de no sangrar ni purgar sin ir bien preve\u00adnidas contra los peligros que de ello les pueden sobrevenir, y para esto cuando son llamadas a ver a los enfermos, despu\u00e9s de la acogida que ellas les deben hacer, abord\u00e1ndolos con alegr\u00eda y buena voluntad, se informar\u00e1n del tiempo que hace que est\u00e1n enfermos, y comenzar\u00e1n sus curas con lavativas o sangr\u00edas si ellos encuentran repugnancia, y si las fiebres contin\u00faan, aumen\u00adtar\u00e1n a tres o cuatro veces, y cuando la fiebre se obstine, tomar\u00e1n el pie, luego volver\u00e1n a comenzar desde el brazo hasta que disminuya, y comenzar\u00e1n a purgarlos con tisana laxante cuando sea fiebre intermitente acompa\u00f1ada de escalofr\u00edos; se guardar\u00e1n de no dar ninguna medicina, mientras dure el esca\u00adlofr\u00edo o el sudor, a no ser un vaso de agua, en el que se halle diluido un grano de triaca, poco antes de que el escalofr\u00edo quiera volver a empezar\u00bb.<\/p>\n<p>El modo de empleo de los medicamentos enviados es minuciosamente explicado por Luisa para que tengan un efecto m\u00e1s seguro.<\/p>\n<p>\u00abCon el regaliz se hace tisana, del que os he enviado pe\u00adque\u00f1os trozos, precisa, para utilizarlo con m\u00e1s facilidad; pero tiene que ser nuevo y no cortar m\u00e1s que el que se use, ya que se pone negro\u00bb.<\/p>\n<p>Con respecto a una buena joven enferma, afirma que ya no habr\u00e1 peligro en \u00abhacerle usar agua, no de la m\u00e1s fuerte, en el caso de que su mal no sea de pulm\u00f3n; y creo&#8230; que medio vaso de este agua con el zumo de una naranja le har\u00e1 bien, en ayunas, mez\u00adclando un poco de az\u00facar, y por la tarde d\u00e1rselo como jarabe\u00bb.<\/p>\n<p>Recomienda los polvos de Cornachin como buenos so\u00adbre todo \u00abpara los ni\u00f1os y personas mayores y no hace emi\u00adtir humores, librando las aguas sin desecar demasiado\u00bb <sup>115<\/sup>. Hagamos notar su forma de empleo en la siguiente prescrip\u00adci\u00f3n, en la que se limita a \u00abveinticuatro granos&#8230; o dos on\u00adzas de sen, o un poco de <i>cristail <\/i>o de ruibarbo, y en esta infusi\u00f3n echar nuestro buen alm\u00edbar de melocot\u00f3n\u00bb.<\/p>\n<p>El cuidado a domicilio del enfermo por ser la obra prin\u00adcipal de la sierva de los pobres, su deber profesional, exige de ella los conocimientos de la \u00e9poca.<\/p>\n<p>Desgraciadamente, todas no eran capaces de aprender esto; testimonio esta carta de Luisa:<\/p>\n<p>\u00abNo creo que deba ense\u00f1ar a nuestra hermana, ni sufrir porque no aprenda a sangrar; es incapaz, y yo no quisiera ex\u00adponer a nadie a su prueba\u00bb.<\/p>\n<p>Hay otras en la misma circunstancia, por ejemplo, la hermana Carlota, \u00abuna pobre joven para el trabajo pero bastante buenaza; har\u00e1n falta varios a\u00f1os para hacerla ca\u00adpaz de servir a los pobres\u00bb. Adem\u00e1s Luisa se excusa por no tener \u00abuna persona apropiada\u00bb para enviarla a ayudar a una hermana sobrecargada y adem\u00e1s, por no tener mucho donde elegir para las fundaciones\u00bb.<\/p>\n<p>Hab\u00eda otras que no aprend\u00edan m\u00e1s que una parte de los conocimientos necesarios; \u00e9stas eran m\u00e1s bien causa de in\u00adconvenientes y provocaban en las damas grandes reprimen\u00addas por tener \u00abchicas que no saben servir ni hacer las compo\u00adsiciones ni las curas\u00bb.<\/p>\n<p>La instrucci\u00f3n te\u00f3rica tampoco se descuida; pero ninguna ense\u00f1anza en la formaci\u00f3n profesional de una sierva de los pobres vale lo que una visita a \u00e9stos. Es el m\u00e9todo adoptado desde el principio, a juzgar por el relato de Vicente.<\/p>\n<p>\u00abPor este tiempo, cuenta, las damas de la caridad de Saint\u00adSauveur, porque eran de rango, buscaban una chica que qui\u00adsiera llevarle el pote a los enfermos. A esta pobre chica, al ve\u00adnir a ver a la se\u00f1orita Le Gras, se le pregunt\u00f3 lo que sab\u00eda, de d\u00f3nde era, si quer\u00eda servir a los pobres. Acept\u00f3 gustosa. Vino, pues, a Saint-Sauveur. Se le ense\u00f1\u00f3 a administrar re\u00admedios y a hacer todos los servicios necesarios, y lo aprendi\u00f3 muy bien\u00bb.<\/p>\n","protected":false},"excerpt":{"rendered":"<p>Culto al pobre en el que Dios reside En la escuela de servicio de Luisa, el amor a los pobres es una ciencia primordial, ciencia reconocida como tal por los que han visto en ella, &#8230; <a href=\"https:\/\/vincentians.com\/es\/al-servicio-de-los-pobres-v\/\" class=\"more-link\">Read More<\/a><\/p>\n","protected":false},"author":4,"featured_media":404129,"comment_status":"open","ping_status":"open","sticky":false,"template":"","format":"standard","meta":{"jetpack_post_was_ever_published":false,"_jetpack_newsletter_access":"","_jetpack_dont_email_post_to_subs":false,"_jetpack_newsletter_tier_id":0,"_jetpack_memberships_contains_paywalled_content":false,"_jetpack_memberships_contains_paid_content":false,"footnotes":"","jetpack_publicize_message":"","jetpack_publicize_feature_enabled":true,"jetpack_social_post_already_shared":true,"jetpack_social_options":{"image_generator_settings":{"template":"highway","default_image_id":0,"font":"","enabled":false},"version":2}},"categories":[28],"tags":[172],"class_list":["post-126688","post","type-post","status-publish","format-standard","has-post-thumbnail","hentry","category-formacion-vicenciana","tag-pobreza"],"yoast_head":"<!-- This site is optimized with the Yoast SEO plugin v26.3 - https:\/\/yoast.com\/wordpress\/plugins\/seo\/ -->\n<title>Al servicio de los pobres (V) - Somos Vicencianos<\/title>\n<meta name=\"robots\" content=\"index, follow, max-snippet:-1, max-image-preview:large, max-video-preview:-1\" \/>\n<link rel=\"canonical\" href=\"https:\/\/vincentians.com\/es\/al-servicio-de-los-pobres-v\/\" \/>\n<meta property=\"og:locale\" content=\"es_ES\" \/>\n<meta property=\"og:type\" content=\"article\" \/>\n<meta property=\"og:title\" content=\"Al servicio de los pobres (V) - Somos Vicencianos\" \/>\n<meta property=\"og:description\" content=\"Culto al pobre en el que Dios reside En la escuela de servicio de Luisa, el amor a los pobres es una ciencia primordial, ciencia reconocida como tal por los que han visto en ella, ... Read More\" \/>\n<meta property=\"og:url\" content=\"https:\/\/vincentians.com\/es\/al-servicio-de-los-pobres-v\/\" \/>\n<meta property=\"og:site_name\" content=\"Somos Vicencianos\" \/>\n<meta property=\"article:publisher\" content=\"https:\/\/www.facebook.com\/WeAreVincentians\/\" \/>\n<meta property=\"article:author\" content=\"https:\/\/www.facebook.com\/JavierChento\" \/>\n<meta property=\"article:published_time\" content=\"2024-02-11T07:17:36+00:00\" \/>\n<meta property=\"og:image\" content=\"https:\/\/i0.wp.com\/vincentians.com\/es\/wp-content\/uploads\/sites\/11\/2013\/04\/n-1.jpg?fit=823%2C564&ssl=1\" \/>\n\t<meta property=\"og:image:width\" content=\"823\" \/>\n\t<meta property=\"og:image:height\" content=\"564\" \/>\n\t<meta property=\"og:image:type\" content=\"image\/jpeg\" \/>\n<meta name=\"author\" content=\"Francisco Javier Fern\u00e1ndez Chento\" \/>\n<meta name=\"twitter:card\" content=\"summary_large_image\" \/>\n<meta name=\"twitter:creator\" content=\"@https:\/\/twitter.com\/javierchento\" \/>\n<meta name=\"twitter:site\" content=\"@WeVincentians\" \/>\n<meta name=\"twitter:label1\" content=\"Escrito por\" \/>\n\t<meta name=\"twitter:data1\" content=\"Francisco Javier Fern\u00e1ndez Chento\" \/>\n\t<meta name=\"twitter:label2\" content=\"Tiempo de lectura\" \/>\n\t<meta name=\"twitter:data2\" content=\"9 minutos\" \/>\n<script type=\"application\/ld+json\" class=\"yoast-schema-graph\">{\"@context\":\"https:\/\/schema.org\",\"@graph\":[{\"@type\":\"Article\",\"@id\":\"https:\/\/vincentians.com\/es\/al-servicio-de-los-pobres-v\/#article\",\"isPartOf\":{\"@id\":\"https:\/\/vincentians.com\/es\/al-servicio-de-los-pobres-v\/\"},\"author\":{\"name\":\"Francisco Javier Fern\u00e1ndez Chento\",\"@id\":\"https:\/\/vincentians.com\/es\/#\/schema\/person\/9623ef4d9aa3b2dfb8c061f1499288f2\"},\"headline\":\"Al servicio de los pobres (V)\",\"datePublished\":\"2024-02-11T07:17:36+00:00\",\"mainEntityOfPage\":{\"@id\":\"https:\/\/vincentians.com\/es\/al-servicio-de-los-pobres-v\/\"},\"wordCount\":2152,\"commentCount\":0,\"publisher\":{\"@id\":\"https:\/\/vincentians.com\/es\/#organization\"},\"image\":{\"@id\":\"https:\/\/vincentians.com\/es\/al-servicio-de-los-pobres-v\/#primaryimage\"},\"thumbnailUrl\":\"https:\/\/i0.wp.com\/vincentians.com\/es\/wp-content\/uploads\/sites\/11\/2013\/04\/n-1.jpg?fit=823%2C564&ssl=1\",\"keywords\":[\"Pobreza\"],\"articleSection\":[\"Formaci\u00f3n Vicenciana\"],\"inLanguage\":\"es\",\"potentialAction\":[{\"@type\":\"CommentAction\",\"name\":\"Comment\",\"target\":[\"https:\/\/vincentians.com\/es\/al-servicio-de-los-pobres-v\/#respond\"]}]},{\"@type\":\"WebPage\",\"@id\":\"https:\/\/vincentians.com\/es\/al-servicio-de-los-pobres-v\/\",\"url\":\"https:\/\/vincentians.com\/es\/al-servicio-de-los-pobres-v\/\",\"name\":\"Al servicio de los pobres (V) - Somos Vicencianos\",\"isPartOf\":{\"@id\":\"https:\/\/vincentians.com\/es\/#website\"},\"primaryImageOfPage\":{\"@id\":\"https:\/\/vincentians.com\/es\/al-servicio-de-los-pobres-v\/#primaryimage\"},\"image\":{\"@id\":\"https:\/\/vincentians.com\/es\/al-servicio-de-los-pobres-v\/#primaryimage\"},\"thumbnailUrl\":\"https:\/\/i0.wp.com\/vincentians.com\/es\/wp-content\/uploads\/sites\/11\/2013\/04\/n-1.jpg?fit=823%2C564&ssl=1\",\"datePublished\":\"2024-02-11T07:17:36+00:00\",\"breadcrumb\":{\"@id\":\"https:\/\/vincentians.com\/es\/al-servicio-de-los-pobres-v\/#breadcrumb\"},\"inLanguage\":\"es\",\"potentialAction\":[{\"@type\":\"ReadAction\",\"target\":[\"https:\/\/vincentians.com\/es\/al-servicio-de-los-pobres-v\/\"]}]},{\"@type\":\"ImageObject\",\"inLanguage\":\"es\",\"@id\":\"https:\/\/vincentians.com\/es\/al-servicio-de-los-pobres-v\/#primaryimage\",\"url\":\"https:\/\/i0.wp.com\/vincentians.com\/es\/wp-content\/uploads\/sites\/11\/2013\/04\/n-1.jpg?fit=823%2C564&ssl=1\",\"contentUrl\":\"https:\/\/i0.wp.com\/vincentians.com\/es\/wp-content\/uploads\/sites\/11\/2013\/04\/n-1.jpg?fit=823%2C564&ssl=1\",\"width\":823,\"height\":564},{\"@type\":\"BreadcrumbList\",\"@id\":\"https:\/\/vincentians.com\/es\/al-servicio-de-los-pobres-v\/#breadcrumb\",\"itemListElement\":[{\"@type\":\"ListItem\",\"position\":1,\"name\":\"Portada\",\"item\":\"https:\/\/vincentians.com\/es\/\"},{\"@type\":\"ListItem\",\"position\":2,\"name\":\"Al servicio de los pobres (V)\"}]},{\"@type\":\"WebSite\",\"@id\":\"https:\/\/vincentians.com\/es\/#website\",\"url\":\"https:\/\/vincentians.com\/es\/\",\"name\":\"Somos Vicencianos\",\"description\":\"Know more to serve more\",\"publisher\":{\"@id\":\"https:\/\/vincentians.com\/es\/#organization\"},\"potentialAction\":[{\"@type\":\"SearchAction\",\"target\":{\"@type\":\"EntryPoint\",\"urlTemplate\":\"https:\/\/vincentians.com\/es\/?s={search_term_string}\"},\"query-input\":{\"@type\":\"PropertyValueSpecification\",\"valueRequired\":true,\"valueName\":\"search_term_string\"}}],\"inLanguage\":\"es\"},{\"@type\":\"Organization\",\"@id\":\"https:\/\/vincentians.com\/es\/#organization\",\"name\":\"The Vincentian Network\",\"url\":\"https:\/\/vincentians.com\/es\/\",\"logo\":{\"@type\":\"ImageObject\",\"inLanguage\":\"es\",\"@id\":\"https:\/\/vincentians.com\/es\/#\/schema\/logo\/image\/\",\"url\":\"https:\/\/i1.wp.com\/vincentians.com\/es\/wp-content\/uploads\/sites\/11\/2016\/06\/Vincentian-Network-logo-big.png?fit=778%2C778\",\"contentUrl\":\"https:\/\/i1.wp.com\/vincentians.com\/es\/wp-content\/uploads\/sites\/11\/2016\/06\/Vincentian-Network-logo-big.png?fit=778%2C778\",\"width\":778,\"height\":778,\"caption\":\"The Vincentian Network\"},\"image\":{\"@id\":\"https:\/\/vincentians.com\/es\/#\/schema\/logo\/image\/\"},\"sameAs\":[\"https:\/\/www.facebook.com\/WeAreVincentians\/\",\"https:\/\/x.com\/WeVincentians\"]},{\"@type\":\"Person\",\"@id\":\"https:\/\/vincentians.com\/es\/#\/schema\/person\/9623ef4d9aa3b2dfb8c061f1499288f2\",\"name\":\"Francisco Javier Fern\u00e1ndez Chento\",\"image\":{\"@type\":\"ImageObject\",\"inLanguage\":\"es\",\"@id\":\"https:\/\/vincentians.com\/es\/#\/schema\/person\/image\/\",\"url\":\"https:\/\/secure.gravatar.com\/avatar\/497d5cde87b4c3d097d0315953521681ba2cd523ee66e5077c3711f7021e65de?s=96&d=mm&r=g\",\"contentUrl\":\"https:\/\/secure.gravatar.com\/avatar\/497d5cde87b4c3d097d0315953521681ba2cd523ee66e5077c3711f7021e65de?s=96&d=mm&r=g\",\"caption\":\"Francisco Javier Fern\u00e1ndez Chento\"},\"description\":\"Director General y cofundador de La Red de Formaci\u00f3n Vicenciana. Javier es laico vicenciano, afiliado a la Congregaci\u00f3n de la Misi\u00f3n y miembro del Equipo de Misiones Populares de la provincia can\u00f3nica de Zaragoza (Espa\u00f1a) de la Congregaci\u00f3n de la Misi\u00f3n. Graduado en la Universidad Oberta de Catalunya con cuatro grados (Asistente de direcci\u00f3n, Gesti\u00f3n Administrativa, Recursos Humanos y Contabilidad Avanzada). Bil\u00edng\u00fce Espa\u00f1ol\/Ingl\u00e9s. gestiona y mantiene varias p\u00e1ginas web cristianas y vicencianas, incluida including La Red de Formaci\u00f3n Vicenciana, de la que es cofundador. Actualmente es responsable del \u00e1rea de Espa\u00f1ol de .famvin, la Red de Noticias de la Familia Vicenciana. Tambi\u00e9n es m\u00fasico cat\u00f3lico y ha editado varios discos. Es Director General y cofundador de Trovador, una reconocida compa\u00f1\u00eda discogr\u00e1fica critiana de Espa\u00f1a. Trabaja en las Tecnolog\u00edas de la Informaci\u00f3n, ofreciendo servicios de alojamiento, dise\u00f1o y mantenimiento Web, as\u00ed como asesoramiento, formaci\u00f3n y soluciones inform\u00e1ticas, gesti\u00f3n documental y digitalizaci\u00f3n de textos, edici\u00f3n y maquetaci\u00f3n de libros, revistas, flyers, etc.\",\"sameAs\":[\"http:\/\/chento.org\",\"https:\/\/www.facebook.com\/JavierChento\",\"https:\/\/x.com\/https:\/\/twitter.com\/javierchento\"],\"url\":\"https:\/\/vincentians.com\/es\/author\/chento\/\"}]}<\/script>\n<!-- \/ Yoast SEO plugin. -->","yoast_head_json":{"title":"Al servicio de los pobres (V) - Somos Vicencianos","robots":{"index":"index","follow":"follow","max-snippet":"max-snippet:-1","max-image-preview":"max-image-preview:large","max-video-preview":"max-video-preview:-1"},"canonical":"https:\/\/vincentians.com\/es\/al-servicio-de-los-pobres-v\/","og_locale":"es_ES","og_type":"article","og_title":"Al servicio de los pobres (V) - Somos Vicencianos","og_description":"Culto al pobre en el que Dios reside En la escuela de servicio de Luisa, el amor a los pobres es una ciencia primordial, ciencia reconocida como tal por los que han visto en ella, ... Read More","og_url":"https:\/\/vincentians.com\/es\/al-servicio-de-los-pobres-v\/","og_site_name":"Somos Vicencianos","article_publisher":"https:\/\/www.facebook.com\/WeAreVincentians\/","article_author":"https:\/\/www.facebook.com\/JavierChento","article_published_time":"2024-02-11T07:17:36+00:00","og_image":[{"width":823,"height":564,"url":"https:\/\/i0.wp.com\/vincentians.com\/es\/wp-content\/uploads\/sites\/11\/2013\/04\/n-1.jpg?fit=823%2C564&ssl=1","type":"image\/jpeg"}],"author":"Francisco Javier Fern\u00e1ndez Chento","twitter_card":"summary_large_image","twitter_creator":"@https:\/\/twitter.com\/javierchento","twitter_site":"@WeVincentians","twitter_misc":{"Escrito por":"Francisco Javier Fern\u00e1ndez Chento","Tiempo de lectura":"9 minutos"},"schema":{"@context":"https:\/\/schema.org","@graph":[{"@type":"Article","@id":"https:\/\/vincentians.com\/es\/al-servicio-de-los-pobres-v\/#article","isPartOf":{"@id":"https:\/\/vincentians.com\/es\/al-servicio-de-los-pobres-v\/"},"author":{"name":"Francisco Javier Fern\u00e1ndez Chento","@id":"https:\/\/vincentians.com\/es\/#\/schema\/person\/9623ef4d9aa3b2dfb8c061f1499288f2"},"headline":"Al servicio de los pobres (V)","datePublished":"2024-02-11T07:17:36+00:00","mainEntityOfPage":{"@id":"https:\/\/vincentians.com\/es\/al-servicio-de-los-pobres-v\/"},"wordCount":2152,"commentCount":0,"publisher":{"@id":"https:\/\/vincentians.com\/es\/#organization"},"image":{"@id":"https:\/\/vincentians.com\/es\/al-servicio-de-los-pobres-v\/#primaryimage"},"thumbnailUrl":"https:\/\/i0.wp.com\/vincentians.com\/es\/wp-content\/uploads\/sites\/11\/2013\/04\/n-1.jpg?fit=823%2C564&ssl=1","keywords":["Pobreza"],"articleSection":["Formaci\u00f3n Vicenciana"],"inLanguage":"es","potentialAction":[{"@type":"CommentAction","name":"Comment","target":["https:\/\/vincentians.com\/es\/al-servicio-de-los-pobres-v\/#respond"]}]},{"@type":"WebPage","@id":"https:\/\/vincentians.com\/es\/al-servicio-de-los-pobres-v\/","url":"https:\/\/vincentians.com\/es\/al-servicio-de-los-pobres-v\/","name":"Al servicio de los pobres (V) - Somos Vicencianos","isPartOf":{"@id":"https:\/\/vincentians.com\/es\/#website"},"primaryImageOfPage":{"@id":"https:\/\/vincentians.com\/es\/al-servicio-de-los-pobres-v\/#primaryimage"},"image":{"@id":"https:\/\/vincentians.com\/es\/al-servicio-de-los-pobres-v\/#primaryimage"},"thumbnailUrl":"https:\/\/i0.wp.com\/vincentians.com\/es\/wp-content\/uploads\/sites\/11\/2013\/04\/n-1.jpg?fit=823%2C564&ssl=1","datePublished":"2024-02-11T07:17:36+00:00","breadcrumb":{"@id":"https:\/\/vincentians.com\/es\/al-servicio-de-los-pobres-v\/#breadcrumb"},"inLanguage":"es","potentialAction":[{"@type":"ReadAction","target":["https:\/\/vincentians.com\/es\/al-servicio-de-los-pobres-v\/"]}]},{"@type":"ImageObject","inLanguage":"es","@id":"https:\/\/vincentians.com\/es\/al-servicio-de-los-pobres-v\/#primaryimage","url":"https:\/\/i0.wp.com\/vincentians.com\/es\/wp-content\/uploads\/sites\/11\/2013\/04\/n-1.jpg?fit=823%2C564&ssl=1","contentUrl":"https:\/\/i0.wp.com\/vincentians.com\/es\/wp-content\/uploads\/sites\/11\/2013\/04\/n-1.jpg?fit=823%2C564&ssl=1","width":823,"height":564},{"@type":"BreadcrumbList","@id":"https:\/\/vincentians.com\/es\/al-servicio-de-los-pobres-v\/#breadcrumb","itemListElement":[{"@type":"ListItem","position":1,"name":"Portada","item":"https:\/\/vincentians.com\/es\/"},{"@type":"ListItem","position":2,"name":"Al servicio de los pobres (V)"}]},{"@type":"WebSite","@id":"https:\/\/vincentians.com\/es\/#website","url":"https:\/\/vincentians.com\/es\/","name":"Somos Vicencianos","description":"Know more to serve more","publisher":{"@id":"https:\/\/vincentians.com\/es\/#organization"},"potentialAction":[{"@type":"SearchAction","target":{"@type":"EntryPoint","urlTemplate":"https:\/\/vincentians.com\/es\/?s={search_term_string}"},"query-input":{"@type":"PropertyValueSpecification","valueRequired":true,"valueName":"search_term_string"}}],"inLanguage":"es"},{"@type":"Organization","@id":"https:\/\/vincentians.com\/es\/#organization","name":"The Vincentian Network","url":"https:\/\/vincentians.com\/es\/","logo":{"@type":"ImageObject","inLanguage":"es","@id":"https:\/\/vincentians.com\/es\/#\/schema\/logo\/image\/","url":"https:\/\/i1.wp.com\/vincentians.com\/es\/wp-content\/uploads\/sites\/11\/2016\/06\/Vincentian-Network-logo-big.png?fit=778%2C778","contentUrl":"https:\/\/i1.wp.com\/vincentians.com\/es\/wp-content\/uploads\/sites\/11\/2016\/06\/Vincentian-Network-logo-big.png?fit=778%2C778","width":778,"height":778,"caption":"The Vincentian Network"},"image":{"@id":"https:\/\/vincentians.com\/es\/#\/schema\/logo\/image\/"},"sameAs":["https:\/\/www.facebook.com\/WeAreVincentians\/","https:\/\/x.com\/WeVincentians"]},{"@type":"Person","@id":"https:\/\/vincentians.com\/es\/#\/schema\/person\/9623ef4d9aa3b2dfb8c061f1499288f2","name":"Francisco Javier Fern\u00e1ndez Chento","image":{"@type":"ImageObject","inLanguage":"es","@id":"https:\/\/vincentians.com\/es\/#\/schema\/person\/image\/","url":"https:\/\/secure.gravatar.com\/avatar\/497d5cde87b4c3d097d0315953521681ba2cd523ee66e5077c3711f7021e65de?s=96&d=mm&r=g","contentUrl":"https:\/\/secure.gravatar.com\/avatar\/497d5cde87b4c3d097d0315953521681ba2cd523ee66e5077c3711f7021e65de?s=96&d=mm&r=g","caption":"Francisco Javier Fern\u00e1ndez Chento"},"description":"Director General y cofundador de La Red de Formaci\u00f3n Vicenciana. Javier es laico vicenciano, afiliado a la Congregaci\u00f3n de la Misi\u00f3n y miembro del Equipo de Misiones Populares de la provincia can\u00f3nica de Zaragoza (Espa\u00f1a) de la Congregaci\u00f3n de la Misi\u00f3n. Graduado en la Universidad Oberta de Catalunya con cuatro grados (Asistente de direcci\u00f3n, Gesti\u00f3n Administrativa, Recursos Humanos y Contabilidad Avanzada). Bil\u00edng\u00fce Espa\u00f1ol\/Ingl\u00e9s. gestiona y mantiene varias p\u00e1ginas web cristianas y vicencianas, incluida including La Red de Formaci\u00f3n Vicenciana, de la que es cofundador. Actualmente es responsable del \u00e1rea de Espa\u00f1ol de .famvin, la Red de Noticias de la Familia Vicenciana. Tambi\u00e9n es m\u00fasico cat\u00f3lico y ha editado varios discos. Es Director General y cofundador de Trovador, una reconocida compa\u00f1\u00eda discogr\u00e1fica critiana de Espa\u00f1a. Trabaja en las Tecnolog\u00edas de la Informaci\u00f3n, ofreciendo servicios de alojamiento, dise\u00f1o y mantenimiento Web, as\u00ed como asesoramiento, formaci\u00f3n y soluciones inform\u00e1ticas, gesti\u00f3n documental y digitalizaci\u00f3n de textos, edici\u00f3n y maquetaci\u00f3n de libros, revistas, flyers, etc.","sameAs":["http:\/\/chento.org","https:\/\/www.facebook.com\/JavierChento","https:\/\/x.com\/https:\/\/twitter.com\/javierchento"],"url":"https:\/\/vincentians.com\/es\/author\/chento\/"}]}},"jetpack_publicize_connections":[],"jetpack_featured_media_url":"https:\/\/i0.wp.com\/vincentians.com\/es\/wp-content\/uploads\/sites\/11\/2013\/04\/n-1.jpg?fit=823%2C564&ssl=1","jetpack_sharing_enabled":true,"jetpack_shortlink":"https:\/\/wp.me\/p7ETMF-wXm","jetpack-related-posts":[{"id":113505,"url":"https:\/\/vincentians.com\/es\/exigencias-sociales-de-la-participacion-y-adoracion-de-la-eucaristia\/","url_meta":{"origin":126688,"position":0},"title":"Exigencias sociales de la participaci\u00f3n y adoraci\u00f3n de la Eucarist\u00eda","author":"Francisco Javier Fern\u00e1ndez Chento","date":"05\/02\/2025","format":false,"excerpt":"Introducci\u00f3n Comienzo por solicitar su benevolencia y excusa por haber acep\u00adtado ocuparme de este tema digno de ser tratado por personas m\u00e1s competentes. Quiz\u00e1 me llev\u00f3 a ello, inconscientemente, mi condici\u00f3n de Hija de la Caridad, sierva de los pobres, testigo directo de la inmensa miseria e injusticia de que\u2026","rel":"","context":"En \u00abFormaci\u00f3n Vicenciana\u00bb","block_context":{"text":"Formaci\u00f3n Vicenciana","link":"https:\/\/vincentians.com\/es\/category\/formacion-vicenciana\/"},"img":{"alt_text":"","src":"https:\/\/i0.wp.com\/vincentians.com\/es\/wp-content\/uploads\/sites\/11\/2023\/08\/aa.jpg?fit=848%2C565&ssl=1&resize=350%2C200","width":350,"height":200,"srcset":"https:\/\/i0.wp.com\/vincentians.com\/es\/wp-content\/uploads\/sites\/11\/2023\/08\/aa.jpg?fit=848%2C565&ssl=1&resize=350%2C200 1x, https:\/\/i0.wp.com\/vincentians.com\/es\/wp-content\/uploads\/sites\/11\/2023\/08\/aa.jpg?fit=848%2C565&ssl=1&resize=525%2C300 1.5x, https:\/\/i0.wp.com\/vincentians.com\/es\/wp-content\/uploads\/sites\/11\/2023\/08\/aa.jpg?fit=848%2C565&ssl=1&resize=700%2C400 2x"},"classes":[]},{"id":116700,"url":"https:\/\/vincentians.com\/es\/caridad-en-san-vicente-de-paul\/","url_meta":{"origin":126688,"position":1},"title":"Caridad en San Vicente de Pa\u00fal","author":"Francisco Javier Fern\u00e1ndez Chento","date":"26\/10\/2018","format":false,"excerpt":"Introducci\u00f3n Hablar de la caridad en Vicente de Pa\u00fal en esta semana de Estudios Vicencianos significa hacer una \"relectura\" de la misma. Esta relectura implica no una simple exposici\u00f3n de lo que dijo e hizo Vicente de Pa\u00fal referente a la caridad, sino un volver a leer su ense\u00f1anza y\u2026","rel":"","context":"En \u00abFormaci\u00f3n Vicenciana\u00bb","block_context":{"text":"Formaci\u00f3n Vicenciana","link":"https:\/\/vincentians.com\/es\/category\/formacion-vicenciana\/"},"img":{"alt_text":"","src":"https:\/\/i0.wp.com\/vincentians.com\/es\/wp-content\/uploads\/sites\/11\/2017\/07\/San-Vicente-7.jpg?fit=600%2C416&ssl=1&resize=350%2C200","width":350,"height":200,"srcset":"https:\/\/i0.wp.com\/vincentians.com\/es\/wp-content\/uploads\/sites\/11\/2017\/07\/San-Vicente-7.jpg?fit=600%2C416&ssl=1&resize=350%2C200 1x, https:\/\/i0.wp.com\/vincentians.com\/es\/wp-content\/uploads\/sites\/11\/2017\/07\/San-Vicente-7.jpg?fit=600%2C416&ssl=1&resize=525%2C300 1.5x"},"classes":[]},{"id":130518,"url":"https:\/\/vincentians.com\/es\/santa-luisa-al-servicio-de-los-pobres-iii\/","url_meta":{"origin":126688,"position":2},"title":"Santa Luisa: al servicio de los pobres (III)","author":"Francisco Javier Fern\u00e1ndez Chento","date":"20\/05\/2014","format":false,"excerpt":"Las restantes religiosas... estaban todas enclaustradas A comienzos del siglo xvii, se hicieron en Francia seis o siete fundaciones de Ursulinas. Pero las \"seglares\" de Angela Medici, despu\u00e9s de haber sido las \"congregadas\" de san Carlos Borromeo, se convirtieron en Par\u00eds, desde 1612, en monjas en el pleno sentido de\u2026","rel":"","context":"En \u00abLuisa de Marillac\u00bb","block_context":{"text":"Luisa de Marillac","link":"https:\/\/vincentians.com\/es\/category\/la-familia-vicenciana\/fundadores\/luisa-de-marillac\/"},"img":{"alt_text":"luisa","src":"https:\/\/i0.wp.com\/vicencianos.org\/wp-content\/2014\/05\/luisa.jpg?resize=350%2C200","width":350,"height":200},"classes":[]},{"id":127306,"url":"https:\/\/vincentians.com\/es\/la-prioridad-de-los-pobres-en-el-nuevo-testamento-principio-de-otro-mundo-posible-i-pablo-y-marcos\/","url_meta":{"origin":126688,"position":3},"title":"La prioridad de los pobres en el Nuevo Testamento, principio de otro mundo posible I: Pablo y Marcos","author":"Francisco Javier Fern\u00e1ndez Chento","date":"25\/06\/2024","format":false,"excerpt":"1. La opci\u00f3n por los pobres en el contexto de la gran crisis La gran crisis del momento presente no es una crisis eco\u00adn\u00f3mica sino una crisis de hegemon\u00eda de ideas. La crisis fatal que estamos sufriendo, principalmente en Europa en estos momentos, deriva de los coletazos letales que propicia\u2026","rel":"","context":"En \u00abFormaci\u00f3n Cristiana\u00bb","block_context":{"text":"Formaci\u00f3n Cristiana","link":"https:\/\/vincentians.com\/es\/category\/formacion-cristiana\/"},"img":{"alt_text":"","src":"https:\/\/i0.wp.com\/vincentians.com\/es\/wp-content\/uploads\/sites\/11\/2015\/04\/tres-descubrimientos-de-Vicente-de-Paul.jpg?fit=1200%2C630&ssl=1&resize=350%2C200","width":350,"height":200,"srcset":"https:\/\/i0.wp.com\/vincentians.com\/es\/wp-content\/uploads\/sites\/11\/2015\/04\/tres-descubrimientos-de-Vicente-de-Paul.jpg?fit=1200%2C630&ssl=1&resize=350%2C200 1x, https:\/\/i0.wp.com\/vincentians.com\/es\/wp-content\/uploads\/sites\/11\/2015\/04\/tres-descubrimientos-de-Vicente-de-Paul.jpg?fit=1200%2C630&ssl=1&resize=525%2C300 1.5x, https:\/\/i0.wp.com\/vincentians.com\/es\/wp-content\/uploads\/sites\/11\/2015\/04\/tres-descubrimientos-de-Vicente-de-Paul.jpg?fit=1200%2C630&ssl=1&resize=700%2C400 2x, https:\/\/i0.wp.com\/vincentians.com\/es\/wp-content\/uploads\/sites\/11\/2015\/04\/tres-descubrimientos-de-Vicente-de-Paul.jpg?fit=1200%2C630&ssl=1&resize=1050%2C600 3x"},"classes":[]},{"id":120714,"url":"https:\/\/vincentians.com\/es\/una-caridad-imaginativa-compromiso-de-todo-vicenciano\/","url_meta":{"origin":126688,"position":4},"title":"Una caridad imaginativa, compromiso de todo vicenciano","author":"Francisco Javier Fern\u00e1ndez Chento","date":"20\/03\/2015","format":false,"excerpt":"1. Introducci\u00f3n Para desarrollar este tema habr\u00eda que tener al menos dos cosas: mucha caridad y algo de imaginaci\u00f3n. Caridad: se supo\u00adne, m\u00e1s en un ambiente vicenciano, uno de los m\u00e1s grandes tes\u00adtigos de la caridad cristiana. Pero siempre que hablamos de la caridad hemos de hacerlo con cierto temor\u2026","rel":"","context":"En \u00abEspiritualidad vicenciana\u00bb","block_context":{"text":"Espiritualidad vicenciana","link":"https:\/\/vincentians.com\/es\/category\/espiritualidad\/espiritualidad-vicenciana\/"},"img":{"alt_text":"caridad3","src":"https:\/\/i0.wp.com\/vicencianos.org\/wp-content\/2012\/06\/caridad3-234x300.jpg?resize=350%2C200","width":350,"height":200},"classes":[]},{"id":387706,"url":"https:\/\/vincentians.com\/es\/el-amor-de-jesus-para-con-su-padre-y-con-los-hombres\/","url_meta":{"origin":126688,"position":5},"title":"El amor de Jes\u00fas para con su Padre y con los hombres","author":"Mitxel Olabu\u00e9naga","date":"28\/08\/2016","format":false,"excerpt":"Tornamos de nuevo a Jes\u00fas de Nazaret, centro, raz\u00f3n y vida de los cristianos. Las explicaciones sobre el esp\u00edritu de Jes\u00fas proceden de la visi\u00f3n particular que tiene Vicente de Pa\u00fal de Cristo, el Mes\u00edas, del enviado para evangelizar a los pobres, del Hijo que guarda relaciones profundamente filiales con\u2026","rel":"","context":"En \u00abEspiritualidad\u00bb","block_context":{"text":"Espiritualidad","link":"https:\/\/vincentians.com\/es\/category\/espiritualidad\/"},"img":{"alt_text":"","src":"https:\/\/i0.wp.com\/vincentians.com\/es\/wp-content\/uploads\/sites\/11\/2016\/08\/jesus-ora.jpg?fit=1200%2C630&ssl=1&resize=350%2C200","width":350,"height":200,"srcset":"https:\/\/i0.wp.com\/vincentians.com\/es\/wp-content\/uploads\/sites\/11\/2016\/08\/jesus-ora.jpg?fit=1200%2C630&ssl=1&resize=350%2C200 1x, https:\/\/i0.wp.com\/vincentians.com\/es\/wp-content\/uploads\/sites\/11\/2016\/08\/jesus-ora.jpg?fit=1200%2C630&ssl=1&resize=525%2C300 1.5x, https:\/\/i0.wp.com\/vincentians.com\/es\/wp-content\/uploads\/sites\/11\/2016\/08\/jesus-ora.jpg?fit=1200%2C630&ssl=1&resize=700%2C400 2x, https:\/\/i0.wp.com\/vincentians.com\/es\/wp-content\/uploads\/sites\/11\/2016\/08\/jesus-ora.jpg?fit=1200%2C630&ssl=1&resize=1050%2C600 3x"},"classes":[]}],"_links":{"self":[{"href":"https:\/\/vincentians.com\/es\/wp-json\/wp\/v2\/posts\/126688","targetHints":{"allow":["GET"]}}],"collection":[{"href":"https:\/\/vincentians.com\/es\/wp-json\/wp\/v2\/posts"}],"about":[{"href":"https:\/\/vincentians.com\/es\/wp-json\/wp\/v2\/types\/post"}],"author":[{"embeddable":true,"href":"https:\/\/vincentians.com\/es\/wp-json\/wp\/v2\/users\/4"}],"replies":[{"embeddable":true,"href":"https:\/\/vincentians.com\/es\/wp-json\/wp\/v2\/comments?post=126688"}],"version-history":[{"count":1,"href":"https:\/\/vincentians.com\/es\/wp-json\/wp\/v2\/posts\/126688\/revisions"}],"predecessor-version":[{"id":405337,"href":"https:\/\/vincentians.com\/es\/wp-json\/wp\/v2\/posts\/126688\/revisions\/405337"}],"wp:featuredmedia":[{"embeddable":true,"href":"https:\/\/vincentians.com\/es\/wp-json\/wp\/v2\/media\/404129"}],"wp:attachment":[{"href":"https:\/\/vincentians.com\/es\/wp-json\/wp\/v2\/media?parent=126688"}],"wp:term":[{"taxonomy":"category","embeddable":true,"href":"https:\/\/vincentians.com\/es\/wp-json\/wp\/v2\/categories?post=126688"},{"taxonomy":"post_tag","embeddable":true,"href":"https:\/\/vincentians.com\/es\/wp-json\/wp\/v2\/tags?post=126688"}],"curies":[{"name":"wp","href":"https:\/\/api.w.org\/{rel}","templated":true}]}}